{"id":908264,"date":"2016-09-17T22:23:23","date_gmt":"2016-09-17T21:23:23","guid":{"rendered":"http:\/\/www.eldigitaldeasturias.com\/noticias\/?p=908264"},"modified":"2016-09-17T22:23:23","modified_gmt":"2016-09-17T21:23:23","slug":"david-chipperfield-remodelara-el-antiguo-templo-artistico-haus-der-kunst","status":"publish","type":"post","link":"https:\/\/www.eldigitaldeasturias.com\/noticias\/david-chipperfield-remodelara-el-antiguo-templo-artistico-haus-der-kunst\/","title":{"rendered":"David Chipperfield remodelar\u00e1 el antiguo templo art\u00edstico \u00abHaus der Kunst\u00bb"},"content":{"rendered":"<p>M\u00fanich, 17 sep (dpa) &#8211; El arquitecto estrella brit\u00e1nico David Chipperfield remodelar\u00e1 el antiguo templo art\u00edstico del nazismo \u00abHaus der Kunst\u00bb (\u00abCasa del Arte\u00bb) en M\u00fanich.<\/p>\n<p>\u00abEn estos momentos, la casa est\u00e1 oculta detr\u00e1s de una cortina verde de \u00e1rboles y arbustos\u00bb, dijo Chipperfield en una charla ofrecida el viernes por la noche en M\u00fanich. El antiguo museo fue creado por el r\u00e9gimen nacionalsocialista para albergar el arte que consideraban est\u00e9tico.<\/p>\n<p>\u00abHabr\u00eda que devolver este edificio a la ciudad. Ya no representa una amenaza\u00bb, argument\u00f3 Chipperfield, quien estuvo a cargo de la espectacular remodelaci\u00f3n del Neues Museum en Berl\u00edn.<\/p>\n<p>El edificio dise\u00f1ado por el arquitecto Paul Ludwig Troost e inaugurado en 1937 por el propio dictador Adolf Hitler ser\u00e1 restaurado con una inversi\u00f3n de 60 millones de euros (67 millones de d\u00f3lares).<\/p>\n<p>La \u00abHaus der Kunst\u00bb goza de protecci\u00f3n por ser declarada monumento y no puede ser sometida a grandes modificaciones. Chipperfield quiere hacerla m\u00e1s transparente y darle m\u00e1s presencia exterior a trav\u00e9s de muchos detalles.<\/p>\n<p>En la parte posterior, que da al famoso parque Englischer Garten, ser\u00e1 instalada una zona de recreaci\u00f3n, mientras que el ala occidental ser\u00e1 habilitada para conferencias y eventos.<\/p>\n<p>Chipperfield dijo que las salas del museo son perfectas para exposiciones y lament\u00f3 que fueran utilizadas como \u00abcampo de batalla cultural\u00bb durante el nazismo.<\/p>\n<p>El arquitecto brit\u00e1nico firm\u00f3 en Alemania el plan para renovar la llamada \u00abIsla de los Museos\u00bb en Berl\u00edn y fue autor entre otros del Museo Folkwag en Essen, en el oeste del pa\u00eds, y del Museo de Literatura en Marbach, cerca de Fr\u00e1ncfort.<\/p>\n<p>&nbsp;<\/p>\n","protected":false},"excerpt":{"rendered":"<p>M\u00fanich, 17 sep (dpa) &#8211; El arquitecto estrella brit\u00e1nico David Chipperfield remodelar\u00e1 el antiguo templo art\u00edstico del nazismo \u00abHaus der Kunst\u00bb (\u00abCasa del Arte\u00bb) en M\u00fanich. \u00abEn estos momentos, la casa est\u00e1 oculta detr\u00e1s de una cortina verde de \u00e1rboles y arbustos\u00bb, dijo Chipperfield en una charla ofrecida el viernes por la noche en M\u00fanich. [&hellip;]<\/p>\n","protected":false},"author":1,"featured_media":886231,"comment_status":"closed","ping_status":"closed","sticky":false,"template":"","format":"standard","meta":{"footnotes":""},"categories":[1],"tags":[],"class_list":["post-908264","post","type-post","status-publish","format-standard","has-post-thumbnail","hentry","category-actualidad"],"aioseo_notices":[],"aioseo_head":"\n\t\t<!-- All in One SEO Pro 4.9.6.2 - aioseo.com -->\n\t<meta name=\"description\" content=\"M\u00fanich, 17 sep (dpa) - El arquitecto estrella brit\u00e1nico David Chipperfield remodelar\u00e1 el antiguo templo art\u00edstico del nazismo &quot;Haus der Kunst&quot; (&quot;Casa del Arte&quot;) en M\u00fanich. &quot;En estos momentos, la casa est\u00e1 oculta detr\u00e1s de una cortina verde de \u00e1rboles y arbustos&quot;, dijo Chipperfield en una charla ofrecida el viernes por la noche en M\u00fanich.\" \/>\n\t<meta name=\"robots\" content=\"max-image-preview:large\" \/>\n\t<meta name=\"author\" content=\"El Digital de Asturias\"\/>\n\t<meta name=\"google-site-verification\" content=\"UA-38556648-1\" \/>\n\t<meta name=\"msvalidate.01\" content=\"7dfe9f3f1b24437ab69f4f2559babe99\" \/>\n\t<meta name=\"keywords\" content=\"actualidad\" \/>\n\t<link rel=\"canonical\" href=\"https:\/\/www.eldigitaldeasturias.com\/noticias\/david-chipperfield-remodelara-el-antiguo-templo-artistico-haus-der-kunst\/\" \/>\n\t<meta name=\"generator\" content=\"All in One SEO Pro (AIOSEO) 4.9.6.2\" \/>\n\t\t<meta property=\"og:locale\" content=\"es_ES\" \/>\n\t\t<meta property=\"og:site_name\" content=\"El Digital de Asturias\" \/>\n\t\t<meta property=\"og:type\" content=\"article\" \/>\n\t\t<meta property=\"og:title\" content=\"David Chipperfield remodelar\u00e1 el antiguo templo art\u00edstico \u00abHaus der Kunst\u00bb - El Digital de Asturias\" \/>\n\t\t<meta property=\"og:description\" content=\"M\u00fanich, 17 sep (dpa) - El arquitecto estrella brit\u00e1nico David Chipperfield remodelar\u00e1 el antiguo templo art\u00edstico del nazismo &quot;Haus der Kunst&quot; (&quot;Casa del Arte&quot;) en M\u00fanich. &quot;En estos momentos, la casa est\u00e1 oculta detr\u00e1s de una cortina verde de \u00e1rboles y arbustos&quot;, dijo Chipperfield en una charla ofrecida el viernes por la noche en M\u00fanich.\" \/>\n\t\t<meta property=\"og:url\" content=\"https:\/\/www.eldigitaldeasturias.com\/noticias\/david-chipperfield-remodelara-el-antiguo-templo-artistico-haus-der-kunst\/\" \/>\n\t\t<meta property=\"og:image\" content=\"https:\/\/www.eldigitaldeasturias.com\/noticias\/wp-content\/uploads\/2016\/05\/internet1-655x360.jpg\" \/>\n\t\t<meta property=\"og:image:secure_url\" content=\"https:\/\/www.eldigitaldeasturias.com\/noticias\/wp-content\/uploads\/2016\/05\/internet1-655x360.jpg\" \/>\n\t\t<meta property=\"og:image:width\" content=\"655\" \/>\n\t\t<meta property=\"og:image:height\" content=\"360\" \/>\n\t\t<meta property=\"article:tag\" content=\"actualidad\" \/>\n\t\t<meta property=\"article:published_time\" content=\"2016-09-17T21:23:23+00:00\" \/>\n\t\t<meta property=\"article:modified_time\" content=\"2016-09-17T21:23:23+00:00\" \/>\n\t\t<meta property=\"article:publisher\" content=\"https:\/\/facebook.com\/eldigitaldeasturias\" \/>\n\t\t<meta name=\"twitter:card\" content=\"summary_large_image\" \/>\n\t\t<meta name=\"twitter:title\" content=\"David Chipperfield remodelar\u00e1 el antiguo templo art\u00edstico \u00abHaus der Kunst\u00bb - El Digital de Asturias\" \/>\n\t\t<meta name=\"twitter:description\" content=\"M\u00fanich, 17 sep (dpa) - El arquitecto estrella brit\u00e1nico David Chipperfield remodelar\u00e1 el antiguo templo art\u00edstico del nazismo &quot;Haus der Kunst&quot; (&quot;Casa del Arte&quot;) en M\u00fanich. &quot;En estos momentos, la casa est\u00e1 oculta detr\u00e1s de una cortina verde de \u00e1rboles y arbustos&quot;, dijo Chipperfield en una charla ofrecida el viernes por la noche en M\u00fanich.\" \/>\n\t\t<meta name=\"twitter:image\" content=\"https:\/\/www.eldigitaldeasturias.com\/noticias\/wp-content\/uploads\/2016\/05\/internet1-655x360.jpg\" \/>\n\t\t<meta name=\"twitter:label1\" content=\"Escrito por\" \/>\n\t\t<meta name=\"twitter:data1\" content=\"El Digital de Asturias\" \/>\n\t\t<meta name=\"twitter:label2\" content=\"Tiempo de lectura estimado\" \/>\n\t\t<meta name=\"twitter:data2\" content=\"1 minuto\" \/>\n\t\t<script type=\"application\/ld+json\" class=\"aioseo-schema\">\n\t\t\t{\"@context\":\"https:\\\/\\\/schema.org\",\"@graph\":[{\"@type\":\"BlogPosting\",\"@id\":\"https:\\\/\\\/www.eldigitaldeasturias.com\\\/noticias\\\/david-chipperfield-remodelara-el-antiguo-templo-artistico-haus-der-kunst\\\/#blogposting\",\"name\":\"David Chipperfield remodelar\\u00e1 el antiguo templo art\\u00edstico \\u00abHaus der Kunst\\u00bb - El Digital de Asturias\",\"headline\":\"David Chipperfield remodelar\\u00e1 el antiguo templo art\\u00edstico \\u00abHaus der Kunst\\u00bb\",\"author\":{\"@id\":\"https:\\\/\\\/www.eldigitaldeasturias.com\\\/noticias\\\/author\\\/admin\\\/#author\"},\"publisher\":{\"@id\":\"https:\\\/\\\/www.eldigitaldeasturias.com\\\/noticias\\\/#organization\"},\"image\":{\"@type\":\"ImageObject\",\"url\":\"https:\\\/\\\/www.eldigitaldeasturias.com\\\/noticias\\\/wp-content\\\/uploads\\\/2016\\\/05\\\/internet1-655x360.jpg\",\"width\":655,\"height\":360},\"datePublished\":\"2016-09-17T22:23:23+02:00\",\"dateModified\":\"2016-09-17T22:23:23+02:00\",\"inLanguage\":\"es-ES\",\"mainEntityOfPage\":{\"@id\":\"https:\\\/\\\/www.eldigitaldeasturias.com\\\/noticias\\\/david-chipperfield-remodelara-el-antiguo-templo-artistico-haus-der-kunst\\\/#webpage\"},\"isPartOf\":{\"@id\":\"https:\\\/\\\/www.eldigitaldeasturias.com\\\/noticias\\\/david-chipperfield-remodelara-el-antiguo-templo-artistico-haus-der-kunst\\\/#webpage\"},\"articleSection\":\"Actualidad\"},{\"@type\":\"BreadcrumbList\",\"@id\":\"https:\\\/\\\/www.eldigitaldeasturias.com\\\/noticias\\\/david-chipperfield-remodelara-el-antiguo-templo-artistico-haus-der-kunst\\\/#breadcrumblist\",\"itemListElement\":[{\"@type\":\"ListItem\",\"@id\":\"https:\\\/\\\/www.eldigitaldeasturias.com\\\/noticias#listItem\",\"position\":1,\"name\":\"Home\",\"item\":\"https:\\\/\\\/www.eldigitaldeasturias.com\\\/noticias\",\"nextItem\":{\"@type\":\"ListItem\",\"@id\":\"https:\\\/\\\/www.eldigitaldeasturias.com\\\/noticias\\\/category\\\/actualidad\\\/#listItem\",\"name\":\"Actualidad\"}},{\"@type\":\"ListItem\",\"@id\":\"https:\\\/\\\/www.eldigitaldeasturias.com\\\/noticias\\\/category\\\/actualidad\\\/#listItem\",\"position\":2,\"name\":\"Actualidad\",\"item\":\"https:\\\/\\\/www.eldigitaldeasturias.com\\\/noticias\\\/category\\\/actualidad\\\/\",\"nextItem\":{\"@type\":\"ListItem\",\"@id\":\"https:\\\/\\\/www.eldigitaldeasturias.com\\\/noticias\\\/david-chipperfield-remodelara-el-antiguo-templo-artistico-haus-der-kunst\\\/#listItem\",\"name\":\"David Chipperfield remodelar\\u00e1 el antiguo templo art\\u00edstico \\u00abHaus der Kunst\\u00bb\"},\"previousItem\":{\"@type\":\"ListItem\",\"@id\":\"https:\\\/\\\/www.eldigitaldeasturias.com\\\/noticias#listItem\",\"name\":\"Home\"}},{\"@type\":\"ListItem\",\"@id\":\"https:\\\/\\\/www.eldigitaldeasturias.com\\\/noticias\\\/david-chipperfield-remodelara-el-antiguo-templo-artistico-haus-der-kunst\\\/#listItem\",\"position\":3,\"name\":\"David Chipperfield remodelar\\u00e1 el antiguo templo art\\u00edstico \\u00abHaus der Kunst\\u00bb\",\"previousItem\":{\"@type\":\"ListItem\",\"@id\":\"https:\\\/\\\/www.eldigitaldeasturias.com\\\/noticias\\\/category\\\/actualidad\\\/#listItem\",\"name\":\"Actualidad\"}}]},{\"@type\":\"Organization\",\"@id\":\"https:\\\/\\\/www.eldigitaldeasturias.com\\\/noticias\\\/#organization\",\"name\":\"El Digital de Asturias\",\"description\":\"Hemeroteca\",\"url\":\"https:\\\/\\\/www.eldigitaldeasturias.com\\\/noticias\\\/\",\"email\":\"info@eldigitaldeasturias.com\",\"telephone\":\"+34652131393\",\"logo\":{\"@type\":\"ImageObject\",\"url\":\"https:\\\/\\\/www.eldigitaldeasturias.com\\\/noticias\\\/wp-content\\\/uploads\\\/2020\\\/12\\\/EDA.jpg\",\"@id\":\"https:\\\/\\\/www.eldigitaldeasturias.com\\\/noticias\\\/david-chipperfield-remodelara-el-antiguo-templo-artistico-haus-der-kunst\\\/#organizationLogo\",\"width\":649,\"height\":297},\"image\":{\"@id\":\"https:\\\/\\\/www.eldigitaldeasturias.com\\\/noticias\\\/david-chipperfield-remodelara-el-antiguo-templo-artistico-haus-der-kunst\\\/#organizationLogo\"},\"sameAs\":[\"https:\\\/\\\/facebook.com\\\/eldigitaldeasturias\",\"https:\\\/\\\/www.youtube.com\\\/channel\\\/UCZP-2wLEB9Rv6erhFmqVnvg\"],\"address\":{\"@id\":\"https:\\\/\\\/www.eldigitaldeasturias.com\\\/noticias\\\/#postaladdress\",\"@type\":\"PostalAddress\",\"streetAddress\":\"san antonio 4,\",\"postalCode\":\"33430\",\"addressLocality\":\"Cand\\u00e1s\",\"addressRegion\":\"Asturias\",\"addressCountry\":\"ES\"}},{\"@type\":\"Person\",\"@id\":\"https:\\\/\\\/www.eldigitaldeasturias.com\\\/noticias\\\/author\\\/admin\\\/#author\",\"url\":\"https:\\\/\\\/www.eldigitaldeasturias.com\\\/noticias\\\/author\\\/admin\\\/\",\"name\":\"El Digital de Asturias\",\"image\":{\"@type\":\"ImageObject\",\"@id\":\"https:\\\/\\\/www.eldigitaldeasturias.com\\\/noticias\\\/david-chipperfield-remodelara-el-antiguo-templo-artistico-haus-der-kunst\\\/#authorImage\",\"url\":\"https:\\\/\\\/www.eldigitaldeasturias.com\\\/noticias\\\/wp-content\\\/litespeed\\\/avatar\\\/18677e78aa0546b92d9dbf31ec7d7668.jpg?ver=1777290358\",\"width\":96,\"height\":96,\"caption\":\"El Digital de Asturias\"}},{\"@type\":\"WebPage\",\"@id\":\"https:\\\/\\\/www.eldigitaldeasturias.com\\\/noticias\\\/david-chipperfield-remodelara-el-antiguo-templo-artistico-haus-der-kunst\\\/#webpage\",\"url\":\"https:\\\/\\\/www.eldigitaldeasturias.com\\\/noticias\\\/david-chipperfield-remodelara-el-antiguo-templo-artistico-haus-der-kunst\\\/\",\"name\":\"David Chipperfield remodelar\\u00e1 el antiguo templo art\\u00edstico \\u00abHaus der Kunst\\u00bb - El Digital de Asturias\",\"description\":\"M\\u00fanich, 17 sep (dpa) - El arquitecto estrella brit\\u00e1nico David Chipperfield remodelar\\u00e1 el antiguo templo art\\u00edstico del nazismo \\\"Haus der Kunst\\\" (\\\"Casa del Arte\\\") en M\\u00fanich. \\\"En estos momentos, la casa est\\u00e1 oculta detr\\u00e1s de una cortina verde de \\u00e1rboles y arbustos\\\", dijo Chipperfield en una charla ofrecida el viernes por la noche en M\\u00fanich.\",\"inLanguage\":\"es-ES\",\"isPartOf\":{\"@id\":\"https:\\\/\\\/www.eldigitaldeasturias.com\\\/noticias\\\/#website\"},\"breadcrumb\":{\"@id\":\"https:\\\/\\\/www.eldigitaldeasturias.com\\\/noticias\\\/david-chipperfield-remodelara-el-antiguo-templo-artistico-haus-der-kunst\\\/#breadcrumblist\"},\"author\":{\"@id\":\"https:\\\/\\\/www.eldigitaldeasturias.com\\\/noticias\\\/author\\\/admin\\\/#author\"},\"creator\":{\"@id\":\"https:\\\/\\\/www.eldigitaldeasturias.com\\\/noticias\\\/author\\\/admin\\\/#author\"},\"image\":{\"@type\":\"ImageObject\",\"url\":\"https:\\\/\\\/www.eldigitaldeasturias.com\\\/noticias\\\/wp-content\\\/uploads\\\/2016\\\/05\\\/internet1-655x360.jpg\",\"@id\":\"https:\\\/\\\/www.eldigitaldeasturias.com\\\/noticias\\\/david-chipperfield-remodelara-el-antiguo-templo-artistico-haus-der-kunst\\\/#mainImage\",\"width\":655,\"height\":360},\"primaryImageOfPage\":{\"@id\":\"https:\\\/\\\/www.eldigitaldeasturias.com\\\/noticias\\\/david-chipperfield-remodelara-el-antiguo-templo-artistico-haus-der-kunst\\\/#mainImage\"},\"datePublished\":\"2016-09-17T22:23:23+02:00\",\"dateModified\":\"2016-09-17T22:23:23+02:00\"},{\"@type\":\"WebSite\",\"@id\":\"https:\\\/\\\/www.eldigitaldeasturias.com\\\/noticias\\\/#website\",\"url\":\"https:\\\/\\\/www.eldigitaldeasturias.com\\\/noticias\\\/\",\"name\":\"El Digital de Asturias - Diario de actualidad y noticias\",\"alternateName\":\"El Digital de Asturias - Diario de actualidad y noticias\",\"description\":\"Hemeroteca\",\"inLanguage\":\"es-ES\",\"publisher\":{\"@id\":\"https:\\\/\\\/www.eldigitaldeasturias.com\\\/noticias\\\/#organization\"}}]}\n\t\t<\/script>\n\t\t<!-- All in One SEO Pro -->\r\n\t\t<title>David Chipperfield remodelar\u00e1 el antiguo templo art\u00edstico \u00abHaus der Kunst\u00bb - El Digital de Asturias<\/title>\n\n","aioseo_head_json":{"title":"David Chipperfield remodelar\u00e1 el antiguo templo art\u00edstico \u00abHaus der Kunst\u00bb - El Digital de Asturias","description":"M\u00fanich, 17 sep (dpa) - El arquitecto estrella brit\u00e1nico David Chipperfield remodelar\u00e1 el antiguo templo art\u00edstico del nazismo \"Haus der Kunst\" (\"Casa del Arte\") en M\u00fanich. \"En estos momentos, la casa est\u00e1 oculta detr\u00e1s de una cortina verde de \u00e1rboles y arbustos\", dijo Chipperfield en una charla ofrecida el viernes por la noche en M\u00fanich.","canonical_url":"https:\/\/www.eldigitaldeasturias.com\/noticias\/david-chipperfield-remodelara-el-antiguo-templo-artistico-haus-der-kunst\/","robots":"max-image-preview:large","keywords":"actualidad","webmasterTools":{"google-site-verification":"UA-38556648-1","msvalidate.01":"7dfe9f3f1b24437ab69f4f2559babe99","miscellaneous":""},"schema":{"@context":"https:\/\/schema.org","@graph":[{"@type":"BlogPosting","@id":"https:\/\/www.eldigitaldeasturias.com\/noticias\/david-chipperfield-remodelara-el-antiguo-templo-artistico-haus-der-kunst\/#blogposting","name":"David Chipperfield remodelar\u00e1 el antiguo templo art\u00edstico \u00abHaus der Kunst\u00bb - El Digital de Asturias","headline":"David Chipperfield remodelar\u00e1 el antiguo templo art\u00edstico \u00abHaus der Kunst\u00bb","author":{"@id":"https:\/\/www.eldigitaldeasturias.com\/noticias\/author\/admin\/#author"},"publisher":{"@id":"https:\/\/www.eldigitaldeasturias.com\/noticias\/#organization"},"image":{"@type":"ImageObject","url":"https:\/\/www.eldigitaldeasturias.com\/noticias\/wp-content\/uploads\/2016\/05\/internet1-655x360.jpg","width":655,"height":360},"datePublished":"2016-09-17T22:23:23+02:00","dateModified":"2016-09-17T22:23:23+02:00","inLanguage":"es-ES","mainEntityOfPage":{"@id":"https:\/\/www.eldigitaldeasturias.com\/noticias\/david-chipperfield-remodelara-el-antiguo-templo-artistico-haus-der-kunst\/#webpage"},"isPartOf":{"@id":"https:\/\/www.eldigitaldeasturias.com\/noticias\/david-chipperfield-remodelara-el-antiguo-templo-artistico-haus-der-kunst\/#webpage"},"articleSection":"Actualidad"},{"@type":"BreadcrumbList","@id":"https:\/\/www.eldigitaldeasturias.com\/noticias\/david-chipperfield-remodelara-el-antiguo-templo-artistico-haus-der-kunst\/#breadcrumblist","itemListElement":[{"@type":"ListItem","@id":"https:\/\/www.eldigitaldeasturias.com\/noticias#listItem","position":1,"name":"Home","item":"https:\/\/www.eldigitaldeasturias.com\/noticias","nextItem":{"@type":"ListItem","@id":"https:\/\/www.eldigitaldeasturias.com\/noticias\/category\/actualidad\/#listItem","name":"Actualidad"}},{"@type":"ListItem","@id":"https:\/\/www.eldigitaldeasturias.com\/noticias\/category\/actualidad\/#listItem","position":2,"name":"Actualidad","item":"https:\/\/www.eldigitaldeasturias.com\/noticias\/category\/actualidad\/","nextItem":{"@type":"ListItem","@id":"https:\/\/www.eldigitaldeasturias.com\/noticias\/david-chipperfield-remodelara-el-antiguo-templo-artistico-haus-der-kunst\/#listItem","name":"David Chipperfield remodelar\u00e1 el antiguo templo art\u00edstico \u00abHaus der Kunst\u00bb"},"previousItem":{"@type":"ListItem","@id":"https:\/\/www.eldigitaldeasturias.com\/noticias#listItem","name":"Home"}},{"@type":"ListItem","@id":"https:\/\/www.eldigitaldeasturias.com\/noticias\/david-chipperfield-remodelara-el-antiguo-templo-artistico-haus-der-kunst\/#listItem","position":3,"name":"David Chipperfield remodelar\u00e1 el antiguo templo art\u00edstico \u00abHaus der Kunst\u00bb","previousItem":{"@type":"ListItem","@id":"https:\/\/www.eldigitaldeasturias.com\/noticias\/category\/actualidad\/#listItem","name":"Actualidad"}}]},{"@type":"Organization","@id":"https:\/\/www.eldigitaldeasturias.com\/noticias\/#organization","name":"El Digital de Asturias","description":"Hemeroteca","url":"https:\/\/www.eldigitaldeasturias.com\/noticias\/","email":"info@eldigitaldeasturias.com","telephone":"+34652131393","logo":{"@type":"ImageObject","url":"https:\/\/www.eldigitaldeasturias.com\/noticias\/wp-content\/uploads\/2020\/12\/EDA.jpg","@id":"https:\/\/www.eldigitaldeasturias.com\/noticias\/david-chipperfield-remodelara-el-antiguo-templo-artistico-haus-der-kunst\/#organizationLogo","width":649,"height":297},"image":{"@id":"https:\/\/www.eldigitaldeasturias.com\/noticias\/david-chipperfield-remodelara-el-antiguo-templo-artistico-haus-der-kunst\/#organizationLogo"},"sameAs":["https:\/\/facebook.com\/eldigitaldeasturias","https:\/\/www.youtube.com\/channel\/UCZP-2wLEB9Rv6erhFmqVnvg"],"address":{"@id":"https:\/\/www.eldigitaldeasturias.com\/noticias\/#postaladdress","@type":"PostalAddress","streetAddress":"san antonio 4,","postalCode":"33430","addressLocality":"Cand\u00e1s","addressRegion":"Asturias","addressCountry":"ES"}},{"@type":"Person","@id":"https:\/\/www.eldigitaldeasturias.com\/noticias\/author\/admin\/#author","url":"https:\/\/www.eldigitaldeasturias.com\/noticias\/author\/admin\/","name":"El Digital de Asturias","image":{"@type":"ImageObject","@id":"https:\/\/www.eldigitaldeasturias.com\/noticias\/david-chipperfield-remodelara-el-antiguo-templo-artistico-haus-der-kunst\/#authorImage","url":"https:\/\/www.eldigitaldeasturias.com\/noticias\/wp-content\/litespeed\/avatar\/18677e78aa0546b92d9dbf31ec7d7668.jpg?ver=1777290358","width":96,"height":96,"caption":"El Digital de Asturias"}},{"@type":"WebPage","@id":"https:\/\/www.eldigitaldeasturias.com\/noticias\/david-chipperfield-remodelara-el-antiguo-templo-artistico-haus-der-kunst\/#webpage","url":"https:\/\/www.eldigitaldeasturias.com\/noticias\/david-chipperfield-remodelara-el-antiguo-templo-artistico-haus-der-kunst\/","name":"David Chipperfield remodelar\u00e1 el antiguo templo art\u00edstico \u00abHaus der Kunst\u00bb - El Digital de Asturias","description":"M\u00fanich, 17 sep (dpa) - El arquitecto estrella brit\u00e1nico David Chipperfield remodelar\u00e1 el antiguo templo art\u00edstico del nazismo \"Haus der Kunst\" (\"Casa del Arte\") en M\u00fanich. \"En estos momentos, la casa est\u00e1 oculta detr\u00e1s de una cortina verde de \u00e1rboles y arbustos\", dijo Chipperfield en una charla ofrecida el viernes por la noche en M\u00fanich.","inLanguage":"es-ES","isPartOf":{"@id":"https:\/\/www.eldigitaldeasturias.com\/noticias\/#website"},"breadcrumb":{"@id":"https:\/\/www.eldigitaldeasturias.com\/noticias\/david-chipperfield-remodelara-el-antiguo-templo-artistico-haus-der-kunst\/#breadcrumblist"},"author":{"@id":"https:\/\/www.eldigitaldeasturias.com\/noticias\/author\/admin\/#author"},"creator":{"@id":"https:\/\/www.eldigitaldeasturias.com\/noticias\/author\/admin\/#author"},"image":{"@type":"ImageObject","url":"https:\/\/www.eldigitaldeasturias.com\/noticias\/wp-content\/uploads\/2016\/05\/internet1-655x360.jpg","@id":"https:\/\/www.eldigitaldeasturias.com\/noticias\/david-chipperfield-remodelara-el-antiguo-templo-artistico-haus-der-kunst\/#mainImage","width":655,"height":360},"primaryImageOfPage":{"@id":"https:\/\/www.eldigitaldeasturias.com\/noticias\/david-chipperfield-remodelara-el-antiguo-templo-artistico-haus-der-kunst\/#mainImage"},"datePublished":"2016-09-17T22:23:23+02:00","dateModified":"2016-09-17T22:23:23+02:00"},{"@type":"WebSite","@id":"https:\/\/www.eldigitaldeasturias.com\/noticias\/#website","url":"https:\/\/www.eldigitaldeasturias.com\/noticias\/","name":"El Digital de Asturias - Diario de actualidad y noticias","alternateName":"El Digital de Asturias - Diario de actualidad y noticias","description":"Hemeroteca","inLanguage":"es-ES","publisher":{"@id":"https:\/\/www.eldigitaldeasturias.com\/noticias\/#organization"}}]},"og:locale":"es_ES","og:site_name":"El Digital de Asturias","og:type":"article","og:title":"David Chipperfield remodelar\u00e1 el antiguo templo art\u00edstico \u00abHaus der Kunst\u00bb - El Digital de Asturias","og:description":"M\u00fanich, 17 sep (dpa) - El arquitecto estrella brit\u00e1nico David Chipperfield remodelar\u00e1 el antiguo templo art\u00edstico del nazismo &quot;Haus der Kunst&quot; (&quot;Casa del Arte&quot;) en M\u00fanich. &quot;En estos momentos, la casa est\u00e1 oculta detr\u00e1s de una cortina verde de \u00e1rboles y arbustos&quot;, dijo Chipperfield en una charla ofrecida el viernes por la noche en M\u00fanich.","og:url":"https:\/\/www.eldigitaldeasturias.com\/noticias\/david-chipperfield-remodelara-el-antiguo-templo-artistico-haus-der-kunst\/","og:image":"https:\/\/www.eldigitaldeasturias.com\/noticias\/wp-content\/uploads\/2016\/05\/internet1-655x360.jpg","og:image:secure_url":"https:\/\/www.eldigitaldeasturias.com\/noticias\/wp-content\/uploads\/2016\/05\/internet1-655x360.jpg","og:image:width":655,"og:image:height":360,"article:tag":["actualidad"],"article:published_time":"2016-09-17T21:23:23+00:00","article:modified_time":"2016-09-17T21:23:23+00:00","article:publisher":"https:\/\/facebook.com\/eldigitaldeasturias","twitter:card":"summary_large_image","twitter:title":"David Chipperfield remodelar\u00e1 el antiguo templo art\u00edstico \u00abHaus der Kunst\u00bb - El Digital de Asturias","twitter:description":"M\u00fanich, 17 sep (dpa) - El arquitecto estrella brit\u00e1nico David Chipperfield remodelar\u00e1 el antiguo templo art\u00edstico del nazismo &quot;Haus der Kunst&quot; (&quot;Casa del Arte&quot;) en M\u00fanich. &quot;En estos momentos, la casa est\u00e1 oculta detr\u00e1s de una cortina verde de \u00e1rboles y arbustos&quot;, dijo Chipperfield en una charla ofrecida el viernes por la noche en M\u00fanich.","twitter:image":"https:\/\/www.eldigitaldeasturias.com\/noticias\/wp-content\/uploads\/2016\/05\/internet1-655x360.jpg","twitter:label1":"Escrito por","twitter:data1":"El Digital de Asturias","twitter:label2":"Tiempo de lectura estimado","twitter:data2":"1 minuto"},"aioseo_meta_data":{"post_id":"908264","title":null,"description":null,"keywords":null,"keyphrases":null,"primary_term":null,"canonical_url":null,"og_title":null,"og_description":null,"og_object_type":"default","og_image_type":"default","og_image_url":null,"og_image_width":null,"og_image_height":null,"og_image_custom_url":null,"og_image_custom_fields":null,"og_video":null,"og_custom_url":null,"og_article_section":null,"og_article_tags":null,"twitter_use_og":false,"twitter_card":"default","twitter_image_type":"default","twitter_image_url":null,"twitter_image_custom_url":null,"twitter_image_custom_fields":null,"twitter_title":null,"twitter_description":null,"schema":{"blockGraphs":[],"customGraphs":[],"default":{"data":{"Article":[],"Course":[],"Dataset":[],"FAQPage":[],"Movie":[],"Person":[],"Product":[],"ProductReview":[],"Car":[],"Recipe":[],"Service":[],"SoftwareApplication":[],"WebPage":[]},"graphName":"","isEnabled":true},"graphs":[],"defaultGraph":"","defaultPostTypeGraph":""},"schema_type":null,"schema_type_options":null,"pillar_content":false,"robots_default":true,"robots_noindex":false,"robots_noarchive":false,"robots_nosnippet":false,"robots_nofollow":false,"robots_noimageindex":false,"robots_noodp":false,"robots_notranslate":false,"robots_max_snippet":null,"robots_max_videopreview":null,"robots_max_imagepreview":"large","priority":null,"frequency":null,"local_seo":null,"seo_analyzer_scan_date":"2025-11-30 15:30:14","breadcrumb_settings":null,"limit_modified_date":false,"open_ai":null,"ai":null,"created":"2020-12-21 14:00:17","updated":"2025-11-30 15:30:14"},"aioseo_breadcrumb":"<div class=\"aioseo-breadcrumbs\"><span class=\"aioseo-breadcrumb\">\n\t<a href=\"https:\/\/www.eldigitaldeasturias.com\/noticias\" title=\"Home\">Home<\/a>\n<\/span><span class=\"aioseo-breadcrumb-separator\">\u2013<\/span><span class=\"aioseo-breadcrumb\">\n\t<a href=\"https:\/\/www.eldigitaldeasturias.com\/noticias\/category\/actualidad\/\" title=\"Actualidad\">Actualidad<\/a>\n<\/span><span class=\"aioseo-breadcrumb-separator\">\u2013<\/span><span class=\"aioseo-breadcrumb\">\n\t<a href=\"https:\/\/www.eldigitaldeasturias.com\/noticias\/david-chipperfield-remodelara-el-antiguo-templo-artistico-haus-der-kunst\/\" title=\"David Chipperfield remodelar\u00e1 el antiguo templo art\u00edstico \u00abHaus der Kunst\u00bb\">David Chipperfield remodelar\u00e1 el antiguo templo art\u00edstico \u00abHaus der Kunst\u00bb<\/a>\n<\/span><\/div>","aioseo_breadcrumb_json":[{"label":"Home","link":"https:\/\/www.eldigitaldeasturias.com\/noticias"},{"label":"Actualidad","link":"https:\/\/www.eldigitaldeasturias.com\/noticias\/category\/actualidad\/"},{"label":"David Chipperfield remodelar\u00e1 el antiguo templo art\u00edstico \u00abHaus der Kunst\u00bb","link":"https:\/\/www.eldigitaldeasturias.com\/noticias\/david-chipperfield-remodelara-el-antiguo-templo-artistico-haus-der-kunst\/"}],"_links":{"self":[{"href":"https:\/\/www.eldigitaldeasturias.com\/noticias\/wp-json\/wp\/v2\/posts\/908264","targetHints":{"allow":["GET"]}}],"collection":[{"href":"https:\/\/www.eldigitaldeasturias.com\/noticias\/wp-json\/wp\/v2\/posts"}],"about":[{"href":"https:\/\/www.eldigitaldeasturias.com\/noticias\/wp-json\/wp\/v2\/types\/post"}],"author":[{"embeddable":true,"href":"https:\/\/www.eldigitaldeasturias.com\/noticias\/wp-json\/wp\/v2\/users\/1"}],"replies":[{"embeddable":true,"href":"https:\/\/www.eldigitaldeasturias.com\/noticias\/wp-json\/wp\/v2\/comments?post=908264"}],"version-history":[{"count":0,"href":"https:\/\/www.eldigitaldeasturias.com\/noticias\/wp-json\/wp\/v2\/posts\/908264\/revisions"}],"wp:featuredmedia":[{"embeddable":true,"href":"https:\/\/www.eldigitaldeasturias.com\/noticias\/wp-json\/wp\/v2\/media\/886231"}],"wp:attachment":[{"href":"https:\/\/www.eldigitaldeasturias.com\/noticias\/wp-json\/wp\/v2\/media?parent=908264"}],"wp:term":[{"taxonomy":"category","embeddable":true,"href":"https:\/\/www.eldigitaldeasturias.com\/noticias\/wp-json\/wp\/v2\/categories?post=908264"},{"taxonomy":"post_tag","embeddable":true,"href":"https:\/\/www.eldigitaldeasturias.com\/noticias\/wp-json\/wp\/v2\/tags?post=908264"}],"curies":[{"name":"wp","href":"https:\/\/api.w.org\/{rel}","templated":true}]}}