{"id":908262,"date":"2016-09-17T22:18:25","date_gmt":"2016-09-17T21:18:25","guid":{"rendered":"http:\/\/www.eldigitaldeasturias.com\/noticias\/?p=908262"},"modified":"2016-09-17T22:18:25","modified_gmt":"2016-09-17T21:18:25","slug":"arranca-la-fiesta-de-la-cerveza-en-munich","status":"publish","type":"post","link":"https:\/\/www.eldigitaldeasturias.com\/noticias\/arranca-la-fiesta-de-la-cerveza-en-munich\/","title":{"rendered":"Arranca la Fiesta de la Cerveza en M\u00fanich"},"content":{"rendered":"<p><img loading=\"lazy\" decoding=\"async\" class=\"alignleft size-medium wp-image-672157\" src=\"https:\/\/www.eldigitaldeasturias.com\/noticias\/wp-content\/uploads\/2014\/11\/Aromas-de-la-cerveza-360x240.jpg\" alt=\"Aromas-de-la-cerveza\" width=\"360\" height=\"240\" srcset=\"https:\/\/www.eldigitaldeasturias.com\/noticias\/wp-content\/uploads\/2014\/11\/Aromas-de-la-cerveza-360x240.jpg 360w, https:\/\/www.eldigitaldeasturias.com\/noticias\/wp-content\/uploads\/2014\/11\/Aromas-de-la-cerveza-220x146.jpg 220w, https:\/\/www.eldigitaldeasturias.com\/noticias\/wp-content\/uploads\/2014\/11\/Aromas-de-la-cerveza.jpg 570w\" sizes=\"auto, (max-width: 360px) 100vw, 360px\" \/>M\u00fanich, 17 sep (dpa) &#8211; La Fiesta de la Cerveza arranc\u00f3 hoy en M\u00fanich en medio de estrictas medidas de seguridad tras los atentados que sacudieron Alemania en julio pasado.<\/p>\n<p>La edici\u00f3n n\u00famero 183 de la que se ufana de ser la mayor fiesta popular del mundo comenz\u00f3 con el rito de la apertura del barril a cargo del alcalde de la ciudad.<\/p>\n<p>\u00abO&#8217;zapft is!\u00bb (\u00ab\u00a1ya est\u00e1 abierto!\u00bb), grit\u00f3 el socialdem\u00f3crata Dieter Reiter tras perforar el barril con dos golpes de martillo puntualmente a las 12:00 del mediod\u00eda.<\/p>\n<p>El primer jarro fue convidado al primer ministro de este estado federado del sur de Alemania, el socialcristiano Horst Seehofer, con quien Reiter brind\u00f3 por \u00abuna fiesta pac\u00edfica\u00bb.<\/p>\n<p>Decenas de miles de personas formaron largas colas desde la ma\u00f1ana para poder ingresar al predio pese a la lluvia con la que se despidi\u00f3 el verano en Alemania.<\/p>\n<p>Sobre los festejos de este a\u00f1o sobrevuela la sombra del tiroteo de un joven desquiciado que caus\u00f3 la muerte de nueve personas y tuvo a M\u00fanich en vilo durante todo un d\u00eda y dos atentados perpetrados por refugiados en localidades de la regi\u00f3n.<\/p>\n<p>Las autoridades dispusieron un amplio operativo de seguridad con el doble de efectivos policiales respecto a a\u00f1os anteriores. Por primera vez, el predio donde est\u00e1n ubicadas las carpas del Oktoberfest est\u00e1 completamente vallado y los visitantes no podr\u00e1n ingresar con mochilas o bolsos de gran tama\u00f1o. Adem\u00e1s deber\u00e1n someterse a estrictos controles en los puntos de ingreso.<\/p>\n<p>Hasta el 3 de octubre se espera que cerca de seis millones de personas acudan a degustar las tradicionales jarras de un litro de cerveza.<\/p>\n<p>&nbsp;<\/p>\n","protected":false},"excerpt":{"rendered":"<p>M\u00fanich, 17 sep (dpa) &#8211; La Fiesta de la Cerveza arranc\u00f3 hoy en M\u00fanich en medio de estrictas medidas de seguridad tras los atentados que sacudieron Alemania en julio pasado. La edici\u00f3n n\u00famero 183 de la que se ufana de ser la mayor fiesta popular del mundo comenz\u00f3 con el rito de la apertura del [&hellip;]<\/p>\n","protected":false},"author":1,"featured_media":672157,"comment_status":"closed","ping_status":"closed","sticky":false,"template":"","format":"standard","meta":{"footnotes":""},"categories":[50],"tags":[],"class_list":["post-908262","post","type-post","status-publish","format-standard","has-post-thumbnail","hentry","category-revista-de-ocio"],"aioseo_notices":[],"aioseo_head":"\n\t\t<!-- All in One SEO Pro 4.9.6.2 - aioseo.com -->\n\t<meta name=\"description\" content=\"M\u00fanich, 17 sep (dpa) - La Fiesta de la Cerveza arranc\u00f3 hoy en M\u00fanich en medio de estrictas medidas de seguridad tras los atentados que sacudieron Alemania en julio pasado. La edici\u00f3n n\u00famero 183 de la que se ufana de ser la mayor fiesta popular del mundo comenz\u00f3 con el rito de la apertura del\" \/>\n\t<meta name=\"robots\" content=\"max-image-preview:large\" \/>\n\t<meta name=\"author\" content=\"El Digital de Asturias\"\/>\n\t<meta name=\"google-site-verification\" content=\"UA-38556648-1\" \/>\n\t<meta name=\"msvalidate.01\" content=\"7dfe9f3f1b24437ab69f4f2559babe99\" \/>\n\t<meta name=\"keywords\" content=\"revista de ocio\" \/>\n\t<link rel=\"canonical\" href=\"https:\/\/www.eldigitaldeasturias.com\/noticias\/arranca-la-fiesta-de-la-cerveza-en-munich\/\" \/>\n\t<meta name=\"generator\" content=\"All in One SEO Pro (AIOSEO) 4.9.6.2\" \/>\n\t\t<meta property=\"og:locale\" content=\"es_ES\" \/>\n\t\t<meta property=\"og:site_name\" content=\"El Digital de Asturias\" \/>\n\t\t<meta property=\"og:type\" content=\"article\" \/>\n\t\t<meta property=\"og:title\" content=\"Arranca la Fiesta de la Cerveza en M\u00fanich - El Digital de Asturias\" \/>\n\t\t<meta property=\"og:description\" content=\"M\u00fanich, 17 sep (dpa) - La Fiesta de la Cerveza arranc\u00f3 hoy en M\u00fanich en medio de estrictas medidas de seguridad tras los atentados que sacudieron Alemania en julio pasado. La edici\u00f3n n\u00famero 183 de la que se ufana de ser la mayor fiesta popular del mundo comenz\u00f3 con el rito de la apertura del\" \/>\n\t\t<meta property=\"og:url\" content=\"https:\/\/www.eldigitaldeasturias.com\/noticias\/arranca-la-fiesta-de-la-cerveza-en-munich\/\" \/>\n\t\t<meta property=\"og:image\" content=\"https:\/\/www.eldigitaldeasturias.com\/noticias\/wp-content\/uploads\/2014\/11\/Aromas-de-la-cerveza.jpg\" \/>\n\t\t<meta property=\"og:image:secure_url\" content=\"https:\/\/www.eldigitaldeasturias.com\/noticias\/wp-content\/uploads\/2014\/11\/Aromas-de-la-cerveza.jpg\" \/>\n\t\t<meta property=\"og:image:width\" content=\"570\" \/>\n\t\t<meta property=\"og:image:height\" content=\"380\" \/>\n\t\t<meta property=\"article:tag\" content=\"revista de ocio\" \/>\n\t\t<meta property=\"article:published_time\" content=\"2016-09-17T21:18:25+00:00\" \/>\n\t\t<meta property=\"article:modified_time\" content=\"2016-09-17T21:18:25+00:00\" \/>\n\t\t<meta property=\"article:publisher\" content=\"https:\/\/facebook.com\/eldigitaldeasturias\" \/>\n\t\t<meta name=\"twitter:card\" content=\"summary_large_image\" \/>\n\t\t<meta name=\"twitter:title\" content=\"Arranca la Fiesta de la Cerveza en M\u00fanich - El Digital de Asturias\" \/>\n\t\t<meta name=\"twitter:description\" content=\"M\u00fanich, 17 sep (dpa) - La Fiesta de la Cerveza arranc\u00f3 hoy en M\u00fanich en medio de estrictas medidas de seguridad tras los atentados que sacudieron Alemania en julio pasado. La edici\u00f3n n\u00famero 183 de la que se ufana de ser la mayor fiesta popular del mundo comenz\u00f3 con el rito de la apertura del\" \/>\n\t\t<meta name=\"twitter:image\" content=\"https:\/\/www.eldigitaldeasturias.com\/noticias\/wp-content\/uploads\/2014\/11\/Aromas-de-la-cerveza.jpg\" \/>\n\t\t<meta name=\"twitter:label1\" content=\"Escrito por\" \/>\n\t\t<meta name=\"twitter:data1\" content=\"El Digital de Asturias\" \/>\n\t\t<meta name=\"twitter:label2\" content=\"Tiempo de lectura estimado\" \/>\n\t\t<meta name=\"twitter:data2\" content=\"1 minuto\" \/>\n\t\t<script type=\"application\/ld+json\" class=\"aioseo-schema\">\n\t\t\t{\"@context\":\"https:\\\/\\\/schema.org\",\"@graph\":[{\"@type\":\"BlogPosting\",\"@id\":\"https:\\\/\\\/www.eldigitaldeasturias.com\\\/noticias\\\/arranca-la-fiesta-de-la-cerveza-en-munich\\\/#blogposting\",\"name\":\"Arranca la Fiesta de la Cerveza en M\\u00fanich - El Digital de Asturias\",\"headline\":\"Arranca la Fiesta de la Cerveza en M\\u00fanich\",\"author\":{\"@id\":\"https:\\\/\\\/www.eldigitaldeasturias.com\\\/noticias\\\/author\\\/admin\\\/#author\"},\"publisher\":{\"@id\":\"https:\\\/\\\/www.eldigitaldeasturias.com\\\/noticias\\\/#organization\"},\"image\":{\"@type\":\"ImageObject\",\"url\":\"https:\\\/\\\/www.eldigitaldeasturias.com\\\/noticias\\\/wp-content\\\/uploads\\\/2014\\\/11\\\/Aromas-de-la-cerveza.jpg\",\"width\":570,\"height\":380},\"datePublished\":\"2016-09-17T22:18:25+02:00\",\"dateModified\":\"2016-09-17T22:18:25+02:00\",\"inLanguage\":\"es-ES\",\"mainEntityOfPage\":{\"@id\":\"https:\\\/\\\/www.eldigitaldeasturias.com\\\/noticias\\\/arranca-la-fiesta-de-la-cerveza-en-munich\\\/#webpage\"},\"isPartOf\":{\"@id\":\"https:\\\/\\\/www.eldigitaldeasturias.com\\\/noticias\\\/arranca-la-fiesta-de-la-cerveza-en-munich\\\/#webpage\"},\"articleSection\":\"Revista de Ocio\"},{\"@type\":\"BreadcrumbList\",\"@id\":\"https:\\\/\\\/www.eldigitaldeasturias.com\\\/noticias\\\/arranca-la-fiesta-de-la-cerveza-en-munich\\\/#breadcrumblist\",\"itemListElement\":[{\"@type\":\"ListItem\",\"@id\":\"https:\\\/\\\/www.eldigitaldeasturias.com\\\/noticias#listItem\",\"position\":1,\"name\":\"Home\",\"item\":\"https:\\\/\\\/www.eldigitaldeasturias.com\\\/noticias\",\"nextItem\":{\"@type\":\"ListItem\",\"@id\":\"https:\\\/\\\/www.eldigitaldeasturias.com\\\/noticias\\\/category\\\/revista-de-ocio\\\/#listItem\",\"name\":\"Revista de Ocio\"}},{\"@type\":\"ListItem\",\"@id\":\"https:\\\/\\\/www.eldigitaldeasturias.com\\\/noticias\\\/category\\\/revista-de-ocio\\\/#listItem\",\"position\":2,\"name\":\"Revista de Ocio\",\"item\":\"https:\\\/\\\/www.eldigitaldeasturias.com\\\/noticias\\\/category\\\/revista-de-ocio\\\/\",\"nextItem\":{\"@type\":\"ListItem\",\"@id\":\"https:\\\/\\\/www.eldigitaldeasturias.com\\\/noticias\\\/arranca-la-fiesta-de-la-cerveza-en-munich\\\/#listItem\",\"name\":\"Arranca la Fiesta de la Cerveza en M\\u00fanich\"},\"previousItem\":{\"@type\":\"ListItem\",\"@id\":\"https:\\\/\\\/www.eldigitaldeasturias.com\\\/noticias#listItem\",\"name\":\"Home\"}},{\"@type\":\"ListItem\",\"@id\":\"https:\\\/\\\/www.eldigitaldeasturias.com\\\/noticias\\\/arranca-la-fiesta-de-la-cerveza-en-munich\\\/#listItem\",\"position\":3,\"name\":\"Arranca la Fiesta de la Cerveza en M\\u00fanich\",\"previousItem\":{\"@type\":\"ListItem\",\"@id\":\"https:\\\/\\\/www.eldigitaldeasturias.com\\\/noticias\\\/category\\\/revista-de-ocio\\\/#listItem\",\"name\":\"Revista de Ocio\"}}]},{\"@type\":\"Organization\",\"@id\":\"https:\\\/\\\/www.eldigitaldeasturias.com\\\/noticias\\\/#organization\",\"name\":\"El Digital de Asturias\",\"description\":\"Hemeroteca\",\"url\":\"https:\\\/\\\/www.eldigitaldeasturias.com\\\/noticias\\\/\",\"email\":\"info@eldigitaldeasturias.com\",\"telephone\":\"+34652131393\",\"logo\":{\"@type\":\"ImageObject\",\"url\":\"https:\\\/\\\/www.eldigitaldeasturias.com\\\/noticias\\\/wp-content\\\/uploads\\\/2020\\\/12\\\/EDA.jpg\",\"@id\":\"https:\\\/\\\/www.eldigitaldeasturias.com\\\/noticias\\\/arranca-la-fiesta-de-la-cerveza-en-munich\\\/#organizationLogo\",\"width\":649,\"height\":297},\"image\":{\"@id\":\"https:\\\/\\\/www.eldigitaldeasturias.com\\\/noticias\\\/arranca-la-fiesta-de-la-cerveza-en-munich\\\/#organizationLogo\"},\"sameAs\":[\"https:\\\/\\\/facebook.com\\\/eldigitaldeasturias\",\"https:\\\/\\\/www.youtube.com\\\/channel\\\/UCZP-2wLEB9Rv6erhFmqVnvg\"],\"address\":{\"@id\":\"https:\\\/\\\/www.eldigitaldeasturias.com\\\/noticias\\\/#postaladdress\",\"@type\":\"PostalAddress\",\"streetAddress\":\"san antonio 4,\",\"postalCode\":\"33430\",\"addressLocality\":\"Cand\\u00e1s\",\"addressRegion\":\"Asturias\",\"addressCountry\":\"ES\"}},{\"@type\":\"Person\",\"@id\":\"https:\\\/\\\/www.eldigitaldeasturias.com\\\/noticias\\\/author\\\/admin\\\/#author\",\"url\":\"https:\\\/\\\/www.eldigitaldeasturias.com\\\/noticias\\\/author\\\/admin\\\/\",\"name\":\"El Digital de Asturias\",\"image\":{\"@type\":\"ImageObject\",\"@id\":\"https:\\\/\\\/www.eldigitaldeasturias.com\\\/noticias\\\/arranca-la-fiesta-de-la-cerveza-en-munich\\\/#authorImage\",\"url\":\"https:\\\/\\\/www.eldigitaldeasturias.com\\\/noticias\\\/wp-content\\\/litespeed\\\/avatar\\\/18677e78aa0546b92d9dbf31ec7d7668.jpg?ver=1777290358\",\"width\":96,\"height\":96,\"caption\":\"El Digital de Asturias\"}},{\"@type\":\"WebPage\",\"@id\":\"https:\\\/\\\/www.eldigitaldeasturias.com\\\/noticias\\\/arranca-la-fiesta-de-la-cerveza-en-munich\\\/#webpage\",\"url\":\"https:\\\/\\\/www.eldigitaldeasturias.com\\\/noticias\\\/arranca-la-fiesta-de-la-cerveza-en-munich\\\/\",\"name\":\"Arranca la Fiesta de la Cerveza en M\\u00fanich - El Digital de Asturias\",\"description\":\"M\\u00fanich, 17 sep (dpa) - La Fiesta de la Cerveza arranc\\u00f3 hoy en M\\u00fanich en medio de estrictas medidas de seguridad tras los atentados que sacudieron Alemania en julio pasado. La edici\\u00f3n n\\u00famero 183 de la que se ufana de ser la mayor fiesta popular del mundo comenz\\u00f3 con el rito de la apertura del\",\"inLanguage\":\"es-ES\",\"isPartOf\":{\"@id\":\"https:\\\/\\\/www.eldigitaldeasturias.com\\\/noticias\\\/#website\"},\"breadcrumb\":{\"@id\":\"https:\\\/\\\/www.eldigitaldeasturias.com\\\/noticias\\\/arranca-la-fiesta-de-la-cerveza-en-munich\\\/#breadcrumblist\"},\"author\":{\"@id\":\"https:\\\/\\\/www.eldigitaldeasturias.com\\\/noticias\\\/author\\\/admin\\\/#author\"},\"creator\":{\"@id\":\"https:\\\/\\\/www.eldigitaldeasturias.com\\\/noticias\\\/author\\\/admin\\\/#author\"},\"image\":{\"@type\":\"ImageObject\",\"url\":\"https:\\\/\\\/www.eldigitaldeasturias.com\\\/noticias\\\/wp-content\\\/uploads\\\/2014\\\/11\\\/Aromas-de-la-cerveza.jpg\",\"@id\":\"https:\\\/\\\/www.eldigitaldeasturias.com\\\/noticias\\\/arranca-la-fiesta-de-la-cerveza-en-munich\\\/#mainImage\",\"width\":570,\"height\":380},\"primaryImageOfPage\":{\"@id\":\"https:\\\/\\\/www.eldigitaldeasturias.com\\\/noticias\\\/arranca-la-fiesta-de-la-cerveza-en-munich\\\/#mainImage\"},\"datePublished\":\"2016-09-17T22:18:25+02:00\",\"dateModified\":\"2016-09-17T22:18:25+02:00\"},{\"@type\":\"WebSite\",\"@id\":\"https:\\\/\\\/www.eldigitaldeasturias.com\\\/noticias\\\/#website\",\"url\":\"https:\\\/\\\/www.eldigitaldeasturias.com\\\/noticias\\\/\",\"name\":\"El Digital de Asturias - Diario de actualidad y noticias\",\"alternateName\":\"El Digital de Asturias - Diario de actualidad y noticias\",\"description\":\"Hemeroteca\",\"inLanguage\":\"es-ES\",\"publisher\":{\"@id\":\"https:\\\/\\\/www.eldigitaldeasturias.com\\\/noticias\\\/#organization\"}}]}\n\t\t<\/script>\n\t\t<!-- All in One SEO Pro -->\r\n\t\t<title>Arranca la Fiesta de la Cerveza en M\u00fanich - El Digital de Asturias<\/title>\n\n","aioseo_head_json":{"title":"Arranca la Fiesta de la Cerveza en M\u00fanich - El Digital de Asturias","description":"M\u00fanich, 17 sep (dpa) - La Fiesta de la Cerveza arranc\u00f3 hoy en M\u00fanich en medio de estrictas medidas de seguridad tras los atentados que sacudieron Alemania en julio pasado. La edici\u00f3n n\u00famero 183 de la que se ufana de ser la mayor fiesta popular del mundo comenz\u00f3 con el rito de la apertura del","canonical_url":"https:\/\/www.eldigitaldeasturias.com\/noticias\/arranca-la-fiesta-de-la-cerveza-en-munich\/","robots":"max-image-preview:large","keywords":"revista de ocio","webmasterTools":{"google-site-verification":"UA-38556648-1","msvalidate.01":"7dfe9f3f1b24437ab69f4f2559babe99","miscellaneous":""},"schema":{"@context":"https:\/\/schema.org","@graph":[{"@type":"BlogPosting","@id":"https:\/\/www.eldigitaldeasturias.com\/noticias\/arranca-la-fiesta-de-la-cerveza-en-munich\/#blogposting","name":"Arranca la Fiesta de la Cerveza en M\u00fanich - El Digital de Asturias","headline":"Arranca la Fiesta de la Cerveza en M\u00fanich","author":{"@id":"https:\/\/www.eldigitaldeasturias.com\/noticias\/author\/admin\/#author"},"publisher":{"@id":"https:\/\/www.eldigitaldeasturias.com\/noticias\/#organization"},"image":{"@type":"ImageObject","url":"https:\/\/www.eldigitaldeasturias.com\/noticias\/wp-content\/uploads\/2014\/11\/Aromas-de-la-cerveza.jpg","width":570,"height":380},"datePublished":"2016-09-17T22:18:25+02:00","dateModified":"2016-09-17T22:18:25+02:00","inLanguage":"es-ES","mainEntityOfPage":{"@id":"https:\/\/www.eldigitaldeasturias.com\/noticias\/arranca-la-fiesta-de-la-cerveza-en-munich\/#webpage"},"isPartOf":{"@id":"https:\/\/www.eldigitaldeasturias.com\/noticias\/arranca-la-fiesta-de-la-cerveza-en-munich\/#webpage"},"articleSection":"Revista de Ocio"},{"@type":"BreadcrumbList","@id":"https:\/\/www.eldigitaldeasturias.com\/noticias\/arranca-la-fiesta-de-la-cerveza-en-munich\/#breadcrumblist","itemListElement":[{"@type":"ListItem","@id":"https:\/\/www.eldigitaldeasturias.com\/noticias#listItem","position":1,"name":"Home","item":"https:\/\/www.eldigitaldeasturias.com\/noticias","nextItem":{"@type":"ListItem","@id":"https:\/\/www.eldigitaldeasturias.com\/noticias\/category\/revista-de-ocio\/#listItem","name":"Revista de Ocio"}},{"@type":"ListItem","@id":"https:\/\/www.eldigitaldeasturias.com\/noticias\/category\/revista-de-ocio\/#listItem","position":2,"name":"Revista de Ocio","item":"https:\/\/www.eldigitaldeasturias.com\/noticias\/category\/revista-de-ocio\/","nextItem":{"@type":"ListItem","@id":"https:\/\/www.eldigitaldeasturias.com\/noticias\/arranca-la-fiesta-de-la-cerveza-en-munich\/#listItem","name":"Arranca la Fiesta de la Cerveza en M\u00fanich"},"previousItem":{"@type":"ListItem","@id":"https:\/\/www.eldigitaldeasturias.com\/noticias#listItem","name":"Home"}},{"@type":"ListItem","@id":"https:\/\/www.eldigitaldeasturias.com\/noticias\/arranca-la-fiesta-de-la-cerveza-en-munich\/#listItem","position":3,"name":"Arranca la Fiesta de la Cerveza en M\u00fanich","previousItem":{"@type":"ListItem","@id":"https:\/\/www.eldigitaldeasturias.com\/noticias\/category\/revista-de-ocio\/#listItem","name":"Revista de Ocio"}}]},{"@type":"Organization","@id":"https:\/\/www.eldigitaldeasturias.com\/noticias\/#organization","name":"El Digital de Asturias","description":"Hemeroteca","url":"https:\/\/www.eldigitaldeasturias.com\/noticias\/","email":"info@eldigitaldeasturias.com","telephone":"+34652131393","logo":{"@type":"ImageObject","url":"https:\/\/www.eldigitaldeasturias.com\/noticias\/wp-content\/uploads\/2020\/12\/EDA.jpg","@id":"https:\/\/www.eldigitaldeasturias.com\/noticias\/arranca-la-fiesta-de-la-cerveza-en-munich\/#organizationLogo","width":649,"height":297},"image":{"@id":"https:\/\/www.eldigitaldeasturias.com\/noticias\/arranca-la-fiesta-de-la-cerveza-en-munich\/#organizationLogo"},"sameAs":["https:\/\/facebook.com\/eldigitaldeasturias","https:\/\/www.youtube.com\/channel\/UCZP-2wLEB9Rv6erhFmqVnvg"],"address":{"@id":"https:\/\/www.eldigitaldeasturias.com\/noticias\/#postaladdress","@type":"PostalAddress","streetAddress":"san antonio 4,","postalCode":"33430","addressLocality":"Cand\u00e1s","addressRegion":"Asturias","addressCountry":"ES"}},{"@type":"Person","@id":"https:\/\/www.eldigitaldeasturias.com\/noticias\/author\/admin\/#author","url":"https:\/\/www.eldigitaldeasturias.com\/noticias\/author\/admin\/","name":"El Digital de Asturias","image":{"@type":"ImageObject","@id":"https:\/\/www.eldigitaldeasturias.com\/noticias\/arranca-la-fiesta-de-la-cerveza-en-munich\/#authorImage","url":"https:\/\/www.eldigitaldeasturias.com\/noticias\/wp-content\/litespeed\/avatar\/18677e78aa0546b92d9dbf31ec7d7668.jpg?ver=1777290358","width":96,"height":96,"caption":"El Digital de Asturias"}},{"@type":"WebPage","@id":"https:\/\/www.eldigitaldeasturias.com\/noticias\/arranca-la-fiesta-de-la-cerveza-en-munich\/#webpage","url":"https:\/\/www.eldigitaldeasturias.com\/noticias\/arranca-la-fiesta-de-la-cerveza-en-munich\/","name":"Arranca la Fiesta de la Cerveza en M\u00fanich - El Digital de Asturias","description":"M\u00fanich, 17 sep (dpa) - La Fiesta de la Cerveza arranc\u00f3 hoy en M\u00fanich en medio de estrictas medidas de seguridad tras los atentados que sacudieron Alemania en julio pasado. La edici\u00f3n n\u00famero 183 de la que se ufana de ser la mayor fiesta popular del mundo comenz\u00f3 con el rito de la apertura del","inLanguage":"es-ES","isPartOf":{"@id":"https:\/\/www.eldigitaldeasturias.com\/noticias\/#website"},"breadcrumb":{"@id":"https:\/\/www.eldigitaldeasturias.com\/noticias\/arranca-la-fiesta-de-la-cerveza-en-munich\/#breadcrumblist"},"author":{"@id":"https:\/\/www.eldigitaldeasturias.com\/noticias\/author\/admin\/#author"},"creator":{"@id":"https:\/\/www.eldigitaldeasturias.com\/noticias\/author\/admin\/#author"},"image":{"@type":"ImageObject","url":"https:\/\/www.eldigitaldeasturias.com\/noticias\/wp-content\/uploads\/2014\/11\/Aromas-de-la-cerveza.jpg","@id":"https:\/\/www.eldigitaldeasturias.com\/noticias\/arranca-la-fiesta-de-la-cerveza-en-munich\/#mainImage","width":570,"height":380},"primaryImageOfPage":{"@id":"https:\/\/www.eldigitaldeasturias.com\/noticias\/arranca-la-fiesta-de-la-cerveza-en-munich\/#mainImage"},"datePublished":"2016-09-17T22:18:25+02:00","dateModified":"2016-09-17T22:18:25+02:00"},{"@type":"WebSite","@id":"https:\/\/www.eldigitaldeasturias.com\/noticias\/#website","url":"https:\/\/www.eldigitaldeasturias.com\/noticias\/","name":"El Digital de Asturias - Diario de actualidad y noticias","alternateName":"El Digital de Asturias - Diario de actualidad y noticias","description":"Hemeroteca","inLanguage":"es-ES","publisher":{"@id":"https:\/\/www.eldigitaldeasturias.com\/noticias\/#organization"}}]},"og:locale":"es_ES","og:site_name":"El Digital de Asturias","og:type":"article","og:title":"Arranca la Fiesta de la Cerveza en M\u00fanich - El Digital de Asturias","og:description":"M\u00fanich, 17 sep (dpa) - La Fiesta de la Cerveza arranc\u00f3 hoy en M\u00fanich en medio de estrictas medidas de seguridad tras los atentados que sacudieron Alemania en julio pasado. La edici\u00f3n n\u00famero 183 de la que se ufana de ser la mayor fiesta popular del mundo comenz\u00f3 con el rito de la apertura del","og:url":"https:\/\/www.eldigitaldeasturias.com\/noticias\/arranca-la-fiesta-de-la-cerveza-en-munich\/","og:image":"https:\/\/www.eldigitaldeasturias.com\/noticias\/wp-content\/uploads\/2014\/11\/Aromas-de-la-cerveza.jpg","og:image:secure_url":"https:\/\/www.eldigitaldeasturias.com\/noticias\/wp-content\/uploads\/2014\/11\/Aromas-de-la-cerveza.jpg","og:image:width":570,"og:image:height":380,"article:tag":["revista de ocio"],"article:published_time":"2016-09-17T21:18:25+00:00","article:modified_time":"2016-09-17T21:18:25+00:00","article:publisher":"https:\/\/facebook.com\/eldigitaldeasturias","twitter:card":"summary_large_image","twitter:title":"Arranca la Fiesta de la Cerveza en M\u00fanich - El Digital de Asturias","twitter:description":"M\u00fanich, 17 sep (dpa) - La Fiesta de la Cerveza arranc\u00f3 hoy en M\u00fanich en medio de estrictas medidas de seguridad tras los atentados que sacudieron Alemania en julio pasado. La edici\u00f3n n\u00famero 183 de la que se ufana de ser la mayor fiesta popular del mundo comenz\u00f3 con el rito de la apertura del","twitter:image":"https:\/\/www.eldigitaldeasturias.com\/noticias\/wp-content\/uploads\/2014\/11\/Aromas-de-la-cerveza.jpg","twitter:label1":"Escrito por","twitter:data1":"El Digital de Asturias","twitter:label2":"Tiempo de lectura estimado","twitter:data2":"1 minuto"},"aioseo_meta_data":{"post_id":"908262","title":null,"description":null,"keywords":null,"keyphrases":null,"primary_term":null,"canonical_url":null,"og_title":null,"og_description":null,"og_object_type":"default","og_image_type":"default","og_image_url":null,"og_image_width":null,"og_image_height":null,"og_image_custom_url":null,"og_image_custom_fields":null,"og_video":null,"og_custom_url":null,"og_article_section":null,"og_article_tags":null,"twitter_use_og":false,"twitter_card":"default","twitter_image_type":"default","twitter_image_url":null,"twitter_image_custom_url":null,"twitter_image_custom_fields":null,"twitter_title":null,"twitter_description":null,"schema":{"blockGraphs":[],"customGraphs":[],"default":{"data":{"Article":[],"Course":[],"Dataset":[],"FAQPage":[],"Movie":[],"Person":[],"Product":[],"ProductReview":[],"Car":[],"Recipe":[],"Service":[],"SoftwareApplication":[],"WebPage":[]},"graphName":"","isEnabled":true},"graphs":[],"defaultGraph":"","defaultPostTypeGraph":""},"schema_type":null,"schema_type_options":null,"pillar_content":false,"robots_default":true,"robots_noindex":false,"robots_noarchive":false,"robots_nosnippet":false,"robots_nofollow":false,"robots_noimageindex":false,"robots_noodp":false,"robots_notranslate":false,"robots_max_snippet":null,"robots_max_videopreview":null,"robots_max_imagepreview":"large","priority":null,"frequency":null,"local_seo":null,"seo_analyzer_scan_date":"2025-11-30 15:30:13","breadcrumb_settings":null,"limit_modified_date":false,"open_ai":null,"ai":null,"created":"2020-12-21 14:00:17","updated":"2025-11-30 15:30:13"},"aioseo_breadcrumb":"<div class=\"aioseo-breadcrumbs\"><span class=\"aioseo-breadcrumb\">\n\t<a href=\"https:\/\/www.eldigitaldeasturias.com\/noticias\" title=\"Home\">Home<\/a>\n<\/span><span class=\"aioseo-breadcrumb-separator\">\u2013<\/span><span class=\"aioseo-breadcrumb\">\n\t<a href=\"https:\/\/www.eldigitaldeasturias.com\/noticias\/category\/revista-de-ocio\/\" title=\"Revista de Ocio\">Revista de Ocio<\/a>\n<\/span><span class=\"aioseo-breadcrumb-separator\">\u2013<\/span><span class=\"aioseo-breadcrumb\">\n\t<a href=\"https:\/\/www.eldigitaldeasturias.com\/noticias\/arranca-la-fiesta-de-la-cerveza-en-munich\/\" title=\"Arranca la Fiesta de la Cerveza en M\u00fanich\">Arranca la Fiesta de la Cerveza en M\u00fanich<\/a>\n<\/span><\/div>","aioseo_breadcrumb_json":[{"label":"Home","link":"https:\/\/www.eldigitaldeasturias.com\/noticias"},{"label":"Revista de Ocio","link":"https:\/\/www.eldigitaldeasturias.com\/noticias\/category\/revista-de-ocio\/"},{"label":"Arranca la Fiesta de la Cerveza en M\u00fanich","link":"https:\/\/www.eldigitaldeasturias.com\/noticias\/arranca-la-fiesta-de-la-cerveza-en-munich\/"}],"_links":{"self":[{"href":"https:\/\/www.eldigitaldeasturias.com\/noticias\/wp-json\/wp\/v2\/posts\/908262","targetHints":{"allow":["GET"]}}],"collection":[{"href":"https:\/\/www.eldigitaldeasturias.com\/noticias\/wp-json\/wp\/v2\/posts"}],"about":[{"href":"https:\/\/www.eldigitaldeasturias.com\/noticias\/wp-json\/wp\/v2\/types\/post"}],"author":[{"embeddable":true,"href":"https:\/\/www.eldigitaldeasturias.com\/noticias\/wp-json\/wp\/v2\/users\/1"}],"replies":[{"embeddable":true,"href":"https:\/\/www.eldigitaldeasturias.com\/noticias\/wp-json\/wp\/v2\/comments?post=908262"}],"version-history":[{"count":0,"href":"https:\/\/www.eldigitaldeasturias.com\/noticias\/wp-json\/wp\/v2\/posts\/908262\/revisions"}],"wp:featuredmedia":[{"embeddable":true,"href":"https:\/\/www.eldigitaldeasturias.com\/noticias\/wp-json\/wp\/v2\/media\/672157"}],"wp:attachment":[{"href":"https:\/\/www.eldigitaldeasturias.com\/noticias\/wp-json\/wp\/v2\/media?parent=908262"}],"wp:term":[{"taxonomy":"category","embeddable":true,"href":"https:\/\/www.eldigitaldeasturias.com\/noticias\/wp-json\/wp\/v2\/categories?post=908262"},{"taxonomy":"post_tag","embeddable":true,"href":"https:\/\/www.eldigitaldeasturias.com\/noticias\/wp-json\/wp\/v2\/tags?post=908262"}],"curies":[{"name":"wp","href":"https:\/\/api.w.org\/{rel}","templated":true}]}}