{"id":908260,"date":"2016-09-17T22:17:03","date_gmt":"2016-09-17T21:17:03","guid":{"rendered":"http:\/\/www.eldigitaldeasturias.com\/noticias\/?p=908260"},"modified":"2016-09-17T22:17:03","modified_gmt":"2016-09-17T21:17:03","slug":"vuelve-a-arder-un-hogar-de-refugiados-en-alemania","status":"publish","type":"post","link":"https:\/\/www.eldigitaldeasturias.com\/noticias\/vuelve-a-arder-un-hogar-de-refugiados-en-alemania\/","title":{"rendered":"Vuelve a arder un hogar de refugiados en Alemania"},"content":{"rendered":"<p><img loading=\"lazy\" decoding=\"async\" class=\"alignleft size-medium wp-image-808332\" src=\"https:\/\/www.eldigitaldeasturias.com\/noticias\/wp-content\/uploads\/2015\/09\/refugiados-360x184.jpg\" alt=\"refugiados\" width=\"360\" height=\"184\" srcset=\"https:\/\/www.eldigitaldeasturias.com\/noticias\/wp-content\/uploads\/2015\/09\/refugiados-360x184.jpg 360w, https:\/\/www.eldigitaldeasturias.com\/noticias\/wp-content\/uploads\/2015\/09\/refugiados-480x245.jpg 480w, https:\/\/www.eldigitaldeasturias.com\/noticias\/wp-content\/uploads\/2015\/09\/refugiados-768x393.jpg 768w, https:\/\/www.eldigitaldeasturias.com\/noticias\/wp-content\/uploads\/2015\/09\/refugiados-690x353.jpg 690w, https:\/\/www.eldigitaldeasturias.com\/noticias\/wp-content\/uploads\/2015\/09\/refugiados-20x10.jpg 20w, https:\/\/www.eldigitaldeasturias.com\/noticias\/wp-content\/uploads\/2015\/09\/refugiados.jpg 800w\" sizes=\"auto, (max-width: 360px) 100vw, 360px\" \/>Erbach (Alemania), 17 sep (dpa) &#8211; Un incendio provocado en un hogar de refugiados en Alemania se sald\u00f3 con cinco heridos, comunic\u00f3 hoy la polic\u00eda de una localidad cercana a la ciudad de Ulm, en el sur del pa\u00eds.<\/p>\n<p>Desconocidos prendieron fuego esta madrugada a papeles, cartones y ropa en las escaleras del edificio de viviendas habitadas por refugiados y personas sin techo en la localida de Erbach. Los 26 residentes fueron rescatados, cinco de ellos con s\u00edntomas de intoxicaci\u00f3n.<\/p>\n<p>A\u00fan se desconoce si el siniestro tuvo motivaci\u00f3n pol\u00edtica. Las autoridades investigan por cargos de incendio intencionado grave. El alcalde de Erbach, Achim Gaus, destac\u00f3 que en su ciudad no ha habido grandes protestas contra refugiados.<\/p>\n<p>El n\u00famero de ataques a viviendas de solicitantes de asilo ha ido en constante ascenso en el \u00faltimo a\u00f1o desde la decisi\u00f3n de la canciller Angela Merkel de abrir las puertas a casi un mill\u00f3n de refugiados del Cercano Oriente y \u00c1frica.<\/p>\n<p>Muchos ataques incendiarios han sido obra de ultraderechistas. Las autoridades de seguridad contabilizaron el a\u00f1o pasado un total de 1.027 delitos de consideraci\u00f3n contra centros de acogida de refugiados, incluidos 177 ataques violentos. Tambi\u00e9n ha habido incendios provocados por migrantes insatisfechos con su situaci\u00f3n.<\/p>\n<p>&nbsp;<\/p>\n","protected":false},"excerpt":{"rendered":"<p>Erbach (Alemania), 17 sep (dpa) &#8211; Un incendio provocado en un hogar de refugiados en Alemania se sald\u00f3 con cinco heridos, comunic\u00f3 hoy la polic\u00eda de una localidad cercana a la ciudad de Ulm, en el sur del pa\u00eds. Desconocidos prendieron fuego esta madrugada a papeles, cartones y ropa en las escaleras del edificio de [&hellip;]<\/p>\n","protected":false},"author":1,"featured_media":808332,"comment_status":"closed","ping_status":"closed","sticky":false,"template":"","format":"standard","meta":{"footnotes":""},"categories":[1],"tags":[],"class_list":["post-908260","post","type-post","status-publish","format-standard","has-post-thumbnail","hentry","category-actualidad"],"aioseo_notices":[],"aioseo_head":"\n\t\t<!-- All in One SEO Pro 4.9.6.2 - aioseo.com -->\n\t<meta name=\"description\" content=\"Erbach (Alemania), 17 sep (dpa) - Un incendio provocado en un hogar de refugiados en Alemania se sald\u00f3 con cinco heridos, comunic\u00f3 hoy la polic\u00eda de una localidad cercana a la ciudad de Ulm, en el sur del pa\u00eds. Desconocidos prendieron fuego esta madrugada a papeles, cartones y ropa en las escaleras del edificio de\" \/>\n\t<meta name=\"robots\" content=\"max-image-preview:large\" \/>\n\t<meta name=\"author\" content=\"El Digital de Asturias\"\/>\n\t<meta name=\"google-site-verification\" content=\"UA-38556648-1\" \/>\n\t<meta name=\"msvalidate.01\" content=\"7dfe9f3f1b24437ab69f4f2559babe99\" \/>\n\t<meta name=\"keywords\" content=\"actualidad\" \/>\n\t<link rel=\"canonical\" href=\"https:\/\/www.eldigitaldeasturias.com\/noticias\/vuelve-a-arder-un-hogar-de-refugiados-en-alemania\/\" \/>\n\t<meta name=\"generator\" content=\"All in One SEO Pro (AIOSEO) 4.9.6.2\" \/>\n\t\t<meta property=\"og:locale\" content=\"es_ES\" \/>\n\t\t<meta property=\"og:site_name\" content=\"El Digital de Asturias\" \/>\n\t\t<meta property=\"og:type\" content=\"article\" \/>\n\t\t<meta property=\"og:title\" content=\"Vuelve a arder un hogar de refugiados en Alemania - El Digital de Asturias\" \/>\n\t\t<meta property=\"og:description\" content=\"Erbach (Alemania), 17 sep (dpa) - Un incendio provocado en un hogar de refugiados en Alemania se sald\u00f3 con cinco heridos, comunic\u00f3 hoy la polic\u00eda de una localidad cercana a la ciudad de Ulm, en el sur del pa\u00eds. Desconocidos prendieron fuego esta madrugada a papeles, cartones y ropa en las escaleras del edificio de\" \/>\n\t\t<meta property=\"og:url\" content=\"https:\/\/www.eldigitaldeasturias.com\/noticias\/vuelve-a-arder-un-hogar-de-refugiados-en-alemania\/\" \/>\n\t\t<meta property=\"og:image\" content=\"https:\/\/www.eldigitaldeasturias.com\/noticias\/wp-content\/uploads\/2015\/09\/refugiados.jpg\" \/>\n\t\t<meta property=\"og:image:secure_url\" content=\"https:\/\/www.eldigitaldeasturias.com\/noticias\/wp-content\/uploads\/2015\/09\/refugiados.jpg\" \/>\n\t\t<meta property=\"og:image:width\" content=\"800\" \/>\n\t\t<meta property=\"og:image:height\" content=\"409\" \/>\n\t\t<meta property=\"article:tag\" content=\"actualidad\" \/>\n\t\t<meta property=\"article:published_time\" content=\"2016-09-17T21:17:03+00:00\" \/>\n\t\t<meta property=\"article:modified_time\" content=\"2016-09-17T21:17:03+00:00\" \/>\n\t\t<meta property=\"article:publisher\" content=\"https:\/\/facebook.com\/eldigitaldeasturias\" \/>\n\t\t<meta name=\"twitter:card\" content=\"summary_large_image\" \/>\n\t\t<meta name=\"twitter:title\" content=\"Vuelve a arder un hogar de refugiados en Alemania - El Digital de Asturias\" \/>\n\t\t<meta name=\"twitter:description\" content=\"Erbach (Alemania), 17 sep (dpa) - Un incendio provocado en un hogar de refugiados en Alemania se sald\u00f3 con cinco heridos, comunic\u00f3 hoy la polic\u00eda de una localidad cercana a la ciudad de Ulm, en el sur del pa\u00eds. Desconocidos prendieron fuego esta madrugada a papeles, cartones y ropa en las escaleras del edificio de\" \/>\n\t\t<meta name=\"twitter:image\" content=\"https:\/\/www.eldigitaldeasturias.com\/noticias\/wp-content\/uploads\/2015\/09\/refugiados.jpg\" \/>\n\t\t<meta name=\"twitter:label1\" content=\"Escrito por\" \/>\n\t\t<meta name=\"twitter:data1\" content=\"El Digital de Asturias\" \/>\n\t\t<meta name=\"twitter:label2\" content=\"Tiempo de lectura estimado\" \/>\n\t\t<meta name=\"twitter:data2\" content=\"1 minuto\" \/>\n\t\t<script type=\"application\/ld+json\" class=\"aioseo-schema\">\n\t\t\t{\"@context\":\"https:\\\/\\\/schema.org\",\"@graph\":[{\"@type\":\"BlogPosting\",\"@id\":\"https:\\\/\\\/www.eldigitaldeasturias.com\\\/noticias\\\/vuelve-a-arder-un-hogar-de-refugiados-en-alemania\\\/#blogposting\",\"name\":\"Vuelve a arder un hogar de refugiados en Alemania - El Digital de Asturias\",\"headline\":\"Vuelve a arder un hogar de refugiados en Alemania\",\"author\":{\"@id\":\"https:\\\/\\\/www.eldigitaldeasturias.com\\\/noticias\\\/author\\\/admin\\\/#author\"},\"publisher\":{\"@id\":\"https:\\\/\\\/www.eldigitaldeasturias.com\\\/noticias\\\/#organization\"},\"image\":{\"@type\":\"ImageObject\",\"url\":\"https:\\\/\\\/www.eldigitaldeasturias.com\\\/noticias\\\/wp-content\\\/uploads\\\/2015\\\/09\\\/refugiados.jpg\",\"width\":800,\"height\":409},\"datePublished\":\"2016-09-17T22:17:03+02:00\",\"dateModified\":\"2016-09-17T22:17:03+02:00\",\"inLanguage\":\"es-ES\",\"mainEntityOfPage\":{\"@id\":\"https:\\\/\\\/www.eldigitaldeasturias.com\\\/noticias\\\/vuelve-a-arder-un-hogar-de-refugiados-en-alemania\\\/#webpage\"},\"isPartOf\":{\"@id\":\"https:\\\/\\\/www.eldigitaldeasturias.com\\\/noticias\\\/vuelve-a-arder-un-hogar-de-refugiados-en-alemania\\\/#webpage\"},\"articleSection\":\"Actualidad\"},{\"@type\":\"BreadcrumbList\",\"@id\":\"https:\\\/\\\/www.eldigitaldeasturias.com\\\/noticias\\\/vuelve-a-arder-un-hogar-de-refugiados-en-alemania\\\/#breadcrumblist\",\"itemListElement\":[{\"@type\":\"ListItem\",\"@id\":\"https:\\\/\\\/www.eldigitaldeasturias.com\\\/noticias#listItem\",\"position\":1,\"name\":\"Home\",\"item\":\"https:\\\/\\\/www.eldigitaldeasturias.com\\\/noticias\",\"nextItem\":{\"@type\":\"ListItem\",\"@id\":\"https:\\\/\\\/www.eldigitaldeasturias.com\\\/noticias\\\/category\\\/actualidad\\\/#listItem\",\"name\":\"Actualidad\"}},{\"@type\":\"ListItem\",\"@id\":\"https:\\\/\\\/www.eldigitaldeasturias.com\\\/noticias\\\/category\\\/actualidad\\\/#listItem\",\"position\":2,\"name\":\"Actualidad\",\"item\":\"https:\\\/\\\/www.eldigitaldeasturias.com\\\/noticias\\\/category\\\/actualidad\\\/\",\"nextItem\":{\"@type\":\"ListItem\",\"@id\":\"https:\\\/\\\/www.eldigitaldeasturias.com\\\/noticias\\\/vuelve-a-arder-un-hogar-de-refugiados-en-alemania\\\/#listItem\",\"name\":\"Vuelve a arder un hogar de refugiados en Alemania\"},\"previousItem\":{\"@type\":\"ListItem\",\"@id\":\"https:\\\/\\\/www.eldigitaldeasturias.com\\\/noticias#listItem\",\"name\":\"Home\"}},{\"@type\":\"ListItem\",\"@id\":\"https:\\\/\\\/www.eldigitaldeasturias.com\\\/noticias\\\/vuelve-a-arder-un-hogar-de-refugiados-en-alemania\\\/#listItem\",\"position\":3,\"name\":\"Vuelve a arder un hogar de refugiados en Alemania\",\"previousItem\":{\"@type\":\"ListItem\",\"@id\":\"https:\\\/\\\/www.eldigitaldeasturias.com\\\/noticias\\\/category\\\/actualidad\\\/#listItem\",\"name\":\"Actualidad\"}}]},{\"@type\":\"Organization\",\"@id\":\"https:\\\/\\\/www.eldigitaldeasturias.com\\\/noticias\\\/#organization\",\"name\":\"El Digital de Asturias\",\"description\":\"Hemeroteca\",\"url\":\"https:\\\/\\\/www.eldigitaldeasturias.com\\\/noticias\\\/\",\"email\":\"info@eldigitaldeasturias.com\",\"telephone\":\"+34652131393\",\"logo\":{\"@type\":\"ImageObject\",\"url\":\"https:\\\/\\\/www.eldigitaldeasturias.com\\\/noticias\\\/wp-content\\\/uploads\\\/2020\\\/12\\\/EDA.jpg\",\"@id\":\"https:\\\/\\\/www.eldigitaldeasturias.com\\\/noticias\\\/vuelve-a-arder-un-hogar-de-refugiados-en-alemania\\\/#organizationLogo\",\"width\":649,\"height\":297},\"image\":{\"@id\":\"https:\\\/\\\/www.eldigitaldeasturias.com\\\/noticias\\\/vuelve-a-arder-un-hogar-de-refugiados-en-alemania\\\/#organizationLogo\"},\"sameAs\":[\"https:\\\/\\\/facebook.com\\\/eldigitaldeasturias\",\"https:\\\/\\\/www.youtube.com\\\/channel\\\/UCZP-2wLEB9Rv6erhFmqVnvg\"],\"address\":{\"@id\":\"https:\\\/\\\/www.eldigitaldeasturias.com\\\/noticias\\\/#postaladdress\",\"@type\":\"PostalAddress\",\"streetAddress\":\"san antonio 4,\",\"postalCode\":\"33430\",\"addressLocality\":\"Cand\\u00e1s\",\"addressRegion\":\"Asturias\",\"addressCountry\":\"ES\"}},{\"@type\":\"Person\",\"@id\":\"https:\\\/\\\/www.eldigitaldeasturias.com\\\/noticias\\\/author\\\/admin\\\/#author\",\"url\":\"https:\\\/\\\/www.eldigitaldeasturias.com\\\/noticias\\\/author\\\/admin\\\/\",\"name\":\"El Digital de Asturias\",\"image\":{\"@type\":\"ImageObject\",\"@id\":\"https:\\\/\\\/www.eldigitaldeasturias.com\\\/noticias\\\/vuelve-a-arder-un-hogar-de-refugiados-en-alemania\\\/#authorImage\",\"url\":\"https:\\\/\\\/www.eldigitaldeasturias.com\\\/noticias\\\/wp-content\\\/litespeed\\\/avatar\\\/18677e78aa0546b92d9dbf31ec7d7668.jpg?ver=1777290358\",\"width\":96,\"height\":96,\"caption\":\"El Digital de Asturias\"}},{\"@type\":\"WebPage\",\"@id\":\"https:\\\/\\\/www.eldigitaldeasturias.com\\\/noticias\\\/vuelve-a-arder-un-hogar-de-refugiados-en-alemania\\\/#webpage\",\"url\":\"https:\\\/\\\/www.eldigitaldeasturias.com\\\/noticias\\\/vuelve-a-arder-un-hogar-de-refugiados-en-alemania\\\/\",\"name\":\"Vuelve a arder un hogar de refugiados en Alemania - El Digital de Asturias\",\"description\":\"Erbach (Alemania), 17 sep (dpa) - Un incendio provocado en un hogar de refugiados en Alemania se sald\\u00f3 con cinco heridos, comunic\\u00f3 hoy la polic\\u00eda de una localidad cercana a la ciudad de Ulm, en el sur del pa\\u00eds. Desconocidos prendieron fuego esta madrugada a papeles, cartones y ropa en las escaleras del edificio de\",\"inLanguage\":\"es-ES\",\"isPartOf\":{\"@id\":\"https:\\\/\\\/www.eldigitaldeasturias.com\\\/noticias\\\/#website\"},\"breadcrumb\":{\"@id\":\"https:\\\/\\\/www.eldigitaldeasturias.com\\\/noticias\\\/vuelve-a-arder-un-hogar-de-refugiados-en-alemania\\\/#breadcrumblist\"},\"author\":{\"@id\":\"https:\\\/\\\/www.eldigitaldeasturias.com\\\/noticias\\\/author\\\/admin\\\/#author\"},\"creator\":{\"@id\":\"https:\\\/\\\/www.eldigitaldeasturias.com\\\/noticias\\\/author\\\/admin\\\/#author\"},\"image\":{\"@type\":\"ImageObject\",\"url\":\"https:\\\/\\\/www.eldigitaldeasturias.com\\\/noticias\\\/wp-content\\\/uploads\\\/2015\\\/09\\\/refugiados.jpg\",\"@id\":\"https:\\\/\\\/www.eldigitaldeasturias.com\\\/noticias\\\/vuelve-a-arder-un-hogar-de-refugiados-en-alemania\\\/#mainImage\",\"width\":800,\"height\":409},\"primaryImageOfPage\":{\"@id\":\"https:\\\/\\\/www.eldigitaldeasturias.com\\\/noticias\\\/vuelve-a-arder-un-hogar-de-refugiados-en-alemania\\\/#mainImage\"},\"datePublished\":\"2016-09-17T22:17:03+02:00\",\"dateModified\":\"2016-09-17T22:17:03+02:00\"},{\"@type\":\"WebSite\",\"@id\":\"https:\\\/\\\/www.eldigitaldeasturias.com\\\/noticias\\\/#website\",\"url\":\"https:\\\/\\\/www.eldigitaldeasturias.com\\\/noticias\\\/\",\"name\":\"El Digital de Asturias - Diario de actualidad y noticias\",\"alternateName\":\"El Digital de Asturias - Diario de actualidad y noticias\",\"description\":\"Hemeroteca\",\"inLanguage\":\"es-ES\",\"publisher\":{\"@id\":\"https:\\\/\\\/www.eldigitaldeasturias.com\\\/noticias\\\/#organization\"}}]}\n\t\t<\/script>\n\t\t<!-- All in One SEO Pro -->\r\n\t\t<title>Vuelve a arder un hogar de refugiados en Alemania - El Digital de Asturias<\/title>\n\n","aioseo_head_json":{"title":"Vuelve a arder un hogar de refugiados en Alemania - El Digital de Asturias","description":"Erbach (Alemania), 17 sep (dpa) - Un incendio provocado en un hogar de refugiados en Alemania se sald\u00f3 con cinco heridos, comunic\u00f3 hoy la polic\u00eda de una localidad cercana a la ciudad de Ulm, en el sur del pa\u00eds. Desconocidos prendieron fuego esta madrugada a papeles, cartones y ropa en las escaleras del edificio de","canonical_url":"https:\/\/www.eldigitaldeasturias.com\/noticias\/vuelve-a-arder-un-hogar-de-refugiados-en-alemania\/","robots":"max-image-preview:large","keywords":"actualidad","webmasterTools":{"google-site-verification":"UA-38556648-1","msvalidate.01":"7dfe9f3f1b24437ab69f4f2559babe99","miscellaneous":""},"schema":{"@context":"https:\/\/schema.org","@graph":[{"@type":"BlogPosting","@id":"https:\/\/www.eldigitaldeasturias.com\/noticias\/vuelve-a-arder-un-hogar-de-refugiados-en-alemania\/#blogposting","name":"Vuelve a arder un hogar de refugiados en Alemania - El Digital de Asturias","headline":"Vuelve a arder un hogar de refugiados en Alemania","author":{"@id":"https:\/\/www.eldigitaldeasturias.com\/noticias\/author\/admin\/#author"},"publisher":{"@id":"https:\/\/www.eldigitaldeasturias.com\/noticias\/#organization"},"image":{"@type":"ImageObject","url":"https:\/\/www.eldigitaldeasturias.com\/noticias\/wp-content\/uploads\/2015\/09\/refugiados.jpg","width":800,"height":409},"datePublished":"2016-09-17T22:17:03+02:00","dateModified":"2016-09-17T22:17:03+02:00","inLanguage":"es-ES","mainEntityOfPage":{"@id":"https:\/\/www.eldigitaldeasturias.com\/noticias\/vuelve-a-arder-un-hogar-de-refugiados-en-alemania\/#webpage"},"isPartOf":{"@id":"https:\/\/www.eldigitaldeasturias.com\/noticias\/vuelve-a-arder-un-hogar-de-refugiados-en-alemania\/#webpage"},"articleSection":"Actualidad"},{"@type":"BreadcrumbList","@id":"https:\/\/www.eldigitaldeasturias.com\/noticias\/vuelve-a-arder-un-hogar-de-refugiados-en-alemania\/#breadcrumblist","itemListElement":[{"@type":"ListItem","@id":"https:\/\/www.eldigitaldeasturias.com\/noticias#listItem","position":1,"name":"Home","item":"https:\/\/www.eldigitaldeasturias.com\/noticias","nextItem":{"@type":"ListItem","@id":"https:\/\/www.eldigitaldeasturias.com\/noticias\/category\/actualidad\/#listItem","name":"Actualidad"}},{"@type":"ListItem","@id":"https:\/\/www.eldigitaldeasturias.com\/noticias\/category\/actualidad\/#listItem","position":2,"name":"Actualidad","item":"https:\/\/www.eldigitaldeasturias.com\/noticias\/category\/actualidad\/","nextItem":{"@type":"ListItem","@id":"https:\/\/www.eldigitaldeasturias.com\/noticias\/vuelve-a-arder-un-hogar-de-refugiados-en-alemania\/#listItem","name":"Vuelve a arder un hogar de refugiados en Alemania"},"previousItem":{"@type":"ListItem","@id":"https:\/\/www.eldigitaldeasturias.com\/noticias#listItem","name":"Home"}},{"@type":"ListItem","@id":"https:\/\/www.eldigitaldeasturias.com\/noticias\/vuelve-a-arder-un-hogar-de-refugiados-en-alemania\/#listItem","position":3,"name":"Vuelve a arder un hogar de refugiados en Alemania","previousItem":{"@type":"ListItem","@id":"https:\/\/www.eldigitaldeasturias.com\/noticias\/category\/actualidad\/#listItem","name":"Actualidad"}}]},{"@type":"Organization","@id":"https:\/\/www.eldigitaldeasturias.com\/noticias\/#organization","name":"El Digital de Asturias","description":"Hemeroteca","url":"https:\/\/www.eldigitaldeasturias.com\/noticias\/","email":"info@eldigitaldeasturias.com","telephone":"+34652131393","logo":{"@type":"ImageObject","url":"https:\/\/www.eldigitaldeasturias.com\/noticias\/wp-content\/uploads\/2020\/12\/EDA.jpg","@id":"https:\/\/www.eldigitaldeasturias.com\/noticias\/vuelve-a-arder-un-hogar-de-refugiados-en-alemania\/#organizationLogo","width":649,"height":297},"image":{"@id":"https:\/\/www.eldigitaldeasturias.com\/noticias\/vuelve-a-arder-un-hogar-de-refugiados-en-alemania\/#organizationLogo"},"sameAs":["https:\/\/facebook.com\/eldigitaldeasturias","https:\/\/www.youtube.com\/channel\/UCZP-2wLEB9Rv6erhFmqVnvg"],"address":{"@id":"https:\/\/www.eldigitaldeasturias.com\/noticias\/#postaladdress","@type":"PostalAddress","streetAddress":"san antonio 4,","postalCode":"33430","addressLocality":"Cand\u00e1s","addressRegion":"Asturias","addressCountry":"ES"}},{"@type":"Person","@id":"https:\/\/www.eldigitaldeasturias.com\/noticias\/author\/admin\/#author","url":"https:\/\/www.eldigitaldeasturias.com\/noticias\/author\/admin\/","name":"El Digital de Asturias","image":{"@type":"ImageObject","@id":"https:\/\/www.eldigitaldeasturias.com\/noticias\/vuelve-a-arder-un-hogar-de-refugiados-en-alemania\/#authorImage","url":"https:\/\/www.eldigitaldeasturias.com\/noticias\/wp-content\/litespeed\/avatar\/18677e78aa0546b92d9dbf31ec7d7668.jpg?ver=1777290358","width":96,"height":96,"caption":"El Digital de Asturias"}},{"@type":"WebPage","@id":"https:\/\/www.eldigitaldeasturias.com\/noticias\/vuelve-a-arder-un-hogar-de-refugiados-en-alemania\/#webpage","url":"https:\/\/www.eldigitaldeasturias.com\/noticias\/vuelve-a-arder-un-hogar-de-refugiados-en-alemania\/","name":"Vuelve a arder un hogar de refugiados en Alemania - El Digital de Asturias","description":"Erbach (Alemania), 17 sep (dpa) - Un incendio provocado en un hogar de refugiados en Alemania se sald\u00f3 con cinco heridos, comunic\u00f3 hoy la polic\u00eda de una localidad cercana a la ciudad de Ulm, en el sur del pa\u00eds. Desconocidos prendieron fuego esta madrugada a papeles, cartones y ropa en las escaleras del edificio de","inLanguage":"es-ES","isPartOf":{"@id":"https:\/\/www.eldigitaldeasturias.com\/noticias\/#website"},"breadcrumb":{"@id":"https:\/\/www.eldigitaldeasturias.com\/noticias\/vuelve-a-arder-un-hogar-de-refugiados-en-alemania\/#breadcrumblist"},"author":{"@id":"https:\/\/www.eldigitaldeasturias.com\/noticias\/author\/admin\/#author"},"creator":{"@id":"https:\/\/www.eldigitaldeasturias.com\/noticias\/author\/admin\/#author"},"image":{"@type":"ImageObject","url":"https:\/\/www.eldigitaldeasturias.com\/noticias\/wp-content\/uploads\/2015\/09\/refugiados.jpg","@id":"https:\/\/www.eldigitaldeasturias.com\/noticias\/vuelve-a-arder-un-hogar-de-refugiados-en-alemania\/#mainImage","width":800,"height":409},"primaryImageOfPage":{"@id":"https:\/\/www.eldigitaldeasturias.com\/noticias\/vuelve-a-arder-un-hogar-de-refugiados-en-alemania\/#mainImage"},"datePublished":"2016-09-17T22:17:03+02:00","dateModified":"2016-09-17T22:17:03+02:00"},{"@type":"WebSite","@id":"https:\/\/www.eldigitaldeasturias.com\/noticias\/#website","url":"https:\/\/www.eldigitaldeasturias.com\/noticias\/","name":"El Digital de Asturias - Diario de actualidad y noticias","alternateName":"El Digital de Asturias - Diario de actualidad y noticias","description":"Hemeroteca","inLanguage":"es-ES","publisher":{"@id":"https:\/\/www.eldigitaldeasturias.com\/noticias\/#organization"}}]},"og:locale":"es_ES","og:site_name":"El Digital de Asturias","og:type":"article","og:title":"Vuelve a arder un hogar de refugiados en Alemania - El Digital de Asturias","og:description":"Erbach (Alemania), 17 sep (dpa) - Un incendio provocado en un hogar de refugiados en Alemania se sald\u00f3 con cinco heridos, comunic\u00f3 hoy la polic\u00eda de una localidad cercana a la ciudad de Ulm, en el sur del pa\u00eds. Desconocidos prendieron fuego esta madrugada a papeles, cartones y ropa en las escaleras del edificio de","og:url":"https:\/\/www.eldigitaldeasturias.com\/noticias\/vuelve-a-arder-un-hogar-de-refugiados-en-alemania\/","og:image":"https:\/\/www.eldigitaldeasturias.com\/noticias\/wp-content\/uploads\/2015\/09\/refugiados.jpg","og:image:secure_url":"https:\/\/www.eldigitaldeasturias.com\/noticias\/wp-content\/uploads\/2015\/09\/refugiados.jpg","og:image:width":800,"og:image:height":409,"article:tag":["actualidad"],"article:published_time":"2016-09-17T21:17:03+00:00","article:modified_time":"2016-09-17T21:17:03+00:00","article:publisher":"https:\/\/facebook.com\/eldigitaldeasturias","twitter:card":"summary_large_image","twitter:title":"Vuelve a arder un hogar de refugiados en Alemania - El Digital de Asturias","twitter:description":"Erbach (Alemania), 17 sep (dpa) - Un incendio provocado en un hogar de refugiados en Alemania se sald\u00f3 con cinco heridos, comunic\u00f3 hoy la polic\u00eda de una localidad cercana a la ciudad de Ulm, en el sur del pa\u00eds. Desconocidos prendieron fuego esta madrugada a papeles, cartones y ropa en las escaleras del edificio de","twitter:image":"https:\/\/www.eldigitaldeasturias.com\/noticias\/wp-content\/uploads\/2015\/09\/refugiados.jpg","twitter:label1":"Escrito por","twitter:data1":"El Digital de Asturias","twitter:label2":"Tiempo de lectura estimado","twitter:data2":"1 minuto"},"aioseo_meta_data":{"post_id":"908260","title":null,"description":null,"keywords":null,"keyphrases":null,"primary_term":null,"canonical_url":null,"og_title":null,"og_description":null,"og_object_type":"default","og_image_type":"default","og_image_url":null,"og_image_width":null,"og_image_height":null,"og_image_custom_url":null,"og_image_custom_fields":null,"og_video":null,"og_custom_url":null,"og_article_section":null,"og_article_tags":null,"twitter_use_og":false,"twitter_card":"default","twitter_image_type":"default","twitter_image_url":null,"twitter_image_custom_url":null,"twitter_image_custom_fields":null,"twitter_title":null,"twitter_description":null,"schema":{"blockGraphs":[],"customGraphs":[],"default":{"data":{"Article":[],"Course":[],"Dataset":[],"FAQPage":[],"Movie":[],"Person":[],"Product":[],"ProductReview":[],"Car":[],"Recipe":[],"Service":[],"SoftwareApplication":[],"WebPage":[]},"graphName":"","isEnabled":true},"graphs":[],"defaultGraph":"","defaultPostTypeGraph":""},"schema_type":null,"schema_type_options":null,"pillar_content":false,"robots_default":true,"robots_noindex":false,"robots_noarchive":false,"robots_nosnippet":false,"robots_nofollow":false,"robots_noimageindex":false,"robots_noodp":false,"robots_notranslate":false,"robots_max_snippet":null,"robots_max_videopreview":null,"robots_max_imagepreview":"large","priority":null,"frequency":null,"local_seo":null,"seo_analyzer_scan_date":"2025-11-30 15:28:16","breadcrumb_settings":null,"limit_modified_date":false,"open_ai":null,"ai":null,"created":"2020-12-21 14:00:17","updated":"2025-11-30 15:28:16"},"aioseo_breadcrumb":"<div class=\"aioseo-breadcrumbs\"><span class=\"aioseo-breadcrumb\">\n\t<a href=\"https:\/\/www.eldigitaldeasturias.com\/noticias\" title=\"Home\">Home<\/a>\n<\/span><span class=\"aioseo-breadcrumb-separator\">\u2013<\/span><span class=\"aioseo-breadcrumb\">\n\t<a href=\"https:\/\/www.eldigitaldeasturias.com\/noticias\/category\/actualidad\/\" title=\"Actualidad\">Actualidad<\/a>\n<\/span><span class=\"aioseo-breadcrumb-separator\">\u2013<\/span><span class=\"aioseo-breadcrumb\">\n\t<a href=\"https:\/\/www.eldigitaldeasturias.com\/noticias\/vuelve-a-arder-un-hogar-de-refugiados-en-alemania\/\" title=\"Vuelve a arder un hogar de refugiados en Alemania\">Vuelve a arder un hogar de refugiados en Alemania<\/a>\n<\/span><\/div>","aioseo_breadcrumb_json":[{"label":"Home","link":"https:\/\/www.eldigitaldeasturias.com\/noticias"},{"label":"Actualidad","link":"https:\/\/www.eldigitaldeasturias.com\/noticias\/category\/actualidad\/"},{"label":"Vuelve a arder un hogar de refugiados en Alemania","link":"https:\/\/www.eldigitaldeasturias.com\/noticias\/vuelve-a-arder-un-hogar-de-refugiados-en-alemania\/"}],"_links":{"self":[{"href":"https:\/\/www.eldigitaldeasturias.com\/noticias\/wp-json\/wp\/v2\/posts\/908260","targetHints":{"allow":["GET"]}}],"collection":[{"href":"https:\/\/www.eldigitaldeasturias.com\/noticias\/wp-json\/wp\/v2\/posts"}],"about":[{"href":"https:\/\/www.eldigitaldeasturias.com\/noticias\/wp-json\/wp\/v2\/types\/post"}],"author":[{"embeddable":true,"href":"https:\/\/www.eldigitaldeasturias.com\/noticias\/wp-json\/wp\/v2\/users\/1"}],"replies":[{"embeddable":true,"href":"https:\/\/www.eldigitaldeasturias.com\/noticias\/wp-json\/wp\/v2\/comments?post=908260"}],"version-history":[{"count":0,"href":"https:\/\/www.eldigitaldeasturias.com\/noticias\/wp-json\/wp\/v2\/posts\/908260\/revisions"}],"wp:featuredmedia":[{"embeddable":true,"href":"https:\/\/www.eldigitaldeasturias.com\/noticias\/wp-json\/wp\/v2\/media\/808332"}],"wp:attachment":[{"href":"https:\/\/www.eldigitaldeasturias.com\/noticias\/wp-json\/wp\/v2\/media?parent=908260"}],"wp:term":[{"taxonomy":"category","embeddable":true,"href":"https:\/\/www.eldigitaldeasturias.com\/noticias\/wp-json\/wp\/v2\/categories?post=908260"},{"taxonomy":"post_tag","embeddable":true,"href":"https:\/\/www.eldigitaldeasturias.com\/noticias\/wp-json\/wp\/v2\/tags?post=908260"}],"curies":[{"name":"wp","href":"https:\/\/api.w.org\/{rel}","templated":true}]}}