{"id":908258,"date":"2016-09-17T22:15:29","date_gmt":"2016-09-17T21:15:29","guid":{"rendered":"http:\/\/www.eldigitaldeasturias.com\/noticias\/?p=908258"},"modified":"2016-09-17T22:15:29","modified_gmt":"2016-09-17T21:15:29","slug":"protestas-en-alemania-contra-acuerdo-de-libre-comercio-con-eeuu","status":"publish","type":"post","link":"https:\/\/www.eldigitaldeasturias.com\/noticias\/protestas-en-alemania-contra-acuerdo-de-libre-comercio-con-eeuu\/","title":{"rendered":"Protestas en Alemania contra acuerdo de libre comercio con EEUU"},"content":{"rendered":"<p><img loading=\"lazy\" decoding=\"async\" class=\"alignleft size-medium wp-image-822740\" src=\"https:\/\/www.eldigitaldeasturias.com\/noticias\/wp-content\/uploads\/2015\/11\/euros-360x241.jpg\" alt=\"euros\" width=\"360\" height=\"241\" srcset=\"https:\/\/www.eldigitaldeasturias.com\/noticias\/wp-content\/uploads\/2015\/11\/euros-360x241.jpg 360w, https:\/\/www.eldigitaldeasturias.com\/noticias\/wp-content\/uploads\/2015\/11\/euros-696x466.jpg 696w, https:\/\/www.eldigitaldeasturias.com\/noticias\/wp-content\/uploads\/2015\/11\/euros-627x420.jpg 627w, https:\/\/www.eldigitaldeasturias.com\/noticias\/wp-content\/uploads\/2015\/11\/euros-768x515.jpg 768w, https:\/\/www.eldigitaldeasturias.com\/noticias\/wp-content\/uploads\/2015\/11\/euros-650x436.jpg 650w, https:\/\/www.eldigitaldeasturias.com\/noticias\/wp-content\/uploads\/2015\/11\/euros.jpg 800w\" sizes=\"auto, (max-width: 360px) 100vw, 360px\" \/>Berl\u00edn, 17 sep (dpa) &#8211; Decenas de miles de manifestantes salieron hoy a la calle en siete ciudades de Alemania para protestar contra los acuerdos de libre comercio que negocia la Uni\u00f3n Europea con Estados Unidos y Canad\u00e1.<\/p>\n<p>Bajo el lema de \u00abParen TTIP &amp; CETA &#8211; por un comercio mundial justo\u00bb esperan movilizar a m\u00e1s de 250.000 personas en los actos convocados en Berl\u00edn, Fr\u00e1ncfort, Colonia, Stuttgart, Hamburgo, Leipzig y M\u00fanich. \u00danicamente en la capital, Berl\u00edn, se cuenta con la asistencia de unas 80.000 personas.<\/p>\n<p>Las protestas se dan en medio de se\u00f1ales de un creciente escepticismo hacia los tratados de libre comercio y un a\u00f1o antes de las elecciones generales en Alemania.<\/p>\n<p>Cerca de un 28 por ciento de los alemanes dudan de que los acuerdos resulten ventajosos, seg\u00fan arroj\u00f3 una encuesta publicada el viernes por el instituto Ipsos. La consulta tambi\u00e9n puso de manifiesto que 52 por ciento cree que los acuerdos contribuir\u00e1n a diluir los criterios vigentes en Europa y podr\u00edan traer aparejada la importaci\u00f3n de productos con defectos.<\/p>\n<p>Los resultados de la encuesta reflejan el sentir de muchos en el pa\u00eds, que temen que se rebajen los criterios ecol\u00f3gicos y sociales en Europa y que se vea reforzada la postura de las multinacionales a trav\u00e9s de tribunales especiales para arbitrar en controversias de comercio entre empresas y Estados.<\/p>\n<p>Por su parte, el presidente de la poderosa Federaci\u00f3n de la Industria Alemana (BDI), abog\u00f3 nuevamente por la firma de los acuerdos con Estados Unidos, conocido como TTIP, y con Canad\u00e1, denominado CETA.<\/p>\n<p>\u00abSer\u00eda un rev\u00e9s serio para Europa si fracasasen el TTIP y el CETA. No ser\u00eda una victoria de un movimiento de protesta ilustrado. Ser\u00eda la prueba de que los europeos no quieren desarrollar reglas comunes para que el comercio mundial sea m\u00e1s justo y mejor\u00bb.<\/p>\n<p>En Alemania, la mayor econom\u00eda de Europa, uno de cada cuatro puestos de trabajo est\u00e1 ligado directa o indirectamente al comercio.<\/p>\n<p>La Uni\u00f3n Europea y Canad\u00e1 tienen previsto firmar el acuerdo CETA en una cumbre el pr\u00f3ximo mes de octubre. Mientras, las negociaciones con Estados Unidos se prolongan desde hace tres a\u00f1os.<\/p>\n<p>Oficialmente, las autoridades de ambas partes aspiran a cerrar un acuerdo antes de que finalice la gesti\u00f3n de Barack Obama al frente de la presidencia estadounidense en enero de 2017.<\/p>\n<p>De cerrarse, la Asociaci\u00f3n Transatl\u00e1ntica para el Comercio y la Inversi\u00f3n (TTIP) permitir\u00eda la creaci\u00f3n de la mayor zona de libre comercio del mundo, con unos 800 millones de personas.<\/p>\n<p>Esta semana, los ministros de 12 pa\u00edses miembros de la Uni\u00f3n Euroepa, incluidos Espa\u00f1a, Italia, Reino Unido y los pa\u00edses n\u00f3rdicos expresaron su firme respaldo a las negociaciones.<\/p>\n<p>\u00abEstamos convencidos de que necesitamos m\u00e1s comercio si queremos seguir creando puestos de trabajo en la UE\u00bb, sostuvieron en una carta remitida a la comisaria europea de Comercio, Cecilia Malmstr\u00f6m.<\/p>\n<p>La carta fue rubricada por ministros de Espa\u00f1a, el Reino Unido, la Rep\u00fablica Checa, Estonia, Finlandia, Irlanda, Italia, Letonia, Lituania, Portugal y Suecia.<\/p>\n<p>&nbsp;<\/p>\n","protected":false},"excerpt":{"rendered":"<p>Berl\u00edn, 17 sep (dpa) &#8211; Decenas de miles de manifestantes salieron hoy a la calle en siete ciudades de Alemania para protestar contra los acuerdos de libre comercio que negocia la Uni\u00f3n Europea con Estados Unidos y Canad\u00e1. Bajo el lema de \u00abParen TTIP &amp; CETA &#8211; por un comercio mundial justo\u00bb esperan movilizar a [&hellip;]<\/p>\n","protected":false},"author":1,"featured_media":822740,"comment_status":"closed","ping_status":"closed","sticky":false,"template":"","format":"standard","meta":{"footnotes":""},"categories":[1],"tags":[],"class_list":["post-908258","post","type-post","status-publish","format-standard","has-post-thumbnail","hentry","category-actualidad"],"aioseo_notices":[],"aioseo_head":"\n\t\t<!-- All in One SEO Pro 4.9.6.2 - aioseo.com -->\n\t<meta name=\"description\" content=\"Berl\u00edn, 17 sep (dpa) - Decenas de miles de manifestantes salieron hoy a la calle en siete ciudades de Alemania para protestar contra los acuerdos de libre comercio que negocia la Uni\u00f3n Europea con Estados Unidos y Canad\u00e1. Bajo el lema de &quot;Paren TTIP &amp; CETA - por un comercio mundial justo&quot; esperan movilizar a\" \/>\n\t<meta name=\"robots\" content=\"max-image-preview:large\" \/>\n\t<meta name=\"author\" content=\"El Digital de Asturias\"\/>\n\t<meta name=\"google-site-verification\" content=\"UA-38556648-1\" \/>\n\t<meta name=\"msvalidate.01\" content=\"7dfe9f3f1b24437ab69f4f2559babe99\" \/>\n\t<meta name=\"keywords\" content=\"actualidad\" \/>\n\t<link rel=\"canonical\" href=\"https:\/\/www.eldigitaldeasturias.com\/noticias\/protestas-en-alemania-contra-acuerdo-de-libre-comercio-con-eeuu\/\" \/>\n\t<meta name=\"generator\" content=\"All in One SEO Pro (AIOSEO) 4.9.6.2\" \/>\n\t\t<meta property=\"og:locale\" content=\"es_ES\" \/>\n\t\t<meta property=\"og:site_name\" content=\"El Digital de Asturias\" \/>\n\t\t<meta property=\"og:type\" content=\"article\" \/>\n\t\t<meta property=\"og:title\" content=\"Protestas en Alemania contra acuerdo de libre comercio con EEUU - El Digital de Asturias\" \/>\n\t\t<meta property=\"og:description\" content=\"Berl\u00edn, 17 sep (dpa) - Decenas de miles de manifestantes salieron hoy a la calle en siete ciudades de Alemania para protestar contra los acuerdos de libre comercio que negocia la Uni\u00f3n Europea con Estados Unidos y Canad\u00e1. Bajo el lema de &quot;Paren TTIP &amp; CETA - por un comercio mundial justo&quot; esperan movilizar a\" \/>\n\t\t<meta property=\"og:url\" content=\"https:\/\/www.eldigitaldeasturias.com\/noticias\/protestas-en-alemania-contra-acuerdo-de-libre-comercio-con-eeuu\/\" \/>\n\t\t<meta property=\"og:image\" content=\"https:\/\/www.eldigitaldeasturias.com\/noticias\/wp-content\/uploads\/2015\/11\/euros.jpg\" \/>\n\t\t<meta property=\"og:image:secure_url\" content=\"https:\/\/www.eldigitaldeasturias.com\/noticias\/wp-content\/uploads\/2015\/11\/euros.jpg\" \/>\n\t\t<meta property=\"og:image:width\" content=\"800\" \/>\n\t\t<meta property=\"og:image:height\" content=\"536\" \/>\n\t\t<meta property=\"article:tag\" content=\"actualidad\" \/>\n\t\t<meta property=\"article:published_time\" content=\"2016-09-17T21:15:29+00:00\" \/>\n\t\t<meta property=\"article:modified_time\" content=\"2016-09-17T21:15:29+00:00\" \/>\n\t\t<meta property=\"article:publisher\" content=\"https:\/\/facebook.com\/eldigitaldeasturias\" \/>\n\t\t<meta name=\"twitter:card\" content=\"summary_large_image\" \/>\n\t\t<meta name=\"twitter:title\" content=\"Protestas en Alemania contra acuerdo de libre comercio con EEUU - El Digital de Asturias\" \/>\n\t\t<meta name=\"twitter:description\" content=\"Berl\u00edn, 17 sep (dpa) - Decenas de miles de manifestantes salieron hoy a la calle en siete ciudades de Alemania para protestar contra los acuerdos de libre comercio que negocia la Uni\u00f3n Europea con Estados Unidos y Canad\u00e1. Bajo el lema de &quot;Paren TTIP &amp; CETA - por un comercio mundial justo&quot; esperan movilizar a\" \/>\n\t\t<meta name=\"twitter:image\" content=\"https:\/\/www.eldigitaldeasturias.com\/noticias\/wp-content\/uploads\/2015\/11\/euros.jpg\" \/>\n\t\t<meta name=\"twitter:label1\" content=\"Escrito por\" \/>\n\t\t<meta name=\"twitter:data1\" content=\"El Digital de Asturias\" \/>\n\t\t<meta name=\"twitter:label2\" content=\"Tiempo de lectura estimado\" \/>\n\t\t<meta name=\"twitter:data2\" content=\"3 minutos\" \/>\n\t\t<script type=\"application\/ld+json\" class=\"aioseo-schema\">\n\t\t\t{\"@context\":\"https:\\\/\\\/schema.org\",\"@graph\":[{\"@type\":\"BlogPosting\",\"@id\":\"https:\\\/\\\/www.eldigitaldeasturias.com\\\/noticias\\\/protestas-en-alemania-contra-acuerdo-de-libre-comercio-con-eeuu\\\/#blogposting\",\"name\":\"Protestas en Alemania contra acuerdo de libre comercio con EEUU - El Digital de Asturias\",\"headline\":\"Protestas en Alemania contra acuerdo de libre comercio con EEUU\",\"author\":{\"@id\":\"https:\\\/\\\/www.eldigitaldeasturias.com\\\/noticias\\\/author\\\/admin\\\/#author\"},\"publisher\":{\"@id\":\"https:\\\/\\\/www.eldigitaldeasturias.com\\\/noticias\\\/#organization\"},\"image\":{\"@type\":\"ImageObject\",\"url\":\"https:\\\/\\\/www.eldigitaldeasturias.com\\\/noticias\\\/wp-content\\\/uploads\\\/2015\\\/11\\\/euros.jpg\",\"width\":800,\"height\":536,\"caption\":\"euros\"},\"datePublished\":\"2016-09-17T22:15:29+02:00\",\"dateModified\":\"2016-09-17T22:15:29+02:00\",\"inLanguage\":\"es-ES\",\"mainEntityOfPage\":{\"@id\":\"https:\\\/\\\/www.eldigitaldeasturias.com\\\/noticias\\\/protestas-en-alemania-contra-acuerdo-de-libre-comercio-con-eeuu\\\/#webpage\"},\"isPartOf\":{\"@id\":\"https:\\\/\\\/www.eldigitaldeasturias.com\\\/noticias\\\/protestas-en-alemania-contra-acuerdo-de-libre-comercio-con-eeuu\\\/#webpage\"},\"articleSection\":\"Actualidad\"},{\"@type\":\"BreadcrumbList\",\"@id\":\"https:\\\/\\\/www.eldigitaldeasturias.com\\\/noticias\\\/protestas-en-alemania-contra-acuerdo-de-libre-comercio-con-eeuu\\\/#breadcrumblist\",\"itemListElement\":[{\"@type\":\"ListItem\",\"@id\":\"https:\\\/\\\/www.eldigitaldeasturias.com\\\/noticias#listItem\",\"position\":1,\"name\":\"Home\",\"item\":\"https:\\\/\\\/www.eldigitaldeasturias.com\\\/noticias\",\"nextItem\":{\"@type\":\"ListItem\",\"@id\":\"https:\\\/\\\/www.eldigitaldeasturias.com\\\/noticias\\\/category\\\/actualidad\\\/#listItem\",\"name\":\"Actualidad\"}},{\"@type\":\"ListItem\",\"@id\":\"https:\\\/\\\/www.eldigitaldeasturias.com\\\/noticias\\\/category\\\/actualidad\\\/#listItem\",\"position\":2,\"name\":\"Actualidad\",\"item\":\"https:\\\/\\\/www.eldigitaldeasturias.com\\\/noticias\\\/category\\\/actualidad\\\/\",\"nextItem\":{\"@type\":\"ListItem\",\"@id\":\"https:\\\/\\\/www.eldigitaldeasturias.com\\\/noticias\\\/protestas-en-alemania-contra-acuerdo-de-libre-comercio-con-eeuu\\\/#listItem\",\"name\":\"Protestas en Alemania contra acuerdo de libre comercio con EEUU\"},\"previousItem\":{\"@type\":\"ListItem\",\"@id\":\"https:\\\/\\\/www.eldigitaldeasturias.com\\\/noticias#listItem\",\"name\":\"Home\"}},{\"@type\":\"ListItem\",\"@id\":\"https:\\\/\\\/www.eldigitaldeasturias.com\\\/noticias\\\/protestas-en-alemania-contra-acuerdo-de-libre-comercio-con-eeuu\\\/#listItem\",\"position\":3,\"name\":\"Protestas en Alemania contra acuerdo de libre comercio con EEUU\",\"previousItem\":{\"@type\":\"ListItem\",\"@id\":\"https:\\\/\\\/www.eldigitaldeasturias.com\\\/noticias\\\/category\\\/actualidad\\\/#listItem\",\"name\":\"Actualidad\"}}]},{\"@type\":\"Organization\",\"@id\":\"https:\\\/\\\/www.eldigitaldeasturias.com\\\/noticias\\\/#organization\",\"name\":\"El Digital de Asturias\",\"description\":\"Hemeroteca\",\"url\":\"https:\\\/\\\/www.eldigitaldeasturias.com\\\/noticias\\\/\",\"email\":\"info@eldigitaldeasturias.com\",\"telephone\":\"+34652131393\",\"logo\":{\"@type\":\"ImageObject\",\"url\":\"https:\\\/\\\/www.eldigitaldeasturias.com\\\/noticias\\\/wp-content\\\/uploads\\\/2020\\\/12\\\/EDA.jpg\",\"@id\":\"https:\\\/\\\/www.eldigitaldeasturias.com\\\/noticias\\\/protestas-en-alemania-contra-acuerdo-de-libre-comercio-con-eeuu\\\/#organizationLogo\",\"width\":649,\"height\":297},\"image\":{\"@id\":\"https:\\\/\\\/www.eldigitaldeasturias.com\\\/noticias\\\/protestas-en-alemania-contra-acuerdo-de-libre-comercio-con-eeuu\\\/#organizationLogo\"},\"sameAs\":[\"https:\\\/\\\/facebook.com\\\/eldigitaldeasturias\",\"https:\\\/\\\/www.youtube.com\\\/channel\\\/UCZP-2wLEB9Rv6erhFmqVnvg\"],\"address\":{\"@id\":\"https:\\\/\\\/www.eldigitaldeasturias.com\\\/noticias\\\/#postaladdress\",\"@type\":\"PostalAddress\",\"streetAddress\":\"san antonio 4,\",\"postalCode\":\"33430\",\"addressLocality\":\"Cand\\u00e1s\",\"addressRegion\":\"Asturias\",\"addressCountry\":\"ES\"}},{\"@type\":\"Person\",\"@id\":\"https:\\\/\\\/www.eldigitaldeasturias.com\\\/noticias\\\/author\\\/admin\\\/#author\",\"url\":\"https:\\\/\\\/www.eldigitaldeasturias.com\\\/noticias\\\/author\\\/admin\\\/\",\"name\":\"El Digital de Asturias\",\"image\":{\"@type\":\"ImageObject\",\"@id\":\"https:\\\/\\\/www.eldigitaldeasturias.com\\\/noticias\\\/protestas-en-alemania-contra-acuerdo-de-libre-comercio-con-eeuu\\\/#authorImage\",\"url\":\"https:\\\/\\\/www.eldigitaldeasturias.com\\\/noticias\\\/wp-content\\\/litespeed\\\/avatar\\\/18677e78aa0546b92d9dbf31ec7d7668.jpg?ver=1777290358\",\"width\":96,\"height\":96,\"caption\":\"El Digital de Asturias\"}},{\"@type\":\"WebPage\",\"@id\":\"https:\\\/\\\/www.eldigitaldeasturias.com\\\/noticias\\\/protestas-en-alemania-contra-acuerdo-de-libre-comercio-con-eeuu\\\/#webpage\",\"url\":\"https:\\\/\\\/www.eldigitaldeasturias.com\\\/noticias\\\/protestas-en-alemania-contra-acuerdo-de-libre-comercio-con-eeuu\\\/\",\"name\":\"Protestas en Alemania contra acuerdo de libre comercio con EEUU - El Digital de Asturias\",\"description\":\"Berl\\u00edn, 17 sep (dpa) - Decenas de miles de manifestantes salieron hoy a la calle en siete ciudades de Alemania para protestar contra los acuerdos de libre comercio que negocia la Uni\\u00f3n Europea con Estados Unidos y Canad\\u00e1. Bajo el lema de \\\"Paren TTIP & CETA - por un comercio mundial justo\\\" esperan movilizar a\",\"inLanguage\":\"es-ES\",\"isPartOf\":{\"@id\":\"https:\\\/\\\/www.eldigitaldeasturias.com\\\/noticias\\\/#website\"},\"breadcrumb\":{\"@id\":\"https:\\\/\\\/www.eldigitaldeasturias.com\\\/noticias\\\/protestas-en-alemania-contra-acuerdo-de-libre-comercio-con-eeuu\\\/#breadcrumblist\"},\"author\":{\"@id\":\"https:\\\/\\\/www.eldigitaldeasturias.com\\\/noticias\\\/author\\\/admin\\\/#author\"},\"creator\":{\"@id\":\"https:\\\/\\\/www.eldigitaldeasturias.com\\\/noticias\\\/author\\\/admin\\\/#author\"},\"image\":{\"@type\":\"ImageObject\",\"url\":\"https:\\\/\\\/www.eldigitaldeasturias.com\\\/noticias\\\/wp-content\\\/uploads\\\/2015\\\/11\\\/euros.jpg\",\"@id\":\"https:\\\/\\\/www.eldigitaldeasturias.com\\\/noticias\\\/protestas-en-alemania-contra-acuerdo-de-libre-comercio-con-eeuu\\\/#mainImage\",\"width\":800,\"height\":536,\"caption\":\"euros\"},\"primaryImageOfPage\":{\"@id\":\"https:\\\/\\\/www.eldigitaldeasturias.com\\\/noticias\\\/protestas-en-alemania-contra-acuerdo-de-libre-comercio-con-eeuu\\\/#mainImage\"},\"datePublished\":\"2016-09-17T22:15:29+02:00\",\"dateModified\":\"2016-09-17T22:15:29+02:00\"},{\"@type\":\"WebSite\",\"@id\":\"https:\\\/\\\/www.eldigitaldeasturias.com\\\/noticias\\\/#website\",\"url\":\"https:\\\/\\\/www.eldigitaldeasturias.com\\\/noticias\\\/\",\"name\":\"El Digital de Asturias - Diario de actualidad y noticias\",\"alternateName\":\"El Digital de Asturias - Diario de actualidad y noticias\",\"description\":\"Hemeroteca\",\"inLanguage\":\"es-ES\",\"publisher\":{\"@id\":\"https:\\\/\\\/www.eldigitaldeasturias.com\\\/noticias\\\/#organization\"}}]}\n\t\t<\/script>\n\t\t<!-- All in One SEO Pro -->\r\n\t\t<title>Protestas en Alemania contra acuerdo de libre comercio con EEUU - El Digital de Asturias<\/title>\n\n","aioseo_head_json":{"title":"Protestas en Alemania contra acuerdo de libre comercio con EEUU - El Digital de Asturias","description":"Berl\u00edn, 17 sep (dpa) - Decenas de miles de manifestantes salieron hoy a la calle en siete ciudades de Alemania para protestar contra los acuerdos de libre comercio que negocia la Uni\u00f3n Europea con Estados Unidos y Canad\u00e1. Bajo el lema de \"Paren TTIP & CETA - por un comercio mundial justo\" esperan movilizar a","canonical_url":"https:\/\/www.eldigitaldeasturias.com\/noticias\/protestas-en-alemania-contra-acuerdo-de-libre-comercio-con-eeuu\/","robots":"max-image-preview:large","keywords":"actualidad","webmasterTools":{"google-site-verification":"UA-38556648-1","msvalidate.01":"7dfe9f3f1b24437ab69f4f2559babe99","miscellaneous":""},"schema":{"@context":"https:\/\/schema.org","@graph":[{"@type":"BlogPosting","@id":"https:\/\/www.eldigitaldeasturias.com\/noticias\/protestas-en-alemania-contra-acuerdo-de-libre-comercio-con-eeuu\/#blogposting","name":"Protestas en Alemania contra acuerdo de libre comercio con EEUU - El Digital de Asturias","headline":"Protestas en Alemania contra acuerdo de libre comercio con EEUU","author":{"@id":"https:\/\/www.eldigitaldeasturias.com\/noticias\/author\/admin\/#author"},"publisher":{"@id":"https:\/\/www.eldigitaldeasturias.com\/noticias\/#organization"},"image":{"@type":"ImageObject","url":"https:\/\/www.eldigitaldeasturias.com\/noticias\/wp-content\/uploads\/2015\/11\/euros.jpg","width":800,"height":536,"caption":"euros"},"datePublished":"2016-09-17T22:15:29+02:00","dateModified":"2016-09-17T22:15:29+02:00","inLanguage":"es-ES","mainEntityOfPage":{"@id":"https:\/\/www.eldigitaldeasturias.com\/noticias\/protestas-en-alemania-contra-acuerdo-de-libre-comercio-con-eeuu\/#webpage"},"isPartOf":{"@id":"https:\/\/www.eldigitaldeasturias.com\/noticias\/protestas-en-alemania-contra-acuerdo-de-libre-comercio-con-eeuu\/#webpage"},"articleSection":"Actualidad"},{"@type":"BreadcrumbList","@id":"https:\/\/www.eldigitaldeasturias.com\/noticias\/protestas-en-alemania-contra-acuerdo-de-libre-comercio-con-eeuu\/#breadcrumblist","itemListElement":[{"@type":"ListItem","@id":"https:\/\/www.eldigitaldeasturias.com\/noticias#listItem","position":1,"name":"Home","item":"https:\/\/www.eldigitaldeasturias.com\/noticias","nextItem":{"@type":"ListItem","@id":"https:\/\/www.eldigitaldeasturias.com\/noticias\/category\/actualidad\/#listItem","name":"Actualidad"}},{"@type":"ListItem","@id":"https:\/\/www.eldigitaldeasturias.com\/noticias\/category\/actualidad\/#listItem","position":2,"name":"Actualidad","item":"https:\/\/www.eldigitaldeasturias.com\/noticias\/category\/actualidad\/","nextItem":{"@type":"ListItem","@id":"https:\/\/www.eldigitaldeasturias.com\/noticias\/protestas-en-alemania-contra-acuerdo-de-libre-comercio-con-eeuu\/#listItem","name":"Protestas en Alemania contra acuerdo de libre comercio con EEUU"},"previousItem":{"@type":"ListItem","@id":"https:\/\/www.eldigitaldeasturias.com\/noticias#listItem","name":"Home"}},{"@type":"ListItem","@id":"https:\/\/www.eldigitaldeasturias.com\/noticias\/protestas-en-alemania-contra-acuerdo-de-libre-comercio-con-eeuu\/#listItem","position":3,"name":"Protestas en Alemania contra acuerdo de libre comercio con EEUU","previousItem":{"@type":"ListItem","@id":"https:\/\/www.eldigitaldeasturias.com\/noticias\/category\/actualidad\/#listItem","name":"Actualidad"}}]},{"@type":"Organization","@id":"https:\/\/www.eldigitaldeasturias.com\/noticias\/#organization","name":"El Digital de Asturias","description":"Hemeroteca","url":"https:\/\/www.eldigitaldeasturias.com\/noticias\/","email":"info@eldigitaldeasturias.com","telephone":"+34652131393","logo":{"@type":"ImageObject","url":"https:\/\/www.eldigitaldeasturias.com\/noticias\/wp-content\/uploads\/2020\/12\/EDA.jpg","@id":"https:\/\/www.eldigitaldeasturias.com\/noticias\/protestas-en-alemania-contra-acuerdo-de-libre-comercio-con-eeuu\/#organizationLogo","width":649,"height":297},"image":{"@id":"https:\/\/www.eldigitaldeasturias.com\/noticias\/protestas-en-alemania-contra-acuerdo-de-libre-comercio-con-eeuu\/#organizationLogo"},"sameAs":["https:\/\/facebook.com\/eldigitaldeasturias","https:\/\/www.youtube.com\/channel\/UCZP-2wLEB9Rv6erhFmqVnvg"],"address":{"@id":"https:\/\/www.eldigitaldeasturias.com\/noticias\/#postaladdress","@type":"PostalAddress","streetAddress":"san antonio 4,","postalCode":"33430","addressLocality":"Cand\u00e1s","addressRegion":"Asturias","addressCountry":"ES"}},{"@type":"Person","@id":"https:\/\/www.eldigitaldeasturias.com\/noticias\/author\/admin\/#author","url":"https:\/\/www.eldigitaldeasturias.com\/noticias\/author\/admin\/","name":"El Digital de Asturias","image":{"@type":"ImageObject","@id":"https:\/\/www.eldigitaldeasturias.com\/noticias\/protestas-en-alemania-contra-acuerdo-de-libre-comercio-con-eeuu\/#authorImage","url":"https:\/\/www.eldigitaldeasturias.com\/noticias\/wp-content\/litespeed\/avatar\/18677e78aa0546b92d9dbf31ec7d7668.jpg?ver=1777290358","width":96,"height":96,"caption":"El Digital de Asturias"}},{"@type":"WebPage","@id":"https:\/\/www.eldigitaldeasturias.com\/noticias\/protestas-en-alemania-contra-acuerdo-de-libre-comercio-con-eeuu\/#webpage","url":"https:\/\/www.eldigitaldeasturias.com\/noticias\/protestas-en-alemania-contra-acuerdo-de-libre-comercio-con-eeuu\/","name":"Protestas en Alemania contra acuerdo de libre comercio con EEUU - El Digital de Asturias","description":"Berl\u00edn, 17 sep (dpa) - Decenas de miles de manifestantes salieron hoy a la calle en siete ciudades de Alemania para protestar contra los acuerdos de libre comercio que negocia la Uni\u00f3n Europea con Estados Unidos y Canad\u00e1. Bajo el lema de \"Paren TTIP & CETA - por un comercio mundial justo\" esperan movilizar a","inLanguage":"es-ES","isPartOf":{"@id":"https:\/\/www.eldigitaldeasturias.com\/noticias\/#website"},"breadcrumb":{"@id":"https:\/\/www.eldigitaldeasturias.com\/noticias\/protestas-en-alemania-contra-acuerdo-de-libre-comercio-con-eeuu\/#breadcrumblist"},"author":{"@id":"https:\/\/www.eldigitaldeasturias.com\/noticias\/author\/admin\/#author"},"creator":{"@id":"https:\/\/www.eldigitaldeasturias.com\/noticias\/author\/admin\/#author"},"image":{"@type":"ImageObject","url":"https:\/\/www.eldigitaldeasturias.com\/noticias\/wp-content\/uploads\/2015\/11\/euros.jpg","@id":"https:\/\/www.eldigitaldeasturias.com\/noticias\/protestas-en-alemania-contra-acuerdo-de-libre-comercio-con-eeuu\/#mainImage","width":800,"height":536,"caption":"euros"},"primaryImageOfPage":{"@id":"https:\/\/www.eldigitaldeasturias.com\/noticias\/protestas-en-alemania-contra-acuerdo-de-libre-comercio-con-eeuu\/#mainImage"},"datePublished":"2016-09-17T22:15:29+02:00","dateModified":"2016-09-17T22:15:29+02:00"},{"@type":"WebSite","@id":"https:\/\/www.eldigitaldeasturias.com\/noticias\/#website","url":"https:\/\/www.eldigitaldeasturias.com\/noticias\/","name":"El Digital de Asturias - Diario de actualidad y noticias","alternateName":"El Digital de Asturias - Diario de actualidad y noticias","description":"Hemeroteca","inLanguage":"es-ES","publisher":{"@id":"https:\/\/www.eldigitaldeasturias.com\/noticias\/#organization"}}]},"og:locale":"es_ES","og:site_name":"El Digital de Asturias","og:type":"article","og:title":"Protestas en Alemania contra acuerdo de libre comercio con EEUU - El Digital de Asturias","og:description":"Berl\u00edn, 17 sep (dpa) - Decenas de miles de manifestantes salieron hoy a la calle en siete ciudades de Alemania para protestar contra los acuerdos de libre comercio que negocia la Uni\u00f3n Europea con Estados Unidos y Canad\u00e1. Bajo el lema de &quot;Paren TTIP &amp; CETA - por un comercio mundial justo&quot; esperan movilizar a","og:url":"https:\/\/www.eldigitaldeasturias.com\/noticias\/protestas-en-alemania-contra-acuerdo-de-libre-comercio-con-eeuu\/","og:image":"https:\/\/www.eldigitaldeasturias.com\/noticias\/wp-content\/uploads\/2015\/11\/euros.jpg","og:image:secure_url":"https:\/\/www.eldigitaldeasturias.com\/noticias\/wp-content\/uploads\/2015\/11\/euros.jpg","og:image:width":800,"og:image:height":536,"article:tag":["actualidad"],"article:published_time":"2016-09-17T21:15:29+00:00","article:modified_time":"2016-09-17T21:15:29+00:00","article:publisher":"https:\/\/facebook.com\/eldigitaldeasturias","twitter:card":"summary_large_image","twitter:title":"Protestas en Alemania contra acuerdo de libre comercio con EEUU - El Digital de Asturias","twitter:description":"Berl\u00edn, 17 sep (dpa) - Decenas de miles de manifestantes salieron hoy a la calle en siete ciudades de Alemania para protestar contra los acuerdos de libre comercio que negocia la Uni\u00f3n Europea con Estados Unidos y Canad\u00e1. Bajo el lema de &quot;Paren TTIP &amp; CETA - por un comercio mundial justo&quot; esperan movilizar a","twitter:image":"https:\/\/www.eldigitaldeasturias.com\/noticias\/wp-content\/uploads\/2015\/11\/euros.jpg","twitter:label1":"Escrito por","twitter:data1":"El Digital de Asturias","twitter:label2":"Tiempo de lectura estimado","twitter:data2":"3 minutos"},"aioseo_meta_data":{"post_id":"908258","title":null,"description":null,"keywords":null,"keyphrases":null,"primary_term":null,"canonical_url":null,"og_title":null,"og_description":null,"og_object_type":"default","og_image_type":"default","og_image_url":null,"og_image_width":null,"og_image_height":null,"og_image_custom_url":null,"og_image_custom_fields":null,"og_video":null,"og_custom_url":null,"og_article_section":null,"og_article_tags":null,"twitter_use_og":false,"twitter_card":"default","twitter_image_type":"default","twitter_image_url":null,"twitter_image_custom_url":null,"twitter_image_custom_fields":null,"twitter_title":null,"twitter_description":null,"schema":{"blockGraphs":[],"customGraphs":[],"default":{"data":{"Article":[],"Course":[],"Dataset":[],"FAQPage":[],"Movie":[],"Person":[],"Product":[],"ProductReview":[],"Car":[],"Recipe":[],"Service":[],"SoftwareApplication":[],"WebPage":[]},"graphName":"","isEnabled":true},"graphs":[],"defaultGraph":"","defaultPostTypeGraph":""},"schema_type":null,"schema_type_options":null,"pillar_content":false,"robots_default":true,"robots_noindex":false,"robots_noarchive":false,"robots_nosnippet":false,"robots_nofollow":false,"robots_noimageindex":false,"robots_noodp":false,"robots_notranslate":false,"robots_max_snippet":null,"robots_max_videopreview":null,"robots_max_imagepreview":"large","priority":null,"frequency":null,"local_seo":null,"seo_analyzer_scan_date":"2025-11-30 15:28:15","breadcrumb_settings":null,"limit_modified_date":false,"open_ai":null,"ai":null,"created":"2020-12-21 12:13:15","updated":"2025-11-30 15:28:15"},"aioseo_breadcrumb":"<div class=\"aioseo-breadcrumbs\"><span class=\"aioseo-breadcrumb\">\n\t<a href=\"https:\/\/www.eldigitaldeasturias.com\/noticias\" title=\"Home\">Home<\/a>\n<\/span><span class=\"aioseo-breadcrumb-separator\">\u2013<\/span><span class=\"aioseo-breadcrumb\">\n\t<a href=\"https:\/\/www.eldigitaldeasturias.com\/noticias\/category\/actualidad\/\" title=\"Actualidad\">Actualidad<\/a>\n<\/span><span class=\"aioseo-breadcrumb-separator\">\u2013<\/span><span class=\"aioseo-breadcrumb\">\n\t<a href=\"https:\/\/www.eldigitaldeasturias.com\/noticias\/protestas-en-alemania-contra-acuerdo-de-libre-comercio-con-eeuu\/\" title=\"Protestas en Alemania contra acuerdo de libre comercio con EEUU\">Protestas en Alemania contra acuerdo de libre comercio con EEUU<\/a>\n<\/span><\/div>","aioseo_breadcrumb_json":[{"label":"Home","link":"https:\/\/www.eldigitaldeasturias.com\/noticias"},{"label":"Actualidad","link":"https:\/\/www.eldigitaldeasturias.com\/noticias\/category\/actualidad\/"},{"label":"Protestas en Alemania contra acuerdo de libre comercio con EEUU","link":"https:\/\/www.eldigitaldeasturias.com\/noticias\/protestas-en-alemania-contra-acuerdo-de-libre-comercio-con-eeuu\/"}],"_links":{"self":[{"href":"https:\/\/www.eldigitaldeasturias.com\/noticias\/wp-json\/wp\/v2\/posts\/908258","targetHints":{"allow":["GET"]}}],"collection":[{"href":"https:\/\/www.eldigitaldeasturias.com\/noticias\/wp-json\/wp\/v2\/posts"}],"about":[{"href":"https:\/\/www.eldigitaldeasturias.com\/noticias\/wp-json\/wp\/v2\/types\/post"}],"author":[{"embeddable":true,"href":"https:\/\/www.eldigitaldeasturias.com\/noticias\/wp-json\/wp\/v2\/users\/1"}],"replies":[{"embeddable":true,"href":"https:\/\/www.eldigitaldeasturias.com\/noticias\/wp-json\/wp\/v2\/comments?post=908258"}],"version-history":[{"count":0,"href":"https:\/\/www.eldigitaldeasturias.com\/noticias\/wp-json\/wp\/v2\/posts\/908258\/revisions"}],"wp:featuredmedia":[{"embeddable":true,"href":"https:\/\/www.eldigitaldeasturias.com\/noticias\/wp-json\/wp\/v2\/media\/822740"}],"wp:attachment":[{"href":"https:\/\/www.eldigitaldeasturias.com\/noticias\/wp-json\/wp\/v2\/media?parent=908258"}],"wp:term":[{"taxonomy":"category","embeddable":true,"href":"https:\/\/www.eldigitaldeasturias.com\/noticias\/wp-json\/wp\/v2\/categories?post=908258"},{"taxonomy":"post_tag","embeddable":true,"href":"https:\/\/www.eldigitaldeasturias.com\/noticias\/wp-json\/wp\/v2\/tags?post=908258"}],"curies":[{"name":"wp","href":"https:\/\/api.w.org\/{rel}","templated":true}]}}