{"id":908256,"date":"2016-09-17T22:13:02","date_gmt":"2016-09-17T21:13:02","guid":{"rendered":"http:\/\/www.eldigitaldeasturias.com\/noticias\/?p=908256"},"modified":"2016-09-17T22:13:02","modified_gmt":"2016-09-17T21:13:02","slug":"el-incierto-futuro-de-la-villa-de-thomas-mann","status":"publish","type":"post","link":"https:\/\/www.eldigitaldeasturias.com\/noticias\/el-incierto-futuro-de-la-villa-de-thomas-mann\/","title":{"rendered":"El incierto futuro de la villa de Thomas Mann"},"content":{"rendered":"<p>Los Angeles, 17 sep (dpa) &#8211; Pacific Palisades en la zona oeste de Los Angeles es una direcci\u00f3n muy exclusiva: estrellas como Steven Spielberg, Arnold Schwarzenegger, Ben Affleck o Nicole Kidman se compraron una casa en este barrio de lujo. Y en San Remo Drive hay una nueva propiedad en venta desde hace semanas por casi 15 millones de d\u00f3lares: el n\u00famero 1550.<\/p>\n<p>Las inmobiliaras animan a comprar la vivienda con frases como \u00aben venta por primera vez desde hace m\u00e1s de 60 a\u00f1os\u00bb, \u00aben una de las calles m\u00e1s codiciadas de la Rivera Pacific Palisades\u00bb o en un barrio \u00abultra exclusivo\u00bb.<\/p>\n<p>Se trata de una casa de dos plantas con cinco dormitorios y seis ba\u00f1os, informan los vendedores, que muestran en fotograf\u00edas una villa rodeada de \u00e1rboles altos con una piscina. \u00abCreen la casa de sus sue\u00f1os, renov\u00e1ndola o ampliando la casa actual\u00bb, recomiendan.<\/p>\n<p>Pero en ning\u00fan momento mencionan qui\u00e9n era su hist\u00f3rico anterior propietario: el Nobel de Literatura alem\u00e1n Thomas Mann.<\/p>\n<p>La familia Mann vivi\u00f3 durante diez a\u00f1os, desde que emigraron en 1942 de la Alemania nazi, en esa vivienda en San Remo Drive. El escritor le encarg\u00f3 el dise\u00f1o al arquitecto de la Bauhaus de origen alem\u00e1n Julius Ralph Davidson. Y all\u00ed escribi\u00f3 obras como \u00abJoseph, der Ern\u00e4hrer\u00bb, \u00abDoktor Faustus\u00bb o \u00abDer Erw\u00e4hlte\u00bb.<\/p>\n<p>La agente inmobiliaria especializada en casas de lujo Joyce Rey no quiere hablar sobre la venta. \u00abLa propiedad sigue en el mercado y la mostramos continuamente\u00bb, se limita a contar a dpa su empleado Stephen Apelian. Sin embargo, s\u00f3lo a compradores \u00abapropiados\u00bb, es decir, interesados que dispongan de los medios financieros correspondientes.<\/p>\n<p>\u00ab\u00bfSer\u00e1 demolida la casa de Thomas Mann?\u00bb, titulaba la prestigiosa revista estadounidense \u00abThe New Yorker\u00bb recientemente en un art\u00edculo. Y es que la casa no est\u00e1 protegida bajo la denominaci\u00f3n de monumento y su futuro propietario podr\u00eda decidir derribarla y construirla de nuevo.<\/p>\n<p>Algo que quiere impedir una petici\u00f3n online impulsada por la sociedad de investigaci\u00f3n sobre el exilio que ya han respaldado m\u00e1s de 2.500 personas, entre ellas muchos escritores, editores y artistas, con la Nobel de Literatura Herta M\u00fcller a la cabeza. Exigen a Alemania que compre la vivienda y que la convierta en un lugar de encuentro y de recuerdo al escritor.<\/p>\n<p>Sin embargo el futuro es incierto. Del Gobierno alem\u00e1n se limitaron a decir recientemente que se estudiar\u00eda una posible adquisici\u00f3n, pero se\u00f1alaron que con la Villa Aurora ya existe un centro cultural de este tipo en Los Angeles.<\/p>\n<p>Thomas Mann calific\u00f3 esa Villa Aurora, a s\u00f3lo unas millas de su vivienda, de \u00abun verdadero palacio junto al mar\u00bb. Junto a otros emigrantes era invitado con frecuencia a la casa del escritor Lion Feuchtwanger y su mujer Marta, convertida en un punto de encuentro de famosos huidos de los nazis como Bertolt Brecht, Arnold Sch\u00f6nberg, Kurt Weill, Theodor Adorno o Albert Einstein. Tambi\u00e9n Aldous Huxley y Charlie Chaplin pasaron por all\u00ed. Pacific Palisades se hab\u00eda convertido en un \u00abWeimar junto al Pac\u00edfico\u00bb.<\/p>\n<p>Desde 1995 la casa es un lugar de intercambio de culturas alemana y estadounidense. Aqu\u00ed es donde el cine alem\u00e1n celebra su tradicional recepci\u00f3n de los Oscar. Cada a\u00f1o se conceden m\u00e1s de 12 becas trimestrales para artistas, compositores y cineastas, financiadas en gran parte por el Ministerio de exteriores alem\u00e1n.<\/p>\n<p>En el pasado, Villa Aurora ya estuvo bajo la amenaza de la venta durante un tiempo. Tras la muerte de su marido en 1958, Marta Feuchtwanger transfiri\u00f3 la residencia a la Universidad del Sur de California. Y cuando ella falleci\u00f3 en 1987, personalidades p\u00fablicas alemanas presionaron para que Berl\u00edn lo comprara.<\/p>\n<p>Finalmente, la residencia de la USC fue vendida por 1,9 millones de d\u00f3lares, muy por debajo de los 15 millones de d\u00f3lares que deber\u00e1 abonar ahora el comprador de la residencia de Thomas Mann.<\/p>\n<p>En 1952 Mann volvi\u00f3 con su familia a Europa, para instalarse en Suiza. El abogado californiano Chet Lappen y su mujer Jon compraron la vivienda.<\/p>\n<p>\u00abPor aqu\u00ed pasan visitantes de todo el mundo que quieren conocer la residencia de Thomas Mann en el exilio\u00bb, cont\u00f3 la due\u00f1a en 2005 a dpa, con motivo del 50 aniversario de la muerte de Thomas Mann.<\/p>\n<p>La propia due\u00f1a manifest\u00f3 entonces su deseo de que la antigua vivienda de Mann, igual que la Villa Aurora, se convirtiera en un centro cultural. Su preocupaci\u00f3n: que el pr\u00f3ximo due\u00f1o demoliera la villa y construyera cuatro nuevas viviendas en el solar. \u00abSer\u00eda realmente una pena\u00bb, dijo entonces.<\/p>\n<p>Chet Lappen muri\u00f3 en 2010 a los 91 a\u00f1os en aquella villa y dos a\u00f1os despu\u00e9s se puso en alquiler. Y ahora los temores de Jon Lappen podr\u00edan hacerse realidad: la superviviencia de la hist\u00f3rica casa no est\u00e1 garantizada.<\/p>\n<p><span class=\" readonly\" title=\"\"><em>Por Barbara Munker <\/em><\/span><\/p>\n<p>&nbsp;<\/p>\n","protected":false},"excerpt":{"rendered":"<p>Los Angeles, 17 sep (dpa) &#8211; Pacific Palisades en la zona oeste de Los Angeles es una direcci\u00f3n muy exclusiva: estrellas como Steven Spielberg, Arnold Schwarzenegger, Ben Affleck o Nicole Kidman se compraron una casa en este barrio de lujo. Y en San Remo Drive hay una nueva propiedad en venta desde hace semanas por [&hellip;]<\/p>\n","protected":false},"author":1,"featured_media":787241,"comment_status":"closed","ping_status":"closed","sticky":false,"template":"","format":"standard","meta":{"footnotes":""},"categories":[1],"tags":[],"class_list":["post-908256","post","type-post","status-publish","format-standard","has-post-thumbnail","hentry","category-actualidad"],"aioseo_notices":[],"aioseo_head":"\n\t\t<!-- All in One SEO Pro 4.9.6.2 - aioseo.com -->\n\t<meta name=\"description\" content=\"Los Angeles, 17 sep (dpa) - Pacific Palisades en la zona oeste de Los Angeles es una direcci\u00f3n muy exclusiva: estrellas como Steven Spielberg, Arnold Schwarzenegger, Ben Affleck o Nicole Kidman se compraron una casa en este barrio de lujo. Y en San Remo Drive hay una nueva propiedad en venta desde hace semanas por\" \/>\n\t<meta name=\"robots\" content=\"max-image-preview:large\" \/>\n\t<meta name=\"author\" content=\"El Digital de Asturias\"\/>\n\t<meta name=\"google-site-verification\" content=\"UA-38556648-1\" \/>\n\t<meta name=\"msvalidate.01\" content=\"7dfe9f3f1b24437ab69f4f2559babe99\" \/>\n\t<meta name=\"keywords\" content=\"actualidad\" \/>\n\t<link rel=\"canonical\" href=\"https:\/\/www.eldigitaldeasturias.com\/noticias\/el-incierto-futuro-de-la-villa-de-thomas-mann\/\" \/>\n\t<meta name=\"generator\" content=\"All in One SEO Pro (AIOSEO) 4.9.6.2\" \/>\n\t\t<meta property=\"og:locale\" content=\"es_ES\" \/>\n\t\t<meta property=\"og:site_name\" content=\"El Digital de Asturias\" \/>\n\t\t<meta property=\"og:type\" content=\"article\" \/>\n\t\t<meta property=\"og:title\" content=\"El incierto futuro de la villa de Thomas Mann - El Digital de Asturias\" \/>\n\t\t<meta property=\"og:description\" content=\"Los Angeles, 17 sep (dpa) - Pacific Palisades en la zona oeste de Los Angeles es una direcci\u00f3n muy exclusiva: estrellas como Steven Spielberg, Arnold Schwarzenegger, Ben Affleck o Nicole Kidman se compraron una casa en este barrio de lujo. Y en San Remo Drive hay una nueva propiedad en venta desde hace semanas por\" \/>\n\t\t<meta property=\"og:url\" content=\"https:\/\/www.eldigitaldeasturias.com\/noticias\/el-incierto-futuro-de-la-villa-de-thomas-mann\/\" \/>\n\t\t<meta property=\"og:image\" content=\"https:\/\/www.eldigitaldeasturias.com\/noticias\/wp-content\/uploads\/2015\/06\/internet.jpg\" \/>\n\t\t<meta property=\"og:image:secure_url\" content=\"https:\/\/www.eldigitaldeasturias.com\/noticias\/wp-content\/uploads\/2015\/06\/internet.jpg\" \/>\n\t\t<meta property=\"og:image:width\" content=\"655\" \/>\n\t\t<meta property=\"og:image:height\" content=\"360\" \/>\n\t\t<meta property=\"article:tag\" content=\"actualidad\" \/>\n\t\t<meta property=\"article:published_time\" content=\"2016-09-17T21:13:02+00:00\" \/>\n\t\t<meta property=\"article:modified_time\" content=\"2016-09-17T21:13:02+00:00\" \/>\n\t\t<meta property=\"article:publisher\" content=\"https:\/\/facebook.com\/eldigitaldeasturias\" \/>\n\t\t<meta name=\"twitter:card\" content=\"summary_large_image\" \/>\n\t\t<meta name=\"twitter:title\" content=\"El incierto futuro de la villa de Thomas Mann - El Digital de Asturias\" \/>\n\t\t<meta name=\"twitter:description\" content=\"Los Angeles, 17 sep (dpa) - Pacific Palisades en la zona oeste de Los Angeles es una direcci\u00f3n muy exclusiva: estrellas como Steven Spielberg, Arnold Schwarzenegger, Ben Affleck o Nicole Kidman se compraron una casa en este barrio de lujo. Y en San Remo Drive hay una nueva propiedad en venta desde hace semanas por\" \/>\n\t\t<meta name=\"twitter:image\" content=\"https:\/\/www.eldigitaldeasturias.com\/noticias\/wp-content\/uploads\/2015\/06\/internet.jpg\" \/>\n\t\t<meta name=\"twitter:label1\" content=\"Escrito por\" \/>\n\t\t<meta name=\"twitter:data1\" content=\"El Digital de Asturias\" \/>\n\t\t<meta name=\"twitter:label2\" content=\"Tiempo de lectura estimado\" \/>\n\t\t<meta name=\"twitter:data2\" content=\"4 minutos\" \/>\n\t\t<script type=\"application\/ld+json\" class=\"aioseo-schema\">\n\t\t\t{\"@context\":\"https:\\\/\\\/schema.org\",\"@graph\":[{\"@type\":\"BlogPosting\",\"@id\":\"https:\\\/\\\/www.eldigitaldeasturias.com\\\/noticias\\\/el-incierto-futuro-de-la-villa-de-thomas-mann\\\/#blogposting\",\"name\":\"El incierto futuro de la villa de Thomas Mann - El Digital de Asturias\",\"headline\":\"El incierto futuro de la villa de Thomas Mann\",\"author\":{\"@id\":\"https:\\\/\\\/www.eldigitaldeasturias.com\\\/noticias\\\/author\\\/admin\\\/#author\"},\"publisher\":{\"@id\":\"https:\\\/\\\/www.eldigitaldeasturias.com\\\/noticias\\\/#organization\"},\"image\":{\"@type\":\"ImageObject\",\"url\":\"https:\\\/\\\/www.eldigitaldeasturias.com\\\/noticias\\\/wp-content\\\/uploads\\\/2015\\\/06\\\/internet.jpg\",\"width\":655,\"height\":360},\"datePublished\":\"2016-09-17T22:13:02+02:00\",\"dateModified\":\"2016-09-17T22:13:02+02:00\",\"inLanguage\":\"es-ES\",\"mainEntityOfPage\":{\"@id\":\"https:\\\/\\\/www.eldigitaldeasturias.com\\\/noticias\\\/el-incierto-futuro-de-la-villa-de-thomas-mann\\\/#webpage\"},\"isPartOf\":{\"@id\":\"https:\\\/\\\/www.eldigitaldeasturias.com\\\/noticias\\\/el-incierto-futuro-de-la-villa-de-thomas-mann\\\/#webpage\"},\"articleSection\":\"Actualidad\"},{\"@type\":\"BreadcrumbList\",\"@id\":\"https:\\\/\\\/www.eldigitaldeasturias.com\\\/noticias\\\/el-incierto-futuro-de-la-villa-de-thomas-mann\\\/#breadcrumblist\",\"itemListElement\":[{\"@type\":\"ListItem\",\"@id\":\"https:\\\/\\\/www.eldigitaldeasturias.com\\\/noticias#listItem\",\"position\":1,\"name\":\"Home\",\"item\":\"https:\\\/\\\/www.eldigitaldeasturias.com\\\/noticias\",\"nextItem\":{\"@type\":\"ListItem\",\"@id\":\"https:\\\/\\\/www.eldigitaldeasturias.com\\\/noticias\\\/category\\\/actualidad\\\/#listItem\",\"name\":\"Actualidad\"}},{\"@type\":\"ListItem\",\"@id\":\"https:\\\/\\\/www.eldigitaldeasturias.com\\\/noticias\\\/category\\\/actualidad\\\/#listItem\",\"position\":2,\"name\":\"Actualidad\",\"item\":\"https:\\\/\\\/www.eldigitaldeasturias.com\\\/noticias\\\/category\\\/actualidad\\\/\",\"nextItem\":{\"@type\":\"ListItem\",\"@id\":\"https:\\\/\\\/www.eldigitaldeasturias.com\\\/noticias\\\/el-incierto-futuro-de-la-villa-de-thomas-mann\\\/#listItem\",\"name\":\"El incierto futuro de la villa de Thomas Mann\"},\"previousItem\":{\"@type\":\"ListItem\",\"@id\":\"https:\\\/\\\/www.eldigitaldeasturias.com\\\/noticias#listItem\",\"name\":\"Home\"}},{\"@type\":\"ListItem\",\"@id\":\"https:\\\/\\\/www.eldigitaldeasturias.com\\\/noticias\\\/el-incierto-futuro-de-la-villa-de-thomas-mann\\\/#listItem\",\"position\":3,\"name\":\"El incierto futuro de la villa de Thomas Mann\",\"previousItem\":{\"@type\":\"ListItem\",\"@id\":\"https:\\\/\\\/www.eldigitaldeasturias.com\\\/noticias\\\/category\\\/actualidad\\\/#listItem\",\"name\":\"Actualidad\"}}]},{\"@type\":\"Organization\",\"@id\":\"https:\\\/\\\/www.eldigitaldeasturias.com\\\/noticias\\\/#organization\",\"name\":\"El Digital de Asturias\",\"description\":\"Hemeroteca\",\"url\":\"https:\\\/\\\/www.eldigitaldeasturias.com\\\/noticias\\\/\",\"email\":\"info@eldigitaldeasturias.com\",\"telephone\":\"+34652131393\",\"logo\":{\"@type\":\"ImageObject\",\"url\":\"https:\\\/\\\/www.eldigitaldeasturias.com\\\/noticias\\\/wp-content\\\/uploads\\\/2020\\\/12\\\/EDA.jpg\",\"@id\":\"https:\\\/\\\/www.eldigitaldeasturias.com\\\/noticias\\\/el-incierto-futuro-de-la-villa-de-thomas-mann\\\/#organizationLogo\",\"width\":649,\"height\":297},\"image\":{\"@id\":\"https:\\\/\\\/www.eldigitaldeasturias.com\\\/noticias\\\/el-incierto-futuro-de-la-villa-de-thomas-mann\\\/#organizationLogo\"},\"sameAs\":[\"https:\\\/\\\/facebook.com\\\/eldigitaldeasturias\",\"https:\\\/\\\/www.youtube.com\\\/channel\\\/UCZP-2wLEB9Rv6erhFmqVnvg\"],\"address\":{\"@id\":\"https:\\\/\\\/www.eldigitaldeasturias.com\\\/noticias\\\/#postaladdress\",\"@type\":\"PostalAddress\",\"streetAddress\":\"san antonio 4,\",\"postalCode\":\"33430\",\"addressLocality\":\"Cand\\u00e1s\",\"addressRegion\":\"Asturias\",\"addressCountry\":\"ES\"}},{\"@type\":\"Person\",\"@id\":\"https:\\\/\\\/www.eldigitaldeasturias.com\\\/noticias\\\/author\\\/admin\\\/#author\",\"url\":\"https:\\\/\\\/www.eldigitaldeasturias.com\\\/noticias\\\/author\\\/admin\\\/\",\"name\":\"El Digital de Asturias\",\"image\":{\"@type\":\"ImageObject\",\"@id\":\"https:\\\/\\\/www.eldigitaldeasturias.com\\\/noticias\\\/el-incierto-futuro-de-la-villa-de-thomas-mann\\\/#authorImage\",\"url\":\"https:\\\/\\\/www.eldigitaldeasturias.com\\\/noticias\\\/wp-content\\\/litespeed\\\/avatar\\\/18677e78aa0546b92d9dbf31ec7d7668.jpg?ver=1777290358\",\"width\":96,\"height\":96,\"caption\":\"El Digital de Asturias\"}},{\"@type\":\"WebPage\",\"@id\":\"https:\\\/\\\/www.eldigitaldeasturias.com\\\/noticias\\\/el-incierto-futuro-de-la-villa-de-thomas-mann\\\/#webpage\",\"url\":\"https:\\\/\\\/www.eldigitaldeasturias.com\\\/noticias\\\/el-incierto-futuro-de-la-villa-de-thomas-mann\\\/\",\"name\":\"El incierto futuro de la villa de Thomas Mann - El Digital de Asturias\",\"description\":\"Los Angeles, 17 sep (dpa) - Pacific Palisades en la zona oeste de Los Angeles es una direcci\\u00f3n muy exclusiva: estrellas como Steven Spielberg, Arnold Schwarzenegger, Ben Affleck o Nicole Kidman se compraron una casa en este barrio de lujo. Y en San Remo Drive hay una nueva propiedad en venta desde hace semanas por\",\"inLanguage\":\"es-ES\",\"isPartOf\":{\"@id\":\"https:\\\/\\\/www.eldigitaldeasturias.com\\\/noticias\\\/#website\"},\"breadcrumb\":{\"@id\":\"https:\\\/\\\/www.eldigitaldeasturias.com\\\/noticias\\\/el-incierto-futuro-de-la-villa-de-thomas-mann\\\/#breadcrumblist\"},\"author\":{\"@id\":\"https:\\\/\\\/www.eldigitaldeasturias.com\\\/noticias\\\/author\\\/admin\\\/#author\"},\"creator\":{\"@id\":\"https:\\\/\\\/www.eldigitaldeasturias.com\\\/noticias\\\/author\\\/admin\\\/#author\"},\"image\":{\"@type\":\"ImageObject\",\"url\":\"https:\\\/\\\/www.eldigitaldeasturias.com\\\/noticias\\\/wp-content\\\/uploads\\\/2015\\\/06\\\/internet.jpg\",\"@id\":\"https:\\\/\\\/www.eldigitaldeasturias.com\\\/noticias\\\/el-incierto-futuro-de-la-villa-de-thomas-mann\\\/#mainImage\",\"width\":655,\"height\":360},\"primaryImageOfPage\":{\"@id\":\"https:\\\/\\\/www.eldigitaldeasturias.com\\\/noticias\\\/el-incierto-futuro-de-la-villa-de-thomas-mann\\\/#mainImage\"},\"datePublished\":\"2016-09-17T22:13:02+02:00\",\"dateModified\":\"2016-09-17T22:13:02+02:00\"},{\"@type\":\"WebSite\",\"@id\":\"https:\\\/\\\/www.eldigitaldeasturias.com\\\/noticias\\\/#website\",\"url\":\"https:\\\/\\\/www.eldigitaldeasturias.com\\\/noticias\\\/\",\"name\":\"El Digital de Asturias - Diario de actualidad y noticias\",\"alternateName\":\"El Digital de Asturias - Diario de actualidad y noticias\",\"description\":\"Hemeroteca\",\"inLanguage\":\"es-ES\",\"publisher\":{\"@id\":\"https:\\\/\\\/www.eldigitaldeasturias.com\\\/noticias\\\/#organization\"}}]}\n\t\t<\/script>\n\t\t<!-- All in One SEO Pro -->\r\n\t\t<title>El incierto futuro de la villa de Thomas Mann - El Digital de Asturias<\/title>\n\n","aioseo_head_json":{"title":"El incierto futuro de la villa de Thomas Mann - El Digital de Asturias","description":"Los Angeles, 17 sep (dpa) - Pacific Palisades en la zona oeste de Los Angeles es una direcci\u00f3n muy exclusiva: estrellas como Steven Spielberg, Arnold Schwarzenegger, Ben Affleck o Nicole Kidman se compraron una casa en este barrio de lujo. Y en San Remo Drive hay una nueva propiedad en venta desde hace semanas por","canonical_url":"https:\/\/www.eldigitaldeasturias.com\/noticias\/el-incierto-futuro-de-la-villa-de-thomas-mann\/","robots":"max-image-preview:large","keywords":"actualidad","webmasterTools":{"google-site-verification":"UA-38556648-1","msvalidate.01":"7dfe9f3f1b24437ab69f4f2559babe99","miscellaneous":""},"schema":{"@context":"https:\/\/schema.org","@graph":[{"@type":"BlogPosting","@id":"https:\/\/www.eldigitaldeasturias.com\/noticias\/el-incierto-futuro-de-la-villa-de-thomas-mann\/#blogposting","name":"El incierto futuro de la villa de Thomas Mann - El Digital de Asturias","headline":"El incierto futuro de la villa de Thomas Mann","author":{"@id":"https:\/\/www.eldigitaldeasturias.com\/noticias\/author\/admin\/#author"},"publisher":{"@id":"https:\/\/www.eldigitaldeasturias.com\/noticias\/#organization"},"image":{"@type":"ImageObject","url":"https:\/\/www.eldigitaldeasturias.com\/noticias\/wp-content\/uploads\/2015\/06\/internet.jpg","width":655,"height":360},"datePublished":"2016-09-17T22:13:02+02:00","dateModified":"2016-09-17T22:13:02+02:00","inLanguage":"es-ES","mainEntityOfPage":{"@id":"https:\/\/www.eldigitaldeasturias.com\/noticias\/el-incierto-futuro-de-la-villa-de-thomas-mann\/#webpage"},"isPartOf":{"@id":"https:\/\/www.eldigitaldeasturias.com\/noticias\/el-incierto-futuro-de-la-villa-de-thomas-mann\/#webpage"},"articleSection":"Actualidad"},{"@type":"BreadcrumbList","@id":"https:\/\/www.eldigitaldeasturias.com\/noticias\/el-incierto-futuro-de-la-villa-de-thomas-mann\/#breadcrumblist","itemListElement":[{"@type":"ListItem","@id":"https:\/\/www.eldigitaldeasturias.com\/noticias#listItem","position":1,"name":"Home","item":"https:\/\/www.eldigitaldeasturias.com\/noticias","nextItem":{"@type":"ListItem","@id":"https:\/\/www.eldigitaldeasturias.com\/noticias\/category\/actualidad\/#listItem","name":"Actualidad"}},{"@type":"ListItem","@id":"https:\/\/www.eldigitaldeasturias.com\/noticias\/category\/actualidad\/#listItem","position":2,"name":"Actualidad","item":"https:\/\/www.eldigitaldeasturias.com\/noticias\/category\/actualidad\/","nextItem":{"@type":"ListItem","@id":"https:\/\/www.eldigitaldeasturias.com\/noticias\/el-incierto-futuro-de-la-villa-de-thomas-mann\/#listItem","name":"El incierto futuro de la villa de Thomas Mann"},"previousItem":{"@type":"ListItem","@id":"https:\/\/www.eldigitaldeasturias.com\/noticias#listItem","name":"Home"}},{"@type":"ListItem","@id":"https:\/\/www.eldigitaldeasturias.com\/noticias\/el-incierto-futuro-de-la-villa-de-thomas-mann\/#listItem","position":3,"name":"El incierto futuro de la villa de Thomas Mann","previousItem":{"@type":"ListItem","@id":"https:\/\/www.eldigitaldeasturias.com\/noticias\/category\/actualidad\/#listItem","name":"Actualidad"}}]},{"@type":"Organization","@id":"https:\/\/www.eldigitaldeasturias.com\/noticias\/#organization","name":"El Digital de Asturias","description":"Hemeroteca","url":"https:\/\/www.eldigitaldeasturias.com\/noticias\/","email":"info@eldigitaldeasturias.com","telephone":"+34652131393","logo":{"@type":"ImageObject","url":"https:\/\/www.eldigitaldeasturias.com\/noticias\/wp-content\/uploads\/2020\/12\/EDA.jpg","@id":"https:\/\/www.eldigitaldeasturias.com\/noticias\/el-incierto-futuro-de-la-villa-de-thomas-mann\/#organizationLogo","width":649,"height":297},"image":{"@id":"https:\/\/www.eldigitaldeasturias.com\/noticias\/el-incierto-futuro-de-la-villa-de-thomas-mann\/#organizationLogo"},"sameAs":["https:\/\/facebook.com\/eldigitaldeasturias","https:\/\/www.youtube.com\/channel\/UCZP-2wLEB9Rv6erhFmqVnvg"],"address":{"@id":"https:\/\/www.eldigitaldeasturias.com\/noticias\/#postaladdress","@type":"PostalAddress","streetAddress":"san antonio 4,","postalCode":"33430","addressLocality":"Cand\u00e1s","addressRegion":"Asturias","addressCountry":"ES"}},{"@type":"Person","@id":"https:\/\/www.eldigitaldeasturias.com\/noticias\/author\/admin\/#author","url":"https:\/\/www.eldigitaldeasturias.com\/noticias\/author\/admin\/","name":"El Digital de Asturias","image":{"@type":"ImageObject","@id":"https:\/\/www.eldigitaldeasturias.com\/noticias\/el-incierto-futuro-de-la-villa-de-thomas-mann\/#authorImage","url":"https:\/\/www.eldigitaldeasturias.com\/noticias\/wp-content\/litespeed\/avatar\/18677e78aa0546b92d9dbf31ec7d7668.jpg?ver=1777290358","width":96,"height":96,"caption":"El Digital de Asturias"}},{"@type":"WebPage","@id":"https:\/\/www.eldigitaldeasturias.com\/noticias\/el-incierto-futuro-de-la-villa-de-thomas-mann\/#webpage","url":"https:\/\/www.eldigitaldeasturias.com\/noticias\/el-incierto-futuro-de-la-villa-de-thomas-mann\/","name":"El incierto futuro de la villa de Thomas Mann - El Digital de Asturias","description":"Los Angeles, 17 sep (dpa) - Pacific Palisades en la zona oeste de Los Angeles es una direcci\u00f3n muy exclusiva: estrellas como Steven Spielberg, Arnold Schwarzenegger, Ben Affleck o Nicole Kidman se compraron una casa en este barrio de lujo. Y en San Remo Drive hay una nueva propiedad en venta desde hace semanas por","inLanguage":"es-ES","isPartOf":{"@id":"https:\/\/www.eldigitaldeasturias.com\/noticias\/#website"},"breadcrumb":{"@id":"https:\/\/www.eldigitaldeasturias.com\/noticias\/el-incierto-futuro-de-la-villa-de-thomas-mann\/#breadcrumblist"},"author":{"@id":"https:\/\/www.eldigitaldeasturias.com\/noticias\/author\/admin\/#author"},"creator":{"@id":"https:\/\/www.eldigitaldeasturias.com\/noticias\/author\/admin\/#author"},"image":{"@type":"ImageObject","url":"https:\/\/www.eldigitaldeasturias.com\/noticias\/wp-content\/uploads\/2015\/06\/internet.jpg","@id":"https:\/\/www.eldigitaldeasturias.com\/noticias\/el-incierto-futuro-de-la-villa-de-thomas-mann\/#mainImage","width":655,"height":360},"primaryImageOfPage":{"@id":"https:\/\/www.eldigitaldeasturias.com\/noticias\/el-incierto-futuro-de-la-villa-de-thomas-mann\/#mainImage"},"datePublished":"2016-09-17T22:13:02+02:00","dateModified":"2016-09-17T22:13:02+02:00"},{"@type":"WebSite","@id":"https:\/\/www.eldigitaldeasturias.com\/noticias\/#website","url":"https:\/\/www.eldigitaldeasturias.com\/noticias\/","name":"El Digital de Asturias - Diario de actualidad y noticias","alternateName":"El Digital de Asturias - Diario de actualidad y noticias","description":"Hemeroteca","inLanguage":"es-ES","publisher":{"@id":"https:\/\/www.eldigitaldeasturias.com\/noticias\/#organization"}}]},"og:locale":"es_ES","og:site_name":"El Digital de Asturias","og:type":"article","og:title":"El incierto futuro de la villa de Thomas Mann - El Digital de Asturias","og:description":"Los Angeles, 17 sep (dpa) - Pacific Palisades en la zona oeste de Los Angeles es una direcci\u00f3n muy exclusiva: estrellas como Steven Spielberg, Arnold Schwarzenegger, Ben Affleck o Nicole Kidman se compraron una casa en este barrio de lujo. Y en San Remo Drive hay una nueva propiedad en venta desde hace semanas por","og:url":"https:\/\/www.eldigitaldeasturias.com\/noticias\/el-incierto-futuro-de-la-villa-de-thomas-mann\/","og:image":"https:\/\/www.eldigitaldeasturias.com\/noticias\/wp-content\/uploads\/2015\/06\/internet.jpg","og:image:secure_url":"https:\/\/www.eldigitaldeasturias.com\/noticias\/wp-content\/uploads\/2015\/06\/internet.jpg","og:image:width":655,"og:image:height":360,"article:tag":["actualidad"],"article:published_time":"2016-09-17T21:13:02+00:00","article:modified_time":"2016-09-17T21:13:02+00:00","article:publisher":"https:\/\/facebook.com\/eldigitaldeasturias","twitter:card":"summary_large_image","twitter:title":"El incierto futuro de la villa de Thomas Mann - El Digital de Asturias","twitter:description":"Los Angeles, 17 sep (dpa) - Pacific Palisades en la zona oeste de Los Angeles es una direcci\u00f3n muy exclusiva: estrellas como Steven Spielberg, Arnold Schwarzenegger, Ben Affleck o Nicole Kidman se compraron una casa en este barrio de lujo. Y en San Remo Drive hay una nueva propiedad en venta desde hace semanas por","twitter:image":"https:\/\/www.eldigitaldeasturias.com\/noticias\/wp-content\/uploads\/2015\/06\/internet.jpg","twitter:label1":"Escrito por","twitter:data1":"El Digital de Asturias","twitter:label2":"Tiempo de lectura estimado","twitter:data2":"4 minutos"},"aioseo_meta_data":{"post_id":"908256","title":null,"description":null,"keywords":null,"keyphrases":null,"primary_term":null,"canonical_url":null,"og_title":null,"og_description":null,"og_object_type":"default","og_image_type":"default","og_image_url":null,"og_image_width":null,"og_image_height":null,"og_image_custom_url":null,"og_image_custom_fields":null,"og_video":null,"og_custom_url":null,"og_article_section":null,"og_article_tags":null,"twitter_use_og":false,"twitter_card":"default","twitter_image_type":"default","twitter_image_url":null,"twitter_image_custom_url":null,"twitter_image_custom_fields":null,"twitter_title":null,"twitter_description":null,"schema":{"blockGraphs":[],"customGraphs":[],"default":{"data":{"Article":[],"Course":[],"Dataset":[],"FAQPage":[],"Movie":[],"Person":[],"Product":[],"ProductReview":[],"Car":[],"Recipe":[],"Service":[],"SoftwareApplication":[],"WebPage":[]},"graphName":"","isEnabled":true},"graphs":[],"defaultGraph":"","defaultPostTypeGraph":""},"schema_type":null,"schema_type_options":null,"pillar_content":false,"robots_default":true,"robots_noindex":false,"robots_noarchive":false,"robots_nosnippet":false,"robots_nofollow":false,"robots_noimageindex":false,"robots_noodp":false,"robots_notranslate":false,"robots_max_snippet":null,"robots_max_videopreview":null,"robots_max_imagepreview":"large","priority":null,"frequency":null,"local_seo":null,"seo_analyzer_scan_date":"2025-11-30 15:28:15","breadcrumb_settings":null,"limit_modified_date":false,"open_ai":null,"ai":null,"created":"2020-12-21 14:00:17","updated":"2025-11-30 15:28:15"},"aioseo_breadcrumb":"<div class=\"aioseo-breadcrumbs\"><span class=\"aioseo-breadcrumb\">\n\t<a href=\"https:\/\/www.eldigitaldeasturias.com\/noticias\" title=\"Home\">Home<\/a>\n<\/span><span class=\"aioseo-breadcrumb-separator\">\u2013<\/span><span class=\"aioseo-breadcrumb\">\n\t<a href=\"https:\/\/www.eldigitaldeasturias.com\/noticias\/category\/actualidad\/\" title=\"Actualidad\">Actualidad<\/a>\n<\/span><span class=\"aioseo-breadcrumb-separator\">\u2013<\/span><span class=\"aioseo-breadcrumb\">\n\t<a href=\"https:\/\/www.eldigitaldeasturias.com\/noticias\/el-incierto-futuro-de-la-villa-de-thomas-mann\/\" title=\"El incierto futuro de la villa de Thomas Mann\">El incierto futuro de la villa de Thomas Mann<\/a>\n<\/span><\/div>","aioseo_breadcrumb_json":[{"label":"Home","link":"https:\/\/www.eldigitaldeasturias.com\/noticias"},{"label":"Actualidad","link":"https:\/\/www.eldigitaldeasturias.com\/noticias\/category\/actualidad\/"},{"label":"El incierto futuro de la villa de Thomas Mann","link":"https:\/\/www.eldigitaldeasturias.com\/noticias\/el-incierto-futuro-de-la-villa-de-thomas-mann\/"}],"_links":{"self":[{"href":"https:\/\/www.eldigitaldeasturias.com\/noticias\/wp-json\/wp\/v2\/posts\/908256","targetHints":{"allow":["GET"]}}],"collection":[{"href":"https:\/\/www.eldigitaldeasturias.com\/noticias\/wp-json\/wp\/v2\/posts"}],"about":[{"href":"https:\/\/www.eldigitaldeasturias.com\/noticias\/wp-json\/wp\/v2\/types\/post"}],"author":[{"embeddable":true,"href":"https:\/\/www.eldigitaldeasturias.com\/noticias\/wp-json\/wp\/v2\/users\/1"}],"replies":[{"embeddable":true,"href":"https:\/\/www.eldigitaldeasturias.com\/noticias\/wp-json\/wp\/v2\/comments?post=908256"}],"version-history":[{"count":0,"href":"https:\/\/www.eldigitaldeasturias.com\/noticias\/wp-json\/wp\/v2\/posts\/908256\/revisions"}],"wp:featuredmedia":[{"embeddable":true,"href":"https:\/\/www.eldigitaldeasturias.com\/noticias\/wp-json\/wp\/v2\/media\/787241"}],"wp:attachment":[{"href":"https:\/\/www.eldigitaldeasturias.com\/noticias\/wp-json\/wp\/v2\/media?parent=908256"}],"wp:term":[{"taxonomy":"category","embeddable":true,"href":"https:\/\/www.eldigitaldeasturias.com\/noticias\/wp-json\/wp\/v2\/categories?post=908256"},{"taxonomy":"post_tag","embeddable":true,"href":"https:\/\/www.eldigitaldeasturias.com\/noticias\/wp-json\/wp\/v2\/tags?post=908256"}],"curies":[{"name":"wp","href":"https:\/\/api.w.org\/{rel}","templated":true}]}}