{"id":908254,"date":"2016-09-17T22:10:19","date_gmt":"2016-09-17T21:10:19","guid":{"rendered":"http:\/\/www.eldigitaldeasturias.com\/noticias\/?p=908254"},"modified":"2016-09-17T22:10:19","modified_gmt":"2016-09-17T21:10:19","slug":"se-cumple-un-ano-del-escandalo-de-volkswagen","status":"publish","type":"post","link":"https:\/\/www.eldigitaldeasturias.com\/noticias\/se-cumple-un-ano-del-escandalo-de-volkswagen\/","title":{"rendered":"Se cumple un a\u00f1o del esc\u00e1ndalo de Volkswagen"},"content":{"rendered":"<p><img loading=\"lazy\" decoding=\"async\" class=\"alignleft size-medium wp-image-811756\" src=\"https:\/\/www.eldigitaldeasturias.com\/noticias\/wp-content\/uploads\/2015\/09\/vw-360x237.jpg\" alt=\"vw\" width=\"360\" height=\"237\" \/>Wolfsburgo (Alemania) 17 sep (dpa) &#8211; Un a\u00f1o despu\u00e9s de que saltase a la luz el esc\u00e1ndalo de manipulaci\u00f3n de motores di\u00e9sel, el consorcio alem\u00e1n Volkswagen tiene abiertos m\u00e1s frentes que nunca.<\/p>\n<p>El 18 de septiembre el fabricante de autom\u00f3viles celebra el aniversario que nunca ha querido: se \u00abconmemora\u00bb la fecha en la que las autoridades estadounidenses revelaran que la empresa germana hab\u00eda utilizado software para falsear las emisiones de sus veh\u00edculos eludiendo, por lo tanto, las normas medioambientales.<\/p>\n<p>La adulteraci\u00f3n de 11 millones de veh\u00edculos en todo el mundo fue tan s\u00f3lo el primer cap\u00edtulo de una serie de adversidades a las que la compa\u00f1\u00eda alemana tiene que hacer frente.<\/p>\n<p>As\u00ed, la resoluci\u00f3n en junio de este a\u00f1o de la primera demanda en Estados Unidos contemplaba la obligaci\u00f3n de la firma alemana de pagar 14.700 millones de d\u00f3lares (13.100 millones de euros) que estar\u00e1n destinados a compensar a los consumidores norteamericanos y a mitigar la contaminaci\u00f3n.<\/p>\n<p>Esta ha sido la primera pero no ser\u00e1 la \u00faltima, ya que sobre la compa\u00f1\u00eda se cierne la amenaza de varias demandas civiles y procesos penales.<\/p>\n<p>A los litigios y futuros paseos por los juzgados, Volkswagen deber\u00e1 sumar otros problemas que no son menores, tales como la falta de credibilidad.<\/p>\n<p>La reparaci\u00f3n de los motores EA 189 que fueron manipulados, cuya finalizaci\u00f3n estaba prevista para 2016, parece que se retrasar\u00e1 y que los propietarios de un auto de Volkswagen trucado seguir\u00e1n acudiendo a los talleres en el a\u00f1o 2017.<\/p>\n<p>Analistas como Frank Schwope, del banco NordLB, creen que la debacle ocasionada a ra\u00edz del esc\u00e1ndalo de manipulaci\u00f3n le podr\u00e1 costar al fabricante automovil\u00edstico hasta 35.000 millones de euros (39.280 millones de d\u00f3lares), adem\u00e1s de incertidumbre durante a\u00f1os.<\/p>\n<p>\u00abAlgunos de los procesos judiciales van a demorarse por lo menos una d\u00e9cada, por lo que los costes reales del esc\u00e1ndalo deber\u00edan, por lo tanto, constar como pronto en diez a\u00f1os\u00bb, se\u00f1ala.<\/p>\n<p>La Fiscal\u00eda alemana investiga en este momento a 30 personas acusadas de llevar a cabo la manipulaci\u00f3n de los veh\u00edculos. A estas alturas no est\u00e1 claro si las autoridades judiciales acabar\u00e1n finalmente presentando cargos pero, en caso de hacerlo, los juicios podr\u00edan comenzar en 2017.<\/p>\n<p>A nivel interno, la compa\u00f1\u00eda contin\u00faa centrando sus esfuerzos en determinar los aspectos relacionados con la responsabilidad. Seg\u00fan informaci\u00f3n de la que dispone dpa, se ha logrado limitar el c\u00edrculo de personas que estar\u00edan implicadas en el esc\u00e1ndalo.<\/p>\n<p>No obstante, la toma de decisiones lleva un ritmo lento. Volkswagen quiere terminar su investigaci\u00f3n interna antes de que acabe el a\u00f1o. La publicaci\u00f3n de los resultados de sus pesquisas depender\u00e1 tambi\u00e9n de la sinton\u00eda de la compa\u00f1\u00eda con las autoridades estadounidenses, as\u00ed como con el FBI.<\/p>\n<p>El presidente del grupo, Matthias M\u00fcller, asegur\u00f3 a finales de junio que el proceder respetuoso era una de las bases de la compa\u00f1\u00eda y apunt\u00f3 que la integridad y la legalidad constitu\u00edan un ejemplo para lograr una empresa moderna, transparente y de \u00e9xito.<\/p>\n<p>Lo cierto es que la temida ca\u00edda de las ventas no se ha materializado en el negocio de la compa\u00f1\u00eda pero con cerca de 1.600 millones de euros de p\u00e9rdidas despu\u00e9s de impuestos, 2015 constituye el peor a\u00f1o de Volkswagen en sus cerca de 80 a\u00f1os de historia.<\/p>\n<p>El esc\u00e1ndalo de manipulaci\u00f3n de veh\u00edculos tambi\u00e9n se cobr\u00f3 en la primera mitad de 2016 buena parte de sus ganancias en Europa. En total, su cuenta de resultados cay\u00f3 cerca de un tercio a los 3.460 millones de euros.<\/p>\n<p>Atr\u00e1s queda un a\u00f1o de inseguridad, de investigaciones y de pagos multimillonarios.<\/p>\n<p>Volkswagen ha tenido que luchar todo este tiempo en muchos campos de batalla diferentes y siempre sin perder la perspectiva de futuro y liderazgo a nivel mundial en un mercado muy competitivo que se mueve entre el desarrollo de coches el\u00e9ctricos y de autos sin conductor.<\/p>\n<p>Al final, la debacle sufrida puede ser el origen de muchas cosas. Entre ellas, tambi\u00e9n puede convertirse en la semilla que prenda el comienzo de una nueva era.<\/p>\n<p><strong><span class=\" readonly\" title=\"\">Por Heiko Lossie <\/span><\/strong><\/p>\n","protected":false},"excerpt":{"rendered":"<p>Wolfsburgo (Alemania) 17 sep (dpa) &#8211; Un a\u00f1o despu\u00e9s de que saltase a la luz el esc\u00e1ndalo de manipulaci\u00f3n de motores di\u00e9sel, el consorcio alem\u00e1n Volkswagen tiene abiertos m\u00e1s frentes que nunca. El 18 de septiembre el fabricante de autom\u00f3viles celebra el aniversario que nunca ha querido: se \u00abconmemora\u00bb la fecha en la que las [&hellip;]<\/p>\n","protected":false},"author":1,"featured_media":0,"comment_status":"closed","ping_status":"closed","sticky":false,"template":"","format":"standard","meta":{"footnotes":""},"categories":[1],"tags":[],"class_list":["post-908254","post","type-post","status-publish","format-standard","hentry","category-actualidad"],"aioseo_notices":[],"aioseo_head":"\n\t\t<!-- All in One SEO Pro 4.9.6.2 - aioseo.com -->\n\t<meta name=\"description\" content=\"Wolfsburgo (Alemania) 17 sep (dpa) - Un a\u00f1o despu\u00e9s de que saltase a la luz el esc\u00e1ndalo de manipulaci\u00f3n de motores di\u00e9sel, el consorcio alem\u00e1n Volkswagen tiene abiertos m\u00e1s frentes que nunca. El 18 de septiembre el fabricante de autom\u00f3viles celebra el aniversario que nunca ha querido: se &quot;conmemora&quot; la fecha en la que las\" \/>\n\t<meta name=\"robots\" content=\"max-image-preview:large\" \/>\n\t<meta name=\"author\" content=\"El Digital de Asturias\"\/>\n\t<meta name=\"google-site-verification\" content=\"UA-38556648-1\" \/>\n\t<meta name=\"msvalidate.01\" content=\"7dfe9f3f1b24437ab69f4f2559babe99\" \/>\n\t<meta name=\"keywords\" content=\"actualidad\" \/>\n\t<link rel=\"canonical\" href=\"https:\/\/www.eldigitaldeasturias.com\/noticias\/se-cumple-un-ano-del-escandalo-de-volkswagen\/\" \/>\n\t<meta name=\"generator\" content=\"All in One SEO Pro (AIOSEO) 4.9.6.2\" \/>\n\t\t<meta property=\"og:locale\" content=\"es_ES\" \/>\n\t\t<meta property=\"og:site_name\" content=\"El Digital de Asturias\" \/>\n\t\t<meta property=\"og:type\" content=\"article\" \/>\n\t\t<meta property=\"og:title\" content=\"Se cumple un a\u00f1o del esc\u00e1ndalo de Volkswagen - El Digital de Asturias\" \/>\n\t\t<meta property=\"og:description\" content=\"Wolfsburgo (Alemania) 17 sep (dpa) - Un a\u00f1o despu\u00e9s de que saltase a la luz el esc\u00e1ndalo de manipulaci\u00f3n de motores di\u00e9sel, el consorcio alem\u00e1n Volkswagen tiene abiertos m\u00e1s frentes que nunca. El 18 de septiembre el fabricante de autom\u00f3viles celebra el aniversario que nunca ha querido: se &quot;conmemora&quot; la fecha en la que las\" \/>\n\t\t<meta property=\"og:url\" content=\"https:\/\/www.eldigitaldeasturias.com\/noticias\/se-cumple-un-ano-del-escandalo-de-volkswagen\/\" \/>\n\t\t<meta property=\"article:tag\" content=\"actualidad\" \/>\n\t\t<meta property=\"article:published_time\" content=\"2016-09-17T21:10:19+00:00\" \/>\n\t\t<meta property=\"article:modified_time\" content=\"2016-09-17T21:10:19+00:00\" \/>\n\t\t<meta property=\"article:publisher\" content=\"https:\/\/facebook.com\/eldigitaldeasturias\" \/>\n\t\t<meta name=\"twitter:card\" content=\"summary_large_image\" \/>\n\t\t<meta name=\"twitter:title\" content=\"Se cumple un a\u00f1o del esc\u00e1ndalo de Volkswagen - El Digital de Asturias\" \/>\n\t\t<meta name=\"twitter:description\" content=\"Wolfsburgo (Alemania) 17 sep (dpa) - Un a\u00f1o despu\u00e9s de que saltase a la luz el esc\u00e1ndalo de manipulaci\u00f3n de motores di\u00e9sel, el consorcio alem\u00e1n Volkswagen tiene abiertos m\u00e1s frentes que nunca. El 18 de septiembre el fabricante de autom\u00f3viles celebra el aniversario que nunca ha querido: se &quot;conmemora&quot; la fecha en la que las\" \/>\n\t\t<meta name=\"twitter:image\" content=\"https:\/\/www.eldigitaldeasturias.com\/noticias\/wp-content\/uploads\/2020\/12\/EDA-1.jpg\" \/>\n\t\t<meta name=\"twitter:label1\" content=\"Escrito por\" \/>\n\t\t<meta name=\"twitter:data1\" content=\"El Digital de Asturias\" \/>\n\t\t<meta name=\"twitter:label2\" content=\"Tiempo de lectura estimado\" \/>\n\t\t<meta name=\"twitter:data2\" content=\"4 minutos\" \/>\n\t\t<script type=\"application\/ld+json\" class=\"aioseo-schema\">\n\t\t\t{\"@context\":\"https:\\\/\\\/schema.org\",\"@graph\":[{\"@type\":\"BlogPosting\",\"@id\":\"https:\\\/\\\/www.eldigitaldeasturias.com\\\/noticias\\\/se-cumple-un-ano-del-escandalo-de-volkswagen\\\/#blogposting\",\"name\":\"Se cumple un a\\u00f1o del esc\\u00e1ndalo de Volkswagen - El Digital de Asturias\",\"headline\":\"Se cumple un a\\u00f1o del esc\\u00e1ndalo de Volkswagen\",\"author\":{\"@id\":\"https:\\\/\\\/www.eldigitaldeasturias.com\\\/noticias\\\/author\\\/admin\\\/#author\"},\"publisher\":{\"@id\":\"https:\\\/\\\/www.eldigitaldeasturias.com\\\/noticias\\\/#organization\"},\"image\":{\"@type\":\"ImageObject\",\"url\":\"http:\\\/\\\/www.eldigitaldeasturias.com\\\/noticias\\\/wp-content\\\/uploads\\\/2015\\\/09\\\/vw-360x237.jpg\",\"@id\":\"https:\\\/\\\/www.eldigitaldeasturias.com\\\/noticias\\\/se-cumple-un-ano-del-escandalo-de-volkswagen\\\/#articleImage\"},\"datePublished\":\"2016-09-17T22:10:19+02:00\",\"dateModified\":\"2016-09-17T22:10:19+02:00\",\"inLanguage\":\"es-ES\",\"mainEntityOfPage\":{\"@id\":\"https:\\\/\\\/www.eldigitaldeasturias.com\\\/noticias\\\/se-cumple-un-ano-del-escandalo-de-volkswagen\\\/#webpage\"},\"isPartOf\":{\"@id\":\"https:\\\/\\\/www.eldigitaldeasturias.com\\\/noticias\\\/se-cumple-un-ano-del-escandalo-de-volkswagen\\\/#webpage\"},\"articleSection\":\"Actualidad\"},{\"@type\":\"BreadcrumbList\",\"@id\":\"https:\\\/\\\/www.eldigitaldeasturias.com\\\/noticias\\\/se-cumple-un-ano-del-escandalo-de-volkswagen\\\/#breadcrumblist\",\"itemListElement\":[{\"@type\":\"ListItem\",\"@id\":\"https:\\\/\\\/www.eldigitaldeasturias.com\\\/noticias#listItem\",\"position\":1,\"name\":\"Home\",\"item\":\"https:\\\/\\\/www.eldigitaldeasturias.com\\\/noticias\",\"nextItem\":{\"@type\":\"ListItem\",\"@id\":\"https:\\\/\\\/www.eldigitaldeasturias.com\\\/noticias\\\/category\\\/actualidad\\\/#listItem\",\"name\":\"Actualidad\"}},{\"@type\":\"ListItem\",\"@id\":\"https:\\\/\\\/www.eldigitaldeasturias.com\\\/noticias\\\/category\\\/actualidad\\\/#listItem\",\"position\":2,\"name\":\"Actualidad\",\"item\":\"https:\\\/\\\/www.eldigitaldeasturias.com\\\/noticias\\\/category\\\/actualidad\\\/\",\"nextItem\":{\"@type\":\"ListItem\",\"@id\":\"https:\\\/\\\/www.eldigitaldeasturias.com\\\/noticias\\\/se-cumple-un-ano-del-escandalo-de-volkswagen\\\/#listItem\",\"name\":\"Se cumple un a\\u00f1o del esc\\u00e1ndalo de Volkswagen\"},\"previousItem\":{\"@type\":\"ListItem\",\"@id\":\"https:\\\/\\\/www.eldigitaldeasturias.com\\\/noticias#listItem\",\"name\":\"Home\"}},{\"@type\":\"ListItem\",\"@id\":\"https:\\\/\\\/www.eldigitaldeasturias.com\\\/noticias\\\/se-cumple-un-ano-del-escandalo-de-volkswagen\\\/#listItem\",\"position\":3,\"name\":\"Se cumple un a\\u00f1o del esc\\u00e1ndalo de Volkswagen\",\"previousItem\":{\"@type\":\"ListItem\",\"@id\":\"https:\\\/\\\/www.eldigitaldeasturias.com\\\/noticias\\\/category\\\/actualidad\\\/#listItem\",\"name\":\"Actualidad\"}}]},{\"@type\":\"Organization\",\"@id\":\"https:\\\/\\\/www.eldigitaldeasturias.com\\\/noticias\\\/#organization\",\"name\":\"El Digital de Asturias\",\"description\":\"Hemeroteca\",\"url\":\"https:\\\/\\\/www.eldigitaldeasturias.com\\\/noticias\\\/\",\"email\":\"info@eldigitaldeasturias.com\",\"telephone\":\"+34652131393\",\"logo\":{\"@type\":\"ImageObject\",\"url\":\"https:\\\/\\\/www.eldigitaldeasturias.com\\\/noticias\\\/wp-content\\\/uploads\\\/2020\\\/12\\\/EDA.jpg\",\"@id\":\"https:\\\/\\\/www.eldigitaldeasturias.com\\\/noticias\\\/se-cumple-un-ano-del-escandalo-de-volkswagen\\\/#organizationLogo\",\"width\":649,\"height\":297},\"image\":{\"@id\":\"https:\\\/\\\/www.eldigitaldeasturias.com\\\/noticias\\\/se-cumple-un-ano-del-escandalo-de-volkswagen\\\/#organizationLogo\"},\"sameAs\":[\"https:\\\/\\\/facebook.com\\\/eldigitaldeasturias\",\"https:\\\/\\\/www.youtube.com\\\/channel\\\/UCZP-2wLEB9Rv6erhFmqVnvg\"],\"address\":{\"@id\":\"https:\\\/\\\/www.eldigitaldeasturias.com\\\/noticias\\\/#postaladdress\",\"@type\":\"PostalAddress\",\"streetAddress\":\"san antonio 4,\",\"postalCode\":\"33430\",\"addressLocality\":\"Cand\\u00e1s\",\"addressRegion\":\"Asturias\",\"addressCountry\":\"ES\"}},{\"@type\":\"Person\",\"@id\":\"https:\\\/\\\/www.eldigitaldeasturias.com\\\/noticias\\\/author\\\/admin\\\/#author\",\"url\":\"https:\\\/\\\/www.eldigitaldeasturias.com\\\/noticias\\\/author\\\/admin\\\/\",\"name\":\"El Digital de Asturias\",\"image\":{\"@type\":\"ImageObject\",\"@id\":\"https:\\\/\\\/www.eldigitaldeasturias.com\\\/noticias\\\/se-cumple-un-ano-del-escandalo-de-volkswagen\\\/#authorImage\",\"url\":\"https:\\\/\\\/www.eldigitaldeasturias.com\\\/noticias\\\/wp-content\\\/litespeed\\\/avatar\\\/18677e78aa0546b92d9dbf31ec7d7668.jpg?ver=1777290358\",\"width\":96,\"height\":96,\"caption\":\"El Digital de Asturias\"}},{\"@type\":\"WebPage\",\"@id\":\"https:\\\/\\\/www.eldigitaldeasturias.com\\\/noticias\\\/se-cumple-un-ano-del-escandalo-de-volkswagen\\\/#webpage\",\"url\":\"https:\\\/\\\/www.eldigitaldeasturias.com\\\/noticias\\\/se-cumple-un-ano-del-escandalo-de-volkswagen\\\/\",\"name\":\"Se cumple un a\\u00f1o del esc\\u00e1ndalo de Volkswagen - El Digital de Asturias\",\"description\":\"Wolfsburgo (Alemania) 17 sep (dpa) - Un a\\u00f1o despu\\u00e9s de que saltase a la luz el esc\\u00e1ndalo de manipulaci\\u00f3n de motores di\\u00e9sel, el consorcio alem\\u00e1n Volkswagen tiene abiertos m\\u00e1s frentes que nunca. El 18 de septiembre el fabricante de autom\\u00f3viles celebra el aniversario que nunca ha querido: se \\\"conmemora\\\" la fecha en la que las\",\"inLanguage\":\"es-ES\",\"isPartOf\":{\"@id\":\"https:\\\/\\\/www.eldigitaldeasturias.com\\\/noticias\\\/#website\"},\"breadcrumb\":{\"@id\":\"https:\\\/\\\/www.eldigitaldeasturias.com\\\/noticias\\\/se-cumple-un-ano-del-escandalo-de-volkswagen\\\/#breadcrumblist\"},\"author\":{\"@id\":\"https:\\\/\\\/www.eldigitaldeasturias.com\\\/noticias\\\/author\\\/admin\\\/#author\"},\"creator\":{\"@id\":\"https:\\\/\\\/www.eldigitaldeasturias.com\\\/noticias\\\/author\\\/admin\\\/#author\"},\"datePublished\":\"2016-09-17T22:10:19+02:00\",\"dateModified\":\"2016-09-17T22:10:19+02:00\"},{\"@type\":\"WebSite\",\"@id\":\"https:\\\/\\\/www.eldigitaldeasturias.com\\\/noticias\\\/#website\",\"url\":\"https:\\\/\\\/www.eldigitaldeasturias.com\\\/noticias\\\/\",\"name\":\"El Digital de Asturias - Diario de actualidad y noticias\",\"alternateName\":\"El Digital de Asturias - Diario de actualidad y noticias\",\"description\":\"Hemeroteca\",\"inLanguage\":\"es-ES\",\"publisher\":{\"@id\":\"https:\\\/\\\/www.eldigitaldeasturias.com\\\/noticias\\\/#organization\"}}]}\n\t\t<\/script>\n\t\t<!-- All in One SEO Pro -->\r\n\t\t<title>Se cumple un a\u00f1o del esc\u00e1ndalo de Volkswagen - El Digital de Asturias<\/title>\n\n","aioseo_head_json":{"title":"Se cumple un a\u00f1o del esc\u00e1ndalo de Volkswagen - El Digital de Asturias","description":"Wolfsburgo (Alemania) 17 sep (dpa) - Un a\u00f1o despu\u00e9s de que saltase a la luz el esc\u00e1ndalo de manipulaci\u00f3n de motores di\u00e9sel, el consorcio alem\u00e1n Volkswagen tiene abiertos m\u00e1s frentes que nunca. El 18 de septiembre el fabricante de autom\u00f3viles celebra el aniversario que nunca ha querido: se \"conmemora\" la fecha en la que las","canonical_url":"https:\/\/www.eldigitaldeasturias.com\/noticias\/se-cumple-un-ano-del-escandalo-de-volkswagen\/","robots":"max-image-preview:large","keywords":"actualidad","webmasterTools":{"google-site-verification":"UA-38556648-1","msvalidate.01":"7dfe9f3f1b24437ab69f4f2559babe99","miscellaneous":""},"schema":{"@context":"https:\/\/schema.org","@graph":[{"@type":"BlogPosting","@id":"https:\/\/www.eldigitaldeasturias.com\/noticias\/se-cumple-un-ano-del-escandalo-de-volkswagen\/#blogposting","name":"Se cumple un a\u00f1o del esc\u00e1ndalo de Volkswagen - El Digital de Asturias","headline":"Se cumple un a\u00f1o del esc\u00e1ndalo de Volkswagen","author":{"@id":"https:\/\/www.eldigitaldeasturias.com\/noticias\/author\/admin\/#author"},"publisher":{"@id":"https:\/\/www.eldigitaldeasturias.com\/noticias\/#organization"},"image":{"@type":"ImageObject","url":"http:\/\/www.eldigitaldeasturias.com\/noticias\/wp-content\/uploads\/2015\/09\/vw-360x237.jpg","@id":"https:\/\/www.eldigitaldeasturias.com\/noticias\/se-cumple-un-ano-del-escandalo-de-volkswagen\/#articleImage"},"datePublished":"2016-09-17T22:10:19+02:00","dateModified":"2016-09-17T22:10:19+02:00","inLanguage":"es-ES","mainEntityOfPage":{"@id":"https:\/\/www.eldigitaldeasturias.com\/noticias\/se-cumple-un-ano-del-escandalo-de-volkswagen\/#webpage"},"isPartOf":{"@id":"https:\/\/www.eldigitaldeasturias.com\/noticias\/se-cumple-un-ano-del-escandalo-de-volkswagen\/#webpage"},"articleSection":"Actualidad"},{"@type":"BreadcrumbList","@id":"https:\/\/www.eldigitaldeasturias.com\/noticias\/se-cumple-un-ano-del-escandalo-de-volkswagen\/#breadcrumblist","itemListElement":[{"@type":"ListItem","@id":"https:\/\/www.eldigitaldeasturias.com\/noticias#listItem","position":1,"name":"Home","item":"https:\/\/www.eldigitaldeasturias.com\/noticias","nextItem":{"@type":"ListItem","@id":"https:\/\/www.eldigitaldeasturias.com\/noticias\/category\/actualidad\/#listItem","name":"Actualidad"}},{"@type":"ListItem","@id":"https:\/\/www.eldigitaldeasturias.com\/noticias\/category\/actualidad\/#listItem","position":2,"name":"Actualidad","item":"https:\/\/www.eldigitaldeasturias.com\/noticias\/category\/actualidad\/","nextItem":{"@type":"ListItem","@id":"https:\/\/www.eldigitaldeasturias.com\/noticias\/se-cumple-un-ano-del-escandalo-de-volkswagen\/#listItem","name":"Se cumple un a\u00f1o del esc\u00e1ndalo de Volkswagen"},"previousItem":{"@type":"ListItem","@id":"https:\/\/www.eldigitaldeasturias.com\/noticias#listItem","name":"Home"}},{"@type":"ListItem","@id":"https:\/\/www.eldigitaldeasturias.com\/noticias\/se-cumple-un-ano-del-escandalo-de-volkswagen\/#listItem","position":3,"name":"Se cumple un a\u00f1o del esc\u00e1ndalo de Volkswagen","previousItem":{"@type":"ListItem","@id":"https:\/\/www.eldigitaldeasturias.com\/noticias\/category\/actualidad\/#listItem","name":"Actualidad"}}]},{"@type":"Organization","@id":"https:\/\/www.eldigitaldeasturias.com\/noticias\/#organization","name":"El Digital de Asturias","description":"Hemeroteca","url":"https:\/\/www.eldigitaldeasturias.com\/noticias\/","email":"info@eldigitaldeasturias.com","telephone":"+34652131393","logo":{"@type":"ImageObject","url":"https:\/\/www.eldigitaldeasturias.com\/noticias\/wp-content\/uploads\/2020\/12\/EDA.jpg","@id":"https:\/\/www.eldigitaldeasturias.com\/noticias\/se-cumple-un-ano-del-escandalo-de-volkswagen\/#organizationLogo","width":649,"height":297},"image":{"@id":"https:\/\/www.eldigitaldeasturias.com\/noticias\/se-cumple-un-ano-del-escandalo-de-volkswagen\/#organizationLogo"},"sameAs":["https:\/\/facebook.com\/eldigitaldeasturias","https:\/\/www.youtube.com\/channel\/UCZP-2wLEB9Rv6erhFmqVnvg"],"address":{"@id":"https:\/\/www.eldigitaldeasturias.com\/noticias\/#postaladdress","@type":"PostalAddress","streetAddress":"san antonio 4,","postalCode":"33430","addressLocality":"Cand\u00e1s","addressRegion":"Asturias","addressCountry":"ES"}},{"@type":"Person","@id":"https:\/\/www.eldigitaldeasturias.com\/noticias\/author\/admin\/#author","url":"https:\/\/www.eldigitaldeasturias.com\/noticias\/author\/admin\/","name":"El Digital de Asturias","image":{"@type":"ImageObject","@id":"https:\/\/www.eldigitaldeasturias.com\/noticias\/se-cumple-un-ano-del-escandalo-de-volkswagen\/#authorImage","url":"https:\/\/www.eldigitaldeasturias.com\/noticias\/wp-content\/litespeed\/avatar\/18677e78aa0546b92d9dbf31ec7d7668.jpg?ver=1777290358","width":96,"height":96,"caption":"El Digital de Asturias"}},{"@type":"WebPage","@id":"https:\/\/www.eldigitaldeasturias.com\/noticias\/se-cumple-un-ano-del-escandalo-de-volkswagen\/#webpage","url":"https:\/\/www.eldigitaldeasturias.com\/noticias\/se-cumple-un-ano-del-escandalo-de-volkswagen\/","name":"Se cumple un a\u00f1o del esc\u00e1ndalo de Volkswagen - El Digital de Asturias","description":"Wolfsburgo (Alemania) 17 sep (dpa) - Un a\u00f1o despu\u00e9s de que saltase a la luz el esc\u00e1ndalo de manipulaci\u00f3n de motores di\u00e9sel, el consorcio alem\u00e1n Volkswagen tiene abiertos m\u00e1s frentes que nunca. El 18 de septiembre el fabricante de autom\u00f3viles celebra el aniversario que nunca ha querido: se \"conmemora\" la fecha en la que las","inLanguage":"es-ES","isPartOf":{"@id":"https:\/\/www.eldigitaldeasturias.com\/noticias\/#website"},"breadcrumb":{"@id":"https:\/\/www.eldigitaldeasturias.com\/noticias\/se-cumple-un-ano-del-escandalo-de-volkswagen\/#breadcrumblist"},"author":{"@id":"https:\/\/www.eldigitaldeasturias.com\/noticias\/author\/admin\/#author"},"creator":{"@id":"https:\/\/www.eldigitaldeasturias.com\/noticias\/author\/admin\/#author"},"datePublished":"2016-09-17T22:10:19+02:00","dateModified":"2016-09-17T22:10:19+02:00"},{"@type":"WebSite","@id":"https:\/\/www.eldigitaldeasturias.com\/noticias\/#website","url":"https:\/\/www.eldigitaldeasturias.com\/noticias\/","name":"El Digital de Asturias - Diario de actualidad y noticias","alternateName":"El Digital de Asturias - Diario de actualidad y noticias","description":"Hemeroteca","inLanguage":"es-ES","publisher":{"@id":"https:\/\/www.eldigitaldeasturias.com\/noticias\/#organization"}}]},"og:locale":"es_ES","og:site_name":"El Digital de Asturias","og:type":"article","og:title":"Se cumple un a\u00f1o del esc\u00e1ndalo de Volkswagen - El Digital de Asturias","og:description":"Wolfsburgo (Alemania) 17 sep (dpa) - Un a\u00f1o despu\u00e9s de que saltase a la luz el esc\u00e1ndalo de manipulaci\u00f3n de motores di\u00e9sel, el consorcio alem\u00e1n Volkswagen tiene abiertos m\u00e1s frentes que nunca. El 18 de septiembre el fabricante de autom\u00f3viles celebra el aniversario que nunca ha querido: se &quot;conmemora&quot; la fecha en la que las","og:url":"https:\/\/www.eldigitaldeasturias.com\/noticias\/se-cumple-un-ano-del-escandalo-de-volkswagen\/","article:tag":["actualidad"],"article:published_time":"2016-09-17T21:10:19+00:00","article:modified_time":"2016-09-17T21:10:19+00:00","article:publisher":"https:\/\/facebook.com\/eldigitaldeasturias","twitter:card":"summary_large_image","twitter:title":"Se cumple un a\u00f1o del esc\u00e1ndalo de Volkswagen - El Digital de Asturias","twitter:description":"Wolfsburgo (Alemania) 17 sep (dpa) - Un a\u00f1o despu\u00e9s de que saltase a la luz el esc\u00e1ndalo de manipulaci\u00f3n de motores di\u00e9sel, el consorcio alem\u00e1n Volkswagen tiene abiertos m\u00e1s frentes que nunca. El 18 de septiembre el fabricante de autom\u00f3viles celebra el aniversario que nunca ha querido: se &quot;conmemora&quot; la fecha en la que las","twitter:image":"https:\/\/www.eldigitaldeasturias.com\/noticias\/wp-content\/uploads\/2020\/12\/EDA-1.jpg","twitter:label1":"Escrito por","twitter:data1":"El Digital de Asturias","twitter:label2":"Tiempo de lectura estimado","twitter:data2":"4 minutos"},"aioseo_meta_data":{"post_id":"908254","title":null,"description":null,"keywords":null,"keyphrases":null,"primary_term":null,"canonical_url":null,"og_title":null,"og_description":null,"og_object_type":"default","og_image_type":"default","og_image_url":null,"og_image_width":null,"og_image_height":null,"og_image_custom_url":null,"og_image_custom_fields":null,"og_video":null,"og_custom_url":null,"og_article_section":null,"og_article_tags":null,"twitter_use_og":false,"twitter_card":"default","twitter_image_type":"default","twitter_image_url":null,"twitter_image_custom_url":null,"twitter_image_custom_fields":null,"twitter_title":null,"twitter_description":null,"schema":{"blockGraphs":[],"customGraphs":[],"default":{"data":{"Article":[],"Course":[],"Dataset":[],"FAQPage":[],"Movie":[],"Person":[],"Product":[],"ProductReview":[],"Car":[],"Recipe":[],"Service":[],"SoftwareApplication":[],"WebPage":[]},"graphName":"","isEnabled":true},"graphs":[],"defaultGraph":"","defaultPostTypeGraph":""},"schema_type":null,"schema_type_options":null,"pillar_content":false,"robots_default":true,"robots_noindex":false,"robots_noarchive":false,"robots_nosnippet":false,"robots_nofollow":false,"robots_noimageindex":false,"robots_noodp":false,"robots_notranslate":false,"robots_max_snippet":null,"robots_max_videopreview":null,"robots_max_imagepreview":"large","priority":null,"frequency":null,"local_seo":null,"seo_analyzer_scan_date":"2025-11-30 15:28:13","breadcrumb_settings":null,"limit_modified_date":false,"open_ai":null,"ai":null,"created":"2020-12-21 14:00:17","updated":"2025-11-30 15:28:13"},"aioseo_breadcrumb":"<div class=\"aioseo-breadcrumbs\"><span class=\"aioseo-breadcrumb\">\n\t<a href=\"https:\/\/www.eldigitaldeasturias.com\/noticias\" title=\"Home\">Home<\/a>\n<\/span><span class=\"aioseo-breadcrumb-separator\">\u2013<\/span><span class=\"aioseo-breadcrumb\">\n\t<a href=\"https:\/\/www.eldigitaldeasturias.com\/noticias\/category\/actualidad\/\" title=\"Actualidad\">Actualidad<\/a>\n<\/span><span class=\"aioseo-breadcrumb-separator\">\u2013<\/span><span class=\"aioseo-breadcrumb\">\n\t<a href=\"https:\/\/www.eldigitaldeasturias.com\/noticias\/se-cumple-un-ano-del-escandalo-de-volkswagen\/\" title=\"Se cumple un a\u00f1o del esc\u00e1ndalo de Volkswagen\">Se cumple un a\u00f1o del esc\u00e1ndalo de Volkswagen<\/a>\n<\/span><\/div>","aioseo_breadcrumb_json":[{"label":"Home","link":"https:\/\/www.eldigitaldeasturias.com\/noticias"},{"label":"Actualidad","link":"https:\/\/www.eldigitaldeasturias.com\/noticias\/category\/actualidad\/"},{"label":"Se cumple un a\u00f1o del esc\u00e1ndalo de Volkswagen","link":"https:\/\/www.eldigitaldeasturias.com\/noticias\/se-cumple-un-ano-del-escandalo-de-volkswagen\/"}],"_links":{"self":[{"href":"https:\/\/www.eldigitaldeasturias.com\/noticias\/wp-json\/wp\/v2\/posts\/908254","targetHints":{"allow":["GET"]}}],"collection":[{"href":"https:\/\/www.eldigitaldeasturias.com\/noticias\/wp-json\/wp\/v2\/posts"}],"about":[{"href":"https:\/\/www.eldigitaldeasturias.com\/noticias\/wp-json\/wp\/v2\/types\/post"}],"author":[{"embeddable":true,"href":"https:\/\/www.eldigitaldeasturias.com\/noticias\/wp-json\/wp\/v2\/users\/1"}],"replies":[{"embeddable":true,"href":"https:\/\/www.eldigitaldeasturias.com\/noticias\/wp-json\/wp\/v2\/comments?post=908254"}],"version-history":[{"count":0,"href":"https:\/\/www.eldigitaldeasturias.com\/noticias\/wp-json\/wp\/v2\/posts\/908254\/revisions"}],"wp:attachment":[{"href":"https:\/\/www.eldigitaldeasturias.com\/noticias\/wp-json\/wp\/v2\/media?parent=908254"}],"wp:term":[{"taxonomy":"category","embeddable":true,"href":"https:\/\/www.eldigitaldeasturias.com\/noticias\/wp-json\/wp\/v2\/categories?post=908254"},{"taxonomy":"post_tag","embeddable":true,"href":"https:\/\/www.eldigitaldeasturias.com\/noticias\/wp-json\/wp\/v2\/tags?post=908254"}],"curies":[{"name":"wp","href":"https:\/\/api.w.org\/{rel}","templated":true}]}}