{"id":908249,"date":"2016-09-17T22:05:33","date_gmt":"2016-09-17T21:05:33","guid":{"rendered":"http:\/\/www.eldigitaldeasturias.com\/noticias\/?p=908249"},"modified":"2016-09-17T22:05:57","modified_gmt":"2016-09-17T21:05:57","slug":"angela-merkel-se-examina-en-las-urnas","status":"publish","type":"post","link":"https:\/\/www.eldigitaldeasturias.com\/noticias\/angela-merkel-se-examina-en-las-urnas\/","title":{"rendered":"Angela Merkel se examina en las urnas"},"content":{"rendered":"<p><img loading=\"lazy\" decoding=\"async\" class=\"alignleft size-medium wp-image-902955\" src=\"https:\/\/www.eldigitaldeasturias.com\/noticias\/wp-content\/uploads\/2016\/08\/merkel-360x198.jpg\" alt=\"merkel\" width=\"360\" height=\"198\" srcset=\"https:\/\/www.eldigitaldeasturias.com\/noticias\/wp-content\/uploads\/2016\/08\/merkel-360x198.jpg 360w, https:\/\/www.eldigitaldeasturias.com\/noticias\/wp-content\/uploads\/2016\/08\/merkel-650x357.jpg 650w, https:\/\/www.eldigitaldeasturias.com\/noticias\/wp-content\/uploads\/2016\/08\/merkel.jpg 655w\" sizes=\"auto, (max-width: 360px) 100vw, 360px\" \/>(dpa) &#8211; El partido democr\u00e1tacristiano (CDU) que preside la canciller Angela Merkel podr\u00eda encarar un nuevo rev\u00e9s este domingo en las elecciones locales que se celebran en la ciudad-Estado de Berl\u00edn.<\/p>\n<p>Los recientes comicios en el estado federado de Mecklemburgo-Pomerania Occidental, celebrados hace dos semanas, pusieron de manifiesto que en el pa\u00eds hay cierto escepticismo en relaci\u00f3n con la pol\u00edtica migratoria impulsada por la dirigente, que ha visto c\u00f3mo su formaci\u00f3n se ha visto superada, por primera vez, por el partido de tintes xen\u00f3fobos Alternativa para Alemania (AfD).<\/p>\n<p>En el caso de que los buenos resultados sigan acompa\u00f1ando a AfD, ser\u00eda el fin de la actual gran coalici\u00f3n, que en los \u00faltimos a\u00f1os ha estado en el foco de todas las miradas debido al esc\u00e1ndalo de construcci\u00f3n del nuevo aeropuerto de la capital alemana, que deber\u00eda haber sido inaugurado en 2012 y todav\u00eda no est\u00e1 listo.<\/p>\n<p>De acuerdo con una encuesta publicada el jueves, el actual alcalde de Berl\u00edn, el socialdem\u00f3crata (SPD) Michael M\u00fcller, lograr\u00eda repetir al frente del ayuntamiento con una modesta victoria, consiguiendo para su formaci\u00f3n un 24 por ciento de los votos.<\/p>\n<p>No en vano, su gran coalici\u00f3n con la CDU de Merkel podr\u00eda peligrar, de acuerdo con los sondeos, y esto le llevar\u00eda a formar un tripartito con Los Verdes y la formaci\u00f3n La Izquierda, integrada por antiguos comunistas de la Alemania del Este.<\/p>\n<p>Una encuesta publicada por el diario berlin\u00e9s \u00abBerliner Zeitung\u00bb indicaba que el partido dem\u00f3cratacristiano de la canciller y el partido verde se disputar\u00edan el puesto de segunda fuerza m\u00e1s votada. A ambos, los institutos demosc\u00f3picos les otorgan un apoyo del 17 por ciento, y al partido La Izquierda, un porcentaje de voto de un 15 por ciento.<\/p>\n<p>Por su parte, se espera que AfD logre un 13 por ciento de los votos, un nivel de respaldo muy inferior al que cosech\u00f3 hace tan solo dos semanas en las elecciones de Mecklemburgo-Pomerania Occidental, donde convenci\u00f3 a un 20,8 de los electores.<\/p>\n<p>M\u00fcller alert\u00f3 esta semana a trav\u00e9s de su perfil de Facebook de que un apoyo de entre un diez y un 14 por ciento a AfD ser\u00eda visto en todo el mundo como una \u00abse\u00f1al del resurgimiento de la derecha y de los nazis en Alemania\u00bb.<\/p>\n<p>Casi 2,5 millones de berlineses est\u00e1n llamados este domingo a las urnas para elegir un nuevo Parlamento en la ciudad-Estado. A los comicios concurren 21 partidos pol\u00edticos que presentan a un total de 927 candidatos.<\/p>\n<p>La crisis de refugiados, las escuelas, la Administraci\u00f3n y el mercado inmobiliario han sido los temas que han protagonizado la campa\u00f1a.<\/p>\n<p>De forma paralela a la elecci\u00f3n de los diputados del Parlamento berlin\u00e9s, este domingo tambi\u00e9n se eligen representantes locales en los 12 distritos de la capital alemana.<\/p>\n<p>Se espera que, sobre todo en barrios del este de la ciudad, el partido populista de derechas Alternativa para Alemania logre los suficientes apoyos que le permitan acceder a una concejal\u00eda.<\/p>\n<p>&nbsp;<\/p>\n","protected":false},"excerpt":{"rendered":"<p>(dpa) &#8211; El partido democr\u00e1tacristiano (CDU) que preside la canciller Angela Merkel podr\u00eda encarar un nuevo rev\u00e9s este domingo en las elecciones locales que se celebran en la ciudad-Estado de Berl\u00edn. Los recientes comicios en el estado federado de Mecklemburgo-Pomerania Occidental, celebrados hace dos semanas, pusieron de manifiesto que en el pa\u00eds hay cierto escepticismo [&hellip;]<\/p>\n","protected":false},"author":1,"featured_media":902955,"comment_status":"closed","ping_status":"closed","sticky":false,"template":"","format":"standard","meta":{"footnotes":""},"categories":[1],"tags":[],"class_list":["post-908249","post","type-post","status-publish","format-standard","has-post-thumbnail","hentry","category-actualidad"],"aioseo_notices":[],"aioseo_head":"\n\t\t<!-- All in One SEO Pro 4.9.6.2 - aioseo.com -->\n\t<meta name=\"description\" content=\"(dpa) - El partido democr\u00e1tacristiano (CDU) que preside la canciller Angela Merkel podr\u00eda encarar un nuevo rev\u00e9s este domingo en las elecciones locales que se celebran en la ciudad-Estado de Berl\u00edn. Los recientes comicios en el estado federado de Mecklemburgo-Pomerania Occidental, celebrados hace dos semanas, pusieron de manifiesto que en el pa\u00eds hay cierto escepticismo\" \/>\n\t<meta name=\"robots\" content=\"max-image-preview:large\" \/>\n\t<meta name=\"author\" content=\"El Digital de Asturias\"\/>\n\t<meta name=\"google-site-verification\" content=\"UA-38556648-1\" \/>\n\t<meta name=\"msvalidate.01\" content=\"7dfe9f3f1b24437ab69f4f2559babe99\" \/>\n\t<meta name=\"keywords\" content=\"actualidad\" \/>\n\t<link rel=\"canonical\" href=\"https:\/\/www.eldigitaldeasturias.com\/noticias\/angela-merkel-se-examina-en-las-urnas\/\" \/>\n\t<meta name=\"generator\" content=\"All in One SEO Pro (AIOSEO) 4.9.6.2\" \/>\n\t\t<meta property=\"og:locale\" content=\"es_ES\" \/>\n\t\t<meta property=\"og:site_name\" content=\"El Digital de Asturias\" \/>\n\t\t<meta property=\"og:type\" content=\"article\" \/>\n\t\t<meta property=\"og:title\" content=\"Angela Merkel se examina en las urnas - El Digital de Asturias\" \/>\n\t\t<meta property=\"og:description\" content=\"(dpa) - El partido democr\u00e1tacristiano (CDU) que preside la canciller Angela Merkel podr\u00eda encarar un nuevo rev\u00e9s este domingo en las elecciones locales que se celebran en la ciudad-Estado de Berl\u00edn. Los recientes comicios en el estado federado de Mecklemburgo-Pomerania Occidental, celebrados hace dos semanas, pusieron de manifiesto que en el pa\u00eds hay cierto escepticismo\" \/>\n\t\t<meta property=\"og:url\" content=\"https:\/\/www.eldigitaldeasturias.com\/noticias\/angela-merkel-se-examina-en-las-urnas\/\" \/>\n\t\t<meta property=\"og:image\" content=\"https:\/\/www.eldigitaldeasturias.com\/noticias\/wp-content\/uploads\/2016\/08\/merkel.jpg\" \/>\n\t\t<meta property=\"og:image:secure_url\" content=\"https:\/\/www.eldigitaldeasturias.com\/noticias\/wp-content\/uploads\/2016\/08\/merkel.jpg\" \/>\n\t\t<meta property=\"og:image:width\" content=\"655\" \/>\n\t\t<meta property=\"og:image:height\" content=\"360\" \/>\n\t\t<meta property=\"article:tag\" content=\"actualidad\" \/>\n\t\t<meta property=\"article:published_time\" content=\"2016-09-17T21:05:33+00:00\" \/>\n\t\t<meta property=\"article:modified_time\" content=\"2016-09-17T21:05:57+00:00\" \/>\n\t\t<meta property=\"article:publisher\" content=\"https:\/\/facebook.com\/eldigitaldeasturias\" \/>\n\t\t<meta name=\"twitter:card\" content=\"summary_large_image\" \/>\n\t\t<meta name=\"twitter:title\" content=\"Angela Merkel se examina en las urnas - El Digital de Asturias\" \/>\n\t\t<meta name=\"twitter:description\" content=\"(dpa) - El partido democr\u00e1tacristiano (CDU) que preside la canciller Angela Merkel podr\u00eda encarar un nuevo rev\u00e9s este domingo en las elecciones locales que se celebran en la ciudad-Estado de Berl\u00edn. Los recientes comicios en el estado federado de Mecklemburgo-Pomerania Occidental, celebrados hace dos semanas, pusieron de manifiesto que en el pa\u00eds hay cierto escepticismo\" \/>\n\t\t<meta name=\"twitter:image\" content=\"https:\/\/www.eldigitaldeasturias.com\/noticias\/wp-content\/uploads\/2016\/08\/merkel.jpg\" \/>\n\t\t<meta name=\"twitter:label1\" content=\"Escrito por\" \/>\n\t\t<meta name=\"twitter:data1\" content=\"El Digital de Asturias\" \/>\n\t\t<meta name=\"twitter:label2\" content=\"Tiempo de lectura estimado\" \/>\n\t\t<meta name=\"twitter:data2\" content=\"3 minutos\" \/>\n\t\t<script type=\"application\/ld+json\" class=\"aioseo-schema\">\n\t\t\t{\"@context\":\"https:\\\/\\\/schema.org\",\"@graph\":[{\"@type\":\"BlogPosting\",\"@id\":\"https:\\\/\\\/www.eldigitaldeasturias.com\\\/noticias\\\/angela-merkel-se-examina-en-las-urnas\\\/#blogposting\",\"name\":\"Angela Merkel se examina en las urnas - El Digital de Asturias\",\"headline\":\"Angela Merkel se examina en las urnas\",\"author\":{\"@id\":\"https:\\\/\\\/www.eldigitaldeasturias.com\\\/noticias\\\/author\\\/admin\\\/#author\"},\"publisher\":{\"@id\":\"https:\\\/\\\/www.eldigitaldeasturias.com\\\/noticias\\\/#organization\"},\"image\":{\"@type\":\"ImageObject\",\"url\":\"https:\\\/\\\/www.eldigitaldeasturias.com\\\/noticias\\\/wp-content\\\/uploads\\\/2016\\\/08\\\/merkel.jpg\",\"width\":655,\"height\":360},\"datePublished\":\"2016-09-17T22:05:33+02:00\",\"dateModified\":\"2016-09-17T22:05:57+02:00\",\"inLanguage\":\"es-ES\",\"mainEntityOfPage\":{\"@id\":\"https:\\\/\\\/www.eldigitaldeasturias.com\\\/noticias\\\/angela-merkel-se-examina-en-las-urnas\\\/#webpage\"},\"isPartOf\":{\"@id\":\"https:\\\/\\\/www.eldigitaldeasturias.com\\\/noticias\\\/angela-merkel-se-examina-en-las-urnas\\\/#webpage\"},\"articleSection\":\"Actualidad\"},{\"@type\":\"BreadcrumbList\",\"@id\":\"https:\\\/\\\/www.eldigitaldeasturias.com\\\/noticias\\\/angela-merkel-se-examina-en-las-urnas\\\/#breadcrumblist\",\"itemListElement\":[{\"@type\":\"ListItem\",\"@id\":\"https:\\\/\\\/www.eldigitaldeasturias.com\\\/noticias#listItem\",\"position\":1,\"name\":\"Home\",\"item\":\"https:\\\/\\\/www.eldigitaldeasturias.com\\\/noticias\",\"nextItem\":{\"@type\":\"ListItem\",\"@id\":\"https:\\\/\\\/www.eldigitaldeasturias.com\\\/noticias\\\/category\\\/actualidad\\\/#listItem\",\"name\":\"Actualidad\"}},{\"@type\":\"ListItem\",\"@id\":\"https:\\\/\\\/www.eldigitaldeasturias.com\\\/noticias\\\/category\\\/actualidad\\\/#listItem\",\"position\":2,\"name\":\"Actualidad\",\"item\":\"https:\\\/\\\/www.eldigitaldeasturias.com\\\/noticias\\\/category\\\/actualidad\\\/\",\"nextItem\":{\"@type\":\"ListItem\",\"@id\":\"https:\\\/\\\/www.eldigitaldeasturias.com\\\/noticias\\\/angela-merkel-se-examina-en-las-urnas\\\/#listItem\",\"name\":\"Angela Merkel se examina en las urnas\"},\"previousItem\":{\"@type\":\"ListItem\",\"@id\":\"https:\\\/\\\/www.eldigitaldeasturias.com\\\/noticias#listItem\",\"name\":\"Home\"}},{\"@type\":\"ListItem\",\"@id\":\"https:\\\/\\\/www.eldigitaldeasturias.com\\\/noticias\\\/angela-merkel-se-examina-en-las-urnas\\\/#listItem\",\"position\":3,\"name\":\"Angela Merkel se examina en las urnas\",\"previousItem\":{\"@type\":\"ListItem\",\"@id\":\"https:\\\/\\\/www.eldigitaldeasturias.com\\\/noticias\\\/category\\\/actualidad\\\/#listItem\",\"name\":\"Actualidad\"}}]},{\"@type\":\"Organization\",\"@id\":\"https:\\\/\\\/www.eldigitaldeasturias.com\\\/noticias\\\/#organization\",\"name\":\"El Digital de Asturias\",\"description\":\"Hemeroteca\",\"url\":\"https:\\\/\\\/www.eldigitaldeasturias.com\\\/noticias\\\/\",\"email\":\"info@eldigitaldeasturias.com\",\"telephone\":\"+34652131393\",\"logo\":{\"@type\":\"ImageObject\",\"url\":\"https:\\\/\\\/www.eldigitaldeasturias.com\\\/noticias\\\/wp-content\\\/uploads\\\/2020\\\/12\\\/EDA.jpg\",\"@id\":\"https:\\\/\\\/www.eldigitaldeasturias.com\\\/noticias\\\/angela-merkel-se-examina-en-las-urnas\\\/#organizationLogo\",\"width\":649,\"height\":297},\"image\":{\"@id\":\"https:\\\/\\\/www.eldigitaldeasturias.com\\\/noticias\\\/angela-merkel-se-examina-en-las-urnas\\\/#organizationLogo\"},\"sameAs\":[\"https:\\\/\\\/facebook.com\\\/eldigitaldeasturias\",\"https:\\\/\\\/www.youtube.com\\\/channel\\\/UCZP-2wLEB9Rv6erhFmqVnvg\"],\"address\":{\"@id\":\"https:\\\/\\\/www.eldigitaldeasturias.com\\\/noticias\\\/#postaladdress\",\"@type\":\"PostalAddress\",\"streetAddress\":\"san antonio 4,\",\"postalCode\":\"33430\",\"addressLocality\":\"Cand\\u00e1s\",\"addressRegion\":\"Asturias\",\"addressCountry\":\"ES\"}},{\"@type\":\"Person\",\"@id\":\"https:\\\/\\\/www.eldigitaldeasturias.com\\\/noticias\\\/author\\\/admin\\\/#author\",\"url\":\"https:\\\/\\\/www.eldigitaldeasturias.com\\\/noticias\\\/author\\\/admin\\\/\",\"name\":\"El Digital de Asturias\",\"image\":{\"@type\":\"ImageObject\",\"@id\":\"https:\\\/\\\/www.eldigitaldeasturias.com\\\/noticias\\\/angela-merkel-se-examina-en-las-urnas\\\/#authorImage\",\"url\":\"https:\\\/\\\/www.eldigitaldeasturias.com\\\/noticias\\\/wp-content\\\/litespeed\\\/avatar\\\/18677e78aa0546b92d9dbf31ec7d7668.jpg?ver=1777290358\",\"width\":96,\"height\":96,\"caption\":\"El Digital de Asturias\"}},{\"@type\":\"WebPage\",\"@id\":\"https:\\\/\\\/www.eldigitaldeasturias.com\\\/noticias\\\/angela-merkel-se-examina-en-las-urnas\\\/#webpage\",\"url\":\"https:\\\/\\\/www.eldigitaldeasturias.com\\\/noticias\\\/angela-merkel-se-examina-en-las-urnas\\\/\",\"name\":\"Angela Merkel se examina en las urnas - El Digital de Asturias\",\"description\":\"(dpa) - El partido democr\\u00e1tacristiano (CDU) que preside la canciller Angela Merkel podr\\u00eda encarar un nuevo rev\\u00e9s este domingo en las elecciones locales que se celebran en la ciudad-Estado de Berl\\u00edn. Los recientes comicios en el estado federado de Mecklemburgo-Pomerania Occidental, celebrados hace dos semanas, pusieron de manifiesto que en el pa\\u00eds hay cierto escepticismo\",\"inLanguage\":\"es-ES\",\"isPartOf\":{\"@id\":\"https:\\\/\\\/www.eldigitaldeasturias.com\\\/noticias\\\/#website\"},\"breadcrumb\":{\"@id\":\"https:\\\/\\\/www.eldigitaldeasturias.com\\\/noticias\\\/angela-merkel-se-examina-en-las-urnas\\\/#breadcrumblist\"},\"author\":{\"@id\":\"https:\\\/\\\/www.eldigitaldeasturias.com\\\/noticias\\\/author\\\/admin\\\/#author\"},\"creator\":{\"@id\":\"https:\\\/\\\/www.eldigitaldeasturias.com\\\/noticias\\\/author\\\/admin\\\/#author\"},\"image\":{\"@type\":\"ImageObject\",\"url\":\"https:\\\/\\\/www.eldigitaldeasturias.com\\\/noticias\\\/wp-content\\\/uploads\\\/2016\\\/08\\\/merkel.jpg\",\"@id\":\"https:\\\/\\\/www.eldigitaldeasturias.com\\\/noticias\\\/angela-merkel-se-examina-en-las-urnas\\\/#mainImage\",\"width\":655,\"height\":360},\"primaryImageOfPage\":{\"@id\":\"https:\\\/\\\/www.eldigitaldeasturias.com\\\/noticias\\\/angela-merkel-se-examina-en-las-urnas\\\/#mainImage\"},\"datePublished\":\"2016-09-17T22:05:33+02:00\",\"dateModified\":\"2016-09-17T22:05:57+02:00\"},{\"@type\":\"WebSite\",\"@id\":\"https:\\\/\\\/www.eldigitaldeasturias.com\\\/noticias\\\/#website\",\"url\":\"https:\\\/\\\/www.eldigitaldeasturias.com\\\/noticias\\\/\",\"name\":\"El Digital de Asturias - Diario de actualidad y noticias\",\"alternateName\":\"El Digital de Asturias - Diario de actualidad y noticias\",\"description\":\"Hemeroteca\",\"inLanguage\":\"es-ES\",\"publisher\":{\"@id\":\"https:\\\/\\\/www.eldigitaldeasturias.com\\\/noticias\\\/#organization\"}}]}\n\t\t<\/script>\n\t\t<!-- All in One SEO Pro -->\r\n\t\t<title>Angela Merkel se examina en las urnas - El Digital de Asturias<\/title>\n\n","aioseo_head_json":{"title":"Angela Merkel se examina en las urnas - El Digital de Asturias","description":"(dpa) - El partido democr\u00e1tacristiano (CDU) que preside la canciller Angela Merkel podr\u00eda encarar un nuevo rev\u00e9s este domingo en las elecciones locales que se celebran en la ciudad-Estado de Berl\u00edn. Los recientes comicios en el estado federado de Mecklemburgo-Pomerania Occidental, celebrados hace dos semanas, pusieron de manifiesto que en el pa\u00eds hay cierto escepticismo","canonical_url":"https:\/\/www.eldigitaldeasturias.com\/noticias\/angela-merkel-se-examina-en-las-urnas\/","robots":"max-image-preview:large","keywords":"actualidad","webmasterTools":{"google-site-verification":"UA-38556648-1","msvalidate.01":"7dfe9f3f1b24437ab69f4f2559babe99","miscellaneous":""},"schema":{"@context":"https:\/\/schema.org","@graph":[{"@type":"BlogPosting","@id":"https:\/\/www.eldigitaldeasturias.com\/noticias\/angela-merkel-se-examina-en-las-urnas\/#blogposting","name":"Angela Merkel se examina en las urnas - El Digital de Asturias","headline":"Angela Merkel se examina en las urnas","author":{"@id":"https:\/\/www.eldigitaldeasturias.com\/noticias\/author\/admin\/#author"},"publisher":{"@id":"https:\/\/www.eldigitaldeasturias.com\/noticias\/#organization"},"image":{"@type":"ImageObject","url":"https:\/\/www.eldigitaldeasturias.com\/noticias\/wp-content\/uploads\/2016\/08\/merkel.jpg","width":655,"height":360},"datePublished":"2016-09-17T22:05:33+02:00","dateModified":"2016-09-17T22:05:57+02:00","inLanguage":"es-ES","mainEntityOfPage":{"@id":"https:\/\/www.eldigitaldeasturias.com\/noticias\/angela-merkel-se-examina-en-las-urnas\/#webpage"},"isPartOf":{"@id":"https:\/\/www.eldigitaldeasturias.com\/noticias\/angela-merkel-se-examina-en-las-urnas\/#webpage"},"articleSection":"Actualidad"},{"@type":"BreadcrumbList","@id":"https:\/\/www.eldigitaldeasturias.com\/noticias\/angela-merkel-se-examina-en-las-urnas\/#breadcrumblist","itemListElement":[{"@type":"ListItem","@id":"https:\/\/www.eldigitaldeasturias.com\/noticias#listItem","position":1,"name":"Home","item":"https:\/\/www.eldigitaldeasturias.com\/noticias","nextItem":{"@type":"ListItem","@id":"https:\/\/www.eldigitaldeasturias.com\/noticias\/category\/actualidad\/#listItem","name":"Actualidad"}},{"@type":"ListItem","@id":"https:\/\/www.eldigitaldeasturias.com\/noticias\/category\/actualidad\/#listItem","position":2,"name":"Actualidad","item":"https:\/\/www.eldigitaldeasturias.com\/noticias\/category\/actualidad\/","nextItem":{"@type":"ListItem","@id":"https:\/\/www.eldigitaldeasturias.com\/noticias\/angela-merkel-se-examina-en-las-urnas\/#listItem","name":"Angela Merkel se examina en las urnas"},"previousItem":{"@type":"ListItem","@id":"https:\/\/www.eldigitaldeasturias.com\/noticias#listItem","name":"Home"}},{"@type":"ListItem","@id":"https:\/\/www.eldigitaldeasturias.com\/noticias\/angela-merkel-se-examina-en-las-urnas\/#listItem","position":3,"name":"Angela Merkel se examina en las urnas","previousItem":{"@type":"ListItem","@id":"https:\/\/www.eldigitaldeasturias.com\/noticias\/category\/actualidad\/#listItem","name":"Actualidad"}}]},{"@type":"Organization","@id":"https:\/\/www.eldigitaldeasturias.com\/noticias\/#organization","name":"El Digital de Asturias","description":"Hemeroteca","url":"https:\/\/www.eldigitaldeasturias.com\/noticias\/","email":"info@eldigitaldeasturias.com","telephone":"+34652131393","logo":{"@type":"ImageObject","url":"https:\/\/www.eldigitaldeasturias.com\/noticias\/wp-content\/uploads\/2020\/12\/EDA.jpg","@id":"https:\/\/www.eldigitaldeasturias.com\/noticias\/angela-merkel-se-examina-en-las-urnas\/#organizationLogo","width":649,"height":297},"image":{"@id":"https:\/\/www.eldigitaldeasturias.com\/noticias\/angela-merkel-se-examina-en-las-urnas\/#organizationLogo"},"sameAs":["https:\/\/facebook.com\/eldigitaldeasturias","https:\/\/www.youtube.com\/channel\/UCZP-2wLEB9Rv6erhFmqVnvg"],"address":{"@id":"https:\/\/www.eldigitaldeasturias.com\/noticias\/#postaladdress","@type":"PostalAddress","streetAddress":"san antonio 4,","postalCode":"33430","addressLocality":"Cand\u00e1s","addressRegion":"Asturias","addressCountry":"ES"}},{"@type":"Person","@id":"https:\/\/www.eldigitaldeasturias.com\/noticias\/author\/admin\/#author","url":"https:\/\/www.eldigitaldeasturias.com\/noticias\/author\/admin\/","name":"El Digital de Asturias","image":{"@type":"ImageObject","@id":"https:\/\/www.eldigitaldeasturias.com\/noticias\/angela-merkel-se-examina-en-las-urnas\/#authorImage","url":"https:\/\/www.eldigitaldeasturias.com\/noticias\/wp-content\/litespeed\/avatar\/18677e78aa0546b92d9dbf31ec7d7668.jpg?ver=1777290358","width":96,"height":96,"caption":"El Digital de Asturias"}},{"@type":"WebPage","@id":"https:\/\/www.eldigitaldeasturias.com\/noticias\/angela-merkel-se-examina-en-las-urnas\/#webpage","url":"https:\/\/www.eldigitaldeasturias.com\/noticias\/angela-merkel-se-examina-en-las-urnas\/","name":"Angela Merkel se examina en las urnas - El Digital de Asturias","description":"(dpa) - El partido democr\u00e1tacristiano (CDU) que preside la canciller Angela Merkel podr\u00eda encarar un nuevo rev\u00e9s este domingo en las elecciones locales que se celebran en la ciudad-Estado de Berl\u00edn. Los recientes comicios en el estado federado de Mecklemburgo-Pomerania Occidental, celebrados hace dos semanas, pusieron de manifiesto que en el pa\u00eds hay cierto escepticismo","inLanguage":"es-ES","isPartOf":{"@id":"https:\/\/www.eldigitaldeasturias.com\/noticias\/#website"},"breadcrumb":{"@id":"https:\/\/www.eldigitaldeasturias.com\/noticias\/angela-merkel-se-examina-en-las-urnas\/#breadcrumblist"},"author":{"@id":"https:\/\/www.eldigitaldeasturias.com\/noticias\/author\/admin\/#author"},"creator":{"@id":"https:\/\/www.eldigitaldeasturias.com\/noticias\/author\/admin\/#author"},"image":{"@type":"ImageObject","url":"https:\/\/www.eldigitaldeasturias.com\/noticias\/wp-content\/uploads\/2016\/08\/merkel.jpg","@id":"https:\/\/www.eldigitaldeasturias.com\/noticias\/angela-merkel-se-examina-en-las-urnas\/#mainImage","width":655,"height":360},"primaryImageOfPage":{"@id":"https:\/\/www.eldigitaldeasturias.com\/noticias\/angela-merkel-se-examina-en-las-urnas\/#mainImage"},"datePublished":"2016-09-17T22:05:33+02:00","dateModified":"2016-09-17T22:05:57+02:00"},{"@type":"WebSite","@id":"https:\/\/www.eldigitaldeasturias.com\/noticias\/#website","url":"https:\/\/www.eldigitaldeasturias.com\/noticias\/","name":"El Digital de Asturias - Diario de actualidad y noticias","alternateName":"El Digital de Asturias - Diario de actualidad y noticias","description":"Hemeroteca","inLanguage":"es-ES","publisher":{"@id":"https:\/\/www.eldigitaldeasturias.com\/noticias\/#organization"}}]},"og:locale":"es_ES","og:site_name":"El Digital de Asturias","og:type":"article","og:title":"Angela Merkel se examina en las urnas - El Digital de Asturias","og:description":"(dpa) - El partido democr\u00e1tacristiano (CDU) que preside la canciller Angela Merkel podr\u00eda encarar un nuevo rev\u00e9s este domingo en las elecciones locales que se celebran en la ciudad-Estado de Berl\u00edn. Los recientes comicios en el estado federado de Mecklemburgo-Pomerania Occidental, celebrados hace dos semanas, pusieron de manifiesto que en el pa\u00eds hay cierto escepticismo","og:url":"https:\/\/www.eldigitaldeasturias.com\/noticias\/angela-merkel-se-examina-en-las-urnas\/","og:image":"https:\/\/www.eldigitaldeasturias.com\/noticias\/wp-content\/uploads\/2016\/08\/merkel.jpg","og:image:secure_url":"https:\/\/www.eldigitaldeasturias.com\/noticias\/wp-content\/uploads\/2016\/08\/merkel.jpg","og:image:width":655,"og:image:height":360,"article:tag":["actualidad"],"article:published_time":"2016-09-17T21:05:33+00:00","article:modified_time":"2016-09-17T21:05:57+00:00","article:publisher":"https:\/\/facebook.com\/eldigitaldeasturias","twitter:card":"summary_large_image","twitter:title":"Angela Merkel se examina en las urnas - El Digital de Asturias","twitter:description":"(dpa) - El partido democr\u00e1tacristiano (CDU) que preside la canciller Angela Merkel podr\u00eda encarar un nuevo rev\u00e9s este domingo en las elecciones locales que se celebran en la ciudad-Estado de Berl\u00edn. Los recientes comicios en el estado federado de Mecklemburgo-Pomerania Occidental, celebrados hace dos semanas, pusieron de manifiesto que en el pa\u00eds hay cierto escepticismo","twitter:image":"https:\/\/www.eldigitaldeasturias.com\/noticias\/wp-content\/uploads\/2016\/08\/merkel.jpg","twitter:label1":"Escrito por","twitter:data1":"El Digital de Asturias","twitter:label2":"Tiempo de lectura estimado","twitter:data2":"3 minutos"},"aioseo_meta_data":{"post_id":"908249","title":null,"description":null,"keywords":null,"keyphrases":null,"primary_term":null,"canonical_url":null,"og_title":null,"og_description":null,"og_object_type":"default","og_image_type":"default","og_image_url":null,"og_image_width":null,"og_image_height":null,"og_image_custom_url":null,"og_image_custom_fields":null,"og_video":null,"og_custom_url":null,"og_article_section":null,"og_article_tags":null,"twitter_use_og":false,"twitter_card":"default","twitter_image_type":"default","twitter_image_url":null,"twitter_image_custom_url":null,"twitter_image_custom_fields":null,"twitter_title":null,"twitter_description":null,"schema":{"blockGraphs":[],"customGraphs":[],"default":{"data":{"Article":[],"Course":[],"Dataset":[],"FAQPage":[],"Movie":[],"Person":[],"Product":[],"ProductReview":[],"Car":[],"Recipe":[],"Service":[],"SoftwareApplication":[],"WebPage":[]},"graphName":"","isEnabled":true},"graphs":[],"defaultGraph":"","defaultPostTypeGraph":""},"schema_type":null,"schema_type_options":null,"pillar_content":false,"robots_default":true,"robots_noindex":false,"robots_noarchive":false,"robots_nosnippet":false,"robots_nofollow":false,"robots_noimageindex":false,"robots_noodp":false,"robots_notranslate":false,"robots_max_snippet":null,"robots_max_videopreview":null,"robots_max_imagepreview":"large","priority":null,"frequency":null,"local_seo":null,"seo_analyzer_scan_date":"2025-11-30 15:26:14","breadcrumb_settings":null,"limit_modified_date":false,"open_ai":null,"ai":null,"created":"2020-12-21 14:00:17","updated":"2025-11-30 15:26:14"},"aioseo_breadcrumb":"<div class=\"aioseo-breadcrumbs\"><span class=\"aioseo-breadcrumb\">\n\t<a href=\"https:\/\/www.eldigitaldeasturias.com\/noticias\" title=\"Home\">Home<\/a>\n<\/span><span class=\"aioseo-breadcrumb-separator\">\u2013<\/span><span class=\"aioseo-breadcrumb\">\n\t<a href=\"https:\/\/www.eldigitaldeasturias.com\/noticias\/category\/actualidad\/\" title=\"Actualidad\">Actualidad<\/a>\n<\/span><span class=\"aioseo-breadcrumb-separator\">\u2013<\/span><span class=\"aioseo-breadcrumb\">\n\t<a href=\"https:\/\/www.eldigitaldeasturias.com\/noticias\/angela-merkel-se-examina-en-las-urnas\/\" title=\"Angela Merkel se examina en las urnas\">Angela Merkel se examina en las urnas<\/a>\n<\/span><\/div>","aioseo_breadcrumb_json":[{"label":"Home","link":"https:\/\/www.eldigitaldeasturias.com\/noticias"},{"label":"Actualidad","link":"https:\/\/www.eldigitaldeasturias.com\/noticias\/category\/actualidad\/"},{"label":"Angela Merkel se examina en las urnas","link":"https:\/\/www.eldigitaldeasturias.com\/noticias\/angela-merkel-se-examina-en-las-urnas\/"}],"_links":{"self":[{"href":"https:\/\/www.eldigitaldeasturias.com\/noticias\/wp-json\/wp\/v2\/posts\/908249","targetHints":{"allow":["GET"]}}],"collection":[{"href":"https:\/\/www.eldigitaldeasturias.com\/noticias\/wp-json\/wp\/v2\/posts"}],"about":[{"href":"https:\/\/www.eldigitaldeasturias.com\/noticias\/wp-json\/wp\/v2\/types\/post"}],"author":[{"embeddable":true,"href":"https:\/\/www.eldigitaldeasturias.com\/noticias\/wp-json\/wp\/v2\/users\/1"}],"replies":[{"embeddable":true,"href":"https:\/\/www.eldigitaldeasturias.com\/noticias\/wp-json\/wp\/v2\/comments?post=908249"}],"version-history":[{"count":0,"href":"https:\/\/www.eldigitaldeasturias.com\/noticias\/wp-json\/wp\/v2\/posts\/908249\/revisions"}],"wp:featuredmedia":[{"embeddable":true,"href":"https:\/\/www.eldigitaldeasturias.com\/noticias\/wp-json\/wp\/v2\/media\/902955"}],"wp:attachment":[{"href":"https:\/\/www.eldigitaldeasturias.com\/noticias\/wp-json\/wp\/v2\/media?parent=908249"}],"wp:term":[{"taxonomy":"category","embeddable":true,"href":"https:\/\/www.eldigitaldeasturias.com\/noticias\/wp-json\/wp\/v2\/categories?post=908249"},{"taxonomy":"post_tag","embeddable":true,"href":"https:\/\/www.eldigitaldeasturias.com\/noticias\/wp-json\/wp\/v2\/tags?post=908249"}],"curies":[{"name":"wp","href":"https:\/\/api.w.org\/{rel}","templated":true}]}}