{"id":908247,"date":"2016-09-17T22:03:06","date_gmt":"2016-09-17T21:03:06","guid":{"rendered":"http:\/\/www.eldigitaldeasturias.com\/noticias\/?p=908247"},"modified":"2016-09-17T22:03:06","modified_gmt":"2016-09-17T21:03:06","slug":"la-mayoria-de-los-alemanes-a-favor-de-limitar-la-llegada-de-refugiados","status":"publish","type":"post","link":"https:\/\/www.eldigitaldeasturias.com\/noticias\/la-mayoria-de-los-alemanes-a-favor-de-limitar-la-llegada-de-refugiados\/","title":{"rendered":"La mayor\u00eda de los alemanes a favor de limitar la llegada de refugiados"},"content":{"rendered":"<p><img loading=\"lazy\" decoding=\"async\" class=\"alignleft size-medium wp-image-808332\" src=\"https:\/\/www.eldigitaldeasturias.com\/noticias\/wp-content\/uploads\/2015\/09\/refugiados-360x184.jpg\" alt=\"refugiados\" width=\"360\" height=\"184\" srcset=\"https:\/\/www.eldigitaldeasturias.com\/noticias\/wp-content\/uploads\/2015\/09\/refugiados-360x184.jpg 360w, https:\/\/www.eldigitaldeasturias.com\/noticias\/wp-content\/uploads\/2015\/09\/refugiados-480x245.jpg 480w, https:\/\/www.eldigitaldeasturias.com\/noticias\/wp-content\/uploads\/2015\/09\/refugiados-768x393.jpg 768w, https:\/\/www.eldigitaldeasturias.com\/noticias\/wp-content\/uploads\/2015\/09\/refugiados-690x353.jpg 690w, https:\/\/www.eldigitaldeasturias.com\/noticias\/wp-content\/uploads\/2015\/09\/refugiados-20x10.jpg 20w, https:\/\/www.eldigitaldeasturias.com\/noticias\/wp-content\/uploads\/2015\/09\/refugiados.jpg 800w\" sizes=\"auto, (max-width: 360px) 100vw, 360px\" \/>(dpa) &#8211; La mayor\u00eda de los alemanes considera que se deber\u00eda limitar la llegada de refugiados al pa\u00eds a trav\u00e9s del establecimiento de un cupo m\u00e1ximo, revel\u00f3 hoy una encuesta publicada por la revista \u00abFocus\u00bb.<\/p>\n<p>Seg\u00fan el sondeo, el 60 por ciento de los ciudadanos germanos estar\u00edan a favor de esta iniciativa que defiende el partido hermano de la Uni\u00f3n Cristianodem\u00f3crata de Angela Merkel, una formaci\u00f3n que gobierna Baviera desde finales de la Segunda Guerra Mundial.<\/p>\n<p>Un 35 por ciento de los alemanes, no obstante, son contrarios a establecer un tope que limite la entrada de peticionarios de asilo en el pa\u00eds.<\/p>\n<p>Los socios b\u00e1varos de la canciller exigen que se establezca una cuota m\u00e1xima de 200.000 refugiados por a\u00f1o, una medida a la que tanto mandataria como el resto de partidos con representaci\u00f3n parlamentaria en el Bundestag se niegan.<\/p>\n<p>El estado de Baviera, situado en el sur del pa\u00eds y lim\u00edtrofe con Austria, constituy\u00f3 la principal puerta de entrada a Alemania de los refugiados durante la crisis migratoria que el pasado a\u00f1o llev\u00f3 a Alemania a m\u00e1s de un mill\u00f3n de peticionarios de asilo.<\/p>\n<p>&nbsp;<\/p>\n<p>&nbsp;<\/p>\n","protected":false},"excerpt":{"rendered":"<p>(dpa) &#8211; La mayor\u00eda de los alemanes considera que se deber\u00eda limitar la llegada de refugiados al pa\u00eds a trav\u00e9s del establecimiento de un cupo m\u00e1ximo, revel\u00f3 hoy una encuesta publicada por la revista \u00abFocus\u00bb. Seg\u00fan el sondeo, el 60 por ciento de los ciudadanos germanos estar\u00edan a favor de esta iniciativa que defiende el [&hellip;]<\/p>\n","protected":false},"author":1,"featured_media":808332,"comment_status":"closed","ping_status":"closed","sticky":false,"template":"","format":"standard","meta":{"footnotes":""},"categories":[1],"tags":[],"class_list":["post-908247","post","type-post","status-publish","format-standard","has-post-thumbnail","hentry","category-actualidad"],"aioseo_notices":[],"aioseo_head":"\n\t\t<!-- All in One SEO Pro 4.9.6.2 - aioseo.com -->\n\t<meta name=\"description\" content=\"(dpa) - La mayor\u00eda de los alemanes considera que se deber\u00eda limitar la llegada de refugiados al pa\u00eds a trav\u00e9s del establecimiento de un cupo m\u00e1ximo, revel\u00f3 hoy una encuesta publicada por la revista &quot;Focus&quot;. Seg\u00fan el sondeo, el 60 por ciento de los ciudadanos germanos estar\u00edan a favor de esta iniciativa que defiende el\" \/>\n\t<meta name=\"robots\" content=\"max-image-preview:large\" \/>\n\t<meta name=\"author\" content=\"El Digital de Asturias\"\/>\n\t<meta name=\"google-site-verification\" content=\"UA-38556648-1\" \/>\n\t<meta name=\"msvalidate.01\" content=\"7dfe9f3f1b24437ab69f4f2559babe99\" \/>\n\t<meta name=\"keywords\" content=\"actualidad\" \/>\n\t<link rel=\"canonical\" href=\"https:\/\/www.eldigitaldeasturias.com\/noticias\/la-mayoria-de-los-alemanes-a-favor-de-limitar-la-llegada-de-refugiados\/\" \/>\n\t<meta name=\"generator\" content=\"All in One SEO Pro (AIOSEO) 4.9.6.2\" \/>\n\t\t<meta property=\"og:locale\" content=\"es_ES\" \/>\n\t\t<meta property=\"og:site_name\" content=\"El Digital de Asturias\" \/>\n\t\t<meta property=\"og:type\" content=\"article\" \/>\n\t\t<meta property=\"og:title\" content=\"La mayor\u00eda de los alemanes a favor de limitar la llegada de refugiados - El Digital de Asturias\" \/>\n\t\t<meta property=\"og:description\" content=\"(dpa) - La mayor\u00eda de los alemanes considera que se deber\u00eda limitar la llegada de refugiados al pa\u00eds a trav\u00e9s del establecimiento de un cupo m\u00e1ximo, revel\u00f3 hoy una encuesta publicada por la revista &quot;Focus&quot;. Seg\u00fan el sondeo, el 60 por ciento de los ciudadanos germanos estar\u00edan a favor de esta iniciativa que defiende el\" \/>\n\t\t<meta property=\"og:url\" content=\"https:\/\/www.eldigitaldeasturias.com\/noticias\/la-mayoria-de-los-alemanes-a-favor-de-limitar-la-llegada-de-refugiados\/\" \/>\n\t\t<meta property=\"og:image\" content=\"https:\/\/www.eldigitaldeasturias.com\/noticias\/wp-content\/uploads\/2015\/09\/refugiados.jpg\" \/>\n\t\t<meta property=\"og:image:secure_url\" content=\"https:\/\/www.eldigitaldeasturias.com\/noticias\/wp-content\/uploads\/2015\/09\/refugiados.jpg\" \/>\n\t\t<meta property=\"og:image:width\" content=\"800\" \/>\n\t\t<meta property=\"og:image:height\" content=\"409\" \/>\n\t\t<meta property=\"article:tag\" content=\"actualidad\" \/>\n\t\t<meta property=\"article:published_time\" content=\"2016-09-17T21:03:06+00:00\" \/>\n\t\t<meta property=\"article:modified_time\" content=\"2016-09-17T21:03:06+00:00\" \/>\n\t\t<meta property=\"article:publisher\" content=\"https:\/\/facebook.com\/eldigitaldeasturias\" \/>\n\t\t<meta name=\"twitter:card\" content=\"summary_large_image\" \/>\n\t\t<meta name=\"twitter:title\" content=\"La mayor\u00eda de los alemanes a favor de limitar la llegada de refugiados - El Digital de Asturias\" \/>\n\t\t<meta name=\"twitter:description\" content=\"(dpa) - La mayor\u00eda de los alemanes considera que se deber\u00eda limitar la llegada de refugiados al pa\u00eds a trav\u00e9s del establecimiento de un cupo m\u00e1ximo, revel\u00f3 hoy una encuesta publicada por la revista &quot;Focus&quot;. Seg\u00fan el sondeo, el 60 por ciento de los ciudadanos germanos estar\u00edan a favor de esta iniciativa que defiende el\" \/>\n\t\t<meta name=\"twitter:image\" content=\"https:\/\/www.eldigitaldeasturias.com\/noticias\/wp-content\/uploads\/2015\/09\/refugiados.jpg\" \/>\n\t\t<meta name=\"twitter:label1\" content=\"Escrito por\" \/>\n\t\t<meta name=\"twitter:data1\" content=\"El Digital de Asturias\" \/>\n\t\t<meta name=\"twitter:label2\" content=\"Tiempo de lectura estimado\" \/>\n\t\t<meta name=\"twitter:data2\" content=\"1 minuto\" \/>\n\t\t<script type=\"application\/ld+json\" class=\"aioseo-schema\">\n\t\t\t{\"@context\":\"https:\\\/\\\/schema.org\",\"@graph\":[{\"@type\":\"BlogPosting\",\"@id\":\"https:\\\/\\\/www.eldigitaldeasturias.com\\\/noticias\\\/la-mayoria-de-los-alemanes-a-favor-de-limitar-la-llegada-de-refugiados\\\/#blogposting\",\"name\":\"La mayor\\u00eda de los alemanes a favor de limitar la llegada de refugiados - El Digital de Asturias\",\"headline\":\"La mayor\\u00eda de los alemanes a favor de limitar la llegada de refugiados\",\"author\":{\"@id\":\"https:\\\/\\\/www.eldigitaldeasturias.com\\\/noticias\\\/author\\\/admin\\\/#author\"},\"publisher\":{\"@id\":\"https:\\\/\\\/www.eldigitaldeasturias.com\\\/noticias\\\/#organization\"},\"image\":{\"@type\":\"ImageObject\",\"url\":\"https:\\\/\\\/www.eldigitaldeasturias.com\\\/noticias\\\/wp-content\\\/uploads\\\/2015\\\/09\\\/refugiados.jpg\",\"width\":800,\"height\":409},\"datePublished\":\"2016-09-17T22:03:06+02:00\",\"dateModified\":\"2016-09-17T22:03:06+02:00\",\"inLanguage\":\"es-ES\",\"mainEntityOfPage\":{\"@id\":\"https:\\\/\\\/www.eldigitaldeasturias.com\\\/noticias\\\/la-mayoria-de-los-alemanes-a-favor-de-limitar-la-llegada-de-refugiados\\\/#webpage\"},\"isPartOf\":{\"@id\":\"https:\\\/\\\/www.eldigitaldeasturias.com\\\/noticias\\\/la-mayoria-de-los-alemanes-a-favor-de-limitar-la-llegada-de-refugiados\\\/#webpage\"},\"articleSection\":\"Actualidad\"},{\"@type\":\"BreadcrumbList\",\"@id\":\"https:\\\/\\\/www.eldigitaldeasturias.com\\\/noticias\\\/la-mayoria-de-los-alemanes-a-favor-de-limitar-la-llegada-de-refugiados\\\/#breadcrumblist\",\"itemListElement\":[{\"@type\":\"ListItem\",\"@id\":\"https:\\\/\\\/www.eldigitaldeasturias.com\\\/noticias#listItem\",\"position\":1,\"name\":\"Home\",\"item\":\"https:\\\/\\\/www.eldigitaldeasturias.com\\\/noticias\",\"nextItem\":{\"@type\":\"ListItem\",\"@id\":\"https:\\\/\\\/www.eldigitaldeasturias.com\\\/noticias\\\/category\\\/actualidad\\\/#listItem\",\"name\":\"Actualidad\"}},{\"@type\":\"ListItem\",\"@id\":\"https:\\\/\\\/www.eldigitaldeasturias.com\\\/noticias\\\/category\\\/actualidad\\\/#listItem\",\"position\":2,\"name\":\"Actualidad\",\"item\":\"https:\\\/\\\/www.eldigitaldeasturias.com\\\/noticias\\\/category\\\/actualidad\\\/\",\"nextItem\":{\"@type\":\"ListItem\",\"@id\":\"https:\\\/\\\/www.eldigitaldeasturias.com\\\/noticias\\\/la-mayoria-de-los-alemanes-a-favor-de-limitar-la-llegada-de-refugiados\\\/#listItem\",\"name\":\"La mayor\\u00eda de los alemanes a favor de limitar la llegada de refugiados\"},\"previousItem\":{\"@type\":\"ListItem\",\"@id\":\"https:\\\/\\\/www.eldigitaldeasturias.com\\\/noticias#listItem\",\"name\":\"Home\"}},{\"@type\":\"ListItem\",\"@id\":\"https:\\\/\\\/www.eldigitaldeasturias.com\\\/noticias\\\/la-mayoria-de-los-alemanes-a-favor-de-limitar-la-llegada-de-refugiados\\\/#listItem\",\"position\":3,\"name\":\"La mayor\\u00eda de los alemanes a favor de limitar la llegada de refugiados\",\"previousItem\":{\"@type\":\"ListItem\",\"@id\":\"https:\\\/\\\/www.eldigitaldeasturias.com\\\/noticias\\\/category\\\/actualidad\\\/#listItem\",\"name\":\"Actualidad\"}}]},{\"@type\":\"Organization\",\"@id\":\"https:\\\/\\\/www.eldigitaldeasturias.com\\\/noticias\\\/#organization\",\"name\":\"El Digital de Asturias\",\"description\":\"Hemeroteca\",\"url\":\"https:\\\/\\\/www.eldigitaldeasturias.com\\\/noticias\\\/\",\"email\":\"info@eldigitaldeasturias.com\",\"telephone\":\"+34652131393\",\"logo\":{\"@type\":\"ImageObject\",\"url\":\"https:\\\/\\\/www.eldigitaldeasturias.com\\\/noticias\\\/wp-content\\\/uploads\\\/2020\\\/12\\\/EDA.jpg\",\"@id\":\"https:\\\/\\\/www.eldigitaldeasturias.com\\\/noticias\\\/la-mayoria-de-los-alemanes-a-favor-de-limitar-la-llegada-de-refugiados\\\/#organizationLogo\",\"width\":649,\"height\":297},\"image\":{\"@id\":\"https:\\\/\\\/www.eldigitaldeasturias.com\\\/noticias\\\/la-mayoria-de-los-alemanes-a-favor-de-limitar-la-llegada-de-refugiados\\\/#organizationLogo\"},\"sameAs\":[\"https:\\\/\\\/facebook.com\\\/eldigitaldeasturias\",\"https:\\\/\\\/www.youtube.com\\\/channel\\\/UCZP-2wLEB9Rv6erhFmqVnvg\"],\"address\":{\"@id\":\"https:\\\/\\\/www.eldigitaldeasturias.com\\\/noticias\\\/#postaladdress\",\"@type\":\"PostalAddress\",\"streetAddress\":\"san antonio 4,\",\"postalCode\":\"33430\",\"addressLocality\":\"Cand\\u00e1s\",\"addressRegion\":\"Asturias\",\"addressCountry\":\"ES\"}},{\"@type\":\"Person\",\"@id\":\"https:\\\/\\\/www.eldigitaldeasturias.com\\\/noticias\\\/author\\\/admin\\\/#author\",\"url\":\"https:\\\/\\\/www.eldigitaldeasturias.com\\\/noticias\\\/author\\\/admin\\\/\",\"name\":\"El Digital de Asturias\",\"image\":{\"@type\":\"ImageObject\",\"@id\":\"https:\\\/\\\/www.eldigitaldeasturias.com\\\/noticias\\\/la-mayoria-de-los-alemanes-a-favor-de-limitar-la-llegada-de-refugiados\\\/#authorImage\",\"url\":\"https:\\\/\\\/www.eldigitaldeasturias.com\\\/noticias\\\/wp-content\\\/litespeed\\\/avatar\\\/18677e78aa0546b92d9dbf31ec7d7668.jpg?ver=1777290358\",\"width\":96,\"height\":96,\"caption\":\"El Digital de Asturias\"}},{\"@type\":\"WebPage\",\"@id\":\"https:\\\/\\\/www.eldigitaldeasturias.com\\\/noticias\\\/la-mayoria-de-los-alemanes-a-favor-de-limitar-la-llegada-de-refugiados\\\/#webpage\",\"url\":\"https:\\\/\\\/www.eldigitaldeasturias.com\\\/noticias\\\/la-mayoria-de-los-alemanes-a-favor-de-limitar-la-llegada-de-refugiados\\\/\",\"name\":\"La mayor\\u00eda de los alemanes a favor de limitar la llegada de refugiados - El Digital de Asturias\",\"description\":\"(dpa) - La mayor\\u00eda de los alemanes considera que se deber\\u00eda limitar la llegada de refugiados al pa\\u00eds a trav\\u00e9s del establecimiento de un cupo m\\u00e1ximo, revel\\u00f3 hoy una encuesta publicada por la revista \\\"Focus\\\". Seg\\u00fan el sondeo, el 60 por ciento de los ciudadanos germanos estar\\u00edan a favor de esta iniciativa que defiende el\",\"inLanguage\":\"es-ES\",\"isPartOf\":{\"@id\":\"https:\\\/\\\/www.eldigitaldeasturias.com\\\/noticias\\\/#website\"},\"breadcrumb\":{\"@id\":\"https:\\\/\\\/www.eldigitaldeasturias.com\\\/noticias\\\/la-mayoria-de-los-alemanes-a-favor-de-limitar-la-llegada-de-refugiados\\\/#breadcrumblist\"},\"author\":{\"@id\":\"https:\\\/\\\/www.eldigitaldeasturias.com\\\/noticias\\\/author\\\/admin\\\/#author\"},\"creator\":{\"@id\":\"https:\\\/\\\/www.eldigitaldeasturias.com\\\/noticias\\\/author\\\/admin\\\/#author\"},\"image\":{\"@type\":\"ImageObject\",\"url\":\"https:\\\/\\\/www.eldigitaldeasturias.com\\\/noticias\\\/wp-content\\\/uploads\\\/2015\\\/09\\\/refugiados.jpg\",\"@id\":\"https:\\\/\\\/www.eldigitaldeasturias.com\\\/noticias\\\/la-mayoria-de-los-alemanes-a-favor-de-limitar-la-llegada-de-refugiados\\\/#mainImage\",\"width\":800,\"height\":409},\"primaryImageOfPage\":{\"@id\":\"https:\\\/\\\/www.eldigitaldeasturias.com\\\/noticias\\\/la-mayoria-de-los-alemanes-a-favor-de-limitar-la-llegada-de-refugiados\\\/#mainImage\"},\"datePublished\":\"2016-09-17T22:03:06+02:00\",\"dateModified\":\"2016-09-17T22:03:06+02:00\"},{\"@type\":\"WebSite\",\"@id\":\"https:\\\/\\\/www.eldigitaldeasturias.com\\\/noticias\\\/#website\",\"url\":\"https:\\\/\\\/www.eldigitaldeasturias.com\\\/noticias\\\/\",\"name\":\"El Digital de Asturias - Diario de actualidad y noticias\",\"alternateName\":\"El Digital de Asturias - Diario de actualidad y noticias\",\"description\":\"Hemeroteca\",\"inLanguage\":\"es-ES\",\"publisher\":{\"@id\":\"https:\\\/\\\/www.eldigitaldeasturias.com\\\/noticias\\\/#organization\"}}]}\n\t\t<\/script>\n\t\t<!-- All in One SEO Pro -->\r\n\t\t<title>La mayor\u00eda de los alemanes a favor de limitar la llegada de refugiados - El Digital de Asturias<\/title>\n\n","aioseo_head_json":{"title":"La mayor\u00eda de los alemanes a favor de limitar la llegada de refugiados - El Digital de Asturias","description":"(dpa) - La mayor\u00eda de los alemanes considera que se deber\u00eda limitar la llegada de refugiados al pa\u00eds a trav\u00e9s del establecimiento de un cupo m\u00e1ximo, revel\u00f3 hoy una encuesta publicada por la revista \"Focus\". Seg\u00fan el sondeo, el 60 por ciento de los ciudadanos germanos estar\u00edan a favor de esta iniciativa que defiende el","canonical_url":"https:\/\/www.eldigitaldeasturias.com\/noticias\/la-mayoria-de-los-alemanes-a-favor-de-limitar-la-llegada-de-refugiados\/","robots":"max-image-preview:large","keywords":"actualidad","webmasterTools":{"google-site-verification":"UA-38556648-1","msvalidate.01":"7dfe9f3f1b24437ab69f4f2559babe99","miscellaneous":""},"schema":{"@context":"https:\/\/schema.org","@graph":[{"@type":"BlogPosting","@id":"https:\/\/www.eldigitaldeasturias.com\/noticias\/la-mayoria-de-los-alemanes-a-favor-de-limitar-la-llegada-de-refugiados\/#blogposting","name":"La mayor\u00eda de los alemanes a favor de limitar la llegada de refugiados - El Digital de Asturias","headline":"La mayor\u00eda de los alemanes a favor de limitar la llegada de refugiados","author":{"@id":"https:\/\/www.eldigitaldeasturias.com\/noticias\/author\/admin\/#author"},"publisher":{"@id":"https:\/\/www.eldigitaldeasturias.com\/noticias\/#organization"},"image":{"@type":"ImageObject","url":"https:\/\/www.eldigitaldeasturias.com\/noticias\/wp-content\/uploads\/2015\/09\/refugiados.jpg","width":800,"height":409},"datePublished":"2016-09-17T22:03:06+02:00","dateModified":"2016-09-17T22:03:06+02:00","inLanguage":"es-ES","mainEntityOfPage":{"@id":"https:\/\/www.eldigitaldeasturias.com\/noticias\/la-mayoria-de-los-alemanes-a-favor-de-limitar-la-llegada-de-refugiados\/#webpage"},"isPartOf":{"@id":"https:\/\/www.eldigitaldeasturias.com\/noticias\/la-mayoria-de-los-alemanes-a-favor-de-limitar-la-llegada-de-refugiados\/#webpage"},"articleSection":"Actualidad"},{"@type":"BreadcrumbList","@id":"https:\/\/www.eldigitaldeasturias.com\/noticias\/la-mayoria-de-los-alemanes-a-favor-de-limitar-la-llegada-de-refugiados\/#breadcrumblist","itemListElement":[{"@type":"ListItem","@id":"https:\/\/www.eldigitaldeasturias.com\/noticias#listItem","position":1,"name":"Home","item":"https:\/\/www.eldigitaldeasturias.com\/noticias","nextItem":{"@type":"ListItem","@id":"https:\/\/www.eldigitaldeasturias.com\/noticias\/category\/actualidad\/#listItem","name":"Actualidad"}},{"@type":"ListItem","@id":"https:\/\/www.eldigitaldeasturias.com\/noticias\/category\/actualidad\/#listItem","position":2,"name":"Actualidad","item":"https:\/\/www.eldigitaldeasturias.com\/noticias\/category\/actualidad\/","nextItem":{"@type":"ListItem","@id":"https:\/\/www.eldigitaldeasturias.com\/noticias\/la-mayoria-de-los-alemanes-a-favor-de-limitar-la-llegada-de-refugiados\/#listItem","name":"La mayor\u00eda de los alemanes a favor de limitar la llegada de refugiados"},"previousItem":{"@type":"ListItem","@id":"https:\/\/www.eldigitaldeasturias.com\/noticias#listItem","name":"Home"}},{"@type":"ListItem","@id":"https:\/\/www.eldigitaldeasturias.com\/noticias\/la-mayoria-de-los-alemanes-a-favor-de-limitar-la-llegada-de-refugiados\/#listItem","position":3,"name":"La mayor\u00eda de los alemanes a favor de limitar la llegada de refugiados","previousItem":{"@type":"ListItem","@id":"https:\/\/www.eldigitaldeasturias.com\/noticias\/category\/actualidad\/#listItem","name":"Actualidad"}}]},{"@type":"Organization","@id":"https:\/\/www.eldigitaldeasturias.com\/noticias\/#organization","name":"El Digital de Asturias","description":"Hemeroteca","url":"https:\/\/www.eldigitaldeasturias.com\/noticias\/","email":"info@eldigitaldeasturias.com","telephone":"+34652131393","logo":{"@type":"ImageObject","url":"https:\/\/www.eldigitaldeasturias.com\/noticias\/wp-content\/uploads\/2020\/12\/EDA.jpg","@id":"https:\/\/www.eldigitaldeasturias.com\/noticias\/la-mayoria-de-los-alemanes-a-favor-de-limitar-la-llegada-de-refugiados\/#organizationLogo","width":649,"height":297},"image":{"@id":"https:\/\/www.eldigitaldeasturias.com\/noticias\/la-mayoria-de-los-alemanes-a-favor-de-limitar-la-llegada-de-refugiados\/#organizationLogo"},"sameAs":["https:\/\/facebook.com\/eldigitaldeasturias","https:\/\/www.youtube.com\/channel\/UCZP-2wLEB9Rv6erhFmqVnvg"],"address":{"@id":"https:\/\/www.eldigitaldeasturias.com\/noticias\/#postaladdress","@type":"PostalAddress","streetAddress":"san antonio 4,","postalCode":"33430","addressLocality":"Cand\u00e1s","addressRegion":"Asturias","addressCountry":"ES"}},{"@type":"Person","@id":"https:\/\/www.eldigitaldeasturias.com\/noticias\/author\/admin\/#author","url":"https:\/\/www.eldigitaldeasturias.com\/noticias\/author\/admin\/","name":"El Digital de Asturias","image":{"@type":"ImageObject","@id":"https:\/\/www.eldigitaldeasturias.com\/noticias\/la-mayoria-de-los-alemanes-a-favor-de-limitar-la-llegada-de-refugiados\/#authorImage","url":"https:\/\/www.eldigitaldeasturias.com\/noticias\/wp-content\/litespeed\/avatar\/18677e78aa0546b92d9dbf31ec7d7668.jpg?ver=1777290358","width":96,"height":96,"caption":"El Digital de Asturias"}},{"@type":"WebPage","@id":"https:\/\/www.eldigitaldeasturias.com\/noticias\/la-mayoria-de-los-alemanes-a-favor-de-limitar-la-llegada-de-refugiados\/#webpage","url":"https:\/\/www.eldigitaldeasturias.com\/noticias\/la-mayoria-de-los-alemanes-a-favor-de-limitar-la-llegada-de-refugiados\/","name":"La mayor\u00eda de los alemanes a favor de limitar la llegada de refugiados - El Digital de Asturias","description":"(dpa) - La mayor\u00eda de los alemanes considera que se deber\u00eda limitar la llegada de refugiados al pa\u00eds a trav\u00e9s del establecimiento de un cupo m\u00e1ximo, revel\u00f3 hoy una encuesta publicada por la revista \"Focus\". Seg\u00fan el sondeo, el 60 por ciento de los ciudadanos germanos estar\u00edan a favor de esta iniciativa que defiende el","inLanguage":"es-ES","isPartOf":{"@id":"https:\/\/www.eldigitaldeasturias.com\/noticias\/#website"},"breadcrumb":{"@id":"https:\/\/www.eldigitaldeasturias.com\/noticias\/la-mayoria-de-los-alemanes-a-favor-de-limitar-la-llegada-de-refugiados\/#breadcrumblist"},"author":{"@id":"https:\/\/www.eldigitaldeasturias.com\/noticias\/author\/admin\/#author"},"creator":{"@id":"https:\/\/www.eldigitaldeasturias.com\/noticias\/author\/admin\/#author"},"image":{"@type":"ImageObject","url":"https:\/\/www.eldigitaldeasturias.com\/noticias\/wp-content\/uploads\/2015\/09\/refugiados.jpg","@id":"https:\/\/www.eldigitaldeasturias.com\/noticias\/la-mayoria-de-los-alemanes-a-favor-de-limitar-la-llegada-de-refugiados\/#mainImage","width":800,"height":409},"primaryImageOfPage":{"@id":"https:\/\/www.eldigitaldeasturias.com\/noticias\/la-mayoria-de-los-alemanes-a-favor-de-limitar-la-llegada-de-refugiados\/#mainImage"},"datePublished":"2016-09-17T22:03:06+02:00","dateModified":"2016-09-17T22:03:06+02:00"},{"@type":"WebSite","@id":"https:\/\/www.eldigitaldeasturias.com\/noticias\/#website","url":"https:\/\/www.eldigitaldeasturias.com\/noticias\/","name":"El Digital de Asturias - Diario de actualidad y noticias","alternateName":"El Digital de Asturias - Diario de actualidad y noticias","description":"Hemeroteca","inLanguage":"es-ES","publisher":{"@id":"https:\/\/www.eldigitaldeasturias.com\/noticias\/#organization"}}]},"og:locale":"es_ES","og:site_name":"El Digital de Asturias","og:type":"article","og:title":"La mayor\u00eda de los alemanes a favor de limitar la llegada de refugiados - El Digital de Asturias","og:description":"(dpa) - La mayor\u00eda de los alemanes considera que se deber\u00eda limitar la llegada de refugiados al pa\u00eds a trav\u00e9s del establecimiento de un cupo m\u00e1ximo, revel\u00f3 hoy una encuesta publicada por la revista &quot;Focus&quot;. Seg\u00fan el sondeo, el 60 por ciento de los ciudadanos germanos estar\u00edan a favor de esta iniciativa que defiende el","og:url":"https:\/\/www.eldigitaldeasturias.com\/noticias\/la-mayoria-de-los-alemanes-a-favor-de-limitar-la-llegada-de-refugiados\/","og:image":"https:\/\/www.eldigitaldeasturias.com\/noticias\/wp-content\/uploads\/2015\/09\/refugiados.jpg","og:image:secure_url":"https:\/\/www.eldigitaldeasturias.com\/noticias\/wp-content\/uploads\/2015\/09\/refugiados.jpg","og:image:width":800,"og:image:height":409,"article:tag":["actualidad"],"article:published_time":"2016-09-17T21:03:06+00:00","article:modified_time":"2016-09-17T21:03:06+00:00","article:publisher":"https:\/\/facebook.com\/eldigitaldeasturias","twitter:card":"summary_large_image","twitter:title":"La mayor\u00eda de los alemanes a favor de limitar la llegada de refugiados - El Digital de Asturias","twitter:description":"(dpa) - La mayor\u00eda de los alemanes considera que se deber\u00eda limitar la llegada de refugiados al pa\u00eds a trav\u00e9s del establecimiento de un cupo m\u00e1ximo, revel\u00f3 hoy una encuesta publicada por la revista &quot;Focus&quot;. Seg\u00fan el sondeo, el 60 por ciento de los ciudadanos germanos estar\u00edan a favor de esta iniciativa que defiende el","twitter:image":"https:\/\/www.eldigitaldeasturias.com\/noticias\/wp-content\/uploads\/2015\/09\/refugiados.jpg","twitter:label1":"Escrito por","twitter:data1":"El Digital de Asturias","twitter:label2":"Tiempo de lectura estimado","twitter:data2":"1 minuto"},"aioseo_meta_data":{"post_id":"908247","title":null,"description":null,"keywords":null,"keyphrases":null,"primary_term":null,"canonical_url":null,"og_title":null,"og_description":null,"og_object_type":"default","og_image_type":"default","og_image_url":null,"og_image_width":null,"og_image_height":null,"og_image_custom_url":null,"og_image_custom_fields":null,"og_video":null,"og_custom_url":null,"og_article_section":null,"og_article_tags":null,"twitter_use_og":false,"twitter_card":"default","twitter_image_type":"default","twitter_image_url":null,"twitter_image_custom_url":null,"twitter_image_custom_fields":null,"twitter_title":null,"twitter_description":null,"schema":{"blockGraphs":[],"customGraphs":[],"default":{"data":{"Article":[],"Course":[],"Dataset":[],"FAQPage":[],"Movie":[],"Person":[],"Product":[],"ProductReview":[],"Car":[],"Recipe":[],"Service":[],"SoftwareApplication":[],"WebPage":[]},"graphName":"","isEnabled":true},"graphs":[],"defaultGraph":"","defaultPostTypeGraph":""},"schema_type":null,"schema_type_options":null,"pillar_content":false,"robots_default":true,"robots_noindex":false,"robots_noarchive":false,"robots_nosnippet":false,"robots_nofollow":false,"robots_noimageindex":false,"robots_noodp":false,"robots_notranslate":false,"robots_max_snippet":null,"robots_max_videopreview":null,"robots_max_imagepreview":"large","priority":null,"frequency":null,"local_seo":null,"seo_analyzer_scan_date":"2025-11-30 15:26:13","breadcrumb_settings":null,"limit_modified_date":false,"open_ai":null,"ai":null,"created":"2020-12-21 14:00:17","updated":"2025-11-30 15:26:13"},"aioseo_breadcrumb":"<div class=\"aioseo-breadcrumbs\"><span class=\"aioseo-breadcrumb\">\n\t<a href=\"https:\/\/www.eldigitaldeasturias.com\/noticias\" title=\"Home\">Home<\/a>\n<\/span><span class=\"aioseo-breadcrumb-separator\">\u2013<\/span><span class=\"aioseo-breadcrumb\">\n\t<a href=\"https:\/\/www.eldigitaldeasturias.com\/noticias\/category\/actualidad\/\" title=\"Actualidad\">Actualidad<\/a>\n<\/span><span class=\"aioseo-breadcrumb-separator\">\u2013<\/span><span class=\"aioseo-breadcrumb\">\n\t<a href=\"https:\/\/www.eldigitaldeasturias.com\/noticias\/la-mayoria-de-los-alemanes-a-favor-de-limitar-la-llegada-de-refugiados\/\" title=\"La mayor\u00eda de los alemanes a favor de limitar la llegada de refugiados\">La mayor\u00eda de los alemanes a favor de limitar la llegada de refugiados<\/a>\n<\/span><\/div>","aioseo_breadcrumb_json":[{"label":"Home","link":"https:\/\/www.eldigitaldeasturias.com\/noticias"},{"label":"Actualidad","link":"https:\/\/www.eldigitaldeasturias.com\/noticias\/category\/actualidad\/"},{"label":"La mayor\u00eda de los alemanes a favor de limitar la llegada de refugiados","link":"https:\/\/www.eldigitaldeasturias.com\/noticias\/la-mayoria-de-los-alemanes-a-favor-de-limitar-la-llegada-de-refugiados\/"}],"_links":{"self":[{"href":"https:\/\/www.eldigitaldeasturias.com\/noticias\/wp-json\/wp\/v2\/posts\/908247","targetHints":{"allow":["GET"]}}],"collection":[{"href":"https:\/\/www.eldigitaldeasturias.com\/noticias\/wp-json\/wp\/v2\/posts"}],"about":[{"href":"https:\/\/www.eldigitaldeasturias.com\/noticias\/wp-json\/wp\/v2\/types\/post"}],"author":[{"embeddable":true,"href":"https:\/\/www.eldigitaldeasturias.com\/noticias\/wp-json\/wp\/v2\/users\/1"}],"replies":[{"embeddable":true,"href":"https:\/\/www.eldigitaldeasturias.com\/noticias\/wp-json\/wp\/v2\/comments?post=908247"}],"version-history":[{"count":0,"href":"https:\/\/www.eldigitaldeasturias.com\/noticias\/wp-json\/wp\/v2\/posts\/908247\/revisions"}],"wp:featuredmedia":[{"embeddable":true,"href":"https:\/\/www.eldigitaldeasturias.com\/noticias\/wp-json\/wp\/v2\/media\/808332"}],"wp:attachment":[{"href":"https:\/\/www.eldigitaldeasturias.com\/noticias\/wp-json\/wp\/v2\/media?parent=908247"}],"wp:term":[{"taxonomy":"category","embeddable":true,"href":"https:\/\/www.eldigitaldeasturias.com\/noticias\/wp-json\/wp\/v2\/categories?post=908247"},{"taxonomy":"post_tag","embeddable":true,"href":"https:\/\/www.eldigitaldeasturias.com\/noticias\/wp-json\/wp\/v2\/tags?post=908247"}],"curies":[{"name":"wp","href":"https:\/\/api.w.org\/{rel}","templated":true}]}}