{"id":908245,"date":"2016-09-17T22:00:41","date_gmt":"2016-09-17T21:00:41","guid":{"rendered":"http:\/\/www.eldigitaldeasturias.com\/noticias\/?p=908245"},"modified":"2016-09-17T22:00:41","modified_gmt":"2016-09-17T21:00:41","slug":"giovanni-trapattoni-podria-volver-a-los-banquillos","status":"publish","type":"post","link":"https:\/\/www.eldigitaldeasturias.com\/noticias\/giovanni-trapattoni-podria-volver-a-los-banquillos\/","title":{"rendered":"Giovanni Trapattoni podr\u00eda volver a los banquillos"},"content":{"rendered":"<p>(dpa) &#8211; Tres a\u00f1os despu\u00e9s de abandonar los banquillos de la selecci\u00f3n irlandesa, hasta el momento su \u00faltimo destino futbol\u00edstico, el legendario entrenador Giovanni Trapattoni asegur\u00f3 el jueves que se podr\u00eda imaginar volver a dirigir un equipo.<\/p>\n<p>\u00abTodav\u00eda tengo objetivos\u00bb, se\u00f1al\u00f3 en M\u00fanich el t\u00e9cnico de 77 a\u00f1os durante la presentaci\u00f3n de su autobiograf\u00eda \u00abGiovanni Trapattoni &#8211; Ich habe noch nicht fertig\u00bb (Giovanni Trapattoni, todav\u00eda no he terminado).<\/p>\n<p>El t\u00edtulo de la obra hace referencia a la ya cl\u00e1sica frase del italiano (gramaticalmente incorrecta en alem\u00e1n), que ha pasado a formar parte del imaginario colectivo del pa\u00eds centroeuropeo.<\/p>\n<p>En esa ocasi\u00f3n, siendo entrenador del Bayern M\u00fanich en el a\u00f1o 1998, el t\u00e9cnico compareci\u00f3 ante los medios y a medida que fue avanzando la rueda de prensa se hizo m\u00e1s que evidente su enojo, hasta el punto de que termin\u00f3 gritando y lleg\u00f3 a abandonar la sala para asombro de los periodistas.<\/p>\n<p>El episodio sirvi\u00f3 a Trapattoni para convertirse en todo un personaje de culto en Alemania.<\/p>\n<p>Durante la presentaci\u00f3n del libro, Trapattoni asegur\u00f3 que a d\u00eda de hoy contin\u00faa siguiendo muchos partidos de f\u00fatbol, sobre todo los que disputa el Bayern M\u00fanich, un equipo que dirigi\u00f3 en la temporada 94\/95 y entre los a\u00f1os 1996 y 1998.<\/p>\n<p>\u00abTodav\u00eda valgo para algo. S\u00f3lo es viejo quien no tiene ning\u00fan est\u00edmulo\u00bb, se\u00f1al\u00f3.<\/p>\n<p>Trapattoni describi\u00f3 el f\u00fatbol actual como muy internacional y, en este sentido, apunt\u00f3 que los estilos de juego ya no son espec\u00edficos de un pa\u00eds como ocurr\u00eda antiguamente.<\/p>\n<p>Asimismo, se\u00f1al\u00f3 que el conocimiento sobre el f\u00fatbol se ha vuelto m\u00e1s transparente.<\/p>\n<p>&nbsp;<\/p>\n<p>&nbsp;<\/p>\n","protected":false},"excerpt":{"rendered":"<p>(dpa) &#8211; Tres a\u00f1os despu\u00e9s de abandonar los banquillos de la selecci\u00f3n irlandesa, hasta el momento su \u00faltimo destino futbol\u00edstico, el legendario entrenador Giovanni Trapattoni asegur\u00f3 el jueves que se podr\u00eda imaginar volver a dirigir un equipo. \u00abTodav\u00eda tengo objetivos\u00bb, se\u00f1al\u00f3 en M\u00fanich el t\u00e9cnico de 77 a\u00f1os durante la presentaci\u00f3n de su autobiograf\u00eda \u00abGiovanni [&hellip;]<\/p>\n","protected":false},"author":1,"featured_media":761493,"comment_status":"closed","ping_status":"closed","sticky":false,"template":"","format":"standard","meta":{"footnotes":""},"categories":[1],"tags":[],"class_list":["post-908245","post","type-post","status-publish","format-standard","has-post-thumbnail","hentry","category-actualidad"],"aioseo_notices":[],"aioseo_head":"\n\t\t<!-- All in One SEO Pro 4.9.6.2 - aioseo.com -->\n\t<meta name=\"description\" content=\"(dpa) - Tres a\u00f1os despu\u00e9s de abandonar los banquillos de la selecci\u00f3n irlandesa, hasta el momento su \u00faltimo destino futbol\u00edstico, el legendario entrenador Giovanni Trapattoni asegur\u00f3 el jueves que se podr\u00eda imaginar volver a dirigir un equipo. &quot;Todav\u00eda tengo objetivos&quot;, se\u00f1al\u00f3 en M\u00fanich el t\u00e9cnico de 77 a\u00f1os durante la presentaci\u00f3n de su autobiograf\u00eda &quot;Giovanni\" \/>\n\t<meta name=\"robots\" content=\"max-image-preview:large\" \/>\n\t<meta name=\"author\" content=\"El Digital de Asturias\"\/>\n\t<meta name=\"google-site-verification\" content=\"UA-38556648-1\" \/>\n\t<meta name=\"msvalidate.01\" content=\"7dfe9f3f1b24437ab69f4f2559babe99\" \/>\n\t<meta name=\"keywords\" content=\"actualidad\" \/>\n\t<link rel=\"canonical\" href=\"https:\/\/www.eldigitaldeasturias.com\/noticias\/giovanni-trapattoni-podria-volver-a-los-banquillos\/\" \/>\n\t<meta name=\"generator\" content=\"All in One SEO Pro (AIOSEO) 4.9.6.2\" \/>\n\t\t<meta property=\"og:locale\" content=\"es_ES\" \/>\n\t\t<meta property=\"og:site_name\" content=\"El Digital de Asturias\" \/>\n\t\t<meta property=\"og:type\" content=\"article\" \/>\n\t\t<meta property=\"og:title\" content=\"Giovanni Trapattoni podr\u00eda volver a los banquillos - El Digital de Asturias\" \/>\n\t\t<meta property=\"og:description\" content=\"(dpa) - Tres a\u00f1os despu\u00e9s de abandonar los banquillos de la selecci\u00f3n irlandesa, hasta el momento su \u00faltimo destino futbol\u00edstico, el legendario entrenador Giovanni Trapattoni asegur\u00f3 el jueves que se podr\u00eda imaginar volver a dirigir un equipo. &quot;Todav\u00eda tengo objetivos&quot;, se\u00f1al\u00f3 en M\u00fanich el t\u00e9cnico de 77 a\u00f1os durante la presentaci\u00f3n de su autobiograf\u00eda &quot;Giovanni\" \/>\n\t\t<meta property=\"og:url\" content=\"https:\/\/www.eldigitaldeasturias.com\/noticias\/giovanni-trapattoni-podria-volver-a-los-banquillos\/\" \/>\n\t\t<meta property=\"og:image\" content=\"https:\/\/www.eldigitaldeasturias.com\/noticias\/wp-content\/uploads\/2015\/01\/10143923w.jpg\" \/>\n\t\t<meta property=\"og:image:secure_url\" content=\"https:\/\/www.eldigitaldeasturias.com\/noticias\/wp-content\/uploads\/2015\/01\/10143923w.jpg\" \/>\n\t\t<meta property=\"og:image:width\" content=\"800\" \/>\n\t\t<meta property=\"og:image:height\" content=\"609\" \/>\n\t\t<meta property=\"article:tag\" content=\"actualidad\" \/>\n\t\t<meta property=\"article:published_time\" content=\"2016-09-17T21:00:41+00:00\" \/>\n\t\t<meta property=\"article:modified_time\" content=\"2016-09-17T21:00:41+00:00\" \/>\n\t\t<meta property=\"article:publisher\" content=\"https:\/\/facebook.com\/eldigitaldeasturias\" \/>\n\t\t<meta name=\"twitter:card\" content=\"summary_large_image\" \/>\n\t\t<meta name=\"twitter:title\" content=\"Giovanni Trapattoni podr\u00eda volver a los banquillos - El Digital de Asturias\" \/>\n\t\t<meta name=\"twitter:description\" content=\"(dpa) - Tres a\u00f1os despu\u00e9s de abandonar los banquillos de la selecci\u00f3n irlandesa, hasta el momento su \u00faltimo destino futbol\u00edstico, el legendario entrenador Giovanni Trapattoni asegur\u00f3 el jueves que se podr\u00eda imaginar volver a dirigir un equipo. &quot;Todav\u00eda tengo objetivos&quot;, se\u00f1al\u00f3 en M\u00fanich el t\u00e9cnico de 77 a\u00f1os durante la presentaci\u00f3n de su autobiograf\u00eda &quot;Giovanni\" \/>\n\t\t<meta name=\"twitter:image\" content=\"https:\/\/www.eldigitaldeasturias.com\/noticias\/wp-content\/uploads\/2015\/01\/10143923w.jpg\" \/>\n\t\t<meta name=\"twitter:label1\" content=\"Escrito por\" \/>\n\t\t<meta name=\"twitter:data1\" content=\"El Digital de Asturias\" \/>\n\t\t<meta name=\"twitter:label2\" content=\"Tiempo de lectura estimado\" \/>\n\t\t<meta name=\"twitter:data2\" content=\"1 minuto\" \/>\n\t\t<script type=\"application\/ld+json\" class=\"aioseo-schema\">\n\t\t\t{\"@context\":\"https:\\\/\\\/schema.org\",\"@graph\":[{\"@type\":\"BlogPosting\",\"@id\":\"https:\\\/\\\/www.eldigitaldeasturias.com\\\/noticias\\\/giovanni-trapattoni-podria-volver-a-los-banquillos\\\/#blogposting\",\"name\":\"Giovanni Trapattoni podr\\u00eda volver a los banquillos - El Digital de Asturias\",\"headline\":\"Giovanni Trapattoni podr\\u00eda volver a los banquillos\",\"author\":{\"@id\":\"https:\\\/\\\/www.eldigitaldeasturias.com\\\/noticias\\\/author\\\/admin\\\/#author\"},\"publisher\":{\"@id\":\"https:\\\/\\\/www.eldigitaldeasturias.com\\\/noticias\\\/#organization\"},\"image\":{\"@type\":\"ImageObject\",\"url\":\"https:\\\/\\\/www.eldigitaldeasturias.com\\\/noticias\\\/wp-content\\\/uploads\\\/2015\\\/01\\\/10143923w.jpg\",\"width\":800,\"height\":609},\"datePublished\":\"2016-09-17T22:00:41+02:00\",\"dateModified\":\"2016-09-17T22:00:41+02:00\",\"inLanguage\":\"es-ES\",\"mainEntityOfPage\":{\"@id\":\"https:\\\/\\\/www.eldigitaldeasturias.com\\\/noticias\\\/giovanni-trapattoni-podria-volver-a-los-banquillos\\\/#webpage\"},\"isPartOf\":{\"@id\":\"https:\\\/\\\/www.eldigitaldeasturias.com\\\/noticias\\\/giovanni-trapattoni-podria-volver-a-los-banquillos\\\/#webpage\"},\"articleSection\":\"Actualidad\"},{\"@type\":\"BreadcrumbList\",\"@id\":\"https:\\\/\\\/www.eldigitaldeasturias.com\\\/noticias\\\/giovanni-trapattoni-podria-volver-a-los-banquillos\\\/#breadcrumblist\",\"itemListElement\":[{\"@type\":\"ListItem\",\"@id\":\"https:\\\/\\\/www.eldigitaldeasturias.com\\\/noticias#listItem\",\"position\":1,\"name\":\"Home\",\"item\":\"https:\\\/\\\/www.eldigitaldeasturias.com\\\/noticias\",\"nextItem\":{\"@type\":\"ListItem\",\"@id\":\"https:\\\/\\\/www.eldigitaldeasturias.com\\\/noticias\\\/category\\\/actualidad\\\/#listItem\",\"name\":\"Actualidad\"}},{\"@type\":\"ListItem\",\"@id\":\"https:\\\/\\\/www.eldigitaldeasturias.com\\\/noticias\\\/category\\\/actualidad\\\/#listItem\",\"position\":2,\"name\":\"Actualidad\",\"item\":\"https:\\\/\\\/www.eldigitaldeasturias.com\\\/noticias\\\/category\\\/actualidad\\\/\",\"nextItem\":{\"@type\":\"ListItem\",\"@id\":\"https:\\\/\\\/www.eldigitaldeasturias.com\\\/noticias\\\/giovanni-trapattoni-podria-volver-a-los-banquillos\\\/#listItem\",\"name\":\"Giovanni Trapattoni podr\\u00eda volver a los banquillos\"},\"previousItem\":{\"@type\":\"ListItem\",\"@id\":\"https:\\\/\\\/www.eldigitaldeasturias.com\\\/noticias#listItem\",\"name\":\"Home\"}},{\"@type\":\"ListItem\",\"@id\":\"https:\\\/\\\/www.eldigitaldeasturias.com\\\/noticias\\\/giovanni-trapattoni-podria-volver-a-los-banquillos\\\/#listItem\",\"position\":3,\"name\":\"Giovanni Trapattoni podr\\u00eda volver a los banquillos\",\"previousItem\":{\"@type\":\"ListItem\",\"@id\":\"https:\\\/\\\/www.eldigitaldeasturias.com\\\/noticias\\\/category\\\/actualidad\\\/#listItem\",\"name\":\"Actualidad\"}}]},{\"@type\":\"Organization\",\"@id\":\"https:\\\/\\\/www.eldigitaldeasturias.com\\\/noticias\\\/#organization\",\"name\":\"El Digital de Asturias\",\"description\":\"Hemeroteca\",\"url\":\"https:\\\/\\\/www.eldigitaldeasturias.com\\\/noticias\\\/\",\"email\":\"info@eldigitaldeasturias.com\",\"telephone\":\"+34652131393\",\"logo\":{\"@type\":\"ImageObject\",\"url\":\"https:\\\/\\\/www.eldigitaldeasturias.com\\\/noticias\\\/wp-content\\\/uploads\\\/2020\\\/12\\\/EDA.jpg\",\"@id\":\"https:\\\/\\\/www.eldigitaldeasturias.com\\\/noticias\\\/giovanni-trapattoni-podria-volver-a-los-banquillos\\\/#organizationLogo\",\"width\":649,\"height\":297},\"image\":{\"@id\":\"https:\\\/\\\/www.eldigitaldeasturias.com\\\/noticias\\\/giovanni-trapattoni-podria-volver-a-los-banquillos\\\/#organizationLogo\"},\"sameAs\":[\"https:\\\/\\\/facebook.com\\\/eldigitaldeasturias\",\"https:\\\/\\\/www.youtube.com\\\/channel\\\/UCZP-2wLEB9Rv6erhFmqVnvg\"],\"address\":{\"@id\":\"https:\\\/\\\/www.eldigitaldeasturias.com\\\/noticias\\\/#postaladdress\",\"@type\":\"PostalAddress\",\"streetAddress\":\"san antonio 4,\",\"postalCode\":\"33430\",\"addressLocality\":\"Cand\\u00e1s\",\"addressRegion\":\"Asturias\",\"addressCountry\":\"ES\"}},{\"@type\":\"Person\",\"@id\":\"https:\\\/\\\/www.eldigitaldeasturias.com\\\/noticias\\\/author\\\/admin\\\/#author\",\"url\":\"https:\\\/\\\/www.eldigitaldeasturias.com\\\/noticias\\\/author\\\/admin\\\/\",\"name\":\"El Digital de Asturias\",\"image\":{\"@type\":\"ImageObject\",\"@id\":\"https:\\\/\\\/www.eldigitaldeasturias.com\\\/noticias\\\/giovanni-trapattoni-podria-volver-a-los-banquillos\\\/#authorImage\",\"url\":\"https:\\\/\\\/www.eldigitaldeasturias.com\\\/noticias\\\/wp-content\\\/litespeed\\\/avatar\\\/18677e78aa0546b92d9dbf31ec7d7668.jpg?ver=1777290358\",\"width\":96,\"height\":96,\"caption\":\"El Digital de Asturias\"}},{\"@type\":\"WebPage\",\"@id\":\"https:\\\/\\\/www.eldigitaldeasturias.com\\\/noticias\\\/giovanni-trapattoni-podria-volver-a-los-banquillos\\\/#webpage\",\"url\":\"https:\\\/\\\/www.eldigitaldeasturias.com\\\/noticias\\\/giovanni-trapattoni-podria-volver-a-los-banquillos\\\/\",\"name\":\"Giovanni Trapattoni podr\\u00eda volver a los banquillos - El Digital de Asturias\",\"description\":\"(dpa) - Tres a\\u00f1os despu\\u00e9s de abandonar los banquillos de la selecci\\u00f3n irlandesa, hasta el momento su \\u00faltimo destino futbol\\u00edstico, el legendario entrenador Giovanni Trapattoni asegur\\u00f3 el jueves que se podr\\u00eda imaginar volver a dirigir un equipo. \\\"Todav\\u00eda tengo objetivos\\\", se\\u00f1al\\u00f3 en M\\u00fanich el t\\u00e9cnico de 77 a\\u00f1os durante la presentaci\\u00f3n de su autobiograf\\u00eda \\\"Giovanni\",\"inLanguage\":\"es-ES\",\"isPartOf\":{\"@id\":\"https:\\\/\\\/www.eldigitaldeasturias.com\\\/noticias\\\/#website\"},\"breadcrumb\":{\"@id\":\"https:\\\/\\\/www.eldigitaldeasturias.com\\\/noticias\\\/giovanni-trapattoni-podria-volver-a-los-banquillos\\\/#breadcrumblist\"},\"author\":{\"@id\":\"https:\\\/\\\/www.eldigitaldeasturias.com\\\/noticias\\\/author\\\/admin\\\/#author\"},\"creator\":{\"@id\":\"https:\\\/\\\/www.eldigitaldeasturias.com\\\/noticias\\\/author\\\/admin\\\/#author\"},\"image\":{\"@type\":\"ImageObject\",\"url\":\"https:\\\/\\\/www.eldigitaldeasturias.com\\\/noticias\\\/wp-content\\\/uploads\\\/2015\\\/01\\\/10143923w.jpg\",\"@id\":\"https:\\\/\\\/www.eldigitaldeasturias.com\\\/noticias\\\/giovanni-trapattoni-podria-volver-a-los-banquillos\\\/#mainImage\",\"width\":800,\"height\":609},\"primaryImageOfPage\":{\"@id\":\"https:\\\/\\\/www.eldigitaldeasturias.com\\\/noticias\\\/giovanni-trapattoni-podria-volver-a-los-banquillos\\\/#mainImage\"},\"datePublished\":\"2016-09-17T22:00:41+02:00\",\"dateModified\":\"2016-09-17T22:00:41+02:00\"},{\"@type\":\"WebSite\",\"@id\":\"https:\\\/\\\/www.eldigitaldeasturias.com\\\/noticias\\\/#website\",\"url\":\"https:\\\/\\\/www.eldigitaldeasturias.com\\\/noticias\\\/\",\"name\":\"El Digital de Asturias - Diario de actualidad y noticias\",\"alternateName\":\"El Digital de Asturias - Diario de actualidad y noticias\",\"description\":\"Hemeroteca\",\"inLanguage\":\"es-ES\",\"publisher\":{\"@id\":\"https:\\\/\\\/www.eldigitaldeasturias.com\\\/noticias\\\/#organization\"}}]}\n\t\t<\/script>\n\t\t<!-- All in One SEO Pro -->\r\n\t\t<title>Giovanni Trapattoni podr\u00eda volver a los banquillos - El Digital de Asturias<\/title>\n\n","aioseo_head_json":{"title":"Giovanni Trapattoni podr\u00eda volver a los banquillos - El Digital de Asturias","description":"(dpa) - Tres a\u00f1os despu\u00e9s de abandonar los banquillos de la selecci\u00f3n irlandesa, hasta el momento su \u00faltimo destino futbol\u00edstico, el legendario entrenador Giovanni Trapattoni asegur\u00f3 el jueves que se podr\u00eda imaginar volver a dirigir un equipo. \"Todav\u00eda tengo objetivos\", se\u00f1al\u00f3 en M\u00fanich el t\u00e9cnico de 77 a\u00f1os durante la presentaci\u00f3n de su autobiograf\u00eda \"Giovanni","canonical_url":"https:\/\/www.eldigitaldeasturias.com\/noticias\/giovanni-trapattoni-podria-volver-a-los-banquillos\/","robots":"max-image-preview:large","keywords":"actualidad","webmasterTools":{"google-site-verification":"UA-38556648-1","msvalidate.01":"7dfe9f3f1b24437ab69f4f2559babe99","miscellaneous":""},"schema":{"@context":"https:\/\/schema.org","@graph":[{"@type":"BlogPosting","@id":"https:\/\/www.eldigitaldeasturias.com\/noticias\/giovanni-trapattoni-podria-volver-a-los-banquillos\/#blogposting","name":"Giovanni Trapattoni podr\u00eda volver a los banquillos - El Digital de Asturias","headline":"Giovanni Trapattoni podr\u00eda volver a los banquillos","author":{"@id":"https:\/\/www.eldigitaldeasturias.com\/noticias\/author\/admin\/#author"},"publisher":{"@id":"https:\/\/www.eldigitaldeasturias.com\/noticias\/#organization"},"image":{"@type":"ImageObject","url":"https:\/\/www.eldigitaldeasturias.com\/noticias\/wp-content\/uploads\/2015\/01\/10143923w.jpg","width":800,"height":609},"datePublished":"2016-09-17T22:00:41+02:00","dateModified":"2016-09-17T22:00:41+02:00","inLanguage":"es-ES","mainEntityOfPage":{"@id":"https:\/\/www.eldigitaldeasturias.com\/noticias\/giovanni-trapattoni-podria-volver-a-los-banquillos\/#webpage"},"isPartOf":{"@id":"https:\/\/www.eldigitaldeasturias.com\/noticias\/giovanni-trapattoni-podria-volver-a-los-banquillos\/#webpage"},"articleSection":"Actualidad"},{"@type":"BreadcrumbList","@id":"https:\/\/www.eldigitaldeasturias.com\/noticias\/giovanni-trapattoni-podria-volver-a-los-banquillos\/#breadcrumblist","itemListElement":[{"@type":"ListItem","@id":"https:\/\/www.eldigitaldeasturias.com\/noticias#listItem","position":1,"name":"Home","item":"https:\/\/www.eldigitaldeasturias.com\/noticias","nextItem":{"@type":"ListItem","@id":"https:\/\/www.eldigitaldeasturias.com\/noticias\/category\/actualidad\/#listItem","name":"Actualidad"}},{"@type":"ListItem","@id":"https:\/\/www.eldigitaldeasturias.com\/noticias\/category\/actualidad\/#listItem","position":2,"name":"Actualidad","item":"https:\/\/www.eldigitaldeasturias.com\/noticias\/category\/actualidad\/","nextItem":{"@type":"ListItem","@id":"https:\/\/www.eldigitaldeasturias.com\/noticias\/giovanni-trapattoni-podria-volver-a-los-banquillos\/#listItem","name":"Giovanni Trapattoni podr\u00eda volver a los banquillos"},"previousItem":{"@type":"ListItem","@id":"https:\/\/www.eldigitaldeasturias.com\/noticias#listItem","name":"Home"}},{"@type":"ListItem","@id":"https:\/\/www.eldigitaldeasturias.com\/noticias\/giovanni-trapattoni-podria-volver-a-los-banquillos\/#listItem","position":3,"name":"Giovanni Trapattoni podr\u00eda volver a los banquillos","previousItem":{"@type":"ListItem","@id":"https:\/\/www.eldigitaldeasturias.com\/noticias\/category\/actualidad\/#listItem","name":"Actualidad"}}]},{"@type":"Organization","@id":"https:\/\/www.eldigitaldeasturias.com\/noticias\/#organization","name":"El Digital de Asturias","description":"Hemeroteca","url":"https:\/\/www.eldigitaldeasturias.com\/noticias\/","email":"info@eldigitaldeasturias.com","telephone":"+34652131393","logo":{"@type":"ImageObject","url":"https:\/\/www.eldigitaldeasturias.com\/noticias\/wp-content\/uploads\/2020\/12\/EDA.jpg","@id":"https:\/\/www.eldigitaldeasturias.com\/noticias\/giovanni-trapattoni-podria-volver-a-los-banquillos\/#organizationLogo","width":649,"height":297},"image":{"@id":"https:\/\/www.eldigitaldeasturias.com\/noticias\/giovanni-trapattoni-podria-volver-a-los-banquillos\/#organizationLogo"},"sameAs":["https:\/\/facebook.com\/eldigitaldeasturias","https:\/\/www.youtube.com\/channel\/UCZP-2wLEB9Rv6erhFmqVnvg"],"address":{"@id":"https:\/\/www.eldigitaldeasturias.com\/noticias\/#postaladdress","@type":"PostalAddress","streetAddress":"san antonio 4,","postalCode":"33430","addressLocality":"Cand\u00e1s","addressRegion":"Asturias","addressCountry":"ES"}},{"@type":"Person","@id":"https:\/\/www.eldigitaldeasturias.com\/noticias\/author\/admin\/#author","url":"https:\/\/www.eldigitaldeasturias.com\/noticias\/author\/admin\/","name":"El Digital de Asturias","image":{"@type":"ImageObject","@id":"https:\/\/www.eldigitaldeasturias.com\/noticias\/giovanni-trapattoni-podria-volver-a-los-banquillos\/#authorImage","url":"https:\/\/www.eldigitaldeasturias.com\/noticias\/wp-content\/litespeed\/avatar\/18677e78aa0546b92d9dbf31ec7d7668.jpg?ver=1777290358","width":96,"height":96,"caption":"El Digital de Asturias"}},{"@type":"WebPage","@id":"https:\/\/www.eldigitaldeasturias.com\/noticias\/giovanni-trapattoni-podria-volver-a-los-banquillos\/#webpage","url":"https:\/\/www.eldigitaldeasturias.com\/noticias\/giovanni-trapattoni-podria-volver-a-los-banquillos\/","name":"Giovanni Trapattoni podr\u00eda volver a los banquillos - El Digital de Asturias","description":"(dpa) - Tres a\u00f1os despu\u00e9s de abandonar los banquillos de la selecci\u00f3n irlandesa, hasta el momento su \u00faltimo destino futbol\u00edstico, el legendario entrenador Giovanni Trapattoni asegur\u00f3 el jueves que se podr\u00eda imaginar volver a dirigir un equipo. \"Todav\u00eda tengo objetivos\", se\u00f1al\u00f3 en M\u00fanich el t\u00e9cnico de 77 a\u00f1os durante la presentaci\u00f3n de su autobiograf\u00eda \"Giovanni","inLanguage":"es-ES","isPartOf":{"@id":"https:\/\/www.eldigitaldeasturias.com\/noticias\/#website"},"breadcrumb":{"@id":"https:\/\/www.eldigitaldeasturias.com\/noticias\/giovanni-trapattoni-podria-volver-a-los-banquillos\/#breadcrumblist"},"author":{"@id":"https:\/\/www.eldigitaldeasturias.com\/noticias\/author\/admin\/#author"},"creator":{"@id":"https:\/\/www.eldigitaldeasturias.com\/noticias\/author\/admin\/#author"},"image":{"@type":"ImageObject","url":"https:\/\/www.eldigitaldeasturias.com\/noticias\/wp-content\/uploads\/2015\/01\/10143923w.jpg","@id":"https:\/\/www.eldigitaldeasturias.com\/noticias\/giovanni-trapattoni-podria-volver-a-los-banquillos\/#mainImage","width":800,"height":609},"primaryImageOfPage":{"@id":"https:\/\/www.eldigitaldeasturias.com\/noticias\/giovanni-trapattoni-podria-volver-a-los-banquillos\/#mainImage"},"datePublished":"2016-09-17T22:00:41+02:00","dateModified":"2016-09-17T22:00:41+02:00"},{"@type":"WebSite","@id":"https:\/\/www.eldigitaldeasturias.com\/noticias\/#website","url":"https:\/\/www.eldigitaldeasturias.com\/noticias\/","name":"El Digital de Asturias - Diario de actualidad y noticias","alternateName":"El Digital de Asturias - Diario de actualidad y noticias","description":"Hemeroteca","inLanguage":"es-ES","publisher":{"@id":"https:\/\/www.eldigitaldeasturias.com\/noticias\/#organization"}}]},"og:locale":"es_ES","og:site_name":"El Digital de Asturias","og:type":"article","og:title":"Giovanni Trapattoni podr\u00eda volver a los banquillos - El Digital de Asturias","og:description":"(dpa) - Tres a\u00f1os despu\u00e9s de abandonar los banquillos de la selecci\u00f3n irlandesa, hasta el momento su \u00faltimo destino futbol\u00edstico, el legendario entrenador Giovanni Trapattoni asegur\u00f3 el jueves que se podr\u00eda imaginar volver a dirigir un equipo. &quot;Todav\u00eda tengo objetivos&quot;, se\u00f1al\u00f3 en M\u00fanich el t\u00e9cnico de 77 a\u00f1os durante la presentaci\u00f3n de su autobiograf\u00eda &quot;Giovanni","og:url":"https:\/\/www.eldigitaldeasturias.com\/noticias\/giovanni-trapattoni-podria-volver-a-los-banquillos\/","og:image":"https:\/\/www.eldigitaldeasturias.com\/noticias\/wp-content\/uploads\/2015\/01\/10143923w.jpg","og:image:secure_url":"https:\/\/www.eldigitaldeasturias.com\/noticias\/wp-content\/uploads\/2015\/01\/10143923w.jpg","og:image:width":800,"og:image:height":609,"article:tag":["actualidad"],"article:published_time":"2016-09-17T21:00:41+00:00","article:modified_time":"2016-09-17T21:00:41+00:00","article:publisher":"https:\/\/facebook.com\/eldigitaldeasturias","twitter:card":"summary_large_image","twitter:title":"Giovanni Trapattoni podr\u00eda volver a los banquillos - El Digital de Asturias","twitter:description":"(dpa) - Tres a\u00f1os despu\u00e9s de abandonar los banquillos de la selecci\u00f3n irlandesa, hasta el momento su \u00faltimo destino futbol\u00edstico, el legendario entrenador Giovanni Trapattoni asegur\u00f3 el jueves que se podr\u00eda imaginar volver a dirigir un equipo. &quot;Todav\u00eda tengo objetivos&quot;, se\u00f1al\u00f3 en M\u00fanich el t\u00e9cnico de 77 a\u00f1os durante la presentaci\u00f3n de su autobiograf\u00eda &quot;Giovanni","twitter:image":"https:\/\/www.eldigitaldeasturias.com\/noticias\/wp-content\/uploads\/2015\/01\/10143923w.jpg","twitter:label1":"Escrito por","twitter:data1":"El Digital de Asturias","twitter:label2":"Tiempo de lectura estimado","twitter:data2":"1 minuto"},"aioseo_meta_data":{"post_id":"908245","title":null,"description":null,"keywords":null,"keyphrases":null,"primary_term":null,"canonical_url":null,"og_title":null,"og_description":null,"og_object_type":"default","og_image_type":"default","og_image_url":null,"og_image_width":null,"og_image_height":null,"og_image_custom_url":null,"og_image_custom_fields":null,"og_video":null,"og_custom_url":null,"og_article_section":null,"og_article_tags":null,"twitter_use_og":false,"twitter_card":"default","twitter_image_type":"default","twitter_image_url":null,"twitter_image_custom_url":null,"twitter_image_custom_fields":null,"twitter_title":null,"twitter_description":null,"schema":{"blockGraphs":[],"customGraphs":[],"default":{"data":{"Article":[],"Course":[],"Dataset":[],"FAQPage":[],"Movie":[],"Person":[],"Product":[],"ProductReview":[],"Car":[],"Recipe":[],"Service":[],"SoftwareApplication":[],"WebPage":[]},"graphName":"","isEnabled":true},"graphs":[],"defaultGraph":"","defaultPostTypeGraph":""},"schema_type":null,"schema_type_options":null,"pillar_content":false,"robots_default":true,"robots_noindex":false,"robots_noarchive":false,"robots_nosnippet":false,"robots_nofollow":false,"robots_noimageindex":false,"robots_noodp":false,"robots_notranslate":false,"robots_max_snippet":null,"robots_max_videopreview":null,"robots_max_imagepreview":"large","priority":null,"frequency":null,"local_seo":null,"seo_analyzer_scan_date":"2025-11-30 15:26:12","breadcrumb_settings":null,"limit_modified_date":false,"open_ai":null,"ai":null,"created":"2020-12-21 14:00:17","updated":"2025-11-30 15:26:12"},"aioseo_breadcrumb":"<div class=\"aioseo-breadcrumbs\"><span class=\"aioseo-breadcrumb\">\n\t<a href=\"https:\/\/www.eldigitaldeasturias.com\/noticias\" title=\"Home\">Home<\/a>\n<\/span><span class=\"aioseo-breadcrumb-separator\">\u2013<\/span><span class=\"aioseo-breadcrumb\">\n\t<a href=\"https:\/\/www.eldigitaldeasturias.com\/noticias\/category\/actualidad\/\" title=\"Actualidad\">Actualidad<\/a>\n<\/span><span class=\"aioseo-breadcrumb-separator\">\u2013<\/span><span class=\"aioseo-breadcrumb\">\n\t<a href=\"https:\/\/www.eldigitaldeasturias.com\/noticias\/giovanni-trapattoni-podria-volver-a-los-banquillos\/\" title=\"Giovanni Trapattoni podr\u00eda volver a los banquillos\">Giovanni Trapattoni podr\u00eda volver a los banquillos<\/a>\n<\/span><\/div>","aioseo_breadcrumb_json":[{"label":"Home","link":"https:\/\/www.eldigitaldeasturias.com\/noticias"},{"label":"Actualidad","link":"https:\/\/www.eldigitaldeasturias.com\/noticias\/category\/actualidad\/"},{"label":"Giovanni Trapattoni podr\u00eda volver a los banquillos","link":"https:\/\/www.eldigitaldeasturias.com\/noticias\/giovanni-trapattoni-podria-volver-a-los-banquillos\/"}],"_links":{"self":[{"href":"https:\/\/www.eldigitaldeasturias.com\/noticias\/wp-json\/wp\/v2\/posts\/908245","targetHints":{"allow":["GET"]}}],"collection":[{"href":"https:\/\/www.eldigitaldeasturias.com\/noticias\/wp-json\/wp\/v2\/posts"}],"about":[{"href":"https:\/\/www.eldigitaldeasturias.com\/noticias\/wp-json\/wp\/v2\/types\/post"}],"author":[{"embeddable":true,"href":"https:\/\/www.eldigitaldeasturias.com\/noticias\/wp-json\/wp\/v2\/users\/1"}],"replies":[{"embeddable":true,"href":"https:\/\/www.eldigitaldeasturias.com\/noticias\/wp-json\/wp\/v2\/comments?post=908245"}],"version-history":[{"count":0,"href":"https:\/\/www.eldigitaldeasturias.com\/noticias\/wp-json\/wp\/v2\/posts\/908245\/revisions"}],"wp:featuredmedia":[{"embeddable":true,"href":"https:\/\/www.eldigitaldeasturias.com\/noticias\/wp-json\/wp\/v2\/media\/761493"}],"wp:attachment":[{"href":"https:\/\/www.eldigitaldeasturias.com\/noticias\/wp-json\/wp\/v2\/media?parent=908245"}],"wp:term":[{"taxonomy":"category","embeddable":true,"href":"https:\/\/www.eldigitaldeasturias.com\/noticias\/wp-json\/wp\/v2\/categories?post=908245"},{"taxonomy":"post_tag","embeddable":true,"href":"https:\/\/www.eldigitaldeasturias.com\/noticias\/wp-json\/wp\/v2\/tags?post=908245"}],"curies":[{"name":"wp","href":"https:\/\/api.w.org\/{rel}","templated":true}]}}