{"id":908238,"date":"2016-09-17T21:52:14","date_gmt":"2016-09-17T20:52:14","guid":{"rendered":"http:\/\/www.eldigitaldeasturias.com\/noticias\/?p=908238"},"modified":"2016-09-17T21:52:14","modified_gmt":"2016-09-17T20:52:14","slug":"los-vehiculos-diesel-siguen-liderando-las-ventas","status":"publish","type":"post","link":"https:\/\/www.eldigitaldeasturias.com\/noticias\/los-vehiculos-diesel-siguen-liderando-las-ventas\/","title":{"rendered":"Los veh\u00edculos di\u00e9sel siguen liderando las ventas"},"content":{"rendered":"<p><img loading=\"lazy\" decoding=\"async\" class=\"alignleft size-medium wp-image-773873\" src=\"https:\/\/www.eldigitaldeasturias.com\/noticias\/wp-content\/uploads\/2015\/03\/carretera-360x239.jpg\" alt=\"carretera\" width=\"360\" height=\"239\" srcset=\"https:\/\/www.eldigitaldeasturias.com\/noticias\/wp-content\/uploads\/2015\/03\/carretera-360x239.jpg 360w, https:\/\/www.eldigitaldeasturias.com\/noticias\/wp-content\/uploads\/2015\/03\/carretera.jpg 496w\" sizes=\"auto, (max-width: 360px) 100vw, 360px\" \/>El precio medio del coche de ocasi\u00f3n ha subido un 8,2% en agosto en La Rioja y se sit\u00faa en 11.802 euros, seg\u00fan muestran los datos de coches.net, el portal de motor del grupo Schibsted Spain.<\/p>\n<p>A nivel nacional, el precio medio ha crecido un +8,3 por ciento hasta alcanzar los 14.028 euros. Asimismo, seg\u00fan los datos facilitados por el IEA (Instituto de Estudios de Automoci\u00f3n) en el octavo mes del a\u00f1o se han vendido 158.538 coches de ocasi\u00f3n en el territorio espa\u00f1ol.<\/p>\n<p><strong>EL PRECIO MEDIO DEL VO SOLO CAE EN LA RIOJA<\/strong><\/p>\n<p>En el mes de agosto todas las comunidades han visto crecer el precio medio del VO en comparaci\u00f3n con el a\u00f1o anterior excepto en La Rioja, donde el precio ha ca\u00eddo un -3,1 por ciento. Las subidas m\u00e1s elevadas se han producido en Catalu\u00f1a (+23,6 por ciento), Arag\u00f3n (+21,9 por ciento) y la Comunidad Valenciana (+17,8 por ciento). Por el contrario, Extremadura (+2,5 por ciento), Madrid (+4,2 por ciento) y Asturias (+8,2 por ciento) son las que han crecido en menor medida.<\/p>\n<p>En La Rioja, la oferta de VO en agosto se ha mantenido representada en su mayor\u00eda por coches con combustible di\u00e9sel (69 por ciento).<\/p>\n<p>Respecto a la antig\u00fcedad, la oferta de VO es inferior entre los veh\u00edculos de hasta 5 a\u00f1os (40,1 por ciento) en comparaci\u00f3n con los de m\u00e1s de 6 a\u00f1os de antig\u00fcedad, que representan el 59,9 por ciento.<\/p>\n<p><strong>LOS DI\u00c9SEL SIGUEN LIDERANDO LAS VENTAS<\/strong><\/p>\n<p>Las ventas en agosto tambi\u00e9n han sido lideradas por los modelos di\u00e9sel (67,5 por ciento) y por los coches con una antig\u00fcedad superior a los 10 a\u00f1os (55 por ciento) en La Rioja. Los s\u00faper ventas en el octavo mes del a\u00f1o en esta CC.AA. han sido el Renault M\u00e9gane, el Opel Astra y el Volkswagen Golf.<\/p>\n<p>Marcel Blanes, responsable de marketing institucional de coches.net, explica que \u00aben el mes de agosto hemos podido observar que la tendencia al alza en el mercado del veh\u00edculo de ocasi\u00f3n contin\u00faa tanto a nivel de precio medio, que sigue creciendo en la mayor\u00eda de las CCAA, como a nivel de ventas, que todo y ser una cifra ligeramente inferior a la del mes de julio, \u00e9stas han subido m\u00e1s de un 8 por ciento respecto al mismo mes de 2015\u00bb.<\/p>\n<p>&nbsp;<\/p>\n","protected":false},"excerpt":{"rendered":"<p>El precio medio del coche de ocasi\u00f3n ha subido un 8,2% en agosto en La Rioja y se sit\u00faa en 11.802 euros, seg\u00fan muestran los datos de coches.net, el portal de motor del grupo Schibsted Spain. A nivel nacional, el precio medio ha crecido un +8,3 por ciento hasta alcanzar los 14.028 euros. Asimismo, seg\u00fan [&hellip;]<\/p>\n","protected":false},"author":1,"featured_media":775486,"comment_status":"closed","ping_status":"closed","sticky":false,"template":"","format":"standard","meta":{"footnotes":""},"categories":[1],"tags":[],"class_list":["post-908238","post","type-post","status-publish","format-standard","has-post-thumbnail","hentry","category-actualidad"],"aioseo_notices":[],"aioseo_head":"\n\t\t<!-- All in One SEO Pro 4.9.6.2 - aioseo.com -->\n\t<meta name=\"description\" content=\"El precio medio del coche de ocasi\u00f3n ha subido un 8,2% en agosto en La Rioja y se sit\u00faa en 11.802 euros, seg\u00fan muestran los datos de coches.net, el portal de motor del grupo Schibsted Spain. A nivel nacional, el precio medio ha crecido un +8,3 por ciento hasta alcanzar los 14.028 euros. Asimismo, seg\u00fan\" \/>\n\t<meta name=\"robots\" content=\"max-image-preview:large\" \/>\n\t<meta name=\"author\" content=\"El Digital de Asturias\"\/>\n\t<meta name=\"google-site-verification\" content=\"UA-38556648-1\" \/>\n\t<meta name=\"msvalidate.01\" content=\"7dfe9f3f1b24437ab69f4f2559babe99\" \/>\n\t<meta name=\"keywords\" content=\"actualidad\" \/>\n\t<link rel=\"canonical\" href=\"https:\/\/www.eldigitaldeasturias.com\/noticias\/los-vehiculos-diesel-siguen-liderando-las-ventas\/\" \/>\n\t<meta name=\"generator\" content=\"All in One SEO Pro (AIOSEO) 4.9.6.2\" \/>\n\t\t<meta property=\"og:locale\" content=\"es_ES\" \/>\n\t\t<meta property=\"og:site_name\" content=\"El Digital de Asturias\" \/>\n\t\t<meta property=\"og:type\" content=\"article\" \/>\n\t\t<meta property=\"og:title\" content=\"Los veh\u00edculos di\u00e9sel siguen liderando las ventas - El Digital de Asturias\" \/>\n\t\t<meta property=\"og:description\" content=\"El precio medio del coche de ocasi\u00f3n ha subido un 8,2% en agosto en La Rioja y se sit\u00faa en 11.802 euros, seg\u00fan muestran los datos de coches.net, el portal de motor del grupo Schibsted Spain. A nivel nacional, el precio medio ha crecido un +8,3 por ciento hasta alcanzar los 14.028 euros. Asimismo, seg\u00fan\" \/>\n\t\t<meta property=\"og:url\" content=\"https:\/\/www.eldigitaldeasturias.com\/noticias\/los-vehiculos-diesel-siguen-liderando-las-ventas\/\" \/>\n\t\t<meta property=\"og:image\" content=\"https:\/\/www.eldigitaldeasturias.com\/noticias\/wp-content\/uploads\/2015\/04\/carretera.jpg\" \/>\n\t\t<meta property=\"og:image:secure_url\" content=\"https:\/\/www.eldigitaldeasturias.com\/noticias\/wp-content\/uploads\/2015\/04\/carretera.jpg\" \/>\n\t\t<meta property=\"og:image:width\" content=\"800\" \/>\n\t\t<meta property=\"og:image:height\" content=\"534\" \/>\n\t\t<meta property=\"article:tag\" content=\"actualidad\" \/>\n\t\t<meta property=\"article:published_time\" content=\"2016-09-17T20:52:14+00:00\" \/>\n\t\t<meta property=\"article:modified_time\" content=\"2016-09-17T20:52:14+00:00\" \/>\n\t\t<meta property=\"article:publisher\" content=\"https:\/\/facebook.com\/eldigitaldeasturias\" \/>\n\t\t<meta name=\"twitter:card\" content=\"summary_large_image\" \/>\n\t\t<meta name=\"twitter:title\" content=\"Los veh\u00edculos di\u00e9sel siguen liderando las ventas - El Digital de Asturias\" \/>\n\t\t<meta name=\"twitter:description\" content=\"El precio medio del coche de ocasi\u00f3n ha subido un 8,2% en agosto en La Rioja y se sit\u00faa en 11.802 euros, seg\u00fan muestran los datos de coches.net, el portal de motor del grupo Schibsted Spain. A nivel nacional, el precio medio ha crecido un +8,3 por ciento hasta alcanzar los 14.028 euros. Asimismo, seg\u00fan\" \/>\n\t\t<meta name=\"twitter:image\" content=\"https:\/\/www.eldigitaldeasturias.com\/noticias\/wp-content\/uploads\/2015\/04\/carretera.jpg\" \/>\n\t\t<meta name=\"twitter:label1\" content=\"Escrito por\" \/>\n\t\t<meta name=\"twitter:data1\" content=\"El Digital de Asturias\" \/>\n\t\t<meta name=\"twitter:label2\" content=\"Tiempo de lectura estimado\" \/>\n\t\t<meta name=\"twitter:data2\" content=\"2 minutos\" \/>\n\t\t<script type=\"application\/ld+json\" class=\"aioseo-schema\">\n\t\t\t{\"@context\":\"https:\\\/\\\/schema.org\",\"@graph\":[{\"@type\":\"BlogPosting\",\"@id\":\"https:\\\/\\\/www.eldigitaldeasturias.com\\\/noticias\\\/los-vehiculos-diesel-siguen-liderando-las-ventas\\\/#blogposting\",\"name\":\"Los veh\\u00edculos di\\u00e9sel siguen liderando las ventas - El Digital de Asturias\",\"headline\":\"Los veh\\u00edculos di\\u00e9sel siguen liderando las ventas\",\"author\":{\"@id\":\"https:\\\/\\\/www.eldigitaldeasturias.com\\\/noticias\\\/author\\\/admin\\\/#author\"},\"publisher\":{\"@id\":\"https:\\\/\\\/www.eldigitaldeasturias.com\\\/noticias\\\/#organization\"},\"image\":{\"@type\":\"ImageObject\",\"url\":\"https:\\\/\\\/www.eldigitaldeasturias.com\\\/noticias\\\/wp-content\\\/uploads\\\/2015\\\/04\\\/carretera.jpg\",\"width\":800,\"height\":534},\"datePublished\":\"2016-09-17T21:52:14+02:00\",\"dateModified\":\"2016-09-17T21:52:14+02:00\",\"inLanguage\":\"es-ES\",\"mainEntityOfPage\":{\"@id\":\"https:\\\/\\\/www.eldigitaldeasturias.com\\\/noticias\\\/los-vehiculos-diesel-siguen-liderando-las-ventas\\\/#webpage\"},\"isPartOf\":{\"@id\":\"https:\\\/\\\/www.eldigitaldeasturias.com\\\/noticias\\\/los-vehiculos-diesel-siguen-liderando-las-ventas\\\/#webpage\"},\"articleSection\":\"Actualidad\"},{\"@type\":\"BreadcrumbList\",\"@id\":\"https:\\\/\\\/www.eldigitaldeasturias.com\\\/noticias\\\/los-vehiculos-diesel-siguen-liderando-las-ventas\\\/#breadcrumblist\",\"itemListElement\":[{\"@type\":\"ListItem\",\"@id\":\"https:\\\/\\\/www.eldigitaldeasturias.com\\\/noticias#listItem\",\"position\":1,\"name\":\"Home\",\"item\":\"https:\\\/\\\/www.eldigitaldeasturias.com\\\/noticias\",\"nextItem\":{\"@type\":\"ListItem\",\"@id\":\"https:\\\/\\\/www.eldigitaldeasturias.com\\\/noticias\\\/category\\\/actualidad\\\/#listItem\",\"name\":\"Actualidad\"}},{\"@type\":\"ListItem\",\"@id\":\"https:\\\/\\\/www.eldigitaldeasturias.com\\\/noticias\\\/category\\\/actualidad\\\/#listItem\",\"position\":2,\"name\":\"Actualidad\",\"item\":\"https:\\\/\\\/www.eldigitaldeasturias.com\\\/noticias\\\/category\\\/actualidad\\\/\",\"nextItem\":{\"@type\":\"ListItem\",\"@id\":\"https:\\\/\\\/www.eldigitaldeasturias.com\\\/noticias\\\/los-vehiculos-diesel-siguen-liderando-las-ventas\\\/#listItem\",\"name\":\"Los veh\\u00edculos di\\u00e9sel siguen liderando las ventas\"},\"previousItem\":{\"@type\":\"ListItem\",\"@id\":\"https:\\\/\\\/www.eldigitaldeasturias.com\\\/noticias#listItem\",\"name\":\"Home\"}},{\"@type\":\"ListItem\",\"@id\":\"https:\\\/\\\/www.eldigitaldeasturias.com\\\/noticias\\\/los-vehiculos-diesel-siguen-liderando-las-ventas\\\/#listItem\",\"position\":3,\"name\":\"Los veh\\u00edculos di\\u00e9sel siguen liderando las ventas\",\"previousItem\":{\"@type\":\"ListItem\",\"@id\":\"https:\\\/\\\/www.eldigitaldeasturias.com\\\/noticias\\\/category\\\/actualidad\\\/#listItem\",\"name\":\"Actualidad\"}}]},{\"@type\":\"Organization\",\"@id\":\"https:\\\/\\\/www.eldigitaldeasturias.com\\\/noticias\\\/#organization\",\"name\":\"El Digital de Asturias\",\"description\":\"Hemeroteca\",\"url\":\"https:\\\/\\\/www.eldigitaldeasturias.com\\\/noticias\\\/\",\"email\":\"info@eldigitaldeasturias.com\",\"telephone\":\"+34652131393\",\"logo\":{\"@type\":\"ImageObject\",\"url\":\"https:\\\/\\\/www.eldigitaldeasturias.com\\\/noticias\\\/wp-content\\\/uploads\\\/2020\\\/12\\\/EDA.jpg\",\"@id\":\"https:\\\/\\\/www.eldigitaldeasturias.com\\\/noticias\\\/los-vehiculos-diesel-siguen-liderando-las-ventas\\\/#organizationLogo\",\"width\":649,\"height\":297},\"image\":{\"@id\":\"https:\\\/\\\/www.eldigitaldeasturias.com\\\/noticias\\\/los-vehiculos-diesel-siguen-liderando-las-ventas\\\/#organizationLogo\"},\"sameAs\":[\"https:\\\/\\\/facebook.com\\\/eldigitaldeasturias\",\"https:\\\/\\\/www.youtube.com\\\/channel\\\/UCZP-2wLEB9Rv6erhFmqVnvg\"],\"address\":{\"@id\":\"https:\\\/\\\/www.eldigitaldeasturias.com\\\/noticias\\\/#postaladdress\",\"@type\":\"PostalAddress\",\"streetAddress\":\"san antonio 4,\",\"postalCode\":\"33430\",\"addressLocality\":\"Cand\\u00e1s\",\"addressRegion\":\"Asturias\",\"addressCountry\":\"ES\"}},{\"@type\":\"Person\",\"@id\":\"https:\\\/\\\/www.eldigitaldeasturias.com\\\/noticias\\\/author\\\/admin\\\/#author\",\"url\":\"https:\\\/\\\/www.eldigitaldeasturias.com\\\/noticias\\\/author\\\/admin\\\/\",\"name\":\"El Digital de Asturias\",\"image\":{\"@type\":\"ImageObject\",\"@id\":\"https:\\\/\\\/www.eldigitaldeasturias.com\\\/noticias\\\/los-vehiculos-diesel-siguen-liderando-las-ventas\\\/#authorImage\",\"url\":\"https:\\\/\\\/www.eldigitaldeasturias.com\\\/noticias\\\/wp-content\\\/litespeed\\\/avatar\\\/18677e78aa0546b92d9dbf31ec7d7668.jpg?ver=1777290358\",\"width\":96,\"height\":96,\"caption\":\"El Digital de Asturias\"}},{\"@type\":\"WebPage\",\"@id\":\"https:\\\/\\\/www.eldigitaldeasturias.com\\\/noticias\\\/los-vehiculos-diesel-siguen-liderando-las-ventas\\\/#webpage\",\"url\":\"https:\\\/\\\/www.eldigitaldeasturias.com\\\/noticias\\\/los-vehiculos-diesel-siguen-liderando-las-ventas\\\/\",\"name\":\"Los veh\\u00edculos di\\u00e9sel siguen liderando las ventas - El Digital de Asturias\",\"description\":\"El precio medio del coche de ocasi\\u00f3n ha subido un 8,2% en agosto en La Rioja y se sit\\u00faa en 11.802 euros, seg\\u00fan muestran los datos de coches.net, el portal de motor del grupo Schibsted Spain. A nivel nacional, el precio medio ha crecido un +8,3 por ciento hasta alcanzar los 14.028 euros. Asimismo, seg\\u00fan\",\"inLanguage\":\"es-ES\",\"isPartOf\":{\"@id\":\"https:\\\/\\\/www.eldigitaldeasturias.com\\\/noticias\\\/#website\"},\"breadcrumb\":{\"@id\":\"https:\\\/\\\/www.eldigitaldeasturias.com\\\/noticias\\\/los-vehiculos-diesel-siguen-liderando-las-ventas\\\/#breadcrumblist\"},\"author\":{\"@id\":\"https:\\\/\\\/www.eldigitaldeasturias.com\\\/noticias\\\/author\\\/admin\\\/#author\"},\"creator\":{\"@id\":\"https:\\\/\\\/www.eldigitaldeasturias.com\\\/noticias\\\/author\\\/admin\\\/#author\"},\"image\":{\"@type\":\"ImageObject\",\"url\":\"https:\\\/\\\/www.eldigitaldeasturias.com\\\/noticias\\\/wp-content\\\/uploads\\\/2015\\\/04\\\/carretera.jpg\",\"@id\":\"https:\\\/\\\/www.eldigitaldeasturias.com\\\/noticias\\\/los-vehiculos-diesel-siguen-liderando-las-ventas\\\/#mainImage\",\"width\":800,\"height\":534},\"primaryImageOfPage\":{\"@id\":\"https:\\\/\\\/www.eldigitaldeasturias.com\\\/noticias\\\/los-vehiculos-diesel-siguen-liderando-las-ventas\\\/#mainImage\"},\"datePublished\":\"2016-09-17T21:52:14+02:00\",\"dateModified\":\"2016-09-17T21:52:14+02:00\"},{\"@type\":\"WebSite\",\"@id\":\"https:\\\/\\\/www.eldigitaldeasturias.com\\\/noticias\\\/#website\",\"url\":\"https:\\\/\\\/www.eldigitaldeasturias.com\\\/noticias\\\/\",\"name\":\"El Digital de Asturias - Diario de actualidad y noticias\",\"alternateName\":\"El Digital de Asturias - Diario de actualidad y noticias\",\"description\":\"Hemeroteca\",\"inLanguage\":\"es-ES\",\"publisher\":{\"@id\":\"https:\\\/\\\/www.eldigitaldeasturias.com\\\/noticias\\\/#organization\"}}]}\n\t\t<\/script>\n\t\t<!-- All in One SEO Pro -->\r\n\t\t<title>Los veh\u00edculos di\u00e9sel siguen liderando las ventas - El Digital de Asturias<\/title>\n\n","aioseo_head_json":{"title":"Los veh\u00edculos di\u00e9sel siguen liderando las ventas - El Digital de Asturias","description":"El precio medio del coche de ocasi\u00f3n ha subido un 8,2% en agosto en La Rioja y se sit\u00faa en 11.802 euros, seg\u00fan muestran los datos de coches.net, el portal de motor del grupo Schibsted Spain. A nivel nacional, el precio medio ha crecido un +8,3 por ciento hasta alcanzar los 14.028 euros. Asimismo, seg\u00fan","canonical_url":"https:\/\/www.eldigitaldeasturias.com\/noticias\/los-vehiculos-diesel-siguen-liderando-las-ventas\/","robots":"max-image-preview:large","keywords":"actualidad","webmasterTools":{"google-site-verification":"UA-38556648-1","msvalidate.01":"7dfe9f3f1b24437ab69f4f2559babe99","miscellaneous":""},"schema":{"@context":"https:\/\/schema.org","@graph":[{"@type":"BlogPosting","@id":"https:\/\/www.eldigitaldeasturias.com\/noticias\/los-vehiculos-diesel-siguen-liderando-las-ventas\/#blogposting","name":"Los veh\u00edculos di\u00e9sel siguen liderando las ventas - El Digital de Asturias","headline":"Los veh\u00edculos di\u00e9sel siguen liderando las ventas","author":{"@id":"https:\/\/www.eldigitaldeasturias.com\/noticias\/author\/admin\/#author"},"publisher":{"@id":"https:\/\/www.eldigitaldeasturias.com\/noticias\/#organization"},"image":{"@type":"ImageObject","url":"https:\/\/www.eldigitaldeasturias.com\/noticias\/wp-content\/uploads\/2015\/04\/carretera.jpg","width":800,"height":534},"datePublished":"2016-09-17T21:52:14+02:00","dateModified":"2016-09-17T21:52:14+02:00","inLanguage":"es-ES","mainEntityOfPage":{"@id":"https:\/\/www.eldigitaldeasturias.com\/noticias\/los-vehiculos-diesel-siguen-liderando-las-ventas\/#webpage"},"isPartOf":{"@id":"https:\/\/www.eldigitaldeasturias.com\/noticias\/los-vehiculos-diesel-siguen-liderando-las-ventas\/#webpage"},"articleSection":"Actualidad"},{"@type":"BreadcrumbList","@id":"https:\/\/www.eldigitaldeasturias.com\/noticias\/los-vehiculos-diesel-siguen-liderando-las-ventas\/#breadcrumblist","itemListElement":[{"@type":"ListItem","@id":"https:\/\/www.eldigitaldeasturias.com\/noticias#listItem","position":1,"name":"Home","item":"https:\/\/www.eldigitaldeasturias.com\/noticias","nextItem":{"@type":"ListItem","@id":"https:\/\/www.eldigitaldeasturias.com\/noticias\/category\/actualidad\/#listItem","name":"Actualidad"}},{"@type":"ListItem","@id":"https:\/\/www.eldigitaldeasturias.com\/noticias\/category\/actualidad\/#listItem","position":2,"name":"Actualidad","item":"https:\/\/www.eldigitaldeasturias.com\/noticias\/category\/actualidad\/","nextItem":{"@type":"ListItem","@id":"https:\/\/www.eldigitaldeasturias.com\/noticias\/los-vehiculos-diesel-siguen-liderando-las-ventas\/#listItem","name":"Los veh\u00edculos di\u00e9sel siguen liderando las ventas"},"previousItem":{"@type":"ListItem","@id":"https:\/\/www.eldigitaldeasturias.com\/noticias#listItem","name":"Home"}},{"@type":"ListItem","@id":"https:\/\/www.eldigitaldeasturias.com\/noticias\/los-vehiculos-diesel-siguen-liderando-las-ventas\/#listItem","position":3,"name":"Los veh\u00edculos di\u00e9sel siguen liderando las ventas","previousItem":{"@type":"ListItem","@id":"https:\/\/www.eldigitaldeasturias.com\/noticias\/category\/actualidad\/#listItem","name":"Actualidad"}}]},{"@type":"Organization","@id":"https:\/\/www.eldigitaldeasturias.com\/noticias\/#organization","name":"El Digital de Asturias","description":"Hemeroteca","url":"https:\/\/www.eldigitaldeasturias.com\/noticias\/","email":"info@eldigitaldeasturias.com","telephone":"+34652131393","logo":{"@type":"ImageObject","url":"https:\/\/www.eldigitaldeasturias.com\/noticias\/wp-content\/uploads\/2020\/12\/EDA.jpg","@id":"https:\/\/www.eldigitaldeasturias.com\/noticias\/los-vehiculos-diesel-siguen-liderando-las-ventas\/#organizationLogo","width":649,"height":297},"image":{"@id":"https:\/\/www.eldigitaldeasturias.com\/noticias\/los-vehiculos-diesel-siguen-liderando-las-ventas\/#organizationLogo"},"sameAs":["https:\/\/facebook.com\/eldigitaldeasturias","https:\/\/www.youtube.com\/channel\/UCZP-2wLEB9Rv6erhFmqVnvg"],"address":{"@id":"https:\/\/www.eldigitaldeasturias.com\/noticias\/#postaladdress","@type":"PostalAddress","streetAddress":"san antonio 4,","postalCode":"33430","addressLocality":"Cand\u00e1s","addressRegion":"Asturias","addressCountry":"ES"}},{"@type":"Person","@id":"https:\/\/www.eldigitaldeasturias.com\/noticias\/author\/admin\/#author","url":"https:\/\/www.eldigitaldeasturias.com\/noticias\/author\/admin\/","name":"El Digital de Asturias","image":{"@type":"ImageObject","@id":"https:\/\/www.eldigitaldeasturias.com\/noticias\/los-vehiculos-diesel-siguen-liderando-las-ventas\/#authorImage","url":"https:\/\/www.eldigitaldeasturias.com\/noticias\/wp-content\/litespeed\/avatar\/18677e78aa0546b92d9dbf31ec7d7668.jpg?ver=1777290358","width":96,"height":96,"caption":"El Digital de Asturias"}},{"@type":"WebPage","@id":"https:\/\/www.eldigitaldeasturias.com\/noticias\/los-vehiculos-diesel-siguen-liderando-las-ventas\/#webpage","url":"https:\/\/www.eldigitaldeasturias.com\/noticias\/los-vehiculos-diesel-siguen-liderando-las-ventas\/","name":"Los veh\u00edculos di\u00e9sel siguen liderando las ventas - El Digital de Asturias","description":"El precio medio del coche de ocasi\u00f3n ha subido un 8,2% en agosto en La Rioja y se sit\u00faa en 11.802 euros, seg\u00fan muestran los datos de coches.net, el portal de motor del grupo Schibsted Spain. A nivel nacional, el precio medio ha crecido un +8,3 por ciento hasta alcanzar los 14.028 euros. Asimismo, seg\u00fan","inLanguage":"es-ES","isPartOf":{"@id":"https:\/\/www.eldigitaldeasturias.com\/noticias\/#website"},"breadcrumb":{"@id":"https:\/\/www.eldigitaldeasturias.com\/noticias\/los-vehiculos-diesel-siguen-liderando-las-ventas\/#breadcrumblist"},"author":{"@id":"https:\/\/www.eldigitaldeasturias.com\/noticias\/author\/admin\/#author"},"creator":{"@id":"https:\/\/www.eldigitaldeasturias.com\/noticias\/author\/admin\/#author"},"image":{"@type":"ImageObject","url":"https:\/\/www.eldigitaldeasturias.com\/noticias\/wp-content\/uploads\/2015\/04\/carretera.jpg","@id":"https:\/\/www.eldigitaldeasturias.com\/noticias\/los-vehiculos-diesel-siguen-liderando-las-ventas\/#mainImage","width":800,"height":534},"primaryImageOfPage":{"@id":"https:\/\/www.eldigitaldeasturias.com\/noticias\/los-vehiculos-diesel-siguen-liderando-las-ventas\/#mainImage"},"datePublished":"2016-09-17T21:52:14+02:00","dateModified":"2016-09-17T21:52:14+02:00"},{"@type":"WebSite","@id":"https:\/\/www.eldigitaldeasturias.com\/noticias\/#website","url":"https:\/\/www.eldigitaldeasturias.com\/noticias\/","name":"El Digital de Asturias - Diario de actualidad y noticias","alternateName":"El Digital de Asturias - Diario de actualidad y noticias","description":"Hemeroteca","inLanguage":"es-ES","publisher":{"@id":"https:\/\/www.eldigitaldeasturias.com\/noticias\/#organization"}}]},"og:locale":"es_ES","og:site_name":"El Digital de Asturias","og:type":"article","og:title":"Los veh\u00edculos di\u00e9sel siguen liderando las ventas - El Digital de Asturias","og:description":"El precio medio del coche de ocasi\u00f3n ha subido un 8,2% en agosto en La Rioja y se sit\u00faa en 11.802 euros, seg\u00fan muestran los datos de coches.net, el portal de motor del grupo Schibsted Spain. A nivel nacional, el precio medio ha crecido un +8,3 por ciento hasta alcanzar los 14.028 euros. Asimismo, seg\u00fan","og:url":"https:\/\/www.eldigitaldeasturias.com\/noticias\/los-vehiculos-diesel-siguen-liderando-las-ventas\/","og:image":"https:\/\/www.eldigitaldeasturias.com\/noticias\/wp-content\/uploads\/2015\/04\/carretera.jpg","og:image:secure_url":"https:\/\/www.eldigitaldeasturias.com\/noticias\/wp-content\/uploads\/2015\/04\/carretera.jpg","og:image:width":800,"og:image:height":534,"article:tag":["actualidad"],"article:published_time":"2016-09-17T20:52:14+00:00","article:modified_time":"2016-09-17T20:52:14+00:00","article:publisher":"https:\/\/facebook.com\/eldigitaldeasturias","twitter:card":"summary_large_image","twitter:title":"Los veh\u00edculos di\u00e9sel siguen liderando las ventas - El Digital de Asturias","twitter:description":"El precio medio del coche de ocasi\u00f3n ha subido un 8,2% en agosto en La Rioja y se sit\u00faa en 11.802 euros, seg\u00fan muestran los datos de coches.net, el portal de motor del grupo Schibsted Spain. A nivel nacional, el precio medio ha crecido un +8,3 por ciento hasta alcanzar los 14.028 euros. Asimismo, seg\u00fan","twitter:image":"https:\/\/www.eldigitaldeasturias.com\/noticias\/wp-content\/uploads\/2015\/04\/carretera.jpg","twitter:label1":"Escrito por","twitter:data1":"El Digital de Asturias","twitter:label2":"Tiempo de lectura estimado","twitter:data2":"2 minutos"},"aioseo_meta_data":{"post_id":"908238","title":null,"description":null,"keywords":null,"keyphrases":null,"primary_term":null,"canonical_url":null,"og_title":null,"og_description":null,"og_object_type":"default","og_image_type":"default","og_image_url":null,"og_image_width":null,"og_image_height":null,"og_image_custom_url":null,"og_image_custom_fields":null,"og_video":null,"og_custom_url":null,"og_article_section":null,"og_article_tags":null,"twitter_use_og":false,"twitter_card":"default","twitter_image_type":"default","twitter_image_url":null,"twitter_image_custom_url":null,"twitter_image_custom_fields":null,"twitter_title":null,"twitter_description":null,"schema":{"blockGraphs":[],"customGraphs":[],"default":{"data":{"Article":[],"Course":[],"Dataset":[],"FAQPage":[],"Movie":[],"Person":[],"Product":[],"ProductReview":[],"Car":[],"Recipe":[],"Service":[],"SoftwareApplication":[],"WebPage":[]},"graphName":"","isEnabled":true},"graphs":[],"defaultGraph":"","defaultPostTypeGraph":""},"schema_type":null,"schema_type_options":null,"pillar_content":false,"robots_default":true,"robots_noindex":false,"robots_noarchive":false,"robots_nosnippet":false,"robots_nofollow":false,"robots_noimageindex":false,"robots_noodp":false,"robots_notranslate":false,"robots_max_snippet":null,"robots_max_videopreview":null,"robots_max_imagepreview":"large","priority":null,"frequency":null,"local_seo":null,"seo_analyzer_scan_date":"2025-11-30 15:24:15","breadcrumb_settings":null,"limit_modified_date":false,"open_ai":null,"ai":null,"created":"2020-12-21 14:00:17","updated":"2025-11-30 15:24:15"},"aioseo_breadcrumb":"<div class=\"aioseo-breadcrumbs\"><span class=\"aioseo-breadcrumb\">\n\t<a href=\"https:\/\/www.eldigitaldeasturias.com\/noticias\" title=\"Home\">Home<\/a>\n<\/span><span class=\"aioseo-breadcrumb-separator\">\u2013<\/span><span class=\"aioseo-breadcrumb\">\n\t<a href=\"https:\/\/www.eldigitaldeasturias.com\/noticias\/category\/actualidad\/\" title=\"Actualidad\">Actualidad<\/a>\n<\/span><span class=\"aioseo-breadcrumb-separator\">\u2013<\/span><span class=\"aioseo-breadcrumb\">\n\t<a href=\"https:\/\/www.eldigitaldeasturias.com\/noticias\/los-vehiculos-diesel-siguen-liderando-las-ventas\/\" title=\"Los veh\u00edculos di\u00e9sel siguen liderando las ventas\">Los veh\u00edculos di\u00e9sel siguen liderando las ventas<\/a>\n<\/span><\/div>","aioseo_breadcrumb_json":[{"label":"Home","link":"https:\/\/www.eldigitaldeasturias.com\/noticias"},{"label":"Actualidad","link":"https:\/\/www.eldigitaldeasturias.com\/noticias\/category\/actualidad\/"},{"label":"Los veh\u00edculos di\u00e9sel siguen liderando las ventas","link":"https:\/\/www.eldigitaldeasturias.com\/noticias\/los-vehiculos-diesel-siguen-liderando-las-ventas\/"}],"_links":{"self":[{"href":"https:\/\/www.eldigitaldeasturias.com\/noticias\/wp-json\/wp\/v2\/posts\/908238","targetHints":{"allow":["GET"]}}],"collection":[{"href":"https:\/\/www.eldigitaldeasturias.com\/noticias\/wp-json\/wp\/v2\/posts"}],"about":[{"href":"https:\/\/www.eldigitaldeasturias.com\/noticias\/wp-json\/wp\/v2\/types\/post"}],"author":[{"embeddable":true,"href":"https:\/\/www.eldigitaldeasturias.com\/noticias\/wp-json\/wp\/v2\/users\/1"}],"replies":[{"embeddable":true,"href":"https:\/\/www.eldigitaldeasturias.com\/noticias\/wp-json\/wp\/v2\/comments?post=908238"}],"version-history":[{"count":0,"href":"https:\/\/www.eldigitaldeasturias.com\/noticias\/wp-json\/wp\/v2\/posts\/908238\/revisions"}],"wp:featuredmedia":[{"embeddable":true,"href":"https:\/\/www.eldigitaldeasturias.com\/noticias\/wp-json\/wp\/v2\/media\/775486"}],"wp:attachment":[{"href":"https:\/\/www.eldigitaldeasturias.com\/noticias\/wp-json\/wp\/v2\/media?parent=908238"}],"wp:term":[{"taxonomy":"category","embeddable":true,"href":"https:\/\/www.eldigitaldeasturias.com\/noticias\/wp-json\/wp\/v2\/categories?post=908238"},{"taxonomy":"post_tag","embeddable":true,"href":"https:\/\/www.eldigitaldeasturias.com\/noticias\/wp-json\/wp\/v2\/tags?post=908238"}],"curies":[{"name":"wp","href":"https:\/\/api.w.org\/{rel}","templated":true}]}}