{"id":908235,"date":"2016-09-17T21:49:10","date_gmt":"2016-09-17T20:49:10","guid":{"rendered":"http:\/\/www.eldigitaldeasturias.com\/noticias\/?p=908235"},"modified":"2016-09-17T21:49:32","modified_gmt":"2016-09-17T20:49:32","slug":"mercedes-fernandez-afirma-que-los-socialistas-estan-en-los-peores-momentos-de-su-historia","status":"publish","type":"post","link":"https:\/\/www.eldigitaldeasturias.com\/noticias\/mercedes-fernandez-afirma-que-los-socialistas-estan-en-los-peores-momentos-de-su-historia\/","title":{"rendered":"Mercedes Fern\u00e1ndez afirma que los socialistas \u00abest\u00e1n en los peores momentos de su historia\u201d"},"content":{"rendered":"<p><img loading=\"lazy\" decoding=\"async\" class=\"alignleft size-medium wp-image-908236\" src=\"https:\/\/www.eldigitaldeasturias.com\/noticias\/wp-content\/uploads\/2016\/09\/fotonoticia_20160917172951_800-360x270.jpg\" alt=\"fotonoticia_20160917172951_800\" width=\"360\" height=\"270\" srcset=\"https:\/\/www.eldigitaldeasturias.com\/noticias\/wp-content\/uploads\/2016\/09\/fotonoticia_20160917172951_800-360x270.jpg 360w, https:\/\/www.eldigitaldeasturias.com\/noticias\/wp-content\/uploads\/2016\/09\/fotonoticia_20160917172951_800-768x576.jpg 768w, https:\/\/www.eldigitaldeasturias.com\/noticias\/wp-content\/uploads\/2016\/09\/fotonoticia_20160917172951_800-650x488.jpg 650w, https:\/\/www.eldigitaldeasturias.com\/noticias\/wp-content\/uploads\/2016\/09\/fotonoticia_20160917172951_800-125x95.jpg 125w, https:\/\/www.eldigitaldeasturias.com\/noticias\/wp-content\/uploads\/2016\/09\/fotonoticia_20160917172951_800-100x75.jpg 100w, https:\/\/www.eldigitaldeasturias.com\/noticias\/wp-content\/uploads\/2016\/09\/fotonoticia_20160917172951_800.jpg 800w\" sizes=\"auto, (max-width: 360px) 100vw, 360px\" \/>La presidenta del PP de Asturias, Mercedes Fern\u00e1ndez, ha mostrado este s\u00e1bado su esperanza de que el PSOE \u00abdeje gobernar al PP\u00bb en el Ejecutivo central, tras las elecciones vascas y gallegas, para \u00ababrir un futuro de sentido com\u00fan\u00bb.<\/p>\n<p>En declaraciones a los medios, tras asistir a un mitin de su partido en Bilbao, en el marzo de la campa\u00f1a electoral de las pr\u00f3ximas elecciones auton\u00f3micas vascas, Fern\u00e1ndez ha expresado su deseo de que la actual situaci\u00f3n de \u00abbloqueos y enredos\u00bb pol\u00edticos se despeje tras las citas electorales vasca y gallega.<\/p>\n<p>\u00abEsperamos que se pueda abrir un futuro de sentido com\u00fan tras las elecciones vascas y gallegas, en el que el PSOE se coloque en la oposici\u00f3n, que es el lugar donde lo han puesto los espa\u00f1oles, y desde el que se puede trabajar y se debe trabajar mucho\u00bb, ha comentado.<\/p>\n<p>En su opini\u00f3n, los socialistas \u00abest\u00e1n en los peores momentos de su historia\u00bb. \u00abLa situaci\u00f3n actual est\u00e1 neg\u00e1ndole a Espa\u00f1a la estabilidad, el crecimiento y el futuro y los enredos, los bloqueos y los gobiernos llamados &#8216;Frankenstein&#8217; (en alusi\u00f3n a un potencial gobierno de coalici\u00f3n del PSOE con otras fuerzas de izquierda) no son la soluci\u00f3n de futuro\u00bb, ha opinado la l\u00edder &#8216;popular&#8217; asturiana.<\/p>\n<p>&nbsp;<\/p>\n","protected":false},"excerpt":{"rendered":"<p>La presidenta del PP de Asturias, Mercedes Fern\u00e1ndez, ha mostrado este s\u00e1bado su esperanza de que el PSOE \u00abdeje gobernar al PP\u00bb en el Ejecutivo central, tras las elecciones vascas y gallegas, para \u00ababrir un futuro de sentido com\u00fan\u00bb. En declaraciones a los medios, tras asistir a un mitin de su partido en Bilbao, en [&hellip;]<\/p>\n","protected":false},"author":1,"featured_media":908236,"comment_status":"closed","ping_status":"closed","sticky":false,"template":"","format":"standard","meta":{"footnotes":""},"categories":[12],"tags":[],"class_list":["post-908235","post","type-post","status-publish","format-standard","has-post-thumbnail","hentry","category-actualidad-asturias"],"aioseo_notices":[],"aioseo_head":"\n\t\t<!-- All in One SEO Pro 4.9.6.2 - aioseo.com -->\n\t<meta name=\"description\" content=\"La presidenta del PP de Asturias, Mercedes Fern\u00e1ndez, ha mostrado este s\u00e1bado su esperanza de que el PSOE &quot;deje gobernar al PP&quot; en el Ejecutivo central, tras las elecciones vascas y gallegas, para &quot;abrir un futuro de sentido com\u00fan&quot;. En declaraciones a los medios, tras asistir a un mitin de su partido en Bilbao, en\" \/>\n\t<meta name=\"robots\" content=\"max-image-preview:large\" \/>\n\t<meta name=\"author\" content=\"El Digital de Asturias\"\/>\n\t<meta name=\"google-site-verification\" content=\"UA-38556648-1\" \/>\n\t<meta name=\"msvalidate.01\" content=\"7dfe9f3f1b24437ab69f4f2559babe99\" \/>\n\t<meta name=\"keywords\" content=\"actualidad asturias\" \/>\n\t<link rel=\"canonical\" href=\"https:\/\/www.eldigitaldeasturias.com\/noticias\/mercedes-fernandez-afirma-que-los-socialistas-estan-en-los-peores-momentos-de-su-historia\/\" \/>\n\t<meta name=\"generator\" content=\"All in One SEO Pro (AIOSEO) 4.9.6.2\" \/>\n\t\t<meta property=\"og:locale\" content=\"es_ES\" \/>\n\t\t<meta property=\"og:site_name\" content=\"El Digital de Asturias\" \/>\n\t\t<meta property=\"og:type\" content=\"article\" \/>\n\t\t<meta property=\"og:title\" content=\"Mercedes Fern\u00e1ndez afirma que los socialistas \u00abest\u00e1n en los peores momentos de su historia\u201d - El Digital de Asturias\" \/>\n\t\t<meta property=\"og:description\" content=\"La presidenta del PP de Asturias, Mercedes Fern\u00e1ndez, ha mostrado este s\u00e1bado su esperanza de que el PSOE &quot;deje gobernar al PP&quot; en el Ejecutivo central, tras las elecciones vascas y gallegas, para &quot;abrir un futuro de sentido com\u00fan&quot;. En declaraciones a los medios, tras asistir a un mitin de su partido en Bilbao, en\" \/>\n\t\t<meta property=\"og:url\" content=\"https:\/\/www.eldigitaldeasturias.com\/noticias\/mercedes-fernandez-afirma-que-los-socialistas-estan-en-los-peores-momentos-de-su-historia\/\" \/>\n\t\t<meta property=\"og:image\" content=\"https:\/\/www.eldigitaldeasturias.com\/noticias\/wp-content\/uploads\/2016\/09\/fotonoticia_20160917172951_800.jpg\" \/>\n\t\t<meta property=\"og:image:secure_url\" content=\"https:\/\/www.eldigitaldeasturias.com\/noticias\/wp-content\/uploads\/2016\/09\/fotonoticia_20160917172951_800.jpg\" \/>\n\t\t<meta property=\"og:image:width\" content=\"800\" \/>\n\t\t<meta property=\"og:image:height\" content=\"600\" \/>\n\t\t<meta property=\"article:tag\" content=\"actualidad asturias\" \/>\n\t\t<meta property=\"article:published_time\" content=\"2016-09-17T20:49:10+00:00\" \/>\n\t\t<meta property=\"article:modified_time\" content=\"2016-09-17T20:49:32+00:00\" \/>\n\t\t<meta property=\"article:publisher\" content=\"https:\/\/facebook.com\/eldigitaldeasturias\" \/>\n\t\t<meta name=\"twitter:card\" content=\"summary_large_image\" \/>\n\t\t<meta name=\"twitter:title\" content=\"Mercedes Fern\u00e1ndez afirma que los socialistas \u00abest\u00e1n en los peores momentos de su historia\u201d - El Digital de Asturias\" \/>\n\t\t<meta name=\"twitter:description\" content=\"La presidenta del PP de Asturias, Mercedes Fern\u00e1ndez, ha mostrado este s\u00e1bado su esperanza de que el PSOE &quot;deje gobernar al PP&quot; en el Ejecutivo central, tras las elecciones vascas y gallegas, para &quot;abrir un futuro de sentido com\u00fan&quot;. En declaraciones a los medios, tras asistir a un mitin de su partido en Bilbao, en\" \/>\n\t\t<meta name=\"twitter:image\" content=\"https:\/\/www.eldigitaldeasturias.com\/noticias\/wp-content\/uploads\/2016\/09\/fotonoticia_20160917172951_800.jpg\" \/>\n\t\t<meta name=\"twitter:label1\" content=\"Escrito por\" \/>\n\t\t<meta name=\"twitter:data1\" content=\"El Digital de Asturias\" \/>\n\t\t<meta name=\"twitter:label2\" content=\"Tiempo de lectura estimado\" \/>\n\t\t<meta name=\"twitter:data2\" content=\"1 minuto\" \/>\n\t\t<script type=\"application\/ld+json\" class=\"aioseo-schema\">\n\t\t\t{\"@context\":\"https:\\\/\\\/schema.org\",\"@graph\":[{\"@type\":\"BlogPosting\",\"@id\":\"https:\\\/\\\/www.eldigitaldeasturias.com\\\/noticias\\\/mercedes-fernandez-afirma-que-los-socialistas-estan-en-los-peores-momentos-de-su-historia\\\/#blogposting\",\"name\":\"Mercedes Fern\\u00e1ndez afirma que los socialistas \\u00abest\\u00e1n en los peores momentos de su historia\\u201d - El Digital de Asturias\",\"headline\":\"Mercedes Fern\\u00e1ndez afirma que los socialistas \\u00abest\\u00e1n en los peores momentos de su historia\\u201d\",\"author\":{\"@id\":\"https:\\\/\\\/www.eldigitaldeasturias.com\\\/noticias\\\/author\\\/admin\\\/#author\"},\"publisher\":{\"@id\":\"https:\\\/\\\/www.eldigitaldeasturias.com\\\/noticias\\\/#organization\"},\"image\":{\"@type\":\"ImageObject\",\"url\":\"https:\\\/\\\/www.eldigitaldeasturias.com\\\/noticias\\\/wp-content\\\/uploads\\\/2016\\\/09\\\/fotonoticia_20160917172951_800.jpg\",\"width\":800,\"height\":600},\"datePublished\":\"2016-09-17T21:49:10+02:00\",\"dateModified\":\"2016-09-17T21:49:32+02:00\",\"inLanguage\":\"es-ES\",\"mainEntityOfPage\":{\"@id\":\"https:\\\/\\\/www.eldigitaldeasturias.com\\\/noticias\\\/mercedes-fernandez-afirma-que-los-socialistas-estan-en-los-peores-momentos-de-su-historia\\\/#webpage\"},\"isPartOf\":{\"@id\":\"https:\\\/\\\/www.eldigitaldeasturias.com\\\/noticias\\\/mercedes-fernandez-afirma-que-los-socialistas-estan-en-los-peores-momentos-de-su-historia\\\/#webpage\"},\"articleSection\":\"Actualidad Asturias\"},{\"@type\":\"BreadcrumbList\",\"@id\":\"https:\\\/\\\/www.eldigitaldeasturias.com\\\/noticias\\\/mercedes-fernandez-afirma-que-los-socialistas-estan-en-los-peores-momentos-de-su-historia\\\/#breadcrumblist\",\"itemListElement\":[{\"@type\":\"ListItem\",\"@id\":\"https:\\\/\\\/www.eldigitaldeasturias.com\\\/noticias#listItem\",\"position\":1,\"name\":\"Home\",\"item\":\"https:\\\/\\\/www.eldigitaldeasturias.com\\\/noticias\",\"nextItem\":{\"@type\":\"ListItem\",\"@id\":\"https:\\\/\\\/www.eldigitaldeasturias.com\\\/noticias\\\/category\\\/actualidad-asturias\\\/#listItem\",\"name\":\"Actualidad Asturias\"}},{\"@type\":\"ListItem\",\"@id\":\"https:\\\/\\\/www.eldigitaldeasturias.com\\\/noticias\\\/category\\\/actualidad-asturias\\\/#listItem\",\"position\":2,\"name\":\"Actualidad Asturias\",\"item\":\"https:\\\/\\\/www.eldigitaldeasturias.com\\\/noticias\\\/category\\\/actualidad-asturias\\\/\",\"nextItem\":{\"@type\":\"ListItem\",\"@id\":\"https:\\\/\\\/www.eldigitaldeasturias.com\\\/noticias\\\/mercedes-fernandez-afirma-que-los-socialistas-estan-en-los-peores-momentos-de-su-historia\\\/#listItem\",\"name\":\"Mercedes Fern\\u00e1ndez afirma que los socialistas \\u00abest\\u00e1n en los peores momentos de su historia\\u201d\"},\"previousItem\":{\"@type\":\"ListItem\",\"@id\":\"https:\\\/\\\/www.eldigitaldeasturias.com\\\/noticias#listItem\",\"name\":\"Home\"}},{\"@type\":\"ListItem\",\"@id\":\"https:\\\/\\\/www.eldigitaldeasturias.com\\\/noticias\\\/mercedes-fernandez-afirma-que-los-socialistas-estan-en-los-peores-momentos-de-su-historia\\\/#listItem\",\"position\":3,\"name\":\"Mercedes Fern\\u00e1ndez afirma que los socialistas \\u00abest\\u00e1n en los peores momentos de su historia\\u201d\",\"previousItem\":{\"@type\":\"ListItem\",\"@id\":\"https:\\\/\\\/www.eldigitaldeasturias.com\\\/noticias\\\/category\\\/actualidad-asturias\\\/#listItem\",\"name\":\"Actualidad Asturias\"}}]},{\"@type\":\"Organization\",\"@id\":\"https:\\\/\\\/www.eldigitaldeasturias.com\\\/noticias\\\/#organization\",\"name\":\"El Digital de Asturias\",\"description\":\"Hemeroteca\",\"url\":\"https:\\\/\\\/www.eldigitaldeasturias.com\\\/noticias\\\/\",\"email\":\"info@eldigitaldeasturias.com\",\"telephone\":\"+34652131393\",\"logo\":{\"@type\":\"ImageObject\",\"url\":\"https:\\\/\\\/www.eldigitaldeasturias.com\\\/noticias\\\/wp-content\\\/uploads\\\/2020\\\/12\\\/EDA.jpg\",\"@id\":\"https:\\\/\\\/www.eldigitaldeasturias.com\\\/noticias\\\/mercedes-fernandez-afirma-que-los-socialistas-estan-en-los-peores-momentos-de-su-historia\\\/#organizationLogo\",\"width\":649,\"height\":297},\"image\":{\"@id\":\"https:\\\/\\\/www.eldigitaldeasturias.com\\\/noticias\\\/mercedes-fernandez-afirma-que-los-socialistas-estan-en-los-peores-momentos-de-su-historia\\\/#organizationLogo\"},\"sameAs\":[\"https:\\\/\\\/facebook.com\\\/eldigitaldeasturias\",\"https:\\\/\\\/www.youtube.com\\\/channel\\\/UCZP-2wLEB9Rv6erhFmqVnvg\"],\"address\":{\"@id\":\"https:\\\/\\\/www.eldigitaldeasturias.com\\\/noticias\\\/#postaladdress\",\"@type\":\"PostalAddress\",\"streetAddress\":\"san antonio 4,\",\"postalCode\":\"33430\",\"addressLocality\":\"Cand\\u00e1s\",\"addressRegion\":\"Asturias\",\"addressCountry\":\"ES\"}},{\"@type\":\"Person\",\"@id\":\"https:\\\/\\\/www.eldigitaldeasturias.com\\\/noticias\\\/author\\\/admin\\\/#author\",\"url\":\"https:\\\/\\\/www.eldigitaldeasturias.com\\\/noticias\\\/author\\\/admin\\\/\",\"name\":\"El Digital de Asturias\",\"image\":{\"@type\":\"ImageObject\",\"@id\":\"https:\\\/\\\/www.eldigitaldeasturias.com\\\/noticias\\\/mercedes-fernandez-afirma-que-los-socialistas-estan-en-los-peores-momentos-de-su-historia\\\/#authorImage\",\"url\":\"https:\\\/\\\/www.eldigitaldeasturias.com\\\/noticias\\\/wp-content\\\/litespeed\\\/avatar\\\/18677e78aa0546b92d9dbf31ec7d7668.jpg?ver=1777290358\",\"width\":96,\"height\":96,\"caption\":\"El Digital de Asturias\"}},{\"@type\":\"WebPage\",\"@id\":\"https:\\\/\\\/www.eldigitaldeasturias.com\\\/noticias\\\/mercedes-fernandez-afirma-que-los-socialistas-estan-en-los-peores-momentos-de-su-historia\\\/#webpage\",\"url\":\"https:\\\/\\\/www.eldigitaldeasturias.com\\\/noticias\\\/mercedes-fernandez-afirma-que-los-socialistas-estan-en-los-peores-momentos-de-su-historia\\\/\",\"name\":\"Mercedes Fern\\u00e1ndez afirma que los socialistas \\u00abest\\u00e1n en los peores momentos de su historia\\u201d - El Digital de Asturias\",\"description\":\"La presidenta del PP de Asturias, Mercedes Fern\\u00e1ndez, ha mostrado este s\\u00e1bado su esperanza de que el PSOE \\\"deje gobernar al PP\\\" en el Ejecutivo central, tras las elecciones vascas y gallegas, para \\\"abrir un futuro de sentido com\\u00fan\\\". En declaraciones a los medios, tras asistir a un mitin de su partido en Bilbao, en\",\"inLanguage\":\"es-ES\",\"isPartOf\":{\"@id\":\"https:\\\/\\\/www.eldigitaldeasturias.com\\\/noticias\\\/#website\"},\"breadcrumb\":{\"@id\":\"https:\\\/\\\/www.eldigitaldeasturias.com\\\/noticias\\\/mercedes-fernandez-afirma-que-los-socialistas-estan-en-los-peores-momentos-de-su-historia\\\/#breadcrumblist\"},\"author\":{\"@id\":\"https:\\\/\\\/www.eldigitaldeasturias.com\\\/noticias\\\/author\\\/admin\\\/#author\"},\"creator\":{\"@id\":\"https:\\\/\\\/www.eldigitaldeasturias.com\\\/noticias\\\/author\\\/admin\\\/#author\"},\"image\":{\"@type\":\"ImageObject\",\"url\":\"https:\\\/\\\/www.eldigitaldeasturias.com\\\/noticias\\\/wp-content\\\/uploads\\\/2016\\\/09\\\/fotonoticia_20160917172951_800.jpg\",\"@id\":\"https:\\\/\\\/www.eldigitaldeasturias.com\\\/noticias\\\/mercedes-fernandez-afirma-que-los-socialistas-estan-en-los-peores-momentos-de-su-historia\\\/#mainImage\",\"width\":800,\"height\":600},\"primaryImageOfPage\":{\"@id\":\"https:\\\/\\\/www.eldigitaldeasturias.com\\\/noticias\\\/mercedes-fernandez-afirma-que-los-socialistas-estan-en-los-peores-momentos-de-su-historia\\\/#mainImage\"},\"datePublished\":\"2016-09-17T21:49:10+02:00\",\"dateModified\":\"2016-09-17T21:49:32+02:00\"},{\"@type\":\"WebSite\",\"@id\":\"https:\\\/\\\/www.eldigitaldeasturias.com\\\/noticias\\\/#website\",\"url\":\"https:\\\/\\\/www.eldigitaldeasturias.com\\\/noticias\\\/\",\"name\":\"El Digital de Asturias - Diario de actualidad y noticias\",\"alternateName\":\"El Digital de Asturias - Diario de actualidad y noticias\",\"description\":\"Hemeroteca\",\"inLanguage\":\"es-ES\",\"publisher\":{\"@id\":\"https:\\\/\\\/www.eldigitaldeasturias.com\\\/noticias\\\/#organization\"}}]}\n\t\t<\/script>\n\t\t<!-- All in One SEO Pro -->\r\n\t\t<title>Mercedes Fern\u00e1ndez afirma que los socialistas \u00abest\u00e1n en los peores momentos de su historia\u201d - El Digital de Asturias<\/title>\n\n","aioseo_head_json":{"title":"Mercedes Fern\u00e1ndez afirma que los socialistas \u00abest\u00e1n en los peores momentos de su historia\u201d - El Digital de Asturias","description":"La presidenta del PP de Asturias, Mercedes Fern\u00e1ndez, ha mostrado este s\u00e1bado su esperanza de que el PSOE \"deje gobernar al PP\" en el Ejecutivo central, tras las elecciones vascas y gallegas, para \"abrir un futuro de sentido com\u00fan\". En declaraciones a los medios, tras asistir a un mitin de su partido en Bilbao, en","canonical_url":"https:\/\/www.eldigitaldeasturias.com\/noticias\/mercedes-fernandez-afirma-que-los-socialistas-estan-en-los-peores-momentos-de-su-historia\/","robots":"max-image-preview:large","keywords":"actualidad asturias","webmasterTools":{"google-site-verification":"UA-38556648-1","msvalidate.01":"7dfe9f3f1b24437ab69f4f2559babe99","miscellaneous":""},"schema":{"@context":"https:\/\/schema.org","@graph":[{"@type":"BlogPosting","@id":"https:\/\/www.eldigitaldeasturias.com\/noticias\/mercedes-fernandez-afirma-que-los-socialistas-estan-en-los-peores-momentos-de-su-historia\/#blogposting","name":"Mercedes Fern\u00e1ndez afirma que los socialistas \u00abest\u00e1n en los peores momentos de su historia\u201d - El Digital de Asturias","headline":"Mercedes Fern\u00e1ndez afirma que los socialistas \u00abest\u00e1n en los peores momentos de su historia\u201d","author":{"@id":"https:\/\/www.eldigitaldeasturias.com\/noticias\/author\/admin\/#author"},"publisher":{"@id":"https:\/\/www.eldigitaldeasturias.com\/noticias\/#organization"},"image":{"@type":"ImageObject","url":"https:\/\/www.eldigitaldeasturias.com\/noticias\/wp-content\/uploads\/2016\/09\/fotonoticia_20160917172951_800.jpg","width":800,"height":600},"datePublished":"2016-09-17T21:49:10+02:00","dateModified":"2016-09-17T21:49:32+02:00","inLanguage":"es-ES","mainEntityOfPage":{"@id":"https:\/\/www.eldigitaldeasturias.com\/noticias\/mercedes-fernandez-afirma-que-los-socialistas-estan-en-los-peores-momentos-de-su-historia\/#webpage"},"isPartOf":{"@id":"https:\/\/www.eldigitaldeasturias.com\/noticias\/mercedes-fernandez-afirma-que-los-socialistas-estan-en-los-peores-momentos-de-su-historia\/#webpage"},"articleSection":"Actualidad Asturias"},{"@type":"BreadcrumbList","@id":"https:\/\/www.eldigitaldeasturias.com\/noticias\/mercedes-fernandez-afirma-que-los-socialistas-estan-en-los-peores-momentos-de-su-historia\/#breadcrumblist","itemListElement":[{"@type":"ListItem","@id":"https:\/\/www.eldigitaldeasturias.com\/noticias#listItem","position":1,"name":"Home","item":"https:\/\/www.eldigitaldeasturias.com\/noticias","nextItem":{"@type":"ListItem","@id":"https:\/\/www.eldigitaldeasturias.com\/noticias\/category\/actualidad-asturias\/#listItem","name":"Actualidad Asturias"}},{"@type":"ListItem","@id":"https:\/\/www.eldigitaldeasturias.com\/noticias\/category\/actualidad-asturias\/#listItem","position":2,"name":"Actualidad Asturias","item":"https:\/\/www.eldigitaldeasturias.com\/noticias\/category\/actualidad-asturias\/","nextItem":{"@type":"ListItem","@id":"https:\/\/www.eldigitaldeasturias.com\/noticias\/mercedes-fernandez-afirma-que-los-socialistas-estan-en-los-peores-momentos-de-su-historia\/#listItem","name":"Mercedes Fern\u00e1ndez afirma que los socialistas \u00abest\u00e1n en los peores momentos de su historia\u201d"},"previousItem":{"@type":"ListItem","@id":"https:\/\/www.eldigitaldeasturias.com\/noticias#listItem","name":"Home"}},{"@type":"ListItem","@id":"https:\/\/www.eldigitaldeasturias.com\/noticias\/mercedes-fernandez-afirma-que-los-socialistas-estan-en-los-peores-momentos-de-su-historia\/#listItem","position":3,"name":"Mercedes Fern\u00e1ndez afirma que los socialistas \u00abest\u00e1n en los peores momentos de su historia\u201d","previousItem":{"@type":"ListItem","@id":"https:\/\/www.eldigitaldeasturias.com\/noticias\/category\/actualidad-asturias\/#listItem","name":"Actualidad Asturias"}}]},{"@type":"Organization","@id":"https:\/\/www.eldigitaldeasturias.com\/noticias\/#organization","name":"El Digital de Asturias","description":"Hemeroteca","url":"https:\/\/www.eldigitaldeasturias.com\/noticias\/","email":"info@eldigitaldeasturias.com","telephone":"+34652131393","logo":{"@type":"ImageObject","url":"https:\/\/www.eldigitaldeasturias.com\/noticias\/wp-content\/uploads\/2020\/12\/EDA.jpg","@id":"https:\/\/www.eldigitaldeasturias.com\/noticias\/mercedes-fernandez-afirma-que-los-socialistas-estan-en-los-peores-momentos-de-su-historia\/#organizationLogo","width":649,"height":297},"image":{"@id":"https:\/\/www.eldigitaldeasturias.com\/noticias\/mercedes-fernandez-afirma-que-los-socialistas-estan-en-los-peores-momentos-de-su-historia\/#organizationLogo"},"sameAs":["https:\/\/facebook.com\/eldigitaldeasturias","https:\/\/www.youtube.com\/channel\/UCZP-2wLEB9Rv6erhFmqVnvg"],"address":{"@id":"https:\/\/www.eldigitaldeasturias.com\/noticias\/#postaladdress","@type":"PostalAddress","streetAddress":"san antonio 4,","postalCode":"33430","addressLocality":"Cand\u00e1s","addressRegion":"Asturias","addressCountry":"ES"}},{"@type":"Person","@id":"https:\/\/www.eldigitaldeasturias.com\/noticias\/author\/admin\/#author","url":"https:\/\/www.eldigitaldeasturias.com\/noticias\/author\/admin\/","name":"El Digital de Asturias","image":{"@type":"ImageObject","@id":"https:\/\/www.eldigitaldeasturias.com\/noticias\/mercedes-fernandez-afirma-que-los-socialistas-estan-en-los-peores-momentos-de-su-historia\/#authorImage","url":"https:\/\/www.eldigitaldeasturias.com\/noticias\/wp-content\/litespeed\/avatar\/18677e78aa0546b92d9dbf31ec7d7668.jpg?ver=1777290358","width":96,"height":96,"caption":"El Digital de Asturias"}},{"@type":"WebPage","@id":"https:\/\/www.eldigitaldeasturias.com\/noticias\/mercedes-fernandez-afirma-que-los-socialistas-estan-en-los-peores-momentos-de-su-historia\/#webpage","url":"https:\/\/www.eldigitaldeasturias.com\/noticias\/mercedes-fernandez-afirma-que-los-socialistas-estan-en-los-peores-momentos-de-su-historia\/","name":"Mercedes Fern\u00e1ndez afirma que los socialistas \u00abest\u00e1n en los peores momentos de su historia\u201d - El Digital de Asturias","description":"La presidenta del PP de Asturias, Mercedes Fern\u00e1ndez, ha mostrado este s\u00e1bado su esperanza de que el PSOE \"deje gobernar al PP\" en el Ejecutivo central, tras las elecciones vascas y gallegas, para \"abrir un futuro de sentido com\u00fan\". En declaraciones a los medios, tras asistir a un mitin de su partido en Bilbao, en","inLanguage":"es-ES","isPartOf":{"@id":"https:\/\/www.eldigitaldeasturias.com\/noticias\/#website"},"breadcrumb":{"@id":"https:\/\/www.eldigitaldeasturias.com\/noticias\/mercedes-fernandez-afirma-que-los-socialistas-estan-en-los-peores-momentos-de-su-historia\/#breadcrumblist"},"author":{"@id":"https:\/\/www.eldigitaldeasturias.com\/noticias\/author\/admin\/#author"},"creator":{"@id":"https:\/\/www.eldigitaldeasturias.com\/noticias\/author\/admin\/#author"},"image":{"@type":"ImageObject","url":"https:\/\/www.eldigitaldeasturias.com\/noticias\/wp-content\/uploads\/2016\/09\/fotonoticia_20160917172951_800.jpg","@id":"https:\/\/www.eldigitaldeasturias.com\/noticias\/mercedes-fernandez-afirma-que-los-socialistas-estan-en-los-peores-momentos-de-su-historia\/#mainImage","width":800,"height":600},"primaryImageOfPage":{"@id":"https:\/\/www.eldigitaldeasturias.com\/noticias\/mercedes-fernandez-afirma-que-los-socialistas-estan-en-los-peores-momentos-de-su-historia\/#mainImage"},"datePublished":"2016-09-17T21:49:10+02:00","dateModified":"2016-09-17T21:49:32+02:00"},{"@type":"WebSite","@id":"https:\/\/www.eldigitaldeasturias.com\/noticias\/#website","url":"https:\/\/www.eldigitaldeasturias.com\/noticias\/","name":"El Digital de Asturias - Diario de actualidad y noticias","alternateName":"El Digital de Asturias - Diario de actualidad y noticias","description":"Hemeroteca","inLanguage":"es-ES","publisher":{"@id":"https:\/\/www.eldigitaldeasturias.com\/noticias\/#organization"}}]},"og:locale":"es_ES","og:site_name":"El Digital de Asturias","og:type":"article","og:title":"Mercedes Fern\u00e1ndez afirma que los socialistas \u00abest\u00e1n en los peores momentos de su historia\u201d - El Digital de Asturias","og:description":"La presidenta del PP de Asturias, Mercedes Fern\u00e1ndez, ha mostrado este s\u00e1bado su esperanza de que el PSOE &quot;deje gobernar al PP&quot; en el Ejecutivo central, tras las elecciones vascas y gallegas, para &quot;abrir un futuro de sentido com\u00fan&quot;. En declaraciones a los medios, tras asistir a un mitin de su partido en Bilbao, en","og:url":"https:\/\/www.eldigitaldeasturias.com\/noticias\/mercedes-fernandez-afirma-que-los-socialistas-estan-en-los-peores-momentos-de-su-historia\/","og:image":"https:\/\/www.eldigitaldeasturias.com\/noticias\/wp-content\/uploads\/2016\/09\/fotonoticia_20160917172951_800.jpg","og:image:secure_url":"https:\/\/www.eldigitaldeasturias.com\/noticias\/wp-content\/uploads\/2016\/09\/fotonoticia_20160917172951_800.jpg","og:image:width":800,"og:image:height":600,"article:tag":["actualidad asturias"],"article:published_time":"2016-09-17T20:49:10+00:00","article:modified_time":"2016-09-17T20:49:32+00:00","article:publisher":"https:\/\/facebook.com\/eldigitaldeasturias","twitter:card":"summary_large_image","twitter:title":"Mercedes Fern\u00e1ndez afirma que los socialistas \u00abest\u00e1n en los peores momentos de su historia\u201d - El Digital de Asturias","twitter:description":"La presidenta del PP de Asturias, Mercedes Fern\u00e1ndez, ha mostrado este s\u00e1bado su esperanza de que el PSOE &quot;deje gobernar al PP&quot; en el Ejecutivo central, tras las elecciones vascas y gallegas, para &quot;abrir un futuro de sentido com\u00fan&quot;. En declaraciones a los medios, tras asistir a un mitin de su partido en Bilbao, en","twitter:image":"https:\/\/www.eldigitaldeasturias.com\/noticias\/wp-content\/uploads\/2016\/09\/fotonoticia_20160917172951_800.jpg","twitter:label1":"Escrito por","twitter:data1":"El Digital de Asturias","twitter:label2":"Tiempo de lectura estimado","twitter:data2":"1 minuto"},"aioseo_meta_data":{"post_id":"908235","title":null,"description":null,"keywords":null,"keyphrases":null,"primary_term":null,"canonical_url":null,"og_title":null,"og_description":null,"og_object_type":"default","og_image_type":"default","og_image_url":null,"og_image_width":null,"og_image_height":null,"og_image_custom_url":null,"og_image_custom_fields":null,"og_video":null,"og_custom_url":null,"og_article_section":null,"og_article_tags":null,"twitter_use_og":false,"twitter_card":"default","twitter_image_type":"default","twitter_image_url":null,"twitter_image_custom_url":null,"twitter_image_custom_fields":null,"twitter_title":null,"twitter_description":null,"schema":{"blockGraphs":[],"customGraphs":[],"default":{"data":{"Article":[],"Course":[],"Dataset":[],"FAQPage":[],"Movie":[],"Person":[],"Product":[],"ProductReview":[],"Car":[],"Recipe":[],"Service":[],"SoftwareApplication":[],"WebPage":[]},"graphName":"","isEnabled":true},"graphs":[],"defaultGraph":"","defaultPostTypeGraph":""},"schema_type":null,"schema_type_options":null,"pillar_content":false,"robots_default":true,"robots_noindex":false,"robots_noarchive":false,"robots_nosnippet":false,"robots_nofollow":false,"robots_noimageindex":false,"robots_noodp":false,"robots_notranslate":false,"robots_max_snippet":null,"robots_max_videopreview":null,"robots_max_imagepreview":"large","priority":null,"frequency":null,"local_seo":null,"seo_analyzer_scan_date":"2025-11-30 15:24:14","breadcrumb_settings":null,"limit_modified_date":false,"open_ai":null,"ai":null,"created":"2020-12-21 14:00:17","updated":"2025-11-30 15:24:14"},"aioseo_breadcrumb":"<div class=\"aioseo-breadcrumbs\"><span class=\"aioseo-breadcrumb\">\n\t<a href=\"https:\/\/www.eldigitaldeasturias.com\/noticias\" title=\"Home\">Home<\/a>\n<\/span><span class=\"aioseo-breadcrumb-separator\">\u2013<\/span><span class=\"aioseo-breadcrumb\">\n\t<a href=\"https:\/\/www.eldigitaldeasturias.com\/noticias\/category\/actualidad-asturias\/\" title=\"Actualidad Asturias\">Actualidad Asturias<\/a>\n<\/span><span class=\"aioseo-breadcrumb-separator\">\u2013<\/span><span class=\"aioseo-breadcrumb\">\n\t<a href=\"https:\/\/www.eldigitaldeasturias.com\/noticias\/mercedes-fernandez-afirma-que-los-socialistas-estan-en-los-peores-momentos-de-su-historia\/\" title=\"Mercedes Fern\u00e1ndez afirma que los socialistas \u00abest\u00e1n en los peores momentos de su historia\u201d\">Mercedes Fern\u00e1ndez afirma que los socialistas \u00abest\u00e1n en los peores momentos de su historia\u201d<\/a>\n<\/span><\/div>","aioseo_breadcrumb_json":[{"label":"Home","link":"https:\/\/www.eldigitaldeasturias.com\/noticias"},{"label":"Actualidad Asturias","link":"https:\/\/www.eldigitaldeasturias.com\/noticias\/category\/actualidad-asturias\/"},{"label":"Mercedes Fern\u00e1ndez afirma que los socialistas \u00abest\u00e1n en los peores momentos de su historia\u201d","link":"https:\/\/www.eldigitaldeasturias.com\/noticias\/mercedes-fernandez-afirma-que-los-socialistas-estan-en-los-peores-momentos-de-su-historia\/"}],"_links":{"self":[{"href":"https:\/\/www.eldigitaldeasturias.com\/noticias\/wp-json\/wp\/v2\/posts\/908235","targetHints":{"allow":["GET"]}}],"collection":[{"href":"https:\/\/www.eldigitaldeasturias.com\/noticias\/wp-json\/wp\/v2\/posts"}],"about":[{"href":"https:\/\/www.eldigitaldeasturias.com\/noticias\/wp-json\/wp\/v2\/types\/post"}],"author":[{"embeddable":true,"href":"https:\/\/www.eldigitaldeasturias.com\/noticias\/wp-json\/wp\/v2\/users\/1"}],"replies":[{"embeddable":true,"href":"https:\/\/www.eldigitaldeasturias.com\/noticias\/wp-json\/wp\/v2\/comments?post=908235"}],"version-history":[{"count":0,"href":"https:\/\/www.eldigitaldeasturias.com\/noticias\/wp-json\/wp\/v2\/posts\/908235\/revisions"}],"wp:featuredmedia":[{"embeddable":true,"href":"https:\/\/www.eldigitaldeasturias.com\/noticias\/wp-json\/wp\/v2\/media\/908236"}],"wp:attachment":[{"href":"https:\/\/www.eldigitaldeasturias.com\/noticias\/wp-json\/wp\/v2\/media?parent=908235"}],"wp:term":[{"taxonomy":"category","embeddable":true,"href":"https:\/\/www.eldigitaldeasturias.com\/noticias\/wp-json\/wp\/v2\/categories?post=908235"},{"taxonomy":"post_tag","embeddable":true,"href":"https:\/\/www.eldigitaldeasturias.com\/noticias\/wp-json\/wp\/v2\/tags?post=908235"}],"curies":[{"name":"wp","href":"https:\/\/api.w.org\/{rel}","templated":true}]}}