{"id":908229,"date":"2016-09-17T21:41:40","date_gmt":"2016-09-17T20:41:40","guid":{"rendered":"http:\/\/www.eldigitaldeasturias.com\/noticias\/?p=908229"},"modified":"2016-09-17T21:41:40","modified_gmt":"2016-09-17T20:41:40","slug":"el-21-por-ciento-de-los-residentes-en-alemania-tiene-raices-extranjeras","status":"publish","type":"post","link":"https:\/\/www.eldigitaldeasturias.com\/noticias\/el-21-por-ciento-de-los-residentes-en-alemania-tiene-raices-extranjeras\/","title":{"rendered":"El 21 por ciento de los residentes en Alemania tiene ra\u00edces extranjeras"},"content":{"rendered":"<p><img loading=\"lazy\" decoding=\"async\" class=\"alignleft size-medium wp-image-742225\" src=\"https:\/\/www.eldigitaldeasturias.com\/noticias\/wp-content\/uploads\/2015\/01\/9405794w-360x283.jpg\" alt=\"gente\" width=\"360\" height=\"283\" srcset=\"https:\/\/www.eldigitaldeasturias.com\/noticias\/wp-content\/uploads\/2015\/01\/9405794w-360x283.jpg 360w, https:\/\/www.eldigitaldeasturias.com\/noticias\/wp-content\/uploads\/2015\/01\/9405794w-768x604.jpg 768w, https:\/\/www.eldigitaldeasturias.com\/noticias\/wp-content\/uploads\/2015\/01\/9405794w-650x511.jpg 650w, https:\/\/www.eldigitaldeasturias.com\/noticias\/wp-content\/uploads\/2015\/01\/9405794w.jpg 800w\" sizes=\"auto, (max-width: 360px) 100vw, 360px\" \/>(dpa) &#8211; En Alemania cada vez vive un mayor n\u00famero de ciudadanos que tiene ra\u00edces extranjeras, inform\u00f3 hoy la Oficina Federal de Estad\u00edstica (Destatis) del pa\u00eds.<\/p>\n<p>Seg\u00fan datos del organismo, el 21 por ciento de personas que en 2015 resid\u00edan en la primera econom\u00eda europea eran, o bien extranjeros, o repatriados alemanes tard\u00edos (alemanes nacidos en ex territorios de Alemania), o ciudadanos nacionalizados o descendientes de inmigrantes que han nacido ya en Alemania.<\/p>\n<p>La cifra supone un incremento de un 4,4 por ciento en relaci\u00f3n al a\u00f1o anterior y marca un r\u00e9cord en el pa\u00eds centroeuropeo.<\/p>\n<p>\u00abEl extraordinario crecimiento registrado se debe, sobre todo, a los inmigrantes extranjeros\u00bb, indic\u00f3 Destatis. No en vano, en 2015 viv\u00edan unos 11,5 millones de migrantes en Alemania, lo que supone un 5,5 por ciento m\u00e1s que en 2014.<\/p>\n<p>Para realizar el c\u00f3mputo no se tuvo en cuenta el m\u00e1s de un mill\u00f3n de refugiados que el a\u00f1o pasado lleg\u00f3 a Alemania. Los pa\u00edses que mayor n\u00famero de ciudadanos con ra\u00edces extranjeras aportan son Turqu\u00eda, Polonia y Rusia.<\/p>\n<p>Seg\u00fan indic\u00f3 la Oficina Federal de Estad\u00edstica, la poblaci\u00f3n con antecedentes extranjeros residente en Alemania es, de media, joven. De hecho, uno de cada tres es menor de edad y menos de uno de cada diez es jubilado.<\/p>\n<p>En el pa\u00eds centroeuropeo se considera que una persona cuenta con ra\u00edces extranjeras cuando ella misma o uno de los dos progenitores, al nacer, no contaba con pasaporte alem\u00e1n.<\/p>\n<p>&nbsp;<\/p>\n","protected":false},"excerpt":{"rendered":"<p>(dpa) &#8211; En Alemania cada vez vive un mayor n\u00famero de ciudadanos que tiene ra\u00edces extranjeras, inform\u00f3 hoy la Oficina Federal de Estad\u00edstica (Destatis) del pa\u00eds. Seg\u00fan datos del organismo, el 21 por ciento de personas que en 2015 resid\u00edan en la primera econom\u00eda europea eran, o bien extranjeros, o repatriados alemanes tard\u00edos (alemanes nacidos [&hellip;]<\/p>\n","protected":false},"author":1,"featured_media":664428,"comment_status":"closed","ping_status":"closed","sticky":false,"template":"","format":"standard","meta":{"footnotes":""},"categories":[1],"tags":[],"class_list":["post-908229","post","type-post","status-publish","format-standard","has-post-thumbnail","hentry","category-actualidad"],"aioseo_notices":[],"aioseo_head":"\n\t\t<!-- All in One SEO Pro 4.9.6.2 - aioseo.com -->\n\t<meta name=\"description\" content=\"(dpa) - En Alemania cada vez vive un mayor n\u00famero de ciudadanos que tiene ra\u00edces extranjeras, inform\u00f3 hoy la Oficina Federal de Estad\u00edstica (Destatis) del pa\u00eds. Seg\u00fan datos del organismo, el 21 por ciento de personas que en 2015 resid\u00edan en la primera econom\u00eda europea eran, o bien extranjeros, o repatriados alemanes tard\u00edos (alemanes nacidos\" \/>\n\t<meta name=\"robots\" content=\"max-image-preview:large\" \/>\n\t<meta name=\"author\" content=\"El Digital de Asturias\"\/>\n\t<meta name=\"google-site-verification\" content=\"UA-38556648-1\" \/>\n\t<meta name=\"msvalidate.01\" content=\"7dfe9f3f1b24437ab69f4f2559babe99\" \/>\n\t<meta name=\"keywords\" content=\"actualidad\" \/>\n\t<link rel=\"canonical\" href=\"https:\/\/www.eldigitaldeasturias.com\/noticias\/el-21-por-ciento-de-los-residentes-en-alemania-tiene-raices-extranjeras\/\" \/>\n\t<meta name=\"generator\" content=\"All in One SEO Pro (AIOSEO) 4.9.6.2\" \/>\n\t\t<meta property=\"og:locale\" content=\"es_ES\" \/>\n\t\t<meta property=\"og:site_name\" content=\"El Digital de Asturias\" \/>\n\t\t<meta property=\"og:type\" content=\"article\" \/>\n\t\t<meta property=\"og:title\" content=\"El 21 por ciento de los residentes en Alemania tiene ra\u00edces extranjeras - El Digital de Asturias\" \/>\n\t\t<meta property=\"og:description\" content=\"(dpa) - En Alemania cada vez vive un mayor n\u00famero de ciudadanos que tiene ra\u00edces extranjeras, inform\u00f3 hoy la Oficina Federal de Estad\u00edstica (Destatis) del pa\u00eds. Seg\u00fan datos del organismo, el 21 por ciento de personas que en 2015 resid\u00edan en la primera econom\u00eda europea eran, o bien extranjeros, o repatriados alemanes tard\u00edos (alemanes nacidos\" \/>\n\t\t<meta property=\"og:url\" content=\"https:\/\/www.eldigitaldeasturias.com\/noticias\/el-21-por-ciento-de-los-residentes-en-alemania-tiene-raices-extranjeras\/\" \/>\n\t\t<meta property=\"og:image\" content=\"https:\/\/www.eldigitaldeasturias.com\/noticias\/wp-content\/uploads\/2014\/10\/6903887w.jpg\" \/>\n\t\t<meta property=\"og:image:secure_url\" content=\"https:\/\/www.eldigitaldeasturias.com\/noticias\/wp-content\/uploads\/2014\/10\/6903887w.jpg\" \/>\n\t\t<meta property=\"og:image:width\" content=\"800\" \/>\n\t\t<meta property=\"og:image:height\" content=\"629\" \/>\n\t\t<meta property=\"article:tag\" content=\"actualidad\" \/>\n\t\t<meta property=\"article:published_time\" content=\"2016-09-17T20:41:40+00:00\" \/>\n\t\t<meta property=\"article:modified_time\" content=\"2016-09-17T20:41:40+00:00\" \/>\n\t\t<meta property=\"article:publisher\" content=\"https:\/\/facebook.com\/eldigitaldeasturias\" \/>\n\t\t<meta name=\"twitter:card\" content=\"summary_large_image\" \/>\n\t\t<meta name=\"twitter:title\" content=\"El 21 por ciento de los residentes en Alemania tiene ra\u00edces extranjeras - El Digital de Asturias\" \/>\n\t\t<meta name=\"twitter:description\" content=\"(dpa) - En Alemania cada vez vive un mayor n\u00famero de ciudadanos que tiene ra\u00edces extranjeras, inform\u00f3 hoy la Oficina Federal de Estad\u00edstica (Destatis) del pa\u00eds. Seg\u00fan datos del organismo, el 21 por ciento de personas que en 2015 resid\u00edan en la primera econom\u00eda europea eran, o bien extranjeros, o repatriados alemanes tard\u00edos (alemanes nacidos\" \/>\n\t\t<meta name=\"twitter:image\" content=\"https:\/\/www.eldigitaldeasturias.com\/noticias\/wp-content\/uploads\/2014\/10\/6903887w.jpg\" \/>\n\t\t<meta name=\"twitter:label1\" content=\"Escrito por\" \/>\n\t\t<meta name=\"twitter:data1\" content=\"El Digital de Asturias\" \/>\n\t\t<meta name=\"twitter:label2\" content=\"Tiempo de lectura estimado\" \/>\n\t\t<meta name=\"twitter:data2\" content=\"1 minuto\" \/>\n\t\t<script type=\"application\/ld+json\" class=\"aioseo-schema\">\n\t\t\t{\"@context\":\"https:\\\/\\\/schema.org\",\"@graph\":[{\"@type\":\"BlogPosting\",\"@id\":\"https:\\\/\\\/www.eldigitaldeasturias.com\\\/noticias\\\/el-21-por-ciento-de-los-residentes-en-alemania-tiene-raices-extranjeras\\\/#blogposting\",\"name\":\"El 21 por ciento de los residentes en Alemania tiene ra\\u00edces extranjeras - El Digital de Asturias\",\"headline\":\"El 21 por ciento de los residentes en Alemania tiene ra\\u00edces extranjeras\",\"author\":{\"@id\":\"https:\\\/\\\/www.eldigitaldeasturias.com\\\/noticias\\\/author\\\/admin\\\/#author\"},\"publisher\":{\"@id\":\"https:\\\/\\\/www.eldigitaldeasturias.com\\\/noticias\\\/#organization\"},\"image\":{\"@type\":\"ImageObject\",\"url\":\"https:\\\/\\\/www.eldigitaldeasturias.com\\\/noticias\\\/wp-content\\\/uploads\\\/2014\\\/10\\\/6903887w.jpg\",\"width\":800,\"height\":629},\"datePublished\":\"2016-09-17T21:41:40+02:00\",\"dateModified\":\"2016-09-17T21:41:40+02:00\",\"inLanguage\":\"es-ES\",\"mainEntityOfPage\":{\"@id\":\"https:\\\/\\\/www.eldigitaldeasturias.com\\\/noticias\\\/el-21-por-ciento-de-los-residentes-en-alemania-tiene-raices-extranjeras\\\/#webpage\"},\"isPartOf\":{\"@id\":\"https:\\\/\\\/www.eldigitaldeasturias.com\\\/noticias\\\/el-21-por-ciento-de-los-residentes-en-alemania-tiene-raices-extranjeras\\\/#webpage\"},\"articleSection\":\"Actualidad\"},{\"@type\":\"BreadcrumbList\",\"@id\":\"https:\\\/\\\/www.eldigitaldeasturias.com\\\/noticias\\\/el-21-por-ciento-de-los-residentes-en-alemania-tiene-raices-extranjeras\\\/#breadcrumblist\",\"itemListElement\":[{\"@type\":\"ListItem\",\"@id\":\"https:\\\/\\\/www.eldigitaldeasturias.com\\\/noticias#listItem\",\"position\":1,\"name\":\"Home\",\"item\":\"https:\\\/\\\/www.eldigitaldeasturias.com\\\/noticias\",\"nextItem\":{\"@type\":\"ListItem\",\"@id\":\"https:\\\/\\\/www.eldigitaldeasturias.com\\\/noticias\\\/category\\\/actualidad\\\/#listItem\",\"name\":\"Actualidad\"}},{\"@type\":\"ListItem\",\"@id\":\"https:\\\/\\\/www.eldigitaldeasturias.com\\\/noticias\\\/category\\\/actualidad\\\/#listItem\",\"position\":2,\"name\":\"Actualidad\",\"item\":\"https:\\\/\\\/www.eldigitaldeasturias.com\\\/noticias\\\/category\\\/actualidad\\\/\",\"nextItem\":{\"@type\":\"ListItem\",\"@id\":\"https:\\\/\\\/www.eldigitaldeasturias.com\\\/noticias\\\/el-21-por-ciento-de-los-residentes-en-alemania-tiene-raices-extranjeras\\\/#listItem\",\"name\":\"El 21 por ciento de los residentes en Alemania tiene ra\\u00edces extranjeras\"},\"previousItem\":{\"@type\":\"ListItem\",\"@id\":\"https:\\\/\\\/www.eldigitaldeasturias.com\\\/noticias#listItem\",\"name\":\"Home\"}},{\"@type\":\"ListItem\",\"@id\":\"https:\\\/\\\/www.eldigitaldeasturias.com\\\/noticias\\\/el-21-por-ciento-de-los-residentes-en-alemania-tiene-raices-extranjeras\\\/#listItem\",\"position\":3,\"name\":\"El 21 por ciento de los residentes en Alemania tiene ra\\u00edces extranjeras\",\"previousItem\":{\"@type\":\"ListItem\",\"@id\":\"https:\\\/\\\/www.eldigitaldeasturias.com\\\/noticias\\\/category\\\/actualidad\\\/#listItem\",\"name\":\"Actualidad\"}}]},{\"@type\":\"Organization\",\"@id\":\"https:\\\/\\\/www.eldigitaldeasturias.com\\\/noticias\\\/#organization\",\"name\":\"El Digital de Asturias\",\"description\":\"Hemeroteca\",\"url\":\"https:\\\/\\\/www.eldigitaldeasturias.com\\\/noticias\\\/\",\"email\":\"info@eldigitaldeasturias.com\",\"telephone\":\"+34652131393\",\"logo\":{\"@type\":\"ImageObject\",\"url\":\"https:\\\/\\\/www.eldigitaldeasturias.com\\\/noticias\\\/wp-content\\\/uploads\\\/2020\\\/12\\\/EDA.jpg\",\"@id\":\"https:\\\/\\\/www.eldigitaldeasturias.com\\\/noticias\\\/el-21-por-ciento-de-los-residentes-en-alemania-tiene-raices-extranjeras\\\/#organizationLogo\",\"width\":649,\"height\":297},\"image\":{\"@id\":\"https:\\\/\\\/www.eldigitaldeasturias.com\\\/noticias\\\/el-21-por-ciento-de-los-residentes-en-alemania-tiene-raices-extranjeras\\\/#organizationLogo\"},\"sameAs\":[\"https:\\\/\\\/facebook.com\\\/eldigitaldeasturias\",\"https:\\\/\\\/www.youtube.com\\\/channel\\\/UCZP-2wLEB9Rv6erhFmqVnvg\"],\"address\":{\"@id\":\"https:\\\/\\\/www.eldigitaldeasturias.com\\\/noticias\\\/#postaladdress\",\"@type\":\"PostalAddress\",\"streetAddress\":\"san antonio 4,\",\"postalCode\":\"33430\",\"addressLocality\":\"Cand\\u00e1s\",\"addressRegion\":\"Asturias\",\"addressCountry\":\"ES\"}},{\"@type\":\"Person\",\"@id\":\"https:\\\/\\\/www.eldigitaldeasturias.com\\\/noticias\\\/author\\\/admin\\\/#author\",\"url\":\"https:\\\/\\\/www.eldigitaldeasturias.com\\\/noticias\\\/author\\\/admin\\\/\",\"name\":\"El Digital de Asturias\",\"image\":{\"@type\":\"ImageObject\",\"@id\":\"https:\\\/\\\/www.eldigitaldeasturias.com\\\/noticias\\\/el-21-por-ciento-de-los-residentes-en-alemania-tiene-raices-extranjeras\\\/#authorImage\",\"url\":\"https:\\\/\\\/www.eldigitaldeasturias.com\\\/noticias\\\/wp-content\\\/litespeed\\\/avatar\\\/18677e78aa0546b92d9dbf31ec7d7668.jpg?ver=1777290358\",\"width\":96,\"height\":96,\"caption\":\"El Digital de Asturias\"}},{\"@type\":\"WebPage\",\"@id\":\"https:\\\/\\\/www.eldigitaldeasturias.com\\\/noticias\\\/el-21-por-ciento-de-los-residentes-en-alemania-tiene-raices-extranjeras\\\/#webpage\",\"url\":\"https:\\\/\\\/www.eldigitaldeasturias.com\\\/noticias\\\/el-21-por-ciento-de-los-residentes-en-alemania-tiene-raices-extranjeras\\\/\",\"name\":\"El 21 por ciento de los residentes en Alemania tiene ra\\u00edces extranjeras - El Digital de Asturias\",\"description\":\"(dpa) - En Alemania cada vez vive un mayor n\\u00famero de ciudadanos que tiene ra\\u00edces extranjeras, inform\\u00f3 hoy la Oficina Federal de Estad\\u00edstica (Destatis) del pa\\u00eds. Seg\\u00fan datos del organismo, el 21 por ciento de personas que en 2015 resid\\u00edan en la primera econom\\u00eda europea eran, o bien extranjeros, o repatriados alemanes tard\\u00edos (alemanes nacidos\",\"inLanguage\":\"es-ES\",\"isPartOf\":{\"@id\":\"https:\\\/\\\/www.eldigitaldeasturias.com\\\/noticias\\\/#website\"},\"breadcrumb\":{\"@id\":\"https:\\\/\\\/www.eldigitaldeasturias.com\\\/noticias\\\/el-21-por-ciento-de-los-residentes-en-alemania-tiene-raices-extranjeras\\\/#breadcrumblist\"},\"author\":{\"@id\":\"https:\\\/\\\/www.eldigitaldeasturias.com\\\/noticias\\\/author\\\/admin\\\/#author\"},\"creator\":{\"@id\":\"https:\\\/\\\/www.eldigitaldeasturias.com\\\/noticias\\\/author\\\/admin\\\/#author\"},\"image\":{\"@type\":\"ImageObject\",\"url\":\"https:\\\/\\\/www.eldigitaldeasturias.com\\\/noticias\\\/wp-content\\\/uploads\\\/2014\\\/10\\\/6903887w.jpg\",\"@id\":\"https:\\\/\\\/www.eldigitaldeasturias.com\\\/noticias\\\/el-21-por-ciento-de-los-residentes-en-alemania-tiene-raices-extranjeras\\\/#mainImage\",\"width\":800,\"height\":629},\"primaryImageOfPage\":{\"@id\":\"https:\\\/\\\/www.eldigitaldeasturias.com\\\/noticias\\\/el-21-por-ciento-de-los-residentes-en-alemania-tiene-raices-extranjeras\\\/#mainImage\"},\"datePublished\":\"2016-09-17T21:41:40+02:00\",\"dateModified\":\"2016-09-17T21:41:40+02:00\"},{\"@type\":\"WebSite\",\"@id\":\"https:\\\/\\\/www.eldigitaldeasturias.com\\\/noticias\\\/#website\",\"url\":\"https:\\\/\\\/www.eldigitaldeasturias.com\\\/noticias\\\/\",\"name\":\"El Digital de Asturias - Diario de actualidad y noticias\",\"alternateName\":\"El Digital de Asturias - Diario de actualidad y noticias\",\"description\":\"Hemeroteca\",\"inLanguage\":\"es-ES\",\"publisher\":{\"@id\":\"https:\\\/\\\/www.eldigitaldeasturias.com\\\/noticias\\\/#organization\"}}]}\n\t\t<\/script>\n\t\t<!-- All in One SEO Pro -->\r\n\t\t<title>El 21 por ciento de los residentes en Alemania tiene ra\u00edces extranjeras - El Digital de Asturias<\/title>\n\n","aioseo_head_json":{"title":"El 21 por ciento de los residentes en Alemania tiene ra\u00edces extranjeras - El Digital de Asturias","description":"(dpa) - En Alemania cada vez vive un mayor n\u00famero de ciudadanos que tiene ra\u00edces extranjeras, inform\u00f3 hoy la Oficina Federal de Estad\u00edstica (Destatis) del pa\u00eds. Seg\u00fan datos del organismo, el 21 por ciento de personas que en 2015 resid\u00edan en la primera econom\u00eda europea eran, o bien extranjeros, o repatriados alemanes tard\u00edos (alemanes nacidos","canonical_url":"https:\/\/www.eldigitaldeasturias.com\/noticias\/el-21-por-ciento-de-los-residentes-en-alemania-tiene-raices-extranjeras\/","robots":"max-image-preview:large","keywords":"actualidad","webmasterTools":{"google-site-verification":"UA-38556648-1","msvalidate.01":"7dfe9f3f1b24437ab69f4f2559babe99","miscellaneous":""},"schema":{"@context":"https:\/\/schema.org","@graph":[{"@type":"BlogPosting","@id":"https:\/\/www.eldigitaldeasturias.com\/noticias\/el-21-por-ciento-de-los-residentes-en-alemania-tiene-raices-extranjeras\/#blogposting","name":"El 21 por ciento de los residentes en Alemania tiene ra\u00edces extranjeras - El Digital de Asturias","headline":"El 21 por ciento de los residentes en Alemania tiene ra\u00edces extranjeras","author":{"@id":"https:\/\/www.eldigitaldeasturias.com\/noticias\/author\/admin\/#author"},"publisher":{"@id":"https:\/\/www.eldigitaldeasturias.com\/noticias\/#organization"},"image":{"@type":"ImageObject","url":"https:\/\/www.eldigitaldeasturias.com\/noticias\/wp-content\/uploads\/2014\/10\/6903887w.jpg","width":800,"height":629},"datePublished":"2016-09-17T21:41:40+02:00","dateModified":"2016-09-17T21:41:40+02:00","inLanguage":"es-ES","mainEntityOfPage":{"@id":"https:\/\/www.eldigitaldeasturias.com\/noticias\/el-21-por-ciento-de-los-residentes-en-alemania-tiene-raices-extranjeras\/#webpage"},"isPartOf":{"@id":"https:\/\/www.eldigitaldeasturias.com\/noticias\/el-21-por-ciento-de-los-residentes-en-alemania-tiene-raices-extranjeras\/#webpage"},"articleSection":"Actualidad"},{"@type":"BreadcrumbList","@id":"https:\/\/www.eldigitaldeasturias.com\/noticias\/el-21-por-ciento-de-los-residentes-en-alemania-tiene-raices-extranjeras\/#breadcrumblist","itemListElement":[{"@type":"ListItem","@id":"https:\/\/www.eldigitaldeasturias.com\/noticias#listItem","position":1,"name":"Home","item":"https:\/\/www.eldigitaldeasturias.com\/noticias","nextItem":{"@type":"ListItem","@id":"https:\/\/www.eldigitaldeasturias.com\/noticias\/category\/actualidad\/#listItem","name":"Actualidad"}},{"@type":"ListItem","@id":"https:\/\/www.eldigitaldeasturias.com\/noticias\/category\/actualidad\/#listItem","position":2,"name":"Actualidad","item":"https:\/\/www.eldigitaldeasturias.com\/noticias\/category\/actualidad\/","nextItem":{"@type":"ListItem","@id":"https:\/\/www.eldigitaldeasturias.com\/noticias\/el-21-por-ciento-de-los-residentes-en-alemania-tiene-raices-extranjeras\/#listItem","name":"El 21 por ciento de los residentes en Alemania tiene ra\u00edces extranjeras"},"previousItem":{"@type":"ListItem","@id":"https:\/\/www.eldigitaldeasturias.com\/noticias#listItem","name":"Home"}},{"@type":"ListItem","@id":"https:\/\/www.eldigitaldeasturias.com\/noticias\/el-21-por-ciento-de-los-residentes-en-alemania-tiene-raices-extranjeras\/#listItem","position":3,"name":"El 21 por ciento de los residentes en Alemania tiene ra\u00edces extranjeras","previousItem":{"@type":"ListItem","@id":"https:\/\/www.eldigitaldeasturias.com\/noticias\/category\/actualidad\/#listItem","name":"Actualidad"}}]},{"@type":"Organization","@id":"https:\/\/www.eldigitaldeasturias.com\/noticias\/#organization","name":"El Digital de Asturias","description":"Hemeroteca","url":"https:\/\/www.eldigitaldeasturias.com\/noticias\/","email":"info@eldigitaldeasturias.com","telephone":"+34652131393","logo":{"@type":"ImageObject","url":"https:\/\/www.eldigitaldeasturias.com\/noticias\/wp-content\/uploads\/2020\/12\/EDA.jpg","@id":"https:\/\/www.eldigitaldeasturias.com\/noticias\/el-21-por-ciento-de-los-residentes-en-alemania-tiene-raices-extranjeras\/#organizationLogo","width":649,"height":297},"image":{"@id":"https:\/\/www.eldigitaldeasturias.com\/noticias\/el-21-por-ciento-de-los-residentes-en-alemania-tiene-raices-extranjeras\/#organizationLogo"},"sameAs":["https:\/\/facebook.com\/eldigitaldeasturias","https:\/\/www.youtube.com\/channel\/UCZP-2wLEB9Rv6erhFmqVnvg"],"address":{"@id":"https:\/\/www.eldigitaldeasturias.com\/noticias\/#postaladdress","@type":"PostalAddress","streetAddress":"san antonio 4,","postalCode":"33430","addressLocality":"Cand\u00e1s","addressRegion":"Asturias","addressCountry":"ES"}},{"@type":"Person","@id":"https:\/\/www.eldigitaldeasturias.com\/noticias\/author\/admin\/#author","url":"https:\/\/www.eldigitaldeasturias.com\/noticias\/author\/admin\/","name":"El Digital de Asturias","image":{"@type":"ImageObject","@id":"https:\/\/www.eldigitaldeasturias.com\/noticias\/el-21-por-ciento-de-los-residentes-en-alemania-tiene-raices-extranjeras\/#authorImage","url":"https:\/\/www.eldigitaldeasturias.com\/noticias\/wp-content\/litespeed\/avatar\/18677e78aa0546b92d9dbf31ec7d7668.jpg?ver=1777290358","width":96,"height":96,"caption":"El Digital de Asturias"}},{"@type":"WebPage","@id":"https:\/\/www.eldigitaldeasturias.com\/noticias\/el-21-por-ciento-de-los-residentes-en-alemania-tiene-raices-extranjeras\/#webpage","url":"https:\/\/www.eldigitaldeasturias.com\/noticias\/el-21-por-ciento-de-los-residentes-en-alemania-tiene-raices-extranjeras\/","name":"El 21 por ciento de los residentes en Alemania tiene ra\u00edces extranjeras - El Digital de Asturias","description":"(dpa) - En Alemania cada vez vive un mayor n\u00famero de ciudadanos que tiene ra\u00edces extranjeras, inform\u00f3 hoy la Oficina Federal de Estad\u00edstica (Destatis) del pa\u00eds. Seg\u00fan datos del organismo, el 21 por ciento de personas que en 2015 resid\u00edan en la primera econom\u00eda europea eran, o bien extranjeros, o repatriados alemanes tard\u00edos (alemanes nacidos","inLanguage":"es-ES","isPartOf":{"@id":"https:\/\/www.eldigitaldeasturias.com\/noticias\/#website"},"breadcrumb":{"@id":"https:\/\/www.eldigitaldeasturias.com\/noticias\/el-21-por-ciento-de-los-residentes-en-alemania-tiene-raices-extranjeras\/#breadcrumblist"},"author":{"@id":"https:\/\/www.eldigitaldeasturias.com\/noticias\/author\/admin\/#author"},"creator":{"@id":"https:\/\/www.eldigitaldeasturias.com\/noticias\/author\/admin\/#author"},"image":{"@type":"ImageObject","url":"https:\/\/www.eldigitaldeasturias.com\/noticias\/wp-content\/uploads\/2014\/10\/6903887w.jpg","@id":"https:\/\/www.eldigitaldeasturias.com\/noticias\/el-21-por-ciento-de-los-residentes-en-alemania-tiene-raices-extranjeras\/#mainImage","width":800,"height":629},"primaryImageOfPage":{"@id":"https:\/\/www.eldigitaldeasturias.com\/noticias\/el-21-por-ciento-de-los-residentes-en-alemania-tiene-raices-extranjeras\/#mainImage"},"datePublished":"2016-09-17T21:41:40+02:00","dateModified":"2016-09-17T21:41:40+02:00"},{"@type":"WebSite","@id":"https:\/\/www.eldigitaldeasturias.com\/noticias\/#website","url":"https:\/\/www.eldigitaldeasturias.com\/noticias\/","name":"El Digital de Asturias - Diario de actualidad y noticias","alternateName":"El Digital de Asturias - Diario de actualidad y noticias","description":"Hemeroteca","inLanguage":"es-ES","publisher":{"@id":"https:\/\/www.eldigitaldeasturias.com\/noticias\/#organization"}}]},"og:locale":"es_ES","og:site_name":"El Digital de Asturias","og:type":"article","og:title":"El 21 por ciento de los residentes en Alemania tiene ra\u00edces extranjeras - El Digital de Asturias","og:description":"(dpa) - En Alemania cada vez vive un mayor n\u00famero de ciudadanos que tiene ra\u00edces extranjeras, inform\u00f3 hoy la Oficina Federal de Estad\u00edstica (Destatis) del pa\u00eds. Seg\u00fan datos del organismo, el 21 por ciento de personas que en 2015 resid\u00edan en la primera econom\u00eda europea eran, o bien extranjeros, o repatriados alemanes tard\u00edos (alemanes nacidos","og:url":"https:\/\/www.eldigitaldeasturias.com\/noticias\/el-21-por-ciento-de-los-residentes-en-alemania-tiene-raices-extranjeras\/","og:image":"https:\/\/www.eldigitaldeasturias.com\/noticias\/wp-content\/uploads\/2014\/10\/6903887w.jpg","og:image:secure_url":"https:\/\/www.eldigitaldeasturias.com\/noticias\/wp-content\/uploads\/2014\/10\/6903887w.jpg","og:image:width":800,"og:image:height":629,"article:tag":["actualidad"],"article:published_time":"2016-09-17T20:41:40+00:00","article:modified_time":"2016-09-17T20:41:40+00:00","article:publisher":"https:\/\/facebook.com\/eldigitaldeasturias","twitter:card":"summary_large_image","twitter:title":"El 21 por ciento de los residentes en Alemania tiene ra\u00edces extranjeras - El Digital de Asturias","twitter:description":"(dpa) - En Alemania cada vez vive un mayor n\u00famero de ciudadanos que tiene ra\u00edces extranjeras, inform\u00f3 hoy la Oficina Federal de Estad\u00edstica (Destatis) del pa\u00eds. Seg\u00fan datos del organismo, el 21 por ciento de personas que en 2015 resid\u00edan en la primera econom\u00eda europea eran, o bien extranjeros, o repatriados alemanes tard\u00edos (alemanes nacidos","twitter:image":"https:\/\/www.eldigitaldeasturias.com\/noticias\/wp-content\/uploads\/2014\/10\/6903887w.jpg","twitter:label1":"Escrito por","twitter:data1":"El Digital de Asturias","twitter:label2":"Tiempo de lectura estimado","twitter:data2":"1 minuto"},"aioseo_meta_data":{"post_id":"908229","title":null,"description":null,"keywords":null,"keyphrases":null,"primary_term":null,"canonical_url":null,"og_title":null,"og_description":null,"og_object_type":"default","og_image_type":"default","og_image_url":null,"og_image_width":null,"og_image_height":null,"og_image_custom_url":null,"og_image_custom_fields":null,"og_video":null,"og_custom_url":null,"og_article_section":null,"og_article_tags":null,"twitter_use_og":false,"twitter_card":"default","twitter_image_type":"default","twitter_image_url":null,"twitter_image_custom_url":null,"twitter_image_custom_fields":null,"twitter_title":null,"twitter_description":null,"schema":{"blockGraphs":[],"customGraphs":[],"default":{"data":{"Article":[],"Course":[],"Dataset":[],"FAQPage":[],"Movie":[],"Person":[],"Product":[],"ProductReview":[],"Car":[],"Recipe":[],"Service":[],"SoftwareApplication":[],"WebPage":[]},"graphName":"","isEnabled":true},"graphs":[],"defaultGraph":"","defaultPostTypeGraph":""},"schema_type":null,"schema_type_options":null,"pillar_content":false,"robots_default":true,"robots_noindex":false,"robots_noarchive":false,"robots_nosnippet":false,"robots_nofollow":false,"robots_noimageindex":false,"robots_noodp":false,"robots_notranslate":false,"robots_max_snippet":null,"robots_max_videopreview":null,"robots_max_imagepreview":"large","priority":null,"frequency":null,"local_seo":null,"seo_analyzer_scan_date":"2025-11-30 15:22:13","breadcrumb_settings":null,"limit_modified_date":false,"open_ai":null,"ai":null,"created":"2020-12-21 14:00:17","updated":"2025-11-30 15:22:13"},"aioseo_breadcrumb":"<div class=\"aioseo-breadcrumbs\"><span class=\"aioseo-breadcrumb\">\n\t<a href=\"https:\/\/www.eldigitaldeasturias.com\/noticias\" title=\"Home\">Home<\/a>\n<\/span><span class=\"aioseo-breadcrumb-separator\">\u2013<\/span><span class=\"aioseo-breadcrumb\">\n\t<a href=\"https:\/\/www.eldigitaldeasturias.com\/noticias\/category\/actualidad\/\" title=\"Actualidad\">Actualidad<\/a>\n<\/span><span class=\"aioseo-breadcrumb-separator\">\u2013<\/span><span class=\"aioseo-breadcrumb\">\n\t<a href=\"https:\/\/www.eldigitaldeasturias.com\/noticias\/el-21-por-ciento-de-los-residentes-en-alemania-tiene-raices-extranjeras\/\" title=\"El 21 por ciento de los residentes en Alemania tiene ra\u00edces extranjeras\">El 21 por ciento de los residentes en Alemania tiene ra\u00edces extranjeras<\/a>\n<\/span><\/div>","aioseo_breadcrumb_json":[{"label":"Home","link":"https:\/\/www.eldigitaldeasturias.com\/noticias"},{"label":"Actualidad","link":"https:\/\/www.eldigitaldeasturias.com\/noticias\/category\/actualidad\/"},{"label":"El 21 por ciento de los residentes en Alemania tiene ra\u00edces extranjeras","link":"https:\/\/www.eldigitaldeasturias.com\/noticias\/el-21-por-ciento-de-los-residentes-en-alemania-tiene-raices-extranjeras\/"}],"_links":{"self":[{"href":"https:\/\/www.eldigitaldeasturias.com\/noticias\/wp-json\/wp\/v2\/posts\/908229","targetHints":{"allow":["GET"]}}],"collection":[{"href":"https:\/\/www.eldigitaldeasturias.com\/noticias\/wp-json\/wp\/v2\/posts"}],"about":[{"href":"https:\/\/www.eldigitaldeasturias.com\/noticias\/wp-json\/wp\/v2\/types\/post"}],"author":[{"embeddable":true,"href":"https:\/\/www.eldigitaldeasturias.com\/noticias\/wp-json\/wp\/v2\/users\/1"}],"replies":[{"embeddable":true,"href":"https:\/\/www.eldigitaldeasturias.com\/noticias\/wp-json\/wp\/v2\/comments?post=908229"}],"version-history":[{"count":0,"href":"https:\/\/www.eldigitaldeasturias.com\/noticias\/wp-json\/wp\/v2\/posts\/908229\/revisions"}],"wp:featuredmedia":[{"embeddable":true,"href":"https:\/\/www.eldigitaldeasturias.com\/noticias\/wp-json\/wp\/v2\/media\/664428"}],"wp:attachment":[{"href":"https:\/\/www.eldigitaldeasturias.com\/noticias\/wp-json\/wp\/v2\/media?parent=908229"}],"wp:term":[{"taxonomy":"category","embeddable":true,"href":"https:\/\/www.eldigitaldeasturias.com\/noticias\/wp-json\/wp\/v2\/categories?post=908229"},{"taxonomy":"post_tag","embeddable":true,"href":"https:\/\/www.eldigitaldeasturias.com\/noticias\/wp-json\/wp\/v2\/tags?post=908229"}],"curies":[{"name":"wp","href":"https:\/\/api.w.org\/{rel}","templated":true}]}}