{"id":908222,"date":"2016-09-17T20:07:44","date_gmt":"2016-09-17T19:07:44","guid":{"rendered":"http:\/\/www.eldigitaldeasturias.com\/noticias\/?p=908222"},"modified":"2016-09-17T20:59:09","modified_gmt":"2016-09-17T19:59:09","slug":"los-retos-de-los-coches-electricos","status":"publish","type":"post","link":"https:\/\/www.eldigitaldeasturias.com\/noticias\/los-retos-de-los-coches-electricos\/","title":{"rendered":"Los retos de los coches el\u00e9ctricos"},"content":{"rendered":"<p><img loading=\"lazy\" decoding=\"async\" class=\"alignleft size-medium wp-image-818649\" src=\"https:\/\/www.eldigitaldeasturias.com\/noticias\/wp-content\/uploads\/2015\/10\/CARRETERA-360x239.jpg\" alt=\"CARRETERA\" width=\"360\" height=\"239\" srcset=\"https:\/\/www.eldigitaldeasturias.com\/noticias\/wp-content\/uploads\/2015\/10\/CARRETERA-360x239.jpg 360w, https:\/\/www.eldigitaldeasturias.com\/noticias\/wp-content\/uploads\/2015\/10\/CARRETERA-768x511.jpg 768w, https:\/\/www.eldigitaldeasturias.com\/noticias\/wp-content\/uploads\/2015\/10\/CARRETERA-650x432.jpg 650w, https:\/\/www.eldigitaldeasturias.com\/noticias\/wp-content\/uploads\/2015\/10\/CARRETERA.jpg 800w\" sizes=\"auto, (max-width: 360px) 100vw, 360px\" \/>Si nos dejamos llevar por el entusiasmo dado el incesante goteo de informaci\u00f3n sobre los coches aut\u00f3nomos, cualquiera dir\u00eda que la pr\u00f3xima semana mismo tendremos nuestras carreteras llenos de ellos. La realidad es bien distinta, a pesar de que la industria acelera a buen ritmo en la implantaci\u00f3n de las tecnolog\u00edas necesarias para que nuestros veh\u00edculos circulen por si mismos, existen otros factores igual de importantes que hay que superar. Temas no tan bonitos, profundos, toscos, serios e interesantes, pero que est\u00e1n ah\u00ed y se discutieron en la reciente edici\u00f3n del Ford SYNC AppLink.<\/p>\n<p>Para empezar, la sociedad va a cambiar mucho de aqu\u00ed a cinco a\u00f1os -fecha que toda la industria marca para la llegada masiva del transporte del futuro-, y con ella toda la industria. La ingente migraci\u00f3n de la poblaci\u00f3n mundial a los grandes n\u00facleos urbanos hace que la creaci\u00f3n de las smarticites ciudades sostenibles que repartan los recursos limitados de una forma m\u00e1s eficiente sea fundamental. Que haya m\u00e1s personas en las grandes ciudades significar\u00e1 que la flota de veh\u00edculos tambi\u00e9n aumentar\u00e1. Y muchos pensar\u00e1n ahora mismo: \u00absi ahora tengo que aguantar un atasco de una hora para ir al trabajo, \u00bfqu\u00e9 ocurrir\u00e1 en unos a\u00f1os?\u00bb La renovaci\u00f3n de buena parte de las carreteras, autopistas, puentes y parkings de cada pa\u00eds es algo que no es discutible, una importante barrera a salvar debido al alto coste que supondr\u00e1 a los Gobiernos.<\/p>\n<p>Tampoco nadie nos asegura que la concienciaci\u00f3n ciudadana con el medio ambiente, la contaminaci\u00f3n, etc., afecte de forma importante a los transportes. En los pa\u00edses del norte de Europa, uno de los principales medios de transporte es la bicicleta, una industria que gracias a la aparici\u00f3n de nuevas startups est\u00e1 creciendo r\u00e1pidamente. En el resto de grandes ciudades se incentiva la utilizaci\u00f3n de los transportes p\u00fablicos como buses o metros para descongestionar de veh\u00edculos. Entonces, \u00bftiene sentido esta inversi\u00f3n de la industria por el aut\u00f3nomo en veh\u00edculos particulares?<\/p>\n<p><strong>\u00bfQui\u00e9n es el responsable legal de un accidente de tr\u00e1fico?<\/strong><\/p>\n<p>El marco legislativo est\u00e1 en susinicios. Y viendo lo que algunos Gobiernos tardan en tomar decisiones simples, transformaciones de este tipo se antojan bastante complejas. Sin ir m\u00e1s lejos, si es nuestro veh\u00edculo el que conduce solo, \u00bfqui\u00e9n es el responsable legal de un accidente de tr\u00e1fico? A simple vista parecer\u00eda que el conductor, ahora pasajero, no deber\u00eda tener ninguna responsabilidad. De ser as\u00ed, \u00bftendr\u00edan las marcas que cargar con la culpa de los accidentes? Y si estos son graves, \u00bfqu\u00e9 ocurrir\u00eda con la imagen de cada una de las marcas?. En definitiva, la regulaci\u00f3n ahora mismo es inexistente y tendr\u00e1 que ser creada con urgencia teniendo en cuenta los retos de la conducci\u00f3n aut\u00f3noma. Esto afectar\u00e1 de forma diferente a cada pa\u00eds y todo ello sin saber si se crear\u00e1n nuevas entidades especializadas en los coches aut\u00f3nomos.<\/p>\n<p>Oh Dios del 5G! A ti te est\u00e1bamos esperando. Sin las nuevas velocidades de conexi\u00f3n 5G &#8211; unas 25 veces m\u00e1s r\u00e1pidas que el actual 4G- la llegada del veh\u00edculo aut\u00f3nomo no ser\u00edan m\u00e1s que diminutos destellos en un universo oscuro. Alguna marca como Uber lo implantar\u00eda en su servicio de transporte por ejemplo, pero ninguna cosas de masas. Recientemente la Comisi\u00f3n de la Uni\u00f3n Europea anunci\u00f3 que para 2020 todas las ciudades europeas dispondr\u00edan de Wi-Fi gratuito, y la industria de las telecomunicaciones con actores como Intel, Vodafone, Telef\u00f3nica, Ericsson, Huawei o Samsung, aseguran que 2020 ser\u00e1 el a\u00f1o de la implantaci\u00f3n masiva de esta nueva y cara tecnolog\u00eda. La clave del 5G para los veh\u00edculos aut\u00f3nomos no se centra tanto en la velocidad de conexi\u00f3n sino en su bajada de latencia, esto es, una mejor comunicaci\u00f3n entre los coches en la carretera.<\/p>\n<p>Por \u00faltimo, y no por ello menos importante, la necesidad de que la sociedad entienda c\u00f3mo funciona la tecnolog\u00eda. Que todos sean nativos digitales. Para que una persona que est\u00e9 pensando en comprarse un veh\u00edculo aut\u00f3nomo, deposite no solo su dinero sino su propia seguridad en un sistema que conduzca por \u00e9l, al menos tiene que entender su funcionamiento. Es clave que la educaci\u00f3n en nuevas tecnolog\u00edas nos afecte a todos, independientemente de la edad. Que sea mediante la comprensi\u00f3n de la misma, la toma de decisiones de apostar por un veh\u00edculo aut\u00f3nomo o seguir con lo conocido hasta el momento.<\/p>\n<p><strong><em>El contenido de este texto fue publicado primero en la web de Hypertextual<\/em><\/strong><\/p>\n<p>FUENTE COMUNICAE<\/p>\n<p>&nbsp;<\/p>\n","protected":false},"excerpt":{"rendered":"<p>Si nos dejamos llevar por el entusiasmo dado el incesante goteo de informaci\u00f3n sobre los coches aut\u00f3nomos, cualquiera dir\u00eda que la pr\u00f3xima semana mismo tendremos nuestras carreteras llenos de ellos. La realidad es bien distinta, a pesar de que la industria acelera a buen ritmo en la implantaci\u00f3n de las tecnolog\u00edas necesarias para que nuestros [&hellip;]<\/p>\n","protected":false},"author":1,"featured_media":818649,"comment_status":"closed","ping_status":"closed","sticky":false,"template":"","format":"standard","meta":{"footnotes":""},"categories":[1],"tags":[],"class_list":["post-908222","post","type-post","status-publish","format-standard","has-post-thumbnail","hentry","category-actualidad"],"aioseo_notices":[],"aioseo_head":"\n\t\t<!-- All in One SEO Pro 4.9.6.2 - aioseo.com -->\n\t<meta name=\"description\" content=\"Si nos dejamos llevar por el entusiasmo dado el incesante goteo de informaci\u00f3n sobre los coches aut\u00f3nomos, cualquiera dir\u00eda que la pr\u00f3xima semana mismo tendremos nuestras carreteras llenos de ellos. La realidad es bien distinta, a pesar de que la industria acelera a buen ritmo en la implantaci\u00f3n de las tecnolog\u00edas necesarias para que nuestros\" \/>\n\t<meta name=\"robots\" content=\"max-image-preview:large\" \/>\n\t<meta name=\"author\" content=\"El Digital de Asturias\"\/>\n\t<meta name=\"google-site-verification\" content=\"UA-38556648-1\" \/>\n\t<meta name=\"msvalidate.01\" content=\"7dfe9f3f1b24437ab69f4f2559babe99\" \/>\n\t<meta name=\"keywords\" content=\"actualidad\" \/>\n\t<link rel=\"canonical\" href=\"https:\/\/www.eldigitaldeasturias.com\/noticias\/los-retos-de-los-coches-electricos\/\" \/>\n\t<meta name=\"generator\" content=\"All in One SEO Pro (AIOSEO) 4.9.6.2\" \/>\n\t\t<meta property=\"og:locale\" content=\"es_ES\" \/>\n\t\t<meta property=\"og:site_name\" content=\"El Digital de Asturias\" \/>\n\t\t<meta property=\"og:type\" content=\"article\" \/>\n\t\t<meta property=\"og:title\" content=\"Los retos de los coches el\u00e9ctricos - El Digital de Asturias\" \/>\n\t\t<meta property=\"og:description\" content=\"Si nos dejamos llevar por el entusiasmo dado el incesante goteo de informaci\u00f3n sobre los coches aut\u00f3nomos, cualquiera dir\u00eda que la pr\u00f3xima semana mismo tendremos nuestras carreteras llenos de ellos. La realidad es bien distinta, a pesar de que la industria acelera a buen ritmo en la implantaci\u00f3n de las tecnolog\u00edas necesarias para que nuestros\" \/>\n\t\t<meta property=\"og:url\" content=\"https:\/\/www.eldigitaldeasturias.com\/noticias\/los-retos-de-los-coches-electricos\/\" \/>\n\t\t<meta property=\"og:image\" content=\"https:\/\/www.eldigitaldeasturias.com\/noticias\/wp-content\/uploads\/2015\/10\/CARRETERA.jpg\" \/>\n\t\t<meta property=\"og:image:secure_url\" content=\"https:\/\/www.eldigitaldeasturias.com\/noticias\/wp-content\/uploads\/2015\/10\/CARRETERA.jpg\" \/>\n\t\t<meta property=\"og:image:width\" content=\"800\" \/>\n\t\t<meta property=\"og:image:height\" content=\"532\" \/>\n\t\t<meta property=\"article:tag\" content=\"actualidad\" \/>\n\t\t<meta property=\"article:published_time\" content=\"2016-09-17T19:07:44+00:00\" \/>\n\t\t<meta property=\"article:modified_time\" content=\"2016-09-17T19:59:09+00:00\" \/>\n\t\t<meta property=\"article:publisher\" content=\"https:\/\/facebook.com\/eldigitaldeasturias\" \/>\n\t\t<meta name=\"twitter:card\" content=\"summary_large_image\" \/>\n\t\t<meta name=\"twitter:title\" content=\"Los retos de los coches el\u00e9ctricos - El Digital de Asturias\" \/>\n\t\t<meta name=\"twitter:description\" content=\"Si nos dejamos llevar por el entusiasmo dado el incesante goteo de informaci\u00f3n sobre los coches aut\u00f3nomos, cualquiera dir\u00eda que la pr\u00f3xima semana mismo tendremos nuestras carreteras llenos de ellos. La realidad es bien distinta, a pesar de que la industria acelera a buen ritmo en la implantaci\u00f3n de las tecnolog\u00edas necesarias para que nuestros\" \/>\n\t\t<meta name=\"twitter:image\" content=\"https:\/\/www.eldigitaldeasturias.com\/noticias\/wp-content\/uploads\/2015\/10\/CARRETERA.jpg\" \/>\n\t\t<meta name=\"twitter:label1\" content=\"Escrito por\" \/>\n\t\t<meta name=\"twitter:data1\" content=\"El Digital de Asturias\" \/>\n\t\t<meta name=\"twitter:label2\" content=\"Tiempo de lectura estimado\" \/>\n\t\t<meta name=\"twitter:data2\" content=\"4 minutos\" \/>\n\t\t<script type=\"application\/ld+json\" class=\"aioseo-schema\">\n\t\t\t{\"@context\":\"https:\\\/\\\/schema.org\",\"@graph\":[{\"@type\":\"BlogPosting\",\"@id\":\"https:\\\/\\\/www.eldigitaldeasturias.com\\\/noticias\\\/los-retos-de-los-coches-electricos\\\/#blogposting\",\"name\":\"Los retos de los coches el\\u00e9ctricos - El Digital de Asturias\",\"headline\":\"Los retos de los coches el\\u00e9ctricos\",\"author\":{\"@id\":\"https:\\\/\\\/www.eldigitaldeasturias.com\\\/noticias\\\/author\\\/admin\\\/#author\"},\"publisher\":{\"@id\":\"https:\\\/\\\/www.eldigitaldeasturias.com\\\/noticias\\\/#organization\"},\"image\":{\"@type\":\"ImageObject\",\"url\":\"https:\\\/\\\/www.eldigitaldeasturias.com\\\/noticias\\\/wp-content\\\/uploads\\\/2015\\\/10\\\/CARRETERA.jpg\",\"width\":800,\"height\":532},\"datePublished\":\"2016-09-17T20:07:44+02:00\",\"dateModified\":\"2016-09-17T20:59:09+02:00\",\"inLanguage\":\"es-ES\",\"mainEntityOfPage\":{\"@id\":\"https:\\\/\\\/www.eldigitaldeasturias.com\\\/noticias\\\/los-retos-de-los-coches-electricos\\\/#webpage\"},\"isPartOf\":{\"@id\":\"https:\\\/\\\/www.eldigitaldeasturias.com\\\/noticias\\\/los-retos-de-los-coches-electricos\\\/#webpage\"},\"articleSection\":\"Actualidad\"},{\"@type\":\"BreadcrumbList\",\"@id\":\"https:\\\/\\\/www.eldigitaldeasturias.com\\\/noticias\\\/los-retos-de-los-coches-electricos\\\/#breadcrumblist\",\"itemListElement\":[{\"@type\":\"ListItem\",\"@id\":\"https:\\\/\\\/www.eldigitaldeasturias.com\\\/noticias#listItem\",\"position\":1,\"name\":\"Home\",\"item\":\"https:\\\/\\\/www.eldigitaldeasturias.com\\\/noticias\",\"nextItem\":{\"@type\":\"ListItem\",\"@id\":\"https:\\\/\\\/www.eldigitaldeasturias.com\\\/noticias\\\/category\\\/actualidad\\\/#listItem\",\"name\":\"Actualidad\"}},{\"@type\":\"ListItem\",\"@id\":\"https:\\\/\\\/www.eldigitaldeasturias.com\\\/noticias\\\/category\\\/actualidad\\\/#listItem\",\"position\":2,\"name\":\"Actualidad\",\"item\":\"https:\\\/\\\/www.eldigitaldeasturias.com\\\/noticias\\\/category\\\/actualidad\\\/\",\"nextItem\":{\"@type\":\"ListItem\",\"@id\":\"https:\\\/\\\/www.eldigitaldeasturias.com\\\/noticias\\\/los-retos-de-los-coches-electricos\\\/#listItem\",\"name\":\"Los retos de los coches el\\u00e9ctricos\"},\"previousItem\":{\"@type\":\"ListItem\",\"@id\":\"https:\\\/\\\/www.eldigitaldeasturias.com\\\/noticias#listItem\",\"name\":\"Home\"}},{\"@type\":\"ListItem\",\"@id\":\"https:\\\/\\\/www.eldigitaldeasturias.com\\\/noticias\\\/los-retos-de-los-coches-electricos\\\/#listItem\",\"position\":3,\"name\":\"Los retos de los coches el\\u00e9ctricos\",\"previousItem\":{\"@type\":\"ListItem\",\"@id\":\"https:\\\/\\\/www.eldigitaldeasturias.com\\\/noticias\\\/category\\\/actualidad\\\/#listItem\",\"name\":\"Actualidad\"}}]},{\"@type\":\"Organization\",\"@id\":\"https:\\\/\\\/www.eldigitaldeasturias.com\\\/noticias\\\/#organization\",\"name\":\"El Digital de Asturias\",\"description\":\"Hemeroteca\",\"url\":\"https:\\\/\\\/www.eldigitaldeasturias.com\\\/noticias\\\/\",\"email\":\"info@eldigitaldeasturias.com\",\"telephone\":\"+34652131393\",\"logo\":{\"@type\":\"ImageObject\",\"url\":\"https:\\\/\\\/www.eldigitaldeasturias.com\\\/noticias\\\/wp-content\\\/uploads\\\/2020\\\/12\\\/EDA.jpg\",\"@id\":\"https:\\\/\\\/www.eldigitaldeasturias.com\\\/noticias\\\/los-retos-de-los-coches-electricos\\\/#organizationLogo\",\"width\":649,\"height\":297},\"image\":{\"@id\":\"https:\\\/\\\/www.eldigitaldeasturias.com\\\/noticias\\\/los-retos-de-los-coches-electricos\\\/#organizationLogo\"},\"sameAs\":[\"https:\\\/\\\/facebook.com\\\/eldigitaldeasturias\",\"https:\\\/\\\/www.youtube.com\\\/channel\\\/UCZP-2wLEB9Rv6erhFmqVnvg\"],\"address\":{\"@id\":\"https:\\\/\\\/www.eldigitaldeasturias.com\\\/noticias\\\/#postaladdress\",\"@type\":\"PostalAddress\",\"streetAddress\":\"san antonio 4,\",\"postalCode\":\"33430\",\"addressLocality\":\"Cand\\u00e1s\",\"addressRegion\":\"Asturias\",\"addressCountry\":\"ES\"}},{\"@type\":\"Person\",\"@id\":\"https:\\\/\\\/www.eldigitaldeasturias.com\\\/noticias\\\/author\\\/admin\\\/#author\",\"url\":\"https:\\\/\\\/www.eldigitaldeasturias.com\\\/noticias\\\/author\\\/admin\\\/\",\"name\":\"El Digital de Asturias\",\"image\":{\"@type\":\"ImageObject\",\"@id\":\"https:\\\/\\\/www.eldigitaldeasturias.com\\\/noticias\\\/los-retos-de-los-coches-electricos\\\/#authorImage\",\"url\":\"https:\\\/\\\/www.eldigitaldeasturias.com\\\/noticias\\\/wp-content\\\/litespeed\\\/avatar\\\/18677e78aa0546b92d9dbf31ec7d7668.jpg?ver=1777290358\",\"width\":96,\"height\":96,\"caption\":\"El Digital de Asturias\"}},{\"@type\":\"WebPage\",\"@id\":\"https:\\\/\\\/www.eldigitaldeasturias.com\\\/noticias\\\/los-retos-de-los-coches-electricos\\\/#webpage\",\"url\":\"https:\\\/\\\/www.eldigitaldeasturias.com\\\/noticias\\\/los-retos-de-los-coches-electricos\\\/\",\"name\":\"Los retos de los coches el\\u00e9ctricos - El Digital de Asturias\",\"description\":\"Si nos dejamos llevar por el entusiasmo dado el incesante goteo de informaci\\u00f3n sobre los coches aut\\u00f3nomos, cualquiera dir\\u00eda que la pr\\u00f3xima semana mismo tendremos nuestras carreteras llenos de ellos. La realidad es bien distinta, a pesar de que la industria acelera a buen ritmo en la implantaci\\u00f3n de las tecnolog\\u00edas necesarias para que nuestros\",\"inLanguage\":\"es-ES\",\"isPartOf\":{\"@id\":\"https:\\\/\\\/www.eldigitaldeasturias.com\\\/noticias\\\/#website\"},\"breadcrumb\":{\"@id\":\"https:\\\/\\\/www.eldigitaldeasturias.com\\\/noticias\\\/los-retos-de-los-coches-electricos\\\/#breadcrumblist\"},\"author\":{\"@id\":\"https:\\\/\\\/www.eldigitaldeasturias.com\\\/noticias\\\/author\\\/admin\\\/#author\"},\"creator\":{\"@id\":\"https:\\\/\\\/www.eldigitaldeasturias.com\\\/noticias\\\/author\\\/admin\\\/#author\"},\"image\":{\"@type\":\"ImageObject\",\"url\":\"https:\\\/\\\/www.eldigitaldeasturias.com\\\/noticias\\\/wp-content\\\/uploads\\\/2015\\\/10\\\/CARRETERA.jpg\",\"@id\":\"https:\\\/\\\/www.eldigitaldeasturias.com\\\/noticias\\\/los-retos-de-los-coches-electricos\\\/#mainImage\",\"width\":800,\"height\":532},\"primaryImageOfPage\":{\"@id\":\"https:\\\/\\\/www.eldigitaldeasturias.com\\\/noticias\\\/los-retos-de-los-coches-electricos\\\/#mainImage\"},\"datePublished\":\"2016-09-17T20:07:44+02:00\",\"dateModified\":\"2016-09-17T20:59:09+02:00\"},{\"@type\":\"WebSite\",\"@id\":\"https:\\\/\\\/www.eldigitaldeasturias.com\\\/noticias\\\/#website\",\"url\":\"https:\\\/\\\/www.eldigitaldeasturias.com\\\/noticias\\\/\",\"name\":\"El Digital de Asturias - Diario de actualidad y noticias\",\"alternateName\":\"El Digital de Asturias - Diario de actualidad y noticias\",\"description\":\"Hemeroteca\",\"inLanguage\":\"es-ES\",\"publisher\":{\"@id\":\"https:\\\/\\\/www.eldigitaldeasturias.com\\\/noticias\\\/#organization\"}}]}\n\t\t<\/script>\n\t\t<!-- All in One SEO Pro -->\r\n\t\t<title>Los retos de los coches el\u00e9ctricos - El Digital de Asturias<\/title>\n\n","aioseo_head_json":{"title":"Los retos de los coches el\u00e9ctricos - El Digital de Asturias","description":"Si nos dejamos llevar por el entusiasmo dado el incesante goteo de informaci\u00f3n sobre los coches aut\u00f3nomos, cualquiera dir\u00eda que la pr\u00f3xima semana mismo tendremos nuestras carreteras llenos de ellos. La realidad es bien distinta, a pesar de que la industria acelera a buen ritmo en la implantaci\u00f3n de las tecnolog\u00edas necesarias para que nuestros","canonical_url":"https:\/\/www.eldigitaldeasturias.com\/noticias\/los-retos-de-los-coches-electricos\/","robots":"max-image-preview:large","keywords":"actualidad","webmasterTools":{"google-site-verification":"UA-38556648-1","msvalidate.01":"7dfe9f3f1b24437ab69f4f2559babe99","miscellaneous":""},"schema":{"@context":"https:\/\/schema.org","@graph":[{"@type":"BlogPosting","@id":"https:\/\/www.eldigitaldeasturias.com\/noticias\/los-retos-de-los-coches-electricos\/#blogposting","name":"Los retos de los coches el\u00e9ctricos - El Digital de Asturias","headline":"Los retos de los coches el\u00e9ctricos","author":{"@id":"https:\/\/www.eldigitaldeasturias.com\/noticias\/author\/admin\/#author"},"publisher":{"@id":"https:\/\/www.eldigitaldeasturias.com\/noticias\/#organization"},"image":{"@type":"ImageObject","url":"https:\/\/www.eldigitaldeasturias.com\/noticias\/wp-content\/uploads\/2015\/10\/CARRETERA.jpg","width":800,"height":532},"datePublished":"2016-09-17T20:07:44+02:00","dateModified":"2016-09-17T20:59:09+02:00","inLanguage":"es-ES","mainEntityOfPage":{"@id":"https:\/\/www.eldigitaldeasturias.com\/noticias\/los-retos-de-los-coches-electricos\/#webpage"},"isPartOf":{"@id":"https:\/\/www.eldigitaldeasturias.com\/noticias\/los-retos-de-los-coches-electricos\/#webpage"},"articleSection":"Actualidad"},{"@type":"BreadcrumbList","@id":"https:\/\/www.eldigitaldeasturias.com\/noticias\/los-retos-de-los-coches-electricos\/#breadcrumblist","itemListElement":[{"@type":"ListItem","@id":"https:\/\/www.eldigitaldeasturias.com\/noticias#listItem","position":1,"name":"Home","item":"https:\/\/www.eldigitaldeasturias.com\/noticias","nextItem":{"@type":"ListItem","@id":"https:\/\/www.eldigitaldeasturias.com\/noticias\/category\/actualidad\/#listItem","name":"Actualidad"}},{"@type":"ListItem","@id":"https:\/\/www.eldigitaldeasturias.com\/noticias\/category\/actualidad\/#listItem","position":2,"name":"Actualidad","item":"https:\/\/www.eldigitaldeasturias.com\/noticias\/category\/actualidad\/","nextItem":{"@type":"ListItem","@id":"https:\/\/www.eldigitaldeasturias.com\/noticias\/los-retos-de-los-coches-electricos\/#listItem","name":"Los retos de los coches el\u00e9ctricos"},"previousItem":{"@type":"ListItem","@id":"https:\/\/www.eldigitaldeasturias.com\/noticias#listItem","name":"Home"}},{"@type":"ListItem","@id":"https:\/\/www.eldigitaldeasturias.com\/noticias\/los-retos-de-los-coches-electricos\/#listItem","position":3,"name":"Los retos de los coches el\u00e9ctricos","previousItem":{"@type":"ListItem","@id":"https:\/\/www.eldigitaldeasturias.com\/noticias\/category\/actualidad\/#listItem","name":"Actualidad"}}]},{"@type":"Organization","@id":"https:\/\/www.eldigitaldeasturias.com\/noticias\/#organization","name":"El Digital de Asturias","description":"Hemeroteca","url":"https:\/\/www.eldigitaldeasturias.com\/noticias\/","email":"info@eldigitaldeasturias.com","telephone":"+34652131393","logo":{"@type":"ImageObject","url":"https:\/\/www.eldigitaldeasturias.com\/noticias\/wp-content\/uploads\/2020\/12\/EDA.jpg","@id":"https:\/\/www.eldigitaldeasturias.com\/noticias\/los-retos-de-los-coches-electricos\/#organizationLogo","width":649,"height":297},"image":{"@id":"https:\/\/www.eldigitaldeasturias.com\/noticias\/los-retos-de-los-coches-electricos\/#organizationLogo"},"sameAs":["https:\/\/facebook.com\/eldigitaldeasturias","https:\/\/www.youtube.com\/channel\/UCZP-2wLEB9Rv6erhFmqVnvg"],"address":{"@id":"https:\/\/www.eldigitaldeasturias.com\/noticias\/#postaladdress","@type":"PostalAddress","streetAddress":"san antonio 4,","postalCode":"33430","addressLocality":"Cand\u00e1s","addressRegion":"Asturias","addressCountry":"ES"}},{"@type":"Person","@id":"https:\/\/www.eldigitaldeasturias.com\/noticias\/author\/admin\/#author","url":"https:\/\/www.eldigitaldeasturias.com\/noticias\/author\/admin\/","name":"El Digital de Asturias","image":{"@type":"ImageObject","@id":"https:\/\/www.eldigitaldeasturias.com\/noticias\/los-retos-de-los-coches-electricos\/#authorImage","url":"https:\/\/www.eldigitaldeasturias.com\/noticias\/wp-content\/litespeed\/avatar\/18677e78aa0546b92d9dbf31ec7d7668.jpg?ver=1777290358","width":96,"height":96,"caption":"El Digital de Asturias"}},{"@type":"WebPage","@id":"https:\/\/www.eldigitaldeasturias.com\/noticias\/los-retos-de-los-coches-electricos\/#webpage","url":"https:\/\/www.eldigitaldeasturias.com\/noticias\/los-retos-de-los-coches-electricos\/","name":"Los retos de los coches el\u00e9ctricos - El Digital de Asturias","description":"Si nos dejamos llevar por el entusiasmo dado el incesante goteo de informaci\u00f3n sobre los coches aut\u00f3nomos, cualquiera dir\u00eda que la pr\u00f3xima semana mismo tendremos nuestras carreteras llenos de ellos. La realidad es bien distinta, a pesar de que la industria acelera a buen ritmo en la implantaci\u00f3n de las tecnolog\u00edas necesarias para que nuestros","inLanguage":"es-ES","isPartOf":{"@id":"https:\/\/www.eldigitaldeasturias.com\/noticias\/#website"},"breadcrumb":{"@id":"https:\/\/www.eldigitaldeasturias.com\/noticias\/los-retos-de-los-coches-electricos\/#breadcrumblist"},"author":{"@id":"https:\/\/www.eldigitaldeasturias.com\/noticias\/author\/admin\/#author"},"creator":{"@id":"https:\/\/www.eldigitaldeasturias.com\/noticias\/author\/admin\/#author"},"image":{"@type":"ImageObject","url":"https:\/\/www.eldigitaldeasturias.com\/noticias\/wp-content\/uploads\/2015\/10\/CARRETERA.jpg","@id":"https:\/\/www.eldigitaldeasturias.com\/noticias\/los-retos-de-los-coches-electricos\/#mainImage","width":800,"height":532},"primaryImageOfPage":{"@id":"https:\/\/www.eldigitaldeasturias.com\/noticias\/los-retos-de-los-coches-electricos\/#mainImage"},"datePublished":"2016-09-17T20:07:44+02:00","dateModified":"2016-09-17T20:59:09+02:00"},{"@type":"WebSite","@id":"https:\/\/www.eldigitaldeasturias.com\/noticias\/#website","url":"https:\/\/www.eldigitaldeasturias.com\/noticias\/","name":"El Digital de Asturias - Diario de actualidad y noticias","alternateName":"El Digital de Asturias - Diario de actualidad y noticias","description":"Hemeroteca","inLanguage":"es-ES","publisher":{"@id":"https:\/\/www.eldigitaldeasturias.com\/noticias\/#organization"}}]},"og:locale":"es_ES","og:site_name":"El Digital de Asturias","og:type":"article","og:title":"Los retos de los coches el\u00e9ctricos - El Digital de Asturias","og:description":"Si nos dejamos llevar por el entusiasmo dado el incesante goteo de informaci\u00f3n sobre los coches aut\u00f3nomos, cualquiera dir\u00eda que la pr\u00f3xima semana mismo tendremos nuestras carreteras llenos de ellos. La realidad es bien distinta, a pesar de que la industria acelera a buen ritmo en la implantaci\u00f3n de las tecnolog\u00edas necesarias para que nuestros","og:url":"https:\/\/www.eldigitaldeasturias.com\/noticias\/los-retos-de-los-coches-electricos\/","og:image":"https:\/\/www.eldigitaldeasturias.com\/noticias\/wp-content\/uploads\/2015\/10\/CARRETERA.jpg","og:image:secure_url":"https:\/\/www.eldigitaldeasturias.com\/noticias\/wp-content\/uploads\/2015\/10\/CARRETERA.jpg","og:image:width":800,"og:image:height":532,"article:tag":["actualidad"],"article:published_time":"2016-09-17T19:07:44+00:00","article:modified_time":"2016-09-17T19:59:09+00:00","article:publisher":"https:\/\/facebook.com\/eldigitaldeasturias","twitter:card":"summary_large_image","twitter:title":"Los retos de los coches el\u00e9ctricos - El Digital de Asturias","twitter:description":"Si nos dejamos llevar por el entusiasmo dado el incesante goteo de informaci\u00f3n sobre los coches aut\u00f3nomos, cualquiera dir\u00eda que la pr\u00f3xima semana mismo tendremos nuestras carreteras llenos de ellos. La realidad es bien distinta, a pesar de que la industria acelera a buen ritmo en la implantaci\u00f3n de las tecnolog\u00edas necesarias para que nuestros","twitter:image":"https:\/\/www.eldigitaldeasturias.com\/noticias\/wp-content\/uploads\/2015\/10\/CARRETERA.jpg","twitter:label1":"Escrito por","twitter:data1":"El Digital de Asturias","twitter:label2":"Tiempo de lectura estimado","twitter:data2":"4 minutos"},"aioseo_meta_data":{"post_id":"908222","title":null,"description":null,"keywords":null,"keyphrases":null,"primary_term":null,"canonical_url":null,"og_title":null,"og_description":null,"og_object_type":"default","og_image_type":"default","og_image_url":null,"og_image_width":null,"og_image_height":null,"og_image_custom_url":null,"og_image_custom_fields":null,"og_video":null,"og_custom_url":null,"og_article_section":null,"og_article_tags":null,"twitter_use_og":false,"twitter_card":"default","twitter_image_type":"default","twitter_image_url":null,"twitter_image_custom_url":null,"twitter_image_custom_fields":null,"twitter_title":null,"twitter_description":null,"schema":{"blockGraphs":[],"customGraphs":[],"default":{"data":{"Article":[],"Course":[],"Dataset":[],"FAQPage":[],"Movie":[],"Person":[],"Product":[],"ProductReview":[],"Car":[],"Recipe":[],"Service":[],"SoftwareApplication":[],"WebPage":[]},"graphName":"","isEnabled":true},"graphs":[],"defaultGraph":"","defaultPostTypeGraph":""},"schema_type":null,"schema_type_options":null,"pillar_content":false,"robots_default":true,"robots_noindex":false,"robots_noarchive":false,"robots_nosnippet":false,"robots_nofollow":false,"robots_noimageindex":false,"robots_noodp":false,"robots_notranslate":false,"robots_max_snippet":null,"robots_max_videopreview":null,"robots_max_imagepreview":"large","priority":null,"frequency":null,"local_seo":null,"seo_analyzer_scan_date":"2025-11-30 15:20:43","breadcrumb_settings":null,"limit_modified_date":false,"open_ai":null,"ai":null,"created":"2020-12-21 14:00:17","updated":"2025-11-30 15:20:43"},"aioseo_breadcrumb":"<div class=\"aioseo-breadcrumbs\"><span class=\"aioseo-breadcrumb\">\n\t<a href=\"https:\/\/www.eldigitaldeasturias.com\/noticias\" title=\"Home\">Home<\/a>\n<\/span><span class=\"aioseo-breadcrumb-separator\">\u2013<\/span><span class=\"aioseo-breadcrumb\">\n\t<a href=\"https:\/\/www.eldigitaldeasturias.com\/noticias\/category\/actualidad\/\" title=\"Actualidad\">Actualidad<\/a>\n<\/span><span class=\"aioseo-breadcrumb-separator\">\u2013<\/span><span class=\"aioseo-breadcrumb\">\n\t<a href=\"https:\/\/www.eldigitaldeasturias.com\/noticias\/los-retos-de-los-coches-electricos\/\" title=\"Los retos de los coches el\u00e9ctricos\">Los retos de los coches el\u00e9ctricos<\/a>\n<\/span><\/div>","aioseo_breadcrumb_json":[{"label":"Home","link":"https:\/\/www.eldigitaldeasturias.com\/noticias"},{"label":"Actualidad","link":"https:\/\/www.eldigitaldeasturias.com\/noticias\/category\/actualidad\/"},{"label":"Los retos de los coches el\u00e9ctricos","link":"https:\/\/www.eldigitaldeasturias.com\/noticias\/los-retos-de-los-coches-electricos\/"}],"_links":{"self":[{"href":"https:\/\/www.eldigitaldeasturias.com\/noticias\/wp-json\/wp\/v2\/posts\/908222","targetHints":{"allow":["GET"]}}],"collection":[{"href":"https:\/\/www.eldigitaldeasturias.com\/noticias\/wp-json\/wp\/v2\/posts"}],"about":[{"href":"https:\/\/www.eldigitaldeasturias.com\/noticias\/wp-json\/wp\/v2\/types\/post"}],"author":[{"embeddable":true,"href":"https:\/\/www.eldigitaldeasturias.com\/noticias\/wp-json\/wp\/v2\/users\/1"}],"replies":[{"embeddable":true,"href":"https:\/\/www.eldigitaldeasturias.com\/noticias\/wp-json\/wp\/v2\/comments?post=908222"}],"version-history":[{"count":0,"href":"https:\/\/www.eldigitaldeasturias.com\/noticias\/wp-json\/wp\/v2\/posts\/908222\/revisions"}],"wp:featuredmedia":[{"embeddable":true,"href":"https:\/\/www.eldigitaldeasturias.com\/noticias\/wp-json\/wp\/v2\/media\/818649"}],"wp:attachment":[{"href":"https:\/\/www.eldigitaldeasturias.com\/noticias\/wp-json\/wp\/v2\/media?parent=908222"}],"wp:term":[{"taxonomy":"category","embeddable":true,"href":"https:\/\/www.eldigitaldeasturias.com\/noticias\/wp-json\/wp\/v2\/categories?post=908222"},{"taxonomy":"post_tag","embeddable":true,"href":"https:\/\/www.eldigitaldeasturias.com\/noticias\/wp-json\/wp\/v2\/tags?post=908222"}],"curies":[{"name":"wp","href":"https:\/\/api.w.org\/{rel}","templated":true}]}}