{"id":908216,"date":"2016-09-17T18:13:58","date_gmt":"2016-09-17T17:13:58","guid":{"rendered":"http:\/\/www.eldigitaldeasturias.com\/noticias\/?p=908216"},"modified":"2016-09-17T18:13:58","modified_gmt":"2016-09-17T17:13:58","slug":"cristina-coto-foro-no-apoyara-unos-presupuestos-continuistas","status":"publish","type":"post","link":"https:\/\/www.eldigitaldeasturias.com\/noticias\/cristina-coto-foro-no-apoyara-unos-presupuestos-continuistas\/","title":{"rendered":"Cristina Coto: \u201cFORO no apoyar\u00e1 unos presupuestos continuistas\u201d"},"content":{"rendered":"<p><img loading=\"lazy\" decoding=\"async\" class=\"alignleft size-medium wp-image-908217\" src=\"https:\/\/www.eldigitaldeasturias.com\/noticias\/wp-content\/uploads\/2016\/09\/fotonoticia_20160917140712_800-360x196.jpg\" alt=\"fotonoticia_20160917140712_800\" width=\"360\" height=\"196\" srcset=\"https:\/\/www.eldigitaldeasturias.com\/noticias\/wp-content\/uploads\/2016\/09\/fotonoticia_20160917140712_800-360x196.jpg 360w, https:\/\/www.eldigitaldeasturias.com\/noticias\/wp-content\/uploads\/2016\/09\/fotonoticia_20160917140712_800-768x419.jpg 768w, https:\/\/www.eldigitaldeasturias.com\/noticias\/wp-content\/uploads\/2016\/09\/fotonoticia_20160917140712_800-650x354.jpg 650w, https:\/\/www.eldigitaldeasturias.com\/noticias\/wp-content\/uploads\/2016\/09\/fotonoticia_20160917140712_800.jpg 800w\" sizes=\"auto, (max-width: 360px) 100vw, 360px\" \/>La presidenta de Foro Asturias Cristina Coto ha dejado claro este s\u00e1bado que su partido no apoyar\u00e1 unos presupuestos \u00abcontinuistas de resultados cantados, que solo cambian cada a\u00f1o en una cosa, dedicar un poco m\u00e1s a despilfarrar en alg\u00fan chiringuitos y subir o crear nuevos impuesto a instancias de IU o de Podemos\u00bb.<\/p>\n<p>En la ponencia que ha le\u00eddo en la Convenci\u00f3n Auton\u00f3mica de Foro, celebrada en Siero, Foro se ha recordado que Foro fue el primer partido \u00aben negar la bondad intr\u00ednseca del Presupuesto, esa idea fatua del PSOE de que si hay Presupuesto se acaban todos nuestros males\u00bb.<\/p>\n<p>\u00abNo es verdad, Asturias ha tenido siempre presupuestos -salvo alguna excepci\u00f3n- y como os acabo de relatar somos la regi\u00f3n de Espa\u00f1a que menos crece y menos empleo crea, y por cierto, la que m\u00e1s empleo destruy\u00f3 durante la crisis y la que menos est\u00e1 creando estos momentos en que Espa\u00f1a empieza a recuperarse2, ha a\u00f1adido.<\/p>\n<p>En su opini\u00f3n, los presupuestos deben incluir \u00abuna apuesta por la econom\u00eda privada competitiva y la inversi\u00f3n, que sustituya a la econom\u00eda p\u00fablica subsidiada; una reforma fiscal que estimular el ahorro y frenar las deslocalizaciones; y unas nuevas pol\u00edticas sectoriales de est\u00edmulo a la industria, a la miner\u00eda, a la agroganader\u00eda y la pesca, y a los servicios\u00bb.<\/p>\n<p>Ha acusado al presidente auton\u00f3mico, Javier Fern\u00e1ndez, de \u00abandar en una nueva milonga: que no pueden hacer los Presupuestos para 2017 porque no tienen los datos de ingresos estatales\u00bb.<\/p>\n<p>\u00abMentira, la obligaci\u00f3n del gobierno es presentar el proyecto antes del 30 de septiembre con los datos de ingresos de que disponga y con las medidas de cambio econ\u00f3mico y social. A partir de ah\u00ed, y para el caso de que se modificaran posteriormente los datos de ingresos del Estado, el gobierno puede valerse de las v\u00edas reglamentarias establecidas para actualizar los presupuestos\u00bb, ha respondido Coto.<\/p>\n<p><strong>DEUDA P\u00daBLICA<\/strong><\/p>\n<p>Ha criticado que Asturias \u00abacaba de batir su record en deuda p\u00fablica, 4.278 millones de euros, casi un 13% m\u00e1s en un a\u00f1o\u00bb. \u00abLa Junta General tiene cero informaci\u00f3n acerca de cu\u00e1ndo, en qu\u00e9 condiciones y para qu\u00e9 se piden cr\u00e9ditos que pagan los asturianos, con sus correspondientes intereses; tampoco sabemos por qu\u00e9 el Gobierno presume de endeudarse y no recurre a los fondos que el Estado pone a su disposici\u00f3n, que el a\u00f1o pasado condon\u00f3 los intereses de la deuda\u00bb, ha se\u00f1alado la presidenta forista.<\/p>\n<p>En su opini\u00f3n, \u00abla estrategia est\u00e1 clara: Javier Fern\u00e1ndez est\u00e1 con los presupuestos prorrogados, pero no tiene mayor problema, \u00bfQu\u00e9 hace? Recurrir a la deuda, porque la administra como le da la gana; en cambio, si trae unos Presupuestos a la C\u00e1mara, con solo 14 esca\u00f1os, se los vamos a cambiar, y eso no le interesa, por eso el a\u00f1o pasado march\u00f3 con ellos antes de que pudi\u00e9ramos ni votarlos\u00bb.<\/p>\n<p>Para Coto, \u00abes pura triler\u00eda, con un presidente ap\u00e1tico para lo que quiere, pero tambi\u00e9n un cenizo, porque no cree en Asturias, solo en estar en el sill\u00f3n para seguir aplicando sus equivocadas pol\u00edticas\u00bb.<\/p>\n<p>&nbsp;<\/p>\n","protected":false},"excerpt":{"rendered":"<p>La presidenta de Foro Asturias Cristina Coto ha dejado claro este s\u00e1bado que su partido no apoyar\u00e1 unos presupuestos \u00abcontinuistas de resultados cantados, que solo cambian cada a\u00f1o en una cosa, dedicar un poco m\u00e1s a despilfarrar en alg\u00fan chiringuitos y subir o crear nuevos impuesto a instancias de IU o de Podemos\u00bb. En la [&hellip;]<\/p>\n","protected":false},"author":1,"featured_media":908217,"comment_status":"closed","ping_status":"closed","sticky":false,"template":"","format":"standard","meta":{"footnotes":""},"categories":[12],"tags":[],"class_list":["post-908216","post","type-post","status-publish","format-standard","has-post-thumbnail","hentry","category-actualidad-asturias"],"aioseo_notices":[],"aioseo_head":"\n\t\t<!-- All in One SEO Pro 4.9.6.2 - aioseo.com -->\n\t<meta name=\"description\" content=\"La presidenta de Foro Asturias Cristina Coto ha dejado claro este s\u00e1bado que su partido no apoyar\u00e1 unos presupuestos &quot;continuistas de resultados cantados, que solo cambian cada a\u00f1o en una cosa, dedicar un poco m\u00e1s a despilfarrar en alg\u00fan chiringuitos y subir o crear nuevos impuesto a instancias de IU o de Podemos&quot;. En la\" \/>\n\t<meta name=\"robots\" content=\"max-image-preview:large\" \/>\n\t<meta name=\"author\" content=\"El Digital de Asturias\"\/>\n\t<meta name=\"google-site-verification\" content=\"UA-38556648-1\" \/>\n\t<meta name=\"msvalidate.01\" content=\"7dfe9f3f1b24437ab69f4f2559babe99\" \/>\n\t<meta name=\"keywords\" content=\"actualidad asturias\" \/>\n\t<link rel=\"canonical\" href=\"https:\/\/www.eldigitaldeasturias.com\/noticias\/cristina-coto-foro-no-apoyara-unos-presupuestos-continuistas\/\" \/>\n\t<meta name=\"generator\" content=\"All in One SEO Pro (AIOSEO) 4.9.6.2\" \/>\n\t\t<meta property=\"og:locale\" content=\"es_ES\" \/>\n\t\t<meta property=\"og:site_name\" content=\"El Digital de Asturias\" \/>\n\t\t<meta property=\"og:type\" content=\"article\" \/>\n\t\t<meta property=\"og:title\" content=\"Cristina Coto: \u201cFORO no apoyar\u00e1 unos presupuestos continuistas\u201d - El Digital de Asturias\" \/>\n\t\t<meta property=\"og:description\" content=\"La presidenta de Foro Asturias Cristina Coto ha dejado claro este s\u00e1bado que su partido no apoyar\u00e1 unos presupuestos &quot;continuistas de resultados cantados, que solo cambian cada a\u00f1o en una cosa, dedicar un poco m\u00e1s a despilfarrar en alg\u00fan chiringuitos y subir o crear nuevos impuesto a instancias de IU o de Podemos&quot;. En la\" \/>\n\t\t<meta property=\"og:url\" content=\"https:\/\/www.eldigitaldeasturias.com\/noticias\/cristina-coto-foro-no-apoyara-unos-presupuestos-continuistas\/\" \/>\n\t\t<meta property=\"og:image\" content=\"https:\/\/www.eldigitaldeasturias.com\/noticias\/wp-content\/uploads\/2016\/09\/fotonoticia_20160917140712_800.jpg\" \/>\n\t\t<meta property=\"og:image:secure_url\" content=\"https:\/\/www.eldigitaldeasturias.com\/noticias\/wp-content\/uploads\/2016\/09\/fotonoticia_20160917140712_800.jpg\" \/>\n\t\t<meta property=\"og:image:width\" content=\"800\" \/>\n\t\t<meta property=\"og:image:height\" content=\"436\" \/>\n\t\t<meta property=\"article:tag\" content=\"actualidad asturias\" \/>\n\t\t<meta property=\"article:published_time\" content=\"2016-09-17T17:13:58+00:00\" \/>\n\t\t<meta property=\"article:modified_time\" content=\"2016-09-17T17:13:58+00:00\" \/>\n\t\t<meta property=\"article:publisher\" content=\"https:\/\/facebook.com\/eldigitaldeasturias\" \/>\n\t\t<meta name=\"twitter:card\" content=\"summary_large_image\" \/>\n\t\t<meta name=\"twitter:title\" content=\"Cristina Coto: \u201cFORO no apoyar\u00e1 unos presupuestos continuistas\u201d - El Digital de Asturias\" \/>\n\t\t<meta name=\"twitter:description\" content=\"La presidenta de Foro Asturias Cristina Coto ha dejado claro este s\u00e1bado que su partido no apoyar\u00e1 unos presupuestos &quot;continuistas de resultados cantados, que solo cambian cada a\u00f1o en una cosa, dedicar un poco m\u00e1s a despilfarrar en alg\u00fan chiringuitos y subir o crear nuevos impuesto a instancias de IU o de Podemos&quot;. En la\" \/>\n\t\t<meta name=\"twitter:image\" content=\"https:\/\/www.eldigitaldeasturias.com\/noticias\/wp-content\/uploads\/2016\/09\/fotonoticia_20160917140712_800.jpg\" \/>\n\t\t<meta name=\"twitter:label1\" content=\"Escrito por\" \/>\n\t\t<meta name=\"twitter:data1\" content=\"El Digital de Asturias\" \/>\n\t\t<meta name=\"twitter:label2\" content=\"Tiempo de lectura estimado\" \/>\n\t\t<meta name=\"twitter:data2\" content=\"3 minutos\" \/>\n\t\t<script type=\"application\/ld+json\" class=\"aioseo-schema\">\n\t\t\t{\"@context\":\"https:\\\/\\\/schema.org\",\"@graph\":[{\"@type\":\"BlogPosting\",\"@id\":\"https:\\\/\\\/www.eldigitaldeasturias.com\\\/noticias\\\/cristina-coto-foro-no-apoyara-unos-presupuestos-continuistas\\\/#blogposting\",\"name\":\"Cristina Coto: \\u201cFORO no apoyar\\u00e1 unos presupuestos continuistas\\u201d - El Digital de Asturias\",\"headline\":\"Cristina Coto: \\u201cFORO no apoyar\\u00e1 unos presupuestos continuistas\\u201d\",\"author\":{\"@id\":\"https:\\\/\\\/www.eldigitaldeasturias.com\\\/noticias\\\/author\\\/admin\\\/#author\"},\"publisher\":{\"@id\":\"https:\\\/\\\/www.eldigitaldeasturias.com\\\/noticias\\\/#organization\"},\"image\":{\"@type\":\"ImageObject\",\"url\":\"https:\\\/\\\/www.eldigitaldeasturias.com\\\/noticias\\\/wp-content\\\/uploads\\\/2016\\\/09\\\/fotonoticia_20160917140712_800.jpg\",\"width\":800,\"height\":436},\"datePublished\":\"2016-09-17T18:13:58+02:00\",\"dateModified\":\"2016-09-17T18:13:58+02:00\",\"inLanguage\":\"es-ES\",\"mainEntityOfPage\":{\"@id\":\"https:\\\/\\\/www.eldigitaldeasturias.com\\\/noticias\\\/cristina-coto-foro-no-apoyara-unos-presupuestos-continuistas\\\/#webpage\"},\"isPartOf\":{\"@id\":\"https:\\\/\\\/www.eldigitaldeasturias.com\\\/noticias\\\/cristina-coto-foro-no-apoyara-unos-presupuestos-continuistas\\\/#webpage\"},\"articleSection\":\"Actualidad Asturias\"},{\"@type\":\"BreadcrumbList\",\"@id\":\"https:\\\/\\\/www.eldigitaldeasturias.com\\\/noticias\\\/cristina-coto-foro-no-apoyara-unos-presupuestos-continuistas\\\/#breadcrumblist\",\"itemListElement\":[{\"@type\":\"ListItem\",\"@id\":\"https:\\\/\\\/www.eldigitaldeasturias.com\\\/noticias#listItem\",\"position\":1,\"name\":\"Home\",\"item\":\"https:\\\/\\\/www.eldigitaldeasturias.com\\\/noticias\",\"nextItem\":{\"@type\":\"ListItem\",\"@id\":\"https:\\\/\\\/www.eldigitaldeasturias.com\\\/noticias\\\/category\\\/actualidad-asturias\\\/#listItem\",\"name\":\"Actualidad Asturias\"}},{\"@type\":\"ListItem\",\"@id\":\"https:\\\/\\\/www.eldigitaldeasturias.com\\\/noticias\\\/category\\\/actualidad-asturias\\\/#listItem\",\"position\":2,\"name\":\"Actualidad Asturias\",\"item\":\"https:\\\/\\\/www.eldigitaldeasturias.com\\\/noticias\\\/category\\\/actualidad-asturias\\\/\",\"nextItem\":{\"@type\":\"ListItem\",\"@id\":\"https:\\\/\\\/www.eldigitaldeasturias.com\\\/noticias\\\/cristina-coto-foro-no-apoyara-unos-presupuestos-continuistas\\\/#listItem\",\"name\":\"Cristina Coto: \\u201cFORO no apoyar\\u00e1 unos presupuestos continuistas\\u201d\"},\"previousItem\":{\"@type\":\"ListItem\",\"@id\":\"https:\\\/\\\/www.eldigitaldeasturias.com\\\/noticias#listItem\",\"name\":\"Home\"}},{\"@type\":\"ListItem\",\"@id\":\"https:\\\/\\\/www.eldigitaldeasturias.com\\\/noticias\\\/cristina-coto-foro-no-apoyara-unos-presupuestos-continuistas\\\/#listItem\",\"position\":3,\"name\":\"Cristina Coto: \\u201cFORO no apoyar\\u00e1 unos presupuestos continuistas\\u201d\",\"previousItem\":{\"@type\":\"ListItem\",\"@id\":\"https:\\\/\\\/www.eldigitaldeasturias.com\\\/noticias\\\/category\\\/actualidad-asturias\\\/#listItem\",\"name\":\"Actualidad Asturias\"}}]},{\"@type\":\"Organization\",\"@id\":\"https:\\\/\\\/www.eldigitaldeasturias.com\\\/noticias\\\/#organization\",\"name\":\"El Digital de Asturias\",\"description\":\"Hemeroteca\",\"url\":\"https:\\\/\\\/www.eldigitaldeasturias.com\\\/noticias\\\/\",\"email\":\"info@eldigitaldeasturias.com\",\"telephone\":\"+34652131393\",\"logo\":{\"@type\":\"ImageObject\",\"url\":\"https:\\\/\\\/www.eldigitaldeasturias.com\\\/noticias\\\/wp-content\\\/uploads\\\/2020\\\/12\\\/EDA.jpg\",\"@id\":\"https:\\\/\\\/www.eldigitaldeasturias.com\\\/noticias\\\/cristina-coto-foro-no-apoyara-unos-presupuestos-continuistas\\\/#organizationLogo\",\"width\":649,\"height\":297},\"image\":{\"@id\":\"https:\\\/\\\/www.eldigitaldeasturias.com\\\/noticias\\\/cristina-coto-foro-no-apoyara-unos-presupuestos-continuistas\\\/#organizationLogo\"},\"sameAs\":[\"https:\\\/\\\/facebook.com\\\/eldigitaldeasturias\",\"https:\\\/\\\/www.youtube.com\\\/channel\\\/UCZP-2wLEB9Rv6erhFmqVnvg\"],\"address\":{\"@id\":\"https:\\\/\\\/www.eldigitaldeasturias.com\\\/noticias\\\/#postaladdress\",\"@type\":\"PostalAddress\",\"streetAddress\":\"san antonio 4,\",\"postalCode\":\"33430\",\"addressLocality\":\"Cand\\u00e1s\",\"addressRegion\":\"Asturias\",\"addressCountry\":\"ES\"}},{\"@type\":\"Person\",\"@id\":\"https:\\\/\\\/www.eldigitaldeasturias.com\\\/noticias\\\/author\\\/admin\\\/#author\",\"url\":\"https:\\\/\\\/www.eldigitaldeasturias.com\\\/noticias\\\/author\\\/admin\\\/\",\"name\":\"El Digital de Asturias\",\"image\":{\"@type\":\"ImageObject\",\"@id\":\"https:\\\/\\\/www.eldigitaldeasturias.com\\\/noticias\\\/cristina-coto-foro-no-apoyara-unos-presupuestos-continuistas\\\/#authorImage\",\"url\":\"https:\\\/\\\/www.eldigitaldeasturias.com\\\/noticias\\\/wp-content\\\/litespeed\\\/avatar\\\/18677e78aa0546b92d9dbf31ec7d7668.jpg?ver=1777290358\",\"width\":96,\"height\":96,\"caption\":\"El Digital de Asturias\"}},{\"@type\":\"WebPage\",\"@id\":\"https:\\\/\\\/www.eldigitaldeasturias.com\\\/noticias\\\/cristina-coto-foro-no-apoyara-unos-presupuestos-continuistas\\\/#webpage\",\"url\":\"https:\\\/\\\/www.eldigitaldeasturias.com\\\/noticias\\\/cristina-coto-foro-no-apoyara-unos-presupuestos-continuistas\\\/\",\"name\":\"Cristina Coto: \\u201cFORO no apoyar\\u00e1 unos presupuestos continuistas\\u201d - El Digital de Asturias\",\"description\":\"La presidenta de Foro Asturias Cristina Coto ha dejado claro este s\\u00e1bado que su partido no apoyar\\u00e1 unos presupuestos \\\"continuistas de resultados cantados, que solo cambian cada a\\u00f1o en una cosa, dedicar un poco m\\u00e1s a despilfarrar en alg\\u00fan chiringuitos y subir o crear nuevos impuesto a instancias de IU o de Podemos\\\". En la\",\"inLanguage\":\"es-ES\",\"isPartOf\":{\"@id\":\"https:\\\/\\\/www.eldigitaldeasturias.com\\\/noticias\\\/#website\"},\"breadcrumb\":{\"@id\":\"https:\\\/\\\/www.eldigitaldeasturias.com\\\/noticias\\\/cristina-coto-foro-no-apoyara-unos-presupuestos-continuistas\\\/#breadcrumblist\"},\"author\":{\"@id\":\"https:\\\/\\\/www.eldigitaldeasturias.com\\\/noticias\\\/author\\\/admin\\\/#author\"},\"creator\":{\"@id\":\"https:\\\/\\\/www.eldigitaldeasturias.com\\\/noticias\\\/author\\\/admin\\\/#author\"},\"image\":{\"@type\":\"ImageObject\",\"url\":\"https:\\\/\\\/www.eldigitaldeasturias.com\\\/noticias\\\/wp-content\\\/uploads\\\/2016\\\/09\\\/fotonoticia_20160917140712_800.jpg\",\"@id\":\"https:\\\/\\\/www.eldigitaldeasturias.com\\\/noticias\\\/cristina-coto-foro-no-apoyara-unos-presupuestos-continuistas\\\/#mainImage\",\"width\":800,\"height\":436},\"primaryImageOfPage\":{\"@id\":\"https:\\\/\\\/www.eldigitaldeasturias.com\\\/noticias\\\/cristina-coto-foro-no-apoyara-unos-presupuestos-continuistas\\\/#mainImage\"},\"datePublished\":\"2016-09-17T18:13:58+02:00\",\"dateModified\":\"2016-09-17T18:13:58+02:00\"},{\"@type\":\"WebSite\",\"@id\":\"https:\\\/\\\/www.eldigitaldeasturias.com\\\/noticias\\\/#website\",\"url\":\"https:\\\/\\\/www.eldigitaldeasturias.com\\\/noticias\\\/\",\"name\":\"El Digital de Asturias - Diario de actualidad y noticias\",\"alternateName\":\"El Digital de Asturias - Diario de actualidad y noticias\",\"description\":\"Hemeroteca\",\"inLanguage\":\"es-ES\",\"publisher\":{\"@id\":\"https:\\\/\\\/www.eldigitaldeasturias.com\\\/noticias\\\/#organization\"}}]}\n\t\t<\/script>\n\t\t<!-- All in One SEO Pro -->\r\n\t\t<title>Cristina Coto: \u201cFORO no apoyar\u00e1 unos presupuestos continuistas\u201d - El Digital de Asturias<\/title>\n\n","aioseo_head_json":{"title":"Cristina Coto: \u201cFORO no apoyar\u00e1 unos presupuestos continuistas\u201d - El Digital de Asturias","description":"La presidenta de Foro Asturias Cristina Coto ha dejado claro este s\u00e1bado que su partido no apoyar\u00e1 unos presupuestos \"continuistas de resultados cantados, que solo cambian cada a\u00f1o en una cosa, dedicar un poco m\u00e1s a despilfarrar en alg\u00fan chiringuitos y subir o crear nuevos impuesto a instancias de IU o de Podemos\". En la","canonical_url":"https:\/\/www.eldigitaldeasturias.com\/noticias\/cristina-coto-foro-no-apoyara-unos-presupuestos-continuistas\/","robots":"max-image-preview:large","keywords":"actualidad asturias","webmasterTools":{"google-site-verification":"UA-38556648-1","msvalidate.01":"7dfe9f3f1b24437ab69f4f2559babe99","miscellaneous":""},"schema":{"@context":"https:\/\/schema.org","@graph":[{"@type":"BlogPosting","@id":"https:\/\/www.eldigitaldeasturias.com\/noticias\/cristina-coto-foro-no-apoyara-unos-presupuestos-continuistas\/#blogposting","name":"Cristina Coto: \u201cFORO no apoyar\u00e1 unos presupuestos continuistas\u201d - El Digital de Asturias","headline":"Cristina Coto: \u201cFORO no apoyar\u00e1 unos presupuestos continuistas\u201d","author":{"@id":"https:\/\/www.eldigitaldeasturias.com\/noticias\/author\/admin\/#author"},"publisher":{"@id":"https:\/\/www.eldigitaldeasturias.com\/noticias\/#organization"},"image":{"@type":"ImageObject","url":"https:\/\/www.eldigitaldeasturias.com\/noticias\/wp-content\/uploads\/2016\/09\/fotonoticia_20160917140712_800.jpg","width":800,"height":436},"datePublished":"2016-09-17T18:13:58+02:00","dateModified":"2016-09-17T18:13:58+02:00","inLanguage":"es-ES","mainEntityOfPage":{"@id":"https:\/\/www.eldigitaldeasturias.com\/noticias\/cristina-coto-foro-no-apoyara-unos-presupuestos-continuistas\/#webpage"},"isPartOf":{"@id":"https:\/\/www.eldigitaldeasturias.com\/noticias\/cristina-coto-foro-no-apoyara-unos-presupuestos-continuistas\/#webpage"},"articleSection":"Actualidad Asturias"},{"@type":"BreadcrumbList","@id":"https:\/\/www.eldigitaldeasturias.com\/noticias\/cristina-coto-foro-no-apoyara-unos-presupuestos-continuistas\/#breadcrumblist","itemListElement":[{"@type":"ListItem","@id":"https:\/\/www.eldigitaldeasturias.com\/noticias#listItem","position":1,"name":"Home","item":"https:\/\/www.eldigitaldeasturias.com\/noticias","nextItem":{"@type":"ListItem","@id":"https:\/\/www.eldigitaldeasturias.com\/noticias\/category\/actualidad-asturias\/#listItem","name":"Actualidad Asturias"}},{"@type":"ListItem","@id":"https:\/\/www.eldigitaldeasturias.com\/noticias\/category\/actualidad-asturias\/#listItem","position":2,"name":"Actualidad Asturias","item":"https:\/\/www.eldigitaldeasturias.com\/noticias\/category\/actualidad-asturias\/","nextItem":{"@type":"ListItem","@id":"https:\/\/www.eldigitaldeasturias.com\/noticias\/cristina-coto-foro-no-apoyara-unos-presupuestos-continuistas\/#listItem","name":"Cristina Coto: \u201cFORO no apoyar\u00e1 unos presupuestos continuistas\u201d"},"previousItem":{"@type":"ListItem","@id":"https:\/\/www.eldigitaldeasturias.com\/noticias#listItem","name":"Home"}},{"@type":"ListItem","@id":"https:\/\/www.eldigitaldeasturias.com\/noticias\/cristina-coto-foro-no-apoyara-unos-presupuestos-continuistas\/#listItem","position":3,"name":"Cristina Coto: \u201cFORO no apoyar\u00e1 unos presupuestos continuistas\u201d","previousItem":{"@type":"ListItem","@id":"https:\/\/www.eldigitaldeasturias.com\/noticias\/category\/actualidad-asturias\/#listItem","name":"Actualidad Asturias"}}]},{"@type":"Organization","@id":"https:\/\/www.eldigitaldeasturias.com\/noticias\/#organization","name":"El Digital de Asturias","description":"Hemeroteca","url":"https:\/\/www.eldigitaldeasturias.com\/noticias\/","email":"info@eldigitaldeasturias.com","telephone":"+34652131393","logo":{"@type":"ImageObject","url":"https:\/\/www.eldigitaldeasturias.com\/noticias\/wp-content\/uploads\/2020\/12\/EDA.jpg","@id":"https:\/\/www.eldigitaldeasturias.com\/noticias\/cristina-coto-foro-no-apoyara-unos-presupuestos-continuistas\/#organizationLogo","width":649,"height":297},"image":{"@id":"https:\/\/www.eldigitaldeasturias.com\/noticias\/cristina-coto-foro-no-apoyara-unos-presupuestos-continuistas\/#organizationLogo"},"sameAs":["https:\/\/facebook.com\/eldigitaldeasturias","https:\/\/www.youtube.com\/channel\/UCZP-2wLEB9Rv6erhFmqVnvg"],"address":{"@id":"https:\/\/www.eldigitaldeasturias.com\/noticias\/#postaladdress","@type":"PostalAddress","streetAddress":"san antonio 4,","postalCode":"33430","addressLocality":"Cand\u00e1s","addressRegion":"Asturias","addressCountry":"ES"}},{"@type":"Person","@id":"https:\/\/www.eldigitaldeasturias.com\/noticias\/author\/admin\/#author","url":"https:\/\/www.eldigitaldeasturias.com\/noticias\/author\/admin\/","name":"El Digital de Asturias","image":{"@type":"ImageObject","@id":"https:\/\/www.eldigitaldeasturias.com\/noticias\/cristina-coto-foro-no-apoyara-unos-presupuestos-continuistas\/#authorImage","url":"https:\/\/www.eldigitaldeasturias.com\/noticias\/wp-content\/litespeed\/avatar\/18677e78aa0546b92d9dbf31ec7d7668.jpg?ver=1777290358","width":96,"height":96,"caption":"El Digital de Asturias"}},{"@type":"WebPage","@id":"https:\/\/www.eldigitaldeasturias.com\/noticias\/cristina-coto-foro-no-apoyara-unos-presupuestos-continuistas\/#webpage","url":"https:\/\/www.eldigitaldeasturias.com\/noticias\/cristina-coto-foro-no-apoyara-unos-presupuestos-continuistas\/","name":"Cristina Coto: \u201cFORO no apoyar\u00e1 unos presupuestos continuistas\u201d - El Digital de Asturias","description":"La presidenta de Foro Asturias Cristina Coto ha dejado claro este s\u00e1bado que su partido no apoyar\u00e1 unos presupuestos \"continuistas de resultados cantados, que solo cambian cada a\u00f1o en una cosa, dedicar un poco m\u00e1s a despilfarrar en alg\u00fan chiringuitos y subir o crear nuevos impuesto a instancias de IU o de Podemos\". En la","inLanguage":"es-ES","isPartOf":{"@id":"https:\/\/www.eldigitaldeasturias.com\/noticias\/#website"},"breadcrumb":{"@id":"https:\/\/www.eldigitaldeasturias.com\/noticias\/cristina-coto-foro-no-apoyara-unos-presupuestos-continuistas\/#breadcrumblist"},"author":{"@id":"https:\/\/www.eldigitaldeasturias.com\/noticias\/author\/admin\/#author"},"creator":{"@id":"https:\/\/www.eldigitaldeasturias.com\/noticias\/author\/admin\/#author"},"image":{"@type":"ImageObject","url":"https:\/\/www.eldigitaldeasturias.com\/noticias\/wp-content\/uploads\/2016\/09\/fotonoticia_20160917140712_800.jpg","@id":"https:\/\/www.eldigitaldeasturias.com\/noticias\/cristina-coto-foro-no-apoyara-unos-presupuestos-continuistas\/#mainImage","width":800,"height":436},"primaryImageOfPage":{"@id":"https:\/\/www.eldigitaldeasturias.com\/noticias\/cristina-coto-foro-no-apoyara-unos-presupuestos-continuistas\/#mainImage"},"datePublished":"2016-09-17T18:13:58+02:00","dateModified":"2016-09-17T18:13:58+02:00"},{"@type":"WebSite","@id":"https:\/\/www.eldigitaldeasturias.com\/noticias\/#website","url":"https:\/\/www.eldigitaldeasturias.com\/noticias\/","name":"El Digital de Asturias - Diario de actualidad y noticias","alternateName":"El Digital de Asturias - Diario de actualidad y noticias","description":"Hemeroteca","inLanguage":"es-ES","publisher":{"@id":"https:\/\/www.eldigitaldeasturias.com\/noticias\/#organization"}}]},"og:locale":"es_ES","og:site_name":"El Digital de Asturias","og:type":"article","og:title":"Cristina Coto: \u201cFORO no apoyar\u00e1 unos presupuestos continuistas\u201d - El Digital de Asturias","og:description":"La presidenta de Foro Asturias Cristina Coto ha dejado claro este s\u00e1bado que su partido no apoyar\u00e1 unos presupuestos &quot;continuistas de resultados cantados, que solo cambian cada a\u00f1o en una cosa, dedicar un poco m\u00e1s a despilfarrar en alg\u00fan chiringuitos y subir o crear nuevos impuesto a instancias de IU o de Podemos&quot;. En la","og:url":"https:\/\/www.eldigitaldeasturias.com\/noticias\/cristina-coto-foro-no-apoyara-unos-presupuestos-continuistas\/","og:image":"https:\/\/www.eldigitaldeasturias.com\/noticias\/wp-content\/uploads\/2016\/09\/fotonoticia_20160917140712_800.jpg","og:image:secure_url":"https:\/\/www.eldigitaldeasturias.com\/noticias\/wp-content\/uploads\/2016\/09\/fotonoticia_20160917140712_800.jpg","og:image:width":800,"og:image:height":436,"article:tag":["actualidad asturias"],"article:published_time":"2016-09-17T17:13:58+00:00","article:modified_time":"2016-09-17T17:13:58+00:00","article:publisher":"https:\/\/facebook.com\/eldigitaldeasturias","twitter:card":"summary_large_image","twitter:title":"Cristina Coto: \u201cFORO no apoyar\u00e1 unos presupuestos continuistas\u201d - El Digital de Asturias","twitter:description":"La presidenta de Foro Asturias Cristina Coto ha dejado claro este s\u00e1bado que su partido no apoyar\u00e1 unos presupuestos &quot;continuistas de resultados cantados, que solo cambian cada a\u00f1o en una cosa, dedicar un poco m\u00e1s a despilfarrar en alg\u00fan chiringuitos y subir o crear nuevos impuesto a instancias de IU o de Podemos&quot;. En la","twitter:image":"https:\/\/www.eldigitaldeasturias.com\/noticias\/wp-content\/uploads\/2016\/09\/fotonoticia_20160917140712_800.jpg","twitter:label1":"Escrito por","twitter:data1":"El Digital de Asturias","twitter:label2":"Tiempo de lectura estimado","twitter:data2":"3 minutos"},"aioseo_meta_data":{"post_id":"908216","title":null,"description":null,"keywords":null,"keyphrases":null,"primary_term":null,"canonical_url":null,"og_title":null,"og_description":null,"og_object_type":"default","og_image_type":"default","og_image_url":null,"og_image_width":null,"og_image_height":null,"og_image_custom_url":null,"og_image_custom_fields":null,"og_video":null,"og_custom_url":null,"og_article_section":null,"og_article_tags":null,"twitter_use_og":false,"twitter_card":"default","twitter_image_type":"default","twitter_image_url":null,"twitter_image_custom_url":null,"twitter_image_custom_fields":null,"twitter_title":null,"twitter_description":null,"schema":{"blockGraphs":[],"customGraphs":[],"default":{"data":{"Article":[],"Course":[],"Dataset":[],"FAQPage":[],"Movie":[],"Person":[],"Product":[],"ProductReview":[],"Car":[],"Recipe":[],"Service":[],"SoftwareApplication":[],"WebPage":[]},"graphName":"","isEnabled":true},"graphs":[],"defaultGraph":"","defaultPostTypeGraph":""},"schema_type":null,"schema_type_options":null,"pillar_content":false,"robots_default":true,"robots_noindex":false,"robots_noarchive":false,"robots_nosnippet":false,"robots_nofollow":false,"robots_noimageindex":false,"robots_noodp":false,"robots_notranslate":false,"robots_max_snippet":null,"robots_max_videopreview":null,"robots_max_imagepreview":"large","priority":null,"frequency":null,"local_seo":null,"seo_analyzer_scan_date":"2025-11-30 15:20:42","breadcrumb_settings":null,"limit_modified_date":false,"open_ai":null,"ai":null,"created":"2020-12-21 14:00:17","updated":"2025-11-30 15:20:42"},"aioseo_breadcrumb":"<div class=\"aioseo-breadcrumbs\"><span class=\"aioseo-breadcrumb\">\n\t<a href=\"https:\/\/www.eldigitaldeasturias.com\/noticias\" title=\"Home\">Home<\/a>\n<\/span><span class=\"aioseo-breadcrumb-separator\">\u2013<\/span><span class=\"aioseo-breadcrumb\">\n\t<a href=\"https:\/\/www.eldigitaldeasturias.com\/noticias\/category\/actualidad-asturias\/\" title=\"Actualidad Asturias\">Actualidad Asturias<\/a>\n<\/span><span class=\"aioseo-breadcrumb-separator\">\u2013<\/span><span class=\"aioseo-breadcrumb\">\n\t<a href=\"https:\/\/www.eldigitaldeasturias.com\/noticias\/cristina-coto-foro-no-apoyara-unos-presupuestos-continuistas\/\" title=\"Cristina Coto: \u201cFORO no apoyar\u00e1 unos presupuestos continuistas\u201d\">Cristina Coto: \u201cFORO no apoyar\u00e1 unos presupuestos continuistas\u201d<\/a>\n<\/span><\/div>","aioseo_breadcrumb_json":[{"label":"Home","link":"https:\/\/www.eldigitaldeasturias.com\/noticias"},{"label":"Actualidad Asturias","link":"https:\/\/www.eldigitaldeasturias.com\/noticias\/category\/actualidad-asturias\/"},{"label":"Cristina Coto: \u201cFORO no apoyar\u00e1 unos presupuestos continuistas\u201d","link":"https:\/\/www.eldigitaldeasturias.com\/noticias\/cristina-coto-foro-no-apoyara-unos-presupuestos-continuistas\/"}],"_links":{"self":[{"href":"https:\/\/www.eldigitaldeasturias.com\/noticias\/wp-json\/wp\/v2\/posts\/908216","targetHints":{"allow":["GET"]}}],"collection":[{"href":"https:\/\/www.eldigitaldeasturias.com\/noticias\/wp-json\/wp\/v2\/posts"}],"about":[{"href":"https:\/\/www.eldigitaldeasturias.com\/noticias\/wp-json\/wp\/v2\/types\/post"}],"author":[{"embeddable":true,"href":"https:\/\/www.eldigitaldeasturias.com\/noticias\/wp-json\/wp\/v2\/users\/1"}],"replies":[{"embeddable":true,"href":"https:\/\/www.eldigitaldeasturias.com\/noticias\/wp-json\/wp\/v2\/comments?post=908216"}],"version-history":[{"count":0,"href":"https:\/\/www.eldigitaldeasturias.com\/noticias\/wp-json\/wp\/v2\/posts\/908216\/revisions"}],"wp:featuredmedia":[{"embeddable":true,"href":"https:\/\/www.eldigitaldeasturias.com\/noticias\/wp-json\/wp\/v2\/media\/908217"}],"wp:attachment":[{"href":"https:\/\/www.eldigitaldeasturias.com\/noticias\/wp-json\/wp\/v2\/media?parent=908216"}],"wp:term":[{"taxonomy":"category","embeddable":true,"href":"https:\/\/www.eldigitaldeasturias.com\/noticias\/wp-json\/wp\/v2\/categories?post=908216"},{"taxonomy":"post_tag","embeddable":true,"href":"https:\/\/www.eldigitaldeasturias.com\/noticias\/wp-json\/wp\/v2\/tags?post=908216"}],"curies":[{"name":"wp","href":"https:\/\/api.w.org\/{rel}","templated":true}]}}