{"id":908186,"date":"2016-09-17T16:51:15","date_gmt":"2016-09-17T15:51:15","guid":{"rendered":"http:\/\/www.eldigitaldeasturias.com\/noticias\/?p=908186"},"modified":"2016-09-17T16:51:15","modified_gmt":"2016-09-17T15:51:15","slug":"alvarez-cascos-foro-es-una-organizacion-al-servicio-de-los-asturianos","status":"publish","type":"post","link":"https:\/\/www.eldigitaldeasturias.com\/noticias\/alvarez-cascos-foro-es-una-organizacion-al-servicio-de-los-asturianos\/","title":{"rendered":"\u00c1lvarez-Cascos: \u00abForo es una organizaci\u00f3n al servicio de los asturianos\u201d"},"content":{"rendered":"<p><img loading=\"lazy\" decoding=\"async\" class=\"alignleft size-medium wp-image-500063\" src=\"https:\/\/www.eldigitaldeasturias.com\/noticias\/wp-content\/uploads\/2014\/03\/cascos-360x276.jpg\" alt=\"cascos\" width=\"360\" height=\"276\" srcset=\"https:\/\/www.eldigitaldeasturias.com\/noticias\/wp-content\/uploads\/2014\/03\/cascos-360x277.jpg 360w, https:\/\/www.eldigitaldeasturias.com\/noticias\/wp-content\/uploads\/2014\/03\/cascos-650x498.jpg 650w, https:\/\/www.eldigitaldeasturias.com\/noticias\/wp-content\/uploads\/2014\/03\/cascos.jpg 800w\" sizes=\"auto, (max-width: 360px) 100vw, 360px\" \/>El secretario general de Foro Asturias, Francisco \u00c1lvarez-Cascos, ha defendido este s\u00e1bado los resultados electorales obtenidos por la coalici\u00f3n que su partido form\u00f3 con el PP para presentarse a las dos \u00faltimas citas electorales estatales, y ha restado importancia a las \u00abdeserciones\u00bb y los \u00ababandonos\u00bb, que seg\u00fan reconoce, han creado cierta preocupaci\u00f3n en el seno de la formaci\u00f3n.<\/p>\n<p>As\u00ed lo ha recogido en la ponencia que ha le\u00eddo este s\u00e1bado en la Convenci\u00f3n Auton\u00f3mica que Foro Asturias est\u00e1 celebrando en el auditorio de La Pola de Siero.<\/p>\n<p>\u00abHe tomado como referencia los votos del PP y FORO obtenidos por separado en las elecciones municipales del pasado a\u00f1o en Asturias que, sumados, se elevaron a la cifra de 178.000. Pues bien, en las elecciones generales del 20 de diciembre, la Coalici\u00f3n con Isidro Mart\u00ednez Oblanca al frente, en un plano de igualdad como candidato de FORO, gan\u00f3 las elecciones en Asturias con 186.500 votos. Y el 26 de junio, la Coalici\u00f3n con Isidro Mart\u00ednez Oblanca otra vez al frente, en un plano de igualdad como candidato de FORO, volvi\u00f3 a ganar las elecciones en Asturias con 210.000 votos, un 15 % m\u00e1s que en las municipales de hace un a\u00f1o\u00bb, ha explicado.<\/p>\n<p>Comenta \u00abdetalles significativos\u00bb, como los de Ribera de Arriba o Vald\u00e9s, concejos en los la coalici\u00f3n mejor\u00f3 en las generales los resultados de ambos partidos por separado en las municipales, pese a las cr\u00edticas internas de los representantes forales de Foro. En el caso de Vald\u00e9s, \u00abFORO m\u00e1s el PP obtuvieron 1.892 votos en las elecciones municipales de 2015. En las elecciones generales del 26 de junio, la Coalici\u00f3n FORO-PP obtuvo 2.842 votos, un 50% m\u00e1s que en las municipales por separado, donde nuestra lista la encabezaban los concejales que han decidido hace dos meses convertirse en tr\u00e1nsfugas\u00bb, explica Cascos.<\/p>\n<p><strong>\u00abDESERCIONES\u00bb<\/strong><\/p>\n<p>Se ha referido \u00aba las personas que se han ido de FORO por motivos diversos, o que lo han hecho tras haber sido sancionadas por el Comit\u00e9 de Garant\u00edas Estatutarias, porque estas deserciones no son un problema real sino una liberaci\u00f3n purificadora\u00bb. \u00abForo es una organizaci\u00f3n al servicio de los asturianos y sobran todos aquellos que nos quieren convertir en una organizaci\u00f3n que se sirve de los asturianos para repartir favores y cargos\u00bb, ha planteado.<\/p>\n<p>Critica as\u00ed \u00aba quienes vinieron a buscar su propio beneficio pol\u00edtico en las listas y en los cargos\u00bb, a los que \u00abprefer\u00edan la t\u00e1ctica del compadreo con los instalados a la estrategia de confrontaci\u00f3n de ideas y de programas\u00bb, o a \u00abquienes prefieren mantenerse sin dar un palo al agua en las poltronas para sobrevivir antes que trabajar por cambiar a Asturias, con los riesgos que conlleva\u00bb.<\/p>\n<p>En estos y otros \u00abgrupos\u00bb incluye Cascos \u00aba la mayor\u00eda de las personas que nos han querido llevar a su redil para defender sus intereses particulares, y que no llevan bien que Foro siga adelante sin perder su identidad diferencial\u00bb.<\/p>\n<p>&nbsp;<\/p>\n","protected":false},"excerpt":{"rendered":"<p>El secretario general de Foro Asturias, Francisco \u00c1lvarez-Cascos, ha defendido este s\u00e1bado los resultados electorales obtenidos por la coalici\u00f3n que su partido form\u00f3 con el PP para presentarse a las dos \u00faltimas citas electorales estatales, y ha restado importancia a las \u00abdeserciones\u00bb y los \u00ababandonos\u00bb, que seg\u00fan reconoce, han creado cierta preocupaci\u00f3n en el seno [&hellip;]<\/p>\n","protected":false},"author":1,"featured_media":500063,"comment_status":"closed","ping_status":"closed","sticky":false,"template":"","format":"standard","meta":{"footnotes":""},"categories":[12],"tags":[],"class_list":["post-908186","post","type-post","status-publish","format-standard","has-post-thumbnail","hentry","category-actualidad-asturias"],"aioseo_notices":[],"aioseo_head":"\n\t\t<!-- All in One SEO Pro 4.9.6.2 - aioseo.com -->\n\t<meta name=\"description\" content=\"El secretario general de Foro Asturias, Francisco \u00c1lvarez-Cascos, ha defendido este s\u00e1bado los resultados electorales obtenidos por la coalici\u00f3n que su partido form\u00f3 con el PP para presentarse a las dos \u00faltimas citas electorales estatales, y ha restado importancia a las &quot;deserciones&quot; y los &quot;abandonos&quot;, que seg\u00fan reconoce, han creado cierta preocupaci\u00f3n en el seno\" \/>\n\t<meta name=\"robots\" content=\"max-image-preview:large\" \/>\n\t<meta name=\"author\" content=\"El Digital de Asturias\"\/>\n\t<meta name=\"google-site-verification\" content=\"UA-38556648-1\" \/>\n\t<meta name=\"msvalidate.01\" content=\"7dfe9f3f1b24437ab69f4f2559babe99\" \/>\n\t<meta name=\"keywords\" content=\"actualidad asturias\" \/>\n\t<link rel=\"canonical\" href=\"https:\/\/www.eldigitaldeasturias.com\/noticias\/alvarez-cascos-foro-es-una-organizacion-al-servicio-de-los-asturianos\/\" \/>\n\t<meta name=\"generator\" content=\"All in One SEO Pro (AIOSEO) 4.9.6.2\" \/>\n\t\t<meta property=\"og:locale\" content=\"es_ES\" \/>\n\t\t<meta property=\"og:site_name\" content=\"El Digital de Asturias\" \/>\n\t\t<meta property=\"og:type\" content=\"article\" \/>\n\t\t<meta property=\"og:title\" content=\"\u00c1lvarez-Cascos: \u00abForo es una organizaci\u00f3n al servicio de los asturianos\u201d - El Digital de Asturias\" \/>\n\t\t<meta property=\"og:description\" content=\"El secretario general de Foro Asturias, Francisco \u00c1lvarez-Cascos, ha defendido este s\u00e1bado los resultados electorales obtenidos por la coalici\u00f3n que su partido form\u00f3 con el PP para presentarse a las dos \u00faltimas citas electorales estatales, y ha restado importancia a las &quot;deserciones&quot; y los &quot;abandonos&quot;, que seg\u00fan reconoce, han creado cierta preocupaci\u00f3n en el seno\" \/>\n\t\t<meta property=\"og:url\" content=\"https:\/\/www.eldigitaldeasturias.com\/noticias\/alvarez-cascos-foro-es-una-organizacion-al-servicio-de-los-asturianos\/\" \/>\n\t\t<meta property=\"og:image\" content=\"https:\/\/www.eldigitaldeasturias.com\/noticias\/wp-content\/uploads\/2014\/03\/cascos.jpg\" \/>\n\t\t<meta property=\"og:image:secure_url\" content=\"https:\/\/www.eldigitaldeasturias.com\/noticias\/wp-content\/uploads\/2014\/03\/cascos.jpg\" \/>\n\t\t<meta property=\"og:image:width\" content=\"800\" \/>\n\t\t<meta property=\"og:image:height\" content=\"614\" \/>\n\t\t<meta property=\"article:tag\" content=\"actualidad asturias\" \/>\n\t\t<meta property=\"article:published_time\" content=\"2016-09-17T15:51:15+00:00\" \/>\n\t\t<meta property=\"article:modified_time\" content=\"2016-09-17T15:51:15+00:00\" \/>\n\t\t<meta property=\"article:publisher\" content=\"https:\/\/facebook.com\/eldigitaldeasturias\" \/>\n\t\t<meta name=\"twitter:card\" content=\"summary_large_image\" \/>\n\t\t<meta name=\"twitter:title\" content=\"\u00c1lvarez-Cascos: \u00abForo es una organizaci\u00f3n al servicio de los asturianos\u201d - El Digital de Asturias\" \/>\n\t\t<meta name=\"twitter:description\" content=\"El secretario general de Foro Asturias, Francisco \u00c1lvarez-Cascos, ha defendido este s\u00e1bado los resultados electorales obtenidos por la coalici\u00f3n que su partido form\u00f3 con el PP para presentarse a las dos \u00faltimas citas electorales estatales, y ha restado importancia a las &quot;deserciones&quot; y los &quot;abandonos&quot;, que seg\u00fan reconoce, han creado cierta preocupaci\u00f3n en el seno\" \/>\n\t\t<meta name=\"twitter:image\" content=\"https:\/\/www.eldigitaldeasturias.com\/noticias\/wp-content\/uploads\/2014\/03\/cascos.jpg\" \/>\n\t\t<meta name=\"twitter:label1\" content=\"Escrito por\" \/>\n\t\t<meta name=\"twitter:data1\" content=\"El Digital de Asturias\" \/>\n\t\t<meta name=\"twitter:label2\" content=\"Tiempo de lectura estimado\" \/>\n\t\t<meta name=\"twitter:data2\" content=\"3 minutos\" \/>\n\t\t<script type=\"application\/ld+json\" class=\"aioseo-schema\">\n\t\t\t{\"@context\":\"https:\\\/\\\/schema.org\",\"@graph\":[{\"@type\":\"BlogPosting\",\"@id\":\"https:\\\/\\\/www.eldigitaldeasturias.com\\\/noticias\\\/alvarez-cascos-foro-es-una-organizacion-al-servicio-de-los-asturianos\\\/#blogposting\",\"name\":\"\\u00c1lvarez-Cascos: \\u00abForo es una organizaci\\u00f3n al servicio de los asturianos\\u201d - El Digital de Asturias\",\"headline\":\"\\u00c1lvarez-Cascos: \\u00abForo es una organizaci\\u00f3n al servicio de los asturianos\\u201d\",\"author\":{\"@id\":\"https:\\\/\\\/www.eldigitaldeasturias.com\\\/noticias\\\/author\\\/admin\\\/#author\"},\"publisher\":{\"@id\":\"https:\\\/\\\/www.eldigitaldeasturias.com\\\/noticias\\\/#organization\"},\"image\":{\"@type\":\"ImageObject\",\"url\":\"https:\\\/\\\/www.eldigitaldeasturias.com\\\/noticias\\\/wp-content\\\/uploads\\\/2014\\\/03\\\/cascos.jpg\",\"width\":800,\"height\":614},\"datePublished\":\"2016-09-17T16:51:15+02:00\",\"dateModified\":\"2016-09-17T16:51:15+02:00\",\"inLanguage\":\"es-ES\",\"mainEntityOfPage\":{\"@id\":\"https:\\\/\\\/www.eldigitaldeasturias.com\\\/noticias\\\/alvarez-cascos-foro-es-una-organizacion-al-servicio-de-los-asturianos\\\/#webpage\"},\"isPartOf\":{\"@id\":\"https:\\\/\\\/www.eldigitaldeasturias.com\\\/noticias\\\/alvarez-cascos-foro-es-una-organizacion-al-servicio-de-los-asturianos\\\/#webpage\"},\"articleSection\":\"Actualidad Asturias\"},{\"@type\":\"BreadcrumbList\",\"@id\":\"https:\\\/\\\/www.eldigitaldeasturias.com\\\/noticias\\\/alvarez-cascos-foro-es-una-organizacion-al-servicio-de-los-asturianos\\\/#breadcrumblist\",\"itemListElement\":[{\"@type\":\"ListItem\",\"@id\":\"https:\\\/\\\/www.eldigitaldeasturias.com\\\/noticias#listItem\",\"position\":1,\"name\":\"Home\",\"item\":\"https:\\\/\\\/www.eldigitaldeasturias.com\\\/noticias\",\"nextItem\":{\"@type\":\"ListItem\",\"@id\":\"https:\\\/\\\/www.eldigitaldeasturias.com\\\/noticias\\\/category\\\/actualidad-asturias\\\/#listItem\",\"name\":\"Actualidad Asturias\"}},{\"@type\":\"ListItem\",\"@id\":\"https:\\\/\\\/www.eldigitaldeasturias.com\\\/noticias\\\/category\\\/actualidad-asturias\\\/#listItem\",\"position\":2,\"name\":\"Actualidad Asturias\",\"item\":\"https:\\\/\\\/www.eldigitaldeasturias.com\\\/noticias\\\/category\\\/actualidad-asturias\\\/\",\"nextItem\":{\"@type\":\"ListItem\",\"@id\":\"https:\\\/\\\/www.eldigitaldeasturias.com\\\/noticias\\\/alvarez-cascos-foro-es-una-organizacion-al-servicio-de-los-asturianos\\\/#listItem\",\"name\":\"\\u00c1lvarez-Cascos: \\u00abForo es una organizaci\\u00f3n al servicio de los asturianos\\u201d\"},\"previousItem\":{\"@type\":\"ListItem\",\"@id\":\"https:\\\/\\\/www.eldigitaldeasturias.com\\\/noticias#listItem\",\"name\":\"Home\"}},{\"@type\":\"ListItem\",\"@id\":\"https:\\\/\\\/www.eldigitaldeasturias.com\\\/noticias\\\/alvarez-cascos-foro-es-una-organizacion-al-servicio-de-los-asturianos\\\/#listItem\",\"position\":3,\"name\":\"\\u00c1lvarez-Cascos: \\u00abForo es una organizaci\\u00f3n al servicio de los asturianos\\u201d\",\"previousItem\":{\"@type\":\"ListItem\",\"@id\":\"https:\\\/\\\/www.eldigitaldeasturias.com\\\/noticias\\\/category\\\/actualidad-asturias\\\/#listItem\",\"name\":\"Actualidad Asturias\"}}]},{\"@type\":\"Organization\",\"@id\":\"https:\\\/\\\/www.eldigitaldeasturias.com\\\/noticias\\\/#organization\",\"name\":\"El Digital de Asturias\",\"description\":\"Hemeroteca\",\"url\":\"https:\\\/\\\/www.eldigitaldeasturias.com\\\/noticias\\\/\",\"email\":\"info@eldigitaldeasturias.com\",\"telephone\":\"+34652131393\",\"logo\":{\"@type\":\"ImageObject\",\"url\":\"https:\\\/\\\/www.eldigitaldeasturias.com\\\/noticias\\\/wp-content\\\/uploads\\\/2020\\\/12\\\/EDA.jpg\",\"@id\":\"https:\\\/\\\/www.eldigitaldeasturias.com\\\/noticias\\\/alvarez-cascos-foro-es-una-organizacion-al-servicio-de-los-asturianos\\\/#organizationLogo\",\"width\":649,\"height\":297},\"image\":{\"@id\":\"https:\\\/\\\/www.eldigitaldeasturias.com\\\/noticias\\\/alvarez-cascos-foro-es-una-organizacion-al-servicio-de-los-asturianos\\\/#organizationLogo\"},\"sameAs\":[\"https:\\\/\\\/facebook.com\\\/eldigitaldeasturias\",\"https:\\\/\\\/www.youtube.com\\\/channel\\\/UCZP-2wLEB9Rv6erhFmqVnvg\"],\"address\":{\"@id\":\"https:\\\/\\\/www.eldigitaldeasturias.com\\\/noticias\\\/#postaladdress\",\"@type\":\"PostalAddress\",\"streetAddress\":\"san antonio 4,\",\"postalCode\":\"33430\",\"addressLocality\":\"Cand\\u00e1s\",\"addressRegion\":\"Asturias\",\"addressCountry\":\"ES\"}},{\"@type\":\"Person\",\"@id\":\"https:\\\/\\\/www.eldigitaldeasturias.com\\\/noticias\\\/author\\\/admin\\\/#author\",\"url\":\"https:\\\/\\\/www.eldigitaldeasturias.com\\\/noticias\\\/author\\\/admin\\\/\",\"name\":\"El Digital de Asturias\",\"image\":{\"@type\":\"ImageObject\",\"@id\":\"https:\\\/\\\/www.eldigitaldeasturias.com\\\/noticias\\\/alvarez-cascos-foro-es-una-organizacion-al-servicio-de-los-asturianos\\\/#authorImage\",\"url\":\"https:\\\/\\\/www.eldigitaldeasturias.com\\\/noticias\\\/wp-content\\\/litespeed\\\/avatar\\\/18677e78aa0546b92d9dbf31ec7d7668.jpg?ver=1777290358\",\"width\":96,\"height\":96,\"caption\":\"El Digital de Asturias\"}},{\"@type\":\"WebPage\",\"@id\":\"https:\\\/\\\/www.eldigitaldeasturias.com\\\/noticias\\\/alvarez-cascos-foro-es-una-organizacion-al-servicio-de-los-asturianos\\\/#webpage\",\"url\":\"https:\\\/\\\/www.eldigitaldeasturias.com\\\/noticias\\\/alvarez-cascos-foro-es-una-organizacion-al-servicio-de-los-asturianos\\\/\",\"name\":\"\\u00c1lvarez-Cascos: \\u00abForo es una organizaci\\u00f3n al servicio de los asturianos\\u201d - El Digital de Asturias\",\"description\":\"El secretario general de Foro Asturias, Francisco \\u00c1lvarez-Cascos, ha defendido este s\\u00e1bado los resultados electorales obtenidos por la coalici\\u00f3n que su partido form\\u00f3 con el PP para presentarse a las dos \\u00faltimas citas electorales estatales, y ha restado importancia a las \\\"deserciones\\\" y los \\\"abandonos\\\", que seg\\u00fan reconoce, han creado cierta preocupaci\\u00f3n en el seno\",\"inLanguage\":\"es-ES\",\"isPartOf\":{\"@id\":\"https:\\\/\\\/www.eldigitaldeasturias.com\\\/noticias\\\/#website\"},\"breadcrumb\":{\"@id\":\"https:\\\/\\\/www.eldigitaldeasturias.com\\\/noticias\\\/alvarez-cascos-foro-es-una-organizacion-al-servicio-de-los-asturianos\\\/#breadcrumblist\"},\"author\":{\"@id\":\"https:\\\/\\\/www.eldigitaldeasturias.com\\\/noticias\\\/author\\\/admin\\\/#author\"},\"creator\":{\"@id\":\"https:\\\/\\\/www.eldigitaldeasturias.com\\\/noticias\\\/author\\\/admin\\\/#author\"},\"image\":{\"@type\":\"ImageObject\",\"url\":\"https:\\\/\\\/www.eldigitaldeasturias.com\\\/noticias\\\/wp-content\\\/uploads\\\/2014\\\/03\\\/cascos.jpg\",\"@id\":\"https:\\\/\\\/www.eldigitaldeasturias.com\\\/noticias\\\/alvarez-cascos-foro-es-una-organizacion-al-servicio-de-los-asturianos\\\/#mainImage\",\"width\":800,\"height\":614},\"primaryImageOfPage\":{\"@id\":\"https:\\\/\\\/www.eldigitaldeasturias.com\\\/noticias\\\/alvarez-cascos-foro-es-una-organizacion-al-servicio-de-los-asturianos\\\/#mainImage\"},\"datePublished\":\"2016-09-17T16:51:15+02:00\",\"dateModified\":\"2016-09-17T16:51:15+02:00\"},{\"@type\":\"WebSite\",\"@id\":\"https:\\\/\\\/www.eldigitaldeasturias.com\\\/noticias\\\/#website\",\"url\":\"https:\\\/\\\/www.eldigitaldeasturias.com\\\/noticias\\\/\",\"name\":\"El Digital de Asturias - Diario de actualidad y noticias\",\"alternateName\":\"El Digital de Asturias - Diario de actualidad y noticias\",\"description\":\"Hemeroteca\",\"inLanguage\":\"es-ES\",\"publisher\":{\"@id\":\"https:\\\/\\\/www.eldigitaldeasturias.com\\\/noticias\\\/#organization\"}}]}\n\t\t<\/script>\n\t\t<!-- All in One SEO Pro -->\r\n\t\t<title>\u00c1lvarez-Cascos: \u00abForo es una organizaci\u00f3n al servicio de los asturianos\u201d - El Digital de Asturias<\/title>\n\n","aioseo_head_json":{"title":"\u00c1lvarez-Cascos: \u00abForo es una organizaci\u00f3n al servicio de los asturianos\u201d - El Digital de Asturias","description":"El secretario general de Foro Asturias, Francisco \u00c1lvarez-Cascos, ha defendido este s\u00e1bado los resultados electorales obtenidos por la coalici\u00f3n que su partido form\u00f3 con el PP para presentarse a las dos \u00faltimas citas electorales estatales, y ha restado importancia a las \"deserciones\" y los \"abandonos\", que seg\u00fan reconoce, han creado cierta preocupaci\u00f3n en el seno","canonical_url":"https:\/\/www.eldigitaldeasturias.com\/noticias\/alvarez-cascos-foro-es-una-organizacion-al-servicio-de-los-asturianos\/","robots":"max-image-preview:large","keywords":"actualidad asturias","webmasterTools":{"google-site-verification":"UA-38556648-1","msvalidate.01":"7dfe9f3f1b24437ab69f4f2559babe99","miscellaneous":""},"schema":{"@context":"https:\/\/schema.org","@graph":[{"@type":"BlogPosting","@id":"https:\/\/www.eldigitaldeasturias.com\/noticias\/alvarez-cascos-foro-es-una-organizacion-al-servicio-de-los-asturianos\/#blogposting","name":"\u00c1lvarez-Cascos: \u00abForo es una organizaci\u00f3n al servicio de los asturianos\u201d - El Digital de Asturias","headline":"\u00c1lvarez-Cascos: \u00abForo es una organizaci\u00f3n al servicio de los asturianos\u201d","author":{"@id":"https:\/\/www.eldigitaldeasturias.com\/noticias\/author\/admin\/#author"},"publisher":{"@id":"https:\/\/www.eldigitaldeasturias.com\/noticias\/#organization"},"image":{"@type":"ImageObject","url":"https:\/\/www.eldigitaldeasturias.com\/noticias\/wp-content\/uploads\/2014\/03\/cascos.jpg","width":800,"height":614},"datePublished":"2016-09-17T16:51:15+02:00","dateModified":"2016-09-17T16:51:15+02:00","inLanguage":"es-ES","mainEntityOfPage":{"@id":"https:\/\/www.eldigitaldeasturias.com\/noticias\/alvarez-cascos-foro-es-una-organizacion-al-servicio-de-los-asturianos\/#webpage"},"isPartOf":{"@id":"https:\/\/www.eldigitaldeasturias.com\/noticias\/alvarez-cascos-foro-es-una-organizacion-al-servicio-de-los-asturianos\/#webpage"},"articleSection":"Actualidad Asturias"},{"@type":"BreadcrumbList","@id":"https:\/\/www.eldigitaldeasturias.com\/noticias\/alvarez-cascos-foro-es-una-organizacion-al-servicio-de-los-asturianos\/#breadcrumblist","itemListElement":[{"@type":"ListItem","@id":"https:\/\/www.eldigitaldeasturias.com\/noticias#listItem","position":1,"name":"Home","item":"https:\/\/www.eldigitaldeasturias.com\/noticias","nextItem":{"@type":"ListItem","@id":"https:\/\/www.eldigitaldeasturias.com\/noticias\/category\/actualidad-asturias\/#listItem","name":"Actualidad Asturias"}},{"@type":"ListItem","@id":"https:\/\/www.eldigitaldeasturias.com\/noticias\/category\/actualidad-asturias\/#listItem","position":2,"name":"Actualidad Asturias","item":"https:\/\/www.eldigitaldeasturias.com\/noticias\/category\/actualidad-asturias\/","nextItem":{"@type":"ListItem","@id":"https:\/\/www.eldigitaldeasturias.com\/noticias\/alvarez-cascos-foro-es-una-organizacion-al-servicio-de-los-asturianos\/#listItem","name":"\u00c1lvarez-Cascos: \u00abForo es una organizaci\u00f3n al servicio de los asturianos\u201d"},"previousItem":{"@type":"ListItem","@id":"https:\/\/www.eldigitaldeasturias.com\/noticias#listItem","name":"Home"}},{"@type":"ListItem","@id":"https:\/\/www.eldigitaldeasturias.com\/noticias\/alvarez-cascos-foro-es-una-organizacion-al-servicio-de-los-asturianos\/#listItem","position":3,"name":"\u00c1lvarez-Cascos: \u00abForo es una organizaci\u00f3n al servicio de los asturianos\u201d","previousItem":{"@type":"ListItem","@id":"https:\/\/www.eldigitaldeasturias.com\/noticias\/category\/actualidad-asturias\/#listItem","name":"Actualidad Asturias"}}]},{"@type":"Organization","@id":"https:\/\/www.eldigitaldeasturias.com\/noticias\/#organization","name":"El Digital de Asturias","description":"Hemeroteca","url":"https:\/\/www.eldigitaldeasturias.com\/noticias\/","email":"info@eldigitaldeasturias.com","telephone":"+34652131393","logo":{"@type":"ImageObject","url":"https:\/\/www.eldigitaldeasturias.com\/noticias\/wp-content\/uploads\/2020\/12\/EDA.jpg","@id":"https:\/\/www.eldigitaldeasturias.com\/noticias\/alvarez-cascos-foro-es-una-organizacion-al-servicio-de-los-asturianos\/#organizationLogo","width":649,"height":297},"image":{"@id":"https:\/\/www.eldigitaldeasturias.com\/noticias\/alvarez-cascos-foro-es-una-organizacion-al-servicio-de-los-asturianos\/#organizationLogo"},"sameAs":["https:\/\/facebook.com\/eldigitaldeasturias","https:\/\/www.youtube.com\/channel\/UCZP-2wLEB9Rv6erhFmqVnvg"],"address":{"@id":"https:\/\/www.eldigitaldeasturias.com\/noticias\/#postaladdress","@type":"PostalAddress","streetAddress":"san antonio 4,","postalCode":"33430","addressLocality":"Cand\u00e1s","addressRegion":"Asturias","addressCountry":"ES"}},{"@type":"Person","@id":"https:\/\/www.eldigitaldeasturias.com\/noticias\/author\/admin\/#author","url":"https:\/\/www.eldigitaldeasturias.com\/noticias\/author\/admin\/","name":"El Digital de Asturias","image":{"@type":"ImageObject","@id":"https:\/\/www.eldigitaldeasturias.com\/noticias\/alvarez-cascos-foro-es-una-organizacion-al-servicio-de-los-asturianos\/#authorImage","url":"https:\/\/www.eldigitaldeasturias.com\/noticias\/wp-content\/litespeed\/avatar\/18677e78aa0546b92d9dbf31ec7d7668.jpg?ver=1777290358","width":96,"height":96,"caption":"El Digital de Asturias"}},{"@type":"WebPage","@id":"https:\/\/www.eldigitaldeasturias.com\/noticias\/alvarez-cascos-foro-es-una-organizacion-al-servicio-de-los-asturianos\/#webpage","url":"https:\/\/www.eldigitaldeasturias.com\/noticias\/alvarez-cascos-foro-es-una-organizacion-al-servicio-de-los-asturianos\/","name":"\u00c1lvarez-Cascos: \u00abForo es una organizaci\u00f3n al servicio de los asturianos\u201d - El Digital de Asturias","description":"El secretario general de Foro Asturias, Francisco \u00c1lvarez-Cascos, ha defendido este s\u00e1bado los resultados electorales obtenidos por la coalici\u00f3n que su partido form\u00f3 con el PP para presentarse a las dos \u00faltimas citas electorales estatales, y ha restado importancia a las \"deserciones\" y los \"abandonos\", que seg\u00fan reconoce, han creado cierta preocupaci\u00f3n en el seno","inLanguage":"es-ES","isPartOf":{"@id":"https:\/\/www.eldigitaldeasturias.com\/noticias\/#website"},"breadcrumb":{"@id":"https:\/\/www.eldigitaldeasturias.com\/noticias\/alvarez-cascos-foro-es-una-organizacion-al-servicio-de-los-asturianos\/#breadcrumblist"},"author":{"@id":"https:\/\/www.eldigitaldeasturias.com\/noticias\/author\/admin\/#author"},"creator":{"@id":"https:\/\/www.eldigitaldeasturias.com\/noticias\/author\/admin\/#author"},"image":{"@type":"ImageObject","url":"https:\/\/www.eldigitaldeasturias.com\/noticias\/wp-content\/uploads\/2014\/03\/cascos.jpg","@id":"https:\/\/www.eldigitaldeasturias.com\/noticias\/alvarez-cascos-foro-es-una-organizacion-al-servicio-de-los-asturianos\/#mainImage","width":800,"height":614},"primaryImageOfPage":{"@id":"https:\/\/www.eldigitaldeasturias.com\/noticias\/alvarez-cascos-foro-es-una-organizacion-al-servicio-de-los-asturianos\/#mainImage"},"datePublished":"2016-09-17T16:51:15+02:00","dateModified":"2016-09-17T16:51:15+02:00"},{"@type":"WebSite","@id":"https:\/\/www.eldigitaldeasturias.com\/noticias\/#website","url":"https:\/\/www.eldigitaldeasturias.com\/noticias\/","name":"El Digital de Asturias - Diario de actualidad y noticias","alternateName":"El Digital de Asturias - Diario de actualidad y noticias","description":"Hemeroteca","inLanguage":"es-ES","publisher":{"@id":"https:\/\/www.eldigitaldeasturias.com\/noticias\/#organization"}}]},"og:locale":"es_ES","og:site_name":"El Digital de Asturias","og:type":"article","og:title":"\u00c1lvarez-Cascos: \u00abForo es una organizaci\u00f3n al servicio de los asturianos\u201d - El Digital de Asturias","og:description":"El secretario general de Foro Asturias, Francisco \u00c1lvarez-Cascos, ha defendido este s\u00e1bado los resultados electorales obtenidos por la coalici\u00f3n que su partido form\u00f3 con el PP para presentarse a las dos \u00faltimas citas electorales estatales, y ha restado importancia a las &quot;deserciones&quot; y los &quot;abandonos&quot;, que seg\u00fan reconoce, han creado cierta preocupaci\u00f3n en el seno","og:url":"https:\/\/www.eldigitaldeasturias.com\/noticias\/alvarez-cascos-foro-es-una-organizacion-al-servicio-de-los-asturianos\/","og:image":"https:\/\/www.eldigitaldeasturias.com\/noticias\/wp-content\/uploads\/2014\/03\/cascos.jpg","og:image:secure_url":"https:\/\/www.eldigitaldeasturias.com\/noticias\/wp-content\/uploads\/2014\/03\/cascos.jpg","og:image:width":800,"og:image:height":614,"article:tag":["actualidad asturias"],"article:published_time":"2016-09-17T15:51:15+00:00","article:modified_time":"2016-09-17T15:51:15+00:00","article:publisher":"https:\/\/facebook.com\/eldigitaldeasturias","twitter:card":"summary_large_image","twitter:title":"\u00c1lvarez-Cascos: \u00abForo es una organizaci\u00f3n al servicio de los asturianos\u201d - El Digital de Asturias","twitter:description":"El secretario general de Foro Asturias, Francisco \u00c1lvarez-Cascos, ha defendido este s\u00e1bado los resultados electorales obtenidos por la coalici\u00f3n que su partido form\u00f3 con el PP para presentarse a las dos \u00faltimas citas electorales estatales, y ha restado importancia a las &quot;deserciones&quot; y los &quot;abandonos&quot;, que seg\u00fan reconoce, han creado cierta preocupaci\u00f3n en el seno","twitter:image":"https:\/\/www.eldigitaldeasturias.com\/noticias\/wp-content\/uploads\/2014\/03\/cascos.jpg","twitter:label1":"Escrito por","twitter:data1":"El Digital de Asturias","twitter:label2":"Tiempo de lectura estimado","twitter:data2":"3 minutos"},"aioseo_meta_data":{"post_id":"908186","title":null,"description":null,"keywords":null,"keyphrases":null,"primary_term":null,"canonical_url":null,"og_title":null,"og_description":null,"og_object_type":"default","og_image_type":"default","og_image_url":null,"og_image_width":null,"og_image_height":null,"og_image_custom_url":null,"og_image_custom_fields":null,"og_video":null,"og_custom_url":null,"og_article_section":null,"og_article_tags":null,"twitter_use_og":false,"twitter_card":"default","twitter_image_type":"default","twitter_image_url":null,"twitter_image_custom_url":null,"twitter_image_custom_fields":null,"twitter_title":null,"twitter_description":null,"schema":{"blockGraphs":[],"customGraphs":[],"default":{"data":{"Article":[],"Course":[],"Dataset":[],"FAQPage":[],"Movie":[],"Person":[],"Product":[],"ProductReview":[],"Car":[],"Recipe":[],"Service":[],"SoftwareApplication":[],"WebPage":[]},"graphName":"","isEnabled":true},"graphs":[],"defaultGraph":"","defaultPostTypeGraph":""},"schema_type":null,"schema_type_options":null,"pillar_content":false,"robots_default":true,"robots_noindex":false,"robots_noarchive":false,"robots_nosnippet":false,"robots_nofollow":false,"robots_noimageindex":false,"robots_noodp":false,"robots_notranslate":false,"robots_max_snippet":null,"robots_max_videopreview":null,"robots_max_imagepreview":"large","priority":null,"frequency":null,"local_seo":null,"seo_analyzer_scan_date":"2025-11-30 15:09:35","breadcrumb_settings":null,"limit_modified_date":false,"open_ai":null,"ai":null,"created":"2020-12-21 14:00:17","updated":"2025-11-30 15:09:35"},"aioseo_breadcrumb":"<div class=\"aioseo-breadcrumbs\"><span class=\"aioseo-breadcrumb\">\n\t<a href=\"https:\/\/www.eldigitaldeasturias.com\/noticias\" title=\"Home\">Home<\/a>\n<\/span><span class=\"aioseo-breadcrumb-separator\">\u2013<\/span><span class=\"aioseo-breadcrumb\">\n\t<a href=\"https:\/\/www.eldigitaldeasturias.com\/noticias\/category\/actualidad-asturias\/\" title=\"Actualidad Asturias\">Actualidad Asturias<\/a>\n<\/span><span class=\"aioseo-breadcrumb-separator\">\u2013<\/span><span class=\"aioseo-breadcrumb\">\n\t<a href=\"https:\/\/www.eldigitaldeasturias.com\/noticias\/alvarez-cascos-foro-es-una-organizacion-al-servicio-de-los-asturianos\/\" title=\"\u00c1lvarez-Cascos: \u00abForo es una organizaci\u00f3n al servicio de los asturianos\u201d\">\u00c1lvarez-Cascos: \u00abForo es una organizaci\u00f3n al servicio de los asturianos\u201d<\/a>\n<\/span><\/div>","aioseo_breadcrumb_json":[{"label":"Home","link":"https:\/\/www.eldigitaldeasturias.com\/noticias"},{"label":"Actualidad Asturias","link":"https:\/\/www.eldigitaldeasturias.com\/noticias\/category\/actualidad-asturias\/"},{"label":"\u00c1lvarez-Cascos: \u00abForo es una organizaci\u00f3n al servicio de los asturianos\u201d","link":"https:\/\/www.eldigitaldeasturias.com\/noticias\/alvarez-cascos-foro-es-una-organizacion-al-servicio-de-los-asturianos\/"}],"_links":{"self":[{"href":"https:\/\/www.eldigitaldeasturias.com\/noticias\/wp-json\/wp\/v2\/posts\/908186","targetHints":{"allow":["GET"]}}],"collection":[{"href":"https:\/\/www.eldigitaldeasturias.com\/noticias\/wp-json\/wp\/v2\/posts"}],"about":[{"href":"https:\/\/www.eldigitaldeasturias.com\/noticias\/wp-json\/wp\/v2\/types\/post"}],"author":[{"embeddable":true,"href":"https:\/\/www.eldigitaldeasturias.com\/noticias\/wp-json\/wp\/v2\/users\/1"}],"replies":[{"embeddable":true,"href":"https:\/\/www.eldigitaldeasturias.com\/noticias\/wp-json\/wp\/v2\/comments?post=908186"}],"version-history":[{"count":0,"href":"https:\/\/www.eldigitaldeasturias.com\/noticias\/wp-json\/wp\/v2\/posts\/908186\/revisions"}],"wp:featuredmedia":[{"embeddable":true,"href":"https:\/\/www.eldigitaldeasturias.com\/noticias\/wp-json\/wp\/v2\/media\/500063"}],"wp:attachment":[{"href":"https:\/\/www.eldigitaldeasturias.com\/noticias\/wp-json\/wp\/v2\/media?parent=908186"}],"wp:term":[{"taxonomy":"category","embeddable":true,"href":"https:\/\/www.eldigitaldeasturias.com\/noticias\/wp-json\/wp\/v2\/categories?post=908186"},{"taxonomy":"post_tag","embeddable":true,"href":"https:\/\/www.eldigitaldeasturias.com\/noticias\/wp-json\/wp\/v2\/tags?post=908186"}],"curies":[{"name":"wp","href":"https:\/\/api.w.org\/{rel}","templated":true}]}}