{"id":908183,"date":"2016-09-17T16:17:10","date_gmt":"2016-09-17T15:17:10","guid":{"rendered":"http:\/\/www.eldigitaldeasturias.com\/noticias\/?p=908183"},"modified":"2016-09-17T16:17:10","modified_gmt":"2016-09-17T15:17:10","slug":"incendio-en-un-restaurante-de-buelna-en-llanes","status":"publish","type":"post","link":"https:\/\/www.eldigitaldeasturias.com\/noticias\/incendio-en-un-restaurante-de-buelna-en-llanes\/","title":{"rendered":"Incendio en un restaurante de Buelna, en Llanes"},"content":{"rendered":"<p><img loading=\"lazy\" decoding=\"async\" class=\"alignleft size-medium wp-image-908184\" src=\"https:\/\/www.eldigitaldeasturias.com\/noticias\/wp-content\/uploads\/2016\/09\/fotonoticia_20160917131239_800-192x320.jpg\" alt=\"fotonoticia_20160917131239_800\" width=\"192\" height=\"320\" srcset=\"https:\/\/www.eldigitaldeasturias.com\/noticias\/wp-content\/uploads\/2016\/09\/fotonoticia_20160917131239_800-192x320.jpg 192w, https:\/\/www.eldigitaldeasturias.com\/noticias\/wp-content\/uploads\/2016\/09\/fotonoticia_20160917131239_800.jpg 768w, https:\/\/www.eldigitaldeasturias.com\/noticias\/wp-content\/uploads\/2016\/09\/fotonoticia_20160917131239_800-390x650.jpg 390w\" sizes=\"auto, (max-width: 192px) 100vw, 192px\" \/>Efectivos de Bomberos del Servicio de Emergencias del Principado de Asturias (SEPA), con base en el parque de Llanes, han extinguido un incendio declarado en la cocina de un restaurante ubicado en la localidad llanisca de Buelna.<\/p>\n<p>Seg\u00fan ha informado el SEPA en una nota de prensa, el incendio calcin\u00f3 parte de la cocina del citado restaurante y el resto de la estancia result\u00f3 afectado por el humo. El fuego tambi\u00e9n quem\u00f3 parte de la techumbre del habit\u00e1culo. Los bomberos tuvieron que sanearla puesto que era de madera.<\/p>\n<p>El Centro de Coordinaci\u00f3n de Emergencias recibi\u00f3 el aviso a las 10.55 horas. En la llamada indicaban que estaba quemando una cocina. Se trataba de un inmueble de dos alturas y hab\u00eda una casa anexa. Inicialmente se\u00f1alaron que pod\u00eda haber una persona afectada por el humo por lo que se pas\u00f3 la llamada con el Servicio de Atenci\u00f3n M\u00e9dica Urgente (SAMU). Los servicios sanitarios no enviaron medios a la zona ya que el afectado, un var\u00f3n de 53 a\u00f1os, que se encontraba bien se\u00f1al\u00f3 que se acercar\u00eda por sus medios al centro de salud.<\/p>\n<p>A las 11.02 horas se recibe una segunda llamada en la que se confirma que todo el personal que se encontraba trabajando en el restaurante se encuentra ya fuera de la instalaci\u00f3n.<\/p>\n<p>La Sala del 112, paralelamente, moviliz\u00f3 una dotaci\u00f3n de bomberos con base en el parque llanisco que a las 11.34 horas da por controlado el incendio. Tras sanear la techumbre, ventilar y revisar que no quedase ning\u00fan foco de calor retiraron del lugar para regresar a base a las 12.26 horas.<\/p>\n<p>El Jefe de Zona, que fue informado desde un primer momento, tambi\u00e9n se traslad\u00f3 al incidente. Como marca el protocolo tambi\u00e9n se comunic\u00f3 lo sucedido a la Guardia Civil.<\/p>\n<p>&nbsp;<\/p>\n","protected":false},"excerpt":{"rendered":"<p>Efectivos de Bomberos del Servicio de Emergencias del Principado de Asturias (SEPA), con base en el parque de Llanes, han extinguido un incendio declarado en la cocina de un restaurante ubicado en la localidad llanisca de Buelna. Seg\u00fan ha informado el SEPA en una nota de prensa, el incendio calcin\u00f3 parte de la cocina del [&hellip;]<\/p>\n","protected":false},"author":1,"featured_media":908184,"comment_status":"closed","ping_status":"closed","sticky":false,"template":"","format":"standard","meta":{"footnotes":""},"categories":[5],"tags":[],"class_list":["post-908183","post","type-post","status-publish","format-standard","has-post-thumbnail","hentry","category-sucesos"],"aioseo_notices":[],"aioseo_head":"\n\t\t<!-- All in One SEO Pro 4.9.6.2 - aioseo.com -->\n\t<meta name=\"description\" content=\"Efectivos de Bomberos del Servicio de Emergencias del Principado de Asturias (SEPA), con base en el parque de Llanes, han extinguido un incendio declarado en la cocina de un restaurante ubicado en la localidad llanisca de Buelna. Seg\u00fan ha informado el SEPA en una nota de prensa, el incendio calcin\u00f3 parte de la cocina del\" \/>\n\t<meta name=\"robots\" content=\"max-image-preview:large\" \/>\n\t<meta name=\"author\" content=\"El Digital de Asturias\"\/>\n\t<meta name=\"google-site-verification\" content=\"UA-38556648-1\" \/>\n\t<meta name=\"msvalidate.01\" content=\"7dfe9f3f1b24437ab69f4f2559babe99\" \/>\n\t<meta name=\"keywords\" content=\"sucesos\" \/>\n\t<link rel=\"canonical\" href=\"https:\/\/www.eldigitaldeasturias.com\/noticias\/incendio-en-un-restaurante-de-buelna-en-llanes\/\" \/>\n\t<meta name=\"generator\" content=\"All in One SEO Pro (AIOSEO) 4.9.6.2\" \/>\n\t\t<meta property=\"og:locale\" content=\"es_ES\" \/>\n\t\t<meta property=\"og:site_name\" content=\"El Digital de Asturias\" \/>\n\t\t<meta property=\"og:type\" content=\"article\" \/>\n\t\t<meta property=\"og:title\" content=\"Incendio en un restaurante de Buelna, en Llanes - El Digital de Asturias\" \/>\n\t\t<meta property=\"og:description\" content=\"Efectivos de Bomberos del Servicio de Emergencias del Principado de Asturias (SEPA), con base en el parque de Llanes, han extinguido un incendio declarado en la cocina de un restaurante ubicado en la localidad llanisca de Buelna. Seg\u00fan ha informado el SEPA en una nota de prensa, el incendio calcin\u00f3 parte de la cocina del\" \/>\n\t\t<meta property=\"og:url\" content=\"https:\/\/www.eldigitaldeasturias.com\/noticias\/incendio-en-un-restaurante-de-buelna-en-llanes\/\" \/>\n\t\t<meta property=\"og:image\" content=\"https:\/\/www.eldigitaldeasturias.com\/noticias\/wp-content\/uploads\/2016\/09\/fotonoticia_20160917131239_800.jpg\" \/>\n\t\t<meta property=\"og:image:secure_url\" content=\"https:\/\/www.eldigitaldeasturias.com\/noticias\/wp-content\/uploads\/2016\/09\/fotonoticia_20160917131239_800.jpg\" \/>\n\t\t<meta property=\"og:image:width\" content=\"768\" \/>\n\t\t<meta property=\"og:image:height\" content=\"1280\" \/>\n\t\t<meta property=\"article:tag\" content=\"sucesos\" \/>\n\t\t<meta property=\"article:published_time\" content=\"2016-09-17T15:17:10+00:00\" \/>\n\t\t<meta property=\"article:modified_time\" content=\"2016-09-17T15:17:10+00:00\" \/>\n\t\t<meta property=\"article:publisher\" content=\"https:\/\/facebook.com\/eldigitaldeasturias\" \/>\n\t\t<meta name=\"twitter:card\" content=\"summary_large_image\" \/>\n\t\t<meta name=\"twitter:title\" content=\"Incendio en un restaurante de Buelna, en Llanes - El Digital de Asturias\" \/>\n\t\t<meta name=\"twitter:description\" content=\"Efectivos de Bomberos del Servicio de Emergencias del Principado de Asturias (SEPA), con base en el parque de Llanes, han extinguido un incendio declarado en la cocina de un restaurante ubicado en la localidad llanisca de Buelna. Seg\u00fan ha informado el SEPA en una nota de prensa, el incendio calcin\u00f3 parte de la cocina del\" \/>\n\t\t<meta name=\"twitter:image\" content=\"https:\/\/www.eldigitaldeasturias.com\/noticias\/wp-content\/uploads\/2016\/09\/fotonoticia_20160917131239_800.jpg\" \/>\n\t\t<meta name=\"twitter:label1\" content=\"Escrito por\" \/>\n\t\t<meta name=\"twitter:data1\" content=\"El Digital de Asturias\" \/>\n\t\t<meta name=\"twitter:label2\" content=\"Tiempo de lectura estimado\" \/>\n\t\t<meta name=\"twitter:data2\" content=\"2 minutos\" \/>\n\t\t<script type=\"application\/ld+json\" class=\"aioseo-schema\">\n\t\t\t{\"@context\":\"https:\\\/\\\/schema.org\",\"@graph\":[{\"@type\":\"BlogPosting\",\"@id\":\"https:\\\/\\\/www.eldigitaldeasturias.com\\\/noticias\\\/incendio-en-un-restaurante-de-buelna-en-llanes\\\/#blogposting\",\"name\":\"Incendio en un restaurante de Buelna, en Llanes - El Digital de Asturias\",\"headline\":\"Incendio en un restaurante de Buelna, en Llanes\",\"author\":{\"@id\":\"https:\\\/\\\/www.eldigitaldeasturias.com\\\/noticias\\\/author\\\/admin\\\/#author\"},\"publisher\":{\"@id\":\"https:\\\/\\\/www.eldigitaldeasturias.com\\\/noticias\\\/#organization\"},\"image\":{\"@type\":\"ImageObject\",\"url\":\"https:\\\/\\\/www.eldigitaldeasturias.com\\\/noticias\\\/wp-content\\\/uploads\\\/2016\\\/09\\\/fotonoticia_20160917131239_800.jpg\",\"width\":768,\"height\":1280},\"datePublished\":\"2016-09-17T16:17:10+02:00\",\"dateModified\":\"2016-09-17T16:17:10+02:00\",\"inLanguage\":\"es-ES\",\"mainEntityOfPage\":{\"@id\":\"https:\\\/\\\/www.eldigitaldeasturias.com\\\/noticias\\\/incendio-en-un-restaurante-de-buelna-en-llanes\\\/#webpage\"},\"isPartOf\":{\"@id\":\"https:\\\/\\\/www.eldigitaldeasturias.com\\\/noticias\\\/incendio-en-un-restaurante-de-buelna-en-llanes\\\/#webpage\"},\"articleSection\":\"Sucesos\"},{\"@type\":\"BreadcrumbList\",\"@id\":\"https:\\\/\\\/www.eldigitaldeasturias.com\\\/noticias\\\/incendio-en-un-restaurante-de-buelna-en-llanes\\\/#breadcrumblist\",\"itemListElement\":[{\"@type\":\"ListItem\",\"@id\":\"https:\\\/\\\/www.eldigitaldeasturias.com\\\/noticias#listItem\",\"position\":1,\"name\":\"Home\",\"item\":\"https:\\\/\\\/www.eldigitaldeasturias.com\\\/noticias\",\"nextItem\":{\"@type\":\"ListItem\",\"@id\":\"https:\\\/\\\/www.eldigitaldeasturias.com\\\/noticias\\\/category\\\/sucesos\\\/#listItem\",\"name\":\"Sucesos\"}},{\"@type\":\"ListItem\",\"@id\":\"https:\\\/\\\/www.eldigitaldeasturias.com\\\/noticias\\\/category\\\/sucesos\\\/#listItem\",\"position\":2,\"name\":\"Sucesos\",\"item\":\"https:\\\/\\\/www.eldigitaldeasturias.com\\\/noticias\\\/category\\\/sucesos\\\/\",\"nextItem\":{\"@type\":\"ListItem\",\"@id\":\"https:\\\/\\\/www.eldigitaldeasturias.com\\\/noticias\\\/incendio-en-un-restaurante-de-buelna-en-llanes\\\/#listItem\",\"name\":\"Incendio en un restaurante de Buelna, en Llanes\"},\"previousItem\":{\"@type\":\"ListItem\",\"@id\":\"https:\\\/\\\/www.eldigitaldeasturias.com\\\/noticias#listItem\",\"name\":\"Home\"}},{\"@type\":\"ListItem\",\"@id\":\"https:\\\/\\\/www.eldigitaldeasturias.com\\\/noticias\\\/incendio-en-un-restaurante-de-buelna-en-llanes\\\/#listItem\",\"position\":3,\"name\":\"Incendio en un restaurante de Buelna, en Llanes\",\"previousItem\":{\"@type\":\"ListItem\",\"@id\":\"https:\\\/\\\/www.eldigitaldeasturias.com\\\/noticias\\\/category\\\/sucesos\\\/#listItem\",\"name\":\"Sucesos\"}}]},{\"@type\":\"Organization\",\"@id\":\"https:\\\/\\\/www.eldigitaldeasturias.com\\\/noticias\\\/#organization\",\"name\":\"El Digital de Asturias\",\"description\":\"Hemeroteca\",\"url\":\"https:\\\/\\\/www.eldigitaldeasturias.com\\\/noticias\\\/\",\"email\":\"info@eldigitaldeasturias.com\",\"telephone\":\"+34652131393\",\"logo\":{\"@type\":\"ImageObject\",\"url\":\"https:\\\/\\\/www.eldigitaldeasturias.com\\\/noticias\\\/wp-content\\\/uploads\\\/2020\\\/12\\\/EDA.jpg\",\"@id\":\"https:\\\/\\\/www.eldigitaldeasturias.com\\\/noticias\\\/incendio-en-un-restaurante-de-buelna-en-llanes\\\/#organizationLogo\",\"width\":649,\"height\":297},\"image\":{\"@id\":\"https:\\\/\\\/www.eldigitaldeasturias.com\\\/noticias\\\/incendio-en-un-restaurante-de-buelna-en-llanes\\\/#organizationLogo\"},\"sameAs\":[\"https:\\\/\\\/facebook.com\\\/eldigitaldeasturias\",\"https:\\\/\\\/www.youtube.com\\\/channel\\\/UCZP-2wLEB9Rv6erhFmqVnvg\"],\"address\":{\"@id\":\"https:\\\/\\\/www.eldigitaldeasturias.com\\\/noticias\\\/#postaladdress\",\"@type\":\"PostalAddress\",\"streetAddress\":\"san antonio 4,\",\"postalCode\":\"33430\",\"addressLocality\":\"Cand\\u00e1s\",\"addressRegion\":\"Asturias\",\"addressCountry\":\"ES\"}},{\"@type\":\"Person\",\"@id\":\"https:\\\/\\\/www.eldigitaldeasturias.com\\\/noticias\\\/author\\\/admin\\\/#author\",\"url\":\"https:\\\/\\\/www.eldigitaldeasturias.com\\\/noticias\\\/author\\\/admin\\\/\",\"name\":\"El Digital de Asturias\",\"image\":{\"@type\":\"ImageObject\",\"@id\":\"https:\\\/\\\/www.eldigitaldeasturias.com\\\/noticias\\\/incendio-en-un-restaurante-de-buelna-en-llanes\\\/#authorImage\",\"url\":\"https:\\\/\\\/www.eldigitaldeasturias.com\\\/noticias\\\/wp-content\\\/litespeed\\\/avatar\\\/18677e78aa0546b92d9dbf31ec7d7668.jpg?ver=1777290358\",\"width\":96,\"height\":96,\"caption\":\"El Digital de Asturias\"}},{\"@type\":\"WebPage\",\"@id\":\"https:\\\/\\\/www.eldigitaldeasturias.com\\\/noticias\\\/incendio-en-un-restaurante-de-buelna-en-llanes\\\/#webpage\",\"url\":\"https:\\\/\\\/www.eldigitaldeasturias.com\\\/noticias\\\/incendio-en-un-restaurante-de-buelna-en-llanes\\\/\",\"name\":\"Incendio en un restaurante de Buelna, en Llanes - El Digital de Asturias\",\"description\":\"Efectivos de Bomberos del Servicio de Emergencias del Principado de Asturias (SEPA), con base en el parque de Llanes, han extinguido un incendio declarado en la cocina de un restaurante ubicado en la localidad llanisca de Buelna. Seg\\u00fan ha informado el SEPA en una nota de prensa, el incendio calcin\\u00f3 parte de la cocina del\",\"inLanguage\":\"es-ES\",\"isPartOf\":{\"@id\":\"https:\\\/\\\/www.eldigitaldeasturias.com\\\/noticias\\\/#website\"},\"breadcrumb\":{\"@id\":\"https:\\\/\\\/www.eldigitaldeasturias.com\\\/noticias\\\/incendio-en-un-restaurante-de-buelna-en-llanes\\\/#breadcrumblist\"},\"author\":{\"@id\":\"https:\\\/\\\/www.eldigitaldeasturias.com\\\/noticias\\\/author\\\/admin\\\/#author\"},\"creator\":{\"@id\":\"https:\\\/\\\/www.eldigitaldeasturias.com\\\/noticias\\\/author\\\/admin\\\/#author\"},\"image\":{\"@type\":\"ImageObject\",\"url\":\"https:\\\/\\\/www.eldigitaldeasturias.com\\\/noticias\\\/wp-content\\\/uploads\\\/2016\\\/09\\\/fotonoticia_20160917131239_800.jpg\",\"@id\":\"https:\\\/\\\/www.eldigitaldeasturias.com\\\/noticias\\\/incendio-en-un-restaurante-de-buelna-en-llanes\\\/#mainImage\",\"width\":768,\"height\":1280},\"primaryImageOfPage\":{\"@id\":\"https:\\\/\\\/www.eldigitaldeasturias.com\\\/noticias\\\/incendio-en-un-restaurante-de-buelna-en-llanes\\\/#mainImage\"},\"datePublished\":\"2016-09-17T16:17:10+02:00\",\"dateModified\":\"2016-09-17T16:17:10+02:00\"},{\"@type\":\"WebSite\",\"@id\":\"https:\\\/\\\/www.eldigitaldeasturias.com\\\/noticias\\\/#website\",\"url\":\"https:\\\/\\\/www.eldigitaldeasturias.com\\\/noticias\\\/\",\"name\":\"El Digital de Asturias - Diario de actualidad y noticias\",\"alternateName\":\"El Digital de Asturias - Diario de actualidad y noticias\",\"description\":\"Hemeroteca\",\"inLanguage\":\"es-ES\",\"publisher\":{\"@id\":\"https:\\\/\\\/www.eldigitaldeasturias.com\\\/noticias\\\/#organization\"}}]}\n\t\t<\/script>\n\t\t<!-- All in One SEO Pro -->\r\n\t\t<title>Incendio en un restaurante de Buelna, en Llanes - El Digital de Asturias<\/title>\n\n","aioseo_head_json":{"title":"Incendio en un restaurante de Buelna, en Llanes - El Digital de Asturias","description":"Efectivos de Bomberos del Servicio de Emergencias del Principado de Asturias (SEPA), con base en el parque de Llanes, han extinguido un incendio declarado en la cocina de un restaurante ubicado en la localidad llanisca de Buelna. Seg\u00fan ha informado el SEPA en una nota de prensa, el incendio calcin\u00f3 parte de la cocina del","canonical_url":"https:\/\/www.eldigitaldeasturias.com\/noticias\/incendio-en-un-restaurante-de-buelna-en-llanes\/","robots":"max-image-preview:large","keywords":"sucesos","webmasterTools":{"google-site-verification":"UA-38556648-1","msvalidate.01":"7dfe9f3f1b24437ab69f4f2559babe99","miscellaneous":""},"schema":{"@context":"https:\/\/schema.org","@graph":[{"@type":"BlogPosting","@id":"https:\/\/www.eldigitaldeasturias.com\/noticias\/incendio-en-un-restaurante-de-buelna-en-llanes\/#blogposting","name":"Incendio en un restaurante de Buelna, en Llanes - El Digital de Asturias","headline":"Incendio en un restaurante de Buelna, en Llanes","author":{"@id":"https:\/\/www.eldigitaldeasturias.com\/noticias\/author\/admin\/#author"},"publisher":{"@id":"https:\/\/www.eldigitaldeasturias.com\/noticias\/#organization"},"image":{"@type":"ImageObject","url":"https:\/\/www.eldigitaldeasturias.com\/noticias\/wp-content\/uploads\/2016\/09\/fotonoticia_20160917131239_800.jpg","width":768,"height":1280},"datePublished":"2016-09-17T16:17:10+02:00","dateModified":"2016-09-17T16:17:10+02:00","inLanguage":"es-ES","mainEntityOfPage":{"@id":"https:\/\/www.eldigitaldeasturias.com\/noticias\/incendio-en-un-restaurante-de-buelna-en-llanes\/#webpage"},"isPartOf":{"@id":"https:\/\/www.eldigitaldeasturias.com\/noticias\/incendio-en-un-restaurante-de-buelna-en-llanes\/#webpage"},"articleSection":"Sucesos"},{"@type":"BreadcrumbList","@id":"https:\/\/www.eldigitaldeasturias.com\/noticias\/incendio-en-un-restaurante-de-buelna-en-llanes\/#breadcrumblist","itemListElement":[{"@type":"ListItem","@id":"https:\/\/www.eldigitaldeasturias.com\/noticias#listItem","position":1,"name":"Home","item":"https:\/\/www.eldigitaldeasturias.com\/noticias","nextItem":{"@type":"ListItem","@id":"https:\/\/www.eldigitaldeasturias.com\/noticias\/category\/sucesos\/#listItem","name":"Sucesos"}},{"@type":"ListItem","@id":"https:\/\/www.eldigitaldeasturias.com\/noticias\/category\/sucesos\/#listItem","position":2,"name":"Sucesos","item":"https:\/\/www.eldigitaldeasturias.com\/noticias\/category\/sucesos\/","nextItem":{"@type":"ListItem","@id":"https:\/\/www.eldigitaldeasturias.com\/noticias\/incendio-en-un-restaurante-de-buelna-en-llanes\/#listItem","name":"Incendio en un restaurante de Buelna, en Llanes"},"previousItem":{"@type":"ListItem","@id":"https:\/\/www.eldigitaldeasturias.com\/noticias#listItem","name":"Home"}},{"@type":"ListItem","@id":"https:\/\/www.eldigitaldeasturias.com\/noticias\/incendio-en-un-restaurante-de-buelna-en-llanes\/#listItem","position":3,"name":"Incendio en un restaurante de Buelna, en Llanes","previousItem":{"@type":"ListItem","@id":"https:\/\/www.eldigitaldeasturias.com\/noticias\/category\/sucesos\/#listItem","name":"Sucesos"}}]},{"@type":"Organization","@id":"https:\/\/www.eldigitaldeasturias.com\/noticias\/#organization","name":"El Digital de Asturias","description":"Hemeroteca","url":"https:\/\/www.eldigitaldeasturias.com\/noticias\/","email":"info@eldigitaldeasturias.com","telephone":"+34652131393","logo":{"@type":"ImageObject","url":"https:\/\/www.eldigitaldeasturias.com\/noticias\/wp-content\/uploads\/2020\/12\/EDA.jpg","@id":"https:\/\/www.eldigitaldeasturias.com\/noticias\/incendio-en-un-restaurante-de-buelna-en-llanes\/#organizationLogo","width":649,"height":297},"image":{"@id":"https:\/\/www.eldigitaldeasturias.com\/noticias\/incendio-en-un-restaurante-de-buelna-en-llanes\/#organizationLogo"},"sameAs":["https:\/\/facebook.com\/eldigitaldeasturias","https:\/\/www.youtube.com\/channel\/UCZP-2wLEB9Rv6erhFmqVnvg"],"address":{"@id":"https:\/\/www.eldigitaldeasturias.com\/noticias\/#postaladdress","@type":"PostalAddress","streetAddress":"san antonio 4,","postalCode":"33430","addressLocality":"Cand\u00e1s","addressRegion":"Asturias","addressCountry":"ES"}},{"@type":"Person","@id":"https:\/\/www.eldigitaldeasturias.com\/noticias\/author\/admin\/#author","url":"https:\/\/www.eldigitaldeasturias.com\/noticias\/author\/admin\/","name":"El Digital de Asturias","image":{"@type":"ImageObject","@id":"https:\/\/www.eldigitaldeasturias.com\/noticias\/incendio-en-un-restaurante-de-buelna-en-llanes\/#authorImage","url":"https:\/\/www.eldigitaldeasturias.com\/noticias\/wp-content\/litespeed\/avatar\/18677e78aa0546b92d9dbf31ec7d7668.jpg?ver=1777290358","width":96,"height":96,"caption":"El Digital de Asturias"}},{"@type":"WebPage","@id":"https:\/\/www.eldigitaldeasturias.com\/noticias\/incendio-en-un-restaurante-de-buelna-en-llanes\/#webpage","url":"https:\/\/www.eldigitaldeasturias.com\/noticias\/incendio-en-un-restaurante-de-buelna-en-llanes\/","name":"Incendio en un restaurante de Buelna, en Llanes - El Digital de Asturias","description":"Efectivos de Bomberos del Servicio de Emergencias del Principado de Asturias (SEPA), con base en el parque de Llanes, han extinguido un incendio declarado en la cocina de un restaurante ubicado en la localidad llanisca de Buelna. Seg\u00fan ha informado el SEPA en una nota de prensa, el incendio calcin\u00f3 parte de la cocina del","inLanguage":"es-ES","isPartOf":{"@id":"https:\/\/www.eldigitaldeasturias.com\/noticias\/#website"},"breadcrumb":{"@id":"https:\/\/www.eldigitaldeasturias.com\/noticias\/incendio-en-un-restaurante-de-buelna-en-llanes\/#breadcrumblist"},"author":{"@id":"https:\/\/www.eldigitaldeasturias.com\/noticias\/author\/admin\/#author"},"creator":{"@id":"https:\/\/www.eldigitaldeasturias.com\/noticias\/author\/admin\/#author"},"image":{"@type":"ImageObject","url":"https:\/\/www.eldigitaldeasturias.com\/noticias\/wp-content\/uploads\/2016\/09\/fotonoticia_20160917131239_800.jpg","@id":"https:\/\/www.eldigitaldeasturias.com\/noticias\/incendio-en-un-restaurante-de-buelna-en-llanes\/#mainImage","width":768,"height":1280},"primaryImageOfPage":{"@id":"https:\/\/www.eldigitaldeasturias.com\/noticias\/incendio-en-un-restaurante-de-buelna-en-llanes\/#mainImage"},"datePublished":"2016-09-17T16:17:10+02:00","dateModified":"2016-09-17T16:17:10+02:00"},{"@type":"WebSite","@id":"https:\/\/www.eldigitaldeasturias.com\/noticias\/#website","url":"https:\/\/www.eldigitaldeasturias.com\/noticias\/","name":"El Digital de Asturias - Diario de actualidad y noticias","alternateName":"El Digital de Asturias - Diario de actualidad y noticias","description":"Hemeroteca","inLanguage":"es-ES","publisher":{"@id":"https:\/\/www.eldigitaldeasturias.com\/noticias\/#organization"}}]},"og:locale":"es_ES","og:site_name":"El Digital de Asturias","og:type":"article","og:title":"Incendio en un restaurante de Buelna, en Llanes - El Digital de Asturias","og:description":"Efectivos de Bomberos del Servicio de Emergencias del Principado de Asturias (SEPA), con base en el parque de Llanes, han extinguido un incendio declarado en la cocina de un restaurante ubicado en la localidad llanisca de Buelna. Seg\u00fan ha informado el SEPA en una nota de prensa, el incendio calcin\u00f3 parte de la cocina del","og:url":"https:\/\/www.eldigitaldeasturias.com\/noticias\/incendio-en-un-restaurante-de-buelna-en-llanes\/","og:image":"https:\/\/www.eldigitaldeasturias.com\/noticias\/wp-content\/uploads\/2016\/09\/fotonoticia_20160917131239_800.jpg","og:image:secure_url":"https:\/\/www.eldigitaldeasturias.com\/noticias\/wp-content\/uploads\/2016\/09\/fotonoticia_20160917131239_800.jpg","og:image:width":768,"og:image:height":1280,"article:tag":["sucesos"],"article:published_time":"2016-09-17T15:17:10+00:00","article:modified_time":"2016-09-17T15:17:10+00:00","article:publisher":"https:\/\/facebook.com\/eldigitaldeasturias","twitter:card":"summary_large_image","twitter:title":"Incendio en un restaurante de Buelna, en Llanes - El Digital de Asturias","twitter:description":"Efectivos de Bomberos del Servicio de Emergencias del Principado de Asturias (SEPA), con base en el parque de Llanes, han extinguido un incendio declarado en la cocina de un restaurante ubicado en la localidad llanisca de Buelna. Seg\u00fan ha informado el SEPA en una nota de prensa, el incendio calcin\u00f3 parte de la cocina del","twitter:image":"https:\/\/www.eldigitaldeasturias.com\/noticias\/wp-content\/uploads\/2016\/09\/fotonoticia_20160917131239_800.jpg","twitter:label1":"Escrito por","twitter:data1":"El Digital de Asturias","twitter:label2":"Tiempo de lectura estimado","twitter:data2":"2 minutos"},"aioseo_meta_data":{"post_id":"908183","title":null,"description":null,"keywords":null,"keyphrases":null,"primary_term":null,"canonical_url":null,"og_title":null,"og_description":null,"og_object_type":"default","og_image_type":"default","og_image_url":null,"og_image_width":null,"og_image_height":null,"og_image_custom_url":null,"og_image_custom_fields":null,"og_video":null,"og_custom_url":null,"og_article_section":null,"og_article_tags":null,"twitter_use_og":false,"twitter_card":"default","twitter_image_type":"default","twitter_image_url":null,"twitter_image_custom_url":null,"twitter_image_custom_fields":null,"twitter_title":null,"twitter_description":null,"schema":{"blockGraphs":[],"customGraphs":[],"default":{"data":{"Article":[],"Course":[],"Dataset":[],"FAQPage":[],"Movie":[],"Person":[],"Product":[],"ProductReview":[],"Car":[],"Recipe":[],"Service":[],"SoftwareApplication":[],"WebPage":[]},"graphName":"","isEnabled":true},"graphs":[],"defaultGraph":"","defaultPostTypeGraph":""},"schema_type":null,"schema_type_options":null,"pillar_content":false,"robots_default":true,"robots_noindex":false,"robots_noarchive":false,"robots_nosnippet":false,"robots_nofollow":false,"robots_noimageindex":false,"robots_noodp":false,"robots_notranslate":false,"robots_max_snippet":null,"robots_max_videopreview":null,"robots_max_imagepreview":"large","priority":null,"frequency":null,"local_seo":null,"seo_analyzer_scan_date":"2025-11-30 15:09:35","breadcrumb_settings":null,"limit_modified_date":false,"open_ai":null,"ai":null,"created":"2020-12-21 14:00:17","updated":"2025-11-30 15:09:35"},"aioseo_breadcrumb":"<div class=\"aioseo-breadcrumbs\"><span class=\"aioseo-breadcrumb\">\n\t<a href=\"https:\/\/www.eldigitaldeasturias.com\/noticias\" title=\"Home\">Home<\/a>\n<\/span><span class=\"aioseo-breadcrumb-separator\">\u2013<\/span><span class=\"aioseo-breadcrumb\">\n\t<a href=\"https:\/\/www.eldigitaldeasturias.com\/noticias\/category\/sucesos\/\" title=\"Sucesos\">Sucesos<\/a>\n<\/span><span class=\"aioseo-breadcrumb-separator\">\u2013<\/span><span class=\"aioseo-breadcrumb\">\n\t<a href=\"https:\/\/www.eldigitaldeasturias.com\/noticias\/incendio-en-un-restaurante-de-buelna-en-llanes\/\" title=\"Incendio en un restaurante de Buelna, en Llanes\">Incendio en un restaurante de Buelna, en Llanes<\/a>\n<\/span><\/div>","aioseo_breadcrumb_json":[{"label":"Home","link":"https:\/\/www.eldigitaldeasturias.com\/noticias"},{"label":"Sucesos","link":"https:\/\/www.eldigitaldeasturias.com\/noticias\/category\/sucesos\/"},{"label":"Incendio en un restaurante de Buelna, en Llanes","link":"https:\/\/www.eldigitaldeasturias.com\/noticias\/incendio-en-un-restaurante-de-buelna-en-llanes\/"}],"_links":{"self":[{"href":"https:\/\/www.eldigitaldeasturias.com\/noticias\/wp-json\/wp\/v2\/posts\/908183","targetHints":{"allow":["GET"]}}],"collection":[{"href":"https:\/\/www.eldigitaldeasturias.com\/noticias\/wp-json\/wp\/v2\/posts"}],"about":[{"href":"https:\/\/www.eldigitaldeasturias.com\/noticias\/wp-json\/wp\/v2\/types\/post"}],"author":[{"embeddable":true,"href":"https:\/\/www.eldigitaldeasturias.com\/noticias\/wp-json\/wp\/v2\/users\/1"}],"replies":[{"embeddable":true,"href":"https:\/\/www.eldigitaldeasturias.com\/noticias\/wp-json\/wp\/v2\/comments?post=908183"}],"version-history":[{"count":0,"href":"https:\/\/www.eldigitaldeasturias.com\/noticias\/wp-json\/wp\/v2\/posts\/908183\/revisions"}],"wp:featuredmedia":[{"embeddable":true,"href":"https:\/\/www.eldigitaldeasturias.com\/noticias\/wp-json\/wp\/v2\/media\/908184"}],"wp:attachment":[{"href":"https:\/\/www.eldigitaldeasturias.com\/noticias\/wp-json\/wp\/v2\/media?parent=908183"}],"wp:term":[{"taxonomy":"category","embeddable":true,"href":"https:\/\/www.eldigitaldeasturias.com\/noticias\/wp-json\/wp\/v2\/categories?post=908183"},{"taxonomy":"post_tag","embeddable":true,"href":"https:\/\/www.eldigitaldeasturias.com\/noticias\/wp-json\/wp\/v2\/tags?post=908183"}],"curies":[{"name":"wp","href":"https:\/\/api.w.org\/{rel}","templated":true}]}}