{"id":908181,"date":"2016-09-17T15:39:00","date_gmt":"2016-09-17T14:39:00","guid":{"rendered":"http:\/\/www.eldigitaldeasturias.com\/noticias\/?p=908181"},"modified":"2016-09-17T15:39:00","modified_gmt":"2016-09-17T14:39:00","slug":"llamazares-critica-la-debilida-del-sistema-sanitariu-polos-retayos","status":"publish","type":"post","link":"https:\/\/www.eldigitaldeasturias.com\/noticias\/llamazares-critica-la-debilida-del-sistema-sanitariu-polos-retayos\/","title":{"rendered":"Llamazares critica la debilid\u00e1 del \u00absistema sanitariu\u00bb polos retayos"},"content":{"rendered":"<p><img loading=\"lazy\" decoding=\"async\" class=\"alignleft size-medium wp-image-874615\" src=\"https:\/\/www.eldigitaldeasturias.com\/noticias\/wp-content\/uploads\/2016\/04\/Llamazares-360x270.jpg\" alt=\"Llamazares\" width=\"360\" height=\"270\" srcset=\"https:\/\/www.eldigitaldeasturias.com\/noticias\/wp-content\/uploads\/2016\/04\/Llamazares-360x270.jpg 360w, https:\/\/www.eldigitaldeasturias.com\/noticias\/wp-content\/uploads\/2016\/04\/Llamazares-768x576.jpg 768w, https:\/\/www.eldigitaldeasturias.com\/noticias\/wp-content\/uploads\/2016\/04\/Llamazares-650x488.jpg 650w, https:\/\/www.eldigitaldeasturias.com\/noticias\/wp-content\/uploads\/2016\/04\/Llamazares-90x67.jpg 90w, https:\/\/www.eldigitaldeasturias.com\/noticias\/wp-content\/uploads\/2016\/04\/Llamazares-100x75.jpg 100w, https:\/\/www.eldigitaldeasturias.com\/noticias\/wp-content\/uploads\/2016\/04\/Llamazares.jpg 800w\" sizes=\"auto, (max-width: 360px) 100vw, 360px\" \/>El voceru d&#8217;IX na Xunta Xeneral del Princip\u00e1u, Gaspar Llamazares, sollert\u00f3 esti s\u00e1badu en Segovia de la debilid\u00e1 del sistema sanitariu, deterior\u00e1u polos retayos y les privatizaciones.<\/p>\n<p>El diput\u00e1u, que participa nunes xornaes de parllamentarios de sanid\u00e1, asegur\u00f3 que, a pesar de la fatiga del modelu a lo llargo d&#8217;estos 30 a\u00f1os, el sistema sigue siendo bonu pero que deben encetara cambeos pal so rellanzamientu.<\/p>\n<p>\u00abSollert\u00e9 sobre&#8217;l discursu autu complaciente que ye tan peligrosu como como&#8217;l discursu de baltadera o hipercr\u00edtico\u00bb.<\/p>\n<p>Pa Llamazares ye imprescindible y urxente encetar cambeos que dexen caltener la calid\u00e1 y garantizar el futuru del sistema.<\/p>\n<p>\u00abNun basta nam\u00e1 con reclamar la recuperaci\u00f3n del compromisu presupuestariu. Ye necesariu, am\u00e1s, defender el modelu p\u00fablicu y, per otra parte, introducir cambeos\u00bb, asegur\u00f3.<\/p>\n<p>Estos cambeos, a xuiciu de Llamazares, riquen un lideralgu compart\u00edu del sistema sanitariu p\u00fablicu n&#8217;Espa\u00f1a y n&#8217;Asturies\u00bb.<\/p>\n<p>Para IX ye necesariu tomar decisiones n&#8217;atenci\u00f3n primaria, sal\u00fa p\u00fablica, sal\u00fa mental y en reorientaci\u00f3n a l&#8217;atenci\u00f3n a cr\u00f3nicos.<\/p>\n<p>Nestes xornaes, encet\u00f3se la sanid\u00e1 non y\u00e1 dende una perspectiva de les necesidaes y retos del sistema sin\u00f3n, tami\u00e9n, como un elementu que marca&#8217;l desenvolvimientu de les sociedaes. Ello ye que na so segunda intervenci\u00f3n, esplic\u00f3&#8217;l diput\u00e1u, encet\u00f3 la materia dende una posici\u00f3n filos\u00f3fica, \u00abcomparando la evoluci\u00f3n de la medicina como ciencia y como arte y l&#8217;evoluci\u00f3n tami\u00e9n de la pol\u00edtica\u00bb. Asina, se\u00f1al\u00f3&#8217;l parllamentariu hubo una deriva escontra la xesti\u00f3n de tecnolox\u00eda nel marcu hospitalariu y, en pol\u00edtica, degrad\u00e1ndose como \u00abmera xesti\u00f3n econ\u00f3mica\u00bb de les pol\u00edtiques neolliberales.<\/p>\n<p>Frente al debalu, especialmente nes redes sociales, por que tantu nes sos aguada cient\u00edfica como de xesti\u00f3n pol\u00edtica empecipien una sienda de tresparencia, Llamazares aportun\u00f3 na necesid\u00e1 de recuperar lo que denomin\u00f3 \u00abla ciencia y l&#8217;arte de la pol\u00edtica y la ciencia y l&#8217;arte de la medicina. Ye dicir que recupere la ciencia, la comunicaci\u00f3n y la coherencia y l&#8217;enfotu\u00bb.<\/p>\n<p>&nbsp;<\/p>\n","protected":false},"excerpt":{"rendered":"<p>El voceru d&#8217;IX na Xunta Xeneral del Princip\u00e1u, Gaspar Llamazares, sollert\u00f3 esti s\u00e1badu en Segovia de la debilid\u00e1 del sistema sanitariu, deterior\u00e1u polos retayos y les privatizaciones. El diput\u00e1u, que participa nunes xornaes de parllamentarios de sanid\u00e1, asegur\u00f3 que, a pesar de la fatiga del modelu a lo llargo d&#8217;estos 30 a\u00f1os, el sistema sigue [&hellip;]<\/p>\n","protected":false},"author":1,"featured_media":874615,"comment_status":"closed","ping_status":"closed","sticky":false,"template":"","format":"standard","meta":{"footnotes":""},"categories":[12],"tags":[],"class_list":["post-908181","post","type-post","status-publish","format-standard","has-post-thumbnail","hentry","category-actualidad-asturias"],"aioseo_notices":[],"aioseo_head":"\n\t\t<!-- All in One SEO Pro 4.9.6.2 - aioseo.com -->\n\t<meta name=\"description\" content=\"El voceru d&#039;IX na Xunta Xeneral del Princip\u00e1u, Gaspar Llamazares, sollert\u00f3 esti s\u00e1badu en Segovia de la debilid\u00e1 del sistema sanitariu, deterior\u00e1u polos retayos y les privatizaciones. El diput\u00e1u, que participa nunes xornaes de parllamentarios de sanid\u00e1, asegur\u00f3 que, a pesar de la fatiga del modelu a lo llargo d&#039;estos 30 a\u00f1os, el sistema sigue\" \/>\n\t<meta name=\"robots\" content=\"max-image-preview:large\" \/>\n\t<meta name=\"author\" content=\"El Digital de Asturias\"\/>\n\t<meta name=\"google-site-verification\" content=\"UA-38556648-1\" \/>\n\t<meta name=\"msvalidate.01\" content=\"7dfe9f3f1b24437ab69f4f2559babe99\" \/>\n\t<meta name=\"keywords\" content=\"actualidad asturias\" \/>\n\t<link rel=\"canonical\" href=\"https:\/\/www.eldigitaldeasturias.com\/noticias\/llamazares-critica-la-debilida-del-sistema-sanitariu-polos-retayos\/\" \/>\n\t<meta name=\"generator\" content=\"All in One SEO Pro (AIOSEO) 4.9.6.2\" \/>\n\t\t<meta property=\"og:locale\" content=\"es_ES\" \/>\n\t\t<meta property=\"og:site_name\" content=\"El Digital de Asturias\" \/>\n\t\t<meta property=\"og:type\" content=\"article\" \/>\n\t\t<meta property=\"og:title\" content=\"Llamazares critica la debilid\u00e1 del \u00absistema sanitariu\u00bb polos retayos - El Digital de Asturias\" \/>\n\t\t<meta property=\"og:description\" content=\"El voceru d&#039;IX na Xunta Xeneral del Princip\u00e1u, Gaspar Llamazares, sollert\u00f3 esti s\u00e1badu en Segovia de la debilid\u00e1 del sistema sanitariu, deterior\u00e1u polos retayos y les privatizaciones. El diput\u00e1u, que participa nunes xornaes de parllamentarios de sanid\u00e1, asegur\u00f3 que, a pesar de la fatiga del modelu a lo llargo d&#039;estos 30 a\u00f1os, el sistema sigue\" \/>\n\t\t<meta property=\"og:url\" content=\"https:\/\/www.eldigitaldeasturias.com\/noticias\/llamazares-critica-la-debilida-del-sistema-sanitariu-polos-retayos\/\" \/>\n\t\t<meta property=\"og:image\" content=\"https:\/\/www.eldigitaldeasturias.com\/noticias\/wp-content\/uploads\/2016\/04\/Llamazares.jpg\" \/>\n\t\t<meta property=\"og:image:secure_url\" content=\"https:\/\/www.eldigitaldeasturias.com\/noticias\/wp-content\/uploads\/2016\/04\/Llamazares.jpg\" \/>\n\t\t<meta property=\"og:image:width\" content=\"800\" \/>\n\t\t<meta property=\"og:image:height\" content=\"600\" \/>\n\t\t<meta property=\"article:tag\" content=\"actualidad asturias\" \/>\n\t\t<meta property=\"article:published_time\" content=\"2016-09-17T14:39:00+00:00\" \/>\n\t\t<meta property=\"article:modified_time\" content=\"2016-09-17T14:39:00+00:00\" \/>\n\t\t<meta property=\"article:publisher\" content=\"https:\/\/facebook.com\/eldigitaldeasturias\" \/>\n\t\t<meta name=\"twitter:card\" content=\"summary_large_image\" \/>\n\t\t<meta name=\"twitter:title\" content=\"Llamazares critica la debilid\u00e1 del \u00absistema sanitariu\u00bb polos retayos - El Digital de Asturias\" \/>\n\t\t<meta name=\"twitter:description\" content=\"El voceru d&#039;IX na Xunta Xeneral del Princip\u00e1u, Gaspar Llamazares, sollert\u00f3 esti s\u00e1badu en Segovia de la debilid\u00e1 del sistema sanitariu, deterior\u00e1u polos retayos y les privatizaciones. El diput\u00e1u, que participa nunes xornaes de parllamentarios de sanid\u00e1, asegur\u00f3 que, a pesar de la fatiga del modelu a lo llargo d&#039;estos 30 a\u00f1os, el sistema sigue\" \/>\n\t\t<meta name=\"twitter:image\" content=\"https:\/\/www.eldigitaldeasturias.com\/noticias\/wp-content\/uploads\/2016\/04\/Llamazares.jpg\" \/>\n\t\t<meta name=\"twitter:label1\" content=\"Escrito por\" \/>\n\t\t<meta name=\"twitter:data1\" content=\"El Digital de Asturias\" \/>\n\t\t<meta name=\"twitter:label2\" content=\"Tiempo de lectura estimado\" \/>\n\t\t<meta name=\"twitter:data2\" content=\"2 minutos\" \/>\n\t\t<script type=\"application\/ld+json\" class=\"aioseo-schema\">\n\t\t\t{\"@context\":\"https:\\\/\\\/schema.org\",\"@graph\":[{\"@type\":\"BlogPosting\",\"@id\":\"https:\\\/\\\/www.eldigitaldeasturias.com\\\/noticias\\\/llamazares-critica-la-debilida-del-sistema-sanitariu-polos-retayos\\\/#blogposting\",\"name\":\"Llamazares critica la debilid\\u00e1 del \\u00absistema sanitariu\\u00bb polos retayos - El Digital de Asturias\",\"headline\":\"Llamazares critica la debilid\\u00e1 del \\u00absistema sanitariu\\u00bb polos retayos\",\"author\":{\"@id\":\"https:\\\/\\\/www.eldigitaldeasturias.com\\\/noticias\\\/author\\\/admin\\\/#author\"},\"publisher\":{\"@id\":\"https:\\\/\\\/www.eldigitaldeasturias.com\\\/noticias\\\/#organization\"},\"image\":{\"@type\":\"ImageObject\",\"url\":\"https:\\\/\\\/www.eldigitaldeasturias.com\\\/noticias\\\/wp-content\\\/uploads\\\/2016\\\/04\\\/Llamazares.jpg\",\"width\":800,\"height\":600},\"datePublished\":\"2016-09-17T15:39:00+02:00\",\"dateModified\":\"2016-09-17T15:39:00+02:00\",\"inLanguage\":\"es-ES\",\"mainEntityOfPage\":{\"@id\":\"https:\\\/\\\/www.eldigitaldeasturias.com\\\/noticias\\\/llamazares-critica-la-debilida-del-sistema-sanitariu-polos-retayos\\\/#webpage\"},\"isPartOf\":{\"@id\":\"https:\\\/\\\/www.eldigitaldeasturias.com\\\/noticias\\\/llamazares-critica-la-debilida-del-sistema-sanitariu-polos-retayos\\\/#webpage\"},\"articleSection\":\"Actualidad Asturias\"},{\"@type\":\"BreadcrumbList\",\"@id\":\"https:\\\/\\\/www.eldigitaldeasturias.com\\\/noticias\\\/llamazares-critica-la-debilida-del-sistema-sanitariu-polos-retayos\\\/#breadcrumblist\",\"itemListElement\":[{\"@type\":\"ListItem\",\"@id\":\"https:\\\/\\\/www.eldigitaldeasturias.com\\\/noticias#listItem\",\"position\":1,\"name\":\"Home\",\"item\":\"https:\\\/\\\/www.eldigitaldeasturias.com\\\/noticias\",\"nextItem\":{\"@type\":\"ListItem\",\"@id\":\"https:\\\/\\\/www.eldigitaldeasturias.com\\\/noticias\\\/category\\\/actualidad-asturias\\\/#listItem\",\"name\":\"Actualidad Asturias\"}},{\"@type\":\"ListItem\",\"@id\":\"https:\\\/\\\/www.eldigitaldeasturias.com\\\/noticias\\\/category\\\/actualidad-asturias\\\/#listItem\",\"position\":2,\"name\":\"Actualidad Asturias\",\"item\":\"https:\\\/\\\/www.eldigitaldeasturias.com\\\/noticias\\\/category\\\/actualidad-asturias\\\/\",\"nextItem\":{\"@type\":\"ListItem\",\"@id\":\"https:\\\/\\\/www.eldigitaldeasturias.com\\\/noticias\\\/llamazares-critica-la-debilida-del-sistema-sanitariu-polos-retayos\\\/#listItem\",\"name\":\"Llamazares critica la debilid\\u00e1 del \\u00absistema sanitariu\\u00bb polos retayos\"},\"previousItem\":{\"@type\":\"ListItem\",\"@id\":\"https:\\\/\\\/www.eldigitaldeasturias.com\\\/noticias#listItem\",\"name\":\"Home\"}},{\"@type\":\"ListItem\",\"@id\":\"https:\\\/\\\/www.eldigitaldeasturias.com\\\/noticias\\\/llamazares-critica-la-debilida-del-sistema-sanitariu-polos-retayos\\\/#listItem\",\"position\":3,\"name\":\"Llamazares critica la debilid\\u00e1 del \\u00absistema sanitariu\\u00bb polos retayos\",\"previousItem\":{\"@type\":\"ListItem\",\"@id\":\"https:\\\/\\\/www.eldigitaldeasturias.com\\\/noticias\\\/category\\\/actualidad-asturias\\\/#listItem\",\"name\":\"Actualidad Asturias\"}}]},{\"@type\":\"Organization\",\"@id\":\"https:\\\/\\\/www.eldigitaldeasturias.com\\\/noticias\\\/#organization\",\"name\":\"El Digital de Asturias\",\"description\":\"Hemeroteca\",\"url\":\"https:\\\/\\\/www.eldigitaldeasturias.com\\\/noticias\\\/\",\"email\":\"info@eldigitaldeasturias.com\",\"telephone\":\"+34652131393\",\"logo\":{\"@type\":\"ImageObject\",\"url\":\"https:\\\/\\\/www.eldigitaldeasturias.com\\\/noticias\\\/wp-content\\\/uploads\\\/2020\\\/12\\\/EDA.jpg\",\"@id\":\"https:\\\/\\\/www.eldigitaldeasturias.com\\\/noticias\\\/llamazares-critica-la-debilida-del-sistema-sanitariu-polos-retayos\\\/#organizationLogo\",\"width\":649,\"height\":297},\"image\":{\"@id\":\"https:\\\/\\\/www.eldigitaldeasturias.com\\\/noticias\\\/llamazares-critica-la-debilida-del-sistema-sanitariu-polos-retayos\\\/#organizationLogo\"},\"sameAs\":[\"https:\\\/\\\/facebook.com\\\/eldigitaldeasturias\",\"https:\\\/\\\/www.youtube.com\\\/channel\\\/UCZP-2wLEB9Rv6erhFmqVnvg\"],\"address\":{\"@id\":\"https:\\\/\\\/www.eldigitaldeasturias.com\\\/noticias\\\/#postaladdress\",\"@type\":\"PostalAddress\",\"streetAddress\":\"san antonio 4,\",\"postalCode\":\"33430\",\"addressLocality\":\"Cand\\u00e1s\",\"addressRegion\":\"Asturias\",\"addressCountry\":\"ES\"}},{\"@type\":\"Person\",\"@id\":\"https:\\\/\\\/www.eldigitaldeasturias.com\\\/noticias\\\/author\\\/admin\\\/#author\",\"url\":\"https:\\\/\\\/www.eldigitaldeasturias.com\\\/noticias\\\/author\\\/admin\\\/\",\"name\":\"El Digital de Asturias\",\"image\":{\"@type\":\"ImageObject\",\"@id\":\"https:\\\/\\\/www.eldigitaldeasturias.com\\\/noticias\\\/llamazares-critica-la-debilida-del-sistema-sanitariu-polos-retayos\\\/#authorImage\",\"url\":\"https:\\\/\\\/www.eldigitaldeasturias.com\\\/noticias\\\/wp-content\\\/litespeed\\\/avatar\\\/18677e78aa0546b92d9dbf31ec7d7668.jpg?ver=1777290358\",\"width\":96,\"height\":96,\"caption\":\"El Digital de Asturias\"}},{\"@type\":\"WebPage\",\"@id\":\"https:\\\/\\\/www.eldigitaldeasturias.com\\\/noticias\\\/llamazares-critica-la-debilida-del-sistema-sanitariu-polos-retayos\\\/#webpage\",\"url\":\"https:\\\/\\\/www.eldigitaldeasturias.com\\\/noticias\\\/llamazares-critica-la-debilida-del-sistema-sanitariu-polos-retayos\\\/\",\"name\":\"Llamazares critica la debilid\\u00e1 del \\u00absistema sanitariu\\u00bb polos retayos - El Digital de Asturias\",\"description\":\"El voceru d'IX na Xunta Xeneral del Princip\\u00e1u, Gaspar Llamazares, sollert\\u00f3 esti s\\u00e1badu en Segovia de la debilid\\u00e1 del sistema sanitariu, deterior\\u00e1u polos retayos y les privatizaciones. El diput\\u00e1u, que participa nunes xornaes de parllamentarios de sanid\\u00e1, asegur\\u00f3 que, a pesar de la fatiga del modelu a lo llargo d'estos 30 a\\u00f1os, el sistema sigue\",\"inLanguage\":\"es-ES\",\"isPartOf\":{\"@id\":\"https:\\\/\\\/www.eldigitaldeasturias.com\\\/noticias\\\/#website\"},\"breadcrumb\":{\"@id\":\"https:\\\/\\\/www.eldigitaldeasturias.com\\\/noticias\\\/llamazares-critica-la-debilida-del-sistema-sanitariu-polos-retayos\\\/#breadcrumblist\"},\"author\":{\"@id\":\"https:\\\/\\\/www.eldigitaldeasturias.com\\\/noticias\\\/author\\\/admin\\\/#author\"},\"creator\":{\"@id\":\"https:\\\/\\\/www.eldigitaldeasturias.com\\\/noticias\\\/author\\\/admin\\\/#author\"},\"image\":{\"@type\":\"ImageObject\",\"url\":\"https:\\\/\\\/www.eldigitaldeasturias.com\\\/noticias\\\/wp-content\\\/uploads\\\/2016\\\/04\\\/Llamazares.jpg\",\"@id\":\"https:\\\/\\\/www.eldigitaldeasturias.com\\\/noticias\\\/llamazares-critica-la-debilida-del-sistema-sanitariu-polos-retayos\\\/#mainImage\",\"width\":800,\"height\":600},\"primaryImageOfPage\":{\"@id\":\"https:\\\/\\\/www.eldigitaldeasturias.com\\\/noticias\\\/llamazares-critica-la-debilida-del-sistema-sanitariu-polos-retayos\\\/#mainImage\"},\"datePublished\":\"2016-09-17T15:39:00+02:00\",\"dateModified\":\"2016-09-17T15:39:00+02:00\"},{\"@type\":\"WebSite\",\"@id\":\"https:\\\/\\\/www.eldigitaldeasturias.com\\\/noticias\\\/#website\",\"url\":\"https:\\\/\\\/www.eldigitaldeasturias.com\\\/noticias\\\/\",\"name\":\"El Digital de Asturias - Diario de actualidad y noticias\",\"alternateName\":\"El Digital de Asturias - Diario de actualidad y noticias\",\"description\":\"Hemeroteca\",\"inLanguage\":\"es-ES\",\"publisher\":{\"@id\":\"https:\\\/\\\/www.eldigitaldeasturias.com\\\/noticias\\\/#organization\"}}]}\n\t\t<\/script>\n\t\t<!-- All in One SEO Pro -->\r\n\t\t<title>Llamazares critica la debilid\u00e1 del \u00absistema sanitariu\u00bb polos retayos - El Digital de Asturias<\/title>\n\n","aioseo_head_json":{"title":"Llamazares critica la debilid\u00e1 del \u00absistema sanitariu\u00bb polos retayos - El Digital de Asturias","description":"El voceru d'IX na Xunta Xeneral del Princip\u00e1u, Gaspar Llamazares, sollert\u00f3 esti s\u00e1badu en Segovia de la debilid\u00e1 del sistema sanitariu, deterior\u00e1u polos retayos y les privatizaciones. El diput\u00e1u, que participa nunes xornaes de parllamentarios de sanid\u00e1, asegur\u00f3 que, a pesar de la fatiga del modelu a lo llargo d'estos 30 a\u00f1os, el sistema sigue","canonical_url":"https:\/\/www.eldigitaldeasturias.com\/noticias\/llamazares-critica-la-debilida-del-sistema-sanitariu-polos-retayos\/","robots":"max-image-preview:large","keywords":"actualidad asturias","webmasterTools":{"google-site-verification":"UA-38556648-1","msvalidate.01":"7dfe9f3f1b24437ab69f4f2559babe99","miscellaneous":""},"schema":{"@context":"https:\/\/schema.org","@graph":[{"@type":"BlogPosting","@id":"https:\/\/www.eldigitaldeasturias.com\/noticias\/llamazares-critica-la-debilida-del-sistema-sanitariu-polos-retayos\/#blogposting","name":"Llamazares critica la debilid\u00e1 del \u00absistema sanitariu\u00bb polos retayos - El Digital de Asturias","headline":"Llamazares critica la debilid\u00e1 del \u00absistema sanitariu\u00bb polos retayos","author":{"@id":"https:\/\/www.eldigitaldeasturias.com\/noticias\/author\/admin\/#author"},"publisher":{"@id":"https:\/\/www.eldigitaldeasturias.com\/noticias\/#organization"},"image":{"@type":"ImageObject","url":"https:\/\/www.eldigitaldeasturias.com\/noticias\/wp-content\/uploads\/2016\/04\/Llamazares.jpg","width":800,"height":600},"datePublished":"2016-09-17T15:39:00+02:00","dateModified":"2016-09-17T15:39:00+02:00","inLanguage":"es-ES","mainEntityOfPage":{"@id":"https:\/\/www.eldigitaldeasturias.com\/noticias\/llamazares-critica-la-debilida-del-sistema-sanitariu-polos-retayos\/#webpage"},"isPartOf":{"@id":"https:\/\/www.eldigitaldeasturias.com\/noticias\/llamazares-critica-la-debilida-del-sistema-sanitariu-polos-retayos\/#webpage"},"articleSection":"Actualidad Asturias"},{"@type":"BreadcrumbList","@id":"https:\/\/www.eldigitaldeasturias.com\/noticias\/llamazares-critica-la-debilida-del-sistema-sanitariu-polos-retayos\/#breadcrumblist","itemListElement":[{"@type":"ListItem","@id":"https:\/\/www.eldigitaldeasturias.com\/noticias#listItem","position":1,"name":"Home","item":"https:\/\/www.eldigitaldeasturias.com\/noticias","nextItem":{"@type":"ListItem","@id":"https:\/\/www.eldigitaldeasturias.com\/noticias\/category\/actualidad-asturias\/#listItem","name":"Actualidad Asturias"}},{"@type":"ListItem","@id":"https:\/\/www.eldigitaldeasturias.com\/noticias\/category\/actualidad-asturias\/#listItem","position":2,"name":"Actualidad Asturias","item":"https:\/\/www.eldigitaldeasturias.com\/noticias\/category\/actualidad-asturias\/","nextItem":{"@type":"ListItem","@id":"https:\/\/www.eldigitaldeasturias.com\/noticias\/llamazares-critica-la-debilida-del-sistema-sanitariu-polos-retayos\/#listItem","name":"Llamazares critica la debilid\u00e1 del \u00absistema sanitariu\u00bb polos retayos"},"previousItem":{"@type":"ListItem","@id":"https:\/\/www.eldigitaldeasturias.com\/noticias#listItem","name":"Home"}},{"@type":"ListItem","@id":"https:\/\/www.eldigitaldeasturias.com\/noticias\/llamazares-critica-la-debilida-del-sistema-sanitariu-polos-retayos\/#listItem","position":3,"name":"Llamazares critica la debilid\u00e1 del \u00absistema sanitariu\u00bb polos retayos","previousItem":{"@type":"ListItem","@id":"https:\/\/www.eldigitaldeasturias.com\/noticias\/category\/actualidad-asturias\/#listItem","name":"Actualidad Asturias"}}]},{"@type":"Organization","@id":"https:\/\/www.eldigitaldeasturias.com\/noticias\/#organization","name":"El Digital de Asturias","description":"Hemeroteca","url":"https:\/\/www.eldigitaldeasturias.com\/noticias\/","email":"info@eldigitaldeasturias.com","telephone":"+34652131393","logo":{"@type":"ImageObject","url":"https:\/\/www.eldigitaldeasturias.com\/noticias\/wp-content\/uploads\/2020\/12\/EDA.jpg","@id":"https:\/\/www.eldigitaldeasturias.com\/noticias\/llamazares-critica-la-debilida-del-sistema-sanitariu-polos-retayos\/#organizationLogo","width":649,"height":297},"image":{"@id":"https:\/\/www.eldigitaldeasturias.com\/noticias\/llamazares-critica-la-debilida-del-sistema-sanitariu-polos-retayos\/#organizationLogo"},"sameAs":["https:\/\/facebook.com\/eldigitaldeasturias","https:\/\/www.youtube.com\/channel\/UCZP-2wLEB9Rv6erhFmqVnvg"],"address":{"@id":"https:\/\/www.eldigitaldeasturias.com\/noticias\/#postaladdress","@type":"PostalAddress","streetAddress":"san antonio 4,","postalCode":"33430","addressLocality":"Cand\u00e1s","addressRegion":"Asturias","addressCountry":"ES"}},{"@type":"Person","@id":"https:\/\/www.eldigitaldeasturias.com\/noticias\/author\/admin\/#author","url":"https:\/\/www.eldigitaldeasturias.com\/noticias\/author\/admin\/","name":"El Digital de Asturias","image":{"@type":"ImageObject","@id":"https:\/\/www.eldigitaldeasturias.com\/noticias\/llamazares-critica-la-debilida-del-sistema-sanitariu-polos-retayos\/#authorImage","url":"https:\/\/www.eldigitaldeasturias.com\/noticias\/wp-content\/litespeed\/avatar\/18677e78aa0546b92d9dbf31ec7d7668.jpg?ver=1777290358","width":96,"height":96,"caption":"El Digital de Asturias"}},{"@type":"WebPage","@id":"https:\/\/www.eldigitaldeasturias.com\/noticias\/llamazares-critica-la-debilida-del-sistema-sanitariu-polos-retayos\/#webpage","url":"https:\/\/www.eldigitaldeasturias.com\/noticias\/llamazares-critica-la-debilida-del-sistema-sanitariu-polos-retayos\/","name":"Llamazares critica la debilid\u00e1 del \u00absistema sanitariu\u00bb polos retayos - El Digital de Asturias","description":"El voceru d'IX na Xunta Xeneral del Princip\u00e1u, Gaspar Llamazares, sollert\u00f3 esti s\u00e1badu en Segovia de la debilid\u00e1 del sistema sanitariu, deterior\u00e1u polos retayos y les privatizaciones. El diput\u00e1u, que participa nunes xornaes de parllamentarios de sanid\u00e1, asegur\u00f3 que, a pesar de la fatiga del modelu a lo llargo d'estos 30 a\u00f1os, el sistema sigue","inLanguage":"es-ES","isPartOf":{"@id":"https:\/\/www.eldigitaldeasturias.com\/noticias\/#website"},"breadcrumb":{"@id":"https:\/\/www.eldigitaldeasturias.com\/noticias\/llamazares-critica-la-debilida-del-sistema-sanitariu-polos-retayos\/#breadcrumblist"},"author":{"@id":"https:\/\/www.eldigitaldeasturias.com\/noticias\/author\/admin\/#author"},"creator":{"@id":"https:\/\/www.eldigitaldeasturias.com\/noticias\/author\/admin\/#author"},"image":{"@type":"ImageObject","url":"https:\/\/www.eldigitaldeasturias.com\/noticias\/wp-content\/uploads\/2016\/04\/Llamazares.jpg","@id":"https:\/\/www.eldigitaldeasturias.com\/noticias\/llamazares-critica-la-debilida-del-sistema-sanitariu-polos-retayos\/#mainImage","width":800,"height":600},"primaryImageOfPage":{"@id":"https:\/\/www.eldigitaldeasturias.com\/noticias\/llamazares-critica-la-debilida-del-sistema-sanitariu-polos-retayos\/#mainImage"},"datePublished":"2016-09-17T15:39:00+02:00","dateModified":"2016-09-17T15:39:00+02:00"},{"@type":"WebSite","@id":"https:\/\/www.eldigitaldeasturias.com\/noticias\/#website","url":"https:\/\/www.eldigitaldeasturias.com\/noticias\/","name":"El Digital de Asturias - Diario de actualidad y noticias","alternateName":"El Digital de Asturias - Diario de actualidad y noticias","description":"Hemeroteca","inLanguage":"es-ES","publisher":{"@id":"https:\/\/www.eldigitaldeasturias.com\/noticias\/#organization"}}]},"og:locale":"es_ES","og:site_name":"El Digital de Asturias","og:type":"article","og:title":"Llamazares critica la debilid\u00e1 del \u00absistema sanitariu\u00bb polos retayos - El Digital de Asturias","og:description":"El voceru d'IX na Xunta Xeneral del Princip\u00e1u, Gaspar Llamazares, sollert\u00f3 esti s\u00e1badu en Segovia de la debilid\u00e1 del sistema sanitariu, deterior\u00e1u polos retayos y les privatizaciones. El diput\u00e1u, que participa nunes xornaes de parllamentarios de sanid\u00e1, asegur\u00f3 que, a pesar de la fatiga del modelu a lo llargo d'estos 30 a\u00f1os, el sistema sigue","og:url":"https:\/\/www.eldigitaldeasturias.com\/noticias\/llamazares-critica-la-debilida-del-sistema-sanitariu-polos-retayos\/","og:image":"https:\/\/www.eldigitaldeasturias.com\/noticias\/wp-content\/uploads\/2016\/04\/Llamazares.jpg","og:image:secure_url":"https:\/\/www.eldigitaldeasturias.com\/noticias\/wp-content\/uploads\/2016\/04\/Llamazares.jpg","og:image:width":800,"og:image:height":600,"article:tag":["actualidad asturias"],"article:published_time":"2016-09-17T14:39:00+00:00","article:modified_time":"2016-09-17T14:39:00+00:00","article:publisher":"https:\/\/facebook.com\/eldigitaldeasturias","twitter:card":"summary_large_image","twitter:title":"Llamazares critica la debilid\u00e1 del \u00absistema sanitariu\u00bb polos retayos - El Digital de Asturias","twitter:description":"El voceru d'IX na Xunta Xeneral del Princip\u00e1u, Gaspar Llamazares, sollert\u00f3 esti s\u00e1badu en Segovia de la debilid\u00e1 del sistema sanitariu, deterior\u00e1u polos retayos y les privatizaciones. El diput\u00e1u, que participa nunes xornaes de parllamentarios de sanid\u00e1, asegur\u00f3 que, a pesar de la fatiga del modelu a lo llargo d'estos 30 a\u00f1os, el sistema sigue","twitter:image":"https:\/\/www.eldigitaldeasturias.com\/noticias\/wp-content\/uploads\/2016\/04\/Llamazares.jpg","twitter:label1":"Escrito por","twitter:data1":"El Digital de Asturias","twitter:label2":"Tiempo de lectura estimado","twitter:data2":"2 minutos"},"aioseo_meta_data":{"post_id":"908181","title":null,"description":null,"keywords":null,"keyphrases":null,"primary_term":null,"canonical_url":null,"og_title":null,"og_description":null,"og_object_type":"default","og_image_type":"default","og_image_url":null,"og_image_width":null,"og_image_height":null,"og_image_custom_url":null,"og_image_custom_fields":null,"og_video":null,"og_custom_url":null,"og_article_section":null,"og_article_tags":null,"twitter_use_og":false,"twitter_card":"default","twitter_image_type":"default","twitter_image_url":null,"twitter_image_custom_url":null,"twitter_image_custom_fields":null,"twitter_title":null,"twitter_description":null,"schema":{"blockGraphs":[],"customGraphs":[],"default":{"data":{"Article":[],"Course":[],"Dataset":[],"FAQPage":[],"Movie":[],"Person":[],"Product":[],"ProductReview":[],"Car":[],"Recipe":[],"Service":[],"SoftwareApplication":[],"WebPage":[]},"graphName":"","isEnabled":true},"graphs":[],"defaultGraph":"","defaultPostTypeGraph":""},"schema_type":null,"schema_type_options":null,"pillar_content":false,"robots_default":true,"robots_noindex":false,"robots_noarchive":false,"robots_nosnippet":false,"robots_nofollow":false,"robots_noimageindex":false,"robots_noodp":false,"robots_notranslate":false,"robots_max_snippet":null,"robots_max_videopreview":null,"robots_max_imagepreview":"large","priority":null,"frequency":null,"local_seo":null,"seo_analyzer_scan_date":"2025-11-30 15:09:34","breadcrumb_settings":null,"limit_modified_date":false,"open_ai":null,"ai":null,"created":"2020-12-21 14:00:17","updated":"2025-11-30 15:09:34"},"aioseo_breadcrumb":"<div class=\"aioseo-breadcrumbs\"><span class=\"aioseo-breadcrumb\">\n\t<a href=\"https:\/\/www.eldigitaldeasturias.com\/noticias\" title=\"Home\">Home<\/a>\n<\/span><span class=\"aioseo-breadcrumb-separator\">\u2013<\/span><span class=\"aioseo-breadcrumb\">\n\t<a href=\"https:\/\/www.eldigitaldeasturias.com\/noticias\/category\/actualidad-asturias\/\" title=\"Actualidad Asturias\">Actualidad Asturias<\/a>\n<\/span><span class=\"aioseo-breadcrumb-separator\">\u2013<\/span><span class=\"aioseo-breadcrumb\">\n\t<a href=\"https:\/\/www.eldigitaldeasturias.com\/noticias\/llamazares-critica-la-debilida-del-sistema-sanitariu-polos-retayos\/\" title=\"Llamazares critica la debilid\u00e1 del \u00absistema sanitariu\u00bb polos retayos\">Llamazares critica la debilid\u00e1 del \u00absistema sanitariu\u00bb polos retayos<\/a>\n<\/span><\/div>","aioseo_breadcrumb_json":[{"label":"Home","link":"https:\/\/www.eldigitaldeasturias.com\/noticias"},{"label":"Actualidad Asturias","link":"https:\/\/www.eldigitaldeasturias.com\/noticias\/category\/actualidad-asturias\/"},{"label":"Llamazares critica la debilid\u00e1 del \u00absistema sanitariu\u00bb polos retayos","link":"https:\/\/www.eldigitaldeasturias.com\/noticias\/llamazares-critica-la-debilida-del-sistema-sanitariu-polos-retayos\/"}],"_links":{"self":[{"href":"https:\/\/www.eldigitaldeasturias.com\/noticias\/wp-json\/wp\/v2\/posts\/908181","targetHints":{"allow":["GET"]}}],"collection":[{"href":"https:\/\/www.eldigitaldeasturias.com\/noticias\/wp-json\/wp\/v2\/posts"}],"about":[{"href":"https:\/\/www.eldigitaldeasturias.com\/noticias\/wp-json\/wp\/v2\/types\/post"}],"author":[{"embeddable":true,"href":"https:\/\/www.eldigitaldeasturias.com\/noticias\/wp-json\/wp\/v2\/users\/1"}],"replies":[{"embeddable":true,"href":"https:\/\/www.eldigitaldeasturias.com\/noticias\/wp-json\/wp\/v2\/comments?post=908181"}],"version-history":[{"count":0,"href":"https:\/\/www.eldigitaldeasturias.com\/noticias\/wp-json\/wp\/v2\/posts\/908181\/revisions"}],"wp:featuredmedia":[{"embeddable":true,"href":"https:\/\/www.eldigitaldeasturias.com\/noticias\/wp-json\/wp\/v2\/media\/874615"}],"wp:attachment":[{"href":"https:\/\/www.eldigitaldeasturias.com\/noticias\/wp-json\/wp\/v2\/media?parent=908181"}],"wp:term":[{"taxonomy":"category","embeddable":true,"href":"https:\/\/www.eldigitaldeasturias.com\/noticias\/wp-json\/wp\/v2\/categories?post=908181"},{"taxonomy":"post_tag","embeddable":true,"href":"https:\/\/www.eldigitaldeasturias.com\/noticias\/wp-json\/wp\/v2\/tags?post=908181"}],"curies":[{"name":"wp","href":"https:\/\/api.w.org\/{rel}","templated":true}]}}