{"id":908178,"date":"2016-09-17T15:35:56","date_gmt":"2016-09-17T14:35:56","guid":{"rendered":"http:\/\/www.eldigitaldeasturias.com\/noticias\/?p=908178"},"modified":"2016-09-17T15:35:56","modified_gmt":"2016-09-17T14:35:56","slug":"podemos-avisa-de-que-la-deuda-del-principado-asfixia-la-capacidad-inversora-en-asturias","status":"publish","type":"post","link":"https:\/\/www.eldigitaldeasturias.com\/noticias\/podemos-avisa-de-que-la-deuda-del-principado-asfixia-la-capacidad-inversora-en-asturias\/","title":{"rendered":"Podemos avisa de que la deuda del Principado \u201casfixia la capacidad inversora en Asturias\u00bb"},"content":{"rendered":"<p><img loading=\"lazy\" decoding=\"async\" class=\"alignleft size-medium wp-image-908179\" src=\"https:\/\/www.eldigitaldeasturias.com\/noticias\/wp-content\/uploads\/2016\/09\/fotonoticia_20160917123737_800-360x240.jpg\" alt=\"fotonoticia_20160917123737_800\" width=\"360\" height=\"240\" srcset=\"https:\/\/www.eldigitaldeasturias.com\/noticias\/wp-content\/uploads\/2016\/09\/fotonoticia_20160917123737_800-360x240.jpg 360w, https:\/\/www.eldigitaldeasturias.com\/noticias\/wp-content\/uploads\/2016\/09\/fotonoticia_20160917123737_800-768x513.jpg 768w, https:\/\/www.eldigitaldeasturias.com\/noticias\/wp-content\/uploads\/2016\/09\/fotonoticia_20160917123737_800-650x434.jpg 650w, https:\/\/www.eldigitaldeasturias.com\/noticias\/wp-content\/uploads\/2016\/09\/fotonoticia_20160917123737_800-84x55.jpg 84w, https:\/\/www.eldigitaldeasturias.com\/noticias\/wp-content\/uploads\/2016\/09\/fotonoticia_20160917123737_800-49x32.jpg 49w, https:\/\/www.eldigitaldeasturias.com\/noticias\/wp-content\/uploads\/2016\/09\/fotonoticia_20160917123737_800.jpg 800w\" sizes=\"auto, (max-width: 360px) 100vw, 360px\" \/>Podemos Asturies ha puesto de ejemplo la reducci\u00f3n de la deuda p\u00fablica del Ayuntamiento de Madrid para demostrar que \u00abotro modelo es posible\u00bb, ante el incremento de la deuda del Principado, que \u00abasfixia la capacidad inversora en Asturias\u00bb.<\/p>\n<p>En una nota de prensa hecha p\u00fablica este s\u00e1bado, Podemos recuerda que el Ayuntamiento de Madrid \u00abtiene una deuda no muy superior a la del Principado y la ha reducido en 1.074 millones en un solo a\u00f1o (de 5.637 a 4.563 millones)\u00bb. En su opini\u00f3n, este ejemplo corrobora que \u00ablas propuestas que defendemos sobre la deuda asturiana, la reestructuraci\u00f3n de la misma, su renegociaci\u00f3n, no s\u00f3lo son posibles, sino imprescindibles para aliviar el ahogo econ\u00f3mico, el pozo sin fondo por el que se est\u00e1n precipitando las cuentas p\u00fablicas asturianas\u00bb.<\/p>\n<p>Podemos Asturies ha advertido de que el \u00abinquietante crecimiento que est\u00e1 experimentando la deuda p\u00fablica asturiana\u00bb est\u00e1 \u00abasfixiando\u00bb la capacidad inversora de la comunidad. En la nota, se ha referido a los datos correspondientes al segundo trimestre de este a\u00f1o que ha hecho p\u00fablicos esta semana el Banco de Espa\u00f1a.<\/p>\n<p>La formaci\u00f3n considera que la actual situaci\u00f3n \u00abhipoteca a\u00fan m\u00e1s el desarrollo de nuestra comunidad aut\u00f3noma y pone en riesgo el mantenimiento de los servicios p\u00fablicos\u00bb. \u00abLa cifra r\u00e9cord alcanzada en el primer semestre de este a\u00f1o -4.278 millones de euros, con un crecimiento interanual del 12,9%- asfixia la capacidad inversora de nuestra comunidad aut\u00f3noma\u00bb, afirma Podemos.<\/p>\n<p>Para el partido morado, \u00ablos datos del Banco de Espa\u00f1a evidencian que el Ejecutivo presidido por Javier Fern\u00e1ndez no es capaz de gestionar como es debido las cuentas p\u00fablicas, puesto que ha duplicado pr\u00e1cticamente la deuda asturiana en cuatro a\u00f1os y medio, pasando de los 2.155 millones con los que cerr\u00f3 2011 a los 4.278 millones del primer semestre del presente a\u00f1o, lo cual supone un incremento del 198%\u00bb.<\/p>\n<p>Considera por tanto \u00abel actual modelo de gesti\u00f3n de los recursos p\u00fablicos a todas luces insostenible\u00bb. \u00abLas pol\u00edticas de gasto del Gobierno asturiano demuestran, una y otra vez, su ineficacia. Desde el Grupo Parlamentario de Podemos Asturies vemos necesario apostar por una funci\u00f3n p\u00fablica al servicio de la gente, huyendo de un clientelismo que empobrece las arcas p\u00fablicas. Es necesario un modelo de gesti\u00f3n que evite el despilfarro con lo p\u00fablico, que elimine costes innecesarios, que optimice la inversi\u00f3n. No es posible crecer si se mantienen las malas inercias y la mala gesti\u00f3n de los dineros p\u00fablicos\u00bb, advierte de nuevo Podemos.<\/p>\n<p>&nbsp;<\/p>\n","protected":false},"excerpt":{"rendered":"<p>Podemos Asturies ha puesto de ejemplo la reducci\u00f3n de la deuda p\u00fablica del Ayuntamiento de Madrid para demostrar que \u00abotro modelo es posible\u00bb, ante el incremento de la deuda del Principado, que \u00abasfixia la capacidad inversora en Asturias\u00bb. En una nota de prensa hecha p\u00fablica este s\u00e1bado, Podemos recuerda que el Ayuntamiento de Madrid \u00abtiene [&hellip;]<\/p>\n","protected":false},"author":1,"featured_media":908179,"comment_status":"closed","ping_status":"closed","sticky":false,"template":"","format":"standard","meta":{"footnotes":""},"categories":[12],"tags":[],"class_list":["post-908178","post","type-post","status-publish","format-standard","has-post-thumbnail","hentry","category-actualidad-asturias"],"aioseo_notices":[],"aioseo_head":"\n\t\t<!-- All in One SEO Pro 4.9.6.2 - aioseo.com -->\n\t<meta name=\"description\" content=\"Podemos Asturies ha puesto de ejemplo la reducci\u00f3n de la deuda p\u00fablica del Ayuntamiento de Madrid para demostrar que &quot;otro modelo es posible&quot;, ante el incremento de la deuda del Principado, que &quot;asfixia la capacidad inversora en Asturias&quot;. En una nota de prensa hecha p\u00fablica este s\u00e1bado, Podemos recuerda que el Ayuntamiento de Madrid &quot;tiene\" \/>\n\t<meta name=\"robots\" content=\"max-image-preview:large\" \/>\n\t<meta name=\"author\" content=\"El Digital de Asturias\"\/>\n\t<meta name=\"google-site-verification\" content=\"UA-38556648-1\" \/>\n\t<meta name=\"msvalidate.01\" content=\"7dfe9f3f1b24437ab69f4f2559babe99\" \/>\n\t<meta name=\"keywords\" content=\"actualidad asturias\" \/>\n\t<link rel=\"canonical\" href=\"https:\/\/www.eldigitaldeasturias.com\/noticias\/podemos-avisa-de-que-la-deuda-del-principado-asfixia-la-capacidad-inversora-en-asturias\/\" \/>\n\t<meta name=\"generator\" content=\"All in One SEO Pro (AIOSEO) 4.9.6.2\" \/>\n\t\t<meta property=\"og:locale\" content=\"es_ES\" \/>\n\t\t<meta property=\"og:site_name\" content=\"El Digital de Asturias\" \/>\n\t\t<meta property=\"og:type\" content=\"article\" \/>\n\t\t<meta property=\"og:title\" content=\"Podemos avisa de que la deuda del Principado \u201casfixia la capacidad inversora en Asturias\u00bb - El Digital de Asturias\" \/>\n\t\t<meta property=\"og:description\" content=\"Podemos Asturies ha puesto de ejemplo la reducci\u00f3n de la deuda p\u00fablica del Ayuntamiento de Madrid para demostrar que &quot;otro modelo es posible&quot;, ante el incremento de la deuda del Principado, que &quot;asfixia la capacidad inversora en Asturias&quot;. En una nota de prensa hecha p\u00fablica este s\u00e1bado, Podemos recuerda que el Ayuntamiento de Madrid &quot;tiene\" \/>\n\t\t<meta property=\"og:url\" content=\"https:\/\/www.eldigitaldeasturias.com\/noticias\/podemos-avisa-de-que-la-deuda-del-principado-asfixia-la-capacidad-inversora-en-asturias\/\" \/>\n\t\t<meta property=\"og:image\" content=\"https:\/\/www.eldigitaldeasturias.com\/noticias\/wp-content\/uploads\/2016\/09\/fotonoticia_20160917123737_800.jpg\" \/>\n\t\t<meta property=\"og:image:secure_url\" content=\"https:\/\/www.eldigitaldeasturias.com\/noticias\/wp-content\/uploads\/2016\/09\/fotonoticia_20160917123737_800.jpg\" \/>\n\t\t<meta property=\"og:image:width\" content=\"800\" \/>\n\t\t<meta property=\"og:image:height\" content=\"534\" \/>\n\t\t<meta property=\"article:tag\" content=\"actualidad asturias\" \/>\n\t\t<meta property=\"article:published_time\" content=\"2016-09-17T14:35:56+00:00\" \/>\n\t\t<meta property=\"article:modified_time\" content=\"2016-09-17T14:35:56+00:00\" \/>\n\t\t<meta property=\"article:publisher\" content=\"https:\/\/facebook.com\/eldigitaldeasturias\" \/>\n\t\t<meta name=\"twitter:card\" content=\"summary_large_image\" \/>\n\t\t<meta name=\"twitter:title\" content=\"Podemos avisa de que la deuda del Principado \u201casfixia la capacidad inversora en Asturias\u00bb - El Digital de Asturias\" \/>\n\t\t<meta name=\"twitter:description\" content=\"Podemos Asturies ha puesto de ejemplo la reducci\u00f3n de la deuda p\u00fablica del Ayuntamiento de Madrid para demostrar que &quot;otro modelo es posible&quot;, ante el incremento de la deuda del Principado, que &quot;asfixia la capacidad inversora en Asturias&quot;. En una nota de prensa hecha p\u00fablica este s\u00e1bado, Podemos recuerda que el Ayuntamiento de Madrid &quot;tiene\" \/>\n\t\t<meta name=\"twitter:image\" content=\"https:\/\/www.eldigitaldeasturias.com\/noticias\/wp-content\/uploads\/2016\/09\/fotonoticia_20160917123737_800.jpg\" \/>\n\t\t<meta name=\"twitter:label1\" content=\"Escrito por\" \/>\n\t\t<meta name=\"twitter:data1\" content=\"El Digital de Asturias\" \/>\n\t\t<meta name=\"twitter:label2\" content=\"Tiempo de lectura estimado\" \/>\n\t\t<meta name=\"twitter:data2\" content=\"2 minutos\" \/>\n\t\t<script type=\"application\/ld+json\" class=\"aioseo-schema\">\n\t\t\t{\"@context\":\"https:\\\/\\\/schema.org\",\"@graph\":[{\"@type\":\"BlogPosting\",\"@id\":\"https:\\\/\\\/www.eldigitaldeasturias.com\\\/noticias\\\/podemos-avisa-de-que-la-deuda-del-principado-asfixia-la-capacidad-inversora-en-asturias\\\/#blogposting\",\"name\":\"Podemos avisa de que la deuda del Principado \\u201casfixia la capacidad inversora en Asturias\\u00bb - El Digital de Asturias\",\"headline\":\"Podemos avisa de que la deuda del Principado \\u201casfixia la capacidad inversora en Asturias\\u00bb\",\"author\":{\"@id\":\"https:\\\/\\\/www.eldigitaldeasturias.com\\\/noticias\\\/author\\\/admin\\\/#author\"},\"publisher\":{\"@id\":\"https:\\\/\\\/www.eldigitaldeasturias.com\\\/noticias\\\/#organization\"},\"image\":{\"@type\":\"ImageObject\",\"url\":\"https:\\\/\\\/www.eldigitaldeasturias.com\\\/noticias\\\/wp-content\\\/uploads\\\/2016\\\/09\\\/fotonoticia_20160917123737_800.jpg\",\"width\":800,\"height\":534},\"datePublished\":\"2016-09-17T15:35:56+02:00\",\"dateModified\":\"2016-09-17T15:35:56+02:00\",\"inLanguage\":\"es-ES\",\"mainEntityOfPage\":{\"@id\":\"https:\\\/\\\/www.eldigitaldeasturias.com\\\/noticias\\\/podemos-avisa-de-que-la-deuda-del-principado-asfixia-la-capacidad-inversora-en-asturias\\\/#webpage\"},\"isPartOf\":{\"@id\":\"https:\\\/\\\/www.eldigitaldeasturias.com\\\/noticias\\\/podemos-avisa-de-que-la-deuda-del-principado-asfixia-la-capacidad-inversora-en-asturias\\\/#webpage\"},\"articleSection\":\"Actualidad Asturias\"},{\"@type\":\"BreadcrumbList\",\"@id\":\"https:\\\/\\\/www.eldigitaldeasturias.com\\\/noticias\\\/podemos-avisa-de-que-la-deuda-del-principado-asfixia-la-capacidad-inversora-en-asturias\\\/#breadcrumblist\",\"itemListElement\":[{\"@type\":\"ListItem\",\"@id\":\"https:\\\/\\\/www.eldigitaldeasturias.com\\\/noticias#listItem\",\"position\":1,\"name\":\"Home\",\"item\":\"https:\\\/\\\/www.eldigitaldeasturias.com\\\/noticias\",\"nextItem\":{\"@type\":\"ListItem\",\"@id\":\"https:\\\/\\\/www.eldigitaldeasturias.com\\\/noticias\\\/category\\\/actualidad-asturias\\\/#listItem\",\"name\":\"Actualidad Asturias\"}},{\"@type\":\"ListItem\",\"@id\":\"https:\\\/\\\/www.eldigitaldeasturias.com\\\/noticias\\\/category\\\/actualidad-asturias\\\/#listItem\",\"position\":2,\"name\":\"Actualidad Asturias\",\"item\":\"https:\\\/\\\/www.eldigitaldeasturias.com\\\/noticias\\\/category\\\/actualidad-asturias\\\/\",\"nextItem\":{\"@type\":\"ListItem\",\"@id\":\"https:\\\/\\\/www.eldigitaldeasturias.com\\\/noticias\\\/podemos-avisa-de-que-la-deuda-del-principado-asfixia-la-capacidad-inversora-en-asturias\\\/#listItem\",\"name\":\"Podemos avisa de que la deuda del Principado \\u201casfixia la capacidad inversora en Asturias\\u00bb\"},\"previousItem\":{\"@type\":\"ListItem\",\"@id\":\"https:\\\/\\\/www.eldigitaldeasturias.com\\\/noticias#listItem\",\"name\":\"Home\"}},{\"@type\":\"ListItem\",\"@id\":\"https:\\\/\\\/www.eldigitaldeasturias.com\\\/noticias\\\/podemos-avisa-de-que-la-deuda-del-principado-asfixia-la-capacidad-inversora-en-asturias\\\/#listItem\",\"position\":3,\"name\":\"Podemos avisa de que la deuda del Principado \\u201casfixia la capacidad inversora en Asturias\\u00bb\",\"previousItem\":{\"@type\":\"ListItem\",\"@id\":\"https:\\\/\\\/www.eldigitaldeasturias.com\\\/noticias\\\/category\\\/actualidad-asturias\\\/#listItem\",\"name\":\"Actualidad Asturias\"}}]},{\"@type\":\"Organization\",\"@id\":\"https:\\\/\\\/www.eldigitaldeasturias.com\\\/noticias\\\/#organization\",\"name\":\"El Digital de Asturias\",\"description\":\"Hemeroteca\",\"url\":\"https:\\\/\\\/www.eldigitaldeasturias.com\\\/noticias\\\/\",\"email\":\"info@eldigitaldeasturias.com\",\"telephone\":\"+34652131393\",\"logo\":{\"@type\":\"ImageObject\",\"url\":\"https:\\\/\\\/www.eldigitaldeasturias.com\\\/noticias\\\/wp-content\\\/uploads\\\/2020\\\/12\\\/EDA.jpg\",\"@id\":\"https:\\\/\\\/www.eldigitaldeasturias.com\\\/noticias\\\/podemos-avisa-de-que-la-deuda-del-principado-asfixia-la-capacidad-inversora-en-asturias\\\/#organizationLogo\",\"width\":649,\"height\":297},\"image\":{\"@id\":\"https:\\\/\\\/www.eldigitaldeasturias.com\\\/noticias\\\/podemos-avisa-de-que-la-deuda-del-principado-asfixia-la-capacidad-inversora-en-asturias\\\/#organizationLogo\"},\"sameAs\":[\"https:\\\/\\\/facebook.com\\\/eldigitaldeasturias\",\"https:\\\/\\\/www.youtube.com\\\/channel\\\/UCZP-2wLEB9Rv6erhFmqVnvg\"],\"address\":{\"@id\":\"https:\\\/\\\/www.eldigitaldeasturias.com\\\/noticias\\\/#postaladdress\",\"@type\":\"PostalAddress\",\"streetAddress\":\"san antonio 4,\",\"postalCode\":\"33430\",\"addressLocality\":\"Cand\\u00e1s\",\"addressRegion\":\"Asturias\",\"addressCountry\":\"ES\"}},{\"@type\":\"Person\",\"@id\":\"https:\\\/\\\/www.eldigitaldeasturias.com\\\/noticias\\\/author\\\/admin\\\/#author\",\"url\":\"https:\\\/\\\/www.eldigitaldeasturias.com\\\/noticias\\\/author\\\/admin\\\/\",\"name\":\"El Digital de Asturias\",\"image\":{\"@type\":\"ImageObject\",\"@id\":\"https:\\\/\\\/www.eldigitaldeasturias.com\\\/noticias\\\/podemos-avisa-de-que-la-deuda-del-principado-asfixia-la-capacidad-inversora-en-asturias\\\/#authorImage\",\"url\":\"https:\\\/\\\/www.eldigitaldeasturias.com\\\/noticias\\\/wp-content\\\/litespeed\\\/avatar\\\/18677e78aa0546b92d9dbf31ec7d7668.jpg?ver=1777290358\",\"width\":96,\"height\":96,\"caption\":\"El Digital de Asturias\"}},{\"@type\":\"WebPage\",\"@id\":\"https:\\\/\\\/www.eldigitaldeasturias.com\\\/noticias\\\/podemos-avisa-de-que-la-deuda-del-principado-asfixia-la-capacidad-inversora-en-asturias\\\/#webpage\",\"url\":\"https:\\\/\\\/www.eldigitaldeasturias.com\\\/noticias\\\/podemos-avisa-de-que-la-deuda-del-principado-asfixia-la-capacidad-inversora-en-asturias\\\/\",\"name\":\"Podemos avisa de que la deuda del Principado \\u201casfixia la capacidad inversora en Asturias\\u00bb - El Digital de Asturias\",\"description\":\"Podemos Asturies ha puesto de ejemplo la reducci\\u00f3n de la deuda p\\u00fablica del Ayuntamiento de Madrid para demostrar que \\\"otro modelo es posible\\\", ante el incremento de la deuda del Principado, que \\\"asfixia la capacidad inversora en Asturias\\\". En una nota de prensa hecha p\\u00fablica este s\\u00e1bado, Podemos recuerda que el Ayuntamiento de Madrid \\\"tiene\",\"inLanguage\":\"es-ES\",\"isPartOf\":{\"@id\":\"https:\\\/\\\/www.eldigitaldeasturias.com\\\/noticias\\\/#website\"},\"breadcrumb\":{\"@id\":\"https:\\\/\\\/www.eldigitaldeasturias.com\\\/noticias\\\/podemos-avisa-de-que-la-deuda-del-principado-asfixia-la-capacidad-inversora-en-asturias\\\/#breadcrumblist\"},\"author\":{\"@id\":\"https:\\\/\\\/www.eldigitaldeasturias.com\\\/noticias\\\/author\\\/admin\\\/#author\"},\"creator\":{\"@id\":\"https:\\\/\\\/www.eldigitaldeasturias.com\\\/noticias\\\/author\\\/admin\\\/#author\"},\"image\":{\"@type\":\"ImageObject\",\"url\":\"https:\\\/\\\/www.eldigitaldeasturias.com\\\/noticias\\\/wp-content\\\/uploads\\\/2016\\\/09\\\/fotonoticia_20160917123737_800.jpg\",\"@id\":\"https:\\\/\\\/www.eldigitaldeasturias.com\\\/noticias\\\/podemos-avisa-de-que-la-deuda-del-principado-asfixia-la-capacidad-inversora-en-asturias\\\/#mainImage\",\"width\":800,\"height\":534},\"primaryImageOfPage\":{\"@id\":\"https:\\\/\\\/www.eldigitaldeasturias.com\\\/noticias\\\/podemos-avisa-de-que-la-deuda-del-principado-asfixia-la-capacidad-inversora-en-asturias\\\/#mainImage\"},\"datePublished\":\"2016-09-17T15:35:56+02:00\",\"dateModified\":\"2016-09-17T15:35:56+02:00\"},{\"@type\":\"WebSite\",\"@id\":\"https:\\\/\\\/www.eldigitaldeasturias.com\\\/noticias\\\/#website\",\"url\":\"https:\\\/\\\/www.eldigitaldeasturias.com\\\/noticias\\\/\",\"name\":\"El Digital de Asturias - Diario de actualidad y noticias\",\"alternateName\":\"El Digital de Asturias - Diario de actualidad y noticias\",\"description\":\"Hemeroteca\",\"inLanguage\":\"es-ES\",\"publisher\":{\"@id\":\"https:\\\/\\\/www.eldigitaldeasturias.com\\\/noticias\\\/#organization\"}}]}\n\t\t<\/script>\n\t\t<!-- All in One SEO Pro -->\r\n\t\t<title>Podemos avisa de que la deuda del Principado \u201casfixia la capacidad inversora en Asturias\u00bb - El Digital de Asturias<\/title>\n\n","aioseo_head_json":{"title":"Podemos avisa de que la deuda del Principado \u201casfixia la capacidad inversora en Asturias\u00bb - El Digital de Asturias","description":"Podemos Asturies ha puesto de ejemplo la reducci\u00f3n de la deuda p\u00fablica del Ayuntamiento de Madrid para demostrar que \"otro modelo es posible\", ante el incremento de la deuda del Principado, que \"asfixia la capacidad inversora en Asturias\". En una nota de prensa hecha p\u00fablica este s\u00e1bado, Podemos recuerda que el Ayuntamiento de Madrid \"tiene","canonical_url":"https:\/\/www.eldigitaldeasturias.com\/noticias\/podemos-avisa-de-que-la-deuda-del-principado-asfixia-la-capacidad-inversora-en-asturias\/","robots":"max-image-preview:large","keywords":"actualidad asturias","webmasterTools":{"google-site-verification":"UA-38556648-1","msvalidate.01":"7dfe9f3f1b24437ab69f4f2559babe99","miscellaneous":""},"schema":{"@context":"https:\/\/schema.org","@graph":[{"@type":"BlogPosting","@id":"https:\/\/www.eldigitaldeasturias.com\/noticias\/podemos-avisa-de-que-la-deuda-del-principado-asfixia-la-capacidad-inversora-en-asturias\/#blogposting","name":"Podemos avisa de que la deuda del Principado \u201casfixia la capacidad inversora en Asturias\u00bb - El Digital de Asturias","headline":"Podemos avisa de que la deuda del Principado \u201casfixia la capacidad inversora en Asturias\u00bb","author":{"@id":"https:\/\/www.eldigitaldeasturias.com\/noticias\/author\/admin\/#author"},"publisher":{"@id":"https:\/\/www.eldigitaldeasturias.com\/noticias\/#organization"},"image":{"@type":"ImageObject","url":"https:\/\/www.eldigitaldeasturias.com\/noticias\/wp-content\/uploads\/2016\/09\/fotonoticia_20160917123737_800.jpg","width":800,"height":534},"datePublished":"2016-09-17T15:35:56+02:00","dateModified":"2016-09-17T15:35:56+02:00","inLanguage":"es-ES","mainEntityOfPage":{"@id":"https:\/\/www.eldigitaldeasturias.com\/noticias\/podemos-avisa-de-que-la-deuda-del-principado-asfixia-la-capacidad-inversora-en-asturias\/#webpage"},"isPartOf":{"@id":"https:\/\/www.eldigitaldeasturias.com\/noticias\/podemos-avisa-de-que-la-deuda-del-principado-asfixia-la-capacidad-inversora-en-asturias\/#webpage"},"articleSection":"Actualidad Asturias"},{"@type":"BreadcrumbList","@id":"https:\/\/www.eldigitaldeasturias.com\/noticias\/podemos-avisa-de-que-la-deuda-del-principado-asfixia-la-capacidad-inversora-en-asturias\/#breadcrumblist","itemListElement":[{"@type":"ListItem","@id":"https:\/\/www.eldigitaldeasturias.com\/noticias#listItem","position":1,"name":"Home","item":"https:\/\/www.eldigitaldeasturias.com\/noticias","nextItem":{"@type":"ListItem","@id":"https:\/\/www.eldigitaldeasturias.com\/noticias\/category\/actualidad-asturias\/#listItem","name":"Actualidad Asturias"}},{"@type":"ListItem","@id":"https:\/\/www.eldigitaldeasturias.com\/noticias\/category\/actualidad-asturias\/#listItem","position":2,"name":"Actualidad Asturias","item":"https:\/\/www.eldigitaldeasturias.com\/noticias\/category\/actualidad-asturias\/","nextItem":{"@type":"ListItem","@id":"https:\/\/www.eldigitaldeasturias.com\/noticias\/podemos-avisa-de-que-la-deuda-del-principado-asfixia-la-capacidad-inversora-en-asturias\/#listItem","name":"Podemos avisa de que la deuda del Principado \u201casfixia la capacidad inversora en Asturias\u00bb"},"previousItem":{"@type":"ListItem","@id":"https:\/\/www.eldigitaldeasturias.com\/noticias#listItem","name":"Home"}},{"@type":"ListItem","@id":"https:\/\/www.eldigitaldeasturias.com\/noticias\/podemos-avisa-de-que-la-deuda-del-principado-asfixia-la-capacidad-inversora-en-asturias\/#listItem","position":3,"name":"Podemos avisa de que la deuda del Principado \u201casfixia la capacidad inversora en Asturias\u00bb","previousItem":{"@type":"ListItem","@id":"https:\/\/www.eldigitaldeasturias.com\/noticias\/category\/actualidad-asturias\/#listItem","name":"Actualidad Asturias"}}]},{"@type":"Organization","@id":"https:\/\/www.eldigitaldeasturias.com\/noticias\/#organization","name":"El Digital de Asturias","description":"Hemeroteca","url":"https:\/\/www.eldigitaldeasturias.com\/noticias\/","email":"info@eldigitaldeasturias.com","telephone":"+34652131393","logo":{"@type":"ImageObject","url":"https:\/\/www.eldigitaldeasturias.com\/noticias\/wp-content\/uploads\/2020\/12\/EDA.jpg","@id":"https:\/\/www.eldigitaldeasturias.com\/noticias\/podemos-avisa-de-que-la-deuda-del-principado-asfixia-la-capacidad-inversora-en-asturias\/#organizationLogo","width":649,"height":297},"image":{"@id":"https:\/\/www.eldigitaldeasturias.com\/noticias\/podemos-avisa-de-que-la-deuda-del-principado-asfixia-la-capacidad-inversora-en-asturias\/#organizationLogo"},"sameAs":["https:\/\/facebook.com\/eldigitaldeasturias","https:\/\/www.youtube.com\/channel\/UCZP-2wLEB9Rv6erhFmqVnvg"],"address":{"@id":"https:\/\/www.eldigitaldeasturias.com\/noticias\/#postaladdress","@type":"PostalAddress","streetAddress":"san antonio 4,","postalCode":"33430","addressLocality":"Cand\u00e1s","addressRegion":"Asturias","addressCountry":"ES"}},{"@type":"Person","@id":"https:\/\/www.eldigitaldeasturias.com\/noticias\/author\/admin\/#author","url":"https:\/\/www.eldigitaldeasturias.com\/noticias\/author\/admin\/","name":"El Digital de Asturias","image":{"@type":"ImageObject","@id":"https:\/\/www.eldigitaldeasturias.com\/noticias\/podemos-avisa-de-que-la-deuda-del-principado-asfixia-la-capacidad-inversora-en-asturias\/#authorImage","url":"https:\/\/www.eldigitaldeasturias.com\/noticias\/wp-content\/litespeed\/avatar\/18677e78aa0546b92d9dbf31ec7d7668.jpg?ver=1777290358","width":96,"height":96,"caption":"El Digital de Asturias"}},{"@type":"WebPage","@id":"https:\/\/www.eldigitaldeasturias.com\/noticias\/podemos-avisa-de-que-la-deuda-del-principado-asfixia-la-capacidad-inversora-en-asturias\/#webpage","url":"https:\/\/www.eldigitaldeasturias.com\/noticias\/podemos-avisa-de-que-la-deuda-del-principado-asfixia-la-capacidad-inversora-en-asturias\/","name":"Podemos avisa de que la deuda del Principado \u201casfixia la capacidad inversora en Asturias\u00bb - El Digital de Asturias","description":"Podemos Asturies ha puesto de ejemplo la reducci\u00f3n de la deuda p\u00fablica del Ayuntamiento de Madrid para demostrar que \"otro modelo es posible\", ante el incremento de la deuda del Principado, que \"asfixia la capacidad inversora en Asturias\". En una nota de prensa hecha p\u00fablica este s\u00e1bado, Podemos recuerda que el Ayuntamiento de Madrid \"tiene","inLanguage":"es-ES","isPartOf":{"@id":"https:\/\/www.eldigitaldeasturias.com\/noticias\/#website"},"breadcrumb":{"@id":"https:\/\/www.eldigitaldeasturias.com\/noticias\/podemos-avisa-de-que-la-deuda-del-principado-asfixia-la-capacidad-inversora-en-asturias\/#breadcrumblist"},"author":{"@id":"https:\/\/www.eldigitaldeasturias.com\/noticias\/author\/admin\/#author"},"creator":{"@id":"https:\/\/www.eldigitaldeasturias.com\/noticias\/author\/admin\/#author"},"image":{"@type":"ImageObject","url":"https:\/\/www.eldigitaldeasturias.com\/noticias\/wp-content\/uploads\/2016\/09\/fotonoticia_20160917123737_800.jpg","@id":"https:\/\/www.eldigitaldeasturias.com\/noticias\/podemos-avisa-de-que-la-deuda-del-principado-asfixia-la-capacidad-inversora-en-asturias\/#mainImage","width":800,"height":534},"primaryImageOfPage":{"@id":"https:\/\/www.eldigitaldeasturias.com\/noticias\/podemos-avisa-de-que-la-deuda-del-principado-asfixia-la-capacidad-inversora-en-asturias\/#mainImage"},"datePublished":"2016-09-17T15:35:56+02:00","dateModified":"2016-09-17T15:35:56+02:00"},{"@type":"WebSite","@id":"https:\/\/www.eldigitaldeasturias.com\/noticias\/#website","url":"https:\/\/www.eldigitaldeasturias.com\/noticias\/","name":"El Digital de Asturias - Diario de actualidad y noticias","alternateName":"El Digital de Asturias - Diario de actualidad y noticias","description":"Hemeroteca","inLanguage":"es-ES","publisher":{"@id":"https:\/\/www.eldigitaldeasturias.com\/noticias\/#organization"}}]},"og:locale":"es_ES","og:site_name":"El Digital de Asturias","og:type":"article","og:title":"Podemos avisa de que la deuda del Principado \u201casfixia la capacidad inversora en Asturias\u00bb - El Digital de Asturias","og:description":"Podemos Asturies ha puesto de ejemplo la reducci\u00f3n de la deuda p\u00fablica del Ayuntamiento de Madrid para demostrar que &quot;otro modelo es posible&quot;, ante el incremento de la deuda del Principado, que &quot;asfixia la capacidad inversora en Asturias&quot;. En una nota de prensa hecha p\u00fablica este s\u00e1bado, Podemos recuerda que el Ayuntamiento de Madrid &quot;tiene","og:url":"https:\/\/www.eldigitaldeasturias.com\/noticias\/podemos-avisa-de-que-la-deuda-del-principado-asfixia-la-capacidad-inversora-en-asturias\/","og:image":"https:\/\/www.eldigitaldeasturias.com\/noticias\/wp-content\/uploads\/2016\/09\/fotonoticia_20160917123737_800.jpg","og:image:secure_url":"https:\/\/www.eldigitaldeasturias.com\/noticias\/wp-content\/uploads\/2016\/09\/fotonoticia_20160917123737_800.jpg","og:image:width":800,"og:image:height":534,"article:tag":["actualidad asturias"],"article:published_time":"2016-09-17T14:35:56+00:00","article:modified_time":"2016-09-17T14:35:56+00:00","article:publisher":"https:\/\/facebook.com\/eldigitaldeasturias","twitter:card":"summary_large_image","twitter:title":"Podemos avisa de que la deuda del Principado \u201casfixia la capacidad inversora en Asturias\u00bb - El Digital de Asturias","twitter:description":"Podemos Asturies ha puesto de ejemplo la reducci\u00f3n de la deuda p\u00fablica del Ayuntamiento de Madrid para demostrar que &quot;otro modelo es posible&quot;, ante el incremento de la deuda del Principado, que &quot;asfixia la capacidad inversora en Asturias&quot;. En una nota de prensa hecha p\u00fablica este s\u00e1bado, Podemos recuerda que el Ayuntamiento de Madrid &quot;tiene","twitter:image":"https:\/\/www.eldigitaldeasturias.com\/noticias\/wp-content\/uploads\/2016\/09\/fotonoticia_20160917123737_800.jpg","twitter:label1":"Escrito por","twitter:data1":"El Digital de Asturias","twitter:label2":"Tiempo de lectura estimado","twitter:data2":"2 minutos"},"aioseo_meta_data":{"post_id":"908178","title":null,"description":null,"keywords":null,"keyphrases":null,"primary_term":null,"canonical_url":null,"og_title":null,"og_description":null,"og_object_type":"default","og_image_type":"default","og_image_url":null,"og_image_width":null,"og_image_height":null,"og_image_custom_url":null,"og_image_custom_fields":null,"og_video":null,"og_custom_url":null,"og_article_section":null,"og_article_tags":null,"twitter_use_og":false,"twitter_card":"default","twitter_image_type":"default","twitter_image_url":null,"twitter_image_custom_url":null,"twitter_image_custom_fields":null,"twitter_title":null,"twitter_description":null,"schema":{"blockGraphs":[],"customGraphs":[],"default":{"data":{"Article":[],"Course":[],"Dataset":[],"FAQPage":[],"Movie":[],"Person":[],"Product":[],"ProductReview":[],"Car":[],"Recipe":[],"Service":[],"SoftwareApplication":[],"WebPage":[]},"graphName":"","isEnabled":true},"graphs":[],"defaultGraph":"","defaultPostTypeGraph":""},"schema_type":null,"schema_type_options":null,"pillar_content":false,"robots_default":true,"robots_noindex":false,"robots_noarchive":false,"robots_nosnippet":false,"robots_nofollow":false,"robots_noimageindex":false,"robots_noodp":false,"robots_notranslate":false,"robots_max_snippet":null,"robots_max_videopreview":null,"robots_max_imagepreview":"large","priority":null,"frequency":null,"local_seo":null,"seo_analyzer_scan_date":"2025-11-30 15:09:33","breadcrumb_settings":null,"limit_modified_date":false,"open_ai":null,"ai":null,"created":"2020-12-21 14:00:17","updated":"2025-11-30 15:09:33"},"aioseo_breadcrumb":"<div class=\"aioseo-breadcrumbs\"><span class=\"aioseo-breadcrumb\">\n\t<a href=\"https:\/\/www.eldigitaldeasturias.com\/noticias\" title=\"Home\">Home<\/a>\n<\/span><span class=\"aioseo-breadcrumb-separator\">\u2013<\/span><span class=\"aioseo-breadcrumb\">\n\t<a href=\"https:\/\/www.eldigitaldeasturias.com\/noticias\/category\/actualidad-asturias\/\" title=\"Actualidad Asturias\">Actualidad Asturias<\/a>\n<\/span><span class=\"aioseo-breadcrumb-separator\">\u2013<\/span><span class=\"aioseo-breadcrumb\">\n\t<a href=\"https:\/\/www.eldigitaldeasturias.com\/noticias\/podemos-avisa-de-que-la-deuda-del-principado-asfixia-la-capacidad-inversora-en-asturias\/\" title=\"Podemos avisa de que la deuda del Principado \u201casfixia la capacidad inversora en Asturias\u00bb\">Podemos avisa de que la deuda del Principado \u201casfixia la capacidad inversora en Asturias\u00bb<\/a>\n<\/span><\/div>","aioseo_breadcrumb_json":[{"label":"Home","link":"https:\/\/www.eldigitaldeasturias.com\/noticias"},{"label":"Actualidad Asturias","link":"https:\/\/www.eldigitaldeasturias.com\/noticias\/category\/actualidad-asturias\/"},{"label":"Podemos avisa de que la deuda del Principado \u201casfixia la capacidad inversora en Asturias\u00bb","link":"https:\/\/www.eldigitaldeasturias.com\/noticias\/podemos-avisa-de-que-la-deuda-del-principado-asfixia-la-capacidad-inversora-en-asturias\/"}],"_links":{"self":[{"href":"https:\/\/www.eldigitaldeasturias.com\/noticias\/wp-json\/wp\/v2\/posts\/908178","targetHints":{"allow":["GET"]}}],"collection":[{"href":"https:\/\/www.eldigitaldeasturias.com\/noticias\/wp-json\/wp\/v2\/posts"}],"about":[{"href":"https:\/\/www.eldigitaldeasturias.com\/noticias\/wp-json\/wp\/v2\/types\/post"}],"author":[{"embeddable":true,"href":"https:\/\/www.eldigitaldeasturias.com\/noticias\/wp-json\/wp\/v2\/users\/1"}],"replies":[{"embeddable":true,"href":"https:\/\/www.eldigitaldeasturias.com\/noticias\/wp-json\/wp\/v2\/comments?post=908178"}],"version-history":[{"count":0,"href":"https:\/\/www.eldigitaldeasturias.com\/noticias\/wp-json\/wp\/v2\/posts\/908178\/revisions"}],"wp:featuredmedia":[{"embeddable":true,"href":"https:\/\/www.eldigitaldeasturias.com\/noticias\/wp-json\/wp\/v2\/media\/908179"}],"wp:attachment":[{"href":"https:\/\/www.eldigitaldeasturias.com\/noticias\/wp-json\/wp\/v2\/media?parent=908178"}],"wp:term":[{"taxonomy":"category","embeddable":true,"href":"https:\/\/www.eldigitaldeasturias.com\/noticias\/wp-json\/wp\/v2\/categories?post=908178"},{"taxonomy":"post_tag","embeddable":true,"href":"https:\/\/www.eldigitaldeasturias.com\/noticias\/wp-json\/wp\/v2\/tags?post=908178"}],"curies":[{"name":"wp","href":"https:\/\/api.w.org\/{rel}","templated":true}]}}