{"id":908176,"date":"2016-09-17T15:33:08","date_gmt":"2016-09-17T14:33:08","guid":{"rendered":"http:\/\/www.eldigitaldeasturias.com\/noticias\/?p=908176"},"modified":"2016-09-17T15:33:08","modified_gmt":"2016-09-17T14:33:08","slug":"ourense-reune-a-los-mejores-pilotos-de-helicoptero-de-radio-control-de-espana","status":"publish","type":"post","link":"https:\/\/www.eldigitaldeasturias.com\/noticias\/ourense-reune-a-los-mejores-pilotos-de-helicoptero-de-radio-control-de-espana\/","title":{"rendered":"Ourense re\u00fane a los mejores pilotos de helic\u00f3ptero de radio control de Espa\u00f1a"},"content":{"rendered":"<p>Los mejores pilotos de helic\u00f3ptero de radio control de Espa\u00f1a, tambi\u00e9n de La Rioja, se dar\u00e1n cita este fin de semana en Ourense con motivo del Campeonato de Espa\u00f1a de F3C, organizado por primera vez en la ciudad por el Club de Aeromodelismo de Ourense en colaboraci\u00f3n con la Concejal\u00eda de Deportes. Los vencedores pasar\u00e1n a integrar la selecci\u00f3n espa\u00f1ola de cara a las pr\u00f3ximas competiciones internacionales.<\/p>\n<p>Pilotos llegados de siete comunidades aut\u00f3nomas competir\u00e1n con el \u00fanico representante gallego, el ourensano David Prada, por hacerse con un hueco en la selecci\u00f3n espa\u00f1ola de aeromodelismo de la categor\u00eda F3C, una de las m\u00e1s de 20 con las que cuenta en aeromodelismo y que engloba a los helic\u00f3pteros de radio control.<\/p>\n<p>As\u00ed lo ha se\u00f1alado el propio David Prada, miembro del Club de Aeromodelismo de Ourense, durante la presentaci\u00f3n en el Ayuntamiento de esta prueba deportiva que contar\u00e1 con la colaboraci\u00f3n del Consistorio, a trav\u00e9s de su Concejal\u00eda de Deportes.<\/p>\n<p>La competici\u00f3n tendr\u00e1 lugar a lo largo del fin de semana en las instalaciones del Club de Aeromodelismo de Ourense, en Santa Mari\u00f1a, al lado del Punto Limpo de la ciudad. La competici\u00f3n tendr\u00e1 lugar este s\u00e1bado, entre las 15,00 y las 20,00 horas y el domingo, entre las 11,00 y las 13,30 horas.<\/p>\n<p>LA COMPETICI\u00d3N<\/p>\n<p>Los participantes se enfrentar\u00e1n en cuatro mangas, en las que se escoge por puntuaci\u00f3n al mejor clasificado, en dos categor\u00edas: la absoluta, para elegir a los miembros de la selecci\u00f3n espa\u00f1ola de F3C, y la avanzada, que realizar\u00e1n unas tablas m\u00e1s sencillas.<\/p>\n<p>El concurso consiste en hacer diez maniobras diferentes, algunas con el helic\u00f3ptero completamente est\u00e1tico y otras a una velocidad superior a los 150 kil\u00f3metros por hora.<\/p>\n<p>Desde la organizaci\u00f3n se ha informado de que participar\u00e1n once pilotos llegados desde Valencia , La Rioja, Navarra, Madrid, Asturias y Castilla-Le\u00f3n, si bien este \u00faltimo piloto reside actualmente en Suiza.<\/p>\n<p>LOS MEJORES DE ESPA\u00d1A<\/p>\n<p>Prada ha confirmado que estar\u00e1n presentes los \u00abnombres m\u00e1s importantes\u00bb de la categor\u00eda nacional, entre ellos los tres integrantes de la selecci\u00f3n espa\u00f1ola que el pasado mes de julio qued\u00f3 octava en el Europeo celebrado en Polonia.<\/p>\n<p>El concejal de Deportes de Ourense, Mario Guede, ha recordado que el aeromodelismo es un deporte con \u00abuna larga tradici\u00f3n\u00bb en la ciudad, ya desde los a\u00f1os 50 del pasado siglo. Guede ha abogado por respaldar esta cita deportiva para devolver la afici\u00f3n a este deporte \u00abminoritario\u00bb.<\/p>\n<p>Por su parte, el alcalde de Ourense, Jes\u00fas V\u00e1zquez, ha confiado en que \u00abla presencia de los mejores pilotos de Espa\u00f1a\u00bb en el Campeonato de helic\u00f3pteros de radio control sirva para \u00abcrear deporte base\u00bb en esta modalidad deportiva.<\/p>\n<p>APOYO AL DEPORTE BASE OURENSANO<\/p>\n<p>En esta misma l\u00ednea se ha manifestado \u00c1ngel Mon, secretario del Club de Aeromodelismo de Ourense y uno de los jueces en la prueba que tendr\u00e1 lugar este fin de semana. Mon ha recordado que el club lleg\u00f3 a contar con 56 socios en el a\u00f1o 2012, pero que la crisis econ\u00f3mica ha reducido el n\u00famero de asociados a 38.<\/p>\n<p>Mon ha recordado que aunque los aparatos que competir\u00e1n este fin de semana pueden llegar a alcanzar los 6.000 euros se trata de \u00ablos f\u00f3rmula 1\u00bb del mercado, pero que hay aviones teledirigidos desde 40 euros y helic\u00f3pteros \u00abdesde un poco m\u00e1s\u00bb.<\/p>\n<p>&nbsp;<\/p>\n","protected":false},"excerpt":{"rendered":"<p>Los mejores pilotos de helic\u00f3ptero de radio control de Espa\u00f1a, tambi\u00e9n de La Rioja, se dar\u00e1n cita este fin de semana en Ourense con motivo del Campeonato de Espa\u00f1a de F3C, organizado por primera vez en la ciudad por el Club de Aeromodelismo de Ourense en colaboraci\u00f3n con la Concejal\u00eda de Deportes. Los vencedores pasar\u00e1n [&hellip;]<\/p>\n","protected":false},"author":1,"featured_media":886231,"comment_status":"closed","ping_status":"closed","sticky":false,"template":"","format":"standard","meta":{"footnotes":""},"categories":[50],"tags":[],"class_list":["post-908176","post","type-post","status-publish","format-standard","has-post-thumbnail","hentry","category-revista-de-ocio"],"aioseo_notices":[],"aioseo_head":"\n\t\t<!-- All in One SEO Pro 4.9.6.2 - aioseo.com -->\n\t<meta name=\"description\" content=\"Los mejores pilotos de helic\u00f3ptero de radio control de Espa\u00f1a, tambi\u00e9n de La Rioja, se dar\u00e1n cita este fin de semana en Ourense con motivo del Campeonato de Espa\u00f1a de F3C, organizado por primera vez en la ciudad por el Club de Aeromodelismo de Ourense en colaboraci\u00f3n con la Concejal\u00eda de Deportes. Los vencedores pasar\u00e1n\" \/>\n\t<meta name=\"robots\" content=\"max-image-preview:large\" \/>\n\t<meta name=\"author\" content=\"El Digital de Asturias\"\/>\n\t<meta name=\"google-site-verification\" content=\"UA-38556648-1\" \/>\n\t<meta name=\"msvalidate.01\" content=\"7dfe9f3f1b24437ab69f4f2559babe99\" \/>\n\t<meta name=\"keywords\" content=\"revista de ocio\" \/>\n\t<link rel=\"canonical\" href=\"https:\/\/www.eldigitaldeasturias.com\/noticias\/ourense-reune-a-los-mejores-pilotos-de-helicoptero-de-radio-control-de-espana\/\" \/>\n\t<meta name=\"generator\" content=\"All in One SEO Pro (AIOSEO) 4.9.6.2\" \/>\n\t\t<meta property=\"og:locale\" content=\"es_ES\" \/>\n\t\t<meta property=\"og:site_name\" content=\"El Digital de Asturias\" \/>\n\t\t<meta property=\"og:type\" content=\"article\" \/>\n\t\t<meta property=\"og:title\" content=\"Ourense re\u00fane a los mejores pilotos de helic\u00f3ptero de radio control de Espa\u00f1a - El Digital de Asturias\" \/>\n\t\t<meta property=\"og:description\" content=\"Los mejores pilotos de helic\u00f3ptero de radio control de Espa\u00f1a, tambi\u00e9n de La Rioja, se dar\u00e1n cita este fin de semana en Ourense con motivo del Campeonato de Espa\u00f1a de F3C, organizado por primera vez en la ciudad por el Club de Aeromodelismo de Ourense en colaboraci\u00f3n con la Concejal\u00eda de Deportes. Los vencedores pasar\u00e1n\" \/>\n\t\t<meta property=\"og:url\" content=\"https:\/\/www.eldigitaldeasturias.com\/noticias\/ourense-reune-a-los-mejores-pilotos-de-helicoptero-de-radio-control-de-espana\/\" \/>\n\t\t<meta property=\"og:image\" content=\"https:\/\/www.eldigitaldeasturias.com\/noticias\/wp-content\/uploads\/2016\/05\/internet1-655x360.jpg\" \/>\n\t\t<meta property=\"og:image:secure_url\" content=\"https:\/\/www.eldigitaldeasturias.com\/noticias\/wp-content\/uploads\/2016\/05\/internet1-655x360.jpg\" \/>\n\t\t<meta property=\"og:image:width\" content=\"655\" \/>\n\t\t<meta property=\"og:image:height\" content=\"360\" \/>\n\t\t<meta property=\"article:tag\" content=\"revista de ocio\" \/>\n\t\t<meta property=\"article:published_time\" content=\"2016-09-17T14:33:08+00:00\" \/>\n\t\t<meta property=\"article:modified_time\" content=\"2016-09-17T14:33:08+00:00\" \/>\n\t\t<meta property=\"article:publisher\" content=\"https:\/\/facebook.com\/eldigitaldeasturias\" \/>\n\t\t<meta name=\"twitter:card\" content=\"summary_large_image\" \/>\n\t\t<meta name=\"twitter:title\" content=\"Ourense re\u00fane a los mejores pilotos de helic\u00f3ptero de radio control de Espa\u00f1a - El Digital de Asturias\" \/>\n\t\t<meta name=\"twitter:description\" content=\"Los mejores pilotos de helic\u00f3ptero de radio control de Espa\u00f1a, tambi\u00e9n de La Rioja, se dar\u00e1n cita este fin de semana en Ourense con motivo del Campeonato de Espa\u00f1a de F3C, organizado por primera vez en la ciudad por el Club de Aeromodelismo de Ourense en colaboraci\u00f3n con la Concejal\u00eda de Deportes. Los vencedores pasar\u00e1n\" \/>\n\t\t<meta name=\"twitter:image\" content=\"https:\/\/www.eldigitaldeasturias.com\/noticias\/wp-content\/uploads\/2016\/05\/internet1-655x360.jpg\" \/>\n\t\t<meta name=\"twitter:label1\" content=\"Escrito por\" \/>\n\t\t<meta name=\"twitter:data1\" content=\"El Digital de Asturias\" \/>\n\t\t<meta name=\"twitter:label2\" content=\"Tiempo de lectura estimado\" \/>\n\t\t<meta name=\"twitter:data2\" content=\"3 minutos\" \/>\n\t\t<script type=\"application\/ld+json\" class=\"aioseo-schema\">\n\t\t\t{\"@context\":\"https:\\\/\\\/schema.org\",\"@graph\":[{\"@type\":\"BlogPosting\",\"@id\":\"https:\\\/\\\/www.eldigitaldeasturias.com\\\/noticias\\\/ourense-reune-a-los-mejores-pilotos-de-helicoptero-de-radio-control-de-espana\\\/#blogposting\",\"name\":\"Ourense re\\u00fane a los mejores pilotos de helic\\u00f3ptero de radio control de Espa\\u00f1a - El Digital de Asturias\",\"headline\":\"Ourense re\\u00fane a los mejores pilotos de helic\\u00f3ptero de radio control de Espa\\u00f1a\",\"author\":{\"@id\":\"https:\\\/\\\/www.eldigitaldeasturias.com\\\/noticias\\\/author\\\/admin\\\/#author\"},\"publisher\":{\"@id\":\"https:\\\/\\\/www.eldigitaldeasturias.com\\\/noticias\\\/#organization\"},\"image\":{\"@type\":\"ImageObject\",\"url\":\"https:\\\/\\\/www.eldigitaldeasturias.com\\\/noticias\\\/wp-content\\\/uploads\\\/2016\\\/05\\\/internet1-655x360.jpg\",\"width\":655,\"height\":360},\"datePublished\":\"2016-09-17T15:33:08+02:00\",\"dateModified\":\"2016-09-17T15:33:08+02:00\",\"inLanguage\":\"es-ES\",\"mainEntityOfPage\":{\"@id\":\"https:\\\/\\\/www.eldigitaldeasturias.com\\\/noticias\\\/ourense-reune-a-los-mejores-pilotos-de-helicoptero-de-radio-control-de-espana\\\/#webpage\"},\"isPartOf\":{\"@id\":\"https:\\\/\\\/www.eldigitaldeasturias.com\\\/noticias\\\/ourense-reune-a-los-mejores-pilotos-de-helicoptero-de-radio-control-de-espana\\\/#webpage\"},\"articleSection\":\"Revista de Ocio\"},{\"@type\":\"BreadcrumbList\",\"@id\":\"https:\\\/\\\/www.eldigitaldeasturias.com\\\/noticias\\\/ourense-reune-a-los-mejores-pilotos-de-helicoptero-de-radio-control-de-espana\\\/#breadcrumblist\",\"itemListElement\":[{\"@type\":\"ListItem\",\"@id\":\"https:\\\/\\\/www.eldigitaldeasturias.com\\\/noticias#listItem\",\"position\":1,\"name\":\"Home\",\"item\":\"https:\\\/\\\/www.eldigitaldeasturias.com\\\/noticias\",\"nextItem\":{\"@type\":\"ListItem\",\"@id\":\"https:\\\/\\\/www.eldigitaldeasturias.com\\\/noticias\\\/category\\\/revista-de-ocio\\\/#listItem\",\"name\":\"Revista de Ocio\"}},{\"@type\":\"ListItem\",\"@id\":\"https:\\\/\\\/www.eldigitaldeasturias.com\\\/noticias\\\/category\\\/revista-de-ocio\\\/#listItem\",\"position\":2,\"name\":\"Revista de Ocio\",\"item\":\"https:\\\/\\\/www.eldigitaldeasturias.com\\\/noticias\\\/category\\\/revista-de-ocio\\\/\",\"nextItem\":{\"@type\":\"ListItem\",\"@id\":\"https:\\\/\\\/www.eldigitaldeasturias.com\\\/noticias\\\/ourense-reune-a-los-mejores-pilotos-de-helicoptero-de-radio-control-de-espana\\\/#listItem\",\"name\":\"Ourense re\\u00fane a los mejores pilotos de helic\\u00f3ptero de radio control de Espa\\u00f1a\"},\"previousItem\":{\"@type\":\"ListItem\",\"@id\":\"https:\\\/\\\/www.eldigitaldeasturias.com\\\/noticias#listItem\",\"name\":\"Home\"}},{\"@type\":\"ListItem\",\"@id\":\"https:\\\/\\\/www.eldigitaldeasturias.com\\\/noticias\\\/ourense-reune-a-los-mejores-pilotos-de-helicoptero-de-radio-control-de-espana\\\/#listItem\",\"position\":3,\"name\":\"Ourense re\\u00fane a los mejores pilotos de helic\\u00f3ptero de radio control de Espa\\u00f1a\",\"previousItem\":{\"@type\":\"ListItem\",\"@id\":\"https:\\\/\\\/www.eldigitaldeasturias.com\\\/noticias\\\/category\\\/revista-de-ocio\\\/#listItem\",\"name\":\"Revista de Ocio\"}}]},{\"@type\":\"Organization\",\"@id\":\"https:\\\/\\\/www.eldigitaldeasturias.com\\\/noticias\\\/#organization\",\"name\":\"El Digital de Asturias\",\"description\":\"Hemeroteca\",\"url\":\"https:\\\/\\\/www.eldigitaldeasturias.com\\\/noticias\\\/\",\"email\":\"info@eldigitaldeasturias.com\",\"telephone\":\"+34652131393\",\"logo\":{\"@type\":\"ImageObject\",\"url\":\"https:\\\/\\\/www.eldigitaldeasturias.com\\\/noticias\\\/wp-content\\\/uploads\\\/2020\\\/12\\\/EDA.jpg\",\"@id\":\"https:\\\/\\\/www.eldigitaldeasturias.com\\\/noticias\\\/ourense-reune-a-los-mejores-pilotos-de-helicoptero-de-radio-control-de-espana\\\/#organizationLogo\",\"width\":649,\"height\":297},\"image\":{\"@id\":\"https:\\\/\\\/www.eldigitaldeasturias.com\\\/noticias\\\/ourense-reune-a-los-mejores-pilotos-de-helicoptero-de-radio-control-de-espana\\\/#organizationLogo\"},\"sameAs\":[\"https:\\\/\\\/facebook.com\\\/eldigitaldeasturias\",\"https:\\\/\\\/www.youtube.com\\\/channel\\\/UCZP-2wLEB9Rv6erhFmqVnvg\"],\"address\":{\"@id\":\"https:\\\/\\\/www.eldigitaldeasturias.com\\\/noticias\\\/#postaladdress\",\"@type\":\"PostalAddress\",\"streetAddress\":\"san antonio 4,\",\"postalCode\":\"33430\",\"addressLocality\":\"Cand\\u00e1s\",\"addressRegion\":\"Asturias\",\"addressCountry\":\"ES\"}},{\"@type\":\"Person\",\"@id\":\"https:\\\/\\\/www.eldigitaldeasturias.com\\\/noticias\\\/author\\\/admin\\\/#author\",\"url\":\"https:\\\/\\\/www.eldigitaldeasturias.com\\\/noticias\\\/author\\\/admin\\\/\",\"name\":\"El Digital de Asturias\",\"image\":{\"@type\":\"ImageObject\",\"@id\":\"https:\\\/\\\/www.eldigitaldeasturias.com\\\/noticias\\\/ourense-reune-a-los-mejores-pilotos-de-helicoptero-de-radio-control-de-espana\\\/#authorImage\",\"url\":\"https:\\\/\\\/www.eldigitaldeasturias.com\\\/noticias\\\/wp-content\\\/litespeed\\\/avatar\\\/18677e78aa0546b92d9dbf31ec7d7668.jpg?ver=1777290358\",\"width\":96,\"height\":96,\"caption\":\"El Digital de Asturias\"}},{\"@type\":\"WebPage\",\"@id\":\"https:\\\/\\\/www.eldigitaldeasturias.com\\\/noticias\\\/ourense-reune-a-los-mejores-pilotos-de-helicoptero-de-radio-control-de-espana\\\/#webpage\",\"url\":\"https:\\\/\\\/www.eldigitaldeasturias.com\\\/noticias\\\/ourense-reune-a-los-mejores-pilotos-de-helicoptero-de-radio-control-de-espana\\\/\",\"name\":\"Ourense re\\u00fane a los mejores pilotos de helic\\u00f3ptero de radio control de Espa\\u00f1a - El Digital de Asturias\",\"description\":\"Los mejores pilotos de helic\\u00f3ptero de radio control de Espa\\u00f1a, tambi\\u00e9n de La Rioja, se dar\\u00e1n cita este fin de semana en Ourense con motivo del Campeonato de Espa\\u00f1a de F3C, organizado por primera vez en la ciudad por el Club de Aeromodelismo de Ourense en colaboraci\\u00f3n con la Concejal\\u00eda de Deportes. Los vencedores pasar\\u00e1n\",\"inLanguage\":\"es-ES\",\"isPartOf\":{\"@id\":\"https:\\\/\\\/www.eldigitaldeasturias.com\\\/noticias\\\/#website\"},\"breadcrumb\":{\"@id\":\"https:\\\/\\\/www.eldigitaldeasturias.com\\\/noticias\\\/ourense-reune-a-los-mejores-pilotos-de-helicoptero-de-radio-control-de-espana\\\/#breadcrumblist\"},\"author\":{\"@id\":\"https:\\\/\\\/www.eldigitaldeasturias.com\\\/noticias\\\/author\\\/admin\\\/#author\"},\"creator\":{\"@id\":\"https:\\\/\\\/www.eldigitaldeasturias.com\\\/noticias\\\/author\\\/admin\\\/#author\"},\"image\":{\"@type\":\"ImageObject\",\"url\":\"https:\\\/\\\/www.eldigitaldeasturias.com\\\/noticias\\\/wp-content\\\/uploads\\\/2016\\\/05\\\/internet1-655x360.jpg\",\"@id\":\"https:\\\/\\\/www.eldigitaldeasturias.com\\\/noticias\\\/ourense-reune-a-los-mejores-pilotos-de-helicoptero-de-radio-control-de-espana\\\/#mainImage\",\"width\":655,\"height\":360},\"primaryImageOfPage\":{\"@id\":\"https:\\\/\\\/www.eldigitaldeasturias.com\\\/noticias\\\/ourense-reune-a-los-mejores-pilotos-de-helicoptero-de-radio-control-de-espana\\\/#mainImage\"},\"datePublished\":\"2016-09-17T15:33:08+02:00\",\"dateModified\":\"2016-09-17T15:33:08+02:00\"},{\"@type\":\"WebSite\",\"@id\":\"https:\\\/\\\/www.eldigitaldeasturias.com\\\/noticias\\\/#website\",\"url\":\"https:\\\/\\\/www.eldigitaldeasturias.com\\\/noticias\\\/\",\"name\":\"El Digital de Asturias - Diario de actualidad y noticias\",\"alternateName\":\"El Digital de Asturias - Diario de actualidad y noticias\",\"description\":\"Hemeroteca\",\"inLanguage\":\"es-ES\",\"publisher\":{\"@id\":\"https:\\\/\\\/www.eldigitaldeasturias.com\\\/noticias\\\/#organization\"}}]}\n\t\t<\/script>\n\t\t<!-- All in One SEO Pro -->\r\n\t\t<title>Ourense re\u00fane a los mejores pilotos de helic\u00f3ptero de radio control de Espa\u00f1a - El Digital de Asturias<\/title>\n\n","aioseo_head_json":{"title":"Ourense re\u00fane a los mejores pilotos de helic\u00f3ptero de radio control de Espa\u00f1a - El Digital de Asturias","description":"Los mejores pilotos de helic\u00f3ptero de radio control de Espa\u00f1a, tambi\u00e9n de La Rioja, se dar\u00e1n cita este fin de semana en Ourense con motivo del Campeonato de Espa\u00f1a de F3C, organizado por primera vez en la ciudad por el Club de Aeromodelismo de Ourense en colaboraci\u00f3n con la Concejal\u00eda de Deportes. Los vencedores pasar\u00e1n","canonical_url":"https:\/\/www.eldigitaldeasturias.com\/noticias\/ourense-reune-a-los-mejores-pilotos-de-helicoptero-de-radio-control-de-espana\/","robots":"max-image-preview:large","keywords":"revista de ocio","webmasterTools":{"google-site-verification":"UA-38556648-1","msvalidate.01":"7dfe9f3f1b24437ab69f4f2559babe99","miscellaneous":""},"schema":{"@context":"https:\/\/schema.org","@graph":[{"@type":"BlogPosting","@id":"https:\/\/www.eldigitaldeasturias.com\/noticias\/ourense-reune-a-los-mejores-pilotos-de-helicoptero-de-radio-control-de-espana\/#blogposting","name":"Ourense re\u00fane a los mejores pilotos de helic\u00f3ptero de radio control de Espa\u00f1a - El Digital de Asturias","headline":"Ourense re\u00fane a los mejores pilotos de helic\u00f3ptero de radio control de Espa\u00f1a","author":{"@id":"https:\/\/www.eldigitaldeasturias.com\/noticias\/author\/admin\/#author"},"publisher":{"@id":"https:\/\/www.eldigitaldeasturias.com\/noticias\/#organization"},"image":{"@type":"ImageObject","url":"https:\/\/www.eldigitaldeasturias.com\/noticias\/wp-content\/uploads\/2016\/05\/internet1-655x360.jpg","width":655,"height":360},"datePublished":"2016-09-17T15:33:08+02:00","dateModified":"2016-09-17T15:33:08+02:00","inLanguage":"es-ES","mainEntityOfPage":{"@id":"https:\/\/www.eldigitaldeasturias.com\/noticias\/ourense-reune-a-los-mejores-pilotos-de-helicoptero-de-radio-control-de-espana\/#webpage"},"isPartOf":{"@id":"https:\/\/www.eldigitaldeasturias.com\/noticias\/ourense-reune-a-los-mejores-pilotos-de-helicoptero-de-radio-control-de-espana\/#webpage"},"articleSection":"Revista de Ocio"},{"@type":"BreadcrumbList","@id":"https:\/\/www.eldigitaldeasturias.com\/noticias\/ourense-reune-a-los-mejores-pilotos-de-helicoptero-de-radio-control-de-espana\/#breadcrumblist","itemListElement":[{"@type":"ListItem","@id":"https:\/\/www.eldigitaldeasturias.com\/noticias#listItem","position":1,"name":"Home","item":"https:\/\/www.eldigitaldeasturias.com\/noticias","nextItem":{"@type":"ListItem","@id":"https:\/\/www.eldigitaldeasturias.com\/noticias\/category\/revista-de-ocio\/#listItem","name":"Revista de Ocio"}},{"@type":"ListItem","@id":"https:\/\/www.eldigitaldeasturias.com\/noticias\/category\/revista-de-ocio\/#listItem","position":2,"name":"Revista de Ocio","item":"https:\/\/www.eldigitaldeasturias.com\/noticias\/category\/revista-de-ocio\/","nextItem":{"@type":"ListItem","@id":"https:\/\/www.eldigitaldeasturias.com\/noticias\/ourense-reune-a-los-mejores-pilotos-de-helicoptero-de-radio-control-de-espana\/#listItem","name":"Ourense re\u00fane a los mejores pilotos de helic\u00f3ptero de radio control de Espa\u00f1a"},"previousItem":{"@type":"ListItem","@id":"https:\/\/www.eldigitaldeasturias.com\/noticias#listItem","name":"Home"}},{"@type":"ListItem","@id":"https:\/\/www.eldigitaldeasturias.com\/noticias\/ourense-reune-a-los-mejores-pilotos-de-helicoptero-de-radio-control-de-espana\/#listItem","position":3,"name":"Ourense re\u00fane a los mejores pilotos de helic\u00f3ptero de radio control de Espa\u00f1a","previousItem":{"@type":"ListItem","@id":"https:\/\/www.eldigitaldeasturias.com\/noticias\/category\/revista-de-ocio\/#listItem","name":"Revista de Ocio"}}]},{"@type":"Organization","@id":"https:\/\/www.eldigitaldeasturias.com\/noticias\/#organization","name":"El Digital de Asturias","description":"Hemeroteca","url":"https:\/\/www.eldigitaldeasturias.com\/noticias\/","email":"info@eldigitaldeasturias.com","telephone":"+34652131393","logo":{"@type":"ImageObject","url":"https:\/\/www.eldigitaldeasturias.com\/noticias\/wp-content\/uploads\/2020\/12\/EDA.jpg","@id":"https:\/\/www.eldigitaldeasturias.com\/noticias\/ourense-reune-a-los-mejores-pilotos-de-helicoptero-de-radio-control-de-espana\/#organizationLogo","width":649,"height":297},"image":{"@id":"https:\/\/www.eldigitaldeasturias.com\/noticias\/ourense-reune-a-los-mejores-pilotos-de-helicoptero-de-radio-control-de-espana\/#organizationLogo"},"sameAs":["https:\/\/facebook.com\/eldigitaldeasturias","https:\/\/www.youtube.com\/channel\/UCZP-2wLEB9Rv6erhFmqVnvg"],"address":{"@id":"https:\/\/www.eldigitaldeasturias.com\/noticias\/#postaladdress","@type":"PostalAddress","streetAddress":"san antonio 4,","postalCode":"33430","addressLocality":"Cand\u00e1s","addressRegion":"Asturias","addressCountry":"ES"}},{"@type":"Person","@id":"https:\/\/www.eldigitaldeasturias.com\/noticias\/author\/admin\/#author","url":"https:\/\/www.eldigitaldeasturias.com\/noticias\/author\/admin\/","name":"El Digital de Asturias","image":{"@type":"ImageObject","@id":"https:\/\/www.eldigitaldeasturias.com\/noticias\/ourense-reune-a-los-mejores-pilotos-de-helicoptero-de-radio-control-de-espana\/#authorImage","url":"https:\/\/www.eldigitaldeasturias.com\/noticias\/wp-content\/litespeed\/avatar\/18677e78aa0546b92d9dbf31ec7d7668.jpg?ver=1777290358","width":96,"height":96,"caption":"El Digital de Asturias"}},{"@type":"WebPage","@id":"https:\/\/www.eldigitaldeasturias.com\/noticias\/ourense-reune-a-los-mejores-pilotos-de-helicoptero-de-radio-control-de-espana\/#webpage","url":"https:\/\/www.eldigitaldeasturias.com\/noticias\/ourense-reune-a-los-mejores-pilotos-de-helicoptero-de-radio-control-de-espana\/","name":"Ourense re\u00fane a los mejores pilotos de helic\u00f3ptero de radio control de Espa\u00f1a - El Digital de Asturias","description":"Los mejores pilotos de helic\u00f3ptero de radio control de Espa\u00f1a, tambi\u00e9n de La Rioja, se dar\u00e1n cita este fin de semana en Ourense con motivo del Campeonato de Espa\u00f1a de F3C, organizado por primera vez en la ciudad por el Club de Aeromodelismo de Ourense en colaboraci\u00f3n con la Concejal\u00eda de Deportes. Los vencedores pasar\u00e1n","inLanguage":"es-ES","isPartOf":{"@id":"https:\/\/www.eldigitaldeasturias.com\/noticias\/#website"},"breadcrumb":{"@id":"https:\/\/www.eldigitaldeasturias.com\/noticias\/ourense-reune-a-los-mejores-pilotos-de-helicoptero-de-radio-control-de-espana\/#breadcrumblist"},"author":{"@id":"https:\/\/www.eldigitaldeasturias.com\/noticias\/author\/admin\/#author"},"creator":{"@id":"https:\/\/www.eldigitaldeasturias.com\/noticias\/author\/admin\/#author"},"image":{"@type":"ImageObject","url":"https:\/\/www.eldigitaldeasturias.com\/noticias\/wp-content\/uploads\/2016\/05\/internet1-655x360.jpg","@id":"https:\/\/www.eldigitaldeasturias.com\/noticias\/ourense-reune-a-los-mejores-pilotos-de-helicoptero-de-radio-control-de-espana\/#mainImage","width":655,"height":360},"primaryImageOfPage":{"@id":"https:\/\/www.eldigitaldeasturias.com\/noticias\/ourense-reune-a-los-mejores-pilotos-de-helicoptero-de-radio-control-de-espana\/#mainImage"},"datePublished":"2016-09-17T15:33:08+02:00","dateModified":"2016-09-17T15:33:08+02:00"},{"@type":"WebSite","@id":"https:\/\/www.eldigitaldeasturias.com\/noticias\/#website","url":"https:\/\/www.eldigitaldeasturias.com\/noticias\/","name":"El Digital de Asturias - Diario de actualidad y noticias","alternateName":"El Digital de Asturias - Diario de actualidad y noticias","description":"Hemeroteca","inLanguage":"es-ES","publisher":{"@id":"https:\/\/www.eldigitaldeasturias.com\/noticias\/#organization"}}]},"og:locale":"es_ES","og:site_name":"El Digital de Asturias","og:type":"article","og:title":"Ourense re\u00fane a los mejores pilotos de helic\u00f3ptero de radio control de Espa\u00f1a - El Digital de Asturias","og:description":"Los mejores pilotos de helic\u00f3ptero de radio control de Espa\u00f1a, tambi\u00e9n de La Rioja, se dar\u00e1n cita este fin de semana en Ourense con motivo del Campeonato de Espa\u00f1a de F3C, organizado por primera vez en la ciudad por el Club de Aeromodelismo de Ourense en colaboraci\u00f3n con la Concejal\u00eda de Deportes. Los vencedores pasar\u00e1n","og:url":"https:\/\/www.eldigitaldeasturias.com\/noticias\/ourense-reune-a-los-mejores-pilotos-de-helicoptero-de-radio-control-de-espana\/","og:image":"https:\/\/www.eldigitaldeasturias.com\/noticias\/wp-content\/uploads\/2016\/05\/internet1-655x360.jpg","og:image:secure_url":"https:\/\/www.eldigitaldeasturias.com\/noticias\/wp-content\/uploads\/2016\/05\/internet1-655x360.jpg","og:image:width":655,"og:image:height":360,"article:tag":["revista de ocio"],"article:published_time":"2016-09-17T14:33:08+00:00","article:modified_time":"2016-09-17T14:33:08+00:00","article:publisher":"https:\/\/facebook.com\/eldigitaldeasturias","twitter:card":"summary_large_image","twitter:title":"Ourense re\u00fane a los mejores pilotos de helic\u00f3ptero de radio control de Espa\u00f1a - El Digital de Asturias","twitter:description":"Los mejores pilotos de helic\u00f3ptero de radio control de Espa\u00f1a, tambi\u00e9n de La Rioja, se dar\u00e1n cita este fin de semana en Ourense con motivo del Campeonato de Espa\u00f1a de F3C, organizado por primera vez en la ciudad por el Club de Aeromodelismo de Ourense en colaboraci\u00f3n con la Concejal\u00eda de Deportes. Los vencedores pasar\u00e1n","twitter:image":"https:\/\/www.eldigitaldeasturias.com\/noticias\/wp-content\/uploads\/2016\/05\/internet1-655x360.jpg","twitter:label1":"Escrito por","twitter:data1":"El Digital de Asturias","twitter:label2":"Tiempo de lectura estimado","twitter:data2":"3 minutos"},"aioseo_meta_data":{"post_id":"908176","title":null,"description":null,"keywords":null,"keyphrases":null,"primary_term":null,"canonical_url":null,"og_title":null,"og_description":null,"og_object_type":"default","og_image_type":"default","og_image_url":null,"og_image_width":null,"og_image_height":null,"og_image_custom_url":null,"og_image_custom_fields":null,"og_video":null,"og_custom_url":null,"og_article_section":null,"og_article_tags":null,"twitter_use_og":false,"twitter_card":"default","twitter_image_type":"default","twitter_image_url":null,"twitter_image_custom_url":null,"twitter_image_custom_fields":null,"twitter_title":null,"twitter_description":null,"schema":{"blockGraphs":[],"customGraphs":[],"default":{"data":{"Article":[],"Course":[],"Dataset":[],"FAQPage":[],"Movie":[],"Person":[],"Product":[],"ProductReview":[],"Car":[],"Recipe":[],"Service":[],"SoftwareApplication":[],"WebPage":[]},"graphName":"","isEnabled":true},"graphs":[],"defaultGraph":"","defaultPostTypeGraph":""},"schema_type":null,"schema_type_options":null,"pillar_content":false,"robots_default":true,"robots_noindex":false,"robots_noarchive":false,"robots_nosnippet":false,"robots_nofollow":false,"robots_noimageindex":false,"robots_noodp":false,"robots_notranslate":false,"robots_max_snippet":null,"robots_max_videopreview":null,"robots_max_imagepreview":"large","priority":null,"frequency":null,"local_seo":null,"seo_analyzer_scan_date":"2025-11-30 15:07:11","breadcrumb_settings":null,"limit_modified_date":false,"open_ai":null,"ai":null,"created":"2020-12-21 14:00:17","updated":"2025-11-30 15:07:11"},"aioseo_breadcrumb":"<div class=\"aioseo-breadcrumbs\"><span class=\"aioseo-breadcrumb\">\n\t<a href=\"https:\/\/www.eldigitaldeasturias.com\/noticias\" title=\"Home\">Home<\/a>\n<\/span><span class=\"aioseo-breadcrumb-separator\">\u2013<\/span><span class=\"aioseo-breadcrumb\">\n\t<a href=\"https:\/\/www.eldigitaldeasturias.com\/noticias\/category\/revista-de-ocio\/\" title=\"Revista de Ocio\">Revista de Ocio<\/a>\n<\/span><span class=\"aioseo-breadcrumb-separator\">\u2013<\/span><span class=\"aioseo-breadcrumb\">\n\t<a href=\"https:\/\/www.eldigitaldeasturias.com\/noticias\/ourense-reune-a-los-mejores-pilotos-de-helicoptero-de-radio-control-de-espana\/\" title=\"Ourense re\u00fane a los mejores pilotos de helic\u00f3ptero de radio control de Espa\u00f1a\">Ourense re\u00fane a los mejores pilotos de helic\u00f3ptero de radio control de Espa\u00f1a<\/a>\n<\/span><\/div>","aioseo_breadcrumb_json":[{"label":"Home","link":"https:\/\/www.eldigitaldeasturias.com\/noticias"},{"label":"Revista de Ocio","link":"https:\/\/www.eldigitaldeasturias.com\/noticias\/category\/revista-de-ocio\/"},{"label":"Ourense re\u00fane a los mejores pilotos de helic\u00f3ptero de radio control de Espa\u00f1a","link":"https:\/\/www.eldigitaldeasturias.com\/noticias\/ourense-reune-a-los-mejores-pilotos-de-helicoptero-de-radio-control-de-espana\/"}],"_links":{"self":[{"href":"https:\/\/www.eldigitaldeasturias.com\/noticias\/wp-json\/wp\/v2\/posts\/908176","targetHints":{"allow":["GET"]}}],"collection":[{"href":"https:\/\/www.eldigitaldeasturias.com\/noticias\/wp-json\/wp\/v2\/posts"}],"about":[{"href":"https:\/\/www.eldigitaldeasturias.com\/noticias\/wp-json\/wp\/v2\/types\/post"}],"author":[{"embeddable":true,"href":"https:\/\/www.eldigitaldeasturias.com\/noticias\/wp-json\/wp\/v2\/users\/1"}],"replies":[{"embeddable":true,"href":"https:\/\/www.eldigitaldeasturias.com\/noticias\/wp-json\/wp\/v2\/comments?post=908176"}],"version-history":[{"count":0,"href":"https:\/\/www.eldigitaldeasturias.com\/noticias\/wp-json\/wp\/v2\/posts\/908176\/revisions"}],"wp:featuredmedia":[{"embeddable":true,"href":"https:\/\/www.eldigitaldeasturias.com\/noticias\/wp-json\/wp\/v2\/media\/886231"}],"wp:attachment":[{"href":"https:\/\/www.eldigitaldeasturias.com\/noticias\/wp-json\/wp\/v2\/media?parent=908176"}],"wp:term":[{"taxonomy":"category","embeddable":true,"href":"https:\/\/www.eldigitaldeasturias.com\/noticias\/wp-json\/wp\/v2\/categories?post=908176"},{"taxonomy":"post_tag","embeddable":true,"href":"https:\/\/www.eldigitaldeasturias.com\/noticias\/wp-json\/wp\/v2\/tags?post=908176"}],"curies":[{"name":"wp","href":"https:\/\/api.w.org\/{rel}","templated":true}]}}