{"id":908174,"date":"2016-09-17T15:30:15","date_gmt":"2016-09-17T14:30:15","guid":{"rendered":"http:\/\/www.eldigitaldeasturias.com\/noticias\/?p=908174"},"modified":"2016-09-17T15:30:15","modified_gmt":"2016-09-17T14:30:15","slug":"la-vienta-de-viaxes-del-imserso-empieza-guei-nasturies","status":"publish","type":"post","link":"https:\/\/www.eldigitaldeasturias.com\/noticias\/la-vienta-de-viaxes-del-imserso-empieza-guei-nasturies\/","title":{"rendered":"La vienta de viaxes del Imserso empieza g\u00fcei n&#8217;Asturies"},"content":{"rendered":"<p><img loading=\"lazy\" decoding=\"async\" class=\"alignleft size-medium wp-image-908165\" src=\"https:\/\/www.eldigitaldeasturias.com\/noticias\/wp-content\/uploads\/2016\/09\/fotonoticia_20160917100006_800-360x240.jpg\" alt=\"fotonoticia_20160917100006_800\" width=\"360\" height=\"240\" srcset=\"https:\/\/www.eldigitaldeasturias.com\/noticias\/wp-content\/uploads\/2016\/09\/fotonoticia_20160917100006_800-360x240.jpg 360w, https:\/\/www.eldigitaldeasturias.com\/noticias\/wp-content\/uploads\/2016\/09\/fotonoticia_20160917100006_800-768x512.jpg 768w, https:\/\/www.eldigitaldeasturias.com\/noticias\/wp-content\/uploads\/2016\/09\/fotonoticia_20160917100006_800-650x433.jpg 650w, https:\/\/www.eldigitaldeasturias.com\/noticias\/wp-content\/uploads\/2016\/09\/fotonoticia_20160917100006_800-84x55.jpg 84w, https:\/\/www.eldigitaldeasturias.com\/noticias\/wp-content\/uploads\/2016\/09\/fotonoticia_20160917100006_800-49x32.jpg 49w, https:\/\/www.eldigitaldeasturias.com\/noticias\/wp-content\/uploads\/2016\/09\/fotonoticia_20160917100006_800.jpg 800w\" sizes=\"auto, (max-width: 360px) 100vw, 360px\" \/>La comercializaci\u00f3n de los viaxes pa mayores del Programa de Turismu del Imserso pa la temporada 2016-2017 va arrincar esti s\u00e1badu n&#8217;Asturies y otres comunidaes, con un total de 1,35 millones de places en tol pa\u00eds, seg\u00fan l&#8217;Institutu de Mayores y servicios Sociales, nel van participar m\u00e1s de 300 establecimientos hoteleros de toa Espa\u00f1a.<\/p>\n<p>Seg\u00fan el calendariu public\u00e1u na so web, la comercializaci\u00f3n va realizar de manera gradiada por comunidaes aut\u00f3nomes y en tres fases como vien siendo habitual.<\/p>\n<p>El Imserso preve que los viaxes puedan empezar a finales de la primera quincena del mes d&#8217;ochobre. Con esti programa les persones mayores tienen la posibilid\u00e1 d&#8217;esfrutar, a preciu amenorg\u00e1u, d&#8217;estancies en zones tur\u00edstiques de la mari\u00f1a peninsular, Baleares y Canaries, en temporada baxa y a precios m\u00e1s amenorgaos.<\/p>\n<p>Como cada a\u00f1u ufi\u00e9rtense destinos en mari\u00f1a peninsular (Andaluc\u00eda, Murcia, Comunidad Valenciana y Catalu\u00f1a); d&#8217;interior (circuitos culturales, turismu de naturaleza, capitales de provincia, Ceuta y Melilla) o mari\u00f1a insular (Canaries y Baleares).<\/p>\n<p>El Imserso recuerda que&#8217;l calendariu tien por finalid\u00e1 ordenar la comercializaci\u00f3n de manera gradiada pero, en neng\u00fan casu, va afectar a la distribuci\u00f3n de places al distribuyise primeramente per cada provincia, en funci\u00f3n de la poblaci\u00f3n mayor de 65 a\u00f1os. Por tanto, asegura, \u00ables opciones de viaxes de los usuarios del Programa nun se ven afectaes por esti calendariu de comercializaci\u00f3n\u00bb.<\/p>\n<p><strong>EL CALENDARIU.<\/strong><\/p>\n<p>La vienta de los viaxes del Imserso va empecipiase los d\u00edes 15, 16 y 17 de setiembre en Catalu\u00f1a, Estremadura, Galicia, La Rioxa y el Pa\u00eds Vascu.<\/p>\n<p>Darr\u00e9u, los d\u00edes 17, 19 y 20 de setiembre va poner en marcha n&#8217;Arag\u00f3n, Asturies, Canaries, Castiella y Lli\u00f3n, Comunid\u00e1 de Madrid, Baleares, Murcia y Navarra, ente que nuna tercer fase va realizar n&#8217;Andaluc\u00eda, Cantabria, Castiella-La Mancha, Comunidad Valenciana, Ceuta y Melilla.<\/p>\n<p>Los mayores acreditaos en primer fase van empezar a recibir la notificaci\u00f3n a partir del llunes 5 de setiembre, bien con garant\u00eda de plaza o bien pa cobertoria de vacantes.<\/p>\n<p>Con ella, van poder acutar y\/o adquirir billetes pa estos destinos nes axencies de viaxes autorizaes con nes axudicataries (Mundosenior y Mundiplan, en cada casu) mientres los dos primeros d\u00edes, nel dest\u00edn que figure na mesma. A partir del tercer d\u00eda, van poder faelo en cualquier dest\u00edn del programa pa la temporada.<\/p>\n<p>P&#8217;aquellos que solicitaren dalguna modalid\u00e1 de viaxes fuera del primer plazu (del 30 d&#8217;abril al 16 de xunu), el Imserso va unviar la notificaci\u00f3n correspondiente afitando la fecha a partir de la cual van poder acutar o mercar billetes de places vacantes o indicando la causa pola que nun axunta los requisitos esix\u00edos.<\/p>\n<p>El plazu de presentaci\u00f3n de solicit\u00faes fora de plazu pal Programa de Turismu del Imserso temporada 2016-2017 y cubrir posibles vacantes remata 1 d&#8217;avientu de 2016.<\/p>\n<p><strong>SERVICIOS QU&#8217;INCL\u00daI.<\/strong><\/p>\n<p>Am\u00e1s, de la ufierta na mari\u00f1a peninsular (Andaluc\u00eda, Catalu\u00f1a, Murcia, Comunidad Valenciana con\/y ensin tresporte), Baleares y Canaries, tami\u00e9n incl\u00fai viaxes culturales a destinos d&#8217;interior, turismu de naturaleza, circuitos a capitales de provincia y viaxes a Ceuta y Melilla.<\/p>\n<p>El programa tien una variada ufierta de veces de vacaciones, que pueden ser de cinco, seis, ocho, diez o 15 d\u00edes d&#8217;estancia, en r\u00e9xime de pensi\u00f3n completa, con tresporte d&#8217;ida y vuelta, asistencia sanitaria y p\u00f3liza de seguru.<\/p>\n<p>Les veces de Turismu de Naturaleza, Circuitos Culturales y Viaxes a Ciudaes, dada les sos especialidaes caracter\u00edstiques, nun incl\u00fain nin el serviciu m\u00e9dicu complementariu, nin programa d&#8217;animaci\u00f3n. Los viaxes a capitales de provincia va ser en r\u00e9xime de media pensi\u00f3n y ensin tresporte.<\/p>\n<p>&nbsp;<\/p>\n","protected":false},"excerpt":{"rendered":"<p>La comercializaci\u00f3n de los viaxes pa mayores del Programa de Turismu del Imserso pa la temporada 2016-2017 va arrincar esti s\u00e1badu n&#8217;Asturies y otres comunidaes, con un total de 1,35 millones de places en tol pa\u00eds, seg\u00fan l&#8217;Institutu de Mayores y servicios Sociales, nel van participar m\u00e1s de 300 establecimientos hoteleros de toa Espa\u00f1a. Seg\u00fan [&hellip;]<\/p>\n","protected":false},"author":1,"featured_media":908165,"comment_status":"closed","ping_status":"closed","sticky":false,"template":"","format":"standard","meta":{"footnotes":""},"categories":[12],"tags":[],"class_list":["post-908174","post","type-post","status-publish","format-standard","has-post-thumbnail","hentry","category-actualidad-asturias"],"aioseo_notices":[],"aioseo_head":"\n\t\t<!-- All in One SEO Pro 4.9.6.2 - aioseo.com -->\n\t<meta name=\"description\" content=\"La comercializaci\u00f3n de los viaxes pa mayores del Programa de Turismu del Imserso pa la temporada 2016-2017 va arrincar esti s\u00e1badu n&#039;Asturies y otres comunidaes, con un total de 1,35 millones de places en tol pa\u00eds, seg\u00fan l&#039;Institutu de Mayores y servicios Sociales, nel van participar m\u00e1s de 300 establecimientos hoteleros de toa Espa\u00f1a. Seg\u00fan\" \/>\n\t<meta name=\"robots\" content=\"max-image-preview:large\" \/>\n\t<meta name=\"author\" content=\"El Digital de Asturias\"\/>\n\t<meta name=\"google-site-verification\" content=\"UA-38556648-1\" \/>\n\t<meta name=\"msvalidate.01\" content=\"7dfe9f3f1b24437ab69f4f2559babe99\" \/>\n\t<meta name=\"keywords\" content=\"actualidad asturias\" \/>\n\t<link rel=\"canonical\" href=\"https:\/\/www.eldigitaldeasturias.com\/noticias\/la-vienta-de-viaxes-del-imserso-empieza-guei-nasturies\/\" \/>\n\t<meta name=\"generator\" content=\"All in One SEO Pro (AIOSEO) 4.9.6.2\" \/>\n\t\t<meta property=\"og:locale\" content=\"es_ES\" \/>\n\t\t<meta property=\"og:site_name\" content=\"El Digital de Asturias\" \/>\n\t\t<meta property=\"og:type\" content=\"article\" \/>\n\t\t<meta property=\"og:title\" content=\"La vienta de viaxes del Imserso empieza g\u00fcei n\u2019Asturies - El Digital de Asturias\" \/>\n\t\t<meta property=\"og:description\" content=\"La comercializaci\u00f3n de los viaxes pa mayores del Programa de Turismu del Imserso pa la temporada 2016-2017 va arrincar esti s\u00e1badu n&#039;Asturies y otres comunidaes, con un total de 1,35 millones de places en tol pa\u00eds, seg\u00fan l&#039;Institutu de Mayores y servicios Sociales, nel van participar m\u00e1s de 300 establecimientos hoteleros de toa Espa\u00f1a. Seg\u00fan\" \/>\n\t\t<meta property=\"og:url\" content=\"https:\/\/www.eldigitaldeasturias.com\/noticias\/la-vienta-de-viaxes-del-imserso-empieza-guei-nasturies\/\" \/>\n\t\t<meta property=\"og:image\" content=\"https:\/\/www.eldigitaldeasturias.com\/noticias\/wp-content\/uploads\/2016\/09\/fotonoticia_20160917100006_800.jpg\" \/>\n\t\t<meta property=\"og:image:secure_url\" content=\"https:\/\/www.eldigitaldeasturias.com\/noticias\/wp-content\/uploads\/2016\/09\/fotonoticia_20160917100006_800.jpg\" \/>\n\t\t<meta property=\"og:image:width\" content=\"800\" \/>\n\t\t<meta property=\"og:image:height\" content=\"533\" \/>\n\t\t<meta property=\"article:tag\" content=\"actualidad asturias\" \/>\n\t\t<meta property=\"article:published_time\" content=\"2016-09-17T14:30:15+00:00\" \/>\n\t\t<meta property=\"article:modified_time\" content=\"2016-09-17T14:30:15+00:00\" \/>\n\t\t<meta property=\"article:publisher\" content=\"https:\/\/facebook.com\/eldigitaldeasturias\" \/>\n\t\t<meta name=\"twitter:card\" content=\"summary_large_image\" \/>\n\t\t<meta name=\"twitter:title\" content=\"La vienta de viaxes del Imserso empieza g\u00fcei n\u2019Asturies - El Digital de Asturias\" \/>\n\t\t<meta name=\"twitter:description\" content=\"La comercializaci\u00f3n de los viaxes pa mayores del Programa de Turismu del Imserso pa la temporada 2016-2017 va arrincar esti s\u00e1badu n&#039;Asturies y otres comunidaes, con un total de 1,35 millones de places en tol pa\u00eds, seg\u00fan l&#039;Institutu de Mayores y servicios Sociales, nel van participar m\u00e1s de 300 establecimientos hoteleros de toa Espa\u00f1a. Seg\u00fan\" \/>\n\t\t<meta name=\"twitter:image\" content=\"https:\/\/www.eldigitaldeasturias.com\/noticias\/wp-content\/uploads\/2016\/09\/fotonoticia_20160917100006_800.jpg\" \/>\n\t\t<meta name=\"twitter:label1\" content=\"Escrito por\" \/>\n\t\t<meta name=\"twitter:data1\" content=\"El Digital de Asturias\" \/>\n\t\t<meta name=\"twitter:label2\" content=\"Tiempo de lectura estimado\" \/>\n\t\t<meta name=\"twitter:data2\" content=\"3 minutos\" \/>\n\t\t<script type=\"application\/ld+json\" class=\"aioseo-schema\">\n\t\t\t{\"@context\":\"https:\\\/\\\/schema.org\",\"@graph\":[{\"@type\":\"BlogPosting\",\"@id\":\"https:\\\/\\\/www.eldigitaldeasturias.com\\\/noticias\\\/la-vienta-de-viaxes-del-imserso-empieza-guei-nasturies\\\/#blogposting\",\"name\":\"La vienta de viaxes del Imserso empieza g\\u00fcei n\\u2019Asturies - El Digital de Asturias\",\"headline\":\"La vienta de viaxes del Imserso empieza g\\u00fcei n&#8217;Asturies\",\"author\":{\"@id\":\"https:\\\/\\\/www.eldigitaldeasturias.com\\\/noticias\\\/author\\\/admin\\\/#author\"},\"publisher\":{\"@id\":\"https:\\\/\\\/www.eldigitaldeasturias.com\\\/noticias\\\/#organization\"},\"image\":{\"@type\":\"ImageObject\",\"url\":\"https:\\\/\\\/www.eldigitaldeasturias.com\\\/noticias\\\/wp-content\\\/uploads\\\/2016\\\/09\\\/fotonoticia_20160917100006_800.jpg\",\"width\":800,\"height\":533},\"datePublished\":\"2016-09-17T15:30:15+02:00\",\"dateModified\":\"2016-09-17T15:30:15+02:00\",\"inLanguage\":\"es-ES\",\"mainEntityOfPage\":{\"@id\":\"https:\\\/\\\/www.eldigitaldeasturias.com\\\/noticias\\\/la-vienta-de-viaxes-del-imserso-empieza-guei-nasturies\\\/#webpage\"},\"isPartOf\":{\"@id\":\"https:\\\/\\\/www.eldigitaldeasturias.com\\\/noticias\\\/la-vienta-de-viaxes-del-imserso-empieza-guei-nasturies\\\/#webpage\"},\"articleSection\":\"Actualidad Asturias\"},{\"@type\":\"BreadcrumbList\",\"@id\":\"https:\\\/\\\/www.eldigitaldeasturias.com\\\/noticias\\\/la-vienta-de-viaxes-del-imserso-empieza-guei-nasturies\\\/#breadcrumblist\",\"itemListElement\":[{\"@type\":\"ListItem\",\"@id\":\"https:\\\/\\\/www.eldigitaldeasturias.com\\\/noticias#listItem\",\"position\":1,\"name\":\"Home\",\"item\":\"https:\\\/\\\/www.eldigitaldeasturias.com\\\/noticias\",\"nextItem\":{\"@type\":\"ListItem\",\"@id\":\"https:\\\/\\\/www.eldigitaldeasturias.com\\\/noticias\\\/category\\\/actualidad-asturias\\\/#listItem\",\"name\":\"Actualidad Asturias\"}},{\"@type\":\"ListItem\",\"@id\":\"https:\\\/\\\/www.eldigitaldeasturias.com\\\/noticias\\\/category\\\/actualidad-asturias\\\/#listItem\",\"position\":2,\"name\":\"Actualidad Asturias\",\"item\":\"https:\\\/\\\/www.eldigitaldeasturias.com\\\/noticias\\\/category\\\/actualidad-asturias\\\/\",\"nextItem\":{\"@type\":\"ListItem\",\"@id\":\"https:\\\/\\\/www.eldigitaldeasturias.com\\\/noticias\\\/la-vienta-de-viaxes-del-imserso-empieza-guei-nasturies\\\/#listItem\",\"name\":\"La vienta de viaxes del Imserso empieza g\\u00fcei n&#8217;Asturies\"},\"previousItem\":{\"@type\":\"ListItem\",\"@id\":\"https:\\\/\\\/www.eldigitaldeasturias.com\\\/noticias#listItem\",\"name\":\"Home\"}},{\"@type\":\"ListItem\",\"@id\":\"https:\\\/\\\/www.eldigitaldeasturias.com\\\/noticias\\\/la-vienta-de-viaxes-del-imserso-empieza-guei-nasturies\\\/#listItem\",\"position\":3,\"name\":\"La vienta de viaxes del Imserso empieza g\\u00fcei n&#8217;Asturies\",\"previousItem\":{\"@type\":\"ListItem\",\"@id\":\"https:\\\/\\\/www.eldigitaldeasturias.com\\\/noticias\\\/category\\\/actualidad-asturias\\\/#listItem\",\"name\":\"Actualidad Asturias\"}}]},{\"@type\":\"Organization\",\"@id\":\"https:\\\/\\\/www.eldigitaldeasturias.com\\\/noticias\\\/#organization\",\"name\":\"El Digital de Asturias\",\"description\":\"Hemeroteca\",\"url\":\"https:\\\/\\\/www.eldigitaldeasturias.com\\\/noticias\\\/\",\"email\":\"info@eldigitaldeasturias.com\",\"telephone\":\"+34652131393\",\"logo\":{\"@type\":\"ImageObject\",\"url\":\"https:\\\/\\\/www.eldigitaldeasturias.com\\\/noticias\\\/wp-content\\\/uploads\\\/2020\\\/12\\\/EDA.jpg\",\"@id\":\"https:\\\/\\\/www.eldigitaldeasturias.com\\\/noticias\\\/la-vienta-de-viaxes-del-imserso-empieza-guei-nasturies\\\/#organizationLogo\",\"width\":649,\"height\":297},\"image\":{\"@id\":\"https:\\\/\\\/www.eldigitaldeasturias.com\\\/noticias\\\/la-vienta-de-viaxes-del-imserso-empieza-guei-nasturies\\\/#organizationLogo\"},\"sameAs\":[\"https:\\\/\\\/facebook.com\\\/eldigitaldeasturias\",\"https:\\\/\\\/www.youtube.com\\\/channel\\\/UCZP-2wLEB9Rv6erhFmqVnvg\"],\"address\":{\"@id\":\"https:\\\/\\\/www.eldigitaldeasturias.com\\\/noticias\\\/#postaladdress\",\"@type\":\"PostalAddress\",\"streetAddress\":\"san antonio 4,\",\"postalCode\":\"33430\",\"addressLocality\":\"Cand\\u00e1s\",\"addressRegion\":\"Asturias\",\"addressCountry\":\"ES\"}},{\"@type\":\"Person\",\"@id\":\"https:\\\/\\\/www.eldigitaldeasturias.com\\\/noticias\\\/author\\\/admin\\\/#author\",\"url\":\"https:\\\/\\\/www.eldigitaldeasturias.com\\\/noticias\\\/author\\\/admin\\\/\",\"name\":\"El Digital de Asturias\",\"image\":{\"@type\":\"ImageObject\",\"@id\":\"https:\\\/\\\/www.eldigitaldeasturias.com\\\/noticias\\\/la-vienta-de-viaxes-del-imserso-empieza-guei-nasturies\\\/#authorImage\",\"url\":\"https:\\\/\\\/www.eldigitaldeasturias.com\\\/noticias\\\/wp-content\\\/litespeed\\\/avatar\\\/18677e78aa0546b92d9dbf31ec7d7668.jpg?ver=1777290358\",\"width\":96,\"height\":96,\"caption\":\"El Digital de Asturias\"}},{\"@type\":\"WebPage\",\"@id\":\"https:\\\/\\\/www.eldigitaldeasturias.com\\\/noticias\\\/la-vienta-de-viaxes-del-imserso-empieza-guei-nasturies\\\/#webpage\",\"url\":\"https:\\\/\\\/www.eldigitaldeasturias.com\\\/noticias\\\/la-vienta-de-viaxes-del-imserso-empieza-guei-nasturies\\\/\",\"name\":\"La vienta de viaxes del Imserso empieza g\\u00fcei n\\u2019Asturies - El Digital de Asturias\",\"description\":\"La comercializaci\\u00f3n de los viaxes pa mayores del Programa de Turismu del Imserso pa la temporada 2016-2017 va arrincar esti s\\u00e1badu n'Asturies y otres comunidaes, con un total de 1,35 millones de places en tol pa\\u00eds, seg\\u00fan l'Institutu de Mayores y servicios Sociales, nel van participar m\\u00e1s de 300 establecimientos hoteleros de toa Espa\\u00f1a. Seg\\u00fan\",\"inLanguage\":\"es-ES\",\"isPartOf\":{\"@id\":\"https:\\\/\\\/www.eldigitaldeasturias.com\\\/noticias\\\/#website\"},\"breadcrumb\":{\"@id\":\"https:\\\/\\\/www.eldigitaldeasturias.com\\\/noticias\\\/la-vienta-de-viaxes-del-imserso-empieza-guei-nasturies\\\/#breadcrumblist\"},\"author\":{\"@id\":\"https:\\\/\\\/www.eldigitaldeasturias.com\\\/noticias\\\/author\\\/admin\\\/#author\"},\"creator\":{\"@id\":\"https:\\\/\\\/www.eldigitaldeasturias.com\\\/noticias\\\/author\\\/admin\\\/#author\"},\"image\":{\"@type\":\"ImageObject\",\"url\":\"https:\\\/\\\/www.eldigitaldeasturias.com\\\/noticias\\\/wp-content\\\/uploads\\\/2016\\\/09\\\/fotonoticia_20160917100006_800.jpg\",\"@id\":\"https:\\\/\\\/www.eldigitaldeasturias.com\\\/noticias\\\/la-vienta-de-viaxes-del-imserso-empieza-guei-nasturies\\\/#mainImage\",\"width\":800,\"height\":533},\"primaryImageOfPage\":{\"@id\":\"https:\\\/\\\/www.eldigitaldeasturias.com\\\/noticias\\\/la-vienta-de-viaxes-del-imserso-empieza-guei-nasturies\\\/#mainImage\"},\"datePublished\":\"2016-09-17T15:30:15+02:00\",\"dateModified\":\"2016-09-17T15:30:15+02:00\"},{\"@type\":\"WebSite\",\"@id\":\"https:\\\/\\\/www.eldigitaldeasturias.com\\\/noticias\\\/#website\",\"url\":\"https:\\\/\\\/www.eldigitaldeasturias.com\\\/noticias\\\/\",\"name\":\"El Digital de Asturias - Diario de actualidad y noticias\",\"alternateName\":\"El Digital de Asturias - Diario de actualidad y noticias\",\"description\":\"Hemeroteca\",\"inLanguage\":\"es-ES\",\"publisher\":{\"@id\":\"https:\\\/\\\/www.eldigitaldeasturias.com\\\/noticias\\\/#organization\"}}]}\n\t\t<\/script>\n\t\t<!-- All in One SEO Pro -->\r\n\t\t<title>La vienta de viaxes del Imserso empieza g\u00fcei n\u2019Asturies - El Digital de Asturias<\/title>\n\n","aioseo_head_json":{"title":"La vienta de viaxes del Imserso empieza g\u00fcei n\u2019Asturies - El Digital de Asturias","description":"La comercializaci\u00f3n de los viaxes pa mayores del Programa de Turismu del Imserso pa la temporada 2016-2017 va arrincar esti s\u00e1badu n'Asturies y otres comunidaes, con un total de 1,35 millones de places en tol pa\u00eds, seg\u00fan l'Institutu de Mayores y servicios Sociales, nel van participar m\u00e1s de 300 establecimientos hoteleros de toa Espa\u00f1a. Seg\u00fan","canonical_url":"https:\/\/www.eldigitaldeasturias.com\/noticias\/la-vienta-de-viaxes-del-imserso-empieza-guei-nasturies\/","robots":"max-image-preview:large","keywords":"actualidad asturias","webmasterTools":{"google-site-verification":"UA-38556648-1","msvalidate.01":"7dfe9f3f1b24437ab69f4f2559babe99","miscellaneous":""},"schema":{"@context":"https:\/\/schema.org","@graph":[{"@type":"BlogPosting","@id":"https:\/\/www.eldigitaldeasturias.com\/noticias\/la-vienta-de-viaxes-del-imserso-empieza-guei-nasturies\/#blogposting","name":"La vienta de viaxes del Imserso empieza g\u00fcei n\u2019Asturies - El Digital de Asturias","headline":"La vienta de viaxes del Imserso empieza g\u00fcei n&#8217;Asturies","author":{"@id":"https:\/\/www.eldigitaldeasturias.com\/noticias\/author\/admin\/#author"},"publisher":{"@id":"https:\/\/www.eldigitaldeasturias.com\/noticias\/#organization"},"image":{"@type":"ImageObject","url":"https:\/\/www.eldigitaldeasturias.com\/noticias\/wp-content\/uploads\/2016\/09\/fotonoticia_20160917100006_800.jpg","width":800,"height":533},"datePublished":"2016-09-17T15:30:15+02:00","dateModified":"2016-09-17T15:30:15+02:00","inLanguage":"es-ES","mainEntityOfPage":{"@id":"https:\/\/www.eldigitaldeasturias.com\/noticias\/la-vienta-de-viaxes-del-imserso-empieza-guei-nasturies\/#webpage"},"isPartOf":{"@id":"https:\/\/www.eldigitaldeasturias.com\/noticias\/la-vienta-de-viaxes-del-imserso-empieza-guei-nasturies\/#webpage"},"articleSection":"Actualidad Asturias"},{"@type":"BreadcrumbList","@id":"https:\/\/www.eldigitaldeasturias.com\/noticias\/la-vienta-de-viaxes-del-imserso-empieza-guei-nasturies\/#breadcrumblist","itemListElement":[{"@type":"ListItem","@id":"https:\/\/www.eldigitaldeasturias.com\/noticias#listItem","position":1,"name":"Home","item":"https:\/\/www.eldigitaldeasturias.com\/noticias","nextItem":{"@type":"ListItem","@id":"https:\/\/www.eldigitaldeasturias.com\/noticias\/category\/actualidad-asturias\/#listItem","name":"Actualidad Asturias"}},{"@type":"ListItem","@id":"https:\/\/www.eldigitaldeasturias.com\/noticias\/category\/actualidad-asturias\/#listItem","position":2,"name":"Actualidad Asturias","item":"https:\/\/www.eldigitaldeasturias.com\/noticias\/category\/actualidad-asturias\/","nextItem":{"@type":"ListItem","@id":"https:\/\/www.eldigitaldeasturias.com\/noticias\/la-vienta-de-viaxes-del-imserso-empieza-guei-nasturies\/#listItem","name":"La vienta de viaxes del Imserso empieza g\u00fcei n&#8217;Asturies"},"previousItem":{"@type":"ListItem","@id":"https:\/\/www.eldigitaldeasturias.com\/noticias#listItem","name":"Home"}},{"@type":"ListItem","@id":"https:\/\/www.eldigitaldeasturias.com\/noticias\/la-vienta-de-viaxes-del-imserso-empieza-guei-nasturies\/#listItem","position":3,"name":"La vienta de viaxes del Imserso empieza g\u00fcei n&#8217;Asturies","previousItem":{"@type":"ListItem","@id":"https:\/\/www.eldigitaldeasturias.com\/noticias\/category\/actualidad-asturias\/#listItem","name":"Actualidad Asturias"}}]},{"@type":"Organization","@id":"https:\/\/www.eldigitaldeasturias.com\/noticias\/#organization","name":"El Digital de Asturias","description":"Hemeroteca","url":"https:\/\/www.eldigitaldeasturias.com\/noticias\/","email":"info@eldigitaldeasturias.com","telephone":"+34652131393","logo":{"@type":"ImageObject","url":"https:\/\/www.eldigitaldeasturias.com\/noticias\/wp-content\/uploads\/2020\/12\/EDA.jpg","@id":"https:\/\/www.eldigitaldeasturias.com\/noticias\/la-vienta-de-viaxes-del-imserso-empieza-guei-nasturies\/#organizationLogo","width":649,"height":297},"image":{"@id":"https:\/\/www.eldigitaldeasturias.com\/noticias\/la-vienta-de-viaxes-del-imserso-empieza-guei-nasturies\/#organizationLogo"},"sameAs":["https:\/\/facebook.com\/eldigitaldeasturias","https:\/\/www.youtube.com\/channel\/UCZP-2wLEB9Rv6erhFmqVnvg"],"address":{"@id":"https:\/\/www.eldigitaldeasturias.com\/noticias\/#postaladdress","@type":"PostalAddress","streetAddress":"san antonio 4,","postalCode":"33430","addressLocality":"Cand\u00e1s","addressRegion":"Asturias","addressCountry":"ES"}},{"@type":"Person","@id":"https:\/\/www.eldigitaldeasturias.com\/noticias\/author\/admin\/#author","url":"https:\/\/www.eldigitaldeasturias.com\/noticias\/author\/admin\/","name":"El Digital de Asturias","image":{"@type":"ImageObject","@id":"https:\/\/www.eldigitaldeasturias.com\/noticias\/la-vienta-de-viaxes-del-imserso-empieza-guei-nasturies\/#authorImage","url":"https:\/\/www.eldigitaldeasturias.com\/noticias\/wp-content\/litespeed\/avatar\/18677e78aa0546b92d9dbf31ec7d7668.jpg?ver=1777290358","width":96,"height":96,"caption":"El Digital de Asturias"}},{"@type":"WebPage","@id":"https:\/\/www.eldigitaldeasturias.com\/noticias\/la-vienta-de-viaxes-del-imserso-empieza-guei-nasturies\/#webpage","url":"https:\/\/www.eldigitaldeasturias.com\/noticias\/la-vienta-de-viaxes-del-imserso-empieza-guei-nasturies\/","name":"La vienta de viaxes del Imserso empieza g\u00fcei n\u2019Asturies - El Digital de Asturias","description":"La comercializaci\u00f3n de los viaxes pa mayores del Programa de Turismu del Imserso pa la temporada 2016-2017 va arrincar esti s\u00e1badu n'Asturies y otres comunidaes, con un total de 1,35 millones de places en tol pa\u00eds, seg\u00fan l'Institutu de Mayores y servicios Sociales, nel van participar m\u00e1s de 300 establecimientos hoteleros de toa Espa\u00f1a. Seg\u00fan","inLanguage":"es-ES","isPartOf":{"@id":"https:\/\/www.eldigitaldeasturias.com\/noticias\/#website"},"breadcrumb":{"@id":"https:\/\/www.eldigitaldeasturias.com\/noticias\/la-vienta-de-viaxes-del-imserso-empieza-guei-nasturies\/#breadcrumblist"},"author":{"@id":"https:\/\/www.eldigitaldeasturias.com\/noticias\/author\/admin\/#author"},"creator":{"@id":"https:\/\/www.eldigitaldeasturias.com\/noticias\/author\/admin\/#author"},"image":{"@type":"ImageObject","url":"https:\/\/www.eldigitaldeasturias.com\/noticias\/wp-content\/uploads\/2016\/09\/fotonoticia_20160917100006_800.jpg","@id":"https:\/\/www.eldigitaldeasturias.com\/noticias\/la-vienta-de-viaxes-del-imserso-empieza-guei-nasturies\/#mainImage","width":800,"height":533},"primaryImageOfPage":{"@id":"https:\/\/www.eldigitaldeasturias.com\/noticias\/la-vienta-de-viaxes-del-imserso-empieza-guei-nasturies\/#mainImage"},"datePublished":"2016-09-17T15:30:15+02:00","dateModified":"2016-09-17T15:30:15+02:00"},{"@type":"WebSite","@id":"https:\/\/www.eldigitaldeasturias.com\/noticias\/#website","url":"https:\/\/www.eldigitaldeasturias.com\/noticias\/","name":"El Digital de Asturias - Diario de actualidad y noticias","alternateName":"El Digital de Asturias - Diario de actualidad y noticias","description":"Hemeroteca","inLanguage":"es-ES","publisher":{"@id":"https:\/\/www.eldigitaldeasturias.com\/noticias\/#organization"}}]},"og:locale":"es_ES","og:site_name":"El Digital de Asturias","og:type":"article","og:title":"La vienta de viaxes del Imserso empieza g\u00fcei n\u2019Asturies - El Digital de Asturias","og:description":"La comercializaci\u00f3n de los viaxes pa mayores del Programa de Turismu del Imserso pa la temporada 2016-2017 va arrincar esti s\u00e1badu n'Asturies y otres comunidaes, con un total de 1,35 millones de places en tol pa\u00eds, seg\u00fan l'Institutu de Mayores y servicios Sociales, nel van participar m\u00e1s de 300 establecimientos hoteleros de toa Espa\u00f1a. Seg\u00fan","og:url":"https:\/\/www.eldigitaldeasturias.com\/noticias\/la-vienta-de-viaxes-del-imserso-empieza-guei-nasturies\/","og:image":"https:\/\/www.eldigitaldeasturias.com\/noticias\/wp-content\/uploads\/2016\/09\/fotonoticia_20160917100006_800.jpg","og:image:secure_url":"https:\/\/www.eldigitaldeasturias.com\/noticias\/wp-content\/uploads\/2016\/09\/fotonoticia_20160917100006_800.jpg","og:image:width":800,"og:image:height":533,"article:tag":["actualidad asturias"],"article:published_time":"2016-09-17T14:30:15+00:00","article:modified_time":"2016-09-17T14:30:15+00:00","article:publisher":"https:\/\/facebook.com\/eldigitaldeasturias","twitter:card":"summary_large_image","twitter:title":"La vienta de viaxes del Imserso empieza g\u00fcei n\u2019Asturies - El Digital de Asturias","twitter:description":"La comercializaci\u00f3n de los viaxes pa mayores del Programa de Turismu del Imserso pa la temporada 2016-2017 va arrincar esti s\u00e1badu n'Asturies y otres comunidaes, con un total de 1,35 millones de places en tol pa\u00eds, seg\u00fan l'Institutu de Mayores y servicios Sociales, nel van participar m\u00e1s de 300 establecimientos hoteleros de toa Espa\u00f1a. Seg\u00fan","twitter:image":"https:\/\/www.eldigitaldeasturias.com\/noticias\/wp-content\/uploads\/2016\/09\/fotonoticia_20160917100006_800.jpg","twitter:label1":"Escrito por","twitter:data1":"El Digital de Asturias","twitter:label2":"Tiempo de lectura estimado","twitter:data2":"3 minutos"},"aioseo_meta_data":{"post_id":"908174","title":null,"description":null,"keywords":null,"keyphrases":null,"primary_term":null,"canonical_url":null,"og_title":null,"og_description":null,"og_object_type":"default","og_image_type":"default","og_image_url":null,"og_image_width":null,"og_image_height":null,"og_image_custom_url":null,"og_image_custom_fields":null,"og_video":null,"og_custom_url":null,"og_article_section":null,"og_article_tags":null,"twitter_use_og":false,"twitter_card":"default","twitter_image_type":"default","twitter_image_url":null,"twitter_image_custom_url":null,"twitter_image_custom_fields":null,"twitter_title":null,"twitter_description":null,"schema":{"blockGraphs":[],"customGraphs":[],"default":{"data":{"Article":[],"Course":[],"Dataset":[],"FAQPage":[],"Movie":[],"Person":[],"Product":[],"ProductReview":[],"Car":[],"Recipe":[],"Service":[],"SoftwareApplication":[],"WebPage":[]},"graphName":"","isEnabled":true},"graphs":[],"defaultGraph":"","defaultPostTypeGraph":""},"schema_type":null,"schema_type_options":null,"pillar_content":false,"robots_default":true,"robots_noindex":false,"robots_noarchive":false,"robots_nosnippet":false,"robots_nofollow":false,"robots_noimageindex":false,"robots_noodp":false,"robots_notranslate":false,"robots_max_snippet":null,"robots_max_videopreview":null,"robots_max_imagepreview":"large","priority":null,"frequency":null,"local_seo":null,"seo_analyzer_scan_date":"2025-11-30 15:07:10","breadcrumb_settings":null,"limit_modified_date":false,"open_ai":null,"ai":null,"created":"2020-12-21 14:00:17","updated":"2025-11-30 15:07:10"},"aioseo_breadcrumb":"<div class=\"aioseo-breadcrumbs\"><span class=\"aioseo-breadcrumb\">\n\t<a href=\"https:\/\/www.eldigitaldeasturias.com\/noticias\" title=\"Home\">Home<\/a>\n<\/span><span class=\"aioseo-breadcrumb-separator\">\u2013<\/span><span class=\"aioseo-breadcrumb\">\n\t<a href=\"https:\/\/www.eldigitaldeasturias.com\/noticias\/category\/actualidad-asturias\/\" title=\"Actualidad Asturias\">Actualidad Asturias<\/a>\n<\/span><span class=\"aioseo-breadcrumb-separator\">\u2013<\/span><span class=\"aioseo-breadcrumb\">\n\t<a href=\"https:\/\/www.eldigitaldeasturias.com\/noticias\/la-vienta-de-viaxes-del-imserso-empieza-guei-nasturies\/\" title=\"La vienta de viaxes del Imserso empieza g\u00fcei n\u2019Asturies\">La vienta de viaxes del Imserso empieza g\u00fcei n\u2019Asturies<\/a>\n<\/span><\/div>","aioseo_breadcrumb_json":[{"label":"Home","link":"https:\/\/www.eldigitaldeasturias.com\/noticias"},{"label":"Actualidad Asturias","link":"https:\/\/www.eldigitaldeasturias.com\/noticias\/category\/actualidad-asturias\/"},{"label":"La vienta de viaxes del Imserso empieza g\u00fcei n&#8217;Asturies","link":"https:\/\/www.eldigitaldeasturias.com\/noticias\/la-vienta-de-viaxes-del-imserso-empieza-guei-nasturies\/"}],"_links":{"self":[{"href":"https:\/\/www.eldigitaldeasturias.com\/noticias\/wp-json\/wp\/v2\/posts\/908174","targetHints":{"allow":["GET"]}}],"collection":[{"href":"https:\/\/www.eldigitaldeasturias.com\/noticias\/wp-json\/wp\/v2\/posts"}],"about":[{"href":"https:\/\/www.eldigitaldeasturias.com\/noticias\/wp-json\/wp\/v2\/types\/post"}],"author":[{"embeddable":true,"href":"https:\/\/www.eldigitaldeasturias.com\/noticias\/wp-json\/wp\/v2\/users\/1"}],"replies":[{"embeddable":true,"href":"https:\/\/www.eldigitaldeasturias.com\/noticias\/wp-json\/wp\/v2\/comments?post=908174"}],"version-history":[{"count":0,"href":"https:\/\/www.eldigitaldeasturias.com\/noticias\/wp-json\/wp\/v2\/posts\/908174\/revisions"}],"wp:featuredmedia":[{"embeddable":true,"href":"https:\/\/www.eldigitaldeasturias.com\/noticias\/wp-json\/wp\/v2\/media\/908165"}],"wp:attachment":[{"href":"https:\/\/www.eldigitaldeasturias.com\/noticias\/wp-json\/wp\/v2\/media?parent=908174"}],"wp:term":[{"taxonomy":"category","embeddable":true,"href":"https:\/\/www.eldigitaldeasturias.com\/noticias\/wp-json\/wp\/v2\/categories?post=908174"},{"taxonomy":"post_tag","embeddable":true,"href":"https:\/\/www.eldigitaldeasturias.com\/noticias\/wp-json\/wp\/v2\/tags?post=908174"}],"curies":[{"name":"wp","href":"https:\/\/api.w.org\/{rel}","templated":true}]}}