{"id":908172,"date":"2016-09-17T15:26:52","date_gmt":"2016-09-17T14:26:52","guid":{"rendered":"http:\/\/www.eldigitaldeasturias.com\/noticias\/?p=908172"},"modified":"2016-09-17T15:26:52","modified_gmt":"2016-09-17T14:26:52","slug":"fernandez-sarasola-pide-que-se-cumpla-con-la-propuesta-para-el-antiguo-colegio-cabrales","status":"publish","type":"post","link":"https:\/\/www.eldigitaldeasturias.com\/noticias\/fernandez-sarasola-pide-que-se-cumpla-con-la-propuesta-para-el-antiguo-colegio-cabrales\/","title":{"rendered":"Fern\u00e1ndez Sarasola pide que se cumpla con la propuesta para el antiguo colegio Cabrales"},"content":{"rendered":"<p><img loading=\"lazy\" decoding=\"async\" class=\"alignleft size-medium wp-image-818933\" src=\"https:\/\/www.eldigitaldeasturias.com\/noticias\/wp-content\/uploads\/2015\/10\/sarasola1-240x320.jpg\" alt=\"sarasola\" width=\"240\" height=\"320\" srcset=\"https:\/\/www.eldigitaldeasturias.com\/noticias\/wp-content\/uploads\/2015\/10\/sarasola1-240x320.jpg 240w, https:\/\/www.eldigitaldeasturias.com\/noticias\/wp-content\/uploads\/2015\/10\/sarasola1-487x650.jpg 487w, https:\/\/www.eldigitaldeasturias.com\/noticias\/wp-content\/uploads\/2015\/10\/sarasola1.jpg 800w\" sizes=\"auto, (max-width: 240px) 100vw, 240px\" \/>El portavoz del Grupo Municipal de Ciudadanos, Jos\u00e9 Carlos Fern\u00e1ndez Sarasola, ha anunciado este s\u00e1bado que su grupo preguntar\u00e1 en la Comisi\u00f3n de Educaci\u00f3n que se celebrar\u00e1 el pr\u00f3ximo lunes sobre el proyecto para habilitar el antiguo colegio Cabrales en una escuela de educaci\u00f3n infantil.<\/p>\n<p>\u00abQueremos conocer si el Gobierno posee alg\u00fan proyecto en firme para transformaci\u00f3n del antiguo colegio Cabrales en escuela de 0 a 3, y si se ha trasladado el mismo a la Consejer\u00eda de Educaci\u00f3n y Cultura que debe, no s\u00f3lo autorizar la creaci\u00f3n de esta nueva escuela, sino tambi\u00e9n la intervenci\u00f3n en este edificio que forma parte del Inventario de Patrimonio Cultural de Asturias\u00bb, ha explicado Sarasola en una nota de prensa.<\/p>\n<p>Desde Ciudadanos se recuerda la necesidad que tiene la zona centro de contar con este equipamiento y que existe un compromiso adquirido ya hace unos a\u00f1os por parte del Gobierno de Foro para que el antiguo colegio Cabrales acoja este centro. Sin embargo, la inclusi\u00f3n de este Colegio en el Inventario de Patrimonio Cultural de Asturias elev\u00f3 la protecci\u00f3n del edificio dificultando as\u00ed cualquier intervenci\u00f3n arquitect\u00f3nica.<\/p>\n<p>\u00abYa preguntamos por este compromiso en el Pleno del mes de septiembre del a\u00f1o pasado, por aquel entonces la concejala de Educaci\u00f3n afirm\u00f3 que en poco tiempo presentar\u00eda un proyecto compatible con la protecci\u00f3n del edificio. Ha pasado m\u00e1s de un a\u00f1o y no hemos tenido m\u00e1s noticias sobre este asunto\u00bb, a\u00f1adi\u00f3.<\/p>\n<p>En este sentido, por parte del Grupo Municipal de Ciudadanos se afirma de que si arquitect\u00f3nica no fuera posible esta intervenci\u00f3n habr\u00eda que buscar otra alternativa para la escuela de 0 a 3 en el centro de la ciudad.<\/p>\n<p>\u00abNos parece fundamental y prioritario que la zona centro cuente con un centro educativo de 0 a 3\u00bb, concluy\u00f3.<\/p>\n<p>&nbsp;<\/p>\n","protected":false},"excerpt":{"rendered":"<p>El portavoz del Grupo Municipal de Ciudadanos, Jos\u00e9 Carlos Fern\u00e1ndez Sarasola, ha anunciado este s\u00e1bado que su grupo preguntar\u00e1 en la Comisi\u00f3n de Educaci\u00f3n que se celebrar\u00e1 el pr\u00f3ximo lunes sobre el proyecto para habilitar el antiguo colegio Cabrales en una escuela de educaci\u00f3n infantil. \u00abQueremos conocer si el Gobierno posee alg\u00fan proyecto en firme [&hellip;]<\/p>\n","protected":false},"author":1,"featured_media":818933,"comment_status":"closed","ping_status":"closed","sticky":false,"template":"","format":"standard","meta":{"footnotes":""},"categories":[12],"tags":[],"class_list":["post-908172","post","type-post","status-publish","format-standard","has-post-thumbnail","hentry","category-actualidad-asturias"],"aioseo_notices":[],"aioseo_head":"\n\t\t<!-- All in One SEO Pro 4.9.6.2 - aioseo.com -->\n\t<meta name=\"description\" content=\"El portavoz del Grupo Municipal de Ciudadanos, Jos\u00e9 Carlos Fern\u00e1ndez Sarasola, ha anunciado este s\u00e1bado que su grupo preguntar\u00e1 en la Comisi\u00f3n de Educaci\u00f3n que se celebrar\u00e1 el pr\u00f3ximo lunes sobre el proyecto para habilitar el antiguo colegio Cabrales en una escuela de educaci\u00f3n infantil. &quot;Queremos conocer si el Gobierno posee alg\u00fan proyecto en firme\" \/>\n\t<meta name=\"robots\" content=\"max-image-preview:large\" \/>\n\t<meta name=\"author\" content=\"El Digital de Asturias\"\/>\n\t<meta name=\"google-site-verification\" content=\"UA-38556648-1\" \/>\n\t<meta name=\"msvalidate.01\" content=\"7dfe9f3f1b24437ab69f4f2559babe99\" \/>\n\t<meta name=\"keywords\" content=\"actualidad asturias\" \/>\n\t<link rel=\"canonical\" href=\"https:\/\/www.eldigitaldeasturias.com\/noticias\/fernandez-sarasola-pide-que-se-cumpla-con-la-propuesta-para-el-antiguo-colegio-cabrales\/\" \/>\n\t<meta name=\"generator\" content=\"All in One SEO Pro (AIOSEO) 4.9.6.2\" \/>\n\t\t<meta property=\"og:locale\" content=\"es_ES\" \/>\n\t\t<meta property=\"og:site_name\" content=\"El Digital de Asturias\" \/>\n\t\t<meta property=\"og:type\" content=\"article\" \/>\n\t\t<meta property=\"og:title\" content=\"Fern\u00e1ndez Sarasola pide que se cumpla con la propuesta para el antiguo colegio Cabrales - El Digital de Asturias\" \/>\n\t\t<meta property=\"og:description\" content=\"El portavoz del Grupo Municipal de Ciudadanos, Jos\u00e9 Carlos Fern\u00e1ndez Sarasola, ha anunciado este s\u00e1bado que su grupo preguntar\u00e1 en la Comisi\u00f3n de Educaci\u00f3n que se celebrar\u00e1 el pr\u00f3ximo lunes sobre el proyecto para habilitar el antiguo colegio Cabrales en una escuela de educaci\u00f3n infantil. &quot;Queremos conocer si el Gobierno posee alg\u00fan proyecto en firme\" \/>\n\t\t<meta property=\"og:url\" content=\"https:\/\/www.eldigitaldeasturias.com\/noticias\/fernandez-sarasola-pide-que-se-cumpla-con-la-propuesta-para-el-antiguo-colegio-cabrales\/\" \/>\n\t\t<meta property=\"og:image\" content=\"https:\/\/www.eldigitaldeasturias.com\/noticias\/wp-content\/uploads\/2015\/10\/sarasola1.jpg\" \/>\n\t\t<meta property=\"og:image:secure_url\" content=\"https:\/\/www.eldigitaldeasturias.com\/noticias\/wp-content\/uploads\/2015\/10\/sarasola1.jpg\" \/>\n\t\t<meta property=\"og:image:width\" content=\"800\" \/>\n\t\t<meta property=\"og:image:height\" content=\"1067\" \/>\n\t\t<meta property=\"article:tag\" content=\"actualidad asturias\" \/>\n\t\t<meta property=\"article:published_time\" content=\"2016-09-17T14:26:52+00:00\" \/>\n\t\t<meta property=\"article:modified_time\" content=\"2016-09-17T14:26:52+00:00\" \/>\n\t\t<meta property=\"article:publisher\" content=\"https:\/\/facebook.com\/eldigitaldeasturias\" \/>\n\t\t<meta name=\"twitter:card\" content=\"summary_large_image\" \/>\n\t\t<meta name=\"twitter:title\" content=\"Fern\u00e1ndez Sarasola pide que se cumpla con la propuesta para el antiguo colegio Cabrales - El Digital de Asturias\" \/>\n\t\t<meta name=\"twitter:description\" content=\"El portavoz del Grupo Municipal de Ciudadanos, Jos\u00e9 Carlos Fern\u00e1ndez Sarasola, ha anunciado este s\u00e1bado que su grupo preguntar\u00e1 en la Comisi\u00f3n de Educaci\u00f3n que se celebrar\u00e1 el pr\u00f3ximo lunes sobre el proyecto para habilitar el antiguo colegio Cabrales en una escuela de educaci\u00f3n infantil. &quot;Queremos conocer si el Gobierno posee alg\u00fan proyecto en firme\" \/>\n\t\t<meta name=\"twitter:image\" content=\"https:\/\/www.eldigitaldeasturias.com\/noticias\/wp-content\/uploads\/2015\/10\/sarasola1.jpg\" \/>\n\t\t<meta name=\"twitter:label1\" content=\"Escrito por\" \/>\n\t\t<meta name=\"twitter:data1\" content=\"El Digital de Asturias\" \/>\n\t\t<meta name=\"twitter:label2\" content=\"Tiempo de lectura estimado\" \/>\n\t\t<meta name=\"twitter:data2\" content=\"2 minutos\" \/>\n\t\t<script type=\"application\/ld+json\" class=\"aioseo-schema\">\n\t\t\t{\"@context\":\"https:\\\/\\\/schema.org\",\"@graph\":[{\"@type\":\"BlogPosting\",\"@id\":\"https:\\\/\\\/www.eldigitaldeasturias.com\\\/noticias\\\/fernandez-sarasola-pide-que-se-cumpla-con-la-propuesta-para-el-antiguo-colegio-cabrales\\\/#blogposting\",\"name\":\"Fern\\u00e1ndez Sarasola pide que se cumpla con la propuesta para el antiguo colegio Cabrales - El Digital de Asturias\",\"headline\":\"Fern\\u00e1ndez Sarasola pide que se cumpla con la propuesta para el antiguo colegio Cabrales\",\"author\":{\"@id\":\"https:\\\/\\\/www.eldigitaldeasturias.com\\\/noticias\\\/author\\\/admin\\\/#author\"},\"publisher\":{\"@id\":\"https:\\\/\\\/www.eldigitaldeasturias.com\\\/noticias\\\/#organization\"},\"image\":{\"@type\":\"ImageObject\",\"url\":\"https:\\\/\\\/www.eldigitaldeasturias.com\\\/noticias\\\/wp-content\\\/uploads\\\/2015\\\/10\\\/sarasola1.jpg\",\"width\":800,\"height\":1067},\"datePublished\":\"2016-09-17T15:26:52+02:00\",\"dateModified\":\"2016-09-17T15:26:52+02:00\",\"inLanguage\":\"es-ES\",\"mainEntityOfPage\":{\"@id\":\"https:\\\/\\\/www.eldigitaldeasturias.com\\\/noticias\\\/fernandez-sarasola-pide-que-se-cumpla-con-la-propuesta-para-el-antiguo-colegio-cabrales\\\/#webpage\"},\"isPartOf\":{\"@id\":\"https:\\\/\\\/www.eldigitaldeasturias.com\\\/noticias\\\/fernandez-sarasola-pide-que-se-cumpla-con-la-propuesta-para-el-antiguo-colegio-cabrales\\\/#webpage\"},\"articleSection\":\"Actualidad Asturias\"},{\"@type\":\"BreadcrumbList\",\"@id\":\"https:\\\/\\\/www.eldigitaldeasturias.com\\\/noticias\\\/fernandez-sarasola-pide-que-se-cumpla-con-la-propuesta-para-el-antiguo-colegio-cabrales\\\/#breadcrumblist\",\"itemListElement\":[{\"@type\":\"ListItem\",\"@id\":\"https:\\\/\\\/www.eldigitaldeasturias.com\\\/noticias#listItem\",\"position\":1,\"name\":\"Home\",\"item\":\"https:\\\/\\\/www.eldigitaldeasturias.com\\\/noticias\",\"nextItem\":{\"@type\":\"ListItem\",\"@id\":\"https:\\\/\\\/www.eldigitaldeasturias.com\\\/noticias\\\/category\\\/actualidad-asturias\\\/#listItem\",\"name\":\"Actualidad Asturias\"}},{\"@type\":\"ListItem\",\"@id\":\"https:\\\/\\\/www.eldigitaldeasturias.com\\\/noticias\\\/category\\\/actualidad-asturias\\\/#listItem\",\"position\":2,\"name\":\"Actualidad Asturias\",\"item\":\"https:\\\/\\\/www.eldigitaldeasturias.com\\\/noticias\\\/category\\\/actualidad-asturias\\\/\",\"nextItem\":{\"@type\":\"ListItem\",\"@id\":\"https:\\\/\\\/www.eldigitaldeasturias.com\\\/noticias\\\/fernandez-sarasola-pide-que-se-cumpla-con-la-propuesta-para-el-antiguo-colegio-cabrales\\\/#listItem\",\"name\":\"Fern\\u00e1ndez Sarasola pide que se cumpla con la propuesta para el antiguo colegio Cabrales\"},\"previousItem\":{\"@type\":\"ListItem\",\"@id\":\"https:\\\/\\\/www.eldigitaldeasturias.com\\\/noticias#listItem\",\"name\":\"Home\"}},{\"@type\":\"ListItem\",\"@id\":\"https:\\\/\\\/www.eldigitaldeasturias.com\\\/noticias\\\/fernandez-sarasola-pide-que-se-cumpla-con-la-propuesta-para-el-antiguo-colegio-cabrales\\\/#listItem\",\"position\":3,\"name\":\"Fern\\u00e1ndez Sarasola pide que se cumpla con la propuesta para el antiguo colegio Cabrales\",\"previousItem\":{\"@type\":\"ListItem\",\"@id\":\"https:\\\/\\\/www.eldigitaldeasturias.com\\\/noticias\\\/category\\\/actualidad-asturias\\\/#listItem\",\"name\":\"Actualidad Asturias\"}}]},{\"@type\":\"Organization\",\"@id\":\"https:\\\/\\\/www.eldigitaldeasturias.com\\\/noticias\\\/#organization\",\"name\":\"El Digital de Asturias\",\"description\":\"Hemeroteca\",\"url\":\"https:\\\/\\\/www.eldigitaldeasturias.com\\\/noticias\\\/\",\"email\":\"info@eldigitaldeasturias.com\",\"telephone\":\"+34652131393\",\"logo\":{\"@type\":\"ImageObject\",\"url\":\"https:\\\/\\\/www.eldigitaldeasturias.com\\\/noticias\\\/wp-content\\\/uploads\\\/2020\\\/12\\\/EDA.jpg\",\"@id\":\"https:\\\/\\\/www.eldigitaldeasturias.com\\\/noticias\\\/fernandez-sarasola-pide-que-se-cumpla-con-la-propuesta-para-el-antiguo-colegio-cabrales\\\/#organizationLogo\",\"width\":649,\"height\":297},\"image\":{\"@id\":\"https:\\\/\\\/www.eldigitaldeasturias.com\\\/noticias\\\/fernandez-sarasola-pide-que-se-cumpla-con-la-propuesta-para-el-antiguo-colegio-cabrales\\\/#organizationLogo\"},\"sameAs\":[\"https:\\\/\\\/facebook.com\\\/eldigitaldeasturias\",\"https:\\\/\\\/www.youtube.com\\\/channel\\\/UCZP-2wLEB9Rv6erhFmqVnvg\"],\"address\":{\"@id\":\"https:\\\/\\\/www.eldigitaldeasturias.com\\\/noticias\\\/#postaladdress\",\"@type\":\"PostalAddress\",\"streetAddress\":\"san antonio 4,\",\"postalCode\":\"33430\",\"addressLocality\":\"Cand\\u00e1s\",\"addressRegion\":\"Asturias\",\"addressCountry\":\"ES\"}},{\"@type\":\"Person\",\"@id\":\"https:\\\/\\\/www.eldigitaldeasturias.com\\\/noticias\\\/author\\\/admin\\\/#author\",\"url\":\"https:\\\/\\\/www.eldigitaldeasturias.com\\\/noticias\\\/author\\\/admin\\\/\",\"name\":\"El Digital de Asturias\",\"image\":{\"@type\":\"ImageObject\",\"@id\":\"https:\\\/\\\/www.eldigitaldeasturias.com\\\/noticias\\\/fernandez-sarasola-pide-que-se-cumpla-con-la-propuesta-para-el-antiguo-colegio-cabrales\\\/#authorImage\",\"url\":\"https:\\\/\\\/www.eldigitaldeasturias.com\\\/noticias\\\/wp-content\\\/litespeed\\\/avatar\\\/18677e78aa0546b92d9dbf31ec7d7668.jpg?ver=1777290358\",\"width\":96,\"height\":96,\"caption\":\"El Digital de Asturias\"}},{\"@type\":\"WebPage\",\"@id\":\"https:\\\/\\\/www.eldigitaldeasturias.com\\\/noticias\\\/fernandez-sarasola-pide-que-se-cumpla-con-la-propuesta-para-el-antiguo-colegio-cabrales\\\/#webpage\",\"url\":\"https:\\\/\\\/www.eldigitaldeasturias.com\\\/noticias\\\/fernandez-sarasola-pide-que-se-cumpla-con-la-propuesta-para-el-antiguo-colegio-cabrales\\\/\",\"name\":\"Fern\\u00e1ndez Sarasola pide que se cumpla con la propuesta para el antiguo colegio Cabrales - El Digital de Asturias\",\"description\":\"El portavoz del Grupo Municipal de Ciudadanos, Jos\\u00e9 Carlos Fern\\u00e1ndez Sarasola, ha anunciado este s\\u00e1bado que su grupo preguntar\\u00e1 en la Comisi\\u00f3n de Educaci\\u00f3n que se celebrar\\u00e1 el pr\\u00f3ximo lunes sobre el proyecto para habilitar el antiguo colegio Cabrales en una escuela de educaci\\u00f3n infantil. \\\"Queremos conocer si el Gobierno posee alg\\u00fan proyecto en firme\",\"inLanguage\":\"es-ES\",\"isPartOf\":{\"@id\":\"https:\\\/\\\/www.eldigitaldeasturias.com\\\/noticias\\\/#website\"},\"breadcrumb\":{\"@id\":\"https:\\\/\\\/www.eldigitaldeasturias.com\\\/noticias\\\/fernandez-sarasola-pide-que-se-cumpla-con-la-propuesta-para-el-antiguo-colegio-cabrales\\\/#breadcrumblist\"},\"author\":{\"@id\":\"https:\\\/\\\/www.eldigitaldeasturias.com\\\/noticias\\\/author\\\/admin\\\/#author\"},\"creator\":{\"@id\":\"https:\\\/\\\/www.eldigitaldeasturias.com\\\/noticias\\\/author\\\/admin\\\/#author\"},\"image\":{\"@type\":\"ImageObject\",\"url\":\"https:\\\/\\\/www.eldigitaldeasturias.com\\\/noticias\\\/wp-content\\\/uploads\\\/2015\\\/10\\\/sarasola1.jpg\",\"@id\":\"https:\\\/\\\/www.eldigitaldeasturias.com\\\/noticias\\\/fernandez-sarasola-pide-que-se-cumpla-con-la-propuesta-para-el-antiguo-colegio-cabrales\\\/#mainImage\",\"width\":800,\"height\":1067},\"primaryImageOfPage\":{\"@id\":\"https:\\\/\\\/www.eldigitaldeasturias.com\\\/noticias\\\/fernandez-sarasola-pide-que-se-cumpla-con-la-propuesta-para-el-antiguo-colegio-cabrales\\\/#mainImage\"},\"datePublished\":\"2016-09-17T15:26:52+02:00\",\"dateModified\":\"2016-09-17T15:26:52+02:00\"},{\"@type\":\"WebSite\",\"@id\":\"https:\\\/\\\/www.eldigitaldeasturias.com\\\/noticias\\\/#website\",\"url\":\"https:\\\/\\\/www.eldigitaldeasturias.com\\\/noticias\\\/\",\"name\":\"El Digital de Asturias - Diario de actualidad y noticias\",\"alternateName\":\"El Digital de Asturias - Diario de actualidad y noticias\",\"description\":\"Hemeroteca\",\"inLanguage\":\"es-ES\",\"publisher\":{\"@id\":\"https:\\\/\\\/www.eldigitaldeasturias.com\\\/noticias\\\/#organization\"}}]}\n\t\t<\/script>\n\t\t<!-- All in One SEO Pro -->\r\n\t\t<title>Fern\u00e1ndez Sarasola pide que se cumpla con la propuesta para el antiguo colegio Cabrales - El Digital de Asturias<\/title>\n\n","aioseo_head_json":{"title":"Fern\u00e1ndez Sarasola pide que se cumpla con la propuesta para el antiguo colegio Cabrales - El Digital de Asturias","description":"El portavoz del Grupo Municipal de Ciudadanos, Jos\u00e9 Carlos Fern\u00e1ndez Sarasola, ha anunciado este s\u00e1bado que su grupo preguntar\u00e1 en la Comisi\u00f3n de Educaci\u00f3n que se celebrar\u00e1 el pr\u00f3ximo lunes sobre el proyecto para habilitar el antiguo colegio Cabrales en una escuela de educaci\u00f3n infantil. \"Queremos conocer si el Gobierno posee alg\u00fan proyecto en firme","canonical_url":"https:\/\/www.eldigitaldeasturias.com\/noticias\/fernandez-sarasola-pide-que-se-cumpla-con-la-propuesta-para-el-antiguo-colegio-cabrales\/","robots":"max-image-preview:large","keywords":"actualidad asturias","webmasterTools":{"google-site-verification":"UA-38556648-1","msvalidate.01":"7dfe9f3f1b24437ab69f4f2559babe99","miscellaneous":""},"schema":{"@context":"https:\/\/schema.org","@graph":[{"@type":"BlogPosting","@id":"https:\/\/www.eldigitaldeasturias.com\/noticias\/fernandez-sarasola-pide-que-se-cumpla-con-la-propuesta-para-el-antiguo-colegio-cabrales\/#blogposting","name":"Fern\u00e1ndez Sarasola pide que se cumpla con la propuesta para el antiguo colegio Cabrales - El Digital de Asturias","headline":"Fern\u00e1ndez Sarasola pide que se cumpla con la propuesta para el antiguo colegio Cabrales","author":{"@id":"https:\/\/www.eldigitaldeasturias.com\/noticias\/author\/admin\/#author"},"publisher":{"@id":"https:\/\/www.eldigitaldeasturias.com\/noticias\/#organization"},"image":{"@type":"ImageObject","url":"https:\/\/www.eldigitaldeasturias.com\/noticias\/wp-content\/uploads\/2015\/10\/sarasola1.jpg","width":800,"height":1067},"datePublished":"2016-09-17T15:26:52+02:00","dateModified":"2016-09-17T15:26:52+02:00","inLanguage":"es-ES","mainEntityOfPage":{"@id":"https:\/\/www.eldigitaldeasturias.com\/noticias\/fernandez-sarasola-pide-que-se-cumpla-con-la-propuesta-para-el-antiguo-colegio-cabrales\/#webpage"},"isPartOf":{"@id":"https:\/\/www.eldigitaldeasturias.com\/noticias\/fernandez-sarasola-pide-que-se-cumpla-con-la-propuesta-para-el-antiguo-colegio-cabrales\/#webpage"},"articleSection":"Actualidad Asturias"},{"@type":"BreadcrumbList","@id":"https:\/\/www.eldigitaldeasturias.com\/noticias\/fernandez-sarasola-pide-que-se-cumpla-con-la-propuesta-para-el-antiguo-colegio-cabrales\/#breadcrumblist","itemListElement":[{"@type":"ListItem","@id":"https:\/\/www.eldigitaldeasturias.com\/noticias#listItem","position":1,"name":"Home","item":"https:\/\/www.eldigitaldeasturias.com\/noticias","nextItem":{"@type":"ListItem","@id":"https:\/\/www.eldigitaldeasturias.com\/noticias\/category\/actualidad-asturias\/#listItem","name":"Actualidad Asturias"}},{"@type":"ListItem","@id":"https:\/\/www.eldigitaldeasturias.com\/noticias\/category\/actualidad-asturias\/#listItem","position":2,"name":"Actualidad Asturias","item":"https:\/\/www.eldigitaldeasturias.com\/noticias\/category\/actualidad-asturias\/","nextItem":{"@type":"ListItem","@id":"https:\/\/www.eldigitaldeasturias.com\/noticias\/fernandez-sarasola-pide-que-se-cumpla-con-la-propuesta-para-el-antiguo-colegio-cabrales\/#listItem","name":"Fern\u00e1ndez Sarasola pide que se cumpla con la propuesta para el antiguo colegio Cabrales"},"previousItem":{"@type":"ListItem","@id":"https:\/\/www.eldigitaldeasturias.com\/noticias#listItem","name":"Home"}},{"@type":"ListItem","@id":"https:\/\/www.eldigitaldeasturias.com\/noticias\/fernandez-sarasola-pide-que-se-cumpla-con-la-propuesta-para-el-antiguo-colegio-cabrales\/#listItem","position":3,"name":"Fern\u00e1ndez Sarasola pide que se cumpla con la propuesta para el antiguo colegio Cabrales","previousItem":{"@type":"ListItem","@id":"https:\/\/www.eldigitaldeasturias.com\/noticias\/category\/actualidad-asturias\/#listItem","name":"Actualidad Asturias"}}]},{"@type":"Organization","@id":"https:\/\/www.eldigitaldeasturias.com\/noticias\/#organization","name":"El Digital de Asturias","description":"Hemeroteca","url":"https:\/\/www.eldigitaldeasturias.com\/noticias\/","email":"info@eldigitaldeasturias.com","telephone":"+34652131393","logo":{"@type":"ImageObject","url":"https:\/\/www.eldigitaldeasturias.com\/noticias\/wp-content\/uploads\/2020\/12\/EDA.jpg","@id":"https:\/\/www.eldigitaldeasturias.com\/noticias\/fernandez-sarasola-pide-que-se-cumpla-con-la-propuesta-para-el-antiguo-colegio-cabrales\/#organizationLogo","width":649,"height":297},"image":{"@id":"https:\/\/www.eldigitaldeasturias.com\/noticias\/fernandez-sarasola-pide-que-se-cumpla-con-la-propuesta-para-el-antiguo-colegio-cabrales\/#organizationLogo"},"sameAs":["https:\/\/facebook.com\/eldigitaldeasturias","https:\/\/www.youtube.com\/channel\/UCZP-2wLEB9Rv6erhFmqVnvg"],"address":{"@id":"https:\/\/www.eldigitaldeasturias.com\/noticias\/#postaladdress","@type":"PostalAddress","streetAddress":"san antonio 4,","postalCode":"33430","addressLocality":"Cand\u00e1s","addressRegion":"Asturias","addressCountry":"ES"}},{"@type":"Person","@id":"https:\/\/www.eldigitaldeasturias.com\/noticias\/author\/admin\/#author","url":"https:\/\/www.eldigitaldeasturias.com\/noticias\/author\/admin\/","name":"El Digital de Asturias","image":{"@type":"ImageObject","@id":"https:\/\/www.eldigitaldeasturias.com\/noticias\/fernandez-sarasola-pide-que-se-cumpla-con-la-propuesta-para-el-antiguo-colegio-cabrales\/#authorImage","url":"https:\/\/www.eldigitaldeasturias.com\/noticias\/wp-content\/litespeed\/avatar\/18677e78aa0546b92d9dbf31ec7d7668.jpg?ver=1777290358","width":96,"height":96,"caption":"El Digital de Asturias"}},{"@type":"WebPage","@id":"https:\/\/www.eldigitaldeasturias.com\/noticias\/fernandez-sarasola-pide-que-se-cumpla-con-la-propuesta-para-el-antiguo-colegio-cabrales\/#webpage","url":"https:\/\/www.eldigitaldeasturias.com\/noticias\/fernandez-sarasola-pide-que-se-cumpla-con-la-propuesta-para-el-antiguo-colegio-cabrales\/","name":"Fern\u00e1ndez Sarasola pide que se cumpla con la propuesta para el antiguo colegio Cabrales - El Digital de Asturias","description":"El portavoz del Grupo Municipal de Ciudadanos, Jos\u00e9 Carlos Fern\u00e1ndez Sarasola, ha anunciado este s\u00e1bado que su grupo preguntar\u00e1 en la Comisi\u00f3n de Educaci\u00f3n que se celebrar\u00e1 el pr\u00f3ximo lunes sobre el proyecto para habilitar el antiguo colegio Cabrales en una escuela de educaci\u00f3n infantil. \"Queremos conocer si el Gobierno posee alg\u00fan proyecto en firme","inLanguage":"es-ES","isPartOf":{"@id":"https:\/\/www.eldigitaldeasturias.com\/noticias\/#website"},"breadcrumb":{"@id":"https:\/\/www.eldigitaldeasturias.com\/noticias\/fernandez-sarasola-pide-que-se-cumpla-con-la-propuesta-para-el-antiguo-colegio-cabrales\/#breadcrumblist"},"author":{"@id":"https:\/\/www.eldigitaldeasturias.com\/noticias\/author\/admin\/#author"},"creator":{"@id":"https:\/\/www.eldigitaldeasturias.com\/noticias\/author\/admin\/#author"},"image":{"@type":"ImageObject","url":"https:\/\/www.eldigitaldeasturias.com\/noticias\/wp-content\/uploads\/2015\/10\/sarasola1.jpg","@id":"https:\/\/www.eldigitaldeasturias.com\/noticias\/fernandez-sarasola-pide-que-se-cumpla-con-la-propuesta-para-el-antiguo-colegio-cabrales\/#mainImage","width":800,"height":1067},"primaryImageOfPage":{"@id":"https:\/\/www.eldigitaldeasturias.com\/noticias\/fernandez-sarasola-pide-que-se-cumpla-con-la-propuesta-para-el-antiguo-colegio-cabrales\/#mainImage"},"datePublished":"2016-09-17T15:26:52+02:00","dateModified":"2016-09-17T15:26:52+02:00"},{"@type":"WebSite","@id":"https:\/\/www.eldigitaldeasturias.com\/noticias\/#website","url":"https:\/\/www.eldigitaldeasturias.com\/noticias\/","name":"El Digital de Asturias - Diario de actualidad y noticias","alternateName":"El Digital de Asturias - Diario de actualidad y noticias","description":"Hemeroteca","inLanguage":"es-ES","publisher":{"@id":"https:\/\/www.eldigitaldeasturias.com\/noticias\/#organization"}}]},"og:locale":"es_ES","og:site_name":"El Digital de Asturias","og:type":"article","og:title":"Fern\u00e1ndez Sarasola pide que se cumpla con la propuesta para el antiguo colegio Cabrales - El Digital de Asturias","og:description":"El portavoz del Grupo Municipal de Ciudadanos, Jos\u00e9 Carlos Fern\u00e1ndez Sarasola, ha anunciado este s\u00e1bado que su grupo preguntar\u00e1 en la Comisi\u00f3n de Educaci\u00f3n que se celebrar\u00e1 el pr\u00f3ximo lunes sobre el proyecto para habilitar el antiguo colegio Cabrales en una escuela de educaci\u00f3n infantil. &quot;Queremos conocer si el Gobierno posee alg\u00fan proyecto en firme","og:url":"https:\/\/www.eldigitaldeasturias.com\/noticias\/fernandez-sarasola-pide-que-se-cumpla-con-la-propuesta-para-el-antiguo-colegio-cabrales\/","og:image":"https:\/\/www.eldigitaldeasturias.com\/noticias\/wp-content\/uploads\/2015\/10\/sarasola1.jpg","og:image:secure_url":"https:\/\/www.eldigitaldeasturias.com\/noticias\/wp-content\/uploads\/2015\/10\/sarasola1.jpg","og:image:width":800,"og:image:height":1067,"article:tag":["actualidad asturias"],"article:published_time":"2016-09-17T14:26:52+00:00","article:modified_time":"2016-09-17T14:26:52+00:00","article:publisher":"https:\/\/facebook.com\/eldigitaldeasturias","twitter:card":"summary_large_image","twitter:title":"Fern\u00e1ndez Sarasola pide que se cumpla con la propuesta para el antiguo colegio Cabrales - El Digital de Asturias","twitter:description":"El portavoz del Grupo Municipal de Ciudadanos, Jos\u00e9 Carlos Fern\u00e1ndez Sarasola, ha anunciado este s\u00e1bado que su grupo preguntar\u00e1 en la Comisi\u00f3n de Educaci\u00f3n que se celebrar\u00e1 el pr\u00f3ximo lunes sobre el proyecto para habilitar el antiguo colegio Cabrales en una escuela de educaci\u00f3n infantil. &quot;Queremos conocer si el Gobierno posee alg\u00fan proyecto en firme","twitter:image":"https:\/\/www.eldigitaldeasturias.com\/noticias\/wp-content\/uploads\/2015\/10\/sarasola1.jpg","twitter:label1":"Escrito por","twitter:data1":"El Digital de Asturias","twitter:label2":"Tiempo de lectura estimado","twitter:data2":"2 minutos"},"aioseo_meta_data":{"post_id":"908172","title":null,"description":null,"keywords":null,"keyphrases":null,"primary_term":null,"canonical_url":null,"og_title":null,"og_description":null,"og_object_type":"default","og_image_type":"default","og_image_url":null,"og_image_width":null,"og_image_height":null,"og_image_custom_url":null,"og_image_custom_fields":null,"og_video":null,"og_custom_url":null,"og_article_section":null,"og_article_tags":null,"twitter_use_og":false,"twitter_card":"default","twitter_image_type":"default","twitter_image_url":null,"twitter_image_custom_url":null,"twitter_image_custom_fields":null,"twitter_title":null,"twitter_description":null,"schema":{"blockGraphs":[],"customGraphs":[],"default":{"data":{"Article":[],"Course":[],"Dataset":[],"FAQPage":[],"Movie":[],"Person":[],"Product":[],"ProductReview":[],"Car":[],"Recipe":[],"Service":[],"SoftwareApplication":[],"WebPage":[]},"graphName":"","isEnabled":true},"graphs":[],"defaultGraph":"","defaultPostTypeGraph":""},"schema_type":null,"schema_type_options":null,"pillar_content":false,"robots_default":true,"robots_noindex":false,"robots_noarchive":false,"robots_nosnippet":false,"robots_nofollow":false,"robots_noimageindex":false,"robots_noodp":false,"robots_notranslate":false,"robots_max_snippet":null,"robots_max_videopreview":null,"robots_max_imagepreview":"large","priority":null,"frequency":null,"local_seo":null,"seo_analyzer_scan_date":"2025-11-30 15:07:09","breadcrumb_settings":null,"limit_modified_date":false,"open_ai":null,"ai":null,"created":"2020-12-21 14:00:17","updated":"2025-11-30 15:07:09"},"aioseo_breadcrumb":"<div class=\"aioseo-breadcrumbs\"><span class=\"aioseo-breadcrumb\">\n\t<a href=\"https:\/\/www.eldigitaldeasturias.com\/noticias\" title=\"Home\">Home<\/a>\n<\/span><span class=\"aioseo-breadcrumb-separator\">\u2013<\/span><span class=\"aioseo-breadcrumb\">\n\t<a href=\"https:\/\/www.eldigitaldeasturias.com\/noticias\/category\/actualidad-asturias\/\" title=\"Actualidad Asturias\">Actualidad Asturias<\/a>\n<\/span><span class=\"aioseo-breadcrumb-separator\">\u2013<\/span><span class=\"aioseo-breadcrumb\">\n\t<a href=\"https:\/\/www.eldigitaldeasturias.com\/noticias\/fernandez-sarasola-pide-que-se-cumpla-con-la-propuesta-para-el-antiguo-colegio-cabrales\/\" title=\"Fern\u00e1ndez Sarasola pide que se cumpla con la propuesta para el antiguo colegio Cabrales\">Fern\u00e1ndez Sarasola pide que se cumpla con la propuesta para el antiguo colegio Cabrales<\/a>\n<\/span><\/div>","aioseo_breadcrumb_json":[{"label":"Home","link":"https:\/\/www.eldigitaldeasturias.com\/noticias"},{"label":"Actualidad Asturias","link":"https:\/\/www.eldigitaldeasturias.com\/noticias\/category\/actualidad-asturias\/"},{"label":"Fern\u00e1ndez Sarasola pide que se cumpla con la propuesta para el antiguo colegio Cabrales","link":"https:\/\/www.eldigitaldeasturias.com\/noticias\/fernandez-sarasola-pide-que-se-cumpla-con-la-propuesta-para-el-antiguo-colegio-cabrales\/"}],"_links":{"self":[{"href":"https:\/\/www.eldigitaldeasturias.com\/noticias\/wp-json\/wp\/v2\/posts\/908172","targetHints":{"allow":["GET"]}}],"collection":[{"href":"https:\/\/www.eldigitaldeasturias.com\/noticias\/wp-json\/wp\/v2\/posts"}],"about":[{"href":"https:\/\/www.eldigitaldeasturias.com\/noticias\/wp-json\/wp\/v2\/types\/post"}],"author":[{"embeddable":true,"href":"https:\/\/www.eldigitaldeasturias.com\/noticias\/wp-json\/wp\/v2\/users\/1"}],"replies":[{"embeddable":true,"href":"https:\/\/www.eldigitaldeasturias.com\/noticias\/wp-json\/wp\/v2\/comments?post=908172"}],"version-history":[{"count":0,"href":"https:\/\/www.eldigitaldeasturias.com\/noticias\/wp-json\/wp\/v2\/posts\/908172\/revisions"}],"wp:featuredmedia":[{"embeddable":true,"href":"https:\/\/www.eldigitaldeasturias.com\/noticias\/wp-json\/wp\/v2\/media\/818933"}],"wp:attachment":[{"href":"https:\/\/www.eldigitaldeasturias.com\/noticias\/wp-json\/wp\/v2\/media?parent=908172"}],"wp:term":[{"taxonomy":"category","embeddable":true,"href":"https:\/\/www.eldigitaldeasturias.com\/noticias\/wp-json\/wp\/v2\/categories?post=908172"},{"taxonomy":"post_tag","embeddable":true,"href":"https:\/\/www.eldigitaldeasturias.com\/noticias\/wp-json\/wp\/v2\/tags?post=908172"}],"curies":[{"name":"wp","href":"https:\/\/api.w.org\/{rel}","templated":true}]}}