{"id":908170,"date":"2016-09-17T14:56:44","date_gmt":"2016-09-17T13:56:44","guid":{"rendered":"http:\/\/www.eldigitaldeasturias.com\/noticias\/?p=908170"},"modified":"2016-09-17T14:56:44","modified_gmt":"2016-09-17T13:56:44","slug":"asturias-presenta-en-texas-las-posibilidades-del-sector-industrial-asturiano","status":"publish","type":"post","link":"https:\/\/www.eldigitaldeasturias.com\/noticias\/asturias-presenta-en-texas-las-posibilidades-del-sector-industrial-asturiano\/","title":{"rendered":"Asturias presenta en Texas las posibilidades del sector industrial asturiano"},"content":{"rendered":"<p><img loading=\"lazy\" decoding=\"async\" class=\"alignleft size-medium wp-image-801348\" src=\"https:\/\/www.eldigitaldeasturias.com\/noticias\/wp-content\/uploads\/2015\/08\/industria-360x270.jpg\" alt=\"industria\" width=\"360\" height=\"270\" srcset=\"https:\/\/www.eldigitaldeasturias.com\/noticias\/wp-content\/uploads\/2015\/08\/industria-360x270.jpg 360w, https:\/\/www.eldigitaldeasturias.com\/noticias\/wp-content\/uploads\/2015\/08\/industria-768x576.jpg 768w, https:\/\/www.eldigitaldeasturias.com\/noticias\/wp-content\/uploads\/2015\/08\/industria-650x488.jpg 650w, https:\/\/www.eldigitaldeasturias.com\/noticias\/wp-content\/uploads\/2015\/08\/industria-90x67.jpg 90w, https:\/\/www.eldigitaldeasturias.com\/noticias\/wp-content\/uploads\/2015\/08\/industria-100x75.jpg 100w, https:\/\/www.eldigitaldeasturias.com\/noticias\/wp-content\/uploads\/2015\/08\/industria.jpg 800w\" sizes=\"auto, (max-width: 360px) 100vw, 360px\" \/>La directora del Instituto de Desarrollo Econ\u00f3mico del Principado (Idepa), Eva Pando, y el director general de la Sociedad de Promoci\u00f3n Exterior (Asturex), Alfonso del R\u00edo, han encabezado la delegaci\u00f3n empresarial que ha viajado esta semana a Texas con el fin de presentar las fortalezas y ventajas del sector industrial del Principado. En la misi\u00f3n comercial tambi\u00e9n han participado representantes de los puertos de Gij\u00f3n y Avil\u00e9s, la Federaci\u00f3n de Empresarios del Metal y Afines del Principado (Femetal) y 17 empresas.<\/p>\n<p>El Principado ha presentado en Texas el sector metalmec\u00e1nico asturiano, su posicionamiento en los sectores energ\u00e9tico y qu\u00edmico, as\u00ed como las ventajas estrat\u00e9gicas que ofrece Asturias por su posici\u00f3n geogr\u00e1fica y la competitividad de sus puertos, a representantes del \u00e1rea de desarrollo de negocios de varias empresas americanas. Asimismo, han informado acerca de las l\u00edneas de apoyo que ofrece la Consejer\u00eda de Empleo, Industria y Turismo a las compa\u00f1\u00edas.<\/p>\n<p>Por su parte, las firmas americanas han manifestado su inter\u00e9s en desarrollar planes conjuntos para homologar empresas asturianas y han solicitado iniciar programas piloto para conocer la competitividad del sector industrial regional.<\/p>\n<p>Los encuentros empresariales organizados por Asturex se han establecido con las principales empresas de Texas, seg\u00fan la lista Forbes Top 2000, localizadas en Houston en los \u00e1mbitos de ingenier\u00eda y servicios para proyectos petrol\u00edferos, gas y plantas qu\u00edmicas.<\/p>\n<p>Adem\u00e1s, se ha mantenido una reuni\u00f3n con el puerto de Houston para conocer su papel estrat\u00e9gico en la generaci\u00f3n de actividad econ\u00f3mica y de empleo en la zona metropolitana, con una poblaci\u00f3n de 6,2 millones de habitantes y un PIB de 53.707 d\u00f3lares por habitante, casi 2, 5 veces el de Asturias.<\/p>\n<p>La directora del IDEPA tambi\u00e9n ha mantenido varias reuniones con empresas y entidades tejanas con el fin de potenciar los contactos institucionales y las inversiones empresariales en Asturias. As\u00ed, se ha establecido un plan de trabajo con el Texas Medical Center, principal centro hospitalario y cl\u00faster de empresas del pa\u00eds, as\u00ed como con otras dos entidades aceleradoras de empresas tecnol\u00f3gicas de Austin para traer iniciativas empresariales a Asturias.<\/p>\n<p>Adem\u00e1s, la delegaci\u00f3n asturiana se ha interesado por las expectativas de crecimiento de la econom\u00eda tejana en los pr\u00f3ximos a\u00f1os, as\u00ed como por las condiciones de implantaci\u00f3n de empresas extranjeras en Texas. En la actualidad, hay un n\u00facleo de empresas asturianas l\u00edderes en fabricaci\u00f3n avanzada que tienen oficinas en Houston, y otras mantienen relaciones comerciales con importantes firmas tejanas.<\/p>\n<p>La misi\u00f3n comercial e institucional a Texas comenz\u00f3 el pasado domingo y concluye hoy. La acci\u00f3n se enmarca en el Programa de Oportunidades de Negocio del Estado de Texas que Asturex est\u00e1 desarrollando en colaboraci\u00f3n con Femetal y que se inici\u00f3 en febrero con la organizaci\u00f3n de tres misiones comerciales. Tambi\u00e9n se ha celebrado una misi\u00f3n inversa, en mayo, en la que la multinacional Jacobs seleccion\u00f3 proveedores asturianos para sus proyectos.<\/p>\n<p>&nbsp;<\/p>\n<p>&nbsp;<\/p>\n","protected":false},"excerpt":{"rendered":"<p>La directora del Instituto de Desarrollo Econ\u00f3mico del Principado (Idepa), Eva Pando, y el director general de la Sociedad de Promoci\u00f3n Exterior (Asturex), Alfonso del R\u00edo, han encabezado la delegaci\u00f3n empresarial que ha viajado esta semana a Texas con el fin de presentar las fortalezas y ventajas del sector industrial del Principado. En la misi\u00f3n [&hellip;]<\/p>\n","protected":false},"author":1,"featured_media":801348,"comment_status":"closed","ping_status":"closed","sticky":false,"template":"","format":"standard","meta":{"footnotes":""},"categories":[12],"tags":[],"class_list":["post-908170","post","type-post","status-publish","format-standard","has-post-thumbnail","hentry","category-actualidad-asturias"],"aioseo_notices":[],"aioseo_head":"\n\t\t<!-- All in One SEO Pro 4.9.6.2 - aioseo.com -->\n\t<meta name=\"description\" content=\"La directora del Instituto de Desarrollo Econ\u00f3mico del Principado (Idepa), Eva Pando, y el director general de la Sociedad de Promoci\u00f3n Exterior (Asturex), Alfonso del R\u00edo, han encabezado la delegaci\u00f3n empresarial que ha viajado esta semana a Texas con el fin de presentar las fortalezas y ventajas del sector industrial del Principado. En la misi\u00f3n\" \/>\n\t<meta name=\"robots\" content=\"max-image-preview:large\" \/>\n\t<meta name=\"author\" content=\"El Digital de Asturias\"\/>\n\t<meta name=\"google-site-verification\" content=\"UA-38556648-1\" \/>\n\t<meta name=\"msvalidate.01\" content=\"7dfe9f3f1b24437ab69f4f2559babe99\" \/>\n\t<meta name=\"keywords\" content=\"actualidad asturias\" \/>\n\t<link rel=\"canonical\" href=\"https:\/\/www.eldigitaldeasturias.com\/noticias\/asturias-presenta-en-texas-las-posibilidades-del-sector-industrial-asturiano\/\" \/>\n\t<meta name=\"generator\" content=\"All in One SEO Pro (AIOSEO) 4.9.6.2\" \/>\n\t\t<meta property=\"og:locale\" content=\"es_ES\" \/>\n\t\t<meta property=\"og:site_name\" content=\"El Digital de Asturias\" \/>\n\t\t<meta property=\"og:type\" content=\"article\" \/>\n\t\t<meta property=\"og:title\" content=\"Asturias presenta en Texas las posibilidades del sector industrial asturiano - El Digital de Asturias\" \/>\n\t\t<meta property=\"og:description\" content=\"La directora del Instituto de Desarrollo Econ\u00f3mico del Principado (Idepa), Eva Pando, y el director general de la Sociedad de Promoci\u00f3n Exterior (Asturex), Alfonso del R\u00edo, han encabezado la delegaci\u00f3n empresarial que ha viajado esta semana a Texas con el fin de presentar las fortalezas y ventajas del sector industrial del Principado. En la misi\u00f3n\" \/>\n\t\t<meta property=\"og:url\" content=\"https:\/\/www.eldigitaldeasturias.com\/noticias\/asturias-presenta-en-texas-las-posibilidades-del-sector-industrial-asturiano\/\" \/>\n\t\t<meta property=\"og:image\" content=\"https:\/\/www.eldigitaldeasturias.com\/noticias\/wp-content\/uploads\/2015\/08\/industria.jpg\" \/>\n\t\t<meta property=\"og:image:secure_url\" content=\"https:\/\/www.eldigitaldeasturias.com\/noticias\/wp-content\/uploads\/2015\/08\/industria.jpg\" \/>\n\t\t<meta property=\"og:image:width\" content=\"800\" \/>\n\t\t<meta property=\"og:image:height\" content=\"600\" \/>\n\t\t<meta property=\"article:tag\" content=\"actualidad asturias\" \/>\n\t\t<meta property=\"article:published_time\" content=\"2016-09-17T13:56:44+00:00\" \/>\n\t\t<meta property=\"article:modified_time\" content=\"2016-09-17T13:56:44+00:00\" \/>\n\t\t<meta property=\"article:publisher\" content=\"https:\/\/facebook.com\/eldigitaldeasturias\" \/>\n\t\t<meta name=\"twitter:card\" content=\"summary_large_image\" \/>\n\t\t<meta name=\"twitter:title\" content=\"Asturias presenta en Texas las posibilidades del sector industrial asturiano - El Digital de Asturias\" \/>\n\t\t<meta name=\"twitter:description\" content=\"La directora del Instituto de Desarrollo Econ\u00f3mico del Principado (Idepa), Eva Pando, y el director general de la Sociedad de Promoci\u00f3n Exterior (Asturex), Alfonso del R\u00edo, han encabezado la delegaci\u00f3n empresarial que ha viajado esta semana a Texas con el fin de presentar las fortalezas y ventajas del sector industrial del Principado. En la misi\u00f3n\" \/>\n\t\t<meta name=\"twitter:image\" content=\"https:\/\/www.eldigitaldeasturias.com\/noticias\/wp-content\/uploads\/2015\/08\/industria.jpg\" \/>\n\t\t<meta name=\"twitter:label1\" content=\"Escrito por\" \/>\n\t\t<meta name=\"twitter:data1\" content=\"El Digital de Asturias\" \/>\n\t\t<meta name=\"twitter:label2\" content=\"Tiempo de lectura estimado\" \/>\n\t\t<meta name=\"twitter:data2\" content=\"3 minutos\" \/>\n\t\t<script type=\"application\/ld+json\" class=\"aioseo-schema\">\n\t\t\t{\"@context\":\"https:\\\/\\\/schema.org\",\"@graph\":[{\"@type\":\"BlogPosting\",\"@id\":\"https:\\\/\\\/www.eldigitaldeasturias.com\\\/noticias\\\/asturias-presenta-en-texas-las-posibilidades-del-sector-industrial-asturiano\\\/#blogposting\",\"name\":\"Asturias presenta en Texas las posibilidades del sector industrial asturiano - El Digital de Asturias\",\"headline\":\"Asturias presenta en Texas las posibilidades del sector industrial asturiano\",\"author\":{\"@id\":\"https:\\\/\\\/www.eldigitaldeasturias.com\\\/noticias\\\/author\\\/admin\\\/#author\"},\"publisher\":{\"@id\":\"https:\\\/\\\/www.eldigitaldeasturias.com\\\/noticias\\\/#organization\"},\"image\":{\"@type\":\"ImageObject\",\"url\":\"https:\\\/\\\/www.eldigitaldeasturias.com\\\/noticias\\\/wp-content\\\/uploads\\\/2015\\\/08\\\/industria.jpg\",\"width\":800,\"height\":600},\"datePublished\":\"2016-09-17T14:56:44+02:00\",\"dateModified\":\"2016-09-17T14:56:44+02:00\",\"inLanguage\":\"es-ES\",\"mainEntityOfPage\":{\"@id\":\"https:\\\/\\\/www.eldigitaldeasturias.com\\\/noticias\\\/asturias-presenta-en-texas-las-posibilidades-del-sector-industrial-asturiano\\\/#webpage\"},\"isPartOf\":{\"@id\":\"https:\\\/\\\/www.eldigitaldeasturias.com\\\/noticias\\\/asturias-presenta-en-texas-las-posibilidades-del-sector-industrial-asturiano\\\/#webpage\"},\"articleSection\":\"Actualidad Asturias\"},{\"@type\":\"BreadcrumbList\",\"@id\":\"https:\\\/\\\/www.eldigitaldeasturias.com\\\/noticias\\\/asturias-presenta-en-texas-las-posibilidades-del-sector-industrial-asturiano\\\/#breadcrumblist\",\"itemListElement\":[{\"@type\":\"ListItem\",\"@id\":\"https:\\\/\\\/www.eldigitaldeasturias.com\\\/noticias#listItem\",\"position\":1,\"name\":\"Home\",\"item\":\"https:\\\/\\\/www.eldigitaldeasturias.com\\\/noticias\",\"nextItem\":{\"@type\":\"ListItem\",\"@id\":\"https:\\\/\\\/www.eldigitaldeasturias.com\\\/noticias\\\/category\\\/actualidad-asturias\\\/#listItem\",\"name\":\"Actualidad Asturias\"}},{\"@type\":\"ListItem\",\"@id\":\"https:\\\/\\\/www.eldigitaldeasturias.com\\\/noticias\\\/category\\\/actualidad-asturias\\\/#listItem\",\"position\":2,\"name\":\"Actualidad Asturias\",\"item\":\"https:\\\/\\\/www.eldigitaldeasturias.com\\\/noticias\\\/category\\\/actualidad-asturias\\\/\",\"nextItem\":{\"@type\":\"ListItem\",\"@id\":\"https:\\\/\\\/www.eldigitaldeasturias.com\\\/noticias\\\/asturias-presenta-en-texas-las-posibilidades-del-sector-industrial-asturiano\\\/#listItem\",\"name\":\"Asturias presenta en Texas las posibilidades del sector industrial asturiano\"},\"previousItem\":{\"@type\":\"ListItem\",\"@id\":\"https:\\\/\\\/www.eldigitaldeasturias.com\\\/noticias#listItem\",\"name\":\"Home\"}},{\"@type\":\"ListItem\",\"@id\":\"https:\\\/\\\/www.eldigitaldeasturias.com\\\/noticias\\\/asturias-presenta-en-texas-las-posibilidades-del-sector-industrial-asturiano\\\/#listItem\",\"position\":3,\"name\":\"Asturias presenta en Texas las posibilidades del sector industrial asturiano\",\"previousItem\":{\"@type\":\"ListItem\",\"@id\":\"https:\\\/\\\/www.eldigitaldeasturias.com\\\/noticias\\\/category\\\/actualidad-asturias\\\/#listItem\",\"name\":\"Actualidad Asturias\"}}]},{\"@type\":\"Organization\",\"@id\":\"https:\\\/\\\/www.eldigitaldeasturias.com\\\/noticias\\\/#organization\",\"name\":\"El Digital de Asturias\",\"description\":\"Hemeroteca\",\"url\":\"https:\\\/\\\/www.eldigitaldeasturias.com\\\/noticias\\\/\",\"email\":\"info@eldigitaldeasturias.com\",\"telephone\":\"+34652131393\",\"logo\":{\"@type\":\"ImageObject\",\"url\":\"https:\\\/\\\/www.eldigitaldeasturias.com\\\/noticias\\\/wp-content\\\/uploads\\\/2020\\\/12\\\/EDA.jpg\",\"@id\":\"https:\\\/\\\/www.eldigitaldeasturias.com\\\/noticias\\\/asturias-presenta-en-texas-las-posibilidades-del-sector-industrial-asturiano\\\/#organizationLogo\",\"width\":649,\"height\":297},\"image\":{\"@id\":\"https:\\\/\\\/www.eldigitaldeasturias.com\\\/noticias\\\/asturias-presenta-en-texas-las-posibilidades-del-sector-industrial-asturiano\\\/#organizationLogo\"},\"sameAs\":[\"https:\\\/\\\/facebook.com\\\/eldigitaldeasturias\",\"https:\\\/\\\/www.youtube.com\\\/channel\\\/UCZP-2wLEB9Rv6erhFmqVnvg\"],\"address\":{\"@id\":\"https:\\\/\\\/www.eldigitaldeasturias.com\\\/noticias\\\/#postaladdress\",\"@type\":\"PostalAddress\",\"streetAddress\":\"san antonio 4,\",\"postalCode\":\"33430\",\"addressLocality\":\"Cand\\u00e1s\",\"addressRegion\":\"Asturias\",\"addressCountry\":\"ES\"}},{\"@type\":\"Person\",\"@id\":\"https:\\\/\\\/www.eldigitaldeasturias.com\\\/noticias\\\/author\\\/admin\\\/#author\",\"url\":\"https:\\\/\\\/www.eldigitaldeasturias.com\\\/noticias\\\/author\\\/admin\\\/\",\"name\":\"El Digital de Asturias\",\"image\":{\"@type\":\"ImageObject\",\"@id\":\"https:\\\/\\\/www.eldigitaldeasturias.com\\\/noticias\\\/asturias-presenta-en-texas-las-posibilidades-del-sector-industrial-asturiano\\\/#authorImage\",\"url\":\"https:\\\/\\\/www.eldigitaldeasturias.com\\\/noticias\\\/wp-content\\\/litespeed\\\/avatar\\\/18677e78aa0546b92d9dbf31ec7d7668.jpg?ver=1777290358\",\"width\":96,\"height\":96,\"caption\":\"El Digital de Asturias\"}},{\"@type\":\"WebPage\",\"@id\":\"https:\\\/\\\/www.eldigitaldeasturias.com\\\/noticias\\\/asturias-presenta-en-texas-las-posibilidades-del-sector-industrial-asturiano\\\/#webpage\",\"url\":\"https:\\\/\\\/www.eldigitaldeasturias.com\\\/noticias\\\/asturias-presenta-en-texas-las-posibilidades-del-sector-industrial-asturiano\\\/\",\"name\":\"Asturias presenta en Texas las posibilidades del sector industrial asturiano - El Digital de Asturias\",\"description\":\"La directora del Instituto de Desarrollo Econ\\u00f3mico del Principado (Idepa), Eva Pando, y el director general de la Sociedad de Promoci\\u00f3n Exterior (Asturex), Alfonso del R\\u00edo, han encabezado la delegaci\\u00f3n empresarial que ha viajado esta semana a Texas con el fin de presentar las fortalezas y ventajas del sector industrial del Principado. En la misi\\u00f3n\",\"inLanguage\":\"es-ES\",\"isPartOf\":{\"@id\":\"https:\\\/\\\/www.eldigitaldeasturias.com\\\/noticias\\\/#website\"},\"breadcrumb\":{\"@id\":\"https:\\\/\\\/www.eldigitaldeasturias.com\\\/noticias\\\/asturias-presenta-en-texas-las-posibilidades-del-sector-industrial-asturiano\\\/#breadcrumblist\"},\"author\":{\"@id\":\"https:\\\/\\\/www.eldigitaldeasturias.com\\\/noticias\\\/author\\\/admin\\\/#author\"},\"creator\":{\"@id\":\"https:\\\/\\\/www.eldigitaldeasturias.com\\\/noticias\\\/author\\\/admin\\\/#author\"},\"image\":{\"@type\":\"ImageObject\",\"url\":\"https:\\\/\\\/www.eldigitaldeasturias.com\\\/noticias\\\/wp-content\\\/uploads\\\/2015\\\/08\\\/industria.jpg\",\"@id\":\"https:\\\/\\\/www.eldigitaldeasturias.com\\\/noticias\\\/asturias-presenta-en-texas-las-posibilidades-del-sector-industrial-asturiano\\\/#mainImage\",\"width\":800,\"height\":600},\"primaryImageOfPage\":{\"@id\":\"https:\\\/\\\/www.eldigitaldeasturias.com\\\/noticias\\\/asturias-presenta-en-texas-las-posibilidades-del-sector-industrial-asturiano\\\/#mainImage\"},\"datePublished\":\"2016-09-17T14:56:44+02:00\",\"dateModified\":\"2016-09-17T14:56:44+02:00\"},{\"@type\":\"WebSite\",\"@id\":\"https:\\\/\\\/www.eldigitaldeasturias.com\\\/noticias\\\/#website\",\"url\":\"https:\\\/\\\/www.eldigitaldeasturias.com\\\/noticias\\\/\",\"name\":\"El Digital de Asturias - Diario de actualidad y noticias\",\"alternateName\":\"El Digital de Asturias - Diario de actualidad y noticias\",\"description\":\"Hemeroteca\",\"inLanguage\":\"es-ES\",\"publisher\":{\"@id\":\"https:\\\/\\\/www.eldigitaldeasturias.com\\\/noticias\\\/#organization\"}}]}\n\t\t<\/script>\n\t\t<!-- All in One SEO Pro -->\r\n\t\t<title>Asturias presenta en Texas las posibilidades del sector industrial asturiano - El Digital de Asturias<\/title>\n\n","aioseo_head_json":{"title":"Asturias presenta en Texas las posibilidades del sector industrial asturiano - El Digital de Asturias","description":"La directora del Instituto de Desarrollo Econ\u00f3mico del Principado (Idepa), Eva Pando, y el director general de la Sociedad de Promoci\u00f3n Exterior (Asturex), Alfonso del R\u00edo, han encabezado la delegaci\u00f3n empresarial que ha viajado esta semana a Texas con el fin de presentar las fortalezas y ventajas del sector industrial del Principado. En la misi\u00f3n","canonical_url":"https:\/\/www.eldigitaldeasturias.com\/noticias\/asturias-presenta-en-texas-las-posibilidades-del-sector-industrial-asturiano\/","robots":"max-image-preview:large","keywords":"actualidad asturias","webmasterTools":{"google-site-verification":"UA-38556648-1","msvalidate.01":"7dfe9f3f1b24437ab69f4f2559babe99","miscellaneous":""},"schema":{"@context":"https:\/\/schema.org","@graph":[{"@type":"BlogPosting","@id":"https:\/\/www.eldigitaldeasturias.com\/noticias\/asturias-presenta-en-texas-las-posibilidades-del-sector-industrial-asturiano\/#blogposting","name":"Asturias presenta en Texas las posibilidades del sector industrial asturiano - El Digital de Asturias","headline":"Asturias presenta en Texas las posibilidades del sector industrial asturiano","author":{"@id":"https:\/\/www.eldigitaldeasturias.com\/noticias\/author\/admin\/#author"},"publisher":{"@id":"https:\/\/www.eldigitaldeasturias.com\/noticias\/#organization"},"image":{"@type":"ImageObject","url":"https:\/\/www.eldigitaldeasturias.com\/noticias\/wp-content\/uploads\/2015\/08\/industria.jpg","width":800,"height":600},"datePublished":"2016-09-17T14:56:44+02:00","dateModified":"2016-09-17T14:56:44+02:00","inLanguage":"es-ES","mainEntityOfPage":{"@id":"https:\/\/www.eldigitaldeasturias.com\/noticias\/asturias-presenta-en-texas-las-posibilidades-del-sector-industrial-asturiano\/#webpage"},"isPartOf":{"@id":"https:\/\/www.eldigitaldeasturias.com\/noticias\/asturias-presenta-en-texas-las-posibilidades-del-sector-industrial-asturiano\/#webpage"},"articleSection":"Actualidad Asturias"},{"@type":"BreadcrumbList","@id":"https:\/\/www.eldigitaldeasturias.com\/noticias\/asturias-presenta-en-texas-las-posibilidades-del-sector-industrial-asturiano\/#breadcrumblist","itemListElement":[{"@type":"ListItem","@id":"https:\/\/www.eldigitaldeasturias.com\/noticias#listItem","position":1,"name":"Home","item":"https:\/\/www.eldigitaldeasturias.com\/noticias","nextItem":{"@type":"ListItem","@id":"https:\/\/www.eldigitaldeasturias.com\/noticias\/category\/actualidad-asturias\/#listItem","name":"Actualidad Asturias"}},{"@type":"ListItem","@id":"https:\/\/www.eldigitaldeasturias.com\/noticias\/category\/actualidad-asturias\/#listItem","position":2,"name":"Actualidad Asturias","item":"https:\/\/www.eldigitaldeasturias.com\/noticias\/category\/actualidad-asturias\/","nextItem":{"@type":"ListItem","@id":"https:\/\/www.eldigitaldeasturias.com\/noticias\/asturias-presenta-en-texas-las-posibilidades-del-sector-industrial-asturiano\/#listItem","name":"Asturias presenta en Texas las posibilidades del sector industrial asturiano"},"previousItem":{"@type":"ListItem","@id":"https:\/\/www.eldigitaldeasturias.com\/noticias#listItem","name":"Home"}},{"@type":"ListItem","@id":"https:\/\/www.eldigitaldeasturias.com\/noticias\/asturias-presenta-en-texas-las-posibilidades-del-sector-industrial-asturiano\/#listItem","position":3,"name":"Asturias presenta en Texas las posibilidades del sector industrial asturiano","previousItem":{"@type":"ListItem","@id":"https:\/\/www.eldigitaldeasturias.com\/noticias\/category\/actualidad-asturias\/#listItem","name":"Actualidad Asturias"}}]},{"@type":"Organization","@id":"https:\/\/www.eldigitaldeasturias.com\/noticias\/#organization","name":"El Digital de Asturias","description":"Hemeroteca","url":"https:\/\/www.eldigitaldeasturias.com\/noticias\/","email":"info@eldigitaldeasturias.com","telephone":"+34652131393","logo":{"@type":"ImageObject","url":"https:\/\/www.eldigitaldeasturias.com\/noticias\/wp-content\/uploads\/2020\/12\/EDA.jpg","@id":"https:\/\/www.eldigitaldeasturias.com\/noticias\/asturias-presenta-en-texas-las-posibilidades-del-sector-industrial-asturiano\/#organizationLogo","width":649,"height":297},"image":{"@id":"https:\/\/www.eldigitaldeasturias.com\/noticias\/asturias-presenta-en-texas-las-posibilidades-del-sector-industrial-asturiano\/#organizationLogo"},"sameAs":["https:\/\/facebook.com\/eldigitaldeasturias","https:\/\/www.youtube.com\/channel\/UCZP-2wLEB9Rv6erhFmqVnvg"],"address":{"@id":"https:\/\/www.eldigitaldeasturias.com\/noticias\/#postaladdress","@type":"PostalAddress","streetAddress":"san antonio 4,","postalCode":"33430","addressLocality":"Cand\u00e1s","addressRegion":"Asturias","addressCountry":"ES"}},{"@type":"Person","@id":"https:\/\/www.eldigitaldeasturias.com\/noticias\/author\/admin\/#author","url":"https:\/\/www.eldigitaldeasturias.com\/noticias\/author\/admin\/","name":"El Digital de Asturias","image":{"@type":"ImageObject","@id":"https:\/\/www.eldigitaldeasturias.com\/noticias\/asturias-presenta-en-texas-las-posibilidades-del-sector-industrial-asturiano\/#authorImage","url":"https:\/\/www.eldigitaldeasturias.com\/noticias\/wp-content\/litespeed\/avatar\/18677e78aa0546b92d9dbf31ec7d7668.jpg?ver=1777290358","width":96,"height":96,"caption":"El Digital de Asturias"}},{"@type":"WebPage","@id":"https:\/\/www.eldigitaldeasturias.com\/noticias\/asturias-presenta-en-texas-las-posibilidades-del-sector-industrial-asturiano\/#webpage","url":"https:\/\/www.eldigitaldeasturias.com\/noticias\/asturias-presenta-en-texas-las-posibilidades-del-sector-industrial-asturiano\/","name":"Asturias presenta en Texas las posibilidades del sector industrial asturiano - El Digital de Asturias","description":"La directora del Instituto de Desarrollo Econ\u00f3mico del Principado (Idepa), Eva Pando, y el director general de la Sociedad de Promoci\u00f3n Exterior (Asturex), Alfonso del R\u00edo, han encabezado la delegaci\u00f3n empresarial que ha viajado esta semana a Texas con el fin de presentar las fortalezas y ventajas del sector industrial del Principado. En la misi\u00f3n","inLanguage":"es-ES","isPartOf":{"@id":"https:\/\/www.eldigitaldeasturias.com\/noticias\/#website"},"breadcrumb":{"@id":"https:\/\/www.eldigitaldeasturias.com\/noticias\/asturias-presenta-en-texas-las-posibilidades-del-sector-industrial-asturiano\/#breadcrumblist"},"author":{"@id":"https:\/\/www.eldigitaldeasturias.com\/noticias\/author\/admin\/#author"},"creator":{"@id":"https:\/\/www.eldigitaldeasturias.com\/noticias\/author\/admin\/#author"},"image":{"@type":"ImageObject","url":"https:\/\/www.eldigitaldeasturias.com\/noticias\/wp-content\/uploads\/2015\/08\/industria.jpg","@id":"https:\/\/www.eldigitaldeasturias.com\/noticias\/asturias-presenta-en-texas-las-posibilidades-del-sector-industrial-asturiano\/#mainImage","width":800,"height":600},"primaryImageOfPage":{"@id":"https:\/\/www.eldigitaldeasturias.com\/noticias\/asturias-presenta-en-texas-las-posibilidades-del-sector-industrial-asturiano\/#mainImage"},"datePublished":"2016-09-17T14:56:44+02:00","dateModified":"2016-09-17T14:56:44+02:00"},{"@type":"WebSite","@id":"https:\/\/www.eldigitaldeasturias.com\/noticias\/#website","url":"https:\/\/www.eldigitaldeasturias.com\/noticias\/","name":"El Digital de Asturias - Diario de actualidad y noticias","alternateName":"El Digital de Asturias - Diario de actualidad y noticias","description":"Hemeroteca","inLanguage":"es-ES","publisher":{"@id":"https:\/\/www.eldigitaldeasturias.com\/noticias\/#organization"}}]},"og:locale":"es_ES","og:site_name":"El Digital de Asturias","og:type":"article","og:title":"Asturias presenta en Texas las posibilidades del sector industrial asturiano - El Digital de Asturias","og:description":"La directora del Instituto de Desarrollo Econ\u00f3mico del Principado (Idepa), Eva Pando, y el director general de la Sociedad de Promoci\u00f3n Exterior (Asturex), Alfonso del R\u00edo, han encabezado la delegaci\u00f3n empresarial que ha viajado esta semana a Texas con el fin de presentar las fortalezas y ventajas del sector industrial del Principado. En la misi\u00f3n","og:url":"https:\/\/www.eldigitaldeasturias.com\/noticias\/asturias-presenta-en-texas-las-posibilidades-del-sector-industrial-asturiano\/","og:image":"https:\/\/www.eldigitaldeasturias.com\/noticias\/wp-content\/uploads\/2015\/08\/industria.jpg","og:image:secure_url":"https:\/\/www.eldigitaldeasturias.com\/noticias\/wp-content\/uploads\/2015\/08\/industria.jpg","og:image:width":800,"og:image:height":600,"article:tag":["actualidad asturias"],"article:published_time":"2016-09-17T13:56:44+00:00","article:modified_time":"2016-09-17T13:56:44+00:00","article:publisher":"https:\/\/facebook.com\/eldigitaldeasturias","twitter:card":"summary_large_image","twitter:title":"Asturias presenta en Texas las posibilidades del sector industrial asturiano - El Digital de Asturias","twitter:description":"La directora del Instituto de Desarrollo Econ\u00f3mico del Principado (Idepa), Eva Pando, y el director general de la Sociedad de Promoci\u00f3n Exterior (Asturex), Alfonso del R\u00edo, han encabezado la delegaci\u00f3n empresarial que ha viajado esta semana a Texas con el fin de presentar las fortalezas y ventajas del sector industrial del Principado. En la misi\u00f3n","twitter:image":"https:\/\/www.eldigitaldeasturias.com\/noticias\/wp-content\/uploads\/2015\/08\/industria.jpg","twitter:label1":"Escrito por","twitter:data1":"El Digital de Asturias","twitter:label2":"Tiempo de lectura estimado","twitter:data2":"3 minutos"},"aioseo_meta_data":{"post_id":"908170","title":null,"description":null,"keywords":null,"keyphrases":null,"primary_term":null,"canonical_url":null,"og_title":null,"og_description":null,"og_object_type":"default","og_image_type":"default","og_image_url":null,"og_image_width":null,"og_image_height":null,"og_image_custom_url":null,"og_image_custom_fields":null,"og_video":null,"og_custom_url":null,"og_article_section":null,"og_article_tags":null,"twitter_use_og":false,"twitter_card":"default","twitter_image_type":"default","twitter_image_url":null,"twitter_image_custom_url":null,"twitter_image_custom_fields":null,"twitter_title":null,"twitter_description":null,"schema":{"blockGraphs":[],"customGraphs":[],"default":{"data":{"Article":[],"Course":[],"Dataset":[],"FAQPage":[],"Movie":[],"Person":[],"Product":[],"ProductReview":[],"Car":[],"Recipe":[],"Service":[],"SoftwareApplication":[],"WebPage":[]},"graphName":"","isEnabled":true},"graphs":[],"defaultGraph":"","defaultPostTypeGraph":""},"schema_type":null,"schema_type_options":null,"pillar_content":false,"robots_default":true,"robots_noindex":false,"robots_noarchive":false,"robots_nosnippet":false,"robots_nofollow":false,"robots_noimageindex":false,"robots_noodp":false,"robots_notranslate":false,"robots_max_snippet":null,"robots_max_videopreview":null,"robots_max_imagepreview":"large","priority":null,"frequency":null,"local_seo":null,"seo_analyzer_scan_date":"2025-11-30 15:07:09","breadcrumb_settings":null,"limit_modified_date":false,"open_ai":null,"ai":null,"created":"2020-12-21 14:00:17","updated":"2025-11-30 15:07:09"},"aioseo_breadcrumb":"<div class=\"aioseo-breadcrumbs\"><span class=\"aioseo-breadcrumb\">\n\t<a href=\"https:\/\/www.eldigitaldeasturias.com\/noticias\" title=\"Home\">Home<\/a>\n<\/span><span class=\"aioseo-breadcrumb-separator\">\u2013<\/span><span class=\"aioseo-breadcrumb\">\n\t<a href=\"https:\/\/www.eldigitaldeasturias.com\/noticias\/category\/actualidad-asturias\/\" title=\"Actualidad Asturias\">Actualidad Asturias<\/a>\n<\/span><span class=\"aioseo-breadcrumb-separator\">\u2013<\/span><span class=\"aioseo-breadcrumb\">\n\t<a href=\"https:\/\/www.eldigitaldeasturias.com\/noticias\/asturias-presenta-en-texas-las-posibilidades-del-sector-industrial-asturiano\/\" title=\"Asturias presenta en Texas las posibilidades del sector industrial asturiano\">Asturias presenta en Texas las posibilidades del sector industrial asturiano<\/a>\n<\/span><\/div>","aioseo_breadcrumb_json":[{"label":"Home","link":"https:\/\/www.eldigitaldeasturias.com\/noticias"},{"label":"Actualidad Asturias","link":"https:\/\/www.eldigitaldeasturias.com\/noticias\/category\/actualidad-asturias\/"},{"label":"Asturias presenta en Texas las posibilidades del sector industrial asturiano","link":"https:\/\/www.eldigitaldeasturias.com\/noticias\/asturias-presenta-en-texas-las-posibilidades-del-sector-industrial-asturiano\/"}],"_links":{"self":[{"href":"https:\/\/www.eldigitaldeasturias.com\/noticias\/wp-json\/wp\/v2\/posts\/908170","targetHints":{"allow":["GET"]}}],"collection":[{"href":"https:\/\/www.eldigitaldeasturias.com\/noticias\/wp-json\/wp\/v2\/posts"}],"about":[{"href":"https:\/\/www.eldigitaldeasturias.com\/noticias\/wp-json\/wp\/v2\/types\/post"}],"author":[{"embeddable":true,"href":"https:\/\/www.eldigitaldeasturias.com\/noticias\/wp-json\/wp\/v2\/users\/1"}],"replies":[{"embeddable":true,"href":"https:\/\/www.eldigitaldeasturias.com\/noticias\/wp-json\/wp\/v2\/comments?post=908170"}],"version-history":[{"count":0,"href":"https:\/\/www.eldigitaldeasturias.com\/noticias\/wp-json\/wp\/v2\/posts\/908170\/revisions"}],"wp:featuredmedia":[{"embeddable":true,"href":"https:\/\/www.eldigitaldeasturias.com\/noticias\/wp-json\/wp\/v2\/media\/801348"}],"wp:attachment":[{"href":"https:\/\/www.eldigitaldeasturias.com\/noticias\/wp-json\/wp\/v2\/media?parent=908170"}],"wp:term":[{"taxonomy":"category","embeddable":true,"href":"https:\/\/www.eldigitaldeasturias.com\/noticias\/wp-json\/wp\/v2\/categories?post=908170"},{"taxonomy":"post_tag","embeddable":true,"href":"https:\/\/www.eldigitaldeasturias.com\/noticias\/wp-json\/wp\/v2\/tags?post=908170"}],"curies":[{"name":"wp","href":"https:\/\/api.w.org\/{rel}","templated":true}]}}