{"id":908159,"date":"2016-09-17T13:26:42","date_gmt":"2016-09-17T12:26:42","guid":{"rendered":"http:\/\/www.eldigitaldeasturias.com\/noticias\/?p=908159"},"modified":"2016-09-17T13:26:42","modified_gmt":"2016-09-17T12:26:42","slug":"martino-noriega-desvincula-su-pregon-en-san-mateo-de-las-afinidades-politicas","status":"publish","type":"post","link":"https:\/\/www.eldigitaldeasturias.com\/noticias\/martino-noriega-desvincula-su-pregon-en-san-mateo-de-las-afinidades-politicas\/","title":{"rendered":"Marti\u00f1o Noriega desvincula su preg\u00f3n en San Mateo de las \u00abafinidades pol\u00edticas\u00bb"},"content":{"rendered":"<p><img loading=\"lazy\" decoding=\"async\" class=\"alignleft size-medium wp-image-908160\" src=\"https:\/\/www.eldigitaldeasturias.com\/noticias\/wp-content\/uploads\/2016\/09\/fotonoticia_20160916205807_800-272x320.jpg\" alt=\"fotonoticia_20160916205807_800\" width=\"272\" height=\"320\" srcset=\"https:\/\/www.eldigitaldeasturias.com\/noticias\/wp-content\/uploads\/2016\/09\/fotonoticia_20160916205807_800-272x320.jpg 272w, https:\/\/www.eldigitaldeasturias.com\/noticias\/wp-content\/uploads\/2016\/09\/fotonoticia_20160916205807_800-768x903.jpg 768w, https:\/\/www.eldigitaldeasturias.com\/noticias\/wp-content\/uploads\/2016\/09\/fotonoticia_20160916205807_800-553x650.jpg 553w, https:\/\/www.eldigitaldeasturias.com\/noticias\/wp-content\/uploads\/2016\/09\/fotonoticia_20160916205807_800.jpg 800w\" sizes=\"auto, (max-width: 272px) 100vw, 272px\" \/>El alcade de Santiago de Compostela, Marti\u00f1o Noriega, ha desvinculado su preg\u00f3n inaugural de las Fiestas de San Mateo en Oviedo, que ha le\u00eddo este viernes, de las afinidades pol\u00edticas entre los gobiernos locales de ambas ciudades, especialmente entre su formaci\u00f3n, Compostela Aberta, y la de Somos Oviedo, que integra el ejecutivo carbay\u00f3n.<\/p>\n<p>Antes de leer su discurso, que ha comenzado y acabado en lengua asturiana, Noriega ha realizado unas declaraciones a los medios en las que ha dejado claro que \u00ablas razones\u00bb por las que ha dado el preg\u00f3n son de \u00abrepresentaci\u00f3n institutcional\u00bb, dado que \u00abSantiago es una ciudad hermanada con Oviedo desde el a\u00f1o 1993\u00bb, y ambas poblaciones comparten \u00abel camino primitivo y primigenio\u00bb, y han de \u00abreivindicar el camino primitivo y hacerlo conjuntamente\u00bb.<\/p>\n<p>Ha recordado que las dos ciudades se hermanaron con gobiernos de diferentes colores, y por tanto su preg\u00f3n \u00abno tiene nada que ver con afinidades pol\u00edticas\u00bb. Oviedo y Santiago comparten \u00abun discurso de historia y de proximididad institucional que hay que reivindicar\u00bb, ha a\u00f1adido.<\/p>\n<p>En el preg\u00f3n, el alcalde gallego ha reivindicado la vinculaci\u00f3n hist\u00f3rica de las dos capitales desde que \u00aben el siglo IX Alfonso II El Casto, conocedor del hallazgo del sepulcro del ap\u00f3stol, viaj\u00f3 a Santiago y mando construir una iglesia en un lugar al que en el a\u00f1o 2015 peregrinaron m\u00e1s de 250.000 personas\u00bb.<\/p>\n<p>&nbsp;<\/p>\n<p>&nbsp;<\/p>\n","protected":false},"excerpt":{"rendered":"<p>El alcade de Santiago de Compostela, Marti\u00f1o Noriega, ha desvinculado su preg\u00f3n inaugural de las Fiestas de San Mateo en Oviedo, que ha le\u00eddo este viernes, de las afinidades pol\u00edticas entre los gobiernos locales de ambas ciudades, especialmente entre su formaci\u00f3n, Compostela Aberta, y la de Somos Oviedo, que integra el ejecutivo carbay\u00f3n. Antes de [&hellip;]<\/p>\n","protected":false},"author":1,"featured_media":908160,"comment_status":"closed","ping_status":"closed","sticky":false,"template":"","format":"standard","meta":{"footnotes":""},"categories":[12],"tags":[],"class_list":["post-908159","post","type-post","status-publish","format-standard","has-post-thumbnail","hentry","category-actualidad-asturias"],"aioseo_notices":[],"aioseo_head":"\n\t\t<!-- All in One SEO Pro 4.9.6.2 - aioseo.com -->\n\t<meta name=\"description\" content=\"El alcade de Santiago de Compostela, Marti\u00f1o Noriega, ha desvinculado su preg\u00f3n inaugural de las Fiestas de San Mateo en Oviedo, que ha le\u00eddo este viernes, de las afinidades pol\u00edticas entre los gobiernos locales de ambas ciudades, especialmente entre su formaci\u00f3n, Compostela Aberta, y la de Somos Oviedo, que integra el ejecutivo carbay\u00f3n. Antes de\" \/>\n\t<meta name=\"robots\" content=\"max-image-preview:large\" \/>\n\t<meta name=\"author\" content=\"El Digital de Asturias\"\/>\n\t<meta name=\"google-site-verification\" content=\"UA-38556648-1\" \/>\n\t<meta name=\"msvalidate.01\" content=\"7dfe9f3f1b24437ab69f4f2559babe99\" \/>\n\t<meta name=\"keywords\" content=\"actualidad asturias\" \/>\n\t<link rel=\"canonical\" href=\"https:\/\/www.eldigitaldeasturias.com\/noticias\/martino-noriega-desvincula-su-pregon-en-san-mateo-de-las-afinidades-politicas\/\" \/>\n\t<meta name=\"generator\" content=\"All in One SEO Pro (AIOSEO) 4.9.6.2\" \/>\n\t\t<meta property=\"og:locale\" content=\"es_ES\" \/>\n\t\t<meta property=\"og:site_name\" content=\"El Digital de Asturias\" \/>\n\t\t<meta property=\"og:type\" content=\"article\" \/>\n\t\t<meta property=\"og:title\" content=\"Marti\u00f1o Noriega desvincula su preg\u00f3n en San Mateo de las \u00abafinidades pol\u00edticas\u00bb - El Digital de Asturias\" \/>\n\t\t<meta property=\"og:description\" content=\"El alcade de Santiago de Compostela, Marti\u00f1o Noriega, ha desvinculado su preg\u00f3n inaugural de las Fiestas de San Mateo en Oviedo, que ha le\u00eddo este viernes, de las afinidades pol\u00edticas entre los gobiernos locales de ambas ciudades, especialmente entre su formaci\u00f3n, Compostela Aberta, y la de Somos Oviedo, que integra el ejecutivo carbay\u00f3n. Antes de\" \/>\n\t\t<meta property=\"og:url\" content=\"https:\/\/www.eldigitaldeasturias.com\/noticias\/martino-noriega-desvincula-su-pregon-en-san-mateo-de-las-afinidades-politicas\/\" \/>\n\t\t<meta property=\"og:image\" content=\"https:\/\/www.eldigitaldeasturias.com\/noticias\/wp-content\/uploads\/2016\/09\/fotonoticia_20160916205807_800.jpg\" \/>\n\t\t<meta property=\"og:image:secure_url\" content=\"https:\/\/www.eldigitaldeasturias.com\/noticias\/wp-content\/uploads\/2016\/09\/fotonoticia_20160916205807_800.jpg\" \/>\n\t\t<meta property=\"og:image:width\" content=\"800\" \/>\n\t\t<meta property=\"og:image:height\" content=\"941\" \/>\n\t\t<meta property=\"article:tag\" content=\"actualidad asturias\" \/>\n\t\t<meta property=\"article:published_time\" content=\"2016-09-17T12:26:42+00:00\" \/>\n\t\t<meta property=\"article:modified_time\" content=\"2016-09-17T12:26:42+00:00\" \/>\n\t\t<meta property=\"article:publisher\" content=\"https:\/\/facebook.com\/eldigitaldeasturias\" \/>\n\t\t<meta name=\"twitter:card\" content=\"summary_large_image\" \/>\n\t\t<meta name=\"twitter:title\" content=\"Marti\u00f1o Noriega desvincula su preg\u00f3n en San Mateo de las \u00abafinidades pol\u00edticas\u00bb - El Digital de Asturias\" \/>\n\t\t<meta name=\"twitter:description\" content=\"El alcade de Santiago de Compostela, Marti\u00f1o Noriega, ha desvinculado su preg\u00f3n inaugural de las Fiestas de San Mateo en Oviedo, que ha le\u00eddo este viernes, de las afinidades pol\u00edticas entre los gobiernos locales de ambas ciudades, especialmente entre su formaci\u00f3n, Compostela Aberta, y la de Somos Oviedo, que integra el ejecutivo carbay\u00f3n. Antes de\" \/>\n\t\t<meta name=\"twitter:image\" content=\"https:\/\/www.eldigitaldeasturias.com\/noticias\/wp-content\/uploads\/2016\/09\/fotonoticia_20160916205807_800.jpg\" \/>\n\t\t<meta name=\"twitter:label1\" content=\"Escrito por\" \/>\n\t\t<meta name=\"twitter:data1\" content=\"El Digital de Asturias\" \/>\n\t\t<meta name=\"twitter:label2\" content=\"Tiempo de lectura estimado\" \/>\n\t\t<meta name=\"twitter:data2\" content=\"1 minuto\" \/>\n\t\t<script type=\"application\/ld+json\" class=\"aioseo-schema\">\n\t\t\t{\"@context\":\"https:\\\/\\\/schema.org\",\"@graph\":[{\"@type\":\"BlogPosting\",\"@id\":\"https:\\\/\\\/www.eldigitaldeasturias.com\\\/noticias\\\/martino-noriega-desvincula-su-pregon-en-san-mateo-de-las-afinidades-politicas\\\/#blogposting\",\"name\":\"Marti\\u00f1o Noriega desvincula su preg\\u00f3n en San Mateo de las \\u00abafinidades pol\\u00edticas\\u00bb - El Digital de Asturias\",\"headline\":\"Marti\\u00f1o Noriega desvincula su preg\\u00f3n en San Mateo de las \\u00abafinidades pol\\u00edticas\\u00bb\",\"author\":{\"@id\":\"https:\\\/\\\/www.eldigitaldeasturias.com\\\/noticias\\\/author\\\/admin\\\/#author\"},\"publisher\":{\"@id\":\"https:\\\/\\\/www.eldigitaldeasturias.com\\\/noticias\\\/#organization\"},\"image\":{\"@type\":\"ImageObject\",\"url\":\"https:\\\/\\\/www.eldigitaldeasturias.com\\\/noticias\\\/wp-content\\\/uploads\\\/2016\\\/09\\\/fotonoticia_20160916205807_800.jpg\",\"width\":800,\"height\":941},\"datePublished\":\"2016-09-17T13:26:42+02:00\",\"dateModified\":\"2016-09-17T13:26:42+02:00\",\"inLanguage\":\"es-ES\",\"mainEntityOfPage\":{\"@id\":\"https:\\\/\\\/www.eldigitaldeasturias.com\\\/noticias\\\/martino-noriega-desvincula-su-pregon-en-san-mateo-de-las-afinidades-politicas\\\/#webpage\"},\"isPartOf\":{\"@id\":\"https:\\\/\\\/www.eldigitaldeasturias.com\\\/noticias\\\/martino-noriega-desvincula-su-pregon-en-san-mateo-de-las-afinidades-politicas\\\/#webpage\"},\"articleSection\":\"Actualidad Asturias\"},{\"@type\":\"BreadcrumbList\",\"@id\":\"https:\\\/\\\/www.eldigitaldeasturias.com\\\/noticias\\\/martino-noriega-desvincula-su-pregon-en-san-mateo-de-las-afinidades-politicas\\\/#breadcrumblist\",\"itemListElement\":[{\"@type\":\"ListItem\",\"@id\":\"https:\\\/\\\/www.eldigitaldeasturias.com\\\/noticias#listItem\",\"position\":1,\"name\":\"Home\",\"item\":\"https:\\\/\\\/www.eldigitaldeasturias.com\\\/noticias\",\"nextItem\":{\"@type\":\"ListItem\",\"@id\":\"https:\\\/\\\/www.eldigitaldeasturias.com\\\/noticias\\\/category\\\/actualidad-asturias\\\/#listItem\",\"name\":\"Actualidad Asturias\"}},{\"@type\":\"ListItem\",\"@id\":\"https:\\\/\\\/www.eldigitaldeasturias.com\\\/noticias\\\/category\\\/actualidad-asturias\\\/#listItem\",\"position\":2,\"name\":\"Actualidad Asturias\",\"item\":\"https:\\\/\\\/www.eldigitaldeasturias.com\\\/noticias\\\/category\\\/actualidad-asturias\\\/\",\"nextItem\":{\"@type\":\"ListItem\",\"@id\":\"https:\\\/\\\/www.eldigitaldeasturias.com\\\/noticias\\\/martino-noriega-desvincula-su-pregon-en-san-mateo-de-las-afinidades-politicas\\\/#listItem\",\"name\":\"Marti\\u00f1o Noriega desvincula su preg\\u00f3n en San Mateo de las \\u00abafinidades pol\\u00edticas\\u00bb\"},\"previousItem\":{\"@type\":\"ListItem\",\"@id\":\"https:\\\/\\\/www.eldigitaldeasturias.com\\\/noticias#listItem\",\"name\":\"Home\"}},{\"@type\":\"ListItem\",\"@id\":\"https:\\\/\\\/www.eldigitaldeasturias.com\\\/noticias\\\/martino-noriega-desvincula-su-pregon-en-san-mateo-de-las-afinidades-politicas\\\/#listItem\",\"position\":3,\"name\":\"Marti\\u00f1o Noriega desvincula su preg\\u00f3n en San Mateo de las \\u00abafinidades pol\\u00edticas\\u00bb\",\"previousItem\":{\"@type\":\"ListItem\",\"@id\":\"https:\\\/\\\/www.eldigitaldeasturias.com\\\/noticias\\\/category\\\/actualidad-asturias\\\/#listItem\",\"name\":\"Actualidad Asturias\"}}]},{\"@type\":\"Organization\",\"@id\":\"https:\\\/\\\/www.eldigitaldeasturias.com\\\/noticias\\\/#organization\",\"name\":\"El Digital de Asturias\",\"description\":\"Hemeroteca\",\"url\":\"https:\\\/\\\/www.eldigitaldeasturias.com\\\/noticias\\\/\",\"email\":\"info@eldigitaldeasturias.com\",\"telephone\":\"+34652131393\",\"logo\":{\"@type\":\"ImageObject\",\"url\":\"https:\\\/\\\/www.eldigitaldeasturias.com\\\/noticias\\\/wp-content\\\/uploads\\\/2020\\\/12\\\/EDA.jpg\",\"@id\":\"https:\\\/\\\/www.eldigitaldeasturias.com\\\/noticias\\\/martino-noriega-desvincula-su-pregon-en-san-mateo-de-las-afinidades-politicas\\\/#organizationLogo\",\"width\":649,\"height\":297},\"image\":{\"@id\":\"https:\\\/\\\/www.eldigitaldeasturias.com\\\/noticias\\\/martino-noriega-desvincula-su-pregon-en-san-mateo-de-las-afinidades-politicas\\\/#organizationLogo\"},\"sameAs\":[\"https:\\\/\\\/facebook.com\\\/eldigitaldeasturias\",\"https:\\\/\\\/www.youtube.com\\\/channel\\\/UCZP-2wLEB9Rv6erhFmqVnvg\"],\"address\":{\"@id\":\"https:\\\/\\\/www.eldigitaldeasturias.com\\\/noticias\\\/#postaladdress\",\"@type\":\"PostalAddress\",\"streetAddress\":\"san antonio 4,\",\"postalCode\":\"33430\",\"addressLocality\":\"Cand\\u00e1s\",\"addressRegion\":\"Asturias\",\"addressCountry\":\"ES\"}},{\"@type\":\"Person\",\"@id\":\"https:\\\/\\\/www.eldigitaldeasturias.com\\\/noticias\\\/author\\\/admin\\\/#author\",\"url\":\"https:\\\/\\\/www.eldigitaldeasturias.com\\\/noticias\\\/author\\\/admin\\\/\",\"name\":\"El Digital de Asturias\",\"image\":{\"@type\":\"ImageObject\",\"@id\":\"https:\\\/\\\/www.eldigitaldeasturias.com\\\/noticias\\\/martino-noriega-desvincula-su-pregon-en-san-mateo-de-las-afinidades-politicas\\\/#authorImage\",\"url\":\"https:\\\/\\\/www.eldigitaldeasturias.com\\\/noticias\\\/wp-content\\\/litespeed\\\/avatar\\\/18677e78aa0546b92d9dbf31ec7d7668.jpg?ver=1776685526\",\"width\":96,\"height\":96,\"caption\":\"El Digital de Asturias\"}},{\"@type\":\"WebPage\",\"@id\":\"https:\\\/\\\/www.eldigitaldeasturias.com\\\/noticias\\\/martino-noriega-desvincula-su-pregon-en-san-mateo-de-las-afinidades-politicas\\\/#webpage\",\"url\":\"https:\\\/\\\/www.eldigitaldeasturias.com\\\/noticias\\\/martino-noriega-desvincula-su-pregon-en-san-mateo-de-las-afinidades-politicas\\\/\",\"name\":\"Marti\\u00f1o Noriega desvincula su preg\\u00f3n en San Mateo de las \\u00abafinidades pol\\u00edticas\\u00bb - El Digital de Asturias\",\"description\":\"El alcade de Santiago de Compostela, Marti\\u00f1o Noriega, ha desvinculado su preg\\u00f3n inaugural de las Fiestas de San Mateo en Oviedo, que ha le\\u00eddo este viernes, de las afinidades pol\\u00edticas entre los gobiernos locales de ambas ciudades, especialmente entre su formaci\\u00f3n, Compostela Aberta, y la de Somos Oviedo, que integra el ejecutivo carbay\\u00f3n. Antes de\",\"inLanguage\":\"es-ES\",\"isPartOf\":{\"@id\":\"https:\\\/\\\/www.eldigitaldeasturias.com\\\/noticias\\\/#website\"},\"breadcrumb\":{\"@id\":\"https:\\\/\\\/www.eldigitaldeasturias.com\\\/noticias\\\/martino-noriega-desvincula-su-pregon-en-san-mateo-de-las-afinidades-politicas\\\/#breadcrumblist\"},\"author\":{\"@id\":\"https:\\\/\\\/www.eldigitaldeasturias.com\\\/noticias\\\/author\\\/admin\\\/#author\"},\"creator\":{\"@id\":\"https:\\\/\\\/www.eldigitaldeasturias.com\\\/noticias\\\/author\\\/admin\\\/#author\"},\"image\":{\"@type\":\"ImageObject\",\"url\":\"https:\\\/\\\/www.eldigitaldeasturias.com\\\/noticias\\\/wp-content\\\/uploads\\\/2016\\\/09\\\/fotonoticia_20160916205807_800.jpg\",\"@id\":\"https:\\\/\\\/www.eldigitaldeasturias.com\\\/noticias\\\/martino-noriega-desvincula-su-pregon-en-san-mateo-de-las-afinidades-politicas\\\/#mainImage\",\"width\":800,\"height\":941},\"primaryImageOfPage\":{\"@id\":\"https:\\\/\\\/www.eldigitaldeasturias.com\\\/noticias\\\/martino-noriega-desvincula-su-pregon-en-san-mateo-de-las-afinidades-politicas\\\/#mainImage\"},\"datePublished\":\"2016-09-17T13:26:42+02:00\",\"dateModified\":\"2016-09-17T13:26:42+02:00\"},{\"@type\":\"WebSite\",\"@id\":\"https:\\\/\\\/www.eldigitaldeasturias.com\\\/noticias\\\/#website\",\"url\":\"https:\\\/\\\/www.eldigitaldeasturias.com\\\/noticias\\\/\",\"name\":\"El Digital de Asturias - Diario de actualidad y noticias\",\"alternateName\":\"El Digital de Asturias - Diario de actualidad y noticias\",\"description\":\"Hemeroteca\",\"inLanguage\":\"es-ES\",\"publisher\":{\"@id\":\"https:\\\/\\\/www.eldigitaldeasturias.com\\\/noticias\\\/#organization\"}}]}\n\t\t<\/script>\n\t\t<!-- All in One SEO Pro -->\r\n\t\t<title>Marti\u00f1o Noriega desvincula su preg\u00f3n en San Mateo de las \u00abafinidades pol\u00edticas\u00bb - El Digital de Asturias<\/title>\n\n","aioseo_head_json":{"title":"Marti\u00f1o Noriega desvincula su preg\u00f3n en San Mateo de las \u00abafinidades pol\u00edticas\u00bb - El Digital de Asturias","description":"El alcade de Santiago de Compostela, Marti\u00f1o Noriega, ha desvinculado su preg\u00f3n inaugural de las Fiestas de San Mateo en Oviedo, que ha le\u00eddo este viernes, de las afinidades pol\u00edticas entre los gobiernos locales de ambas ciudades, especialmente entre su formaci\u00f3n, Compostela Aberta, y la de Somos Oviedo, que integra el ejecutivo carbay\u00f3n. Antes de","canonical_url":"https:\/\/www.eldigitaldeasturias.com\/noticias\/martino-noriega-desvincula-su-pregon-en-san-mateo-de-las-afinidades-politicas\/","robots":"max-image-preview:large","keywords":"actualidad asturias","webmasterTools":{"google-site-verification":"UA-38556648-1","msvalidate.01":"7dfe9f3f1b24437ab69f4f2559babe99","miscellaneous":""},"schema":{"@context":"https:\/\/schema.org","@graph":[{"@type":"BlogPosting","@id":"https:\/\/www.eldigitaldeasturias.com\/noticias\/martino-noriega-desvincula-su-pregon-en-san-mateo-de-las-afinidades-politicas\/#blogposting","name":"Marti\u00f1o Noriega desvincula su preg\u00f3n en San Mateo de las \u00abafinidades pol\u00edticas\u00bb - El Digital de Asturias","headline":"Marti\u00f1o Noriega desvincula su preg\u00f3n en San Mateo de las \u00abafinidades pol\u00edticas\u00bb","author":{"@id":"https:\/\/www.eldigitaldeasturias.com\/noticias\/author\/admin\/#author"},"publisher":{"@id":"https:\/\/www.eldigitaldeasturias.com\/noticias\/#organization"},"image":{"@type":"ImageObject","url":"https:\/\/www.eldigitaldeasturias.com\/noticias\/wp-content\/uploads\/2016\/09\/fotonoticia_20160916205807_800.jpg","width":800,"height":941},"datePublished":"2016-09-17T13:26:42+02:00","dateModified":"2016-09-17T13:26:42+02:00","inLanguage":"es-ES","mainEntityOfPage":{"@id":"https:\/\/www.eldigitaldeasturias.com\/noticias\/martino-noriega-desvincula-su-pregon-en-san-mateo-de-las-afinidades-politicas\/#webpage"},"isPartOf":{"@id":"https:\/\/www.eldigitaldeasturias.com\/noticias\/martino-noriega-desvincula-su-pregon-en-san-mateo-de-las-afinidades-politicas\/#webpage"},"articleSection":"Actualidad Asturias"},{"@type":"BreadcrumbList","@id":"https:\/\/www.eldigitaldeasturias.com\/noticias\/martino-noriega-desvincula-su-pregon-en-san-mateo-de-las-afinidades-politicas\/#breadcrumblist","itemListElement":[{"@type":"ListItem","@id":"https:\/\/www.eldigitaldeasturias.com\/noticias#listItem","position":1,"name":"Home","item":"https:\/\/www.eldigitaldeasturias.com\/noticias","nextItem":{"@type":"ListItem","@id":"https:\/\/www.eldigitaldeasturias.com\/noticias\/category\/actualidad-asturias\/#listItem","name":"Actualidad Asturias"}},{"@type":"ListItem","@id":"https:\/\/www.eldigitaldeasturias.com\/noticias\/category\/actualidad-asturias\/#listItem","position":2,"name":"Actualidad Asturias","item":"https:\/\/www.eldigitaldeasturias.com\/noticias\/category\/actualidad-asturias\/","nextItem":{"@type":"ListItem","@id":"https:\/\/www.eldigitaldeasturias.com\/noticias\/martino-noriega-desvincula-su-pregon-en-san-mateo-de-las-afinidades-politicas\/#listItem","name":"Marti\u00f1o Noriega desvincula su preg\u00f3n en San Mateo de las \u00abafinidades pol\u00edticas\u00bb"},"previousItem":{"@type":"ListItem","@id":"https:\/\/www.eldigitaldeasturias.com\/noticias#listItem","name":"Home"}},{"@type":"ListItem","@id":"https:\/\/www.eldigitaldeasturias.com\/noticias\/martino-noriega-desvincula-su-pregon-en-san-mateo-de-las-afinidades-politicas\/#listItem","position":3,"name":"Marti\u00f1o Noriega desvincula su preg\u00f3n en San Mateo de las \u00abafinidades pol\u00edticas\u00bb","previousItem":{"@type":"ListItem","@id":"https:\/\/www.eldigitaldeasturias.com\/noticias\/category\/actualidad-asturias\/#listItem","name":"Actualidad Asturias"}}]},{"@type":"Organization","@id":"https:\/\/www.eldigitaldeasturias.com\/noticias\/#organization","name":"El Digital de Asturias","description":"Hemeroteca","url":"https:\/\/www.eldigitaldeasturias.com\/noticias\/","email":"info@eldigitaldeasturias.com","telephone":"+34652131393","logo":{"@type":"ImageObject","url":"https:\/\/www.eldigitaldeasturias.com\/noticias\/wp-content\/uploads\/2020\/12\/EDA.jpg","@id":"https:\/\/www.eldigitaldeasturias.com\/noticias\/martino-noriega-desvincula-su-pregon-en-san-mateo-de-las-afinidades-politicas\/#organizationLogo","width":649,"height":297},"image":{"@id":"https:\/\/www.eldigitaldeasturias.com\/noticias\/martino-noriega-desvincula-su-pregon-en-san-mateo-de-las-afinidades-politicas\/#organizationLogo"},"sameAs":["https:\/\/facebook.com\/eldigitaldeasturias","https:\/\/www.youtube.com\/channel\/UCZP-2wLEB9Rv6erhFmqVnvg"],"address":{"@id":"https:\/\/www.eldigitaldeasturias.com\/noticias\/#postaladdress","@type":"PostalAddress","streetAddress":"san antonio 4,","postalCode":"33430","addressLocality":"Cand\u00e1s","addressRegion":"Asturias","addressCountry":"ES"}},{"@type":"Person","@id":"https:\/\/www.eldigitaldeasturias.com\/noticias\/author\/admin\/#author","url":"https:\/\/www.eldigitaldeasturias.com\/noticias\/author\/admin\/","name":"El Digital de Asturias","image":{"@type":"ImageObject","@id":"https:\/\/www.eldigitaldeasturias.com\/noticias\/martino-noriega-desvincula-su-pregon-en-san-mateo-de-las-afinidades-politicas\/#authorImage","url":"https:\/\/www.eldigitaldeasturias.com\/noticias\/wp-content\/litespeed\/avatar\/18677e78aa0546b92d9dbf31ec7d7668.jpg?ver=1776685526","width":96,"height":96,"caption":"El Digital de Asturias"}},{"@type":"WebPage","@id":"https:\/\/www.eldigitaldeasturias.com\/noticias\/martino-noriega-desvincula-su-pregon-en-san-mateo-de-las-afinidades-politicas\/#webpage","url":"https:\/\/www.eldigitaldeasturias.com\/noticias\/martino-noriega-desvincula-su-pregon-en-san-mateo-de-las-afinidades-politicas\/","name":"Marti\u00f1o Noriega desvincula su preg\u00f3n en San Mateo de las \u00abafinidades pol\u00edticas\u00bb - El Digital de Asturias","description":"El alcade de Santiago de Compostela, Marti\u00f1o Noriega, ha desvinculado su preg\u00f3n inaugural de las Fiestas de San Mateo en Oviedo, que ha le\u00eddo este viernes, de las afinidades pol\u00edticas entre los gobiernos locales de ambas ciudades, especialmente entre su formaci\u00f3n, Compostela Aberta, y la de Somos Oviedo, que integra el ejecutivo carbay\u00f3n. Antes de","inLanguage":"es-ES","isPartOf":{"@id":"https:\/\/www.eldigitaldeasturias.com\/noticias\/#website"},"breadcrumb":{"@id":"https:\/\/www.eldigitaldeasturias.com\/noticias\/martino-noriega-desvincula-su-pregon-en-san-mateo-de-las-afinidades-politicas\/#breadcrumblist"},"author":{"@id":"https:\/\/www.eldigitaldeasturias.com\/noticias\/author\/admin\/#author"},"creator":{"@id":"https:\/\/www.eldigitaldeasturias.com\/noticias\/author\/admin\/#author"},"image":{"@type":"ImageObject","url":"https:\/\/www.eldigitaldeasturias.com\/noticias\/wp-content\/uploads\/2016\/09\/fotonoticia_20160916205807_800.jpg","@id":"https:\/\/www.eldigitaldeasturias.com\/noticias\/martino-noriega-desvincula-su-pregon-en-san-mateo-de-las-afinidades-politicas\/#mainImage","width":800,"height":941},"primaryImageOfPage":{"@id":"https:\/\/www.eldigitaldeasturias.com\/noticias\/martino-noriega-desvincula-su-pregon-en-san-mateo-de-las-afinidades-politicas\/#mainImage"},"datePublished":"2016-09-17T13:26:42+02:00","dateModified":"2016-09-17T13:26:42+02:00"},{"@type":"WebSite","@id":"https:\/\/www.eldigitaldeasturias.com\/noticias\/#website","url":"https:\/\/www.eldigitaldeasturias.com\/noticias\/","name":"El Digital de Asturias - Diario de actualidad y noticias","alternateName":"El Digital de Asturias - Diario de actualidad y noticias","description":"Hemeroteca","inLanguage":"es-ES","publisher":{"@id":"https:\/\/www.eldigitaldeasturias.com\/noticias\/#organization"}}]},"og:locale":"es_ES","og:site_name":"El Digital de Asturias","og:type":"article","og:title":"Marti\u00f1o Noriega desvincula su preg\u00f3n en San Mateo de las \u00abafinidades pol\u00edticas\u00bb - El Digital de Asturias","og:description":"El alcade de Santiago de Compostela, Marti\u00f1o Noriega, ha desvinculado su preg\u00f3n inaugural de las Fiestas de San Mateo en Oviedo, que ha le\u00eddo este viernes, de las afinidades pol\u00edticas entre los gobiernos locales de ambas ciudades, especialmente entre su formaci\u00f3n, Compostela Aberta, y la de Somos Oviedo, que integra el ejecutivo carbay\u00f3n. Antes de","og:url":"https:\/\/www.eldigitaldeasturias.com\/noticias\/martino-noriega-desvincula-su-pregon-en-san-mateo-de-las-afinidades-politicas\/","og:image":"https:\/\/www.eldigitaldeasturias.com\/noticias\/wp-content\/uploads\/2016\/09\/fotonoticia_20160916205807_800.jpg","og:image:secure_url":"https:\/\/www.eldigitaldeasturias.com\/noticias\/wp-content\/uploads\/2016\/09\/fotonoticia_20160916205807_800.jpg","og:image:width":800,"og:image:height":941,"article:tag":["actualidad asturias"],"article:published_time":"2016-09-17T12:26:42+00:00","article:modified_time":"2016-09-17T12:26:42+00:00","article:publisher":"https:\/\/facebook.com\/eldigitaldeasturias","twitter:card":"summary_large_image","twitter:title":"Marti\u00f1o Noriega desvincula su preg\u00f3n en San Mateo de las \u00abafinidades pol\u00edticas\u00bb - El Digital de Asturias","twitter:description":"El alcade de Santiago de Compostela, Marti\u00f1o Noriega, ha desvinculado su preg\u00f3n inaugural de las Fiestas de San Mateo en Oviedo, que ha le\u00eddo este viernes, de las afinidades pol\u00edticas entre los gobiernos locales de ambas ciudades, especialmente entre su formaci\u00f3n, Compostela Aberta, y la de Somos Oviedo, que integra el ejecutivo carbay\u00f3n. Antes de","twitter:image":"https:\/\/www.eldigitaldeasturias.com\/noticias\/wp-content\/uploads\/2016\/09\/fotonoticia_20160916205807_800.jpg","twitter:label1":"Escrito por","twitter:data1":"El Digital de Asturias","twitter:label2":"Tiempo de lectura estimado","twitter:data2":"1 minuto"},"aioseo_meta_data":{"post_id":"908159","title":null,"description":null,"keywords":null,"keyphrases":null,"primary_term":null,"canonical_url":null,"og_title":null,"og_description":null,"og_object_type":"default","og_image_type":"default","og_image_url":null,"og_image_width":null,"og_image_height":null,"og_image_custom_url":null,"og_image_custom_fields":null,"og_video":null,"og_custom_url":null,"og_article_section":null,"og_article_tags":null,"twitter_use_og":false,"twitter_card":"default","twitter_image_type":"default","twitter_image_url":null,"twitter_image_custom_url":null,"twitter_image_custom_fields":null,"twitter_title":null,"twitter_description":null,"schema":{"blockGraphs":[],"customGraphs":[],"default":{"data":{"Article":[],"Course":[],"Dataset":[],"FAQPage":[],"Movie":[],"Person":[],"Product":[],"ProductReview":[],"Car":[],"Recipe":[],"Service":[],"SoftwareApplication":[],"WebPage":[]},"graphName":"","isEnabled":true},"graphs":[],"defaultGraph":"","defaultPostTypeGraph":""},"schema_type":null,"schema_type_options":null,"pillar_content":false,"robots_default":true,"robots_noindex":false,"robots_noarchive":false,"robots_nosnippet":false,"robots_nofollow":false,"robots_noimageindex":false,"robots_noodp":false,"robots_notranslate":false,"robots_max_snippet":null,"robots_max_videopreview":null,"robots_max_imagepreview":"large","priority":null,"frequency":null,"local_seo":null,"seo_analyzer_scan_date":"2025-11-30 15:05:12","breadcrumb_settings":null,"limit_modified_date":false,"open_ai":null,"ai":null,"created":"2020-12-21 14:00:17","updated":"2025-11-30 15:05:12"},"aioseo_breadcrumb":"<div class=\"aioseo-breadcrumbs\"><span class=\"aioseo-breadcrumb\">\n\t<a href=\"https:\/\/www.eldigitaldeasturias.com\/noticias\" title=\"Home\">Home<\/a>\n<\/span><span class=\"aioseo-breadcrumb-separator\">\u2013<\/span><span class=\"aioseo-breadcrumb\">\n\t<a href=\"https:\/\/www.eldigitaldeasturias.com\/noticias\/category\/actualidad-asturias\/\" title=\"Actualidad Asturias\">Actualidad Asturias<\/a>\n<\/span><span class=\"aioseo-breadcrumb-separator\">\u2013<\/span><span class=\"aioseo-breadcrumb\">\n\t<a href=\"https:\/\/www.eldigitaldeasturias.com\/noticias\/martino-noriega-desvincula-su-pregon-en-san-mateo-de-las-afinidades-politicas\/\" title=\"Marti\u00f1o Noriega desvincula su preg\u00f3n en San Mateo de las \u00abafinidades pol\u00edticas\u00bb\">Marti\u00f1o Noriega desvincula su preg\u00f3n en San Mateo de las \u00abafinidades pol\u00edticas\u00bb<\/a>\n<\/span><\/div>","aioseo_breadcrumb_json":[{"label":"Home","link":"https:\/\/www.eldigitaldeasturias.com\/noticias"},{"label":"Actualidad Asturias","link":"https:\/\/www.eldigitaldeasturias.com\/noticias\/category\/actualidad-asturias\/"},{"label":"Marti\u00f1o Noriega desvincula su preg\u00f3n en San Mateo de las \u00abafinidades pol\u00edticas\u00bb","link":"https:\/\/www.eldigitaldeasturias.com\/noticias\/martino-noriega-desvincula-su-pregon-en-san-mateo-de-las-afinidades-politicas\/"}],"_links":{"self":[{"href":"https:\/\/www.eldigitaldeasturias.com\/noticias\/wp-json\/wp\/v2\/posts\/908159","targetHints":{"allow":["GET"]}}],"collection":[{"href":"https:\/\/www.eldigitaldeasturias.com\/noticias\/wp-json\/wp\/v2\/posts"}],"about":[{"href":"https:\/\/www.eldigitaldeasturias.com\/noticias\/wp-json\/wp\/v2\/types\/post"}],"author":[{"embeddable":true,"href":"https:\/\/www.eldigitaldeasturias.com\/noticias\/wp-json\/wp\/v2\/users\/1"}],"replies":[{"embeddable":true,"href":"https:\/\/www.eldigitaldeasturias.com\/noticias\/wp-json\/wp\/v2\/comments?post=908159"}],"version-history":[{"count":0,"href":"https:\/\/www.eldigitaldeasturias.com\/noticias\/wp-json\/wp\/v2\/posts\/908159\/revisions"}],"wp:featuredmedia":[{"embeddable":true,"href":"https:\/\/www.eldigitaldeasturias.com\/noticias\/wp-json\/wp\/v2\/media\/908160"}],"wp:attachment":[{"href":"https:\/\/www.eldigitaldeasturias.com\/noticias\/wp-json\/wp\/v2\/media?parent=908159"}],"wp:term":[{"taxonomy":"category","embeddable":true,"href":"https:\/\/www.eldigitaldeasturias.com\/noticias\/wp-json\/wp\/v2\/categories?post=908159"},{"taxonomy":"post_tag","embeddable":true,"href":"https:\/\/www.eldigitaldeasturias.com\/noticias\/wp-json\/wp\/v2\/tags?post=908159"}],"curies":[{"name":"wp","href":"https:\/\/api.w.org\/{rel}","templated":true}]}}