{"id":908157,"date":"2016-09-17T13:23:55","date_gmt":"2016-09-17T12:23:55","guid":{"rendered":"http:\/\/www.eldigitaldeasturias.com\/noticias\/?p=908157"},"modified":"2016-09-17T13:23:55","modified_gmt":"2016-09-17T12:23:55","slug":"ix-sofita-al-so-conceyal-en-candamo-quexerz-de-policia-local-nuvieu","status":"publish","type":"post","link":"https:\/\/www.eldigitaldeasturias.com\/noticias\/ix-sofita-al-so-conceyal-en-candamo-quexerz-de-policia-local-nuvieu\/","title":{"rendered":"IX sofita al so conceyal en Candamo qu&#8217;exerz de Polic\u00eda Local n&#8217;Uvi\u00e9u"},"content":{"rendered":"<p><img loading=\"lazy\" decoding=\"async\" class=\"alignleft size-medium wp-image-776514\" src=\"https:\/\/www.eldigitaldeasturias.com\/noticias\/wp-content\/uploads\/2015\/04\/Oviedo-360x182.jpg\" alt=\"Oviedo\" width=\"360\" height=\"182\" srcset=\"https:\/\/www.eldigitaldeasturias.com\/noticias\/wp-content\/uploads\/2015\/04\/Oviedo-360x182.jpg 360w, https:\/\/www.eldigitaldeasturias.com\/noticias\/wp-content\/uploads\/2015\/04\/Oviedo-768x389.jpg 768w, https:\/\/www.eldigitaldeasturias.com\/noticias\/wp-content\/uploads\/2015\/04\/Oviedo-650x329.jpg 650w, https:\/\/www.eldigitaldeasturias.com\/noticias\/wp-content\/uploads\/2015\/04\/Oviedo-304x154.jpg 304w\" sizes=\"auto, (max-width: 360px) 100vw, 360px\" \/>La concejala d&#8217;IX nel Conceyu d&#8217;Uvi\u00e9u Cristina Pont\u00f3n amos\u00f3 esti vienres el sofitu de la so organizaci\u00f3n al conceyal d&#8217;esta formaci\u00f3n nel Conceyu de Candamo que trabaya como polic\u00eda local na capital asturiana.<\/p>\n<p>Nuna nota de prensa Pont\u00f3n afirma que \u00abye una cuesti\u00f3n de defensa de los derechos constitucionales d&#8217;un colectivu que tien acutaos el so derechu a la participaci\u00f3n na democracia\u00bb. \u00abLa interpretaci\u00f3n xur\u00eddica que se fai ye restrictiva ya incorrecta. Los polic\u00edas locales, fora del so conceyu, son ciudadanos normales que pueden ser escoy\u00edos pa cargos pol\u00edticos, fora del conceyu nun son axentes de l&#8217;autorid\u00e1 y por tantu nun comprometen el llabor municipal o alministrativa. Vamos Siguir los pasos llegales necesarios pa defender a \u00d3scar y a tol colectivu de la Polic\u00eda Local. La Llei constitucional hai qu&#8217;interpretala a favor de la democracia y nun llind\u00e1ndola\u00bb, declar\u00f3 la edil.<\/p>\n<p>Recuerda am\u00e1s que \u00ab\u00d3scar comunic\u00f3 dende l&#8217;entamu a toles alministraciones implicaes la so situaci\u00f3n ensin tener neng\u00fan tipu de torga. Esperamos de l&#8217;alministraci\u00f3n local el m\u00e1ximu sofitu pa dar esta batalla que ye por tola polic\u00eda. La estructura de la Polic\u00eda Local d&#8217;Uvi\u00e9u puede faer enforma pa sofitanos y sofitar a esti trabayador\u00bb.<\/p>\n<p>\u00abEmpecipiamos esta defensa pol\u00edtica y xur\u00eddica col \u00e1nimu d&#8217;abrir un alderique que termine con esta inxusticia que carecen los y el trabayadores de la polic\u00eda Local. Per otra parte tantu \u00d3scar como IX poner a disposici\u00f3n de l&#8217;alministraci\u00f3n local pa collaborar en tou lo que s\u00eda necesariu si&#8217;l Conceyu d&#8217;Uvi\u00e9u ye riqu\u00edu por otres alministraciones. Per otra parte, anunciamos tami\u00e9n actuaciones dean la Xunta Xeneral del Princip\u00e1u d&#8217;Asturies y\u00e1 que este ye un asuntu qu&#8217;afecta a toa Asturies\u00bb, manifest\u00f3 la vocera.<\/p>\n<p>&nbsp;<\/p>\n<p>&nbsp;<\/p>\n","protected":false},"excerpt":{"rendered":"<p>La concejala d&#8217;IX nel Conceyu d&#8217;Uvi\u00e9u Cristina Pont\u00f3n amos\u00f3 esti vienres el sofitu de la so organizaci\u00f3n al conceyal d&#8217;esta formaci\u00f3n nel Conceyu de Candamo que trabaya como polic\u00eda local na capital asturiana. Nuna nota de prensa Pont\u00f3n afirma que \u00abye una cuesti\u00f3n de defensa de los derechos constitucionales d&#8217;un colectivu que tien acutaos el [&hellip;]<\/p>\n","protected":false},"author":1,"featured_media":776514,"comment_status":"closed","ping_status":"closed","sticky":false,"template":"","format":"standard","meta":{"footnotes":""},"categories":[12],"tags":[],"class_list":["post-908157","post","type-post","status-publish","format-standard","has-post-thumbnail","hentry","category-actualidad-asturias"],"aioseo_notices":[],"aioseo_head":"\n\t\t<!-- All in One SEO Pro 4.9.6.2 - aioseo.com -->\n\t<meta name=\"description\" content=\"La concejala d&#039;IX nel Conceyu d&#039;Uvi\u00e9u Cristina Pont\u00f3n amos\u00f3 esti vienres el sofitu de la so organizaci\u00f3n al conceyal d&#039;esta formaci\u00f3n nel Conceyu de Candamo que trabaya como polic\u00eda local na capital asturiana. Nuna nota de prensa Pont\u00f3n afirma que &quot;ye una cuesti\u00f3n de defensa de los derechos constitucionales d&#039;un colectivu que tien acutaos el\" \/>\n\t<meta name=\"robots\" content=\"max-image-preview:large\" \/>\n\t<meta name=\"author\" content=\"El Digital de Asturias\"\/>\n\t<meta name=\"google-site-verification\" content=\"UA-38556648-1\" \/>\n\t<meta name=\"msvalidate.01\" content=\"7dfe9f3f1b24437ab69f4f2559babe99\" \/>\n\t<meta name=\"keywords\" content=\"actualidad asturias\" \/>\n\t<link rel=\"canonical\" href=\"https:\/\/www.eldigitaldeasturias.com\/noticias\/ix-sofita-al-so-conceyal-en-candamo-quexerz-de-policia-local-nuvieu\/\" \/>\n\t<meta name=\"generator\" content=\"All in One SEO Pro (AIOSEO) 4.9.6.2\" \/>\n\t\t<meta property=\"og:locale\" content=\"es_ES\" \/>\n\t\t<meta property=\"og:site_name\" content=\"El Digital de Asturias\" \/>\n\t\t<meta property=\"og:type\" content=\"article\" \/>\n\t\t<meta property=\"og:title\" content=\"IX sofita al so conceyal en Candamo qu\u2019exerz de Polic\u00eda Local n\u2019Uvi\u00e9u - El Digital de Asturias\" \/>\n\t\t<meta property=\"og:description\" content=\"La concejala d&#039;IX nel Conceyu d&#039;Uvi\u00e9u Cristina Pont\u00f3n amos\u00f3 esti vienres el sofitu de la so organizaci\u00f3n al conceyal d&#039;esta formaci\u00f3n nel Conceyu de Candamo que trabaya como polic\u00eda local na capital asturiana. Nuna nota de prensa Pont\u00f3n afirma que &quot;ye una cuesti\u00f3n de defensa de los derechos constitucionales d&#039;un colectivu que tien acutaos el\" \/>\n\t\t<meta property=\"og:url\" content=\"https:\/\/www.eldigitaldeasturias.com\/noticias\/ix-sofita-al-so-conceyal-en-candamo-quexerz-de-policia-local-nuvieu\/\" \/>\n\t\t<meta property=\"og:image\" content=\"https:\/\/www.eldigitaldeasturias.com\/noticias\/wp-content\/uploads\/2015\/04\/Oviedo.jpg\" \/>\n\t\t<meta property=\"og:image:secure_url\" content=\"https:\/\/www.eldigitaldeasturias.com\/noticias\/wp-content\/uploads\/2015\/04\/Oviedo.jpg\" \/>\n\t\t<meta property=\"og:image:width\" content=\"2439\" \/>\n\t\t<meta property=\"og:image:height\" content=\"1234\" \/>\n\t\t<meta property=\"article:tag\" content=\"actualidad asturias\" \/>\n\t\t<meta property=\"article:published_time\" content=\"2016-09-17T12:23:55+00:00\" \/>\n\t\t<meta property=\"article:modified_time\" content=\"2016-09-17T12:23:55+00:00\" \/>\n\t\t<meta property=\"article:publisher\" content=\"https:\/\/facebook.com\/eldigitaldeasturias\" \/>\n\t\t<meta name=\"twitter:card\" content=\"summary_large_image\" \/>\n\t\t<meta name=\"twitter:title\" content=\"IX sofita al so conceyal en Candamo qu\u2019exerz de Polic\u00eda Local n\u2019Uvi\u00e9u - El Digital de Asturias\" \/>\n\t\t<meta name=\"twitter:description\" content=\"La concejala d&#039;IX nel Conceyu d&#039;Uvi\u00e9u Cristina Pont\u00f3n amos\u00f3 esti vienres el sofitu de la so organizaci\u00f3n al conceyal d&#039;esta formaci\u00f3n nel Conceyu de Candamo que trabaya como polic\u00eda local na capital asturiana. Nuna nota de prensa Pont\u00f3n afirma que &quot;ye una cuesti\u00f3n de defensa de los derechos constitucionales d&#039;un colectivu que tien acutaos el\" \/>\n\t\t<meta name=\"twitter:image\" content=\"https:\/\/www.eldigitaldeasturias.com\/noticias\/wp-content\/uploads\/2015\/04\/Oviedo.jpg\" \/>\n\t\t<meta name=\"twitter:label1\" content=\"Escrito por\" \/>\n\t\t<meta name=\"twitter:data1\" content=\"El Digital de Asturias\" \/>\n\t\t<meta name=\"twitter:label2\" content=\"Tiempo de lectura estimado\" \/>\n\t\t<meta name=\"twitter:data2\" content=\"2 minutos\" \/>\n\t\t<script type=\"application\/ld+json\" class=\"aioseo-schema\">\n\t\t\t{\"@context\":\"https:\\\/\\\/schema.org\",\"@graph\":[{\"@type\":\"BlogPosting\",\"@id\":\"https:\\\/\\\/www.eldigitaldeasturias.com\\\/noticias\\\/ix-sofita-al-so-conceyal-en-candamo-quexerz-de-policia-local-nuvieu\\\/#blogposting\",\"name\":\"IX sofita al so conceyal en Candamo qu\\u2019exerz de Polic\\u00eda Local n\\u2019Uvi\\u00e9u - El Digital de Asturias\",\"headline\":\"IX sofita al so conceyal en Candamo qu&#8217;exerz de Polic\\u00eda Local n&#8217;Uvi\\u00e9u\",\"author\":{\"@id\":\"https:\\\/\\\/www.eldigitaldeasturias.com\\\/noticias\\\/author\\\/admin\\\/#author\"},\"publisher\":{\"@id\":\"https:\\\/\\\/www.eldigitaldeasturias.com\\\/noticias\\\/#organization\"},\"image\":{\"@type\":\"ImageObject\",\"url\":\"https:\\\/\\\/www.eldigitaldeasturias.com\\\/noticias\\\/wp-content\\\/uploads\\\/2015\\\/04\\\/Oviedo.jpg\",\"width\":2439,\"height\":1234},\"datePublished\":\"2016-09-17T13:23:55+02:00\",\"dateModified\":\"2016-09-17T13:23:55+02:00\",\"inLanguage\":\"es-ES\",\"mainEntityOfPage\":{\"@id\":\"https:\\\/\\\/www.eldigitaldeasturias.com\\\/noticias\\\/ix-sofita-al-so-conceyal-en-candamo-quexerz-de-policia-local-nuvieu\\\/#webpage\"},\"isPartOf\":{\"@id\":\"https:\\\/\\\/www.eldigitaldeasturias.com\\\/noticias\\\/ix-sofita-al-so-conceyal-en-candamo-quexerz-de-policia-local-nuvieu\\\/#webpage\"},\"articleSection\":\"Actualidad Asturias\"},{\"@type\":\"BreadcrumbList\",\"@id\":\"https:\\\/\\\/www.eldigitaldeasturias.com\\\/noticias\\\/ix-sofita-al-so-conceyal-en-candamo-quexerz-de-policia-local-nuvieu\\\/#breadcrumblist\",\"itemListElement\":[{\"@type\":\"ListItem\",\"@id\":\"https:\\\/\\\/www.eldigitaldeasturias.com\\\/noticias#listItem\",\"position\":1,\"name\":\"Home\",\"item\":\"https:\\\/\\\/www.eldigitaldeasturias.com\\\/noticias\",\"nextItem\":{\"@type\":\"ListItem\",\"@id\":\"https:\\\/\\\/www.eldigitaldeasturias.com\\\/noticias\\\/category\\\/actualidad-asturias\\\/#listItem\",\"name\":\"Actualidad Asturias\"}},{\"@type\":\"ListItem\",\"@id\":\"https:\\\/\\\/www.eldigitaldeasturias.com\\\/noticias\\\/category\\\/actualidad-asturias\\\/#listItem\",\"position\":2,\"name\":\"Actualidad Asturias\",\"item\":\"https:\\\/\\\/www.eldigitaldeasturias.com\\\/noticias\\\/category\\\/actualidad-asturias\\\/\",\"nextItem\":{\"@type\":\"ListItem\",\"@id\":\"https:\\\/\\\/www.eldigitaldeasturias.com\\\/noticias\\\/ix-sofita-al-so-conceyal-en-candamo-quexerz-de-policia-local-nuvieu\\\/#listItem\",\"name\":\"IX sofita al so conceyal en Candamo qu&#8217;exerz de Polic\\u00eda Local n&#8217;Uvi\\u00e9u\"},\"previousItem\":{\"@type\":\"ListItem\",\"@id\":\"https:\\\/\\\/www.eldigitaldeasturias.com\\\/noticias#listItem\",\"name\":\"Home\"}},{\"@type\":\"ListItem\",\"@id\":\"https:\\\/\\\/www.eldigitaldeasturias.com\\\/noticias\\\/ix-sofita-al-so-conceyal-en-candamo-quexerz-de-policia-local-nuvieu\\\/#listItem\",\"position\":3,\"name\":\"IX sofita al so conceyal en Candamo qu&#8217;exerz de Polic\\u00eda Local n&#8217;Uvi\\u00e9u\",\"previousItem\":{\"@type\":\"ListItem\",\"@id\":\"https:\\\/\\\/www.eldigitaldeasturias.com\\\/noticias\\\/category\\\/actualidad-asturias\\\/#listItem\",\"name\":\"Actualidad Asturias\"}}]},{\"@type\":\"Organization\",\"@id\":\"https:\\\/\\\/www.eldigitaldeasturias.com\\\/noticias\\\/#organization\",\"name\":\"El Digital de Asturias\",\"description\":\"Hemeroteca\",\"url\":\"https:\\\/\\\/www.eldigitaldeasturias.com\\\/noticias\\\/\",\"email\":\"info@eldigitaldeasturias.com\",\"telephone\":\"+34652131393\",\"logo\":{\"@type\":\"ImageObject\",\"url\":\"https:\\\/\\\/www.eldigitaldeasturias.com\\\/noticias\\\/wp-content\\\/uploads\\\/2020\\\/12\\\/EDA.jpg\",\"@id\":\"https:\\\/\\\/www.eldigitaldeasturias.com\\\/noticias\\\/ix-sofita-al-so-conceyal-en-candamo-quexerz-de-policia-local-nuvieu\\\/#organizationLogo\",\"width\":649,\"height\":297},\"image\":{\"@id\":\"https:\\\/\\\/www.eldigitaldeasturias.com\\\/noticias\\\/ix-sofita-al-so-conceyal-en-candamo-quexerz-de-policia-local-nuvieu\\\/#organizationLogo\"},\"sameAs\":[\"https:\\\/\\\/facebook.com\\\/eldigitaldeasturias\",\"https:\\\/\\\/www.youtube.com\\\/channel\\\/UCZP-2wLEB9Rv6erhFmqVnvg\"],\"address\":{\"@id\":\"https:\\\/\\\/www.eldigitaldeasturias.com\\\/noticias\\\/#postaladdress\",\"@type\":\"PostalAddress\",\"streetAddress\":\"san antonio 4,\",\"postalCode\":\"33430\",\"addressLocality\":\"Cand\\u00e1s\",\"addressRegion\":\"Asturias\",\"addressCountry\":\"ES\"}},{\"@type\":\"Person\",\"@id\":\"https:\\\/\\\/www.eldigitaldeasturias.com\\\/noticias\\\/author\\\/admin\\\/#author\",\"url\":\"https:\\\/\\\/www.eldigitaldeasturias.com\\\/noticias\\\/author\\\/admin\\\/\",\"name\":\"El Digital de Asturias\",\"image\":{\"@type\":\"ImageObject\",\"@id\":\"https:\\\/\\\/www.eldigitaldeasturias.com\\\/noticias\\\/ix-sofita-al-so-conceyal-en-candamo-quexerz-de-policia-local-nuvieu\\\/#authorImage\",\"url\":\"https:\\\/\\\/www.eldigitaldeasturias.com\\\/noticias\\\/wp-content\\\/litespeed\\\/avatar\\\/18677e78aa0546b92d9dbf31ec7d7668.jpg?ver=1776685526\",\"width\":96,\"height\":96,\"caption\":\"El Digital de Asturias\"}},{\"@type\":\"WebPage\",\"@id\":\"https:\\\/\\\/www.eldigitaldeasturias.com\\\/noticias\\\/ix-sofita-al-so-conceyal-en-candamo-quexerz-de-policia-local-nuvieu\\\/#webpage\",\"url\":\"https:\\\/\\\/www.eldigitaldeasturias.com\\\/noticias\\\/ix-sofita-al-so-conceyal-en-candamo-quexerz-de-policia-local-nuvieu\\\/\",\"name\":\"IX sofita al so conceyal en Candamo qu\\u2019exerz de Polic\\u00eda Local n\\u2019Uvi\\u00e9u - El Digital de Asturias\",\"description\":\"La concejala d'IX nel Conceyu d'Uvi\\u00e9u Cristina Pont\\u00f3n amos\\u00f3 esti vienres el sofitu de la so organizaci\\u00f3n al conceyal d'esta formaci\\u00f3n nel Conceyu de Candamo que trabaya como polic\\u00eda local na capital asturiana. Nuna nota de prensa Pont\\u00f3n afirma que \\\"ye una cuesti\\u00f3n de defensa de los derechos constitucionales d'un colectivu que tien acutaos el\",\"inLanguage\":\"es-ES\",\"isPartOf\":{\"@id\":\"https:\\\/\\\/www.eldigitaldeasturias.com\\\/noticias\\\/#website\"},\"breadcrumb\":{\"@id\":\"https:\\\/\\\/www.eldigitaldeasturias.com\\\/noticias\\\/ix-sofita-al-so-conceyal-en-candamo-quexerz-de-policia-local-nuvieu\\\/#breadcrumblist\"},\"author\":{\"@id\":\"https:\\\/\\\/www.eldigitaldeasturias.com\\\/noticias\\\/author\\\/admin\\\/#author\"},\"creator\":{\"@id\":\"https:\\\/\\\/www.eldigitaldeasturias.com\\\/noticias\\\/author\\\/admin\\\/#author\"},\"image\":{\"@type\":\"ImageObject\",\"url\":\"https:\\\/\\\/www.eldigitaldeasturias.com\\\/noticias\\\/wp-content\\\/uploads\\\/2015\\\/04\\\/Oviedo.jpg\",\"@id\":\"https:\\\/\\\/www.eldigitaldeasturias.com\\\/noticias\\\/ix-sofita-al-so-conceyal-en-candamo-quexerz-de-policia-local-nuvieu\\\/#mainImage\",\"width\":2439,\"height\":1234},\"primaryImageOfPage\":{\"@id\":\"https:\\\/\\\/www.eldigitaldeasturias.com\\\/noticias\\\/ix-sofita-al-so-conceyal-en-candamo-quexerz-de-policia-local-nuvieu\\\/#mainImage\"},\"datePublished\":\"2016-09-17T13:23:55+02:00\",\"dateModified\":\"2016-09-17T13:23:55+02:00\"},{\"@type\":\"WebSite\",\"@id\":\"https:\\\/\\\/www.eldigitaldeasturias.com\\\/noticias\\\/#website\",\"url\":\"https:\\\/\\\/www.eldigitaldeasturias.com\\\/noticias\\\/\",\"name\":\"El Digital de Asturias - Diario de actualidad y noticias\",\"alternateName\":\"El Digital de Asturias - Diario de actualidad y noticias\",\"description\":\"Hemeroteca\",\"inLanguage\":\"es-ES\",\"publisher\":{\"@id\":\"https:\\\/\\\/www.eldigitaldeasturias.com\\\/noticias\\\/#organization\"}}]}\n\t\t<\/script>\n\t\t<!-- All in One SEO Pro -->\r\n\t\t<title>IX sofita al so conceyal en Candamo qu\u2019exerz de Polic\u00eda Local n\u2019Uvi\u00e9u - El Digital de Asturias<\/title>\n\n","aioseo_head_json":{"title":"IX sofita al so conceyal en Candamo qu\u2019exerz de Polic\u00eda Local n\u2019Uvi\u00e9u - El Digital de Asturias","description":"La concejala d'IX nel Conceyu d'Uvi\u00e9u Cristina Pont\u00f3n amos\u00f3 esti vienres el sofitu de la so organizaci\u00f3n al conceyal d'esta formaci\u00f3n nel Conceyu de Candamo que trabaya como polic\u00eda local na capital asturiana. Nuna nota de prensa Pont\u00f3n afirma que \"ye una cuesti\u00f3n de defensa de los derechos constitucionales d'un colectivu que tien acutaos el","canonical_url":"https:\/\/www.eldigitaldeasturias.com\/noticias\/ix-sofita-al-so-conceyal-en-candamo-quexerz-de-policia-local-nuvieu\/","robots":"max-image-preview:large","keywords":"actualidad asturias","webmasterTools":{"google-site-verification":"UA-38556648-1","msvalidate.01":"7dfe9f3f1b24437ab69f4f2559babe99","miscellaneous":""},"schema":{"@context":"https:\/\/schema.org","@graph":[{"@type":"BlogPosting","@id":"https:\/\/www.eldigitaldeasturias.com\/noticias\/ix-sofita-al-so-conceyal-en-candamo-quexerz-de-policia-local-nuvieu\/#blogposting","name":"IX sofita al so conceyal en Candamo qu\u2019exerz de Polic\u00eda Local n\u2019Uvi\u00e9u - El Digital de Asturias","headline":"IX sofita al so conceyal en Candamo qu&#8217;exerz de Polic\u00eda Local n&#8217;Uvi\u00e9u","author":{"@id":"https:\/\/www.eldigitaldeasturias.com\/noticias\/author\/admin\/#author"},"publisher":{"@id":"https:\/\/www.eldigitaldeasturias.com\/noticias\/#organization"},"image":{"@type":"ImageObject","url":"https:\/\/www.eldigitaldeasturias.com\/noticias\/wp-content\/uploads\/2015\/04\/Oviedo.jpg","width":2439,"height":1234},"datePublished":"2016-09-17T13:23:55+02:00","dateModified":"2016-09-17T13:23:55+02:00","inLanguage":"es-ES","mainEntityOfPage":{"@id":"https:\/\/www.eldigitaldeasturias.com\/noticias\/ix-sofita-al-so-conceyal-en-candamo-quexerz-de-policia-local-nuvieu\/#webpage"},"isPartOf":{"@id":"https:\/\/www.eldigitaldeasturias.com\/noticias\/ix-sofita-al-so-conceyal-en-candamo-quexerz-de-policia-local-nuvieu\/#webpage"},"articleSection":"Actualidad Asturias"},{"@type":"BreadcrumbList","@id":"https:\/\/www.eldigitaldeasturias.com\/noticias\/ix-sofita-al-so-conceyal-en-candamo-quexerz-de-policia-local-nuvieu\/#breadcrumblist","itemListElement":[{"@type":"ListItem","@id":"https:\/\/www.eldigitaldeasturias.com\/noticias#listItem","position":1,"name":"Home","item":"https:\/\/www.eldigitaldeasturias.com\/noticias","nextItem":{"@type":"ListItem","@id":"https:\/\/www.eldigitaldeasturias.com\/noticias\/category\/actualidad-asturias\/#listItem","name":"Actualidad Asturias"}},{"@type":"ListItem","@id":"https:\/\/www.eldigitaldeasturias.com\/noticias\/category\/actualidad-asturias\/#listItem","position":2,"name":"Actualidad Asturias","item":"https:\/\/www.eldigitaldeasturias.com\/noticias\/category\/actualidad-asturias\/","nextItem":{"@type":"ListItem","@id":"https:\/\/www.eldigitaldeasturias.com\/noticias\/ix-sofita-al-so-conceyal-en-candamo-quexerz-de-policia-local-nuvieu\/#listItem","name":"IX sofita al so conceyal en Candamo qu&#8217;exerz de Polic\u00eda Local n&#8217;Uvi\u00e9u"},"previousItem":{"@type":"ListItem","@id":"https:\/\/www.eldigitaldeasturias.com\/noticias#listItem","name":"Home"}},{"@type":"ListItem","@id":"https:\/\/www.eldigitaldeasturias.com\/noticias\/ix-sofita-al-so-conceyal-en-candamo-quexerz-de-policia-local-nuvieu\/#listItem","position":3,"name":"IX sofita al so conceyal en Candamo qu&#8217;exerz de Polic\u00eda Local n&#8217;Uvi\u00e9u","previousItem":{"@type":"ListItem","@id":"https:\/\/www.eldigitaldeasturias.com\/noticias\/category\/actualidad-asturias\/#listItem","name":"Actualidad Asturias"}}]},{"@type":"Organization","@id":"https:\/\/www.eldigitaldeasturias.com\/noticias\/#organization","name":"El Digital de Asturias","description":"Hemeroteca","url":"https:\/\/www.eldigitaldeasturias.com\/noticias\/","email":"info@eldigitaldeasturias.com","telephone":"+34652131393","logo":{"@type":"ImageObject","url":"https:\/\/www.eldigitaldeasturias.com\/noticias\/wp-content\/uploads\/2020\/12\/EDA.jpg","@id":"https:\/\/www.eldigitaldeasturias.com\/noticias\/ix-sofita-al-so-conceyal-en-candamo-quexerz-de-policia-local-nuvieu\/#organizationLogo","width":649,"height":297},"image":{"@id":"https:\/\/www.eldigitaldeasturias.com\/noticias\/ix-sofita-al-so-conceyal-en-candamo-quexerz-de-policia-local-nuvieu\/#organizationLogo"},"sameAs":["https:\/\/facebook.com\/eldigitaldeasturias","https:\/\/www.youtube.com\/channel\/UCZP-2wLEB9Rv6erhFmqVnvg"],"address":{"@id":"https:\/\/www.eldigitaldeasturias.com\/noticias\/#postaladdress","@type":"PostalAddress","streetAddress":"san antonio 4,","postalCode":"33430","addressLocality":"Cand\u00e1s","addressRegion":"Asturias","addressCountry":"ES"}},{"@type":"Person","@id":"https:\/\/www.eldigitaldeasturias.com\/noticias\/author\/admin\/#author","url":"https:\/\/www.eldigitaldeasturias.com\/noticias\/author\/admin\/","name":"El Digital de Asturias","image":{"@type":"ImageObject","@id":"https:\/\/www.eldigitaldeasturias.com\/noticias\/ix-sofita-al-so-conceyal-en-candamo-quexerz-de-policia-local-nuvieu\/#authorImage","url":"https:\/\/www.eldigitaldeasturias.com\/noticias\/wp-content\/litespeed\/avatar\/18677e78aa0546b92d9dbf31ec7d7668.jpg?ver=1776685526","width":96,"height":96,"caption":"El Digital de Asturias"}},{"@type":"WebPage","@id":"https:\/\/www.eldigitaldeasturias.com\/noticias\/ix-sofita-al-so-conceyal-en-candamo-quexerz-de-policia-local-nuvieu\/#webpage","url":"https:\/\/www.eldigitaldeasturias.com\/noticias\/ix-sofita-al-so-conceyal-en-candamo-quexerz-de-policia-local-nuvieu\/","name":"IX sofita al so conceyal en Candamo qu\u2019exerz de Polic\u00eda Local n\u2019Uvi\u00e9u - El Digital de Asturias","description":"La concejala d'IX nel Conceyu d'Uvi\u00e9u Cristina Pont\u00f3n amos\u00f3 esti vienres el sofitu de la so organizaci\u00f3n al conceyal d'esta formaci\u00f3n nel Conceyu de Candamo que trabaya como polic\u00eda local na capital asturiana. Nuna nota de prensa Pont\u00f3n afirma que \"ye una cuesti\u00f3n de defensa de los derechos constitucionales d'un colectivu que tien acutaos el","inLanguage":"es-ES","isPartOf":{"@id":"https:\/\/www.eldigitaldeasturias.com\/noticias\/#website"},"breadcrumb":{"@id":"https:\/\/www.eldigitaldeasturias.com\/noticias\/ix-sofita-al-so-conceyal-en-candamo-quexerz-de-policia-local-nuvieu\/#breadcrumblist"},"author":{"@id":"https:\/\/www.eldigitaldeasturias.com\/noticias\/author\/admin\/#author"},"creator":{"@id":"https:\/\/www.eldigitaldeasturias.com\/noticias\/author\/admin\/#author"},"image":{"@type":"ImageObject","url":"https:\/\/www.eldigitaldeasturias.com\/noticias\/wp-content\/uploads\/2015\/04\/Oviedo.jpg","@id":"https:\/\/www.eldigitaldeasturias.com\/noticias\/ix-sofita-al-so-conceyal-en-candamo-quexerz-de-policia-local-nuvieu\/#mainImage","width":2439,"height":1234},"primaryImageOfPage":{"@id":"https:\/\/www.eldigitaldeasturias.com\/noticias\/ix-sofita-al-so-conceyal-en-candamo-quexerz-de-policia-local-nuvieu\/#mainImage"},"datePublished":"2016-09-17T13:23:55+02:00","dateModified":"2016-09-17T13:23:55+02:00"},{"@type":"WebSite","@id":"https:\/\/www.eldigitaldeasturias.com\/noticias\/#website","url":"https:\/\/www.eldigitaldeasturias.com\/noticias\/","name":"El Digital de Asturias - Diario de actualidad y noticias","alternateName":"El Digital de Asturias - Diario de actualidad y noticias","description":"Hemeroteca","inLanguage":"es-ES","publisher":{"@id":"https:\/\/www.eldigitaldeasturias.com\/noticias\/#organization"}}]},"og:locale":"es_ES","og:site_name":"El Digital de Asturias","og:type":"article","og:title":"IX sofita al so conceyal en Candamo qu\u2019exerz de Polic\u00eda Local n\u2019Uvi\u00e9u - El Digital de Asturias","og:description":"La concejala d'IX nel Conceyu d'Uvi\u00e9u Cristina Pont\u00f3n amos\u00f3 esti vienres el sofitu de la so organizaci\u00f3n al conceyal d'esta formaci\u00f3n nel Conceyu de Candamo que trabaya como polic\u00eda local na capital asturiana. Nuna nota de prensa Pont\u00f3n afirma que &quot;ye una cuesti\u00f3n de defensa de los derechos constitucionales d'un colectivu que tien acutaos el","og:url":"https:\/\/www.eldigitaldeasturias.com\/noticias\/ix-sofita-al-so-conceyal-en-candamo-quexerz-de-policia-local-nuvieu\/","og:image":"https:\/\/www.eldigitaldeasturias.com\/noticias\/wp-content\/uploads\/2015\/04\/Oviedo.jpg","og:image:secure_url":"https:\/\/www.eldigitaldeasturias.com\/noticias\/wp-content\/uploads\/2015\/04\/Oviedo.jpg","og:image:width":2439,"og:image:height":1234,"article:tag":["actualidad asturias"],"article:published_time":"2016-09-17T12:23:55+00:00","article:modified_time":"2016-09-17T12:23:55+00:00","article:publisher":"https:\/\/facebook.com\/eldigitaldeasturias","twitter:card":"summary_large_image","twitter:title":"IX sofita al so conceyal en Candamo qu\u2019exerz de Polic\u00eda Local n\u2019Uvi\u00e9u - El Digital de Asturias","twitter:description":"La concejala d'IX nel Conceyu d'Uvi\u00e9u Cristina Pont\u00f3n amos\u00f3 esti vienres el sofitu de la so organizaci\u00f3n al conceyal d'esta formaci\u00f3n nel Conceyu de Candamo que trabaya como polic\u00eda local na capital asturiana. Nuna nota de prensa Pont\u00f3n afirma que &quot;ye una cuesti\u00f3n de defensa de los derechos constitucionales d'un colectivu que tien acutaos el","twitter:image":"https:\/\/www.eldigitaldeasturias.com\/noticias\/wp-content\/uploads\/2015\/04\/Oviedo.jpg","twitter:label1":"Escrito por","twitter:data1":"El Digital de Asturias","twitter:label2":"Tiempo de lectura estimado","twitter:data2":"2 minutos"},"aioseo_meta_data":{"post_id":"908157","title":null,"description":null,"keywords":null,"keyphrases":null,"primary_term":null,"canonical_url":null,"og_title":null,"og_description":null,"og_object_type":"default","og_image_type":"default","og_image_url":null,"og_image_width":null,"og_image_height":null,"og_image_custom_url":null,"og_image_custom_fields":null,"og_video":null,"og_custom_url":null,"og_article_section":null,"og_article_tags":null,"twitter_use_og":false,"twitter_card":"default","twitter_image_type":"default","twitter_image_url":null,"twitter_image_custom_url":null,"twitter_image_custom_fields":null,"twitter_title":null,"twitter_description":null,"schema":{"blockGraphs":[],"customGraphs":[],"default":{"data":{"Article":[],"Course":[],"Dataset":[],"FAQPage":[],"Movie":[],"Person":[],"Product":[],"ProductReview":[],"Car":[],"Recipe":[],"Service":[],"SoftwareApplication":[],"WebPage":[]},"graphName":"","isEnabled":true},"graphs":[],"defaultGraph":"","defaultPostTypeGraph":""},"schema_type":null,"schema_type_options":null,"pillar_content":false,"robots_default":true,"robots_noindex":false,"robots_noarchive":false,"robots_nosnippet":false,"robots_nofollow":false,"robots_noimageindex":false,"robots_noodp":false,"robots_notranslate":false,"robots_max_snippet":null,"robots_max_videopreview":null,"robots_max_imagepreview":"large","priority":null,"frequency":null,"local_seo":null,"seo_analyzer_scan_date":"2025-11-30 15:03:12","breadcrumb_settings":null,"limit_modified_date":false,"open_ai":null,"ai":null,"created":"2020-12-21 14:00:17","updated":"2025-11-30 15:03:12"},"aioseo_breadcrumb":"<div class=\"aioseo-breadcrumbs\"><span class=\"aioseo-breadcrumb\">\n\t<a href=\"https:\/\/www.eldigitaldeasturias.com\/noticias\" title=\"Home\">Home<\/a>\n<\/span><span class=\"aioseo-breadcrumb-separator\">\u2013<\/span><span class=\"aioseo-breadcrumb\">\n\t<a href=\"https:\/\/www.eldigitaldeasturias.com\/noticias\/category\/actualidad-asturias\/\" title=\"Actualidad Asturias\">Actualidad Asturias<\/a>\n<\/span><span class=\"aioseo-breadcrumb-separator\">\u2013<\/span><span class=\"aioseo-breadcrumb\">\n\t<a href=\"https:\/\/www.eldigitaldeasturias.com\/noticias\/ix-sofita-al-so-conceyal-en-candamo-quexerz-de-policia-local-nuvieu\/\" title=\"IX sofita al so conceyal en Candamo qu\u2019exerz de Polic\u00eda Local n\u2019Uvi\u00e9u\">IX sofita al so conceyal en Candamo qu\u2019exerz de Polic\u00eda Local n\u2019Uvi\u00e9u<\/a>\n<\/span><\/div>","aioseo_breadcrumb_json":[{"label":"Home","link":"https:\/\/www.eldigitaldeasturias.com\/noticias"},{"label":"Actualidad Asturias","link":"https:\/\/www.eldigitaldeasturias.com\/noticias\/category\/actualidad-asturias\/"},{"label":"IX sofita al so conceyal en Candamo qu&#8217;exerz de Polic\u00eda Local n&#8217;Uvi\u00e9u","link":"https:\/\/www.eldigitaldeasturias.com\/noticias\/ix-sofita-al-so-conceyal-en-candamo-quexerz-de-policia-local-nuvieu\/"}],"_links":{"self":[{"href":"https:\/\/www.eldigitaldeasturias.com\/noticias\/wp-json\/wp\/v2\/posts\/908157","targetHints":{"allow":["GET"]}}],"collection":[{"href":"https:\/\/www.eldigitaldeasturias.com\/noticias\/wp-json\/wp\/v2\/posts"}],"about":[{"href":"https:\/\/www.eldigitaldeasturias.com\/noticias\/wp-json\/wp\/v2\/types\/post"}],"author":[{"embeddable":true,"href":"https:\/\/www.eldigitaldeasturias.com\/noticias\/wp-json\/wp\/v2\/users\/1"}],"replies":[{"embeddable":true,"href":"https:\/\/www.eldigitaldeasturias.com\/noticias\/wp-json\/wp\/v2\/comments?post=908157"}],"version-history":[{"count":0,"href":"https:\/\/www.eldigitaldeasturias.com\/noticias\/wp-json\/wp\/v2\/posts\/908157\/revisions"}],"wp:featuredmedia":[{"embeddable":true,"href":"https:\/\/www.eldigitaldeasturias.com\/noticias\/wp-json\/wp\/v2\/media\/776514"}],"wp:attachment":[{"href":"https:\/\/www.eldigitaldeasturias.com\/noticias\/wp-json\/wp\/v2\/media?parent=908157"}],"wp:term":[{"taxonomy":"category","embeddable":true,"href":"https:\/\/www.eldigitaldeasturias.com\/noticias\/wp-json\/wp\/v2\/categories?post=908157"},{"taxonomy":"post_tag","embeddable":true,"href":"https:\/\/www.eldigitaldeasturias.com\/noticias\/wp-json\/wp\/v2\/tags?post=908157"}],"curies":[{"name":"wp","href":"https:\/\/api.w.org\/{rel}","templated":true}]}}