{"id":908155,"date":"2016-09-17T13:21:21","date_gmt":"2016-09-17T12:21:21","guid":{"rendered":"http:\/\/www.eldigitaldeasturias.com\/noticias\/?p=908155"},"modified":"2016-09-17T13:21:21","modified_gmt":"2016-09-17T12:21:21","slug":"maestros-capacitados-le-recuerda-a-varela-que-aun-no-hay-una-lista-especifica-para-docentes-discapacitados","status":"publish","type":"post","link":"https:\/\/www.eldigitaldeasturias.com\/noticias\/maestros-capacitados-le-recuerda-a-varela-que-aun-no-hay-una-lista-especifica-para-docentes-discapacitados\/","title":{"rendered":"Maestros Capacitados le recuerda a Varela que a\u00fan no hay una lista espec\u00edfica para docentes discapacitados"},"content":{"rendered":"<p><img loading=\"lazy\" decoding=\"async\" class=\"alignleft size-medium wp-image-800694\" src=\"https:\/\/www.eldigitaldeasturias.com\/noticias\/wp-content\/uploads\/2015\/08\/Varela-360x245.jpg\" alt=\"Varela\" width=\"360\" height=\"245\" srcset=\"https:\/\/www.eldigitaldeasturias.com\/noticias\/wp-content\/uploads\/2015\/08\/Varela-360x245.jpg 360w, https:\/\/www.eldigitaldeasturias.com\/noticias\/wp-content\/uploads\/2015\/08\/Varela-768x522.jpg 768w, https:\/\/www.eldigitaldeasturias.com\/noticias\/wp-content\/uploads\/2015\/08\/Varela-650x442.jpg 650w, https:\/\/www.eldigitaldeasturias.com\/noticias\/wp-content\/uploads\/2015\/08\/Varela.jpg 800w\" sizes=\"auto, (max-width: 360px) 100vw, 360px\" \/>La Asociaci\u00f3n Maestros Capacitados, integrada por docentes con discapacidad, ha recordado a la consejera de Servicios Sociales, Pilar Varela que \u00abla Consejer\u00eda de Educaci\u00f3n del Principado de Asturias no ha elaborado una lista espec\u00edfica para los docentes interinos que tienen la condici\u00f3n de discapacitados tal y como lo exige la interpretaci\u00f3n del art. 14 y 49 de la Constituci\u00f3n\u00bb.<\/p>\n<p>En una nota de prensa, la Asociaci\u00f3n ha respondido a las manifestaciones de Varela en sede parlamentaria. A preguntas del diputado del PP, Mat\u00edas Rodr\u00edguez Feito, la consejera ha defendido la gesti\u00f3n del Gobierno auton\u00f3mico para mejorar el acceso al mercado de trabajo para las personas con discapacidad.<\/p>\n<p>Recuerda la asociaci\u00f3n la falta de dicha lista espec\u00edfica \u00abes contraria al ordenamiento jur\u00eddico y vulnera mandatos judiciales firmes en la medida que por la Sala de lo Contencioso-Administrativo del Tribunal Superior de Justicia de Asturias en cuatro sentencias de fecha 21 de julio de 2016 se ha confirmado las dictadas por el Juzgado de lo Contencioso-Administrativo n\u00ba 4 de Oviedo; esto vale para todas las especialidades y con independencia de lo que se pueda acordar con los Sindicatos en las Mesas de negociaci\u00f3n, sobre la base de que hay que aplicar normativa constitucional\u00bb.<\/p>\n<p>\u00abLa Consejer\u00eda de Educaci\u00f3n efectivamente ha firmado un acuerdo de reserva de plazas para interinos con discapacidad, pero se trata de un acuerdo ilegal teniendo en cuenta la legislaci\u00f3n anteriormente mencionada ya que dicho acuerdo limita la reserva de las plazas\u00bb, matiza la nota de prensa.<\/p>\n<p>As\u00ed, la Asociaci\u00f3n deja claro que \u00aben ning\u00fan caso, se ha cumplido la reserva del 7% de plazas de empleo temporal para cubrir puestos de funcionario interino que establecen tanto el Decreto 6\/2012 como la sentencia del TSJA de 21 de julio de 2016\u00bb. Adem\u00e1s, \u00abtampoco ha cumplido la reserva del 7% de plazas para personas con discapacidad en las \u00faltimas oposiciones de Secundaria al no establecer reserva en promoci\u00f3n interna. Es decir, esta reserva fue realizada, tan s\u00f3lo, en el proceso selectivo para optar a puestos indefinidos de funcionario de carrera de car\u00e1cter libre\u00bb, comenta la Asociaci\u00f3n de Maestros capacitados.<\/p>\n<p>Critica adem\u00e1s que \u00abel hecho de que se reserve del 8% de la facturaci\u00f3n del Principado de Asturias a contratos con Centros Especiales de Empleo (como destac\u00f3 Varela en su intervenci\u00f3n) no se puede ni se debe considerar como pionero ni mod\u00e9lico si de lo que estamos hablando y por lo que estamos luchando es la integraci\u00f3n laboral de las personas con discapacidad\u00bb.<\/p>\n<p>As\u00ed, recuerda que \u00abla contrataci\u00f3n de productos o servicios con Centros Especiales Empleo est\u00e1 contemplada como una Medida Alternativa a la Integraci\u00f3n Laboral que, en el caso de las empresas privadas, s\u00f3lo se puede adoptar en aquellos casos en los que se ha obtenido un certificado de excepcionalidad otorgado tras haber acreditado la imposibilidad de encontrar personas con discapacidad con el perfil solicitado o en caso de que la parte contratante acredite que no puede ofrecer empleo por dificultades econ\u00f3micas\u00bb. \u00abY ninguna de las dos situaciones se dan en la Consejer\u00eda de Educaci\u00f3n\u00bb, concluye la Asociaci\u00f3n.<\/p>\n<p>&nbsp;<\/p>\n","protected":false},"excerpt":{"rendered":"<p>La Asociaci\u00f3n Maestros Capacitados, integrada por docentes con discapacidad, ha recordado a la consejera de Servicios Sociales, Pilar Varela que \u00abla Consejer\u00eda de Educaci\u00f3n del Principado de Asturias no ha elaborado una lista espec\u00edfica para los docentes interinos que tienen la condici\u00f3n de discapacitados tal y como lo exige la interpretaci\u00f3n del art. 14 y [&hellip;]<\/p>\n","protected":false},"author":1,"featured_media":800694,"comment_status":"closed","ping_status":"closed","sticky":false,"template":"","format":"standard","meta":{"footnotes":""},"categories":[12],"tags":[],"class_list":["post-908155","post","type-post","status-publish","format-standard","has-post-thumbnail","hentry","category-actualidad-asturias"],"aioseo_notices":[],"aioseo_head":"\n\t\t<!-- All in One SEO Pro 4.9.6.2 - aioseo.com -->\n\t<meta name=\"description\" content=\"La Asociaci\u00f3n Maestros Capacitados, integrada por docentes con discapacidad, ha recordado a la consejera de Servicios Sociales, Pilar Varela que &quot;la Consejer\u00eda de Educaci\u00f3n del Principado de Asturias no ha elaborado una lista espec\u00edfica para los docentes interinos que tienen la condici\u00f3n de discapacitados tal y como lo exige la interpretaci\u00f3n del art. 14 y\" \/>\n\t<meta name=\"robots\" content=\"max-image-preview:large\" \/>\n\t<meta name=\"author\" content=\"El Digital de Asturias\"\/>\n\t<meta name=\"google-site-verification\" content=\"UA-38556648-1\" \/>\n\t<meta name=\"msvalidate.01\" content=\"7dfe9f3f1b24437ab69f4f2559babe99\" \/>\n\t<meta name=\"keywords\" content=\"actualidad asturias\" \/>\n\t<link rel=\"canonical\" href=\"https:\/\/www.eldigitaldeasturias.com\/noticias\/maestros-capacitados-le-recuerda-a-varela-que-aun-no-hay-una-lista-especifica-para-docentes-discapacitados\/\" \/>\n\t<meta name=\"generator\" content=\"All in One SEO Pro (AIOSEO) 4.9.6.2\" \/>\n\t\t<meta property=\"og:locale\" content=\"es_ES\" \/>\n\t\t<meta property=\"og:site_name\" content=\"El Digital de Asturias\" \/>\n\t\t<meta property=\"og:type\" content=\"article\" \/>\n\t\t<meta property=\"og:title\" content=\"Maestros Capacitados le recuerda a Varela que a\u00fan no hay una lista espec\u00edfica para docentes discapacitados - El Digital de Asturias\" \/>\n\t\t<meta property=\"og:description\" content=\"La Asociaci\u00f3n Maestros Capacitados, integrada por docentes con discapacidad, ha recordado a la consejera de Servicios Sociales, Pilar Varela que &quot;la Consejer\u00eda de Educaci\u00f3n del Principado de Asturias no ha elaborado una lista espec\u00edfica para los docentes interinos que tienen la condici\u00f3n de discapacitados tal y como lo exige la interpretaci\u00f3n del art. 14 y\" \/>\n\t\t<meta property=\"og:url\" content=\"https:\/\/www.eldigitaldeasturias.com\/noticias\/maestros-capacitados-le-recuerda-a-varela-que-aun-no-hay-una-lista-especifica-para-docentes-discapacitados\/\" \/>\n\t\t<meta property=\"og:image\" content=\"https:\/\/www.eldigitaldeasturias.com\/noticias\/wp-content\/uploads\/2015\/08\/Varela.jpg\" \/>\n\t\t<meta property=\"og:image:secure_url\" content=\"https:\/\/www.eldigitaldeasturias.com\/noticias\/wp-content\/uploads\/2015\/08\/Varela.jpg\" \/>\n\t\t<meta property=\"og:image:width\" content=\"800\" \/>\n\t\t<meta property=\"og:image:height\" content=\"544\" \/>\n\t\t<meta property=\"article:tag\" content=\"actualidad asturias\" \/>\n\t\t<meta property=\"article:published_time\" content=\"2016-09-17T12:21:21+00:00\" \/>\n\t\t<meta property=\"article:modified_time\" content=\"2016-09-17T12:21:21+00:00\" \/>\n\t\t<meta property=\"article:publisher\" content=\"https:\/\/facebook.com\/eldigitaldeasturias\" \/>\n\t\t<meta name=\"twitter:card\" content=\"summary_large_image\" \/>\n\t\t<meta name=\"twitter:title\" content=\"Maestros Capacitados le recuerda a Varela que a\u00fan no hay una lista espec\u00edfica para docentes discapacitados - El Digital de Asturias\" \/>\n\t\t<meta name=\"twitter:description\" content=\"La Asociaci\u00f3n Maestros Capacitados, integrada por docentes con discapacidad, ha recordado a la consejera de Servicios Sociales, Pilar Varela que &quot;la Consejer\u00eda de Educaci\u00f3n del Principado de Asturias no ha elaborado una lista espec\u00edfica para los docentes interinos que tienen la condici\u00f3n de discapacitados tal y como lo exige la interpretaci\u00f3n del art. 14 y\" \/>\n\t\t<meta name=\"twitter:image\" content=\"https:\/\/www.eldigitaldeasturias.com\/noticias\/wp-content\/uploads\/2015\/08\/Varela.jpg\" \/>\n\t\t<meta name=\"twitter:label1\" content=\"Escrito por\" \/>\n\t\t<meta name=\"twitter:data1\" content=\"El Digital de Asturias\" \/>\n\t\t<meta name=\"twitter:label2\" content=\"Tiempo de lectura estimado\" \/>\n\t\t<meta name=\"twitter:data2\" content=\"3 minutos\" \/>\n\t\t<script type=\"application\/ld+json\" class=\"aioseo-schema\">\n\t\t\t{\"@context\":\"https:\\\/\\\/schema.org\",\"@graph\":[{\"@type\":\"BlogPosting\",\"@id\":\"https:\\\/\\\/www.eldigitaldeasturias.com\\\/noticias\\\/maestros-capacitados-le-recuerda-a-varela-que-aun-no-hay-una-lista-especifica-para-docentes-discapacitados\\\/#blogposting\",\"name\":\"Maestros Capacitados le recuerda a Varela que a\\u00fan no hay una lista espec\\u00edfica para docentes discapacitados - El Digital de Asturias\",\"headline\":\"Maestros Capacitados le recuerda a Varela que a\\u00fan no hay una lista espec\\u00edfica para docentes discapacitados\",\"author\":{\"@id\":\"https:\\\/\\\/www.eldigitaldeasturias.com\\\/noticias\\\/author\\\/admin\\\/#author\"},\"publisher\":{\"@id\":\"https:\\\/\\\/www.eldigitaldeasturias.com\\\/noticias\\\/#organization\"},\"image\":{\"@type\":\"ImageObject\",\"url\":\"https:\\\/\\\/www.eldigitaldeasturias.com\\\/noticias\\\/wp-content\\\/uploads\\\/2015\\\/08\\\/Varela.jpg\",\"width\":800,\"height\":544},\"datePublished\":\"2016-09-17T13:21:21+02:00\",\"dateModified\":\"2016-09-17T13:21:21+02:00\",\"inLanguage\":\"es-ES\",\"mainEntityOfPage\":{\"@id\":\"https:\\\/\\\/www.eldigitaldeasturias.com\\\/noticias\\\/maestros-capacitados-le-recuerda-a-varela-que-aun-no-hay-una-lista-especifica-para-docentes-discapacitados\\\/#webpage\"},\"isPartOf\":{\"@id\":\"https:\\\/\\\/www.eldigitaldeasturias.com\\\/noticias\\\/maestros-capacitados-le-recuerda-a-varela-que-aun-no-hay-una-lista-especifica-para-docentes-discapacitados\\\/#webpage\"},\"articleSection\":\"Actualidad Asturias\"},{\"@type\":\"BreadcrumbList\",\"@id\":\"https:\\\/\\\/www.eldigitaldeasturias.com\\\/noticias\\\/maestros-capacitados-le-recuerda-a-varela-que-aun-no-hay-una-lista-especifica-para-docentes-discapacitados\\\/#breadcrumblist\",\"itemListElement\":[{\"@type\":\"ListItem\",\"@id\":\"https:\\\/\\\/www.eldigitaldeasturias.com\\\/noticias#listItem\",\"position\":1,\"name\":\"Home\",\"item\":\"https:\\\/\\\/www.eldigitaldeasturias.com\\\/noticias\",\"nextItem\":{\"@type\":\"ListItem\",\"@id\":\"https:\\\/\\\/www.eldigitaldeasturias.com\\\/noticias\\\/category\\\/actualidad-asturias\\\/#listItem\",\"name\":\"Actualidad Asturias\"}},{\"@type\":\"ListItem\",\"@id\":\"https:\\\/\\\/www.eldigitaldeasturias.com\\\/noticias\\\/category\\\/actualidad-asturias\\\/#listItem\",\"position\":2,\"name\":\"Actualidad Asturias\",\"item\":\"https:\\\/\\\/www.eldigitaldeasturias.com\\\/noticias\\\/category\\\/actualidad-asturias\\\/\",\"nextItem\":{\"@type\":\"ListItem\",\"@id\":\"https:\\\/\\\/www.eldigitaldeasturias.com\\\/noticias\\\/maestros-capacitados-le-recuerda-a-varela-que-aun-no-hay-una-lista-especifica-para-docentes-discapacitados\\\/#listItem\",\"name\":\"Maestros Capacitados le recuerda a Varela que a\\u00fan no hay una lista espec\\u00edfica para docentes discapacitados\"},\"previousItem\":{\"@type\":\"ListItem\",\"@id\":\"https:\\\/\\\/www.eldigitaldeasturias.com\\\/noticias#listItem\",\"name\":\"Home\"}},{\"@type\":\"ListItem\",\"@id\":\"https:\\\/\\\/www.eldigitaldeasturias.com\\\/noticias\\\/maestros-capacitados-le-recuerda-a-varela-que-aun-no-hay-una-lista-especifica-para-docentes-discapacitados\\\/#listItem\",\"position\":3,\"name\":\"Maestros Capacitados le recuerda a Varela que a\\u00fan no hay una lista espec\\u00edfica para docentes discapacitados\",\"previousItem\":{\"@type\":\"ListItem\",\"@id\":\"https:\\\/\\\/www.eldigitaldeasturias.com\\\/noticias\\\/category\\\/actualidad-asturias\\\/#listItem\",\"name\":\"Actualidad Asturias\"}}]},{\"@type\":\"Organization\",\"@id\":\"https:\\\/\\\/www.eldigitaldeasturias.com\\\/noticias\\\/#organization\",\"name\":\"El Digital de Asturias\",\"description\":\"Hemeroteca\",\"url\":\"https:\\\/\\\/www.eldigitaldeasturias.com\\\/noticias\\\/\",\"email\":\"info@eldigitaldeasturias.com\",\"telephone\":\"+34652131393\",\"logo\":{\"@type\":\"ImageObject\",\"url\":\"https:\\\/\\\/www.eldigitaldeasturias.com\\\/noticias\\\/wp-content\\\/uploads\\\/2020\\\/12\\\/EDA.jpg\",\"@id\":\"https:\\\/\\\/www.eldigitaldeasturias.com\\\/noticias\\\/maestros-capacitados-le-recuerda-a-varela-que-aun-no-hay-una-lista-especifica-para-docentes-discapacitados\\\/#organizationLogo\",\"width\":649,\"height\":297},\"image\":{\"@id\":\"https:\\\/\\\/www.eldigitaldeasturias.com\\\/noticias\\\/maestros-capacitados-le-recuerda-a-varela-que-aun-no-hay-una-lista-especifica-para-docentes-discapacitados\\\/#organizationLogo\"},\"sameAs\":[\"https:\\\/\\\/facebook.com\\\/eldigitaldeasturias\",\"https:\\\/\\\/www.youtube.com\\\/channel\\\/UCZP-2wLEB9Rv6erhFmqVnvg\"],\"address\":{\"@id\":\"https:\\\/\\\/www.eldigitaldeasturias.com\\\/noticias\\\/#postaladdress\",\"@type\":\"PostalAddress\",\"streetAddress\":\"san antonio 4,\",\"postalCode\":\"33430\",\"addressLocality\":\"Cand\\u00e1s\",\"addressRegion\":\"Asturias\",\"addressCountry\":\"ES\"}},{\"@type\":\"Person\",\"@id\":\"https:\\\/\\\/www.eldigitaldeasturias.com\\\/noticias\\\/author\\\/admin\\\/#author\",\"url\":\"https:\\\/\\\/www.eldigitaldeasturias.com\\\/noticias\\\/author\\\/admin\\\/\",\"name\":\"El Digital de Asturias\",\"image\":{\"@type\":\"ImageObject\",\"@id\":\"https:\\\/\\\/www.eldigitaldeasturias.com\\\/noticias\\\/maestros-capacitados-le-recuerda-a-varela-que-aun-no-hay-una-lista-especifica-para-docentes-discapacitados\\\/#authorImage\",\"url\":\"https:\\\/\\\/www.eldigitaldeasturias.com\\\/noticias\\\/wp-content\\\/litespeed\\\/avatar\\\/18677e78aa0546b92d9dbf31ec7d7668.jpg?ver=1776685526\",\"width\":96,\"height\":96,\"caption\":\"El Digital de Asturias\"}},{\"@type\":\"WebPage\",\"@id\":\"https:\\\/\\\/www.eldigitaldeasturias.com\\\/noticias\\\/maestros-capacitados-le-recuerda-a-varela-que-aun-no-hay-una-lista-especifica-para-docentes-discapacitados\\\/#webpage\",\"url\":\"https:\\\/\\\/www.eldigitaldeasturias.com\\\/noticias\\\/maestros-capacitados-le-recuerda-a-varela-que-aun-no-hay-una-lista-especifica-para-docentes-discapacitados\\\/\",\"name\":\"Maestros Capacitados le recuerda a Varela que a\\u00fan no hay una lista espec\\u00edfica para docentes discapacitados - El Digital de Asturias\",\"description\":\"La Asociaci\\u00f3n Maestros Capacitados, integrada por docentes con discapacidad, ha recordado a la consejera de Servicios Sociales, Pilar Varela que \\\"la Consejer\\u00eda de Educaci\\u00f3n del Principado de Asturias no ha elaborado una lista espec\\u00edfica para los docentes interinos que tienen la condici\\u00f3n de discapacitados tal y como lo exige la interpretaci\\u00f3n del art. 14 y\",\"inLanguage\":\"es-ES\",\"isPartOf\":{\"@id\":\"https:\\\/\\\/www.eldigitaldeasturias.com\\\/noticias\\\/#website\"},\"breadcrumb\":{\"@id\":\"https:\\\/\\\/www.eldigitaldeasturias.com\\\/noticias\\\/maestros-capacitados-le-recuerda-a-varela-que-aun-no-hay-una-lista-especifica-para-docentes-discapacitados\\\/#breadcrumblist\"},\"author\":{\"@id\":\"https:\\\/\\\/www.eldigitaldeasturias.com\\\/noticias\\\/author\\\/admin\\\/#author\"},\"creator\":{\"@id\":\"https:\\\/\\\/www.eldigitaldeasturias.com\\\/noticias\\\/author\\\/admin\\\/#author\"},\"image\":{\"@type\":\"ImageObject\",\"url\":\"https:\\\/\\\/www.eldigitaldeasturias.com\\\/noticias\\\/wp-content\\\/uploads\\\/2015\\\/08\\\/Varela.jpg\",\"@id\":\"https:\\\/\\\/www.eldigitaldeasturias.com\\\/noticias\\\/maestros-capacitados-le-recuerda-a-varela-que-aun-no-hay-una-lista-especifica-para-docentes-discapacitados\\\/#mainImage\",\"width\":800,\"height\":544},\"primaryImageOfPage\":{\"@id\":\"https:\\\/\\\/www.eldigitaldeasturias.com\\\/noticias\\\/maestros-capacitados-le-recuerda-a-varela-que-aun-no-hay-una-lista-especifica-para-docentes-discapacitados\\\/#mainImage\"},\"datePublished\":\"2016-09-17T13:21:21+02:00\",\"dateModified\":\"2016-09-17T13:21:21+02:00\"},{\"@type\":\"WebSite\",\"@id\":\"https:\\\/\\\/www.eldigitaldeasturias.com\\\/noticias\\\/#website\",\"url\":\"https:\\\/\\\/www.eldigitaldeasturias.com\\\/noticias\\\/\",\"name\":\"El Digital de Asturias - Diario de actualidad y noticias\",\"alternateName\":\"El Digital de Asturias - Diario de actualidad y noticias\",\"description\":\"Hemeroteca\",\"inLanguage\":\"es-ES\",\"publisher\":{\"@id\":\"https:\\\/\\\/www.eldigitaldeasturias.com\\\/noticias\\\/#organization\"}}]}\n\t\t<\/script>\n\t\t<!-- All in One SEO Pro -->\r\n\t\t<title>Maestros Capacitados le recuerda a Varela que a\u00fan no hay una lista espec\u00edfica para docentes discapacitados - El Digital de Asturias<\/title>\n\n","aioseo_head_json":{"title":"Maestros Capacitados le recuerda a Varela que a\u00fan no hay una lista espec\u00edfica para docentes discapacitados - El Digital de Asturias","description":"La Asociaci\u00f3n Maestros Capacitados, integrada por docentes con discapacidad, ha recordado a la consejera de Servicios Sociales, Pilar Varela que \"la Consejer\u00eda de Educaci\u00f3n del Principado de Asturias no ha elaborado una lista espec\u00edfica para los docentes interinos que tienen la condici\u00f3n de discapacitados tal y como lo exige la interpretaci\u00f3n del art. 14 y","canonical_url":"https:\/\/www.eldigitaldeasturias.com\/noticias\/maestros-capacitados-le-recuerda-a-varela-que-aun-no-hay-una-lista-especifica-para-docentes-discapacitados\/","robots":"max-image-preview:large","keywords":"actualidad asturias","webmasterTools":{"google-site-verification":"UA-38556648-1","msvalidate.01":"7dfe9f3f1b24437ab69f4f2559babe99","miscellaneous":""},"schema":{"@context":"https:\/\/schema.org","@graph":[{"@type":"BlogPosting","@id":"https:\/\/www.eldigitaldeasturias.com\/noticias\/maestros-capacitados-le-recuerda-a-varela-que-aun-no-hay-una-lista-especifica-para-docentes-discapacitados\/#blogposting","name":"Maestros Capacitados le recuerda a Varela que a\u00fan no hay una lista espec\u00edfica para docentes discapacitados - El Digital de Asturias","headline":"Maestros Capacitados le recuerda a Varela que a\u00fan no hay una lista espec\u00edfica para docentes discapacitados","author":{"@id":"https:\/\/www.eldigitaldeasturias.com\/noticias\/author\/admin\/#author"},"publisher":{"@id":"https:\/\/www.eldigitaldeasturias.com\/noticias\/#organization"},"image":{"@type":"ImageObject","url":"https:\/\/www.eldigitaldeasturias.com\/noticias\/wp-content\/uploads\/2015\/08\/Varela.jpg","width":800,"height":544},"datePublished":"2016-09-17T13:21:21+02:00","dateModified":"2016-09-17T13:21:21+02:00","inLanguage":"es-ES","mainEntityOfPage":{"@id":"https:\/\/www.eldigitaldeasturias.com\/noticias\/maestros-capacitados-le-recuerda-a-varela-que-aun-no-hay-una-lista-especifica-para-docentes-discapacitados\/#webpage"},"isPartOf":{"@id":"https:\/\/www.eldigitaldeasturias.com\/noticias\/maestros-capacitados-le-recuerda-a-varela-que-aun-no-hay-una-lista-especifica-para-docentes-discapacitados\/#webpage"},"articleSection":"Actualidad Asturias"},{"@type":"BreadcrumbList","@id":"https:\/\/www.eldigitaldeasturias.com\/noticias\/maestros-capacitados-le-recuerda-a-varela-que-aun-no-hay-una-lista-especifica-para-docentes-discapacitados\/#breadcrumblist","itemListElement":[{"@type":"ListItem","@id":"https:\/\/www.eldigitaldeasturias.com\/noticias#listItem","position":1,"name":"Home","item":"https:\/\/www.eldigitaldeasturias.com\/noticias","nextItem":{"@type":"ListItem","@id":"https:\/\/www.eldigitaldeasturias.com\/noticias\/category\/actualidad-asturias\/#listItem","name":"Actualidad Asturias"}},{"@type":"ListItem","@id":"https:\/\/www.eldigitaldeasturias.com\/noticias\/category\/actualidad-asturias\/#listItem","position":2,"name":"Actualidad Asturias","item":"https:\/\/www.eldigitaldeasturias.com\/noticias\/category\/actualidad-asturias\/","nextItem":{"@type":"ListItem","@id":"https:\/\/www.eldigitaldeasturias.com\/noticias\/maestros-capacitados-le-recuerda-a-varela-que-aun-no-hay-una-lista-especifica-para-docentes-discapacitados\/#listItem","name":"Maestros Capacitados le recuerda a Varela que a\u00fan no hay una lista espec\u00edfica para docentes discapacitados"},"previousItem":{"@type":"ListItem","@id":"https:\/\/www.eldigitaldeasturias.com\/noticias#listItem","name":"Home"}},{"@type":"ListItem","@id":"https:\/\/www.eldigitaldeasturias.com\/noticias\/maestros-capacitados-le-recuerda-a-varela-que-aun-no-hay-una-lista-especifica-para-docentes-discapacitados\/#listItem","position":3,"name":"Maestros Capacitados le recuerda a Varela que a\u00fan no hay una lista espec\u00edfica para docentes discapacitados","previousItem":{"@type":"ListItem","@id":"https:\/\/www.eldigitaldeasturias.com\/noticias\/category\/actualidad-asturias\/#listItem","name":"Actualidad Asturias"}}]},{"@type":"Organization","@id":"https:\/\/www.eldigitaldeasturias.com\/noticias\/#organization","name":"El Digital de Asturias","description":"Hemeroteca","url":"https:\/\/www.eldigitaldeasturias.com\/noticias\/","email":"info@eldigitaldeasturias.com","telephone":"+34652131393","logo":{"@type":"ImageObject","url":"https:\/\/www.eldigitaldeasturias.com\/noticias\/wp-content\/uploads\/2020\/12\/EDA.jpg","@id":"https:\/\/www.eldigitaldeasturias.com\/noticias\/maestros-capacitados-le-recuerda-a-varela-que-aun-no-hay-una-lista-especifica-para-docentes-discapacitados\/#organizationLogo","width":649,"height":297},"image":{"@id":"https:\/\/www.eldigitaldeasturias.com\/noticias\/maestros-capacitados-le-recuerda-a-varela-que-aun-no-hay-una-lista-especifica-para-docentes-discapacitados\/#organizationLogo"},"sameAs":["https:\/\/facebook.com\/eldigitaldeasturias","https:\/\/www.youtube.com\/channel\/UCZP-2wLEB9Rv6erhFmqVnvg"],"address":{"@id":"https:\/\/www.eldigitaldeasturias.com\/noticias\/#postaladdress","@type":"PostalAddress","streetAddress":"san antonio 4,","postalCode":"33430","addressLocality":"Cand\u00e1s","addressRegion":"Asturias","addressCountry":"ES"}},{"@type":"Person","@id":"https:\/\/www.eldigitaldeasturias.com\/noticias\/author\/admin\/#author","url":"https:\/\/www.eldigitaldeasturias.com\/noticias\/author\/admin\/","name":"El Digital de Asturias","image":{"@type":"ImageObject","@id":"https:\/\/www.eldigitaldeasturias.com\/noticias\/maestros-capacitados-le-recuerda-a-varela-que-aun-no-hay-una-lista-especifica-para-docentes-discapacitados\/#authorImage","url":"https:\/\/www.eldigitaldeasturias.com\/noticias\/wp-content\/litespeed\/avatar\/18677e78aa0546b92d9dbf31ec7d7668.jpg?ver=1776685526","width":96,"height":96,"caption":"El Digital de Asturias"}},{"@type":"WebPage","@id":"https:\/\/www.eldigitaldeasturias.com\/noticias\/maestros-capacitados-le-recuerda-a-varela-que-aun-no-hay-una-lista-especifica-para-docentes-discapacitados\/#webpage","url":"https:\/\/www.eldigitaldeasturias.com\/noticias\/maestros-capacitados-le-recuerda-a-varela-que-aun-no-hay-una-lista-especifica-para-docentes-discapacitados\/","name":"Maestros Capacitados le recuerda a Varela que a\u00fan no hay una lista espec\u00edfica para docentes discapacitados - El Digital de Asturias","description":"La Asociaci\u00f3n Maestros Capacitados, integrada por docentes con discapacidad, ha recordado a la consejera de Servicios Sociales, Pilar Varela que \"la Consejer\u00eda de Educaci\u00f3n del Principado de Asturias no ha elaborado una lista espec\u00edfica para los docentes interinos que tienen la condici\u00f3n de discapacitados tal y como lo exige la interpretaci\u00f3n del art. 14 y","inLanguage":"es-ES","isPartOf":{"@id":"https:\/\/www.eldigitaldeasturias.com\/noticias\/#website"},"breadcrumb":{"@id":"https:\/\/www.eldigitaldeasturias.com\/noticias\/maestros-capacitados-le-recuerda-a-varela-que-aun-no-hay-una-lista-especifica-para-docentes-discapacitados\/#breadcrumblist"},"author":{"@id":"https:\/\/www.eldigitaldeasturias.com\/noticias\/author\/admin\/#author"},"creator":{"@id":"https:\/\/www.eldigitaldeasturias.com\/noticias\/author\/admin\/#author"},"image":{"@type":"ImageObject","url":"https:\/\/www.eldigitaldeasturias.com\/noticias\/wp-content\/uploads\/2015\/08\/Varela.jpg","@id":"https:\/\/www.eldigitaldeasturias.com\/noticias\/maestros-capacitados-le-recuerda-a-varela-que-aun-no-hay-una-lista-especifica-para-docentes-discapacitados\/#mainImage","width":800,"height":544},"primaryImageOfPage":{"@id":"https:\/\/www.eldigitaldeasturias.com\/noticias\/maestros-capacitados-le-recuerda-a-varela-que-aun-no-hay-una-lista-especifica-para-docentes-discapacitados\/#mainImage"},"datePublished":"2016-09-17T13:21:21+02:00","dateModified":"2016-09-17T13:21:21+02:00"},{"@type":"WebSite","@id":"https:\/\/www.eldigitaldeasturias.com\/noticias\/#website","url":"https:\/\/www.eldigitaldeasturias.com\/noticias\/","name":"El Digital de Asturias - Diario de actualidad y noticias","alternateName":"El Digital de Asturias - Diario de actualidad y noticias","description":"Hemeroteca","inLanguage":"es-ES","publisher":{"@id":"https:\/\/www.eldigitaldeasturias.com\/noticias\/#organization"}}]},"og:locale":"es_ES","og:site_name":"El Digital de Asturias","og:type":"article","og:title":"Maestros Capacitados le recuerda a Varela que a\u00fan no hay una lista espec\u00edfica para docentes discapacitados - El Digital de Asturias","og:description":"La Asociaci\u00f3n Maestros Capacitados, integrada por docentes con discapacidad, ha recordado a la consejera de Servicios Sociales, Pilar Varela que &quot;la Consejer\u00eda de Educaci\u00f3n del Principado de Asturias no ha elaborado una lista espec\u00edfica para los docentes interinos que tienen la condici\u00f3n de discapacitados tal y como lo exige la interpretaci\u00f3n del art. 14 y","og:url":"https:\/\/www.eldigitaldeasturias.com\/noticias\/maestros-capacitados-le-recuerda-a-varela-que-aun-no-hay-una-lista-especifica-para-docentes-discapacitados\/","og:image":"https:\/\/www.eldigitaldeasturias.com\/noticias\/wp-content\/uploads\/2015\/08\/Varela.jpg","og:image:secure_url":"https:\/\/www.eldigitaldeasturias.com\/noticias\/wp-content\/uploads\/2015\/08\/Varela.jpg","og:image:width":800,"og:image:height":544,"article:tag":["actualidad asturias"],"article:published_time":"2016-09-17T12:21:21+00:00","article:modified_time":"2016-09-17T12:21:21+00:00","article:publisher":"https:\/\/facebook.com\/eldigitaldeasturias","twitter:card":"summary_large_image","twitter:title":"Maestros Capacitados le recuerda a Varela que a\u00fan no hay una lista espec\u00edfica para docentes discapacitados - El Digital de Asturias","twitter:description":"La Asociaci\u00f3n Maestros Capacitados, integrada por docentes con discapacidad, ha recordado a la consejera de Servicios Sociales, Pilar Varela que &quot;la Consejer\u00eda de Educaci\u00f3n del Principado de Asturias no ha elaborado una lista espec\u00edfica para los docentes interinos que tienen la condici\u00f3n de discapacitados tal y como lo exige la interpretaci\u00f3n del art. 14 y","twitter:image":"https:\/\/www.eldigitaldeasturias.com\/noticias\/wp-content\/uploads\/2015\/08\/Varela.jpg","twitter:label1":"Escrito por","twitter:data1":"El Digital de Asturias","twitter:label2":"Tiempo de lectura estimado","twitter:data2":"3 minutos"},"aioseo_meta_data":{"post_id":"908155","title":null,"description":null,"keywords":null,"keyphrases":null,"primary_term":null,"canonical_url":null,"og_title":null,"og_description":null,"og_object_type":"default","og_image_type":"default","og_image_url":null,"og_image_width":null,"og_image_height":null,"og_image_custom_url":null,"og_image_custom_fields":null,"og_video":null,"og_custom_url":null,"og_article_section":null,"og_article_tags":null,"twitter_use_og":false,"twitter_card":"default","twitter_image_type":"default","twitter_image_url":null,"twitter_image_custom_url":null,"twitter_image_custom_fields":null,"twitter_title":null,"twitter_description":null,"schema":{"blockGraphs":[],"customGraphs":[],"default":{"data":{"Article":[],"Course":[],"Dataset":[],"FAQPage":[],"Movie":[],"Person":[],"Product":[],"ProductReview":[],"Car":[],"Recipe":[],"Service":[],"SoftwareApplication":[],"WebPage":[]},"graphName":"","isEnabled":true},"graphs":[],"defaultGraph":"","defaultPostTypeGraph":""},"schema_type":null,"schema_type_options":null,"pillar_content":false,"robots_default":true,"robots_noindex":false,"robots_noarchive":false,"robots_nosnippet":false,"robots_nofollow":false,"robots_noimageindex":false,"robots_noodp":false,"robots_notranslate":false,"robots_max_snippet":null,"robots_max_videopreview":null,"robots_max_imagepreview":"large","priority":null,"frequency":null,"local_seo":null,"seo_analyzer_scan_date":"2025-11-30 15:03:12","breadcrumb_settings":null,"limit_modified_date":false,"open_ai":null,"ai":null,"created":"2020-12-21 14:00:17","updated":"2025-11-30 15:03:12"},"aioseo_breadcrumb":"<div class=\"aioseo-breadcrumbs\"><span class=\"aioseo-breadcrumb\">\n\t<a href=\"https:\/\/www.eldigitaldeasturias.com\/noticias\" title=\"Home\">Home<\/a>\n<\/span><span class=\"aioseo-breadcrumb-separator\">\u2013<\/span><span class=\"aioseo-breadcrumb\">\n\t<a href=\"https:\/\/www.eldigitaldeasturias.com\/noticias\/category\/actualidad-asturias\/\" title=\"Actualidad Asturias\">Actualidad Asturias<\/a>\n<\/span><span class=\"aioseo-breadcrumb-separator\">\u2013<\/span><span class=\"aioseo-breadcrumb\">\n\t<a href=\"https:\/\/www.eldigitaldeasturias.com\/noticias\/maestros-capacitados-le-recuerda-a-varela-que-aun-no-hay-una-lista-especifica-para-docentes-discapacitados\/\" title=\"Maestros Capacitados le recuerda a Varela que a\u00fan no hay una lista espec\u00edfica para docentes discapacitados\">Maestros Capacitados le recuerda a Varela que a\u00fan no hay una lista espec\u00edfica para docentes discapacitados<\/a>\n<\/span><\/div>","aioseo_breadcrumb_json":[{"label":"Home","link":"https:\/\/www.eldigitaldeasturias.com\/noticias"},{"label":"Actualidad Asturias","link":"https:\/\/www.eldigitaldeasturias.com\/noticias\/category\/actualidad-asturias\/"},{"label":"Maestros Capacitados le recuerda a Varela que a\u00fan no hay una lista espec\u00edfica para docentes discapacitados","link":"https:\/\/www.eldigitaldeasturias.com\/noticias\/maestros-capacitados-le-recuerda-a-varela-que-aun-no-hay-una-lista-especifica-para-docentes-discapacitados\/"}],"_links":{"self":[{"href":"https:\/\/www.eldigitaldeasturias.com\/noticias\/wp-json\/wp\/v2\/posts\/908155","targetHints":{"allow":["GET"]}}],"collection":[{"href":"https:\/\/www.eldigitaldeasturias.com\/noticias\/wp-json\/wp\/v2\/posts"}],"about":[{"href":"https:\/\/www.eldigitaldeasturias.com\/noticias\/wp-json\/wp\/v2\/types\/post"}],"author":[{"embeddable":true,"href":"https:\/\/www.eldigitaldeasturias.com\/noticias\/wp-json\/wp\/v2\/users\/1"}],"replies":[{"embeddable":true,"href":"https:\/\/www.eldigitaldeasturias.com\/noticias\/wp-json\/wp\/v2\/comments?post=908155"}],"version-history":[{"count":0,"href":"https:\/\/www.eldigitaldeasturias.com\/noticias\/wp-json\/wp\/v2\/posts\/908155\/revisions"}],"wp:featuredmedia":[{"embeddable":true,"href":"https:\/\/www.eldigitaldeasturias.com\/noticias\/wp-json\/wp\/v2\/media\/800694"}],"wp:attachment":[{"href":"https:\/\/www.eldigitaldeasturias.com\/noticias\/wp-json\/wp\/v2\/media?parent=908155"}],"wp:term":[{"taxonomy":"category","embeddable":true,"href":"https:\/\/www.eldigitaldeasturias.com\/noticias\/wp-json\/wp\/v2\/categories?post=908155"},{"taxonomy":"post_tag","embeddable":true,"href":"https:\/\/www.eldigitaldeasturias.com\/noticias\/wp-json\/wp\/v2\/tags?post=908155"}],"curies":[{"name":"wp","href":"https:\/\/api.w.org\/{rel}","templated":true}]}}