{"id":908153,"date":"2016-09-17T13:17:44","date_gmt":"2016-09-17T12:17:44","guid":{"rendered":"http:\/\/www.eldigitaldeasturias.com\/noticias\/?p=908153"},"modified":"2016-09-17T13:17:44","modified_gmt":"2016-09-17T12:17:44","slug":"la-fiscalia-pide-9-meses-de-carcel-para-el-acusado-de-intentar-robar-en-varios-coches-en-gijon","status":"publish","type":"post","link":"https:\/\/www.eldigitaldeasturias.com\/noticias\/la-fiscalia-pide-9-meses-de-carcel-para-el-acusado-de-intentar-robar-en-varios-coches-en-gijon\/","title":{"rendered":"La Fiscal\u00eda pide 9 meses de c\u00e1rcel para el acusado de intentar robar en varios coches en Gij\u00f3n"},"content":{"rendered":"<p><img loading=\"lazy\" decoding=\"async\" class=\"alignleft size-medium wp-image-811982\" src=\"https:\/\/www.eldigitaldeasturias.com\/noticias\/wp-content\/uploads\/2015\/10\/juzgado-360x241.jpg\" alt=\"juzgado\" width=\"360\" height=\"241\" srcset=\"https:\/\/www.eldigitaldeasturias.com\/noticias\/wp-content\/uploads\/2015\/10\/juzgado-360x241.jpg 360w, https:\/\/www.eldigitaldeasturias.com\/noticias\/wp-content\/uploads\/2015\/10\/juzgado-650x436.jpg 650w, https:\/\/www.eldigitaldeasturias.com\/noticias\/wp-content\/uploads\/2015\/10\/juzgado.jpg 800w\" sizes=\"auto, (max-width: 360px) 100vw, 360px\" \/>El Ministerio fiscal solicita una pena de nueve meses de prisi\u00f3n para un hombre acusado de un delito de robo con fuerza continuado en grado de tentativa. Asimismo, deber\u00e1 indemnizar a las compa\u00f1\u00edas aseguradoras de los veh\u00edculos por los da\u00f1os ocasionados. El juicio tendr\u00e1 lugar en el Penal 3 de Gij\u00f3n, a las 10.45 horas, este pr\u00f3ximo lunes.<\/p>\n<p>Seg\u00fan el informe fiscal, en la madrugada del 24 al 25 de enero de 2015 el acusado fue sorprendido por la Polic\u00eda cuando se encontraba en el interior de un veh\u00edculo, el cual estaba estacionado en la calle de Conde del Real Agrado, en Gij\u00f3n. Supuestamente, le hab\u00eda fracturado el cristal de la puerta delantera para acceder a su interior, sin que llegara a llevarse nada. Los da\u00f1os fueron tasados en 102,75 euros.<\/p>\n<p>La acusaci\u00f3n p\u00fablica le atribuye haber actuado de igual forma con otros seis veh\u00edculos, de los que en su mayor\u00eda no logr\u00f3 llevarse nada. Consta, eso s\u00ed, la sustracci\u00f3n de una tabla de surf con su correspondiente funda, objetos que fueron recuperados por la Polic\u00eda.<\/p>\n<p>&nbsp;<\/p>\n<p>&nbsp;<\/p>\n","protected":false},"excerpt":{"rendered":"<p>El Ministerio fiscal solicita una pena de nueve meses de prisi\u00f3n para un hombre acusado de un delito de robo con fuerza continuado en grado de tentativa. Asimismo, deber\u00e1 indemnizar a las compa\u00f1\u00edas aseguradoras de los veh\u00edculos por los da\u00f1os ocasionados. El juicio tendr\u00e1 lugar en el Penal 3 de Gij\u00f3n, a las 10.45 horas, [&hellip;]<\/p>\n","protected":false},"author":1,"featured_media":811982,"comment_status":"closed","ping_status":"closed","sticky":false,"template":"","format":"standard","meta":{"footnotes":""},"categories":[5],"tags":[],"class_list":["post-908153","post","type-post","status-publish","format-standard","has-post-thumbnail","hentry","category-sucesos"],"aioseo_notices":[],"aioseo_head":"\n\t\t<!-- All in One SEO Pro 4.9.6.2 - aioseo.com -->\n\t<meta name=\"description\" content=\"El Ministerio fiscal solicita una pena de nueve meses de prisi\u00f3n para un hombre acusado de un delito de robo con fuerza continuado en grado de tentativa. Asimismo, deber\u00e1 indemnizar a las compa\u00f1\u00edas aseguradoras de los veh\u00edculos por los da\u00f1os ocasionados. El juicio tendr\u00e1 lugar en el Penal 3 de Gij\u00f3n, a las 10.45 horas,\" \/>\n\t<meta name=\"robots\" content=\"max-image-preview:large\" \/>\n\t<meta name=\"author\" content=\"El Digital de Asturias\"\/>\n\t<meta name=\"google-site-verification\" content=\"UA-38556648-1\" \/>\n\t<meta name=\"msvalidate.01\" content=\"7dfe9f3f1b24437ab69f4f2559babe99\" \/>\n\t<meta name=\"keywords\" content=\"sucesos\" \/>\n\t<link rel=\"canonical\" href=\"https:\/\/www.eldigitaldeasturias.com\/noticias\/la-fiscalia-pide-9-meses-de-carcel-para-el-acusado-de-intentar-robar-en-varios-coches-en-gijon\/\" \/>\n\t<meta name=\"generator\" content=\"All in One SEO Pro (AIOSEO) 4.9.6.2\" \/>\n\t\t<meta property=\"og:locale\" content=\"es_ES\" \/>\n\t\t<meta property=\"og:site_name\" content=\"El Digital de Asturias\" \/>\n\t\t<meta property=\"og:type\" content=\"article\" \/>\n\t\t<meta property=\"og:title\" content=\"La Fiscal\u00eda pide 9 meses de c\u00e1rcel para el acusado de intentar robar en varios coches en Gij\u00f3n - El Digital de Asturias\" \/>\n\t\t<meta property=\"og:description\" content=\"El Ministerio fiscal solicita una pena de nueve meses de prisi\u00f3n para un hombre acusado de un delito de robo con fuerza continuado en grado de tentativa. Asimismo, deber\u00e1 indemnizar a las compa\u00f1\u00edas aseguradoras de los veh\u00edculos por los da\u00f1os ocasionados. El juicio tendr\u00e1 lugar en el Penal 3 de Gij\u00f3n, a las 10.45 horas,\" \/>\n\t\t<meta property=\"og:url\" content=\"https:\/\/www.eldigitaldeasturias.com\/noticias\/la-fiscalia-pide-9-meses-de-carcel-para-el-acusado-de-intentar-robar-en-varios-coches-en-gijon\/\" \/>\n\t\t<meta property=\"og:image\" content=\"https:\/\/www.eldigitaldeasturias.com\/noticias\/wp-content\/uploads\/2015\/10\/juzgado.jpg\" \/>\n\t\t<meta property=\"og:image:secure_url\" content=\"https:\/\/www.eldigitaldeasturias.com\/noticias\/wp-content\/uploads\/2015\/10\/juzgado.jpg\" \/>\n\t\t<meta property=\"og:image:width\" content=\"800\" \/>\n\t\t<meta property=\"og:image:height\" content=\"536\" \/>\n\t\t<meta property=\"article:tag\" content=\"sucesos\" \/>\n\t\t<meta property=\"article:published_time\" content=\"2016-09-17T12:17:44+00:00\" \/>\n\t\t<meta property=\"article:modified_time\" content=\"2016-09-17T12:17:44+00:00\" \/>\n\t\t<meta property=\"article:publisher\" content=\"https:\/\/facebook.com\/eldigitaldeasturias\" \/>\n\t\t<meta name=\"twitter:card\" content=\"summary_large_image\" \/>\n\t\t<meta name=\"twitter:title\" content=\"La Fiscal\u00eda pide 9 meses de c\u00e1rcel para el acusado de intentar robar en varios coches en Gij\u00f3n - El Digital de Asturias\" \/>\n\t\t<meta name=\"twitter:description\" content=\"El Ministerio fiscal solicita una pena de nueve meses de prisi\u00f3n para un hombre acusado de un delito de robo con fuerza continuado en grado de tentativa. Asimismo, deber\u00e1 indemnizar a las compa\u00f1\u00edas aseguradoras de los veh\u00edculos por los da\u00f1os ocasionados. El juicio tendr\u00e1 lugar en el Penal 3 de Gij\u00f3n, a las 10.45 horas,\" \/>\n\t\t<meta name=\"twitter:image\" content=\"https:\/\/www.eldigitaldeasturias.com\/noticias\/wp-content\/uploads\/2015\/10\/juzgado.jpg\" \/>\n\t\t<meta name=\"twitter:label1\" content=\"Escrito por\" \/>\n\t\t<meta name=\"twitter:data1\" content=\"El Digital de Asturias\" \/>\n\t\t<meta name=\"twitter:label2\" content=\"Tiempo de lectura estimado\" \/>\n\t\t<meta name=\"twitter:data2\" content=\"1 minuto\" \/>\n\t\t<script type=\"application\/ld+json\" class=\"aioseo-schema\">\n\t\t\t{\"@context\":\"https:\\\/\\\/schema.org\",\"@graph\":[{\"@type\":\"BlogPosting\",\"@id\":\"https:\\\/\\\/www.eldigitaldeasturias.com\\\/noticias\\\/la-fiscalia-pide-9-meses-de-carcel-para-el-acusado-de-intentar-robar-en-varios-coches-en-gijon\\\/#blogposting\",\"name\":\"La Fiscal\\u00eda pide 9 meses de c\\u00e1rcel para el acusado de intentar robar en varios coches en Gij\\u00f3n - El Digital de Asturias\",\"headline\":\"La Fiscal\\u00eda pide 9 meses de c\\u00e1rcel para el acusado de intentar robar en varios coches en Gij\\u00f3n\",\"author\":{\"@id\":\"https:\\\/\\\/www.eldigitaldeasturias.com\\\/noticias\\\/author\\\/admin\\\/#author\"},\"publisher\":{\"@id\":\"https:\\\/\\\/www.eldigitaldeasturias.com\\\/noticias\\\/#organization\"},\"image\":{\"@type\":\"ImageObject\",\"url\":\"https:\\\/\\\/www.eldigitaldeasturias.com\\\/noticias\\\/wp-content\\\/uploads\\\/2015\\\/10\\\/juzgado.jpg\",\"width\":800,\"height\":536},\"datePublished\":\"2016-09-17T13:17:44+02:00\",\"dateModified\":\"2016-09-17T13:17:44+02:00\",\"inLanguage\":\"es-ES\",\"mainEntityOfPage\":{\"@id\":\"https:\\\/\\\/www.eldigitaldeasturias.com\\\/noticias\\\/la-fiscalia-pide-9-meses-de-carcel-para-el-acusado-de-intentar-robar-en-varios-coches-en-gijon\\\/#webpage\"},\"isPartOf\":{\"@id\":\"https:\\\/\\\/www.eldigitaldeasturias.com\\\/noticias\\\/la-fiscalia-pide-9-meses-de-carcel-para-el-acusado-de-intentar-robar-en-varios-coches-en-gijon\\\/#webpage\"},\"articleSection\":\"Sucesos\"},{\"@type\":\"BreadcrumbList\",\"@id\":\"https:\\\/\\\/www.eldigitaldeasturias.com\\\/noticias\\\/la-fiscalia-pide-9-meses-de-carcel-para-el-acusado-de-intentar-robar-en-varios-coches-en-gijon\\\/#breadcrumblist\",\"itemListElement\":[{\"@type\":\"ListItem\",\"@id\":\"https:\\\/\\\/www.eldigitaldeasturias.com\\\/noticias#listItem\",\"position\":1,\"name\":\"Home\",\"item\":\"https:\\\/\\\/www.eldigitaldeasturias.com\\\/noticias\",\"nextItem\":{\"@type\":\"ListItem\",\"@id\":\"https:\\\/\\\/www.eldigitaldeasturias.com\\\/noticias\\\/category\\\/sucesos\\\/#listItem\",\"name\":\"Sucesos\"}},{\"@type\":\"ListItem\",\"@id\":\"https:\\\/\\\/www.eldigitaldeasturias.com\\\/noticias\\\/category\\\/sucesos\\\/#listItem\",\"position\":2,\"name\":\"Sucesos\",\"item\":\"https:\\\/\\\/www.eldigitaldeasturias.com\\\/noticias\\\/category\\\/sucesos\\\/\",\"nextItem\":{\"@type\":\"ListItem\",\"@id\":\"https:\\\/\\\/www.eldigitaldeasturias.com\\\/noticias\\\/la-fiscalia-pide-9-meses-de-carcel-para-el-acusado-de-intentar-robar-en-varios-coches-en-gijon\\\/#listItem\",\"name\":\"La Fiscal\\u00eda pide 9 meses de c\\u00e1rcel para el acusado de intentar robar en varios coches en Gij\\u00f3n\"},\"previousItem\":{\"@type\":\"ListItem\",\"@id\":\"https:\\\/\\\/www.eldigitaldeasturias.com\\\/noticias#listItem\",\"name\":\"Home\"}},{\"@type\":\"ListItem\",\"@id\":\"https:\\\/\\\/www.eldigitaldeasturias.com\\\/noticias\\\/la-fiscalia-pide-9-meses-de-carcel-para-el-acusado-de-intentar-robar-en-varios-coches-en-gijon\\\/#listItem\",\"position\":3,\"name\":\"La Fiscal\\u00eda pide 9 meses de c\\u00e1rcel para el acusado de intentar robar en varios coches en Gij\\u00f3n\",\"previousItem\":{\"@type\":\"ListItem\",\"@id\":\"https:\\\/\\\/www.eldigitaldeasturias.com\\\/noticias\\\/category\\\/sucesos\\\/#listItem\",\"name\":\"Sucesos\"}}]},{\"@type\":\"Organization\",\"@id\":\"https:\\\/\\\/www.eldigitaldeasturias.com\\\/noticias\\\/#organization\",\"name\":\"El Digital de Asturias\",\"description\":\"Hemeroteca\",\"url\":\"https:\\\/\\\/www.eldigitaldeasturias.com\\\/noticias\\\/\",\"email\":\"info@eldigitaldeasturias.com\",\"telephone\":\"+34652131393\",\"logo\":{\"@type\":\"ImageObject\",\"url\":\"https:\\\/\\\/www.eldigitaldeasturias.com\\\/noticias\\\/wp-content\\\/uploads\\\/2020\\\/12\\\/EDA.jpg\",\"@id\":\"https:\\\/\\\/www.eldigitaldeasturias.com\\\/noticias\\\/la-fiscalia-pide-9-meses-de-carcel-para-el-acusado-de-intentar-robar-en-varios-coches-en-gijon\\\/#organizationLogo\",\"width\":649,\"height\":297},\"image\":{\"@id\":\"https:\\\/\\\/www.eldigitaldeasturias.com\\\/noticias\\\/la-fiscalia-pide-9-meses-de-carcel-para-el-acusado-de-intentar-robar-en-varios-coches-en-gijon\\\/#organizationLogo\"},\"sameAs\":[\"https:\\\/\\\/facebook.com\\\/eldigitaldeasturias\",\"https:\\\/\\\/www.youtube.com\\\/channel\\\/UCZP-2wLEB9Rv6erhFmqVnvg\"],\"address\":{\"@id\":\"https:\\\/\\\/www.eldigitaldeasturias.com\\\/noticias\\\/#postaladdress\",\"@type\":\"PostalAddress\",\"streetAddress\":\"san antonio 4,\",\"postalCode\":\"33430\",\"addressLocality\":\"Cand\\u00e1s\",\"addressRegion\":\"Asturias\",\"addressCountry\":\"ES\"}},{\"@type\":\"Person\",\"@id\":\"https:\\\/\\\/www.eldigitaldeasturias.com\\\/noticias\\\/author\\\/admin\\\/#author\",\"url\":\"https:\\\/\\\/www.eldigitaldeasturias.com\\\/noticias\\\/author\\\/admin\\\/\",\"name\":\"El Digital de Asturias\",\"image\":{\"@type\":\"ImageObject\",\"@id\":\"https:\\\/\\\/www.eldigitaldeasturias.com\\\/noticias\\\/la-fiscalia-pide-9-meses-de-carcel-para-el-acusado-de-intentar-robar-en-varios-coches-en-gijon\\\/#authorImage\",\"url\":\"https:\\\/\\\/www.eldigitaldeasturias.com\\\/noticias\\\/wp-content\\\/litespeed\\\/avatar\\\/18677e78aa0546b92d9dbf31ec7d7668.jpg?ver=1776685526\",\"width\":96,\"height\":96,\"caption\":\"El Digital de Asturias\"}},{\"@type\":\"WebPage\",\"@id\":\"https:\\\/\\\/www.eldigitaldeasturias.com\\\/noticias\\\/la-fiscalia-pide-9-meses-de-carcel-para-el-acusado-de-intentar-robar-en-varios-coches-en-gijon\\\/#webpage\",\"url\":\"https:\\\/\\\/www.eldigitaldeasturias.com\\\/noticias\\\/la-fiscalia-pide-9-meses-de-carcel-para-el-acusado-de-intentar-robar-en-varios-coches-en-gijon\\\/\",\"name\":\"La Fiscal\\u00eda pide 9 meses de c\\u00e1rcel para el acusado de intentar robar en varios coches en Gij\\u00f3n - El Digital de Asturias\",\"description\":\"El Ministerio fiscal solicita una pena de nueve meses de prisi\\u00f3n para un hombre acusado de un delito de robo con fuerza continuado en grado de tentativa. Asimismo, deber\\u00e1 indemnizar a las compa\\u00f1\\u00edas aseguradoras de los veh\\u00edculos por los da\\u00f1os ocasionados. El juicio tendr\\u00e1 lugar en el Penal 3 de Gij\\u00f3n, a las 10.45 horas,\",\"inLanguage\":\"es-ES\",\"isPartOf\":{\"@id\":\"https:\\\/\\\/www.eldigitaldeasturias.com\\\/noticias\\\/#website\"},\"breadcrumb\":{\"@id\":\"https:\\\/\\\/www.eldigitaldeasturias.com\\\/noticias\\\/la-fiscalia-pide-9-meses-de-carcel-para-el-acusado-de-intentar-robar-en-varios-coches-en-gijon\\\/#breadcrumblist\"},\"author\":{\"@id\":\"https:\\\/\\\/www.eldigitaldeasturias.com\\\/noticias\\\/author\\\/admin\\\/#author\"},\"creator\":{\"@id\":\"https:\\\/\\\/www.eldigitaldeasturias.com\\\/noticias\\\/author\\\/admin\\\/#author\"},\"image\":{\"@type\":\"ImageObject\",\"url\":\"https:\\\/\\\/www.eldigitaldeasturias.com\\\/noticias\\\/wp-content\\\/uploads\\\/2015\\\/10\\\/juzgado.jpg\",\"@id\":\"https:\\\/\\\/www.eldigitaldeasturias.com\\\/noticias\\\/la-fiscalia-pide-9-meses-de-carcel-para-el-acusado-de-intentar-robar-en-varios-coches-en-gijon\\\/#mainImage\",\"width\":800,\"height\":536},\"primaryImageOfPage\":{\"@id\":\"https:\\\/\\\/www.eldigitaldeasturias.com\\\/noticias\\\/la-fiscalia-pide-9-meses-de-carcel-para-el-acusado-de-intentar-robar-en-varios-coches-en-gijon\\\/#mainImage\"},\"datePublished\":\"2016-09-17T13:17:44+02:00\",\"dateModified\":\"2016-09-17T13:17:44+02:00\"},{\"@type\":\"WebSite\",\"@id\":\"https:\\\/\\\/www.eldigitaldeasturias.com\\\/noticias\\\/#website\",\"url\":\"https:\\\/\\\/www.eldigitaldeasturias.com\\\/noticias\\\/\",\"name\":\"El Digital de Asturias - Diario de actualidad y noticias\",\"alternateName\":\"El Digital de Asturias - Diario de actualidad y noticias\",\"description\":\"Hemeroteca\",\"inLanguage\":\"es-ES\",\"publisher\":{\"@id\":\"https:\\\/\\\/www.eldigitaldeasturias.com\\\/noticias\\\/#organization\"}}]}\n\t\t<\/script>\n\t\t<!-- All in One SEO Pro -->\r\n\t\t<title>La Fiscal\u00eda pide 9 meses de c\u00e1rcel para el acusado de intentar robar en varios coches en Gij\u00f3n - El Digital de Asturias<\/title>\n\n","aioseo_head_json":{"title":"La Fiscal\u00eda pide 9 meses de c\u00e1rcel para el acusado de intentar robar en varios coches en Gij\u00f3n - El Digital de Asturias","description":"El Ministerio fiscal solicita una pena de nueve meses de prisi\u00f3n para un hombre acusado de un delito de robo con fuerza continuado en grado de tentativa. Asimismo, deber\u00e1 indemnizar a las compa\u00f1\u00edas aseguradoras de los veh\u00edculos por los da\u00f1os ocasionados. El juicio tendr\u00e1 lugar en el Penal 3 de Gij\u00f3n, a las 10.45 horas,","canonical_url":"https:\/\/www.eldigitaldeasturias.com\/noticias\/la-fiscalia-pide-9-meses-de-carcel-para-el-acusado-de-intentar-robar-en-varios-coches-en-gijon\/","robots":"max-image-preview:large","keywords":"sucesos","webmasterTools":{"google-site-verification":"UA-38556648-1","msvalidate.01":"7dfe9f3f1b24437ab69f4f2559babe99","miscellaneous":""},"schema":{"@context":"https:\/\/schema.org","@graph":[{"@type":"BlogPosting","@id":"https:\/\/www.eldigitaldeasturias.com\/noticias\/la-fiscalia-pide-9-meses-de-carcel-para-el-acusado-de-intentar-robar-en-varios-coches-en-gijon\/#blogposting","name":"La Fiscal\u00eda pide 9 meses de c\u00e1rcel para el acusado de intentar robar en varios coches en Gij\u00f3n - El Digital de Asturias","headline":"La Fiscal\u00eda pide 9 meses de c\u00e1rcel para el acusado de intentar robar en varios coches en Gij\u00f3n","author":{"@id":"https:\/\/www.eldigitaldeasturias.com\/noticias\/author\/admin\/#author"},"publisher":{"@id":"https:\/\/www.eldigitaldeasturias.com\/noticias\/#organization"},"image":{"@type":"ImageObject","url":"https:\/\/www.eldigitaldeasturias.com\/noticias\/wp-content\/uploads\/2015\/10\/juzgado.jpg","width":800,"height":536},"datePublished":"2016-09-17T13:17:44+02:00","dateModified":"2016-09-17T13:17:44+02:00","inLanguage":"es-ES","mainEntityOfPage":{"@id":"https:\/\/www.eldigitaldeasturias.com\/noticias\/la-fiscalia-pide-9-meses-de-carcel-para-el-acusado-de-intentar-robar-en-varios-coches-en-gijon\/#webpage"},"isPartOf":{"@id":"https:\/\/www.eldigitaldeasturias.com\/noticias\/la-fiscalia-pide-9-meses-de-carcel-para-el-acusado-de-intentar-robar-en-varios-coches-en-gijon\/#webpage"},"articleSection":"Sucesos"},{"@type":"BreadcrumbList","@id":"https:\/\/www.eldigitaldeasturias.com\/noticias\/la-fiscalia-pide-9-meses-de-carcel-para-el-acusado-de-intentar-robar-en-varios-coches-en-gijon\/#breadcrumblist","itemListElement":[{"@type":"ListItem","@id":"https:\/\/www.eldigitaldeasturias.com\/noticias#listItem","position":1,"name":"Home","item":"https:\/\/www.eldigitaldeasturias.com\/noticias","nextItem":{"@type":"ListItem","@id":"https:\/\/www.eldigitaldeasturias.com\/noticias\/category\/sucesos\/#listItem","name":"Sucesos"}},{"@type":"ListItem","@id":"https:\/\/www.eldigitaldeasturias.com\/noticias\/category\/sucesos\/#listItem","position":2,"name":"Sucesos","item":"https:\/\/www.eldigitaldeasturias.com\/noticias\/category\/sucesos\/","nextItem":{"@type":"ListItem","@id":"https:\/\/www.eldigitaldeasturias.com\/noticias\/la-fiscalia-pide-9-meses-de-carcel-para-el-acusado-de-intentar-robar-en-varios-coches-en-gijon\/#listItem","name":"La Fiscal\u00eda pide 9 meses de c\u00e1rcel para el acusado de intentar robar en varios coches en Gij\u00f3n"},"previousItem":{"@type":"ListItem","@id":"https:\/\/www.eldigitaldeasturias.com\/noticias#listItem","name":"Home"}},{"@type":"ListItem","@id":"https:\/\/www.eldigitaldeasturias.com\/noticias\/la-fiscalia-pide-9-meses-de-carcel-para-el-acusado-de-intentar-robar-en-varios-coches-en-gijon\/#listItem","position":3,"name":"La Fiscal\u00eda pide 9 meses de c\u00e1rcel para el acusado de intentar robar en varios coches en Gij\u00f3n","previousItem":{"@type":"ListItem","@id":"https:\/\/www.eldigitaldeasturias.com\/noticias\/category\/sucesos\/#listItem","name":"Sucesos"}}]},{"@type":"Organization","@id":"https:\/\/www.eldigitaldeasturias.com\/noticias\/#organization","name":"El Digital de Asturias","description":"Hemeroteca","url":"https:\/\/www.eldigitaldeasturias.com\/noticias\/","email":"info@eldigitaldeasturias.com","telephone":"+34652131393","logo":{"@type":"ImageObject","url":"https:\/\/www.eldigitaldeasturias.com\/noticias\/wp-content\/uploads\/2020\/12\/EDA.jpg","@id":"https:\/\/www.eldigitaldeasturias.com\/noticias\/la-fiscalia-pide-9-meses-de-carcel-para-el-acusado-de-intentar-robar-en-varios-coches-en-gijon\/#organizationLogo","width":649,"height":297},"image":{"@id":"https:\/\/www.eldigitaldeasturias.com\/noticias\/la-fiscalia-pide-9-meses-de-carcel-para-el-acusado-de-intentar-robar-en-varios-coches-en-gijon\/#organizationLogo"},"sameAs":["https:\/\/facebook.com\/eldigitaldeasturias","https:\/\/www.youtube.com\/channel\/UCZP-2wLEB9Rv6erhFmqVnvg"],"address":{"@id":"https:\/\/www.eldigitaldeasturias.com\/noticias\/#postaladdress","@type":"PostalAddress","streetAddress":"san antonio 4,","postalCode":"33430","addressLocality":"Cand\u00e1s","addressRegion":"Asturias","addressCountry":"ES"}},{"@type":"Person","@id":"https:\/\/www.eldigitaldeasturias.com\/noticias\/author\/admin\/#author","url":"https:\/\/www.eldigitaldeasturias.com\/noticias\/author\/admin\/","name":"El Digital de Asturias","image":{"@type":"ImageObject","@id":"https:\/\/www.eldigitaldeasturias.com\/noticias\/la-fiscalia-pide-9-meses-de-carcel-para-el-acusado-de-intentar-robar-en-varios-coches-en-gijon\/#authorImage","url":"https:\/\/www.eldigitaldeasturias.com\/noticias\/wp-content\/litespeed\/avatar\/18677e78aa0546b92d9dbf31ec7d7668.jpg?ver=1776685526","width":96,"height":96,"caption":"El Digital de Asturias"}},{"@type":"WebPage","@id":"https:\/\/www.eldigitaldeasturias.com\/noticias\/la-fiscalia-pide-9-meses-de-carcel-para-el-acusado-de-intentar-robar-en-varios-coches-en-gijon\/#webpage","url":"https:\/\/www.eldigitaldeasturias.com\/noticias\/la-fiscalia-pide-9-meses-de-carcel-para-el-acusado-de-intentar-robar-en-varios-coches-en-gijon\/","name":"La Fiscal\u00eda pide 9 meses de c\u00e1rcel para el acusado de intentar robar en varios coches en Gij\u00f3n - El Digital de Asturias","description":"El Ministerio fiscal solicita una pena de nueve meses de prisi\u00f3n para un hombre acusado de un delito de robo con fuerza continuado en grado de tentativa. Asimismo, deber\u00e1 indemnizar a las compa\u00f1\u00edas aseguradoras de los veh\u00edculos por los da\u00f1os ocasionados. El juicio tendr\u00e1 lugar en el Penal 3 de Gij\u00f3n, a las 10.45 horas,","inLanguage":"es-ES","isPartOf":{"@id":"https:\/\/www.eldigitaldeasturias.com\/noticias\/#website"},"breadcrumb":{"@id":"https:\/\/www.eldigitaldeasturias.com\/noticias\/la-fiscalia-pide-9-meses-de-carcel-para-el-acusado-de-intentar-robar-en-varios-coches-en-gijon\/#breadcrumblist"},"author":{"@id":"https:\/\/www.eldigitaldeasturias.com\/noticias\/author\/admin\/#author"},"creator":{"@id":"https:\/\/www.eldigitaldeasturias.com\/noticias\/author\/admin\/#author"},"image":{"@type":"ImageObject","url":"https:\/\/www.eldigitaldeasturias.com\/noticias\/wp-content\/uploads\/2015\/10\/juzgado.jpg","@id":"https:\/\/www.eldigitaldeasturias.com\/noticias\/la-fiscalia-pide-9-meses-de-carcel-para-el-acusado-de-intentar-robar-en-varios-coches-en-gijon\/#mainImage","width":800,"height":536},"primaryImageOfPage":{"@id":"https:\/\/www.eldigitaldeasturias.com\/noticias\/la-fiscalia-pide-9-meses-de-carcel-para-el-acusado-de-intentar-robar-en-varios-coches-en-gijon\/#mainImage"},"datePublished":"2016-09-17T13:17:44+02:00","dateModified":"2016-09-17T13:17:44+02:00"},{"@type":"WebSite","@id":"https:\/\/www.eldigitaldeasturias.com\/noticias\/#website","url":"https:\/\/www.eldigitaldeasturias.com\/noticias\/","name":"El Digital de Asturias - Diario de actualidad y noticias","alternateName":"El Digital de Asturias - Diario de actualidad y noticias","description":"Hemeroteca","inLanguage":"es-ES","publisher":{"@id":"https:\/\/www.eldigitaldeasturias.com\/noticias\/#organization"}}]},"og:locale":"es_ES","og:site_name":"El Digital de Asturias","og:type":"article","og:title":"La Fiscal\u00eda pide 9 meses de c\u00e1rcel para el acusado de intentar robar en varios coches en Gij\u00f3n - El Digital de Asturias","og:description":"El Ministerio fiscal solicita una pena de nueve meses de prisi\u00f3n para un hombre acusado de un delito de robo con fuerza continuado en grado de tentativa. Asimismo, deber\u00e1 indemnizar a las compa\u00f1\u00edas aseguradoras de los veh\u00edculos por los da\u00f1os ocasionados. El juicio tendr\u00e1 lugar en el Penal 3 de Gij\u00f3n, a las 10.45 horas,","og:url":"https:\/\/www.eldigitaldeasturias.com\/noticias\/la-fiscalia-pide-9-meses-de-carcel-para-el-acusado-de-intentar-robar-en-varios-coches-en-gijon\/","og:image":"https:\/\/www.eldigitaldeasturias.com\/noticias\/wp-content\/uploads\/2015\/10\/juzgado.jpg","og:image:secure_url":"https:\/\/www.eldigitaldeasturias.com\/noticias\/wp-content\/uploads\/2015\/10\/juzgado.jpg","og:image:width":800,"og:image:height":536,"article:tag":["sucesos"],"article:published_time":"2016-09-17T12:17:44+00:00","article:modified_time":"2016-09-17T12:17:44+00:00","article:publisher":"https:\/\/facebook.com\/eldigitaldeasturias","twitter:card":"summary_large_image","twitter:title":"La Fiscal\u00eda pide 9 meses de c\u00e1rcel para el acusado de intentar robar en varios coches en Gij\u00f3n - El Digital de Asturias","twitter:description":"El Ministerio fiscal solicita una pena de nueve meses de prisi\u00f3n para un hombre acusado de un delito de robo con fuerza continuado en grado de tentativa. Asimismo, deber\u00e1 indemnizar a las compa\u00f1\u00edas aseguradoras de los veh\u00edculos por los da\u00f1os ocasionados. El juicio tendr\u00e1 lugar en el Penal 3 de Gij\u00f3n, a las 10.45 horas,","twitter:image":"https:\/\/www.eldigitaldeasturias.com\/noticias\/wp-content\/uploads\/2015\/10\/juzgado.jpg","twitter:label1":"Escrito por","twitter:data1":"El Digital de Asturias","twitter:label2":"Tiempo de lectura estimado","twitter:data2":"1 minuto"},"aioseo_meta_data":{"post_id":"908153","title":null,"description":null,"keywords":null,"keyphrases":null,"primary_term":null,"canonical_url":null,"og_title":null,"og_description":null,"og_object_type":"default","og_image_type":"default","og_image_url":null,"og_image_width":null,"og_image_height":null,"og_image_custom_url":null,"og_image_custom_fields":null,"og_video":null,"og_custom_url":null,"og_article_section":null,"og_article_tags":null,"twitter_use_og":false,"twitter_card":"default","twitter_image_type":"default","twitter_image_url":null,"twitter_image_custom_url":null,"twitter_image_custom_fields":null,"twitter_title":null,"twitter_description":null,"schema":{"blockGraphs":[],"customGraphs":[],"default":{"data":{"Article":[],"Course":[],"Dataset":[],"FAQPage":[],"Movie":[],"Person":[],"Product":[],"ProductReview":[],"Car":[],"Recipe":[],"Service":[],"SoftwareApplication":[],"WebPage":[]},"graphName":"","isEnabled":true},"graphs":[],"defaultGraph":"","defaultPostTypeGraph":""},"schema_type":null,"schema_type_options":null,"pillar_content":false,"robots_default":true,"robots_noindex":false,"robots_noarchive":false,"robots_nosnippet":false,"robots_nofollow":false,"robots_noimageindex":false,"robots_noodp":false,"robots_notranslate":false,"robots_max_snippet":null,"robots_max_videopreview":null,"robots_max_imagepreview":"large","priority":null,"frequency":null,"local_seo":null,"seo_analyzer_scan_date":"2025-11-30 15:03:11","breadcrumb_settings":null,"limit_modified_date":false,"open_ai":null,"ai":null,"created":"2020-12-21 14:00:17","updated":"2025-11-30 15:03:11"},"aioseo_breadcrumb":"<div class=\"aioseo-breadcrumbs\"><span class=\"aioseo-breadcrumb\">\n\t<a href=\"https:\/\/www.eldigitaldeasturias.com\/noticias\" title=\"Home\">Home<\/a>\n<\/span><span class=\"aioseo-breadcrumb-separator\">\u2013<\/span><span class=\"aioseo-breadcrumb\">\n\t<a href=\"https:\/\/www.eldigitaldeasturias.com\/noticias\/category\/sucesos\/\" title=\"Sucesos\">Sucesos<\/a>\n<\/span><span class=\"aioseo-breadcrumb-separator\">\u2013<\/span><span class=\"aioseo-breadcrumb\">\n\t<a href=\"https:\/\/www.eldigitaldeasturias.com\/noticias\/la-fiscalia-pide-9-meses-de-carcel-para-el-acusado-de-intentar-robar-en-varios-coches-en-gijon\/\" title=\"La Fiscal\u00eda pide 9 meses de c\u00e1rcel para el acusado de intentar robar en varios coches en Gij\u00f3n\">La Fiscal\u00eda pide 9 meses de c\u00e1rcel para el acusado de intentar robar en varios coches en Gij\u00f3n<\/a>\n<\/span><\/div>","aioseo_breadcrumb_json":[{"label":"Home","link":"https:\/\/www.eldigitaldeasturias.com\/noticias"},{"label":"Sucesos","link":"https:\/\/www.eldigitaldeasturias.com\/noticias\/category\/sucesos\/"},{"label":"La Fiscal\u00eda pide 9 meses de c\u00e1rcel para el acusado de intentar robar en varios coches en Gij\u00f3n","link":"https:\/\/www.eldigitaldeasturias.com\/noticias\/la-fiscalia-pide-9-meses-de-carcel-para-el-acusado-de-intentar-robar-en-varios-coches-en-gijon\/"}],"_links":{"self":[{"href":"https:\/\/www.eldigitaldeasturias.com\/noticias\/wp-json\/wp\/v2\/posts\/908153","targetHints":{"allow":["GET"]}}],"collection":[{"href":"https:\/\/www.eldigitaldeasturias.com\/noticias\/wp-json\/wp\/v2\/posts"}],"about":[{"href":"https:\/\/www.eldigitaldeasturias.com\/noticias\/wp-json\/wp\/v2\/types\/post"}],"author":[{"embeddable":true,"href":"https:\/\/www.eldigitaldeasturias.com\/noticias\/wp-json\/wp\/v2\/users\/1"}],"replies":[{"embeddable":true,"href":"https:\/\/www.eldigitaldeasturias.com\/noticias\/wp-json\/wp\/v2\/comments?post=908153"}],"version-history":[{"count":0,"href":"https:\/\/www.eldigitaldeasturias.com\/noticias\/wp-json\/wp\/v2\/posts\/908153\/revisions"}],"wp:featuredmedia":[{"embeddable":true,"href":"https:\/\/www.eldigitaldeasturias.com\/noticias\/wp-json\/wp\/v2\/media\/811982"}],"wp:attachment":[{"href":"https:\/\/www.eldigitaldeasturias.com\/noticias\/wp-json\/wp\/v2\/media?parent=908153"}],"wp:term":[{"taxonomy":"category","embeddable":true,"href":"https:\/\/www.eldigitaldeasturias.com\/noticias\/wp-json\/wp\/v2\/categories?post=908153"},{"taxonomy":"post_tag","embeddable":true,"href":"https:\/\/www.eldigitaldeasturias.com\/noticias\/wp-json\/wp\/v2\/tags?post=908153"}],"curies":[{"name":"wp","href":"https:\/\/api.w.org\/{rel}","templated":true}]}}