{"id":908151,"date":"2016-09-17T13:15:14","date_gmt":"2016-09-17T12:15:14","guid":{"rendered":"http:\/\/www.eldigitaldeasturias.com\/noticias\/?p=908151"},"modified":"2016-09-17T13:15:14","modified_gmt":"2016-09-17T12:15:14","slug":"la-asociacion-de-mutualistas-acusa-al-soma-de-perpetuar-su-gobierno-en-solitario-en-el-montepio","status":"publish","type":"post","link":"https:\/\/www.eldigitaldeasturias.com\/noticias\/la-asociacion-de-mutualistas-acusa-al-soma-de-perpetuar-su-gobierno-en-solitario-en-el-montepio\/","title":{"rendered":"La Asociaci\u00f3n de Mutualistas acusa al SOMA de \u00abperpetuar su gobierno en solitario\u00bb en el Montep\u00edo"},"content":{"rendered":"<p>La Asociaci\u00f3n de Mutualistas del Montep\u00edo de la Miner\u00eda de Asturias considera que el el acuerdo tomado por la Comisi\u00f3n Permanente de la Entidad el pasado 2 de setiembre perpet\u00faa el gobierno en solitario del sindicato SOMA-FITAG-UGT, \u00abcon la complicidad interesada de la Asociaci\u00f3n de Vigilantes y de personajes que desde una supuesta militancia solo persiguen mantenerse en sus cargos para llevar a cabo las malas pr\u00e1cticas que durante a\u00f1os hab\u00edan venido realizando y que durante el \u00faltimo a\u00f1o hab\u00edan sido corregidas\u00bb.<\/p>\n<p>En una nota de prensa, la Asociaci\u00f3n rechaza que el citado acuerdo \u00abestablezca el modelo de integraci\u00f3n de los presidentes de Juntas Locales de CC OO en los \u00f3rganos de gesti\u00f3n de la entidad y su relaci\u00f3n con los representantes de los socios protectores (SOMA-FITAG-UGT) y Asociaciones Profesionales de Miner\u00eda, as\u00ed como los elegidos de manera directa por los mutualistas en Asamblea\u00bb, tal y como recoge el texto del mismo.<\/p>\n<p>Afirma tambi\u00e9n que no es cierto que con la medida se corrja \u00abcualquier tipo de ausencia de representatividad de todas las sensibilidades hist\u00f3ricamente participantes en la estructura de gesti\u00f3n del Montep\u00edo\u00bb.<\/p>\n<p>Para la Asociaci\u00f3n de Mutualistas, \u00abel acuerdo es un torpedo a la linea de flotaci\u00f3n de un Montep\u00edo plural, cohesionado, democr\u00e1tico y abierto. No parece que vaya a ser una prioridad trabajar en la recuperaci\u00f3n de la mutualidad a partir de la reformas necesarias de sus estatutos que permitan ampliar su base social, dar mas participaci\u00f3n de los mutualistas, mas democracia interna, mas transparencia, mayor control y mejor representatividad\u00bb.<\/p>\n<p>En opini\u00f3n de esta entidad, a cuyo frente se sit\u00faa el exdirigente de Comisiones Obreras Antonio Rubio, \u00abel acuerdo resucita el Montep\u00edo mas casposo y refuerza a quienes piensan en la Mutualidad como en un chiringuito de privilegios para unos pocos, manipulado por el SOMA-FITAG-UGT\u00bb.<\/p>\n<p>Se trata, por tanto, de \u00abuna simple operaci\u00f3n de imagen con la complicidad interesada de quienes habiendo sido despreciados por sus ahora compa\u00f1eros de viaje, vuelven a hacer el trabajo sucio para mantener sus peque\u00f1os y ego\u00edstas intereses personales desde una inexistente delegaci\u00f3n sindical y desde una mas que discutible representatividad y legitimidad. Y casualmente estas personas que en su momento aplaudieron la salida de CC.OO. van a representar supuestamente a este sindicato, que ya ha manifestado en reiteradas ocasiones su decisi\u00f3n de no participar como socio protector\u00bb.<\/p>\n<p>Desde la Asociaci\u00f3n de Mutualistas del Montep\u00edo entiende que \u00abya basta de personalismos interesados. Democratizar el Montep\u00edo no es mantener, casi a perpetuidad, a quienes contribuyeron al descr\u00e9dito de nuestra Mutualidad\u00bb. \u00abPara la mayor\u00eda de Mutualistas, el Montep\u00edo de la Miner\u00eda Asturiana representa mucho m\u00e1s que lo que la actual direcci\u00f3n y el SOMA-FITAG-UGT est\u00e1n haciendo con nuestra Entidad\u00bb, se\u00f1ala la nota de prensa.<\/p>\n<p>&nbsp;<\/p>\n","protected":false},"excerpt":{"rendered":"<p>La Asociaci\u00f3n de Mutualistas del Montep\u00edo de la Miner\u00eda de Asturias considera que el el acuerdo tomado por la Comisi\u00f3n Permanente de la Entidad el pasado 2 de setiembre perpet\u00faa el gobierno en solitario del sindicato SOMA-FITAG-UGT, \u00abcon la complicidad interesada de la Asociaci\u00f3n de Vigilantes y de personajes que desde una supuesta militancia solo [&hellip;]<\/p>\n","protected":false},"author":1,"featured_media":1018,"comment_status":"closed","ping_status":"closed","sticky":false,"template":"","format":"standard","meta":{"footnotes":""},"categories":[12],"tags":[],"class_list":["post-908151","post","type-post","status-publish","format-standard","has-post-thumbnail","hentry","category-actualidad-asturias"],"aioseo_notices":[],"aioseo_head":"\n\t\t<!-- All in One SEO Pro 4.9.6.2 - aioseo.com -->\n\t<meta name=\"description\" content=\"La Asociaci\u00f3n de Mutualistas del Montep\u00edo de la Miner\u00eda de Asturias considera que el el acuerdo tomado por la Comisi\u00f3n Permanente de la Entidad el pasado 2 de setiembre perpet\u00faa el gobierno en solitario del sindicato SOMA-FITAG-UGT, &quot;con la complicidad interesada de la Asociaci\u00f3n de Vigilantes y de personajes que desde una supuesta militancia solo\" \/>\n\t<meta name=\"robots\" content=\"max-image-preview:large\" \/>\n\t<meta name=\"author\" content=\"El Digital de Asturias\"\/>\n\t<meta name=\"google-site-verification\" content=\"UA-38556648-1\" \/>\n\t<meta name=\"msvalidate.01\" content=\"7dfe9f3f1b24437ab69f4f2559babe99\" \/>\n\t<meta name=\"keywords\" content=\"actualidad asturias\" \/>\n\t<link rel=\"canonical\" href=\"https:\/\/www.eldigitaldeasturias.com\/noticias\/la-asociacion-de-mutualistas-acusa-al-soma-de-perpetuar-su-gobierno-en-solitario-en-el-montepio\/\" \/>\n\t<meta name=\"generator\" content=\"All in One SEO Pro (AIOSEO) 4.9.6.2\" \/>\n\t\t<meta property=\"og:locale\" content=\"es_ES\" \/>\n\t\t<meta property=\"og:site_name\" content=\"El Digital de Asturias\" \/>\n\t\t<meta property=\"og:type\" content=\"article\" \/>\n\t\t<meta property=\"og:title\" content=\"La Asociaci\u00f3n de Mutualistas acusa al SOMA de \u00abperpetuar su gobierno en solitario\u00bb en el Montep\u00edo - El Digital de Asturias\" \/>\n\t\t<meta property=\"og:description\" content=\"La Asociaci\u00f3n de Mutualistas del Montep\u00edo de la Miner\u00eda de Asturias considera que el el acuerdo tomado por la Comisi\u00f3n Permanente de la Entidad el pasado 2 de setiembre perpet\u00faa el gobierno en solitario del sindicato SOMA-FITAG-UGT, &quot;con la complicidad interesada de la Asociaci\u00f3n de Vigilantes y de personajes que desde una supuesta militancia solo\" \/>\n\t\t<meta property=\"og:url\" content=\"https:\/\/www.eldigitaldeasturias.com\/noticias\/la-asociacion-de-mutualistas-acusa-al-soma-de-perpetuar-su-gobierno-en-solitario-en-el-montepio\/\" \/>\n\t\t<meta property=\"og:image\" content=\"https:\/\/www.eldigitaldeasturias.com\/noticias\/wp-content\/uploads\/2013\/09\/carbon_20130920131909_800.jpg\" \/>\n\t\t<meta property=\"og:image:secure_url\" content=\"https:\/\/www.eldigitaldeasturias.com\/noticias\/wp-content\/uploads\/2013\/09\/carbon_20130920131909_800.jpg\" \/>\n\t\t<meta property=\"og:image:width\" content=\"750\" \/>\n\t\t<meta property=\"og:image:height\" content=\"500\" \/>\n\t\t<meta property=\"article:tag\" content=\"actualidad asturias\" \/>\n\t\t<meta property=\"article:published_time\" content=\"2016-09-17T12:15:14+00:00\" \/>\n\t\t<meta property=\"article:modified_time\" content=\"2016-09-17T12:15:14+00:00\" \/>\n\t\t<meta property=\"article:publisher\" content=\"https:\/\/facebook.com\/eldigitaldeasturias\" \/>\n\t\t<meta name=\"twitter:card\" content=\"summary_large_image\" \/>\n\t\t<meta name=\"twitter:title\" content=\"La Asociaci\u00f3n de Mutualistas acusa al SOMA de \u00abperpetuar su gobierno en solitario\u00bb en el Montep\u00edo - El Digital de Asturias\" \/>\n\t\t<meta name=\"twitter:description\" content=\"La Asociaci\u00f3n de Mutualistas del Montep\u00edo de la Miner\u00eda de Asturias considera que el el acuerdo tomado por la Comisi\u00f3n Permanente de la Entidad el pasado 2 de setiembre perpet\u00faa el gobierno en solitario del sindicato SOMA-FITAG-UGT, &quot;con la complicidad interesada de la Asociaci\u00f3n de Vigilantes y de personajes que desde una supuesta militancia solo\" \/>\n\t\t<meta name=\"twitter:image\" content=\"https:\/\/www.eldigitaldeasturias.com\/noticias\/wp-content\/uploads\/2013\/09\/carbon_20130920131909_800.jpg\" \/>\n\t\t<meta name=\"twitter:label1\" content=\"Escrito por\" \/>\n\t\t<meta name=\"twitter:data1\" content=\"El Digital de Asturias\" \/>\n\t\t<meta name=\"twitter:label2\" content=\"Tiempo de lectura estimado\" \/>\n\t\t<meta name=\"twitter:data2\" content=\"2 minutos\" \/>\n\t\t<script type=\"application\/ld+json\" class=\"aioseo-schema\">\n\t\t\t{\"@context\":\"https:\\\/\\\/schema.org\",\"@graph\":[{\"@type\":\"BlogPosting\",\"@id\":\"https:\\\/\\\/www.eldigitaldeasturias.com\\\/noticias\\\/la-asociacion-de-mutualistas-acusa-al-soma-de-perpetuar-su-gobierno-en-solitario-en-el-montepio\\\/#blogposting\",\"name\":\"La Asociaci\\u00f3n de Mutualistas acusa al SOMA de \\u00abperpetuar su gobierno en solitario\\u00bb en el Montep\\u00edo - El Digital de Asturias\",\"headline\":\"La Asociaci\\u00f3n de Mutualistas acusa al SOMA de \\u00abperpetuar su gobierno en solitario\\u00bb en el Montep\\u00edo\",\"author\":{\"@id\":\"https:\\\/\\\/www.eldigitaldeasturias.com\\\/noticias\\\/author\\\/admin\\\/#author\"},\"publisher\":{\"@id\":\"https:\\\/\\\/www.eldigitaldeasturias.com\\\/noticias\\\/#organization\"},\"image\":{\"@type\":\"ImageObject\",\"url\":\"https:\\\/\\\/www.eldigitaldeasturias.com\\\/noticias\\\/wp-content\\\/uploads\\\/2013\\\/09\\\/carbon_20130920131909_800.jpg\",\"width\":750,\"height\":500},\"datePublished\":\"2016-09-17T13:15:14+02:00\",\"dateModified\":\"2016-09-17T13:15:14+02:00\",\"inLanguage\":\"es-ES\",\"mainEntityOfPage\":{\"@id\":\"https:\\\/\\\/www.eldigitaldeasturias.com\\\/noticias\\\/la-asociacion-de-mutualistas-acusa-al-soma-de-perpetuar-su-gobierno-en-solitario-en-el-montepio\\\/#webpage\"},\"isPartOf\":{\"@id\":\"https:\\\/\\\/www.eldigitaldeasturias.com\\\/noticias\\\/la-asociacion-de-mutualistas-acusa-al-soma-de-perpetuar-su-gobierno-en-solitario-en-el-montepio\\\/#webpage\"},\"articleSection\":\"Actualidad Asturias\"},{\"@type\":\"BreadcrumbList\",\"@id\":\"https:\\\/\\\/www.eldigitaldeasturias.com\\\/noticias\\\/la-asociacion-de-mutualistas-acusa-al-soma-de-perpetuar-su-gobierno-en-solitario-en-el-montepio\\\/#breadcrumblist\",\"itemListElement\":[{\"@type\":\"ListItem\",\"@id\":\"https:\\\/\\\/www.eldigitaldeasturias.com\\\/noticias#listItem\",\"position\":1,\"name\":\"Home\",\"item\":\"https:\\\/\\\/www.eldigitaldeasturias.com\\\/noticias\",\"nextItem\":{\"@type\":\"ListItem\",\"@id\":\"https:\\\/\\\/www.eldigitaldeasturias.com\\\/noticias\\\/category\\\/actualidad-asturias\\\/#listItem\",\"name\":\"Actualidad Asturias\"}},{\"@type\":\"ListItem\",\"@id\":\"https:\\\/\\\/www.eldigitaldeasturias.com\\\/noticias\\\/category\\\/actualidad-asturias\\\/#listItem\",\"position\":2,\"name\":\"Actualidad Asturias\",\"item\":\"https:\\\/\\\/www.eldigitaldeasturias.com\\\/noticias\\\/category\\\/actualidad-asturias\\\/\",\"nextItem\":{\"@type\":\"ListItem\",\"@id\":\"https:\\\/\\\/www.eldigitaldeasturias.com\\\/noticias\\\/la-asociacion-de-mutualistas-acusa-al-soma-de-perpetuar-su-gobierno-en-solitario-en-el-montepio\\\/#listItem\",\"name\":\"La Asociaci\\u00f3n de Mutualistas acusa al SOMA de \\u00abperpetuar su gobierno en solitario\\u00bb en el Montep\\u00edo\"},\"previousItem\":{\"@type\":\"ListItem\",\"@id\":\"https:\\\/\\\/www.eldigitaldeasturias.com\\\/noticias#listItem\",\"name\":\"Home\"}},{\"@type\":\"ListItem\",\"@id\":\"https:\\\/\\\/www.eldigitaldeasturias.com\\\/noticias\\\/la-asociacion-de-mutualistas-acusa-al-soma-de-perpetuar-su-gobierno-en-solitario-en-el-montepio\\\/#listItem\",\"position\":3,\"name\":\"La Asociaci\\u00f3n de Mutualistas acusa al SOMA de \\u00abperpetuar su gobierno en solitario\\u00bb en el Montep\\u00edo\",\"previousItem\":{\"@type\":\"ListItem\",\"@id\":\"https:\\\/\\\/www.eldigitaldeasturias.com\\\/noticias\\\/category\\\/actualidad-asturias\\\/#listItem\",\"name\":\"Actualidad Asturias\"}}]},{\"@type\":\"Organization\",\"@id\":\"https:\\\/\\\/www.eldigitaldeasturias.com\\\/noticias\\\/#organization\",\"name\":\"El Digital de Asturias\",\"description\":\"Hemeroteca\",\"url\":\"https:\\\/\\\/www.eldigitaldeasturias.com\\\/noticias\\\/\",\"email\":\"info@eldigitaldeasturias.com\",\"telephone\":\"+34652131393\",\"logo\":{\"@type\":\"ImageObject\",\"url\":\"https:\\\/\\\/www.eldigitaldeasturias.com\\\/noticias\\\/wp-content\\\/uploads\\\/2020\\\/12\\\/EDA.jpg\",\"@id\":\"https:\\\/\\\/www.eldigitaldeasturias.com\\\/noticias\\\/la-asociacion-de-mutualistas-acusa-al-soma-de-perpetuar-su-gobierno-en-solitario-en-el-montepio\\\/#organizationLogo\",\"width\":649,\"height\":297},\"image\":{\"@id\":\"https:\\\/\\\/www.eldigitaldeasturias.com\\\/noticias\\\/la-asociacion-de-mutualistas-acusa-al-soma-de-perpetuar-su-gobierno-en-solitario-en-el-montepio\\\/#organizationLogo\"},\"sameAs\":[\"https:\\\/\\\/facebook.com\\\/eldigitaldeasturias\",\"https:\\\/\\\/www.youtube.com\\\/channel\\\/UCZP-2wLEB9Rv6erhFmqVnvg\"],\"address\":{\"@id\":\"https:\\\/\\\/www.eldigitaldeasturias.com\\\/noticias\\\/#postaladdress\",\"@type\":\"PostalAddress\",\"streetAddress\":\"san antonio 4,\",\"postalCode\":\"33430\",\"addressLocality\":\"Cand\\u00e1s\",\"addressRegion\":\"Asturias\",\"addressCountry\":\"ES\"}},{\"@type\":\"Person\",\"@id\":\"https:\\\/\\\/www.eldigitaldeasturias.com\\\/noticias\\\/author\\\/admin\\\/#author\",\"url\":\"https:\\\/\\\/www.eldigitaldeasturias.com\\\/noticias\\\/author\\\/admin\\\/\",\"name\":\"El Digital de Asturias\",\"image\":{\"@type\":\"ImageObject\",\"@id\":\"https:\\\/\\\/www.eldigitaldeasturias.com\\\/noticias\\\/la-asociacion-de-mutualistas-acusa-al-soma-de-perpetuar-su-gobierno-en-solitario-en-el-montepio\\\/#authorImage\",\"url\":\"https:\\\/\\\/www.eldigitaldeasturias.com\\\/noticias\\\/wp-content\\\/litespeed\\\/avatar\\\/18677e78aa0546b92d9dbf31ec7d7668.jpg?ver=1776685526\",\"width\":96,\"height\":96,\"caption\":\"El Digital de Asturias\"}},{\"@type\":\"WebPage\",\"@id\":\"https:\\\/\\\/www.eldigitaldeasturias.com\\\/noticias\\\/la-asociacion-de-mutualistas-acusa-al-soma-de-perpetuar-su-gobierno-en-solitario-en-el-montepio\\\/#webpage\",\"url\":\"https:\\\/\\\/www.eldigitaldeasturias.com\\\/noticias\\\/la-asociacion-de-mutualistas-acusa-al-soma-de-perpetuar-su-gobierno-en-solitario-en-el-montepio\\\/\",\"name\":\"La Asociaci\\u00f3n de Mutualistas acusa al SOMA de \\u00abperpetuar su gobierno en solitario\\u00bb en el Montep\\u00edo - El Digital de Asturias\",\"description\":\"La Asociaci\\u00f3n de Mutualistas del Montep\\u00edo de la Miner\\u00eda de Asturias considera que el el acuerdo tomado por la Comisi\\u00f3n Permanente de la Entidad el pasado 2 de setiembre perpet\\u00faa el gobierno en solitario del sindicato SOMA-FITAG-UGT, \\\"con la complicidad interesada de la Asociaci\\u00f3n de Vigilantes y de personajes que desde una supuesta militancia solo\",\"inLanguage\":\"es-ES\",\"isPartOf\":{\"@id\":\"https:\\\/\\\/www.eldigitaldeasturias.com\\\/noticias\\\/#website\"},\"breadcrumb\":{\"@id\":\"https:\\\/\\\/www.eldigitaldeasturias.com\\\/noticias\\\/la-asociacion-de-mutualistas-acusa-al-soma-de-perpetuar-su-gobierno-en-solitario-en-el-montepio\\\/#breadcrumblist\"},\"author\":{\"@id\":\"https:\\\/\\\/www.eldigitaldeasturias.com\\\/noticias\\\/author\\\/admin\\\/#author\"},\"creator\":{\"@id\":\"https:\\\/\\\/www.eldigitaldeasturias.com\\\/noticias\\\/author\\\/admin\\\/#author\"},\"image\":{\"@type\":\"ImageObject\",\"url\":\"https:\\\/\\\/www.eldigitaldeasturias.com\\\/noticias\\\/wp-content\\\/uploads\\\/2013\\\/09\\\/carbon_20130920131909_800.jpg\",\"@id\":\"https:\\\/\\\/www.eldigitaldeasturias.com\\\/noticias\\\/la-asociacion-de-mutualistas-acusa-al-soma-de-perpetuar-su-gobierno-en-solitario-en-el-montepio\\\/#mainImage\",\"width\":750,\"height\":500},\"primaryImageOfPage\":{\"@id\":\"https:\\\/\\\/www.eldigitaldeasturias.com\\\/noticias\\\/la-asociacion-de-mutualistas-acusa-al-soma-de-perpetuar-su-gobierno-en-solitario-en-el-montepio\\\/#mainImage\"},\"datePublished\":\"2016-09-17T13:15:14+02:00\",\"dateModified\":\"2016-09-17T13:15:14+02:00\"},{\"@type\":\"WebSite\",\"@id\":\"https:\\\/\\\/www.eldigitaldeasturias.com\\\/noticias\\\/#website\",\"url\":\"https:\\\/\\\/www.eldigitaldeasturias.com\\\/noticias\\\/\",\"name\":\"El Digital de Asturias - Diario de actualidad y noticias\",\"alternateName\":\"El Digital de Asturias - Diario de actualidad y noticias\",\"description\":\"Hemeroteca\",\"inLanguage\":\"es-ES\",\"publisher\":{\"@id\":\"https:\\\/\\\/www.eldigitaldeasturias.com\\\/noticias\\\/#organization\"}}]}\n\t\t<\/script>\n\t\t<!-- All in One SEO Pro -->\r\n\t\t<title>La Asociaci\u00f3n de Mutualistas acusa al SOMA de \u00abperpetuar su gobierno en solitario\u00bb en el Montep\u00edo - El Digital de Asturias<\/title>\n\n","aioseo_head_json":{"title":"La Asociaci\u00f3n de Mutualistas acusa al SOMA de \u00abperpetuar su gobierno en solitario\u00bb en el Montep\u00edo - El Digital de Asturias","description":"La Asociaci\u00f3n de Mutualistas del Montep\u00edo de la Miner\u00eda de Asturias considera que el el acuerdo tomado por la Comisi\u00f3n Permanente de la Entidad el pasado 2 de setiembre perpet\u00faa el gobierno en solitario del sindicato SOMA-FITAG-UGT, \"con la complicidad interesada de la Asociaci\u00f3n de Vigilantes y de personajes que desde una supuesta militancia solo","canonical_url":"https:\/\/www.eldigitaldeasturias.com\/noticias\/la-asociacion-de-mutualistas-acusa-al-soma-de-perpetuar-su-gobierno-en-solitario-en-el-montepio\/","robots":"max-image-preview:large","keywords":"actualidad asturias","webmasterTools":{"google-site-verification":"UA-38556648-1","msvalidate.01":"7dfe9f3f1b24437ab69f4f2559babe99","miscellaneous":""},"schema":{"@context":"https:\/\/schema.org","@graph":[{"@type":"BlogPosting","@id":"https:\/\/www.eldigitaldeasturias.com\/noticias\/la-asociacion-de-mutualistas-acusa-al-soma-de-perpetuar-su-gobierno-en-solitario-en-el-montepio\/#blogposting","name":"La Asociaci\u00f3n de Mutualistas acusa al SOMA de \u00abperpetuar su gobierno en solitario\u00bb en el Montep\u00edo - El Digital de Asturias","headline":"La Asociaci\u00f3n de Mutualistas acusa al SOMA de \u00abperpetuar su gobierno en solitario\u00bb en el Montep\u00edo","author":{"@id":"https:\/\/www.eldigitaldeasturias.com\/noticias\/author\/admin\/#author"},"publisher":{"@id":"https:\/\/www.eldigitaldeasturias.com\/noticias\/#organization"},"image":{"@type":"ImageObject","url":"https:\/\/www.eldigitaldeasturias.com\/noticias\/wp-content\/uploads\/2013\/09\/carbon_20130920131909_800.jpg","width":750,"height":500},"datePublished":"2016-09-17T13:15:14+02:00","dateModified":"2016-09-17T13:15:14+02:00","inLanguage":"es-ES","mainEntityOfPage":{"@id":"https:\/\/www.eldigitaldeasturias.com\/noticias\/la-asociacion-de-mutualistas-acusa-al-soma-de-perpetuar-su-gobierno-en-solitario-en-el-montepio\/#webpage"},"isPartOf":{"@id":"https:\/\/www.eldigitaldeasturias.com\/noticias\/la-asociacion-de-mutualistas-acusa-al-soma-de-perpetuar-su-gobierno-en-solitario-en-el-montepio\/#webpage"},"articleSection":"Actualidad Asturias"},{"@type":"BreadcrumbList","@id":"https:\/\/www.eldigitaldeasturias.com\/noticias\/la-asociacion-de-mutualistas-acusa-al-soma-de-perpetuar-su-gobierno-en-solitario-en-el-montepio\/#breadcrumblist","itemListElement":[{"@type":"ListItem","@id":"https:\/\/www.eldigitaldeasturias.com\/noticias#listItem","position":1,"name":"Home","item":"https:\/\/www.eldigitaldeasturias.com\/noticias","nextItem":{"@type":"ListItem","@id":"https:\/\/www.eldigitaldeasturias.com\/noticias\/category\/actualidad-asturias\/#listItem","name":"Actualidad Asturias"}},{"@type":"ListItem","@id":"https:\/\/www.eldigitaldeasturias.com\/noticias\/category\/actualidad-asturias\/#listItem","position":2,"name":"Actualidad Asturias","item":"https:\/\/www.eldigitaldeasturias.com\/noticias\/category\/actualidad-asturias\/","nextItem":{"@type":"ListItem","@id":"https:\/\/www.eldigitaldeasturias.com\/noticias\/la-asociacion-de-mutualistas-acusa-al-soma-de-perpetuar-su-gobierno-en-solitario-en-el-montepio\/#listItem","name":"La Asociaci\u00f3n de Mutualistas acusa al SOMA de \u00abperpetuar su gobierno en solitario\u00bb en el Montep\u00edo"},"previousItem":{"@type":"ListItem","@id":"https:\/\/www.eldigitaldeasturias.com\/noticias#listItem","name":"Home"}},{"@type":"ListItem","@id":"https:\/\/www.eldigitaldeasturias.com\/noticias\/la-asociacion-de-mutualistas-acusa-al-soma-de-perpetuar-su-gobierno-en-solitario-en-el-montepio\/#listItem","position":3,"name":"La Asociaci\u00f3n de Mutualistas acusa al SOMA de \u00abperpetuar su gobierno en solitario\u00bb en el Montep\u00edo","previousItem":{"@type":"ListItem","@id":"https:\/\/www.eldigitaldeasturias.com\/noticias\/category\/actualidad-asturias\/#listItem","name":"Actualidad Asturias"}}]},{"@type":"Organization","@id":"https:\/\/www.eldigitaldeasturias.com\/noticias\/#organization","name":"El Digital de Asturias","description":"Hemeroteca","url":"https:\/\/www.eldigitaldeasturias.com\/noticias\/","email":"info@eldigitaldeasturias.com","telephone":"+34652131393","logo":{"@type":"ImageObject","url":"https:\/\/www.eldigitaldeasturias.com\/noticias\/wp-content\/uploads\/2020\/12\/EDA.jpg","@id":"https:\/\/www.eldigitaldeasturias.com\/noticias\/la-asociacion-de-mutualistas-acusa-al-soma-de-perpetuar-su-gobierno-en-solitario-en-el-montepio\/#organizationLogo","width":649,"height":297},"image":{"@id":"https:\/\/www.eldigitaldeasturias.com\/noticias\/la-asociacion-de-mutualistas-acusa-al-soma-de-perpetuar-su-gobierno-en-solitario-en-el-montepio\/#organizationLogo"},"sameAs":["https:\/\/facebook.com\/eldigitaldeasturias","https:\/\/www.youtube.com\/channel\/UCZP-2wLEB9Rv6erhFmqVnvg"],"address":{"@id":"https:\/\/www.eldigitaldeasturias.com\/noticias\/#postaladdress","@type":"PostalAddress","streetAddress":"san antonio 4,","postalCode":"33430","addressLocality":"Cand\u00e1s","addressRegion":"Asturias","addressCountry":"ES"}},{"@type":"Person","@id":"https:\/\/www.eldigitaldeasturias.com\/noticias\/author\/admin\/#author","url":"https:\/\/www.eldigitaldeasturias.com\/noticias\/author\/admin\/","name":"El Digital de Asturias","image":{"@type":"ImageObject","@id":"https:\/\/www.eldigitaldeasturias.com\/noticias\/la-asociacion-de-mutualistas-acusa-al-soma-de-perpetuar-su-gobierno-en-solitario-en-el-montepio\/#authorImage","url":"https:\/\/www.eldigitaldeasturias.com\/noticias\/wp-content\/litespeed\/avatar\/18677e78aa0546b92d9dbf31ec7d7668.jpg?ver=1776685526","width":96,"height":96,"caption":"El Digital de Asturias"}},{"@type":"WebPage","@id":"https:\/\/www.eldigitaldeasturias.com\/noticias\/la-asociacion-de-mutualistas-acusa-al-soma-de-perpetuar-su-gobierno-en-solitario-en-el-montepio\/#webpage","url":"https:\/\/www.eldigitaldeasturias.com\/noticias\/la-asociacion-de-mutualistas-acusa-al-soma-de-perpetuar-su-gobierno-en-solitario-en-el-montepio\/","name":"La Asociaci\u00f3n de Mutualistas acusa al SOMA de \u00abperpetuar su gobierno en solitario\u00bb en el Montep\u00edo - El Digital de Asturias","description":"La Asociaci\u00f3n de Mutualistas del Montep\u00edo de la Miner\u00eda de Asturias considera que el el acuerdo tomado por la Comisi\u00f3n Permanente de la Entidad el pasado 2 de setiembre perpet\u00faa el gobierno en solitario del sindicato SOMA-FITAG-UGT, \"con la complicidad interesada de la Asociaci\u00f3n de Vigilantes y de personajes que desde una supuesta militancia solo","inLanguage":"es-ES","isPartOf":{"@id":"https:\/\/www.eldigitaldeasturias.com\/noticias\/#website"},"breadcrumb":{"@id":"https:\/\/www.eldigitaldeasturias.com\/noticias\/la-asociacion-de-mutualistas-acusa-al-soma-de-perpetuar-su-gobierno-en-solitario-en-el-montepio\/#breadcrumblist"},"author":{"@id":"https:\/\/www.eldigitaldeasturias.com\/noticias\/author\/admin\/#author"},"creator":{"@id":"https:\/\/www.eldigitaldeasturias.com\/noticias\/author\/admin\/#author"},"image":{"@type":"ImageObject","url":"https:\/\/www.eldigitaldeasturias.com\/noticias\/wp-content\/uploads\/2013\/09\/carbon_20130920131909_800.jpg","@id":"https:\/\/www.eldigitaldeasturias.com\/noticias\/la-asociacion-de-mutualistas-acusa-al-soma-de-perpetuar-su-gobierno-en-solitario-en-el-montepio\/#mainImage","width":750,"height":500},"primaryImageOfPage":{"@id":"https:\/\/www.eldigitaldeasturias.com\/noticias\/la-asociacion-de-mutualistas-acusa-al-soma-de-perpetuar-su-gobierno-en-solitario-en-el-montepio\/#mainImage"},"datePublished":"2016-09-17T13:15:14+02:00","dateModified":"2016-09-17T13:15:14+02:00"},{"@type":"WebSite","@id":"https:\/\/www.eldigitaldeasturias.com\/noticias\/#website","url":"https:\/\/www.eldigitaldeasturias.com\/noticias\/","name":"El Digital de Asturias - Diario de actualidad y noticias","alternateName":"El Digital de Asturias - Diario de actualidad y noticias","description":"Hemeroteca","inLanguage":"es-ES","publisher":{"@id":"https:\/\/www.eldigitaldeasturias.com\/noticias\/#organization"}}]},"og:locale":"es_ES","og:site_name":"El Digital de Asturias","og:type":"article","og:title":"La Asociaci\u00f3n de Mutualistas acusa al SOMA de \u00abperpetuar su gobierno en solitario\u00bb en el Montep\u00edo - El Digital de Asturias","og:description":"La Asociaci\u00f3n de Mutualistas del Montep\u00edo de la Miner\u00eda de Asturias considera que el el acuerdo tomado por la Comisi\u00f3n Permanente de la Entidad el pasado 2 de setiembre perpet\u00faa el gobierno en solitario del sindicato SOMA-FITAG-UGT, &quot;con la complicidad interesada de la Asociaci\u00f3n de Vigilantes y de personajes que desde una supuesta militancia solo","og:url":"https:\/\/www.eldigitaldeasturias.com\/noticias\/la-asociacion-de-mutualistas-acusa-al-soma-de-perpetuar-su-gobierno-en-solitario-en-el-montepio\/","og:image":"https:\/\/www.eldigitaldeasturias.com\/noticias\/wp-content\/uploads\/2013\/09\/carbon_20130920131909_800.jpg","og:image:secure_url":"https:\/\/www.eldigitaldeasturias.com\/noticias\/wp-content\/uploads\/2013\/09\/carbon_20130920131909_800.jpg","og:image:width":750,"og:image:height":500,"article:tag":["actualidad asturias"],"article:published_time":"2016-09-17T12:15:14+00:00","article:modified_time":"2016-09-17T12:15:14+00:00","article:publisher":"https:\/\/facebook.com\/eldigitaldeasturias","twitter:card":"summary_large_image","twitter:title":"La Asociaci\u00f3n de Mutualistas acusa al SOMA de \u00abperpetuar su gobierno en solitario\u00bb en el Montep\u00edo - El Digital de Asturias","twitter:description":"La Asociaci\u00f3n de Mutualistas del Montep\u00edo de la Miner\u00eda de Asturias considera que el el acuerdo tomado por la Comisi\u00f3n Permanente de la Entidad el pasado 2 de setiembre perpet\u00faa el gobierno en solitario del sindicato SOMA-FITAG-UGT, &quot;con la complicidad interesada de la Asociaci\u00f3n de Vigilantes y de personajes que desde una supuesta militancia solo","twitter:image":"https:\/\/www.eldigitaldeasturias.com\/noticias\/wp-content\/uploads\/2013\/09\/carbon_20130920131909_800.jpg","twitter:label1":"Escrito por","twitter:data1":"El Digital de Asturias","twitter:label2":"Tiempo de lectura estimado","twitter:data2":"2 minutos"},"aioseo_meta_data":{"post_id":"908151","title":null,"description":null,"keywords":null,"keyphrases":null,"primary_term":null,"canonical_url":null,"og_title":null,"og_description":null,"og_object_type":"default","og_image_type":"default","og_image_url":null,"og_image_width":null,"og_image_height":null,"og_image_custom_url":null,"og_image_custom_fields":null,"og_video":null,"og_custom_url":null,"og_article_section":null,"og_article_tags":null,"twitter_use_og":false,"twitter_card":"default","twitter_image_type":"default","twitter_image_url":null,"twitter_image_custom_url":null,"twitter_image_custom_fields":null,"twitter_title":null,"twitter_description":null,"schema":{"blockGraphs":[],"customGraphs":[],"default":{"data":{"Article":[],"Course":[],"Dataset":[],"FAQPage":[],"Movie":[],"Person":[],"Product":[],"ProductReview":[],"Car":[],"Recipe":[],"Service":[],"SoftwareApplication":[],"WebPage":[]},"graphName":"","isEnabled":true},"graphs":[],"defaultGraph":"","defaultPostTypeGraph":""},"schema_type":null,"schema_type_options":null,"pillar_content":false,"robots_default":true,"robots_noindex":false,"robots_noarchive":false,"robots_nosnippet":false,"robots_nofollow":false,"robots_noimageindex":false,"robots_noodp":false,"robots_notranslate":false,"robots_max_snippet":null,"robots_max_videopreview":null,"robots_max_imagepreview":"large","priority":null,"frequency":null,"local_seo":null,"seo_analyzer_scan_date":"2025-11-30 15:03:10","breadcrumb_settings":null,"limit_modified_date":false,"open_ai":null,"ai":null,"created":"2020-12-21 14:00:17","updated":"2025-11-30 15:03:10"},"aioseo_breadcrumb":"<div class=\"aioseo-breadcrumbs\"><span class=\"aioseo-breadcrumb\">\n\t<a href=\"https:\/\/www.eldigitaldeasturias.com\/noticias\" title=\"Home\">Home<\/a>\n<\/span><span class=\"aioseo-breadcrumb-separator\">\u2013<\/span><span class=\"aioseo-breadcrumb\">\n\t<a href=\"https:\/\/www.eldigitaldeasturias.com\/noticias\/category\/actualidad-asturias\/\" title=\"Actualidad Asturias\">Actualidad Asturias<\/a>\n<\/span><span class=\"aioseo-breadcrumb-separator\">\u2013<\/span><span class=\"aioseo-breadcrumb\">\n\t<a href=\"https:\/\/www.eldigitaldeasturias.com\/noticias\/la-asociacion-de-mutualistas-acusa-al-soma-de-perpetuar-su-gobierno-en-solitario-en-el-montepio\/\" title=\"La Asociaci\u00f3n de Mutualistas acusa al SOMA de \u00abperpetuar su gobierno en solitario\u00bb en el Montep\u00edo\">La Asociaci\u00f3n de Mutualistas acusa al SOMA de \u00abperpetuar su gobierno en solitario\u00bb en el Montep\u00edo<\/a>\n<\/span><\/div>","aioseo_breadcrumb_json":[{"label":"Home","link":"https:\/\/www.eldigitaldeasturias.com\/noticias"},{"label":"Actualidad Asturias","link":"https:\/\/www.eldigitaldeasturias.com\/noticias\/category\/actualidad-asturias\/"},{"label":"La Asociaci\u00f3n de Mutualistas acusa al SOMA de \u00abperpetuar su gobierno en solitario\u00bb en el Montep\u00edo","link":"https:\/\/www.eldigitaldeasturias.com\/noticias\/la-asociacion-de-mutualistas-acusa-al-soma-de-perpetuar-su-gobierno-en-solitario-en-el-montepio\/"}],"_links":{"self":[{"href":"https:\/\/www.eldigitaldeasturias.com\/noticias\/wp-json\/wp\/v2\/posts\/908151","targetHints":{"allow":["GET"]}}],"collection":[{"href":"https:\/\/www.eldigitaldeasturias.com\/noticias\/wp-json\/wp\/v2\/posts"}],"about":[{"href":"https:\/\/www.eldigitaldeasturias.com\/noticias\/wp-json\/wp\/v2\/types\/post"}],"author":[{"embeddable":true,"href":"https:\/\/www.eldigitaldeasturias.com\/noticias\/wp-json\/wp\/v2\/users\/1"}],"replies":[{"embeddable":true,"href":"https:\/\/www.eldigitaldeasturias.com\/noticias\/wp-json\/wp\/v2\/comments?post=908151"}],"version-history":[{"count":0,"href":"https:\/\/www.eldigitaldeasturias.com\/noticias\/wp-json\/wp\/v2\/posts\/908151\/revisions"}],"wp:featuredmedia":[{"embeddable":true,"href":"https:\/\/www.eldigitaldeasturias.com\/noticias\/wp-json\/wp\/v2\/media\/1018"}],"wp:attachment":[{"href":"https:\/\/www.eldigitaldeasturias.com\/noticias\/wp-json\/wp\/v2\/media?parent=908151"}],"wp:term":[{"taxonomy":"category","embeddable":true,"href":"https:\/\/www.eldigitaldeasturias.com\/noticias\/wp-json\/wp\/v2\/categories?post=908151"},{"taxonomy":"post_tag","embeddable":true,"href":"https:\/\/www.eldigitaldeasturias.com\/noticias\/wp-json\/wp\/v2\/tags?post=908151"}],"curies":[{"name":"wp","href":"https:\/\/api.w.org\/{rel}","templated":true}]}}