{"id":908148,"date":"2016-09-17T13:13:16","date_gmt":"2016-09-17T12:13:16","guid":{"rendered":"http:\/\/www.eldigitaldeasturias.com\/noticias\/?p=908148"},"modified":"2016-09-17T13:13:16","modified_gmt":"2016-09-17T12:13:16","slug":"la-escuelona-sera-el-primero-en-participar-en-los-caminos-escolares-seguros","status":"publish","type":"post","link":"https:\/\/www.eldigitaldeasturias.com\/noticias\/la-escuelona-sera-el-primero-en-participar-en-los-caminos-escolares-seguros\/","title":{"rendered":"&#8216;La Escuelona&#8217; ser\u00e1 el primero en participar en los caminos escolares seguros"},"content":{"rendered":"<p><img loading=\"lazy\" decoding=\"async\" class=\"alignleft size-medium wp-image-908149\" src=\"https:\/\/www.eldigitaldeasturias.com\/noticias\/wp-content\/uploads\/2016\/09\/fotonoticia_20160916184137_800-360x203.jpg\" alt=\"fotonoticia_20160916184137_800\" width=\"360\" height=\"203\" srcset=\"https:\/\/www.eldigitaldeasturias.com\/noticias\/wp-content\/uploads\/2016\/09\/fotonoticia_20160916184137_800-360x203.jpg 360w, https:\/\/www.eldigitaldeasturias.com\/noticias\/wp-content\/uploads\/2016\/09\/fotonoticia_20160916184137_800-768x432.jpg 768w, https:\/\/www.eldigitaldeasturias.com\/noticias\/wp-content\/uploads\/2016\/09\/fotonoticia_20160916184137_800-650x366.jpg 650w, https:\/\/www.eldigitaldeasturias.com\/noticias\/wp-content\/uploads\/2016\/09\/fotonoticia_20160916184137_800.jpg 800w\" sizes=\"auto, (max-width: 360px) 100vw, 360px\" \/>La concejala de Educaci\u00f3n en el Ayuntamiento de Gij\u00f3n, Monsterrat L\u00f3pez (Foro), ha avanzado este viernes que el colegio p\u00fablico &#8216;La Escuelona&#8217; ser\u00e1 el primero en participar en los caminos escolares seguros, itinerarios en los que los ni\u00f1os de quinto y sexta de Primaria puedan ir solos al centro educativo en grupos y guiados inicialmente por voluntarios, con distintos puntos de recogida a los largo del trayecto.<\/p>\n<p>El proyecto fue explicado coincidiendo con la Semana Europea de la Movilidad inaugurada este viernes y presentada en el Sal\u00f3n de Recepciones Municipal. Junto a L\u00f3pez, ha intervenido el concejal de Turismo y Festejos, Jes\u00fas Mart\u00ednez Salvador, y la directora provincial de la Direcci\u00f3n General de Tr\u00e1fico (DGT), Raquel Casado. Est\u00e1 previsto que participen en este proyecto piloto otros tres colegios -Ram\u00f3n de Campoamor, Lloreu y R\u00edo Piles&#8211;, que se ir\u00e1n incorporando paulatinamente entre este a\u00f1o y el pr\u00f3ximo.<\/p>\n<p>Asimismo, el proyecto de Caminos Escolares, que se realiza en colaboraci\u00f3n con la DGT, dar\u00e1 inicio con talleres educativos a los alumnos sobre seguridad vial y para que adquieran habilidades que les permitan ganar autonom\u00eda, con el objetivo de que puedan ir al colegio sin la compa\u00f1\u00eda de un adulto.<\/p>\n<p>Para ayudar a este fin, se ha pintado en las calles unas se\u00f1ales que indican el camino y se pintar\u00e1n unas frases entretenidas para los ni\u00f1os con las que les animan a estar atentos al cruzar la calle. Los itinerarios podr\u00e1n hacerse a pie, en bicicleta o combinados con transporte p\u00fablico.<\/p>\n<p>L\u00f3pez ha destacado que la iniciativa ya se viene desarrollando en otras ciudades pero ha dejado claro que sin el apoyo de las familias y de las Asociaciones de Padres y Madres de Alumnos esta iniciativa est\u00e1 abocada al fracaso. En esta l\u00ednea, la concejala ha augurado que va a ser \u00abun largo recorrido\u00bb y ha invitado a dejar aparcados los coches privados.<\/p>\n<p>Casado, por su parte, ha indicado que la idea es que se implante este sistema en todos los ayuntamientos, pero ha coincidido que sin el apoyo de los padres \u00abno vamos a ning\u00fan sitio\u00bb, ha apuntado. \u00abEs una lucha contra nosotros y nuestros miedos\u00bb, ha incidido. En este sentido, ha recalcado que cuando era joven los ni\u00f1os de esas edades iban andando solos al colegio.<\/p>\n<p><strong>D\u00cdA SIN COCHE<\/strong><\/p>\n<p>Mart\u00ednez Salvador, por su lado, ha aludido a las distintas actividades que se desarrollar\u00e1n desde este viernes al pr\u00f3ximo d\u00eda 22 con motivo de la Semana Europea de la Movilidad. Entre estas, se encuentra la presentaci\u00f3n de los trabajos de elaboraci\u00f3n del Plan Integral de Movilidad Sostenible y Segura (PMSS) de Gij\u00f3n, el pr\u00f3ximo d\u00eda 22, jornada en la que se celebrar\u00e1 el D\u00eda sin Coche, con un cierre temporal del tr\u00e1fico en la avenida Rufo Rendueles, entre las calles de Men\u00e9ndez Pelayo y Dom\u00ednguez Gil.<\/p>\n<p>Otras actividades son gymkanas, campa\u00f1as para fomento del transporte p\u00fablico entre los ni\u00f1os, marcha ciclista, la biciescuela y el bicitapeo. Tambi\u00e9n habr\u00e1 exposiciones fotogr\u00e1ficas, charlas y talleres. Mart\u00ednez Salvador, que ha destacado que cada vez hay m\u00e1s organizaciones que se suman a estos actos, ha animado a participar en las actividades programadas.<\/p>\n<p>&nbsp;<\/p>\n<p>&nbsp;<\/p>\n<p>&nbsp;<\/p>\n","protected":false},"excerpt":{"rendered":"<p>La concejala de Educaci\u00f3n en el Ayuntamiento de Gij\u00f3n, Monsterrat L\u00f3pez (Foro), ha avanzado este viernes que el colegio p\u00fablico &#8216;La Escuelona&#8217; ser\u00e1 el primero en participar en los caminos escolares seguros, itinerarios en los que los ni\u00f1os de quinto y sexta de Primaria puedan ir solos al centro educativo en grupos y guiados inicialmente [&hellip;]<\/p>\n","protected":false},"author":1,"featured_media":908149,"comment_status":"closed","ping_status":"closed","sticky":false,"template":"","format":"standard","meta":{"footnotes":""},"categories":[12],"tags":[],"class_list":["post-908148","post","type-post","status-publish","format-standard","has-post-thumbnail","hentry","category-actualidad-asturias"],"aioseo_notices":[],"aioseo_head":"\n\t\t<!-- All in One SEO Pro 4.9.6.2 - aioseo.com -->\n\t<meta name=\"description\" content=\"La concejala de Educaci\u00f3n en el Ayuntamiento de Gij\u00f3n, Monsterrat L\u00f3pez (Foro), ha avanzado este viernes que el colegio p\u00fablico &#039;La Escuelona&#039; ser\u00e1 el primero en participar en los caminos escolares seguros, itinerarios en los que los ni\u00f1os de quinto y sexta de Primaria puedan ir solos al centro educativo en grupos y guiados inicialmente\" \/>\n\t<meta name=\"robots\" content=\"max-image-preview:large\" \/>\n\t<meta name=\"author\" content=\"El Digital de Asturias\"\/>\n\t<meta name=\"google-site-verification\" content=\"UA-38556648-1\" \/>\n\t<meta name=\"msvalidate.01\" content=\"7dfe9f3f1b24437ab69f4f2559babe99\" \/>\n\t<meta name=\"keywords\" content=\"actualidad asturias\" \/>\n\t<link rel=\"canonical\" href=\"https:\/\/www.eldigitaldeasturias.com\/noticias\/la-escuelona-sera-el-primero-en-participar-en-los-caminos-escolares-seguros\/\" \/>\n\t<meta name=\"generator\" content=\"All in One SEO Pro (AIOSEO) 4.9.6.2\" \/>\n\t\t<meta property=\"og:locale\" content=\"es_ES\" \/>\n\t\t<meta property=\"og:site_name\" content=\"El Digital de Asturias\" \/>\n\t\t<meta property=\"og:type\" content=\"article\" \/>\n\t\t<meta property=\"og:title\" content=\"\u2018La Escuelona\u2019 ser\u00e1 el primero en participar en los caminos escolares seguros - El Digital de Asturias\" \/>\n\t\t<meta property=\"og:description\" content=\"La concejala de Educaci\u00f3n en el Ayuntamiento de Gij\u00f3n, Monsterrat L\u00f3pez (Foro), ha avanzado este viernes que el colegio p\u00fablico &#039;La Escuelona&#039; ser\u00e1 el primero en participar en los caminos escolares seguros, itinerarios en los que los ni\u00f1os de quinto y sexta de Primaria puedan ir solos al centro educativo en grupos y guiados inicialmente\" \/>\n\t\t<meta property=\"og:url\" content=\"https:\/\/www.eldigitaldeasturias.com\/noticias\/la-escuelona-sera-el-primero-en-participar-en-los-caminos-escolares-seguros\/\" \/>\n\t\t<meta property=\"og:image\" content=\"https:\/\/www.eldigitaldeasturias.com\/noticias\/wp-content\/uploads\/2016\/09\/fotonoticia_20160916184137_800.jpg\" \/>\n\t\t<meta property=\"og:image:secure_url\" content=\"https:\/\/www.eldigitaldeasturias.com\/noticias\/wp-content\/uploads\/2016\/09\/fotonoticia_20160916184137_800.jpg\" \/>\n\t\t<meta property=\"og:image:width\" content=\"800\" \/>\n\t\t<meta property=\"og:image:height\" content=\"450\" \/>\n\t\t<meta property=\"article:tag\" content=\"actualidad asturias\" \/>\n\t\t<meta property=\"article:published_time\" content=\"2016-09-17T12:13:16+00:00\" \/>\n\t\t<meta property=\"article:modified_time\" content=\"2016-09-17T12:13:16+00:00\" \/>\n\t\t<meta property=\"article:publisher\" content=\"https:\/\/facebook.com\/eldigitaldeasturias\" \/>\n\t\t<meta name=\"twitter:card\" content=\"summary_large_image\" \/>\n\t\t<meta name=\"twitter:title\" content=\"\u2018La Escuelona\u2019 ser\u00e1 el primero en participar en los caminos escolares seguros - El Digital de Asturias\" \/>\n\t\t<meta name=\"twitter:description\" content=\"La concejala de Educaci\u00f3n en el Ayuntamiento de Gij\u00f3n, Monsterrat L\u00f3pez (Foro), ha avanzado este viernes que el colegio p\u00fablico &#039;La Escuelona&#039; ser\u00e1 el primero en participar en los caminos escolares seguros, itinerarios en los que los ni\u00f1os de quinto y sexta de Primaria puedan ir solos al centro educativo en grupos y guiados inicialmente\" \/>\n\t\t<meta name=\"twitter:image\" content=\"https:\/\/www.eldigitaldeasturias.com\/noticias\/wp-content\/uploads\/2016\/09\/fotonoticia_20160916184137_800.jpg\" \/>\n\t\t<meta name=\"twitter:label1\" content=\"Escrito por\" \/>\n\t\t<meta name=\"twitter:data1\" content=\"El Digital de Asturias\" \/>\n\t\t<meta name=\"twitter:label2\" content=\"Tiempo de lectura estimado\" \/>\n\t\t<meta name=\"twitter:data2\" content=\"3 minutos\" \/>\n\t\t<script type=\"application\/ld+json\" class=\"aioseo-schema\">\n\t\t\t{\"@context\":\"https:\\\/\\\/schema.org\",\"@graph\":[{\"@type\":\"BlogPosting\",\"@id\":\"https:\\\/\\\/www.eldigitaldeasturias.com\\\/noticias\\\/la-escuelona-sera-el-primero-en-participar-en-los-caminos-escolares-seguros\\\/#blogposting\",\"name\":\"\\u2018La Escuelona\\u2019 ser\\u00e1 el primero en participar en los caminos escolares seguros - El Digital de Asturias\",\"headline\":\"&#8216;La Escuelona&#8217; ser\\u00e1 el primero en participar en los caminos escolares seguros\",\"author\":{\"@id\":\"https:\\\/\\\/www.eldigitaldeasturias.com\\\/noticias\\\/author\\\/admin\\\/#author\"},\"publisher\":{\"@id\":\"https:\\\/\\\/www.eldigitaldeasturias.com\\\/noticias\\\/#organization\"},\"image\":{\"@type\":\"ImageObject\",\"url\":\"https:\\\/\\\/www.eldigitaldeasturias.com\\\/noticias\\\/wp-content\\\/uploads\\\/2016\\\/09\\\/fotonoticia_20160916184137_800.jpg\",\"width\":800,\"height\":450},\"datePublished\":\"2016-09-17T13:13:16+02:00\",\"dateModified\":\"2016-09-17T13:13:16+02:00\",\"inLanguage\":\"es-ES\",\"mainEntityOfPage\":{\"@id\":\"https:\\\/\\\/www.eldigitaldeasturias.com\\\/noticias\\\/la-escuelona-sera-el-primero-en-participar-en-los-caminos-escolares-seguros\\\/#webpage\"},\"isPartOf\":{\"@id\":\"https:\\\/\\\/www.eldigitaldeasturias.com\\\/noticias\\\/la-escuelona-sera-el-primero-en-participar-en-los-caminos-escolares-seguros\\\/#webpage\"},\"articleSection\":\"Actualidad Asturias\"},{\"@type\":\"BreadcrumbList\",\"@id\":\"https:\\\/\\\/www.eldigitaldeasturias.com\\\/noticias\\\/la-escuelona-sera-el-primero-en-participar-en-los-caminos-escolares-seguros\\\/#breadcrumblist\",\"itemListElement\":[{\"@type\":\"ListItem\",\"@id\":\"https:\\\/\\\/www.eldigitaldeasturias.com\\\/noticias#listItem\",\"position\":1,\"name\":\"Home\",\"item\":\"https:\\\/\\\/www.eldigitaldeasturias.com\\\/noticias\",\"nextItem\":{\"@type\":\"ListItem\",\"@id\":\"https:\\\/\\\/www.eldigitaldeasturias.com\\\/noticias\\\/category\\\/actualidad-asturias\\\/#listItem\",\"name\":\"Actualidad Asturias\"}},{\"@type\":\"ListItem\",\"@id\":\"https:\\\/\\\/www.eldigitaldeasturias.com\\\/noticias\\\/category\\\/actualidad-asturias\\\/#listItem\",\"position\":2,\"name\":\"Actualidad Asturias\",\"item\":\"https:\\\/\\\/www.eldigitaldeasturias.com\\\/noticias\\\/category\\\/actualidad-asturias\\\/\",\"nextItem\":{\"@type\":\"ListItem\",\"@id\":\"https:\\\/\\\/www.eldigitaldeasturias.com\\\/noticias\\\/la-escuelona-sera-el-primero-en-participar-en-los-caminos-escolares-seguros\\\/#listItem\",\"name\":\"&#8216;La Escuelona&#8217; ser\\u00e1 el primero en participar en los caminos escolares seguros\"},\"previousItem\":{\"@type\":\"ListItem\",\"@id\":\"https:\\\/\\\/www.eldigitaldeasturias.com\\\/noticias#listItem\",\"name\":\"Home\"}},{\"@type\":\"ListItem\",\"@id\":\"https:\\\/\\\/www.eldigitaldeasturias.com\\\/noticias\\\/la-escuelona-sera-el-primero-en-participar-en-los-caminos-escolares-seguros\\\/#listItem\",\"position\":3,\"name\":\"&#8216;La Escuelona&#8217; ser\\u00e1 el primero en participar en los caminos escolares seguros\",\"previousItem\":{\"@type\":\"ListItem\",\"@id\":\"https:\\\/\\\/www.eldigitaldeasturias.com\\\/noticias\\\/category\\\/actualidad-asturias\\\/#listItem\",\"name\":\"Actualidad Asturias\"}}]},{\"@type\":\"Organization\",\"@id\":\"https:\\\/\\\/www.eldigitaldeasturias.com\\\/noticias\\\/#organization\",\"name\":\"El Digital de Asturias\",\"description\":\"Hemeroteca\",\"url\":\"https:\\\/\\\/www.eldigitaldeasturias.com\\\/noticias\\\/\",\"email\":\"info@eldigitaldeasturias.com\",\"telephone\":\"+34652131393\",\"logo\":{\"@type\":\"ImageObject\",\"url\":\"https:\\\/\\\/www.eldigitaldeasturias.com\\\/noticias\\\/wp-content\\\/uploads\\\/2020\\\/12\\\/EDA.jpg\",\"@id\":\"https:\\\/\\\/www.eldigitaldeasturias.com\\\/noticias\\\/la-escuelona-sera-el-primero-en-participar-en-los-caminos-escolares-seguros\\\/#organizationLogo\",\"width\":649,\"height\":297},\"image\":{\"@id\":\"https:\\\/\\\/www.eldigitaldeasturias.com\\\/noticias\\\/la-escuelona-sera-el-primero-en-participar-en-los-caminos-escolares-seguros\\\/#organizationLogo\"},\"sameAs\":[\"https:\\\/\\\/facebook.com\\\/eldigitaldeasturias\",\"https:\\\/\\\/www.youtube.com\\\/channel\\\/UCZP-2wLEB9Rv6erhFmqVnvg\"],\"address\":{\"@id\":\"https:\\\/\\\/www.eldigitaldeasturias.com\\\/noticias\\\/#postaladdress\",\"@type\":\"PostalAddress\",\"streetAddress\":\"san antonio 4,\",\"postalCode\":\"33430\",\"addressLocality\":\"Cand\\u00e1s\",\"addressRegion\":\"Asturias\",\"addressCountry\":\"ES\"}},{\"@type\":\"Person\",\"@id\":\"https:\\\/\\\/www.eldigitaldeasturias.com\\\/noticias\\\/author\\\/admin\\\/#author\",\"url\":\"https:\\\/\\\/www.eldigitaldeasturias.com\\\/noticias\\\/author\\\/admin\\\/\",\"name\":\"El Digital de Asturias\",\"image\":{\"@type\":\"ImageObject\",\"@id\":\"https:\\\/\\\/www.eldigitaldeasturias.com\\\/noticias\\\/la-escuelona-sera-el-primero-en-participar-en-los-caminos-escolares-seguros\\\/#authorImage\",\"url\":\"https:\\\/\\\/www.eldigitaldeasturias.com\\\/noticias\\\/wp-content\\\/litespeed\\\/avatar\\\/18677e78aa0546b92d9dbf31ec7d7668.jpg?ver=1776685526\",\"width\":96,\"height\":96,\"caption\":\"El Digital de Asturias\"}},{\"@type\":\"WebPage\",\"@id\":\"https:\\\/\\\/www.eldigitaldeasturias.com\\\/noticias\\\/la-escuelona-sera-el-primero-en-participar-en-los-caminos-escolares-seguros\\\/#webpage\",\"url\":\"https:\\\/\\\/www.eldigitaldeasturias.com\\\/noticias\\\/la-escuelona-sera-el-primero-en-participar-en-los-caminos-escolares-seguros\\\/\",\"name\":\"\\u2018La Escuelona\\u2019 ser\\u00e1 el primero en participar en los caminos escolares seguros - El Digital de Asturias\",\"description\":\"La concejala de Educaci\\u00f3n en el Ayuntamiento de Gij\\u00f3n, Monsterrat L\\u00f3pez (Foro), ha avanzado este viernes que el colegio p\\u00fablico 'La Escuelona' ser\\u00e1 el primero en participar en los caminos escolares seguros, itinerarios en los que los ni\\u00f1os de quinto y sexta de Primaria puedan ir solos al centro educativo en grupos y guiados inicialmente\",\"inLanguage\":\"es-ES\",\"isPartOf\":{\"@id\":\"https:\\\/\\\/www.eldigitaldeasturias.com\\\/noticias\\\/#website\"},\"breadcrumb\":{\"@id\":\"https:\\\/\\\/www.eldigitaldeasturias.com\\\/noticias\\\/la-escuelona-sera-el-primero-en-participar-en-los-caminos-escolares-seguros\\\/#breadcrumblist\"},\"author\":{\"@id\":\"https:\\\/\\\/www.eldigitaldeasturias.com\\\/noticias\\\/author\\\/admin\\\/#author\"},\"creator\":{\"@id\":\"https:\\\/\\\/www.eldigitaldeasturias.com\\\/noticias\\\/author\\\/admin\\\/#author\"},\"image\":{\"@type\":\"ImageObject\",\"url\":\"https:\\\/\\\/www.eldigitaldeasturias.com\\\/noticias\\\/wp-content\\\/uploads\\\/2016\\\/09\\\/fotonoticia_20160916184137_800.jpg\",\"@id\":\"https:\\\/\\\/www.eldigitaldeasturias.com\\\/noticias\\\/la-escuelona-sera-el-primero-en-participar-en-los-caminos-escolares-seguros\\\/#mainImage\",\"width\":800,\"height\":450},\"primaryImageOfPage\":{\"@id\":\"https:\\\/\\\/www.eldigitaldeasturias.com\\\/noticias\\\/la-escuelona-sera-el-primero-en-participar-en-los-caminos-escolares-seguros\\\/#mainImage\"},\"datePublished\":\"2016-09-17T13:13:16+02:00\",\"dateModified\":\"2016-09-17T13:13:16+02:00\"},{\"@type\":\"WebSite\",\"@id\":\"https:\\\/\\\/www.eldigitaldeasturias.com\\\/noticias\\\/#website\",\"url\":\"https:\\\/\\\/www.eldigitaldeasturias.com\\\/noticias\\\/\",\"name\":\"El Digital de Asturias - Diario de actualidad y noticias\",\"alternateName\":\"El Digital de Asturias - Diario de actualidad y noticias\",\"description\":\"Hemeroteca\",\"inLanguage\":\"es-ES\",\"publisher\":{\"@id\":\"https:\\\/\\\/www.eldigitaldeasturias.com\\\/noticias\\\/#organization\"}}]}\n\t\t<\/script>\n\t\t<!-- All in One SEO Pro -->\r\n\t\t<title>\u2018La Escuelona\u2019 ser\u00e1 el primero en participar en los caminos escolares seguros - El Digital de Asturias<\/title>\n\n","aioseo_head_json":{"title":"\u2018La Escuelona\u2019 ser\u00e1 el primero en participar en los caminos escolares seguros - El Digital de Asturias","description":"La concejala de Educaci\u00f3n en el Ayuntamiento de Gij\u00f3n, Monsterrat L\u00f3pez (Foro), ha avanzado este viernes que el colegio p\u00fablico 'La Escuelona' ser\u00e1 el primero en participar en los caminos escolares seguros, itinerarios en los que los ni\u00f1os de quinto y sexta de Primaria puedan ir solos al centro educativo en grupos y guiados inicialmente","canonical_url":"https:\/\/www.eldigitaldeasturias.com\/noticias\/la-escuelona-sera-el-primero-en-participar-en-los-caminos-escolares-seguros\/","robots":"max-image-preview:large","keywords":"actualidad asturias","webmasterTools":{"google-site-verification":"UA-38556648-1","msvalidate.01":"7dfe9f3f1b24437ab69f4f2559babe99","miscellaneous":""},"schema":{"@context":"https:\/\/schema.org","@graph":[{"@type":"BlogPosting","@id":"https:\/\/www.eldigitaldeasturias.com\/noticias\/la-escuelona-sera-el-primero-en-participar-en-los-caminos-escolares-seguros\/#blogposting","name":"\u2018La Escuelona\u2019 ser\u00e1 el primero en participar en los caminos escolares seguros - El Digital de Asturias","headline":"&#8216;La Escuelona&#8217; ser\u00e1 el primero en participar en los caminos escolares seguros","author":{"@id":"https:\/\/www.eldigitaldeasturias.com\/noticias\/author\/admin\/#author"},"publisher":{"@id":"https:\/\/www.eldigitaldeasturias.com\/noticias\/#organization"},"image":{"@type":"ImageObject","url":"https:\/\/www.eldigitaldeasturias.com\/noticias\/wp-content\/uploads\/2016\/09\/fotonoticia_20160916184137_800.jpg","width":800,"height":450},"datePublished":"2016-09-17T13:13:16+02:00","dateModified":"2016-09-17T13:13:16+02:00","inLanguage":"es-ES","mainEntityOfPage":{"@id":"https:\/\/www.eldigitaldeasturias.com\/noticias\/la-escuelona-sera-el-primero-en-participar-en-los-caminos-escolares-seguros\/#webpage"},"isPartOf":{"@id":"https:\/\/www.eldigitaldeasturias.com\/noticias\/la-escuelona-sera-el-primero-en-participar-en-los-caminos-escolares-seguros\/#webpage"},"articleSection":"Actualidad Asturias"},{"@type":"BreadcrumbList","@id":"https:\/\/www.eldigitaldeasturias.com\/noticias\/la-escuelona-sera-el-primero-en-participar-en-los-caminos-escolares-seguros\/#breadcrumblist","itemListElement":[{"@type":"ListItem","@id":"https:\/\/www.eldigitaldeasturias.com\/noticias#listItem","position":1,"name":"Home","item":"https:\/\/www.eldigitaldeasturias.com\/noticias","nextItem":{"@type":"ListItem","@id":"https:\/\/www.eldigitaldeasturias.com\/noticias\/category\/actualidad-asturias\/#listItem","name":"Actualidad Asturias"}},{"@type":"ListItem","@id":"https:\/\/www.eldigitaldeasturias.com\/noticias\/category\/actualidad-asturias\/#listItem","position":2,"name":"Actualidad Asturias","item":"https:\/\/www.eldigitaldeasturias.com\/noticias\/category\/actualidad-asturias\/","nextItem":{"@type":"ListItem","@id":"https:\/\/www.eldigitaldeasturias.com\/noticias\/la-escuelona-sera-el-primero-en-participar-en-los-caminos-escolares-seguros\/#listItem","name":"&#8216;La Escuelona&#8217; ser\u00e1 el primero en participar en los caminos escolares seguros"},"previousItem":{"@type":"ListItem","@id":"https:\/\/www.eldigitaldeasturias.com\/noticias#listItem","name":"Home"}},{"@type":"ListItem","@id":"https:\/\/www.eldigitaldeasturias.com\/noticias\/la-escuelona-sera-el-primero-en-participar-en-los-caminos-escolares-seguros\/#listItem","position":3,"name":"&#8216;La Escuelona&#8217; ser\u00e1 el primero en participar en los caminos escolares seguros","previousItem":{"@type":"ListItem","@id":"https:\/\/www.eldigitaldeasturias.com\/noticias\/category\/actualidad-asturias\/#listItem","name":"Actualidad Asturias"}}]},{"@type":"Organization","@id":"https:\/\/www.eldigitaldeasturias.com\/noticias\/#organization","name":"El Digital de Asturias","description":"Hemeroteca","url":"https:\/\/www.eldigitaldeasturias.com\/noticias\/","email":"info@eldigitaldeasturias.com","telephone":"+34652131393","logo":{"@type":"ImageObject","url":"https:\/\/www.eldigitaldeasturias.com\/noticias\/wp-content\/uploads\/2020\/12\/EDA.jpg","@id":"https:\/\/www.eldigitaldeasturias.com\/noticias\/la-escuelona-sera-el-primero-en-participar-en-los-caminos-escolares-seguros\/#organizationLogo","width":649,"height":297},"image":{"@id":"https:\/\/www.eldigitaldeasturias.com\/noticias\/la-escuelona-sera-el-primero-en-participar-en-los-caminos-escolares-seguros\/#organizationLogo"},"sameAs":["https:\/\/facebook.com\/eldigitaldeasturias","https:\/\/www.youtube.com\/channel\/UCZP-2wLEB9Rv6erhFmqVnvg"],"address":{"@id":"https:\/\/www.eldigitaldeasturias.com\/noticias\/#postaladdress","@type":"PostalAddress","streetAddress":"san antonio 4,","postalCode":"33430","addressLocality":"Cand\u00e1s","addressRegion":"Asturias","addressCountry":"ES"}},{"@type":"Person","@id":"https:\/\/www.eldigitaldeasturias.com\/noticias\/author\/admin\/#author","url":"https:\/\/www.eldigitaldeasturias.com\/noticias\/author\/admin\/","name":"El Digital de Asturias","image":{"@type":"ImageObject","@id":"https:\/\/www.eldigitaldeasturias.com\/noticias\/la-escuelona-sera-el-primero-en-participar-en-los-caminos-escolares-seguros\/#authorImage","url":"https:\/\/www.eldigitaldeasturias.com\/noticias\/wp-content\/litespeed\/avatar\/18677e78aa0546b92d9dbf31ec7d7668.jpg?ver=1776685526","width":96,"height":96,"caption":"El Digital de Asturias"}},{"@type":"WebPage","@id":"https:\/\/www.eldigitaldeasturias.com\/noticias\/la-escuelona-sera-el-primero-en-participar-en-los-caminos-escolares-seguros\/#webpage","url":"https:\/\/www.eldigitaldeasturias.com\/noticias\/la-escuelona-sera-el-primero-en-participar-en-los-caminos-escolares-seguros\/","name":"\u2018La Escuelona\u2019 ser\u00e1 el primero en participar en los caminos escolares seguros - El Digital de Asturias","description":"La concejala de Educaci\u00f3n en el Ayuntamiento de Gij\u00f3n, Monsterrat L\u00f3pez (Foro), ha avanzado este viernes que el colegio p\u00fablico 'La Escuelona' ser\u00e1 el primero en participar en los caminos escolares seguros, itinerarios en los que los ni\u00f1os de quinto y sexta de Primaria puedan ir solos al centro educativo en grupos y guiados inicialmente","inLanguage":"es-ES","isPartOf":{"@id":"https:\/\/www.eldigitaldeasturias.com\/noticias\/#website"},"breadcrumb":{"@id":"https:\/\/www.eldigitaldeasturias.com\/noticias\/la-escuelona-sera-el-primero-en-participar-en-los-caminos-escolares-seguros\/#breadcrumblist"},"author":{"@id":"https:\/\/www.eldigitaldeasturias.com\/noticias\/author\/admin\/#author"},"creator":{"@id":"https:\/\/www.eldigitaldeasturias.com\/noticias\/author\/admin\/#author"},"image":{"@type":"ImageObject","url":"https:\/\/www.eldigitaldeasturias.com\/noticias\/wp-content\/uploads\/2016\/09\/fotonoticia_20160916184137_800.jpg","@id":"https:\/\/www.eldigitaldeasturias.com\/noticias\/la-escuelona-sera-el-primero-en-participar-en-los-caminos-escolares-seguros\/#mainImage","width":800,"height":450},"primaryImageOfPage":{"@id":"https:\/\/www.eldigitaldeasturias.com\/noticias\/la-escuelona-sera-el-primero-en-participar-en-los-caminos-escolares-seguros\/#mainImage"},"datePublished":"2016-09-17T13:13:16+02:00","dateModified":"2016-09-17T13:13:16+02:00"},{"@type":"WebSite","@id":"https:\/\/www.eldigitaldeasturias.com\/noticias\/#website","url":"https:\/\/www.eldigitaldeasturias.com\/noticias\/","name":"El Digital de Asturias - Diario de actualidad y noticias","alternateName":"El Digital de Asturias - Diario de actualidad y noticias","description":"Hemeroteca","inLanguage":"es-ES","publisher":{"@id":"https:\/\/www.eldigitaldeasturias.com\/noticias\/#organization"}}]},"og:locale":"es_ES","og:site_name":"El Digital de Asturias","og:type":"article","og:title":"\u2018La Escuelona\u2019 ser\u00e1 el primero en participar en los caminos escolares seguros - El Digital de Asturias","og:description":"La concejala de Educaci\u00f3n en el Ayuntamiento de Gij\u00f3n, Monsterrat L\u00f3pez (Foro), ha avanzado este viernes que el colegio p\u00fablico 'La Escuelona' ser\u00e1 el primero en participar en los caminos escolares seguros, itinerarios en los que los ni\u00f1os de quinto y sexta de Primaria puedan ir solos al centro educativo en grupos y guiados inicialmente","og:url":"https:\/\/www.eldigitaldeasturias.com\/noticias\/la-escuelona-sera-el-primero-en-participar-en-los-caminos-escolares-seguros\/","og:image":"https:\/\/www.eldigitaldeasturias.com\/noticias\/wp-content\/uploads\/2016\/09\/fotonoticia_20160916184137_800.jpg","og:image:secure_url":"https:\/\/www.eldigitaldeasturias.com\/noticias\/wp-content\/uploads\/2016\/09\/fotonoticia_20160916184137_800.jpg","og:image:width":800,"og:image:height":450,"article:tag":["actualidad asturias"],"article:published_time":"2016-09-17T12:13:16+00:00","article:modified_time":"2016-09-17T12:13:16+00:00","article:publisher":"https:\/\/facebook.com\/eldigitaldeasturias","twitter:card":"summary_large_image","twitter:title":"\u2018La Escuelona\u2019 ser\u00e1 el primero en participar en los caminos escolares seguros - El Digital de Asturias","twitter:description":"La concejala de Educaci\u00f3n en el Ayuntamiento de Gij\u00f3n, Monsterrat L\u00f3pez (Foro), ha avanzado este viernes que el colegio p\u00fablico 'La Escuelona' ser\u00e1 el primero en participar en los caminos escolares seguros, itinerarios en los que los ni\u00f1os de quinto y sexta de Primaria puedan ir solos al centro educativo en grupos y guiados inicialmente","twitter:image":"https:\/\/www.eldigitaldeasturias.com\/noticias\/wp-content\/uploads\/2016\/09\/fotonoticia_20160916184137_800.jpg","twitter:label1":"Escrito por","twitter:data1":"El Digital de Asturias","twitter:label2":"Tiempo de lectura estimado","twitter:data2":"3 minutos"},"aioseo_meta_data":{"post_id":"908148","title":null,"description":null,"keywords":null,"keyphrases":null,"primary_term":null,"canonical_url":null,"og_title":null,"og_description":null,"og_object_type":"default","og_image_type":"default","og_image_url":null,"og_image_width":null,"og_image_height":null,"og_image_custom_url":null,"og_image_custom_fields":null,"og_video":null,"og_custom_url":null,"og_article_section":null,"og_article_tags":null,"twitter_use_og":false,"twitter_card":"default","twitter_image_type":"default","twitter_image_url":null,"twitter_image_custom_url":null,"twitter_image_custom_fields":null,"twitter_title":null,"twitter_description":null,"schema":{"blockGraphs":[],"customGraphs":[],"default":{"data":{"Article":[],"Course":[],"Dataset":[],"FAQPage":[],"Movie":[],"Person":[],"Product":[],"ProductReview":[],"Car":[],"Recipe":[],"Service":[],"SoftwareApplication":[],"WebPage":[]},"graphName":"","isEnabled":true},"graphs":[],"defaultGraph":"","defaultPostTypeGraph":""},"schema_type":null,"schema_type_options":null,"pillar_content":false,"robots_default":true,"robots_noindex":false,"robots_noarchive":false,"robots_nosnippet":false,"robots_nofollow":false,"robots_noimageindex":false,"robots_noodp":false,"robots_notranslate":false,"robots_max_snippet":null,"robots_max_videopreview":null,"robots_max_imagepreview":"large","priority":null,"frequency":null,"local_seo":null,"seo_analyzer_scan_date":"2025-11-30 15:01:16","breadcrumb_settings":null,"limit_modified_date":false,"open_ai":null,"ai":null,"created":"2020-12-21 14:00:17","updated":"2025-11-30 15:01:16"},"aioseo_breadcrumb":"<div class=\"aioseo-breadcrumbs\"><span class=\"aioseo-breadcrumb\">\n\t<a href=\"https:\/\/www.eldigitaldeasturias.com\/noticias\" title=\"Home\">Home<\/a>\n<\/span><span class=\"aioseo-breadcrumb-separator\">\u2013<\/span><span class=\"aioseo-breadcrumb\">\n\t<a href=\"https:\/\/www.eldigitaldeasturias.com\/noticias\/category\/actualidad-asturias\/\" title=\"Actualidad Asturias\">Actualidad Asturias<\/a>\n<\/span><span class=\"aioseo-breadcrumb-separator\">\u2013<\/span><span class=\"aioseo-breadcrumb\">\n\t<a href=\"https:\/\/www.eldigitaldeasturias.com\/noticias\/la-escuelona-sera-el-primero-en-participar-en-los-caminos-escolares-seguros\/\" title=\"\u2018La Escuelona\u2019 ser\u00e1 el primero en participar en los caminos escolares seguros\">\u2018La Escuelona\u2019 ser\u00e1 el primero en participar en los caminos escolares seguros<\/a>\n<\/span><\/div>","aioseo_breadcrumb_json":[{"label":"Home","link":"https:\/\/www.eldigitaldeasturias.com\/noticias"},{"label":"Actualidad Asturias","link":"https:\/\/www.eldigitaldeasturias.com\/noticias\/category\/actualidad-asturias\/"},{"label":"&#8216;La Escuelona&#8217; ser\u00e1 el primero en participar en los caminos escolares seguros","link":"https:\/\/www.eldigitaldeasturias.com\/noticias\/la-escuelona-sera-el-primero-en-participar-en-los-caminos-escolares-seguros\/"}],"_links":{"self":[{"href":"https:\/\/www.eldigitaldeasturias.com\/noticias\/wp-json\/wp\/v2\/posts\/908148","targetHints":{"allow":["GET"]}}],"collection":[{"href":"https:\/\/www.eldigitaldeasturias.com\/noticias\/wp-json\/wp\/v2\/posts"}],"about":[{"href":"https:\/\/www.eldigitaldeasturias.com\/noticias\/wp-json\/wp\/v2\/types\/post"}],"author":[{"embeddable":true,"href":"https:\/\/www.eldigitaldeasturias.com\/noticias\/wp-json\/wp\/v2\/users\/1"}],"replies":[{"embeddable":true,"href":"https:\/\/www.eldigitaldeasturias.com\/noticias\/wp-json\/wp\/v2\/comments?post=908148"}],"version-history":[{"count":0,"href":"https:\/\/www.eldigitaldeasturias.com\/noticias\/wp-json\/wp\/v2\/posts\/908148\/revisions"}],"wp:featuredmedia":[{"embeddable":true,"href":"https:\/\/www.eldigitaldeasturias.com\/noticias\/wp-json\/wp\/v2\/media\/908149"}],"wp:attachment":[{"href":"https:\/\/www.eldigitaldeasturias.com\/noticias\/wp-json\/wp\/v2\/media?parent=908148"}],"wp:term":[{"taxonomy":"category","embeddable":true,"href":"https:\/\/www.eldigitaldeasturias.com\/noticias\/wp-json\/wp\/v2\/categories?post=908148"},{"taxonomy":"post_tag","embeddable":true,"href":"https:\/\/www.eldigitaldeasturias.com\/noticias\/wp-json\/wp\/v2\/tags?post=908148"}],"curies":[{"name":"wp","href":"https:\/\/api.w.org\/{rel}","templated":true}]}}