{"id":908145,"date":"2016-09-17T13:10:35","date_gmt":"2016-09-17T12:10:35","guid":{"rendered":"http:\/\/www.eldigitaldeasturias.com\/noticias\/?p=908145"},"modified":"2016-09-17T13:10:35","modified_gmt":"2016-09-17T12:10:35","slug":"la-comision-europea-estudia-si-el-tunel-de-pajares-respeta-las-normativas-ambientales","status":"publish","type":"post","link":"https:\/\/www.eldigitaldeasturias.com\/noticias\/la-comision-europea-estudia-si-el-tunel-de-pajares-respeta-las-normativas-ambientales\/","title":{"rendered":"La Comisi\u00f3n Europea estudia si el t\u00fanel de Pajares respeta las normativas ambientales"},"content":{"rendered":"<p><img loading=\"lazy\" decoding=\"async\" class=\"alignleft size-medium wp-image-908146\" src=\"https:\/\/www.eldigitaldeasturias.com\/noticias\/wp-content\/uploads\/2016\/09\/fotonoticia_20160916180741_800-360x270.jpg\" alt=\"fotonoticia_20160916180741_800\" width=\"360\" height=\"270\" srcset=\"https:\/\/www.eldigitaldeasturias.com\/noticias\/wp-content\/uploads\/2016\/09\/fotonoticia_20160916180741_800-360x270.jpg 360w, https:\/\/www.eldigitaldeasturias.com\/noticias\/wp-content\/uploads\/2016\/09\/fotonoticia_20160916180741_800-768x576.jpg 768w, https:\/\/www.eldigitaldeasturias.com\/noticias\/wp-content\/uploads\/2016\/09\/fotonoticia_20160916180741_800-650x488.jpg 650w, https:\/\/www.eldigitaldeasturias.com\/noticias\/wp-content\/uploads\/2016\/09\/fotonoticia_20160916180741_800-125x95.jpg 125w, https:\/\/www.eldigitaldeasturias.com\/noticias\/wp-content\/uploads\/2016\/09\/fotonoticia_20160916180741_800-100x75.jpg 100w, https:\/\/www.eldigitaldeasturias.com\/noticias\/wp-content\/uploads\/2016\/09\/fotonoticia_20160916180741_800.jpg 800w\" sizes=\"auto, (max-width: 360px) 100vw, 360px\" \/>La Comisi\u00f3n Europea tomar\u00e1 una decisi\u00f3n sobre si el t\u00fanel de Pajares respeta la normativa comunitaria ambiental antes de un a\u00f1o tras la denuncia que ha recibido hace unos meses de la Federaci\u00f3n Leonesa de Entidades Locales Menores y otras asociaciones vecinales sobre el proyecto.<\/p>\n<p>\u00abLa Comisi\u00f3n har\u00e1 lo posible por adoptar una decisi\u00f3n sobre el fondo en el plazo m\u00e1s breve posible y, en cualquier caso, en los doce meses siguientes a la fecha de registro de la denuncia\u00bb, ha informado el comisario de Medioambiente, Karmenu Vella, a la eurodiputada de Podemos Tania Gonz\u00e1lez.<\/p>\n<p>La Federaci\u00f3n Leonesa de Entidades Locales Menores y otras asociaciones vecinales denunciaron en mayo ante la Comisi\u00f3n que se omitieron los estudios hidrogeol\u00f3gicos del proyecto y que la destrucci\u00f3n de \u00abnumerosos acu\u00edferos\u00bb en la perforaci\u00f3n de los t\u00faneles est\u00e1 afectando al abastecimiento de varias localidades de la vertiente leonesa. Su denuncia fue registrada el pasado 3 de junio.<\/p>\n<p>La variante de Pajares, en la l\u00ednea Le\u00f3n-Asturias, supone un tramo de unos 50 km, de los que m\u00e1s de la mitad corresponde a t\u00faneles.<\/p>\n<p>El comisario ha explicado que la decisi\u00f3n del Ejecutivo comunitario \u00abpodr\u00e1 suponer bien que se incoe un procedimiento de infracci\u00f3n, bien que se archive el expediente\u00bb y ello \u00abdepender\u00e1 de si presentan o no pruebas de la existencia de una infracci\u00f3n medioambiental\u00bb.<\/p>\n<p>La eurodiputada de Podemos tambi\u00e9n ha instado al Ejecutivo comunitario a aclarar qu\u00e9 medidas va a tomar a la luz de la \u00abgravedad\u00bb del caso tras considerar que la ampliaci\u00f3n de la red de alta velocidad ferroviaria (AVE) por parte del Gobierno espa\u00f1ol a trav\u00e9s del t\u00fanel de Pajares supone \u00abun c\u00famulo de desprop\u00f3sitos e irregularidades y requiere una investigaci\u00f3n exhaustiva\u00bb.<\/p>\n<p>Gonz\u00e1lez ha alertado del \u00abposible incumplimiento\u00bb de directivas europeas como la de h\u00e1bitats, la que obliga a realizar una evaluaci\u00f3n de impacto ambiental y la directiva marco sobre agua y ha denunciado adem\u00e1s que entre la adjudicaci\u00f3n de los contratos de las obras tambi\u00e9n han ido a parar \u00aba empresas supuestamente implicadas en casos de financiaci\u00f3n ilegal del Partido Popular\u00bb, adem\u00e1s de \u00abun sobrecoste superior al 150 %\u00bb del proyecto.<\/p>\n<p>&nbsp;<\/p>\n<p>&nbsp;<\/p>\n","protected":false},"excerpt":{"rendered":"<p>La Comisi\u00f3n Europea tomar\u00e1 una decisi\u00f3n sobre si el t\u00fanel de Pajares respeta la normativa comunitaria ambiental antes de un a\u00f1o tras la denuncia que ha recibido hace unos meses de la Federaci\u00f3n Leonesa de Entidades Locales Menores y otras asociaciones vecinales sobre el proyecto. \u00abLa Comisi\u00f3n har\u00e1 lo posible por adoptar una decisi\u00f3n sobre [&hellip;]<\/p>\n","protected":false},"author":1,"featured_media":908146,"comment_status":"closed","ping_status":"closed","sticky":false,"template":"","format":"standard","meta":{"footnotes":""},"categories":[12],"tags":[],"class_list":["post-908145","post","type-post","status-publish","format-standard","has-post-thumbnail","hentry","category-actualidad-asturias"],"aioseo_notices":[],"aioseo_head":"\n\t\t<!-- All in One SEO Pro 4.9.6.2 - aioseo.com -->\n\t<meta name=\"description\" content=\"La Comisi\u00f3n Europea tomar\u00e1 una decisi\u00f3n sobre si el t\u00fanel de Pajares respeta la normativa comunitaria ambiental antes de un a\u00f1o tras la denuncia que ha recibido hace unos meses de la Federaci\u00f3n Leonesa de Entidades Locales Menores y otras asociaciones vecinales sobre el proyecto. &quot;La Comisi\u00f3n har\u00e1 lo posible por adoptar una decisi\u00f3n sobre\" \/>\n\t<meta name=\"robots\" content=\"max-image-preview:large\" \/>\n\t<meta name=\"author\" content=\"El Digital de Asturias\"\/>\n\t<meta name=\"google-site-verification\" content=\"UA-38556648-1\" \/>\n\t<meta name=\"msvalidate.01\" content=\"7dfe9f3f1b24437ab69f4f2559babe99\" \/>\n\t<meta name=\"keywords\" content=\"actualidad asturias\" \/>\n\t<link rel=\"canonical\" href=\"https:\/\/www.eldigitaldeasturias.com\/noticias\/la-comision-europea-estudia-si-el-tunel-de-pajares-respeta-las-normativas-ambientales\/\" \/>\n\t<meta name=\"generator\" content=\"All in One SEO Pro (AIOSEO) 4.9.6.2\" \/>\n\t\t<meta property=\"og:locale\" content=\"es_ES\" \/>\n\t\t<meta property=\"og:site_name\" content=\"El Digital de Asturias\" \/>\n\t\t<meta property=\"og:type\" content=\"article\" \/>\n\t\t<meta property=\"og:title\" content=\"La Comisi\u00f3n Europea estudia si el t\u00fanel de Pajares respeta las normativas ambientales - El Digital de Asturias\" \/>\n\t\t<meta property=\"og:description\" content=\"La Comisi\u00f3n Europea tomar\u00e1 una decisi\u00f3n sobre si el t\u00fanel de Pajares respeta la normativa comunitaria ambiental antes de un a\u00f1o tras la denuncia que ha recibido hace unos meses de la Federaci\u00f3n Leonesa de Entidades Locales Menores y otras asociaciones vecinales sobre el proyecto. &quot;La Comisi\u00f3n har\u00e1 lo posible por adoptar una decisi\u00f3n sobre\" \/>\n\t\t<meta property=\"og:url\" content=\"https:\/\/www.eldigitaldeasturias.com\/noticias\/la-comision-europea-estudia-si-el-tunel-de-pajares-respeta-las-normativas-ambientales\/\" \/>\n\t\t<meta property=\"og:image\" content=\"https:\/\/www.eldigitaldeasturias.com\/noticias\/wp-content\/uploads\/2016\/09\/fotonoticia_20160916180741_800.jpg\" \/>\n\t\t<meta property=\"og:image:secure_url\" content=\"https:\/\/www.eldigitaldeasturias.com\/noticias\/wp-content\/uploads\/2016\/09\/fotonoticia_20160916180741_800.jpg\" \/>\n\t\t<meta property=\"og:image:width\" content=\"800\" \/>\n\t\t<meta property=\"og:image:height\" content=\"600\" \/>\n\t\t<meta property=\"article:tag\" content=\"actualidad asturias\" \/>\n\t\t<meta property=\"article:published_time\" content=\"2016-09-17T12:10:35+00:00\" \/>\n\t\t<meta property=\"article:modified_time\" content=\"2016-09-17T12:10:35+00:00\" \/>\n\t\t<meta property=\"article:publisher\" content=\"https:\/\/facebook.com\/eldigitaldeasturias\" \/>\n\t\t<meta name=\"twitter:card\" content=\"summary_large_image\" \/>\n\t\t<meta name=\"twitter:title\" content=\"La Comisi\u00f3n Europea estudia si el t\u00fanel de Pajares respeta las normativas ambientales - El Digital de Asturias\" \/>\n\t\t<meta name=\"twitter:description\" content=\"La Comisi\u00f3n Europea tomar\u00e1 una decisi\u00f3n sobre si el t\u00fanel de Pajares respeta la normativa comunitaria ambiental antes de un a\u00f1o tras la denuncia que ha recibido hace unos meses de la Federaci\u00f3n Leonesa de Entidades Locales Menores y otras asociaciones vecinales sobre el proyecto. &quot;La Comisi\u00f3n har\u00e1 lo posible por adoptar una decisi\u00f3n sobre\" \/>\n\t\t<meta name=\"twitter:image\" content=\"https:\/\/www.eldigitaldeasturias.com\/noticias\/wp-content\/uploads\/2016\/09\/fotonoticia_20160916180741_800.jpg\" \/>\n\t\t<meta name=\"twitter:label1\" content=\"Escrito por\" \/>\n\t\t<meta name=\"twitter:data1\" content=\"El Digital de Asturias\" \/>\n\t\t<meta name=\"twitter:label2\" content=\"Tiempo de lectura estimado\" \/>\n\t\t<meta name=\"twitter:data2\" content=\"2 minutos\" \/>\n\t\t<script type=\"application\/ld+json\" class=\"aioseo-schema\">\n\t\t\t{\"@context\":\"https:\\\/\\\/schema.org\",\"@graph\":[{\"@type\":\"BlogPosting\",\"@id\":\"https:\\\/\\\/www.eldigitaldeasturias.com\\\/noticias\\\/la-comision-europea-estudia-si-el-tunel-de-pajares-respeta-las-normativas-ambientales\\\/#blogposting\",\"name\":\"La Comisi\\u00f3n Europea estudia si el t\\u00fanel de Pajares respeta las normativas ambientales - El Digital de Asturias\",\"headline\":\"La Comisi\\u00f3n Europea estudia si el t\\u00fanel de Pajares respeta las normativas ambientales\",\"author\":{\"@id\":\"https:\\\/\\\/www.eldigitaldeasturias.com\\\/noticias\\\/author\\\/admin\\\/#author\"},\"publisher\":{\"@id\":\"https:\\\/\\\/www.eldigitaldeasturias.com\\\/noticias\\\/#organization\"},\"image\":{\"@type\":\"ImageObject\",\"url\":\"https:\\\/\\\/www.eldigitaldeasturias.com\\\/noticias\\\/wp-content\\\/uploads\\\/2016\\\/09\\\/fotonoticia_20160916180741_800.jpg\",\"width\":800,\"height\":600},\"datePublished\":\"2016-09-17T13:10:35+02:00\",\"dateModified\":\"2016-09-17T13:10:35+02:00\",\"inLanguage\":\"es-ES\",\"mainEntityOfPage\":{\"@id\":\"https:\\\/\\\/www.eldigitaldeasturias.com\\\/noticias\\\/la-comision-europea-estudia-si-el-tunel-de-pajares-respeta-las-normativas-ambientales\\\/#webpage\"},\"isPartOf\":{\"@id\":\"https:\\\/\\\/www.eldigitaldeasturias.com\\\/noticias\\\/la-comision-europea-estudia-si-el-tunel-de-pajares-respeta-las-normativas-ambientales\\\/#webpage\"},\"articleSection\":\"Actualidad Asturias\"},{\"@type\":\"BreadcrumbList\",\"@id\":\"https:\\\/\\\/www.eldigitaldeasturias.com\\\/noticias\\\/la-comision-europea-estudia-si-el-tunel-de-pajares-respeta-las-normativas-ambientales\\\/#breadcrumblist\",\"itemListElement\":[{\"@type\":\"ListItem\",\"@id\":\"https:\\\/\\\/www.eldigitaldeasturias.com\\\/noticias#listItem\",\"position\":1,\"name\":\"Home\",\"item\":\"https:\\\/\\\/www.eldigitaldeasturias.com\\\/noticias\",\"nextItem\":{\"@type\":\"ListItem\",\"@id\":\"https:\\\/\\\/www.eldigitaldeasturias.com\\\/noticias\\\/category\\\/actualidad-asturias\\\/#listItem\",\"name\":\"Actualidad Asturias\"}},{\"@type\":\"ListItem\",\"@id\":\"https:\\\/\\\/www.eldigitaldeasturias.com\\\/noticias\\\/category\\\/actualidad-asturias\\\/#listItem\",\"position\":2,\"name\":\"Actualidad Asturias\",\"item\":\"https:\\\/\\\/www.eldigitaldeasturias.com\\\/noticias\\\/category\\\/actualidad-asturias\\\/\",\"nextItem\":{\"@type\":\"ListItem\",\"@id\":\"https:\\\/\\\/www.eldigitaldeasturias.com\\\/noticias\\\/la-comision-europea-estudia-si-el-tunel-de-pajares-respeta-las-normativas-ambientales\\\/#listItem\",\"name\":\"La Comisi\\u00f3n Europea estudia si el t\\u00fanel de Pajares respeta las normativas ambientales\"},\"previousItem\":{\"@type\":\"ListItem\",\"@id\":\"https:\\\/\\\/www.eldigitaldeasturias.com\\\/noticias#listItem\",\"name\":\"Home\"}},{\"@type\":\"ListItem\",\"@id\":\"https:\\\/\\\/www.eldigitaldeasturias.com\\\/noticias\\\/la-comision-europea-estudia-si-el-tunel-de-pajares-respeta-las-normativas-ambientales\\\/#listItem\",\"position\":3,\"name\":\"La Comisi\\u00f3n Europea estudia si el t\\u00fanel de Pajares respeta las normativas ambientales\",\"previousItem\":{\"@type\":\"ListItem\",\"@id\":\"https:\\\/\\\/www.eldigitaldeasturias.com\\\/noticias\\\/category\\\/actualidad-asturias\\\/#listItem\",\"name\":\"Actualidad Asturias\"}}]},{\"@type\":\"Organization\",\"@id\":\"https:\\\/\\\/www.eldigitaldeasturias.com\\\/noticias\\\/#organization\",\"name\":\"El Digital de Asturias\",\"description\":\"Hemeroteca\",\"url\":\"https:\\\/\\\/www.eldigitaldeasturias.com\\\/noticias\\\/\",\"email\":\"info@eldigitaldeasturias.com\",\"telephone\":\"+34652131393\",\"logo\":{\"@type\":\"ImageObject\",\"url\":\"https:\\\/\\\/www.eldigitaldeasturias.com\\\/noticias\\\/wp-content\\\/uploads\\\/2020\\\/12\\\/EDA.jpg\",\"@id\":\"https:\\\/\\\/www.eldigitaldeasturias.com\\\/noticias\\\/la-comision-europea-estudia-si-el-tunel-de-pajares-respeta-las-normativas-ambientales\\\/#organizationLogo\",\"width\":649,\"height\":297},\"image\":{\"@id\":\"https:\\\/\\\/www.eldigitaldeasturias.com\\\/noticias\\\/la-comision-europea-estudia-si-el-tunel-de-pajares-respeta-las-normativas-ambientales\\\/#organizationLogo\"},\"sameAs\":[\"https:\\\/\\\/facebook.com\\\/eldigitaldeasturias\",\"https:\\\/\\\/www.youtube.com\\\/channel\\\/UCZP-2wLEB9Rv6erhFmqVnvg\"],\"address\":{\"@id\":\"https:\\\/\\\/www.eldigitaldeasturias.com\\\/noticias\\\/#postaladdress\",\"@type\":\"PostalAddress\",\"streetAddress\":\"san antonio 4,\",\"postalCode\":\"33430\",\"addressLocality\":\"Cand\\u00e1s\",\"addressRegion\":\"Asturias\",\"addressCountry\":\"ES\"}},{\"@type\":\"Person\",\"@id\":\"https:\\\/\\\/www.eldigitaldeasturias.com\\\/noticias\\\/author\\\/admin\\\/#author\",\"url\":\"https:\\\/\\\/www.eldigitaldeasturias.com\\\/noticias\\\/author\\\/admin\\\/\",\"name\":\"El Digital de Asturias\",\"image\":{\"@type\":\"ImageObject\",\"@id\":\"https:\\\/\\\/www.eldigitaldeasturias.com\\\/noticias\\\/la-comision-europea-estudia-si-el-tunel-de-pajares-respeta-las-normativas-ambientales\\\/#authorImage\",\"url\":\"https:\\\/\\\/www.eldigitaldeasturias.com\\\/noticias\\\/wp-content\\\/litespeed\\\/avatar\\\/18677e78aa0546b92d9dbf31ec7d7668.jpg?ver=1776685526\",\"width\":96,\"height\":96,\"caption\":\"El Digital de Asturias\"}},{\"@type\":\"WebPage\",\"@id\":\"https:\\\/\\\/www.eldigitaldeasturias.com\\\/noticias\\\/la-comision-europea-estudia-si-el-tunel-de-pajares-respeta-las-normativas-ambientales\\\/#webpage\",\"url\":\"https:\\\/\\\/www.eldigitaldeasturias.com\\\/noticias\\\/la-comision-europea-estudia-si-el-tunel-de-pajares-respeta-las-normativas-ambientales\\\/\",\"name\":\"La Comisi\\u00f3n Europea estudia si el t\\u00fanel de Pajares respeta las normativas ambientales - El Digital de Asturias\",\"description\":\"La Comisi\\u00f3n Europea tomar\\u00e1 una decisi\\u00f3n sobre si el t\\u00fanel de Pajares respeta la normativa comunitaria ambiental antes de un a\\u00f1o tras la denuncia que ha recibido hace unos meses de la Federaci\\u00f3n Leonesa de Entidades Locales Menores y otras asociaciones vecinales sobre el proyecto. \\\"La Comisi\\u00f3n har\\u00e1 lo posible por adoptar una decisi\\u00f3n sobre\",\"inLanguage\":\"es-ES\",\"isPartOf\":{\"@id\":\"https:\\\/\\\/www.eldigitaldeasturias.com\\\/noticias\\\/#website\"},\"breadcrumb\":{\"@id\":\"https:\\\/\\\/www.eldigitaldeasturias.com\\\/noticias\\\/la-comision-europea-estudia-si-el-tunel-de-pajares-respeta-las-normativas-ambientales\\\/#breadcrumblist\"},\"author\":{\"@id\":\"https:\\\/\\\/www.eldigitaldeasturias.com\\\/noticias\\\/author\\\/admin\\\/#author\"},\"creator\":{\"@id\":\"https:\\\/\\\/www.eldigitaldeasturias.com\\\/noticias\\\/author\\\/admin\\\/#author\"},\"image\":{\"@type\":\"ImageObject\",\"url\":\"https:\\\/\\\/www.eldigitaldeasturias.com\\\/noticias\\\/wp-content\\\/uploads\\\/2016\\\/09\\\/fotonoticia_20160916180741_800.jpg\",\"@id\":\"https:\\\/\\\/www.eldigitaldeasturias.com\\\/noticias\\\/la-comision-europea-estudia-si-el-tunel-de-pajares-respeta-las-normativas-ambientales\\\/#mainImage\",\"width\":800,\"height\":600},\"primaryImageOfPage\":{\"@id\":\"https:\\\/\\\/www.eldigitaldeasturias.com\\\/noticias\\\/la-comision-europea-estudia-si-el-tunel-de-pajares-respeta-las-normativas-ambientales\\\/#mainImage\"},\"datePublished\":\"2016-09-17T13:10:35+02:00\",\"dateModified\":\"2016-09-17T13:10:35+02:00\"},{\"@type\":\"WebSite\",\"@id\":\"https:\\\/\\\/www.eldigitaldeasturias.com\\\/noticias\\\/#website\",\"url\":\"https:\\\/\\\/www.eldigitaldeasturias.com\\\/noticias\\\/\",\"name\":\"El Digital de Asturias - Diario de actualidad y noticias\",\"alternateName\":\"El Digital de Asturias - Diario de actualidad y noticias\",\"description\":\"Hemeroteca\",\"inLanguage\":\"es-ES\",\"publisher\":{\"@id\":\"https:\\\/\\\/www.eldigitaldeasturias.com\\\/noticias\\\/#organization\"}}]}\n\t\t<\/script>\n\t\t<!-- All in One SEO Pro -->\r\n\t\t<title>La Comisi\u00f3n Europea estudia si el t\u00fanel de Pajares respeta las normativas ambientales - El Digital de Asturias<\/title>\n\n","aioseo_head_json":{"title":"La Comisi\u00f3n Europea estudia si el t\u00fanel de Pajares respeta las normativas ambientales - El Digital de Asturias","description":"La Comisi\u00f3n Europea tomar\u00e1 una decisi\u00f3n sobre si el t\u00fanel de Pajares respeta la normativa comunitaria ambiental antes de un a\u00f1o tras la denuncia que ha recibido hace unos meses de la Federaci\u00f3n Leonesa de Entidades Locales Menores y otras asociaciones vecinales sobre el proyecto. \"La Comisi\u00f3n har\u00e1 lo posible por adoptar una decisi\u00f3n sobre","canonical_url":"https:\/\/www.eldigitaldeasturias.com\/noticias\/la-comision-europea-estudia-si-el-tunel-de-pajares-respeta-las-normativas-ambientales\/","robots":"max-image-preview:large","keywords":"actualidad asturias","webmasterTools":{"google-site-verification":"UA-38556648-1","msvalidate.01":"7dfe9f3f1b24437ab69f4f2559babe99","miscellaneous":""},"schema":{"@context":"https:\/\/schema.org","@graph":[{"@type":"BlogPosting","@id":"https:\/\/www.eldigitaldeasturias.com\/noticias\/la-comision-europea-estudia-si-el-tunel-de-pajares-respeta-las-normativas-ambientales\/#blogposting","name":"La Comisi\u00f3n Europea estudia si el t\u00fanel de Pajares respeta las normativas ambientales - El Digital de Asturias","headline":"La Comisi\u00f3n Europea estudia si el t\u00fanel de Pajares respeta las normativas ambientales","author":{"@id":"https:\/\/www.eldigitaldeasturias.com\/noticias\/author\/admin\/#author"},"publisher":{"@id":"https:\/\/www.eldigitaldeasturias.com\/noticias\/#organization"},"image":{"@type":"ImageObject","url":"https:\/\/www.eldigitaldeasturias.com\/noticias\/wp-content\/uploads\/2016\/09\/fotonoticia_20160916180741_800.jpg","width":800,"height":600},"datePublished":"2016-09-17T13:10:35+02:00","dateModified":"2016-09-17T13:10:35+02:00","inLanguage":"es-ES","mainEntityOfPage":{"@id":"https:\/\/www.eldigitaldeasturias.com\/noticias\/la-comision-europea-estudia-si-el-tunel-de-pajares-respeta-las-normativas-ambientales\/#webpage"},"isPartOf":{"@id":"https:\/\/www.eldigitaldeasturias.com\/noticias\/la-comision-europea-estudia-si-el-tunel-de-pajares-respeta-las-normativas-ambientales\/#webpage"},"articleSection":"Actualidad Asturias"},{"@type":"BreadcrumbList","@id":"https:\/\/www.eldigitaldeasturias.com\/noticias\/la-comision-europea-estudia-si-el-tunel-de-pajares-respeta-las-normativas-ambientales\/#breadcrumblist","itemListElement":[{"@type":"ListItem","@id":"https:\/\/www.eldigitaldeasturias.com\/noticias#listItem","position":1,"name":"Home","item":"https:\/\/www.eldigitaldeasturias.com\/noticias","nextItem":{"@type":"ListItem","@id":"https:\/\/www.eldigitaldeasturias.com\/noticias\/category\/actualidad-asturias\/#listItem","name":"Actualidad Asturias"}},{"@type":"ListItem","@id":"https:\/\/www.eldigitaldeasturias.com\/noticias\/category\/actualidad-asturias\/#listItem","position":2,"name":"Actualidad Asturias","item":"https:\/\/www.eldigitaldeasturias.com\/noticias\/category\/actualidad-asturias\/","nextItem":{"@type":"ListItem","@id":"https:\/\/www.eldigitaldeasturias.com\/noticias\/la-comision-europea-estudia-si-el-tunel-de-pajares-respeta-las-normativas-ambientales\/#listItem","name":"La Comisi\u00f3n Europea estudia si el t\u00fanel de Pajares respeta las normativas ambientales"},"previousItem":{"@type":"ListItem","@id":"https:\/\/www.eldigitaldeasturias.com\/noticias#listItem","name":"Home"}},{"@type":"ListItem","@id":"https:\/\/www.eldigitaldeasturias.com\/noticias\/la-comision-europea-estudia-si-el-tunel-de-pajares-respeta-las-normativas-ambientales\/#listItem","position":3,"name":"La Comisi\u00f3n Europea estudia si el t\u00fanel de Pajares respeta las normativas ambientales","previousItem":{"@type":"ListItem","@id":"https:\/\/www.eldigitaldeasturias.com\/noticias\/category\/actualidad-asturias\/#listItem","name":"Actualidad Asturias"}}]},{"@type":"Organization","@id":"https:\/\/www.eldigitaldeasturias.com\/noticias\/#organization","name":"El Digital de Asturias","description":"Hemeroteca","url":"https:\/\/www.eldigitaldeasturias.com\/noticias\/","email":"info@eldigitaldeasturias.com","telephone":"+34652131393","logo":{"@type":"ImageObject","url":"https:\/\/www.eldigitaldeasturias.com\/noticias\/wp-content\/uploads\/2020\/12\/EDA.jpg","@id":"https:\/\/www.eldigitaldeasturias.com\/noticias\/la-comision-europea-estudia-si-el-tunel-de-pajares-respeta-las-normativas-ambientales\/#organizationLogo","width":649,"height":297},"image":{"@id":"https:\/\/www.eldigitaldeasturias.com\/noticias\/la-comision-europea-estudia-si-el-tunel-de-pajares-respeta-las-normativas-ambientales\/#organizationLogo"},"sameAs":["https:\/\/facebook.com\/eldigitaldeasturias","https:\/\/www.youtube.com\/channel\/UCZP-2wLEB9Rv6erhFmqVnvg"],"address":{"@id":"https:\/\/www.eldigitaldeasturias.com\/noticias\/#postaladdress","@type":"PostalAddress","streetAddress":"san antonio 4,","postalCode":"33430","addressLocality":"Cand\u00e1s","addressRegion":"Asturias","addressCountry":"ES"}},{"@type":"Person","@id":"https:\/\/www.eldigitaldeasturias.com\/noticias\/author\/admin\/#author","url":"https:\/\/www.eldigitaldeasturias.com\/noticias\/author\/admin\/","name":"El Digital de Asturias","image":{"@type":"ImageObject","@id":"https:\/\/www.eldigitaldeasturias.com\/noticias\/la-comision-europea-estudia-si-el-tunel-de-pajares-respeta-las-normativas-ambientales\/#authorImage","url":"https:\/\/www.eldigitaldeasturias.com\/noticias\/wp-content\/litespeed\/avatar\/18677e78aa0546b92d9dbf31ec7d7668.jpg?ver=1776685526","width":96,"height":96,"caption":"El Digital de Asturias"}},{"@type":"WebPage","@id":"https:\/\/www.eldigitaldeasturias.com\/noticias\/la-comision-europea-estudia-si-el-tunel-de-pajares-respeta-las-normativas-ambientales\/#webpage","url":"https:\/\/www.eldigitaldeasturias.com\/noticias\/la-comision-europea-estudia-si-el-tunel-de-pajares-respeta-las-normativas-ambientales\/","name":"La Comisi\u00f3n Europea estudia si el t\u00fanel de Pajares respeta las normativas ambientales - El Digital de Asturias","description":"La Comisi\u00f3n Europea tomar\u00e1 una decisi\u00f3n sobre si el t\u00fanel de Pajares respeta la normativa comunitaria ambiental antes de un a\u00f1o tras la denuncia que ha recibido hace unos meses de la Federaci\u00f3n Leonesa de Entidades Locales Menores y otras asociaciones vecinales sobre el proyecto. \"La Comisi\u00f3n har\u00e1 lo posible por adoptar una decisi\u00f3n sobre","inLanguage":"es-ES","isPartOf":{"@id":"https:\/\/www.eldigitaldeasturias.com\/noticias\/#website"},"breadcrumb":{"@id":"https:\/\/www.eldigitaldeasturias.com\/noticias\/la-comision-europea-estudia-si-el-tunel-de-pajares-respeta-las-normativas-ambientales\/#breadcrumblist"},"author":{"@id":"https:\/\/www.eldigitaldeasturias.com\/noticias\/author\/admin\/#author"},"creator":{"@id":"https:\/\/www.eldigitaldeasturias.com\/noticias\/author\/admin\/#author"},"image":{"@type":"ImageObject","url":"https:\/\/www.eldigitaldeasturias.com\/noticias\/wp-content\/uploads\/2016\/09\/fotonoticia_20160916180741_800.jpg","@id":"https:\/\/www.eldigitaldeasturias.com\/noticias\/la-comision-europea-estudia-si-el-tunel-de-pajares-respeta-las-normativas-ambientales\/#mainImage","width":800,"height":600},"primaryImageOfPage":{"@id":"https:\/\/www.eldigitaldeasturias.com\/noticias\/la-comision-europea-estudia-si-el-tunel-de-pajares-respeta-las-normativas-ambientales\/#mainImage"},"datePublished":"2016-09-17T13:10:35+02:00","dateModified":"2016-09-17T13:10:35+02:00"},{"@type":"WebSite","@id":"https:\/\/www.eldigitaldeasturias.com\/noticias\/#website","url":"https:\/\/www.eldigitaldeasturias.com\/noticias\/","name":"El Digital de Asturias - Diario de actualidad y noticias","alternateName":"El Digital de Asturias - Diario de actualidad y noticias","description":"Hemeroteca","inLanguage":"es-ES","publisher":{"@id":"https:\/\/www.eldigitaldeasturias.com\/noticias\/#organization"}}]},"og:locale":"es_ES","og:site_name":"El Digital de Asturias","og:type":"article","og:title":"La Comisi\u00f3n Europea estudia si el t\u00fanel de Pajares respeta las normativas ambientales - El Digital de Asturias","og:description":"La Comisi\u00f3n Europea tomar\u00e1 una decisi\u00f3n sobre si el t\u00fanel de Pajares respeta la normativa comunitaria ambiental antes de un a\u00f1o tras la denuncia que ha recibido hace unos meses de la Federaci\u00f3n Leonesa de Entidades Locales Menores y otras asociaciones vecinales sobre el proyecto. &quot;La Comisi\u00f3n har\u00e1 lo posible por adoptar una decisi\u00f3n sobre","og:url":"https:\/\/www.eldigitaldeasturias.com\/noticias\/la-comision-europea-estudia-si-el-tunel-de-pajares-respeta-las-normativas-ambientales\/","og:image":"https:\/\/www.eldigitaldeasturias.com\/noticias\/wp-content\/uploads\/2016\/09\/fotonoticia_20160916180741_800.jpg","og:image:secure_url":"https:\/\/www.eldigitaldeasturias.com\/noticias\/wp-content\/uploads\/2016\/09\/fotonoticia_20160916180741_800.jpg","og:image:width":800,"og:image:height":600,"article:tag":["actualidad asturias"],"article:published_time":"2016-09-17T12:10:35+00:00","article:modified_time":"2016-09-17T12:10:35+00:00","article:publisher":"https:\/\/facebook.com\/eldigitaldeasturias","twitter:card":"summary_large_image","twitter:title":"La Comisi\u00f3n Europea estudia si el t\u00fanel de Pajares respeta las normativas ambientales - El Digital de Asturias","twitter:description":"La Comisi\u00f3n Europea tomar\u00e1 una decisi\u00f3n sobre si el t\u00fanel de Pajares respeta la normativa comunitaria ambiental antes de un a\u00f1o tras la denuncia que ha recibido hace unos meses de la Federaci\u00f3n Leonesa de Entidades Locales Menores y otras asociaciones vecinales sobre el proyecto. &quot;La Comisi\u00f3n har\u00e1 lo posible por adoptar una decisi\u00f3n sobre","twitter:image":"https:\/\/www.eldigitaldeasturias.com\/noticias\/wp-content\/uploads\/2016\/09\/fotonoticia_20160916180741_800.jpg","twitter:label1":"Escrito por","twitter:data1":"El Digital de Asturias","twitter:label2":"Tiempo de lectura estimado","twitter:data2":"2 minutos"},"aioseo_meta_data":{"post_id":"908145","title":null,"description":null,"keywords":null,"keyphrases":null,"primary_term":null,"canonical_url":null,"og_title":null,"og_description":null,"og_object_type":"default","og_image_type":"default","og_image_url":null,"og_image_width":null,"og_image_height":null,"og_image_custom_url":null,"og_image_custom_fields":null,"og_video":null,"og_custom_url":null,"og_article_section":null,"og_article_tags":null,"twitter_use_og":false,"twitter_card":"default","twitter_image_type":"default","twitter_image_url":null,"twitter_image_custom_url":null,"twitter_image_custom_fields":null,"twitter_title":null,"twitter_description":null,"schema":{"blockGraphs":[],"customGraphs":[],"default":{"data":{"Article":[],"Course":[],"Dataset":[],"FAQPage":[],"Movie":[],"Person":[],"Product":[],"ProductReview":[],"Car":[],"Recipe":[],"Service":[],"SoftwareApplication":[],"WebPage":[]},"graphName":"","isEnabled":true},"graphs":[],"defaultGraph":"","defaultPostTypeGraph":""},"schema_type":null,"schema_type_options":null,"pillar_content":false,"robots_default":true,"robots_noindex":false,"robots_noarchive":false,"robots_nosnippet":false,"robots_nofollow":false,"robots_noimageindex":false,"robots_noodp":false,"robots_notranslate":false,"robots_max_snippet":null,"robots_max_videopreview":null,"robots_max_imagepreview":"large","priority":null,"frequency":null,"local_seo":null,"seo_analyzer_scan_date":"2025-11-30 15:01:15","breadcrumb_settings":null,"limit_modified_date":false,"open_ai":null,"ai":null,"created":"2020-12-21 14:00:26","updated":"2025-11-30 15:01:15"},"aioseo_breadcrumb":"<div class=\"aioseo-breadcrumbs\"><span class=\"aioseo-breadcrumb\">\n\t<a href=\"https:\/\/www.eldigitaldeasturias.com\/noticias\" title=\"Home\">Home<\/a>\n<\/span><span class=\"aioseo-breadcrumb-separator\">\u2013<\/span><span class=\"aioseo-breadcrumb\">\n\t<a href=\"https:\/\/www.eldigitaldeasturias.com\/noticias\/category\/actualidad-asturias\/\" title=\"Actualidad Asturias\">Actualidad Asturias<\/a>\n<\/span><span class=\"aioseo-breadcrumb-separator\">\u2013<\/span><span class=\"aioseo-breadcrumb\">\n\t<a href=\"https:\/\/www.eldigitaldeasturias.com\/noticias\/la-comision-europea-estudia-si-el-tunel-de-pajares-respeta-las-normativas-ambientales\/\" title=\"La Comisi\u00f3n Europea estudia si el t\u00fanel de Pajares respeta las normativas ambientales\">La Comisi\u00f3n Europea estudia si el t\u00fanel de Pajares respeta las normativas ambientales<\/a>\n<\/span><\/div>","aioseo_breadcrumb_json":[{"label":"Home","link":"https:\/\/www.eldigitaldeasturias.com\/noticias"},{"label":"Actualidad Asturias","link":"https:\/\/www.eldigitaldeasturias.com\/noticias\/category\/actualidad-asturias\/"},{"label":"La Comisi\u00f3n Europea estudia si el t\u00fanel de Pajares respeta las normativas ambientales","link":"https:\/\/www.eldigitaldeasturias.com\/noticias\/la-comision-europea-estudia-si-el-tunel-de-pajares-respeta-las-normativas-ambientales\/"}],"_links":{"self":[{"href":"https:\/\/www.eldigitaldeasturias.com\/noticias\/wp-json\/wp\/v2\/posts\/908145","targetHints":{"allow":["GET"]}}],"collection":[{"href":"https:\/\/www.eldigitaldeasturias.com\/noticias\/wp-json\/wp\/v2\/posts"}],"about":[{"href":"https:\/\/www.eldigitaldeasturias.com\/noticias\/wp-json\/wp\/v2\/types\/post"}],"author":[{"embeddable":true,"href":"https:\/\/www.eldigitaldeasturias.com\/noticias\/wp-json\/wp\/v2\/users\/1"}],"replies":[{"embeddable":true,"href":"https:\/\/www.eldigitaldeasturias.com\/noticias\/wp-json\/wp\/v2\/comments?post=908145"}],"version-history":[{"count":0,"href":"https:\/\/www.eldigitaldeasturias.com\/noticias\/wp-json\/wp\/v2\/posts\/908145\/revisions"}],"wp:featuredmedia":[{"embeddable":true,"href":"https:\/\/www.eldigitaldeasturias.com\/noticias\/wp-json\/wp\/v2\/media\/908146"}],"wp:attachment":[{"href":"https:\/\/www.eldigitaldeasturias.com\/noticias\/wp-json\/wp\/v2\/media?parent=908145"}],"wp:term":[{"taxonomy":"category","embeddable":true,"href":"https:\/\/www.eldigitaldeasturias.com\/noticias\/wp-json\/wp\/v2\/categories?post=908145"},{"taxonomy":"post_tag","embeddable":true,"href":"https:\/\/www.eldigitaldeasturias.com\/noticias\/wp-json\/wp\/v2\/tags?post=908145"}],"curies":[{"name":"wp","href":"https:\/\/api.w.org\/{rel}","templated":true}]}}