{"id":908141,"date":"2016-09-17T13:05:06","date_gmt":"2016-09-17T12:05:06","guid":{"rendered":"http:\/\/www.eldigitaldeasturias.com\/noticias\/?p=908141"},"modified":"2016-09-17T13:05:06","modified_gmt":"2016-09-17T12:05:06","slug":"francisco-blanco-reacciona-ante-el-rechazo-a-los-planes-de-empleo","status":"publish","type":"post","link":"https:\/\/www.eldigitaldeasturias.com\/noticias\/francisco-blanco-reacciona-ante-el-rechazo-a-los-planes-de-empleo\/","title":{"rendered":"Francisco Blanco reacciona ante el rechazo a los planes de empleo"},"content":{"rendered":"<p><img loading=\"lazy\" decoding=\"async\" class=\"alignleft size-medium wp-image-809067\" src=\"https:\/\/www.eldigitaldeasturias.com\/noticias\/wp-content\/uploads\/2015\/09\/francisco-Blanco-360x219.jpg\" alt=\"francisco Blanco\" width=\"360\" height=\"219\" srcset=\"https:\/\/www.eldigitaldeasturias.com\/noticias\/wp-content\/uploads\/2015\/09\/francisco-Blanco-360x219.jpg 360w, https:\/\/www.eldigitaldeasturias.com\/noticias\/wp-content\/uploads\/2015\/09\/francisco-Blanco-650x395.jpg 650w, https:\/\/www.eldigitaldeasturias.com\/noticias\/wp-content\/uploads\/2015\/09\/francisco-Blanco.jpg 800w\" sizes=\"auto, (max-width: 360px) 100vw, 360px\" \/>El director de Empleo del Ayuntamiento de Gij\u00f3n, Pelayo Barc\u00eda, ha se\u00f1alado este viernes, en declaraciones a los medios de comunicaci\u00f3n, que el consejero de Empleo, Industria y Turismo del Principado, Francisco Blanco, en una reuni\u00f3n mantenida entre ambas instituciones, se ha mostrado interesado en introducir en los planes de empleo el contrato de formaci\u00f3n y aprendizaje, como f\u00f3rmula para dotarlos de una mayor seguridad jur\u00eddica y evitar que tener que pagar indemnizaciones por despidos improcedentes.<\/p>\n<p>Precisamente estas posibles indemnizaciones ha llevado a muchos ayuntamientos asturianos a rechazar la convocar planes de empleo. En el caso de Gij\u00f3n, hasta la fecha se realizan contratos de obra y servicio y en pr\u00e1cticas, y quieren introducir este tercer modelo de contrataci\u00f3n, dirigido principalmente a personas con discapacidad. Cabe recordar que las administraciones p\u00fablicas est\u00e1n obligados a reservar un porcentaje de plazas para este colectivo.<\/p>\n<p>As\u00ed se lo ha trasladado a los firmantes del pacto de concertaci\u00f3n &#8216;Gij\u00f3n Crece&#8217;, con los que se ha reunido este viernes. M\u00e1s dif\u00edcil es ajustar el tema de la financiaci\u00f3n, ha reconocido, al provenir del Fondo Social Europeo.<\/p>\n<p>Tambi\u00e9n ha trasladado a los agentes sociales el borrador de presupuesto para 2017 del \u00e1rea de desarrollo econ\u00f3mico y empleo, en total, 22,6 millones de euros, un 20,3 por ciento m\u00e1s que en el ejercicio de 2015 (18,83 millones de euros).<\/p>\n<p>En la reuni\u00f3n de &#8216;Gij\u00f3n Crece&#8217; tambi\u00e9n se ha abordado la problem\u00e1tica sobre los mercados y la necesidad de replantear la instrucci\u00f3n municipal existente sobre estos, ya de cara al verano pr\u00f3ximo. Se trata, de alguna manera, de llevar a cabo un mayor control y regularizar esta actividad.<\/p>\n<p>En este caso, la Federaci\u00f3n Asturiana de Empresarios (FADE) ha realizado una propuesta que ha tenido buena acogida. Entre otras cosas, se premiar\u00eda a mercados estables, como el ecol\u00f3gico de la plaza Mayor, y se tratar\u00eda de abrir a la periferia este tipo de actividades. Una propuesta que llega tras las cr\u00edticas por el mercado romano que se desarroll\u00f3 en el paseo de Bego\u00f1a recientemente.<\/p>\n<p>&nbsp;<\/p>\n","protected":false},"excerpt":{"rendered":"<p>El director de Empleo del Ayuntamiento de Gij\u00f3n, Pelayo Barc\u00eda, ha se\u00f1alado este viernes, en declaraciones a los medios de comunicaci\u00f3n, que el consejero de Empleo, Industria y Turismo del Principado, Francisco Blanco, en una reuni\u00f3n mantenida entre ambas instituciones, se ha mostrado interesado en introducir en los planes de empleo el contrato de formaci\u00f3n [&hellip;]<\/p>\n","protected":false},"author":1,"featured_media":809067,"comment_status":"closed","ping_status":"closed","sticky":false,"template":"","format":"standard","meta":{"footnotes":""},"categories":[12],"tags":[],"class_list":["post-908141","post","type-post","status-publish","format-standard","has-post-thumbnail","hentry","category-actualidad-asturias"],"aioseo_notices":[],"aioseo_head":"\n\t\t<!-- All in One SEO Pro 4.9.6.2 - aioseo.com -->\n\t<meta name=\"description\" content=\"El director de Empleo del Ayuntamiento de Gij\u00f3n, Pelayo Barc\u00eda, ha se\u00f1alado este viernes, en declaraciones a los medios de comunicaci\u00f3n, que el consejero de Empleo, Industria y Turismo del Principado, Francisco Blanco, en una reuni\u00f3n mantenida entre ambas instituciones, se ha mostrado interesado en introducir en los planes de empleo el contrato de formaci\u00f3n\" \/>\n\t<meta name=\"robots\" content=\"max-image-preview:large\" \/>\n\t<meta name=\"author\" content=\"El Digital de Asturias\"\/>\n\t<meta name=\"google-site-verification\" content=\"UA-38556648-1\" \/>\n\t<meta name=\"msvalidate.01\" content=\"7dfe9f3f1b24437ab69f4f2559babe99\" \/>\n\t<meta name=\"keywords\" content=\"actualidad asturias\" \/>\n\t<link rel=\"canonical\" href=\"https:\/\/www.eldigitaldeasturias.com\/noticias\/francisco-blanco-reacciona-ante-el-rechazo-a-los-planes-de-empleo\/\" \/>\n\t<meta name=\"generator\" content=\"All in One SEO Pro (AIOSEO) 4.9.6.2\" \/>\n\t\t<meta property=\"og:locale\" content=\"es_ES\" \/>\n\t\t<meta property=\"og:site_name\" content=\"El Digital de Asturias\" \/>\n\t\t<meta property=\"og:type\" content=\"article\" \/>\n\t\t<meta property=\"og:title\" content=\"Francisco Blanco reacciona ante el rechazo a los planes de empleo - El Digital de Asturias\" \/>\n\t\t<meta property=\"og:description\" content=\"El director de Empleo del Ayuntamiento de Gij\u00f3n, Pelayo Barc\u00eda, ha se\u00f1alado este viernes, en declaraciones a los medios de comunicaci\u00f3n, que el consejero de Empleo, Industria y Turismo del Principado, Francisco Blanco, en una reuni\u00f3n mantenida entre ambas instituciones, se ha mostrado interesado en introducir en los planes de empleo el contrato de formaci\u00f3n\" \/>\n\t\t<meta property=\"og:url\" content=\"https:\/\/www.eldigitaldeasturias.com\/noticias\/francisco-blanco-reacciona-ante-el-rechazo-a-los-planes-de-empleo\/\" \/>\n\t\t<meta property=\"og:image\" content=\"https:\/\/www.eldigitaldeasturias.com\/noticias\/wp-content\/uploads\/2015\/09\/francisco-Blanco.jpg\" \/>\n\t\t<meta property=\"og:image:secure_url\" content=\"https:\/\/www.eldigitaldeasturias.com\/noticias\/wp-content\/uploads\/2015\/09\/francisco-Blanco.jpg\" \/>\n\t\t<meta property=\"og:image:width\" content=\"800\" \/>\n\t\t<meta property=\"og:image:height\" content=\"486\" \/>\n\t\t<meta property=\"article:tag\" content=\"actualidad asturias\" \/>\n\t\t<meta property=\"article:published_time\" content=\"2016-09-17T12:05:06+00:00\" \/>\n\t\t<meta property=\"article:modified_time\" content=\"2016-09-17T12:05:06+00:00\" \/>\n\t\t<meta property=\"article:publisher\" content=\"https:\/\/facebook.com\/eldigitaldeasturias\" \/>\n\t\t<meta name=\"twitter:card\" content=\"summary_large_image\" \/>\n\t\t<meta name=\"twitter:title\" content=\"Francisco Blanco reacciona ante el rechazo a los planes de empleo - El Digital de Asturias\" \/>\n\t\t<meta name=\"twitter:description\" content=\"El director de Empleo del Ayuntamiento de Gij\u00f3n, Pelayo Barc\u00eda, ha se\u00f1alado este viernes, en declaraciones a los medios de comunicaci\u00f3n, que el consejero de Empleo, Industria y Turismo del Principado, Francisco Blanco, en una reuni\u00f3n mantenida entre ambas instituciones, se ha mostrado interesado en introducir en los planes de empleo el contrato de formaci\u00f3n\" \/>\n\t\t<meta name=\"twitter:image\" content=\"https:\/\/www.eldigitaldeasturias.com\/noticias\/wp-content\/uploads\/2015\/09\/francisco-Blanco.jpg\" \/>\n\t\t<meta name=\"twitter:label1\" content=\"Escrito por\" \/>\n\t\t<meta name=\"twitter:data1\" content=\"El Digital de Asturias\" \/>\n\t\t<meta name=\"twitter:label2\" content=\"Tiempo de lectura estimado\" \/>\n\t\t<meta name=\"twitter:data2\" content=\"2 minutos\" \/>\n\t\t<script type=\"application\/ld+json\" class=\"aioseo-schema\">\n\t\t\t{\"@context\":\"https:\\\/\\\/schema.org\",\"@graph\":[{\"@type\":\"BlogPosting\",\"@id\":\"https:\\\/\\\/www.eldigitaldeasturias.com\\\/noticias\\\/francisco-blanco-reacciona-ante-el-rechazo-a-los-planes-de-empleo\\\/#blogposting\",\"name\":\"Francisco Blanco reacciona ante el rechazo a los planes de empleo - El Digital de Asturias\",\"headline\":\"Francisco Blanco reacciona ante el rechazo a los planes de empleo\",\"author\":{\"@id\":\"https:\\\/\\\/www.eldigitaldeasturias.com\\\/noticias\\\/author\\\/admin\\\/#author\"},\"publisher\":{\"@id\":\"https:\\\/\\\/www.eldigitaldeasturias.com\\\/noticias\\\/#organization\"},\"image\":{\"@type\":\"ImageObject\",\"url\":\"https:\\\/\\\/www.eldigitaldeasturias.com\\\/noticias\\\/wp-content\\\/uploads\\\/2015\\\/09\\\/francisco-Blanco.jpg\",\"width\":800,\"height\":486},\"datePublished\":\"2016-09-17T13:05:06+02:00\",\"dateModified\":\"2016-09-17T13:05:06+02:00\",\"inLanguage\":\"es-ES\",\"mainEntityOfPage\":{\"@id\":\"https:\\\/\\\/www.eldigitaldeasturias.com\\\/noticias\\\/francisco-blanco-reacciona-ante-el-rechazo-a-los-planes-de-empleo\\\/#webpage\"},\"isPartOf\":{\"@id\":\"https:\\\/\\\/www.eldigitaldeasturias.com\\\/noticias\\\/francisco-blanco-reacciona-ante-el-rechazo-a-los-planes-de-empleo\\\/#webpage\"},\"articleSection\":\"Actualidad Asturias\"},{\"@type\":\"BreadcrumbList\",\"@id\":\"https:\\\/\\\/www.eldigitaldeasturias.com\\\/noticias\\\/francisco-blanco-reacciona-ante-el-rechazo-a-los-planes-de-empleo\\\/#breadcrumblist\",\"itemListElement\":[{\"@type\":\"ListItem\",\"@id\":\"https:\\\/\\\/www.eldigitaldeasturias.com\\\/noticias#listItem\",\"position\":1,\"name\":\"Home\",\"item\":\"https:\\\/\\\/www.eldigitaldeasturias.com\\\/noticias\",\"nextItem\":{\"@type\":\"ListItem\",\"@id\":\"https:\\\/\\\/www.eldigitaldeasturias.com\\\/noticias\\\/category\\\/actualidad-asturias\\\/#listItem\",\"name\":\"Actualidad Asturias\"}},{\"@type\":\"ListItem\",\"@id\":\"https:\\\/\\\/www.eldigitaldeasturias.com\\\/noticias\\\/category\\\/actualidad-asturias\\\/#listItem\",\"position\":2,\"name\":\"Actualidad Asturias\",\"item\":\"https:\\\/\\\/www.eldigitaldeasturias.com\\\/noticias\\\/category\\\/actualidad-asturias\\\/\",\"nextItem\":{\"@type\":\"ListItem\",\"@id\":\"https:\\\/\\\/www.eldigitaldeasturias.com\\\/noticias\\\/francisco-blanco-reacciona-ante-el-rechazo-a-los-planes-de-empleo\\\/#listItem\",\"name\":\"Francisco Blanco reacciona ante el rechazo a los planes de empleo\"},\"previousItem\":{\"@type\":\"ListItem\",\"@id\":\"https:\\\/\\\/www.eldigitaldeasturias.com\\\/noticias#listItem\",\"name\":\"Home\"}},{\"@type\":\"ListItem\",\"@id\":\"https:\\\/\\\/www.eldigitaldeasturias.com\\\/noticias\\\/francisco-blanco-reacciona-ante-el-rechazo-a-los-planes-de-empleo\\\/#listItem\",\"position\":3,\"name\":\"Francisco Blanco reacciona ante el rechazo a los planes de empleo\",\"previousItem\":{\"@type\":\"ListItem\",\"@id\":\"https:\\\/\\\/www.eldigitaldeasturias.com\\\/noticias\\\/category\\\/actualidad-asturias\\\/#listItem\",\"name\":\"Actualidad Asturias\"}}]},{\"@type\":\"Organization\",\"@id\":\"https:\\\/\\\/www.eldigitaldeasturias.com\\\/noticias\\\/#organization\",\"name\":\"El Digital de Asturias\",\"description\":\"Hemeroteca\",\"url\":\"https:\\\/\\\/www.eldigitaldeasturias.com\\\/noticias\\\/\",\"email\":\"info@eldigitaldeasturias.com\",\"telephone\":\"+34652131393\",\"logo\":{\"@type\":\"ImageObject\",\"url\":\"https:\\\/\\\/www.eldigitaldeasturias.com\\\/noticias\\\/wp-content\\\/uploads\\\/2020\\\/12\\\/EDA.jpg\",\"@id\":\"https:\\\/\\\/www.eldigitaldeasturias.com\\\/noticias\\\/francisco-blanco-reacciona-ante-el-rechazo-a-los-planes-de-empleo\\\/#organizationLogo\",\"width\":649,\"height\":297},\"image\":{\"@id\":\"https:\\\/\\\/www.eldigitaldeasturias.com\\\/noticias\\\/francisco-blanco-reacciona-ante-el-rechazo-a-los-planes-de-empleo\\\/#organizationLogo\"},\"sameAs\":[\"https:\\\/\\\/facebook.com\\\/eldigitaldeasturias\",\"https:\\\/\\\/www.youtube.com\\\/channel\\\/UCZP-2wLEB9Rv6erhFmqVnvg\"],\"address\":{\"@id\":\"https:\\\/\\\/www.eldigitaldeasturias.com\\\/noticias\\\/#postaladdress\",\"@type\":\"PostalAddress\",\"streetAddress\":\"san antonio 4,\",\"postalCode\":\"33430\",\"addressLocality\":\"Cand\\u00e1s\",\"addressRegion\":\"Asturias\",\"addressCountry\":\"ES\"}},{\"@type\":\"Person\",\"@id\":\"https:\\\/\\\/www.eldigitaldeasturias.com\\\/noticias\\\/author\\\/admin\\\/#author\",\"url\":\"https:\\\/\\\/www.eldigitaldeasturias.com\\\/noticias\\\/author\\\/admin\\\/\",\"name\":\"El Digital de Asturias\",\"image\":{\"@type\":\"ImageObject\",\"@id\":\"https:\\\/\\\/www.eldigitaldeasturias.com\\\/noticias\\\/francisco-blanco-reacciona-ante-el-rechazo-a-los-planes-de-empleo\\\/#authorImage\",\"url\":\"https:\\\/\\\/www.eldigitaldeasturias.com\\\/noticias\\\/wp-content\\\/litespeed\\\/avatar\\\/18677e78aa0546b92d9dbf31ec7d7668.jpg?ver=1776685526\",\"width\":96,\"height\":96,\"caption\":\"El Digital de Asturias\"}},{\"@type\":\"WebPage\",\"@id\":\"https:\\\/\\\/www.eldigitaldeasturias.com\\\/noticias\\\/francisco-blanco-reacciona-ante-el-rechazo-a-los-planes-de-empleo\\\/#webpage\",\"url\":\"https:\\\/\\\/www.eldigitaldeasturias.com\\\/noticias\\\/francisco-blanco-reacciona-ante-el-rechazo-a-los-planes-de-empleo\\\/\",\"name\":\"Francisco Blanco reacciona ante el rechazo a los planes de empleo - El Digital de Asturias\",\"description\":\"El director de Empleo del Ayuntamiento de Gij\\u00f3n, Pelayo Barc\\u00eda, ha se\\u00f1alado este viernes, en declaraciones a los medios de comunicaci\\u00f3n, que el consejero de Empleo, Industria y Turismo del Principado, Francisco Blanco, en una reuni\\u00f3n mantenida entre ambas instituciones, se ha mostrado interesado en introducir en los planes de empleo el contrato de formaci\\u00f3n\",\"inLanguage\":\"es-ES\",\"isPartOf\":{\"@id\":\"https:\\\/\\\/www.eldigitaldeasturias.com\\\/noticias\\\/#website\"},\"breadcrumb\":{\"@id\":\"https:\\\/\\\/www.eldigitaldeasturias.com\\\/noticias\\\/francisco-blanco-reacciona-ante-el-rechazo-a-los-planes-de-empleo\\\/#breadcrumblist\"},\"author\":{\"@id\":\"https:\\\/\\\/www.eldigitaldeasturias.com\\\/noticias\\\/author\\\/admin\\\/#author\"},\"creator\":{\"@id\":\"https:\\\/\\\/www.eldigitaldeasturias.com\\\/noticias\\\/author\\\/admin\\\/#author\"},\"image\":{\"@type\":\"ImageObject\",\"url\":\"https:\\\/\\\/www.eldigitaldeasturias.com\\\/noticias\\\/wp-content\\\/uploads\\\/2015\\\/09\\\/francisco-Blanco.jpg\",\"@id\":\"https:\\\/\\\/www.eldigitaldeasturias.com\\\/noticias\\\/francisco-blanco-reacciona-ante-el-rechazo-a-los-planes-de-empleo\\\/#mainImage\",\"width\":800,\"height\":486},\"primaryImageOfPage\":{\"@id\":\"https:\\\/\\\/www.eldigitaldeasturias.com\\\/noticias\\\/francisco-blanco-reacciona-ante-el-rechazo-a-los-planes-de-empleo\\\/#mainImage\"},\"datePublished\":\"2016-09-17T13:05:06+02:00\",\"dateModified\":\"2016-09-17T13:05:06+02:00\"},{\"@type\":\"WebSite\",\"@id\":\"https:\\\/\\\/www.eldigitaldeasturias.com\\\/noticias\\\/#website\",\"url\":\"https:\\\/\\\/www.eldigitaldeasturias.com\\\/noticias\\\/\",\"name\":\"El Digital de Asturias - Diario de actualidad y noticias\",\"alternateName\":\"El Digital de Asturias - Diario de actualidad y noticias\",\"description\":\"Hemeroteca\",\"inLanguage\":\"es-ES\",\"publisher\":{\"@id\":\"https:\\\/\\\/www.eldigitaldeasturias.com\\\/noticias\\\/#organization\"}}]}\n\t\t<\/script>\n\t\t<!-- All in One SEO Pro -->\r\n\t\t<title>Francisco Blanco reacciona ante el rechazo a los planes de empleo - El Digital de Asturias<\/title>\n\n","aioseo_head_json":{"title":"Francisco Blanco reacciona ante el rechazo a los planes de empleo - El Digital de Asturias","description":"El director de Empleo del Ayuntamiento de Gij\u00f3n, Pelayo Barc\u00eda, ha se\u00f1alado este viernes, en declaraciones a los medios de comunicaci\u00f3n, que el consejero de Empleo, Industria y Turismo del Principado, Francisco Blanco, en una reuni\u00f3n mantenida entre ambas instituciones, se ha mostrado interesado en introducir en los planes de empleo el contrato de formaci\u00f3n","canonical_url":"https:\/\/www.eldigitaldeasturias.com\/noticias\/francisco-blanco-reacciona-ante-el-rechazo-a-los-planes-de-empleo\/","robots":"max-image-preview:large","keywords":"actualidad asturias","webmasterTools":{"google-site-verification":"UA-38556648-1","msvalidate.01":"7dfe9f3f1b24437ab69f4f2559babe99","miscellaneous":""},"schema":{"@context":"https:\/\/schema.org","@graph":[{"@type":"BlogPosting","@id":"https:\/\/www.eldigitaldeasturias.com\/noticias\/francisco-blanco-reacciona-ante-el-rechazo-a-los-planes-de-empleo\/#blogposting","name":"Francisco Blanco reacciona ante el rechazo a los planes de empleo - El Digital de Asturias","headline":"Francisco Blanco reacciona ante el rechazo a los planes de empleo","author":{"@id":"https:\/\/www.eldigitaldeasturias.com\/noticias\/author\/admin\/#author"},"publisher":{"@id":"https:\/\/www.eldigitaldeasturias.com\/noticias\/#organization"},"image":{"@type":"ImageObject","url":"https:\/\/www.eldigitaldeasturias.com\/noticias\/wp-content\/uploads\/2015\/09\/francisco-Blanco.jpg","width":800,"height":486},"datePublished":"2016-09-17T13:05:06+02:00","dateModified":"2016-09-17T13:05:06+02:00","inLanguage":"es-ES","mainEntityOfPage":{"@id":"https:\/\/www.eldigitaldeasturias.com\/noticias\/francisco-blanco-reacciona-ante-el-rechazo-a-los-planes-de-empleo\/#webpage"},"isPartOf":{"@id":"https:\/\/www.eldigitaldeasturias.com\/noticias\/francisco-blanco-reacciona-ante-el-rechazo-a-los-planes-de-empleo\/#webpage"},"articleSection":"Actualidad Asturias"},{"@type":"BreadcrumbList","@id":"https:\/\/www.eldigitaldeasturias.com\/noticias\/francisco-blanco-reacciona-ante-el-rechazo-a-los-planes-de-empleo\/#breadcrumblist","itemListElement":[{"@type":"ListItem","@id":"https:\/\/www.eldigitaldeasturias.com\/noticias#listItem","position":1,"name":"Home","item":"https:\/\/www.eldigitaldeasturias.com\/noticias","nextItem":{"@type":"ListItem","@id":"https:\/\/www.eldigitaldeasturias.com\/noticias\/category\/actualidad-asturias\/#listItem","name":"Actualidad Asturias"}},{"@type":"ListItem","@id":"https:\/\/www.eldigitaldeasturias.com\/noticias\/category\/actualidad-asturias\/#listItem","position":2,"name":"Actualidad Asturias","item":"https:\/\/www.eldigitaldeasturias.com\/noticias\/category\/actualidad-asturias\/","nextItem":{"@type":"ListItem","@id":"https:\/\/www.eldigitaldeasturias.com\/noticias\/francisco-blanco-reacciona-ante-el-rechazo-a-los-planes-de-empleo\/#listItem","name":"Francisco Blanco reacciona ante el rechazo a los planes de empleo"},"previousItem":{"@type":"ListItem","@id":"https:\/\/www.eldigitaldeasturias.com\/noticias#listItem","name":"Home"}},{"@type":"ListItem","@id":"https:\/\/www.eldigitaldeasturias.com\/noticias\/francisco-blanco-reacciona-ante-el-rechazo-a-los-planes-de-empleo\/#listItem","position":3,"name":"Francisco Blanco reacciona ante el rechazo a los planes de empleo","previousItem":{"@type":"ListItem","@id":"https:\/\/www.eldigitaldeasturias.com\/noticias\/category\/actualidad-asturias\/#listItem","name":"Actualidad Asturias"}}]},{"@type":"Organization","@id":"https:\/\/www.eldigitaldeasturias.com\/noticias\/#organization","name":"El Digital de Asturias","description":"Hemeroteca","url":"https:\/\/www.eldigitaldeasturias.com\/noticias\/","email":"info@eldigitaldeasturias.com","telephone":"+34652131393","logo":{"@type":"ImageObject","url":"https:\/\/www.eldigitaldeasturias.com\/noticias\/wp-content\/uploads\/2020\/12\/EDA.jpg","@id":"https:\/\/www.eldigitaldeasturias.com\/noticias\/francisco-blanco-reacciona-ante-el-rechazo-a-los-planes-de-empleo\/#organizationLogo","width":649,"height":297},"image":{"@id":"https:\/\/www.eldigitaldeasturias.com\/noticias\/francisco-blanco-reacciona-ante-el-rechazo-a-los-planes-de-empleo\/#organizationLogo"},"sameAs":["https:\/\/facebook.com\/eldigitaldeasturias","https:\/\/www.youtube.com\/channel\/UCZP-2wLEB9Rv6erhFmqVnvg"],"address":{"@id":"https:\/\/www.eldigitaldeasturias.com\/noticias\/#postaladdress","@type":"PostalAddress","streetAddress":"san antonio 4,","postalCode":"33430","addressLocality":"Cand\u00e1s","addressRegion":"Asturias","addressCountry":"ES"}},{"@type":"Person","@id":"https:\/\/www.eldigitaldeasturias.com\/noticias\/author\/admin\/#author","url":"https:\/\/www.eldigitaldeasturias.com\/noticias\/author\/admin\/","name":"El Digital de Asturias","image":{"@type":"ImageObject","@id":"https:\/\/www.eldigitaldeasturias.com\/noticias\/francisco-blanco-reacciona-ante-el-rechazo-a-los-planes-de-empleo\/#authorImage","url":"https:\/\/www.eldigitaldeasturias.com\/noticias\/wp-content\/litespeed\/avatar\/18677e78aa0546b92d9dbf31ec7d7668.jpg?ver=1776685526","width":96,"height":96,"caption":"El Digital de Asturias"}},{"@type":"WebPage","@id":"https:\/\/www.eldigitaldeasturias.com\/noticias\/francisco-blanco-reacciona-ante-el-rechazo-a-los-planes-de-empleo\/#webpage","url":"https:\/\/www.eldigitaldeasturias.com\/noticias\/francisco-blanco-reacciona-ante-el-rechazo-a-los-planes-de-empleo\/","name":"Francisco Blanco reacciona ante el rechazo a los planes de empleo - El Digital de Asturias","description":"El director de Empleo del Ayuntamiento de Gij\u00f3n, Pelayo Barc\u00eda, ha se\u00f1alado este viernes, en declaraciones a los medios de comunicaci\u00f3n, que el consejero de Empleo, Industria y Turismo del Principado, Francisco Blanco, en una reuni\u00f3n mantenida entre ambas instituciones, se ha mostrado interesado en introducir en los planes de empleo el contrato de formaci\u00f3n","inLanguage":"es-ES","isPartOf":{"@id":"https:\/\/www.eldigitaldeasturias.com\/noticias\/#website"},"breadcrumb":{"@id":"https:\/\/www.eldigitaldeasturias.com\/noticias\/francisco-blanco-reacciona-ante-el-rechazo-a-los-planes-de-empleo\/#breadcrumblist"},"author":{"@id":"https:\/\/www.eldigitaldeasturias.com\/noticias\/author\/admin\/#author"},"creator":{"@id":"https:\/\/www.eldigitaldeasturias.com\/noticias\/author\/admin\/#author"},"image":{"@type":"ImageObject","url":"https:\/\/www.eldigitaldeasturias.com\/noticias\/wp-content\/uploads\/2015\/09\/francisco-Blanco.jpg","@id":"https:\/\/www.eldigitaldeasturias.com\/noticias\/francisco-blanco-reacciona-ante-el-rechazo-a-los-planes-de-empleo\/#mainImage","width":800,"height":486},"primaryImageOfPage":{"@id":"https:\/\/www.eldigitaldeasturias.com\/noticias\/francisco-blanco-reacciona-ante-el-rechazo-a-los-planes-de-empleo\/#mainImage"},"datePublished":"2016-09-17T13:05:06+02:00","dateModified":"2016-09-17T13:05:06+02:00"},{"@type":"WebSite","@id":"https:\/\/www.eldigitaldeasturias.com\/noticias\/#website","url":"https:\/\/www.eldigitaldeasturias.com\/noticias\/","name":"El Digital de Asturias - Diario de actualidad y noticias","alternateName":"El Digital de Asturias - Diario de actualidad y noticias","description":"Hemeroteca","inLanguage":"es-ES","publisher":{"@id":"https:\/\/www.eldigitaldeasturias.com\/noticias\/#organization"}}]},"og:locale":"es_ES","og:site_name":"El Digital de Asturias","og:type":"article","og:title":"Francisco Blanco reacciona ante el rechazo a los planes de empleo - El Digital de Asturias","og:description":"El director de Empleo del Ayuntamiento de Gij\u00f3n, Pelayo Barc\u00eda, ha se\u00f1alado este viernes, en declaraciones a los medios de comunicaci\u00f3n, que el consejero de Empleo, Industria y Turismo del Principado, Francisco Blanco, en una reuni\u00f3n mantenida entre ambas instituciones, se ha mostrado interesado en introducir en los planes de empleo el contrato de formaci\u00f3n","og:url":"https:\/\/www.eldigitaldeasturias.com\/noticias\/francisco-blanco-reacciona-ante-el-rechazo-a-los-planes-de-empleo\/","og:image":"https:\/\/www.eldigitaldeasturias.com\/noticias\/wp-content\/uploads\/2015\/09\/francisco-Blanco.jpg","og:image:secure_url":"https:\/\/www.eldigitaldeasturias.com\/noticias\/wp-content\/uploads\/2015\/09\/francisco-Blanco.jpg","og:image:width":800,"og:image:height":486,"article:tag":["actualidad asturias"],"article:published_time":"2016-09-17T12:05:06+00:00","article:modified_time":"2016-09-17T12:05:06+00:00","article:publisher":"https:\/\/facebook.com\/eldigitaldeasturias","twitter:card":"summary_large_image","twitter:title":"Francisco Blanco reacciona ante el rechazo a los planes de empleo - El Digital de Asturias","twitter:description":"El director de Empleo del Ayuntamiento de Gij\u00f3n, Pelayo Barc\u00eda, ha se\u00f1alado este viernes, en declaraciones a los medios de comunicaci\u00f3n, que el consejero de Empleo, Industria y Turismo del Principado, Francisco Blanco, en una reuni\u00f3n mantenida entre ambas instituciones, se ha mostrado interesado en introducir en los planes de empleo el contrato de formaci\u00f3n","twitter:image":"https:\/\/www.eldigitaldeasturias.com\/noticias\/wp-content\/uploads\/2015\/09\/francisco-Blanco.jpg","twitter:label1":"Escrito por","twitter:data1":"El Digital de Asturias","twitter:label2":"Tiempo de lectura estimado","twitter:data2":"2 minutos"},"aioseo_meta_data":{"post_id":"908141","title":null,"description":null,"keywords":null,"keyphrases":null,"primary_term":null,"canonical_url":null,"og_title":null,"og_description":null,"og_object_type":"default","og_image_type":"default","og_image_url":null,"og_image_width":null,"og_image_height":null,"og_image_custom_url":null,"og_image_custom_fields":null,"og_video":null,"og_custom_url":null,"og_article_section":null,"og_article_tags":null,"twitter_use_og":false,"twitter_card":"default","twitter_image_type":"default","twitter_image_url":null,"twitter_image_custom_url":null,"twitter_image_custom_fields":null,"twitter_title":null,"twitter_description":null,"schema":{"blockGraphs":[],"customGraphs":[],"default":{"data":{"Article":[],"Course":[],"Dataset":[],"FAQPage":[],"Movie":[],"Person":[],"Product":[],"ProductReview":[],"Car":[],"Recipe":[],"Service":[],"SoftwareApplication":[],"WebPage":[]},"graphName":"","isEnabled":true},"graphs":[],"defaultGraph":"","defaultPostTypeGraph":""},"schema_type":null,"schema_type_options":null,"pillar_content":false,"robots_default":true,"robots_noindex":false,"robots_noarchive":false,"robots_nosnippet":false,"robots_nofollow":false,"robots_noimageindex":false,"robots_noodp":false,"robots_notranslate":false,"robots_max_snippet":null,"robots_max_videopreview":null,"robots_max_imagepreview":"large","priority":null,"frequency":null,"local_seo":null,"seo_analyzer_scan_date":"2025-11-30 15:01:14","breadcrumb_settings":null,"limit_modified_date":false,"open_ai":null,"ai":null,"created":"2020-12-21 14:00:26","updated":"2025-11-30 15:01:14"},"aioseo_breadcrumb":"<div class=\"aioseo-breadcrumbs\"><span class=\"aioseo-breadcrumb\">\n\t<a href=\"https:\/\/www.eldigitaldeasturias.com\/noticias\" title=\"Home\">Home<\/a>\n<\/span><span class=\"aioseo-breadcrumb-separator\">\u2013<\/span><span class=\"aioseo-breadcrumb\">\n\t<a href=\"https:\/\/www.eldigitaldeasturias.com\/noticias\/category\/actualidad-asturias\/\" title=\"Actualidad Asturias\">Actualidad Asturias<\/a>\n<\/span><span class=\"aioseo-breadcrumb-separator\">\u2013<\/span><span class=\"aioseo-breadcrumb\">\n\t<a href=\"https:\/\/www.eldigitaldeasturias.com\/noticias\/francisco-blanco-reacciona-ante-el-rechazo-a-los-planes-de-empleo\/\" title=\"Francisco Blanco reacciona ante el rechazo a los planes de empleo\">Francisco Blanco reacciona ante el rechazo a los planes de empleo<\/a>\n<\/span><\/div>","aioseo_breadcrumb_json":[{"label":"Home","link":"https:\/\/www.eldigitaldeasturias.com\/noticias"},{"label":"Actualidad Asturias","link":"https:\/\/www.eldigitaldeasturias.com\/noticias\/category\/actualidad-asturias\/"},{"label":"Francisco Blanco reacciona ante el rechazo a los planes de empleo","link":"https:\/\/www.eldigitaldeasturias.com\/noticias\/francisco-blanco-reacciona-ante-el-rechazo-a-los-planes-de-empleo\/"}],"_links":{"self":[{"href":"https:\/\/www.eldigitaldeasturias.com\/noticias\/wp-json\/wp\/v2\/posts\/908141","targetHints":{"allow":["GET"]}}],"collection":[{"href":"https:\/\/www.eldigitaldeasturias.com\/noticias\/wp-json\/wp\/v2\/posts"}],"about":[{"href":"https:\/\/www.eldigitaldeasturias.com\/noticias\/wp-json\/wp\/v2\/types\/post"}],"author":[{"embeddable":true,"href":"https:\/\/www.eldigitaldeasturias.com\/noticias\/wp-json\/wp\/v2\/users\/1"}],"replies":[{"embeddable":true,"href":"https:\/\/www.eldigitaldeasturias.com\/noticias\/wp-json\/wp\/v2\/comments?post=908141"}],"version-history":[{"count":0,"href":"https:\/\/www.eldigitaldeasturias.com\/noticias\/wp-json\/wp\/v2\/posts\/908141\/revisions"}],"wp:featuredmedia":[{"embeddable":true,"href":"https:\/\/www.eldigitaldeasturias.com\/noticias\/wp-json\/wp\/v2\/media\/809067"}],"wp:attachment":[{"href":"https:\/\/www.eldigitaldeasturias.com\/noticias\/wp-json\/wp\/v2\/media?parent=908141"}],"wp:term":[{"taxonomy":"category","embeddable":true,"href":"https:\/\/www.eldigitaldeasturias.com\/noticias\/wp-json\/wp\/v2\/categories?post=908141"},{"taxonomy":"post_tag","embeddable":true,"href":"https:\/\/www.eldigitaldeasturias.com\/noticias\/wp-json\/wp\/v2\/tags?post=908141"}],"curies":[{"name":"wp","href":"https:\/\/api.w.org\/{rel}","templated":true}]}}