{"id":908139,"date":"2016-09-17T13:00:08","date_gmt":"2016-09-17T12:00:08","guid":{"rendered":"http:\/\/www.eldigitaldeasturias.com\/noticias\/?p=908139"},"modified":"2016-09-17T13:00:08","modified_gmt":"2016-09-17T12:00:08","slug":"le-piden-prision-por-robar-en-dos-colegios-de-oviedo","status":"publish","type":"post","link":"https:\/\/www.eldigitaldeasturias.com\/noticias\/le-piden-prision-por-robar-en-dos-colegios-de-oviedo\/","title":{"rendered":"Le piden prisi\u00f3n por robar en dos colegios de Oviedo"},"content":{"rendered":"<p><img loading=\"lazy\" decoding=\"async\" class=\"alignleft size-medium wp-image-809254\" src=\"https:\/\/www.eldigitaldeasturias.com\/noticias\/wp-content\/uploads\/2015\/09\/Villabona-360x270.jpg\" alt=\"Villabona\" width=\"360\" height=\"270\" srcset=\"https:\/\/www.eldigitaldeasturias.com\/noticias\/wp-content\/uploads\/2015\/09\/Villabona-360x270.jpg 360w, https:\/\/www.eldigitaldeasturias.com\/noticias\/wp-content\/uploads\/2015\/09\/Villabona-650x488.jpg 650w, https:\/\/www.eldigitaldeasturias.com\/noticias\/wp-content\/uploads\/2015\/09\/Villabona-100x75.jpg 100w, https:\/\/www.eldigitaldeasturias.com\/noticias\/wp-content\/uploads\/2015\/09\/Villabona.jpg 800w\" sizes=\"auto, (max-width: 360px) 100vw, 360px\" \/>La Fiscal\u00eda del Principado de Asturias pide una pena de dos a\u00f1os y seis meses de prisi\u00f3n para el acusado de cometer dos robos con fuerza en el a\u00f1o 2012 en el colegio p\u00fablico Carmen Ruiz Tielve y en el colegio Dulce Nombre de Jes\u00fas, ambos ubicados en Oviedo. Del primero habr\u00eda sustra\u00eddo 950 euros y del segundo 300, seg\u00fan el escrito de acusaci\u00f3n. El juicio tendr\u00e1 lugar este lunes a las 11.30, en el Juzgado de Lo Penal n\u00famero 2, de Oviedo.<\/p>\n<p>El Ministerio Fiscal afirma que el d\u00eda 5 de diciembre de 2012 el acusado, en compa\u00f1\u00eda de otras personas para las que ya ha sido fijado tambi\u00e9n el juicio oral, forz\u00f3 la puerta del Carmen Ruiz Tielve y sustrajo 950 euros de un caj\u00f3n del despacho de la directora.<\/p>\n<p>Posteriormente, el 6 de diciembre, seg\u00fan la versi\u00f3n de la Fiscal\u00eda, acompa\u00f1ado tambi\u00e9n por los otros participantes en el anterior robo, forz\u00f3 el bomb\u00edn de la cerradora para acceder al interior del colegio Dulce Nombre de Jes\u00fas. Abandonaron el lugar con una caja fuerte en cuyo interior hab\u00eda otros 300 euros, tras ocasionar varios desperfectos en el interior del centro.<\/p>\n<p>Fiscal\u00eda considera que los hechos son constitutivos de un delito de robo con fuerza en las cosas y pide, adem\u00e1s de los dos a\u00f1os y medio mencionados, una indemnizaci\u00f3n de 26.000 euros para la Fundaci\u00f3n Francisco Coll (responsable del colegio Dulce Nombre de Jes\u00fas), y otros 6.000 a la aseguradora Allianz.<\/p>\n<p>&nbsp;<\/p>\n<p>&nbsp;<\/p>\n","protected":false},"excerpt":{"rendered":"<p>La Fiscal\u00eda del Principado de Asturias pide una pena de dos a\u00f1os y seis meses de prisi\u00f3n para el acusado de cometer dos robos con fuerza en el a\u00f1o 2012 en el colegio p\u00fablico Carmen Ruiz Tielve y en el colegio Dulce Nombre de Jes\u00fas, ambos ubicados en Oviedo. Del primero habr\u00eda sustra\u00eddo 950 euros [&hellip;]<\/p>\n","protected":false},"author":1,"featured_media":809254,"comment_status":"closed","ping_status":"closed","sticky":false,"template":"","format":"standard","meta":{"footnotes":""},"categories":[5],"tags":[],"class_list":["post-908139","post","type-post","status-publish","format-standard","has-post-thumbnail","hentry","category-sucesos"],"aioseo_notices":[],"aioseo_head":"\n\t\t<!-- All in One SEO Pro 4.9.6.2 - aioseo.com -->\n\t<meta name=\"description\" content=\"La Fiscal\u00eda del Principado de Asturias pide una pena de dos a\u00f1os y seis meses de prisi\u00f3n para el acusado de cometer dos robos con fuerza en el a\u00f1o 2012 en el colegio p\u00fablico Carmen Ruiz Tielve y en el colegio Dulce Nombre de Jes\u00fas, ambos ubicados en Oviedo. Del primero habr\u00eda sustra\u00eddo 950 euros\" \/>\n\t<meta name=\"robots\" content=\"max-image-preview:large\" \/>\n\t<meta name=\"author\" content=\"El Digital de Asturias\"\/>\n\t<meta name=\"google-site-verification\" content=\"UA-38556648-1\" \/>\n\t<meta name=\"msvalidate.01\" content=\"7dfe9f3f1b24437ab69f4f2559babe99\" \/>\n\t<meta name=\"keywords\" content=\"sucesos\" \/>\n\t<link rel=\"canonical\" href=\"https:\/\/www.eldigitaldeasturias.com\/noticias\/le-piden-prision-por-robar-en-dos-colegios-de-oviedo\/\" \/>\n\t<meta name=\"generator\" content=\"All in One SEO Pro (AIOSEO) 4.9.6.2\" \/>\n\t\t<meta property=\"og:locale\" content=\"es_ES\" \/>\n\t\t<meta property=\"og:site_name\" content=\"El Digital de Asturias\" \/>\n\t\t<meta property=\"og:type\" content=\"article\" \/>\n\t\t<meta property=\"og:title\" content=\"Le piden prisi\u00f3n por robar en dos colegios de Oviedo - El Digital de Asturias\" \/>\n\t\t<meta property=\"og:description\" content=\"La Fiscal\u00eda del Principado de Asturias pide una pena de dos a\u00f1os y seis meses de prisi\u00f3n para el acusado de cometer dos robos con fuerza en el a\u00f1o 2012 en el colegio p\u00fablico Carmen Ruiz Tielve y en el colegio Dulce Nombre de Jes\u00fas, ambos ubicados en Oviedo. Del primero habr\u00eda sustra\u00eddo 950 euros\" \/>\n\t\t<meta property=\"og:url\" content=\"https:\/\/www.eldigitaldeasturias.com\/noticias\/le-piden-prision-por-robar-en-dos-colegios-de-oviedo\/\" \/>\n\t\t<meta property=\"og:image\" content=\"https:\/\/www.eldigitaldeasturias.com\/noticias\/wp-content\/uploads\/2015\/09\/Villabona.jpg\" \/>\n\t\t<meta property=\"og:image:secure_url\" content=\"https:\/\/www.eldigitaldeasturias.com\/noticias\/wp-content\/uploads\/2015\/09\/Villabona.jpg\" \/>\n\t\t<meta property=\"og:image:width\" content=\"800\" \/>\n\t\t<meta property=\"og:image:height\" content=\"600\" \/>\n\t\t<meta property=\"article:tag\" content=\"sucesos\" \/>\n\t\t<meta property=\"article:published_time\" content=\"2016-09-17T12:00:08+00:00\" \/>\n\t\t<meta property=\"article:modified_time\" content=\"2016-09-17T12:00:08+00:00\" \/>\n\t\t<meta property=\"article:publisher\" content=\"https:\/\/facebook.com\/eldigitaldeasturias\" \/>\n\t\t<meta name=\"twitter:card\" content=\"summary_large_image\" \/>\n\t\t<meta name=\"twitter:title\" content=\"Le piden prisi\u00f3n por robar en dos colegios de Oviedo - El Digital de Asturias\" \/>\n\t\t<meta name=\"twitter:description\" content=\"La Fiscal\u00eda del Principado de Asturias pide una pena de dos a\u00f1os y seis meses de prisi\u00f3n para el acusado de cometer dos robos con fuerza en el a\u00f1o 2012 en el colegio p\u00fablico Carmen Ruiz Tielve y en el colegio Dulce Nombre de Jes\u00fas, ambos ubicados en Oviedo. Del primero habr\u00eda sustra\u00eddo 950 euros\" \/>\n\t\t<meta name=\"twitter:image\" content=\"https:\/\/www.eldigitaldeasturias.com\/noticias\/wp-content\/uploads\/2015\/09\/Villabona.jpg\" \/>\n\t\t<meta name=\"twitter:label1\" content=\"Escrito por\" \/>\n\t\t<meta name=\"twitter:data1\" content=\"El Digital de Asturias\" \/>\n\t\t<meta name=\"twitter:label2\" content=\"Tiempo de lectura estimado\" \/>\n\t\t<meta name=\"twitter:data2\" content=\"1 minuto\" \/>\n\t\t<script type=\"application\/ld+json\" class=\"aioseo-schema\">\n\t\t\t{\"@context\":\"https:\\\/\\\/schema.org\",\"@graph\":[{\"@type\":\"BlogPosting\",\"@id\":\"https:\\\/\\\/www.eldigitaldeasturias.com\\\/noticias\\\/le-piden-prision-por-robar-en-dos-colegios-de-oviedo\\\/#blogposting\",\"name\":\"Le piden prisi\\u00f3n por robar en dos colegios de Oviedo - El Digital de Asturias\",\"headline\":\"Le piden prisi\\u00f3n por robar en dos colegios de Oviedo\",\"author\":{\"@id\":\"https:\\\/\\\/www.eldigitaldeasturias.com\\\/noticias\\\/author\\\/admin\\\/#author\"},\"publisher\":{\"@id\":\"https:\\\/\\\/www.eldigitaldeasturias.com\\\/noticias\\\/#organization\"},\"image\":{\"@type\":\"ImageObject\",\"url\":\"https:\\\/\\\/www.eldigitaldeasturias.com\\\/noticias\\\/wp-content\\\/uploads\\\/2015\\\/09\\\/Villabona.jpg\",\"width\":800,\"height\":600},\"datePublished\":\"2016-09-17T13:00:08+02:00\",\"dateModified\":\"2016-09-17T13:00:08+02:00\",\"inLanguage\":\"es-ES\",\"mainEntityOfPage\":{\"@id\":\"https:\\\/\\\/www.eldigitaldeasturias.com\\\/noticias\\\/le-piden-prision-por-robar-en-dos-colegios-de-oviedo\\\/#webpage\"},\"isPartOf\":{\"@id\":\"https:\\\/\\\/www.eldigitaldeasturias.com\\\/noticias\\\/le-piden-prision-por-robar-en-dos-colegios-de-oviedo\\\/#webpage\"},\"articleSection\":\"Sucesos\"},{\"@type\":\"BreadcrumbList\",\"@id\":\"https:\\\/\\\/www.eldigitaldeasturias.com\\\/noticias\\\/le-piden-prision-por-robar-en-dos-colegios-de-oviedo\\\/#breadcrumblist\",\"itemListElement\":[{\"@type\":\"ListItem\",\"@id\":\"https:\\\/\\\/www.eldigitaldeasturias.com\\\/noticias#listItem\",\"position\":1,\"name\":\"Home\",\"item\":\"https:\\\/\\\/www.eldigitaldeasturias.com\\\/noticias\",\"nextItem\":{\"@type\":\"ListItem\",\"@id\":\"https:\\\/\\\/www.eldigitaldeasturias.com\\\/noticias\\\/category\\\/sucesos\\\/#listItem\",\"name\":\"Sucesos\"}},{\"@type\":\"ListItem\",\"@id\":\"https:\\\/\\\/www.eldigitaldeasturias.com\\\/noticias\\\/category\\\/sucesos\\\/#listItem\",\"position\":2,\"name\":\"Sucesos\",\"item\":\"https:\\\/\\\/www.eldigitaldeasturias.com\\\/noticias\\\/category\\\/sucesos\\\/\",\"nextItem\":{\"@type\":\"ListItem\",\"@id\":\"https:\\\/\\\/www.eldigitaldeasturias.com\\\/noticias\\\/le-piden-prision-por-robar-en-dos-colegios-de-oviedo\\\/#listItem\",\"name\":\"Le piden prisi\\u00f3n por robar en dos colegios de Oviedo\"},\"previousItem\":{\"@type\":\"ListItem\",\"@id\":\"https:\\\/\\\/www.eldigitaldeasturias.com\\\/noticias#listItem\",\"name\":\"Home\"}},{\"@type\":\"ListItem\",\"@id\":\"https:\\\/\\\/www.eldigitaldeasturias.com\\\/noticias\\\/le-piden-prision-por-robar-en-dos-colegios-de-oviedo\\\/#listItem\",\"position\":3,\"name\":\"Le piden prisi\\u00f3n por robar en dos colegios de Oviedo\",\"previousItem\":{\"@type\":\"ListItem\",\"@id\":\"https:\\\/\\\/www.eldigitaldeasturias.com\\\/noticias\\\/category\\\/sucesos\\\/#listItem\",\"name\":\"Sucesos\"}}]},{\"@type\":\"Organization\",\"@id\":\"https:\\\/\\\/www.eldigitaldeasturias.com\\\/noticias\\\/#organization\",\"name\":\"El Digital de Asturias\",\"description\":\"Hemeroteca\",\"url\":\"https:\\\/\\\/www.eldigitaldeasturias.com\\\/noticias\\\/\",\"email\":\"info@eldigitaldeasturias.com\",\"telephone\":\"+34652131393\",\"logo\":{\"@type\":\"ImageObject\",\"url\":\"https:\\\/\\\/www.eldigitaldeasturias.com\\\/noticias\\\/wp-content\\\/uploads\\\/2020\\\/12\\\/EDA.jpg\",\"@id\":\"https:\\\/\\\/www.eldigitaldeasturias.com\\\/noticias\\\/le-piden-prision-por-robar-en-dos-colegios-de-oviedo\\\/#organizationLogo\",\"width\":649,\"height\":297},\"image\":{\"@id\":\"https:\\\/\\\/www.eldigitaldeasturias.com\\\/noticias\\\/le-piden-prision-por-robar-en-dos-colegios-de-oviedo\\\/#organizationLogo\"},\"sameAs\":[\"https:\\\/\\\/facebook.com\\\/eldigitaldeasturias\",\"https:\\\/\\\/www.youtube.com\\\/channel\\\/UCZP-2wLEB9Rv6erhFmqVnvg\"],\"address\":{\"@id\":\"https:\\\/\\\/www.eldigitaldeasturias.com\\\/noticias\\\/#postaladdress\",\"@type\":\"PostalAddress\",\"streetAddress\":\"san antonio 4,\",\"postalCode\":\"33430\",\"addressLocality\":\"Cand\\u00e1s\",\"addressRegion\":\"Asturias\",\"addressCountry\":\"ES\"}},{\"@type\":\"Person\",\"@id\":\"https:\\\/\\\/www.eldigitaldeasturias.com\\\/noticias\\\/author\\\/admin\\\/#author\",\"url\":\"https:\\\/\\\/www.eldigitaldeasturias.com\\\/noticias\\\/author\\\/admin\\\/\",\"name\":\"El Digital de Asturias\",\"image\":{\"@type\":\"ImageObject\",\"@id\":\"https:\\\/\\\/www.eldigitaldeasturias.com\\\/noticias\\\/le-piden-prision-por-robar-en-dos-colegios-de-oviedo\\\/#authorImage\",\"url\":\"https:\\\/\\\/www.eldigitaldeasturias.com\\\/noticias\\\/wp-content\\\/litespeed\\\/avatar\\\/18677e78aa0546b92d9dbf31ec7d7668.jpg?ver=1776685526\",\"width\":96,\"height\":96,\"caption\":\"El Digital de Asturias\"}},{\"@type\":\"WebPage\",\"@id\":\"https:\\\/\\\/www.eldigitaldeasturias.com\\\/noticias\\\/le-piden-prision-por-robar-en-dos-colegios-de-oviedo\\\/#webpage\",\"url\":\"https:\\\/\\\/www.eldigitaldeasturias.com\\\/noticias\\\/le-piden-prision-por-robar-en-dos-colegios-de-oviedo\\\/\",\"name\":\"Le piden prisi\\u00f3n por robar en dos colegios de Oviedo - El Digital de Asturias\",\"description\":\"La Fiscal\\u00eda del Principado de Asturias pide una pena de dos a\\u00f1os y seis meses de prisi\\u00f3n para el acusado de cometer dos robos con fuerza en el a\\u00f1o 2012 en el colegio p\\u00fablico Carmen Ruiz Tielve y en el colegio Dulce Nombre de Jes\\u00fas, ambos ubicados en Oviedo. Del primero habr\\u00eda sustra\\u00eddo 950 euros\",\"inLanguage\":\"es-ES\",\"isPartOf\":{\"@id\":\"https:\\\/\\\/www.eldigitaldeasturias.com\\\/noticias\\\/#website\"},\"breadcrumb\":{\"@id\":\"https:\\\/\\\/www.eldigitaldeasturias.com\\\/noticias\\\/le-piden-prision-por-robar-en-dos-colegios-de-oviedo\\\/#breadcrumblist\"},\"author\":{\"@id\":\"https:\\\/\\\/www.eldigitaldeasturias.com\\\/noticias\\\/author\\\/admin\\\/#author\"},\"creator\":{\"@id\":\"https:\\\/\\\/www.eldigitaldeasturias.com\\\/noticias\\\/author\\\/admin\\\/#author\"},\"image\":{\"@type\":\"ImageObject\",\"url\":\"https:\\\/\\\/www.eldigitaldeasturias.com\\\/noticias\\\/wp-content\\\/uploads\\\/2015\\\/09\\\/Villabona.jpg\",\"@id\":\"https:\\\/\\\/www.eldigitaldeasturias.com\\\/noticias\\\/le-piden-prision-por-robar-en-dos-colegios-de-oviedo\\\/#mainImage\",\"width\":800,\"height\":600},\"primaryImageOfPage\":{\"@id\":\"https:\\\/\\\/www.eldigitaldeasturias.com\\\/noticias\\\/le-piden-prision-por-robar-en-dos-colegios-de-oviedo\\\/#mainImage\"},\"datePublished\":\"2016-09-17T13:00:08+02:00\",\"dateModified\":\"2016-09-17T13:00:08+02:00\"},{\"@type\":\"WebSite\",\"@id\":\"https:\\\/\\\/www.eldigitaldeasturias.com\\\/noticias\\\/#website\",\"url\":\"https:\\\/\\\/www.eldigitaldeasturias.com\\\/noticias\\\/\",\"name\":\"El Digital de Asturias - Diario de actualidad y noticias\",\"alternateName\":\"El Digital de Asturias - Diario de actualidad y noticias\",\"description\":\"Hemeroteca\",\"inLanguage\":\"es-ES\",\"publisher\":{\"@id\":\"https:\\\/\\\/www.eldigitaldeasturias.com\\\/noticias\\\/#organization\"}}]}\n\t\t<\/script>\n\t\t<!-- All in One SEO Pro -->\r\n\t\t<title>Le piden prisi\u00f3n por robar en dos colegios de Oviedo - El Digital de Asturias<\/title>\n\n","aioseo_head_json":{"title":"Le piden prisi\u00f3n por robar en dos colegios de Oviedo - El Digital de Asturias","description":"La Fiscal\u00eda del Principado de Asturias pide una pena de dos a\u00f1os y seis meses de prisi\u00f3n para el acusado de cometer dos robos con fuerza en el a\u00f1o 2012 en el colegio p\u00fablico Carmen Ruiz Tielve y en el colegio Dulce Nombre de Jes\u00fas, ambos ubicados en Oviedo. Del primero habr\u00eda sustra\u00eddo 950 euros","canonical_url":"https:\/\/www.eldigitaldeasturias.com\/noticias\/le-piden-prision-por-robar-en-dos-colegios-de-oviedo\/","robots":"max-image-preview:large","keywords":"sucesos","webmasterTools":{"google-site-verification":"UA-38556648-1","msvalidate.01":"7dfe9f3f1b24437ab69f4f2559babe99","miscellaneous":""},"schema":{"@context":"https:\/\/schema.org","@graph":[{"@type":"BlogPosting","@id":"https:\/\/www.eldigitaldeasturias.com\/noticias\/le-piden-prision-por-robar-en-dos-colegios-de-oviedo\/#blogposting","name":"Le piden prisi\u00f3n por robar en dos colegios de Oviedo - El Digital de Asturias","headline":"Le piden prisi\u00f3n por robar en dos colegios de Oviedo","author":{"@id":"https:\/\/www.eldigitaldeasturias.com\/noticias\/author\/admin\/#author"},"publisher":{"@id":"https:\/\/www.eldigitaldeasturias.com\/noticias\/#organization"},"image":{"@type":"ImageObject","url":"https:\/\/www.eldigitaldeasturias.com\/noticias\/wp-content\/uploads\/2015\/09\/Villabona.jpg","width":800,"height":600},"datePublished":"2016-09-17T13:00:08+02:00","dateModified":"2016-09-17T13:00:08+02:00","inLanguage":"es-ES","mainEntityOfPage":{"@id":"https:\/\/www.eldigitaldeasturias.com\/noticias\/le-piden-prision-por-robar-en-dos-colegios-de-oviedo\/#webpage"},"isPartOf":{"@id":"https:\/\/www.eldigitaldeasturias.com\/noticias\/le-piden-prision-por-robar-en-dos-colegios-de-oviedo\/#webpage"},"articleSection":"Sucesos"},{"@type":"BreadcrumbList","@id":"https:\/\/www.eldigitaldeasturias.com\/noticias\/le-piden-prision-por-robar-en-dos-colegios-de-oviedo\/#breadcrumblist","itemListElement":[{"@type":"ListItem","@id":"https:\/\/www.eldigitaldeasturias.com\/noticias#listItem","position":1,"name":"Home","item":"https:\/\/www.eldigitaldeasturias.com\/noticias","nextItem":{"@type":"ListItem","@id":"https:\/\/www.eldigitaldeasturias.com\/noticias\/category\/sucesos\/#listItem","name":"Sucesos"}},{"@type":"ListItem","@id":"https:\/\/www.eldigitaldeasturias.com\/noticias\/category\/sucesos\/#listItem","position":2,"name":"Sucesos","item":"https:\/\/www.eldigitaldeasturias.com\/noticias\/category\/sucesos\/","nextItem":{"@type":"ListItem","@id":"https:\/\/www.eldigitaldeasturias.com\/noticias\/le-piden-prision-por-robar-en-dos-colegios-de-oviedo\/#listItem","name":"Le piden prisi\u00f3n por robar en dos colegios de Oviedo"},"previousItem":{"@type":"ListItem","@id":"https:\/\/www.eldigitaldeasturias.com\/noticias#listItem","name":"Home"}},{"@type":"ListItem","@id":"https:\/\/www.eldigitaldeasturias.com\/noticias\/le-piden-prision-por-robar-en-dos-colegios-de-oviedo\/#listItem","position":3,"name":"Le piden prisi\u00f3n por robar en dos colegios de Oviedo","previousItem":{"@type":"ListItem","@id":"https:\/\/www.eldigitaldeasturias.com\/noticias\/category\/sucesos\/#listItem","name":"Sucesos"}}]},{"@type":"Organization","@id":"https:\/\/www.eldigitaldeasturias.com\/noticias\/#organization","name":"El Digital de Asturias","description":"Hemeroteca","url":"https:\/\/www.eldigitaldeasturias.com\/noticias\/","email":"info@eldigitaldeasturias.com","telephone":"+34652131393","logo":{"@type":"ImageObject","url":"https:\/\/www.eldigitaldeasturias.com\/noticias\/wp-content\/uploads\/2020\/12\/EDA.jpg","@id":"https:\/\/www.eldigitaldeasturias.com\/noticias\/le-piden-prision-por-robar-en-dos-colegios-de-oviedo\/#organizationLogo","width":649,"height":297},"image":{"@id":"https:\/\/www.eldigitaldeasturias.com\/noticias\/le-piden-prision-por-robar-en-dos-colegios-de-oviedo\/#organizationLogo"},"sameAs":["https:\/\/facebook.com\/eldigitaldeasturias","https:\/\/www.youtube.com\/channel\/UCZP-2wLEB9Rv6erhFmqVnvg"],"address":{"@id":"https:\/\/www.eldigitaldeasturias.com\/noticias\/#postaladdress","@type":"PostalAddress","streetAddress":"san antonio 4,","postalCode":"33430","addressLocality":"Cand\u00e1s","addressRegion":"Asturias","addressCountry":"ES"}},{"@type":"Person","@id":"https:\/\/www.eldigitaldeasturias.com\/noticias\/author\/admin\/#author","url":"https:\/\/www.eldigitaldeasturias.com\/noticias\/author\/admin\/","name":"El Digital de Asturias","image":{"@type":"ImageObject","@id":"https:\/\/www.eldigitaldeasturias.com\/noticias\/le-piden-prision-por-robar-en-dos-colegios-de-oviedo\/#authorImage","url":"https:\/\/www.eldigitaldeasturias.com\/noticias\/wp-content\/litespeed\/avatar\/18677e78aa0546b92d9dbf31ec7d7668.jpg?ver=1776685526","width":96,"height":96,"caption":"El Digital de Asturias"}},{"@type":"WebPage","@id":"https:\/\/www.eldigitaldeasturias.com\/noticias\/le-piden-prision-por-robar-en-dos-colegios-de-oviedo\/#webpage","url":"https:\/\/www.eldigitaldeasturias.com\/noticias\/le-piden-prision-por-robar-en-dos-colegios-de-oviedo\/","name":"Le piden prisi\u00f3n por robar en dos colegios de Oviedo - El Digital de Asturias","description":"La Fiscal\u00eda del Principado de Asturias pide una pena de dos a\u00f1os y seis meses de prisi\u00f3n para el acusado de cometer dos robos con fuerza en el a\u00f1o 2012 en el colegio p\u00fablico Carmen Ruiz Tielve y en el colegio Dulce Nombre de Jes\u00fas, ambos ubicados en Oviedo. Del primero habr\u00eda sustra\u00eddo 950 euros","inLanguage":"es-ES","isPartOf":{"@id":"https:\/\/www.eldigitaldeasturias.com\/noticias\/#website"},"breadcrumb":{"@id":"https:\/\/www.eldigitaldeasturias.com\/noticias\/le-piden-prision-por-robar-en-dos-colegios-de-oviedo\/#breadcrumblist"},"author":{"@id":"https:\/\/www.eldigitaldeasturias.com\/noticias\/author\/admin\/#author"},"creator":{"@id":"https:\/\/www.eldigitaldeasturias.com\/noticias\/author\/admin\/#author"},"image":{"@type":"ImageObject","url":"https:\/\/www.eldigitaldeasturias.com\/noticias\/wp-content\/uploads\/2015\/09\/Villabona.jpg","@id":"https:\/\/www.eldigitaldeasturias.com\/noticias\/le-piden-prision-por-robar-en-dos-colegios-de-oviedo\/#mainImage","width":800,"height":600},"primaryImageOfPage":{"@id":"https:\/\/www.eldigitaldeasturias.com\/noticias\/le-piden-prision-por-robar-en-dos-colegios-de-oviedo\/#mainImage"},"datePublished":"2016-09-17T13:00:08+02:00","dateModified":"2016-09-17T13:00:08+02:00"},{"@type":"WebSite","@id":"https:\/\/www.eldigitaldeasturias.com\/noticias\/#website","url":"https:\/\/www.eldigitaldeasturias.com\/noticias\/","name":"El Digital de Asturias - Diario de actualidad y noticias","alternateName":"El Digital de Asturias - Diario de actualidad y noticias","description":"Hemeroteca","inLanguage":"es-ES","publisher":{"@id":"https:\/\/www.eldigitaldeasturias.com\/noticias\/#organization"}}]},"og:locale":"es_ES","og:site_name":"El Digital de Asturias","og:type":"article","og:title":"Le piden prisi\u00f3n por robar en dos colegios de Oviedo - El Digital de Asturias","og:description":"La Fiscal\u00eda del Principado de Asturias pide una pena de dos a\u00f1os y seis meses de prisi\u00f3n para el acusado de cometer dos robos con fuerza en el a\u00f1o 2012 en el colegio p\u00fablico Carmen Ruiz Tielve y en el colegio Dulce Nombre de Jes\u00fas, ambos ubicados en Oviedo. Del primero habr\u00eda sustra\u00eddo 950 euros","og:url":"https:\/\/www.eldigitaldeasturias.com\/noticias\/le-piden-prision-por-robar-en-dos-colegios-de-oviedo\/","og:image":"https:\/\/www.eldigitaldeasturias.com\/noticias\/wp-content\/uploads\/2015\/09\/Villabona.jpg","og:image:secure_url":"https:\/\/www.eldigitaldeasturias.com\/noticias\/wp-content\/uploads\/2015\/09\/Villabona.jpg","og:image:width":800,"og:image:height":600,"article:tag":["sucesos"],"article:published_time":"2016-09-17T12:00:08+00:00","article:modified_time":"2016-09-17T12:00:08+00:00","article:publisher":"https:\/\/facebook.com\/eldigitaldeasturias","twitter:card":"summary_large_image","twitter:title":"Le piden prisi\u00f3n por robar en dos colegios de Oviedo - El Digital de Asturias","twitter:description":"La Fiscal\u00eda del Principado de Asturias pide una pena de dos a\u00f1os y seis meses de prisi\u00f3n para el acusado de cometer dos robos con fuerza en el a\u00f1o 2012 en el colegio p\u00fablico Carmen Ruiz Tielve y en el colegio Dulce Nombre de Jes\u00fas, ambos ubicados en Oviedo. Del primero habr\u00eda sustra\u00eddo 950 euros","twitter:image":"https:\/\/www.eldigitaldeasturias.com\/noticias\/wp-content\/uploads\/2015\/09\/Villabona.jpg","twitter:label1":"Escrito por","twitter:data1":"El Digital de Asturias","twitter:label2":"Tiempo de lectura estimado","twitter:data2":"1 minuto"},"aioseo_meta_data":{"post_id":"908139","title":null,"description":null,"keywords":null,"keyphrases":null,"primary_term":null,"canonical_url":null,"og_title":null,"og_description":null,"og_object_type":"default","og_image_type":"default","og_image_url":null,"og_image_width":null,"og_image_height":null,"og_image_custom_url":null,"og_image_custom_fields":null,"og_video":null,"og_custom_url":null,"og_article_section":null,"og_article_tags":null,"twitter_use_og":false,"twitter_card":"default","twitter_image_type":"default","twitter_image_url":null,"twitter_image_custom_url":null,"twitter_image_custom_fields":null,"twitter_title":null,"twitter_description":null,"schema":{"blockGraphs":[],"customGraphs":[],"default":{"data":{"Article":[],"Course":[],"Dataset":[],"FAQPage":[],"Movie":[],"Person":[],"Product":[],"ProductReview":[],"Car":[],"Recipe":[],"Service":[],"SoftwareApplication":[],"WebPage":[]},"graphName":"","isEnabled":true},"graphs":[],"defaultGraph":"","defaultPostTypeGraph":""},"schema_type":null,"schema_type_options":null,"pillar_content":false,"robots_default":true,"robots_noindex":false,"robots_noarchive":false,"robots_nosnippet":false,"robots_nofollow":false,"robots_noimageindex":false,"robots_noodp":false,"robots_notranslate":false,"robots_max_snippet":null,"robots_max_videopreview":null,"robots_max_imagepreview":"large","priority":null,"frequency":null,"local_seo":null,"seo_analyzer_scan_date":"2025-11-30 14:59:12","breadcrumb_settings":null,"limit_modified_date":false,"open_ai":null,"ai":null,"created":"2020-12-21 14:00:26","updated":"2025-11-30 14:59:12"},"aioseo_breadcrumb":"<div class=\"aioseo-breadcrumbs\"><span class=\"aioseo-breadcrumb\">\n\t<a href=\"https:\/\/www.eldigitaldeasturias.com\/noticias\" title=\"Home\">Home<\/a>\n<\/span><span class=\"aioseo-breadcrumb-separator\">\u2013<\/span><span class=\"aioseo-breadcrumb\">\n\t<a href=\"https:\/\/www.eldigitaldeasturias.com\/noticias\/category\/sucesos\/\" title=\"Sucesos\">Sucesos<\/a>\n<\/span><span class=\"aioseo-breadcrumb-separator\">\u2013<\/span><span class=\"aioseo-breadcrumb\">\n\t<a href=\"https:\/\/www.eldigitaldeasturias.com\/noticias\/le-piden-prision-por-robar-en-dos-colegios-de-oviedo\/\" title=\"Le piden prisi\u00f3n por robar en dos colegios de Oviedo\">Le piden prisi\u00f3n por robar en dos colegios de Oviedo<\/a>\n<\/span><\/div>","aioseo_breadcrumb_json":[{"label":"Home","link":"https:\/\/www.eldigitaldeasturias.com\/noticias"},{"label":"Sucesos","link":"https:\/\/www.eldigitaldeasturias.com\/noticias\/category\/sucesos\/"},{"label":"Le piden prisi\u00f3n por robar en dos colegios de Oviedo","link":"https:\/\/www.eldigitaldeasturias.com\/noticias\/le-piden-prision-por-robar-en-dos-colegios-de-oviedo\/"}],"_links":{"self":[{"href":"https:\/\/www.eldigitaldeasturias.com\/noticias\/wp-json\/wp\/v2\/posts\/908139","targetHints":{"allow":["GET"]}}],"collection":[{"href":"https:\/\/www.eldigitaldeasturias.com\/noticias\/wp-json\/wp\/v2\/posts"}],"about":[{"href":"https:\/\/www.eldigitaldeasturias.com\/noticias\/wp-json\/wp\/v2\/types\/post"}],"author":[{"embeddable":true,"href":"https:\/\/www.eldigitaldeasturias.com\/noticias\/wp-json\/wp\/v2\/users\/1"}],"replies":[{"embeddable":true,"href":"https:\/\/www.eldigitaldeasturias.com\/noticias\/wp-json\/wp\/v2\/comments?post=908139"}],"version-history":[{"count":0,"href":"https:\/\/www.eldigitaldeasturias.com\/noticias\/wp-json\/wp\/v2\/posts\/908139\/revisions"}],"wp:featuredmedia":[{"embeddable":true,"href":"https:\/\/www.eldigitaldeasturias.com\/noticias\/wp-json\/wp\/v2\/media\/809254"}],"wp:attachment":[{"href":"https:\/\/www.eldigitaldeasturias.com\/noticias\/wp-json\/wp\/v2\/media?parent=908139"}],"wp:term":[{"taxonomy":"category","embeddable":true,"href":"https:\/\/www.eldigitaldeasturias.com\/noticias\/wp-json\/wp\/v2\/categories?post=908139"},{"taxonomy":"post_tag","embeddable":true,"href":"https:\/\/www.eldigitaldeasturias.com\/noticias\/wp-json\/wp\/v2\/tags?post=908139"}],"curies":[{"name":"wp","href":"https:\/\/api.w.org\/{rel}","templated":true}]}}