{"id":908134,"date":"2016-09-17T12:54:29","date_gmt":"2016-09-17T11:54:29","guid":{"rendered":"http:\/\/www.eldigitaldeasturias.com\/noticias\/?p=908134"},"modified":"2016-09-17T12:54:29","modified_gmt":"2016-09-17T11:54:29","slug":"xixon-va-faer-una-segunda-convocatoria-dayuda-pa-material-escolar","status":"publish","type":"post","link":"https:\/\/www.eldigitaldeasturias.com\/noticias\/xixon-va-faer-una-segunda-convocatoria-dayuda-pa-material-escolar\/","title":{"rendered":"Xix\u00f3n va faer una segunda convocatoria d&#8217;ayuda pa material escolar"},"content":{"rendered":"<p><img loading=\"lazy\" decoding=\"async\" class=\"alignleft size-medium wp-image-780728\" src=\"https:\/\/www.eldigitaldeasturias.com\/noticias\/wp-content\/uploads\/2015\/04\/aula-360x198.jpg\" alt=\"aula\" width=\"360\" height=\"198\" srcset=\"https:\/\/www.eldigitaldeasturias.com\/noticias\/wp-content\/uploads\/2015\/04\/aula-360x198.jpg 360w, https:\/\/www.eldigitaldeasturias.com\/noticias\/wp-content\/uploads\/2015\/04\/aula-650x357.jpg 650w, https:\/\/www.eldigitaldeasturias.com\/noticias\/wp-content\/uploads\/2015\/04\/aula.jpg 655w\" sizes=\"auto, (max-width: 360px) 100vw, 360px\" \/>La concejala d&#8217;Educaci\u00f3n nel Conceyu de Xix\u00f3n, Monsterrat L\u00f3pez (Foru), avanz\u00f3 esti vienres que se va a dar en realizar una segunda convocatoria de les ayudes pa la compra de material escolar tres la baxa participaci\u00f3n na primera, que se desenvolvi\u00f3 n&#8217;agostu, mes habitual de vacaciones.<\/p>\n<p>L\u00f3pez, en respuesta a los medios de comunicaci\u00f3n tres les quexes de Xix\u00f3n S\u00ed puede pol escasu n\u00famberu de beneficiarios, 813 frente a los 2.293 del pas\u00e1u a\u00f1u, argument\u00f3 que l&#8217;informe de non duplicidad del Princip\u00e1u qu&#8217;autoriza a la convocatoria de les ayudes nun lleg\u00f3 hasta&#8217;l pas\u00e1u mes d&#8217;abril.<\/p>\n<p>Coles mesmes, anque reconoci\u00f3 qu&#8217;agostu ye \u00abmala d\u00f3mina\u00bb pa la convocatoria, matiz\u00f3 que y\u00e1 en xunu tresmiti\u00f3 a el directores de colexu que van treslladar a les families que tuvieren sollertes pel branu a la publicaci\u00f3n de la mesma.<\/p>\n<p>S\u00eda que non, indic\u00f3 que la convocatoria qued\u00f3 abierta p&#8217;aquellos casos nos que se xustifique que se tuvo fuera mientres el branu por motivos llaborales, como pueda ser los temporeros, o por enfermed\u00e1 d&#8217;un familiar.<\/p>\n<p>La conceyala xustific\u00f3 que yera precisu cerrar la convocatoria pa faer la baremaci\u00f3n de los posibles beneficiarios al haber una partida presupuestaria llindada. Una vegada liquidada la primer convocatoria, de la que los vales prevese que s&#8217;apurran nesta selmana, va sacase una segunda col dineru restante.<\/p>\n<p>Per otru llau, la concejala tami\u00e9n respondi\u00f3 a les cr\u00edtiques de Xix\u00f3n S\u00ed Puede respectu al retrasu de les obres en colexos o a obres pindies. A esti respectu, apunt\u00f3 que, polo que lu tresmitieron dende los centros, los colexos t\u00e1n \u00abbien contentos\u00bb col desenvolvimientu de les obres.<\/p>\n<p>De la mesma, hai enfatizado que fueron cientos les obres a realizar con un presupuestu de m\u00e1s d&#8217;un mill\u00f3n d&#8217;euros, colo que ye \u00abdif\u00edcil\u00bb que nun surda dalg\u00fan inconveniente. Magar ello, destac\u00f3 qu&#8217;este foi&#8217;l meyor a\u00f1u tocantes a cumplimientu de plazos. Queda pindia, eso s\u00ed, unos ba\u00f1os nel Honestu Batal\u00f3n y n&#8217;otru centru, que se van faer en Navidaes, y otres obres que quedaron suspend\u00edes pero que tienen que ver con reformes esteriores, como&#8217;l zarru de colexos.<\/p>\n<p><strong>CR\u00cdTIQUES DENDE XSP<\/strong><\/p>\n<p>Distinta ye la versi\u00f3n del voceru de XSP, Mario Su\u00e1rez, quien, en rueda de prensa, sostuvo qu&#8217;una ventena d&#8217;obres fundamentales pa los colexos fueron suspend\u00edes esti branu, polo qu&#8217;acus\u00f3 de \u00abfalta de compromisu\u00bb al Equipu de Gobiernu en materia d&#8217;educaci\u00f3n. Y anque reconoci\u00f3 que&#8217;l ritmu de les obres foi \u00abrazonable\u00bb a lo llargo del periodu branizu, h llament\u00e1u la retirada de proyectos \u00abde cal\u00e1u\u00bb en diversos centros educativos. Na mayor parte de los casos, el Conceyu aleg\u00f3 falta de recursos econ\u00f3micos.<\/p>\n<p>\u00abResulta llamativu que nesta ciud\u00e1, na que pretend\u00eden dedicase 10 millones d&#8217;euros del remanente a amortizar la delda, agora nun haya fondos pa faer estes obres\u00bb, reproch\u00f3. Del total d&#8217;unes 300 obres, mayores y menores, a realizar nes escueles, fueron suspend\u00edes una ventena.<\/p>\n<p>La mayor\u00eda de les suspensiones corresponder con obres de cal\u00e1u, como&#8217;l recubrimientu de pistes deportives o adecuaci\u00f3n de fachaes, esplic\u00f3 Su\u00e1rez, pa dempu\u00e9s citar casos concretos. Tami\u00e9n aludi\u00f3 a centros nos que se fixeron arreglos que nun solucionaron el problema de fondu, como nel colexu Asturies la instalaci\u00f3n d&#8217;una rede antipalomas nel techu de la pista cubierta.<\/p>\n<p>Sobre les beques pa material escolar, incidi\u00f3 en que pa esti cursu concedi\u00e9ronse menos del 50 per cientu respectu al pas\u00e1u, daqu\u00e9 qu&#8217;atribuy\u00f3 a convocales n&#8217;agostu, del 4 al 12. Nesti sent\u00edu, pidi\u00f3 que se abrir un nuevu periodu pa solicitar estes beques, daqu\u00e9 que la conceyala anunci\u00f3 y\u00e1 que se diba a faer.<\/p>\n<p>Per otru llau, aludi\u00f3 a les incidencies que t\u00e1n produci\u00e9ndose nel serviciu de comedores, una y bones la empresa que xestiona&#8217;l serviciu, Ausolan Alprinsa, nun ta dexando&#8217;l pagu n&#8217;efectivu a les families, y el pagu nam\u00e1 puede faese electr\u00f3nicamente, coles dificultaes qu&#8217;eso corada.<\/p>\n<p>\u00abEsti sistema tien qu&#8217;abrir la posibilid\u00e1 de que les families puedan siguir pagando en mano y el nuesu grupu municipal nun va dexar que neng\u00fan ne\u00f1u o ne\u00f1a quedar ensin comedor escolar porque nun tengan conocencia o posibilid\u00e1 d&#8217;aportar a estes v\u00edes de pagu\u00bb, esplic\u00f3.<\/p>\n<p>XSP, am\u00e1s, present\u00f3 una entruga na Comisi\u00f3n de Bienestar Social por qu&#8217;informe de si la empresa concesionaria de los comedores dio d&#8217;alta a toles sos trabayadores el pas\u00e1u d\u00eda 12, entamu del cursu escolar, al llega-yos informaci\u00f3n de qu&#8217;un n\u00famberu importante d&#8217;estes emplegaes nun la taben. Nesti sent\u00edu, va pregunt\u00e1se-y a la Conceyal\u00eda qu\u00e9 mid\u00edes va tomar en casu de que se produxera esti incumplimientu llaboral.<\/p>\n<p>En cuanto al Conseyu Escolar, el voceru de XSP llom\u00f3&#8217;l so funcionamientu de \u00ababsolutamente ineficaz\u00bb y non participativu. \u00abYe tan in\u00fatil qu&#8217;inclusive arrenunci\u00f3 a afitar los dos d\u00edes lectivos que van ser festivos que-y correspuenden a la ciud\u00e1, competencia vencida pola Conseyer\u00eda a esti \u00f3rganu y dexar en manos de les direcciones de los centros\u00bb, remarc\u00f3.<\/p>\n<p>&nbsp;<\/p>\n","protected":false},"excerpt":{"rendered":"<p>La concejala d&#8217;Educaci\u00f3n nel Conceyu de Xix\u00f3n, Monsterrat L\u00f3pez (Foru), avanz\u00f3 esti vienres que se va a dar en realizar una segunda convocatoria de les ayudes pa la compra de material escolar tres la baxa participaci\u00f3n na primera, que se desenvolvi\u00f3 n&#8217;agostu, mes habitual de vacaciones. L\u00f3pez, en respuesta a los medios de comunicaci\u00f3n tres [&hellip;]<\/p>\n","protected":false},"author":1,"featured_media":780728,"comment_status":"closed","ping_status":"closed","sticky":false,"template":"","format":"standard","meta":{"footnotes":""},"categories":[12],"tags":[],"class_list":["post-908134","post","type-post","status-publish","format-standard","has-post-thumbnail","hentry","category-actualidad-asturias"],"aioseo_notices":[],"aioseo_head":"\n\t\t<!-- All in One SEO Pro 4.9.6.2 - aioseo.com -->\n\t<meta name=\"description\" content=\"La concejala d&#039;Educaci\u00f3n nel Conceyu de Xix\u00f3n, Monsterrat L\u00f3pez (Foru), avanz\u00f3 esti vienres que se va a dar en realizar una segunda convocatoria de les ayudes pa la compra de material escolar tres la baxa participaci\u00f3n na primera, que se desenvolvi\u00f3 n&#039;agostu, mes habitual de vacaciones. L\u00f3pez, en respuesta a los medios de comunicaci\u00f3n tres\" \/>\n\t<meta name=\"robots\" content=\"max-image-preview:large\" \/>\n\t<meta name=\"author\" content=\"El Digital de Asturias\"\/>\n\t<meta name=\"google-site-verification\" content=\"UA-38556648-1\" \/>\n\t<meta name=\"msvalidate.01\" content=\"7dfe9f3f1b24437ab69f4f2559babe99\" \/>\n\t<meta name=\"keywords\" content=\"actualidad asturias\" \/>\n\t<link rel=\"canonical\" href=\"https:\/\/www.eldigitaldeasturias.com\/noticias\/xixon-va-faer-una-segunda-convocatoria-dayuda-pa-material-escolar\/\" \/>\n\t<meta name=\"generator\" content=\"All in One SEO Pro (AIOSEO) 4.9.6.2\" \/>\n\t\t<meta property=\"og:locale\" content=\"es_ES\" \/>\n\t\t<meta property=\"og:site_name\" content=\"El Digital de Asturias\" \/>\n\t\t<meta property=\"og:type\" content=\"article\" \/>\n\t\t<meta property=\"og:title\" content=\"Xix\u00f3n va faer una segunda convocatoria d\u2019ayuda pa material escolar - El Digital de Asturias\" \/>\n\t\t<meta property=\"og:description\" content=\"La concejala d&#039;Educaci\u00f3n nel Conceyu de Xix\u00f3n, Monsterrat L\u00f3pez (Foru), avanz\u00f3 esti vienres que se va a dar en realizar una segunda convocatoria de les ayudes pa la compra de material escolar tres la baxa participaci\u00f3n na primera, que se desenvolvi\u00f3 n&#039;agostu, mes habitual de vacaciones. L\u00f3pez, en respuesta a los medios de comunicaci\u00f3n tres\" \/>\n\t\t<meta property=\"og:url\" content=\"https:\/\/www.eldigitaldeasturias.com\/noticias\/xixon-va-faer-una-segunda-convocatoria-dayuda-pa-material-escolar\/\" \/>\n\t\t<meta property=\"og:image\" content=\"https:\/\/www.eldigitaldeasturias.com\/noticias\/wp-content\/uploads\/2015\/04\/aula.jpg\" \/>\n\t\t<meta property=\"og:image:secure_url\" content=\"https:\/\/www.eldigitaldeasturias.com\/noticias\/wp-content\/uploads\/2015\/04\/aula.jpg\" \/>\n\t\t<meta property=\"og:image:width\" content=\"655\" \/>\n\t\t<meta property=\"og:image:height\" content=\"360\" \/>\n\t\t<meta property=\"article:tag\" content=\"actualidad asturias\" \/>\n\t\t<meta property=\"article:published_time\" content=\"2016-09-17T11:54:29+00:00\" \/>\n\t\t<meta property=\"article:modified_time\" content=\"2016-09-17T11:54:29+00:00\" \/>\n\t\t<meta property=\"article:publisher\" content=\"https:\/\/facebook.com\/eldigitaldeasturias\" \/>\n\t\t<meta name=\"twitter:card\" content=\"summary_large_image\" \/>\n\t\t<meta name=\"twitter:title\" content=\"Xix\u00f3n va faer una segunda convocatoria d\u2019ayuda pa material escolar - El Digital de Asturias\" \/>\n\t\t<meta name=\"twitter:description\" content=\"La concejala d&#039;Educaci\u00f3n nel Conceyu de Xix\u00f3n, Monsterrat L\u00f3pez (Foru), avanz\u00f3 esti vienres que se va a dar en realizar una segunda convocatoria de les ayudes pa la compra de material escolar tres la baxa participaci\u00f3n na primera, que se desenvolvi\u00f3 n&#039;agostu, mes habitual de vacaciones. L\u00f3pez, en respuesta a los medios de comunicaci\u00f3n tres\" \/>\n\t\t<meta name=\"twitter:image\" content=\"https:\/\/www.eldigitaldeasturias.com\/noticias\/wp-content\/uploads\/2015\/04\/aula.jpg\" \/>\n\t\t<meta name=\"twitter:label1\" content=\"Escrito por\" \/>\n\t\t<meta name=\"twitter:data1\" content=\"El Digital de Asturias\" \/>\n\t\t<meta name=\"twitter:label2\" content=\"Tiempo de lectura estimado\" \/>\n\t\t<meta name=\"twitter:data2\" content=\"4 minutos\" \/>\n\t\t<script type=\"application\/ld+json\" class=\"aioseo-schema\">\n\t\t\t{\"@context\":\"https:\\\/\\\/schema.org\",\"@graph\":[{\"@type\":\"BlogPosting\",\"@id\":\"https:\\\/\\\/www.eldigitaldeasturias.com\\\/noticias\\\/xixon-va-faer-una-segunda-convocatoria-dayuda-pa-material-escolar\\\/#blogposting\",\"name\":\"Xix\\u00f3n va faer una segunda convocatoria d\\u2019ayuda pa material escolar - El Digital de Asturias\",\"headline\":\"Xix\\u00f3n va faer una segunda convocatoria d&#8217;ayuda pa material escolar\",\"author\":{\"@id\":\"https:\\\/\\\/www.eldigitaldeasturias.com\\\/noticias\\\/author\\\/admin\\\/#author\"},\"publisher\":{\"@id\":\"https:\\\/\\\/www.eldigitaldeasturias.com\\\/noticias\\\/#organization\"},\"image\":{\"@type\":\"ImageObject\",\"url\":\"https:\\\/\\\/www.eldigitaldeasturias.com\\\/noticias\\\/wp-content\\\/uploads\\\/2015\\\/04\\\/aula.jpg\",\"width\":655,\"height\":360},\"datePublished\":\"2016-09-17T12:54:29+02:00\",\"dateModified\":\"2016-09-17T12:54:29+02:00\",\"inLanguage\":\"es-ES\",\"mainEntityOfPage\":{\"@id\":\"https:\\\/\\\/www.eldigitaldeasturias.com\\\/noticias\\\/xixon-va-faer-una-segunda-convocatoria-dayuda-pa-material-escolar\\\/#webpage\"},\"isPartOf\":{\"@id\":\"https:\\\/\\\/www.eldigitaldeasturias.com\\\/noticias\\\/xixon-va-faer-una-segunda-convocatoria-dayuda-pa-material-escolar\\\/#webpage\"},\"articleSection\":\"Actualidad Asturias\"},{\"@type\":\"BreadcrumbList\",\"@id\":\"https:\\\/\\\/www.eldigitaldeasturias.com\\\/noticias\\\/xixon-va-faer-una-segunda-convocatoria-dayuda-pa-material-escolar\\\/#breadcrumblist\",\"itemListElement\":[{\"@type\":\"ListItem\",\"@id\":\"https:\\\/\\\/www.eldigitaldeasturias.com\\\/noticias#listItem\",\"position\":1,\"name\":\"Home\",\"item\":\"https:\\\/\\\/www.eldigitaldeasturias.com\\\/noticias\",\"nextItem\":{\"@type\":\"ListItem\",\"@id\":\"https:\\\/\\\/www.eldigitaldeasturias.com\\\/noticias\\\/category\\\/actualidad-asturias\\\/#listItem\",\"name\":\"Actualidad Asturias\"}},{\"@type\":\"ListItem\",\"@id\":\"https:\\\/\\\/www.eldigitaldeasturias.com\\\/noticias\\\/category\\\/actualidad-asturias\\\/#listItem\",\"position\":2,\"name\":\"Actualidad Asturias\",\"item\":\"https:\\\/\\\/www.eldigitaldeasturias.com\\\/noticias\\\/category\\\/actualidad-asturias\\\/\",\"nextItem\":{\"@type\":\"ListItem\",\"@id\":\"https:\\\/\\\/www.eldigitaldeasturias.com\\\/noticias\\\/xixon-va-faer-una-segunda-convocatoria-dayuda-pa-material-escolar\\\/#listItem\",\"name\":\"Xix\\u00f3n va faer una segunda convocatoria d&#8217;ayuda pa material escolar\"},\"previousItem\":{\"@type\":\"ListItem\",\"@id\":\"https:\\\/\\\/www.eldigitaldeasturias.com\\\/noticias#listItem\",\"name\":\"Home\"}},{\"@type\":\"ListItem\",\"@id\":\"https:\\\/\\\/www.eldigitaldeasturias.com\\\/noticias\\\/xixon-va-faer-una-segunda-convocatoria-dayuda-pa-material-escolar\\\/#listItem\",\"position\":3,\"name\":\"Xix\\u00f3n va faer una segunda convocatoria d&#8217;ayuda pa material escolar\",\"previousItem\":{\"@type\":\"ListItem\",\"@id\":\"https:\\\/\\\/www.eldigitaldeasturias.com\\\/noticias\\\/category\\\/actualidad-asturias\\\/#listItem\",\"name\":\"Actualidad Asturias\"}}]},{\"@type\":\"Organization\",\"@id\":\"https:\\\/\\\/www.eldigitaldeasturias.com\\\/noticias\\\/#organization\",\"name\":\"El Digital de Asturias\",\"description\":\"Hemeroteca\",\"url\":\"https:\\\/\\\/www.eldigitaldeasturias.com\\\/noticias\\\/\",\"email\":\"info@eldigitaldeasturias.com\",\"telephone\":\"+34652131393\",\"logo\":{\"@type\":\"ImageObject\",\"url\":\"https:\\\/\\\/www.eldigitaldeasturias.com\\\/noticias\\\/wp-content\\\/uploads\\\/2020\\\/12\\\/EDA.jpg\",\"@id\":\"https:\\\/\\\/www.eldigitaldeasturias.com\\\/noticias\\\/xixon-va-faer-una-segunda-convocatoria-dayuda-pa-material-escolar\\\/#organizationLogo\",\"width\":649,\"height\":297},\"image\":{\"@id\":\"https:\\\/\\\/www.eldigitaldeasturias.com\\\/noticias\\\/xixon-va-faer-una-segunda-convocatoria-dayuda-pa-material-escolar\\\/#organizationLogo\"},\"sameAs\":[\"https:\\\/\\\/facebook.com\\\/eldigitaldeasturias\",\"https:\\\/\\\/www.youtube.com\\\/channel\\\/UCZP-2wLEB9Rv6erhFmqVnvg\"],\"address\":{\"@id\":\"https:\\\/\\\/www.eldigitaldeasturias.com\\\/noticias\\\/#postaladdress\",\"@type\":\"PostalAddress\",\"streetAddress\":\"san antonio 4,\",\"postalCode\":\"33430\",\"addressLocality\":\"Cand\\u00e1s\",\"addressRegion\":\"Asturias\",\"addressCountry\":\"ES\"}},{\"@type\":\"Person\",\"@id\":\"https:\\\/\\\/www.eldigitaldeasturias.com\\\/noticias\\\/author\\\/admin\\\/#author\",\"url\":\"https:\\\/\\\/www.eldigitaldeasturias.com\\\/noticias\\\/author\\\/admin\\\/\",\"name\":\"El Digital de Asturias\",\"image\":{\"@type\":\"ImageObject\",\"@id\":\"https:\\\/\\\/www.eldigitaldeasturias.com\\\/noticias\\\/xixon-va-faer-una-segunda-convocatoria-dayuda-pa-material-escolar\\\/#authorImage\",\"url\":\"https:\\\/\\\/www.eldigitaldeasturias.com\\\/noticias\\\/wp-content\\\/litespeed\\\/avatar\\\/18677e78aa0546b92d9dbf31ec7d7668.jpg?ver=1776685526\",\"width\":96,\"height\":96,\"caption\":\"El Digital de Asturias\"}},{\"@type\":\"WebPage\",\"@id\":\"https:\\\/\\\/www.eldigitaldeasturias.com\\\/noticias\\\/xixon-va-faer-una-segunda-convocatoria-dayuda-pa-material-escolar\\\/#webpage\",\"url\":\"https:\\\/\\\/www.eldigitaldeasturias.com\\\/noticias\\\/xixon-va-faer-una-segunda-convocatoria-dayuda-pa-material-escolar\\\/\",\"name\":\"Xix\\u00f3n va faer una segunda convocatoria d\\u2019ayuda pa material escolar - El Digital de Asturias\",\"description\":\"La concejala d'Educaci\\u00f3n nel Conceyu de Xix\\u00f3n, Monsterrat L\\u00f3pez (Foru), avanz\\u00f3 esti vienres que se va a dar en realizar una segunda convocatoria de les ayudes pa la compra de material escolar tres la baxa participaci\\u00f3n na primera, que se desenvolvi\\u00f3 n'agostu, mes habitual de vacaciones. L\\u00f3pez, en respuesta a los medios de comunicaci\\u00f3n tres\",\"inLanguage\":\"es-ES\",\"isPartOf\":{\"@id\":\"https:\\\/\\\/www.eldigitaldeasturias.com\\\/noticias\\\/#website\"},\"breadcrumb\":{\"@id\":\"https:\\\/\\\/www.eldigitaldeasturias.com\\\/noticias\\\/xixon-va-faer-una-segunda-convocatoria-dayuda-pa-material-escolar\\\/#breadcrumblist\"},\"author\":{\"@id\":\"https:\\\/\\\/www.eldigitaldeasturias.com\\\/noticias\\\/author\\\/admin\\\/#author\"},\"creator\":{\"@id\":\"https:\\\/\\\/www.eldigitaldeasturias.com\\\/noticias\\\/author\\\/admin\\\/#author\"},\"image\":{\"@type\":\"ImageObject\",\"url\":\"https:\\\/\\\/www.eldigitaldeasturias.com\\\/noticias\\\/wp-content\\\/uploads\\\/2015\\\/04\\\/aula.jpg\",\"@id\":\"https:\\\/\\\/www.eldigitaldeasturias.com\\\/noticias\\\/xixon-va-faer-una-segunda-convocatoria-dayuda-pa-material-escolar\\\/#mainImage\",\"width\":655,\"height\":360},\"primaryImageOfPage\":{\"@id\":\"https:\\\/\\\/www.eldigitaldeasturias.com\\\/noticias\\\/xixon-va-faer-una-segunda-convocatoria-dayuda-pa-material-escolar\\\/#mainImage\"},\"datePublished\":\"2016-09-17T12:54:29+02:00\",\"dateModified\":\"2016-09-17T12:54:29+02:00\"},{\"@type\":\"WebSite\",\"@id\":\"https:\\\/\\\/www.eldigitaldeasturias.com\\\/noticias\\\/#website\",\"url\":\"https:\\\/\\\/www.eldigitaldeasturias.com\\\/noticias\\\/\",\"name\":\"El Digital de Asturias - Diario de actualidad y noticias\",\"alternateName\":\"El Digital de Asturias - Diario de actualidad y noticias\",\"description\":\"Hemeroteca\",\"inLanguage\":\"es-ES\",\"publisher\":{\"@id\":\"https:\\\/\\\/www.eldigitaldeasturias.com\\\/noticias\\\/#organization\"}}]}\n\t\t<\/script>\n\t\t<!-- All in One SEO Pro -->\r\n\t\t<title>Xix\u00f3n va faer una segunda convocatoria d\u2019ayuda pa material escolar - El Digital de Asturias<\/title>\n\n","aioseo_head_json":{"title":"Xix\u00f3n va faer una segunda convocatoria d\u2019ayuda pa material escolar - El Digital de Asturias","description":"La concejala d'Educaci\u00f3n nel Conceyu de Xix\u00f3n, Monsterrat L\u00f3pez (Foru), avanz\u00f3 esti vienres que se va a dar en realizar una segunda convocatoria de les ayudes pa la compra de material escolar tres la baxa participaci\u00f3n na primera, que se desenvolvi\u00f3 n'agostu, mes habitual de vacaciones. L\u00f3pez, en respuesta a los medios de comunicaci\u00f3n tres","canonical_url":"https:\/\/www.eldigitaldeasturias.com\/noticias\/xixon-va-faer-una-segunda-convocatoria-dayuda-pa-material-escolar\/","robots":"max-image-preview:large","keywords":"actualidad asturias","webmasterTools":{"google-site-verification":"UA-38556648-1","msvalidate.01":"7dfe9f3f1b24437ab69f4f2559babe99","miscellaneous":""},"schema":{"@context":"https:\/\/schema.org","@graph":[{"@type":"BlogPosting","@id":"https:\/\/www.eldigitaldeasturias.com\/noticias\/xixon-va-faer-una-segunda-convocatoria-dayuda-pa-material-escolar\/#blogposting","name":"Xix\u00f3n va faer una segunda convocatoria d\u2019ayuda pa material escolar - El Digital de Asturias","headline":"Xix\u00f3n va faer una segunda convocatoria d&#8217;ayuda pa material escolar","author":{"@id":"https:\/\/www.eldigitaldeasturias.com\/noticias\/author\/admin\/#author"},"publisher":{"@id":"https:\/\/www.eldigitaldeasturias.com\/noticias\/#organization"},"image":{"@type":"ImageObject","url":"https:\/\/www.eldigitaldeasturias.com\/noticias\/wp-content\/uploads\/2015\/04\/aula.jpg","width":655,"height":360},"datePublished":"2016-09-17T12:54:29+02:00","dateModified":"2016-09-17T12:54:29+02:00","inLanguage":"es-ES","mainEntityOfPage":{"@id":"https:\/\/www.eldigitaldeasturias.com\/noticias\/xixon-va-faer-una-segunda-convocatoria-dayuda-pa-material-escolar\/#webpage"},"isPartOf":{"@id":"https:\/\/www.eldigitaldeasturias.com\/noticias\/xixon-va-faer-una-segunda-convocatoria-dayuda-pa-material-escolar\/#webpage"},"articleSection":"Actualidad Asturias"},{"@type":"BreadcrumbList","@id":"https:\/\/www.eldigitaldeasturias.com\/noticias\/xixon-va-faer-una-segunda-convocatoria-dayuda-pa-material-escolar\/#breadcrumblist","itemListElement":[{"@type":"ListItem","@id":"https:\/\/www.eldigitaldeasturias.com\/noticias#listItem","position":1,"name":"Home","item":"https:\/\/www.eldigitaldeasturias.com\/noticias","nextItem":{"@type":"ListItem","@id":"https:\/\/www.eldigitaldeasturias.com\/noticias\/category\/actualidad-asturias\/#listItem","name":"Actualidad Asturias"}},{"@type":"ListItem","@id":"https:\/\/www.eldigitaldeasturias.com\/noticias\/category\/actualidad-asturias\/#listItem","position":2,"name":"Actualidad Asturias","item":"https:\/\/www.eldigitaldeasturias.com\/noticias\/category\/actualidad-asturias\/","nextItem":{"@type":"ListItem","@id":"https:\/\/www.eldigitaldeasturias.com\/noticias\/xixon-va-faer-una-segunda-convocatoria-dayuda-pa-material-escolar\/#listItem","name":"Xix\u00f3n va faer una segunda convocatoria d&#8217;ayuda pa material escolar"},"previousItem":{"@type":"ListItem","@id":"https:\/\/www.eldigitaldeasturias.com\/noticias#listItem","name":"Home"}},{"@type":"ListItem","@id":"https:\/\/www.eldigitaldeasturias.com\/noticias\/xixon-va-faer-una-segunda-convocatoria-dayuda-pa-material-escolar\/#listItem","position":3,"name":"Xix\u00f3n va faer una segunda convocatoria d&#8217;ayuda pa material escolar","previousItem":{"@type":"ListItem","@id":"https:\/\/www.eldigitaldeasturias.com\/noticias\/category\/actualidad-asturias\/#listItem","name":"Actualidad Asturias"}}]},{"@type":"Organization","@id":"https:\/\/www.eldigitaldeasturias.com\/noticias\/#organization","name":"El Digital de Asturias","description":"Hemeroteca","url":"https:\/\/www.eldigitaldeasturias.com\/noticias\/","email":"info@eldigitaldeasturias.com","telephone":"+34652131393","logo":{"@type":"ImageObject","url":"https:\/\/www.eldigitaldeasturias.com\/noticias\/wp-content\/uploads\/2020\/12\/EDA.jpg","@id":"https:\/\/www.eldigitaldeasturias.com\/noticias\/xixon-va-faer-una-segunda-convocatoria-dayuda-pa-material-escolar\/#organizationLogo","width":649,"height":297},"image":{"@id":"https:\/\/www.eldigitaldeasturias.com\/noticias\/xixon-va-faer-una-segunda-convocatoria-dayuda-pa-material-escolar\/#organizationLogo"},"sameAs":["https:\/\/facebook.com\/eldigitaldeasturias","https:\/\/www.youtube.com\/channel\/UCZP-2wLEB9Rv6erhFmqVnvg"],"address":{"@id":"https:\/\/www.eldigitaldeasturias.com\/noticias\/#postaladdress","@type":"PostalAddress","streetAddress":"san antonio 4,","postalCode":"33430","addressLocality":"Cand\u00e1s","addressRegion":"Asturias","addressCountry":"ES"}},{"@type":"Person","@id":"https:\/\/www.eldigitaldeasturias.com\/noticias\/author\/admin\/#author","url":"https:\/\/www.eldigitaldeasturias.com\/noticias\/author\/admin\/","name":"El Digital de Asturias","image":{"@type":"ImageObject","@id":"https:\/\/www.eldigitaldeasturias.com\/noticias\/xixon-va-faer-una-segunda-convocatoria-dayuda-pa-material-escolar\/#authorImage","url":"https:\/\/www.eldigitaldeasturias.com\/noticias\/wp-content\/litespeed\/avatar\/18677e78aa0546b92d9dbf31ec7d7668.jpg?ver=1776685526","width":96,"height":96,"caption":"El Digital de Asturias"}},{"@type":"WebPage","@id":"https:\/\/www.eldigitaldeasturias.com\/noticias\/xixon-va-faer-una-segunda-convocatoria-dayuda-pa-material-escolar\/#webpage","url":"https:\/\/www.eldigitaldeasturias.com\/noticias\/xixon-va-faer-una-segunda-convocatoria-dayuda-pa-material-escolar\/","name":"Xix\u00f3n va faer una segunda convocatoria d\u2019ayuda pa material escolar - El Digital de Asturias","description":"La concejala d'Educaci\u00f3n nel Conceyu de Xix\u00f3n, Monsterrat L\u00f3pez (Foru), avanz\u00f3 esti vienres que se va a dar en realizar una segunda convocatoria de les ayudes pa la compra de material escolar tres la baxa participaci\u00f3n na primera, que se desenvolvi\u00f3 n'agostu, mes habitual de vacaciones. L\u00f3pez, en respuesta a los medios de comunicaci\u00f3n tres","inLanguage":"es-ES","isPartOf":{"@id":"https:\/\/www.eldigitaldeasturias.com\/noticias\/#website"},"breadcrumb":{"@id":"https:\/\/www.eldigitaldeasturias.com\/noticias\/xixon-va-faer-una-segunda-convocatoria-dayuda-pa-material-escolar\/#breadcrumblist"},"author":{"@id":"https:\/\/www.eldigitaldeasturias.com\/noticias\/author\/admin\/#author"},"creator":{"@id":"https:\/\/www.eldigitaldeasturias.com\/noticias\/author\/admin\/#author"},"image":{"@type":"ImageObject","url":"https:\/\/www.eldigitaldeasturias.com\/noticias\/wp-content\/uploads\/2015\/04\/aula.jpg","@id":"https:\/\/www.eldigitaldeasturias.com\/noticias\/xixon-va-faer-una-segunda-convocatoria-dayuda-pa-material-escolar\/#mainImage","width":655,"height":360},"primaryImageOfPage":{"@id":"https:\/\/www.eldigitaldeasturias.com\/noticias\/xixon-va-faer-una-segunda-convocatoria-dayuda-pa-material-escolar\/#mainImage"},"datePublished":"2016-09-17T12:54:29+02:00","dateModified":"2016-09-17T12:54:29+02:00"},{"@type":"WebSite","@id":"https:\/\/www.eldigitaldeasturias.com\/noticias\/#website","url":"https:\/\/www.eldigitaldeasturias.com\/noticias\/","name":"El Digital de Asturias - Diario de actualidad y noticias","alternateName":"El Digital de Asturias - Diario de actualidad y noticias","description":"Hemeroteca","inLanguage":"es-ES","publisher":{"@id":"https:\/\/www.eldigitaldeasturias.com\/noticias\/#organization"}}]},"og:locale":"es_ES","og:site_name":"El Digital de Asturias","og:type":"article","og:title":"Xix\u00f3n va faer una segunda convocatoria d\u2019ayuda pa material escolar - El Digital de Asturias","og:description":"La concejala d'Educaci\u00f3n nel Conceyu de Xix\u00f3n, Monsterrat L\u00f3pez (Foru), avanz\u00f3 esti vienres que se va a dar en realizar una segunda convocatoria de les ayudes pa la compra de material escolar tres la baxa participaci\u00f3n na primera, que se desenvolvi\u00f3 n'agostu, mes habitual de vacaciones. L\u00f3pez, en respuesta a los medios de comunicaci\u00f3n tres","og:url":"https:\/\/www.eldigitaldeasturias.com\/noticias\/xixon-va-faer-una-segunda-convocatoria-dayuda-pa-material-escolar\/","og:image":"https:\/\/www.eldigitaldeasturias.com\/noticias\/wp-content\/uploads\/2015\/04\/aula.jpg","og:image:secure_url":"https:\/\/www.eldigitaldeasturias.com\/noticias\/wp-content\/uploads\/2015\/04\/aula.jpg","og:image:width":655,"og:image:height":360,"article:tag":["actualidad asturias"],"article:published_time":"2016-09-17T11:54:29+00:00","article:modified_time":"2016-09-17T11:54:29+00:00","article:publisher":"https:\/\/facebook.com\/eldigitaldeasturias","twitter:card":"summary_large_image","twitter:title":"Xix\u00f3n va faer una segunda convocatoria d\u2019ayuda pa material escolar - El Digital de Asturias","twitter:description":"La concejala d'Educaci\u00f3n nel Conceyu de Xix\u00f3n, Monsterrat L\u00f3pez (Foru), avanz\u00f3 esti vienres que se va a dar en realizar una segunda convocatoria de les ayudes pa la compra de material escolar tres la baxa participaci\u00f3n na primera, que se desenvolvi\u00f3 n'agostu, mes habitual de vacaciones. L\u00f3pez, en respuesta a los medios de comunicaci\u00f3n tres","twitter:image":"https:\/\/www.eldigitaldeasturias.com\/noticias\/wp-content\/uploads\/2015\/04\/aula.jpg","twitter:label1":"Escrito por","twitter:data1":"El Digital de Asturias","twitter:label2":"Tiempo de lectura estimado","twitter:data2":"4 minutos"},"aioseo_meta_data":{"post_id":"908134","title":null,"description":null,"keywords":null,"keyphrases":null,"primary_term":null,"canonical_url":null,"og_title":null,"og_description":null,"og_object_type":"default","og_image_type":"default","og_image_url":null,"og_image_width":null,"og_image_height":null,"og_image_custom_url":null,"og_image_custom_fields":null,"og_video":null,"og_custom_url":null,"og_article_section":null,"og_article_tags":null,"twitter_use_og":false,"twitter_card":"default","twitter_image_type":"default","twitter_image_url":null,"twitter_image_custom_url":null,"twitter_image_custom_fields":null,"twitter_title":null,"twitter_description":null,"schema":{"blockGraphs":[],"customGraphs":[],"default":{"data":{"Article":[],"Course":[],"Dataset":[],"FAQPage":[],"Movie":[],"Person":[],"Product":[],"ProductReview":[],"Car":[],"Recipe":[],"Service":[],"SoftwareApplication":[],"WebPage":[]},"graphName":"","isEnabled":true},"graphs":[],"defaultGraph":"","defaultPostTypeGraph":""},"schema_type":null,"schema_type_options":null,"pillar_content":false,"robots_default":true,"robots_noindex":false,"robots_noarchive":false,"robots_nosnippet":false,"robots_nofollow":false,"robots_noimageindex":false,"robots_noodp":false,"robots_notranslate":false,"robots_max_snippet":null,"robots_max_videopreview":null,"robots_max_imagepreview":"large","priority":null,"frequency":null,"local_seo":null,"seo_analyzer_scan_date":"2025-11-30 14:59:11","breadcrumb_settings":null,"limit_modified_date":false,"open_ai":null,"ai":null,"created":"2020-12-21 14:00:26","updated":"2025-11-30 14:59:11"},"aioseo_breadcrumb":"<div class=\"aioseo-breadcrumbs\"><span class=\"aioseo-breadcrumb\">\n\t<a href=\"https:\/\/www.eldigitaldeasturias.com\/noticias\" title=\"Home\">Home<\/a>\n<\/span><span class=\"aioseo-breadcrumb-separator\">\u2013<\/span><span class=\"aioseo-breadcrumb\">\n\t<a href=\"https:\/\/www.eldigitaldeasturias.com\/noticias\/category\/actualidad-asturias\/\" title=\"Actualidad Asturias\">Actualidad Asturias<\/a>\n<\/span><span class=\"aioseo-breadcrumb-separator\">\u2013<\/span><span class=\"aioseo-breadcrumb\">\n\t<a href=\"https:\/\/www.eldigitaldeasturias.com\/noticias\/xixon-va-faer-una-segunda-convocatoria-dayuda-pa-material-escolar\/\" title=\"Xix\u00f3n va faer una segunda convocatoria d\u2019ayuda pa material escolar\">Xix\u00f3n va faer una segunda convocatoria d\u2019ayuda pa material escolar<\/a>\n<\/span><\/div>","aioseo_breadcrumb_json":[{"label":"Home","link":"https:\/\/www.eldigitaldeasturias.com\/noticias"},{"label":"Actualidad Asturias","link":"https:\/\/www.eldigitaldeasturias.com\/noticias\/category\/actualidad-asturias\/"},{"label":"Xix\u00f3n va faer una segunda convocatoria d&#8217;ayuda pa material escolar","link":"https:\/\/www.eldigitaldeasturias.com\/noticias\/xixon-va-faer-una-segunda-convocatoria-dayuda-pa-material-escolar\/"}],"_links":{"self":[{"href":"https:\/\/www.eldigitaldeasturias.com\/noticias\/wp-json\/wp\/v2\/posts\/908134","targetHints":{"allow":["GET"]}}],"collection":[{"href":"https:\/\/www.eldigitaldeasturias.com\/noticias\/wp-json\/wp\/v2\/posts"}],"about":[{"href":"https:\/\/www.eldigitaldeasturias.com\/noticias\/wp-json\/wp\/v2\/types\/post"}],"author":[{"embeddable":true,"href":"https:\/\/www.eldigitaldeasturias.com\/noticias\/wp-json\/wp\/v2\/users\/1"}],"replies":[{"embeddable":true,"href":"https:\/\/www.eldigitaldeasturias.com\/noticias\/wp-json\/wp\/v2\/comments?post=908134"}],"version-history":[{"count":0,"href":"https:\/\/www.eldigitaldeasturias.com\/noticias\/wp-json\/wp\/v2\/posts\/908134\/revisions"}],"wp:featuredmedia":[{"embeddable":true,"href":"https:\/\/www.eldigitaldeasturias.com\/noticias\/wp-json\/wp\/v2\/media\/780728"}],"wp:attachment":[{"href":"https:\/\/www.eldigitaldeasturias.com\/noticias\/wp-json\/wp\/v2\/media?parent=908134"}],"wp:term":[{"taxonomy":"category","embeddable":true,"href":"https:\/\/www.eldigitaldeasturias.com\/noticias\/wp-json\/wp\/v2\/categories?post=908134"},{"taxonomy":"post_tag","embeddable":true,"href":"https:\/\/www.eldigitaldeasturias.com\/noticias\/wp-json\/wp\/v2\/tags?post=908134"}],"curies":[{"name":"wp","href":"https:\/\/api.w.org\/{rel}","templated":true}]}}