{"id":908132,"date":"2016-09-17T12:51:05","date_gmt":"2016-09-17T11:51:05","guid":{"rendered":"http:\/\/www.eldigitaldeasturias.com\/noticias\/?p=908132"},"modified":"2016-09-17T12:51:05","modified_gmt":"2016-09-17T11:51:05","slug":"le-piden-seis-meses-de-prision-por-arrollar-a-un-ciclista","status":"publish","type":"post","link":"https:\/\/www.eldigitaldeasturias.com\/noticias\/le-piden-seis-meses-de-prision-por-arrollar-a-un-ciclista\/","title":{"rendered":"Le piden seis meses de prisi\u00f3n por arrollar a un ciclista"},"content":{"rendered":"<p><img loading=\"lazy\" decoding=\"async\" class=\"alignleft size-medium wp-image-811982\" src=\"https:\/\/www.eldigitaldeasturias.com\/noticias\/wp-content\/uploads\/2015\/10\/juzgado-360x241.jpg\" alt=\"juzgado\" width=\"360\" height=\"241\" srcset=\"https:\/\/www.eldigitaldeasturias.com\/noticias\/wp-content\/uploads\/2015\/10\/juzgado-360x241.jpg 360w, https:\/\/www.eldigitaldeasturias.com\/noticias\/wp-content\/uploads\/2015\/10\/juzgado-650x436.jpg 650w, https:\/\/www.eldigitaldeasturias.com\/noticias\/wp-content\/uploads\/2015\/10\/juzgado.jpg 800w\" sizes=\"auto, (max-width: 360px) 100vw, 360px\" \/>La Fiscal\u00eda de Gij\u00f3n pide para un hombre la pena de seis meses de prisi\u00f3n y la privaci\u00f3n del derecho a conducir veh\u00edculos de motor y ciclomotores durante 48 meses, as\u00ed como el pago de las costas causadas, por supuestamente haber arrollado a un ciclista cuando conduc\u00eda bajo los efectos del alcohol.<\/p>\n<p>Adem\u00e1s, deber\u00e1 indemnizar conjunta y solidariamente con la compa\u00f1\u00eda aseguradora a la v\u00edctima en la cantidad de 2.700 euros por las lesiones sufridas y en 216,83 euros por los da\u00f1os causados en la bicicleta y accesorias, mientras al Sespa deber\u00e1 abonar la parte correspondiente a los gastos m\u00e9dicos devengados.<\/p>\n<p>El hombre est\u00e1 acusado por un delito contra la seguridad vial en su modalidad de conducci\u00f3n et\u00edlica, en concurso con uno de lesiones imprudentes. Asimismo, concurre la agravante de reincidente. Sobre esto \u00faltimo, tiene antecedentes penales computables a los efectos de reincidencia, por haber sido condenado en 2011 por un delito contra la seguridad vial, por conducir ebrio, a la pena de multa de seis meses y privaci\u00f3n de conducir durante un a\u00f1o y cuatro meses.<\/p>\n<p>De acuerdo al relato fiscal, sobre las 19.20 horas del 4 de abril de 2015, la acusada conduc\u00eda bajo la influencia del alcohol, lo que mermaba su capacidad y reflejos para conducir. La mujer circulaba con su veh\u00edculo, un Peugeot 307, por la carretera AS-266, cuando a la altura del punto kilom\u00e9trico 17,850, efectu\u00f3 un cambio de direcci\u00f3n hacia la derecha en sentido a la carretera de Pinzales (Gij\u00f3n), invadiendo en ese momento el carril izquierdo y arrollando a la v\u00edctima, que iba por la misma v\u00eda en bicicleta de manera correcta.<\/p>\n<p>Hasta el lugar del siniestro se traslad\u00f3 una dotaci\u00f3n de la Guardia Civil, que requiri\u00f3 a la conductora que se sometiera a una prueba de alcoholemia dada la sintomatolog\u00eda observada, con un resultado de 1,35 miligramos de alcohol por litro espirado a las 19.46 horas y de 1,43 a las 20.04 horas.<\/p>\n<p>A consecuencia de los hechos, la v\u00edctima sufri\u00f3 contusiones m\u00faltiples, traumatismo craneal, luxaci\u00f3n de la articulaci\u00f3n esternoclavicular izquierda, contusi\u00f3n costal izquierda y equimosis en el hemet\u00f3rax izquierdo, por lo que precis\u00f3 de la inmovilizaci\u00f3n ortop\u00e9dica del hombro izquierdo. En total, estuvo 45 impedida y le quedaron como secuelas \u00abuna cicatriz sagital de seis cent\u00edmetros en el lado derecho de la regi\u00f3n frontal, algias intercostales, luxaci\u00f3n esternoclavicular izquierda y agravaci\u00f3n de artrosis lumbar.<\/p>\n<p>&nbsp;<\/p>\n","protected":false},"excerpt":{"rendered":"<p>La Fiscal\u00eda de Gij\u00f3n pide para un hombre la pena de seis meses de prisi\u00f3n y la privaci\u00f3n del derecho a conducir veh\u00edculos de motor y ciclomotores durante 48 meses, as\u00ed como el pago de las costas causadas, por supuestamente haber arrollado a un ciclista cuando conduc\u00eda bajo los efectos del alcohol. Adem\u00e1s, deber\u00e1 indemnizar [&hellip;]<\/p>\n","protected":false},"author":1,"featured_media":811982,"comment_status":"closed","ping_status":"closed","sticky":false,"template":"","format":"standard","meta":{"footnotes":""},"categories":[5],"tags":[],"class_list":["post-908132","post","type-post","status-publish","format-standard","has-post-thumbnail","hentry","category-sucesos"],"aioseo_notices":[],"aioseo_head":"\n\t\t<!-- All in One SEO Pro 4.9.6.2 - aioseo.com -->\n\t<meta name=\"description\" content=\"La Fiscal\u00eda de Gij\u00f3n pide para un hombre la pena de seis meses de prisi\u00f3n y la privaci\u00f3n del derecho a conducir veh\u00edculos de motor y ciclomotores durante 48 meses, as\u00ed como el pago de las costas causadas, por supuestamente haber arrollado a un ciclista cuando conduc\u00eda bajo los efectos del alcohol. Adem\u00e1s, deber\u00e1 indemnizar\" \/>\n\t<meta name=\"robots\" content=\"max-image-preview:large\" \/>\n\t<meta name=\"author\" content=\"El Digital de Asturias\"\/>\n\t<meta name=\"google-site-verification\" content=\"UA-38556648-1\" \/>\n\t<meta name=\"msvalidate.01\" content=\"7dfe9f3f1b24437ab69f4f2559babe99\" \/>\n\t<meta name=\"keywords\" content=\"sucesos\" \/>\n\t<link rel=\"canonical\" href=\"https:\/\/www.eldigitaldeasturias.com\/noticias\/le-piden-seis-meses-de-prision-por-arrollar-a-un-ciclista\/\" \/>\n\t<meta name=\"generator\" content=\"All in One SEO Pro (AIOSEO) 4.9.6.2\" \/>\n\t\t<meta property=\"og:locale\" content=\"es_ES\" \/>\n\t\t<meta property=\"og:site_name\" content=\"El Digital de Asturias\" \/>\n\t\t<meta property=\"og:type\" content=\"article\" \/>\n\t\t<meta property=\"og:title\" content=\"Le piden seis meses de prisi\u00f3n por arrollar a un ciclista - El Digital de Asturias\" \/>\n\t\t<meta property=\"og:description\" content=\"La Fiscal\u00eda de Gij\u00f3n pide para un hombre la pena de seis meses de prisi\u00f3n y la privaci\u00f3n del derecho a conducir veh\u00edculos de motor y ciclomotores durante 48 meses, as\u00ed como el pago de las costas causadas, por supuestamente haber arrollado a un ciclista cuando conduc\u00eda bajo los efectos del alcohol. Adem\u00e1s, deber\u00e1 indemnizar\" \/>\n\t\t<meta property=\"og:url\" content=\"https:\/\/www.eldigitaldeasturias.com\/noticias\/le-piden-seis-meses-de-prision-por-arrollar-a-un-ciclista\/\" \/>\n\t\t<meta property=\"og:image\" content=\"https:\/\/www.eldigitaldeasturias.com\/noticias\/wp-content\/uploads\/2015\/10\/juzgado.jpg\" \/>\n\t\t<meta property=\"og:image:secure_url\" content=\"https:\/\/www.eldigitaldeasturias.com\/noticias\/wp-content\/uploads\/2015\/10\/juzgado.jpg\" \/>\n\t\t<meta property=\"og:image:width\" content=\"800\" \/>\n\t\t<meta property=\"og:image:height\" content=\"536\" \/>\n\t\t<meta property=\"article:tag\" content=\"sucesos\" \/>\n\t\t<meta property=\"article:published_time\" content=\"2016-09-17T11:51:05+00:00\" \/>\n\t\t<meta property=\"article:modified_time\" content=\"2016-09-17T11:51:05+00:00\" \/>\n\t\t<meta property=\"article:publisher\" content=\"https:\/\/facebook.com\/eldigitaldeasturias\" \/>\n\t\t<meta name=\"twitter:card\" content=\"summary_large_image\" \/>\n\t\t<meta name=\"twitter:title\" content=\"Le piden seis meses de prisi\u00f3n por arrollar a un ciclista - El Digital de Asturias\" \/>\n\t\t<meta name=\"twitter:description\" content=\"La Fiscal\u00eda de Gij\u00f3n pide para un hombre la pena de seis meses de prisi\u00f3n y la privaci\u00f3n del derecho a conducir veh\u00edculos de motor y ciclomotores durante 48 meses, as\u00ed como el pago de las costas causadas, por supuestamente haber arrollado a un ciclista cuando conduc\u00eda bajo los efectos del alcohol. Adem\u00e1s, deber\u00e1 indemnizar\" \/>\n\t\t<meta name=\"twitter:image\" content=\"https:\/\/www.eldigitaldeasturias.com\/noticias\/wp-content\/uploads\/2015\/10\/juzgado.jpg\" \/>\n\t\t<meta name=\"twitter:label1\" content=\"Escrito por\" \/>\n\t\t<meta name=\"twitter:data1\" content=\"El Digital de Asturias\" \/>\n\t\t<meta name=\"twitter:label2\" content=\"Tiempo de lectura estimado\" \/>\n\t\t<meta name=\"twitter:data2\" content=\"2 minutos\" \/>\n\t\t<script type=\"application\/ld+json\" class=\"aioseo-schema\">\n\t\t\t{\"@context\":\"https:\\\/\\\/schema.org\",\"@graph\":[{\"@type\":\"BlogPosting\",\"@id\":\"https:\\\/\\\/www.eldigitaldeasturias.com\\\/noticias\\\/le-piden-seis-meses-de-prision-por-arrollar-a-un-ciclista\\\/#blogposting\",\"name\":\"Le piden seis meses de prisi\\u00f3n por arrollar a un ciclista - El Digital de Asturias\",\"headline\":\"Le piden seis meses de prisi\\u00f3n por arrollar a un ciclista\",\"author\":{\"@id\":\"https:\\\/\\\/www.eldigitaldeasturias.com\\\/noticias\\\/author\\\/admin\\\/#author\"},\"publisher\":{\"@id\":\"https:\\\/\\\/www.eldigitaldeasturias.com\\\/noticias\\\/#organization\"},\"image\":{\"@type\":\"ImageObject\",\"url\":\"https:\\\/\\\/www.eldigitaldeasturias.com\\\/noticias\\\/wp-content\\\/uploads\\\/2015\\\/10\\\/juzgado.jpg\",\"width\":800,\"height\":536},\"datePublished\":\"2016-09-17T12:51:05+02:00\",\"dateModified\":\"2016-09-17T12:51:05+02:00\",\"inLanguage\":\"es-ES\",\"mainEntityOfPage\":{\"@id\":\"https:\\\/\\\/www.eldigitaldeasturias.com\\\/noticias\\\/le-piden-seis-meses-de-prision-por-arrollar-a-un-ciclista\\\/#webpage\"},\"isPartOf\":{\"@id\":\"https:\\\/\\\/www.eldigitaldeasturias.com\\\/noticias\\\/le-piden-seis-meses-de-prision-por-arrollar-a-un-ciclista\\\/#webpage\"},\"articleSection\":\"Sucesos\"},{\"@type\":\"BreadcrumbList\",\"@id\":\"https:\\\/\\\/www.eldigitaldeasturias.com\\\/noticias\\\/le-piden-seis-meses-de-prision-por-arrollar-a-un-ciclista\\\/#breadcrumblist\",\"itemListElement\":[{\"@type\":\"ListItem\",\"@id\":\"https:\\\/\\\/www.eldigitaldeasturias.com\\\/noticias#listItem\",\"position\":1,\"name\":\"Home\",\"item\":\"https:\\\/\\\/www.eldigitaldeasturias.com\\\/noticias\",\"nextItem\":{\"@type\":\"ListItem\",\"@id\":\"https:\\\/\\\/www.eldigitaldeasturias.com\\\/noticias\\\/category\\\/sucesos\\\/#listItem\",\"name\":\"Sucesos\"}},{\"@type\":\"ListItem\",\"@id\":\"https:\\\/\\\/www.eldigitaldeasturias.com\\\/noticias\\\/category\\\/sucesos\\\/#listItem\",\"position\":2,\"name\":\"Sucesos\",\"item\":\"https:\\\/\\\/www.eldigitaldeasturias.com\\\/noticias\\\/category\\\/sucesos\\\/\",\"nextItem\":{\"@type\":\"ListItem\",\"@id\":\"https:\\\/\\\/www.eldigitaldeasturias.com\\\/noticias\\\/le-piden-seis-meses-de-prision-por-arrollar-a-un-ciclista\\\/#listItem\",\"name\":\"Le piden seis meses de prisi\\u00f3n por arrollar a un ciclista\"},\"previousItem\":{\"@type\":\"ListItem\",\"@id\":\"https:\\\/\\\/www.eldigitaldeasturias.com\\\/noticias#listItem\",\"name\":\"Home\"}},{\"@type\":\"ListItem\",\"@id\":\"https:\\\/\\\/www.eldigitaldeasturias.com\\\/noticias\\\/le-piden-seis-meses-de-prision-por-arrollar-a-un-ciclista\\\/#listItem\",\"position\":3,\"name\":\"Le piden seis meses de prisi\\u00f3n por arrollar a un ciclista\",\"previousItem\":{\"@type\":\"ListItem\",\"@id\":\"https:\\\/\\\/www.eldigitaldeasturias.com\\\/noticias\\\/category\\\/sucesos\\\/#listItem\",\"name\":\"Sucesos\"}}]},{\"@type\":\"Organization\",\"@id\":\"https:\\\/\\\/www.eldigitaldeasturias.com\\\/noticias\\\/#organization\",\"name\":\"El Digital de Asturias\",\"description\":\"Hemeroteca\",\"url\":\"https:\\\/\\\/www.eldigitaldeasturias.com\\\/noticias\\\/\",\"email\":\"info@eldigitaldeasturias.com\",\"telephone\":\"+34652131393\",\"logo\":{\"@type\":\"ImageObject\",\"url\":\"https:\\\/\\\/www.eldigitaldeasturias.com\\\/noticias\\\/wp-content\\\/uploads\\\/2020\\\/12\\\/EDA.jpg\",\"@id\":\"https:\\\/\\\/www.eldigitaldeasturias.com\\\/noticias\\\/le-piden-seis-meses-de-prision-por-arrollar-a-un-ciclista\\\/#organizationLogo\",\"width\":649,\"height\":297},\"image\":{\"@id\":\"https:\\\/\\\/www.eldigitaldeasturias.com\\\/noticias\\\/le-piden-seis-meses-de-prision-por-arrollar-a-un-ciclista\\\/#organizationLogo\"},\"sameAs\":[\"https:\\\/\\\/facebook.com\\\/eldigitaldeasturias\",\"https:\\\/\\\/www.youtube.com\\\/channel\\\/UCZP-2wLEB9Rv6erhFmqVnvg\"],\"address\":{\"@id\":\"https:\\\/\\\/www.eldigitaldeasturias.com\\\/noticias\\\/#postaladdress\",\"@type\":\"PostalAddress\",\"streetAddress\":\"san antonio 4,\",\"postalCode\":\"33430\",\"addressLocality\":\"Cand\\u00e1s\",\"addressRegion\":\"Asturias\",\"addressCountry\":\"ES\"}},{\"@type\":\"Person\",\"@id\":\"https:\\\/\\\/www.eldigitaldeasturias.com\\\/noticias\\\/author\\\/admin\\\/#author\",\"url\":\"https:\\\/\\\/www.eldigitaldeasturias.com\\\/noticias\\\/author\\\/admin\\\/\",\"name\":\"El Digital de Asturias\",\"image\":{\"@type\":\"ImageObject\",\"@id\":\"https:\\\/\\\/www.eldigitaldeasturias.com\\\/noticias\\\/le-piden-seis-meses-de-prision-por-arrollar-a-un-ciclista\\\/#authorImage\",\"url\":\"https:\\\/\\\/www.eldigitaldeasturias.com\\\/noticias\\\/wp-content\\\/litespeed\\\/avatar\\\/18677e78aa0546b92d9dbf31ec7d7668.jpg?ver=1776685526\",\"width\":96,\"height\":96,\"caption\":\"El Digital de Asturias\"}},{\"@type\":\"WebPage\",\"@id\":\"https:\\\/\\\/www.eldigitaldeasturias.com\\\/noticias\\\/le-piden-seis-meses-de-prision-por-arrollar-a-un-ciclista\\\/#webpage\",\"url\":\"https:\\\/\\\/www.eldigitaldeasturias.com\\\/noticias\\\/le-piden-seis-meses-de-prision-por-arrollar-a-un-ciclista\\\/\",\"name\":\"Le piden seis meses de prisi\\u00f3n por arrollar a un ciclista - El Digital de Asturias\",\"description\":\"La Fiscal\\u00eda de Gij\\u00f3n pide para un hombre la pena de seis meses de prisi\\u00f3n y la privaci\\u00f3n del derecho a conducir veh\\u00edculos de motor y ciclomotores durante 48 meses, as\\u00ed como el pago de las costas causadas, por supuestamente haber arrollado a un ciclista cuando conduc\\u00eda bajo los efectos del alcohol. Adem\\u00e1s, deber\\u00e1 indemnizar\",\"inLanguage\":\"es-ES\",\"isPartOf\":{\"@id\":\"https:\\\/\\\/www.eldigitaldeasturias.com\\\/noticias\\\/#website\"},\"breadcrumb\":{\"@id\":\"https:\\\/\\\/www.eldigitaldeasturias.com\\\/noticias\\\/le-piden-seis-meses-de-prision-por-arrollar-a-un-ciclista\\\/#breadcrumblist\"},\"author\":{\"@id\":\"https:\\\/\\\/www.eldigitaldeasturias.com\\\/noticias\\\/author\\\/admin\\\/#author\"},\"creator\":{\"@id\":\"https:\\\/\\\/www.eldigitaldeasturias.com\\\/noticias\\\/author\\\/admin\\\/#author\"},\"image\":{\"@type\":\"ImageObject\",\"url\":\"https:\\\/\\\/www.eldigitaldeasturias.com\\\/noticias\\\/wp-content\\\/uploads\\\/2015\\\/10\\\/juzgado.jpg\",\"@id\":\"https:\\\/\\\/www.eldigitaldeasturias.com\\\/noticias\\\/le-piden-seis-meses-de-prision-por-arrollar-a-un-ciclista\\\/#mainImage\",\"width\":800,\"height\":536},\"primaryImageOfPage\":{\"@id\":\"https:\\\/\\\/www.eldigitaldeasturias.com\\\/noticias\\\/le-piden-seis-meses-de-prision-por-arrollar-a-un-ciclista\\\/#mainImage\"},\"datePublished\":\"2016-09-17T12:51:05+02:00\",\"dateModified\":\"2016-09-17T12:51:05+02:00\"},{\"@type\":\"WebSite\",\"@id\":\"https:\\\/\\\/www.eldigitaldeasturias.com\\\/noticias\\\/#website\",\"url\":\"https:\\\/\\\/www.eldigitaldeasturias.com\\\/noticias\\\/\",\"name\":\"El Digital de Asturias - Diario de actualidad y noticias\",\"alternateName\":\"El Digital de Asturias - Diario de actualidad y noticias\",\"description\":\"Hemeroteca\",\"inLanguage\":\"es-ES\",\"publisher\":{\"@id\":\"https:\\\/\\\/www.eldigitaldeasturias.com\\\/noticias\\\/#organization\"}}]}\n\t\t<\/script>\n\t\t<!-- All in One SEO Pro -->\r\n\t\t<title>Le piden seis meses de prisi\u00f3n por arrollar a un ciclista - El Digital de Asturias<\/title>\n\n","aioseo_head_json":{"title":"Le piden seis meses de prisi\u00f3n por arrollar a un ciclista - El Digital de Asturias","description":"La Fiscal\u00eda de Gij\u00f3n pide para un hombre la pena de seis meses de prisi\u00f3n y la privaci\u00f3n del derecho a conducir veh\u00edculos de motor y ciclomotores durante 48 meses, as\u00ed como el pago de las costas causadas, por supuestamente haber arrollado a un ciclista cuando conduc\u00eda bajo los efectos del alcohol. Adem\u00e1s, deber\u00e1 indemnizar","canonical_url":"https:\/\/www.eldigitaldeasturias.com\/noticias\/le-piden-seis-meses-de-prision-por-arrollar-a-un-ciclista\/","robots":"max-image-preview:large","keywords":"sucesos","webmasterTools":{"google-site-verification":"UA-38556648-1","msvalidate.01":"7dfe9f3f1b24437ab69f4f2559babe99","miscellaneous":""},"schema":{"@context":"https:\/\/schema.org","@graph":[{"@type":"BlogPosting","@id":"https:\/\/www.eldigitaldeasturias.com\/noticias\/le-piden-seis-meses-de-prision-por-arrollar-a-un-ciclista\/#blogposting","name":"Le piden seis meses de prisi\u00f3n por arrollar a un ciclista - El Digital de Asturias","headline":"Le piden seis meses de prisi\u00f3n por arrollar a un ciclista","author":{"@id":"https:\/\/www.eldigitaldeasturias.com\/noticias\/author\/admin\/#author"},"publisher":{"@id":"https:\/\/www.eldigitaldeasturias.com\/noticias\/#organization"},"image":{"@type":"ImageObject","url":"https:\/\/www.eldigitaldeasturias.com\/noticias\/wp-content\/uploads\/2015\/10\/juzgado.jpg","width":800,"height":536},"datePublished":"2016-09-17T12:51:05+02:00","dateModified":"2016-09-17T12:51:05+02:00","inLanguage":"es-ES","mainEntityOfPage":{"@id":"https:\/\/www.eldigitaldeasturias.com\/noticias\/le-piden-seis-meses-de-prision-por-arrollar-a-un-ciclista\/#webpage"},"isPartOf":{"@id":"https:\/\/www.eldigitaldeasturias.com\/noticias\/le-piden-seis-meses-de-prision-por-arrollar-a-un-ciclista\/#webpage"},"articleSection":"Sucesos"},{"@type":"BreadcrumbList","@id":"https:\/\/www.eldigitaldeasturias.com\/noticias\/le-piden-seis-meses-de-prision-por-arrollar-a-un-ciclista\/#breadcrumblist","itemListElement":[{"@type":"ListItem","@id":"https:\/\/www.eldigitaldeasturias.com\/noticias#listItem","position":1,"name":"Home","item":"https:\/\/www.eldigitaldeasturias.com\/noticias","nextItem":{"@type":"ListItem","@id":"https:\/\/www.eldigitaldeasturias.com\/noticias\/category\/sucesos\/#listItem","name":"Sucesos"}},{"@type":"ListItem","@id":"https:\/\/www.eldigitaldeasturias.com\/noticias\/category\/sucesos\/#listItem","position":2,"name":"Sucesos","item":"https:\/\/www.eldigitaldeasturias.com\/noticias\/category\/sucesos\/","nextItem":{"@type":"ListItem","@id":"https:\/\/www.eldigitaldeasturias.com\/noticias\/le-piden-seis-meses-de-prision-por-arrollar-a-un-ciclista\/#listItem","name":"Le piden seis meses de prisi\u00f3n por arrollar a un ciclista"},"previousItem":{"@type":"ListItem","@id":"https:\/\/www.eldigitaldeasturias.com\/noticias#listItem","name":"Home"}},{"@type":"ListItem","@id":"https:\/\/www.eldigitaldeasturias.com\/noticias\/le-piden-seis-meses-de-prision-por-arrollar-a-un-ciclista\/#listItem","position":3,"name":"Le piden seis meses de prisi\u00f3n por arrollar a un ciclista","previousItem":{"@type":"ListItem","@id":"https:\/\/www.eldigitaldeasturias.com\/noticias\/category\/sucesos\/#listItem","name":"Sucesos"}}]},{"@type":"Organization","@id":"https:\/\/www.eldigitaldeasturias.com\/noticias\/#organization","name":"El Digital de Asturias","description":"Hemeroteca","url":"https:\/\/www.eldigitaldeasturias.com\/noticias\/","email":"info@eldigitaldeasturias.com","telephone":"+34652131393","logo":{"@type":"ImageObject","url":"https:\/\/www.eldigitaldeasturias.com\/noticias\/wp-content\/uploads\/2020\/12\/EDA.jpg","@id":"https:\/\/www.eldigitaldeasturias.com\/noticias\/le-piden-seis-meses-de-prision-por-arrollar-a-un-ciclista\/#organizationLogo","width":649,"height":297},"image":{"@id":"https:\/\/www.eldigitaldeasturias.com\/noticias\/le-piden-seis-meses-de-prision-por-arrollar-a-un-ciclista\/#organizationLogo"},"sameAs":["https:\/\/facebook.com\/eldigitaldeasturias","https:\/\/www.youtube.com\/channel\/UCZP-2wLEB9Rv6erhFmqVnvg"],"address":{"@id":"https:\/\/www.eldigitaldeasturias.com\/noticias\/#postaladdress","@type":"PostalAddress","streetAddress":"san antonio 4,","postalCode":"33430","addressLocality":"Cand\u00e1s","addressRegion":"Asturias","addressCountry":"ES"}},{"@type":"Person","@id":"https:\/\/www.eldigitaldeasturias.com\/noticias\/author\/admin\/#author","url":"https:\/\/www.eldigitaldeasturias.com\/noticias\/author\/admin\/","name":"El Digital de Asturias","image":{"@type":"ImageObject","@id":"https:\/\/www.eldigitaldeasturias.com\/noticias\/le-piden-seis-meses-de-prision-por-arrollar-a-un-ciclista\/#authorImage","url":"https:\/\/www.eldigitaldeasturias.com\/noticias\/wp-content\/litespeed\/avatar\/18677e78aa0546b92d9dbf31ec7d7668.jpg?ver=1776685526","width":96,"height":96,"caption":"El Digital de Asturias"}},{"@type":"WebPage","@id":"https:\/\/www.eldigitaldeasturias.com\/noticias\/le-piden-seis-meses-de-prision-por-arrollar-a-un-ciclista\/#webpage","url":"https:\/\/www.eldigitaldeasturias.com\/noticias\/le-piden-seis-meses-de-prision-por-arrollar-a-un-ciclista\/","name":"Le piden seis meses de prisi\u00f3n por arrollar a un ciclista - El Digital de Asturias","description":"La Fiscal\u00eda de Gij\u00f3n pide para un hombre la pena de seis meses de prisi\u00f3n y la privaci\u00f3n del derecho a conducir veh\u00edculos de motor y ciclomotores durante 48 meses, as\u00ed como el pago de las costas causadas, por supuestamente haber arrollado a un ciclista cuando conduc\u00eda bajo los efectos del alcohol. Adem\u00e1s, deber\u00e1 indemnizar","inLanguage":"es-ES","isPartOf":{"@id":"https:\/\/www.eldigitaldeasturias.com\/noticias\/#website"},"breadcrumb":{"@id":"https:\/\/www.eldigitaldeasturias.com\/noticias\/le-piden-seis-meses-de-prision-por-arrollar-a-un-ciclista\/#breadcrumblist"},"author":{"@id":"https:\/\/www.eldigitaldeasturias.com\/noticias\/author\/admin\/#author"},"creator":{"@id":"https:\/\/www.eldigitaldeasturias.com\/noticias\/author\/admin\/#author"},"image":{"@type":"ImageObject","url":"https:\/\/www.eldigitaldeasturias.com\/noticias\/wp-content\/uploads\/2015\/10\/juzgado.jpg","@id":"https:\/\/www.eldigitaldeasturias.com\/noticias\/le-piden-seis-meses-de-prision-por-arrollar-a-un-ciclista\/#mainImage","width":800,"height":536},"primaryImageOfPage":{"@id":"https:\/\/www.eldigitaldeasturias.com\/noticias\/le-piden-seis-meses-de-prision-por-arrollar-a-un-ciclista\/#mainImage"},"datePublished":"2016-09-17T12:51:05+02:00","dateModified":"2016-09-17T12:51:05+02:00"},{"@type":"WebSite","@id":"https:\/\/www.eldigitaldeasturias.com\/noticias\/#website","url":"https:\/\/www.eldigitaldeasturias.com\/noticias\/","name":"El Digital de Asturias - Diario de actualidad y noticias","alternateName":"El Digital de Asturias - Diario de actualidad y noticias","description":"Hemeroteca","inLanguage":"es-ES","publisher":{"@id":"https:\/\/www.eldigitaldeasturias.com\/noticias\/#organization"}}]},"og:locale":"es_ES","og:site_name":"El Digital de Asturias","og:type":"article","og:title":"Le piden seis meses de prisi\u00f3n por arrollar a un ciclista - El Digital de Asturias","og:description":"La Fiscal\u00eda de Gij\u00f3n pide para un hombre la pena de seis meses de prisi\u00f3n y la privaci\u00f3n del derecho a conducir veh\u00edculos de motor y ciclomotores durante 48 meses, as\u00ed como el pago de las costas causadas, por supuestamente haber arrollado a un ciclista cuando conduc\u00eda bajo los efectos del alcohol. Adem\u00e1s, deber\u00e1 indemnizar","og:url":"https:\/\/www.eldigitaldeasturias.com\/noticias\/le-piden-seis-meses-de-prision-por-arrollar-a-un-ciclista\/","og:image":"https:\/\/www.eldigitaldeasturias.com\/noticias\/wp-content\/uploads\/2015\/10\/juzgado.jpg","og:image:secure_url":"https:\/\/www.eldigitaldeasturias.com\/noticias\/wp-content\/uploads\/2015\/10\/juzgado.jpg","og:image:width":800,"og:image:height":536,"article:tag":["sucesos"],"article:published_time":"2016-09-17T11:51:05+00:00","article:modified_time":"2016-09-17T11:51:05+00:00","article:publisher":"https:\/\/facebook.com\/eldigitaldeasturias","twitter:card":"summary_large_image","twitter:title":"Le piden seis meses de prisi\u00f3n por arrollar a un ciclista - El Digital de Asturias","twitter:description":"La Fiscal\u00eda de Gij\u00f3n pide para un hombre la pena de seis meses de prisi\u00f3n y la privaci\u00f3n del derecho a conducir veh\u00edculos de motor y ciclomotores durante 48 meses, as\u00ed como el pago de las costas causadas, por supuestamente haber arrollado a un ciclista cuando conduc\u00eda bajo los efectos del alcohol. Adem\u00e1s, deber\u00e1 indemnizar","twitter:image":"https:\/\/www.eldigitaldeasturias.com\/noticias\/wp-content\/uploads\/2015\/10\/juzgado.jpg","twitter:label1":"Escrito por","twitter:data1":"El Digital de Asturias","twitter:label2":"Tiempo de lectura estimado","twitter:data2":"2 minutos"},"aioseo_meta_data":{"post_id":"908132","title":null,"description":null,"keywords":null,"keyphrases":null,"primary_term":null,"canonical_url":null,"og_title":null,"og_description":null,"og_object_type":"default","og_image_type":"default","og_image_url":null,"og_image_width":null,"og_image_height":null,"og_image_custom_url":null,"og_image_custom_fields":null,"og_video":null,"og_custom_url":null,"og_article_section":null,"og_article_tags":null,"twitter_use_og":false,"twitter_card":"default","twitter_image_type":"default","twitter_image_url":null,"twitter_image_custom_url":null,"twitter_image_custom_fields":null,"twitter_title":null,"twitter_description":null,"schema":{"blockGraphs":[],"customGraphs":[],"default":{"data":{"Article":[],"Course":[],"Dataset":[],"FAQPage":[],"Movie":[],"Person":[],"Product":[],"ProductReview":[],"Car":[],"Recipe":[],"Service":[],"SoftwareApplication":[],"WebPage":[]},"graphName":"","isEnabled":true},"graphs":[],"defaultGraph":"","defaultPostTypeGraph":""},"schema_type":null,"schema_type_options":null,"pillar_content":false,"robots_default":true,"robots_noindex":false,"robots_noarchive":false,"robots_nosnippet":false,"robots_nofollow":false,"robots_noimageindex":false,"robots_noodp":false,"robots_notranslate":false,"robots_max_snippet":null,"robots_max_videopreview":null,"robots_max_imagepreview":"large","priority":null,"frequency":null,"local_seo":null,"seo_analyzer_scan_date":"2025-11-30 14:59:11","breadcrumb_settings":null,"limit_modified_date":false,"open_ai":null,"ai":null,"created":"2020-12-21 14:00:26","updated":"2025-11-30 14:59:11"},"aioseo_breadcrumb":"<div class=\"aioseo-breadcrumbs\"><span class=\"aioseo-breadcrumb\">\n\t<a href=\"https:\/\/www.eldigitaldeasturias.com\/noticias\" title=\"Home\">Home<\/a>\n<\/span><span class=\"aioseo-breadcrumb-separator\">\u2013<\/span><span class=\"aioseo-breadcrumb\">\n\t<a href=\"https:\/\/www.eldigitaldeasturias.com\/noticias\/category\/sucesos\/\" title=\"Sucesos\">Sucesos<\/a>\n<\/span><span class=\"aioseo-breadcrumb-separator\">\u2013<\/span><span class=\"aioseo-breadcrumb\">\n\t<a href=\"https:\/\/www.eldigitaldeasturias.com\/noticias\/le-piden-seis-meses-de-prision-por-arrollar-a-un-ciclista\/\" title=\"Le piden seis meses de prisi\u00f3n por arrollar a un ciclista\">Le piden seis meses de prisi\u00f3n por arrollar a un ciclista<\/a>\n<\/span><\/div>","aioseo_breadcrumb_json":[{"label":"Home","link":"https:\/\/www.eldigitaldeasturias.com\/noticias"},{"label":"Sucesos","link":"https:\/\/www.eldigitaldeasturias.com\/noticias\/category\/sucesos\/"},{"label":"Le piden seis meses de prisi\u00f3n por arrollar a un ciclista","link":"https:\/\/www.eldigitaldeasturias.com\/noticias\/le-piden-seis-meses-de-prision-por-arrollar-a-un-ciclista\/"}],"_links":{"self":[{"href":"https:\/\/www.eldigitaldeasturias.com\/noticias\/wp-json\/wp\/v2\/posts\/908132","targetHints":{"allow":["GET"]}}],"collection":[{"href":"https:\/\/www.eldigitaldeasturias.com\/noticias\/wp-json\/wp\/v2\/posts"}],"about":[{"href":"https:\/\/www.eldigitaldeasturias.com\/noticias\/wp-json\/wp\/v2\/types\/post"}],"author":[{"embeddable":true,"href":"https:\/\/www.eldigitaldeasturias.com\/noticias\/wp-json\/wp\/v2\/users\/1"}],"replies":[{"embeddable":true,"href":"https:\/\/www.eldigitaldeasturias.com\/noticias\/wp-json\/wp\/v2\/comments?post=908132"}],"version-history":[{"count":0,"href":"https:\/\/www.eldigitaldeasturias.com\/noticias\/wp-json\/wp\/v2\/posts\/908132\/revisions"}],"wp:featuredmedia":[{"embeddable":true,"href":"https:\/\/www.eldigitaldeasturias.com\/noticias\/wp-json\/wp\/v2\/media\/811982"}],"wp:attachment":[{"href":"https:\/\/www.eldigitaldeasturias.com\/noticias\/wp-json\/wp\/v2\/media?parent=908132"}],"wp:term":[{"taxonomy":"category","embeddable":true,"href":"https:\/\/www.eldigitaldeasturias.com\/noticias\/wp-json\/wp\/v2\/categories?post=908132"},{"taxonomy":"post_tag","embeddable":true,"href":"https:\/\/www.eldigitaldeasturias.com\/noticias\/wp-json\/wp\/v2\/tags?post=908132"}],"curies":[{"name":"wp","href":"https:\/\/api.w.org\/{rel}","templated":true}]}}