{"id":908130,"date":"2016-09-17T12:47:58","date_gmt":"2016-09-17T11:47:58","guid":{"rendered":"http:\/\/www.eldigitaldeasturias.com\/noticias\/?p=908130"},"modified":"2016-09-17T12:47:58","modified_gmt":"2016-09-17T11:47:58","slug":"gijon-convocara-nuevas-ayudas-para-sufragar-los-gastos-de-la-vuelta-al-cole","status":"publish","type":"post","link":"https:\/\/www.eldigitaldeasturias.com\/noticias\/gijon-convocara-nuevas-ayudas-para-sufragar-los-gastos-de-la-vuelta-al-cole\/","title":{"rendered":"Gij\u00f3n convocar\u00e1 nuevas ayudas para sufragar los gastos de la vuelta al cole"},"content":{"rendered":"<p><img loading=\"lazy\" decoding=\"async\" class=\"alignleft size-medium wp-image-801268\" src=\"https:\/\/www.eldigitaldeasturias.com\/noticias\/wp-content\/uploads\/2015\/08\/aula-360x270.jpg\" alt=\"aula\" width=\"360\" height=\"270\" srcset=\"https:\/\/www.eldigitaldeasturias.com\/noticias\/wp-content\/uploads\/2015\/08\/aula-360x270.jpg 360w, https:\/\/www.eldigitaldeasturias.com\/noticias\/wp-content\/uploads\/2015\/08\/aula-400x300.jpg 400w, https:\/\/www.eldigitaldeasturias.com\/noticias\/wp-content\/uploads\/2015\/08\/aula-768x576.jpg 768w, https:\/\/www.eldigitaldeasturias.com\/noticias\/wp-content\/uploads\/2015\/08\/aula-640x480.jpg 640w, https:\/\/www.eldigitaldeasturias.com\/noticias\/wp-content\/uploads\/2015\/08\/aula-20x15.jpg 20w, https:\/\/www.eldigitaldeasturias.com\/noticias\/wp-content\/uploads\/2015\/08\/aula.jpg 800w\" sizes=\"auto, (max-width: 360px) 100vw, 360px\" \/>La concejala de Educaci\u00f3n en el Ayuntamiento de Gij\u00f3n, Monsterrat L\u00f3pez (Foro), ha avanzado este viernes que se va a proceder a realizar una segunda convocatoria de las ayudas para la compra de material escolar tras la baja participaci\u00f3n en la primera, que se desarroll\u00f3 en agosto, mes habitual de vacaciones.<\/p>\n<p>L\u00f3pez, en respuesta a los medios de comunicaci\u00f3n tras las quejas de Xix\u00f3n S\u00ed puede por el escaso n\u00famero de beneficiarios, 813 frente a los 2.293 del pasado a\u00f1o, ha argumentado que el informe de no duplicidad del Principado que autoriza a la convocatoria de las ayudas no lleg\u00f3 hasta el pasado mes de abril.<\/p>\n<p>Asimismo, aunque ha reconocido que agosto es \u00abmala \u00e9poca\u00bb para la convocatoria, ha matizado que ya en junio transmiti\u00f3 a los directores de colegio que trasladar\u00e1n a las familias que estuvieran atentas en verano a la publicaci\u00f3n de la misma.<\/p>\n<p>En todo caso, ha indicado que la convocatoria qued\u00f3 abierta para aquellos casos en los que se justifique que se estuvo fuera durante el verano por motivos laborales, como pueda ser los temporeros, o por enfermedad de un familiar.<\/p>\n<p>La edil ha justificado que era preciso cerrar la convocatoria para hacer la baremaci\u00f3n de los posibles beneficiarios al haber una partida presupuestaria limitada. Una vez liquidada la primera convocatoria, de la que los vales se prev\u00e9 que se entreguen en esta semana, se sacar\u00e1 una segunda con el dinero restante.<\/p>\n<p>Por otro lado, la concejala tambi\u00e9n ha respondido a las cr\u00edticas de Xix\u00f3n S\u00ed Puede respecto al retraso de las obras en colegios o a obras pendientes. A este respecto, ha apuntado que, por lo que le han transmitido desde los centros, los colegios est\u00e1n \u00abmuy contentos\u00bb con el desarrollo de las obras.<\/p>\n<p>Dicho esto, ha enfatizado que fueron cientos las obras a realizar con un presupuesto de m\u00e1s de un mill\u00f3n de euros, con lo que es \u00abdif\u00edcil\u00bb que no surja alg\u00fan inconveniente. Pese a ello, ha destacado que este ha sido el mejor a\u00f1o en cuanto a cumplimiento de plazos. Queda pendiente, eso s\u00ed, unos ba\u00f1os en el Honesto Batal\u00f3n y en otro centro, que se har\u00e1n en Navidades, y otras obras que quedaron suspendidas pero que tienen que ver con reformas exteriores, como el cierre de colegios.<\/p>\n<p><strong>CR\u00cdTICAS DESDE XSP<\/strong><\/p>\n<p>Distinta es la versi\u00f3n del portavoz de XSP, Mario Su\u00e1rez, quien, en rueda de prensa, ha sostenido que una veintena de obras fundamentales para los colegios han sido suspendidas este verano, por lo que ha acusado de \u00abfalta de compromiso\u00bb al Equipo de Gobierno en materia de educaci\u00f3n. Y aunque ha reconocido que el ritmo de las obras ha sido \u00abrazonable\u00bb a lo largo del periodo estival, h lamentado la retirada de proyectos \u00abde calado\u00bb en diversos centros educativos. En la mayor parte de los casos, el Ayuntamiento aleg\u00f3 falta de recursos econ\u00f3micos.<\/p>\n<p>\u00abResulta llamativo que en esta ciudad, en la que se pretend\u00edan dedicar 10 millones de euros del remanente a amortizar la deuda, ahora no haya fondos para hacer estas obras\u00bb, ha reprochado. Del total de unas 300 obras, mayores y menores, a realizar en las escuelas, han sido suspendidas una veintena.<\/p>\n<p>La mayor\u00eda de las suspensiones se corresponden con obras de calado, como el recubrimiento de pistas deportivas o adecuaci\u00f3n de fachadas, ha explicado Su\u00e1rez, para despu\u00e9s citar casos concretos. Tambi\u00e9n ha aludido a centros en los que se han hecho reparaciones que no han solucionado el problema de fondo, como en el colegio Asturias la instalaci\u00f3n de una red antipalomas en el techo de la pista cubierta.<\/p>\n<p>Sobre las becas para material escolar, ha incidido en que para este curso se han concedido menos del 50 por ciento respecto al pasado, algo que ha atribuido a haberlas convocado en agosto, del 4 al 12. En este sentido, ha pedido que se abra un nuevo periodo para solicitar estas becas, algo que la edil ha anunciado ya que se iba a hacer.<\/p>\n<p>Por otro lado, ha aludido a las incidencias que est\u00e1n produci\u00e9ndose en el servicio de comedores, ya que la empresa que gestiona el servicio, Ausolan Alprinsa, no est\u00e1 permitiendo el pago en efectivo a las familias, y el pago s\u00f3lo se puede hacer electr\u00f3nicamente, con las dificultades que eso entra\u00f1a.<\/p>\n<p>\u00abEste sistema tiene que abrir la posibilidad de que las familias puedan seguir pagando en mano y nuestro grupo municipal no va a permitir que ning\u00fan ni\u00f1o o ni\u00f1a se quede sin comedor escolar porque no tengan conocimiento o posibilidad de acceder a estas v\u00edas de pago\u00bb, ha explicado.<\/p>\n<p>XSP, adem\u00e1s, ha presentado una pregunta en la Comisi\u00f3n de Bienestar Social para que informe de si la empresa concesionaria de los comedores ha dado de alta a todas sus trabajadoras el pasado d\u00eda 12, inicio del curso escolar, al haberles llegado informaci\u00f3n de que un n\u00famero importante de estas empleadas no lo estaban. En este sentido, se le preguntar\u00e1 a la Concejal\u00eda qu\u00e9 medidas va a tomar en caso de que se hubiera producido este incumplimiento laboral.<\/p>\n<p>En cuanto al Consejo Escolar, el portavoz de XSP ha tildado su funcionamiento de \u00ababsolutamente ineficaz\u00bb y no participativo. \u00abEs tan in\u00fatil que incluso ha renunciado a fijar los dos d\u00edas lectivos que ser\u00e1n festivos que le corresponden a la ciudad, competencia cedida por la Consejer\u00eda a este \u00f3rgano y lo deja en manos de las direcciones de los centros\u00bb, ha remarcado.<\/p>\n<p>&nbsp;<\/p>\n<p>&nbsp;<\/p>\n","protected":false},"excerpt":{"rendered":"<p>La concejala de Educaci\u00f3n en el Ayuntamiento de Gij\u00f3n, Monsterrat L\u00f3pez (Foro), ha avanzado este viernes que se va a proceder a realizar una segunda convocatoria de las ayudas para la compra de material escolar tras la baja participaci\u00f3n en la primera, que se desarroll\u00f3 en agosto, mes habitual de vacaciones. L\u00f3pez, en respuesta a [&hellip;]<\/p>\n","protected":false},"author":1,"featured_media":801268,"comment_status":"closed","ping_status":"closed","sticky":false,"template":"","format":"standard","meta":{"footnotes":""},"categories":[12],"tags":[],"class_list":["post-908130","post","type-post","status-publish","format-standard","has-post-thumbnail","hentry","category-actualidad-asturias"],"aioseo_notices":[],"aioseo_head":"\n\t\t<!-- All in One SEO Pro 4.9.6.2 - aioseo.com -->\n\t<meta name=\"description\" content=\"La concejala de Educaci\u00f3n en el Ayuntamiento de Gij\u00f3n, Monsterrat L\u00f3pez (Foro), ha avanzado este viernes que se va a proceder a realizar una segunda convocatoria de las ayudas para la compra de material escolar tras la baja participaci\u00f3n en la primera, que se desarroll\u00f3 en agosto, mes habitual de vacaciones. L\u00f3pez, en respuesta a\" \/>\n\t<meta name=\"robots\" content=\"max-image-preview:large\" \/>\n\t<meta name=\"author\" content=\"El Digital de Asturias\"\/>\n\t<meta name=\"google-site-verification\" content=\"UA-38556648-1\" \/>\n\t<meta name=\"msvalidate.01\" content=\"7dfe9f3f1b24437ab69f4f2559babe99\" \/>\n\t<meta name=\"keywords\" content=\"actualidad asturias\" \/>\n\t<link rel=\"canonical\" href=\"https:\/\/www.eldigitaldeasturias.com\/noticias\/gijon-convocara-nuevas-ayudas-para-sufragar-los-gastos-de-la-vuelta-al-cole\/\" \/>\n\t<meta name=\"generator\" content=\"All in One SEO Pro (AIOSEO) 4.9.6.2\" \/>\n\t\t<meta property=\"og:locale\" content=\"es_ES\" \/>\n\t\t<meta property=\"og:site_name\" content=\"El Digital de Asturias\" \/>\n\t\t<meta property=\"og:type\" content=\"article\" \/>\n\t\t<meta property=\"og:title\" content=\"Gij\u00f3n convocar\u00e1 nuevas ayudas para sufragar los gastos de la vuelta al cole - El Digital de Asturias\" \/>\n\t\t<meta property=\"og:description\" content=\"La concejala de Educaci\u00f3n en el Ayuntamiento de Gij\u00f3n, Monsterrat L\u00f3pez (Foro), ha avanzado este viernes que se va a proceder a realizar una segunda convocatoria de las ayudas para la compra de material escolar tras la baja participaci\u00f3n en la primera, que se desarroll\u00f3 en agosto, mes habitual de vacaciones. L\u00f3pez, en respuesta a\" \/>\n\t\t<meta property=\"og:url\" content=\"https:\/\/www.eldigitaldeasturias.com\/noticias\/gijon-convocara-nuevas-ayudas-para-sufragar-los-gastos-de-la-vuelta-al-cole\/\" \/>\n\t\t<meta property=\"og:image\" content=\"https:\/\/www.eldigitaldeasturias.com\/noticias\/wp-content\/uploads\/2015\/08\/aula.jpg\" \/>\n\t\t<meta property=\"og:image:secure_url\" content=\"https:\/\/www.eldigitaldeasturias.com\/noticias\/wp-content\/uploads\/2015\/08\/aula.jpg\" \/>\n\t\t<meta property=\"og:image:width\" content=\"800\" \/>\n\t\t<meta property=\"og:image:height\" content=\"600\" \/>\n\t\t<meta property=\"article:tag\" content=\"actualidad asturias\" \/>\n\t\t<meta property=\"article:published_time\" content=\"2016-09-17T11:47:58+00:00\" \/>\n\t\t<meta property=\"article:modified_time\" content=\"2016-09-17T11:47:58+00:00\" \/>\n\t\t<meta property=\"article:publisher\" content=\"https:\/\/facebook.com\/eldigitaldeasturias\" \/>\n\t\t<meta name=\"twitter:card\" content=\"summary_large_image\" \/>\n\t\t<meta name=\"twitter:title\" content=\"Gij\u00f3n convocar\u00e1 nuevas ayudas para sufragar los gastos de la vuelta al cole - El Digital de Asturias\" \/>\n\t\t<meta name=\"twitter:description\" content=\"La concejala de Educaci\u00f3n en el Ayuntamiento de Gij\u00f3n, Monsterrat L\u00f3pez (Foro), ha avanzado este viernes que se va a proceder a realizar una segunda convocatoria de las ayudas para la compra de material escolar tras la baja participaci\u00f3n en la primera, que se desarroll\u00f3 en agosto, mes habitual de vacaciones. L\u00f3pez, en respuesta a\" \/>\n\t\t<meta name=\"twitter:image\" content=\"https:\/\/www.eldigitaldeasturias.com\/noticias\/wp-content\/uploads\/2015\/08\/aula.jpg\" \/>\n\t\t<meta name=\"twitter:label1\" content=\"Escrito por\" \/>\n\t\t<meta name=\"twitter:data1\" content=\"El Digital de Asturias\" \/>\n\t\t<meta name=\"twitter:label2\" content=\"Tiempo de lectura estimado\" \/>\n\t\t<meta name=\"twitter:data2\" content=\"5 minutos\" \/>\n\t\t<script type=\"application\/ld+json\" class=\"aioseo-schema\">\n\t\t\t{\"@context\":\"https:\\\/\\\/schema.org\",\"@graph\":[{\"@type\":\"BlogPosting\",\"@id\":\"https:\\\/\\\/www.eldigitaldeasturias.com\\\/noticias\\\/gijon-convocara-nuevas-ayudas-para-sufragar-los-gastos-de-la-vuelta-al-cole\\\/#blogposting\",\"name\":\"Gij\\u00f3n convocar\\u00e1 nuevas ayudas para sufragar los gastos de la vuelta al cole - El Digital de Asturias\",\"headline\":\"Gij\\u00f3n convocar\\u00e1 nuevas ayudas para sufragar los gastos de la vuelta al cole\",\"author\":{\"@id\":\"https:\\\/\\\/www.eldigitaldeasturias.com\\\/noticias\\\/author\\\/admin\\\/#author\"},\"publisher\":{\"@id\":\"https:\\\/\\\/www.eldigitaldeasturias.com\\\/noticias\\\/#organization\"},\"image\":{\"@type\":\"ImageObject\",\"url\":\"https:\\\/\\\/www.eldigitaldeasturias.com\\\/noticias\\\/wp-content\\\/uploads\\\/2015\\\/08\\\/aula.jpg\",\"width\":800,\"height\":600},\"datePublished\":\"2016-09-17T12:47:58+02:00\",\"dateModified\":\"2016-09-17T12:47:58+02:00\",\"inLanguage\":\"es-ES\",\"mainEntityOfPage\":{\"@id\":\"https:\\\/\\\/www.eldigitaldeasturias.com\\\/noticias\\\/gijon-convocara-nuevas-ayudas-para-sufragar-los-gastos-de-la-vuelta-al-cole\\\/#webpage\"},\"isPartOf\":{\"@id\":\"https:\\\/\\\/www.eldigitaldeasturias.com\\\/noticias\\\/gijon-convocara-nuevas-ayudas-para-sufragar-los-gastos-de-la-vuelta-al-cole\\\/#webpage\"},\"articleSection\":\"Actualidad Asturias\"},{\"@type\":\"BreadcrumbList\",\"@id\":\"https:\\\/\\\/www.eldigitaldeasturias.com\\\/noticias\\\/gijon-convocara-nuevas-ayudas-para-sufragar-los-gastos-de-la-vuelta-al-cole\\\/#breadcrumblist\",\"itemListElement\":[{\"@type\":\"ListItem\",\"@id\":\"https:\\\/\\\/www.eldigitaldeasturias.com\\\/noticias#listItem\",\"position\":1,\"name\":\"Home\",\"item\":\"https:\\\/\\\/www.eldigitaldeasturias.com\\\/noticias\",\"nextItem\":{\"@type\":\"ListItem\",\"@id\":\"https:\\\/\\\/www.eldigitaldeasturias.com\\\/noticias\\\/category\\\/actualidad-asturias\\\/#listItem\",\"name\":\"Actualidad Asturias\"}},{\"@type\":\"ListItem\",\"@id\":\"https:\\\/\\\/www.eldigitaldeasturias.com\\\/noticias\\\/category\\\/actualidad-asturias\\\/#listItem\",\"position\":2,\"name\":\"Actualidad Asturias\",\"item\":\"https:\\\/\\\/www.eldigitaldeasturias.com\\\/noticias\\\/category\\\/actualidad-asturias\\\/\",\"nextItem\":{\"@type\":\"ListItem\",\"@id\":\"https:\\\/\\\/www.eldigitaldeasturias.com\\\/noticias\\\/gijon-convocara-nuevas-ayudas-para-sufragar-los-gastos-de-la-vuelta-al-cole\\\/#listItem\",\"name\":\"Gij\\u00f3n convocar\\u00e1 nuevas ayudas para sufragar los gastos de la vuelta al cole\"},\"previousItem\":{\"@type\":\"ListItem\",\"@id\":\"https:\\\/\\\/www.eldigitaldeasturias.com\\\/noticias#listItem\",\"name\":\"Home\"}},{\"@type\":\"ListItem\",\"@id\":\"https:\\\/\\\/www.eldigitaldeasturias.com\\\/noticias\\\/gijon-convocara-nuevas-ayudas-para-sufragar-los-gastos-de-la-vuelta-al-cole\\\/#listItem\",\"position\":3,\"name\":\"Gij\\u00f3n convocar\\u00e1 nuevas ayudas para sufragar los gastos de la vuelta al cole\",\"previousItem\":{\"@type\":\"ListItem\",\"@id\":\"https:\\\/\\\/www.eldigitaldeasturias.com\\\/noticias\\\/category\\\/actualidad-asturias\\\/#listItem\",\"name\":\"Actualidad Asturias\"}}]},{\"@type\":\"Organization\",\"@id\":\"https:\\\/\\\/www.eldigitaldeasturias.com\\\/noticias\\\/#organization\",\"name\":\"El Digital de Asturias\",\"description\":\"Hemeroteca\",\"url\":\"https:\\\/\\\/www.eldigitaldeasturias.com\\\/noticias\\\/\",\"email\":\"info@eldigitaldeasturias.com\",\"telephone\":\"+34652131393\",\"logo\":{\"@type\":\"ImageObject\",\"url\":\"https:\\\/\\\/www.eldigitaldeasturias.com\\\/noticias\\\/wp-content\\\/uploads\\\/2020\\\/12\\\/EDA.jpg\",\"@id\":\"https:\\\/\\\/www.eldigitaldeasturias.com\\\/noticias\\\/gijon-convocara-nuevas-ayudas-para-sufragar-los-gastos-de-la-vuelta-al-cole\\\/#organizationLogo\",\"width\":649,\"height\":297},\"image\":{\"@id\":\"https:\\\/\\\/www.eldigitaldeasturias.com\\\/noticias\\\/gijon-convocara-nuevas-ayudas-para-sufragar-los-gastos-de-la-vuelta-al-cole\\\/#organizationLogo\"},\"sameAs\":[\"https:\\\/\\\/facebook.com\\\/eldigitaldeasturias\",\"https:\\\/\\\/www.youtube.com\\\/channel\\\/UCZP-2wLEB9Rv6erhFmqVnvg\"],\"address\":{\"@id\":\"https:\\\/\\\/www.eldigitaldeasturias.com\\\/noticias\\\/#postaladdress\",\"@type\":\"PostalAddress\",\"streetAddress\":\"san antonio 4,\",\"postalCode\":\"33430\",\"addressLocality\":\"Cand\\u00e1s\",\"addressRegion\":\"Asturias\",\"addressCountry\":\"ES\"}},{\"@type\":\"Person\",\"@id\":\"https:\\\/\\\/www.eldigitaldeasturias.com\\\/noticias\\\/author\\\/admin\\\/#author\",\"url\":\"https:\\\/\\\/www.eldigitaldeasturias.com\\\/noticias\\\/author\\\/admin\\\/\",\"name\":\"El Digital de Asturias\",\"image\":{\"@type\":\"ImageObject\",\"@id\":\"https:\\\/\\\/www.eldigitaldeasturias.com\\\/noticias\\\/gijon-convocara-nuevas-ayudas-para-sufragar-los-gastos-de-la-vuelta-al-cole\\\/#authorImage\",\"url\":\"https:\\\/\\\/www.eldigitaldeasturias.com\\\/noticias\\\/wp-content\\\/litespeed\\\/avatar\\\/18677e78aa0546b92d9dbf31ec7d7668.jpg?ver=1776685526\",\"width\":96,\"height\":96,\"caption\":\"El Digital de Asturias\"}},{\"@type\":\"WebPage\",\"@id\":\"https:\\\/\\\/www.eldigitaldeasturias.com\\\/noticias\\\/gijon-convocara-nuevas-ayudas-para-sufragar-los-gastos-de-la-vuelta-al-cole\\\/#webpage\",\"url\":\"https:\\\/\\\/www.eldigitaldeasturias.com\\\/noticias\\\/gijon-convocara-nuevas-ayudas-para-sufragar-los-gastos-de-la-vuelta-al-cole\\\/\",\"name\":\"Gij\\u00f3n convocar\\u00e1 nuevas ayudas para sufragar los gastos de la vuelta al cole - El Digital de Asturias\",\"description\":\"La concejala de Educaci\\u00f3n en el Ayuntamiento de Gij\\u00f3n, Monsterrat L\\u00f3pez (Foro), ha avanzado este viernes que se va a proceder a realizar una segunda convocatoria de las ayudas para la compra de material escolar tras la baja participaci\\u00f3n en la primera, que se desarroll\\u00f3 en agosto, mes habitual de vacaciones. L\\u00f3pez, en respuesta a\",\"inLanguage\":\"es-ES\",\"isPartOf\":{\"@id\":\"https:\\\/\\\/www.eldigitaldeasturias.com\\\/noticias\\\/#website\"},\"breadcrumb\":{\"@id\":\"https:\\\/\\\/www.eldigitaldeasturias.com\\\/noticias\\\/gijon-convocara-nuevas-ayudas-para-sufragar-los-gastos-de-la-vuelta-al-cole\\\/#breadcrumblist\"},\"author\":{\"@id\":\"https:\\\/\\\/www.eldigitaldeasturias.com\\\/noticias\\\/author\\\/admin\\\/#author\"},\"creator\":{\"@id\":\"https:\\\/\\\/www.eldigitaldeasturias.com\\\/noticias\\\/author\\\/admin\\\/#author\"},\"image\":{\"@type\":\"ImageObject\",\"url\":\"https:\\\/\\\/www.eldigitaldeasturias.com\\\/noticias\\\/wp-content\\\/uploads\\\/2015\\\/08\\\/aula.jpg\",\"@id\":\"https:\\\/\\\/www.eldigitaldeasturias.com\\\/noticias\\\/gijon-convocara-nuevas-ayudas-para-sufragar-los-gastos-de-la-vuelta-al-cole\\\/#mainImage\",\"width\":800,\"height\":600},\"primaryImageOfPage\":{\"@id\":\"https:\\\/\\\/www.eldigitaldeasturias.com\\\/noticias\\\/gijon-convocara-nuevas-ayudas-para-sufragar-los-gastos-de-la-vuelta-al-cole\\\/#mainImage\"},\"datePublished\":\"2016-09-17T12:47:58+02:00\",\"dateModified\":\"2016-09-17T12:47:58+02:00\"},{\"@type\":\"WebSite\",\"@id\":\"https:\\\/\\\/www.eldigitaldeasturias.com\\\/noticias\\\/#website\",\"url\":\"https:\\\/\\\/www.eldigitaldeasturias.com\\\/noticias\\\/\",\"name\":\"El Digital de Asturias - Diario de actualidad y noticias\",\"alternateName\":\"El Digital de Asturias - Diario de actualidad y noticias\",\"description\":\"Hemeroteca\",\"inLanguage\":\"es-ES\",\"publisher\":{\"@id\":\"https:\\\/\\\/www.eldigitaldeasturias.com\\\/noticias\\\/#organization\"}}]}\n\t\t<\/script>\n\t\t<!-- All in One SEO Pro -->\r\n\t\t<title>Gij\u00f3n convocar\u00e1 nuevas ayudas para sufragar los gastos de la vuelta al cole - El Digital de Asturias<\/title>\n\n","aioseo_head_json":{"title":"Gij\u00f3n convocar\u00e1 nuevas ayudas para sufragar los gastos de la vuelta al cole - El Digital de Asturias","description":"La concejala de Educaci\u00f3n en el Ayuntamiento de Gij\u00f3n, Monsterrat L\u00f3pez (Foro), ha avanzado este viernes que se va a proceder a realizar una segunda convocatoria de las ayudas para la compra de material escolar tras la baja participaci\u00f3n en la primera, que se desarroll\u00f3 en agosto, mes habitual de vacaciones. L\u00f3pez, en respuesta a","canonical_url":"https:\/\/www.eldigitaldeasturias.com\/noticias\/gijon-convocara-nuevas-ayudas-para-sufragar-los-gastos-de-la-vuelta-al-cole\/","robots":"max-image-preview:large","keywords":"actualidad asturias","webmasterTools":{"google-site-verification":"UA-38556648-1","msvalidate.01":"7dfe9f3f1b24437ab69f4f2559babe99","miscellaneous":""},"schema":{"@context":"https:\/\/schema.org","@graph":[{"@type":"BlogPosting","@id":"https:\/\/www.eldigitaldeasturias.com\/noticias\/gijon-convocara-nuevas-ayudas-para-sufragar-los-gastos-de-la-vuelta-al-cole\/#blogposting","name":"Gij\u00f3n convocar\u00e1 nuevas ayudas para sufragar los gastos de la vuelta al cole - El Digital de Asturias","headline":"Gij\u00f3n convocar\u00e1 nuevas ayudas para sufragar los gastos de la vuelta al cole","author":{"@id":"https:\/\/www.eldigitaldeasturias.com\/noticias\/author\/admin\/#author"},"publisher":{"@id":"https:\/\/www.eldigitaldeasturias.com\/noticias\/#organization"},"image":{"@type":"ImageObject","url":"https:\/\/www.eldigitaldeasturias.com\/noticias\/wp-content\/uploads\/2015\/08\/aula.jpg","width":800,"height":600},"datePublished":"2016-09-17T12:47:58+02:00","dateModified":"2016-09-17T12:47:58+02:00","inLanguage":"es-ES","mainEntityOfPage":{"@id":"https:\/\/www.eldigitaldeasturias.com\/noticias\/gijon-convocara-nuevas-ayudas-para-sufragar-los-gastos-de-la-vuelta-al-cole\/#webpage"},"isPartOf":{"@id":"https:\/\/www.eldigitaldeasturias.com\/noticias\/gijon-convocara-nuevas-ayudas-para-sufragar-los-gastos-de-la-vuelta-al-cole\/#webpage"},"articleSection":"Actualidad Asturias"},{"@type":"BreadcrumbList","@id":"https:\/\/www.eldigitaldeasturias.com\/noticias\/gijon-convocara-nuevas-ayudas-para-sufragar-los-gastos-de-la-vuelta-al-cole\/#breadcrumblist","itemListElement":[{"@type":"ListItem","@id":"https:\/\/www.eldigitaldeasturias.com\/noticias#listItem","position":1,"name":"Home","item":"https:\/\/www.eldigitaldeasturias.com\/noticias","nextItem":{"@type":"ListItem","@id":"https:\/\/www.eldigitaldeasturias.com\/noticias\/category\/actualidad-asturias\/#listItem","name":"Actualidad Asturias"}},{"@type":"ListItem","@id":"https:\/\/www.eldigitaldeasturias.com\/noticias\/category\/actualidad-asturias\/#listItem","position":2,"name":"Actualidad Asturias","item":"https:\/\/www.eldigitaldeasturias.com\/noticias\/category\/actualidad-asturias\/","nextItem":{"@type":"ListItem","@id":"https:\/\/www.eldigitaldeasturias.com\/noticias\/gijon-convocara-nuevas-ayudas-para-sufragar-los-gastos-de-la-vuelta-al-cole\/#listItem","name":"Gij\u00f3n convocar\u00e1 nuevas ayudas para sufragar los gastos de la vuelta al cole"},"previousItem":{"@type":"ListItem","@id":"https:\/\/www.eldigitaldeasturias.com\/noticias#listItem","name":"Home"}},{"@type":"ListItem","@id":"https:\/\/www.eldigitaldeasturias.com\/noticias\/gijon-convocara-nuevas-ayudas-para-sufragar-los-gastos-de-la-vuelta-al-cole\/#listItem","position":3,"name":"Gij\u00f3n convocar\u00e1 nuevas ayudas para sufragar los gastos de la vuelta al cole","previousItem":{"@type":"ListItem","@id":"https:\/\/www.eldigitaldeasturias.com\/noticias\/category\/actualidad-asturias\/#listItem","name":"Actualidad Asturias"}}]},{"@type":"Organization","@id":"https:\/\/www.eldigitaldeasturias.com\/noticias\/#organization","name":"El Digital de Asturias","description":"Hemeroteca","url":"https:\/\/www.eldigitaldeasturias.com\/noticias\/","email":"info@eldigitaldeasturias.com","telephone":"+34652131393","logo":{"@type":"ImageObject","url":"https:\/\/www.eldigitaldeasturias.com\/noticias\/wp-content\/uploads\/2020\/12\/EDA.jpg","@id":"https:\/\/www.eldigitaldeasturias.com\/noticias\/gijon-convocara-nuevas-ayudas-para-sufragar-los-gastos-de-la-vuelta-al-cole\/#organizationLogo","width":649,"height":297},"image":{"@id":"https:\/\/www.eldigitaldeasturias.com\/noticias\/gijon-convocara-nuevas-ayudas-para-sufragar-los-gastos-de-la-vuelta-al-cole\/#organizationLogo"},"sameAs":["https:\/\/facebook.com\/eldigitaldeasturias","https:\/\/www.youtube.com\/channel\/UCZP-2wLEB9Rv6erhFmqVnvg"],"address":{"@id":"https:\/\/www.eldigitaldeasturias.com\/noticias\/#postaladdress","@type":"PostalAddress","streetAddress":"san antonio 4,","postalCode":"33430","addressLocality":"Cand\u00e1s","addressRegion":"Asturias","addressCountry":"ES"}},{"@type":"Person","@id":"https:\/\/www.eldigitaldeasturias.com\/noticias\/author\/admin\/#author","url":"https:\/\/www.eldigitaldeasturias.com\/noticias\/author\/admin\/","name":"El Digital de Asturias","image":{"@type":"ImageObject","@id":"https:\/\/www.eldigitaldeasturias.com\/noticias\/gijon-convocara-nuevas-ayudas-para-sufragar-los-gastos-de-la-vuelta-al-cole\/#authorImage","url":"https:\/\/www.eldigitaldeasturias.com\/noticias\/wp-content\/litespeed\/avatar\/18677e78aa0546b92d9dbf31ec7d7668.jpg?ver=1776685526","width":96,"height":96,"caption":"El Digital de Asturias"}},{"@type":"WebPage","@id":"https:\/\/www.eldigitaldeasturias.com\/noticias\/gijon-convocara-nuevas-ayudas-para-sufragar-los-gastos-de-la-vuelta-al-cole\/#webpage","url":"https:\/\/www.eldigitaldeasturias.com\/noticias\/gijon-convocara-nuevas-ayudas-para-sufragar-los-gastos-de-la-vuelta-al-cole\/","name":"Gij\u00f3n convocar\u00e1 nuevas ayudas para sufragar los gastos de la vuelta al cole - El Digital de Asturias","description":"La concejala de Educaci\u00f3n en el Ayuntamiento de Gij\u00f3n, Monsterrat L\u00f3pez (Foro), ha avanzado este viernes que se va a proceder a realizar una segunda convocatoria de las ayudas para la compra de material escolar tras la baja participaci\u00f3n en la primera, que se desarroll\u00f3 en agosto, mes habitual de vacaciones. L\u00f3pez, en respuesta a","inLanguage":"es-ES","isPartOf":{"@id":"https:\/\/www.eldigitaldeasturias.com\/noticias\/#website"},"breadcrumb":{"@id":"https:\/\/www.eldigitaldeasturias.com\/noticias\/gijon-convocara-nuevas-ayudas-para-sufragar-los-gastos-de-la-vuelta-al-cole\/#breadcrumblist"},"author":{"@id":"https:\/\/www.eldigitaldeasturias.com\/noticias\/author\/admin\/#author"},"creator":{"@id":"https:\/\/www.eldigitaldeasturias.com\/noticias\/author\/admin\/#author"},"image":{"@type":"ImageObject","url":"https:\/\/www.eldigitaldeasturias.com\/noticias\/wp-content\/uploads\/2015\/08\/aula.jpg","@id":"https:\/\/www.eldigitaldeasturias.com\/noticias\/gijon-convocara-nuevas-ayudas-para-sufragar-los-gastos-de-la-vuelta-al-cole\/#mainImage","width":800,"height":600},"primaryImageOfPage":{"@id":"https:\/\/www.eldigitaldeasturias.com\/noticias\/gijon-convocara-nuevas-ayudas-para-sufragar-los-gastos-de-la-vuelta-al-cole\/#mainImage"},"datePublished":"2016-09-17T12:47:58+02:00","dateModified":"2016-09-17T12:47:58+02:00"},{"@type":"WebSite","@id":"https:\/\/www.eldigitaldeasturias.com\/noticias\/#website","url":"https:\/\/www.eldigitaldeasturias.com\/noticias\/","name":"El Digital de Asturias - Diario de actualidad y noticias","alternateName":"El Digital de Asturias - Diario de actualidad y noticias","description":"Hemeroteca","inLanguage":"es-ES","publisher":{"@id":"https:\/\/www.eldigitaldeasturias.com\/noticias\/#organization"}}]},"og:locale":"es_ES","og:site_name":"El Digital de Asturias","og:type":"article","og:title":"Gij\u00f3n convocar\u00e1 nuevas ayudas para sufragar los gastos de la vuelta al cole - El Digital de Asturias","og:description":"La concejala de Educaci\u00f3n en el Ayuntamiento de Gij\u00f3n, Monsterrat L\u00f3pez (Foro), ha avanzado este viernes que se va a proceder a realizar una segunda convocatoria de las ayudas para la compra de material escolar tras la baja participaci\u00f3n en la primera, que se desarroll\u00f3 en agosto, mes habitual de vacaciones. L\u00f3pez, en respuesta a","og:url":"https:\/\/www.eldigitaldeasturias.com\/noticias\/gijon-convocara-nuevas-ayudas-para-sufragar-los-gastos-de-la-vuelta-al-cole\/","og:image":"https:\/\/www.eldigitaldeasturias.com\/noticias\/wp-content\/uploads\/2015\/08\/aula.jpg","og:image:secure_url":"https:\/\/www.eldigitaldeasturias.com\/noticias\/wp-content\/uploads\/2015\/08\/aula.jpg","og:image:width":800,"og:image:height":600,"article:tag":["actualidad asturias"],"article:published_time":"2016-09-17T11:47:58+00:00","article:modified_time":"2016-09-17T11:47:58+00:00","article:publisher":"https:\/\/facebook.com\/eldigitaldeasturias","twitter:card":"summary_large_image","twitter:title":"Gij\u00f3n convocar\u00e1 nuevas ayudas para sufragar los gastos de la vuelta al cole - El Digital de Asturias","twitter:description":"La concejala de Educaci\u00f3n en el Ayuntamiento de Gij\u00f3n, Monsterrat L\u00f3pez (Foro), ha avanzado este viernes que se va a proceder a realizar una segunda convocatoria de las ayudas para la compra de material escolar tras la baja participaci\u00f3n en la primera, que se desarroll\u00f3 en agosto, mes habitual de vacaciones. L\u00f3pez, en respuesta a","twitter:image":"https:\/\/www.eldigitaldeasturias.com\/noticias\/wp-content\/uploads\/2015\/08\/aula.jpg","twitter:label1":"Escrito por","twitter:data1":"El Digital de Asturias","twitter:label2":"Tiempo de lectura estimado","twitter:data2":"5 minutos"},"aioseo_meta_data":{"post_id":"908130","title":null,"description":null,"keywords":null,"keyphrases":null,"primary_term":null,"canonical_url":null,"og_title":null,"og_description":null,"og_object_type":"default","og_image_type":"default","og_image_url":null,"og_image_width":null,"og_image_height":null,"og_image_custom_url":null,"og_image_custom_fields":null,"og_video":null,"og_custom_url":null,"og_article_section":null,"og_article_tags":null,"twitter_use_og":false,"twitter_card":"default","twitter_image_type":"default","twitter_image_url":null,"twitter_image_custom_url":null,"twitter_image_custom_fields":null,"twitter_title":null,"twitter_description":null,"schema":{"blockGraphs":[],"customGraphs":[],"default":{"data":{"Article":[],"Course":[],"Dataset":[],"FAQPage":[],"Movie":[],"Person":[],"Product":[],"ProductReview":[],"Car":[],"Recipe":[],"Service":[],"SoftwareApplication":[],"WebPage":[]},"graphName":"","isEnabled":true},"graphs":[],"defaultGraph":"","defaultPostTypeGraph":""},"schema_type":null,"schema_type_options":null,"pillar_content":false,"robots_default":true,"robots_noindex":false,"robots_noarchive":false,"robots_nosnippet":false,"robots_nofollow":false,"robots_noimageindex":false,"robots_noodp":false,"robots_notranslate":false,"robots_max_snippet":null,"robots_max_videopreview":null,"robots_max_imagepreview":"large","priority":null,"frequency":null,"local_seo":null,"seo_analyzer_scan_date":"2025-11-30 14:57:14","breadcrumb_settings":null,"limit_modified_date":false,"open_ai":null,"ai":null,"created":"2020-12-21 14:00:26","updated":"2025-11-30 14:57:14"},"aioseo_breadcrumb":"<div class=\"aioseo-breadcrumbs\"><span class=\"aioseo-breadcrumb\">\n\t<a href=\"https:\/\/www.eldigitaldeasturias.com\/noticias\" title=\"Home\">Home<\/a>\n<\/span><span class=\"aioseo-breadcrumb-separator\">\u2013<\/span><span class=\"aioseo-breadcrumb\">\n\t<a href=\"https:\/\/www.eldigitaldeasturias.com\/noticias\/category\/actualidad-asturias\/\" title=\"Actualidad Asturias\">Actualidad Asturias<\/a>\n<\/span><span class=\"aioseo-breadcrumb-separator\">\u2013<\/span><span class=\"aioseo-breadcrumb\">\n\t<a href=\"https:\/\/www.eldigitaldeasturias.com\/noticias\/gijon-convocara-nuevas-ayudas-para-sufragar-los-gastos-de-la-vuelta-al-cole\/\" title=\"Gij\u00f3n convocar\u00e1 nuevas ayudas para sufragar los gastos de la vuelta al cole\">Gij\u00f3n convocar\u00e1 nuevas ayudas para sufragar los gastos de la vuelta al cole<\/a>\n<\/span><\/div>","aioseo_breadcrumb_json":[{"label":"Home","link":"https:\/\/www.eldigitaldeasturias.com\/noticias"},{"label":"Actualidad Asturias","link":"https:\/\/www.eldigitaldeasturias.com\/noticias\/category\/actualidad-asturias\/"},{"label":"Gij\u00f3n convocar\u00e1 nuevas ayudas para sufragar los gastos de la vuelta al cole","link":"https:\/\/www.eldigitaldeasturias.com\/noticias\/gijon-convocara-nuevas-ayudas-para-sufragar-los-gastos-de-la-vuelta-al-cole\/"}],"_links":{"self":[{"href":"https:\/\/www.eldigitaldeasturias.com\/noticias\/wp-json\/wp\/v2\/posts\/908130","targetHints":{"allow":["GET"]}}],"collection":[{"href":"https:\/\/www.eldigitaldeasturias.com\/noticias\/wp-json\/wp\/v2\/posts"}],"about":[{"href":"https:\/\/www.eldigitaldeasturias.com\/noticias\/wp-json\/wp\/v2\/types\/post"}],"author":[{"embeddable":true,"href":"https:\/\/www.eldigitaldeasturias.com\/noticias\/wp-json\/wp\/v2\/users\/1"}],"replies":[{"embeddable":true,"href":"https:\/\/www.eldigitaldeasturias.com\/noticias\/wp-json\/wp\/v2\/comments?post=908130"}],"version-history":[{"count":0,"href":"https:\/\/www.eldigitaldeasturias.com\/noticias\/wp-json\/wp\/v2\/posts\/908130\/revisions"}],"wp:featuredmedia":[{"embeddable":true,"href":"https:\/\/www.eldigitaldeasturias.com\/noticias\/wp-json\/wp\/v2\/media\/801268"}],"wp:attachment":[{"href":"https:\/\/www.eldigitaldeasturias.com\/noticias\/wp-json\/wp\/v2\/media?parent=908130"}],"wp:term":[{"taxonomy":"category","embeddable":true,"href":"https:\/\/www.eldigitaldeasturias.com\/noticias\/wp-json\/wp\/v2\/categories?post=908130"},{"taxonomy":"post_tag","embeddable":true,"href":"https:\/\/www.eldigitaldeasturias.com\/noticias\/wp-json\/wp\/v2\/tags?post=908130"}],"curies":[{"name":"wp","href":"https:\/\/api.w.org\/{rel}","templated":true}]}}