{"id":908128,"date":"2016-09-17T12:43:18","date_gmt":"2016-09-17T11:43:18","guid":{"rendered":"http:\/\/www.eldigitaldeasturias.com\/noticias\/?p=908128"},"modified":"2016-09-17T12:43:18","modified_gmt":"2016-09-17T11:43:18","slug":"les-piden-prision-por-robar-en-dos-viviendas-de-mieres","status":"publish","type":"post","link":"https:\/\/www.eldigitaldeasturias.com\/noticias\/les-piden-prision-por-robar-en-dos-viviendas-de-mieres\/","title":{"rendered":"Les piden prisi\u00f3n por robar en dos viviendas de Mieres"},"content":{"rendered":"<p><img loading=\"lazy\" decoding=\"async\" class=\"alignleft size-medium wp-image-788444\" src=\"https:\/\/www.eldigitaldeasturias.com\/noticias\/wp-content\/uploads\/2015\/06\/juzgados-360x198.jpg\" alt=\"juzgados\" width=\"360\" height=\"198\" srcset=\"https:\/\/www.eldigitaldeasturias.com\/noticias\/wp-content\/uploads\/2015\/06\/juzgados-360x198.jpg 360w, https:\/\/www.eldigitaldeasturias.com\/noticias\/wp-content\/uploads\/2015\/06\/juzgados-480x264.jpg 480w, https:\/\/www.eldigitaldeasturias.com\/noticias\/wp-content\/uploads\/2015\/06\/juzgados-20x11.jpg 20w, https:\/\/www.eldigitaldeasturias.com\/noticias\/wp-content\/uploads\/2015\/06\/juzgados.jpg 655w\" sizes=\"auto, (max-width: 360px) 100vw, 360px\" \/>La Fiscal\u00eda de Asturias pide la condena a penas de cinco y cuatro a\u00f1os a dos acusados de cometer robos con fuerza en dos viviendas de Mieres y vender posteriormente los art\u00edculos sustra\u00eddos, entre los figuran joyas y hasta un ordenador port\u00e1til, en diferentes establecimientos de compraventa. El juicio se celebrar\u00e1 este lunes, a partir de las 9.30 horas en el Juzgado de Lo Penal n\u00famero 2 de Oviedo.<\/p>\n<p>Seg\u00fan el escrito del Ministerio Fiscal, el 7 de marzo de 2004 los acusados entraron en una vivienda unifamiliar de la calle La Sierra, en Santuyano (Mieres). Sustrajeron una cadena, tres anillos una cadena, un crucifijo y un sello, todos ellos de oro, adem\u00e1s de otras muchas piezas, valoradas en total en 6.075 euros, adem\u00e1s de la suma en efectivo de 3.300 euros.<\/p>\n<p>Algunos de ellos fueron vendidos posteriormente en un establecimiento de compraventa. La titular de la vivienda reconoci\u00f3 las joyas posteriormente.<\/p>\n<p>El 26 de marzo del mismo a\u00f1o, en otro robo, esta vez en Uxo (Mieres), se hicieron con varias cadenas de plata, dos anillos, un reloj, pendientes, alianzas y pulseras, entre otras joyas, adem\u00e1s de una c\u00e1mara fotogr\u00e1fica y un ordenador port\u00e1til. El d\u00eda uno de abril de ese a\u00f1o, uno de los acusados vendi\u00f3 el port\u00e1til en otro establecimiento de compraventa por 194 euros. En el malet\u00edn del ordenador se encontr\u00f3 documentaci\u00f3n personal del acusado.<\/p>\n<p>La Fiscal\u00eda considera que los hechos son constitutivos de un delito continuado de robo con fuerza en casa habitada. Adem\u00e1s de las mencionadas condenas, reclama indemnizaciones que van desde los 6.740 euros a la propietaria de la primera vivienda, y de una suma a\u00fan por determinar a los de la segunda., adem\u00e1s de otros 4.000 a la aseguradora Mapfre.<\/p>\n<p>&nbsp;<\/p>\n","protected":false},"excerpt":{"rendered":"<p>La Fiscal\u00eda de Asturias pide la condena a penas de cinco y cuatro a\u00f1os a dos acusados de cometer robos con fuerza en dos viviendas de Mieres y vender posteriormente los art\u00edculos sustra\u00eddos, entre los figuran joyas y hasta un ordenador port\u00e1til, en diferentes establecimientos de compraventa. El juicio se celebrar\u00e1 este lunes, a partir [&hellip;]<\/p>\n","protected":false},"author":1,"featured_media":788444,"comment_status":"closed","ping_status":"closed","sticky":false,"template":"","format":"standard","meta":{"footnotes":""},"categories":[5],"tags":[],"class_list":["post-908128","post","type-post","status-publish","format-standard","has-post-thumbnail","hentry","category-sucesos"],"aioseo_notices":[],"aioseo_head":"\n\t\t<!-- All in One SEO Pro 4.9.6.2 - aioseo.com -->\n\t<meta name=\"description\" content=\"La Fiscal\u00eda de Asturias pide la condena a penas de cinco y cuatro a\u00f1os a dos acusados de cometer robos con fuerza en dos viviendas de Mieres y vender posteriormente los art\u00edculos sustra\u00eddos, entre los figuran joyas y hasta un ordenador port\u00e1til, en diferentes establecimientos de compraventa. El juicio se celebrar\u00e1 este lunes, a partir\" \/>\n\t<meta name=\"robots\" content=\"max-image-preview:large\" \/>\n\t<meta name=\"author\" content=\"El Digital de Asturias\"\/>\n\t<meta name=\"google-site-verification\" content=\"UA-38556648-1\" \/>\n\t<meta name=\"msvalidate.01\" content=\"7dfe9f3f1b24437ab69f4f2559babe99\" \/>\n\t<meta name=\"keywords\" content=\"sucesos\" \/>\n\t<link rel=\"canonical\" href=\"https:\/\/www.eldigitaldeasturias.com\/noticias\/les-piden-prision-por-robar-en-dos-viviendas-de-mieres\/\" \/>\n\t<meta name=\"generator\" content=\"All in One SEO Pro (AIOSEO) 4.9.6.2\" \/>\n\t\t<meta property=\"og:locale\" content=\"es_ES\" \/>\n\t\t<meta property=\"og:site_name\" content=\"El Digital de Asturias\" \/>\n\t\t<meta property=\"og:type\" content=\"article\" \/>\n\t\t<meta property=\"og:title\" content=\"Les piden prisi\u00f3n por robar en dos viviendas de Mieres - El Digital de Asturias\" \/>\n\t\t<meta property=\"og:description\" content=\"La Fiscal\u00eda de Asturias pide la condena a penas de cinco y cuatro a\u00f1os a dos acusados de cometer robos con fuerza en dos viviendas de Mieres y vender posteriormente los art\u00edculos sustra\u00eddos, entre los figuran joyas y hasta un ordenador port\u00e1til, en diferentes establecimientos de compraventa. El juicio se celebrar\u00e1 este lunes, a partir\" \/>\n\t\t<meta property=\"og:url\" content=\"https:\/\/www.eldigitaldeasturias.com\/noticias\/les-piden-prision-por-robar-en-dos-viviendas-de-mieres\/\" \/>\n\t\t<meta property=\"og:image\" content=\"https:\/\/www.eldigitaldeasturias.com\/noticias\/wp-content\/uploads\/2015\/06\/juzgados.jpg\" \/>\n\t\t<meta property=\"og:image:secure_url\" content=\"https:\/\/www.eldigitaldeasturias.com\/noticias\/wp-content\/uploads\/2015\/06\/juzgados.jpg\" \/>\n\t\t<meta property=\"og:image:width\" content=\"655\" \/>\n\t\t<meta property=\"og:image:height\" content=\"360\" \/>\n\t\t<meta property=\"article:tag\" content=\"sucesos\" \/>\n\t\t<meta property=\"article:published_time\" content=\"2016-09-17T11:43:18+00:00\" \/>\n\t\t<meta property=\"article:modified_time\" content=\"2016-09-17T11:43:18+00:00\" \/>\n\t\t<meta property=\"article:publisher\" content=\"https:\/\/facebook.com\/eldigitaldeasturias\" \/>\n\t\t<meta name=\"twitter:card\" content=\"summary_large_image\" \/>\n\t\t<meta name=\"twitter:title\" content=\"Les piden prisi\u00f3n por robar en dos viviendas de Mieres - El Digital de Asturias\" \/>\n\t\t<meta name=\"twitter:description\" content=\"La Fiscal\u00eda de Asturias pide la condena a penas de cinco y cuatro a\u00f1os a dos acusados de cometer robos con fuerza en dos viviendas de Mieres y vender posteriormente los art\u00edculos sustra\u00eddos, entre los figuran joyas y hasta un ordenador port\u00e1til, en diferentes establecimientos de compraventa. El juicio se celebrar\u00e1 este lunes, a partir\" \/>\n\t\t<meta name=\"twitter:image\" content=\"https:\/\/www.eldigitaldeasturias.com\/noticias\/wp-content\/uploads\/2015\/06\/juzgados.jpg\" \/>\n\t\t<meta name=\"twitter:label1\" content=\"Escrito por\" \/>\n\t\t<meta name=\"twitter:data1\" content=\"El Digital de Asturias\" \/>\n\t\t<meta name=\"twitter:label2\" content=\"Tiempo de lectura estimado\" \/>\n\t\t<meta name=\"twitter:data2\" content=\"2 minutos\" \/>\n\t\t<script type=\"application\/ld+json\" class=\"aioseo-schema\">\n\t\t\t{\"@context\":\"https:\\\/\\\/schema.org\",\"@graph\":[{\"@type\":\"BlogPosting\",\"@id\":\"https:\\\/\\\/www.eldigitaldeasturias.com\\\/noticias\\\/les-piden-prision-por-robar-en-dos-viviendas-de-mieres\\\/#blogposting\",\"name\":\"Les piden prisi\\u00f3n por robar en dos viviendas de Mieres - El Digital de Asturias\",\"headline\":\"Les piden prisi\\u00f3n por robar en dos viviendas de Mieres\",\"author\":{\"@id\":\"https:\\\/\\\/www.eldigitaldeasturias.com\\\/noticias\\\/author\\\/admin\\\/#author\"},\"publisher\":{\"@id\":\"https:\\\/\\\/www.eldigitaldeasturias.com\\\/noticias\\\/#organization\"},\"image\":{\"@type\":\"ImageObject\",\"url\":\"https:\\\/\\\/www.eldigitaldeasturias.com\\\/noticias\\\/wp-content\\\/uploads\\\/2015\\\/06\\\/juzgados.jpg\",\"width\":655,\"height\":360},\"datePublished\":\"2016-09-17T12:43:18+02:00\",\"dateModified\":\"2016-09-17T12:43:18+02:00\",\"inLanguage\":\"es-ES\",\"mainEntityOfPage\":{\"@id\":\"https:\\\/\\\/www.eldigitaldeasturias.com\\\/noticias\\\/les-piden-prision-por-robar-en-dos-viviendas-de-mieres\\\/#webpage\"},\"isPartOf\":{\"@id\":\"https:\\\/\\\/www.eldigitaldeasturias.com\\\/noticias\\\/les-piden-prision-por-robar-en-dos-viviendas-de-mieres\\\/#webpage\"},\"articleSection\":\"Sucesos\"},{\"@type\":\"BreadcrumbList\",\"@id\":\"https:\\\/\\\/www.eldigitaldeasturias.com\\\/noticias\\\/les-piden-prision-por-robar-en-dos-viviendas-de-mieres\\\/#breadcrumblist\",\"itemListElement\":[{\"@type\":\"ListItem\",\"@id\":\"https:\\\/\\\/www.eldigitaldeasturias.com\\\/noticias#listItem\",\"position\":1,\"name\":\"Home\",\"item\":\"https:\\\/\\\/www.eldigitaldeasturias.com\\\/noticias\",\"nextItem\":{\"@type\":\"ListItem\",\"@id\":\"https:\\\/\\\/www.eldigitaldeasturias.com\\\/noticias\\\/category\\\/sucesos\\\/#listItem\",\"name\":\"Sucesos\"}},{\"@type\":\"ListItem\",\"@id\":\"https:\\\/\\\/www.eldigitaldeasturias.com\\\/noticias\\\/category\\\/sucesos\\\/#listItem\",\"position\":2,\"name\":\"Sucesos\",\"item\":\"https:\\\/\\\/www.eldigitaldeasturias.com\\\/noticias\\\/category\\\/sucesos\\\/\",\"nextItem\":{\"@type\":\"ListItem\",\"@id\":\"https:\\\/\\\/www.eldigitaldeasturias.com\\\/noticias\\\/les-piden-prision-por-robar-en-dos-viviendas-de-mieres\\\/#listItem\",\"name\":\"Les piden prisi\\u00f3n por robar en dos viviendas de Mieres\"},\"previousItem\":{\"@type\":\"ListItem\",\"@id\":\"https:\\\/\\\/www.eldigitaldeasturias.com\\\/noticias#listItem\",\"name\":\"Home\"}},{\"@type\":\"ListItem\",\"@id\":\"https:\\\/\\\/www.eldigitaldeasturias.com\\\/noticias\\\/les-piden-prision-por-robar-en-dos-viviendas-de-mieres\\\/#listItem\",\"position\":3,\"name\":\"Les piden prisi\\u00f3n por robar en dos viviendas de Mieres\",\"previousItem\":{\"@type\":\"ListItem\",\"@id\":\"https:\\\/\\\/www.eldigitaldeasturias.com\\\/noticias\\\/category\\\/sucesos\\\/#listItem\",\"name\":\"Sucesos\"}}]},{\"@type\":\"Organization\",\"@id\":\"https:\\\/\\\/www.eldigitaldeasturias.com\\\/noticias\\\/#organization\",\"name\":\"El Digital de Asturias\",\"description\":\"Hemeroteca\",\"url\":\"https:\\\/\\\/www.eldigitaldeasturias.com\\\/noticias\\\/\",\"email\":\"info@eldigitaldeasturias.com\",\"telephone\":\"+34652131393\",\"logo\":{\"@type\":\"ImageObject\",\"url\":\"https:\\\/\\\/www.eldigitaldeasturias.com\\\/noticias\\\/wp-content\\\/uploads\\\/2020\\\/12\\\/EDA.jpg\",\"@id\":\"https:\\\/\\\/www.eldigitaldeasturias.com\\\/noticias\\\/les-piden-prision-por-robar-en-dos-viviendas-de-mieres\\\/#organizationLogo\",\"width\":649,\"height\":297},\"image\":{\"@id\":\"https:\\\/\\\/www.eldigitaldeasturias.com\\\/noticias\\\/les-piden-prision-por-robar-en-dos-viviendas-de-mieres\\\/#organizationLogo\"},\"sameAs\":[\"https:\\\/\\\/facebook.com\\\/eldigitaldeasturias\",\"https:\\\/\\\/www.youtube.com\\\/channel\\\/UCZP-2wLEB9Rv6erhFmqVnvg\"],\"address\":{\"@id\":\"https:\\\/\\\/www.eldigitaldeasturias.com\\\/noticias\\\/#postaladdress\",\"@type\":\"PostalAddress\",\"streetAddress\":\"san antonio 4,\",\"postalCode\":\"33430\",\"addressLocality\":\"Cand\\u00e1s\",\"addressRegion\":\"Asturias\",\"addressCountry\":\"ES\"}},{\"@type\":\"Person\",\"@id\":\"https:\\\/\\\/www.eldigitaldeasturias.com\\\/noticias\\\/author\\\/admin\\\/#author\",\"url\":\"https:\\\/\\\/www.eldigitaldeasturias.com\\\/noticias\\\/author\\\/admin\\\/\",\"name\":\"El Digital de Asturias\",\"image\":{\"@type\":\"ImageObject\",\"@id\":\"https:\\\/\\\/www.eldigitaldeasturias.com\\\/noticias\\\/les-piden-prision-por-robar-en-dos-viviendas-de-mieres\\\/#authorImage\",\"url\":\"https:\\\/\\\/www.eldigitaldeasturias.com\\\/noticias\\\/wp-content\\\/litespeed\\\/avatar\\\/18677e78aa0546b92d9dbf31ec7d7668.jpg?ver=1776685526\",\"width\":96,\"height\":96,\"caption\":\"El Digital de Asturias\"}},{\"@type\":\"WebPage\",\"@id\":\"https:\\\/\\\/www.eldigitaldeasturias.com\\\/noticias\\\/les-piden-prision-por-robar-en-dos-viviendas-de-mieres\\\/#webpage\",\"url\":\"https:\\\/\\\/www.eldigitaldeasturias.com\\\/noticias\\\/les-piden-prision-por-robar-en-dos-viviendas-de-mieres\\\/\",\"name\":\"Les piden prisi\\u00f3n por robar en dos viviendas de Mieres - El Digital de Asturias\",\"description\":\"La Fiscal\\u00eda de Asturias pide la condena a penas de cinco y cuatro a\\u00f1os a dos acusados de cometer robos con fuerza en dos viviendas de Mieres y vender posteriormente los art\\u00edculos sustra\\u00eddos, entre los figuran joyas y hasta un ordenador port\\u00e1til, en diferentes establecimientos de compraventa. El juicio se celebrar\\u00e1 este lunes, a partir\",\"inLanguage\":\"es-ES\",\"isPartOf\":{\"@id\":\"https:\\\/\\\/www.eldigitaldeasturias.com\\\/noticias\\\/#website\"},\"breadcrumb\":{\"@id\":\"https:\\\/\\\/www.eldigitaldeasturias.com\\\/noticias\\\/les-piden-prision-por-robar-en-dos-viviendas-de-mieres\\\/#breadcrumblist\"},\"author\":{\"@id\":\"https:\\\/\\\/www.eldigitaldeasturias.com\\\/noticias\\\/author\\\/admin\\\/#author\"},\"creator\":{\"@id\":\"https:\\\/\\\/www.eldigitaldeasturias.com\\\/noticias\\\/author\\\/admin\\\/#author\"},\"image\":{\"@type\":\"ImageObject\",\"url\":\"https:\\\/\\\/www.eldigitaldeasturias.com\\\/noticias\\\/wp-content\\\/uploads\\\/2015\\\/06\\\/juzgados.jpg\",\"@id\":\"https:\\\/\\\/www.eldigitaldeasturias.com\\\/noticias\\\/les-piden-prision-por-robar-en-dos-viviendas-de-mieres\\\/#mainImage\",\"width\":655,\"height\":360},\"primaryImageOfPage\":{\"@id\":\"https:\\\/\\\/www.eldigitaldeasturias.com\\\/noticias\\\/les-piden-prision-por-robar-en-dos-viviendas-de-mieres\\\/#mainImage\"},\"datePublished\":\"2016-09-17T12:43:18+02:00\",\"dateModified\":\"2016-09-17T12:43:18+02:00\"},{\"@type\":\"WebSite\",\"@id\":\"https:\\\/\\\/www.eldigitaldeasturias.com\\\/noticias\\\/#website\",\"url\":\"https:\\\/\\\/www.eldigitaldeasturias.com\\\/noticias\\\/\",\"name\":\"El Digital de Asturias - Diario de actualidad y noticias\",\"alternateName\":\"El Digital de Asturias - Diario de actualidad y noticias\",\"description\":\"Hemeroteca\",\"inLanguage\":\"es-ES\",\"publisher\":{\"@id\":\"https:\\\/\\\/www.eldigitaldeasturias.com\\\/noticias\\\/#organization\"}}]}\n\t\t<\/script>\n\t\t<!-- All in One SEO Pro -->\r\n\t\t<title>Les piden prisi\u00f3n por robar en dos viviendas de Mieres - El Digital de Asturias<\/title>\n\n","aioseo_head_json":{"title":"Les piden prisi\u00f3n por robar en dos viviendas de Mieres - El Digital de Asturias","description":"La Fiscal\u00eda de Asturias pide la condena a penas de cinco y cuatro a\u00f1os a dos acusados de cometer robos con fuerza en dos viviendas de Mieres y vender posteriormente los art\u00edculos sustra\u00eddos, entre los figuran joyas y hasta un ordenador port\u00e1til, en diferentes establecimientos de compraventa. El juicio se celebrar\u00e1 este lunes, a partir","canonical_url":"https:\/\/www.eldigitaldeasturias.com\/noticias\/les-piden-prision-por-robar-en-dos-viviendas-de-mieres\/","robots":"max-image-preview:large","keywords":"sucesos","webmasterTools":{"google-site-verification":"UA-38556648-1","msvalidate.01":"7dfe9f3f1b24437ab69f4f2559babe99","miscellaneous":""},"schema":{"@context":"https:\/\/schema.org","@graph":[{"@type":"BlogPosting","@id":"https:\/\/www.eldigitaldeasturias.com\/noticias\/les-piden-prision-por-robar-en-dos-viviendas-de-mieres\/#blogposting","name":"Les piden prisi\u00f3n por robar en dos viviendas de Mieres - El Digital de Asturias","headline":"Les piden prisi\u00f3n por robar en dos viviendas de Mieres","author":{"@id":"https:\/\/www.eldigitaldeasturias.com\/noticias\/author\/admin\/#author"},"publisher":{"@id":"https:\/\/www.eldigitaldeasturias.com\/noticias\/#organization"},"image":{"@type":"ImageObject","url":"https:\/\/www.eldigitaldeasturias.com\/noticias\/wp-content\/uploads\/2015\/06\/juzgados.jpg","width":655,"height":360},"datePublished":"2016-09-17T12:43:18+02:00","dateModified":"2016-09-17T12:43:18+02:00","inLanguage":"es-ES","mainEntityOfPage":{"@id":"https:\/\/www.eldigitaldeasturias.com\/noticias\/les-piden-prision-por-robar-en-dos-viviendas-de-mieres\/#webpage"},"isPartOf":{"@id":"https:\/\/www.eldigitaldeasturias.com\/noticias\/les-piden-prision-por-robar-en-dos-viviendas-de-mieres\/#webpage"},"articleSection":"Sucesos"},{"@type":"BreadcrumbList","@id":"https:\/\/www.eldigitaldeasturias.com\/noticias\/les-piden-prision-por-robar-en-dos-viviendas-de-mieres\/#breadcrumblist","itemListElement":[{"@type":"ListItem","@id":"https:\/\/www.eldigitaldeasturias.com\/noticias#listItem","position":1,"name":"Home","item":"https:\/\/www.eldigitaldeasturias.com\/noticias","nextItem":{"@type":"ListItem","@id":"https:\/\/www.eldigitaldeasturias.com\/noticias\/category\/sucesos\/#listItem","name":"Sucesos"}},{"@type":"ListItem","@id":"https:\/\/www.eldigitaldeasturias.com\/noticias\/category\/sucesos\/#listItem","position":2,"name":"Sucesos","item":"https:\/\/www.eldigitaldeasturias.com\/noticias\/category\/sucesos\/","nextItem":{"@type":"ListItem","@id":"https:\/\/www.eldigitaldeasturias.com\/noticias\/les-piden-prision-por-robar-en-dos-viviendas-de-mieres\/#listItem","name":"Les piden prisi\u00f3n por robar en dos viviendas de Mieres"},"previousItem":{"@type":"ListItem","@id":"https:\/\/www.eldigitaldeasturias.com\/noticias#listItem","name":"Home"}},{"@type":"ListItem","@id":"https:\/\/www.eldigitaldeasturias.com\/noticias\/les-piden-prision-por-robar-en-dos-viviendas-de-mieres\/#listItem","position":3,"name":"Les piden prisi\u00f3n por robar en dos viviendas de Mieres","previousItem":{"@type":"ListItem","@id":"https:\/\/www.eldigitaldeasturias.com\/noticias\/category\/sucesos\/#listItem","name":"Sucesos"}}]},{"@type":"Organization","@id":"https:\/\/www.eldigitaldeasturias.com\/noticias\/#organization","name":"El Digital de Asturias","description":"Hemeroteca","url":"https:\/\/www.eldigitaldeasturias.com\/noticias\/","email":"info@eldigitaldeasturias.com","telephone":"+34652131393","logo":{"@type":"ImageObject","url":"https:\/\/www.eldigitaldeasturias.com\/noticias\/wp-content\/uploads\/2020\/12\/EDA.jpg","@id":"https:\/\/www.eldigitaldeasturias.com\/noticias\/les-piden-prision-por-robar-en-dos-viviendas-de-mieres\/#organizationLogo","width":649,"height":297},"image":{"@id":"https:\/\/www.eldigitaldeasturias.com\/noticias\/les-piden-prision-por-robar-en-dos-viviendas-de-mieres\/#organizationLogo"},"sameAs":["https:\/\/facebook.com\/eldigitaldeasturias","https:\/\/www.youtube.com\/channel\/UCZP-2wLEB9Rv6erhFmqVnvg"],"address":{"@id":"https:\/\/www.eldigitaldeasturias.com\/noticias\/#postaladdress","@type":"PostalAddress","streetAddress":"san antonio 4,","postalCode":"33430","addressLocality":"Cand\u00e1s","addressRegion":"Asturias","addressCountry":"ES"}},{"@type":"Person","@id":"https:\/\/www.eldigitaldeasturias.com\/noticias\/author\/admin\/#author","url":"https:\/\/www.eldigitaldeasturias.com\/noticias\/author\/admin\/","name":"El Digital de Asturias","image":{"@type":"ImageObject","@id":"https:\/\/www.eldigitaldeasturias.com\/noticias\/les-piden-prision-por-robar-en-dos-viviendas-de-mieres\/#authorImage","url":"https:\/\/www.eldigitaldeasturias.com\/noticias\/wp-content\/litespeed\/avatar\/18677e78aa0546b92d9dbf31ec7d7668.jpg?ver=1776685526","width":96,"height":96,"caption":"El Digital de Asturias"}},{"@type":"WebPage","@id":"https:\/\/www.eldigitaldeasturias.com\/noticias\/les-piden-prision-por-robar-en-dos-viviendas-de-mieres\/#webpage","url":"https:\/\/www.eldigitaldeasturias.com\/noticias\/les-piden-prision-por-robar-en-dos-viviendas-de-mieres\/","name":"Les piden prisi\u00f3n por robar en dos viviendas de Mieres - El Digital de Asturias","description":"La Fiscal\u00eda de Asturias pide la condena a penas de cinco y cuatro a\u00f1os a dos acusados de cometer robos con fuerza en dos viviendas de Mieres y vender posteriormente los art\u00edculos sustra\u00eddos, entre los figuran joyas y hasta un ordenador port\u00e1til, en diferentes establecimientos de compraventa. El juicio se celebrar\u00e1 este lunes, a partir","inLanguage":"es-ES","isPartOf":{"@id":"https:\/\/www.eldigitaldeasturias.com\/noticias\/#website"},"breadcrumb":{"@id":"https:\/\/www.eldigitaldeasturias.com\/noticias\/les-piden-prision-por-robar-en-dos-viviendas-de-mieres\/#breadcrumblist"},"author":{"@id":"https:\/\/www.eldigitaldeasturias.com\/noticias\/author\/admin\/#author"},"creator":{"@id":"https:\/\/www.eldigitaldeasturias.com\/noticias\/author\/admin\/#author"},"image":{"@type":"ImageObject","url":"https:\/\/www.eldigitaldeasturias.com\/noticias\/wp-content\/uploads\/2015\/06\/juzgados.jpg","@id":"https:\/\/www.eldigitaldeasturias.com\/noticias\/les-piden-prision-por-robar-en-dos-viviendas-de-mieres\/#mainImage","width":655,"height":360},"primaryImageOfPage":{"@id":"https:\/\/www.eldigitaldeasturias.com\/noticias\/les-piden-prision-por-robar-en-dos-viviendas-de-mieres\/#mainImage"},"datePublished":"2016-09-17T12:43:18+02:00","dateModified":"2016-09-17T12:43:18+02:00"},{"@type":"WebSite","@id":"https:\/\/www.eldigitaldeasturias.com\/noticias\/#website","url":"https:\/\/www.eldigitaldeasturias.com\/noticias\/","name":"El Digital de Asturias - Diario de actualidad y noticias","alternateName":"El Digital de Asturias - Diario de actualidad y noticias","description":"Hemeroteca","inLanguage":"es-ES","publisher":{"@id":"https:\/\/www.eldigitaldeasturias.com\/noticias\/#organization"}}]},"og:locale":"es_ES","og:site_name":"El Digital de Asturias","og:type":"article","og:title":"Les piden prisi\u00f3n por robar en dos viviendas de Mieres - El Digital de Asturias","og:description":"La Fiscal\u00eda de Asturias pide la condena a penas de cinco y cuatro a\u00f1os a dos acusados de cometer robos con fuerza en dos viviendas de Mieres y vender posteriormente los art\u00edculos sustra\u00eddos, entre los figuran joyas y hasta un ordenador port\u00e1til, en diferentes establecimientos de compraventa. El juicio se celebrar\u00e1 este lunes, a partir","og:url":"https:\/\/www.eldigitaldeasturias.com\/noticias\/les-piden-prision-por-robar-en-dos-viviendas-de-mieres\/","og:image":"https:\/\/www.eldigitaldeasturias.com\/noticias\/wp-content\/uploads\/2015\/06\/juzgados.jpg","og:image:secure_url":"https:\/\/www.eldigitaldeasturias.com\/noticias\/wp-content\/uploads\/2015\/06\/juzgados.jpg","og:image:width":655,"og:image:height":360,"article:tag":["sucesos"],"article:published_time":"2016-09-17T11:43:18+00:00","article:modified_time":"2016-09-17T11:43:18+00:00","article:publisher":"https:\/\/facebook.com\/eldigitaldeasturias","twitter:card":"summary_large_image","twitter:title":"Les piden prisi\u00f3n por robar en dos viviendas de Mieres - El Digital de Asturias","twitter:description":"La Fiscal\u00eda de Asturias pide la condena a penas de cinco y cuatro a\u00f1os a dos acusados de cometer robos con fuerza en dos viviendas de Mieres y vender posteriormente los art\u00edculos sustra\u00eddos, entre los figuran joyas y hasta un ordenador port\u00e1til, en diferentes establecimientos de compraventa. El juicio se celebrar\u00e1 este lunes, a partir","twitter:image":"https:\/\/www.eldigitaldeasturias.com\/noticias\/wp-content\/uploads\/2015\/06\/juzgados.jpg","twitter:label1":"Escrito por","twitter:data1":"El Digital de Asturias","twitter:label2":"Tiempo de lectura estimado","twitter:data2":"2 minutos"},"aioseo_meta_data":{"post_id":"908128","title":null,"description":null,"keywords":null,"keyphrases":null,"primary_term":null,"canonical_url":null,"og_title":null,"og_description":null,"og_object_type":"default","og_image_type":"default","og_image_url":null,"og_image_width":null,"og_image_height":null,"og_image_custom_url":null,"og_image_custom_fields":null,"og_video":null,"og_custom_url":null,"og_article_section":null,"og_article_tags":null,"twitter_use_og":false,"twitter_card":"default","twitter_image_type":"default","twitter_image_url":null,"twitter_image_custom_url":null,"twitter_image_custom_fields":null,"twitter_title":null,"twitter_description":null,"schema":{"blockGraphs":[],"customGraphs":[],"default":{"data":{"Article":[],"Course":[],"Dataset":[],"FAQPage":[],"Movie":[],"Person":[],"Product":[],"ProductReview":[],"Car":[],"Recipe":[],"Service":[],"SoftwareApplication":[],"WebPage":[]},"graphName":"","isEnabled":true},"graphs":[],"defaultGraph":"","defaultPostTypeGraph":""},"schema_type":null,"schema_type_options":null,"pillar_content":false,"robots_default":true,"robots_noindex":false,"robots_noarchive":false,"robots_nosnippet":false,"robots_nofollow":false,"robots_noimageindex":false,"robots_noodp":false,"robots_notranslate":false,"robots_max_snippet":null,"robots_max_videopreview":null,"robots_max_imagepreview":"large","priority":null,"frequency":null,"local_seo":null,"seo_analyzer_scan_date":"2025-11-30 14:57:13","breadcrumb_settings":null,"limit_modified_date":false,"open_ai":null,"ai":null,"created":"2020-12-21 14:00:26","updated":"2025-11-30 14:57:13"},"aioseo_breadcrumb":"<div class=\"aioseo-breadcrumbs\"><span class=\"aioseo-breadcrumb\">\n\t<a href=\"https:\/\/www.eldigitaldeasturias.com\/noticias\" title=\"Home\">Home<\/a>\n<\/span><span class=\"aioseo-breadcrumb-separator\">\u2013<\/span><span class=\"aioseo-breadcrumb\">\n\t<a href=\"https:\/\/www.eldigitaldeasturias.com\/noticias\/category\/sucesos\/\" title=\"Sucesos\">Sucesos<\/a>\n<\/span><span class=\"aioseo-breadcrumb-separator\">\u2013<\/span><span class=\"aioseo-breadcrumb\">\n\t<a href=\"https:\/\/www.eldigitaldeasturias.com\/noticias\/les-piden-prision-por-robar-en-dos-viviendas-de-mieres\/\" title=\"Les piden prisi\u00f3n por robar en dos viviendas de Mieres\">Les piden prisi\u00f3n por robar en dos viviendas de Mieres<\/a>\n<\/span><\/div>","aioseo_breadcrumb_json":[{"label":"Home","link":"https:\/\/www.eldigitaldeasturias.com\/noticias"},{"label":"Sucesos","link":"https:\/\/www.eldigitaldeasturias.com\/noticias\/category\/sucesos\/"},{"label":"Les piden prisi\u00f3n por robar en dos viviendas de Mieres","link":"https:\/\/www.eldigitaldeasturias.com\/noticias\/les-piden-prision-por-robar-en-dos-viviendas-de-mieres\/"}],"_links":{"self":[{"href":"https:\/\/www.eldigitaldeasturias.com\/noticias\/wp-json\/wp\/v2\/posts\/908128","targetHints":{"allow":["GET"]}}],"collection":[{"href":"https:\/\/www.eldigitaldeasturias.com\/noticias\/wp-json\/wp\/v2\/posts"}],"about":[{"href":"https:\/\/www.eldigitaldeasturias.com\/noticias\/wp-json\/wp\/v2\/types\/post"}],"author":[{"embeddable":true,"href":"https:\/\/www.eldigitaldeasturias.com\/noticias\/wp-json\/wp\/v2\/users\/1"}],"replies":[{"embeddable":true,"href":"https:\/\/www.eldigitaldeasturias.com\/noticias\/wp-json\/wp\/v2\/comments?post=908128"}],"version-history":[{"count":0,"href":"https:\/\/www.eldigitaldeasturias.com\/noticias\/wp-json\/wp\/v2\/posts\/908128\/revisions"}],"wp:featuredmedia":[{"embeddable":true,"href":"https:\/\/www.eldigitaldeasturias.com\/noticias\/wp-json\/wp\/v2\/media\/788444"}],"wp:attachment":[{"href":"https:\/\/www.eldigitaldeasturias.com\/noticias\/wp-json\/wp\/v2\/media?parent=908128"}],"wp:term":[{"taxonomy":"category","embeddable":true,"href":"https:\/\/www.eldigitaldeasturias.com\/noticias\/wp-json\/wp\/v2\/categories?post=908128"},{"taxonomy":"post_tag","embeddable":true,"href":"https:\/\/www.eldigitaldeasturias.com\/noticias\/wp-json\/wp\/v2\/tags?post=908128"}],"curies":[{"name":"wp","href":"https:\/\/api.w.org\/{rel}","templated":true}]}}