{"id":908123,"date":"2016-09-17T02:51:49","date_gmt":"2016-09-17T01:51:49","guid":{"rendered":"http:\/\/www.eldigitaldeasturias.com\/noticias\/?p=908123"},"modified":"2016-09-17T02:51:49","modified_gmt":"2016-09-17T01:51:49","slug":"manuel-campa-visita-los-comercios-mas-afectados-por-las-lluvias","status":"publish","type":"post","link":"https:\/\/www.eldigitaldeasturias.com\/noticias\/manuel-campa-visita-los-comercios-mas-afectados-por-las-lluvias\/","title":{"rendered":"Manuel Campa visita los comercios m\u00e1s afectados por las lluvias"},"content":{"rendered":"<p><img loading=\"lazy\" decoding=\"async\" class=\"alignleft size-medium wp-image-785778\" src=\"https:\/\/www.eldigitaldeasturias.com\/noticias\/wp-content\/uploads\/2015\/05\/aviles1-360x241.jpg\" alt=\"aviles\" width=\"360\" height=\"241\" srcset=\"https:\/\/www.eldigitaldeasturias.com\/noticias\/wp-content\/uploads\/2015\/05\/aviles1-360x241.jpg 360w, https:\/\/www.eldigitaldeasturias.com\/noticias\/wp-content\/uploads\/2015\/05\/aviles1-768x515.jpg 768w, https:\/\/www.eldigitaldeasturias.com\/noticias\/wp-content\/uploads\/2015\/05\/aviles1-650x436.jpg 650w, https:\/\/www.eldigitaldeasturias.com\/noticias\/wp-content\/uploads\/2015\/05\/aviles1.jpg 800w\" sizes=\"auto, (max-width: 360px) 100vw, 360px\" \/>El gobierno del Ayuntamiento de Avil\u00e9s ha asegurado este viernes que durante la tarde del jueves, cuando se produjeron inundaciones en varios puntos de la ciudad, \u00abtodo el sistema de saneamiento funcionaba con normalidad \u00ab. Tambi\u00e9n reconoce, en un comunicado, que \u00abel volumen de agua precipitado hac\u00eda imposible que ning\u00fan tipo de evacuaci\u00f3n pudiera absorber el agua acumulada\u00bb.<\/p>\n<p>El Ayuntamiento detalla que entre las 15 horas y las 15:45 horas se registraron en Avil\u00e9s 32 litros de lluvia por metro cuadrado. \u00abEn 45 minutos se produjeron las mismas precipitaciones previstas para 12 horas\u00bb y que adem\u00e1s coincidi\u00f3 con la pleamar de la r\u00eda, lo que \u00abhac\u00eda imposible que el colector pudiera absorber todo el agua que se acumulaba\u00bb.<\/p>\n<p>El consistorio asegura que ante esta situaci\u00f3n se puso en marcha un dispositivo de actuaci\u00f3n en el que participaron 24 personas del Ayuntamiento, as\u00ed como miembros de la Polic\u00eda Local, Polic\u00eda Nacional, Bomberos y la empresa Aguas de Avil\u00e9s.<\/p>\n<p>El Concejal de Promoci\u00f3n de la Ciudad, Manuel Campa, visit\u00f3 este viernes los comercios m\u00e1s afectados de la calle Llano Ponte y personal municipal acudir\u00e1 a los comercios y comunidades de vecinos a comprobar los da\u00f1os en las zonas de la ciudad m\u00e1s afectadas por las lluvias.<\/p>\n<p>A trav\u00e9s de la p\u00e1gina web municipal el consistorio pondr\u00e1 a disposici\u00f3n de los afectados toda la informaci\u00f3n necesaria para solicitar las ayudas establecidas por el Consorcio de Compensaci\u00f3n de Seguros que regula el RD 300\/2004 y el RD. 307\/2005 de subvenciones por situaci\u00f3n de emergencia. Y se estudiar\u00e1 si subsidiariamente es oportuna la colaboraci\u00f3n municipal.<\/p>\n<p>&nbsp;<\/p>\n<p>&nbsp;<\/p>\n","protected":false},"excerpt":{"rendered":"<p>El gobierno del Ayuntamiento de Avil\u00e9s ha asegurado este viernes que durante la tarde del jueves, cuando se produjeron inundaciones en varios puntos de la ciudad, \u00abtodo el sistema de saneamiento funcionaba con normalidad \u00ab. Tambi\u00e9n reconoce, en un comunicado, que \u00abel volumen de agua precipitado hac\u00eda imposible que ning\u00fan tipo de evacuaci\u00f3n pudiera absorber [&hellip;]<\/p>\n","protected":false},"author":1,"featured_media":785778,"comment_status":"closed","ping_status":"closed","sticky":false,"template":"","format":"standard","meta":{"footnotes":""},"categories":[12],"tags":[],"class_list":["post-908123","post","type-post","status-publish","format-standard","has-post-thumbnail","hentry","category-actualidad-asturias"],"aioseo_notices":[],"aioseo_head":"\n\t\t<!-- All in One SEO Pro 4.9.6.2 - aioseo.com -->\n\t<meta name=\"description\" content=\"El gobierno del Ayuntamiento de Avil\u00e9s ha asegurado este viernes que durante la tarde del jueves, cuando se produjeron inundaciones en varios puntos de la ciudad, &quot;todo el sistema de saneamiento funcionaba con normalidad &quot;. Tambi\u00e9n reconoce, en un comunicado, que &quot;el volumen de agua precipitado hac\u00eda imposible que ning\u00fan tipo de evacuaci\u00f3n pudiera absorber\" \/>\n\t<meta name=\"robots\" content=\"max-image-preview:large\" \/>\n\t<meta name=\"author\" content=\"El Digital de Asturias\"\/>\n\t<meta name=\"google-site-verification\" content=\"UA-38556648-1\" \/>\n\t<meta name=\"msvalidate.01\" content=\"7dfe9f3f1b24437ab69f4f2559babe99\" \/>\n\t<meta name=\"keywords\" content=\"actualidad asturias\" \/>\n\t<link rel=\"canonical\" href=\"https:\/\/www.eldigitaldeasturias.com\/noticias\/manuel-campa-visita-los-comercios-mas-afectados-por-las-lluvias\/\" \/>\n\t<meta name=\"generator\" content=\"All in One SEO Pro (AIOSEO) 4.9.6.2\" \/>\n\t\t<meta property=\"og:locale\" content=\"es_ES\" \/>\n\t\t<meta property=\"og:site_name\" content=\"El Digital de Asturias\" \/>\n\t\t<meta property=\"og:type\" content=\"article\" \/>\n\t\t<meta property=\"og:title\" content=\"Manuel Campa visita los comercios m\u00e1s afectados por las lluvias - El Digital de Asturias\" \/>\n\t\t<meta property=\"og:description\" content=\"El gobierno del Ayuntamiento de Avil\u00e9s ha asegurado este viernes que durante la tarde del jueves, cuando se produjeron inundaciones en varios puntos de la ciudad, &quot;todo el sistema de saneamiento funcionaba con normalidad &quot;. Tambi\u00e9n reconoce, en un comunicado, que &quot;el volumen de agua precipitado hac\u00eda imposible que ning\u00fan tipo de evacuaci\u00f3n pudiera absorber\" \/>\n\t\t<meta property=\"og:url\" content=\"https:\/\/www.eldigitaldeasturias.com\/noticias\/manuel-campa-visita-los-comercios-mas-afectados-por-las-lluvias\/\" \/>\n\t\t<meta property=\"og:image\" content=\"https:\/\/www.eldigitaldeasturias.com\/noticias\/wp-content\/uploads\/2015\/05\/aviles1.jpg\" \/>\n\t\t<meta property=\"og:image:secure_url\" content=\"https:\/\/www.eldigitaldeasturias.com\/noticias\/wp-content\/uploads\/2015\/05\/aviles1.jpg\" \/>\n\t\t<meta property=\"og:image:width\" content=\"800\" \/>\n\t\t<meta property=\"og:image:height\" content=\"536\" \/>\n\t\t<meta property=\"article:tag\" content=\"actualidad asturias\" \/>\n\t\t<meta property=\"article:published_time\" content=\"2016-09-17T01:51:49+00:00\" \/>\n\t\t<meta property=\"article:modified_time\" content=\"2016-09-17T01:51:49+00:00\" \/>\n\t\t<meta property=\"article:publisher\" content=\"https:\/\/facebook.com\/eldigitaldeasturias\" \/>\n\t\t<meta name=\"twitter:card\" content=\"summary_large_image\" \/>\n\t\t<meta name=\"twitter:title\" content=\"Manuel Campa visita los comercios m\u00e1s afectados por las lluvias - El Digital de Asturias\" \/>\n\t\t<meta name=\"twitter:description\" content=\"El gobierno del Ayuntamiento de Avil\u00e9s ha asegurado este viernes que durante la tarde del jueves, cuando se produjeron inundaciones en varios puntos de la ciudad, &quot;todo el sistema de saneamiento funcionaba con normalidad &quot;. Tambi\u00e9n reconoce, en un comunicado, que &quot;el volumen de agua precipitado hac\u00eda imposible que ning\u00fan tipo de evacuaci\u00f3n pudiera absorber\" \/>\n\t\t<meta name=\"twitter:image\" content=\"https:\/\/www.eldigitaldeasturias.com\/noticias\/wp-content\/uploads\/2015\/05\/aviles1.jpg\" \/>\n\t\t<meta name=\"twitter:label1\" content=\"Escrito por\" \/>\n\t\t<meta name=\"twitter:data1\" content=\"El Digital de Asturias\" \/>\n\t\t<meta name=\"twitter:label2\" content=\"Tiempo de lectura estimado\" \/>\n\t\t<meta name=\"twitter:data2\" content=\"1 minuto\" \/>\n\t\t<script type=\"application\/ld+json\" class=\"aioseo-schema\">\n\t\t\t{\"@context\":\"https:\\\/\\\/schema.org\",\"@graph\":[{\"@type\":\"BlogPosting\",\"@id\":\"https:\\\/\\\/www.eldigitaldeasturias.com\\\/noticias\\\/manuel-campa-visita-los-comercios-mas-afectados-por-las-lluvias\\\/#blogposting\",\"name\":\"Manuel Campa visita los comercios m\\u00e1s afectados por las lluvias - El Digital de Asturias\",\"headline\":\"Manuel Campa visita los comercios m\\u00e1s afectados por las lluvias\",\"author\":{\"@id\":\"https:\\\/\\\/www.eldigitaldeasturias.com\\\/noticias\\\/author\\\/admin\\\/#author\"},\"publisher\":{\"@id\":\"https:\\\/\\\/www.eldigitaldeasturias.com\\\/noticias\\\/#organization\"},\"image\":{\"@type\":\"ImageObject\",\"url\":\"https:\\\/\\\/www.eldigitaldeasturias.com\\\/noticias\\\/wp-content\\\/uploads\\\/2015\\\/05\\\/aviles1.jpg\",\"width\":800,\"height\":536},\"datePublished\":\"2016-09-17T02:51:49+02:00\",\"dateModified\":\"2016-09-17T02:51:49+02:00\",\"inLanguage\":\"es-ES\",\"mainEntityOfPage\":{\"@id\":\"https:\\\/\\\/www.eldigitaldeasturias.com\\\/noticias\\\/manuel-campa-visita-los-comercios-mas-afectados-por-las-lluvias\\\/#webpage\"},\"isPartOf\":{\"@id\":\"https:\\\/\\\/www.eldigitaldeasturias.com\\\/noticias\\\/manuel-campa-visita-los-comercios-mas-afectados-por-las-lluvias\\\/#webpage\"},\"articleSection\":\"Actualidad Asturias\"},{\"@type\":\"BreadcrumbList\",\"@id\":\"https:\\\/\\\/www.eldigitaldeasturias.com\\\/noticias\\\/manuel-campa-visita-los-comercios-mas-afectados-por-las-lluvias\\\/#breadcrumblist\",\"itemListElement\":[{\"@type\":\"ListItem\",\"@id\":\"https:\\\/\\\/www.eldigitaldeasturias.com\\\/noticias#listItem\",\"position\":1,\"name\":\"Home\",\"item\":\"https:\\\/\\\/www.eldigitaldeasturias.com\\\/noticias\",\"nextItem\":{\"@type\":\"ListItem\",\"@id\":\"https:\\\/\\\/www.eldigitaldeasturias.com\\\/noticias\\\/category\\\/actualidad-asturias\\\/#listItem\",\"name\":\"Actualidad Asturias\"}},{\"@type\":\"ListItem\",\"@id\":\"https:\\\/\\\/www.eldigitaldeasturias.com\\\/noticias\\\/category\\\/actualidad-asturias\\\/#listItem\",\"position\":2,\"name\":\"Actualidad Asturias\",\"item\":\"https:\\\/\\\/www.eldigitaldeasturias.com\\\/noticias\\\/category\\\/actualidad-asturias\\\/\",\"nextItem\":{\"@type\":\"ListItem\",\"@id\":\"https:\\\/\\\/www.eldigitaldeasturias.com\\\/noticias\\\/manuel-campa-visita-los-comercios-mas-afectados-por-las-lluvias\\\/#listItem\",\"name\":\"Manuel Campa visita los comercios m\\u00e1s afectados por las lluvias\"},\"previousItem\":{\"@type\":\"ListItem\",\"@id\":\"https:\\\/\\\/www.eldigitaldeasturias.com\\\/noticias#listItem\",\"name\":\"Home\"}},{\"@type\":\"ListItem\",\"@id\":\"https:\\\/\\\/www.eldigitaldeasturias.com\\\/noticias\\\/manuel-campa-visita-los-comercios-mas-afectados-por-las-lluvias\\\/#listItem\",\"position\":3,\"name\":\"Manuel Campa visita los comercios m\\u00e1s afectados por las lluvias\",\"previousItem\":{\"@type\":\"ListItem\",\"@id\":\"https:\\\/\\\/www.eldigitaldeasturias.com\\\/noticias\\\/category\\\/actualidad-asturias\\\/#listItem\",\"name\":\"Actualidad Asturias\"}}]},{\"@type\":\"Organization\",\"@id\":\"https:\\\/\\\/www.eldigitaldeasturias.com\\\/noticias\\\/#organization\",\"name\":\"El Digital de Asturias\",\"description\":\"Hemeroteca\",\"url\":\"https:\\\/\\\/www.eldigitaldeasturias.com\\\/noticias\\\/\",\"email\":\"info@eldigitaldeasturias.com\",\"telephone\":\"+34652131393\",\"logo\":{\"@type\":\"ImageObject\",\"url\":\"https:\\\/\\\/www.eldigitaldeasturias.com\\\/noticias\\\/wp-content\\\/uploads\\\/2020\\\/12\\\/EDA.jpg\",\"@id\":\"https:\\\/\\\/www.eldigitaldeasturias.com\\\/noticias\\\/manuel-campa-visita-los-comercios-mas-afectados-por-las-lluvias\\\/#organizationLogo\",\"width\":649,\"height\":297},\"image\":{\"@id\":\"https:\\\/\\\/www.eldigitaldeasturias.com\\\/noticias\\\/manuel-campa-visita-los-comercios-mas-afectados-por-las-lluvias\\\/#organizationLogo\"},\"sameAs\":[\"https:\\\/\\\/facebook.com\\\/eldigitaldeasturias\",\"https:\\\/\\\/www.youtube.com\\\/channel\\\/UCZP-2wLEB9Rv6erhFmqVnvg\"],\"address\":{\"@id\":\"https:\\\/\\\/www.eldigitaldeasturias.com\\\/noticias\\\/#postaladdress\",\"@type\":\"PostalAddress\",\"streetAddress\":\"san antonio 4,\",\"postalCode\":\"33430\",\"addressLocality\":\"Cand\\u00e1s\",\"addressRegion\":\"Asturias\",\"addressCountry\":\"ES\"}},{\"@type\":\"Person\",\"@id\":\"https:\\\/\\\/www.eldigitaldeasturias.com\\\/noticias\\\/author\\\/admin\\\/#author\",\"url\":\"https:\\\/\\\/www.eldigitaldeasturias.com\\\/noticias\\\/author\\\/admin\\\/\",\"name\":\"El Digital de Asturias\",\"image\":{\"@type\":\"ImageObject\",\"@id\":\"https:\\\/\\\/www.eldigitaldeasturias.com\\\/noticias\\\/manuel-campa-visita-los-comercios-mas-afectados-por-las-lluvias\\\/#authorImage\",\"url\":\"https:\\\/\\\/www.eldigitaldeasturias.com\\\/noticias\\\/wp-content\\\/litespeed\\\/avatar\\\/18677e78aa0546b92d9dbf31ec7d7668.jpg?ver=1776685526\",\"width\":96,\"height\":96,\"caption\":\"El Digital de Asturias\"}},{\"@type\":\"WebPage\",\"@id\":\"https:\\\/\\\/www.eldigitaldeasturias.com\\\/noticias\\\/manuel-campa-visita-los-comercios-mas-afectados-por-las-lluvias\\\/#webpage\",\"url\":\"https:\\\/\\\/www.eldigitaldeasturias.com\\\/noticias\\\/manuel-campa-visita-los-comercios-mas-afectados-por-las-lluvias\\\/\",\"name\":\"Manuel Campa visita los comercios m\\u00e1s afectados por las lluvias - El Digital de Asturias\",\"description\":\"El gobierno del Ayuntamiento de Avil\\u00e9s ha asegurado este viernes que durante la tarde del jueves, cuando se produjeron inundaciones en varios puntos de la ciudad, \\\"todo el sistema de saneamiento funcionaba con normalidad \\\". Tambi\\u00e9n reconoce, en un comunicado, que \\\"el volumen de agua precipitado hac\\u00eda imposible que ning\\u00fan tipo de evacuaci\\u00f3n pudiera absorber\",\"inLanguage\":\"es-ES\",\"isPartOf\":{\"@id\":\"https:\\\/\\\/www.eldigitaldeasturias.com\\\/noticias\\\/#website\"},\"breadcrumb\":{\"@id\":\"https:\\\/\\\/www.eldigitaldeasturias.com\\\/noticias\\\/manuel-campa-visita-los-comercios-mas-afectados-por-las-lluvias\\\/#breadcrumblist\"},\"author\":{\"@id\":\"https:\\\/\\\/www.eldigitaldeasturias.com\\\/noticias\\\/author\\\/admin\\\/#author\"},\"creator\":{\"@id\":\"https:\\\/\\\/www.eldigitaldeasturias.com\\\/noticias\\\/author\\\/admin\\\/#author\"},\"image\":{\"@type\":\"ImageObject\",\"url\":\"https:\\\/\\\/www.eldigitaldeasturias.com\\\/noticias\\\/wp-content\\\/uploads\\\/2015\\\/05\\\/aviles1.jpg\",\"@id\":\"https:\\\/\\\/www.eldigitaldeasturias.com\\\/noticias\\\/manuel-campa-visita-los-comercios-mas-afectados-por-las-lluvias\\\/#mainImage\",\"width\":800,\"height\":536},\"primaryImageOfPage\":{\"@id\":\"https:\\\/\\\/www.eldigitaldeasturias.com\\\/noticias\\\/manuel-campa-visita-los-comercios-mas-afectados-por-las-lluvias\\\/#mainImage\"},\"datePublished\":\"2016-09-17T02:51:49+02:00\",\"dateModified\":\"2016-09-17T02:51:49+02:00\"},{\"@type\":\"WebSite\",\"@id\":\"https:\\\/\\\/www.eldigitaldeasturias.com\\\/noticias\\\/#website\",\"url\":\"https:\\\/\\\/www.eldigitaldeasturias.com\\\/noticias\\\/\",\"name\":\"El Digital de Asturias - Diario de actualidad y noticias\",\"alternateName\":\"El Digital de Asturias - Diario de actualidad y noticias\",\"description\":\"Hemeroteca\",\"inLanguage\":\"es-ES\",\"publisher\":{\"@id\":\"https:\\\/\\\/www.eldigitaldeasturias.com\\\/noticias\\\/#organization\"}}]}\n\t\t<\/script>\n\t\t<!-- All in One SEO Pro -->\r\n\t\t<title>Manuel Campa visita los comercios m\u00e1s afectados por las lluvias - El Digital de Asturias<\/title>\n\n","aioseo_head_json":{"title":"Manuel Campa visita los comercios m\u00e1s afectados por las lluvias - El Digital de Asturias","description":"El gobierno del Ayuntamiento de Avil\u00e9s ha asegurado este viernes que durante la tarde del jueves, cuando se produjeron inundaciones en varios puntos de la ciudad, \"todo el sistema de saneamiento funcionaba con normalidad \". Tambi\u00e9n reconoce, en un comunicado, que \"el volumen de agua precipitado hac\u00eda imposible que ning\u00fan tipo de evacuaci\u00f3n pudiera absorber","canonical_url":"https:\/\/www.eldigitaldeasturias.com\/noticias\/manuel-campa-visita-los-comercios-mas-afectados-por-las-lluvias\/","robots":"max-image-preview:large","keywords":"actualidad asturias","webmasterTools":{"google-site-verification":"UA-38556648-1","msvalidate.01":"7dfe9f3f1b24437ab69f4f2559babe99","miscellaneous":""},"schema":{"@context":"https:\/\/schema.org","@graph":[{"@type":"BlogPosting","@id":"https:\/\/www.eldigitaldeasturias.com\/noticias\/manuel-campa-visita-los-comercios-mas-afectados-por-las-lluvias\/#blogposting","name":"Manuel Campa visita los comercios m\u00e1s afectados por las lluvias - El Digital de Asturias","headline":"Manuel Campa visita los comercios m\u00e1s afectados por las lluvias","author":{"@id":"https:\/\/www.eldigitaldeasturias.com\/noticias\/author\/admin\/#author"},"publisher":{"@id":"https:\/\/www.eldigitaldeasturias.com\/noticias\/#organization"},"image":{"@type":"ImageObject","url":"https:\/\/www.eldigitaldeasturias.com\/noticias\/wp-content\/uploads\/2015\/05\/aviles1.jpg","width":800,"height":536},"datePublished":"2016-09-17T02:51:49+02:00","dateModified":"2016-09-17T02:51:49+02:00","inLanguage":"es-ES","mainEntityOfPage":{"@id":"https:\/\/www.eldigitaldeasturias.com\/noticias\/manuel-campa-visita-los-comercios-mas-afectados-por-las-lluvias\/#webpage"},"isPartOf":{"@id":"https:\/\/www.eldigitaldeasturias.com\/noticias\/manuel-campa-visita-los-comercios-mas-afectados-por-las-lluvias\/#webpage"},"articleSection":"Actualidad Asturias"},{"@type":"BreadcrumbList","@id":"https:\/\/www.eldigitaldeasturias.com\/noticias\/manuel-campa-visita-los-comercios-mas-afectados-por-las-lluvias\/#breadcrumblist","itemListElement":[{"@type":"ListItem","@id":"https:\/\/www.eldigitaldeasturias.com\/noticias#listItem","position":1,"name":"Home","item":"https:\/\/www.eldigitaldeasturias.com\/noticias","nextItem":{"@type":"ListItem","@id":"https:\/\/www.eldigitaldeasturias.com\/noticias\/category\/actualidad-asturias\/#listItem","name":"Actualidad Asturias"}},{"@type":"ListItem","@id":"https:\/\/www.eldigitaldeasturias.com\/noticias\/category\/actualidad-asturias\/#listItem","position":2,"name":"Actualidad Asturias","item":"https:\/\/www.eldigitaldeasturias.com\/noticias\/category\/actualidad-asturias\/","nextItem":{"@type":"ListItem","@id":"https:\/\/www.eldigitaldeasturias.com\/noticias\/manuel-campa-visita-los-comercios-mas-afectados-por-las-lluvias\/#listItem","name":"Manuel Campa visita los comercios m\u00e1s afectados por las lluvias"},"previousItem":{"@type":"ListItem","@id":"https:\/\/www.eldigitaldeasturias.com\/noticias#listItem","name":"Home"}},{"@type":"ListItem","@id":"https:\/\/www.eldigitaldeasturias.com\/noticias\/manuel-campa-visita-los-comercios-mas-afectados-por-las-lluvias\/#listItem","position":3,"name":"Manuel Campa visita los comercios m\u00e1s afectados por las lluvias","previousItem":{"@type":"ListItem","@id":"https:\/\/www.eldigitaldeasturias.com\/noticias\/category\/actualidad-asturias\/#listItem","name":"Actualidad Asturias"}}]},{"@type":"Organization","@id":"https:\/\/www.eldigitaldeasturias.com\/noticias\/#organization","name":"El Digital de Asturias","description":"Hemeroteca","url":"https:\/\/www.eldigitaldeasturias.com\/noticias\/","email":"info@eldigitaldeasturias.com","telephone":"+34652131393","logo":{"@type":"ImageObject","url":"https:\/\/www.eldigitaldeasturias.com\/noticias\/wp-content\/uploads\/2020\/12\/EDA.jpg","@id":"https:\/\/www.eldigitaldeasturias.com\/noticias\/manuel-campa-visita-los-comercios-mas-afectados-por-las-lluvias\/#organizationLogo","width":649,"height":297},"image":{"@id":"https:\/\/www.eldigitaldeasturias.com\/noticias\/manuel-campa-visita-los-comercios-mas-afectados-por-las-lluvias\/#organizationLogo"},"sameAs":["https:\/\/facebook.com\/eldigitaldeasturias","https:\/\/www.youtube.com\/channel\/UCZP-2wLEB9Rv6erhFmqVnvg"],"address":{"@id":"https:\/\/www.eldigitaldeasturias.com\/noticias\/#postaladdress","@type":"PostalAddress","streetAddress":"san antonio 4,","postalCode":"33430","addressLocality":"Cand\u00e1s","addressRegion":"Asturias","addressCountry":"ES"}},{"@type":"Person","@id":"https:\/\/www.eldigitaldeasturias.com\/noticias\/author\/admin\/#author","url":"https:\/\/www.eldigitaldeasturias.com\/noticias\/author\/admin\/","name":"El Digital de Asturias","image":{"@type":"ImageObject","@id":"https:\/\/www.eldigitaldeasturias.com\/noticias\/manuel-campa-visita-los-comercios-mas-afectados-por-las-lluvias\/#authorImage","url":"https:\/\/www.eldigitaldeasturias.com\/noticias\/wp-content\/litespeed\/avatar\/18677e78aa0546b92d9dbf31ec7d7668.jpg?ver=1776685526","width":96,"height":96,"caption":"El Digital de Asturias"}},{"@type":"WebPage","@id":"https:\/\/www.eldigitaldeasturias.com\/noticias\/manuel-campa-visita-los-comercios-mas-afectados-por-las-lluvias\/#webpage","url":"https:\/\/www.eldigitaldeasturias.com\/noticias\/manuel-campa-visita-los-comercios-mas-afectados-por-las-lluvias\/","name":"Manuel Campa visita los comercios m\u00e1s afectados por las lluvias - El Digital de Asturias","description":"El gobierno del Ayuntamiento de Avil\u00e9s ha asegurado este viernes que durante la tarde del jueves, cuando se produjeron inundaciones en varios puntos de la ciudad, \"todo el sistema de saneamiento funcionaba con normalidad \". Tambi\u00e9n reconoce, en un comunicado, que \"el volumen de agua precipitado hac\u00eda imposible que ning\u00fan tipo de evacuaci\u00f3n pudiera absorber","inLanguage":"es-ES","isPartOf":{"@id":"https:\/\/www.eldigitaldeasturias.com\/noticias\/#website"},"breadcrumb":{"@id":"https:\/\/www.eldigitaldeasturias.com\/noticias\/manuel-campa-visita-los-comercios-mas-afectados-por-las-lluvias\/#breadcrumblist"},"author":{"@id":"https:\/\/www.eldigitaldeasturias.com\/noticias\/author\/admin\/#author"},"creator":{"@id":"https:\/\/www.eldigitaldeasturias.com\/noticias\/author\/admin\/#author"},"image":{"@type":"ImageObject","url":"https:\/\/www.eldigitaldeasturias.com\/noticias\/wp-content\/uploads\/2015\/05\/aviles1.jpg","@id":"https:\/\/www.eldigitaldeasturias.com\/noticias\/manuel-campa-visita-los-comercios-mas-afectados-por-las-lluvias\/#mainImage","width":800,"height":536},"primaryImageOfPage":{"@id":"https:\/\/www.eldigitaldeasturias.com\/noticias\/manuel-campa-visita-los-comercios-mas-afectados-por-las-lluvias\/#mainImage"},"datePublished":"2016-09-17T02:51:49+02:00","dateModified":"2016-09-17T02:51:49+02:00"},{"@type":"WebSite","@id":"https:\/\/www.eldigitaldeasturias.com\/noticias\/#website","url":"https:\/\/www.eldigitaldeasturias.com\/noticias\/","name":"El Digital de Asturias - Diario de actualidad y noticias","alternateName":"El Digital de Asturias - Diario de actualidad y noticias","description":"Hemeroteca","inLanguage":"es-ES","publisher":{"@id":"https:\/\/www.eldigitaldeasturias.com\/noticias\/#organization"}}]},"og:locale":"es_ES","og:site_name":"El Digital de Asturias","og:type":"article","og:title":"Manuel Campa visita los comercios m\u00e1s afectados por las lluvias - El Digital de Asturias","og:description":"El gobierno del Ayuntamiento de Avil\u00e9s ha asegurado este viernes que durante la tarde del jueves, cuando se produjeron inundaciones en varios puntos de la ciudad, &quot;todo el sistema de saneamiento funcionaba con normalidad &quot;. Tambi\u00e9n reconoce, en un comunicado, que &quot;el volumen de agua precipitado hac\u00eda imposible que ning\u00fan tipo de evacuaci\u00f3n pudiera absorber","og:url":"https:\/\/www.eldigitaldeasturias.com\/noticias\/manuel-campa-visita-los-comercios-mas-afectados-por-las-lluvias\/","og:image":"https:\/\/www.eldigitaldeasturias.com\/noticias\/wp-content\/uploads\/2015\/05\/aviles1.jpg","og:image:secure_url":"https:\/\/www.eldigitaldeasturias.com\/noticias\/wp-content\/uploads\/2015\/05\/aviles1.jpg","og:image:width":800,"og:image:height":536,"article:tag":["actualidad asturias"],"article:published_time":"2016-09-17T01:51:49+00:00","article:modified_time":"2016-09-17T01:51:49+00:00","article:publisher":"https:\/\/facebook.com\/eldigitaldeasturias","twitter:card":"summary_large_image","twitter:title":"Manuel Campa visita los comercios m\u00e1s afectados por las lluvias - El Digital de Asturias","twitter:description":"El gobierno del Ayuntamiento de Avil\u00e9s ha asegurado este viernes que durante la tarde del jueves, cuando se produjeron inundaciones en varios puntos de la ciudad, &quot;todo el sistema de saneamiento funcionaba con normalidad &quot;. Tambi\u00e9n reconoce, en un comunicado, que &quot;el volumen de agua precipitado hac\u00eda imposible que ning\u00fan tipo de evacuaci\u00f3n pudiera absorber","twitter:image":"https:\/\/www.eldigitaldeasturias.com\/noticias\/wp-content\/uploads\/2015\/05\/aviles1.jpg","twitter:label1":"Escrito por","twitter:data1":"El Digital de Asturias","twitter:label2":"Tiempo de lectura estimado","twitter:data2":"1 minuto"},"aioseo_meta_data":{"post_id":"908123","title":null,"description":null,"keywords":null,"keyphrases":null,"primary_term":null,"canonical_url":null,"og_title":null,"og_description":null,"og_object_type":"default","og_image_type":"default","og_image_url":null,"og_image_width":null,"og_image_height":null,"og_image_custom_url":null,"og_image_custom_fields":null,"og_video":null,"og_custom_url":null,"og_article_section":null,"og_article_tags":null,"twitter_use_og":false,"twitter_card":"default","twitter_image_type":"default","twitter_image_url":null,"twitter_image_custom_url":null,"twitter_image_custom_fields":null,"twitter_title":null,"twitter_description":null,"schema":{"blockGraphs":[],"customGraphs":[],"default":{"data":{"Article":[],"Course":[],"Dataset":[],"FAQPage":[],"Movie":[],"Person":[],"Product":[],"ProductReview":[],"Car":[],"Recipe":[],"Service":[],"SoftwareApplication":[],"WebPage":[]},"graphName":"","isEnabled":true},"graphs":[],"defaultGraph":"","defaultPostTypeGraph":""},"schema_type":null,"schema_type_options":null,"pillar_content":false,"robots_default":true,"robots_noindex":false,"robots_noarchive":false,"robots_nosnippet":false,"robots_nofollow":false,"robots_noimageindex":false,"robots_noodp":false,"robots_notranslate":false,"robots_max_snippet":null,"robots_max_videopreview":null,"robots_max_imagepreview":"large","priority":null,"frequency":null,"local_seo":null,"seo_analyzer_scan_date":"2025-11-30 14:57:13","breadcrumb_settings":null,"limit_modified_date":false,"open_ai":null,"ai":null,"created":"2020-12-21 14:00:26","updated":"2025-11-30 14:57:13"},"aioseo_breadcrumb":"<div class=\"aioseo-breadcrumbs\"><span class=\"aioseo-breadcrumb\">\n\t<a href=\"https:\/\/www.eldigitaldeasturias.com\/noticias\" title=\"Home\">Home<\/a>\n<\/span><span class=\"aioseo-breadcrumb-separator\">\u2013<\/span><span class=\"aioseo-breadcrumb\">\n\t<a href=\"https:\/\/www.eldigitaldeasturias.com\/noticias\/category\/actualidad-asturias\/\" title=\"Actualidad Asturias\">Actualidad Asturias<\/a>\n<\/span><span class=\"aioseo-breadcrumb-separator\">\u2013<\/span><span class=\"aioseo-breadcrumb\">\n\t<a href=\"https:\/\/www.eldigitaldeasturias.com\/noticias\/manuel-campa-visita-los-comercios-mas-afectados-por-las-lluvias\/\" title=\"Manuel Campa visita los comercios m\u00e1s afectados por las lluvias\">Manuel Campa visita los comercios m\u00e1s afectados por las lluvias<\/a>\n<\/span><\/div>","aioseo_breadcrumb_json":[{"label":"Home","link":"https:\/\/www.eldigitaldeasturias.com\/noticias"},{"label":"Actualidad Asturias","link":"https:\/\/www.eldigitaldeasturias.com\/noticias\/category\/actualidad-asturias\/"},{"label":"Manuel Campa visita los comercios m\u00e1s afectados por las lluvias","link":"https:\/\/www.eldigitaldeasturias.com\/noticias\/manuel-campa-visita-los-comercios-mas-afectados-por-las-lluvias\/"}],"_links":{"self":[{"href":"https:\/\/www.eldigitaldeasturias.com\/noticias\/wp-json\/wp\/v2\/posts\/908123","targetHints":{"allow":["GET"]}}],"collection":[{"href":"https:\/\/www.eldigitaldeasturias.com\/noticias\/wp-json\/wp\/v2\/posts"}],"about":[{"href":"https:\/\/www.eldigitaldeasturias.com\/noticias\/wp-json\/wp\/v2\/types\/post"}],"author":[{"embeddable":true,"href":"https:\/\/www.eldigitaldeasturias.com\/noticias\/wp-json\/wp\/v2\/users\/1"}],"replies":[{"embeddable":true,"href":"https:\/\/www.eldigitaldeasturias.com\/noticias\/wp-json\/wp\/v2\/comments?post=908123"}],"version-history":[{"count":0,"href":"https:\/\/www.eldigitaldeasturias.com\/noticias\/wp-json\/wp\/v2\/posts\/908123\/revisions"}],"wp:featuredmedia":[{"embeddable":true,"href":"https:\/\/www.eldigitaldeasturias.com\/noticias\/wp-json\/wp\/v2\/media\/785778"}],"wp:attachment":[{"href":"https:\/\/www.eldigitaldeasturias.com\/noticias\/wp-json\/wp\/v2\/media?parent=908123"}],"wp:term":[{"taxonomy":"category","embeddable":true,"href":"https:\/\/www.eldigitaldeasturias.com\/noticias\/wp-json\/wp\/v2\/categories?post=908123"},{"taxonomy":"post_tag","embeddable":true,"href":"https:\/\/www.eldigitaldeasturias.com\/noticias\/wp-json\/wp\/v2\/tags?post=908123"}],"curies":[{"name":"wp","href":"https:\/\/api.w.org\/{rel}","templated":true}]}}