{"id":908119,"date":"2016-09-17T02:37:52","date_gmt":"2016-09-17T01:37:52","guid":{"rendered":"http:\/\/www.eldigitaldeasturias.com\/noticias\/?p=908119"},"modified":"2016-09-17T02:37:52","modified_gmt":"2016-09-17T01:37:52","slug":"podemos-iu-pp-foro-y-ciudadanos-se-unen-en-defensa-de-la-silla-de-cuitu-nigru","status":"publish","type":"post","link":"https:\/\/www.eldigitaldeasturias.com\/noticias\/podemos-iu-pp-foro-y-ciudadanos-se-unen-en-defensa-de-la-silla-de-cuitu-nigru\/","title":{"rendered":"Podemos, IU, PP, Foro y Ciudadanos \u201cse unen\u201d en defensa de la \u00absilla de Cuitu Nigru\u00bb"},"content":{"rendered":"<p><img loading=\"lazy\" decoding=\"async\" class=\"alignleft size-medium wp-image-908098\" src=\"https:\/\/www.eldigitaldeasturias.com\/noticias\/wp-content\/uploads\/2016\/09\/fotonoticia_20160916142331_800-360x270.jpg\" alt=\"fotonoticia_20160916142331_800\" width=\"360\" height=\"270\" srcset=\"https:\/\/www.eldigitaldeasturias.com\/noticias\/wp-content\/uploads\/2016\/09\/fotonoticia_20160916142331_800-360x270.jpg 360w, https:\/\/www.eldigitaldeasturias.com\/noticias\/wp-content\/uploads\/2016\/09\/fotonoticia_20160916142331_800-768x576.jpg 768w, https:\/\/www.eldigitaldeasturias.com\/noticias\/wp-content\/uploads\/2016\/09\/fotonoticia_20160916142331_800-650x488.jpg 650w, https:\/\/www.eldigitaldeasturias.com\/noticias\/wp-content\/uploads\/2016\/09\/fotonoticia_20160916142331_800-125x95.jpg 125w, https:\/\/www.eldigitaldeasturias.com\/noticias\/wp-content\/uploads\/2016\/09\/fotonoticia_20160916142331_800-100x75.jpg 100w, https:\/\/www.eldigitaldeasturias.com\/noticias\/wp-content\/uploads\/2016\/09\/fotonoticia_20160916142331_800.jpg 800w\" sizes=\"auto, (max-width: 360px) 100vw, 360px\" \/>Los grupos parlamentarios de Podemos, Izquierda Unida, Partido Popular, Foro Asturias y Ciudadanos han presentado este viernes en la Junta General una iniciativa conjunta para defender la continuidad del remonte \u00absilla de Cuitu Nigru\u00bb en la estaci\u00f3n invernal de Valgrande-Pajares.<\/p>\n<p>El portavoz de Ciudadanos, Nicanor Garc\u00eda, ha presentado la iniciativa por la que se pretende mantener el remonte hasta la puesta en servicio de otro nuevo y dotar \u00abde forma urgente\u00bb de asignaci\u00f3n presupuestaria y plazos de ejecuci\u00f3n al nuevo plan de viabilidad de la instalaci\u00f3n.<\/p>\n<p>Asimismo, han reclamado la elaboraci\u00f3n de un plan integral que contemple campa\u00f1as de promoci\u00f3n, inversiones planificadas \u00abque eviten futuras etapas de decadencia\u00bb y potenciaci\u00f3n de las actividades encaminadas a la desestacionalizaci\u00f3n de la instalaci\u00f3n.<\/p>\n<p>El PSOE, por su parte, ha rechazado la iniciativa al ser rechazada la votaci\u00f3n por puntos. La diputada socialista Ver\u00f3nica Vior ha puesto en evidencia que el remonte \u00abest\u00e1 obsoleto\u00bb y que los sucesivos fallos y reparaciones \u00abconstantes\u00bb hacen que los costes sean crecientes. A pesar de ello, las medidas que se adoptan \u00abno resuelven las deficiencias de rendimiento y seguridad\u00bb. Seg\u00fan los socialistas, el remonte debe dejar de prestar el servicio porque \u00abes un riesgo cierto\u00bb y \u00abnadie deber\u00eda cuestionar el cierre del remonte\u00bb.<\/p>\n<p><strong>OTROS ASUNTOS<\/strong><\/p>\n<p>Por otro lado, el pleno de la C\u00e1mara ha dado su apoyo a una Proposici\u00f3n No de Ley de Izquierda Unida en la que expresa su rechazo a la orden emitida por el Ministerio de Hacienda en la que se reclama la \u00abliquidaci\u00f3n inmediata\u00bb y el cierre de la Empresa Municipal de Autobuses de Mieres (Emutsa). El PP pretende con ello, seg\u00fan Ovidio Zapico, \u00abeliminar un servicio p\u00fablico esencial para la ciudadan\u00eda y para la vertebraci\u00f3n del territorio sin importar el coste social y de empleo que esta decisi\u00f3n puede conllevar\u00bb.<\/p>\n<p>La proposici\u00f3n, votada por puntos ha salido adelante con el apoyo de IU, Podemos, Ciudadanos y PSOE en lo referido al rechazo a la petici\u00f3n ministerial de liquidaci\u00f3n de la empresa; y con el apoyo de todos los grupos salvo el PSOE en el punto que pide al Principado estudiar las alternativas posibles para garantizar el futuro de la prestaci\u00f3n del servicio.<\/p>\n<p>Tambi\u00e9n ha contado con el respaldo de la C\u00e1mara, a excepci\u00f3n de la abstenci\u00f3n de Podemos, la moci\u00f3n de Foro Asturias subsiguiente a la interpelaci\u00f3n urgente al Consejo de Gobierno sobre la pol\u00edtica de infraestructuras, con especial referencia a las carreteras. La diputada de Foro, Carmen Fern\u00e1ndez, ha defendido la iniciativa, que busca un mantenimiento \u00abm\u00ednimamente razonable\u00bb que permita un uso racional de las mismas \u00aben m\u00ednimas condiciones de seguridad\u00bb.<\/p>\n<p>La Proposici\u00f3n No de Ley propuesta por Podemos Asturies relativa a jubilaciones anticipadas en la que buscan \u00abcorregir una de las m\u00faltiples injusticias del sistema de pensiones\u00bb, tambi\u00e9n ha salido adelante. El proyecto de Podemos contempla pedir al Gobierno estatal la modificaci\u00f3n de la Ley General de la Seguridad Social y ha sido apoyado por Izquierda Unida y el PSOE.<\/p>\n<p>&nbsp;<\/p>\n","protected":false},"excerpt":{"rendered":"<p>Los grupos parlamentarios de Podemos, Izquierda Unida, Partido Popular, Foro Asturias y Ciudadanos han presentado este viernes en la Junta General una iniciativa conjunta para defender la continuidad del remonte \u00absilla de Cuitu Nigru\u00bb en la estaci\u00f3n invernal de Valgrande-Pajares. El portavoz de Ciudadanos, Nicanor Garc\u00eda, ha presentado la iniciativa por la que se pretende [&hellip;]<\/p>\n","protected":false},"author":1,"featured_media":908098,"comment_status":"closed","ping_status":"closed","sticky":false,"template":"","format":"standard","meta":{"footnotes":""},"categories":[12],"tags":[],"class_list":["post-908119","post","type-post","status-publish","format-standard","has-post-thumbnail","hentry","category-actualidad-asturias"],"aioseo_notices":[],"aioseo_head":"\n\t\t<!-- All in One SEO Pro 4.9.6.2 - aioseo.com -->\n\t<meta name=\"description\" content=\"Los grupos parlamentarios de Podemos, Izquierda Unida, Partido Popular, Foro Asturias y Ciudadanos han presentado este viernes en la Junta General una iniciativa conjunta para defender la continuidad del remonte &quot;silla de Cuitu Nigru&quot; en la estaci\u00f3n invernal de Valgrande-Pajares. El portavoz de Ciudadanos, Nicanor Garc\u00eda, ha presentado la iniciativa por la que se pretende\" \/>\n\t<meta name=\"robots\" content=\"max-image-preview:large\" \/>\n\t<meta name=\"author\" content=\"El Digital de Asturias\"\/>\n\t<meta name=\"google-site-verification\" content=\"UA-38556648-1\" \/>\n\t<meta name=\"msvalidate.01\" content=\"7dfe9f3f1b24437ab69f4f2559babe99\" \/>\n\t<meta name=\"keywords\" content=\"actualidad asturias\" \/>\n\t<link rel=\"canonical\" href=\"https:\/\/www.eldigitaldeasturias.com\/noticias\/podemos-iu-pp-foro-y-ciudadanos-se-unen-en-defensa-de-la-silla-de-cuitu-nigru\/\" \/>\n\t<meta name=\"generator\" content=\"All in One SEO Pro (AIOSEO) 4.9.6.2\" \/>\n\t\t<meta property=\"og:locale\" content=\"es_ES\" \/>\n\t\t<meta property=\"og:site_name\" content=\"El Digital de Asturias\" \/>\n\t\t<meta property=\"og:type\" content=\"article\" \/>\n\t\t<meta property=\"og:title\" content=\"Podemos, IU, PP, Foro y Ciudadanos \u201cse unen\u201d en defensa de la \u00absilla de Cuitu Nigru\u00bb - El Digital de Asturias\" \/>\n\t\t<meta property=\"og:description\" content=\"Los grupos parlamentarios de Podemos, Izquierda Unida, Partido Popular, Foro Asturias y Ciudadanos han presentado este viernes en la Junta General una iniciativa conjunta para defender la continuidad del remonte &quot;silla de Cuitu Nigru&quot; en la estaci\u00f3n invernal de Valgrande-Pajares. El portavoz de Ciudadanos, Nicanor Garc\u00eda, ha presentado la iniciativa por la que se pretende\" \/>\n\t\t<meta property=\"og:url\" content=\"https:\/\/www.eldigitaldeasturias.com\/noticias\/podemos-iu-pp-foro-y-ciudadanos-se-unen-en-defensa-de-la-silla-de-cuitu-nigru\/\" \/>\n\t\t<meta property=\"og:image\" content=\"https:\/\/www.eldigitaldeasturias.com\/noticias\/wp-content\/uploads\/2016\/09\/fotonoticia_20160916142331_800.jpg\" \/>\n\t\t<meta property=\"og:image:secure_url\" content=\"https:\/\/www.eldigitaldeasturias.com\/noticias\/wp-content\/uploads\/2016\/09\/fotonoticia_20160916142331_800.jpg\" \/>\n\t\t<meta property=\"og:image:width\" content=\"800\" \/>\n\t\t<meta property=\"og:image:height\" content=\"600\" \/>\n\t\t<meta property=\"article:tag\" content=\"actualidad asturias\" \/>\n\t\t<meta property=\"article:published_time\" content=\"2016-09-17T01:37:52+00:00\" \/>\n\t\t<meta property=\"article:modified_time\" content=\"2016-09-17T01:37:52+00:00\" \/>\n\t\t<meta property=\"article:publisher\" content=\"https:\/\/facebook.com\/eldigitaldeasturias\" \/>\n\t\t<meta name=\"twitter:card\" content=\"summary_large_image\" \/>\n\t\t<meta name=\"twitter:title\" content=\"Podemos, IU, PP, Foro y Ciudadanos \u201cse unen\u201d en defensa de la \u00absilla de Cuitu Nigru\u00bb - El Digital de Asturias\" \/>\n\t\t<meta name=\"twitter:description\" content=\"Los grupos parlamentarios de Podemos, Izquierda Unida, Partido Popular, Foro Asturias y Ciudadanos han presentado este viernes en la Junta General una iniciativa conjunta para defender la continuidad del remonte &quot;silla de Cuitu Nigru&quot; en la estaci\u00f3n invernal de Valgrande-Pajares. El portavoz de Ciudadanos, Nicanor Garc\u00eda, ha presentado la iniciativa por la que se pretende\" \/>\n\t\t<meta name=\"twitter:image\" content=\"https:\/\/www.eldigitaldeasturias.com\/noticias\/wp-content\/uploads\/2016\/09\/fotonoticia_20160916142331_800.jpg\" \/>\n\t\t<meta name=\"twitter:label1\" content=\"Escrito por\" \/>\n\t\t<meta name=\"twitter:data1\" content=\"El Digital de Asturias\" \/>\n\t\t<meta name=\"twitter:label2\" content=\"Tiempo de lectura estimado\" \/>\n\t\t<meta name=\"twitter:data2\" content=\"3 minutos\" \/>\n\t\t<script type=\"application\/ld+json\" class=\"aioseo-schema\">\n\t\t\t{\"@context\":\"https:\\\/\\\/schema.org\",\"@graph\":[{\"@type\":\"BlogPosting\",\"@id\":\"https:\\\/\\\/www.eldigitaldeasturias.com\\\/noticias\\\/podemos-iu-pp-foro-y-ciudadanos-se-unen-en-defensa-de-la-silla-de-cuitu-nigru\\\/#blogposting\",\"name\":\"Podemos, IU, PP, Foro y Ciudadanos \\u201cse unen\\u201d en defensa de la \\u00absilla de Cuitu Nigru\\u00bb - El Digital de Asturias\",\"headline\":\"Podemos, IU, PP, Foro y Ciudadanos \\u201cse unen\\u201d en defensa de la \\u00absilla de Cuitu Nigru\\u00bb\",\"author\":{\"@id\":\"https:\\\/\\\/www.eldigitaldeasturias.com\\\/noticias\\\/author\\\/admin\\\/#author\"},\"publisher\":{\"@id\":\"https:\\\/\\\/www.eldigitaldeasturias.com\\\/noticias\\\/#organization\"},\"image\":{\"@type\":\"ImageObject\",\"url\":\"https:\\\/\\\/www.eldigitaldeasturias.com\\\/noticias\\\/wp-content\\\/uploads\\\/2016\\\/09\\\/fotonoticia_20160916142331_800.jpg\",\"width\":800,\"height\":600},\"datePublished\":\"2016-09-17T02:37:52+02:00\",\"dateModified\":\"2016-09-17T02:37:52+02:00\",\"inLanguage\":\"es-ES\",\"mainEntityOfPage\":{\"@id\":\"https:\\\/\\\/www.eldigitaldeasturias.com\\\/noticias\\\/podemos-iu-pp-foro-y-ciudadanos-se-unen-en-defensa-de-la-silla-de-cuitu-nigru\\\/#webpage\"},\"isPartOf\":{\"@id\":\"https:\\\/\\\/www.eldigitaldeasturias.com\\\/noticias\\\/podemos-iu-pp-foro-y-ciudadanos-se-unen-en-defensa-de-la-silla-de-cuitu-nigru\\\/#webpage\"},\"articleSection\":\"Actualidad Asturias\"},{\"@type\":\"BreadcrumbList\",\"@id\":\"https:\\\/\\\/www.eldigitaldeasturias.com\\\/noticias\\\/podemos-iu-pp-foro-y-ciudadanos-se-unen-en-defensa-de-la-silla-de-cuitu-nigru\\\/#breadcrumblist\",\"itemListElement\":[{\"@type\":\"ListItem\",\"@id\":\"https:\\\/\\\/www.eldigitaldeasturias.com\\\/noticias#listItem\",\"position\":1,\"name\":\"Home\",\"item\":\"https:\\\/\\\/www.eldigitaldeasturias.com\\\/noticias\",\"nextItem\":{\"@type\":\"ListItem\",\"@id\":\"https:\\\/\\\/www.eldigitaldeasturias.com\\\/noticias\\\/category\\\/actualidad-asturias\\\/#listItem\",\"name\":\"Actualidad Asturias\"}},{\"@type\":\"ListItem\",\"@id\":\"https:\\\/\\\/www.eldigitaldeasturias.com\\\/noticias\\\/category\\\/actualidad-asturias\\\/#listItem\",\"position\":2,\"name\":\"Actualidad Asturias\",\"item\":\"https:\\\/\\\/www.eldigitaldeasturias.com\\\/noticias\\\/category\\\/actualidad-asturias\\\/\",\"nextItem\":{\"@type\":\"ListItem\",\"@id\":\"https:\\\/\\\/www.eldigitaldeasturias.com\\\/noticias\\\/podemos-iu-pp-foro-y-ciudadanos-se-unen-en-defensa-de-la-silla-de-cuitu-nigru\\\/#listItem\",\"name\":\"Podemos, IU, PP, Foro y Ciudadanos \\u201cse unen\\u201d en defensa de la \\u00absilla de Cuitu Nigru\\u00bb\"},\"previousItem\":{\"@type\":\"ListItem\",\"@id\":\"https:\\\/\\\/www.eldigitaldeasturias.com\\\/noticias#listItem\",\"name\":\"Home\"}},{\"@type\":\"ListItem\",\"@id\":\"https:\\\/\\\/www.eldigitaldeasturias.com\\\/noticias\\\/podemos-iu-pp-foro-y-ciudadanos-se-unen-en-defensa-de-la-silla-de-cuitu-nigru\\\/#listItem\",\"position\":3,\"name\":\"Podemos, IU, PP, Foro y Ciudadanos \\u201cse unen\\u201d en defensa de la \\u00absilla de Cuitu Nigru\\u00bb\",\"previousItem\":{\"@type\":\"ListItem\",\"@id\":\"https:\\\/\\\/www.eldigitaldeasturias.com\\\/noticias\\\/category\\\/actualidad-asturias\\\/#listItem\",\"name\":\"Actualidad Asturias\"}}]},{\"@type\":\"Organization\",\"@id\":\"https:\\\/\\\/www.eldigitaldeasturias.com\\\/noticias\\\/#organization\",\"name\":\"El Digital de Asturias\",\"description\":\"Hemeroteca\",\"url\":\"https:\\\/\\\/www.eldigitaldeasturias.com\\\/noticias\\\/\",\"email\":\"info@eldigitaldeasturias.com\",\"telephone\":\"+34652131393\",\"logo\":{\"@type\":\"ImageObject\",\"url\":\"https:\\\/\\\/www.eldigitaldeasturias.com\\\/noticias\\\/wp-content\\\/uploads\\\/2020\\\/12\\\/EDA.jpg\",\"@id\":\"https:\\\/\\\/www.eldigitaldeasturias.com\\\/noticias\\\/podemos-iu-pp-foro-y-ciudadanos-se-unen-en-defensa-de-la-silla-de-cuitu-nigru\\\/#organizationLogo\",\"width\":649,\"height\":297},\"image\":{\"@id\":\"https:\\\/\\\/www.eldigitaldeasturias.com\\\/noticias\\\/podemos-iu-pp-foro-y-ciudadanos-se-unen-en-defensa-de-la-silla-de-cuitu-nigru\\\/#organizationLogo\"},\"sameAs\":[\"https:\\\/\\\/facebook.com\\\/eldigitaldeasturias\",\"https:\\\/\\\/www.youtube.com\\\/channel\\\/UCZP-2wLEB9Rv6erhFmqVnvg\"],\"address\":{\"@id\":\"https:\\\/\\\/www.eldigitaldeasturias.com\\\/noticias\\\/#postaladdress\",\"@type\":\"PostalAddress\",\"streetAddress\":\"san antonio 4,\",\"postalCode\":\"33430\",\"addressLocality\":\"Cand\\u00e1s\",\"addressRegion\":\"Asturias\",\"addressCountry\":\"ES\"}},{\"@type\":\"Person\",\"@id\":\"https:\\\/\\\/www.eldigitaldeasturias.com\\\/noticias\\\/author\\\/admin\\\/#author\",\"url\":\"https:\\\/\\\/www.eldigitaldeasturias.com\\\/noticias\\\/author\\\/admin\\\/\",\"name\":\"El Digital de Asturias\",\"image\":{\"@type\":\"ImageObject\",\"@id\":\"https:\\\/\\\/www.eldigitaldeasturias.com\\\/noticias\\\/podemos-iu-pp-foro-y-ciudadanos-se-unen-en-defensa-de-la-silla-de-cuitu-nigru\\\/#authorImage\",\"url\":\"https:\\\/\\\/www.eldigitaldeasturias.com\\\/noticias\\\/wp-content\\\/litespeed\\\/avatar\\\/18677e78aa0546b92d9dbf31ec7d7668.jpg?ver=1776685526\",\"width\":96,\"height\":96,\"caption\":\"El Digital de Asturias\"}},{\"@type\":\"WebPage\",\"@id\":\"https:\\\/\\\/www.eldigitaldeasturias.com\\\/noticias\\\/podemos-iu-pp-foro-y-ciudadanos-se-unen-en-defensa-de-la-silla-de-cuitu-nigru\\\/#webpage\",\"url\":\"https:\\\/\\\/www.eldigitaldeasturias.com\\\/noticias\\\/podemos-iu-pp-foro-y-ciudadanos-se-unen-en-defensa-de-la-silla-de-cuitu-nigru\\\/\",\"name\":\"Podemos, IU, PP, Foro y Ciudadanos \\u201cse unen\\u201d en defensa de la \\u00absilla de Cuitu Nigru\\u00bb - El Digital de Asturias\",\"description\":\"Los grupos parlamentarios de Podemos, Izquierda Unida, Partido Popular, Foro Asturias y Ciudadanos han presentado este viernes en la Junta General una iniciativa conjunta para defender la continuidad del remonte \\\"silla de Cuitu Nigru\\\" en la estaci\\u00f3n invernal de Valgrande-Pajares. El portavoz de Ciudadanos, Nicanor Garc\\u00eda, ha presentado la iniciativa por la que se pretende\",\"inLanguage\":\"es-ES\",\"isPartOf\":{\"@id\":\"https:\\\/\\\/www.eldigitaldeasturias.com\\\/noticias\\\/#website\"},\"breadcrumb\":{\"@id\":\"https:\\\/\\\/www.eldigitaldeasturias.com\\\/noticias\\\/podemos-iu-pp-foro-y-ciudadanos-se-unen-en-defensa-de-la-silla-de-cuitu-nigru\\\/#breadcrumblist\"},\"author\":{\"@id\":\"https:\\\/\\\/www.eldigitaldeasturias.com\\\/noticias\\\/author\\\/admin\\\/#author\"},\"creator\":{\"@id\":\"https:\\\/\\\/www.eldigitaldeasturias.com\\\/noticias\\\/author\\\/admin\\\/#author\"},\"image\":{\"@type\":\"ImageObject\",\"url\":\"https:\\\/\\\/www.eldigitaldeasturias.com\\\/noticias\\\/wp-content\\\/uploads\\\/2016\\\/09\\\/fotonoticia_20160916142331_800.jpg\",\"@id\":\"https:\\\/\\\/www.eldigitaldeasturias.com\\\/noticias\\\/podemos-iu-pp-foro-y-ciudadanos-se-unen-en-defensa-de-la-silla-de-cuitu-nigru\\\/#mainImage\",\"width\":800,\"height\":600},\"primaryImageOfPage\":{\"@id\":\"https:\\\/\\\/www.eldigitaldeasturias.com\\\/noticias\\\/podemos-iu-pp-foro-y-ciudadanos-se-unen-en-defensa-de-la-silla-de-cuitu-nigru\\\/#mainImage\"},\"datePublished\":\"2016-09-17T02:37:52+02:00\",\"dateModified\":\"2016-09-17T02:37:52+02:00\"},{\"@type\":\"WebSite\",\"@id\":\"https:\\\/\\\/www.eldigitaldeasturias.com\\\/noticias\\\/#website\",\"url\":\"https:\\\/\\\/www.eldigitaldeasturias.com\\\/noticias\\\/\",\"name\":\"El Digital de Asturias - Diario de actualidad y noticias\",\"alternateName\":\"El Digital de Asturias - Diario de actualidad y noticias\",\"description\":\"Hemeroteca\",\"inLanguage\":\"es-ES\",\"publisher\":{\"@id\":\"https:\\\/\\\/www.eldigitaldeasturias.com\\\/noticias\\\/#organization\"}}]}\n\t\t<\/script>\n\t\t<!-- All in One SEO Pro -->\r\n\t\t<title>Podemos, IU, PP, Foro y Ciudadanos \u201cse unen\u201d en defensa de la \u00absilla de Cuitu Nigru\u00bb - El Digital de Asturias<\/title>\n\n","aioseo_head_json":{"title":"Podemos, IU, PP, Foro y Ciudadanos \u201cse unen\u201d en defensa de la \u00absilla de Cuitu Nigru\u00bb - El Digital de Asturias","description":"Los grupos parlamentarios de Podemos, Izquierda Unida, Partido Popular, Foro Asturias y Ciudadanos han presentado este viernes en la Junta General una iniciativa conjunta para defender la continuidad del remonte \"silla de Cuitu Nigru\" en la estaci\u00f3n invernal de Valgrande-Pajares. El portavoz de Ciudadanos, Nicanor Garc\u00eda, ha presentado la iniciativa por la que se pretende","canonical_url":"https:\/\/www.eldigitaldeasturias.com\/noticias\/podemos-iu-pp-foro-y-ciudadanos-se-unen-en-defensa-de-la-silla-de-cuitu-nigru\/","robots":"max-image-preview:large","keywords":"actualidad asturias","webmasterTools":{"google-site-verification":"UA-38556648-1","msvalidate.01":"7dfe9f3f1b24437ab69f4f2559babe99","miscellaneous":""},"schema":{"@context":"https:\/\/schema.org","@graph":[{"@type":"BlogPosting","@id":"https:\/\/www.eldigitaldeasturias.com\/noticias\/podemos-iu-pp-foro-y-ciudadanos-se-unen-en-defensa-de-la-silla-de-cuitu-nigru\/#blogposting","name":"Podemos, IU, PP, Foro y Ciudadanos \u201cse unen\u201d en defensa de la \u00absilla de Cuitu Nigru\u00bb - El Digital de Asturias","headline":"Podemos, IU, PP, Foro y Ciudadanos \u201cse unen\u201d en defensa de la \u00absilla de Cuitu Nigru\u00bb","author":{"@id":"https:\/\/www.eldigitaldeasturias.com\/noticias\/author\/admin\/#author"},"publisher":{"@id":"https:\/\/www.eldigitaldeasturias.com\/noticias\/#organization"},"image":{"@type":"ImageObject","url":"https:\/\/www.eldigitaldeasturias.com\/noticias\/wp-content\/uploads\/2016\/09\/fotonoticia_20160916142331_800.jpg","width":800,"height":600},"datePublished":"2016-09-17T02:37:52+02:00","dateModified":"2016-09-17T02:37:52+02:00","inLanguage":"es-ES","mainEntityOfPage":{"@id":"https:\/\/www.eldigitaldeasturias.com\/noticias\/podemos-iu-pp-foro-y-ciudadanos-se-unen-en-defensa-de-la-silla-de-cuitu-nigru\/#webpage"},"isPartOf":{"@id":"https:\/\/www.eldigitaldeasturias.com\/noticias\/podemos-iu-pp-foro-y-ciudadanos-se-unen-en-defensa-de-la-silla-de-cuitu-nigru\/#webpage"},"articleSection":"Actualidad Asturias"},{"@type":"BreadcrumbList","@id":"https:\/\/www.eldigitaldeasturias.com\/noticias\/podemos-iu-pp-foro-y-ciudadanos-se-unen-en-defensa-de-la-silla-de-cuitu-nigru\/#breadcrumblist","itemListElement":[{"@type":"ListItem","@id":"https:\/\/www.eldigitaldeasturias.com\/noticias#listItem","position":1,"name":"Home","item":"https:\/\/www.eldigitaldeasturias.com\/noticias","nextItem":{"@type":"ListItem","@id":"https:\/\/www.eldigitaldeasturias.com\/noticias\/category\/actualidad-asturias\/#listItem","name":"Actualidad Asturias"}},{"@type":"ListItem","@id":"https:\/\/www.eldigitaldeasturias.com\/noticias\/category\/actualidad-asturias\/#listItem","position":2,"name":"Actualidad Asturias","item":"https:\/\/www.eldigitaldeasturias.com\/noticias\/category\/actualidad-asturias\/","nextItem":{"@type":"ListItem","@id":"https:\/\/www.eldigitaldeasturias.com\/noticias\/podemos-iu-pp-foro-y-ciudadanos-se-unen-en-defensa-de-la-silla-de-cuitu-nigru\/#listItem","name":"Podemos, IU, PP, Foro y Ciudadanos \u201cse unen\u201d en defensa de la \u00absilla de Cuitu Nigru\u00bb"},"previousItem":{"@type":"ListItem","@id":"https:\/\/www.eldigitaldeasturias.com\/noticias#listItem","name":"Home"}},{"@type":"ListItem","@id":"https:\/\/www.eldigitaldeasturias.com\/noticias\/podemos-iu-pp-foro-y-ciudadanos-se-unen-en-defensa-de-la-silla-de-cuitu-nigru\/#listItem","position":3,"name":"Podemos, IU, PP, Foro y Ciudadanos \u201cse unen\u201d en defensa de la \u00absilla de Cuitu Nigru\u00bb","previousItem":{"@type":"ListItem","@id":"https:\/\/www.eldigitaldeasturias.com\/noticias\/category\/actualidad-asturias\/#listItem","name":"Actualidad Asturias"}}]},{"@type":"Organization","@id":"https:\/\/www.eldigitaldeasturias.com\/noticias\/#organization","name":"El Digital de Asturias","description":"Hemeroteca","url":"https:\/\/www.eldigitaldeasturias.com\/noticias\/","email":"info@eldigitaldeasturias.com","telephone":"+34652131393","logo":{"@type":"ImageObject","url":"https:\/\/www.eldigitaldeasturias.com\/noticias\/wp-content\/uploads\/2020\/12\/EDA.jpg","@id":"https:\/\/www.eldigitaldeasturias.com\/noticias\/podemos-iu-pp-foro-y-ciudadanos-se-unen-en-defensa-de-la-silla-de-cuitu-nigru\/#organizationLogo","width":649,"height":297},"image":{"@id":"https:\/\/www.eldigitaldeasturias.com\/noticias\/podemos-iu-pp-foro-y-ciudadanos-se-unen-en-defensa-de-la-silla-de-cuitu-nigru\/#organizationLogo"},"sameAs":["https:\/\/facebook.com\/eldigitaldeasturias","https:\/\/www.youtube.com\/channel\/UCZP-2wLEB9Rv6erhFmqVnvg"],"address":{"@id":"https:\/\/www.eldigitaldeasturias.com\/noticias\/#postaladdress","@type":"PostalAddress","streetAddress":"san antonio 4,","postalCode":"33430","addressLocality":"Cand\u00e1s","addressRegion":"Asturias","addressCountry":"ES"}},{"@type":"Person","@id":"https:\/\/www.eldigitaldeasturias.com\/noticias\/author\/admin\/#author","url":"https:\/\/www.eldigitaldeasturias.com\/noticias\/author\/admin\/","name":"El Digital de Asturias","image":{"@type":"ImageObject","@id":"https:\/\/www.eldigitaldeasturias.com\/noticias\/podemos-iu-pp-foro-y-ciudadanos-se-unen-en-defensa-de-la-silla-de-cuitu-nigru\/#authorImage","url":"https:\/\/www.eldigitaldeasturias.com\/noticias\/wp-content\/litespeed\/avatar\/18677e78aa0546b92d9dbf31ec7d7668.jpg?ver=1776685526","width":96,"height":96,"caption":"El Digital de Asturias"}},{"@type":"WebPage","@id":"https:\/\/www.eldigitaldeasturias.com\/noticias\/podemos-iu-pp-foro-y-ciudadanos-se-unen-en-defensa-de-la-silla-de-cuitu-nigru\/#webpage","url":"https:\/\/www.eldigitaldeasturias.com\/noticias\/podemos-iu-pp-foro-y-ciudadanos-se-unen-en-defensa-de-la-silla-de-cuitu-nigru\/","name":"Podemos, IU, PP, Foro y Ciudadanos \u201cse unen\u201d en defensa de la \u00absilla de Cuitu Nigru\u00bb - El Digital de Asturias","description":"Los grupos parlamentarios de Podemos, Izquierda Unida, Partido Popular, Foro Asturias y Ciudadanos han presentado este viernes en la Junta General una iniciativa conjunta para defender la continuidad del remonte \"silla de Cuitu Nigru\" en la estaci\u00f3n invernal de Valgrande-Pajares. El portavoz de Ciudadanos, Nicanor Garc\u00eda, ha presentado la iniciativa por la que se pretende","inLanguage":"es-ES","isPartOf":{"@id":"https:\/\/www.eldigitaldeasturias.com\/noticias\/#website"},"breadcrumb":{"@id":"https:\/\/www.eldigitaldeasturias.com\/noticias\/podemos-iu-pp-foro-y-ciudadanos-se-unen-en-defensa-de-la-silla-de-cuitu-nigru\/#breadcrumblist"},"author":{"@id":"https:\/\/www.eldigitaldeasturias.com\/noticias\/author\/admin\/#author"},"creator":{"@id":"https:\/\/www.eldigitaldeasturias.com\/noticias\/author\/admin\/#author"},"image":{"@type":"ImageObject","url":"https:\/\/www.eldigitaldeasturias.com\/noticias\/wp-content\/uploads\/2016\/09\/fotonoticia_20160916142331_800.jpg","@id":"https:\/\/www.eldigitaldeasturias.com\/noticias\/podemos-iu-pp-foro-y-ciudadanos-se-unen-en-defensa-de-la-silla-de-cuitu-nigru\/#mainImage","width":800,"height":600},"primaryImageOfPage":{"@id":"https:\/\/www.eldigitaldeasturias.com\/noticias\/podemos-iu-pp-foro-y-ciudadanos-se-unen-en-defensa-de-la-silla-de-cuitu-nigru\/#mainImage"},"datePublished":"2016-09-17T02:37:52+02:00","dateModified":"2016-09-17T02:37:52+02:00"},{"@type":"WebSite","@id":"https:\/\/www.eldigitaldeasturias.com\/noticias\/#website","url":"https:\/\/www.eldigitaldeasturias.com\/noticias\/","name":"El Digital de Asturias - Diario de actualidad y noticias","alternateName":"El Digital de Asturias - Diario de actualidad y noticias","description":"Hemeroteca","inLanguage":"es-ES","publisher":{"@id":"https:\/\/www.eldigitaldeasturias.com\/noticias\/#organization"}}]},"og:locale":"es_ES","og:site_name":"El Digital de Asturias","og:type":"article","og:title":"Podemos, IU, PP, Foro y Ciudadanos \u201cse unen\u201d en defensa de la \u00absilla de Cuitu Nigru\u00bb - El Digital de Asturias","og:description":"Los grupos parlamentarios de Podemos, Izquierda Unida, Partido Popular, Foro Asturias y Ciudadanos han presentado este viernes en la Junta General una iniciativa conjunta para defender la continuidad del remonte &quot;silla de Cuitu Nigru&quot; en la estaci\u00f3n invernal de Valgrande-Pajares. El portavoz de Ciudadanos, Nicanor Garc\u00eda, ha presentado la iniciativa por la que se pretende","og:url":"https:\/\/www.eldigitaldeasturias.com\/noticias\/podemos-iu-pp-foro-y-ciudadanos-se-unen-en-defensa-de-la-silla-de-cuitu-nigru\/","og:image":"https:\/\/www.eldigitaldeasturias.com\/noticias\/wp-content\/uploads\/2016\/09\/fotonoticia_20160916142331_800.jpg","og:image:secure_url":"https:\/\/www.eldigitaldeasturias.com\/noticias\/wp-content\/uploads\/2016\/09\/fotonoticia_20160916142331_800.jpg","og:image:width":800,"og:image:height":600,"article:tag":["actualidad asturias"],"article:published_time":"2016-09-17T01:37:52+00:00","article:modified_time":"2016-09-17T01:37:52+00:00","article:publisher":"https:\/\/facebook.com\/eldigitaldeasturias","twitter:card":"summary_large_image","twitter:title":"Podemos, IU, PP, Foro y Ciudadanos \u201cse unen\u201d en defensa de la \u00absilla de Cuitu Nigru\u00bb - El Digital de Asturias","twitter:description":"Los grupos parlamentarios de Podemos, Izquierda Unida, Partido Popular, Foro Asturias y Ciudadanos han presentado este viernes en la Junta General una iniciativa conjunta para defender la continuidad del remonte &quot;silla de Cuitu Nigru&quot; en la estaci\u00f3n invernal de Valgrande-Pajares. El portavoz de Ciudadanos, Nicanor Garc\u00eda, ha presentado la iniciativa por la que se pretende","twitter:image":"https:\/\/www.eldigitaldeasturias.com\/noticias\/wp-content\/uploads\/2016\/09\/fotonoticia_20160916142331_800.jpg","twitter:label1":"Escrito por","twitter:data1":"El Digital de Asturias","twitter:label2":"Tiempo de lectura estimado","twitter:data2":"3 minutos"},"aioseo_meta_data":{"post_id":"908119","title":null,"description":null,"keywords":null,"keyphrases":null,"primary_term":null,"canonical_url":null,"og_title":null,"og_description":null,"og_object_type":"default","og_image_type":"default","og_image_url":null,"og_image_width":null,"og_image_height":null,"og_image_custom_url":null,"og_image_custom_fields":null,"og_video":null,"og_custom_url":null,"og_article_section":null,"og_article_tags":null,"twitter_use_og":false,"twitter_card":"default","twitter_image_type":"default","twitter_image_url":null,"twitter_image_custom_url":null,"twitter_image_custom_fields":null,"twitter_title":null,"twitter_description":null,"schema":{"blockGraphs":[],"customGraphs":[],"default":{"data":{"Article":[],"Course":[],"Dataset":[],"FAQPage":[],"Movie":[],"Person":[],"Product":[],"ProductReview":[],"Car":[],"Recipe":[],"Service":[],"SoftwareApplication":[],"WebPage":[]},"graphName":"","isEnabled":true},"graphs":[],"defaultGraph":"","defaultPostTypeGraph":""},"schema_type":null,"schema_type_options":null,"pillar_content":false,"robots_default":true,"robots_noindex":false,"robots_noarchive":false,"robots_nosnippet":false,"robots_nofollow":false,"robots_noimageindex":false,"robots_noodp":false,"robots_notranslate":false,"robots_max_snippet":null,"robots_max_videopreview":null,"robots_max_imagepreview":"large","priority":null,"frequency":null,"local_seo":null,"seo_analyzer_scan_date":"2025-11-30 14:55:36","breadcrumb_settings":null,"limit_modified_date":false,"open_ai":null,"ai":null,"created":"2020-12-21 14:00:26","updated":"2025-11-30 14:55:36"},"aioseo_breadcrumb":"<div class=\"aioseo-breadcrumbs\"><span class=\"aioseo-breadcrumb\">\n\t<a href=\"https:\/\/www.eldigitaldeasturias.com\/noticias\" title=\"Home\">Home<\/a>\n<\/span><span class=\"aioseo-breadcrumb-separator\">\u2013<\/span><span class=\"aioseo-breadcrumb\">\n\t<a href=\"https:\/\/www.eldigitaldeasturias.com\/noticias\/category\/actualidad-asturias\/\" title=\"Actualidad Asturias\">Actualidad Asturias<\/a>\n<\/span><span class=\"aioseo-breadcrumb-separator\">\u2013<\/span><span class=\"aioseo-breadcrumb\">\n\t<a href=\"https:\/\/www.eldigitaldeasturias.com\/noticias\/podemos-iu-pp-foro-y-ciudadanos-se-unen-en-defensa-de-la-silla-de-cuitu-nigru\/\" title=\"Podemos, IU, PP, Foro y Ciudadanos \u201cse unen\u201d en defensa de la \u00absilla de Cuitu Nigru\u00bb\">Podemos, IU, PP, Foro y Ciudadanos \u201cse unen\u201d en defensa de la \u00absilla de Cuitu Nigru\u00bb<\/a>\n<\/span><\/div>","aioseo_breadcrumb_json":[{"label":"Home","link":"https:\/\/www.eldigitaldeasturias.com\/noticias"},{"label":"Actualidad Asturias","link":"https:\/\/www.eldigitaldeasturias.com\/noticias\/category\/actualidad-asturias\/"},{"label":"Podemos, IU, PP, Foro y Ciudadanos \u201cse unen\u201d en defensa de la \u00absilla de Cuitu Nigru\u00bb","link":"https:\/\/www.eldigitaldeasturias.com\/noticias\/podemos-iu-pp-foro-y-ciudadanos-se-unen-en-defensa-de-la-silla-de-cuitu-nigru\/"}],"_links":{"self":[{"href":"https:\/\/www.eldigitaldeasturias.com\/noticias\/wp-json\/wp\/v2\/posts\/908119","targetHints":{"allow":["GET"]}}],"collection":[{"href":"https:\/\/www.eldigitaldeasturias.com\/noticias\/wp-json\/wp\/v2\/posts"}],"about":[{"href":"https:\/\/www.eldigitaldeasturias.com\/noticias\/wp-json\/wp\/v2\/types\/post"}],"author":[{"embeddable":true,"href":"https:\/\/www.eldigitaldeasturias.com\/noticias\/wp-json\/wp\/v2\/users\/1"}],"replies":[{"embeddable":true,"href":"https:\/\/www.eldigitaldeasturias.com\/noticias\/wp-json\/wp\/v2\/comments?post=908119"}],"version-history":[{"count":0,"href":"https:\/\/www.eldigitaldeasturias.com\/noticias\/wp-json\/wp\/v2\/posts\/908119\/revisions"}],"wp:featuredmedia":[{"embeddable":true,"href":"https:\/\/www.eldigitaldeasturias.com\/noticias\/wp-json\/wp\/v2\/media\/908098"}],"wp:attachment":[{"href":"https:\/\/www.eldigitaldeasturias.com\/noticias\/wp-json\/wp\/v2\/media?parent=908119"}],"wp:term":[{"taxonomy":"category","embeddable":true,"href":"https:\/\/www.eldigitaldeasturias.com\/noticias\/wp-json\/wp\/v2\/categories?post=908119"},{"taxonomy":"post_tag","embeddable":true,"href":"https:\/\/www.eldigitaldeasturias.com\/noticias\/wp-json\/wp\/v2\/tags?post=908119"}],"curies":[{"name":"wp","href":"https:\/\/api.w.org\/{rel}","templated":true}]}}