{"id":908116,"date":"2016-09-17T02:32:27","date_gmt":"2016-09-17T01:32:27","guid":{"rendered":"http:\/\/www.eldigitaldeasturias.com\/noticias\/?p=908116"},"modified":"2016-09-17T02:32:27","modified_gmt":"2016-09-17T01:32:27","slug":"ruben-roson-el-pp-defiende-a-los-de-siempre","status":"publish","type":"post","link":"https:\/\/www.eldigitaldeasturias.com\/noticias\/ruben-roson-el-pp-defiende-a-los-de-siempre\/","title":{"rendered":"Rub\u00e9n Ros\u00f3n: \u00abEl PP defiende a los de siempre\u00bb"},"content":{"rendered":"<p><img loading=\"lazy\" decoding=\"async\" class=\"alignleft size-medium wp-image-908117\" src=\"https:\/\/www.eldigitaldeasturias.com\/noticias\/wp-content\/uploads\/2016\/09\/fotonoticia_20160916150655_800-360x240.jpg\" alt=\"fotonoticia_20160916150655_800\" width=\"360\" height=\"240\" srcset=\"https:\/\/www.eldigitaldeasturias.com\/noticias\/wp-content\/uploads\/2016\/09\/fotonoticia_20160916150655_800-360x240.jpg 360w, https:\/\/www.eldigitaldeasturias.com\/noticias\/wp-content\/uploads\/2016\/09\/fotonoticia_20160916150655_800-768x512.jpg 768w, https:\/\/www.eldigitaldeasturias.com\/noticias\/wp-content\/uploads\/2016\/09\/fotonoticia_20160916150655_800-650x433.jpg 650w, https:\/\/www.eldigitaldeasturias.com\/noticias\/wp-content\/uploads\/2016\/09\/fotonoticia_20160916150655_800-84x55.jpg 84w, https:\/\/www.eldigitaldeasturias.com\/noticias\/wp-content\/uploads\/2016\/09\/fotonoticia_20160916150655_800-49x32.jpg 49w, https:\/\/www.eldigitaldeasturias.com\/noticias\/wp-content\/uploads\/2016\/09\/fotonoticia_20160916150655_800.jpg 800w\" sizes=\"auto, (max-width: 360px) 100vw, 360px\" \/>El concejal de Econom\u00eda, Rub\u00e9n Ros\u00f3n, ha replicado a las cr\u00edticas del PP y Ciudadanos a la redistribuci\u00f3n de la carga fiscal. \u00abEl PP y su marca blanca critican que congelemos el IBI a las familias y lo subamos a los inmuebles de m\u00e1s de un mill\u00f3n de euros, porque defienden a los grandes propietarios\u00bb, ha dicho.<\/p>\n<p>En una nota de prensa, Ros\u00f3n ha afirmado que \u00abel gabinismo se encarg\u00f3 de disparar la carga fiscal y subir la contribuci\u00f3n\u00bb mientra que ahora se \u00abqueja de que se congele a las capas medias, y se incremente a quienes m\u00e1s tienen\u00bb.<\/p>\n<p>El edil de Econom\u00eda ha considerado que \u00abla subida apenas va a afectar al margen de beneficio de unos negocios millonarios que viven precisamente de la capacidad de consumo de los y las ovetenses\u00bb. Adem\u00e1s, ha pedido a los &#8216;populares&#8217; que no compare la fiscalidad ovetense con la de ciudades vecinas.<\/p>\n<p>\u00abEn Oviedo sufr\u00edamos las cargas impositivas m\u00e1s altas de la regi\u00f3n hasta la llegada del gobierno del cambio que, ya el a\u00f1o pasado aprob\u00f3 bonificaciones fiscales para las rentas m\u00e1s precarias y baj\u00f3 el IBI a las familias en cinco millones de euros\u00bb, ha sentenciado.<\/p>\n<p>Por \u00faltimo, ha asegurado que esa \u00abes la t\u00f3nica que vamos a seguir\u00bb con la que \u00abva a pagar m\u00e1s quien m\u00e1s tiene\u00bb. \u00abSi hay que recaudar m\u00e1s es, entre otras cosas, por la nefasta gesti\u00f3n de un PP que deja un agujero que, s\u00f3lo este a\u00f1o, supera los 60 millones de euros, en Oviedo van a pagar un poquito m\u00e1s, apenas lo van a notar, las grandes fortunas y propietarios\u00bb, ha finalizado.<\/p>\n<p>&nbsp;<\/p>\n","protected":false},"excerpt":{"rendered":"<p>El concejal de Econom\u00eda, Rub\u00e9n Ros\u00f3n, ha replicado a las cr\u00edticas del PP y Ciudadanos a la redistribuci\u00f3n de la carga fiscal. \u00abEl PP y su marca blanca critican que congelemos el IBI a las familias y lo subamos a los inmuebles de m\u00e1s de un mill\u00f3n de euros, porque defienden a los grandes propietarios\u00bb, [&hellip;]<\/p>\n","protected":false},"author":1,"featured_media":908117,"comment_status":"closed","ping_status":"closed","sticky":false,"template":"","format":"standard","meta":{"footnotes":""},"categories":[12],"tags":[],"class_list":["post-908116","post","type-post","status-publish","format-standard","has-post-thumbnail","hentry","category-actualidad-asturias"],"aioseo_notices":[],"aioseo_head":"\n\t\t<!-- All in One SEO Pro 4.9.6.2 - aioseo.com -->\n\t<meta name=\"description\" content=\"El concejal de Econom\u00eda, Rub\u00e9n Ros\u00f3n, ha replicado a las cr\u00edticas del PP y Ciudadanos a la redistribuci\u00f3n de la carga fiscal. &quot;El PP y su marca blanca critican que congelemos el IBI a las familias y lo subamos a los inmuebles de m\u00e1s de un mill\u00f3n de euros, porque defienden a los grandes propietarios&quot;,\" \/>\n\t<meta name=\"robots\" content=\"max-image-preview:large\" \/>\n\t<meta name=\"author\" content=\"El Digital de Asturias\"\/>\n\t<meta name=\"google-site-verification\" content=\"UA-38556648-1\" \/>\n\t<meta name=\"msvalidate.01\" content=\"7dfe9f3f1b24437ab69f4f2559babe99\" \/>\n\t<meta name=\"keywords\" content=\"actualidad asturias\" \/>\n\t<link rel=\"canonical\" href=\"https:\/\/www.eldigitaldeasturias.com\/noticias\/ruben-roson-el-pp-defiende-a-los-de-siempre\/\" \/>\n\t<meta name=\"generator\" content=\"All in One SEO Pro (AIOSEO) 4.9.6.2\" \/>\n\t\t<meta property=\"og:locale\" content=\"es_ES\" \/>\n\t\t<meta property=\"og:site_name\" content=\"El Digital de Asturias\" \/>\n\t\t<meta property=\"og:type\" content=\"article\" \/>\n\t\t<meta property=\"og:title\" content=\"Rub\u00e9n Ros\u00f3n: \u00abEl PP defiende a los de siempre\u00bb - El Digital de Asturias\" \/>\n\t\t<meta property=\"og:description\" content=\"El concejal de Econom\u00eda, Rub\u00e9n Ros\u00f3n, ha replicado a las cr\u00edticas del PP y Ciudadanos a la redistribuci\u00f3n de la carga fiscal. &quot;El PP y su marca blanca critican que congelemos el IBI a las familias y lo subamos a los inmuebles de m\u00e1s de un mill\u00f3n de euros, porque defienden a los grandes propietarios&quot;,\" \/>\n\t\t<meta property=\"og:url\" content=\"https:\/\/www.eldigitaldeasturias.com\/noticias\/ruben-roson-el-pp-defiende-a-los-de-siempre\/\" \/>\n\t\t<meta property=\"og:image\" content=\"https:\/\/www.eldigitaldeasturias.com\/noticias\/wp-content\/uploads\/2016\/09\/fotonoticia_20160916150655_800.jpg\" \/>\n\t\t<meta property=\"og:image:secure_url\" content=\"https:\/\/www.eldigitaldeasturias.com\/noticias\/wp-content\/uploads\/2016\/09\/fotonoticia_20160916150655_800.jpg\" \/>\n\t\t<meta property=\"og:image:width\" content=\"800\" \/>\n\t\t<meta property=\"og:image:height\" content=\"533\" \/>\n\t\t<meta property=\"article:tag\" content=\"actualidad asturias\" \/>\n\t\t<meta property=\"article:published_time\" content=\"2016-09-17T01:32:27+00:00\" \/>\n\t\t<meta property=\"article:modified_time\" content=\"2016-09-17T01:32:27+00:00\" \/>\n\t\t<meta property=\"article:publisher\" content=\"https:\/\/facebook.com\/eldigitaldeasturias\" \/>\n\t\t<meta name=\"twitter:card\" content=\"summary_large_image\" \/>\n\t\t<meta name=\"twitter:title\" content=\"Rub\u00e9n Ros\u00f3n: \u00abEl PP defiende a los de siempre\u00bb - El Digital de Asturias\" \/>\n\t\t<meta name=\"twitter:description\" content=\"El concejal de Econom\u00eda, Rub\u00e9n Ros\u00f3n, ha replicado a las cr\u00edticas del PP y Ciudadanos a la redistribuci\u00f3n de la carga fiscal. &quot;El PP y su marca blanca critican que congelemos el IBI a las familias y lo subamos a los inmuebles de m\u00e1s de un mill\u00f3n de euros, porque defienden a los grandes propietarios&quot;,\" \/>\n\t\t<meta name=\"twitter:image\" content=\"https:\/\/www.eldigitaldeasturias.com\/noticias\/wp-content\/uploads\/2016\/09\/fotonoticia_20160916150655_800.jpg\" \/>\n\t\t<meta name=\"twitter:label1\" content=\"Escrito por\" \/>\n\t\t<meta name=\"twitter:data1\" content=\"El Digital de Asturias\" \/>\n\t\t<meta name=\"twitter:label2\" content=\"Tiempo de lectura estimado\" \/>\n\t\t<meta name=\"twitter:data2\" content=\"1 minuto\" \/>\n\t\t<script type=\"application\/ld+json\" class=\"aioseo-schema\">\n\t\t\t{\"@context\":\"https:\\\/\\\/schema.org\",\"@graph\":[{\"@type\":\"BlogPosting\",\"@id\":\"https:\\\/\\\/www.eldigitaldeasturias.com\\\/noticias\\\/ruben-roson-el-pp-defiende-a-los-de-siempre\\\/#blogposting\",\"name\":\"Rub\\u00e9n Ros\\u00f3n: \\u00abEl PP defiende a los de siempre\\u00bb - El Digital de Asturias\",\"headline\":\"Rub\\u00e9n Ros\\u00f3n: \\u00abEl PP defiende a los de siempre\\u00bb\",\"author\":{\"@id\":\"https:\\\/\\\/www.eldigitaldeasturias.com\\\/noticias\\\/author\\\/admin\\\/#author\"},\"publisher\":{\"@id\":\"https:\\\/\\\/www.eldigitaldeasturias.com\\\/noticias\\\/#organization\"},\"image\":{\"@type\":\"ImageObject\",\"url\":\"https:\\\/\\\/www.eldigitaldeasturias.com\\\/noticias\\\/wp-content\\\/uploads\\\/2016\\\/09\\\/fotonoticia_20160916150655_800.jpg\",\"width\":800,\"height\":533},\"datePublished\":\"2016-09-17T02:32:27+02:00\",\"dateModified\":\"2016-09-17T02:32:27+02:00\",\"inLanguage\":\"es-ES\",\"mainEntityOfPage\":{\"@id\":\"https:\\\/\\\/www.eldigitaldeasturias.com\\\/noticias\\\/ruben-roson-el-pp-defiende-a-los-de-siempre\\\/#webpage\"},\"isPartOf\":{\"@id\":\"https:\\\/\\\/www.eldigitaldeasturias.com\\\/noticias\\\/ruben-roson-el-pp-defiende-a-los-de-siempre\\\/#webpage\"},\"articleSection\":\"Actualidad Asturias\"},{\"@type\":\"BreadcrumbList\",\"@id\":\"https:\\\/\\\/www.eldigitaldeasturias.com\\\/noticias\\\/ruben-roson-el-pp-defiende-a-los-de-siempre\\\/#breadcrumblist\",\"itemListElement\":[{\"@type\":\"ListItem\",\"@id\":\"https:\\\/\\\/www.eldigitaldeasturias.com\\\/noticias#listItem\",\"position\":1,\"name\":\"Home\",\"item\":\"https:\\\/\\\/www.eldigitaldeasturias.com\\\/noticias\",\"nextItem\":{\"@type\":\"ListItem\",\"@id\":\"https:\\\/\\\/www.eldigitaldeasturias.com\\\/noticias\\\/category\\\/actualidad-asturias\\\/#listItem\",\"name\":\"Actualidad Asturias\"}},{\"@type\":\"ListItem\",\"@id\":\"https:\\\/\\\/www.eldigitaldeasturias.com\\\/noticias\\\/category\\\/actualidad-asturias\\\/#listItem\",\"position\":2,\"name\":\"Actualidad Asturias\",\"item\":\"https:\\\/\\\/www.eldigitaldeasturias.com\\\/noticias\\\/category\\\/actualidad-asturias\\\/\",\"nextItem\":{\"@type\":\"ListItem\",\"@id\":\"https:\\\/\\\/www.eldigitaldeasturias.com\\\/noticias\\\/ruben-roson-el-pp-defiende-a-los-de-siempre\\\/#listItem\",\"name\":\"Rub\\u00e9n Ros\\u00f3n: \\u00abEl PP defiende a los de siempre\\u00bb\"},\"previousItem\":{\"@type\":\"ListItem\",\"@id\":\"https:\\\/\\\/www.eldigitaldeasturias.com\\\/noticias#listItem\",\"name\":\"Home\"}},{\"@type\":\"ListItem\",\"@id\":\"https:\\\/\\\/www.eldigitaldeasturias.com\\\/noticias\\\/ruben-roson-el-pp-defiende-a-los-de-siempre\\\/#listItem\",\"position\":3,\"name\":\"Rub\\u00e9n Ros\\u00f3n: \\u00abEl PP defiende a los de siempre\\u00bb\",\"previousItem\":{\"@type\":\"ListItem\",\"@id\":\"https:\\\/\\\/www.eldigitaldeasturias.com\\\/noticias\\\/category\\\/actualidad-asturias\\\/#listItem\",\"name\":\"Actualidad Asturias\"}}]},{\"@type\":\"Organization\",\"@id\":\"https:\\\/\\\/www.eldigitaldeasturias.com\\\/noticias\\\/#organization\",\"name\":\"El Digital de Asturias\",\"description\":\"Hemeroteca\",\"url\":\"https:\\\/\\\/www.eldigitaldeasturias.com\\\/noticias\\\/\",\"email\":\"info@eldigitaldeasturias.com\",\"telephone\":\"+34652131393\",\"logo\":{\"@type\":\"ImageObject\",\"url\":\"https:\\\/\\\/www.eldigitaldeasturias.com\\\/noticias\\\/wp-content\\\/uploads\\\/2020\\\/12\\\/EDA.jpg\",\"@id\":\"https:\\\/\\\/www.eldigitaldeasturias.com\\\/noticias\\\/ruben-roson-el-pp-defiende-a-los-de-siempre\\\/#organizationLogo\",\"width\":649,\"height\":297},\"image\":{\"@id\":\"https:\\\/\\\/www.eldigitaldeasturias.com\\\/noticias\\\/ruben-roson-el-pp-defiende-a-los-de-siempre\\\/#organizationLogo\"},\"sameAs\":[\"https:\\\/\\\/facebook.com\\\/eldigitaldeasturias\",\"https:\\\/\\\/www.youtube.com\\\/channel\\\/UCZP-2wLEB9Rv6erhFmqVnvg\"],\"address\":{\"@id\":\"https:\\\/\\\/www.eldigitaldeasturias.com\\\/noticias\\\/#postaladdress\",\"@type\":\"PostalAddress\",\"streetAddress\":\"san antonio 4,\",\"postalCode\":\"33430\",\"addressLocality\":\"Cand\\u00e1s\",\"addressRegion\":\"Asturias\",\"addressCountry\":\"ES\"}},{\"@type\":\"Person\",\"@id\":\"https:\\\/\\\/www.eldigitaldeasturias.com\\\/noticias\\\/author\\\/admin\\\/#author\",\"url\":\"https:\\\/\\\/www.eldigitaldeasturias.com\\\/noticias\\\/author\\\/admin\\\/\",\"name\":\"El Digital de Asturias\",\"image\":{\"@type\":\"ImageObject\",\"@id\":\"https:\\\/\\\/www.eldigitaldeasturias.com\\\/noticias\\\/ruben-roson-el-pp-defiende-a-los-de-siempre\\\/#authorImage\",\"url\":\"https:\\\/\\\/www.eldigitaldeasturias.com\\\/noticias\\\/wp-content\\\/litespeed\\\/avatar\\\/18677e78aa0546b92d9dbf31ec7d7668.jpg?ver=1776685526\",\"width\":96,\"height\":96,\"caption\":\"El Digital de Asturias\"}},{\"@type\":\"WebPage\",\"@id\":\"https:\\\/\\\/www.eldigitaldeasturias.com\\\/noticias\\\/ruben-roson-el-pp-defiende-a-los-de-siempre\\\/#webpage\",\"url\":\"https:\\\/\\\/www.eldigitaldeasturias.com\\\/noticias\\\/ruben-roson-el-pp-defiende-a-los-de-siempre\\\/\",\"name\":\"Rub\\u00e9n Ros\\u00f3n: \\u00abEl PP defiende a los de siempre\\u00bb - El Digital de Asturias\",\"description\":\"El concejal de Econom\\u00eda, Rub\\u00e9n Ros\\u00f3n, ha replicado a las cr\\u00edticas del PP y Ciudadanos a la redistribuci\\u00f3n de la carga fiscal. \\\"El PP y su marca blanca critican que congelemos el IBI a las familias y lo subamos a los inmuebles de m\\u00e1s de un mill\\u00f3n de euros, porque defienden a los grandes propietarios\\\",\",\"inLanguage\":\"es-ES\",\"isPartOf\":{\"@id\":\"https:\\\/\\\/www.eldigitaldeasturias.com\\\/noticias\\\/#website\"},\"breadcrumb\":{\"@id\":\"https:\\\/\\\/www.eldigitaldeasturias.com\\\/noticias\\\/ruben-roson-el-pp-defiende-a-los-de-siempre\\\/#breadcrumblist\"},\"author\":{\"@id\":\"https:\\\/\\\/www.eldigitaldeasturias.com\\\/noticias\\\/author\\\/admin\\\/#author\"},\"creator\":{\"@id\":\"https:\\\/\\\/www.eldigitaldeasturias.com\\\/noticias\\\/author\\\/admin\\\/#author\"},\"image\":{\"@type\":\"ImageObject\",\"url\":\"https:\\\/\\\/www.eldigitaldeasturias.com\\\/noticias\\\/wp-content\\\/uploads\\\/2016\\\/09\\\/fotonoticia_20160916150655_800.jpg\",\"@id\":\"https:\\\/\\\/www.eldigitaldeasturias.com\\\/noticias\\\/ruben-roson-el-pp-defiende-a-los-de-siempre\\\/#mainImage\",\"width\":800,\"height\":533},\"primaryImageOfPage\":{\"@id\":\"https:\\\/\\\/www.eldigitaldeasturias.com\\\/noticias\\\/ruben-roson-el-pp-defiende-a-los-de-siempre\\\/#mainImage\"},\"datePublished\":\"2016-09-17T02:32:27+02:00\",\"dateModified\":\"2016-09-17T02:32:27+02:00\"},{\"@type\":\"WebSite\",\"@id\":\"https:\\\/\\\/www.eldigitaldeasturias.com\\\/noticias\\\/#website\",\"url\":\"https:\\\/\\\/www.eldigitaldeasturias.com\\\/noticias\\\/\",\"name\":\"El Digital de Asturias - Diario de actualidad y noticias\",\"alternateName\":\"El Digital de Asturias - Diario de actualidad y noticias\",\"description\":\"Hemeroteca\",\"inLanguage\":\"es-ES\",\"publisher\":{\"@id\":\"https:\\\/\\\/www.eldigitaldeasturias.com\\\/noticias\\\/#organization\"}}]}\n\t\t<\/script>\n\t\t<!-- All in One SEO Pro -->\r\n\t\t<title>Rub\u00e9n Ros\u00f3n: \u00abEl PP defiende a los de siempre\u00bb - El Digital de Asturias<\/title>\n\n","aioseo_head_json":{"title":"Rub\u00e9n Ros\u00f3n: \u00abEl PP defiende a los de siempre\u00bb - El Digital de Asturias","description":"El concejal de Econom\u00eda, Rub\u00e9n Ros\u00f3n, ha replicado a las cr\u00edticas del PP y Ciudadanos a la redistribuci\u00f3n de la carga fiscal. \"El PP y su marca blanca critican que congelemos el IBI a las familias y lo subamos a los inmuebles de m\u00e1s de un mill\u00f3n de euros, porque defienden a los grandes propietarios\",","canonical_url":"https:\/\/www.eldigitaldeasturias.com\/noticias\/ruben-roson-el-pp-defiende-a-los-de-siempre\/","robots":"max-image-preview:large","keywords":"actualidad asturias","webmasterTools":{"google-site-verification":"UA-38556648-1","msvalidate.01":"7dfe9f3f1b24437ab69f4f2559babe99","miscellaneous":""},"schema":{"@context":"https:\/\/schema.org","@graph":[{"@type":"BlogPosting","@id":"https:\/\/www.eldigitaldeasturias.com\/noticias\/ruben-roson-el-pp-defiende-a-los-de-siempre\/#blogposting","name":"Rub\u00e9n Ros\u00f3n: \u00abEl PP defiende a los de siempre\u00bb - El Digital de Asturias","headline":"Rub\u00e9n Ros\u00f3n: \u00abEl PP defiende a los de siempre\u00bb","author":{"@id":"https:\/\/www.eldigitaldeasturias.com\/noticias\/author\/admin\/#author"},"publisher":{"@id":"https:\/\/www.eldigitaldeasturias.com\/noticias\/#organization"},"image":{"@type":"ImageObject","url":"https:\/\/www.eldigitaldeasturias.com\/noticias\/wp-content\/uploads\/2016\/09\/fotonoticia_20160916150655_800.jpg","width":800,"height":533},"datePublished":"2016-09-17T02:32:27+02:00","dateModified":"2016-09-17T02:32:27+02:00","inLanguage":"es-ES","mainEntityOfPage":{"@id":"https:\/\/www.eldigitaldeasturias.com\/noticias\/ruben-roson-el-pp-defiende-a-los-de-siempre\/#webpage"},"isPartOf":{"@id":"https:\/\/www.eldigitaldeasturias.com\/noticias\/ruben-roson-el-pp-defiende-a-los-de-siempre\/#webpage"},"articleSection":"Actualidad Asturias"},{"@type":"BreadcrumbList","@id":"https:\/\/www.eldigitaldeasturias.com\/noticias\/ruben-roson-el-pp-defiende-a-los-de-siempre\/#breadcrumblist","itemListElement":[{"@type":"ListItem","@id":"https:\/\/www.eldigitaldeasturias.com\/noticias#listItem","position":1,"name":"Home","item":"https:\/\/www.eldigitaldeasturias.com\/noticias","nextItem":{"@type":"ListItem","@id":"https:\/\/www.eldigitaldeasturias.com\/noticias\/category\/actualidad-asturias\/#listItem","name":"Actualidad Asturias"}},{"@type":"ListItem","@id":"https:\/\/www.eldigitaldeasturias.com\/noticias\/category\/actualidad-asturias\/#listItem","position":2,"name":"Actualidad Asturias","item":"https:\/\/www.eldigitaldeasturias.com\/noticias\/category\/actualidad-asturias\/","nextItem":{"@type":"ListItem","@id":"https:\/\/www.eldigitaldeasturias.com\/noticias\/ruben-roson-el-pp-defiende-a-los-de-siempre\/#listItem","name":"Rub\u00e9n Ros\u00f3n: \u00abEl PP defiende a los de siempre\u00bb"},"previousItem":{"@type":"ListItem","@id":"https:\/\/www.eldigitaldeasturias.com\/noticias#listItem","name":"Home"}},{"@type":"ListItem","@id":"https:\/\/www.eldigitaldeasturias.com\/noticias\/ruben-roson-el-pp-defiende-a-los-de-siempre\/#listItem","position":3,"name":"Rub\u00e9n Ros\u00f3n: \u00abEl PP defiende a los de siempre\u00bb","previousItem":{"@type":"ListItem","@id":"https:\/\/www.eldigitaldeasturias.com\/noticias\/category\/actualidad-asturias\/#listItem","name":"Actualidad Asturias"}}]},{"@type":"Organization","@id":"https:\/\/www.eldigitaldeasturias.com\/noticias\/#organization","name":"El Digital de Asturias","description":"Hemeroteca","url":"https:\/\/www.eldigitaldeasturias.com\/noticias\/","email":"info@eldigitaldeasturias.com","telephone":"+34652131393","logo":{"@type":"ImageObject","url":"https:\/\/www.eldigitaldeasturias.com\/noticias\/wp-content\/uploads\/2020\/12\/EDA.jpg","@id":"https:\/\/www.eldigitaldeasturias.com\/noticias\/ruben-roson-el-pp-defiende-a-los-de-siempre\/#organizationLogo","width":649,"height":297},"image":{"@id":"https:\/\/www.eldigitaldeasturias.com\/noticias\/ruben-roson-el-pp-defiende-a-los-de-siempre\/#organizationLogo"},"sameAs":["https:\/\/facebook.com\/eldigitaldeasturias","https:\/\/www.youtube.com\/channel\/UCZP-2wLEB9Rv6erhFmqVnvg"],"address":{"@id":"https:\/\/www.eldigitaldeasturias.com\/noticias\/#postaladdress","@type":"PostalAddress","streetAddress":"san antonio 4,","postalCode":"33430","addressLocality":"Cand\u00e1s","addressRegion":"Asturias","addressCountry":"ES"}},{"@type":"Person","@id":"https:\/\/www.eldigitaldeasturias.com\/noticias\/author\/admin\/#author","url":"https:\/\/www.eldigitaldeasturias.com\/noticias\/author\/admin\/","name":"El Digital de Asturias","image":{"@type":"ImageObject","@id":"https:\/\/www.eldigitaldeasturias.com\/noticias\/ruben-roson-el-pp-defiende-a-los-de-siempre\/#authorImage","url":"https:\/\/www.eldigitaldeasturias.com\/noticias\/wp-content\/litespeed\/avatar\/18677e78aa0546b92d9dbf31ec7d7668.jpg?ver=1776685526","width":96,"height":96,"caption":"El Digital de Asturias"}},{"@type":"WebPage","@id":"https:\/\/www.eldigitaldeasturias.com\/noticias\/ruben-roson-el-pp-defiende-a-los-de-siempre\/#webpage","url":"https:\/\/www.eldigitaldeasturias.com\/noticias\/ruben-roson-el-pp-defiende-a-los-de-siempre\/","name":"Rub\u00e9n Ros\u00f3n: \u00abEl PP defiende a los de siempre\u00bb - El Digital de Asturias","description":"El concejal de Econom\u00eda, Rub\u00e9n Ros\u00f3n, ha replicado a las cr\u00edticas del PP y Ciudadanos a la redistribuci\u00f3n de la carga fiscal. \"El PP y su marca blanca critican que congelemos el IBI a las familias y lo subamos a los inmuebles de m\u00e1s de un mill\u00f3n de euros, porque defienden a los grandes propietarios\",","inLanguage":"es-ES","isPartOf":{"@id":"https:\/\/www.eldigitaldeasturias.com\/noticias\/#website"},"breadcrumb":{"@id":"https:\/\/www.eldigitaldeasturias.com\/noticias\/ruben-roson-el-pp-defiende-a-los-de-siempre\/#breadcrumblist"},"author":{"@id":"https:\/\/www.eldigitaldeasturias.com\/noticias\/author\/admin\/#author"},"creator":{"@id":"https:\/\/www.eldigitaldeasturias.com\/noticias\/author\/admin\/#author"},"image":{"@type":"ImageObject","url":"https:\/\/www.eldigitaldeasturias.com\/noticias\/wp-content\/uploads\/2016\/09\/fotonoticia_20160916150655_800.jpg","@id":"https:\/\/www.eldigitaldeasturias.com\/noticias\/ruben-roson-el-pp-defiende-a-los-de-siempre\/#mainImage","width":800,"height":533},"primaryImageOfPage":{"@id":"https:\/\/www.eldigitaldeasturias.com\/noticias\/ruben-roson-el-pp-defiende-a-los-de-siempre\/#mainImage"},"datePublished":"2016-09-17T02:32:27+02:00","dateModified":"2016-09-17T02:32:27+02:00"},{"@type":"WebSite","@id":"https:\/\/www.eldigitaldeasturias.com\/noticias\/#website","url":"https:\/\/www.eldigitaldeasturias.com\/noticias\/","name":"El Digital de Asturias - Diario de actualidad y noticias","alternateName":"El Digital de Asturias - Diario de actualidad y noticias","description":"Hemeroteca","inLanguage":"es-ES","publisher":{"@id":"https:\/\/www.eldigitaldeasturias.com\/noticias\/#organization"}}]},"og:locale":"es_ES","og:site_name":"El Digital de Asturias","og:type":"article","og:title":"Rub\u00e9n Ros\u00f3n: \u00abEl PP defiende a los de siempre\u00bb - El Digital de Asturias","og:description":"El concejal de Econom\u00eda, Rub\u00e9n Ros\u00f3n, ha replicado a las cr\u00edticas del PP y Ciudadanos a la redistribuci\u00f3n de la carga fiscal. &quot;El PP y su marca blanca critican que congelemos el IBI a las familias y lo subamos a los inmuebles de m\u00e1s de un mill\u00f3n de euros, porque defienden a los grandes propietarios&quot;,","og:url":"https:\/\/www.eldigitaldeasturias.com\/noticias\/ruben-roson-el-pp-defiende-a-los-de-siempre\/","og:image":"https:\/\/www.eldigitaldeasturias.com\/noticias\/wp-content\/uploads\/2016\/09\/fotonoticia_20160916150655_800.jpg","og:image:secure_url":"https:\/\/www.eldigitaldeasturias.com\/noticias\/wp-content\/uploads\/2016\/09\/fotonoticia_20160916150655_800.jpg","og:image:width":800,"og:image:height":533,"article:tag":["actualidad asturias"],"article:published_time":"2016-09-17T01:32:27+00:00","article:modified_time":"2016-09-17T01:32:27+00:00","article:publisher":"https:\/\/facebook.com\/eldigitaldeasturias","twitter:card":"summary_large_image","twitter:title":"Rub\u00e9n Ros\u00f3n: \u00abEl PP defiende a los de siempre\u00bb - El Digital de Asturias","twitter:description":"El concejal de Econom\u00eda, Rub\u00e9n Ros\u00f3n, ha replicado a las cr\u00edticas del PP y Ciudadanos a la redistribuci\u00f3n de la carga fiscal. &quot;El PP y su marca blanca critican que congelemos el IBI a las familias y lo subamos a los inmuebles de m\u00e1s de un mill\u00f3n de euros, porque defienden a los grandes propietarios&quot;,","twitter:image":"https:\/\/www.eldigitaldeasturias.com\/noticias\/wp-content\/uploads\/2016\/09\/fotonoticia_20160916150655_800.jpg","twitter:label1":"Escrito por","twitter:data1":"El Digital de Asturias","twitter:label2":"Tiempo de lectura estimado","twitter:data2":"1 minuto"},"aioseo_meta_data":{"post_id":"908116","title":null,"description":null,"keywords":null,"keyphrases":null,"primary_term":null,"canonical_url":null,"og_title":null,"og_description":null,"og_object_type":"default","og_image_type":"default","og_image_url":null,"og_image_width":null,"og_image_height":null,"og_image_custom_url":null,"og_image_custom_fields":null,"og_video":null,"og_custom_url":null,"og_article_section":null,"og_article_tags":null,"twitter_use_og":false,"twitter_card":"default","twitter_image_type":"default","twitter_image_url":null,"twitter_image_custom_url":null,"twitter_image_custom_fields":null,"twitter_title":null,"twitter_description":null,"schema":{"blockGraphs":[],"customGraphs":[],"default":{"data":{"Article":[],"Course":[],"Dataset":[],"FAQPage":[],"Movie":[],"Person":[],"Product":[],"ProductReview":[],"Car":[],"Recipe":[],"Service":[],"SoftwareApplication":[],"WebPage":[]},"graphName":"","isEnabled":true},"graphs":[],"defaultGraph":"","defaultPostTypeGraph":""},"schema_type":null,"schema_type_options":null,"pillar_content":false,"robots_default":true,"robots_noindex":false,"robots_noarchive":false,"robots_nosnippet":false,"robots_nofollow":false,"robots_noimageindex":false,"robots_noodp":false,"robots_notranslate":false,"robots_max_snippet":null,"robots_max_videopreview":null,"robots_max_imagepreview":"large","priority":null,"frequency":null,"local_seo":null,"seo_analyzer_scan_date":"2025-11-30 14:55:36","breadcrumb_settings":null,"limit_modified_date":false,"open_ai":null,"ai":null,"created":"2020-12-21 14:00:26","updated":"2025-11-30 14:55:36"},"aioseo_breadcrumb":"<div class=\"aioseo-breadcrumbs\"><span class=\"aioseo-breadcrumb\">\n\t<a href=\"https:\/\/www.eldigitaldeasturias.com\/noticias\" title=\"Home\">Home<\/a>\n<\/span><span class=\"aioseo-breadcrumb-separator\">\u2013<\/span><span class=\"aioseo-breadcrumb\">\n\t<a href=\"https:\/\/www.eldigitaldeasturias.com\/noticias\/category\/actualidad-asturias\/\" title=\"Actualidad Asturias\">Actualidad Asturias<\/a>\n<\/span><span class=\"aioseo-breadcrumb-separator\">\u2013<\/span><span class=\"aioseo-breadcrumb\">\n\t<a href=\"https:\/\/www.eldigitaldeasturias.com\/noticias\/ruben-roson-el-pp-defiende-a-los-de-siempre\/\" title=\"Rub\u00e9n Ros\u00f3n: \u00abEl PP defiende a los de siempre\u00bb\">Rub\u00e9n Ros\u00f3n: \u00abEl PP defiende a los de siempre\u00bb<\/a>\n<\/span><\/div>","aioseo_breadcrumb_json":[{"label":"Home","link":"https:\/\/www.eldigitaldeasturias.com\/noticias"},{"label":"Actualidad Asturias","link":"https:\/\/www.eldigitaldeasturias.com\/noticias\/category\/actualidad-asturias\/"},{"label":"Rub\u00e9n Ros\u00f3n: \u00abEl PP defiende a los de siempre\u00bb","link":"https:\/\/www.eldigitaldeasturias.com\/noticias\/ruben-roson-el-pp-defiende-a-los-de-siempre\/"}],"_links":{"self":[{"href":"https:\/\/www.eldigitaldeasturias.com\/noticias\/wp-json\/wp\/v2\/posts\/908116","targetHints":{"allow":["GET"]}}],"collection":[{"href":"https:\/\/www.eldigitaldeasturias.com\/noticias\/wp-json\/wp\/v2\/posts"}],"about":[{"href":"https:\/\/www.eldigitaldeasturias.com\/noticias\/wp-json\/wp\/v2\/types\/post"}],"author":[{"embeddable":true,"href":"https:\/\/www.eldigitaldeasturias.com\/noticias\/wp-json\/wp\/v2\/users\/1"}],"replies":[{"embeddable":true,"href":"https:\/\/www.eldigitaldeasturias.com\/noticias\/wp-json\/wp\/v2\/comments?post=908116"}],"version-history":[{"count":0,"href":"https:\/\/www.eldigitaldeasturias.com\/noticias\/wp-json\/wp\/v2\/posts\/908116\/revisions"}],"wp:featuredmedia":[{"embeddable":true,"href":"https:\/\/www.eldigitaldeasturias.com\/noticias\/wp-json\/wp\/v2\/media\/908117"}],"wp:attachment":[{"href":"https:\/\/www.eldigitaldeasturias.com\/noticias\/wp-json\/wp\/v2\/media?parent=908116"}],"wp:term":[{"taxonomy":"category","embeddable":true,"href":"https:\/\/www.eldigitaldeasturias.com\/noticias\/wp-json\/wp\/v2\/categories?post=908116"},{"taxonomy":"post_tag","embeddable":true,"href":"https:\/\/www.eldigitaldeasturias.com\/noticias\/wp-json\/wp\/v2\/tags?post=908116"}],"curies":[{"name":"wp","href":"https:\/\/api.w.org\/{rel}","templated":true}]}}