{"id":908109,"date":"2016-09-17T02:18:16","date_gmt":"2016-09-17T01:18:16","guid":{"rendered":"http:\/\/www.eldigitaldeasturias.com\/noticias\/?p=908109"},"modified":"2016-09-17T02:18:16","modified_gmt":"2016-09-17T01:18:16","slug":"roson-niega-fisuras-en-el-tripartito-de-oviedo","status":"publish","type":"post","link":"https:\/\/www.eldigitaldeasturias.com\/noticias\/roson-niega-fisuras-en-el-tripartito-de-oviedo\/","title":{"rendered":"Ros\u00f3n niega \u201cfisuras\u201d en el tripartito de Oviedo"},"content":{"rendered":"<p><img loading=\"lazy\" decoding=\"async\" class=\"alignleft size-medium wp-image-908110\" src=\"https:\/\/www.eldigitaldeasturias.com\/noticias\/wp-content\/uploads\/2016\/09\/fotonoticia_20160916145936_800-360x240.jpg\" alt=\"fotonoticia_20160916145936_800\" width=\"360\" height=\"240\" srcset=\"https:\/\/www.eldigitaldeasturias.com\/noticias\/wp-content\/uploads\/2016\/09\/fotonoticia_20160916145936_800-360x240.jpg 360w, https:\/\/www.eldigitaldeasturias.com\/noticias\/wp-content\/uploads\/2016\/09\/fotonoticia_20160916145936_800-768x512.jpg 768w, https:\/\/www.eldigitaldeasturias.com\/noticias\/wp-content\/uploads\/2016\/09\/fotonoticia_20160916145936_800-650x433.jpg 650w, https:\/\/www.eldigitaldeasturias.com\/noticias\/wp-content\/uploads\/2016\/09\/fotonoticia_20160916145936_800-84x55.jpg 84w, https:\/\/www.eldigitaldeasturias.com\/noticias\/wp-content\/uploads\/2016\/09\/fotonoticia_20160916145936_800-49x32.jpg 49w, https:\/\/www.eldigitaldeasturias.com\/noticias\/wp-content\/uploads\/2016\/09\/fotonoticia_20160916145936_800.jpg 800w\" sizes=\"auto, (max-width: 360px) 100vw, 360px\" \/>El concejal de Econom\u00eda y Empleo del Ayuntamiento de Oviedo, Rub\u00e9n Ros\u00f3n, ha manifestado que no hay problemas en la Junta de Gobierno local. Ros\u00f3n ha respondido as\u00ed a preguntas de los medios sobre el \u00abmalestar\u00bb que expres\u00f3 este jueves el concejal de IU de Oviedo, Iv\u00e1n \u00c1lvarez, por la actuaci\u00f3n del alcalde, Wenceslao L\u00f3pez, en el proyecto de El Vasco.<\/p>\n<p>El concejal ha realizado estas manifestaciones este viernes tras la presentaci\u00f3n en el Ayuntamiento del mercadillo solidario &#8216;Pop Up Market Look&#8217; organizado por la Asociaci\u00f3n Comercio Oviedo Antiguo este fin de semana en la plaza de Trascorrales.<\/p>\n<p>Respecto a las quejas de IU sobre la falta de informaci\u00f3n a los miembros del Gobierno por parte del Alcalde, ha se\u00f1alado que la reuni\u00f3n con los empresarios interesados en el Vasco se trat\u00f3 de una mera \u00abtoma de contacto\u00bb. Asimismo, ha se\u00f1alado que la Junta de Gobierno de este viernes se ha celebrado con total normalidad.<\/p>\n<p>En ese sentido, ha explicado que el papel que corresponde al Ayuntamiento no es un \u00abtema pol\u00edtico\u00bb sino \u00abt\u00e9cnico\u00bb ya que se trata de unas empresas que quieren retomar \u00abun proyecto privado que pasa de unas manos a otras\u00bb. Por ello, ha se\u00f1alado que al Consistorio s\u00f3lo le corresponde comprobar si el proyecto cumple \u00ablos criterios legales para otorgar la licencia municipal\u00bb correspondiente.<\/p>\n<p>Eso s\u00ed, Rub\u00e9n Ros\u00f3n ha querido \u00abcelebrar\u00bb que \u00abquiz\u00e1s pueda desbloquearse una parcela que lleva quince a\u00f1os apartada de las manos de los ovetenses\u00bb.<\/p>\n<p>En este punto, ha cargado contra el anterior Gobierno de la ciudad del Partido Popular que realiz\u00f3 \u00abocho promesas coincidiendo con ocho etapas electorales\u00bb para esta \u00abparcela singular donde estaba una estaci\u00f3n preciosa como la del Vasco\u00bb.<\/p>\n<p>Ros\u00f3n ha insistido en que el PP \u00abpromet\u00eda y promet\u00eda\u00bb proyectos como una \u00abescuela de arte, las torres del Calatrava o un nuevo ayuntamiento\u00bb. As\u00ed, la \u00abherencia\u00bb del PP ha sido \u00abtodos estos proyectos falaces\u00bb porque \u00abquedaban en nada\u00bb y despu\u00e9s de 15 a\u00f1os \u00abno tenemos la estaci\u00f3n del Vasco y s\u00ed una parcela bloqueada\u00bb, ha concluido.<\/p>\n<p>Un consorcio, formado por diversas empresas asturianas o con estrecha vinculaci\u00f3n con el Principado, ha presentado al Ayuntamiento de Oviedo un proyecto que bajo la denominaci\u00f3n de &#8216;Gran Bulevar&#8217; ofrecer\u00eda una soluci\u00f3n al solar del Vasco, con la conclusi\u00f3n de las viviendas de las tres torres ya construidas y la gesti\u00f3n de los distintos espacios de la parcela que tendr\u00edan car\u00e1cter l\u00fadico, deportivo, tur\u00edstico, comercial y otros usos.<\/p>\n<p><strong>POLIC\u00cdA LOCAL DE OVIEDO QUE OCUPA PUESTO DE CONCEJAL EN CANDAMO<\/strong><\/p>\n<p>Respecto a la controversia sobre la compatibilidad de los cargos del Polic\u00eda Local de Oviedo que es concejal de Izquierda Unida en Candamo, Rub\u00e9n Ros\u00f3n ha manifestado que \u00aben principio\u00bb considera que \u00abser un trabajador p\u00fablico y ejercer un cargo pol\u00edtico no est\u00e1 fuera de la ley\u00bb.<\/p>\n<p>En ese sentido, se ha puesto como ejemplo a s\u00ed mismo que consigui\u00f3 una plaza de Medico Interno Residente (MIR). \u00abNo veo problema alguno en que una persona que sea un trabajador de la administraci\u00f3n ocupe un cargo p\u00fablico\u00bb, ha finalizado.<\/p>\n<p>&nbsp;<\/p>\n","protected":false},"excerpt":{"rendered":"<p>El concejal de Econom\u00eda y Empleo del Ayuntamiento de Oviedo, Rub\u00e9n Ros\u00f3n, ha manifestado que no hay problemas en la Junta de Gobierno local. Ros\u00f3n ha respondido as\u00ed a preguntas de los medios sobre el \u00abmalestar\u00bb que expres\u00f3 este jueves el concejal de IU de Oviedo, Iv\u00e1n \u00c1lvarez, por la actuaci\u00f3n del alcalde, Wenceslao L\u00f3pez, [&hellip;]<\/p>\n","protected":false},"author":1,"featured_media":908110,"comment_status":"closed","ping_status":"closed","sticky":false,"template":"","format":"standard","meta":{"footnotes":""},"categories":[12],"tags":[],"class_list":["post-908109","post","type-post","status-publish","format-standard","has-post-thumbnail","hentry","category-actualidad-asturias"],"aioseo_notices":[],"aioseo_head":"\n\t\t<!-- All in One SEO Pro 4.9.6.2 - aioseo.com -->\n\t<meta name=\"description\" content=\"El concejal de Econom\u00eda y Empleo del Ayuntamiento de Oviedo, Rub\u00e9n Ros\u00f3n, ha manifestado que no hay problemas en la Junta de Gobierno local. Ros\u00f3n ha respondido as\u00ed a preguntas de los medios sobre el &quot;malestar&quot; que expres\u00f3 este jueves el concejal de IU de Oviedo, Iv\u00e1n \u00c1lvarez, por la actuaci\u00f3n del alcalde, Wenceslao L\u00f3pez,\" \/>\n\t<meta name=\"robots\" content=\"max-image-preview:large\" \/>\n\t<meta name=\"author\" content=\"El Digital de Asturias\"\/>\n\t<meta name=\"google-site-verification\" content=\"UA-38556648-1\" \/>\n\t<meta name=\"msvalidate.01\" content=\"7dfe9f3f1b24437ab69f4f2559babe99\" \/>\n\t<meta name=\"keywords\" content=\"actualidad asturias\" \/>\n\t<link rel=\"canonical\" href=\"https:\/\/www.eldigitaldeasturias.com\/noticias\/roson-niega-fisuras-en-el-tripartito-de-oviedo\/\" \/>\n\t<meta name=\"generator\" content=\"All in One SEO Pro (AIOSEO) 4.9.6.2\" \/>\n\t\t<meta property=\"og:locale\" content=\"es_ES\" \/>\n\t\t<meta property=\"og:site_name\" content=\"El Digital de Asturias\" \/>\n\t\t<meta property=\"og:type\" content=\"article\" \/>\n\t\t<meta property=\"og:title\" content=\"Ros\u00f3n niega \u201cfisuras\u201d en el tripartito de Oviedo - El Digital de Asturias\" \/>\n\t\t<meta property=\"og:description\" content=\"El concejal de Econom\u00eda y Empleo del Ayuntamiento de Oviedo, Rub\u00e9n Ros\u00f3n, ha manifestado que no hay problemas en la Junta de Gobierno local. Ros\u00f3n ha respondido as\u00ed a preguntas de los medios sobre el &quot;malestar&quot; que expres\u00f3 este jueves el concejal de IU de Oviedo, Iv\u00e1n \u00c1lvarez, por la actuaci\u00f3n del alcalde, Wenceslao L\u00f3pez,\" \/>\n\t\t<meta property=\"og:url\" content=\"https:\/\/www.eldigitaldeasturias.com\/noticias\/roson-niega-fisuras-en-el-tripartito-de-oviedo\/\" \/>\n\t\t<meta property=\"og:image\" content=\"https:\/\/www.eldigitaldeasturias.com\/noticias\/wp-content\/uploads\/2016\/09\/fotonoticia_20160916145936_800.jpg\" \/>\n\t\t<meta property=\"og:image:secure_url\" content=\"https:\/\/www.eldigitaldeasturias.com\/noticias\/wp-content\/uploads\/2016\/09\/fotonoticia_20160916145936_800.jpg\" \/>\n\t\t<meta property=\"og:image:width\" content=\"800\" \/>\n\t\t<meta property=\"og:image:height\" content=\"533\" \/>\n\t\t<meta property=\"article:tag\" content=\"actualidad asturias\" \/>\n\t\t<meta property=\"article:published_time\" content=\"2016-09-17T01:18:16+00:00\" \/>\n\t\t<meta property=\"article:modified_time\" content=\"2016-09-17T01:18:16+00:00\" \/>\n\t\t<meta property=\"article:publisher\" content=\"https:\/\/facebook.com\/eldigitaldeasturias\" \/>\n\t\t<meta name=\"twitter:card\" content=\"summary_large_image\" \/>\n\t\t<meta name=\"twitter:title\" content=\"Ros\u00f3n niega \u201cfisuras\u201d en el tripartito de Oviedo - El Digital de Asturias\" \/>\n\t\t<meta name=\"twitter:description\" content=\"El concejal de Econom\u00eda y Empleo del Ayuntamiento de Oviedo, Rub\u00e9n Ros\u00f3n, ha manifestado que no hay problemas en la Junta de Gobierno local. Ros\u00f3n ha respondido as\u00ed a preguntas de los medios sobre el &quot;malestar&quot; que expres\u00f3 este jueves el concejal de IU de Oviedo, Iv\u00e1n \u00c1lvarez, por la actuaci\u00f3n del alcalde, Wenceslao L\u00f3pez,\" \/>\n\t\t<meta name=\"twitter:image\" content=\"https:\/\/www.eldigitaldeasturias.com\/noticias\/wp-content\/uploads\/2016\/09\/fotonoticia_20160916145936_800.jpg\" \/>\n\t\t<meta name=\"twitter:label1\" content=\"Escrito por\" \/>\n\t\t<meta name=\"twitter:data1\" content=\"El Digital de Asturias\" \/>\n\t\t<meta name=\"twitter:label2\" content=\"Tiempo de lectura estimado\" \/>\n\t\t<meta name=\"twitter:data2\" content=\"3 minutos\" \/>\n\t\t<script type=\"application\/ld+json\" class=\"aioseo-schema\">\n\t\t\t{\"@context\":\"https:\\\/\\\/schema.org\",\"@graph\":[{\"@type\":\"BlogPosting\",\"@id\":\"https:\\\/\\\/www.eldigitaldeasturias.com\\\/noticias\\\/roson-niega-fisuras-en-el-tripartito-de-oviedo\\\/#blogposting\",\"name\":\"Ros\\u00f3n niega \\u201cfisuras\\u201d en el tripartito de Oviedo - El Digital de Asturias\",\"headline\":\"Ros\\u00f3n niega \\u201cfisuras\\u201d en el tripartito de Oviedo\",\"author\":{\"@id\":\"https:\\\/\\\/www.eldigitaldeasturias.com\\\/noticias\\\/author\\\/admin\\\/#author\"},\"publisher\":{\"@id\":\"https:\\\/\\\/www.eldigitaldeasturias.com\\\/noticias\\\/#organization\"},\"image\":{\"@type\":\"ImageObject\",\"url\":\"https:\\\/\\\/www.eldigitaldeasturias.com\\\/noticias\\\/wp-content\\\/uploads\\\/2016\\\/09\\\/fotonoticia_20160916145936_800.jpg\",\"width\":800,\"height\":533},\"datePublished\":\"2016-09-17T02:18:16+02:00\",\"dateModified\":\"2016-09-17T02:18:16+02:00\",\"inLanguage\":\"es-ES\",\"mainEntityOfPage\":{\"@id\":\"https:\\\/\\\/www.eldigitaldeasturias.com\\\/noticias\\\/roson-niega-fisuras-en-el-tripartito-de-oviedo\\\/#webpage\"},\"isPartOf\":{\"@id\":\"https:\\\/\\\/www.eldigitaldeasturias.com\\\/noticias\\\/roson-niega-fisuras-en-el-tripartito-de-oviedo\\\/#webpage\"},\"articleSection\":\"Actualidad Asturias\"},{\"@type\":\"BreadcrumbList\",\"@id\":\"https:\\\/\\\/www.eldigitaldeasturias.com\\\/noticias\\\/roson-niega-fisuras-en-el-tripartito-de-oviedo\\\/#breadcrumblist\",\"itemListElement\":[{\"@type\":\"ListItem\",\"@id\":\"https:\\\/\\\/www.eldigitaldeasturias.com\\\/noticias#listItem\",\"position\":1,\"name\":\"Home\",\"item\":\"https:\\\/\\\/www.eldigitaldeasturias.com\\\/noticias\",\"nextItem\":{\"@type\":\"ListItem\",\"@id\":\"https:\\\/\\\/www.eldigitaldeasturias.com\\\/noticias\\\/category\\\/actualidad-asturias\\\/#listItem\",\"name\":\"Actualidad Asturias\"}},{\"@type\":\"ListItem\",\"@id\":\"https:\\\/\\\/www.eldigitaldeasturias.com\\\/noticias\\\/category\\\/actualidad-asturias\\\/#listItem\",\"position\":2,\"name\":\"Actualidad Asturias\",\"item\":\"https:\\\/\\\/www.eldigitaldeasturias.com\\\/noticias\\\/category\\\/actualidad-asturias\\\/\",\"nextItem\":{\"@type\":\"ListItem\",\"@id\":\"https:\\\/\\\/www.eldigitaldeasturias.com\\\/noticias\\\/roson-niega-fisuras-en-el-tripartito-de-oviedo\\\/#listItem\",\"name\":\"Ros\\u00f3n niega \\u201cfisuras\\u201d en el tripartito de Oviedo\"},\"previousItem\":{\"@type\":\"ListItem\",\"@id\":\"https:\\\/\\\/www.eldigitaldeasturias.com\\\/noticias#listItem\",\"name\":\"Home\"}},{\"@type\":\"ListItem\",\"@id\":\"https:\\\/\\\/www.eldigitaldeasturias.com\\\/noticias\\\/roson-niega-fisuras-en-el-tripartito-de-oviedo\\\/#listItem\",\"position\":3,\"name\":\"Ros\\u00f3n niega \\u201cfisuras\\u201d en el tripartito de Oviedo\",\"previousItem\":{\"@type\":\"ListItem\",\"@id\":\"https:\\\/\\\/www.eldigitaldeasturias.com\\\/noticias\\\/category\\\/actualidad-asturias\\\/#listItem\",\"name\":\"Actualidad Asturias\"}}]},{\"@type\":\"Organization\",\"@id\":\"https:\\\/\\\/www.eldigitaldeasturias.com\\\/noticias\\\/#organization\",\"name\":\"El Digital de Asturias\",\"description\":\"Hemeroteca\",\"url\":\"https:\\\/\\\/www.eldigitaldeasturias.com\\\/noticias\\\/\",\"email\":\"info@eldigitaldeasturias.com\",\"telephone\":\"+34652131393\",\"logo\":{\"@type\":\"ImageObject\",\"url\":\"https:\\\/\\\/www.eldigitaldeasturias.com\\\/noticias\\\/wp-content\\\/uploads\\\/2020\\\/12\\\/EDA.jpg\",\"@id\":\"https:\\\/\\\/www.eldigitaldeasturias.com\\\/noticias\\\/roson-niega-fisuras-en-el-tripartito-de-oviedo\\\/#organizationLogo\",\"width\":649,\"height\":297},\"image\":{\"@id\":\"https:\\\/\\\/www.eldigitaldeasturias.com\\\/noticias\\\/roson-niega-fisuras-en-el-tripartito-de-oviedo\\\/#organizationLogo\"},\"sameAs\":[\"https:\\\/\\\/facebook.com\\\/eldigitaldeasturias\",\"https:\\\/\\\/www.youtube.com\\\/channel\\\/UCZP-2wLEB9Rv6erhFmqVnvg\"],\"address\":{\"@id\":\"https:\\\/\\\/www.eldigitaldeasturias.com\\\/noticias\\\/#postaladdress\",\"@type\":\"PostalAddress\",\"streetAddress\":\"san antonio 4,\",\"postalCode\":\"33430\",\"addressLocality\":\"Cand\\u00e1s\",\"addressRegion\":\"Asturias\",\"addressCountry\":\"ES\"}},{\"@type\":\"Person\",\"@id\":\"https:\\\/\\\/www.eldigitaldeasturias.com\\\/noticias\\\/author\\\/admin\\\/#author\",\"url\":\"https:\\\/\\\/www.eldigitaldeasturias.com\\\/noticias\\\/author\\\/admin\\\/\",\"name\":\"El Digital de Asturias\",\"image\":{\"@type\":\"ImageObject\",\"@id\":\"https:\\\/\\\/www.eldigitaldeasturias.com\\\/noticias\\\/roson-niega-fisuras-en-el-tripartito-de-oviedo\\\/#authorImage\",\"url\":\"https:\\\/\\\/www.eldigitaldeasturias.com\\\/noticias\\\/wp-content\\\/litespeed\\\/avatar\\\/18677e78aa0546b92d9dbf31ec7d7668.jpg?ver=1776685526\",\"width\":96,\"height\":96,\"caption\":\"El Digital de Asturias\"}},{\"@type\":\"WebPage\",\"@id\":\"https:\\\/\\\/www.eldigitaldeasturias.com\\\/noticias\\\/roson-niega-fisuras-en-el-tripartito-de-oviedo\\\/#webpage\",\"url\":\"https:\\\/\\\/www.eldigitaldeasturias.com\\\/noticias\\\/roson-niega-fisuras-en-el-tripartito-de-oviedo\\\/\",\"name\":\"Ros\\u00f3n niega \\u201cfisuras\\u201d en el tripartito de Oviedo - El Digital de Asturias\",\"description\":\"El concejal de Econom\\u00eda y Empleo del Ayuntamiento de Oviedo, Rub\\u00e9n Ros\\u00f3n, ha manifestado que no hay problemas en la Junta de Gobierno local. Ros\\u00f3n ha respondido as\\u00ed a preguntas de los medios sobre el \\\"malestar\\\" que expres\\u00f3 este jueves el concejal de IU de Oviedo, Iv\\u00e1n \\u00c1lvarez, por la actuaci\\u00f3n del alcalde, Wenceslao L\\u00f3pez,\",\"inLanguage\":\"es-ES\",\"isPartOf\":{\"@id\":\"https:\\\/\\\/www.eldigitaldeasturias.com\\\/noticias\\\/#website\"},\"breadcrumb\":{\"@id\":\"https:\\\/\\\/www.eldigitaldeasturias.com\\\/noticias\\\/roson-niega-fisuras-en-el-tripartito-de-oviedo\\\/#breadcrumblist\"},\"author\":{\"@id\":\"https:\\\/\\\/www.eldigitaldeasturias.com\\\/noticias\\\/author\\\/admin\\\/#author\"},\"creator\":{\"@id\":\"https:\\\/\\\/www.eldigitaldeasturias.com\\\/noticias\\\/author\\\/admin\\\/#author\"},\"image\":{\"@type\":\"ImageObject\",\"url\":\"https:\\\/\\\/www.eldigitaldeasturias.com\\\/noticias\\\/wp-content\\\/uploads\\\/2016\\\/09\\\/fotonoticia_20160916145936_800.jpg\",\"@id\":\"https:\\\/\\\/www.eldigitaldeasturias.com\\\/noticias\\\/roson-niega-fisuras-en-el-tripartito-de-oviedo\\\/#mainImage\",\"width\":800,\"height\":533},\"primaryImageOfPage\":{\"@id\":\"https:\\\/\\\/www.eldigitaldeasturias.com\\\/noticias\\\/roson-niega-fisuras-en-el-tripartito-de-oviedo\\\/#mainImage\"},\"datePublished\":\"2016-09-17T02:18:16+02:00\",\"dateModified\":\"2016-09-17T02:18:16+02:00\"},{\"@type\":\"WebSite\",\"@id\":\"https:\\\/\\\/www.eldigitaldeasturias.com\\\/noticias\\\/#website\",\"url\":\"https:\\\/\\\/www.eldigitaldeasturias.com\\\/noticias\\\/\",\"name\":\"El Digital de Asturias - Diario de actualidad y noticias\",\"alternateName\":\"El Digital de Asturias - Diario de actualidad y noticias\",\"description\":\"Hemeroteca\",\"inLanguage\":\"es-ES\",\"publisher\":{\"@id\":\"https:\\\/\\\/www.eldigitaldeasturias.com\\\/noticias\\\/#organization\"}}]}\n\t\t<\/script>\n\t\t<!-- All in One SEO Pro -->\r\n\t\t<title>Ros\u00f3n niega \u201cfisuras\u201d en el tripartito de Oviedo - El Digital de Asturias<\/title>\n\n","aioseo_head_json":{"title":"Ros\u00f3n niega \u201cfisuras\u201d en el tripartito de Oviedo - El Digital de Asturias","description":"El concejal de Econom\u00eda y Empleo del Ayuntamiento de Oviedo, Rub\u00e9n Ros\u00f3n, ha manifestado que no hay problemas en la Junta de Gobierno local. Ros\u00f3n ha respondido as\u00ed a preguntas de los medios sobre el \"malestar\" que expres\u00f3 este jueves el concejal de IU de Oviedo, Iv\u00e1n \u00c1lvarez, por la actuaci\u00f3n del alcalde, Wenceslao L\u00f3pez,","canonical_url":"https:\/\/www.eldigitaldeasturias.com\/noticias\/roson-niega-fisuras-en-el-tripartito-de-oviedo\/","robots":"max-image-preview:large","keywords":"actualidad asturias","webmasterTools":{"google-site-verification":"UA-38556648-1","msvalidate.01":"7dfe9f3f1b24437ab69f4f2559babe99","miscellaneous":""},"schema":{"@context":"https:\/\/schema.org","@graph":[{"@type":"BlogPosting","@id":"https:\/\/www.eldigitaldeasturias.com\/noticias\/roson-niega-fisuras-en-el-tripartito-de-oviedo\/#blogposting","name":"Ros\u00f3n niega \u201cfisuras\u201d en el tripartito de Oviedo - El Digital de Asturias","headline":"Ros\u00f3n niega \u201cfisuras\u201d en el tripartito de Oviedo","author":{"@id":"https:\/\/www.eldigitaldeasturias.com\/noticias\/author\/admin\/#author"},"publisher":{"@id":"https:\/\/www.eldigitaldeasturias.com\/noticias\/#organization"},"image":{"@type":"ImageObject","url":"https:\/\/www.eldigitaldeasturias.com\/noticias\/wp-content\/uploads\/2016\/09\/fotonoticia_20160916145936_800.jpg","width":800,"height":533},"datePublished":"2016-09-17T02:18:16+02:00","dateModified":"2016-09-17T02:18:16+02:00","inLanguage":"es-ES","mainEntityOfPage":{"@id":"https:\/\/www.eldigitaldeasturias.com\/noticias\/roson-niega-fisuras-en-el-tripartito-de-oviedo\/#webpage"},"isPartOf":{"@id":"https:\/\/www.eldigitaldeasturias.com\/noticias\/roson-niega-fisuras-en-el-tripartito-de-oviedo\/#webpage"},"articleSection":"Actualidad Asturias"},{"@type":"BreadcrumbList","@id":"https:\/\/www.eldigitaldeasturias.com\/noticias\/roson-niega-fisuras-en-el-tripartito-de-oviedo\/#breadcrumblist","itemListElement":[{"@type":"ListItem","@id":"https:\/\/www.eldigitaldeasturias.com\/noticias#listItem","position":1,"name":"Home","item":"https:\/\/www.eldigitaldeasturias.com\/noticias","nextItem":{"@type":"ListItem","@id":"https:\/\/www.eldigitaldeasturias.com\/noticias\/category\/actualidad-asturias\/#listItem","name":"Actualidad Asturias"}},{"@type":"ListItem","@id":"https:\/\/www.eldigitaldeasturias.com\/noticias\/category\/actualidad-asturias\/#listItem","position":2,"name":"Actualidad Asturias","item":"https:\/\/www.eldigitaldeasturias.com\/noticias\/category\/actualidad-asturias\/","nextItem":{"@type":"ListItem","@id":"https:\/\/www.eldigitaldeasturias.com\/noticias\/roson-niega-fisuras-en-el-tripartito-de-oviedo\/#listItem","name":"Ros\u00f3n niega \u201cfisuras\u201d en el tripartito de Oviedo"},"previousItem":{"@type":"ListItem","@id":"https:\/\/www.eldigitaldeasturias.com\/noticias#listItem","name":"Home"}},{"@type":"ListItem","@id":"https:\/\/www.eldigitaldeasturias.com\/noticias\/roson-niega-fisuras-en-el-tripartito-de-oviedo\/#listItem","position":3,"name":"Ros\u00f3n niega \u201cfisuras\u201d en el tripartito de Oviedo","previousItem":{"@type":"ListItem","@id":"https:\/\/www.eldigitaldeasturias.com\/noticias\/category\/actualidad-asturias\/#listItem","name":"Actualidad Asturias"}}]},{"@type":"Organization","@id":"https:\/\/www.eldigitaldeasturias.com\/noticias\/#organization","name":"El Digital de Asturias","description":"Hemeroteca","url":"https:\/\/www.eldigitaldeasturias.com\/noticias\/","email":"info@eldigitaldeasturias.com","telephone":"+34652131393","logo":{"@type":"ImageObject","url":"https:\/\/www.eldigitaldeasturias.com\/noticias\/wp-content\/uploads\/2020\/12\/EDA.jpg","@id":"https:\/\/www.eldigitaldeasturias.com\/noticias\/roson-niega-fisuras-en-el-tripartito-de-oviedo\/#organizationLogo","width":649,"height":297},"image":{"@id":"https:\/\/www.eldigitaldeasturias.com\/noticias\/roson-niega-fisuras-en-el-tripartito-de-oviedo\/#organizationLogo"},"sameAs":["https:\/\/facebook.com\/eldigitaldeasturias","https:\/\/www.youtube.com\/channel\/UCZP-2wLEB9Rv6erhFmqVnvg"],"address":{"@id":"https:\/\/www.eldigitaldeasturias.com\/noticias\/#postaladdress","@type":"PostalAddress","streetAddress":"san antonio 4,","postalCode":"33430","addressLocality":"Cand\u00e1s","addressRegion":"Asturias","addressCountry":"ES"}},{"@type":"Person","@id":"https:\/\/www.eldigitaldeasturias.com\/noticias\/author\/admin\/#author","url":"https:\/\/www.eldigitaldeasturias.com\/noticias\/author\/admin\/","name":"El Digital de Asturias","image":{"@type":"ImageObject","@id":"https:\/\/www.eldigitaldeasturias.com\/noticias\/roson-niega-fisuras-en-el-tripartito-de-oviedo\/#authorImage","url":"https:\/\/www.eldigitaldeasturias.com\/noticias\/wp-content\/litespeed\/avatar\/18677e78aa0546b92d9dbf31ec7d7668.jpg?ver=1776685526","width":96,"height":96,"caption":"El Digital de Asturias"}},{"@type":"WebPage","@id":"https:\/\/www.eldigitaldeasturias.com\/noticias\/roson-niega-fisuras-en-el-tripartito-de-oviedo\/#webpage","url":"https:\/\/www.eldigitaldeasturias.com\/noticias\/roson-niega-fisuras-en-el-tripartito-de-oviedo\/","name":"Ros\u00f3n niega \u201cfisuras\u201d en el tripartito de Oviedo - El Digital de Asturias","description":"El concejal de Econom\u00eda y Empleo del Ayuntamiento de Oviedo, Rub\u00e9n Ros\u00f3n, ha manifestado que no hay problemas en la Junta de Gobierno local. Ros\u00f3n ha respondido as\u00ed a preguntas de los medios sobre el \"malestar\" que expres\u00f3 este jueves el concejal de IU de Oviedo, Iv\u00e1n \u00c1lvarez, por la actuaci\u00f3n del alcalde, Wenceslao L\u00f3pez,","inLanguage":"es-ES","isPartOf":{"@id":"https:\/\/www.eldigitaldeasturias.com\/noticias\/#website"},"breadcrumb":{"@id":"https:\/\/www.eldigitaldeasturias.com\/noticias\/roson-niega-fisuras-en-el-tripartito-de-oviedo\/#breadcrumblist"},"author":{"@id":"https:\/\/www.eldigitaldeasturias.com\/noticias\/author\/admin\/#author"},"creator":{"@id":"https:\/\/www.eldigitaldeasturias.com\/noticias\/author\/admin\/#author"},"image":{"@type":"ImageObject","url":"https:\/\/www.eldigitaldeasturias.com\/noticias\/wp-content\/uploads\/2016\/09\/fotonoticia_20160916145936_800.jpg","@id":"https:\/\/www.eldigitaldeasturias.com\/noticias\/roson-niega-fisuras-en-el-tripartito-de-oviedo\/#mainImage","width":800,"height":533},"primaryImageOfPage":{"@id":"https:\/\/www.eldigitaldeasturias.com\/noticias\/roson-niega-fisuras-en-el-tripartito-de-oviedo\/#mainImage"},"datePublished":"2016-09-17T02:18:16+02:00","dateModified":"2016-09-17T02:18:16+02:00"},{"@type":"WebSite","@id":"https:\/\/www.eldigitaldeasturias.com\/noticias\/#website","url":"https:\/\/www.eldigitaldeasturias.com\/noticias\/","name":"El Digital de Asturias - Diario de actualidad y noticias","alternateName":"El Digital de Asturias - Diario de actualidad y noticias","description":"Hemeroteca","inLanguage":"es-ES","publisher":{"@id":"https:\/\/www.eldigitaldeasturias.com\/noticias\/#organization"}}]},"og:locale":"es_ES","og:site_name":"El Digital de Asturias","og:type":"article","og:title":"Ros\u00f3n niega \u201cfisuras\u201d en el tripartito de Oviedo - El Digital de Asturias","og:description":"El concejal de Econom\u00eda y Empleo del Ayuntamiento de Oviedo, Rub\u00e9n Ros\u00f3n, ha manifestado que no hay problemas en la Junta de Gobierno local. Ros\u00f3n ha respondido as\u00ed a preguntas de los medios sobre el &quot;malestar&quot; que expres\u00f3 este jueves el concejal de IU de Oviedo, Iv\u00e1n \u00c1lvarez, por la actuaci\u00f3n del alcalde, Wenceslao L\u00f3pez,","og:url":"https:\/\/www.eldigitaldeasturias.com\/noticias\/roson-niega-fisuras-en-el-tripartito-de-oviedo\/","og:image":"https:\/\/www.eldigitaldeasturias.com\/noticias\/wp-content\/uploads\/2016\/09\/fotonoticia_20160916145936_800.jpg","og:image:secure_url":"https:\/\/www.eldigitaldeasturias.com\/noticias\/wp-content\/uploads\/2016\/09\/fotonoticia_20160916145936_800.jpg","og:image:width":800,"og:image:height":533,"article:tag":["actualidad asturias"],"article:published_time":"2016-09-17T01:18:16+00:00","article:modified_time":"2016-09-17T01:18:16+00:00","article:publisher":"https:\/\/facebook.com\/eldigitaldeasturias","twitter:card":"summary_large_image","twitter:title":"Ros\u00f3n niega \u201cfisuras\u201d en el tripartito de Oviedo - El Digital de Asturias","twitter:description":"El concejal de Econom\u00eda y Empleo del Ayuntamiento de Oviedo, Rub\u00e9n Ros\u00f3n, ha manifestado que no hay problemas en la Junta de Gobierno local. Ros\u00f3n ha respondido as\u00ed a preguntas de los medios sobre el &quot;malestar&quot; que expres\u00f3 este jueves el concejal de IU de Oviedo, Iv\u00e1n \u00c1lvarez, por la actuaci\u00f3n del alcalde, Wenceslao L\u00f3pez,","twitter:image":"https:\/\/www.eldigitaldeasturias.com\/noticias\/wp-content\/uploads\/2016\/09\/fotonoticia_20160916145936_800.jpg","twitter:label1":"Escrito por","twitter:data1":"El Digital de Asturias","twitter:label2":"Tiempo de lectura estimado","twitter:data2":"3 minutos"},"aioseo_meta_data":{"post_id":"908109","title":null,"description":null,"keywords":null,"keyphrases":null,"primary_term":null,"canonical_url":null,"og_title":null,"og_description":null,"og_object_type":"default","og_image_type":"default","og_image_url":null,"og_image_width":null,"og_image_height":null,"og_image_custom_url":null,"og_image_custom_fields":null,"og_video":null,"og_custom_url":null,"og_article_section":null,"og_article_tags":null,"twitter_use_og":false,"twitter_card":"default","twitter_image_type":"default","twitter_image_url":null,"twitter_image_custom_url":null,"twitter_image_custom_fields":null,"twitter_title":null,"twitter_description":null,"schema":{"blockGraphs":[],"customGraphs":[],"default":{"data":{"Article":[],"Course":[],"Dataset":[],"FAQPage":[],"Movie":[],"Person":[],"Product":[],"ProductReview":[],"Car":[],"Recipe":[],"Service":[],"SoftwareApplication":[],"WebPage":[]},"graphName":"","isEnabled":true},"graphs":[],"defaultGraph":"","defaultPostTypeGraph":""},"schema_type":null,"schema_type_options":null,"pillar_content":false,"robots_default":true,"robots_noindex":false,"robots_noarchive":false,"robots_nosnippet":false,"robots_nofollow":false,"robots_noimageindex":false,"robots_noodp":false,"robots_notranslate":false,"robots_max_snippet":null,"robots_max_videopreview":null,"robots_max_imagepreview":"large","priority":null,"frequency":null,"local_seo":null,"seo_analyzer_scan_date":"2025-11-30 14:53:13","breadcrumb_settings":null,"limit_modified_date":false,"open_ai":null,"ai":null,"created":"2020-12-21 14:00:26","updated":"2025-11-30 14:53:13"},"aioseo_breadcrumb":"<div class=\"aioseo-breadcrumbs\"><span class=\"aioseo-breadcrumb\">\n\t<a href=\"https:\/\/www.eldigitaldeasturias.com\/noticias\" title=\"Home\">Home<\/a>\n<\/span><span class=\"aioseo-breadcrumb-separator\">\u2013<\/span><span class=\"aioseo-breadcrumb\">\n\t<a href=\"https:\/\/www.eldigitaldeasturias.com\/noticias\/category\/actualidad-asturias\/\" title=\"Actualidad Asturias\">Actualidad Asturias<\/a>\n<\/span><span class=\"aioseo-breadcrumb-separator\">\u2013<\/span><span class=\"aioseo-breadcrumb\">\n\t<a href=\"https:\/\/www.eldigitaldeasturias.com\/noticias\/roson-niega-fisuras-en-el-tripartito-de-oviedo\/\" title=\"Ros\u00f3n niega \u201cfisuras\u201d en el tripartito de Oviedo\">Ros\u00f3n niega \u201cfisuras\u201d en el tripartito de Oviedo<\/a>\n<\/span><\/div>","aioseo_breadcrumb_json":[{"label":"Home","link":"https:\/\/www.eldigitaldeasturias.com\/noticias"},{"label":"Actualidad Asturias","link":"https:\/\/www.eldigitaldeasturias.com\/noticias\/category\/actualidad-asturias\/"},{"label":"Ros\u00f3n niega \u201cfisuras\u201d en el tripartito de Oviedo","link":"https:\/\/www.eldigitaldeasturias.com\/noticias\/roson-niega-fisuras-en-el-tripartito-de-oviedo\/"}],"_links":{"self":[{"href":"https:\/\/www.eldigitaldeasturias.com\/noticias\/wp-json\/wp\/v2\/posts\/908109","targetHints":{"allow":["GET"]}}],"collection":[{"href":"https:\/\/www.eldigitaldeasturias.com\/noticias\/wp-json\/wp\/v2\/posts"}],"about":[{"href":"https:\/\/www.eldigitaldeasturias.com\/noticias\/wp-json\/wp\/v2\/types\/post"}],"author":[{"embeddable":true,"href":"https:\/\/www.eldigitaldeasturias.com\/noticias\/wp-json\/wp\/v2\/users\/1"}],"replies":[{"embeddable":true,"href":"https:\/\/www.eldigitaldeasturias.com\/noticias\/wp-json\/wp\/v2\/comments?post=908109"}],"version-history":[{"count":0,"href":"https:\/\/www.eldigitaldeasturias.com\/noticias\/wp-json\/wp\/v2\/posts\/908109\/revisions"}],"wp:featuredmedia":[{"embeddable":true,"href":"https:\/\/www.eldigitaldeasturias.com\/noticias\/wp-json\/wp\/v2\/media\/908110"}],"wp:attachment":[{"href":"https:\/\/www.eldigitaldeasturias.com\/noticias\/wp-json\/wp\/v2\/media?parent=908109"}],"wp:term":[{"taxonomy":"category","embeddable":true,"href":"https:\/\/www.eldigitaldeasturias.com\/noticias\/wp-json\/wp\/v2\/categories?post=908109"},{"taxonomy":"post_tag","embeddable":true,"href":"https:\/\/www.eldigitaldeasturias.com\/noticias\/wp-json\/wp\/v2\/tags?post=908109"}],"curies":[{"name":"wp","href":"https:\/\/api.w.org\/{rel}","templated":true}]}}