{"id":908105,"date":"2016-09-17T02:06:15","date_gmt":"2016-09-17T01:06:15","guid":{"rendered":"http:\/\/www.eldigitaldeasturias.com\/noticias\/?p=908105"},"modified":"2016-09-17T02:06:15","modified_gmt":"2016-09-17T01:06:15","slug":"le-piden-una-condena-de-cuatro-anos-por-dar-una-paliza-a-un-hombre-en-oviedo","status":"publish","type":"post","link":"https:\/\/www.eldigitaldeasturias.com\/noticias\/le-piden-una-condena-de-cuatro-anos-por-dar-una-paliza-a-un-hombre-en-oviedo\/","title":{"rendered":"Le piden una condena de cuatro a\u00f1os por dar una paliza a un hombre en Oviedo"},"content":{"rendered":"<p><img loading=\"lazy\" decoding=\"async\" class=\"alignleft size-medium wp-image-788444\" src=\"https:\/\/www.eldigitaldeasturias.com\/noticias\/wp-content\/uploads\/2015\/06\/juzgados-360x198.jpg\" alt=\"juzgados\" width=\"360\" height=\"198\" srcset=\"https:\/\/www.eldigitaldeasturias.com\/noticias\/wp-content\/uploads\/2015\/06\/juzgados-360x198.jpg 360w, https:\/\/www.eldigitaldeasturias.com\/noticias\/wp-content\/uploads\/2015\/06\/juzgados-480x264.jpg 480w, https:\/\/www.eldigitaldeasturias.com\/noticias\/wp-content\/uploads\/2015\/06\/juzgados-20x11.jpg 20w, https:\/\/www.eldigitaldeasturias.com\/noticias\/wp-content\/uploads\/2015\/06\/juzgados.jpg 655w\" sizes=\"auto, (max-width: 360px) 100vw, 360px\" \/>La Fiscal\u00eda de Asturias solicita la pena de cuatro a\u00f1os de prisi\u00f3n para un hombre por dar una paliza a otro, al que le caus\u00f3 traumatismo craneoencef\u00e1lico, despu\u00e9s de haber discutido en el interior de la discoteca Public de Oviedo. Adem\u00e1s, pide que el acusado indemnice a la v\u00edctima en la cantidad de 800 euros por los d\u00edas hospitalarios, 6.240 euros por los d\u00edas impeditivos y 10.316 euros por las secuelas.<\/p>\n<p>El juicio est\u00e1 se\u00f1alado para este lunes 19 de septiembre en la Secci\u00f3n Segunda de la Audiencia Provincial de Asturias a las 11.00 horas, seg\u00fan el escrito de calificaci\u00f3n al que ha tenido acceso Europa Press.<\/p>\n<p>Los hechos ocurrieron sobre las 06.00 horas del d\u00eda 6 de mayo de 2015, en la calle P\u00e9rez de la Sala de Oviedo. El acusado como consecuencia de una previa discusi\u00f3n mantenida con la v\u00edctima en el interior de la discoteca Public de Oviedo, una vez fuera el local, con \u00e1nimo de causar un menoscabo f\u00edsico ajeno, le propin\u00f3 un fuerte empuj\u00f3n por la espalda para, a continuaci\u00f3n, propinarle un brutal pu\u00f1etazo en la cabeza de tal magnitud que hizo que la v\u00edctima perdi\u00f3 el equilibrio y se cay\u00f3 al suelo.<\/p>\n<p>Como consecuencia de estos hechos sufri\u00f3 un traumatismo cranoencef\u00e1lico precisando para su curaci\u00f3n de tratamiento facultativo despu\u00e9s de primera asistencia consistente en diagn\u00f3stico lesivo y tratamiento sintom\u00e1tico y cirug\u00eda para tratar la hemorragia cerebral por dos ocasiones, 10 d\u00edas de hospitalizaci\u00f3n y 104 impeditivos.<\/p>\n<p>Como secuelas presenta molestias dolorosas en articulaci\u00f3n temporomandibular derecha, sin diagn\u00f3stico objetivo conocido de subuxaci\u00f3n. Sensaci\u00f3n de mareo, orost\u00e1sico, todav\u00eda frecuente, alteraci\u00f3n del gusto y olfato, disosmia\/hiposmia. Como secuela queda una cicatriz irregular de 29 puntos en regi\u00f3n hemicraneal derecha muy visible.<\/p>\n<p>&nbsp;<\/p>\n<p>&nbsp;<\/p>\n","protected":false},"excerpt":{"rendered":"<p>La Fiscal\u00eda de Asturias solicita la pena de cuatro a\u00f1os de prisi\u00f3n para un hombre por dar una paliza a otro, al que le caus\u00f3 traumatismo craneoencef\u00e1lico, despu\u00e9s de haber discutido en el interior de la discoteca Public de Oviedo. Adem\u00e1s, pide que el acusado indemnice a la v\u00edctima en la cantidad de 800 euros [&hellip;]<\/p>\n","protected":false},"author":1,"featured_media":788444,"comment_status":"closed","ping_status":"closed","sticky":false,"template":"","format":"standard","meta":{"footnotes":""},"categories":[5],"tags":[],"class_list":["post-908105","post","type-post","status-publish","format-standard","has-post-thumbnail","hentry","category-sucesos"],"aioseo_notices":[],"aioseo_head":"\n\t\t<!-- All in One SEO Pro 4.9.6.2 - aioseo.com -->\n\t<meta name=\"description\" content=\"La Fiscal\u00eda de Asturias solicita la pena de cuatro a\u00f1os de prisi\u00f3n para un hombre por dar una paliza a otro, al que le caus\u00f3 traumatismo craneoencef\u00e1lico, despu\u00e9s de haber discutido en el interior de la discoteca Public de Oviedo. Adem\u00e1s, pide que el acusado indemnice a la v\u00edctima en la cantidad de 800 euros\" \/>\n\t<meta name=\"robots\" content=\"max-image-preview:large\" \/>\n\t<meta name=\"author\" content=\"El Digital de Asturias\"\/>\n\t<meta name=\"google-site-verification\" content=\"UA-38556648-1\" \/>\n\t<meta name=\"msvalidate.01\" content=\"7dfe9f3f1b24437ab69f4f2559babe99\" \/>\n\t<meta name=\"keywords\" content=\"sucesos\" \/>\n\t<link rel=\"canonical\" href=\"https:\/\/www.eldigitaldeasturias.com\/noticias\/le-piden-una-condena-de-cuatro-anos-por-dar-una-paliza-a-un-hombre-en-oviedo\/\" \/>\n\t<meta name=\"generator\" content=\"All in One SEO Pro (AIOSEO) 4.9.6.2\" \/>\n\t\t<meta property=\"og:locale\" content=\"es_ES\" \/>\n\t\t<meta property=\"og:site_name\" content=\"El Digital de Asturias\" \/>\n\t\t<meta property=\"og:type\" content=\"article\" \/>\n\t\t<meta property=\"og:title\" content=\"Le piden una condena de cuatro a\u00f1os por dar una paliza a un hombre en Oviedo - El Digital de Asturias\" \/>\n\t\t<meta property=\"og:description\" content=\"La Fiscal\u00eda de Asturias solicita la pena de cuatro a\u00f1os de prisi\u00f3n para un hombre por dar una paliza a otro, al que le caus\u00f3 traumatismo craneoencef\u00e1lico, despu\u00e9s de haber discutido en el interior de la discoteca Public de Oviedo. Adem\u00e1s, pide que el acusado indemnice a la v\u00edctima en la cantidad de 800 euros\" \/>\n\t\t<meta property=\"og:url\" content=\"https:\/\/www.eldigitaldeasturias.com\/noticias\/le-piden-una-condena-de-cuatro-anos-por-dar-una-paliza-a-un-hombre-en-oviedo\/\" \/>\n\t\t<meta property=\"og:image\" content=\"https:\/\/www.eldigitaldeasturias.com\/noticias\/wp-content\/uploads\/2015\/06\/juzgados.jpg\" \/>\n\t\t<meta property=\"og:image:secure_url\" content=\"https:\/\/www.eldigitaldeasturias.com\/noticias\/wp-content\/uploads\/2015\/06\/juzgados.jpg\" \/>\n\t\t<meta property=\"og:image:width\" content=\"655\" \/>\n\t\t<meta property=\"og:image:height\" content=\"360\" \/>\n\t\t<meta property=\"article:tag\" content=\"sucesos\" \/>\n\t\t<meta property=\"article:published_time\" content=\"2016-09-17T01:06:15+00:00\" \/>\n\t\t<meta property=\"article:modified_time\" content=\"2016-09-17T01:06:15+00:00\" \/>\n\t\t<meta property=\"article:publisher\" content=\"https:\/\/facebook.com\/eldigitaldeasturias\" \/>\n\t\t<meta name=\"twitter:card\" content=\"summary_large_image\" \/>\n\t\t<meta name=\"twitter:title\" content=\"Le piden una condena de cuatro a\u00f1os por dar una paliza a un hombre en Oviedo - El Digital de Asturias\" \/>\n\t\t<meta name=\"twitter:description\" content=\"La Fiscal\u00eda de Asturias solicita la pena de cuatro a\u00f1os de prisi\u00f3n para un hombre por dar una paliza a otro, al que le caus\u00f3 traumatismo craneoencef\u00e1lico, despu\u00e9s de haber discutido en el interior de la discoteca Public de Oviedo. Adem\u00e1s, pide que el acusado indemnice a la v\u00edctima en la cantidad de 800 euros\" \/>\n\t\t<meta name=\"twitter:image\" content=\"https:\/\/www.eldigitaldeasturias.com\/noticias\/wp-content\/uploads\/2015\/06\/juzgados.jpg\" \/>\n\t\t<meta name=\"twitter:label1\" content=\"Escrito por\" \/>\n\t\t<meta name=\"twitter:data1\" content=\"El Digital de Asturias\" \/>\n\t\t<meta name=\"twitter:label2\" content=\"Tiempo de lectura estimado\" \/>\n\t\t<meta name=\"twitter:data2\" content=\"2 minutos\" \/>\n\t\t<script type=\"application\/ld+json\" class=\"aioseo-schema\">\n\t\t\t{\"@context\":\"https:\\\/\\\/schema.org\",\"@graph\":[{\"@type\":\"BlogPosting\",\"@id\":\"https:\\\/\\\/www.eldigitaldeasturias.com\\\/noticias\\\/le-piden-una-condena-de-cuatro-anos-por-dar-una-paliza-a-un-hombre-en-oviedo\\\/#blogposting\",\"name\":\"Le piden una condena de cuatro a\\u00f1os por dar una paliza a un hombre en Oviedo - El Digital de Asturias\",\"headline\":\"Le piden una condena de cuatro a\\u00f1os por dar una paliza a un hombre en Oviedo\",\"author\":{\"@id\":\"https:\\\/\\\/www.eldigitaldeasturias.com\\\/noticias\\\/author\\\/admin\\\/#author\"},\"publisher\":{\"@id\":\"https:\\\/\\\/www.eldigitaldeasturias.com\\\/noticias\\\/#organization\"},\"image\":{\"@type\":\"ImageObject\",\"url\":\"https:\\\/\\\/www.eldigitaldeasturias.com\\\/noticias\\\/wp-content\\\/uploads\\\/2015\\\/06\\\/juzgados.jpg\",\"width\":655,\"height\":360},\"datePublished\":\"2016-09-17T02:06:15+02:00\",\"dateModified\":\"2016-09-17T02:06:15+02:00\",\"inLanguage\":\"es-ES\",\"mainEntityOfPage\":{\"@id\":\"https:\\\/\\\/www.eldigitaldeasturias.com\\\/noticias\\\/le-piden-una-condena-de-cuatro-anos-por-dar-una-paliza-a-un-hombre-en-oviedo\\\/#webpage\"},\"isPartOf\":{\"@id\":\"https:\\\/\\\/www.eldigitaldeasturias.com\\\/noticias\\\/le-piden-una-condena-de-cuatro-anos-por-dar-una-paliza-a-un-hombre-en-oviedo\\\/#webpage\"},\"articleSection\":\"Sucesos\"},{\"@type\":\"BreadcrumbList\",\"@id\":\"https:\\\/\\\/www.eldigitaldeasturias.com\\\/noticias\\\/le-piden-una-condena-de-cuatro-anos-por-dar-una-paliza-a-un-hombre-en-oviedo\\\/#breadcrumblist\",\"itemListElement\":[{\"@type\":\"ListItem\",\"@id\":\"https:\\\/\\\/www.eldigitaldeasturias.com\\\/noticias#listItem\",\"position\":1,\"name\":\"Home\",\"item\":\"https:\\\/\\\/www.eldigitaldeasturias.com\\\/noticias\",\"nextItem\":{\"@type\":\"ListItem\",\"@id\":\"https:\\\/\\\/www.eldigitaldeasturias.com\\\/noticias\\\/category\\\/sucesos\\\/#listItem\",\"name\":\"Sucesos\"}},{\"@type\":\"ListItem\",\"@id\":\"https:\\\/\\\/www.eldigitaldeasturias.com\\\/noticias\\\/category\\\/sucesos\\\/#listItem\",\"position\":2,\"name\":\"Sucesos\",\"item\":\"https:\\\/\\\/www.eldigitaldeasturias.com\\\/noticias\\\/category\\\/sucesos\\\/\",\"nextItem\":{\"@type\":\"ListItem\",\"@id\":\"https:\\\/\\\/www.eldigitaldeasturias.com\\\/noticias\\\/le-piden-una-condena-de-cuatro-anos-por-dar-una-paliza-a-un-hombre-en-oviedo\\\/#listItem\",\"name\":\"Le piden una condena de cuatro a\\u00f1os por dar una paliza a un hombre en Oviedo\"},\"previousItem\":{\"@type\":\"ListItem\",\"@id\":\"https:\\\/\\\/www.eldigitaldeasturias.com\\\/noticias#listItem\",\"name\":\"Home\"}},{\"@type\":\"ListItem\",\"@id\":\"https:\\\/\\\/www.eldigitaldeasturias.com\\\/noticias\\\/le-piden-una-condena-de-cuatro-anos-por-dar-una-paliza-a-un-hombre-en-oviedo\\\/#listItem\",\"position\":3,\"name\":\"Le piden una condena de cuatro a\\u00f1os por dar una paliza a un hombre en Oviedo\",\"previousItem\":{\"@type\":\"ListItem\",\"@id\":\"https:\\\/\\\/www.eldigitaldeasturias.com\\\/noticias\\\/category\\\/sucesos\\\/#listItem\",\"name\":\"Sucesos\"}}]},{\"@type\":\"Organization\",\"@id\":\"https:\\\/\\\/www.eldigitaldeasturias.com\\\/noticias\\\/#organization\",\"name\":\"El Digital de Asturias\",\"description\":\"Hemeroteca\",\"url\":\"https:\\\/\\\/www.eldigitaldeasturias.com\\\/noticias\\\/\",\"email\":\"info@eldigitaldeasturias.com\",\"telephone\":\"+34652131393\",\"logo\":{\"@type\":\"ImageObject\",\"url\":\"https:\\\/\\\/www.eldigitaldeasturias.com\\\/noticias\\\/wp-content\\\/uploads\\\/2020\\\/12\\\/EDA.jpg\",\"@id\":\"https:\\\/\\\/www.eldigitaldeasturias.com\\\/noticias\\\/le-piden-una-condena-de-cuatro-anos-por-dar-una-paliza-a-un-hombre-en-oviedo\\\/#organizationLogo\",\"width\":649,\"height\":297},\"image\":{\"@id\":\"https:\\\/\\\/www.eldigitaldeasturias.com\\\/noticias\\\/le-piden-una-condena-de-cuatro-anos-por-dar-una-paliza-a-un-hombre-en-oviedo\\\/#organizationLogo\"},\"sameAs\":[\"https:\\\/\\\/facebook.com\\\/eldigitaldeasturias\",\"https:\\\/\\\/www.youtube.com\\\/channel\\\/UCZP-2wLEB9Rv6erhFmqVnvg\"],\"address\":{\"@id\":\"https:\\\/\\\/www.eldigitaldeasturias.com\\\/noticias\\\/#postaladdress\",\"@type\":\"PostalAddress\",\"streetAddress\":\"san antonio 4,\",\"postalCode\":\"33430\",\"addressLocality\":\"Cand\\u00e1s\",\"addressRegion\":\"Asturias\",\"addressCountry\":\"ES\"}},{\"@type\":\"Person\",\"@id\":\"https:\\\/\\\/www.eldigitaldeasturias.com\\\/noticias\\\/author\\\/admin\\\/#author\",\"url\":\"https:\\\/\\\/www.eldigitaldeasturias.com\\\/noticias\\\/author\\\/admin\\\/\",\"name\":\"El Digital de Asturias\",\"image\":{\"@type\":\"ImageObject\",\"@id\":\"https:\\\/\\\/www.eldigitaldeasturias.com\\\/noticias\\\/le-piden-una-condena-de-cuatro-anos-por-dar-una-paliza-a-un-hombre-en-oviedo\\\/#authorImage\",\"url\":\"https:\\\/\\\/www.eldigitaldeasturias.com\\\/noticias\\\/wp-content\\\/litespeed\\\/avatar\\\/18677e78aa0546b92d9dbf31ec7d7668.jpg?ver=1776685526\",\"width\":96,\"height\":96,\"caption\":\"El Digital de Asturias\"}},{\"@type\":\"WebPage\",\"@id\":\"https:\\\/\\\/www.eldigitaldeasturias.com\\\/noticias\\\/le-piden-una-condena-de-cuatro-anos-por-dar-una-paliza-a-un-hombre-en-oviedo\\\/#webpage\",\"url\":\"https:\\\/\\\/www.eldigitaldeasturias.com\\\/noticias\\\/le-piden-una-condena-de-cuatro-anos-por-dar-una-paliza-a-un-hombre-en-oviedo\\\/\",\"name\":\"Le piden una condena de cuatro a\\u00f1os por dar una paliza a un hombre en Oviedo - El Digital de Asturias\",\"description\":\"La Fiscal\\u00eda de Asturias solicita la pena de cuatro a\\u00f1os de prisi\\u00f3n para un hombre por dar una paliza a otro, al que le caus\\u00f3 traumatismo craneoencef\\u00e1lico, despu\\u00e9s de haber discutido en el interior de la discoteca Public de Oviedo. Adem\\u00e1s, pide que el acusado indemnice a la v\\u00edctima en la cantidad de 800 euros\",\"inLanguage\":\"es-ES\",\"isPartOf\":{\"@id\":\"https:\\\/\\\/www.eldigitaldeasturias.com\\\/noticias\\\/#website\"},\"breadcrumb\":{\"@id\":\"https:\\\/\\\/www.eldigitaldeasturias.com\\\/noticias\\\/le-piden-una-condena-de-cuatro-anos-por-dar-una-paliza-a-un-hombre-en-oviedo\\\/#breadcrumblist\"},\"author\":{\"@id\":\"https:\\\/\\\/www.eldigitaldeasturias.com\\\/noticias\\\/author\\\/admin\\\/#author\"},\"creator\":{\"@id\":\"https:\\\/\\\/www.eldigitaldeasturias.com\\\/noticias\\\/author\\\/admin\\\/#author\"},\"image\":{\"@type\":\"ImageObject\",\"url\":\"https:\\\/\\\/www.eldigitaldeasturias.com\\\/noticias\\\/wp-content\\\/uploads\\\/2015\\\/06\\\/juzgados.jpg\",\"@id\":\"https:\\\/\\\/www.eldigitaldeasturias.com\\\/noticias\\\/le-piden-una-condena-de-cuatro-anos-por-dar-una-paliza-a-un-hombre-en-oviedo\\\/#mainImage\",\"width\":655,\"height\":360},\"primaryImageOfPage\":{\"@id\":\"https:\\\/\\\/www.eldigitaldeasturias.com\\\/noticias\\\/le-piden-una-condena-de-cuatro-anos-por-dar-una-paliza-a-un-hombre-en-oviedo\\\/#mainImage\"},\"datePublished\":\"2016-09-17T02:06:15+02:00\",\"dateModified\":\"2016-09-17T02:06:15+02:00\"},{\"@type\":\"WebSite\",\"@id\":\"https:\\\/\\\/www.eldigitaldeasturias.com\\\/noticias\\\/#website\",\"url\":\"https:\\\/\\\/www.eldigitaldeasturias.com\\\/noticias\\\/\",\"name\":\"El Digital de Asturias - Diario de actualidad y noticias\",\"alternateName\":\"El Digital de Asturias - Diario de actualidad y noticias\",\"description\":\"Hemeroteca\",\"inLanguage\":\"es-ES\",\"publisher\":{\"@id\":\"https:\\\/\\\/www.eldigitaldeasturias.com\\\/noticias\\\/#organization\"}}]}\n\t\t<\/script>\n\t\t<!-- All in One SEO Pro -->\r\n\t\t<title>Le piden una condena de cuatro a\u00f1os por dar una paliza a un hombre en Oviedo - El Digital de Asturias<\/title>\n\n","aioseo_head_json":{"title":"Le piden una condena de cuatro a\u00f1os por dar una paliza a un hombre en Oviedo - El Digital de Asturias","description":"La Fiscal\u00eda de Asturias solicita la pena de cuatro a\u00f1os de prisi\u00f3n para un hombre por dar una paliza a otro, al que le caus\u00f3 traumatismo craneoencef\u00e1lico, despu\u00e9s de haber discutido en el interior de la discoteca Public de Oviedo. Adem\u00e1s, pide que el acusado indemnice a la v\u00edctima en la cantidad de 800 euros","canonical_url":"https:\/\/www.eldigitaldeasturias.com\/noticias\/le-piden-una-condena-de-cuatro-anos-por-dar-una-paliza-a-un-hombre-en-oviedo\/","robots":"max-image-preview:large","keywords":"sucesos","webmasterTools":{"google-site-verification":"UA-38556648-1","msvalidate.01":"7dfe9f3f1b24437ab69f4f2559babe99","miscellaneous":""},"schema":{"@context":"https:\/\/schema.org","@graph":[{"@type":"BlogPosting","@id":"https:\/\/www.eldigitaldeasturias.com\/noticias\/le-piden-una-condena-de-cuatro-anos-por-dar-una-paliza-a-un-hombre-en-oviedo\/#blogposting","name":"Le piden una condena de cuatro a\u00f1os por dar una paliza a un hombre en Oviedo - El Digital de Asturias","headline":"Le piden una condena de cuatro a\u00f1os por dar una paliza a un hombre en Oviedo","author":{"@id":"https:\/\/www.eldigitaldeasturias.com\/noticias\/author\/admin\/#author"},"publisher":{"@id":"https:\/\/www.eldigitaldeasturias.com\/noticias\/#organization"},"image":{"@type":"ImageObject","url":"https:\/\/www.eldigitaldeasturias.com\/noticias\/wp-content\/uploads\/2015\/06\/juzgados.jpg","width":655,"height":360},"datePublished":"2016-09-17T02:06:15+02:00","dateModified":"2016-09-17T02:06:15+02:00","inLanguage":"es-ES","mainEntityOfPage":{"@id":"https:\/\/www.eldigitaldeasturias.com\/noticias\/le-piden-una-condena-de-cuatro-anos-por-dar-una-paliza-a-un-hombre-en-oviedo\/#webpage"},"isPartOf":{"@id":"https:\/\/www.eldigitaldeasturias.com\/noticias\/le-piden-una-condena-de-cuatro-anos-por-dar-una-paliza-a-un-hombre-en-oviedo\/#webpage"},"articleSection":"Sucesos"},{"@type":"BreadcrumbList","@id":"https:\/\/www.eldigitaldeasturias.com\/noticias\/le-piden-una-condena-de-cuatro-anos-por-dar-una-paliza-a-un-hombre-en-oviedo\/#breadcrumblist","itemListElement":[{"@type":"ListItem","@id":"https:\/\/www.eldigitaldeasturias.com\/noticias#listItem","position":1,"name":"Home","item":"https:\/\/www.eldigitaldeasturias.com\/noticias","nextItem":{"@type":"ListItem","@id":"https:\/\/www.eldigitaldeasturias.com\/noticias\/category\/sucesos\/#listItem","name":"Sucesos"}},{"@type":"ListItem","@id":"https:\/\/www.eldigitaldeasturias.com\/noticias\/category\/sucesos\/#listItem","position":2,"name":"Sucesos","item":"https:\/\/www.eldigitaldeasturias.com\/noticias\/category\/sucesos\/","nextItem":{"@type":"ListItem","@id":"https:\/\/www.eldigitaldeasturias.com\/noticias\/le-piden-una-condena-de-cuatro-anos-por-dar-una-paliza-a-un-hombre-en-oviedo\/#listItem","name":"Le piden una condena de cuatro a\u00f1os por dar una paliza a un hombre en Oviedo"},"previousItem":{"@type":"ListItem","@id":"https:\/\/www.eldigitaldeasturias.com\/noticias#listItem","name":"Home"}},{"@type":"ListItem","@id":"https:\/\/www.eldigitaldeasturias.com\/noticias\/le-piden-una-condena-de-cuatro-anos-por-dar-una-paliza-a-un-hombre-en-oviedo\/#listItem","position":3,"name":"Le piden una condena de cuatro a\u00f1os por dar una paliza a un hombre en Oviedo","previousItem":{"@type":"ListItem","@id":"https:\/\/www.eldigitaldeasturias.com\/noticias\/category\/sucesos\/#listItem","name":"Sucesos"}}]},{"@type":"Organization","@id":"https:\/\/www.eldigitaldeasturias.com\/noticias\/#organization","name":"El Digital de Asturias","description":"Hemeroteca","url":"https:\/\/www.eldigitaldeasturias.com\/noticias\/","email":"info@eldigitaldeasturias.com","telephone":"+34652131393","logo":{"@type":"ImageObject","url":"https:\/\/www.eldigitaldeasturias.com\/noticias\/wp-content\/uploads\/2020\/12\/EDA.jpg","@id":"https:\/\/www.eldigitaldeasturias.com\/noticias\/le-piden-una-condena-de-cuatro-anos-por-dar-una-paliza-a-un-hombre-en-oviedo\/#organizationLogo","width":649,"height":297},"image":{"@id":"https:\/\/www.eldigitaldeasturias.com\/noticias\/le-piden-una-condena-de-cuatro-anos-por-dar-una-paliza-a-un-hombre-en-oviedo\/#organizationLogo"},"sameAs":["https:\/\/facebook.com\/eldigitaldeasturias","https:\/\/www.youtube.com\/channel\/UCZP-2wLEB9Rv6erhFmqVnvg"],"address":{"@id":"https:\/\/www.eldigitaldeasturias.com\/noticias\/#postaladdress","@type":"PostalAddress","streetAddress":"san antonio 4,","postalCode":"33430","addressLocality":"Cand\u00e1s","addressRegion":"Asturias","addressCountry":"ES"}},{"@type":"Person","@id":"https:\/\/www.eldigitaldeasturias.com\/noticias\/author\/admin\/#author","url":"https:\/\/www.eldigitaldeasturias.com\/noticias\/author\/admin\/","name":"El Digital de Asturias","image":{"@type":"ImageObject","@id":"https:\/\/www.eldigitaldeasturias.com\/noticias\/le-piden-una-condena-de-cuatro-anos-por-dar-una-paliza-a-un-hombre-en-oviedo\/#authorImage","url":"https:\/\/www.eldigitaldeasturias.com\/noticias\/wp-content\/litespeed\/avatar\/18677e78aa0546b92d9dbf31ec7d7668.jpg?ver=1776685526","width":96,"height":96,"caption":"El Digital de Asturias"}},{"@type":"WebPage","@id":"https:\/\/www.eldigitaldeasturias.com\/noticias\/le-piden-una-condena-de-cuatro-anos-por-dar-una-paliza-a-un-hombre-en-oviedo\/#webpage","url":"https:\/\/www.eldigitaldeasturias.com\/noticias\/le-piden-una-condena-de-cuatro-anos-por-dar-una-paliza-a-un-hombre-en-oviedo\/","name":"Le piden una condena de cuatro a\u00f1os por dar una paliza a un hombre en Oviedo - El Digital de Asturias","description":"La Fiscal\u00eda de Asturias solicita la pena de cuatro a\u00f1os de prisi\u00f3n para un hombre por dar una paliza a otro, al que le caus\u00f3 traumatismo craneoencef\u00e1lico, despu\u00e9s de haber discutido en el interior de la discoteca Public de Oviedo. Adem\u00e1s, pide que el acusado indemnice a la v\u00edctima en la cantidad de 800 euros","inLanguage":"es-ES","isPartOf":{"@id":"https:\/\/www.eldigitaldeasturias.com\/noticias\/#website"},"breadcrumb":{"@id":"https:\/\/www.eldigitaldeasturias.com\/noticias\/le-piden-una-condena-de-cuatro-anos-por-dar-una-paliza-a-un-hombre-en-oviedo\/#breadcrumblist"},"author":{"@id":"https:\/\/www.eldigitaldeasturias.com\/noticias\/author\/admin\/#author"},"creator":{"@id":"https:\/\/www.eldigitaldeasturias.com\/noticias\/author\/admin\/#author"},"image":{"@type":"ImageObject","url":"https:\/\/www.eldigitaldeasturias.com\/noticias\/wp-content\/uploads\/2015\/06\/juzgados.jpg","@id":"https:\/\/www.eldigitaldeasturias.com\/noticias\/le-piden-una-condena-de-cuatro-anos-por-dar-una-paliza-a-un-hombre-en-oviedo\/#mainImage","width":655,"height":360},"primaryImageOfPage":{"@id":"https:\/\/www.eldigitaldeasturias.com\/noticias\/le-piden-una-condena-de-cuatro-anos-por-dar-una-paliza-a-un-hombre-en-oviedo\/#mainImage"},"datePublished":"2016-09-17T02:06:15+02:00","dateModified":"2016-09-17T02:06:15+02:00"},{"@type":"WebSite","@id":"https:\/\/www.eldigitaldeasturias.com\/noticias\/#website","url":"https:\/\/www.eldigitaldeasturias.com\/noticias\/","name":"El Digital de Asturias - Diario de actualidad y noticias","alternateName":"El Digital de Asturias - Diario de actualidad y noticias","description":"Hemeroteca","inLanguage":"es-ES","publisher":{"@id":"https:\/\/www.eldigitaldeasturias.com\/noticias\/#organization"}}]},"og:locale":"es_ES","og:site_name":"El Digital de Asturias","og:type":"article","og:title":"Le piden una condena de cuatro a\u00f1os por dar una paliza a un hombre en Oviedo - El Digital de Asturias","og:description":"La Fiscal\u00eda de Asturias solicita la pena de cuatro a\u00f1os de prisi\u00f3n para un hombre por dar una paliza a otro, al que le caus\u00f3 traumatismo craneoencef\u00e1lico, despu\u00e9s de haber discutido en el interior de la discoteca Public de Oviedo. Adem\u00e1s, pide que el acusado indemnice a la v\u00edctima en la cantidad de 800 euros","og:url":"https:\/\/www.eldigitaldeasturias.com\/noticias\/le-piden-una-condena-de-cuatro-anos-por-dar-una-paliza-a-un-hombre-en-oviedo\/","og:image":"https:\/\/www.eldigitaldeasturias.com\/noticias\/wp-content\/uploads\/2015\/06\/juzgados.jpg","og:image:secure_url":"https:\/\/www.eldigitaldeasturias.com\/noticias\/wp-content\/uploads\/2015\/06\/juzgados.jpg","og:image:width":655,"og:image:height":360,"article:tag":["sucesos"],"article:published_time":"2016-09-17T01:06:15+00:00","article:modified_time":"2016-09-17T01:06:15+00:00","article:publisher":"https:\/\/facebook.com\/eldigitaldeasturias","twitter:card":"summary_large_image","twitter:title":"Le piden una condena de cuatro a\u00f1os por dar una paliza a un hombre en Oviedo - El Digital de Asturias","twitter:description":"La Fiscal\u00eda de Asturias solicita la pena de cuatro a\u00f1os de prisi\u00f3n para un hombre por dar una paliza a otro, al que le caus\u00f3 traumatismo craneoencef\u00e1lico, despu\u00e9s de haber discutido en el interior de la discoteca Public de Oviedo. Adem\u00e1s, pide que el acusado indemnice a la v\u00edctima en la cantidad de 800 euros","twitter:image":"https:\/\/www.eldigitaldeasturias.com\/noticias\/wp-content\/uploads\/2015\/06\/juzgados.jpg","twitter:label1":"Escrito por","twitter:data1":"El Digital de Asturias","twitter:label2":"Tiempo de lectura estimado","twitter:data2":"2 minutos"},"aioseo_meta_data":{"post_id":"908105","title":null,"description":null,"keywords":null,"keyphrases":null,"primary_term":null,"canonical_url":null,"og_title":null,"og_description":null,"og_object_type":"default","og_image_type":"default","og_image_url":null,"og_image_width":null,"og_image_height":null,"og_image_custom_url":null,"og_image_custom_fields":null,"og_video":null,"og_custom_url":null,"og_article_section":null,"og_article_tags":null,"twitter_use_og":false,"twitter_card":"default","twitter_image_type":"default","twitter_image_url":null,"twitter_image_custom_url":null,"twitter_image_custom_fields":null,"twitter_title":null,"twitter_description":null,"schema":{"blockGraphs":[],"customGraphs":[],"default":{"data":{"Article":[],"Course":[],"Dataset":[],"FAQPage":[],"Movie":[],"Person":[],"Product":[],"ProductReview":[],"Car":[],"Recipe":[],"Service":[],"SoftwareApplication":[],"WebPage":[]},"graphName":"","isEnabled":true},"graphs":[],"defaultGraph":"","defaultPostTypeGraph":""},"schema_type":null,"schema_type_options":null,"pillar_content":false,"robots_default":true,"robots_noindex":false,"robots_noarchive":false,"robots_nosnippet":false,"robots_nofollow":false,"robots_noimageindex":false,"robots_noodp":false,"robots_notranslate":false,"robots_max_snippet":null,"robots_max_videopreview":null,"robots_max_imagepreview":"large","priority":null,"frequency":null,"local_seo":null,"seo_analyzer_scan_date":"2025-11-30 14:53:11","breadcrumb_settings":null,"limit_modified_date":false,"open_ai":null,"ai":null,"created":"2020-12-21 14:00:26","updated":"2025-11-30 14:53:11"},"aioseo_breadcrumb":"<div class=\"aioseo-breadcrumbs\"><span class=\"aioseo-breadcrumb\">\n\t<a href=\"https:\/\/www.eldigitaldeasturias.com\/noticias\" title=\"Home\">Home<\/a>\n<\/span><span class=\"aioseo-breadcrumb-separator\">\u2013<\/span><span class=\"aioseo-breadcrumb\">\n\t<a href=\"https:\/\/www.eldigitaldeasturias.com\/noticias\/category\/sucesos\/\" title=\"Sucesos\">Sucesos<\/a>\n<\/span><span class=\"aioseo-breadcrumb-separator\">\u2013<\/span><span class=\"aioseo-breadcrumb\">\n\t<a href=\"https:\/\/www.eldigitaldeasturias.com\/noticias\/le-piden-una-condena-de-cuatro-anos-por-dar-una-paliza-a-un-hombre-en-oviedo\/\" title=\"Le piden una condena de cuatro a\u00f1os por dar una paliza a un hombre en Oviedo\">Le piden una condena de cuatro a\u00f1os por dar una paliza a un hombre en Oviedo<\/a>\n<\/span><\/div>","aioseo_breadcrumb_json":[{"label":"Home","link":"https:\/\/www.eldigitaldeasturias.com\/noticias"},{"label":"Sucesos","link":"https:\/\/www.eldigitaldeasturias.com\/noticias\/category\/sucesos\/"},{"label":"Le piden una condena de cuatro a\u00f1os por dar una paliza a un hombre en Oviedo","link":"https:\/\/www.eldigitaldeasturias.com\/noticias\/le-piden-una-condena-de-cuatro-anos-por-dar-una-paliza-a-un-hombre-en-oviedo\/"}],"_links":{"self":[{"href":"https:\/\/www.eldigitaldeasturias.com\/noticias\/wp-json\/wp\/v2\/posts\/908105","targetHints":{"allow":["GET"]}}],"collection":[{"href":"https:\/\/www.eldigitaldeasturias.com\/noticias\/wp-json\/wp\/v2\/posts"}],"about":[{"href":"https:\/\/www.eldigitaldeasturias.com\/noticias\/wp-json\/wp\/v2\/types\/post"}],"author":[{"embeddable":true,"href":"https:\/\/www.eldigitaldeasturias.com\/noticias\/wp-json\/wp\/v2\/users\/1"}],"replies":[{"embeddable":true,"href":"https:\/\/www.eldigitaldeasturias.com\/noticias\/wp-json\/wp\/v2\/comments?post=908105"}],"version-history":[{"count":0,"href":"https:\/\/www.eldigitaldeasturias.com\/noticias\/wp-json\/wp\/v2\/posts\/908105\/revisions"}],"wp:featuredmedia":[{"embeddable":true,"href":"https:\/\/www.eldigitaldeasturias.com\/noticias\/wp-json\/wp\/v2\/media\/788444"}],"wp:attachment":[{"href":"https:\/\/www.eldigitaldeasturias.com\/noticias\/wp-json\/wp\/v2\/media?parent=908105"}],"wp:term":[{"taxonomy":"category","embeddable":true,"href":"https:\/\/www.eldigitaldeasturias.com\/noticias\/wp-json\/wp\/v2\/categories?post=908105"},{"taxonomy":"post_tag","embeddable":true,"href":"https:\/\/www.eldigitaldeasturias.com\/noticias\/wp-json\/wp\/v2\/tags?post=908105"}],"curies":[{"name":"wp","href":"https:\/\/api.w.org\/{rel}","templated":true}]}}