{"id":908103,"date":"2016-09-17T02:03:22","date_gmt":"2016-09-17T01:03:22","guid":{"rendered":"http:\/\/www.eldigitaldeasturias.com\/noticias\/?p=908103"},"modified":"2016-09-17T02:03:22","modified_gmt":"2016-09-17T01:03:22","slug":"fernandez-sarasola-pide-crear-una-linea-de-ayudas-para-los-afectados-por-las-inundaciones","status":"publish","type":"post","link":"https:\/\/www.eldigitaldeasturias.com\/noticias\/fernandez-sarasola-pide-crear-una-linea-de-ayudas-para-los-afectados-por-las-inundaciones\/","title":{"rendered":"Fern\u00e1ndez Sarasola pide crear una l\u00ednea de ayudas para los afectados por las inundaciones"},"content":{"rendered":"<p><img loading=\"lazy\" decoding=\"async\" class=\"alignleft size-medium wp-image-818928\" src=\"https:\/\/www.eldigitaldeasturias.com\/noticias\/wp-content\/uploads\/2015\/10\/sarasola-240x320.jpg\" alt=\"sarasola\" width=\"240\" height=\"320\" srcset=\"https:\/\/www.eldigitaldeasturias.com\/noticias\/wp-content\/uploads\/2015\/10\/sarasola-240x320.jpg 240w, https:\/\/www.eldigitaldeasturias.com\/noticias\/wp-content\/uploads\/2015\/10\/sarasola-487x650.jpg 487w, https:\/\/www.eldigitaldeasturias.com\/noticias\/wp-content\/uploads\/2015\/10\/sarasola.jpg 800w\" sizes=\"auto, (max-width: 240px) 100vw, 240px\" \/>El portavoz del Grupo Municipal de Ciudadanos del Ayuntamiento de Gij\u00f3n, Jos\u00e9 Carlos Fern\u00e1ndez Sarasola, ha anunciado este viernes, a trav\u00e9s de una nota de prensa, que su grupo plantear\u00e1, en la pr\u00f3xima Comisi\u00f3n de Hacienda, la habilitaci\u00f3n de una l\u00ednea de ayudas extraordinarias para los afectados por las inundaciones de este pasado jueves, especialmente los vecinos del entorno de la calle Brasil, en La Calzada.<\/p>\n<p>Unas ayudas similares a las habilitadas tras las inundaciones del 13 de junio de 2015 tanto para familias como negocios, cuya compensaci\u00f3n no se ha visto cubierto por los correspondientes seguros o por las ayudas que se ofrecen desde el Gobierno Central para este tipo de incidencias. El Ayuntamiento concedi\u00f3 175.000 euros entonces, con un total de 20 particulares y comunidades de vecinos beneficiarios y 28 comerciantes y empresarios de la zona Oeste de la ciudad.<\/p>\n<p>A esto ha sumado la conveniencia de que el Ayuntamiento ofrezca informaci\u00f3n y asesoramiento a estos afectados tanto en las reclamaciones de da\u00f1os al seguro como para solicitar las las subvenciones por situaciones de emergencia o de naturaleza catastr\u00f3fica previstas por la normativa vigente y que se deben solicitar ante Delegaci\u00f3n del Gobierno.<\/p>\n<p>Sarasola, por otra parte, ha incidido en que estas \u00faltimas inundaciones vuelven a poner de manifiesto las deficiencias de la red de evacuaci\u00f3n de aguas en la zona Oeste y la necesidad de construir un Pozo de Tormentas en la zona de la playa de El Arbeyal. Es por ello, que ha urgido acelerar al m\u00e1ximo la construcci\u00f3n de este pozo de tormentas, ya previsto pero no licitado.<\/p>\n<p>Sobre este tema ha hablado tambi\u00e9n el PP, quien, a trav\u00e9s de una nota de prensa, ha transmitido su apoyo a los vecinos afectados por las inundaciones una vez m\u00e1s, al tiempo que ha opinado que estas son consecuencia \u00abinevitable de la falta de proyecto, falta de empuje y exceso de complacencia del Equipo de Gobierno\u00bb, han reprochado.<\/p>\n<p>A este respecto, ha adelantado que instar\u00e1n al equipo de Gobierno a que se re\u00fana con los afectados de ayer y se persone en la zona para levantar acta de todos los da\u00f1os ocasionados, tanto en propiedades particulares como p\u00fablicas.<\/p>\n<p>Tambi\u00e9n pedir\u00e1 que se tramiten todos los requisitos necesarios para que los seguros se hagan cargo de los desperfectos cuanto antes, y si fuese necesario dote con car\u00e1cter de urgencia una nueva l\u00ednea de ayudas para las personas afectadas. \u00abNo se puede gobernar improvisando y yendo a remolque de los acontecimientos\u00bb, ha asegurado.<\/p>\n<p>Por parte de Xix\u00f3n S\u00ed Puede, su portavoz, Mario Su\u00e1rez, ha visto necesario ejecutar \u00abcuanto antes\u00bb las obras del pozo de tormentas del Arbeyal y que se abra de \u00abinmediato\u00bb una l\u00ednea de indemnizaciones para compensar a familias y negocios afectados.<\/p>\n<p>&nbsp;<\/p>\n","protected":false},"excerpt":{"rendered":"<p>El portavoz del Grupo Municipal de Ciudadanos del Ayuntamiento de Gij\u00f3n, Jos\u00e9 Carlos Fern\u00e1ndez Sarasola, ha anunciado este viernes, a trav\u00e9s de una nota de prensa, que su grupo plantear\u00e1, en la pr\u00f3xima Comisi\u00f3n de Hacienda, la habilitaci\u00f3n de una l\u00ednea de ayudas extraordinarias para los afectados por las inundaciones de este pasado jueves, especialmente [&hellip;]<\/p>\n","protected":false},"author":1,"featured_media":818928,"comment_status":"closed","ping_status":"closed","sticky":false,"template":"","format":"standard","meta":{"footnotes":""},"categories":[12],"tags":[],"class_list":["post-908103","post","type-post","status-publish","format-standard","has-post-thumbnail","hentry","category-actualidad-asturias"],"aioseo_notices":[],"aioseo_head":"\n\t\t<!-- All in One SEO Pro 4.9.6.2 - aioseo.com -->\n\t<meta name=\"description\" content=\"El portavoz del Grupo Municipal de Ciudadanos del Ayuntamiento de Gij\u00f3n, Jos\u00e9 Carlos Fern\u00e1ndez Sarasola, ha anunciado este viernes, a trav\u00e9s de una nota de prensa, que su grupo plantear\u00e1, en la pr\u00f3xima Comisi\u00f3n de Hacienda, la habilitaci\u00f3n de una l\u00ednea de ayudas extraordinarias para los afectados por las inundaciones de este pasado jueves, especialmente\" \/>\n\t<meta name=\"robots\" content=\"max-image-preview:large\" \/>\n\t<meta name=\"author\" content=\"El Digital de Asturias\"\/>\n\t<meta name=\"google-site-verification\" content=\"UA-38556648-1\" \/>\n\t<meta name=\"msvalidate.01\" content=\"7dfe9f3f1b24437ab69f4f2559babe99\" \/>\n\t<meta name=\"keywords\" content=\"actualidad asturias\" \/>\n\t<link rel=\"canonical\" href=\"https:\/\/www.eldigitaldeasturias.com\/noticias\/fernandez-sarasola-pide-crear-una-linea-de-ayudas-para-los-afectados-por-las-inundaciones\/\" \/>\n\t<meta name=\"generator\" content=\"All in One SEO Pro (AIOSEO) 4.9.6.2\" \/>\n\t\t<meta property=\"og:locale\" content=\"es_ES\" \/>\n\t\t<meta property=\"og:site_name\" content=\"El Digital de Asturias\" \/>\n\t\t<meta property=\"og:type\" content=\"article\" \/>\n\t\t<meta property=\"og:title\" content=\"Fern\u00e1ndez Sarasola pide crear una l\u00ednea de ayudas para los afectados por las inundaciones - El Digital de Asturias\" \/>\n\t\t<meta property=\"og:description\" content=\"El portavoz del Grupo Municipal de Ciudadanos del Ayuntamiento de Gij\u00f3n, Jos\u00e9 Carlos Fern\u00e1ndez Sarasola, ha anunciado este viernes, a trav\u00e9s de una nota de prensa, que su grupo plantear\u00e1, en la pr\u00f3xima Comisi\u00f3n de Hacienda, la habilitaci\u00f3n de una l\u00ednea de ayudas extraordinarias para los afectados por las inundaciones de este pasado jueves, especialmente\" \/>\n\t\t<meta property=\"og:url\" content=\"https:\/\/www.eldigitaldeasturias.com\/noticias\/fernandez-sarasola-pide-crear-una-linea-de-ayudas-para-los-afectados-por-las-inundaciones\/\" \/>\n\t\t<meta property=\"og:image\" content=\"https:\/\/www.eldigitaldeasturias.com\/noticias\/wp-content\/uploads\/2015\/10\/sarasola.jpg\" \/>\n\t\t<meta property=\"og:image:secure_url\" content=\"https:\/\/www.eldigitaldeasturias.com\/noticias\/wp-content\/uploads\/2015\/10\/sarasola.jpg\" \/>\n\t\t<meta property=\"og:image:width\" content=\"800\" \/>\n\t\t<meta property=\"og:image:height\" content=\"1067\" \/>\n\t\t<meta property=\"article:tag\" content=\"actualidad asturias\" \/>\n\t\t<meta property=\"article:published_time\" content=\"2016-09-17T01:03:22+00:00\" \/>\n\t\t<meta property=\"article:modified_time\" content=\"2016-09-17T01:03:22+00:00\" \/>\n\t\t<meta property=\"article:publisher\" content=\"https:\/\/facebook.com\/eldigitaldeasturias\" \/>\n\t\t<meta name=\"twitter:card\" content=\"summary_large_image\" \/>\n\t\t<meta name=\"twitter:title\" content=\"Fern\u00e1ndez Sarasola pide crear una l\u00ednea de ayudas para los afectados por las inundaciones - El Digital de Asturias\" \/>\n\t\t<meta name=\"twitter:description\" content=\"El portavoz del Grupo Municipal de Ciudadanos del Ayuntamiento de Gij\u00f3n, Jos\u00e9 Carlos Fern\u00e1ndez Sarasola, ha anunciado este viernes, a trav\u00e9s de una nota de prensa, que su grupo plantear\u00e1, en la pr\u00f3xima Comisi\u00f3n de Hacienda, la habilitaci\u00f3n de una l\u00ednea de ayudas extraordinarias para los afectados por las inundaciones de este pasado jueves, especialmente\" \/>\n\t\t<meta name=\"twitter:image\" content=\"https:\/\/www.eldigitaldeasturias.com\/noticias\/wp-content\/uploads\/2015\/10\/sarasola.jpg\" \/>\n\t\t<meta name=\"twitter:label1\" content=\"Escrito por\" \/>\n\t\t<meta name=\"twitter:data1\" content=\"El Digital de Asturias\" \/>\n\t\t<meta name=\"twitter:label2\" content=\"Tiempo de lectura estimado\" \/>\n\t\t<meta name=\"twitter:data2\" content=\"2 minutos\" \/>\n\t\t<script type=\"application\/ld+json\" class=\"aioseo-schema\">\n\t\t\t{\"@context\":\"https:\\\/\\\/schema.org\",\"@graph\":[{\"@type\":\"BlogPosting\",\"@id\":\"https:\\\/\\\/www.eldigitaldeasturias.com\\\/noticias\\\/fernandez-sarasola-pide-crear-una-linea-de-ayudas-para-los-afectados-por-las-inundaciones\\\/#blogposting\",\"name\":\"Fern\\u00e1ndez Sarasola pide crear una l\\u00ednea de ayudas para los afectados por las inundaciones - El Digital de Asturias\",\"headline\":\"Fern\\u00e1ndez Sarasola pide crear una l\\u00ednea de ayudas para los afectados por las inundaciones\",\"author\":{\"@id\":\"https:\\\/\\\/www.eldigitaldeasturias.com\\\/noticias\\\/author\\\/admin\\\/#author\"},\"publisher\":{\"@id\":\"https:\\\/\\\/www.eldigitaldeasturias.com\\\/noticias\\\/#organization\"},\"image\":{\"@type\":\"ImageObject\",\"url\":\"https:\\\/\\\/www.eldigitaldeasturias.com\\\/noticias\\\/wp-content\\\/uploads\\\/2015\\\/10\\\/sarasola.jpg\",\"width\":800,\"height\":1067},\"datePublished\":\"2016-09-17T02:03:22+02:00\",\"dateModified\":\"2016-09-17T02:03:22+02:00\",\"inLanguage\":\"es-ES\",\"mainEntityOfPage\":{\"@id\":\"https:\\\/\\\/www.eldigitaldeasturias.com\\\/noticias\\\/fernandez-sarasola-pide-crear-una-linea-de-ayudas-para-los-afectados-por-las-inundaciones\\\/#webpage\"},\"isPartOf\":{\"@id\":\"https:\\\/\\\/www.eldigitaldeasturias.com\\\/noticias\\\/fernandez-sarasola-pide-crear-una-linea-de-ayudas-para-los-afectados-por-las-inundaciones\\\/#webpage\"},\"articleSection\":\"Actualidad Asturias\"},{\"@type\":\"BreadcrumbList\",\"@id\":\"https:\\\/\\\/www.eldigitaldeasturias.com\\\/noticias\\\/fernandez-sarasola-pide-crear-una-linea-de-ayudas-para-los-afectados-por-las-inundaciones\\\/#breadcrumblist\",\"itemListElement\":[{\"@type\":\"ListItem\",\"@id\":\"https:\\\/\\\/www.eldigitaldeasturias.com\\\/noticias#listItem\",\"position\":1,\"name\":\"Home\",\"item\":\"https:\\\/\\\/www.eldigitaldeasturias.com\\\/noticias\",\"nextItem\":{\"@type\":\"ListItem\",\"@id\":\"https:\\\/\\\/www.eldigitaldeasturias.com\\\/noticias\\\/category\\\/actualidad-asturias\\\/#listItem\",\"name\":\"Actualidad Asturias\"}},{\"@type\":\"ListItem\",\"@id\":\"https:\\\/\\\/www.eldigitaldeasturias.com\\\/noticias\\\/category\\\/actualidad-asturias\\\/#listItem\",\"position\":2,\"name\":\"Actualidad Asturias\",\"item\":\"https:\\\/\\\/www.eldigitaldeasturias.com\\\/noticias\\\/category\\\/actualidad-asturias\\\/\",\"nextItem\":{\"@type\":\"ListItem\",\"@id\":\"https:\\\/\\\/www.eldigitaldeasturias.com\\\/noticias\\\/fernandez-sarasola-pide-crear-una-linea-de-ayudas-para-los-afectados-por-las-inundaciones\\\/#listItem\",\"name\":\"Fern\\u00e1ndez Sarasola pide crear una l\\u00ednea de ayudas para los afectados por las inundaciones\"},\"previousItem\":{\"@type\":\"ListItem\",\"@id\":\"https:\\\/\\\/www.eldigitaldeasturias.com\\\/noticias#listItem\",\"name\":\"Home\"}},{\"@type\":\"ListItem\",\"@id\":\"https:\\\/\\\/www.eldigitaldeasturias.com\\\/noticias\\\/fernandez-sarasola-pide-crear-una-linea-de-ayudas-para-los-afectados-por-las-inundaciones\\\/#listItem\",\"position\":3,\"name\":\"Fern\\u00e1ndez Sarasola pide crear una l\\u00ednea de ayudas para los afectados por las inundaciones\",\"previousItem\":{\"@type\":\"ListItem\",\"@id\":\"https:\\\/\\\/www.eldigitaldeasturias.com\\\/noticias\\\/category\\\/actualidad-asturias\\\/#listItem\",\"name\":\"Actualidad Asturias\"}}]},{\"@type\":\"Organization\",\"@id\":\"https:\\\/\\\/www.eldigitaldeasturias.com\\\/noticias\\\/#organization\",\"name\":\"El Digital de Asturias\",\"description\":\"Hemeroteca\",\"url\":\"https:\\\/\\\/www.eldigitaldeasturias.com\\\/noticias\\\/\",\"email\":\"info@eldigitaldeasturias.com\",\"telephone\":\"+34652131393\",\"logo\":{\"@type\":\"ImageObject\",\"url\":\"https:\\\/\\\/www.eldigitaldeasturias.com\\\/noticias\\\/wp-content\\\/uploads\\\/2020\\\/12\\\/EDA.jpg\",\"@id\":\"https:\\\/\\\/www.eldigitaldeasturias.com\\\/noticias\\\/fernandez-sarasola-pide-crear-una-linea-de-ayudas-para-los-afectados-por-las-inundaciones\\\/#organizationLogo\",\"width\":649,\"height\":297},\"image\":{\"@id\":\"https:\\\/\\\/www.eldigitaldeasturias.com\\\/noticias\\\/fernandez-sarasola-pide-crear-una-linea-de-ayudas-para-los-afectados-por-las-inundaciones\\\/#organizationLogo\"},\"sameAs\":[\"https:\\\/\\\/facebook.com\\\/eldigitaldeasturias\",\"https:\\\/\\\/www.youtube.com\\\/channel\\\/UCZP-2wLEB9Rv6erhFmqVnvg\"],\"address\":{\"@id\":\"https:\\\/\\\/www.eldigitaldeasturias.com\\\/noticias\\\/#postaladdress\",\"@type\":\"PostalAddress\",\"streetAddress\":\"san antonio 4,\",\"postalCode\":\"33430\",\"addressLocality\":\"Cand\\u00e1s\",\"addressRegion\":\"Asturias\",\"addressCountry\":\"ES\"}},{\"@type\":\"Person\",\"@id\":\"https:\\\/\\\/www.eldigitaldeasturias.com\\\/noticias\\\/author\\\/admin\\\/#author\",\"url\":\"https:\\\/\\\/www.eldigitaldeasturias.com\\\/noticias\\\/author\\\/admin\\\/\",\"name\":\"El Digital de Asturias\",\"image\":{\"@type\":\"ImageObject\",\"@id\":\"https:\\\/\\\/www.eldigitaldeasturias.com\\\/noticias\\\/fernandez-sarasola-pide-crear-una-linea-de-ayudas-para-los-afectados-por-las-inundaciones\\\/#authorImage\",\"url\":\"https:\\\/\\\/www.eldigitaldeasturias.com\\\/noticias\\\/wp-content\\\/litespeed\\\/avatar\\\/18677e78aa0546b92d9dbf31ec7d7668.jpg?ver=1776685526\",\"width\":96,\"height\":96,\"caption\":\"El Digital de Asturias\"}},{\"@type\":\"WebPage\",\"@id\":\"https:\\\/\\\/www.eldigitaldeasturias.com\\\/noticias\\\/fernandez-sarasola-pide-crear-una-linea-de-ayudas-para-los-afectados-por-las-inundaciones\\\/#webpage\",\"url\":\"https:\\\/\\\/www.eldigitaldeasturias.com\\\/noticias\\\/fernandez-sarasola-pide-crear-una-linea-de-ayudas-para-los-afectados-por-las-inundaciones\\\/\",\"name\":\"Fern\\u00e1ndez Sarasola pide crear una l\\u00ednea de ayudas para los afectados por las inundaciones - El Digital de Asturias\",\"description\":\"El portavoz del Grupo Municipal de Ciudadanos del Ayuntamiento de Gij\\u00f3n, Jos\\u00e9 Carlos Fern\\u00e1ndez Sarasola, ha anunciado este viernes, a trav\\u00e9s de una nota de prensa, que su grupo plantear\\u00e1, en la pr\\u00f3xima Comisi\\u00f3n de Hacienda, la habilitaci\\u00f3n de una l\\u00ednea de ayudas extraordinarias para los afectados por las inundaciones de este pasado jueves, especialmente\",\"inLanguage\":\"es-ES\",\"isPartOf\":{\"@id\":\"https:\\\/\\\/www.eldigitaldeasturias.com\\\/noticias\\\/#website\"},\"breadcrumb\":{\"@id\":\"https:\\\/\\\/www.eldigitaldeasturias.com\\\/noticias\\\/fernandez-sarasola-pide-crear-una-linea-de-ayudas-para-los-afectados-por-las-inundaciones\\\/#breadcrumblist\"},\"author\":{\"@id\":\"https:\\\/\\\/www.eldigitaldeasturias.com\\\/noticias\\\/author\\\/admin\\\/#author\"},\"creator\":{\"@id\":\"https:\\\/\\\/www.eldigitaldeasturias.com\\\/noticias\\\/author\\\/admin\\\/#author\"},\"image\":{\"@type\":\"ImageObject\",\"url\":\"https:\\\/\\\/www.eldigitaldeasturias.com\\\/noticias\\\/wp-content\\\/uploads\\\/2015\\\/10\\\/sarasola.jpg\",\"@id\":\"https:\\\/\\\/www.eldigitaldeasturias.com\\\/noticias\\\/fernandez-sarasola-pide-crear-una-linea-de-ayudas-para-los-afectados-por-las-inundaciones\\\/#mainImage\",\"width\":800,\"height\":1067},\"primaryImageOfPage\":{\"@id\":\"https:\\\/\\\/www.eldigitaldeasturias.com\\\/noticias\\\/fernandez-sarasola-pide-crear-una-linea-de-ayudas-para-los-afectados-por-las-inundaciones\\\/#mainImage\"},\"datePublished\":\"2016-09-17T02:03:22+02:00\",\"dateModified\":\"2016-09-17T02:03:22+02:00\"},{\"@type\":\"WebSite\",\"@id\":\"https:\\\/\\\/www.eldigitaldeasturias.com\\\/noticias\\\/#website\",\"url\":\"https:\\\/\\\/www.eldigitaldeasturias.com\\\/noticias\\\/\",\"name\":\"El Digital de Asturias - Diario de actualidad y noticias\",\"alternateName\":\"El Digital de Asturias - Diario de actualidad y noticias\",\"description\":\"Hemeroteca\",\"inLanguage\":\"es-ES\",\"publisher\":{\"@id\":\"https:\\\/\\\/www.eldigitaldeasturias.com\\\/noticias\\\/#organization\"}}]}\n\t\t<\/script>\n\t\t<!-- All in One SEO Pro -->\r\n\t\t<title>Fern\u00e1ndez Sarasola pide crear una l\u00ednea de ayudas para los afectados por las inundaciones - El Digital de Asturias<\/title>\n\n","aioseo_head_json":{"title":"Fern\u00e1ndez Sarasola pide crear una l\u00ednea de ayudas para los afectados por las inundaciones - El Digital de Asturias","description":"El portavoz del Grupo Municipal de Ciudadanos del Ayuntamiento de Gij\u00f3n, Jos\u00e9 Carlos Fern\u00e1ndez Sarasola, ha anunciado este viernes, a trav\u00e9s de una nota de prensa, que su grupo plantear\u00e1, en la pr\u00f3xima Comisi\u00f3n de Hacienda, la habilitaci\u00f3n de una l\u00ednea de ayudas extraordinarias para los afectados por las inundaciones de este pasado jueves, especialmente","canonical_url":"https:\/\/www.eldigitaldeasturias.com\/noticias\/fernandez-sarasola-pide-crear-una-linea-de-ayudas-para-los-afectados-por-las-inundaciones\/","robots":"max-image-preview:large","keywords":"actualidad asturias","webmasterTools":{"google-site-verification":"UA-38556648-1","msvalidate.01":"7dfe9f3f1b24437ab69f4f2559babe99","miscellaneous":""},"schema":{"@context":"https:\/\/schema.org","@graph":[{"@type":"BlogPosting","@id":"https:\/\/www.eldigitaldeasturias.com\/noticias\/fernandez-sarasola-pide-crear-una-linea-de-ayudas-para-los-afectados-por-las-inundaciones\/#blogposting","name":"Fern\u00e1ndez Sarasola pide crear una l\u00ednea de ayudas para los afectados por las inundaciones - El Digital de Asturias","headline":"Fern\u00e1ndez Sarasola pide crear una l\u00ednea de ayudas para los afectados por las inundaciones","author":{"@id":"https:\/\/www.eldigitaldeasturias.com\/noticias\/author\/admin\/#author"},"publisher":{"@id":"https:\/\/www.eldigitaldeasturias.com\/noticias\/#organization"},"image":{"@type":"ImageObject","url":"https:\/\/www.eldigitaldeasturias.com\/noticias\/wp-content\/uploads\/2015\/10\/sarasola.jpg","width":800,"height":1067},"datePublished":"2016-09-17T02:03:22+02:00","dateModified":"2016-09-17T02:03:22+02:00","inLanguage":"es-ES","mainEntityOfPage":{"@id":"https:\/\/www.eldigitaldeasturias.com\/noticias\/fernandez-sarasola-pide-crear-una-linea-de-ayudas-para-los-afectados-por-las-inundaciones\/#webpage"},"isPartOf":{"@id":"https:\/\/www.eldigitaldeasturias.com\/noticias\/fernandez-sarasola-pide-crear-una-linea-de-ayudas-para-los-afectados-por-las-inundaciones\/#webpage"},"articleSection":"Actualidad Asturias"},{"@type":"BreadcrumbList","@id":"https:\/\/www.eldigitaldeasturias.com\/noticias\/fernandez-sarasola-pide-crear-una-linea-de-ayudas-para-los-afectados-por-las-inundaciones\/#breadcrumblist","itemListElement":[{"@type":"ListItem","@id":"https:\/\/www.eldigitaldeasturias.com\/noticias#listItem","position":1,"name":"Home","item":"https:\/\/www.eldigitaldeasturias.com\/noticias","nextItem":{"@type":"ListItem","@id":"https:\/\/www.eldigitaldeasturias.com\/noticias\/category\/actualidad-asturias\/#listItem","name":"Actualidad Asturias"}},{"@type":"ListItem","@id":"https:\/\/www.eldigitaldeasturias.com\/noticias\/category\/actualidad-asturias\/#listItem","position":2,"name":"Actualidad Asturias","item":"https:\/\/www.eldigitaldeasturias.com\/noticias\/category\/actualidad-asturias\/","nextItem":{"@type":"ListItem","@id":"https:\/\/www.eldigitaldeasturias.com\/noticias\/fernandez-sarasola-pide-crear-una-linea-de-ayudas-para-los-afectados-por-las-inundaciones\/#listItem","name":"Fern\u00e1ndez Sarasola pide crear una l\u00ednea de ayudas para los afectados por las inundaciones"},"previousItem":{"@type":"ListItem","@id":"https:\/\/www.eldigitaldeasturias.com\/noticias#listItem","name":"Home"}},{"@type":"ListItem","@id":"https:\/\/www.eldigitaldeasturias.com\/noticias\/fernandez-sarasola-pide-crear-una-linea-de-ayudas-para-los-afectados-por-las-inundaciones\/#listItem","position":3,"name":"Fern\u00e1ndez Sarasola pide crear una l\u00ednea de ayudas para los afectados por las inundaciones","previousItem":{"@type":"ListItem","@id":"https:\/\/www.eldigitaldeasturias.com\/noticias\/category\/actualidad-asturias\/#listItem","name":"Actualidad Asturias"}}]},{"@type":"Organization","@id":"https:\/\/www.eldigitaldeasturias.com\/noticias\/#organization","name":"El Digital de Asturias","description":"Hemeroteca","url":"https:\/\/www.eldigitaldeasturias.com\/noticias\/","email":"info@eldigitaldeasturias.com","telephone":"+34652131393","logo":{"@type":"ImageObject","url":"https:\/\/www.eldigitaldeasturias.com\/noticias\/wp-content\/uploads\/2020\/12\/EDA.jpg","@id":"https:\/\/www.eldigitaldeasturias.com\/noticias\/fernandez-sarasola-pide-crear-una-linea-de-ayudas-para-los-afectados-por-las-inundaciones\/#organizationLogo","width":649,"height":297},"image":{"@id":"https:\/\/www.eldigitaldeasturias.com\/noticias\/fernandez-sarasola-pide-crear-una-linea-de-ayudas-para-los-afectados-por-las-inundaciones\/#organizationLogo"},"sameAs":["https:\/\/facebook.com\/eldigitaldeasturias","https:\/\/www.youtube.com\/channel\/UCZP-2wLEB9Rv6erhFmqVnvg"],"address":{"@id":"https:\/\/www.eldigitaldeasturias.com\/noticias\/#postaladdress","@type":"PostalAddress","streetAddress":"san antonio 4,","postalCode":"33430","addressLocality":"Cand\u00e1s","addressRegion":"Asturias","addressCountry":"ES"}},{"@type":"Person","@id":"https:\/\/www.eldigitaldeasturias.com\/noticias\/author\/admin\/#author","url":"https:\/\/www.eldigitaldeasturias.com\/noticias\/author\/admin\/","name":"El Digital de Asturias","image":{"@type":"ImageObject","@id":"https:\/\/www.eldigitaldeasturias.com\/noticias\/fernandez-sarasola-pide-crear-una-linea-de-ayudas-para-los-afectados-por-las-inundaciones\/#authorImage","url":"https:\/\/www.eldigitaldeasturias.com\/noticias\/wp-content\/litespeed\/avatar\/18677e78aa0546b92d9dbf31ec7d7668.jpg?ver=1776685526","width":96,"height":96,"caption":"El Digital de Asturias"}},{"@type":"WebPage","@id":"https:\/\/www.eldigitaldeasturias.com\/noticias\/fernandez-sarasola-pide-crear-una-linea-de-ayudas-para-los-afectados-por-las-inundaciones\/#webpage","url":"https:\/\/www.eldigitaldeasturias.com\/noticias\/fernandez-sarasola-pide-crear-una-linea-de-ayudas-para-los-afectados-por-las-inundaciones\/","name":"Fern\u00e1ndez Sarasola pide crear una l\u00ednea de ayudas para los afectados por las inundaciones - El Digital de Asturias","description":"El portavoz del Grupo Municipal de Ciudadanos del Ayuntamiento de Gij\u00f3n, Jos\u00e9 Carlos Fern\u00e1ndez Sarasola, ha anunciado este viernes, a trav\u00e9s de una nota de prensa, que su grupo plantear\u00e1, en la pr\u00f3xima Comisi\u00f3n de Hacienda, la habilitaci\u00f3n de una l\u00ednea de ayudas extraordinarias para los afectados por las inundaciones de este pasado jueves, especialmente","inLanguage":"es-ES","isPartOf":{"@id":"https:\/\/www.eldigitaldeasturias.com\/noticias\/#website"},"breadcrumb":{"@id":"https:\/\/www.eldigitaldeasturias.com\/noticias\/fernandez-sarasola-pide-crear-una-linea-de-ayudas-para-los-afectados-por-las-inundaciones\/#breadcrumblist"},"author":{"@id":"https:\/\/www.eldigitaldeasturias.com\/noticias\/author\/admin\/#author"},"creator":{"@id":"https:\/\/www.eldigitaldeasturias.com\/noticias\/author\/admin\/#author"},"image":{"@type":"ImageObject","url":"https:\/\/www.eldigitaldeasturias.com\/noticias\/wp-content\/uploads\/2015\/10\/sarasola.jpg","@id":"https:\/\/www.eldigitaldeasturias.com\/noticias\/fernandez-sarasola-pide-crear-una-linea-de-ayudas-para-los-afectados-por-las-inundaciones\/#mainImage","width":800,"height":1067},"primaryImageOfPage":{"@id":"https:\/\/www.eldigitaldeasturias.com\/noticias\/fernandez-sarasola-pide-crear-una-linea-de-ayudas-para-los-afectados-por-las-inundaciones\/#mainImage"},"datePublished":"2016-09-17T02:03:22+02:00","dateModified":"2016-09-17T02:03:22+02:00"},{"@type":"WebSite","@id":"https:\/\/www.eldigitaldeasturias.com\/noticias\/#website","url":"https:\/\/www.eldigitaldeasturias.com\/noticias\/","name":"El Digital de Asturias - Diario de actualidad y noticias","alternateName":"El Digital de Asturias - Diario de actualidad y noticias","description":"Hemeroteca","inLanguage":"es-ES","publisher":{"@id":"https:\/\/www.eldigitaldeasturias.com\/noticias\/#organization"}}]},"og:locale":"es_ES","og:site_name":"El Digital de Asturias","og:type":"article","og:title":"Fern\u00e1ndez Sarasola pide crear una l\u00ednea de ayudas para los afectados por las inundaciones - El Digital de Asturias","og:description":"El portavoz del Grupo Municipal de Ciudadanos del Ayuntamiento de Gij\u00f3n, Jos\u00e9 Carlos Fern\u00e1ndez Sarasola, ha anunciado este viernes, a trav\u00e9s de una nota de prensa, que su grupo plantear\u00e1, en la pr\u00f3xima Comisi\u00f3n de Hacienda, la habilitaci\u00f3n de una l\u00ednea de ayudas extraordinarias para los afectados por las inundaciones de este pasado jueves, especialmente","og:url":"https:\/\/www.eldigitaldeasturias.com\/noticias\/fernandez-sarasola-pide-crear-una-linea-de-ayudas-para-los-afectados-por-las-inundaciones\/","og:image":"https:\/\/www.eldigitaldeasturias.com\/noticias\/wp-content\/uploads\/2015\/10\/sarasola.jpg","og:image:secure_url":"https:\/\/www.eldigitaldeasturias.com\/noticias\/wp-content\/uploads\/2015\/10\/sarasola.jpg","og:image:width":800,"og:image:height":1067,"article:tag":["actualidad asturias"],"article:published_time":"2016-09-17T01:03:22+00:00","article:modified_time":"2016-09-17T01:03:22+00:00","article:publisher":"https:\/\/facebook.com\/eldigitaldeasturias","twitter:card":"summary_large_image","twitter:title":"Fern\u00e1ndez Sarasola pide crear una l\u00ednea de ayudas para los afectados por las inundaciones - El Digital de Asturias","twitter:description":"El portavoz del Grupo Municipal de Ciudadanos del Ayuntamiento de Gij\u00f3n, Jos\u00e9 Carlos Fern\u00e1ndez Sarasola, ha anunciado este viernes, a trav\u00e9s de una nota de prensa, que su grupo plantear\u00e1, en la pr\u00f3xima Comisi\u00f3n de Hacienda, la habilitaci\u00f3n de una l\u00ednea de ayudas extraordinarias para los afectados por las inundaciones de este pasado jueves, especialmente","twitter:image":"https:\/\/www.eldigitaldeasturias.com\/noticias\/wp-content\/uploads\/2015\/10\/sarasola.jpg","twitter:label1":"Escrito por","twitter:data1":"El Digital de Asturias","twitter:label2":"Tiempo de lectura estimado","twitter:data2":"2 minutos"},"aioseo_meta_data":{"post_id":"908103","title":null,"description":null,"keywords":null,"keyphrases":null,"primary_term":null,"canonical_url":null,"og_title":null,"og_description":null,"og_object_type":"default","og_image_type":"default","og_image_url":null,"og_image_width":null,"og_image_height":null,"og_image_custom_url":null,"og_image_custom_fields":null,"og_video":null,"og_custom_url":null,"og_article_section":null,"og_article_tags":null,"twitter_use_og":false,"twitter_card":"default","twitter_image_type":"default","twitter_image_url":null,"twitter_image_custom_url":null,"twitter_image_custom_fields":null,"twitter_title":null,"twitter_description":null,"schema":{"blockGraphs":[],"customGraphs":[],"default":{"data":{"Article":[],"Course":[],"Dataset":[],"FAQPage":[],"Movie":[],"Person":[],"Product":[],"ProductReview":[],"Car":[],"Recipe":[],"Service":[],"SoftwareApplication":[],"WebPage":[]},"graphName":"","isEnabled":true},"graphs":[],"defaultGraph":"","defaultPostTypeGraph":""},"schema_type":null,"schema_type_options":null,"pillar_content":false,"robots_default":true,"robots_noindex":false,"robots_noarchive":false,"robots_nosnippet":false,"robots_nofollow":false,"robots_noimageindex":false,"robots_noodp":false,"robots_notranslate":false,"robots_max_snippet":null,"robots_max_videopreview":null,"robots_max_imagepreview":"large","priority":null,"frequency":null,"local_seo":null,"seo_analyzer_scan_date":"2025-11-30 14:53:11","breadcrumb_settings":null,"limit_modified_date":false,"open_ai":null,"ai":null,"created":"2020-12-21 14:00:26","updated":"2025-11-30 14:53:11"},"aioseo_breadcrumb":"<div class=\"aioseo-breadcrumbs\"><span class=\"aioseo-breadcrumb\">\n\t<a href=\"https:\/\/www.eldigitaldeasturias.com\/noticias\" title=\"Home\">Home<\/a>\n<\/span><span class=\"aioseo-breadcrumb-separator\">\u2013<\/span><span class=\"aioseo-breadcrumb\">\n\t<a href=\"https:\/\/www.eldigitaldeasturias.com\/noticias\/category\/actualidad-asturias\/\" title=\"Actualidad Asturias\">Actualidad Asturias<\/a>\n<\/span><span class=\"aioseo-breadcrumb-separator\">\u2013<\/span><span class=\"aioseo-breadcrumb\">\n\t<a href=\"https:\/\/www.eldigitaldeasturias.com\/noticias\/fernandez-sarasola-pide-crear-una-linea-de-ayudas-para-los-afectados-por-las-inundaciones\/\" title=\"Fern\u00e1ndez Sarasola pide crear una l\u00ednea de ayudas para los afectados por las inundaciones\">Fern\u00e1ndez Sarasola pide crear una l\u00ednea de ayudas para los afectados por las inundaciones<\/a>\n<\/span><\/div>","aioseo_breadcrumb_json":[{"label":"Home","link":"https:\/\/www.eldigitaldeasturias.com\/noticias"},{"label":"Actualidad Asturias","link":"https:\/\/www.eldigitaldeasturias.com\/noticias\/category\/actualidad-asturias\/"},{"label":"Fern\u00e1ndez Sarasola pide crear una l\u00ednea de ayudas para los afectados por las inundaciones","link":"https:\/\/www.eldigitaldeasturias.com\/noticias\/fernandez-sarasola-pide-crear-una-linea-de-ayudas-para-los-afectados-por-las-inundaciones\/"}],"_links":{"self":[{"href":"https:\/\/www.eldigitaldeasturias.com\/noticias\/wp-json\/wp\/v2\/posts\/908103","targetHints":{"allow":["GET"]}}],"collection":[{"href":"https:\/\/www.eldigitaldeasturias.com\/noticias\/wp-json\/wp\/v2\/posts"}],"about":[{"href":"https:\/\/www.eldigitaldeasturias.com\/noticias\/wp-json\/wp\/v2\/types\/post"}],"author":[{"embeddable":true,"href":"https:\/\/www.eldigitaldeasturias.com\/noticias\/wp-json\/wp\/v2\/users\/1"}],"replies":[{"embeddable":true,"href":"https:\/\/www.eldigitaldeasturias.com\/noticias\/wp-json\/wp\/v2\/comments?post=908103"}],"version-history":[{"count":0,"href":"https:\/\/www.eldigitaldeasturias.com\/noticias\/wp-json\/wp\/v2\/posts\/908103\/revisions"}],"wp:featuredmedia":[{"embeddable":true,"href":"https:\/\/www.eldigitaldeasturias.com\/noticias\/wp-json\/wp\/v2\/media\/818928"}],"wp:attachment":[{"href":"https:\/\/www.eldigitaldeasturias.com\/noticias\/wp-json\/wp\/v2\/media?parent=908103"}],"wp:term":[{"taxonomy":"category","embeddable":true,"href":"https:\/\/www.eldigitaldeasturias.com\/noticias\/wp-json\/wp\/v2\/categories?post=908103"},{"taxonomy":"post_tag","embeddable":true,"href":"https:\/\/www.eldigitaldeasturias.com\/noticias\/wp-json\/wp\/v2\/tags?post=908103"}],"curies":[{"name":"wp","href":"https:\/\/api.w.org\/{rel}","templated":true}]}}