{"id":908097,"date":"2016-09-17T01:30:57","date_gmt":"2016-09-17T00:30:57","guid":{"rendered":"http:\/\/www.eldigitaldeasturias.com\/noticias\/?p=908097"},"modified":"2016-09-17T01:30:57","modified_gmt":"2016-09-17T00:30:57","slug":"nicanor-garcia-propone-avanzar-hacia-un-nuevo-modelo-en-la-educacion-de-0-a-3-anos","status":"publish","type":"post","link":"https:\/\/www.eldigitaldeasturias.com\/noticias\/nicanor-garcia-propone-avanzar-hacia-un-nuevo-modelo-en-la-educacion-de-0-a-3-anos\/","title":{"rendered":"Nicanor Garc\u00eda propone avanzar hacia un \u00abnuevo modelo\u00bb en la Educaci\u00f3n de 0 a 3 a\u00f1os"},"content":{"rendered":"<p><img loading=\"lazy\" decoding=\"async\" class=\"alignleft size-medium wp-image-908098\" src=\"https:\/\/www.eldigitaldeasturias.com\/noticias\/wp-content\/uploads\/2016\/09\/fotonoticia_20160916142331_800-360x270.jpg\" alt=\"fotonoticia_20160916142331_800\" width=\"360\" height=\"270\" srcset=\"https:\/\/www.eldigitaldeasturias.com\/noticias\/wp-content\/uploads\/2016\/09\/fotonoticia_20160916142331_800-360x270.jpg 360w, https:\/\/www.eldigitaldeasturias.com\/noticias\/wp-content\/uploads\/2016\/09\/fotonoticia_20160916142331_800-768x576.jpg 768w, https:\/\/www.eldigitaldeasturias.com\/noticias\/wp-content\/uploads\/2016\/09\/fotonoticia_20160916142331_800-650x488.jpg 650w, https:\/\/www.eldigitaldeasturias.com\/noticias\/wp-content\/uploads\/2016\/09\/fotonoticia_20160916142331_800-125x95.jpg 125w, https:\/\/www.eldigitaldeasturias.com\/noticias\/wp-content\/uploads\/2016\/09\/fotonoticia_20160916142331_800-100x75.jpg 100w, https:\/\/www.eldigitaldeasturias.com\/noticias\/wp-content\/uploads\/2016\/09\/fotonoticia_20160916142331_800.jpg 800w\" sizes=\"auto, (max-width: 360px) 100vw, 360px\" \/>La Proposici\u00f3n No de Ley presentada por Ciudadanos Asturias relativa a la elaboraci\u00f3n de un Plan de Ordenaci\u00f3n del Primer Ciclo de Educaci\u00f3n Infantil, ha sido aprobada por la mayor\u00eda de la Junta General, con los \u00fanicos votos en contra del PSOE. Con ella, el parlamento asturiano reclama al Gobierno una apuesta \u00abecon\u00f3mica y pol\u00edtica\u00bb por la educaci\u00f3n infantil.<\/p>\n<p>El portavoz de Ciudadanos en la Junta General, Nicanor Garc\u00eda, ha defendido la iniciativa, incidiendo en que el Principado se encuentra ante una \u00abexcelente oportunidad\u00bb para avanzar hacia un \u00abnuevo modelo\u00bb en la Educaci\u00f3n de 0 a 3 a\u00f1os frente a la \u00abpol\u00edtica cicatera\u00bb actual en la que el Gobierno, considera Garc\u00eda, \u00abracanea en las plantillas\u00bb.<\/p>\n<p>En esta proposici\u00f3n Ciudadanos insta al Gobierno del Principado a realizar un nuevo Plan de Ordenaci\u00f3n de del Primer Ciclo de Educaci\u00f3n Infantil. En este plan deber\u00e1 contemplarse el aumento de la tasa de cobertura de esta etapa educativa hasta el 50% para el a\u00f1o 2020 (en la actualidad es del 15%), la integraci\u00f3n \u00abpaulatina\u00bb de estas escuelas en la red educativa del Principado y la reducci\u00f3n progresiva de las ratios (n\u00famero de alumnos por profesor).<\/p>\n<p>La proposici\u00f3n es, para IU, una iniciativa \u00abambiciosa\u00bb que requiere una \u00abvoluntad firme y decidida\u00bb del Gobierno asturiano. La diputada Concha Masa ha manifestado su deseo de que la iniciativa aprobada hoy mediante la votaci\u00f3n por puntos \u00absirva para desbloquear la inactividad de la Consejer\u00eda de Educaci\u00f3n e incluso sus pasos hacia atr\u00e1s\u00bb en esta materia en los \u00faltimos dos a\u00f1os.<\/p>\n<p>Desde Podemos, la diputada Luc\u00eda montejo ha asegurado que est\u00e1n de acuerdo con el esp\u00edritu de la propuesta, pero ha discrepado de la gratuidad en la escuela privada. Por ello, han votado en contra de una enmienda presentada por el PP referida a la \u00abgarant\u00eda de la actual red de guarder\u00edas privadas a los reg\u00edmenes de concierto para as\u00ed asegurar la libre elecci\u00f3n de las familias\u00bb. Adem\u00e1s de Podemos, han votado en contra de esta enmienda los diputados de IU y el PSOE, con lo que no ha salido adelante.<\/p>\n<p>El parlamentario del PP David Gonz\u00e1lez Medina, ha mostrado su apoyo a la propuesta de Ciudadanos, remarcando que su partido ya ha presentado iniciativas referidas a esta etapa educativa. Foro tambi\u00e9n ha apoyado la propuesta, incidiendo en que la educaci\u00f3n de 0 a 3 debe ser reconocida como una \u00abetapa plena\u00bb en la educaci\u00f3n infantil.<\/p>\n<p>En el debate parlamentario la diputada del PSOE Elsa P\u00e9rez ha instado a la c\u00e1mara a \u00abcomprometerse\u00bb con los presupuestos para destinar fondos a la gratuidad de la etapa educativa y para aumentar el n\u00famero de centros en Asturias en lugar de plantear esta iniciativa.<\/p>\n<p><strong>LA JUNTA PIDE LA GRATUIDAD DE LOS LIBROS DE TEXTO<\/strong><\/p>\n<p>Tambi\u00e9n referido a la educaci\u00f3n, la Junta ha aprobado una Proposici\u00f3n No de Ley sobre la gratuidad de los libros de texto y el material escolar b\u00e1sico en Educaci\u00f3n Infantil, Primaria, Secundaria, Bachillerato y Formaci\u00f3n Profesional. La propuesta, realizada por el PP, ha obtenido el apoyo de Podemos, Ciudadanos y Foro.<\/p>\n<p>Izquierda Unida ha justificado la negativa a apoyar la iniciativa al entender que se trata de una \u00abcarta a los reyes magos\u00bb en la que se pretende repartir \u00aba manos llenas\u00bb sin distinguir entre los centros p\u00fablicos, privados y concertados.<\/p>\n<p>Desde el PSOE, Elsa P\u00e9rez ha reprochado al PP que haya llevado a la C\u00e1mara asturiana un debate \u00abhip\u00f3crita\u00bb sobre la gratuidad del material escolar cuando el PP, a nivel nacional, ha recortado en 7.000 millones de euros el gasto educativo en los \u00faltimos cinco a\u00f1os. \u00abSacan la demagogia porque quieren ocultarlo\u00bb, ha asegurado.<\/p>\n<p>En representaci\u00f3n de Podemos, Luc\u00eda Montejo ha respaldado la iniciativa del PP a pesar de considerar que est\u00e1n \u00abvendiendo humo\u00bb. \u00abSon tan cobardes que no se atreven a poner sobre la mesa lo que quieren hacer con la educaci\u00f3n p\u00fablica en una proposici\u00f3n de ley; seguro que tendr\u00edan la oposici\u00f3n de toda la c\u00e1mara\u00bb, ha asegurado. Sus palabras han suscitado los aplausos de la tribuna &#8216;popular&#8217; y caras de incredulidad en las filas socialistas.<\/p>\n<p>&nbsp;<\/p>\n","protected":false},"excerpt":{"rendered":"<p>La Proposici\u00f3n No de Ley presentada por Ciudadanos Asturias relativa a la elaboraci\u00f3n de un Plan de Ordenaci\u00f3n del Primer Ciclo de Educaci\u00f3n Infantil, ha sido aprobada por la mayor\u00eda de la Junta General, con los \u00fanicos votos en contra del PSOE. Con ella, el parlamento asturiano reclama al Gobierno una apuesta \u00abecon\u00f3mica y pol\u00edtica\u00bb [&hellip;]<\/p>\n","protected":false},"author":1,"featured_media":908098,"comment_status":"closed","ping_status":"closed","sticky":false,"template":"","format":"standard","meta":{"footnotes":""},"categories":[12],"tags":[],"class_list":["post-908097","post","type-post","status-publish","format-standard","has-post-thumbnail","hentry","category-actualidad-asturias"],"aioseo_notices":[],"aioseo_head":"\n\t\t<!-- All in One SEO Pro 4.9.6.2 - aioseo.com -->\n\t<meta name=\"description\" content=\"La Proposici\u00f3n No de Ley presentada por Ciudadanos Asturias relativa a la elaboraci\u00f3n de un Plan de Ordenaci\u00f3n del Primer Ciclo de Educaci\u00f3n Infantil, ha sido aprobada por la mayor\u00eda de la Junta General, con los \u00fanicos votos en contra del PSOE. Con ella, el parlamento asturiano reclama al Gobierno una apuesta &quot;econ\u00f3mica y pol\u00edtica&quot;\" \/>\n\t<meta name=\"robots\" content=\"max-image-preview:large\" \/>\n\t<meta name=\"author\" content=\"El Digital de Asturias\"\/>\n\t<meta name=\"google-site-verification\" content=\"UA-38556648-1\" \/>\n\t<meta name=\"msvalidate.01\" content=\"7dfe9f3f1b24437ab69f4f2559babe99\" \/>\n\t<meta name=\"keywords\" content=\"actualidad asturias\" \/>\n\t<link rel=\"canonical\" href=\"https:\/\/www.eldigitaldeasturias.com\/noticias\/nicanor-garcia-propone-avanzar-hacia-un-nuevo-modelo-en-la-educacion-de-0-a-3-anos\/\" \/>\n\t<meta name=\"generator\" content=\"All in One SEO Pro (AIOSEO) 4.9.6.2\" \/>\n\t\t<meta property=\"og:locale\" content=\"es_ES\" \/>\n\t\t<meta property=\"og:site_name\" content=\"El Digital de Asturias\" \/>\n\t\t<meta property=\"og:type\" content=\"article\" \/>\n\t\t<meta property=\"og:title\" content=\"Nicanor Garc\u00eda propone avanzar hacia un \u00abnuevo modelo\u00bb en la Educaci\u00f3n de 0 a 3 a\u00f1os - El Digital de Asturias\" \/>\n\t\t<meta property=\"og:description\" content=\"La Proposici\u00f3n No de Ley presentada por Ciudadanos Asturias relativa a la elaboraci\u00f3n de un Plan de Ordenaci\u00f3n del Primer Ciclo de Educaci\u00f3n Infantil, ha sido aprobada por la mayor\u00eda de la Junta General, con los \u00fanicos votos en contra del PSOE. Con ella, el parlamento asturiano reclama al Gobierno una apuesta &quot;econ\u00f3mica y pol\u00edtica&quot;\" \/>\n\t\t<meta property=\"og:url\" content=\"https:\/\/www.eldigitaldeasturias.com\/noticias\/nicanor-garcia-propone-avanzar-hacia-un-nuevo-modelo-en-la-educacion-de-0-a-3-anos\/\" \/>\n\t\t<meta property=\"og:image\" content=\"https:\/\/www.eldigitaldeasturias.com\/noticias\/wp-content\/uploads\/2016\/09\/fotonoticia_20160916142331_800.jpg\" \/>\n\t\t<meta property=\"og:image:secure_url\" content=\"https:\/\/www.eldigitaldeasturias.com\/noticias\/wp-content\/uploads\/2016\/09\/fotonoticia_20160916142331_800.jpg\" \/>\n\t\t<meta property=\"og:image:width\" content=\"800\" \/>\n\t\t<meta property=\"og:image:height\" content=\"600\" \/>\n\t\t<meta property=\"article:tag\" content=\"actualidad asturias\" \/>\n\t\t<meta property=\"article:published_time\" content=\"2016-09-17T00:30:57+00:00\" \/>\n\t\t<meta property=\"article:modified_time\" content=\"2016-09-17T00:30:57+00:00\" \/>\n\t\t<meta property=\"article:publisher\" content=\"https:\/\/facebook.com\/eldigitaldeasturias\" \/>\n\t\t<meta name=\"twitter:card\" content=\"summary_large_image\" \/>\n\t\t<meta name=\"twitter:title\" content=\"Nicanor Garc\u00eda propone avanzar hacia un \u00abnuevo modelo\u00bb en la Educaci\u00f3n de 0 a 3 a\u00f1os - El Digital de Asturias\" \/>\n\t\t<meta name=\"twitter:description\" content=\"La Proposici\u00f3n No de Ley presentada por Ciudadanos Asturias relativa a la elaboraci\u00f3n de un Plan de Ordenaci\u00f3n del Primer Ciclo de Educaci\u00f3n Infantil, ha sido aprobada por la mayor\u00eda de la Junta General, con los \u00fanicos votos en contra del PSOE. Con ella, el parlamento asturiano reclama al Gobierno una apuesta &quot;econ\u00f3mica y pol\u00edtica&quot;\" \/>\n\t\t<meta name=\"twitter:image\" content=\"https:\/\/www.eldigitaldeasturias.com\/noticias\/wp-content\/uploads\/2016\/09\/fotonoticia_20160916142331_800.jpg\" \/>\n\t\t<meta name=\"twitter:label1\" content=\"Escrito por\" \/>\n\t\t<meta name=\"twitter:data1\" content=\"El Digital de Asturias\" \/>\n\t\t<meta name=\"twitter:label2\" content=\"Tiempo de lectura estimado\" \/>\n\t\t<meta name=\"twitter:data2\" content=\"4 minutos\" \/>\n\t\t<script type=\"application\/ld+json\" class=\"aioseo-schema\">\n\t\t\t{\"@context\":\"https:\\\/\\\/schema.org\",\"@graph\":[{\"@type\":\"BlogPosting\",\"@id\":\"https:\\\/\\\/www.eldigitaldeasturias.com\\\/noticias\\\/nicanor-garcia-propone-avanzar-hacia-un-nuevo-modelo-en-la-educacion-de-0-a-3-anos\\\/#blogposting\",\"name\":\"Nicanor Garc\\u00eda propone avanzar hacia un \\u00abnuevo modelo\\u00bb en la Educaci\\u00f3n de 0 a 3 a\\u00f1os - El Digital de Asturias\",\"headline\":\"Nicanor Garc\\u00eda propone avanzar hacia un \\u00abnuevo modelo\\u00bb en la Educaci\\u00f3n de 0 a 3 a\\u00f1os\",\"author\":{\"@id\":\"https:\\\/\\\/www.eldigitaldeasturias.com\\\/noticias\\\/author\\\/admin\\\/#author\"},\"publisher\":{\"@id\":\"https:\\\/\\\/www.eldigitaldeasturias.com\\\/noticias\\\/#organization\"},\"image\":{\"@type\":\"ImageObject\",\"url\":\"https:\\\/\\\/www.eldigitaldeasturias.com\\\/noticias\\\/wp-content\\\/uploads\\\/2016\\\/09\\\/fotonoticia_20160916142331_800.jpg\",\"width\":800,\"height\":600},\"datePublished\":\"2016-09-17T01:30:57+02:00\",\"dateModified\":\"2016-09-17T01:30:57+02:00\",\"inLanguage\":\"es-ES\",\"mainEntityOfPage\":{\"@id\":\"https:\\\/\\\/www.eldigitaldeasturias.com\\\/noticias\\\/nicanor-garcia-propone-avanzar-hacia-un-nuevo-modelo-en-la-educacion-de-0-a-3-anos\\\/#webpage\"},\"isPartOf\":{\"@id\":\"https:\\\/\\\/www.eldigitaldeasturias.com\\\/noticias\\\/nicanor-garcia-propone-avanzar-hacia-un-nuevo-modelo-en-la-educacion-de-0-a-3-anos\\\/#webpage\"},\"articleSection\":\"Actualidad Asturias\"},{\"@type\":\"BreadcrumbList\",\"@id\":\"https:\\\/\\\/www.eldigitaldeasturias.com\\\/noticias\\\/nicanor-garcia-propone-avanzar-hacia-un-nuevo-modelo-en-la-educacion-de-0-a-3-anos\\\/#breadcrumblist\",\"itemListElement\":[{\"@type\":\"ListItem\",\"@id\":\"https:\\\/\\\/www.eldigitaldeasturias.com\\\/noticias#listItem\",\"position\":1,\"name\":\"Home\",\"item\":\"https:\\\/\\\/www.eldigitaldeasturias.com\\\/noticias\",\"nextItem\":{\"@type\":\"ListItem\",\"@id\":\"https:\\\/\\\/www.eldigitaldeasturias.com\\\/noticias\\\/category\\\/actualidad-asturias\\\/#listItem\",\"name\":\"Actualidad Asturias\"}},{\"@type\":\"ListItem\",\"@id\":\"https:\\\/\\\/www.eldigitaldeasturias.com\\\/noticias\\\/category\\\/actualidad-asturias\\\/#listItem\",\"position\":2,\"name\":\"Actualidad Asturias\",\"item\":\"https:\\\/\\\/www.eldigitaldeasturias.com\\\/noticias\\\/category\\\/actualidad-asturias\\\/\",\"nextItem\":{\"@type\":\"ListItem\",\"@id\":\"https:\\\/\\\/www.eldigitaldeasturias.com\\\/noticias\\\/nicanor-garcia-propone-avanzar-hacia-un-nuevo-modelo-en-la-educacion-de-0-a-3-anos\\\/#listItem\",\"name\":\"Nicanor Garc\\u00eda propone avanzar hacia un \\u00abnuevo modelo\\u00bb en la Educaci\\u00f3n de 0 a 3 a\\u00f1os\"},\"previousItem\":{\"@type\":\"ListItem\",\"@id\":\"https:\\\/\\\/www.eldigitaldeasturias.com\\\/noticias#listItem\",\"name\":\"Home\"}},{\"@type\":\"ListItem\",\"@id\":\"https:\\\/\\\/www.eldigitaldeasturias.com\\\/noticias\\\/nicanor-garcia-propone-avanzar-hacia-un-nuevo-modelo-en-la-educacion-de-0-a-3-anos\\\/#listItem\",\"position\":3,\"name\":\"Nicanor Garc\\u00eda propone avanzar hacia un \\u00abnuevo modelo\\u00bb en la Educaci\\u00f3n de 0 a 3 a\\u00f1os\",\"previousItem\":{\"@type\":\"ListItem\",\"@id\":\"https:\\\/\\\/www.eldigitaldeasturias.com\\\/noticias\\\/category\\\/actualidad-asturias\\\/#listItem\",\"name\":\"Actualidad Asturias\"}}]},{\"@type\":\"Organization\",\"@id\":\"https:\\\/\\\/www.eldigitaldeasturias.com\\\/noticias\\\/#organization\",\"name\":\"El Digital de Asturias\",\"description\":\"Hemeroteca\",\"url\":\"https:\\\/\\\/www.eldigitaldeasturias.com\\\/noticias\\\/\",\"email\":\"info@eldigitaldeasturias.com\",\"telephone\":\"+34652131393\",\"logo\":{\"@type\":\"ImageObject\",\"url\":\"https:\\\/\\\/www.eldigitaldeasturias.com\\\/noticias\\\/wp-content\\\/uploads\\\/2020\\\/12\\\/EDA.jpg\",\"@id\":\"https:\\\/\\\/www.eldigitaldeasturias.com\\\/noticias\\\/nicanor-garcia-propone-avanzar-hacia-un-nuevo-modelo-en-la-educacion-de-0-a-3-anos\\\/#organizationLogo\",\"width\":649,\"height\":297},\"image\":{\"@id\":\"https:\\\/\\\/www.eldigitaldeasturias.com\\\/noticias\\\/nicanor-garcia-propone-avanzar-hacia-un-nuevo-modelo-en-la-educacion-de-0-a-3-anos\\\/#organizationLogo\"},\"sameAs\":[\"https:\\\/\\\/facebook.com\\\/eldigitaldeasturias\",\"https:\\\/\\\/www.youtube.com\\\/channel\\\/UCZP-2wLEB9Rv6erhFmqVnvg\"],\"address\":{\"@id\":\"https:\\\/\\\/www.eldigitaldeasturias.com\\\/noticias\\\/#postaladdress\",\"@type\":\"PostalAddress\",\"streetAddress\":\"san antonio 4,\",\"postalCode\":\"33430\",\"addressLocality\":\"Cand\\u00e1s\",\"addressRegion\":\"Asturias\",\"addressCountry\":\"ES\"}},{\"@type\":\"Person\",\"@id\":\"https:\\\/\\\/www.eldigitaldeasturias.com\\\/noticias\\\/author\\\/admin\\\/#author\",\"url\":\"https:\\\/\\\/www.eldigitaldeasturias.com\\\/noticias\\\/author\\\/admin\\\/\",\"name\":\"El Digital de Asturias\",\"image\":{\"@type\":\"ImageObject\",\"@id\":\"https:\\\/\\\/www.eldigitaldeasturias.com\\\/noticias\\\/nicanor-garcia-propone-avanzar-hacia-un-nuevo-modelo-en-la-educacion-de-0-a-3-anos\\\/#authorImage\",\"url\":\"https:\\\/\\\/www.eldigitaldeasturias.com\\\/noticias\\\/wp-content\\\/litespeed\\\/avatar\\\/18677e78aa0546b92d9dbf31ec7d7668.jpg?ver=1776685526\",\"width\":96,\"height\":96,\"caption\":\"El Digital de Asturias\"}},{\"@type\":\"WebPage\",\"@id\":\"https:\\\/\\\/www.eldigitaldeasturias.com\\\/noticias\\\/nicanor-garcia-propone-avanzar-hacia-un-nuevo-modelo-en-la-educacion-de-0-a-3-anos\\\/#webpage\",\"url\":\"https:\\\/\\\/www.eldigitaldeasturias.com\\\/noticias\\\/nicanor-garcia-propone-avanzar-hacia-un-nuevo-modelo-en-la-educacion-de-0-a-3-anos\\\/\",\"name\":\"Nicanor Garc\\u00eda propone avanzar hacia un \\u00abnuevo modelo\\u00bb en la Educaci\\u00f3n de 0 a 3 a\\u00f1os - El Digital de Asturias\",\"description\":\"La Proposici\\u00f3n No de Ley presentada por Ciudadanos Asturias relativa a la elaboraci\\u00f3n de un Plan de Ordenaci\\u00f3n del Primer Ciclo de Educaci\\u00f3n Infantil, ha sido aprobada por la mayor\\u00eda de la Junta General, con los \\u00fanicos votos en contra del PSOE. Con ella, el parlamento asturiano reclama al Gobierno una apuesta \\\"econ\\u00f3mica y pol\\u00edtica\\\"\",\"inLanguage\":\"es-ES\",\"isPartOf\":{\"@id\":\"https:\\\/\\\/www.eldigitaldeasturias.com\\\/noticias\\\/#website\"},\"breadcrumb\":{\"@id\":\"https:\\\/\\\/www.eldigitaldeasturias.com\\\/noticias\\\/nicanor-garcia-propone-avanzar-hacia-un-nuevo-modelo-en-la-educacion-de-0-a-3-anos\\\/#breadcrumblist\"},\"author\":{\"@id\":\"https:\\\/\\\/www.eldigitaldeasturias.com\\\/noticias\\\/author\\\/admin\\\/#author\"},\"creator\":{\"@id\":\"https:\\\/\\\/www.eldigitaldeasturias.com\\\/noticias\\\/author\\\/admin\\\/#author\"},\"image\":{\"@type\":\"ImageObject\",\"url\":\"https:\\\/\\\/www.eldigitaldeasturias.com\\\/noticias\\\/wp-content\\\/uploads\\\/2016\\\/09\\\/fotonoticia_20160916142331_800.jpg\",\"@id\":\"https:\\\/\\\/www.eldigitaldeasturias.com\\\/noticias\\\/nicanor-garcia-propone-avanzar-hacia-un-nuevo-modelo-en-la-educacion-de-0-a-3-anos\\\/#mainImage\",\"width\":800,\"height\":600},\"primaryImageOfPage\":{\"@id\":\"https:\\\/\\\/www.eldigitaldeasturias.com\\\/noticias\\\/nicanor-garcia-propone-avanzar-hacia-un-nuevo-modelo-en-la-educacion-de-0-a-3-anos\\\/#mainImage\"},\"datePublished\":\"2016-09-17T01:30:57+02:00\",\"dateModified\":\"2016-09-17T01:30:57+02:00\"},{\"@type\":\"WebSite\",\"@id\":\"https:\\\/\\\/www.eldigitaldeasturias.com\\\/noticias\\\/#website\",\"url\":\"https:\\\/\\\/www.eldigitaldeasturias.com\\\/noticias\\\/\",\"name\":\"El Digital de Asturias - Diario de actualidad y noticias\",\"alternateName\":\"El Digital de Asturias - Diario de actualidad y noticias\",\"description\":\"Hemeroteca\",\"inLanguage\":\"es-ES\",\"publisher\":{\"@id\":\"https:\\\/\\\/www.eldigitaldeasturias.com\\\/noticias\\\/#organization\"}}]}\n\t\t<\/script>\n\t\t<!-- All in One SEO Pro -->\r\n\t\t<title>Nicanor Garc\u00eda propone avanzar hacia un \u00abnuevo modelo\u00bb en la Educaci\u00f3n de 0 a 3 a\u00f1os - El Digital de Asturias<\/title>\n\n","aioseo_head_json":{"title":"Nicanor Garc\u00eda propone avanzar hacia un \u00abnuevo modelo\u00bb en la Educaci\u00f3n de 0 a 3 a\u00f1os - El Digital de Asturias","description":"La Proposici\u00f3n No de Ley presentada por Ciudadanos Asturias relativa a la elaboraci\u00f3n de un Plan de Ordenaci\u00f3n del Primer Ciclo de Educaci\u00f3n Infantil, ha sido aprobada por la mayor\u00eda de la Junta General, con los \u00fanicos votos en contra del PSOE. Con ella, el parlamento asturiano reclama al Gobierno una apuesta \"econ\u00f3mica y pol\u00edtica\"","canonical_url":"https:\/\/www.eldigitaldeasturias.com\/noticias\/nicanor-garcia-propone-avanzar-hacia-un-nuevo-modelo-en-la-educacion-de-0-a-3-anos\/","robots":"max-image-preview:large","keywords":"actualidad asturias","webmasterTools":{"google-site-verification":"UA-38556648-1","msvalidate.01":"7dfe9f3f1b24437ab69f4f2559babe99","miscellaneous":""},"schema":{"@context":"https:\/\/schema.org","@graph":[{"@type":"BlogPosting","@id":"https:\/\/www.eldigitaldeasturias.com\/noticias\/nicanor-garcia-propone-avanzar-hacia-un-nuevo-modelo-en-la-educacion-de-0-a-3-anos\/#blogposting","name":"Nicanor Garc\u00eda propone avanzar hacia un \u00abnuevo modelo\u00bb en la Educaci\u00f3n de 0 a 3 a\u00f1os - El Digital de Asturias","headline":"Nicanor Garc\u00eda propone avanzar hacia un \u00abnuevo modelo\u00bb en la Educaci\u00f3n de 0 a 3 a\u00f1os","author":{"@id":"https:\/\/www.eldigitaldeasturias.com\/noticias\/author\/admin\/#author"},"publisher":{"@id":"https:\/\/www.eldigitaldeasturias.com\/noticias\/#organization"},"image":{"@type":"ImageObject","url":"https:\/\/www.eldigitaldeasturias.com\/noticias\/wp-content\/uploads\/2016\/09\/fotonoticia_20160916142331_800.jpg","width":800,"height":600},"datePublished":"2016-09-17T01:30:57+02:00","dateModified":"2016-09-17T01:30:57+02:00","inLanguage":"es-ES","mainEntityOfPage":{"@id":"https:\/\/www.eldigitaldeasturias.com\/noticias\/nicanor-garcia-propone-avanzar-hacia-un-nuevo-modelo-en-la-educacion-de-0-a-3-anos\/#webpage"},"isPartOf":{"@id":"https:\/\/www.eldigitaldeasturias.com\/noticias\/nicanor-garcia-propone-avanzar-hacia-un-nuevo-modelo-en-la-educacion-de-0-a-3-anos\/#webpage"},"articleSection":"Actualidad Asturias"},{"@type":"BreadcrumbList","@id":"https:\/\/www.eldigitaldeasturias.com\/noticias\/nicanor-garcia-propone-avanzar-hacia-un-nuevo-modelo-en-la-educacion-de-0-a-3-anos\/#breadcrumblist","itemListElement":[{"@type":"ListItem","@id":"https:\/\/www.eldigitaldeasturias.com\/noticias#listItem","position":1,"name":"Home","item":"https:\/\/www.eldigitaldeasturias.com\/noticias","nextItem":{"@type":"ListItem","@id":"https:\/\/www.eldigitaldeasturias.com\/noticias\/category\/actualidad-asturias\/#listItem","name":"Actualidad Asturias"}},{"@type":"ListItem","@id":"https:\/\/www.eldigitaldeasturias.com\/noticias\/category\/actualidad-asturias\/#listItem","position":2,"name":"Actualidad Asturias","item":"https:\/\/www.eldigitaldeasturias.com\/noticias\/category\/actualidad-asturias\/","nextItem":{"@type":"ListItem","@id":"https:\/\/www.eldigitaldeasturias.com\/noticias\/nicanor-garcia-propone-avanzar-hacia-un-nuevo-modelo-en-la-educacion-de-0-a-3-anos\/#listItem","name":"Nicanor Garc\u00eda propone avanzar hacia un \u00abnuevo modelo\u00bb en la Educaci\u00f3n de 0 a 3 a\u00f1os"},"previousItem":{"@type":"ListItem","@id":"https:\/\/www.eldigitaldeasturias.com\/noticias#listItem","name":"Home"}},{"@type":"ListItem","@id":"https:\/\/www.eldigitaldeasturias.com\/noticias\/nicanor-garcia-propone-avanzar-hacia-un-nuevo-modelo-en-la-educacion-de-0-a-3-anos\/#listItem","position":3,"name":"Nicanor Garc\u00eda propone avanzar hacia un \u00abnuevo modelo\u00bb en la Educaci\u00f3n de 0 a 3 a\u00f1os","previousItem":{"@type":"ListItem","@id":"https:\/\/www.eldigitaldeasturias.com\/noticias\/category\/actualidad-asturias\/#listItem","name":"Actualidad Asturias"}}]},{"@type":"Organization","@id":"https:\/\/www.eldigitaldeasturias.com\/noticias\/#organization","name":"El Digital de Asturias","description":"Hemeroteca","url":"https:\/\/www.eldigitaldeasturias.com\/noticias\/","email":"info@eldigitaldeasturias.com","telephone":"+34652131393","logo":{"@type":"ImageObject","url":"https:\/\/www.eldigitaldeasturias.com\/noticias\/wp-content\/uploads\/2020\/12\/EDA.jpg","@id":"https:\/\/www.eldigitaldeasturias.com\/noticias\/nicanor-garcia-propone-avanzar-hacia-un-nuevo-modelo-en-la-educacion-de-0-a-3-anos\/#organizationLogo","width":649,"height":297},"image":{"@id":"https:\/\/www.eldigitaldeasturias.com\/noticias\/nicanor-garcia-propone-avanzar-hacia-un-nuevo-modelo-en-la-educacion-de-0-a-3-anos\/#organizationLogo"},"sameAs":["https:\/\/facebook.com\/eldigitaldeasturias","https:\/\/www.youtube.com\/channel\/UCZP-2wLEB9Rv6erhFmqVnvg"],"address":{"@id":"https:\/\/www.eldigitaldeasturias.com\/noticias\/#postaladdress","@type":"PostalAddress","streetAddress":"san antonio 4,","postalCode":"33430","addressLocality":"Cand\u00e1s","addressRegion":"Asturias","addressCountry":"ES"}},{"@type":"Person","@id":"https:\/\/www.eldigitaldeasturias.com\/noticias\/author\/admin\/#author","url":"https:\/\/www.eldigitaldeasturias.com\/noticias\/author\/admin\/","name":"El Digital de Asturias","image":{"@type":"ImageObject","@id":"https:\/\/www.eldigitaldeasturias.com\/noticias\/nicanor-garcia-propone-avanzar-hacia-un-nuevo-modelo-en-la-educacion-de-0-a-3-anos\/#authorImage","url":"https:\/\/www.eldigitaldeasturias.com\/noticias\/wp-content\/litespeed\/avatar\/18677e78aa0546b92d9dbf31ec7d7668.jpg?ver=1776685526","width":96,"height":96,"caption":"El Digital de Asturias"}},{"@type":"WebPage","@id":"https:\/\/www.eldigitaldeasturias.com\/noticias\/nicanor-garcia-propone-avanzar-hacia-un-nuevo-modelo-en-la-educacion-de-0-a-3-anos\/#webpage","url":"https:\/\/www.eldigitaldeasturias.com\/noticias\/nicanor-garcia-propone-avanzar-hacia-un-nuevo-modelo-en-la-educacion-de-0-a-3-anos\/","name":"Nicanor Garc\u00eda propone avanzar hacia un \u00abnuevo modelo\u00bb en la Educaci\u00f3n de 0 a 3 a\u00f1os - El Digital de Asturias","description":"La Proposici\u00f3n No de Ley presentada por Ciudadanos Asturias relativa a la elaboraci\u00f3n de un Plan de Ordenaci\u00f3n del Primer Ciclo de Educaci\u00f3n Infantil, ha sido aprobada por la mayor\u00eda de la Junta General, con los \u00fanicos votos en contra del PSOE. Con ella, el parlamento asturiano reclama al Gobierno una apuesta \"econ\u00f3mica y pol\u00edtica\"","inLanguage":"es-ES","isPartOf":{"@id":"https:\/\/www.eldigitaldeasturias.com\/noticias\/#website"},"breadcrumb":{"@id":"https:\/\/www.eldigitaldeasturias.com\/noticias\/nicanor-garcia-propone-avanzar-hacia-un-nuevo-modelo-en-la-educacion-de-0-a-3-anos\/#breadcrumblist"},"author":{"@id":"https:\/\/www.eldigitaldeasturias.com\/noticias\/author\/admin\/#author"},"creator":{"@id":"https:\/\/www.eldigitaldeasturias.com\/noticias\/author\/admin\/#author"},"image":{"@type":"ImageObject","url":"https:\/\/www.eldigitaldeasturias.com\/noticias\/wp-content\/uploads\/2016\/09\/fotonoticia_20160916142331_800.jpg","@id":"https:\/\/www.eldigitaldeasturias.com\/noticias\/nicanor-garcia-propone-avanzar-hacia-un-nuevo-modelo-en-la-educacion-de-0-a-3-anos\/#mainImage","width":800,"height":600},"primaryImageOfPage":{"@id":"https:\/\/www.eldigitaldeasturias.com\/noticias\/nicanor-garcia-propone-avanzar-hacia-un-nuevo-modelo-en-la-educacion-de-0-a-3-anos\/#mainImage"},"datePublished":"2016-09-17T01:30:57+02:00","dateModified":"2016-09-17T01:30:57+02:00"},{"@type":"WebSite","@id":"https:\/\/www.eldigitaldeasturias.com\/noticias\/#website","url":"https:\/\/www.eldigitaldeasturias.com\/noticias\/","name":"El Digital de Asturias - Diario de actualidad y noticias","alternateName":"El Digital de Asturias - Diario de actualidad y noticias","description":"Hemeroteca","inLanguage":"es-ES","publisher":{"@id":"https:\/\/www.eldigitaldeasturias.com\/noticias\/#organization"}}]},"og:locale":"es_ES","og:site_name":"El Digital de Asturias","og:type":"article","og:title":"Nicanor Garc\u00eda propone avanzar hacia un \u00abnuevo modelo\u00bb en la Educaci\u00f3n de 0 a 3 a\u00f1os - El Digital de Asturias","og:description":"La Proposici\u00f3n No de Ley presentada por Ciudadanos Asturias relativa a la elaboraci\u00f3n de un Plan de Ordenaci\u00f3n del Primer Ciclo de Educaci\u00f3n Infantil, ha sido aprobada por la mayor\u00eda de la Junta General, con los \u00fanicos votos en contra del PSOE. Con ella, el parlamento asturiano reclama al Gobierno una apuesta &quot;econ\u00f3mica y pol\u00edtica&quot;","og:url":"https:\/\/www.eldigitaldeasturias.com\/noticias\/nicanor-garcia-propone-avanzar-hacia-un-nuevo-modelo-en-la-educacion-de-0-a-3-anos\/","og:image":"https:\/\/www.eldigitaldeasturias.com\/noticias\/wp-content\/uploads\/2016\/09\/fotonoticia_20160916142331_800.jpg","og:image:secure_url":"https:\/\/www.eldigitaldeasturias.com\/noticias\/wp-content\/uploads\/2016\/09\/fotonoticia_20160916142331_800.jpg","og:image:width":800,"og:image:height":600,"article:tag":["actualidad asturias"],"article:published_time":"2016-09-17T00:30:57+00:00","article:modified_time":"2016-09-17T00:30:57+00:00","article:publisher":"https:\/\/facebook.com\/eldigitaldeasturias","twitter:card":"summary_large_image","twitter:title":"Nicanor Garc\u00eda propone avanzar hacia un \u00abnuevo modelo\u00bb en la Educaci\u00f3n de 0 a 3 a\u00f1os - El Digital de Asturias","twitter:description":"La Proposici\u00f3n No de Ley presentada por Ciudadanos Asturias relativa a la elaboraci\u00f3n de un Plan de Ordenaci\u00f3n del Primer Ciclo de Educaci\u00f3n Infantil, ha sido aprobada por la mayor\u00eda de la Junta General, con los \u00fanicos votos en contra del PSOE. Con ella, el parlamento asturiano reclama al Gobierno una apuesta &quot;econ\u00f3mica y pol\u00edtica&quot;","twitter:image":"https:\/\/www.eldigitaldeasturias.com\/noticias\/wp-content\/uploads\/2016\/09\/fotonoticia_20160916142331_800.jpg","twitter:label1":"Escrito por","twitter:data1":"El Digital de Asturias","twitter:label2":"Tiempo de lectura estimado","twitter:data2":"4 minutos"},"aioseo_meta_data":{"post_id":"908097","title":null,"description":null,"keywords":null,"keyphrases":null,"primary_term":null,"canonical_url":null,"og_title":null,"og_description":null,"og_object_type":"default","og_image_type":"default","og_image_url":null,"og_image_width":null,"og_image_height":null,"og_image_custom_url":null,"og_image_custom_fields":null,"og_video":null,"og_custom_url":null,"og_article_section":null,"og_article_tags":null,"twitter_use_og":false,"twitter_card":"default","twitter_image_type":"default","twitter_image_url":null,"twitter_image_custom_url":null,"twitter_image_custom_fields":null,"twitter_title":null,"twitter_description":null,"schema":{"blockGraphs":[],"customGraphs":[],"default":{"data":{"Article":[],"Course":[],"Dataset":[],"FAQPage":[],"Movie":[],"Person":[],"Product":[],"ProductReview":[],"Car":[],"Recipe":[],"Service":[],"SoftwareApplication":[],"WebPage":[]},"graphName":"","isEnabled":true},"graphs":[],"defaultGraph":"","defaultPostTypeGraph":""},"schema_type":null,"schema_type_options":null,"pillar_content":false,"robots_default":true,"robots_noindex":false,"robots_noarchive":false,"robots_nosnippet":false,"robots_nofollow":false,"robots_noimageindex":false,"robots_noodp":false,"robots_notranslate":false,"robots_max_snippet":null,"robots_max_videopreview":null,"robots_max_imagepreview":"large","priority":null,"frequency":null,"local_seo":null,"seo_analyzer_scan_date":"2025-11-30 14:51:14","breadcrumb_settings":null,"limit_modified_date":false,"open_ai":null,"ai":null,"created":"2020-12-21 14:00:26","updated":"2025-11-30 14:51:14"},"aioseo_breadcrumb":"<div class=\"aioseo-breadcrumbs\"><span class=\"aioseo-breadcrumb\">\n\t<a href=\"https:\/\/www.eldigitaldeasturias.com\/noticias\" title=\"Home\">Home<\/a>\n<\/span><span class=\"aioseo-breadcrumb-separator\">\u2013<\/span><span class=\"aioseo-breadcrumb\">\n\t<a href=\"https:\/\/www.eldigitaldeasturias.com\/noticias\/category\/actualidad-asturias\/\" title=\"Actualidad Asturias\">Actualidad Asturias<\/a>\n<\/span><span class=\"aioseo-breadcrumb-separator\">\u2013<\/span><span class=\"aioseo-breadcrumb\">\n\t<a href=\"https:\/\/www.eldigitaldeasturias.com\/noticias\/nicanor-garcia-propone-avanzar-hacia-un-nuevo-modelo-en-la-educacion-de-0-a-3-anos\/\" title=\"Nicanor Garc\u00eda propone avanzar hacia un \u00abnuevo modelo\u00bb en la Educaci\u00f3n de 0 a 3 a\u00f1os\">Nicanor Garc\u00eda propone avanzar hacia un \u00abnuevo modelo\u00bb en la Educaci\u00f3n de 0 a 3 a\u00f1os<\/a>\n<\/span><\/div>","aioseo_breadcrumb_json":[{"label":"Home","link":"https:\/\/www.eldigitaldeasturias.com\/noticias"},{"label":"Actualidad Asturias","link":"https:\/\/www.eldigitaldeasturias.com\/noticias\/category\/actualidad-asturias\/"},{"label":"Nicanor Garc\u00eda propone avanzar hacia un \u00abnuevo modelo\u00bb en la Educaci\u00f3n de 0 a 3 a\u00f1os","link":"https:\/\/www.eldigitaldeasturias.com\/noticias\/nicanor-garcia-propone-avanzar-hacia-un-nuevo-modelo-en-la-educacion-de-0-a-3-anos\/"}],"_links":{"self":[{"href":"https:\/\/www.eldigitaldeasturias.com\/noticias\/wp-json\/wp\/v2\/posts\/908097","targetHints":{"allow":["GET"]}}],"collection":[{"href":"https:\/\/www.eldigitaldeasturias.com\/noticias\/wp-json\/wp\/v2\/posts"}],"about":[{"href":"https:\/\/www.eldigitaldeasturias.com\/noticias\/wp-json\/wp\/v2\/types\/post"}],"author":[{"embeddable":true,"href":"https:\/\/www.eldigitaldeasturias.com\/noticias\/wp-json\/wp\/v2\/users\/1"}],"replies":[{"embeddable":true,"href":"https:\/\/www.eldigitaldeasturias.com\/noticias\/wp-json\/wp\/v2\/comments?post=908097"}],"version-history":[{"count":0,"href":"https:\/\/www.eldigitaldeasturias.com\/noticias\/wp-json\/wp\/v2\/posts\/908097\/revisions"}],"wp:featuredmedia":[{"embeddable":true,"href":"https:\/\/www.eldigitaldeasturias.com\/noticias\/wp-json\/wp\/v2\/media\/908098"}],"wp:attachment":[{"href":"https:\/\/www.eldigitaldeasturias.com\/noticias\/wp-json\/wp\/v2\/media?parent=908097"}],"wp:term":[{"taxonomy":"category","embeddable":true,"href":"https:\/\/www.eldigitaldeasturias.com\/noticias\/wp-json\/wp\/v2\/categories?post=908097"},{"taxonomy":"post_tag","embeddable":true,"href":"https:\/\/www.eldigitaldeasturias.com\/noticias\/wp-json\/wp\/v2\/tags?post=908097"}],"curies":[{"name":"wp","href":"https:\/\/api.w.org\/{rel}","templated":true}]}}