{"id":908086,"date":"2016-09-17T00:55:02","date_gmt":"2016-09-16T23:55:02","guid":{"rendered":"http:\/\/www.eldigitaldeasturias.com\/noticias\/?p=908086"},"modified":"2016-09-17T00:55:02","modified_gmt":"2016-09-16T23:55:02","slug":"finalizan-las-obras-de-ampliacion-del-cpr-de-arriondas","status":"publish","type":"post","link":"https:\/\/www.eldigitaldeasturias.com\/noticias\/finalizan-las-obras-de-ampliacion-del-cpr-de-arriondas\/","title":{"rendered":"Finalizan las obras de ampliaci\u00f3n del CPR de Arriondas"},"content":{"rendered":"<p>Las obras de ampliaci\u00f3n del Centro Polivalente de Recursos (CPR) de Arriondas han concluido tras una inversi\u00f3n de 1.651.969 euros, seg\u00fan ha informado del Gobierno asturiano a trav\u00e9s de una nota de prensa. Los trabajos ejecutados permitir\u00e1n crear 42 plazas residenciales, que se sumar\u00e1n a las 30 actuales.<\/p>\n<p>Tambi\u00e9n se ha habilitado una nueva cocina y se ha ampliado el espacio destinado a centro de d\u00eda y el del centro social, que pasa a contar con sala polivalente y una cafeter\u00eda ampliada.<\/p>\n<p>La consejera de Servicios y Derechos Sociales, Pilar Varela, ha visitado este viernes los trabajos ejecutados, junto con la gerente del ERA, Graciela Blanco; el alcalde de Parres, Emilio Garc\u00eda Longo, y representantes municipales, de las asociaciones de la zona y de la empresa adjudicataria.<\/p>\n<p><img loading=\"lazy\" decoding=\"async\" class=\" size-large wp-image-908087 aligncenter\" src=\"https:\/\/www.eldigitaldeasturias.com\/noticias\/wp-content\/uploads\/2016\/09\/2016_09_16-Visita-consejera-obras-ampliacion-CPR-Arriondas-650x433.jpg\" alt=\"2016_09_16 Visita consejera obras ampliacion CPR Arriondas\" width=\"650\" height=\"433\" srcset=\"https:\/\/www.eldigitaldeasturias.com\/noticias\/wp-content\/uploads\/2016\/09\/2016_09_16-Visita-consejera-obras-ampliacion-CPR-Arriondas-650x433.jpg 650w, https:\/\/www.eldigitaldeasturias.com\/noticias\/wp-content\/uploads\/2016\/09\/2016_09_16-Visita-consejera-obras-ampliacion-CPR-Arriondas-360x240.jpg 360w, https:\/\/www.eldigitaldeasturias.com\/noticias\/wp-content\/uploads\/2016\/09\/2016_09_16-Visita-consejera-obras-ampliacion-CPR-Arriondas-768x512.jpg 768w, https:\/\/www.eldigitaldeasturias.com\/noticias\/wp-content\/uploads\/2016\/09\/2016_09_16-Visita-consejera-obras-ampliacion-CPR-Arriondas-84x55.jpg 84w, https:\/\/www.eldigitaldeasturias.com\/noticias\/wp-content\/uploads\/2016\/09\/2016_09_16-Visita-consejera-obras-ampliacion-CPR-Arriondas-49x32.jpg 49w\" sizes=\"auto, (max-width: 650px) 100vw, 650px\" \/><\/p>\n<p>Varela ha se\u00f1alado que este mes entrar\u00e1n en servicio la nueva cocina y los espacios ampliados, tanto en el centro de d\u00eda como en el centro social, y que su departamento trabaja con la previsi\u00f3n de que las plazas residenciales puedan ponerse en marcha el pr\u00f3ximo ejercicio.<\/p>\n<p>Actualmente, el ERA ultima la contrataci\u00f3n del equipamiento y mobiliario, que sali\u00f3 a licitaci\u00f3n en agosto con un presupuesto pr\u00f3ximo a los 200.000 euros, con la intenci\u00f3n de que est\u00e9 instalado antes de que acabe el a\u00f1o.<\/p>\n<p>El Centro Polivalente de Recursos de Arriondas dispone ahora de 32 plazas residenciales y 15 en el centro de d\u00eda. Adem\u00e1s, alberga el centro social de personas mayores y las instalaciones del equipo territorial de servicios sociales.<\/p>\n<p>Las obras de ampliaci\u00f3n fueron adjudicadas a la empresa Ferrovial Agroman en noviembre de 2014 con un presupuesto de 1.651.969 euros y un plazo de ejecuci\u00f3n de 18 meses. Se ha construido un edificio de nueva planta que cuenta con una superficie \u00fatil de 2.128 metros en el que se distribuyen 15 nuevas habitaciones dobles y 12 individuales, repartidas en tres plantas.<\/p>\n<p>&nbsp;<\/p>\n","protected":false},"excerpt":{"rendered":"<p>Las obras de ampliaci\u00f3n del Centro Polivalente de Recursos (CPR) de Arriondas han concluido tras una inversi\u00f3n de 1.651.969 euros, seg\u00fan ha informado del Gobierno asturiano a trav\u00e9s de una nota de prensa. Los trabajos ejecutados permitir\u00e1n crear 42 plazas residenciales, que se sumar\u00e1n a las 30 actuales. Tambi\u00e9n se ha habilitado una nueva cocina [&hellip;]<\/p>\n","protected":false},"author":1,"featured_media":908087,"comment_status":"closed","ping_status":"closed","sticky":false,"template":"","format":"standard","meta":{"footnotes":""},"categories":[12],"tags":[],"class_list":["post-908086","post","type-post","status-publish","format-standard","has-post-thumbnail","hentry","category-actualidad-asturias"],"aioseo_notices":[],"aioseo_head":"\n\t\t<!-- All in One SEO Pro 4.9.6.2 - aioseo.com -->\n\t<meta name=\"description\" content=\"Las obras de ampliaci\u00f3n del Centro Polivalente de Recursos (CPR) de Arriondas han concluido tras una inversi\u00f3n de 1.651.969 euros, seg\u00fan ha informado del Gobierno asturiano a trav\u00e9s de una nota de prensa. Los trabajos ejecutados permitir\u00e1n crear 42 plazas residenciales, que se sumar\u00e1n a las 30 actuales. Tambi\u00e9n se ha habilitado una nueva cocina\" \/>\n\t<meta name=\"robots\" content=\"max-image-preview:large\" \/>\n\t<meta name=\"author\" content=\"El Digital de Asturias\"\/>\n\t<meta name=\"google-site-verification\" content=\"UA-38556648-1\" \/>\n\t<meta name=\"msvalidate.01\" content=\"7dfe9f3f1b24437ab69f4f2559babe99\" \/>\n\t<meta name=\"keywords\" content=\"actualidad asturias\" \/>\n\t<link rel=\"canonical\" href=\"https:\/\/www.eldigitaldeasturias.com\/noticias\/finalizan-las-obras-de-ampliacion-del-cpr-de-arriondas\/\" \/>\n\t<meta name=\"generator\" content=\"All in One SEO Pro (AIOSEO) 4.9.6.2\" \/>\n\t\t<meta property=\"og:locale\" content=\"es_ES\" \/>\n\t\t<meta property=\"og:site_name\" content=\"El Digital de Asturias\" \/>\n\t\t<meta property=\"og:type\" content=\"article\" \/>\n\t\t<meta property=\"og:title\" content=\"Finalizan las obras de ampliaci\u00f3n del CPR de Arriondas - El Digital de Asturias\" \/>\n\t\t<meta property=\"og:description\" content=\"Las obras de ampliaci\u00f3n del Centro Polivalente de Recursos (CPR) de Arriondas han concluido tras una inversi\u00f3n de 1.651.969 euros, seg\u00fan ha informado del Gobierno asturiano a trav\u00e9s de una nota de prensa. Los trabajos ejecutados permitir\u00e1n crear 42 plazas residenciales, que se sumar\u00e1n a las 30 actuales. Tambi\u00e9n se ha habilitado una nueva cocina\" \/>\n\t\t<meta property=\"og:url\" content=\"https:\/\/www.eldigitaldeasturias.com\/noticias\/finalizan-las-obras-de-ampliacion-del-cpr-de-arriondas\/\" \/>\n\t\t<meta property=\"og:image\" content=\"https:\/\/www.eldigitaldeasturias.com\/noticias\/wp-content\/uploads\/2016\/09\/2016_09_16-Visita-consejera-obras-ampliacion-CPR-Arriondas.jpg\" \/>\n\t\t<meta property=\"og:image:secure_url\" content=\"https:\/\/www.eldigitaldeasturias.com\/noticias\/wp-content\/uploads\/2016\/09\/2016_09_16-Visita-consejera-obras-ampliacion-CPR-Arriondas.jpg\" \/>\n\t\t<meta property=\"og:image:width\" content=\"2500\" \/>\n\t\t<meta property=\"og:image:height\" content=\"1667\" \/>\n\t\t<meta property=\"article:tag\" content=\"actualidad asturias\" \/>\n\t\t<meta property=\"article:published_time\" content=\"2016-09-16T23:55:02+00:00\" \/>\n\t\t<meta property=\"article:modified_time\" content=\"2016-09-16T23:55:02+00:00\" \/>\n\t\t<meta property=\"article:publisher\" content=\"https:\/\/facebook.com\/eldigitaldeasturias\" \/>\n\t\t<meta name=\"twitter:card\" content=\"summary_large_image\" \/>\n\t\t<meta name=\"twitter:title\" content=\"Finalizan las obras de ampliaci\u00f3n del CPR de Arriondas - El Digital de Asturias\" \/>\n\t\t<meta name=\"twitter:description\" content=\"Las obras de ampliaci\u00f3n del Centro Polivalente de Recursos (CPR) de Arriondas han concluido tras una inversi\u00f3n de 1.651.969 euros, seg\u00fan ha informado del Gobierno asturiano a trav\u00e9s de una nota de prensa. Los trabajos ejecutados permitir\u00e1n crear 42 plazas residenciales, que se sumar\u00e1n a las 30 actuales. Tambi\u00e9n se ha habilitado una nueva cocina\" \/>\n\t\t<meta name=\"twitter:image\" content=\"https:\/\/www.eldigitaldeasturias.com\/noticias\/wp-content\/uploads\/2016\/09\/2016_09_16-Visita-consejera-obras-ampliacion-CPR-Arriondas.jpg\" \/>\n\t\t<meta name=\"twitter:label1\" content=\"Escrito por\" \/>\n\t\t<meta name=\"twitter:data1\" content=\"El Digital de Asturias\" \/>\n\t\t<meta name=\"twitter:label2\" content=\"Tiempo de lectura estimado\" \/>\n\t\t<meta name=\"twitter:data2\" content=\"2 minutos\" \/>\n\t\t<script type=\"application\/ld+json\" class=\"aioseo-schema\">\n\t\t\t{\"@context\":\"https:\\\/\\\/schema.org\",\"@graph\":[{\"@type\":\"BlogPosting\",\"@id\":\"https:\\\/\\\/www.eldigitaldeasturias.com\\\/noticias\\\/finalizan-las-obras-de-ampliacion-del-cpr-de-arriondas\\\/#blogposting\",\"name\":\"Finalizan las obras de ampliaci\\u00f3n del CPR de Arriondas - El Digital de Asturias\",\"headline\":\"Finalizan las obras de ampliaci\\u00f3n del CPR de Arriondas\",\"author\":{\"@id\":\"https:\\\/\\\/www.eldigitaldeasturias.com\\\/noticias\\\/author\\\/admin\\\/#author\"},\"publisher\":{\"@id\":\"https:\\\/\\\/www.eldigitaldeasturias.com\\\/noticias\\\/#organization\"},\"image\":{\"@type\":\"ImageObject\",\"url\":\"https:\\\/\\\/www.eldigitaldeasturias.com\\\/noticias\\\/wp-content\\\/uploads\\\/2016\\\/09\\\/2016_09_16-Visita-consejera-obras-ampliacion-CPR-Arriondas.jpg\",\"width\":2500,\"height\":1667},\"datePublished\":\"2016-09-17T00:55:02+02:00\",\"dateModified\":\"2016-09-17T00:55:02+02:00\",\"inLanguage\":\"es-ES\",\"mainEntityOfPage\":{\"@id\":\"https:\\\/\\\/www.eldigitaldeasturias.com\\\/noticias\\\/finalizan-las-obras-de-ampliacion-del-cpr-de-arriondas\\\/#webpage\"},\"isPartOf\":{\"@id\":\"https:\\\/\\\/www.eldigitaldeasturias.com\\\/noticias\\\/finalizan-las-obras-de-ampliacion-del-cpr-de-arriondas\\\/#webpage\"},\"articleSection\":\"Actualidad Asturias\"},{\"@type\":\"BreadcrumbList\",\"@id\":\"https:\\\/\\\/www.eldigitaldeasturias.com\\\/noticias\\\/finalizan-las-obras-de-ampliacion-del-cpr-de-arriondas\\\/#breadcrumblist\",\"itemListElement\":[{\"@type\":\"ListItem\",\"@id\":\"https:\\\/\\\/www.eldigitaldeasturias.com\\\/noticias#listItem\",\"position\":1,\"name\":\"Home\",\"item\":\"https:\\\/\\\/www.eldigitaldeasturias.com\\\/noticias\",\"nextItem\":{\"@type\":\"ListItem\",\"@id\":\"https:\\\/\\\/www.eldigitaldeasturias.com\\\/noticias\\\/category\\\/actualidad-asturias\\\/#listItem\",\"name\":\"Actualidad Asturias\"}},{\"@type\":\"ListItem\",\"@id\":\"https:\\\/\\\/www.eldigitaldeasturias.com\\\/noticias\\\/category\\\/actualidad-asturias\\\/#listItem\",\"position\":2,\"name\":\"Actualidad Asturias\",\"item\":\"https:\\\/\\\/www.eldigitaldeasturias.com\\\/noticias\\\/category\\\/actualidad-asturias\\\/\",\"nextItem\":{\"@type\":\"ListItem\",\"@id\":\"https:\\\/\\\/www.eldigitaldeasturias.com\\\/noticias\\\/finalizan-las-obras-de-ampliacion-del-cpr-de-arriondas\\\/#listItem\",\"name\":\"Finalizan las obras de ampliaci\\u00f3n del CPR de Arriondas\"},\"previousItem\":{\"@type\":\"ListItem\",\"@id\":\"https:\\\/\\\/www.eldigitaldeasturias.com\\\/noticias#listItem\",\"name\":\"Home\"}},{\"@type\":\"ListItem\",\"@id\":\"https:\\\/\\\/www.eldigitaldeasturias.com\\\/noticias\\\/finalizan-las-obras-de-ampliacion-del-cpr-de-arriondas\\\/#listItem\",\"position\":3,\"name\":\"Finalizan las obras de ampliaci\\u00f3n del CPR de Arriondas\",\"previousItem\":{\"@type\":\"ListItem\",\"@id\":\"https:\\\/\\\/www.eldigitaldeasturias.com\\\/noticias\\\/category\\\/actualidad-asturias\\\/#listItem\",\"name\":\"Actualidad Asturias\"}}]},{\"@type\":\"Organization\",\"@id\":\"https:\\\/\\\/www.eldigitaldeasturias.com\\\/noticias\\\/#organization\",\"name\":\"El Digital de Asturias\",\"description\":\"Hemeroteca\",\"url\":\"https:\\\/\\\/www.eldigitaldeasturias.com\\\/noticias\\\/\",\"email\":\"info@eldigitaldeasturias.com\",\"telephone\":\"+34652131393\",\"logo\":{\"@type\":\"ImageObject\",\"url\":\"https:\\\/\\\/www.eldigitaldeasturias.com\\\/noticias\\\/wp-content\\\/uploads\\\/2020\\\/12\\\/EDA.jpg\",\"@id\":\"https:\\\/\\\/www.eldigitaldeasturias.com\\\/noticias\\\/finalizan-las-obras-de-ampliacion-del-cpr-de-arriondas\\\/#organizationLogo\",\"width\":649,\"height\":297},\"image\":{\"@id\":\"https:\\\/\\\/www.eldigitaldeasturias.com\\\/noticias\\\/finalizan-las-obras-de-ampliacion-del-cpr-de-arriondas\\\/#organizationLogo\"},\"sameAs\":[\"https:\\\/\\\/facebook.com\\\/eldigitaldeasturias\",\"https:\\\/\\\/www.youtube.com\\\/channel\\\/UCZP-2wLEB9Rv6erhFmqVnvg\"],\"address\":{\"@id\":\"https:\\\/\\\/www.eldigitaldeasturias.com\\\/noticias\\\/#postaladdress\",\"@type\":\"PostalAddress\",\"streetAddress\":\"san antonio 4,\",\"postalCode\":\"33430\",\"addressLocality\":\"Cand\\u00e1s\",\"addressRegion\":\"Asturias\",\"addressCountry\":\"ES\"}},{\"@type\":\"Person\",\"@id\":\"https:\\\/\\\/www.eldigitaldeasturias.com\\\/noticias\\\/author\\\/admin\\\/#author\",\"url\":\"https:\\\/\\\/www.eldigitaldeasturias.com\\\/noticias\\\/author\\\/admin\\\/\",\"name\":\"El Digital de Asturias\",\"image\":{\"@type\":\"ImageObject\",\"@id\":\"https:\\\/\\\/www.eldigitaldeasturias.com\\\/noticias\\\/finalizan-las-obras-de-ampliacion-del-cpr-de-arriondas\\\/#authorImage\",\"url\":\"https:\\\/\\\/www.eldigitaldeasturias.com\\\/noticias\\\/wp-content\\\/litespeed\\\/avatar\\\/18677e78aa0546b92d9dbf31ec7d7668.jpg?ver=1776685526\",\"width\":96,\"height\":96,\"caption\":\"El Digital de Asturias\"}},{\"@type\":\"WebPage\",\"@id\":\"https:\\\/\\\/www.eldigitaldeasturias.com\\\/noticias\\\/finalizan-las-obras-de-ampliacion-del-cpr-de-arriondas\\\/#webpage\",\"url\":\"https:\\\/\\\/www.eldigitaldeasturias.com\\\/noticias\\\/finalizan-las-obras-de-ampliacion-del-cpr-de-arriondas\\\/\",\"name\":\"Finalizan las obras de ampliaci\\u00f3n del CPR de Arriondas - El Digital de Asturias\",\"description\":\"Las obras de ampliaci\\u00f3n del Centro Polivalente de Recursos (CPR) de Arriondas han concluido tras una inversi\\u00f3n de 1.651.969 euros, seg\\u00fan ha informado del Gobierno asturiano a trav\\u00e9s de una nota de prensa. Los trabajos ejecutados permitir\\u00e1n crear 42 plazas residenciales, que se sumar\\u00e1n a las 30 actuales. Tambi\\u00e9n se ha habilitado una nueva cocina\",\"inLanguage\":\"es-ES\",\"isPartOf\":{\"@id\":\"https:\\\/\\\/www.eldigitaldeasturias.com\\\/noticias\\\/#website\"},\"breadcrumb\":{\"@id\":\"https:\\\/\\\/www.eldigitaldeasturias.com\\\/noticias\\\/finalizan-las-obras-de-ampliacion-del-cpr-de-arriondas\\\/#breadcrumblist\"},\"author\":{\"@id\":\"https:\\\/\\\/www.eldigitaldeasturias.com\\\/noticias\\\/author\\\/admin\\\/#author\"},\"creator\":{\"@id\":\"https:\\\/\\\/www.eldigitaldeasturias.com\\\/noticias\\\/author\\\/admin\\\/#author\"},\"image\":{\"@type\":\"ImageObject\",\"url\":\"https:\\\/\\\/www.eldigitaldeasturias.com\\\/noticias\\\/wp-content\\\/uploads\\\/2016\\\/09\\\/2016_09_16-Visita-consejera-obras-ampliacion-CPR-Arriondas.jpg\",\"@id\":\"https:\\\/\\\/www.eldigitaldeasturias.com\\\/noticias\\\/finalizan-las-obras-de-ampliacion-del-cpr-de-arriondas\\\/#mainImage\",\"width\":2500,\"height\":1667},\"primaryImageOfPage\":{\"@id\":\"https:\\\/\\\/www.eldigitaldeasturias.com\\\/noticias\\\/finalizan-las-obras-de-ampliacion-del-cpr-de-arriondas\\\/#mainImage\"},\"datePublished\":\"2016-09-17T00:55:02+02:00\",\"dateModified\":\"2016-09-17T00:55:02+02:00\"},{\"@type\":\"WebSite\",\"@id\":\"https:\\\/\\\/www.eldigitaldeasturias.com\\\/noticias\\\/#website\",\"url\":\"https:\\\/\\\/www.eldigitaldeasturias.com\\\/noticias\\\/\",\"name\":\"El Digital de Asturias - Diario de actualidad y noticias\",\"alternateName\":\"El Digital de Asturias - Diario de actualidad y noticias\",\"description\":\"Hemeroteca\",\"inLanguage\":\"es-ES\",\"publisher\":{\"@id\":\"https:\\\/\\\/www.eldigitaldeasturias.com\\\/noticias\\\/#organization\"}}]}\n\t\t<\/script>\n\t\t<!-- All in One SEO Pro -->\r\n\t\t<title>Finalizan las obras de ampliaci\u00f3n del CPR de Arriondas - El Digital de Asturias<\/title>\n\n","aioseo_head_json":{"title":"Finalizan las obras de ampliaci\u00f3n del CPR de Arriondas - El Digital de Asturias","description":"Las obras de ampliaci\u00f3n del Centro Polivalente de Recursos (CPR) de Arriondas han concluido tras una inversi\u00f3n de 1.651.969 euros, seg\u00fan ha informado del Gobierno asturiano a trav\u00e9s de una nota de prensa. Los trabajos ejecutados permitir\u00e1n crear 42 plazas residenciales, que se sumar\u00e1n a las 30 actuales. Tambi\u00e9n se ha habilitado una nueva cocina","canonical_url":"https:\/\/www.eldigitaldeasturias.com\/noticias\/finalizan-las-obras-de-ampliacion-del-cpr-de-arriondas\/","robots":"max-image-preview:large","keywords":"actualidad asturias","webmasterTools":{"google-site-verification":"UA-38556648-1","msvalidate.01":"7dfe9f3f1b24437ab69f4f2559babe99","miscellaneous":""},"schema":{"@context":"https:\/\/schema.org","@graph":[{"@type":"BlogPosting","@id":"https:\/\/www.eldigitaldeasturias.com\/noticias\/finalizan-las-obras-de-ampliacion-del-cpr-de-arriondas\/#blogposting","name":"Finalizan las obras de ampliaci\u00f3n del CPR de Arriondas - El Digital de Asturias","headline":"Finalizan las obras de ampliaci\u00f3n del CPR de Arriondas","author":{"@id":"https:\/\/www.eldigitaldeasturias.com\/noticias\/author\/admin\/#author"},"publisher":{"@id":"https:\/\/www.eldigitaldeasturias.com\/noticias\/#organization"},"image":{"@type":"ImageObject","url":"https:\/\/www.eldigitaldeasturias.com\/noticias\/wp-content\/uploads\/2016\/09\/2016_09_16-Visita-consejera-obras-ampliacion-CPR-Arriondas.jpg","width":2500,"height":1667},"datePublished":"2016-09-17T00:55:02+02:00","dateModified":"2016-09-17T00:55:02+02:00","inLanguage":"es-ES","mainEntityOfPage":{"@id":"https:\/\/www.eldigitaldeasturias.com\/noticias\/finalizan-las-obras-de-ampliacion-del-cpr-de-arriondas\/#webpage"},"isPartOf":{"@id":"https:\/\/www.eldigitaldeasturias.com\/noticias\/finalizan-las-obras-de-ampliacion-del-cpr-de-arriondas\/#webpage"},"articleSection":"Actualidad Asturias"},{"@type":"BreadcrumbList","@id":"https:\/\/www.eldigitaldeasturias.com\/noticias\/finalizan-las-obras-de-ampliacion-del-cpr-de-arriondas\/#breadcrumblist","itemListElement":[{"@type":"ListItem","@id":"https:\/\/www.eldigitaldeasturias.com\/noticias#listItem","position":1,"name":"Home","item":"https:\/\/www.eldigitaldeasturias.com\/noticias","nextItem":{"@type":"ListItem","@id":"https:\/\/www.eldigitaldeasturias.com\/noticias\/category\/actualidad-asturias\/#listItem","name":"Actualidad Asturias"}},{"@type":"ListItem","@id":"https:\/\/www.eldigitaldeasturias.com\/noticias\/category\/actualidad-asturias\/#listItem","position":2,"name":"Actualidad Asturias","item":"https:\/\/www.eldigitaldeasturias.com\/noticias\/category\/actualidad-asturias\/","nextItem":{"@type":"ListItem","@id":"https:\/\/www.eldigitaldeasturias.com\/noticias\/finalizan-las-obras-de-ampliacion-del-cpr-de-arriondas\/#listItem","name":"Finalizan las obras de ampliaci\u00f3n del CPR de Arriondas"},"previousItem":{"@type":"ListItem","@id":"https:\/\/www.eldigitaldeasturias.com\/noticias#listItem","name":"Home"}},{"@type":"ListItem","@id":"https:\/\/www.eldigitaldeasturias.com\/noticias\/finalizan-las-obras-de-ampliacion-del-cpr-de-arriondas\/#listItem","position":3,"name":"Finalizan las obras de ampliaci\u00f3n del CPR de Arriondas","previousItem":{"@type":"ListItem","@id":"https:\/\/www.eldigitaldeasturias.com\/noticias\/category\/actualidad-asturias\/#listItem","name":"Actualidad Asturias"}}]},{"@type":"Organization","@id":"https:\/\/www.eldigitaldeasturias.com\/noticias\/#organization","name":"El Digital de Asturias","description":"Hemeroteca","url":"https:\/\/www.eldigitaldeasturias.com\/noticias\/","email":"info@eldigitaldeasturias.com","telephone":"+34652131393","logo":{"@type":"ImageObject","url":"https:\/\/www.eldigitaldeasturias.com\/noticias\/wp-content\/uploads\/2020\/12\/EDA.jpg","@id":"https:\/\/www.eldigitaldeasturias.com\/noticias\/finalizan-las-obras-de-ampliacion-del-cpr-de-arriondas\/#organizationLogo","width":649,"height":297},"image":{"@id":"https:\/\/www.eldigitaldeasturias.com\/noticias\/finalizan-las-obras-de-ampliacion-del-cpr-de-arriondas\/#organizationLogo"},"sameAs":["https:\/\/facebook.com\/eldigitaldeasturias","https:\/\/www.youtube.com\/channel\/UCZP-2wLEB9Rv6erhFmqVnvg"],"address":{"@id":"https:\/\/www.eldigitaldeasturias.com\/noticias\/#postaladdress","@type":"PostalAddress","streetAddress":"san antonio 4,","postalCode":"33430","addressLocality":"Cand\u00e1s","addressRegion":"Asturias","addressCountry":"ES"}},{"@type":"Person","@id":"https:\/\/www.eldigitaldeasturias.com\/noticias\/author\/admin\/#author","url":"https:\/\/www.eldigitaldeasturias.com\/noticias\/author\/admin\/","name":"El Digital de Asturias","image":{"@type":"ImageObject","@id":"https:\/\/www.eldigitaldeasturias.com\/noticias\/finalizan-las-obras-de-ampliacion-del-cpr-de-arriondas\/#authorImage","url":"https:\/\/www.eldigitaldeasturias.com\/noticias\/wp-content\/litespeed\/avatar\/18677e78aa0546b92d9dbf31ec7d7668.jpg?ver=1776685526","width":96,"height":96,"caption":"El Digital de Asturias"}},{"@type":"WebPage","@id":"https:\/\/www.eldigitaldeasturias.com\/noticias\/finalizan-las-obras-de-ampliacion-del-cpr-de-arriondas\/#webpage","url":"https:\/\/www.eldigitaldeasturias.com\/noticias\/finalizan-las-obras-de-ampliacion-del-cpr-de-arriondas\/","name":"Finalizan las obras de ampliaci\u00f3n del CPR de Arriondas - El Digital de Asturias","description":"Las obras de ampliaci\u00f3n del Centro Polivalente de Recursos (CPR) de Arriondas han concluido tras una inversi\u00f3n de 1.651.969 euros, seg\u00fan ha informado del Gobierno asturiano a trav\u00e9s de una nota de prensa. Los trabajos ejecutados permitir\u00e1n crear 42 plazas residenciales, que se sumar\u00e1n a las 30 actuales. Tambi\u00e9n se ha habilitado una nueva cocina","inLanguage":"es-ES","isPartOf":{"@id":"https:\/\/www.eldigitaldeasturias.com\/noticias\/#website"},"breadcrumb":{"@id":"https:\/\/www.eldigitaldeasturias.com\/noticias\/finalizan-las-obras-de-ampliacion-del-cpr-de-arriondas\/#breadcrumblist"},"author":{"@id":"https:\/\/www.eldigitaldeasturias.com\/noticias\/author\/admin\/#author"},"creator":{"@id":"https:\/\/www.eldigitaldeasturias.com\/noticias\/author\/admin\/#author"},"image":{"@type":"ImageObject","url":"https:\/\/www.eldigitaldeasturias.com\/noticias\/wp-content\/uploads\/2016\/09\/2016_09_16-Visita-consejera-obras-ampliacion-CPR-Arriondas.jpg","@id":"https:\/\/www.eldigitaldeasturias.com\/noticias\/finalizan-las-obras-de-ampliacion-del-cpr-de-arriondas\/#mainImage","width":2500,"height":1667},"primaryImageOfPage":{"@id":"https:\/\/www.eldigitaldeasturias.com\/noticias\/finalizan-las-obras-de-ampliacion-del-cpr-de-arriondas\/#mainImage"},"datePublished":"2016-09-17T00:55:02+02:00","dateModified":"2016-09-17T00:55:02+02:00"},{"@type":"WebSite","@id":"https:\/\/www.eldigitaldeasturias.com\/noticias\/#website","url":"https:\/\/www.eldigitaldeasturias.com\/noticias\/","name":"El Digital de Asturias - Diario de actualidad y noticias","alternateName":"El Digital de Asturias - Diario de actualidad y noticias","description":"Hemeroteca","inLanguage":"es-ES","publisher":{"@id":"https:\/\/www.eldigitaldeasturias.com\/noticias\/#organization"}}]},"og:locale":"es_ES","og:site_name":"El Digital de Asturias","og:type":"article","og:title":"Finalizan las obras de ampliaci\u00f3n del CPR de Arriondas - El Digital de Asturias","og:description":"Las obras de ampliaci\u00f3n del Centro Polivalente de Recursos (CPR) de Arriondas han concluido tras una inversi\u00f3n de 1.651.969 euros, seg\u00fan ha informado del Gobierno asturiano a trav\u00e9s de una nota de prensa. Los trabajos ejecutados permitir\u00e1n crear 42 plazas residenciales, que se sumar\u00e1n a las 30 actuales. Tambi\u00e9n se ha habilitado una nueva cocina","og:url":"https:\/\/www.eldigitaldeasturias.com\/noticias\/finalizan-las-obras-de-ampliacion-del-cpr-de-arriondas\/","og:image":"https:\/\/www.eldigitaldeasturias.com\/noticias\/wp-content\/uploads\/2016\/09\/2016_09_16-Visita-consejera-obras-ampliacion-CPR-Arriondas.jpg","og:image:secure_url":"https:\/\/www.eldigitaldeasturias.com\/noticias\/wp-content\/uploads\/2016\/09\/2016_09_16-Visita-consejera-obras-ampliacion-CPR-Arriondas.jpg","og:image:width":2500,"og:image:height":1667,"article:tag":["actualidad asturias"],"article:published_time":"2016-09-16T23:55:02+00:00","article:modified_time":"2016-09-16T23:55:02+00:00","article:publisher":"https:\/\/facebook.com\/eldigitaldeasturias","twitter:card":"summary_large_image","twitter:title":"Finalizan las obras de ampliaci\u00f3n del CPR de Arriondas - El Digital de Asturias","twitter:description":"Las obras de ampliaci\u00f3n del Centro Polivalente de Recursos (CPR) de Arriondas han concluido tras una inversi\u00f3n de 1.651.969 euros, seg\u00fan ha informado del Gobierno asturiano a trav\u00e9s de una nota de prensa. Los trabajos ejecutados permitir\u00e1n crear 42 plazas residenciales, que se sumar\u00e1n a las 30 actuales. Tambi\u00e9n se ha habilitado una nueva cocina","twitter:image":"https:\/\/www.eldigitaldeasturias.com\/noticias\/wp-content\/uploads\/2016\/09\/2016_09_16-Visita-consejera-obras-ampliacion-CPR-Arriondas.jpg","twitter:label1":"Escrito por","twitter:data1":"El Digital de Asturias","twitter:label2":"Tiempo de lectura estimado","twitter:data2":"2 minutos"},"aioseo_meta_data":{"post_id":"908086","title":null,"description":null,"keywords":null,"keyphrases":null,"primary_term":null,"canonical_url":null,"og_title":null,"og_description":null,"og_object_type":"default","og_image_type":"default","og_image_url":null,"og_image_width":null,"og_image_height":null,"og_image_custom_url":null,"og_image_custom_fields":null,"og_video":null,"og_custom_url":null,"og_article_section":null,"og_article_tags":null,"twitter_use_og":false,"twitter_card":"default","twitter_image_type":"default","twitter_image_url":null,"twitter_image_custom_url":null,"twitter_image_custom_fields":null,"twitter_title":null,"twitter_description":null,"schema":{"blockGraphs":[],"customGraphs":[],"default":{"data":{"Article":[],"Course":[],"Dataset":[],"FAQPage":[],"Movie":[],"Person":[],"Product":[],"ProductReview":[],"Car":[],"Recipe":[],"Service":[],"SoftwareApplication":[],"WebPage":[]},"graphName":"","isEnabled":true},"graphs":[],"defaultGraph":"","defaultPostTypeGraph":""},"schema_type":null,"schema_type_options":null,"pillar_content":false,"robots_default":true,"robots_noindex":false,"robots_noarchive":false,"robots_nosnippet":false,"robots_nofollow":false,"robots_noimageindex":false,"robots_noodp":false,"robots_notranslate":false,"robots_max_snippet":null,"robots_max_videopreview":null,"robots_max_imagepreview":"large","priority":null,"frequency":null,"local_seo":null,"seo_analyzer_scan_date":"2025-11-30 14:49:11","breadcrumb_settings":null,"limit_modified_date":false,"open_ai":null,"ai":null,"created":"2020-12-21 14:00:26","updated":"2025-11-30 14:49:11"},"aioseo_breadcrumb":"<div class=\"aioseo-breadcrumbs\"><span class=\"aioseo-breadcrumb\">\n\t<a href=\"https:\/\/www.eldigitaldeasturias.com\/noticias\" title=\"Home\">Home<\/a>\n<\/span><span class=\"aioseo-breadcrumb-separator\">\u2013<\/span><span class=\"aioseo-breadcrumb\">\n\t<a href=\"https:\/\/www.eldigitaldeasturias.com\/noticias\/category\/actualidad-asturias\/\" title=\"Actualidad Asturias\">Actualidad Asturias<\/a>\n<\/span><span class=\"aioseo-breadcrumb-separator\">\u2013<\/span><span class=\"aioseo-breadcrumb\">\n\t<a href=\"https:\/\/www.eldigitaldeasturias.com\/noticias\/finalizan-las-obras-de-ampliacion-del-cpr-de-arriondas\/\" title=\"Finalizan las obras de ampliaci\u00f3n del CPR de Arriondas\">Finalizan las obras de ampliaci\u00f3n del CPR de Arriondas<\/a>\n<\/span><\/div>","aioseo_breadcrumb_json":[{"label":"Home","link":"https:\/\/www.eldigitaldeasturias.com\/noticias"},{"label":"Actualidad Asturias","link":"https:\/\/www.eldigitaldeasturias.com\/noticias\/category\/actualidad-asturias\/"},{"label":"Finalizan las obras de ampliaci\u00f3n del CPR de Arriondas","link":"https:\/\/www.eldigitaldeasturias.com\/noticias\/finalizan-las-obras-de-ampliacion-del-cpr-de-arriondas\/"}],"_links":{"self":[{"href":"https:\/\/www.eldigitaldeasturias.com\/noticias\/wp-json\/wp\/v2\/posts\/908086","targetHints":{"allow":["GET"]}}],"collection":[{"href":"https:\/\/www.eldigitaldeasturias.com\/noticias\/wp-json\/wp\/v2\/posts"}],"about":[{"href":"https:\/\/www.eldigitaldeasturias.com\/noticias\/wp-json\/wp\/v2\/types\/post"}],"author":[{"embeddable":true,"href":"https:\/\/www.eldigitaldeasturias.com\/noticias\/wp-json\/wp\/v2\/users\/1"}],"replies":[{"embeddable":true,"href":"https:\/\/www.eldigitaldeasturias.com\/noticias\/wp-json\/wp\/v2\/comments?post=908086"}],"version-history":[{"count":0,"href":"https:\/\/www.eldigitaldeasturias.com\/noticias\/wp-json\/wp\/v2\/posts\/908086\/revisions"}],"wp:featuredmedia":[{"embeddable":true,"href":"https:\/\/www.eldigitaldeasturias.com\/noticias\/wp-json\/wp\/v2\/media\/908087"}],"wp:attachment":[{"href":"https:\/\/www.eldigitaldeasturias.com\/noticias\/wp-json\/wp\/v2\/media?parent=908086"}],"wp:term":[{"taxonomy":"category","embeddable":true,"href":"https:\/\/www.eldigitaldeasturias.com\/noticias\/wp-json\/wp\/v2\/categories?post=908086"},{"taxonomy":"post_tag","embeddable":true,"href":"https:\/\/www.eldigitaldeasturias.com\/noticias\/wp-json\/wp\/v2\/tags?post=908086"}],"curies":[{"name":"wp","href":"https:\/\/api.w.org\/{rel}","templated":true}]}}