{"id":908080,"date":"2016-09-17T00:46:28","date_gmt":"2016-09-16T23:46:28","guid":{"rendered":"http:\/\/www.eldigitaldeasturias.com\/noticias\/?p=908080"},"modified":"2016-09-17T00:46:28","modified_gmt":"2016-09-16T23:46:28","slug":"eduardo-rodriguez-oviedo-puede-quedarse-aislado-economicamente-por-sus-propios-tributos","status":"publish","type":"post","link":"https:\/\/www.eldigitaldeasturias.com\/noticias\/eduardo-rodriguez-oviedo-puede-quedarse-aislado-economicamente-por-sus-propios-tributos\/","title":{"rendered":"Eduardo Rodr\u00edguez: \u201cOviedo puede quedarse aislado econ\u00f3micamente por sus propios tributos\u201d"},"content":{"rendered":"<p><img loading=\"lazy\" decoding=\"async\" class=\"alignleft size-medium wp-image-908081\" src=\"https:\/\/www.eldigitaldeasturias.com\/noticias\/wp-content\/uploads\/2016\/09\/fotonoticia_20160916140038_800-360x270.jpg\" alt=\"fotonoticia_20160916140038_800\" width=\"360\" height=\"270\" srcset=\"https:\/\/www.eldigitaldeasturias.com\/noticias\/wp-content\/uploads\/2016\/09\/fotonoticia_20160916140038_800-360x270.jpg 360w, https:\/\/www.eldigitaldeasturias.com\/noticias\/wp-content\/uploads\/2016\/09\/fotonoticia_20160916140038_800-768x576.jpg 768w, https:\/\/www.eldigitaldeasturias.com\/noticias\/wp-content\/uploads\/2016\/09\/fotonoticia_20160916140038_800-650x488.jpg 650w, https:\/\/www.eldigitaldeasturias.com\/noticias\/wp-content\/uploads\/2016\/09\/fotonoticia_20160916140038_800-125x95.jpg 125w, https:\/\/www.eldigitaldeasturias.com\/noticias\/wp-content\/uploads\/2016\/09\/fotonoticia_20160916140038_800-100x75.jpg 100w, https:\/\/www.eldigitaldeasturias.com\/noticias\/wp-content\/uploads\/2016\/09\/fotonoticia_20160916140038_800.jpg 800w\" sizes=\"auto, (max-width: 360px) 100vw, 360px\" \/>El concejal del Partido Popular en el Ayuntamiento de Oviedo, Eduardo Rodr\u00edguez, ha calificado de \u00abalarmantes\u00bb, por la destrucci\u00f3n de empleo que pueden ocasionar, las medidas anunciadas por el equipo de gobierno respecto al IBI diferencial aplicable a 258 inmuebles no residenciales, con una subida que sit\u00faa el tipo de gravamen en el m\u00e1ximo legal.<\/p>\n<p>Este incremento, del 70% respecto a 2016, \u00abes una clara desventaja competitiva para Oviedo de cara a atraer nuevas iniciativas empresariales y que tambi\u00e9n perjudicar\u00e1 a la econom\u00eda regional\u00bb. En este sentido, el concejal apunta que \u00ablas ordenanzas fiscales deben representar una herramienta eficaz para impulsar la actividad econ\u00f3mica y fomentar la creaci\u00f3n de empleo. Todo lo contrario a la filosof\u00eda de estas medidas, disuasorias, que debilitan y restan atractivo a Oviedo\u00bb.<\/p>\n<p>\u00abAplicar un tipo impositivo del 1,1% cuando, por ejemplo, Gij\u00f3n aplica un 0,45%, esto es, m\u00e1s del doble, evidencia que Oviedo puede quedarse aislado econ\u00f3micamente por sus propios tributos, por una medida del tripartito que los municipios asturianos no aplican\u00bb, subraya.<\/p>\n<p>En esta l\u00ednea, el edil popular enfatiza que para las empresas que se vean afectadas, \u00abesta subida de impuestos tan injustificada recortar\u00e1 sus beneficios, acarrear\u00e1 p\u00e9rdida de empleo y de actividad econ\u00f3mica, lo que tambi\u00e9n se traducir\u00e1 en una menor recaudaci\u00f3n para las arcas municipales\u00bb.<\/p>\n<p>A la espera de conocer con detalle el proyecto de ordenanzas fiscales, \u00abdesde el Partido Popular plantearemos enmiendas con nuevas ventajas fiscales para impulsar la actividad econ\u00f3mica y ayudar a las familias, con dos premisas fundamentales: bajada de algunos tributos, realista y asumible en un marco irrenunciable de estabilidad presupuestaria, y reactivaci\u00f3n econ\u00f3mica y creaci\u00f3n de empleo\u00bb, concluye.<\/p>\n<p>&nbsp;<\/p>\n","protected":false},"excerpt":{"rendered":"<p>El concejal del Partido Popular en el Ayuntamiento de Oviedo, Eduardo Rodr\u00edguez, ha calificado de \u00abalarmantes\u00bb, por la destrucci\u00f3n de empleo que pueden ocasionar, las medidas anunciadas por el equipo de gobierno respecto al IBI diferencial aplicable a 258 inmuebles no residenciales, con una subida que sit\u00faa el tipo de gravamen en el m\u00e1ximo legal. [&hellip;]<\/p>\n","protected":false},"author":1,"featured_media":908081,"comment_status":"closed","ping_status":"closed","sticky":false,"template":"","format":"standard","meta":{"footnotes":""},"categories":[12],"tags":[],"class_list":["post-908080","post","type-post","status-publish","format-standard","has-post-thumbnail","hentry","category-actualidad-asturias"],"aioseo_notices":[],"aioseo_head":"\n\t\t<!-- All in One SEO Pro 4.9.6.2 - aioseo.com -->\n\t<meta name=\"description\" content=\"El concejal del Partido Popular en el Ayuntamiento de Oviedo, Eduardo Rodr\u00edguez, ha calificado de &quot;alarmantes&quot;, por la destrucci\u00f3n de empleo que pueden ocasionar, las medidas anunciadas por el equipo de gobierno respecto al IBI diferencial aplicable a 258 inmuebles no residenciales, con una subida que sit\u00faa el tipo de gravamen en el m\u00e1ximo legal.\" \/>\n\t<meta name=\"robots\" content=\"max-image-preview:large\" \/>\n\t<meta name=\"author\" content=\"El Digital de Asturias\"\/>\n\t<meta name=\"google-site-verification\" content=\"UA-38556648-1\" \/>\n\t<meta name=\"msvalidate.01\" content=\"7dfe9f3f1b24437ab69f4f2559babe99\" \/>\n\t<meta name=\"keywords\" content=\"actualidad asturias\" \/>\n\t<link rel=\"canonical\" href=\"https:\/\/www.eldigitaldeasturias.com\/noticias\/eduardo-rodriguez-oviedo-puede-quedarse-aislado-economicamente-por-sus-propios-tributos\/\" \/>\n\t<meta name=\"generator\" content=\"All in One SEO Pro (AIOSEO) 4.9.6.2\" \/>\n\t\t<meta property=\"og:locale\" content=\"es_ES\" \/>\n\t\t<meta property=\"og:site_name\" content=\"El Digital de Asturias\" \/>\n\t\t<meta property=\"og:type\" content=\"article\" \/>\n\t\t<meta property=\"og:title\" content=\"Eduardo Rodr\u00edguez: \u201cOviedo puede quedarse aislado econ\u00f3micamente por sus propios tributos\u201d - El Digital de Asturias\" \/>\n\t\t<meta property=\"og:description\" content=\"El concejal del Partido Popular en el Ayuntamiento de Oviedo, Eduardo Rodr\u00edguez, ha calificado de &quot;alarmantes&quot;, por la destrucci\u00f3n de empleo que pueden ocasionar, las medidas anunciadas por el equipo de gobierno respecto al IBI diferencial aplicable a 258 inmuebles no residenciales, con una subida que sit\u00faa el tipo de gravamen en el m\u00e1ximo legal.\" \/>\n\t\t<meta property=\"og:url\" content=\"https:\/\/www.eldigitaldeasturias.com\/noticias\/eduardo-rodriguez-oviedo-puede-quedarse-aislado-economicamente-por-sus-propios-tributos\/\" \/>\n\t\t<meta property=\"og:image\" content=\"https:\/\/www.eldigitaldeasturias.com\/noticias\/wp-content\/uploads\/2016\/09\/fotonoticia_20160916140038_800.jpg\" \/>\n\t\t<meta property=\"og:image:secure_url\" content=\"https:\/\/www.eldigitaldeasturias.com\/noticias\/wp-content\/uploads\/2016\/09\/fotonoticia_20160916140038_800.jpg\" \/>\n\t\t<meta property=\"og:image:width\" content=\"800\" \/>\n\t\t<meta property=\"og:image:height\" content=\"600\" \/>\n\t\t<meta property=\"article:tag\" content=\"actualidad asturias\" \/>\n\t\t<meta property=\"article:published_time\" content=\"2016-09-16T23:46:28+00:00\" \/>\n\t\t<meta property=\"article:modified_time\" content=\"2016-09-16T23:46:28+00:00\" \/>\n\t\t<meta property=\"article:publisher\" content=\"https:\/\/facebook.com\/eldigitaldeasturias\" \/>\n\t\t<meta name=\"twitter:card\" content=\"summary_large_image\" \/>\n\t\t<meta name=\"twitter:title\" content=\"Eduardo Rodr\u00edguez: \u201cOviedo puede quedarse aislado econ\u00f3micamente por sus propios tributos\u201d - El Digital de Asturias\" \/>\n\t\t<meta name=\"twitter:description\" content=\"El concejal del Partido Popular en el Ayuntamiento de Oviedo, Eduardo Rodr\u00edguez, ha calificado de &quot;alarmantes&quot;, por la destrucci\u00f3n de empleo que pueden ocasionar, las medidas anunciadas por el equipo de gobierno respecto al IBI diferencial aplicable a 258 inmuebles no residenciales, con una subida que sit\u00faa el tipo de gravamen en el m\u00e1ximo legal.\" \/>\n\t\t<meta name=\"twitter:image\" content=\"https:\/\/www.eldigitaldeasturias.com\/noticias\/wp-content\/uploads\/2016\/09\/fotonoticia_20160916140038_800.jpg\" \/>\n\t\t<meta name=\"twitter:label1\" content=\"Escrito por\" \/>\n\t\t<meta name=\"twitter:data1\" content=\"El Digital de Asturias\" \/>\n\t\t<meta name=\"twitter:label2\" content=\"Tiempo de lectura estimado\" \/>\n\t\t<meta name=\"twitter:data2\" content=\"1 minuto\" \/>\n\t\t<script type=\"application\/ld+json\" class=\"aioseo-schema\">\n\t\t\t{\"@context\":\"https:\\\/\\\/schema.org\",\"@graph\":[{\"@type\":\"BlogPosting\",\"@id\":\"https:\\\/\\\/www.eldigitaldeasturias.com\\\/noticias\\\/eduardo-rodriguez-oviedo-puede-quedarse-aislado-economicamente-por-sus-propios-tributos\\\/#blogposting\",\"name\":\"Eduardo Rodr\\u00edguez: \\u201cOviedo puede quedarse aislado econ\\u00f3micamente por sus propios tributos\\u201d - El Digital de Asturias\",\"headline\":\"Eduardo Rodr\\u00edguez: \\u201cOviedo puede quedarse aislado econ\\u00f3micamente por sus propios tributos\\u201d\",\"author\":{\"@id\":\"https:\\\/\\\/www.eldigitaldeasturias.com\\\/noticias\\\/author\\\/admin\\\/#author\"},\"publisher\":{\"@id\":\"https:\\\/\\\/www.eldigitaldeasturias.com\\\/noticias\\\/#organization\"},\"image\":{\"@type\":\"ImageObject\",\"url\":\"https:\\\/\\\/www.eldigitaldeasturias.com\\\/noticias\\\/wp-content\\\/uploads\\\/2016\\\/09\\\/fotonoticia_20160916140038_800.jpg\",\"width\":800,\"height\":600},\"datePublished\":\"2016-09-17T00:46:28+02:00\",\"dateModified\":\"2016-09-17T00:46:28+02:00\",\"inLanguage\":\"es-ES\",\"mainEntityOfPage\":{\"@id\":\"https:\\\/\\\/www.eldigitaldeasturias.com\\\/noticias\\\/eduardo-rodriguez-oviedo-puede-quedarse-aislado-economicamente-por-sus-propios-tributos\\\/#webpage\"},\"isPartOf\":{\"@id\":\"https:\\\/\\\/www.eldigitaldeasturias.com\\\/noticias\\\/eduardo-rodriguez-oviedo-puede-quedarse-aislado-economicamente-por-sus-propios-tributos\\\/#webpage\"},\"articleSection\":\"Actualidad Asturias\"},{\"@type\":\"BreadcrumbList\",\"@id\":\"https:\\\/\\\/www.eldigitaldeasturias.com\\\/noticias\\\/eduardo-rodriguez-oviedo-puede-quedarse-aislado-economicamente-por-sus-propios-tributos\\\/#breadcrumblist\",\"itemListElement\":[{\"@type\":\"ListItem\",\"@id\":\"https:\\\/\\\/www.eldigitaldeasturias.com\\\/noticias#listItem\",\"position\":1,\"name\":\"Home\",\"item\":\"https:\\\/\\\/www.eldigitaldeasturias.com\\\/noticias\",\"nextItem\":{\"@type\":\"ListItem\",\"@id\":\"https:\\\/\\\/www.eldigitaldeasturias.com\\\/noticias\\\/category\\\/actualidad-asturias\\\/#listItem\",\"name\":\"Actualidad Asturias\"}},{\"@type\":\"ListItem\",\"@id\":\"https:\\\/\\\/www.eldigitaldeasturias.com\\\/noticias\\\/category\\\/actualidad-asturias\\\/#listItem\",\"position\":2,\"name\":\"Actualidad Asturias\",\"item\":\"https:\\\/\\\/www.eldigitaldeasturias.com\\\/noticias\\\/category\\\/actualidad-asturias\\\/\",\"nextItem\":{\"@type\":\"ListItem\",\"@id\":\"https:\\\/\\\/www.eldigitaldeasturias.com\\\/noticias\\\/eduardo-rodriguez-oviedo-puede-quedarse-aislado-economicamente-por-sus-propios-tributos\\\/#listItem\",\"name\":\"Eduardo Rodr\\u00edguez: \\u201cOviedo puede quedarse aislado econ\\u00f3micamente por sus propios tributos\\u201d\"},\"previousItem\":{\"@type\":\"ListItem\",\"@id\":\"https:\\\/\\\/www.eldigitaldeasturias.com\\\/noticias#listItem\",\"name\":\"Home\"}},{\"@type\":\"ListItem\",\"@id\":\"https:\\\/\\\/www.eldigitaldeasturias.com\\\/noticias\\\/eduardo-rodriguez-oviedo-puede-quedarse-aislado-economicamente-por-sus-propios-tributos\\\/#listItem\",\"position\":3,\"name\":\"Eduardo Rodr\\u00edguez: \\u201cOviedo puede quedarse aislado econ\\u00f3micamente por sus propios tributos\\u201d\",\"previousItem\":{\"@type\":\"ListItem\",\"@id\":\"https:\\\/\\\/www.eldigitaldeasturias.com\\\/noticias\\\/category\\\/actualidad-asturias\\\/#listItem\",\"name\":\"Actualidad Asturias\"}}]},{\"@type\":\"Organization\",\"@id\":\"https:\\\/\\\/www.eldigitaldeasturias.com\\\/noticias\\\/#organization\",\"name\":\"El Digital de Asturias\",\"description\":\"Hemeroteca\",\"url\":\"https:\\\/\\\/www.eldigitaldeasturias.com\\\/noticias\\\/\",\"email\":\"info@eldigitaldeasturias.com\",\"telephone\":\"+34652131393\",\"logo\":{\"@type\":\"ImageObject\",\"url\":\"https:\\\/\\\/www.eldigitaldeasturias.com\\\/noticias\\\/wp-content\\\/uploads\\\/2020\\\/12\\\/EDA.jpg\",\"@id\":\"https:\\\/\\\/www.eldigitaldeasturias.com\\\/noticias\\\/eduardo-rodriguez-oviedo-puede-quedarse-aislado-economicamente-por-sus-propios-tributos\\\/#organizationLogo\",\"width\":649,\"height\":297},\"image\":{\"@id\":\"https:\\\/\\\/www.eldigitaldeasturias.com\\\/noticias\\\/eduardo-rodriguez-oviedo-puede-quedarse-aislado-economicamente-por-sus-propios-tributos\\\/#organizationLogo\"},\"sameAs\":[\"https:\\\/\\\/facebook.com\\\/eldigitaldeasturias\",\"https:\\\/\\\/www.youtube.com\\\/channel\\\/UCZP-2wLEB9Rv6erhFmqVnvg\"],\"address\":{\"@id\":\"https:\\\/\\\/www.eldigitaldeasturias.com\\\/noticias\\\/#postaladdress\",\"@type\":\"PostalAddress\",\"streetAddress\":\"san antonio 4,\",\"postalCode\":\"33430\",\"addressLocality\":\"Cand\\u00e1s\",\"addressRegion\":\"Asturias\",\"addressCountry\":\"ES\"}},{\"@type\":\"Person\",\"@id\":\"https:\\\/\\\/www.eldigitaldeasturias.com\\\/noticias\\\/author\\\/admin\\\/#author\",\"url\":\"https:\\\/\\\/www.eldigitaldeasturias.com\\\/noticias\\\/author\\\/admin\\\/\",\"name\":\"El Digital de Asturias\",\"image\":{\"@type\":\"ImageObject\",\"@id\":\"https:\\\/\\\/www.eldigitaldeasturias.com\\\/noticias\\\/eduardo-rodriguez-oviedo-puede-quedarse-aislado-economicamente-por-sus-propios-tributos\\\/#authorImage\",\"url\":\"https:\\\/\\\/www.eldigitaldeasturias.com\\\/noticias\\\/wp-content\\\/litespeed\\\/avatar\\\/18677e78aa0546b92d9dbf31ec7d7668.jpg?ver=1776685526\",\"width\":96,\"height\":96,\"caption\":\"El Digital de Asturias\"}},{\"@type\":\"WebPage\",\"@id\":\"https:\\\/\\\/www.eldigitaldeasturias.com\\\/noticias\\\/eduardo-rodriguez-oviedo-puede-quedarse-aislado-economicamente-por-sus-propios-tributos\\\/#webpage\",\"url\":\"https:\\\/\\\/www.eldigitaldeasturias.com\\\/noticias\\\/eduardo-rodriguez-oviedo-puede-quedarse-aislado-economicamente-por-sus-propios-tributos\\\/\",\"name\":\"Eduardo Rodr\\u00edguez: \\u201cOviedo puede quedarse aislado econ\\u00f3micamente por sus propios tributos\\u201d - El Digital de Asturias\",\"description\":\"El concejal del Partido Popular en el Ayuntamiento de Oviedo, Eduardo Rodr\\u00edguez, ha calificado de \\\"alarmantes\\\", por la destrucci\\u00f3n de empleo que pueden ocasionar, las medidas anunciadas por el equipo de gobierno respecto al IBI diferencial aplicable a 258 inmuebles no residenciales, con una subida que sit\\u00faa el tipo de gravamen en el m\\u00e1ximo legal.\",\"inLanguage\":\"es-ES\",\"isPartOf\":{\"@id\":\"https:\\\/\\\/www.eldigitaldeasturias.com\\\/noticias\\\/#website\"},\"breadcrumb\":{\"@id\":\"https:\\\/\\\/www.eldigitaldeasturias.com\\\/noticias\\\/eduardo-rodriguez-oviedo-puede-quedarse-aislado-economicamente-por-sus-propios-tributos\\\/#breadcrumblist\"},\"author\":{\"@id\":\"https:\\\/\\\/www.eldigitaldeasturias.com\\\/noticias\\\/author\\\/admin\\\/#author\"},\"creator\":{\"@id\":\"https:\\\/\\\/www.eldigitaldeasturias.com\\\/noticias\\\/author\\\/admin\\\/#author\"},\"image\":{\"@type\":\"ImageObject\",\"url\":\"https:\\\/\\\/www.eldigitaldeasturias.com\\\/noticias\\\/wp-content\\\/uploads\\\/2016\\\/09\\\/fotonoticia_20160916140038_800.jpg\",\"@id\":\"https:\\\/\\\/www.eldigitaldeasturias.com\\\/noticias\\\/eduardo-rodriguez-oviedo-puede-quedarse-aislado-economicamente-por-sus-propios-tributos\\\/#mainImage\",\"width\":800,\"height\":600},\"primaryImageOfPage\":{\"@id\":\"https:\\\/\\\/www.eldigitaldeasturias.com\\\/noticias\\\/eduardo-rodriguez-oviedo-puede-quedarse-aislado-economicamente-por-sus-propios-tributos\\\/#mainImage\"},\"datePublished\":\"2016-09-17T00:46:28+02:00\",\"dateModified\":\"2016-09-17T00:46:28+02:00\"},{\"@type\":\"WebSite\",\"@id\":\"https:\\\/\\\/www.eldigitaldeasturias.com\\\/noticias\\\/#website\",\"url\":\"https:\\\/\\\/www.eldigitaldeasturias.com\\\/noticias\\\/\",\"name\":\"El Digital de Asturias - Diario de actualidad y noticias\",\"alternateName\":\"El Digital de Asturias - Diario de actualidad y noticias\",\"description\":\"Hemeroteca\",\"inLanguage\":\"es-ES\",\"publisher\":{\"@id\":\"https:\\\/\\\/www.eldigitaldeasturias.com\\\/noticias\\\/#organization\"}}]}\n\t\t<\/script>\n\t\t<!-- All in One SEO Pro -->\r\n\t\t<title>Eduardo Rodr\u00edguez: \u201cOviedo puede quedarse aislado econ\u00f3micamente por sus propios tributos\u201d - El Digital de Asturias<\/title>\n\n","aioseo_head_json":{"title":"Eduardo Rodr\u00edguez: \u201cOviedo puede quedarse aislado econ\u00f3micamente por sus propios tributos\u201d - El Digital de Asturias","description":"El concejal del Partido Popular en el Ayuntamiento de Oviedo, Eduardo Rodr\u00edguez, ha calificado de \"alarmantes\", por la destrucci\u00f3n de empleo que pueden ocasionar, las medidas anunciadas por el equipo de gobierno respecto al IBI diferencial aplicable a 258 inmuebles no residenciales, con una subida que sit\u00faa el tipo de gravamen en el m\u00e1ximo legal.","canonical_url":"https:\/\/www.eldigitaldeasturias.com\/noticias\/eduardo-rodriguez-oviedo-puede-quedarse-aislado-economicamente-por-sus-propios-tributos\/","robots":"max-image-preview:large","keywords":"actualidad asturias","webmasterTools":{"google-site-verification":"UA-38556648-1","msvalidate.01":"7dfe9f3f1b24437ab69f4f2559babe99","miscellaneous":""},"schema":{"@context":"https:\/\/schema.org","@graph":[{"@type":"BlogPosting","@id":"https:\/\/www.eldigitaldeasturias.com\/noticias\/eduardo-rodriguez-oviedo-puede-quedarse-aislado-economicamente-por-sus-propios-tributos\/#blogposting","name":"Eduardo Rodr\u00edguez: \u201cOviedo puede quedarse aislado econ\u00f3micamente por sus propios tributos\u201d - El Digital de Asturias","headline":"Eduardo Rodr\u00edguez: \u201cOviedo puede quedarse aislado econ\u00f3micamente por sus propios tributos\u201d","author":{"@id":"https:\/\/www.eldigitaldeasturias.com\/noticias\/author\/admin\/#author"},"publisher":{"@id":"https:\/\/www.eldigitaldeasturias.com\/noticias\/#organization"},"image":{"@type":"ImageObject","url":"https:\/\/www.eldigitaldeasturias.com\/noticias\/wp-content\/uploads\/2016\/09\/fotonoticia_20160916140038_800.jpg","width":800,"height":600},"datePublished":"2016-09-17T00:46:28+02:00","dateModified":"2016-09-17T00:46:28+02:00","inLanguage":"es-ES","mainEntityOfPage":{"@id":"https:\/\/www.eldigitaldeasturias.com\/noticias\/eduardo-rodriguez-oviedo-puede-quedarse-aislado-economicamente-por-sus-propios-tributos\/#webpage"},"isPartOf":{"@id":"https:\/\/www.eldigitaldeasturias.com\/noticias\/eduardo-rodriguez-oviedo-puede-quedarse-aislado-economicamente-por-sus-propios-tributos\/#webpage"},"articleSection":"Actualidad Asturias"},{"@type":"BreadcrumbList","@id":"https:\/\/www.eldigitaldeasturias.com\/noticias\/eduardo-rodriguez-oviedo-puede-quedarse-aislado-economicamente-por-sus-propios-tributos\/#breadcrumblist","itemListElement":[{"@type":"ListItem","@id":"https:\/\/www.eldigitaldeasturias.com\/noticias#listItem","position":1,"name":"Home","item":"https:\/\/www.eldigitaldeasturias.com\/noticias","nextItem":{"@type":"ListItem","@id":"https:\/\/www.eldigitaldeasturias.com\/noticias\/category\/actualidad-asturias\/#listItem","name":"Actualidad Asturias"}},{"@type":"ListItem","@id":"https:\/\/www.eldigitaldeasturias.com\/noticias\/category\/actualidad-asturias\/#listItem","position":2,"name":"Actualidad Asturias","item":"https:\/\/www.eldigitaldeasturias.com\/noticias\/category\/actualidad-asturias\/","nextItem":{"@type":"ListItem","@id":"https:\/\/www.eldigitaldeasturias.com\/noticias\/eduardo-rodriguez-oviedo-puede-quedarse-aislado-economicamente-por-sus-propios-tributos\/#listItem","name":"Eduardo Rodr\u00edguez: \u201cOviedo puede quedarse aislado econ\u00f3micamente por sus propios tributos\u201d"},"previousItem":{"@type":"ListItem","@id":"https:\/\/www.eldigitaldeasturias.com\/noticias#listItem","name":"Home"}},{"@type":"ListItem","@id":"https:\/\/www.eldigitaldeasturias.com\/noticias\/eduardo-rodriguez-oviedo-puede-quedarse-aislado-economicamente-por-sus-propios-tributos\/#listItem","position":3,"name":"Eduardo Rodr\u00edguez: \u201cOviedo puede quedarse aislado econ\u00f3micamente por sus propios tributos\u201d","previousItem":{"@type":"ListItem","@id":"https:\/\/www.eldigitaldeasturias.com\/noticias\/category\/actualidad-asturias\/#listItem","name":"Actualidad Asturias"}}]},{"@type":"Organization","@id":"https:\/\/www.eldigitaldeasturias.com\/noticias\/#organization","name":"El Digital de Asturias","description":"Hemeroteca","url":"https:\/\/www.eldigitaldeasturias.com\/noticias\/","email":"info@eldigitaldeasturias.com","telephone":"+34652131393","logo":{"@type":"ImageObject","url":"https:\/\/www.eldigitaldeasturias.com\/noticias\/wp-content\/uploads\/2020\/12\/EDA.jpg","@id":"https:\/\/www.eldigitaldeasturias.com\/noticias\/eduardo-rodriguez-oviedo-puede-quedarse-aislado-economicamente-por-sus-propios-tributos\/#organizationLogo","width":649,"height":297},"image":{"@id":"https:\/\/www.eldigitaldeasturias.com\/noticias\/eduardo-rodriguez-oviedo-puede-quedarse-aislado-economicamente-por-sus-propios-tributos\/#organizationLogo"},"sameAs":["https:\/\/facebook.com\/eldigitaldeasturias","https:\/\/www.youtube.com\/channel\/UCZP-2wLEB9Rv6erhFmqVnvg"],"address":{"@id":"https:\/\/www.eldigitaldeasturias.com\/noticias\/#postaladdress","@type":"PostalAddress","streetAddress":"san antonio 4,","postalCode":"33430","addressLocality":"Cand\u00e1s","addressRegion":"Asturias","addressCountry":"ES"}},{"@type":"Person","@id":"https:\/\/www.eldigitaldeasturias.com\/noticias\/author\/admin\/#author","url":"https:\/\/www.eldigitaldeasturias.com\/noticias\/author\/admin\/","name":"El Digital de Asturias","image":{"@type":"ImageObject","@id":"https:\/\/www.eldigitaldeasturias.com\/noticias\/eduardo-rodriguez-oviedo-puede-quedarse-aislado-economicamente-por-sus-propios-tributos\/#authorImage","url":"https:\/\/www.eldigitaldeasturias.com\/noticias\/wp-content\/litespeed\/avatar\/18677e78aa0546b92d9dbf31ec7d7668.jpg?ver=1776685526","width":96,"height":96,"caption":"El Digital de Asturias"}},{"@type":"WebPage","@id":"https:\/\/www.eldigitaldeasturias.com\/noticias\/eduardo-rodriguez-oviedo-puede-quedarse-aislado-economicamente-por-sus-propios-tributos\/#webpage","url":"https:\/\/www.eldigitaldeasturias.com\/noticias\/eduardo-rodriguez-oviedo-puede-quedarse-aislado-economicamente-por-sus-propios-tributos\/","name":"Eduardo Rodr\u00edguez: \u201cOviedo puede quedarse aislado econ\u00f3micamente por sus propios tributos\u201d - El Digital de Asturias","description":"El concejal del Partido Popular en el Ayuntamiento de Oviedo, Eduardo Rodr\u00edguez, ha calificado de \"alarmantes\", por la destrucci\u00f3n de empleo que pueden ocasionar, las medidas anunciadas por el equipo de gobierno respecto al IBI diferencial aplicable a 258 inmuebles no residenciales, con una subida que sit\u00faa el tipo de gravamen en el m\u00e1ximo legal.","inLanguage":"es-ES","isPartOf":{"@id":"https:\/\/www.eldigitaldeasturias.com\/noticias\/#website"},"breadcrumb":{"@id":"https:\/\/www.eldigitaldeasturias.com\/noticias\/eduardo-rodriguez-oviedo-puede-quedarse-aislado-economicamente-por-sus-propios-tributos\/#breadcrumblist"},"author":{"@id":"https:\/\/www.eldigitaldeasturias.com\/noticias\/author\/admin\/#author"},"creator":{"@id":"https:\/\/www.eldigitaldeasturias.com\/noticias\/author\/admin\/#author"},"image":{"@type":"ImageObject","url":"https:\/\/www.eldigitaldeasturias.com\/noticias\/wp-content\/uploads\/2016\/09\/fotonoticia_20160916140038_800.jpg","@id":"https:\/\/www.eldigitaldeasturias.com\/noticias\/eduardo-rodriguez-oviedo-puede-quedarse-aislado-economicamente-por-sus-propios-tributos\/#mainImage","width":800,"height":600},"primaryImageOfPage":{"@id":"https:\/\/www.eldigitaldeasturias.com\/noticias\/eduardo-rodriguez-oviedo-puede-quedarse-aislado-economicamente-por-sus-propios-tributos\/#mainImage"},"datePublished":"2016-09-17T00:46:28+02:00","dateModified":"2016-09-17T00:46:28+02:00"},{"@type":"WebSite","@id":"https:\/\/www.eldigitaldeasturias.com\/noticias\/#website","url":"https:\/\/www.eldigitaldeasturias.com\/noticias\/","name":"El Digital de Asturias - Diario de actualidad y noticias","alternateName":"El Digital de Asturias - Diario de actualidad y noticias","description":"Hemeroteca","inLanguage":"es-ES","publisher":{"@id":"https:\/\/www.eldigitaldeasturias.com\/noticias\/#organization"}}]},"og:locale":"es_ES","og:site_name":"El Digital de Asturias","og:type":"article","og:title":"Eduardo Rodr\u00edguez: \u201cOviedo puede quedarse aislado econ\u00f3micamente por sus propios tributos\u201d - El Digital de Asturias","og:description":"El concejal del Partido Popular en el Ayuntamiento de Oviedo, Eduardo Rodr\u00edguez, ha calificado de &quot;alarmantes&quot;, por la destrucci\u00f3n de empleo que pueden ocasionar, las medidas anunciadas por el equipo de gobierno respecto al IBI diferencial aplicable a 258 inmuebles no residenciales, con una subida que sit\u00faa el tipo de gravamen en el m\u00e1ximo legal.","og:url":"https:\/\/www.eldigitaldeasturias.com\/noticias\/eduardo-rodriguez-oviedo-puede-quedarse-aislado-economicamente-por-sus-propios-tributos\/","og:image":"https:\/\/www.eldigitaldeasturias.com\/noticias\/wp-content\/uploads\/2016\/09\/fotonoticia_20160916140038_800.jpg","og:image:secure_url":"https:\/\/www.eldigitaldeasturias.com\/noticias\/wp-content\/uploads\/2016\/09\/fotonoticia_20160916140038_800.jpg","og:image:width":800,"og:image:height":600,"article:tag":["actualidad asturias"],"article:published_time":"2016-09-16T23:46:28+00:00","article:modified_time":"2016-09-16T23:46:28+00:00","article:publisher":"https:\/\/facebook.com\/eldigitaldeasturias","twitter:card":"summary_large_image","twitter:title":"Eduardo Rodr\u00edguez: \u201cOviedo puede quedarse aislado econ\u00f3micamente por sus propios tributos\u201d - El Digital de Asturias","twitter:description":"El concejal del Partido Popular en el Ayuntamiento de Oviedo, Eduardo Rodr\u00edguez, ha calificado de &quot;alarmantes&quot;, por la destrucci\u00f3n de empleo que pueden ocasionar, las medidas anunciadas por el equipo de gobierno respecto al IBI diferencial aplicable a 258 inmuebles no residenciales, con una subida que sit\u00faa el tipo de gravamen en el m\u00e1ximo legal.","twitter:image":"https:\/\/www.eldigitaldeasturias.com\/noticias\/wp-content\/uploads\/2016\/09\/fotonoticia_20160916140038_800.jpg","twitter:label1":"Escrito por","twitter:data1":"El Digital de Asturias","twitter:label2":"Tiempo de lectura estimado","twitter:data2":"1 minuto"},"aioseo_meta_data":{"post_id":"908080","title":null,"description":null,"keywords":null,"keyphrases":null,"primary_term":null,"canonical_url":null,"og_title":null,"og_description":null,"og_object_type":"default","og_image_type":"default","og_image_url":null,"og_image_width":null,"og_image_height":null,"og_image_custom_url":null,"og_image_custom_fields":null,"og_video":null,"og_custom_url":null,"og_article_section":null,"og_article_tags":null,"twitter_use_og":false,"twitter_card":"default","twitter_image_type":"default","twitter_image_url":null,"twitter_image_custom_url":null,"twitter_image_custom_fields":null,"twitter_title":null,"twitter_description":null,"schema":{"blockGraphs":[],"customGraphs":[],"default":{"data":{"Article":[],"Course":[],"Dataset":[],"FAQPage":[],"Movie":[],"Person":[],"Product":[],"ProductReview":[],"Car":[],"Recipe":[],"Service":[],"SoftwareApplication":[],"WebPage":[]},"graphName":"","isEnabled":true},"graphs":[],"defaultGraph":"","defaultPostTypeGraph":""},"schema_type":null,"schema_type_options":null,"pillar_content":false,"robots_default":true,"robots_noindex":false,"robots_noarchive":false,"robots_nosnippet":false,"robots_nofollow":false,"robots_noimageindex":false,"robots_noodp":false,"robots_notranslate":false,"robots_max_snippet":null,"robots_max_videopreview":null,"robots_max_imagepreview":"large","priority":null,"frequency":null,"local_seo":null,"seo_analyzer_scan_date":"2025-11-30 14:49:10","breadcrumb_settings":null,"limit_modified_date":false,"open_ai":null,"ai":null,"created":"2020-12-21 14:00:26","updated":"2025-11-30 14:49:10"},"aioseo_breadcrumb":"<div class=\"aioseo-breadcrumbs\"><span class=\"aioseo-breadcrumb\">\n\t<a href=\"https:\/\/www.eldigitaldeasturias.com\/noticias\" title=\"Home\">Home<\/a>\n<\/span><span class=\"aioseo-breadcrumb-separator\">\u2013<\/span><span class=\"aioseo-breadcrumb\">\n\t<a href=\"https:\/\/www.eldigitaldeasturias.com\/noticias\/category\/actualidad-asturias\/\" title=\"Actualidad Asturias\">Actualidad Asturias<\/a>\n<\/span><span class=\"aioseo-breadcrumb-separator\">\u2013<\/span><span class=\"aioseo-breadcrumb\">\n\t<a href=\"https:\/\/www.eldigitaldeasturias.com\/noticias\/eduardo-rodriguez-oviedo-puede-quedarse-aislado-economicamente-por-sus-propios-tributos\/\" title=\"Eduardo Rodr\u00edguez: \u201cOviedo puede quedarse aislado econ\u00f3micamente por sus propios tributos\u201d\">Eduardo Rodr\u00edguez: \u201cOviedo puede quedarse aislado econ\u00f3micamente por sus propios tributos\u201d<\/a>\n<\/span><\/div>","aioseo_breadcrumb_json":[{"label":"Home","link":"https:\/\/www.eldigitaldeasturias.com\/noticias"},{"label":"Actualidad Asturias","link":"https:\/\/www.eldigitaldeasturias.com\/noticias\/category\/actualidad-asturias\/"},{"label":"Eduardo Rodr\u00edguez: \u201cOviedo puede quedarse aislado econ\u00f3micamente por sus propios tributos\u201d","link":"https:\/\/www.eldigitaldeasturias.com\/noticias\/eduardo-rodriguez-oviedo-puede-quedarse-aislado-economicamente-por-sus-propios-tributos\/"}],"_links":{"self":[{"href":"https:\/\/www.eldigitaldeasturias.com\/noticias\/wp-json\/wp\/v2\/posts\/908080","targetHints":{"allow":["GET"]}}],"collection":[{"href":"https:\/\/www.eldigitaldeasturias.com\/noticias\/wp-json\/wp\/v2\/posts"}],"about":[{"href":"https:\/\/www.eldigitaldeasturias.com\/noticias\/wp-json\/wp\/v2\/types\/post"}],"author":[{"embeddable":true,"href":"https:\/\/www.eldigitaldeasturias.com\/noticias\/wp-json\/wp\/v2\/users\/1"}],"replies":[{"embeddable":true,"href":"https:\/\/www.eldigitaldeasturias.com\/noticias\/wp-json\/wp\/v2\/comments?post=908080"}],"version-history":[{"count":0,"href":"https:\/\/www.eldigitaldeasturias.com\/noticias\/wp-json\/wp\/v2\/posts\/908080\/revisions"}],"wp:featuredmedia":[{"embeddable":true,"href":"https:\/\/www.eldigitaldeasturias.com\/noticias\/wp-json\/wp\/v2\/media\/908081"}],"wp:attachment":[{"href":"https:\/\/www.eldigitaldeasturias.com\/noticias\/wp-json\/wp\/v2\/media?parent=908080"}],"wp:term":[{"taxonomy":"category","embeddable":true,"href":"https:\/\/www.eldigitaldeasturias.com\/noticias\/wp-json\/wp\/v2\/categories?post=908080"},{"taxonomy":"post_tag","embeddable":true,"href":"https:\/\/www.eldigitaldeasturias.com\/noticias\/wp-json\/wp\/v2\/tags?post=908080"}],"curies":[{"name":"wp","href":"https:\/\/api.w.org\/{rel}","templated":true}]}}