{"id":908077,"date":"2016-09-17T00:42:09","date_gmt":"2016-09-16T23:42:09","guid":{"rendered":"http:\/\/www.eldigitaldeasturias.com\/noticias\/?p=908077"},"modified":"2016-09-17T00:42:09","modified_gmt":"2016-09-16T23:42:09","slug":"jose-maria-perez-ve-incomprensible-que-la-ema-tenga-28-millones-de-euros-en-inversion-sin-utilizar","status":"publish","type":"post","link":"https:\/\/www.eldigitaldeasturias.com\/noticias\/jose-maria-perez-ve-incomprensible-que-la-ema-tenga-28-millones-de-euros-en-inversion-sin-utilizar\/","title":{"rendered":"Jos\u00e9 Mar\u00eda P\u00e9rez ve \u00abincomprensible\u00bb que la EMA tenga 28 millones de euros en inversi\u00f3n sin utilizar"},"content":{"rendered":"<p><img loading=\"lazy\" decoding=\"async\" class=\"alignleft size-medium wp-image-908078\" src=\"https:\/\/www.eldigitaldeasturias.com\/noticias\/wp-content\/uploads\/2016\/09\/fotonoticia_20160916135503_800-240x320.jpg\" alt=\"fotonoticia_20160916135503_800\" width=\"240\" height=\"320\" srcset=\"https:\/\/www.eldigitaldeasturias.com\/noticias\/wp-content\/uploads\/2016\/09\/fotonoticia_20160916135503_800-240x320.jpg 240w, https:\/\/www.eldigitaldeasturias.com\/noticias\/wp-content\/uploads\/2016\/09\/fotonoticia_20160916135503_800-768x1024.jpg 768w, https:\/\/www.eldigitaldeasturias.com\/noticias\/wp-content\/uploads\/2016\/09\/fotonoticia_20160916135503_800-487x650.jpg 487w, https:\/\/www.eldigitaldeasturias.com\/noticias\/wp-content\/uploads\/2016\/09\/fotonoticia_20160916135503_800.jpg 800w\" sizes=\"auto, (max-width: 240px) 100vw, 240px\" \/>El portavoz del Grupo Municipal Socialista en el Ayuntamiento de Gij\u00f3n, Jos\u00e9 Mar\u00eda P\u00e9rez, recriminado este viernes al Equipo de Gobierno por seguir sin ofrecer soluciones a los vecinos de la zona Oeste que, algo m\u00e1s de un a\u00f1o despu\u00e9s, han sufrido de nuevo inundaciones en sus calles a causa de las intensas lluvias.<\/p>\n<p>Cabe recordar que el 13 de junio de 2015 la zona Oeste, y en especial la calle de Brasil, se vio anegada por las lluvias, lo que afect\u00f3 a viviendas y comercios que recibieron, en los casos no cubiertos por lo seguros o el Consorcio, compensaciones por parte del Ayuntamiento.<\/p>\n<p>P\u00e9rez, en declaraciones a los medios de comunicaci\u00f3n durante una visita a vecinos y comerciantes afectados por las lluvias de este pasado jueves, ha comprobado &#8216;in situ&#8217; como muchos comercios y portales fueron anegados y algunos incluso han tenido que cerrar sus puertas al p\u00fablico debido a los destrozos ocasionados por el agua.<\/p>\n<p>En este sentido, ha asegurado que \u00abno es comprensible\u00bb que la Empresa Municipal de Agua de Gij\u00f3n (EMA) tenga 28 millones de euros en inversi\u00f3n sin utilizar y el gobierno local de Foro siga sin tener claro c\u00f3mo abordar el problema que sufre la zona Oeste de Gij\u00f3n.<\/p>\n<p>Tambi\u00e9n ha manifestado que existe un serio problema de saneamiento en toda la zona Oeste, que no s\u00f3lo afecta a La Calzada sino tambi\u00e9n a otros barrios como Pescadores y Portuarios, en los que el pasado martes 13, cuando la lluvia fue menos intensa que la registrada este jueves, estaban \u00abachicando agua\u00bb.<\/p>\n<p>Unido a ello, ha recordado que el Pozo de tormentas del Arbeyal sigue sin tener ni siquiera redactado el proyecto. Dicho esto, ha recalcado que no es el \u00fanico problema de saneamiento existente, ya que tambi\u00e9n hay problemas con la estaci\u00f3n de bombeo de la zona, seg\u00fan \u00e9l. Ha lamentado, en este caso, que ante este problema ni la EMA ni el Ayuntamiento ofrecen ning\u00fan tipo de respuesta que permita abordar el asunto de manera integral.<\/p>\n<p>Ha incidido, adem\u00e1s, en que los afectados por las inundaciones de este jueves son los mismos damnificados por las ocurridas en junio de 2015, y algunos de ellos siguen sufriendo las consecuencias de entonces y sin recibir compensaci\u00f3n por ello, ha destacado el portavoz socialista.<\/p>\n<p>&nbsp;<\/p>\n","protected":false},"excerpt":{"rendered":"<p>El portavoz del Grupo Municipal Socialista en el Ayuntamiento de Gij\u00f3n, Jos\u00e9 Mar\u00eda P\u00e9rez, recriminado este viernes al Equipo de Gobierno por seguir sin ofrecer soluciones a los vecinos de la zona Oeste que, algo m\u00e1s de un a\u00f1o despu\u00e9s, han sufrido de nuevo inundaciones en sus calles a causa de las intensas lluvias. Cabe [&hellip;]<\/p>\n","protected":false},"author":1,"featured_media":908078,"comment_status":"closed","ping_status":"closed","sticky":false,"template":"","format":"standard","meta":{"footnotes":""},"categories":[12],"tags":[],"class_list":["post-908077","post","type-post","status-publish","format-standard","has-post-thumbnail","hentry","category-actualidad-asturias"],"aioseo_notices":[],"aioseo_head":"\n\t\t<!-- All in One SEO Pro 4.9.6.2 - aioseo.com -->\n\t<meta name=\"description\" content=\"El portavoz del Grupo Municipal Socialista en el Ayuntamiento de Gij\u00f3n, Jos\u00e9 Mar\u00eda P\u00e9rez, recriminado este viernes al Equipo de Gobierno por seguir sin ofrecer soluciones a los vecinos de la zona Oeste que, algo m\u00e1s de un a\u00f1o despu\u00e9s, han sufrido de nuevo inundaciones en sus calles a causa de las intensas lluvias. Cabe\" \/>\n\t<meta name=\"robots\" content=\"max-image-preview:large\" \/>\n\t<meta name=\"author\" content=\"El Digital de Asturias\"\/>\n\t<meta name=\"google-site-verification\" content=\"UA-38556648-1\" \/>\n\t<meta name=\"msvalidate.01\" content=\"7dfe9f3f1b24437ab69f4f2559babe99\" \/>\n\t<meta name=\"keywords\" content=\"actualidad asturias\" \/>\n\t<link rel=\"canonical\" href=\"https:\/\/www.eldigitaldeasturias.com\/noticias\/jose-maria-perez-ve-incomprensible-que-la-ema-tenga-28-millones-de-euros-en-inversion-sin-utilizar\/\" \/>\n\t<meta name=\"generator\" content=\"All in One SEO Pro (AIOSEO) 4.9.6.2\" \/>\n\t\t<meta property=\"og:locale\" content=\"es_ES\" \/>\n\t\t<meta property=\"og:site_name\" content=\"El Digital de Asturias\" \/>\n\t\t<meta property=\"og:type\" content=\"article\" \/>\n\t\t<meta property=\"og:title\" content=\"Jos\u00e9 Mar\u00eda P\u00e9rez ve \u00abincomprensible\u00bb que la EMA tenga 28 millones de euros en inversi\u00f3n sin utilizar - El Digital de Asturias\" \/>\n\t\t<meta property=\"og:description\" content=\"El portavoz del Grupo Municipal Socialista en el Ayuntamiento de Gij\u00f3n, Jos\u00e9 Mar\u00eda P\u00e9rez, recriminado este viernes al Equipo de Gobierno por seguir sin ofrecer soluciones a los vecinos de la zona Oeste que, algo m\u00e1s de un a\u00f1o despu\u00e9s, han sufrido de nuevo inundaciones en sus calles a causa de las intensas lluvias. Cabe\" \/>\n\t\t<meta property=\"og:url\" content=\"https:\/\/www.eldigitaldeasturias.com\/noticias\/jose-maria-perez-ve-incomprensible-que-la-ema-tenga-28-millones-de-euros-en-inversion-sin-utilizar\/\" \/>\n\t\t<meta property=\"og:image\" content=\"https:\/\/www.eldigitaldeasturias.com\/noticias\/wp-content\/uploads\/2016\/09\/fotonoticia_20160916135503_800.jpg\" \/>\n\t\t<meta property=\"og:image:secure_url\" content=\"https:\/\/www.eldigitaldeasturias.com\/noticias\/wp-content\/uploads\/2016\/09\/fotonoticia_20160916135503_800.jpg\" \/>\n\t\t<meta property=\"og:image:width\" content=\"800\" \/>\n\t\t<meta property=\"og:image:height\" content=\"1067\" \/>\n\t\t<meta property=\"article:tag\" content=\"actualidad asturias\" \/>\n\t\t<meta property=\"article:published_time\" content=\"2016-09-16T23:42:09+00:00\" \/>\n\t\t<meta property=\"article:modified_time\" content=\"2016-09-16T23:42:09+00:00\" \/>\n\t\t<meta property=\"article:publisher\" content=\"https:\/\/facebook.com\/eldigitaldeasturias\" \/>\n\t\t<meta name=\"twitter:card\" content=\"summary_large_image\" \/>\n\t\t<meta name=\"twitter:title\" content=\"Jos\u00e9 Mar\u00eda P\u00e9rez ve \u00abincomprensible\u00bb que la EMA tenga 28 millones de euros en inversi\u00f3n sin utilizar - El Digital de Asturias\" \/>\n\t\t<meta name=\"twitter:description\" content=\"El portavoz del Grupo Municipal Socialista en el Ayuntamiento de Gij\u00f3n, Jos\u00e9 Mar\u00eda P\u00e9rez, recriminado este viernes al Equipo de Gobierno por seguir sin ofrecer soluciones a los vecinos de la zona Oeste que, algo m\u00e1s de un a\u00f1o despu\u00e9s, han sufrido de nuevo inundaciones en sus calles a causa de las intensas lluvias. Cabe\" \/>\n\t\t<meta name=\"twitter:image\" content=\"https:\/\/www.eldigitaldeasturias.com\/noticias\/wp-content\/uploads\/2016\/09\/fotonoticia_20160916135503_800.jpg\" \/>\n\t\t<meta name=\"twitter:label1\" content=\"Escrito por\" \/>\n\t\t<meta name=\"twitter:data1\" content=\"El Digital de Asturias\" \/>\n\t\t<meta name=\"twitter:label2\" content=\"Tiempo de lectura estimado\" \/>\n\t\t<meta name=\"twitter:data2\" content=\"2 minutos\" \/>\n\t\t<script type=\"application\/ld+json\" class=\"aioseo-schema\">\n\t\t\t{\"@context\":\"https:\\\/\\\/schema.org\",\"@graph\":[{\"@type\":\"BlogPosting\",\"@id\":\"https:\\\/\\\/www.eldigitaldeasturias.com\\\/noticias\\\/jose-maria-perez-ve-incomprensible-que-la-ema-tenga-28-millones-de-euros-en-inversion-sin-utilizar\\\/#blogposting\",\"name\":\"Jos\\u00e9 Mar\\u00eda P\\u00e9rez ve \\u00abincomprensible\\u00bb que la EMA tenga 28 millones de euros en inversi\\u00f3n sin utilizar - El Digital de Asturias\",\"headline\":\"Jos\\u00e9 Mar\\u00eda P\\u00e9rez ve \\u00abincomprensible\\u00bb que la EMA tenga 28 millones de euros en inversi\\u00f3n sin utilizar\",\"author\":{\"@id\":\"https:\\\/\\\/www.eldigitaldeasturias.com\\\/noticias\\\/author\\\/admin\\\/#author\"},\"publisher\":{\"@id\":\"https:\\\/\\\/www.eldigitaldeasturias.com\\\/noticias\\\/#organization\"},\"image\":{\"@type\":\"ImageObject\",\"url\":\"https:\\\/\\\/www.eldigitaldeasturias.com\\\/noticias\\\/wp-content\\\/uploads\\\/2016\\\/09\\\/fotonoticia_20160916135503_800.jpg\",\"width\":800,\"height\":1067},\"datePublished\":\"2016-09-17T00:42:09+02:00\",\"dateModified\":\"2016-09-17T00:42:09+02:00\",\"inLanguage\":\"es-ES\",\"mainEntityOfPage\":{\"@id\":\"https:\\\/\\\/www.eldigitaldeasturias.com\\\/noticias\\\/jose-maria-perez-ve-incomprensible-que-la-ema-tenga-28-millones-de-euros-en-inversion-sin-utilizar\\\/#webpage\"},\"isPartOf\":{\"@id\":\"https:\\\/\\\/www.eldigitaldeasturias.com\\\/noticias\\\/jose-maria-perez-ve-incomprensible-que-la-ema-tenga-28-millones-de-euros-en-inversion-sin-utilizar\\\/#webpage\"},\"articleSection\":\"Actualidad Asturias\"},{\"@type\":\"BreadcrumbList\",\"@id\":\"https:\\\/\\\/www.eldigitaldeasturias.com\\\/noticias\\\/jose-maria-perez-ve-incomprensible-que-la-ema-tenga-28-millones-de-euros-en-inversion-sin-utilizar\\\/#breadcrumblist\",\"itemListElement\":[{\"@type\":\"ListItem\",\"@id\":\"https:\\\/\\\/www.eldigitaldeasturias.com\\\/noticias#listItem\",\"position\":1,\"name\":\"Home\",\"item\":\"https:\\\/\\\/www.eldigitaldeasturias.com\\\/noticias\",\"nextItem\":{\"@type\":\"ListItem\",\"@id\":\"https:\\\/\\\/www.eldigitaldeasturias.com\\\/noticias\\\/category\\\/actualidad-asturias\\\/#listItem\",\"name\":\"Actualidad Asturias\"}},{\"@type\":\"ListItem\",\"@id\":\"https:\\\/\\\/www.eldigitaldeasturias.com\\\/noticias\\\/category\\\/actualidad-asturias\\\/#listItem\",\"position\":2,\"name\":\"Actualidad Asturias\",\"item\":\"https:\\\/\\\/www.eldigitaldeasturias.com\\\/noticias\\\/category\\\/actualidad-asturias\\\/\",\"nextItem\":{\"@type\":\"ListItem\",\"@id\":\"https:\\\/\\\/www.eldigitaldeasturias.com\\\/noticias\\\/jose-maria-perez-ve-incomprensible-que-la-ema-tenga-28-millones-de-euros-en-inversion-sin-utilizar\\\/#listItem\",\"name\":\"Jos\\u00e9 Mar\\u00eda P\\u00e9rez ve \\u00abincomprensible\\u00bb que la EMA tenga 28 millones de euros en inversi\\u00f3n sin utilizar\"},\"previousItem\":{\"@type\":\"ListItem\",\"@id\":\"https:\\\/\\\/www.eldigitaldeasturias.com\\\/noticias#listItem\",\"name\":\"Home\"}},{\"@type\":\"ListItem\",\"@id\":\"https:\\\/\\\/www.eldigitaldeasturias.com\\\/noticias\\\/jose-maria-perez-ve-incomprensible-que-la-ema-tenga-28-millones-de-euros-en-inversion-sin-utilizar\\\/#listItem\",\"position\":3,\"name\":\"Jos\\u00e9 Mar\\u00eda P\\u00e9rez ve \\u00abincomprensible\\u00bb que la EMA tenga 28 millones de euros en inversi\\u00f3n sin utilizar\",\"previousItem\":{\"@type\":\"ListItem\",\"@id\":\"https:\\\/\\\/www.eldigitaldeasturias.com\\\/noticias\\\/category\\\/actualidad-asturias\\\/#listItem\",\"name\":\"Actualidad Asturias\"}}]},{\"@type\":\"Organization\",\"@id\":\"https:\\\/\\\/www.eldigitaldeasturias.com\\\/noticias\\\/#organization\",\"name\":\"El Digital de Asturias\",\"description\":\"Hemeroteca\",\"url\":\"https:\\\/\\\/www.eldigitaldeasturias.com\\\/noticias\\\/\",\"email\":\"info@eldigitaldeasturias.com\",\"telephone\":\"+34652131393\",\"logo\":{\"@type\":\"ImageObject\",\"url\":\"https:\\\/\\\/www.eldigitaldeasturias.com\\\/noticias\\\/wp-content\\\/uploads\\\/2020\\\/12\\\/EDA.jpg\",\"@id\":\"https:\\\/\\\/www.eldigitaldeasturias.com\\\/noticias\\\/jose-maria-perez-ve-incomprensible-que-la-ema-tenga-28-millones-de-euros-en-inversion-sin-utilizar\\\/#organizationLogo\",\"width\":649,\"height\":297},\"image\":{\"@id\":\"https:\\\/\\\/www.eldigitaldeasturias.com\\\/noticias\\\/jose-maria-perez-ve-incomprensible-que-la-ema-tenga-28-millones-de-euros-en-inversion-sin-utilizar\\\/#organizationLogo\"},\"sameAs\":[\"https:\\\/\\\/facebook.com\\\/eldigitaldeasturias\",\"https:\\\/\\\/www.youtube.com\\\/channel\\\/UCZP-2wLEB9Rv6erhFmqVnvg\"],\"address\":{\"@id\":\"https:\\\/\\\/www.eldigitaldeasturias.com\\\/noticias\\\/#postaladdress\",\"@type\":\"PostalAddress\",\"streetAddress\":\"san antonio 4,\",\"postalCode\":\"33430\",\"addressLocality\":\"Cand\\u00e1s\",\"addressRegion\":\"Asturias\",\"addressCountry\":\"ES\"}},{\"@type\":\"Person\",\"@id\":\"https:\\\/\\\/www.eldigitaldeasturias.com\\\/noticias\\\/author\\\/admin\\\/#author\",\"url\":\"https:\\\/\\\/www.eldigitaldeasturias.com\\\/noticias\\\/author\\\/admin\\\/\",\"name\":\"El Digital de Asturias\",\"image\":{\"@type\":\"ImageObject\",\"@id\":\"https:\\\/\\\/www.eldigitaldeasturias.com\\\/noticias\\\/jose-maria-perez-ve-incomprensible-que-la-ema-tenga-28-millones-de-euros-en-inversion-sin-utilizar\\\/#authorImage\",\"url\":\"https:\\\/\\\/www.eldigitaldeasturias.com\\\/noticias\\\/wp-content\\\/litespeed\\\/avatar\\\/18677e78aa0546b92d9dbf31ec7d7668.jpg?ver=1776685526\",\"width\":96,\"height\":96,\"caption\":\"El Digital de Asturias\"}},{\"@type\":\"WebPage\",\"@id\":\"https:\\\/\\\/www.eldigitaldeasturias.com\\\/noticias\\\/jose-maria-perez-ve-incomprensible-que-la-ema-tenga-28-millones-de-euros-en-inversion-sin-utilizar\\\/#webpage\",\"url\":\"https:\\\/\\\/www.eldigitaldeasturias.com\\\/noticias\\\/jose-maria-perez-ve-incomprensible-que-la-ema-tenga-28-millones-de-euros-en-inversion-sin-utilizar\\\/\",\"name\":\"Jos\\u00e9 Mar\\u00eda P\\u00e9rez ve \\u00abincomprensible\\u00bb que la EMA tenga 28 millones de euros en inversi\\u00f3n sin utilizar - El Digital de Asturias\",\"description\":\"El portavoz del Grupo Municipal Socialista en el Ayuntamiento de Gij\\u00f3n, Jos\\u00e9 Mar\\u00eda P\\u00e9rez, recriminado este viernes al Equipo de Gobierno por seguir sin ofrecer soluciones a los vecinos de la zona Oeste que, algo m\\u00e1s de un a\\u00f1o despu\\u00e9s, han sufrido de nuevo inundaciones en sus calles a causa de las intensas lluvias. Cabe\",\"inLanguage\":\"es-ES\",\"isPartOf\":{\"@id\":\"https:\\\/\\\/www.eldigitaldeasturias.com\\\/noticias\\\/#website\"},\"breadcrumb\":{\"@id\":\"https:\\\/\\\/www.eldigitaldeasturias.com\\\/noticias\\\/jose-maria-perez-ve-incomprensible-que-la-ema-tenga-28-millones-de-euros-en-inversion-sin-utilizar\\\/#breadcrumblist\"},\"author\":{\"@id\":\"https:\\\/\\\/www.eldigitaldeasturias.com\\\/noticias\\\/author\\\/admin\\\/#author\"},\"creator\":{\"@id\":\"https:\\\/\\\/www.eldigitaldeasturias.com\\\/noticias\\\/author\\\/admin\\\/#author\"},\"image\":{\"@type\":\"ImageObject\",\"url\":\"https:\\\/\\\/www.eldigitaldeasturias.com\\\/noticias\\\/wp-content\\\/uploads\\\/2016\\\/09\\\/fotonoticia_20160916135503_800.jpg\",\"@id\":\"https:\\\/\\\/www.eldigitaldeasturias.com\\\/noticias\\\/jose-maria-perez-ve-incomprensible-que-la-ema-tenga-28-millones-de-euros-en-inversion-sin-utilizar\\\/#mainImage\",\"width\":800,\"height\":1067},\"primaryImageOfPage\":{\"@id\":\"https:\\\/\\\/www.eldigitaldeasturias.com\\\/noticias\\\/jose-maria-perez-ve-incomprensible-que-la-ema-tenga-28-millones-de-euros-en-inversion-sin-utilizar\\\/#mainImage\"},\"datePublished\":\"2016-09-17T00:42:09+02:00\",\"dateModified\":\"2016-09-17T00:42:09+02:00\"},{\"@type\":\"WebSite\",\"@id\":\"https:\\\/\\\/www.eldigitaldeasturias.com\\\/noticias\\\/#website\",\"url\":\"https:\\\/\\\/www.eldigitaldeasturias.com\\\/noticias\\\/\",\"name\":\"El Digital de Asturias - Diario de actualidad y noticias\",\"alternateName\":\"El Digital de Asturias - Diario de actualidad y noticias\",\"description\":\"Hemeroteca\",\"inLanguage\":\"es-ES\",\"publisher\":{\"@id\":\"https:\\\/\\\/www.eldigitaldeasturias.com\\\/noticias\\\/#organization\"}}]}\n\t\t<\/script>\n\t\t<!-- All in One SEO Pro -->\r\n\t\t<title>Jos\u00e9 Mar\u00eda P\u00e9rez ve \u00abincomprensible\u00bb que la EMA tenga 28 millones de euros en inversi\u00f3n sin utilizar - El Digital de Asturias<\/title>\n\n","aioseo_head_json":{"title":"Jos\u00e9 Mar\u00eda P\u00e9rez ve \u00abincomprensible\u00bb que la EMA tenga 28 millones de euros en inversi\u00f3n sin utilizar - El Digital de Asturias","description":"El portavoz del Grupo Municipal Socialista en el Ayuntamiento de Gij\u00f3n, Jos\u00e9 Mar\u00eda P\u00e9rez, recriminado este viernes al Equipo de Gobierno por seguir sin ofrecer soluciones a los vecinos de la zona Oeste que, algo m\u00e1s de un a\u00f1o despu\u00e9s, han sufrido de nuevo inundaciones en sus calles a causa de las intensas lluvias. Cabe","canonical_url":"https:\/\/www.eldigitaldeasturias.com\/noticias\/jose-maria-perez-ve-incomprensible-que-la-ema-tenga-28-millones-de-euros-en-inversion-sin-utilizar\/","robots":"max-image-preview:large","keywords":"actualidad asturias","webmasterTools":{"google-site-verification":"UA-38556648-1","msvalidate.01":"7dfe9f3f1b24437ab69f4f2559babe99","miscellaneous":""},"schema":{"@context":"https:\/\/schema.org","@graph":[{"@type":"BlogPosting","@id":"https:\/\/www.eldigitaldeasturias.com\/noticias\/jose-maria-perez-ve-incomprensible-que-la-ema-tenga-28-millones-de-euros-en-inversion-sin-utilizar\/#blogposting","name":"Jos\u00e9 Mar\u00eda P\u00e9rez ve \u00abincomprensible\u00bb que la EMA tenga 28 millones de euros en inversi\u00f3n sin utilizar - El Digital de Asturias","headline":"Jos\u00e9 Mar\u00eda P\u00e9rez ve \u00abincomprensible\u00bb que la EMA tenga 28 millones de euros en inversi\u00f3n sin utilizar","author":{"@id":"https:\/\/www.eldigitaldeasturias.com\/noticias\/author\/admin\/#author"},"publisher":{"@id":"https:\/\/www.eldigitaldeasturias.com\/noticias\/#organization"},"image":{"@type":"ImageObject","url":"https:\/\/www.eldigitaldeasturias.com\/noticias\/wp-content\/uploads\/2016\/09\/fotonoticia_20160916135503_800.jpg","width":800,"height":1067},"datePublished":"2016-09-17T00:42:09+02:00","dateModified":"2016-09-17T00:42:09+02:00","inLanguage":"es-ES","mainEntityOfPage":{"@id":"https:\/\/www.eldigitaldeasturias.com\/noticias\/jose-maria-perez-ve-incomprensible-que-la-ema-tenga-28-millones-de-euros-en-inversion-sin-utilizar\/#webpage"},"isPartOf":{"@id":"https:\/\/www.eldigitaldeasturias.com\/noticias\/jose-maria-perez-ve-incomprensible-que-la-ema-tenga-28-millones-de-euros-en-inversion-sin-utilizar\/#webpage"},"articleSection":"Actualidad Asturias"},{"@type":"BreadcrumbList","@id":"https:\/\/www.eldigitaldeasturias.com\/noticias\/jose-maria-perez-ve-incomprensible-que-la-ema-tenga-28-millones-de-euros-en-inversion-sin-utilizar\/#breadcrumblist","itemListElement":[{"@type":"ListItem","@id":"https:\/\/www.eldigitaldeasturias.com\/noticias#listItem","position":1,"name":"Home","item":"https:\/\/www.eldigitaldeasturias.com\/noticias","nextItem":{"@type":"ListItem","@id":"https:\/\/www.eldigitaldeasturias.com\/noticias\/category\/actualidad-asturias\/#listItem","name":"Actualidad Asturias"}},{"@type":"ListItem","@id":"https:\/\/www.eldigitaldeasturias.com\/noticias\/category\/actualidad-asturias\/#listItem","position":2,"name":"Actualidad Asturias","item":"https:\/\/www.eldigitaldeasturias.com\/noticias\/category\/actualidad-asturias\/","nextItem":{"@type":"ListItem","@id":"https:\/\/www.eldigitaldeasturias.com\/noticias\/jose-maria-perez-ve-incomprensible-que-la-ema-tenga-28-millones-de-euros-en-inversion-sin-utilizar\/#listItem","name":"Jos\u00e9 Mar\u00eda P\u00e9rez ve \u00abincomprensible\u00bb que la EMA tenga 28 millones de euros en inversi\u00f3n sin utilizar"},"previousItem":{"@type":"ListItem","@id":"https:\/\/www.eldigitaldeasturias.com\/noticias#listItem","name":"Home"}},{"@type":"ListItem","@id":"https:\/\/www.eldigitaldeasturias.com\/noticias\/jose-maria-perez-ve-incomprensible-que-la-ema-tenga-28-millones-de-euros-en-inversion-sin-utilizar\/#listItem","position":3,"name":"Jos\u00e9 Mar\u00eda P\u00e9rez ve \u00abincomprensible\u00bb que la EMA tenga 28 millones de euros en inversi\u00f3n sin utilizar","previousItem":{"@type":"ListItem","@id":"https:\/\/www.eldigitaldeasturias.com\/noticias\/category\/actualidad-asturias\/#listItem","name":"Actualidad Asturias"}}]},{"@type":"Organization","@id":"https:\/\/www.eldigitaldeasturias.com\/noticias\/#organization","name":"El Digital de Asturias","description":"Hemeroteca","url":"https:\/\/www.eldigitaldeasturias.com\/noticias\/","email":"info@eldigitaldeasturias.com","telephone":"+34652131393","logo":{"@type":"ImageObject","url":"https:\/\/www.eldigitaldeasturias.com\/noticias\/wp-content\/uploads\/2020\/12\/EDA.jpg","@id":"https:\/\/www.eldigitaldeasturias.com\/noticias\/jose-maria-perez-ve-incomprensible-que-la-ema-tenga-28-millones-de-euros-en-inversion-sin-utilizar\/#organizationLogo","width":649,"height":297},"image":{"@id":"https:\/\/www.eldigitaldeasturias.com\/noticias\/jose-maria-perez-ve-incomprensible-que-la-ema-tenga-28-millones-de-euros-en-inversion-sin-utilizar\/#organizationLogo"},"sameAs":["https:\/\/facebook.com\/eldigitaldeasturias","https:\/\/www.youtube.com\/channel\/UCZP-2wLEB9Rv6erhFmqVnvg"],"address":{"@id":"https:\/\/www.eldigitaldeasturias.com\/noticias\/#postaladdress","@type":"PostalAddress","streetAddress":"san antonio 4,","postalCode":"33430","addressLocality":"Cand\u00e1s","addressRegion":"Asturias","addressCountry":"ES"}},{"@type":"Person","@id":"https:\/\/www.eldigitaldeasturias.com\/noticias\/author\/admin\/#author","url":"https:\/\/www.eldigitaldeasturias.com\/noticias\/author\/admin\/","name":"El Digital de Asturias","image":{"@type":"ImageObject","@id":"https:\/\/www.eldigitaldeasturias.com\/noticias\/jose-maria-perez-ve-incomprensible-que-la-ema-tenga-28-millones-de-euros-en-inversion-sin-utilizar\/#authorImage","url":"https:\/\/www.eldigitaldeasturias.com\/noticias\/wp-content\/litespeed\/avatar\/18677e78aa0546b92d9dbf31ec7d7668.jpg?ver=1776685526","width":96,"height":96,"caption":"El Digital de Asturias"}},{"@type":"WebPage","@id":"https:\/\/www.eldigitaldeasturias.com\/noticias\/jose-maria-perez-ve-incomprensible-que-la-ema-tenga-28-millones-de-euros-en-inversion-sin-utilizar\/#webpage","url":"https:\/\/www.eldigitaldeasturias.com\/noticias\/jose-maria-perez-ve-incomprensible-que-la-ema-tenga-28-millones-de-euros-en-inversion-sin-utilizar\/","name":"Jos\u00e9 Mar\u00eda P\u00e9rez ve \u00abincomprensible\u00bb que la EMA tenga 28 millones de euros en inversi\u00f3n sin utilizar - El Digital de Asturias","description":"El portavoz del Grupo Municipal Socialista en el Ayuntamiento de Gij\u00f3n, Jos\u00e9 Mar\u00eda P\u00e9rez, recriminado este viernes al Equipo de Gobierno por seguir sin ofrecer soluciones a los vecinos de la zona Oeste que, algo m\u00e1s de un a\u00f1o despu\u00e9s, han sufrido de nuevo inundaciones en sus calles a causa de las intensas lluvias. Cabe","inLanguage":"es-ES","isPartOf":{"@id":"https:\/\/www.eldigitaldeasturias.com\/noticias\/#website"},"breadcrumb":{"@id":"https:\/\/www.eldigitaldeasturias.com\/noticias\/jose-maria-perez-ve-incomprensible-que-la-ema-tenga-28-millones-de-euros-en-inversion-sin-utilizar\/#breadcrumblist"},"author":{"@id":"https:\/\/www.eldigitaldeasturias.com\/noticias\/author\/admin\/#author"},"creator":{"@id":"https:\/\/www.eldigitaldeasturias.com\/noticias\/author\/admin\/#author"},"image":{"@type":"ImageObject","url":"https:\/\/www.eldigitaldeasturias.com\/noticias\/wp-content\/uploads\/2016\/09\/fotonoticia_20160916135503_800.jpg","@id":"https:\/\/www.eldigitaldeasturias.com\/noticias\/jose-maria-perez-ve-incomprensible-que-la-ema-tenga-28-millones-de-euros-en-inversion-sin-utilizar\/#mainImage","width":800,"height":1067},"primaryImageOfPage":{"@id":"https:\/\/www.eldigitaldeasturias.com\/noticias\/jose-maria-perez-ve-incomprensible-que-la-ema-tenga-28-millones-de-euros-en-inversion-sin-utilizar\/#mainImage"},"datePublished":"2016-09-17T00:42:09+02:00","dateModified":"2016-09-17T00:42:09+02:00"},{"@type":"WebSite","@id":"https:\/\/www.eldigitaldeasturias.com\/noticias\/#website","url":"https:\/\/www.eldigitaldeasturias.com\/noticias\/","name":"El Digital de Asturias - Diario de actualidad y noticias","alternateName":"El Digital de Asturias - Diario de actualidad y noticias","description":"Hemeroteca","inLanguage":"es-ES","publisher":{"@id":"https:\/\/www.eldigitaldeasturias.com\/noticias\/#organization"}}]},"og:locale":"es_ES","og:site_name":"El Digital de Asturias","og:type":"article","og:title":"Jos\u00e9 Mar\u00eda P\u00e9rez ve \u00abincomprensible\u00bb que la EMA tenga 28 millones de euros en inversi\u00f3n sin utilizar - El Digital de Asturias","og:description":"El portavoz del Grupo Municipal Socialista en el Ayuntamiento de Gij\u00f3n, Jos\u00e9 Mar\u00eda P\u00e9rez, recriminado este viernes al Equipo de Gobierno por seguir sin ofrecer soluciones a los vecinos de la zona Oeste que, algo m\u00e1s de un a\u00f1o despu\u00e9s, han sufrido de nuevo inundaciones en sus calles a causa de las intensas lluvias. Cabe","og:url":"https:\/\/www.eldigitaldeasturias.com\/noticias\/jose-maria-perez-ve-incomprensible-que-la-ema-tenga-28-millones-de-euros-en-inversion-sin-utilizar\/","og:image":"https:\/\/www.eldigitaldeasturias.com\/noticias\/wp-content\/uploads\/2016\/09\/fotonoticia_20160916135503_800.jpg","og:image:secure_url":"https:\/\/www.eldigitaldeasturias.com\/noticias\/wp-content\/uploads\/2016\/09\/fotonoticia_20160916135503_800.jpg","og:image:width":800,"og:image:height":1067,"article:tag":["actualidad asturias"],"article:published_time":"2016-09-16T23:42:09+00:00","article:modified_time":"2016-09-16T23:42:09+00:00","article:publisher":"https:\/\/facebook.com\/eldigitaldeasturias","twitter:card":"summary_large_image","twitter:title":"Jos\u00e9 Mar\u00eda P\u00e9rez ve \u00abincomprensible\u00bb que la EMA tenga 28 millones de euros en inversi\u00f3n sin utilizar - El Digital de Asturias","twitter:description":"El portavoz del Grupo Municipal Socialista en el Ayuntamiento de Gij\u00f3n, Jos\u00e9 Mar\u00eda P\u00e9rez, recriminado este viernes al Equipo de Gobierno por seguir sin ofrecer soluciones a los vecinos de la zona Oeste que, algo m\u00e1s de un a\u00f1o despu\u00e9s, han sufrido de nuevo inundaciones en sus calles a causa de las intensas lluvias. Cabe","twitter:image":"https:\/\/www.eldigitaldeasturias.com\/noticias\/wp-content\/uploads\/2016\/09\/fotonoticia_20160916135503_800.jpg","twitter:label1":"Escrito por","twitter:data1":"El Digital de Asturias","twitter:label2":"Tiempo de lectura estimado","twitter:data2":"2 minutos"},"aioseo_meta_data":{"post_id":"908077","title":null,"description":null,"keywords":null,"keyphrases":null,"primary_term":null,"canonical_url":null,"og_title":null,"og_description":null,"og_object_type":"default","og_image_type":"default","og_image_url":null,"og_image_width":null,"og_image_height":null,"og_image_custom_url":null,"og_image_custom_fields":null,"og_video":null,"og_custom_url":null,"og_article_section":null,"og_article_tags":null,"twitter_use_og":false,"twitter_card":"default","twitter_image_type":"default","twitter_image_url":null,"twitter_image_custom_url":null,"twitter_image_custom_fields":null,"twitter_title":null,"twitter_description":null,"schema":{"blockGraphs":[],"customGraphs":[],"default":{"data":{"Article":[],"Course":[],"Dataset":[],"FAQPage":[],"Movie":[],"Person":[],"Product":[],"ProductReview":[],"Car":[],"Recipe":[],"Service":[],"SoftwareApplication":[],"WebPage":[]},"graphName":"","isEnabled":true},"graphs":[],"defaultGraph":"","defaultPostTypeGraph":""},"schema_type":null,"schema_type_options":null,"pillar_content":false,"robots_default":true,"robots_noindex":false,"robots_noarchive":false,"robots_nosnippet":false,"robots_nofollow":false,"robots_noimageindex":false,"robots_noodp":false,"robots_notranslate":false,"robots_max_snippet":null,"robots_max_videopreview":null,"robots_max_imagepreview":"large","priority":null,"frequency":null,"local_seo":null,"seo_analyzer_scan_date":"2025-11-30 14:47:12","breadcrumb_settings":null,"limit_modified_date":false,"open_ai":null,"ai":null,"created":"2020-12-21 14:00:26","updated":"2025-11-30 14:47:12"},"aioseo_breadcrumb":"<div class=\"aioseo-breadcrumbs\"><span class=\"aioseo-breadcrumb\">\n\t<a href=\"https:\/\/www.eldigitaldeasturias.com\/noticias\" title=\"Home\">Home<\/a>\n<\/span><span class=\"aioseo-breadcrumb-separator\">\u2013<\/span><span class=\"aioseo-breadcrumb\">\n\t<a href=\"https:\/\/www.eldigitaldeasturias.com\/noticias\/category\/actualidad-asturias\/\" title=\"Actualidad Asturias\">Actualidad Asturias<\/a>\n<\/span><span class=\"aioseo-breadcrumb-separator\">\u2013<\/span><span class=\"aioseo-breadcrumb\">\n\t<a href=\"https:\/\/www.eldigitaldeasturias.com\/noticias\/jose-maria-perez-ve-incomprensible-que-la-ema-tenga-28-millones-de-euros-en-inversion-sin-utilizar\/\" title=\"Jos\u00e9 Mar\u00eda P\u00e9rez ve \u00abincomprensible\u00bb que la EMA tenga 28 millones de euros en inversi\u00f3n sin utilizar\">Jos\u00e9 Mar\u00eda P\u00e9rez ve \u00abincomprensible\u00bb que la EMA tenga 28 millones de euros en inversi\u00f3n sin utilizar<\/a>\n<\/span><\/div>","aioseo_breadcrumb_json":[{"label":"Home","link":"https:\/\/www.eldigitaldeasturias.com\/noticias"},{"label":"Actualidad Asturias","link":"https:\/\/www.eldigitaldeasturias.com\/noticias\/category\/actualidad-asturias\/"},{"label":"Jos\u00e9 Mar\u00eda P\u00e9rez ve \u00abincomprensible\u00bb que la EMA tenga 28 millones de euros en inversi\u00f3n sin utilizar","link":"https:\/\/www.eldigitaldeasturias.com\/noticias\/jose-maria-perez-ve-incomprensible-que-la-ema-tenga-28-millones-de-euros-en-inversion-sin-utilizar\/"}],"_links":{"self":[{"href":"https:\/\/www.eldigitaldeasturias.com\/noticias\/wp-json\/wp\/v2\/posts\/908077","targetHints":{"allow":["GET"]}}],"collection":[{"href":"https:\/\/www.eldigitaldeasturias.com\/noticias\/wp-json\/wp\/v2\/posts"}],"about":[{"href":"https:\/\/www.eldigitaldeasturias.com\/noticias\/wp-json\/wp\/v2\/types\/post"}],"author":[{"embeddable":true,"href":"https:\/\/www.eldigitaldeasturias.com\/noticias\/wp-json\/wp\/v2\/users\/1"}],"replies":[{"embeddable":true,"href":"https:\/\/www.eldigitaldeasturias.com\/noticias\/wp-json\/wp\/v2\/comments?post=908077"}],"version-history":[{"count":0,"href":"https:\/\/www.eldigitaldeasturias.com\/noticias\/wp-json\/wp\/v2\/posts\/908077\/revisions"}],"wp:featuredmedia":[{"embeddable":true,"href":"https:\/\/www.eldigitaldeasturias.com\/noticias\/wp-json\/wp\/v2\/media\/908078"}],"wp:attachment":[{"href":"https:\/\/www.eldigitaldeasturias.com\/noticias\/wp-json\/wp\/v2\/media?parent=908077"}],"wp:term":[{"taxonomy":"category","embeddable":true,"href":"https:\/\/www.eldigitaldeasturias.com\/noticias\/wp-json\/wp\/v2\/categories?post=908077"},{"taxonomy":"post_tag","embeddable":true,"href":"https:\/\/www.eldigitaldeasturias.com\/noticias\/wp-json\/wp\/v2\/tags?post=908077"}],"curies":[{"name":"wp","href":"https:\/\/api.w.org\/{rel}","templated":true}]}}