{"id":908065,"date":"2016-09-17T00:24:14","date_gmt":"2016-09-16T23:24:14","guid":{"rendered":"http:\/\/www.eldigitaldeasturias.com\/noticias\/?p=908065"},"modified":"2016-09-17T00:24:14","modified_gmt":"2016-09-16T23:24:14","slug":"bruselas-pone-el-ojo-en-el-incumplimiento-de-espana-en-el-tratamiento-de-aguas-en-gijon","status":"publish","type":"post","link":"https:\/\/www.eldigitaldeasturias.com\/noticias\/bruselas-pone-el-ojo-en-el-incumplimiento-de-espana-en-el-tratamiento-de-aguas-en-gijon\/","title":{"rendered":"Bruselas pone el \u201cojo\u201d en el \u00abincumplimiento\u00bb de Espa\u00f1a en el tratamiento de aguas en Gij\u00f3n"},"content":{"rendered":"<p><img loading=\"lazy\" decoding=\"async\" class=\"alignleft size-medium wp-image-908066\" src=\"https:\/\/www.eldigitaldeasturias.com\/noticias\/wp-content\/uploads\/2016\/09\/fotonoticia_20160916124748_800-360x286.jpg\" alt=\"fotonoticia_20160916124748_800\" width=\"360\" height=\"286\" srcset=\"https:\/\/www.eldigitaldeasturias.com\/noticias\/wp-content\/uploads\/2016\/09\/fotonoticia_20160916124748_800-360x286.jpg 360w, https:\/\/www.eldigitaldeasturias.com\/noticias\/wp-content\/uploads\/2016\/09\/fotonoticia_20160916124748_800-768x611.jpg 768w, https:\/\/www.eldigitaldeasturias.com\/noticias\/wp-content\/uploads\/2016\/09\/fotonoticia_20160916124748_800-650x517.jpg 650w, https:\/\/www.eldigitaldeasturias.com\/noticias\/wp-content\/uploads\/2016\/09\/fotonoticia_20160916124748_800.jpg 800w\" sizes=\"auto, (max-width: 360px) 100vw, 360px\" \/>El jefe de unidad de la Direcci\u00f3n General de Medio Ambiente de la Comisi\u00f3n Europea, Ion Codescu, ha remitido a Ecologistas en Acci\u00f3n en Asturias una carta en la que se\u00f1ala que contin\u00faa un procedimiento contra Espa\u00f1a por el \u00abincumplimiento\u00bb de la sentencia por la falta de saneamiento de aguas residuales en Gij\u00f3n Este y en Llanes, entre otros puntos de la costa.<\/p>\n<p>Codescu responde as\u00ed a una denuncia interpuesta por los ecologistas el pasado 4 de septiembre sobre la situaci\u00f3n en Gij\u00f3n, y anuncia el archivo de la queja, al estar ya instruyendo un procedimiento sobre el asunto.<\/p>\n<p>Fue una sentencia de 2011 la que declaraba que Espa\u00f1a incumpl\u00eda las obligaciones en materia del tratamiento de aguas residuales en diferentes puntos de la costa y condenaba en costas a Espa\u00f1a. Dos a\u00f1os despu\u00e9s la Comisi\u00f3n envi\u00f3 una carta de emplazamiento al considerar que las autoridades no hab\u00edan tomado las medidas necesarias para ejecutar la sentencia. A d\u00eda de hoy, el procedimiento sigue su curso.<\/p>\n<p>&nbsp;<\/p>\n","protected":false},"excerpt":{"rendered":"<p>El jefe de unidad de la Direcci\u00f3n General de Medio Ambiente de la Comisi\u00f3n Europea, Ion Codescu, ha remitido a Ecologistas en Acci\u00f3n en Asturias una carta en la que se\u00f1ala que contin\u00faa un procedimiento contra Espa\u00f1a por el \u00abincumplimiento\u00bb de la sentencia por la falta de saneamiento de aguas residuales en Gij\u00f3n Este y [&hellip;]<\/p>\n","protected":false},"author":1,"featured_media":908066,"comment_status":"closed","ping_status":"closed","sticky":false,"template":"","format":"standard","meta":{"footnotes":""},"categories":[28],"tags":[],"class_list":["post-908065","post","type-post","status-publish","format-standard","has-post-thumbnail","hentry","category-sociedad"],"aioseo_notices":[],"aioseo_head":"\n\t\t<!-- All in One SEO Pro 4.9.6.2 - aioseo.com -->\n\t<meta name=\"description\" content=\"El jefe de unidad de la Direcci\u00f3n General de Medio Ambiente de la Comisi\u00f3n Europea, Ion Codescu, ha remitido a Ecologistas en Acci\u00f3n en Asturias una carta en la que se\u00f1ala que contin\u00faa un procedimiento contra Espa\u00f1a por el &quot;incumplimiento&quot; de la sentencia por la falta de saneamiento de aguas residuales en Gij\u00f3n Este y\" \/>\n\t<meta name=\"robots\" content=\"max-image-preview:large\" \/>\n\t<meta name=\"author\" content=\"El Digital de Asturias\"\/>\n\t<meta name=\"google-site-verification\" content=\"UA-38556648-1\" \/>\n\t<meta name=\"msvalidate.01\" content=\"7dfe9f3f1b24437ab69f4f2559babe99\" \/>\n\t<meta name=\"keywords\" content=\"sociedad\" \/>\n\t<link rel=\"canonical\" href=\"https:\/\/www.eldigitaldeasturias.com\/noticias\/bruselas-pone-el-ojo-en-el-incumplimiento-de-espana-en-el-tratamiento-de-aguas-en-gijon\/\" \/>\n\t<meta name=\"generator\" content=\"All in One SEO Pro (AIOSEO) 4.9.6.2\" \/>\n\t\t<meta property=\"og:locale\" content=\"es_ES\" \/>\n\t\t<meta property=\"og:site_name\" content=\"El Digital de Asturias\" \/>\n\t\t<meta property=\"og:type\" content=\"article\" \/>\n\t\t<meta property=\"og:title\" content=\"Bruselas pone el \u201cojo\u201d en el \u00abincumplimiento\u00bb de Espa\u00f1a en el tratamiento de aguas en Gij\u00f3n - El Digital de Asturias\" \/>\n\t\t<meta property=\"og:description\" content=\"El jefe de unidad de la Direcci\u00f3n General de Medio Ambiente de la Comisi\u00f3n Europea, Ion Codescu, ha remitido a Ecologistas en Acci\u00f3n en Asturias una carta en la que se\u00f1ala que contin\u00faa un procedimiento contra Espa\u00f1a por el &quot;incumplimiento&quot; de la sentencia por la falta de saneamiento de aguas residuales en Gij\u00f3n Este y\" \/>\n\t\t<meta property=\"og:url\" content=\"https:\/\/www.eldigitaldeasturias.com\/noticias\/bruselas-pone-el-ojo-en-el-incumplimiento-de-espana-en-el-tratamiento-de-aguas-en-gijon\/\" \/>\n\t\t<meta property=\"og:image\" content=\"https:\/\/www.eldigitaldeasturias.com\/noticias\/wp-content\/uploads\/2016\/09\/fotonoticia_20160916124748_800.jpg\" \/>\n\t\t<meta property=\"og:image:secure_url\" content=\"https:\/\/www.eldigitaldeasturias.com\/noticias\/wp-content\/uploads\/2016\/09\/fotonoticia_20160916124748_800.jpg\" \/>\n\t\t<meta property=\"og:image:width\" content=\"800\" \/>\n\t\t<meta property=\"og:image:height\" content=\"636\" \/>\n\t\t<meta property=\"article:tag\" content=\"sociedad\" \/>\n\t\t<meta property=\"article:published_time\" content=\"2016-09-16T23:24:14+00:00\" \/>\n\t\t<meta property=\"article:modified_time\" content=\"2016-09-16T23:24:14+00:00\" \/>\n\t\t<meta property=\"article:publisher\" content=\"https:\/\/facebook.com\/eldigitaldeasturias\" \/>\n\t\t<meta name=\"twitter:card\" content=\"summary_large_image\" \/>\n\t\t<meta name=\"twitter:title\" content=\"Bruselas pone el \u201cojo\u201d en el \u00abincumplimiento\u00bb de Espa\u00f1a en el tratamiento de aguas en Gij\u00f3n - El Digital de Asturias\" \/>\n\t\t<meta name=\"twitter:description\" content=\"El jefe de unidad de la Direcci\u00f3n General de Medio Ambiente de la Comisi\u00f3n Europea, Ion Codescu, ha remitido a Ecologistas en Acci\u00f3n en Asturias una carta en la que se\u00f1ala que contin\u00faa un procedimiento contra Espa\u00f1a por el &quot;incumplimiento&quot; de la sentencia por la falta de saneamiento de aguas residuales en Gij\u00f3n Este y\" \/>\n\t\t<meta name=\"twitter:image\" content=\"https:\/\/www.eldigitaldeasturias.com\/noticias\/wp-content\/uploads\/2016\/09\/fotonoticia_20160916124748_800.jpg\" \/>\n\t\t<meta name=\"twitter:label1\" content=\"Escrito por\" \/>\n\t\t<meta name=\"twitter:data1\" content=\"El Digital de Asturias\" \/>\n\t\t<meta name=\"twitter:label2\" content=\"Tiempo de lectura estimado\" \/>\n\t\t<meta name=\"twitter:data2\" content=\"1 minuto\" \/>\n\t\t<script type=\"application\/ld+json\" class=\"aioseo-schema\">\n\t\t\t{\"@context\":\"https:\\\/\\\/schema.org\",\"@graph\":[{\"@type\":\"BlogPosting\",\"@id\":\"https:\\\/\\\/www.eldigitaldeasturias.com\\\/noticias\\\/bruselas-pone-el-ojo-en-el-incumplimiento-de-espana-en-el-tratamiento-de-aguas-en-gijon\\\/#blogposting\",\"name\":\"Bruselas pone el \\u201cojo\\u201d en el \\u00abincumplimiento\\u00bb de Espa\\u00f1a en el tratamiento de aguas en Gij\\u00f3n - El Digital de Asturias\",\"headline\":\"Bruselas pone el \\u201cojo\\u201d en el \\u00abincumplimiento\\u00bb de Espa\\u00f1a en el tratamiento de aguas en Gij\\u00f3n\",\"author\":{\"@id\":\"https:\\\/\\\/www.eldigitaldeasturias.com\\\/noticias\\\/author\\\/admin\\\/#author\"},\"publisher\":{\"@id\":\"https:\\\/\\\/www.eldigitaldeasturias.com\\\/noticias\\\/#organization\"},\"image\":{\"@type\":\"ImageObject\",\"url\":\"https:\\\/\\\/www.eldigitaldeasturias.com\\\/noticias\\\/wp-content\\\/uploads\\\/2016\\\/09\\\/fotonoticia_20160916124748_800.jpg\",\"width\":800,\"height\":636},\"datePublished\":\"2016-09-17T00:24:14+02:00\",\"dateModified\":\"2016-09-17T00:24:14+02:00\",\"inLanguage\":\"es-ES\",\"mainEntityOfPage\":{\"@id\":\"https:\\\/\\\/www.eldigitaldeasturias.com\\\/noticias\\\/bruselas-pone-el-ojo-en-el-incumplimiento-de-espana-en-el-tratamiento-de-aguas-en-gijon\\\/#webpage\"},\"isPartOf\":{\"@id\":\"https:\\\/\\\/www.eldigitaldeasturias.com\\\/noticias\\\/bruselas-pone-el-ojo-en-el-incumplimiento-de-espana-en-el-tratamiento-de-aguas-en-gijon\\\/#webpage\"},\"articleSection\":\"Sociedad\"},{\"@type\":\"BreadcrumbList\",\"@id\":\"https:\\\/\\\/www.eldigitaldeasturias.com\\\/noticias\\\/bruselas-pone-el-ojo-en-el-incumplimiento-de-espana-en-el-tratamiento-de-aguas-en-gijon\\\/#breadcrumblist\",\"itemListElement\":[{\"@type\":\"ListItem\",\"@id\":\"https:\\\/\\\/www.eldigitaldeasturias.com\\\/noticias#listItem\",\"position\":1,\"name\":\"Home\",\"item\":\"https:\\\/\\\/www.eldigitaldeasturias.com\\\/noticias\",\"nextItem\":{\"@type\":\"ListItem\",\"@id\":\"https:\\\/\\\/www.eldigitaldeasturias.com\\\/noticias\\\/category\\\/sociedad\\\/#listItem\",\"name\":\"Sociedad\"}},{\"@type\":\"ListItem\",\"@id\":\"https:\\\/\\\/www.eldigitaldeasturias.com\\\/noticias\\\/category\\\/sociedad\\\/#listItem\",\"position\":2,\"name\":\"Sociedad\",\"item\":\"https:\\\/\\\/www.eldigitaldeasturias.com\\\/noticias\\\/category\\\/sociedad\\\/\",\"nextItem\":{\"@type\":\"ListItem\",\"@id\":\"https:\\\/\\\/www.eldigitaldeasturias.com\\\/noticias\\\/bruselas-pone-el-ojo-en-el-incumplimiento-de-espana-en-el-tratamiento-de-aguas-en-gijon\\\/#listItem\",\"name\":\"Bruselas pone el \\u201cojo\\u201d en el \\u00abincumplimiento\\u00bb de Espa\\u00f1a en el tratamiento de aguas en Gij\\u00f3n\"},\"previousItem\":{\"@type\":\"ListItem\",\"@id\":\"https:\\\/\\\/www.eldigitaldeasturias.com\\\/noticias#listItem\",\"name\":\"Home\"}},{\"@type\":\"ListItem\",\"@id\":\"https:\\\/\\\/www.eldigitaldeasturias.com\\\/noticias\\\/bruselas-pone-el-ojo-en-el-incumplimiento-de-espana-en-el-tratamiento-de-aguas-en-gijon\\\/#listItem\",\"position\":3,\"name\":\"Bruselas pone el \\u201cojo\\u201d en el \\u00abincumplimiento\\u00bb de Espa\\u00f1a en el tratamiento de aguas en Gij\\u00f3n\",\"previousItem\":{\"@type\":\"ListItem\",\"@id\":\"https:\\\/\\\/www.eldigitaldeasturias.com\\\/noticias\\\/category\\\/sociedad\\\/#listItem\",\"name\":\"Sociedad\"}}]},{\"@type\":\"Organization\",\"@id\":\"https:\\\/\\\/www.eldigitaldeasturias.com\\\/noticias\\\/#organization\",\"name\":\"El Digital de Asturias\",\"description\":\"Hemeroteca\",\"url\":\"https:\\\/\\\/www.eldigitaldeasturias.com\\\/noticias\\\/\",\"email\":\"info@eldigitaldeasturias.com\",\"telephone\":\"+34652131393\",\"logo\":{\"@type\":\"ImageObject\",\"url\":\"https:\\\/\\\/www.eldigitaldeasturias.com\\\/noticias\\\/wp-content\\\/uploads\\\/2020\\\/12\\\/EDA.jpg\",\"@id\":\"https:\\\/\\\/www.eldigitaldeasturias.com\\\/noticias\\\/bruselas-pone-el-ojo-en-el-incumplimiento-de-espana-en-el-tratamiento-de-aguas-en-gijon\\\/#organizationLogo\",\"width\":649,\"height\":297},\"image\":{\"@id\":\"https:\\\/\\\/www.eldigitaldeasturias.com\\\/noticias\\\/bruselas-pone-el-ojo-en-el-incumplimiento-de-espana-en-el-tratamiento-de-aguas-en-gijon\\\/#organizationLogo\"},\"sameAs\":[\"https:\\\/\\\/facebook.com\\\/eldigitaldeasturias\",\"https:\\\/\\\/www.youtube.com\\\/channel\\\/UCZP-2wLEB9Rv6erhFmqVnvg\"],\"address\":{\"@id\":\"https:\\\/\\\/www.eldigitaldeasturias.com\\\/noticias\\\/#postaladdress\",\"@type\":\"PostalAddress\",\"streetAddress\":\"san antonio 4,\",\"postalCode\":\"33430\",\"addressLocality\":\"Cand\\u00e1s\",\"addressRegion\":\"Asturias\",\"addressCountry\":\"ES\"}},{\"@type\":\"Person\",\"@id\":\"https:\\\/\\\/www.eldigitaldeasturias.com\\\/noticias\\\/author\\\/admin\\\/#author\",\"url\":\"https:\\\/\\\/www.eldigitaldeasturias.com\\\/noticias\\\/author\\\/admin\\\/\",\"name\":\"El Digital de Asturias\",\"image\":{\"@type\":\"ImageObject\",\"@id\":\"https:\\\/\\\/www.eldigitaldeasturias.com\\\/noticias\\\/bruselas-pone-el-ojo-en-el-incumplimiento-de-espana-en-el-tratamiento-de-aguas-en-gijon\\\/#authorImage\",\"url\":\"https:\\\/\\\/www.eldigitaldeasturias.com\\\/noticias\\\/wp-content\\\/litespeed\\\/avatar\\\/18677e78aa0546b92d9dbf31ec7d7668.jpg?ver=1777290358\",\"width\":96,\"height\":96,\"caption\":\"El Digital de Asturias\"}},{\"@type\":\"WebPage\",\"@id\":\"https:\\\/\\\/www.eldigitaldeasturias.com\\\/noticias\\\/bruselas-pone-el-ojo-en-el-incumplimiento-de-espana-en-el-tratamiento-de-aguas-en-gijon\\\/#webpage\",\"url\":\"https:\\\/\\\/www.eldigitaldeasturias.com\\\/noticias\\\/bruselas-pone-el-ojo-en-el-incumplimiento-de-espana-en-el-tratamiento-de-aguas-en-gijon\\\/\",\"name\":\"Bruselas pone el \\u201cojo\\u201d en el \\u00abincumplimiento\\u00bb de Espa\\u00f1a en el tratamiento de aguas en Gij\\u00f3n - El Digital de Asturias\",\"description\":\"El jefe de unidad de la Direcci\\u00f3n General de Medio Ambiente de la Comisi\\u00f3n Europea, Ion Codescu, ha remitido a Ecologistas en Acci\\u00f3n en Asturias una carta en la que se\\u00f1ala que contin\\u00faa un procedimiento contra Espa\\u00f1a por el \\\"incumplimiento\\\" de la sentencia por la falta de saneamiento de aguas residuales en Gij\\u00f3n Este y\",\"inLanguage\":\"es-ES\",\"isPartOf\":{\"@id\":\"https:\\\/\\\/www.eldigitaldeasturias.com\\\/noticias\\\/#website\"},\"breadcrumb\":{\"@id\":\"https:\\\/\\\/www.eldigitaldeasturias.com\\\/noticias\\\/bruselas-pone-el-ojo-en-el-incumplimiento-de-espana-en-el-tratamiento-de-aguas-en-gijon\\\/#breadcrumblist\"},\"author\":{\"@id\":\"https:\\\/\\\/www.eldigitaldeasturias.com\\\/noticias\\\/author\\\/admin\\\/#author\"},\"creator\":{\"@id\":\"https:\\\/\\\/www.eldigitaldeasturias.com\\\/noticias\\\/author\\\/admin\\\/#author\"},\"image\":{\"@type\":\"ImageObject\",\"url\":\"https:\\\/\\\/www.eldigitaldeasturias.com\\\/noticias\\\/wp-content\\\/uploads\\\/2016\\\/09\\\/fotonoticia_20160916124748_800.jpg\",\"@id\":\"https:\\\/\\\/www.eldigitaldeasturias.com\\\/noticias\\\/bruselas-pone-el-ojo-en-el-incumplimiento-de-espana-en-el-tratamiento-de-aguas-en-gijon\\\/#mainImage\",\"width\":800,\"height\":636},\"primaryImageOfPage\":{\"@id\":\"https:\\\/\\\/www.eldigitaldeasturias.com\\\/noticias\\\/bruselas-pone-el-ojo-en-el-incumplimiento-de-espana-en-el-tratamiento-de-aguas-en-gijon\\\/#mainImage\"},\"datePublished\":\"2016-09-17T00:24:14+02:00\",\"dateModified\":\"2016-09-17T00:24:14+02:00\"},{\"@type\":\"WebSite\",\"@id\":\"https:\\\/\\\/www.eldigitaldeasturias.com\\\/noticias\\\/#website\",\"url\":\"https:\\\/\\\/www.eldigitaldeasturias.com\\\/noticias\\\/\",\"name\":\"El Digital de Asturias - Diario de actualidad y noticias\",\"alternateName\":\"El Digital de Asturias - Diario de actualidad y noticias\",\"description\":\"Hemeroteca\",\"inLanguage\":\"es-ES\",\"publisher\":{\"@id\":\"https:\\\/\\\/www.eldigitaldeasturias.com\\\/noticias\\\/#organization\"}}]}\n\t\t<\/script>\n\t\t<!-- All in One SEO Pro -->\r\n\t\t<title>Bruselas pone el \u201cojo\u201d en el \u00abincumplimiento\u00bb de Espa\u00f1a en el tratamiento de aguas en Gij\u00f3n - El Digital de Asturias<\/title>\n\n","aioseo_head_json":{"title":"Bruselas pone el \u201cojo\u201d en el \u00abincumplimiento\u00bb de Espa\u00f1a en el tratamiento de aguas en Gij\u00f3n - El Digital de Asturias","description":"El jefe de unidad de la Direcci\u00f3n General de Medio Ambiente de la Comisi\u00f3n Europea, Ion Codescu, ha remitido a Ecologistas en Acci\u00f3n en Asturias una carta en la que se\u00f1ala que contin\u00faa un procedimiento contra Espa\u00f1a por el \"incumplimiento\" de la sentencia por la falta de saneamiento de aguas residuales en Gij\u00f3n Este y","canonical_url":"https:\/\/www.eldigitaldeasturias.com\/noticias\/bruselas-pone-el-ojo-en-el-incumplimiento-de-espana-en-el-tratamiento-de-aguas-en-gijon\/","robots":"max-image-preview:large","keywords":"sociedad","webmasterTools":{"google-site-verification":"UA-38556648-1","msvalidate.01":"7dfe9f3f1b24437ab69f4f2559babe99","miscellaneous":""},"schema":{"@context":"https:\/\/schema.org","@graph":[{"@type":"BlogPosting","@id":"https:\/\/www.eldigitaldeasturias.com\/noticias\/bruselas-pone-el-ojo-en-el-incumplimiento-de-espana-en-el-tratamiento-de-aguas-en-gijon\/#blogposting","name":"Bruselas pone el \u201cojo\u201d en el \u00abincumplimiento\u00bb de Espa\u00f1a en el tratamiento de aguas en Gij\u00f3n - El Digital de Asturias","headline":"Bruselas pone el \u201cojo\u201d en el \u00abincumplimiento\u00bb de Espa\u00f1a en el tratamiento de aguas en Gij\u00f3n","author":{"@id":"https:\/\/www.eldigitaldeasturias.com\/noticias\/author\/admin\/#author"},"publisher":{"@id":"https:\/\/www.eldigitaldeasturias.com\/noticias\/#organization"},"image":{"@type":"ImageObject","url":"https:\/\/www.eldigitaldeasturias.com\/noticias\/wp-content\/uploads\/2016\/09\/fotonoticia_20160916124748_800.jpg","width":800,"height":636},"datePublished":"2016-09-17T00:24:14+02:00","dateModified":"2016-09-17T00:24:14+02:00","inLanguage":"es-ES","mainEntityOfPage":{"@id":"https:\/\/www.eldigitaldeasturias.com\/noticias\/bruselas-pone-el-ojo-en-el-incumplimiento-de-espana-en-el-tratamiento-de-aguas-en-gijon\/#webpage"},"isPartOf":{"@id":"https:\/\/www.eldigitaldeasturias.com\/noticias\/bruselas-pone-el-ojo-en-el-incumplimiento-de-espana-en-el-tratamiento-de-aguas-en-gijon\/#webpage"},"articleSection":"Sociedad"},{"@type":"BreadcrumbList","@id":"https:\/\/www.eldigitaldeasturias.com\/noticias\/bruselas-pone-el-ojo-en-el-incumplimiento-de-espana-en-el-tratamiento-de-aguas-en-gijon\/#breadcrumblist","itemListElement":[{"@type":"ListItem","@id":"https:\/\/www.eldigitaldeasturias.com\/noticias#listItem","position":1,"name":"Home","item":"https:\/\/www.eldigitaldeasturias.com\/noticias","nextItem":{"@type":"ListItem","@id":"https:\/\/www.eldigitaldeasturias.com\/noticias\/category\/sociedad\/#listItem","name":"Sociedad"}},{"@type":"ListItem","@id":"https:\/\/www.eldigitaldeasturias.com\/noticias\/category\/sociedad\/#listItem","position":2,"name":"Sociedad","item":"https:\/\/www.eldigitaldeasturias.com\/noticias\/category\/sociedad\/","nextItem":{"@type":"ListItem","@id":"https:\/\/www.eldigitaldeasturias.com\/noticias\/bruselas-pone-el-ojo-en-el-incumplimiento-de-espana-en-el-tratamiento-de-aguas-en-gijon\/#listItem","name":"Bruselas pone el \u201cojo\u201d en el \u00abincumplimiento\u00bb de Espa\u00f1a en el tratamiento de aguas en Gij\u00f3n"},"previousItem":{"@type":"ListItem","@id":"https:\/\/www.eldigitaldeasturias.com\/noticias#listItem","name":"Home"}},{"@type":"ListItem","@id":"https:\/\/www.eldigitaldeasturias.com\/noticias\/bruselas-pone-el-ojo-en-el-incumplimiento-de-espana-en-el-tratamiento-de-aguas-en-gijon\/#listItem","position":3,"name":"Bruselas pone el \u201cojo\u201d en el \u00abincumplimiento\u00bb de Espa\u00f1a en el tratamiento de aguas en Gij\u00f3n","previousItem":{"@type":"ListItem","@id":"https:\/\/www.eldigitaldeasturias.com\/noticias\/category\/sociedad\/#listItem","name":"Sociedad"}}]},{"@type":"Organization","@id":"https:\/\/www.eldigitaldeasturias.com\/noticias\/#organization","name":"El Digital de Asturias","description":"Hemeroteca","url":"https:\/\/www.eldigitaldeasturias.com\/noticias\/","email":"info@eldigitaldeasturias.com","telephone":"+34652131393","logo":{"@type":"ImageObject","url":"https:\/\/www.eldigitaldeasturias.com\/noticias\/wp-content\/uploads\/2020\/12\/EDA.jpg","@id":"https:\/\/www.eldigitaldeasturias.com\/noticias\/bruselas-pone-el-ojo-en-el-incumplimiento-de-espana-en-el-tratamiento-de-aguas-en-gijon\/#organizationLogo","width":649,"height":297},"image":{"@id":"https:\/\/www.eldigitaldeasturias.com\/noticias\/bruselas-pone-el-ojo-en-el-incumplimiento-de-espana-en-el-tratamiento-de-aguas-en-gijon\/#organizationLogo"},"sameAs":["https:\/\/facebook.com\/eldigitaldeasturias","https:\/\/www.youtube.com\/channel\/UCZP-2wLEB9Rv6erhFmqVnvg"],"address":{"@id":"https:\/\/www.eldigitaldeasturias.com\/noticias\/#postaladdress","@type":"PostalAddress","streetAddress":"san antonio 4,","postalCode":"33430","addressLocality":"Cand\u00e1s","addressRegion":"Asturias","addressCountry":"ES"}},{"@type":"Person","@id":"https:\/\/www.eldigitaldeasturias.com\/noticias\/author\/admin\/#author","url":"https:\/\/www.eldigitaldeasturias.com\/noticias\/author\/admin\/","name":"El Digital de Asturias","image":{"@type":"ImageObject","@id":"https:\/\/www.eldigitaldeasturias.com\/noticias\/bruselas-pone-el-ojo-en-el-incumplimiento-de-espana-en-el-tratamiento-de-aguas-en-gijon\/#authorImage","url":"https:\/\/www.eldigitaldeasturias.com\/noticias\/wp-content\/litespeed\/avatar\/18677e78aa0546b92d9dbf31ec7d7668.jpg?ver=1777290358","width":96,"height":96,"caption":"El Digital de Asturias"}},{"@type":"WebPage","@id":"https:\/\/www.eldigitaldeasturias.com\/noticias\/bruselas-pone-el-ojo-en-el-incumplimiento-de-espana-en-el-tratamiento-de-aguas-en-gijon\/#webpage","url":"https:\/\/www.eldigitaldeasturias.com\/noticias\/bruselas-pone-el-ojo-en-el-incumplimiento-de-espana-en-el-tratamiento-de-aguas-en-gijon\/","name":"Bruselas pone el \u201cojo\u201d en el \u00abincumplimiento\u00bb de Espa\u00f1a en el tratamiento de aguas en Gij\u00f3n - El Digital de Asturias","description":"El jefe de unidad de la Direcci\u00f3n General de Medio Ambiente de la Comisi\u00f3n Europea, Ion Codescu, ha remitido a Ecologistas en Acci\u00f3n en Asturias una carta en la que se\u00f1ala que contin\u00faa un procedimiento contra Espa\u00f1a por el \"incumplimiento\" de la sentencia por la falta de saneamiento de aguas residuales en Gij\u00f3n Este y","inLanguage":"es-ES","isPartOf":{"@id":"https:\/\/www.eldigitaldeasturias.com\/noticias\/#website"},"breadcrumb":{"@id":"https:\/\/www.eldigitaldeasturias.com\/noticias\/bruselas-pone-el-ojo-en-el-incumplimiento-de-espana-en-el-tratamiento-de-aguas-en-gijon\/#breadcrumblist"},"author":{"@id":"https:\/\/www.eldigitaldeasturias.com\/noticias\/author\/admin\/#author"},"creator":{"@id":"https:\/\/www.eldigitaldeasturias.com\/noticias\/author\/admin\/#author"},"image":{"@type":"ImageObject","url":"https:\/\/www.eldigitaldeasturias.com\/noticias\/wp-content\/uploads\/2016\/09\/fotonoticia_20160916124748_800.jpg","@id":"https:\/\/www.eldigitaldeasturias.com\/noticias\/bruselas-pone-el-ojo-en-el-incumplimiento-de-espana-en-el-tratamiento-de-aguas-en-gijon\/#mainImage","width":800,"height":636},"primaryImageOfPage":{"@id":"https:\/\/www.eldigitaldeasturias.com\/noticias\/bruselas-pone-el-ojo-en-el-incumplimiento-de-espana-en-el-tratamiento-de-aguas-en-gijon\/#mainImage"},"datePublished":"2016-09-17T00:24:14+02:00","dateModified":"2016-09-17T00:24:14+02:00"},{"@type":"WebSite","@id":"https:\/\/www.eldigitaldeasturias.com\/noticias\/#website","url":"https:\/\/www.eldigitaldeasturias.com\/noticias\/","name":"El Digital de Asturias - Diario de actualidad y noticias","alternateName":"El Digital de Asturias - Diario de actualidad y noticias","description":"Hemeroteca","inLanguage":"es-ES","publisher":{"@id":"https:\/\/www.eldigitaldeasturias.com\/noticias\/#organization"}}]},"og:locale":"es_ES","og:site_name":"El Digital de Asturias","og:type":"article","og:title":"Bruselas pone el \u201cojo\u201d en el \u00abincumplimiento\u00bb de Espa\u00f1a en el tratamiento de aguas en Gij\u00f3n - El Digital de Asturias","og:description":"El jefe de unidad de la Direcci\u00f3n General de Medio Ambiente de la Comisi\u00f3n Europea, Ion Codescu, ha remitido a Ecologistas en Acci\u00f3n en Asturias una carta en la que se\u00f1ala que contin\u00faa un procedimiento contra Espa\u00f1a por el &quot;incumplimiento&quot; de la sentencia por la falta de saneamiento de aguas residuales en Gij\u00f3n Este y","og:url":"https:\/\/www.eldigitaldeasturias.com\/noticias\/bruselas-pone-el-ojo-en-el-incumplimiento-de-espana-en-el-tratamiento-de-aguas-en-gijon\/","og:image":"https:\/\/www.eldigitaldeasturias.com\/noticias\/wp-content\/uploads\/2016\/09\/fotonoticia_20160916124748_800.jpg","og:image:secure_url":"https:\/\/www.eldigitaldeasturias.com\/noticias\/wp-content\/uploads\/2016\/09\/fotonoticia_20160916124748_800.jpg","og:image:width":800,"og:image:height":636,"article:tag":["sociedad"],"article:published_time":"2016-09-16T23:24:14+00:00","article:modified_time":"2016-09-16T23:24:14+00:00","article:publisher":"https:\/\/facebook.com\/eldigitaldeasturias","twitter:card":"summary_large_image","twitter:title":"Bruselas pone el \u201cojo\u201d en el \u00abincumplimiento\u00bb de Espa\u00f1a en el tratamiento de aguas en Gij\u00f3n - El Digital de Asturias","twitter:description":"El jefe de unidad de la Direcci\u00f3n General de Medio Ambiente de la Comisi\u00f3n Europea, Ion Codescu, ha remitido a Ecologistas en Acci\u00f3n en Asturias una carta en la que se\u00f1ala que contin\u00faa un procedimiento contra Espa\u00f1a por el &quot;incumplimiento&quot; de la sentencia por la falta de saneamiento de aguas residuales en Gij\u00f3n Este y","twitter:image":"https:\/\/www.eldigitaldeasturias.com\/noticias\/wp-content\/uploads\/2016\/09\/fotonoticia_20160916124748_800.jpg","twitter:label1":"Escrito por","twitter:data1":"El Digital de Asturias","twitter:label2":"Tiempo de lectura estimado","twitter:data2":"1 minuto"},"aioseo_meta_data":{"post_id":"908065","title":null,"description":null,"keywords":null,"keyphrases":null,"primary_term":null,"canonical_url":null,"og_title":null,"og_description":null,"og_object_type":"default","og_image_type":"default","og_image_url":null,"og_image_width":null,"og_image_height":null,"og_image_custom_url":null,"og_image_custom_fields":null,"og_video":null,"og_custom_url":null,"og_article_section":null,"og_article_tags":null,"twitter_use_og":false,"twitter_card":"default","twitter_image_type":"default","twitter_image_url":null,"twitter_image_custom_url":null,"twitter_image_custom_fields":null,"twitter_title":null,"twitter_description":null,"schema":{"blockGraphs":[],"customGraphs":[],"default":{"data":{"Article":[],"Course":[],"Dataset":[],"FAQPage":[],"Movie":[],"Person":[],"Product":[],"ProductReview":[],"Car":[],"Recipe":[],"Service":[],"SoftwareApplication":[],"WebPage":[]},"graphName":"","isEnabled":true},"graphs":[],"defaultGraph":"","defaultPostTypeGraph":""},"schema_type":null,"schema_type_options":null,"pillar_content":false,"robots_default":true,"robots_noindex":false,"robots_noarchive":false,"robots_nosnippet":false,"robots_nofollow":false,"robots_noimageindex":false,"robots_noodp":false,"robots_notranslate":false,"robots_max_snippet":null,"robots_max_videopreview":null,"robots_max_imagepreview":"large","priority":null,"frequency":null,"local_seo":null,"seo_analyzer_scan_date":"2025-11-30 14:45:12","breadcrumb_settings":null,"limit_modified_date":false,"open_ai":null,"ai":null,"created":"2020-12-21 14:00:26","updated":"2025-11-30 14:45:12"},"aioseo_breadcrumb":"<div class=\"aioseo-breadcrumbs\"><span class=\"aioseo-breadcrumb\">\n\t<a href=\"https:\/\/www.eldigitaldeasturias.com\/noticias\" title=\"Home\">Home<\/a>\n<\/span><span class=\"aioseo-breadcrumb-separator\">\u2013<\/span><span class=\"aioseo-breadcrumb\">\n\t<a href=\"https:\/\/www.eldigitaldeasturias.com\/noticias\/category\/sociedad\/\" title=\"Sociedad\">Sociedad<\/a>\n<\/span><span class=\"aioseo-breadcrumb-separator\">\u2013<\/span><span class=\"aioseo-breadcrumb\">\n\t<a href=\"https:\/\/www.eldigitaldeasturias.com\/noticias\/bruselas-pone-el-ojo-en-el-incumplimiento-de-espana-en-el-tratamiento-de-aguas-en-gijon\/\" title=\"Bruselas pone el \u201cojo\u201d en el \u00abincumplimiento\u00bb de Espa\u00f1a en el tratamiento de aguas en Gij\u00f3n\">Bruselas pone el \u201cojo\u201d en el \u00abincumplimiento\u00bb de Espa\u00f1a en el tratamiento de aguas en Gij\u00f3n<\/a>\n<\/span><\/div>","aioseo_breadcrumb_json":[{"label":"Home","link":"https:\/\/www.eldigitaldeasturias.com\/noticias"},{"label":"Sociedad","link":"https:\/\/www.eldigitaldeasturias.com\/noticias\/category\/sociedad\/"},{"label":"Bruselas pone el \u201cojo\u201d en el \u00abincumplimiento\u00bb de Espa\u00f1a en el tratamiento de aguas en Gij\u00f3n","link":"https:\/\/www.eldigitaldeasturias.com\/noticias\/bruselas-pone-el-ojo-en-el-incumplimiento-de-espana-en-el-tratamiento-de-aguas-en-gijon\/"}],"_links":{"self":[{"href":"https:\/\/www.eldigitaldeasturias.com\/noticias\/wp-json\/wp\/v2\/posts\/908065","targetHints":{"allow":["GET"]}}],"collection":[{"href":"https:\/\/www.eldigitaldeasturias.com\/noticias\/wp-json\/wp\/v2\/posts"}],"about":[{"href":"https:\/\/www.eldigitaldeasturias.com\/noticias\/wp-json\/wp\/v2\/types\/post"}],"author":[{"embeddable":true,"href":"https:\/\/www.eldigitaldeasturias.com\/noticias\/wp-json\/wp\/v2\/users\/1"}],"replies":[{"embeddable":true,"href":"https:\/\/www.eldigitaldeasturias.com\/noticias\/wp-json\/wp\/v2\/comments?post=908065"}],"version-history":[{"count":0,"href":"https:\/\/www.eldigitaldeasturias.com\/noticias\/wp-json\/wp\/v2\/posts\/908065\/revisions"}],"wp:featuredmedia":[{"embeddable":true,"href":"https:\/\/www.eldigitaldeasturias.com\/noticias\/wp-json\/wp\/v2\/media\/908066"}],"wp:attachment":[{"href":"https:\/\/www.eldigitaldeasturias.com\/noticias\/wp-json\/wp\/v2\/media?parent=908065"}],"wp:term":[{"taxonomy":"category","embeddable":true,"href":"https:\/\/www.eldigitaldeasturias.com\/noticias\/wp-json\/wp\/v2\/categories?post=908065"},{"taxonomy":"post_tag","embeddable":true,"href":"https:\/\/www.eldigitaldeasturias.com\/noticias\/wp-json\/wp\/v2\/tags?post=908065"}],"curies":[{"name":"wp","href":"https:\/\/api.w.org\/{rel}","templated":true}]}}