{"id":908007,"date":"2016-09-16T15:01:16","date_gmt":"2016-09-16T14:01:16","guid":{"rendered":"http:\/\/www.eldigitaldeasturias.com\/noticias\/?p=908007"},"modified":"2016-09-16T15:01:16","modified_gmt":"2016-09-16T14:01:16","slug":"comienza-san-mateo-2016-en-oviedo","status":"publish","type":"post","link":"https:\/\/www.eldigitaldeasturias.com\/noticias\/comienza-san-mateo-2016-en-oviedo\/","title":{"rendered":"Comienza San Mateo 2016 en Oviedo"},"content":{"rendered":"<p><img loading=\"lazy\" decoding=\"async\" class=\"alignleft size-medium wp-image-908008\" src=\"https:\/\/www.eldigitaldeasturias.com\/noticias\/wp-content\/uploads\/2016\/09\/viernes-16-320x320.jpg\" alt=\"viernes 16\" width=\"320\" height=\"320\" srcset=\"https:\/\/www.eldigitaldeasturias.com\/noticias\/wp-content\/uploads\/2016\/09\/viernes-16-320x320.jpg 320w, https:\/\/www.eldigitaldeasturias.com\/noticias\/wp-content\/uploads\/2016\/09\/viernes-16-300x300.jpg 300w, https:\/\/www.eldigitaldeasturias.com\/noticias\/wp-content\/uploads\/2016\/09\/viernes-16-768x768.jpg 768w, https:\/\/www.eldigitaldeasturias.com\/noticias\/wp-content\/uploads\/2016\/09\/viernes-16-650x650.jpg 650w, https:\/\/www.eldigitaldeasturias.com\/noticias\/wp-content\/uploads\/2016\/09\/viernes-16-50x50.jpg 50w, https:\/\/www.eldigitaldeasturias.com\/noticias\/wp-content\/uploads\/2016\/09\/viernes-16-90x90.jpg 90w, https:\/\/www.eldigitaldeasturias.com\/noticias\/wp-content\/uploads\/2016\/09\/viernes-16.jpg 1500w\" sizes=\"auto, (max-width: 320px) 100vw, 320px\" \/>Este viernes arranca las esperadas fiestas de San Mateo, y aunque oficialmente el pistoletazo de salida no sonar\u00e1 hasta las 20:00 horas, los m\u00e1s peque\u00f1os podr\u00e1n empezar a disfrutar antes del ambiente festivo en el Campo San Francisco. De 17:00 a 20:00 horas podr\u00e1n montar en el tren infantil y en los carruseles celta y de chatarra as\u00ed como disfrutar con La Petite Caravane de \u00abLas gemelas de palacio\u00bb. A las 17:30 horas, comenzar\u00e1 en el estanque de Covadonga, el espect\u00e1culo de t\u00edteres \u00abPor la verde rama del verde peral\u00bb. Una hora despu\u00e9s, en el Paseo del Angel\u00edn, se proyectar\u00e1 la pel\u00edcula \u00abUna amistad inolvidable\u00bb. La programaci\u00f3n infantil culminar\u00e1 a las 19:00 horas, en el Paseo de la Rosaleda, con el espect\u00e1culo Eco21.<\/p>\n<p>El preg\u00f3n de las fiestas de San Mateo 2016 correr\u00e1 a cargo del Alcalde de Santiago de Compostela, Marti\u00f1o Noriega. El primer edil gallego lo leer\u00e1, a las 20:00 horas, desde el balc\u00f3n del Ayuntamiento, acompa\u00f1ado de una int\u00e9rprete de lengua de signos. A continuaci\u00f3n, la cantante Diana Navarro, que actuar\u00e1 tambi\u00e9n en la plaza de la Catedral esta primera noche de San Mateo, ser\u00e1 la encargada de lanzar el chupinazo de inicio de las fiestas. La ceremonia contar\u00e1 con novedades y comenzar\u00e1, en torno a las 19.30 en los alrededores de la plaza de Trascorrales.<\/p>\n<p>Los gigantes Pin\u00f3n, Telva y tambi\u00e9n Pin\u00edn comenzar\u00e1n un recorrido por el casco antiguo mientras que los actores que los encarnan: Miguel Prendes (Pin\u00f3n); Ana Vig\u00f3n (Telva) y Fabi\u00e1n Castro (Pin\u00edn) protagonizar\u00e1n, en la calle, escenas de car\u00e1cter costumbrista, hasta llegar a la plaza del Ayuntamiento, donde se topar\u00e1n con sus recreaciones. El periodista radiof\u00f3nico Luciano Garc\u00eda, presentador de la ceremonia, invitar\u00e1 al modo de un pregonero antiguo, a los actores a \u2018subir&#8217; al sal\u00f3n de plenos para seguir de cerca la apertura de San Mateo 2016.<\/p>\n<p>Una vez inauguradas oficialmente las fiestas, a las 20:30 horas, Carlos Sobera, Marta Torn\u00e9, Javier Ant\u00f3n y Guillermo Ortega se subir\u00e1n a las tablas del Filarm\u00f3nica para abrir el ciclo de teatro de San Mateo con la obra \u00abEl Ministro\u00bb. La producci\u00f3n, de Pentaci\u00f3n Espect\u00e1culos, narra c\u00f3mo un ministro de econom\u00eda, \u00e1vido de poder pol\u00edtico y personal se lanza a la conquista de una bella mujer treinta a\u00f1os m\u00e1s joven, y profesora de franc\u00e9s de sus hijos. Ma\u00f1ana s\u00e1bado, habr\u00e1 dos nuevos pases, a las 20:00 y 22:30 horas, para disfrutar de esta obra.<\/p>\n<p><strong>Actuaciones musicales<\/strong><\/p>\n<p>La fiestas de San Mateo tiene este a\u00f1o un claro car\u00e1cter musical, por lo que se podr\u00e1 disfrutar de numerosas actuaciones en diversos escenarios. La plaza Feijoo acoger\u00e1 desde hoy a las 22:30 horas, el XIX Concurso de Rock Ciudad de Oviedo-Alejandro Blanco \u00abEspina\u00bb. En esta primera jornada el grupo invitado ser\u00e1 Mota Blues.<\/p>\n<p>A partir de las 23:00 horas, el grupo Felpeyu ser\u00e1 el encargado de inaugurar el escenario en la plaza del Paraguas, mientras que en el Paseo del Bomb\u00e9 se podr\u00e1 disfrutar de la actuaci\u00f3n de la Orquesta Cuarta Calle.<\/p>\n<p>Jer\u00f3nimo Granda, la Banda de M\u00fasica Ciudad de Oviedo y la Banda Sinf\u00f3nica Infantil y Juvenil del Principado de Asturias ser\u00e1n los primeros en subirse al escenario de la Plaza de la Catedral en torno a las 21:00 horas. Recoger\u00e1 el testigo, a las 23:15 horas, la cantante Diana Navarro, mientras que Macaco ser\u00e1 el encargado de escribir el punto y final a esta primera noche de fiestas. Su actuaci\u00f3n comenzar\u00e1 en torno a la 01:30 horas.<\/p>\n<p>FUENTE AYTO OVIEDO.<\/p>\n<p>&nbsp;<\/p>\n","protected":false},"excerpt":{"rendered":"<p>Este viernes arranca las esperadas fiestas de San Mateo, y aunque oficialmente el pistoletazo de salida no sonar\u00e1 hasta las 20:00 horas, los m\u00e1s peque\u00f1os podr\u00e1n empezar a disfrutar antes del ambiente festivo en el Campo San Francisco. De 17:00 a 20:00 horas podr\u00e1n montar en el tren infantil y en los carruseles celta y [&hellip;]<\/p>\n","protected":false},"author":1,"featured_media":908008,"comment_status":"closed","ping_status":"closed","sticky":false,"template":"","format":"standard","meta":{"footnotes":""},"categories":[50],"tags":[],"class_list":["post-908007","post","type-post","status-publish","format-standard","has-post-thumbnail","hentry","category-revista-de-ocio"],"aioseo_notices":[],"aioseo_head":"\n\t\t<!-- All in One SEO Pro 4.9.6.2 - aioseo.com -->\n\t<meta name=\"description\" content=\"Este viernes arranca las esperadas fiestas de San Mateo, y aunque oficialmente el pistoletazo de salida no sonar\u00e1 hasta las 20:00 horas, los m\u00e1s peque\u00f1os podr\u00e1n empezar a disfrutar antes del ambiente festivo en el Campo San Francisco. De 17:00 a 20:00 horas podr\u00e1n montar en el tren infantil y en los carruseles celta y\" \/>\n\t<meta name=\"robots\" content=\"max-image-preview:large\" \/>\n\t<meta name=\"author\" content=\"El Digital de Asturias\"\/>\n\t<meta name=\"google-site-verification\" content=\"UA-38556648-1\" \/>\n\t<meta name=\"msvalidate.01\" content=\"7dfe9f3f1b24437ab69f4f2559babe99\" \/>\n\t<meta name=\"keywords\" content=\"revista de ocio\" \/>\n\t<link rel=\"canonical\" href=\"https:\/\/www.eldigitaldeasturias.com\/noticias\/comienza-san-mateo-2016-en-oviedo\/\" \/>\n\t<meta name=\"generator\" content=\"All in One SEO Pro (AIOSEO) 4.9.6.2\" \/>\n\t\t<meta property=\"og:locale\" content=\"es_ES\" \/>\n\t\t<meta property=\"og:site_name\" content=\"El Digital de Asturias\" \/>\n\t\t<meta property=\"og:type\" content=\"article\" \/>\n\t\t<meta property=\"og:title\" content=\"Comienza San Mateo 2016 en Oviedo - El Digital de Asturias\" \/>\n\t\t<meta property=\"og:description\" content=\"Este viernes arranca las esperadas fiestas de San Mateo, y aunque oficialmente el pistoletazo de salida no sonar\u00e1 hasta las 20:00 horas, los m\u00e1s peque\u00f1os podr\u00e1n empezar a disfrutar antes del ambiente festivo en el Campo San Francisco. De 17:00 a 20:00 horas podr\u00e1n montar en el tren infantil y en los carruseles celta y\" \/>\n\t\t<meta property=\"og:url\" content=\"https:\/\/www.eldigitaldeasturias.com\/noticias\/comienza-san-mateo-2016-en-oviedo\/\" \/>\n\t\t<meta property=\"og:image\" content=\"https:\/\/www.eldigitaldeasturias.com\/noticias\/wp-content\/uploads\/2016\/09\/viernes-16.jpg\" \/>\n\t\t<meta property=\"og:image:secure_url\" content=\"https:\/\/www.eldigitaldeasturias.com\/noticias\/wp-content\/uploads\/2016\/09\/viernes-16.jpg\" \/>\n\t\t<meta property=\"og:image:width\" content=\"1500\" \/>\n\t\t<meta property=\"og:image:height\" content=\"1500\" \/>\n\t\t<meta property=\"article:tag\" content=\"revista de ocio\" \/>\n\t\t<meta property=\"article:published_time\" content=\"2016-09-16T14:01:16+00:00\" \/>\n\t\t<meta property=\"article:modified_time\" content=\"2016-09-16T14:01:16+00:00\" \/>\n\t\t<meta property=\"article:publisher\" content=\"https:\/\/facebook.com\/eldigitaldeasturias\" \/>\n\t\t<meta name=\"twitter:card\" content=\"summary_large_image\" \/>\n\t\t<meta name=\"twitter:title\" content=\"Comienza San Mateo 2016 en Oviedo - El Digital de Asturias\" \/>\n\t\t<meta name=\"twitter:description\" content=\"Este viernes arranca las esperadas fiestas de San Mateo, y aunque oficialmente el pistoletazo de salida no sonar\u00e1 hasta las 20:00 horas, los m\u00e1s peque\u00f1os podr\u00e1n empezar a disfrutar antes del ambiente festivo en el Campo San Francisco. De 17:00 a 20:00 horas podr\u00e1n montar en el tren infantil y en los carruseles celta y\" \/>\n\t\t<meta name=\"twitter:image\" content=\"https:\/\/www.eldigitaldeasturias.com\/noticias\/wp-content\/uploads\/2016\/09\/viernes-16.jpg\" \/>\n\t\t<meta name=\"twitter:label1\" content=\"Escrito por\" \/>\n\t\t<meta name=\"twitter:data1\" content=\"El Digital de Asturias\" \/>\n\t\t<meta name=\"twitter:label2\" content=\"Tiempo de lectura estimado\" \/>\n\t\t<meta name=\"twitter:data2\" content=\"3 minutos\" \/>\n\t\t<script type=\"application\/ld+json\" class=\"aioseo-schema\">\n\t\t\t{\"@context\":\"https:\\\/\\\/schema.org\",\"@graph\":[{\"@type\":\"BlogPosting\",\"@id\":\"https:\\\/\\\/www.eldigitaldeasturias.com\\\/noticias\\\/comienza-san-mateo-2016-en-oviedo\\\/#blogposting\",\"name\":\"Comienza San Mateo 2016 en Oviedo - El Digital de Asturias\",\"headline\":\"Comienza San Mateo 2016 en Oviedo\",\"author\":{\"@id\":\"https:\\\/\\\/www.eldigitaldeasturias.com\\\/noticias\\\/author\\\/admin\\\/#author\"},\"publisher\":{\"@id\":\"https:\\\/\\\/www.eldigitaldeasturias.com\\\/noticias\\\/#organization\"},\"image\":{\"@type\":\"ImageObject\",\"url\":\"https:\\\/\\\/www.eldigitaldeasturias.com\\\/noticias\\\/wp-content\\\/uploads\\\/2016\\\/09\\\/viernes-16.jpg\",\"width\":1500,\"height\":1500},\"datePublished\":\"2016-09-16T15:01:16+02:00\",\"dateModified\":\"2016-09-16T15:01:16+02:00\",\"inLanguage\":\"es-ES\",\"mainEntityOfPage\":{\"@id\":\"https:\\\/\\\/www.eldigitaldeasturias.com\\\/noticias\\\/comienza-san-mateo-2016-en-oviedo\\\/#webpage\"},\"isPartOf\":{\"@id\":\"https:\\\/\\\/www.eldigitaldeasturias.com\\\/noticias\\\/comienza-san-mateo-2016-en-oviedo\\\/#webpage\"},\"articleSection\":\"Revista de Ocio\"},{\"@type\":\"BreadcrumbList\",\"@id\":\"https:\\\/\\\/www.eldigitaldeasturias.com\\\/noticias\\\/comienza-san-mateo-2016-en-oviedo\\\/#breadcrumblist\",\"itemListElement\":[{\"@type\":\"ListItem\",\"@id\":\"https:\\\/\\\/www.eldigitaldeasturias.com\\\/noticias#listItem\",\"position\":1,\"name\":\"Home\",\"item\":\"https:\\\/\\\/www.eldigitaldeasturias.com\\\/noticias\",\"nextItem\":{\"@type\":\"ListItem\",\"@id\":\"https:\\\/\\\/www.eldigitaldeasturias.com\\\/noticias\\\/category\\\/revista-de-ocio\\\/#listItem\",\"name\":\"Revista de Ocio\"}},{\"@type\":\"ListItem\",\"@id\":\"https:\\\/\\\/www.eldigitaldeasturias.com\\\/noticias\\\/category\\\/revista-de-ocio\\\/#listItem\",\"position\":2,\"name\":\"Revista de Ocio\",\"item\":\"https:\\\/\\\/www.eldigitaldeasturias.com\\\/noticias\\\/category\\\/revista-de-ocio\\\/\",\"nextItem\":{\"@type\":\"ListItem\",\"@id\":\"https:\\\/\\\/www.eldigitaldeasturias.com\\\/noticias\\\/comienza-san-mateo-2016-en-oviedo\\\/#listItem\",\"name\":\"Comienza San Mateo 2016 en Oviedo\"},\"previousItem\":{\"@type\":\"ListItem\",\"@id\":\"https:\\\/\\\/www.eldigitaldeasturias.com\\\/noticias#listItem\",\"name\":\"Home\"}},{\"@type\":\"ListItem\",\"@id\":\"https:\\\/\\\/www.eldigitaldeasturias.com\\\/noticias\\\/comienza-san-mateo-2016-en-oviedo\\\/#listItem\",\"position\":3,\"name\":\"Comienza San Mateo 2016 en Oviedo\",\"previousItem\":{\"@type\":\"ListItem\",\"@id\":\"https:\\\/\\\/www.eldigitaldeasturias.com\\\/noticias\\\/category\\\/revista-de-ocio\\\/#listItem\",\"name\":\"Revista de Ocio\"}}]},{\"@type\":\"Organization\",\"@id\":\"https:\\\/\\\/www.eldigitaldeasturias.com\\\/noticias\\\/#organization\",\"name\":\"El Digital de Asturias\",\"description\":\"Hemeroteca\",\"url\":\"https:\\\/\\\/www.eldigitaldeasturias.com\\\/noticias\\\/\",\"email\":\"info@eldigitaldeasturias.com\",\"telephone\":\"+34652131393\",\"logo\":{\"@type\":\"ImageObject\",\"url\":\"https:\\\/\\\/www.eldigitaldeasturias.com\\\/noticias\\\/wp-content\\\/uploads\\\/2020\\\/12\\\/EDA.jpg\",\"@id\":\"https:\\\/\\\/www.eldigitaldeasturias.com\\\/noticias\\\/comienza-san-mateo-2016-en-oviedo\\\/#organizationLogo\",\"width\":649,\"height\":297},\"image\":{\"@id\":\"https:\\\/\\\/www.eldigitaldeasturias.com\\\/noticias\\\/comienza-san-mateo-2016-en-oviedo\\\/#organizationLogo\"},\"sameAs\":[\"https:\\\/\\\/facebook.com\\\/eldigitaldeasturias\",\"https:\\\/\\\/www.youtube.com\\\/channel\\\/UCZP-2wLEB9Rv6erhFmqVnvg\"],\"address\":{\"@id\":\"https:\\\/\\\/www.eldigitaldeasturias.com\\\/noticias\\\/#postaladdress\",\"@type\":\"PostalAddress\",\"streetAddress\":\"san antonio 4,\",\"postalCode\":\"33430\",\"addressLocality\":\"Cand\\u00e1s\",\"addressRegion\":\"Asturias\",\"addressCountry\":\"ES\"}},{\"@type\":\"Person\",\"@id\":\"https:\\\/\\\/www.eldigitaldeasturias.com\\\/noticias\\\/author\\\/admin\\\/#author\",\"url\":\"https:\\\/\\\/www.eldigitaldeasturias.com\\\/noticias\\\/author\\\/admin\\\/\",\"name\":\"El Digital de Asturias\",\"image\":{\"@type\":\"ImageObject\",\"@id\":\"https:\\\/\\\/www.eldigitaldeasturias.com\\\/noticias\\\/comienza-san-mateo-2016-en-oviedo\\\/#authorImage\",\"url\":\"https:\\\/\\\/www.eldigitaldeasturias.com\\\/noticias\\\/wp-content\\\/litespeed\\\/avatar\\\/18677e78aa0546b92d9dbf31ec7d7668.jpg?ver=1776685526\",\"width\":96,\"height\":96,\"caption\":\"El Digital de Asturias\"}},{\"@type\":\"WebPage\",\"@id\":\"https:\\\/\\\/www.eldigitaldeasturias.com\\\/noticias\\\/comienza-san-mateo-2016-en-oviedo\\\/#webpage\",\"url\":\"https:\\\/\\\/www.eldigitaldeasturias.com\\\/noticias\\\/comienza-san-mateo-2016-en-oviedo\\\/\",\"name\":\"Comienza San Mateo 2016 en Oviedo - El Digital de Asturias\",\"description\":\"Este viernes arranca las esperadas fiestas de San Mateo, y aunque oficialmente el pistoletazo de salida no sonar\\u00e1 hasta las 20:00 horas, los m\\u00e1s peque\\u00f1os podr\\u00e1n empezar a disfrutar antes del ambiente festivo en el Campo San Francisco. De 17:00 a 20:00 horas podr\\u00e1n montar en el tren infantil y en los carruseles celta y\",\"inLanguage\":\"es-ES\",\"isPartOf\":{\"@id\":\"https:\\\/\\\/www.eldigitaldeasturias.com\\\/noticias\\\/#website\"},\"breadcrumb\":{\"@id\":\"https:\\\/\\\/www.eldigitaldeasturias.com\\\/noticias\\\/comienza-san-mateo-2016-en-oviedo\\\/#breadcrumblist\"},\"author\":{\"@id\":\"https:\\\/\\\/www.eldigitaldeasturias.com\\\/noticias\\\/author\\\/admin\\\/#author\"},\"creator\":{\"@id\":\"https:\\\/\\\/www.eldigitaldeasturias.com\\\/noticias\\\/author\\\/admin\\\/#author\"},\"image\":{\"@type\":\"ImageObject\",\"url\":\"https:\\\/\\\/www.eldigitaldeasturias.com\\\/noticias\\\/wp-content\\\/uploads\\\/2016\\\/09\\\/viernes-16.jpg\",\"@id\":\"https:\\\/\\\/www.eldigitaldeasturias.com\\\/noticias\\\/comienza-san-mateo-2016-en-oviedo\\\/#mainImage\",\"width\":1500,\"height\":1500},\"primaryImageOfPage\":{\"@id\":\"https:\\\/\\\/www.eldigitaldeasturias.com\\\/noticias\\\/comienza-san-mateo-2016-en-oviedo\\\/#mainImage\"},\"datePublished\":\"2016-09-16T15:01:16+02:00\",\"dateModified\":\"2016-09-16T15:01:16+02:00\"},{\"@type\":\"WebSite\",\"@id\":\"https:\\\/\\\/www.eldigitaldeasturias.com\\\/noticias\\\/#website\",\"url\":\"https:\\\/\\\/www.eldigitaldeasturias.com\\\/noticias\\\/\",\"name\":\"El Digital de Asturias - Diario de actualidad y noticias\",\"alternateName\":\"El Digital de Asturias - Diario de actualidad y noticias\",\"description\":\"Hemeroteca\",\"inLanguage\":\"es-ES\",\"publisher\":{\"@id\":\"https:\\\/\\\/www.eldigitaldeasturias.com\\\/noticias\\\/#organization\"}}]}\n\t\t<\/script>\n\t\t<!-- All in One SEO Pro -->\r\n\t\t<title>Comienza San Mateo 2016 en Oviedo - El Digital de Asturias<\/title>\n\n","aioseo_head_json":{"title":"Comienza San Mateo 2016 en Oviedo - El Digital de Asturias","description":"Este viernes arranca las esperadas fiestas de San Mateo, y aunque oficialmente el pistoletazo de salida no sonar\u00e1 hasta las 20:00 horas, los m\u00e1s peque\u00f1os podr\u00e1n empezar a disfrutar antes del ambiente festivo en el Campo San Francisco. De 17:00 a 20:00 horas podr\u00e1n montar en el tren infantil y en los carruseles celta y","canonical_url":"https:\/\/www.eldigitaldeasturias.com\/noticias\/comienza-san-mateo-2016-en-oviedo\/","robots":"max-image-preview:large","keywords":"revista de ocio","webmasterTools":{"google-site-verification":"UA-38556648-1","msvalidate.01":"7dfe9f3f1b24437ab69f4f2559babe99","miscellaneous":""},"schema":{"@context":"https:\/\/schema.org","@graph":[{"@type":"BlogPosting","@id":"https:\/\/www.eldigitaldeasturias.com\/noticias\/comienza-san-mateo-2016-en-oviedo\/#blogposting","name":"Comienza San Mateo 2016 en Oviedo - El Digital de Asturias","headline":"Comienza San Mateo 2016 en Oviedo","author":{"@id":"https:\/\/www.eldigitaldeasturias.com\/noticias\/author\/admin\/#author"},"publisher":{"@id":"https:\/\/www.eldigitaldeasturias.com\/noticias\/#organization"},"image":{"@type":"ImageObject","url":"https:\/\/www.eldigitaldeasturias.com\/noticias\/wp-content\/uploads\/2016\/09\/viernes-16.jpg","width":1500,"height":1500},"datePublished":"2016-09-16T15:01:16+02:00","dateModified":"2016-09-16T15:01:16+02:00","inLanguage":"es-ES","mainEntityOfPage":{"@id":"https:\/\/www.eldigitaldeasturias.com\/noticias\/comienza-san-mateo-2016-en-oviedo\/#webpage"},"isPartOf":{"@id":"https:\/\/www.eldigitaldeasturias.com\/noticias\/comienza-san-mateo-2016-en-oviedo\/#webpage"},"articleSection":"Revista de Ocio"},{"@type":"BreadcrumbList","@id":"https:\/\/www.eldigitaldeasturias.com\/noticias\/comienza-san-mateo-2016-en-oviedo\/#breadcrumblist","itemListElement":[{"@type":"ListItem","@id":"https:\/\/www.eldigitaldeasturias.com\/noticias#listItem","position":1,"name":"Home","item":"https:\/\/www.eldigitaldeasturias.com\/noticias","nextItem":{"@type":"ListItem","@id":"https:\/\/www.eldigitaldeasturias.com\/noticias\/category\/revista-de-ocio\/#listItem","name":"Revista de Ocio"}},{"@type":"ListItem","@id":"https:\/\/www.eldigitaldeasturias.com\/noticias\/category\/revista-de-ocio\/#listItem","position":2,"name":"Revista de Ocio","item":"https:\/\/www.eldigitaldeasturias.com\/noticias\/category\/revista-de-ocio\/","nextItem":{"@type":"ListItem","@id":"https:\/\/www.eldigitaldeasturias.com\/noticias\/comienza-san-mateo-2016-en-oviedo\/#listItem","name":"Comienza San Mateo 2016 en Oviedo"},"previousItem":{"@type":"ListItem","@id":"https:\/\/www.eldigitaldeasturias.com\/noticias#listItem","name":"Home"}},{"@type":"ListItem","@id":"https:\/\/www.eldigitaldeasturias.com\/noticias\/comienza-san-mateo-2016-en-oviedo\/#listItem","position":3,"name":"Comienza San Mateo 2016 en Oviedo","previousItem":{"@type":"ListItem","@id":"https:\/\/www.eldigitaldeasturias.com\/noticias\/category\/revista-de-ocio\/#listItem","name":"Revista de Ocio"}}]},{"@type":"Organization","@id":"https:\/\/www.eldigitaldeasturias.com\/noticias\/#organization","name":"El Digital de Asturias","description":"Hemeroteca","url":"https:\/\/www.eldigitaldeasturias.com\/noticias\/","email":"info@eldigitaldeasturias.com","telephone":"+34652131393","logo":{"@type":"ImageObject","url":"https:\/\/www.eldigitaldeasturias.com\/noticias\/wp-content\/uploads\/2020\/12\/EDA.jpg","@id":"https:\/\/www.eldigitaldeasturias.com\/noticias\/comienza-san-mateo-2016-en-oviedo\/#organizationLogo","width":649,"height":297},"image":{"@id":"https:\/\/www.eldigitaldeasturias.com\/noticias\/comienza-san-mateo-2016-en-oviedo\/#organizationLogo"},"sameAs":["https:\/\/facebook.com\/eldigitaldeasturias","https:\/\/www.youtube.com\/channel\/UCZP-2wLEB9Rv6erhFmqVnvg"],"address":{"@id":"https:\/\/www.eldigitaldeasturias.com\/noticias\/#postaladdress","@type":"PostalAddress","streetAddress":"san antonio 4,","postalCode":"33430","addressLocality":"Cand\u00e1s","addressRegion":"Asturias","addressCountry":"ES"}},{"@type":"Person","@id":"https:\/\/www.eldigitaldeasturias.com\/noticias\/author\/admin\/#author","url":"https:\/\/www.eldigitaldeasturias.com\/noticias\/author\/admin\/","name":"El Digital de Asturias","image":{"@type":"ImageObject","@id":"https:\/\/www.eldigitaldeasturias.com\/noticias\/comienza-san-mateo-2016-en-oviedo\/#authorImage","url":"https:\/\/www.eldigitaldeasturias.com\/noticias\/wp-content\/litespeed\/avatar\/18677e78aa0546b92d9dbf31ec7d7668.jpg?ver=1776685526","width":96,"height":96,"caption":"El Digital de Asturias"}},{"@type":"WebPage","@id":"https:\/\/www.eldigitaldeasturias.com\/noticias\/comienza-san-mateo-2016-en-oviedo\/#webpage","url":"https:\/\/www.eldigitaldeasturias.com\/noticias\/comienza-san-mateo-2016-en-oviedo\/","name":"Comienza San Mateo 2016 en Oviedo - El Digital de Asturias","description":"Este viernes arranca las esperadas fiestas de San Mateo, y aunque oficialmente el pistoletazo de salida no sonar\u00e1 hasta las 20:00 horas, los m\u00e1s peque\u00f1os podr\u00e1n empezar a disfrutar antes del ambiente festivo en el Campo San Francisco. De 17:00 a 20:00 horas podr\u00e1n montar en el tren infantil y en los carruseles celta y","inLanguage":"es-ES","isPartOf":{"@id":"https:\/\/www.eldigitaldeasturias.com\/noticias\/#website"},"breadcrumb":{"@id":"https:\/\/www.eldigitaldeasturias.com\/noticias\/comienza-san-mateo-2016-en-oviedo\/#breadcrumblist"},"author":{"@id":"https:\/\/www.eldigitaldeasturias.com\/noticias\/author\/admin\/#author"},"creator":{"@id":"https:\/\/www.eldigitaldeasturias.com\/noticias\/author\/admin\/#author"},"image":{"@type":"ImageObject","url":"https:\/\/www.eldigitaldeasturias.com\/noticias\/wp-content\/uploads\/2016\/09\/viernes-16.jpg","@id":"https:\/\/www.eldigitaldeasturias.com\/noticias\/comienza-san-mateo-2016-en-oviedo\/#mainImage","width":1500,"height":1500},"primaryImageOfPage":{"@id":"https:\/\/www.eldigitaldeasturias.com\/noticias\/comienza-san-mateo-2016-en-oviedo\/#mainImage"},"datePublished":"2016-09-16T15:01:16+02:00","dateModified":"2016-09-16T15:01:16+02:00"},{"@type":"WebSite","@id":"https:\/\/www.eldigitaldeasturias.com\/noticias\/#website","url":"https:\/\/www.eldigitaldeasturias.com\/noticias\/","name":"El Digital de Asturias - Diario de actualidad y noticias","alternateName":"El Digital de Asturias - Diario de actualidad y noticias","description":"Hemeroteca","inLanguage":"es-ES","publisher":{"@id":"https:\/\/www.eldigitaldeasturias.com\/noticias\/#organization"}}]},"og:locale":"es_ES","og:site_name":"El Digital de Asturias","og:type":"article","og:title":"Comienza San Mateo 2016 en Oviedo - El Digital de Asturias","og:description":"Este viernes arranca las esperadas fiestas de San Mateo, y aunque oficialmente el pistoletazo de salida no sonar\u00e1 hasta las 20:00 horas, los m\u00e1s peque\u00f1os podr\u00e1n empezar a disfrutar antes del ambiente festivo en el Campo San Francisco. De 17:00 a 20:00 horas podr\u00e1n montar en el tren infantil y en los carruseles celta y","og:url":"https:\/\/www.eldigitaldeasturias.com\/noticias\/comienza-san-mateo-2016-en-oviedo\/","og:image":"https:\/\/www.eldigitaldeasturias.com\/noticias\/wp-content\/uploads\/2016\/09\/viernes-16.jpg","og:image:secure_url":"https:\/\/www.eldigitaldeasturias.com\/noticias\/wp-content\/uploads\/2016\/09\/viernes-16.jpg","og:image:width":1500,"og:image:height":1500,"article:tag":["revista de ocio"],"article:published_time":"2016-09-16T14:01:16+00:00","article:modified_time":"2016-09-16T14:01:16+00:00","article:publisher":"https:\/\/facebook.com\/eldigitaldeasturias","twitter:card":"summary_large_image","twitter:title":"Comienza San Mateo 2016 en Oviedo - El Digital de Asturias","twitter:description":"Este viernes arranca las esperadas fiestas de San Mateo, y aunque oficialmente el pistoletazo de salida no sonar\u00e1 hasta las 20:00 horas, los m\u00e1s peque\u00f1os podr\u00e1n empezar a disfrutar antes del ambiente festivo en el Campo San Francisco. De 17:00 a 20:00 horas podr\u00e1n montar en el tren infantil y en los carruseles celta y","twitter:image":"https:\/\/www.eldigitaldeasturias.com\/noticias\/wp-content\/uploads\/2016\/09\/viernes-16.jpg","twitter:label1":"Escrito por","twitter:data1":"El Digital de Asturias","twitter:label2":"Tiempo de lectura estimado","twitter:data2":"3 minutos"},"aioseo_meta_data":{"post_id":"908007","title":null,"description":null,"keywords":null,"keyphrases":null,"primary_term":null,"canonical_url":null,"og_title":null,"og_description":null,"og_object_type":"default","og_image_type":"default","og_image_url":null,"og_image_width":null,"og_image_height":null,"og_image_custom_url":null,"og_image_custom_fields":null,"og_video":null,"og_custom_url":null,"og_article_section":null,"og_article_tags":null,"twitter_use_og":false,"twitter_card":"default","twitter_image_type":"default","twitter_image_url":null,"twitter_image_custom_url":null,"twitter_image_custom_fields":null,"twitter_title":null,"twitter_description":null,"schema":{"blockGraphs":[],"customGraphs":[],"default":{"data":{"Article":[],"Course":[],"Dataset":[],"FAQPage":[],"Movie":[],"Person":[],"Product":[],"ProductReview":[],"Car":[],"Recipe":[],"Service":[],"SoftwareApplication":[],"WebPage":[]},"graphName":"","isEnabled":true},"graphs":[],"defaultGraph":"","defaultPostTypeGraph":""},"schema_type":null,"schema_type_options":null,"pillar_content":false,"robots_default":true,"robots_noindex":false,"robots_noarchive":false,"robots_nosnippet":false,"robots_nofollow":false,"robots_noimageindex":false,"robots_noodp":false,"robots_notranslate":false,"robots_max_snippet":null,"robots_max_videopreview":null,"robots_max_imagepreview":"large","priority":null,"frequency":null,"local_seo":null,"seo_analyzer_scan_date":"2025-11-30 14:32:56","breadcrumb_settings":null,"limit_modified_date":false,"open_ai":null,"ai":null,"created":"2020-12-21 14:00:26","updated":"2025-11-30 14:32:56"},"aioseo_breadcrumb":"<div class=\"aioseo-breadcrumbs\"><span class=\"aioseo-breadcrumb\">\n\t<a href=\"https:\/\/www.eldigitaldeasturias.com\/noticias\" title=\"Home\">Home<\/a>\n<\/span><span class=\"aioseo-breadcrumb-separator\">\u2013<\/span><span class=\"aioseo-breadcrumb\">\n\t<a href=\"https:\/\/www.eldigitaldeasturias.com\/noticias\/category\/revista-de-ocio\/\" title=\"Revista de Ocio\">Revista de Ocio<\/a>\n<\/span><span class=\"aioseo-breadcrumb-separator\">\u2013<\/span><span class=\"aioseo-breadcrumb\">\n\t<a href=\"https:\/\/www.eldigitaldeasturias.com\/noticias\/comienza-san-mateo-2016-en-oviedo\/\" title=\"Comienza San Mateo 2016 en Oviedo\">Comienza San Mateo 2016 en Oviedo<\/a>\n<\/span><\/div>","aioseo_breadcrumb_json":[{"label":"Home","link":"https:\/\/www.eldigitaldeasturias.com\/noticias"},{"label":"Revista de Ocio","link":"https:\/\/www.eldigitaldeasturias.com\/noticias\/category\/revista-de-ocio\/"},{"label":"Comienza San Mateo 2016 en Oviedo","link":"https:\/\/www.eldigitaldeasturias.com\/noticias\/comienza-san-mateo-2016-en-oviedo\/"}],"_links":{"self":[{"href":"https:\/\/www.eldigitaldeasturias.com\/noticias\/wp-json\/wp\/v2\/posts\/908007","targetHints":{"allow":["GET"]}}],"collection":[{"href":"https:\/\/www.eldigitaldeasturias.com\/noticias\/wp-json\/wp\/v2\/posts"}],"about":[{"href":"https:\/\/www.eldigitaldeasturias.com\/noticias\/wp-json\/wp\/v2\/types\/post"}],"author":[{"embeddable":true,"href":"https:\/\/www.eldigitaldeasturias.com\/noticias\/wp-json\/wp\/v2\/users\/1"}],"replies":[{"embeddable":true,"href":"https:\/\/www.eldigitaldeasturias.com\/noticias\/wp-json\/wp\/v2\/comments?post=908007"}],"version-history":[{"count":0,"href":"https:\/\/www.eldigitaldeasturias.com\/noticias\/wp-json\/wp\/v2\/posts\/908007\/revisions"}],"wp:featuredmedia":[{"embeddable":true,"href":"https:\/\/www.eldigitaldeasturias.com\/noticias\/wp-json\/wp\/v2\/media\/908008"}],"wp:attachment":[{"href":"https:\/\/www.eldigitaldeasturias.com\/noticias\/wp-json\/wp\/v2\/media?parent=908007"}],"wp:term":[{"taxonomy":"category","embeddable":true,"href":"https:\/\/www.eldigitaldeasturias.com\/noticias\/wp-json\/wp\/v2\/categories?post=908007"},{"taxonomy":"post_tag","embeddable":true,"href":"https:\/\/www.eldigitaldeasturias.com\/noticias\/wp-json\/wp\/v2\/tags?post=908007"}],"curies":[{"name":"wp","href":"https:\/\/api.w.org\/{rel}","templated":true}]}}