{"id":908004,"date":"2016-09-16T14:45:18","date_gmt":"2016-09-16T13:45:18","guid":{"rendered":"http:\/\/www.eldigitaldeasturias.com\/noticias\/?p=908004"},"modified":"2016-09-16T14:45:18","modified_gmt":"2016-09-16T13:45:18","slug":"bajan-los-precios-del-transporte-aereo-regular-de-pasajeros","status":"publish","type":"post","link":"https:\/\/www.eldigitaldeasturias.com\/noticias\/bajan-los-precios-del-transporte-aereo-regular-de-pasajeros\/","title":{"rendered":"Bajan los precios del transporte a\u00e9reo regular de pasajeros"},"content":{"rendered":"<p><img loading=\"lazy\" decoding=\"async\" class=\"alignleft size-medium wp-image-799754\" src=\"https:\/\/www.eldigitaldeasturias.com\/noticias\/wp-content\/uploads\/2015\/08\/aeropuerto-360x239.jpg\" alt=\"aeropuerto\" width=\"360\" height=\"239\" srcset=\"https:\/\/www.eldigitaldeasturias.com\/noticias\/wp-content\/uploads\/2015\/08\/aeropuerto-360x239.jpg 360w, https:\/\/www.eldigitaldeasturias.com\/noticias\/wp-content\/uploads\/2015\/08\/aeropuerto-768x511.jpg 768w, https:\/\/www.eldigitaldeasturias.com\/noticias\/wp-content\/uploads\/2015\/08\/aeropuerto-650x432.jpg 650w, https:\/\/www.eldigitaldeasturias.com\/noticias\/wp-content\/uploads\/2015\/08\/aeropuerto.jpg 800w\" sizes=\"auto, (max-width: 360px) 100vw, 360px\" \/>Los precios del transporte a\u00e9reo regular de pasajeros registraron en el segundo trimestre su menor tasa anual desde el primer trimestre de 2008 tras bajar m\u00e1s de dos puntos en relaci\u00f3n al trimestre anterior, hasta situarse en el -2,8%, seg\u00fan ha informado este viernes el Instituto Nacional de Estad\u00edstica (INE).<\/p>\n<p>La actividad de dep\u00f3sito y almacenamiento tambi\u00e9n experiment\u00f3 en el segundo trimestre su menor tasa anual desde el primer trimestre de 2008 tras descender 2,5 puntos, hasta el -3%, mientras que el transporte mar\u00edtimo de mercand\u00edas y la publicidad recortaron 1,5 puntos su tasa anual, hasta el -3,1% y el -15,2%, respectivamente.<\/p>\n<p>Estas cuatro actividades fueron las que presentaron los mayores descensos interanuales durante el segundo trimestre, seg\u00fan revela el \u00cdndice de Precios del Sector Servicios, cuyo objetivo es facilitar trimestralmente \u00edndices de la evoluci\u00f3n del precio de los servicios proporcionados a empresas por cada uno de los sectores desde el punto de vista del productor.<\/p>\n<p>De las quince actividades del sector servicios para las que el INE calcula \u00edndices de precios, seis de ellas disminuyeron su tasa de variaci\u00f3n interanual en el segundo trimestre.<\/p>\n<p>&nbsp;<\/p>\n<p>&nbsp;<\/p>\n","protected":false},"excerpt":{"rendered":"<p>Los precios del transporte a\u00e9reo regular de pasajeros registraron en el segundo trimestre su menor tasa anual desde el primer trimestre de 2008 tras bajar m\u00e1s de dos puntos en relaci\u00f3n al trimestre anterior, hasta situarse en el -2,8%, seg\u00fan ha informado este viernes el Instituto Nacional de Estad\u00edstica (INE). La actividad de dep\u00f3sito y [&hellip;]<\/p>\n","protected":false},"author":1,"featured_media":799754,"comment_status":"closed","ping_status":"closed","sticky":false,"template":"","format":"standard","meta":{"footnotes":""},"categories":[1],"tags":[],"class_list":["post-908004","post","type-post","status-publish","format-standard","has-post-thumbnail","hentry","category-actualidad"],"aioseo_notices":[],"aioseo_head":"\n\t\t<!-- All in One SEO Pro 4.9.6.2 - aioseo.com -->\n\t<meta name=\"description\" content=\"Los precios del transporte a\u00e9reo regular de pasajeros registraron en el segundo trimestre su menor tasa anual desde el primer trimestre de 2008 tras bajar m\u00e1s de dos puntos en relaci\u00f3n al trimestre anterior, hasta situarse en el -2,8%, seg\u00fan ha informado este viernes el Instituto Nacional de Estad\u00edstica (INE). La actividad de dep\u00f3sito y\" \/>\n\t<meta name=\"robots\" content=\"max-image-preview:large\" \/>\n\t<meta name=\"author\" content=\"El Digital de Asturias\"\/>\n\t<meta name=\"google-site-verification\" content=\"UA-38556648-1\" \/>\n\t<meta name=\"msvalidate.01\" content=\"7dfe9f3f1b24437ab69f4f2559babe99\" \/>\n\t<meta name=\"keywords\" content=\"actualidad\" \/>\n\t<link rel=\"canonical\" href=\"https:\/\/www.eldigitaldeasturias.com\/noticias\/bajan-los-precios-del-transporte-aereo-regular-de-pasajeros\/\" \/>\n\t<meta name=\"generator\" content=\"All in One SEO Pro (AIOSEO) 4.9.6.2\" \/>\n\t\t<meta property=\"og:locale\" content=\"es_ES\" \/>\n\t\t<meta property=\"og:site_name\" content=\"El Digital de Asturias\" \/>\n\t\t<meta property=\"og:type\" content=\"article\" \/>\n\t\t<meta property=\"og:title\" content=\"Bajan los precios del transporte a\u00e9reo regular de pasajeros - El Digital de Asturias\" \/>\n\t\t<meta property=\"og:description\" content=\"Los precios del transporte a\u00e9reo regular de pasajeros registraron en el segundo trimestre su menor tasa anual desde el primer trimestre de 2008 tras bajar m\u00e1s de dos puntos en relaci\u00f3n al trimestre anterior, hasta situarse en el -2,8%, seg\u00fan ha informado este viernes el Instituto Nacional de Estad\u00edstica (INE). La actividad de dep\u00f3sito y\" \/>\n\t\t<meta property=\"og:url\" content=\"https:\/\/www.eldigitaldeasturias.com\/noticias\/bajan-los-precios-del-transporte-aereo-regular-de-pasajeros\/\" \/>\n\t\t<meta property=\"og:image\" content=\"https:\/\/www.eldigitaldeasturias.com\/noticias\/wp-content\/uploads\/2015\/08\/aeropuerto.jpg\" \/>\n\t\t<meta property=\"og:image:secure_url\" content=\"https:\/\/www.eldigitaldeasturias.com\/noticias\/wp-content\/uploads\/2015\/08\/aeropuerto.jpg\" \/>\n\t\t<meta property=\"og:image:width\" content=\"800\" \/>\n\t\t<meta property=\"og:image:height\" content=\"532\" \/>\n\t\t<meta property=\"article:tag\" content=\"actualidad\" \/>\n\t\t<meta property=\"article:published_time\" content=\"2016-09-16T13:45:18+00:00\" \/>\n\t\t<meta property=\"article:modified_time\" content=\"2016-09-16T13:45:18+00:00\" \/>\n\t\t<meta property=\"article:publisher\" content=\"https:\/\/facebook.com\/eldigitaldeasturias\" \/>\n\t\t<meta name=\"twitter:card\" content=\"summary_large_image\" \/>\n\t\t<meta name=\"twitter:title\" content=\"Bajan los precios del transporte a\u00e9reo regular de pasajeros - El Digital de Asturias\" \/>\n\t\t<meta name=\"twitter:description\" content=\"Los precios del transporte a\u00e9reo regular de pasajeros registraron en el segundo trimestre su menor tasa anual desde el primer trimestre de 2008 tras bajar m\u00e1s de dos puntos en relaci\u00f3n al trimestre anterior, hasta situarse en el -2,8%, seg\u00fan ha informado este viernes el Instituto Nacional de Estad\u00edstica (INE). La actividad de dep\u00f3sito y\" \/>\n\t\t<meta name=\"twitter:image\" content=\"https:\/\/www.eldigitaldeasturias.com\/noticias\/wp-content\/uploads\/2015\/08\/aeropuerto.jpg\" \/>\n\t\t<meta name=\"twitter:label1\" content=\"Escrito por\" \/>\n\t\t<meta name=\"twitter:data1\" content=\"El Digital de Asturias\" \/>\n\t\t<meta name=\"twitter:label2\" content=\"Tiempo de lectura estimado\" \/>\n\t\t<meta name=\"twitter:data2\" content=\"1 minuto\" \/>\n\t\t<script type=\"application\/ld+json\" class=\"aioseo-schema\">\n\t\t\t{\"@context\":\"https:\\\/\\\/schema.org\",\"@graph\":[{\"@type\":\"BlogPosting\",\"@id\":\"https:\\\/\\\/www.eldigitaldeasturias.com\\\/noticias\\\/bajan-los-precios-del-transporte-aereo-regular-de-pasajeros\\\/#blogposting\",\"name\":\"Bajan los precios del transporte a\\u00e9reo regular de pasajeros - El Digital de Asturias\",\"headline\":\"Bajan los precios del transporte a\\u00e9reo regular de pasajeros\",\"author\":{\"@id\":\"https:\\\/\\\/www.eldigitaldeasturias.com\\\/noticias\\\/author\\\/admin\\\/#author\"},\"publisher\":{\"@id\":\"https:\\\/\\\/www.eldigitaldeasturias.com\\\/noticias\\\/#organization\"},\"image\":{\"@type\":\"ImageObject\",\"url\":\"https:\\\/\\\/www.eldigitaldeasturias.com\\\/noticias\\\/wp-content\\\/uploads\\\/2015\\\/08\\\/aeropuerto.jpg\",\"width\":800,\"height\":532},\"datePublished\":\"2016-09-16T14:45:18+02:00\",\"dateModified\":\"2016-09-16T14:45:18+02:00\",\"inLanguage\":\"es-ES\",\"mainEntityOfPage\":{\"@id\":\"https:\\\/\\\/www.eldigitaldeasturias.com\\\/noticias\\\/bajan-los-precios-del-transporte-aereo-regular-de-pasajeros\\\/#webpage\"},\"isPartOf\":{\"@id\":\"https:\\\/\\\/www.eldigitaldeasturias.com\\\/noticias\\\/bajan-los-precios-del-transporte-aereo-regular-de-pasajeros\\\/#webpage\"},\"articleSection\":\"Actualidad\"},{\"@type\":\"BreadcrumbList\",\"@id\":\"https:\\\/\\\/www.eldigitaldeasturias.com\\\/noticias\\\/bajan-los-precios-del-transporte-aereo-regular-de-pasajeros\\\/#breadcrumblist\",\"itemListElement\":[{\"@type\":\"ListItem\",\"@id\":\"https:\\\/\\\/www.eldigitaldeasturias.com\\\/noticias#listItem\",\"position\":1,\"name\":\"Home\",\"item\":\"https:\\\/\\\/www.eldigitaldeasturias.com\\\/noticias\",\"nextItem\":{\"@type\":\"ListItem\",\"@id\":\"https:\\\/\\\/www.eldigitaldeasturias.com\\\/noticias\\\/category\\\/actualidad\\\/#listItem\",\"name\":\"Actualidad\"}},{\"@type\":\"ListItem\",\"@id\":\"https:\\\/\\\/www.eldigitaldeasturias.com\\\/noticias\\\/category\\\/actualidad\\\/#listItem\",\"position\":2,\"name\":\"Actualidad\",\"item\":\"https:\\\/\\\/www.eldigitaldeasturias.com\\\/noticias\\\/category\\\/actualidad\\\/\",\"nextItem\":{\"@type\":\"ListItem\",\"@id\":\"https:\\\/\\\/www.eldigitaldeasturias.com\\\/noticias\\\/bajan-los-precios-del-transporte-aereo-regular-de-pasajeros\\\/#listItem\",\"name\":\"Bajan los precios del transporte a\\u00e9reo regular de pasajeros\"},\"previousItem\":{\"@type\":\"ListItem\",\"@id\":\"https:\\\/\\\/www.eldigitaldeasturias.com\\\/noticias#listItem\",\"name\":\"Home\"}},{\"@type\":\"ListItem\",\"@id\":\"https:\\\/\\\/www.eldigitaldeasturias.com\\\/noticias\\\/bajan-los-precios-del-transporte-aereo-regular-de-pasajeros\\\/#listItem\",\"position\":3,\"name\":\"Bajan los precios del transporte a\\u00e9reo regular de pasajeros\",\"previousItem\":{\"@type\":\"ListItem\",\"@id\":\"https:\\\/\\\/www.eldigitaldeasturias.com\\\/noticias\\\/category\\\/actualidad\\\/#listItem\",\"name\":\"Actualidad\"}}]},{\"@type\":\"Organization\",\"@id\":\"https:\\\/\\\/www.eldigitaldeasturias.com\\\/noticias\\\/#organization\",\"name\":\"El Digital de Asturias\",\"description\":\"Hemeroteca\",\"url\":\"https:\\\/\\\/www.eldigitaldeasturias.com\\\/noticias\\\/\",\"email\":\"info@eldigitaldeasturias.com\",\"telephone\":\"+34652131393\",\"logo\":{\"@type\":\"ImageObject\",\"url\":\"https:\\\/\\\/www.eldigitaldeasturias.com\\\/noticias\\\/wp-content\\\/uploads\\\/2020\\\/12\\\/EDA.jpg\",\"@id\":\"https:\\\/\\\/www.eldigitaldeasturias.com\\\/noticias\\\/bajan-los-precios-del-transporte-aereo-regular-de-pasajeros\\\/#organizationLogo\",\"width\":649,\"height\":297},\"image\":{\"@id\":\"https:\\\/\\\/www.eldigitaldeasturias.com\\\/noticias\\\/bajan-los-precios-del-transporte-aereo-regular-de-pasajeros\\\/#organizationLogo\"},\"sameAs\":[\"https:\\\/\\\/facebook.com\\\/eldigitaldeasturias\",\"https:\\\/\\\/www.youtube.com\\\/channel\\\/UCZP-2wLEB9Rv6erhFmqVnvg\"],\"address\":{\"@id\":\"https:\\\/\\\/www.eldigitaldeasturias.com\\\/noticias\\\/#postaladdress\",\"@type\":\"PostalAddress\",\"streetAddress\":\"san antonio 4,\",\"postalCode\":\"33430\",\"addressLocality\":\"Cand\\u00e1s\",\"addressRegion\":\"Asturias\",\"addressCountry\":\"ES\"}},{\"@type\":\"Person\",\"@id\":\"https:\\\/\\\/www.eldigitaldeasturias.com\\\/noticias\\\/author\\\/admin\\\/#author\",\"url\":\"https:\\\/\\\/www.eldigitaldeasturias.com\\\/noticias\\\/author\\\/admin\\\/\",\"name\":\"El Digital de Asturias\",\"image\":{\"@type\":\"ImageObject\",\"@id\":\"https:\\\/\\\/www.eldigitaldeasturias.com\\\/noticias\\\/bajan-los-precios-del-transporte-aereo-regular-de-pasajeros\\\/#authorImage\",\"url\":\"https:\\\/\\\/www.eldigitaldeasturias.com\\\/noticias\\\/wp-content\\\/litespeed\\\/avatar\\\/18677e78aa0546b92d9dbf31ec7d7668.jpg?ver=1776685526\",\"width\":96,\"height\":96,\"caption\":\"El Digital de Asturias\"}},{\"@type\":\"WebPage\",\"@id\":\"https:\\\/\\\/www.eldigitaldeasturias.com\\\/noticias\\\/bajan-los-precios-del-transporte-aereo-regular-de-pasajeros\\\/#webpage\",\"url\":\"https:\\\/\\\/www.eldigitaldeasturias.com\\\/noticias\\\/bajan-los-precios-del-transporte-aereo-regular-de-pasajeros\\\/\",\"name\":\"Bajan los precios del transporte a\\u00e9reo regular de pasajeros - El Digital de Asturias\",\"description\":\"Los precios del transporte a\\u00e9reo regular de pasajeros registraron en el segundo trimestre su menor tasa anual desde el primer trimestre de 2008 tras bajar m\\u00e1s de dos puntos en relaci\\u00f3n al trimestre anterior, hasta situarse en el -2,8%, seg\\u00fan ha informado este viernes el Instituto Nacional de Estad\\u00edstica (INE). La actividad de dep\\u00f3sito y\",\"inLanguage\":\"es-ES\",\"isPartOf\":{\"@id\":\"https:\\\/\\\/www.eldigitaldeasturias.com\\\/noticias\\\/#website\"},\"breadcrumb\":{\"@id\":\"https:\\\/\\\/www.eldigitaldeasturias.com\\\/noticias\\\/bajan-los-precios-del-transporte-aereo-regular-de-pasajeros\\\/#breadcrumblist\"},\"author\":{\"@id\":\"https:\\\/\\\/www.eldigitaldeasturias.com\\\/noticias\\\/author\\\/admin\\\/#author\"},\"creator\":{\"@id\":\"https:\\\/\\\/www.eldigitaldeasturias.com\\\/noticias\\\/author\\\/admin\\\/#author\"},\"image\":{\"@type\":\"ImageObject\",\"url\":\"https:\\\/\\\/www.eldigitaldeasturias.com\\\/noticias\\\/wp-content\\\/uploads\\\/2015\\\/08\\\/aeropuerto.jpg\",\"@id\":\"https:\\\/\\\/www.eldigitaldeasturias.com\\\/noticias\\\/bajan-los-precios-del-transporte-aereo-regular-de-pasajeros\\\/#mainImage\",\"width\":800,\"height\":532},\"primaryImageOfPage\":{\"@id\":\"https:\\\/\\\/www.eldigitaldeasturias.com\\\/noticias\\\/bajan-los-precios-del-transporte-aereo-regular-de-pasajeros\\\/#mainImage\"},\"datePublished\":\"2016-09-16T14:45:18+02:00\",\"dateModified\":\"2016-09-16T14:45:18+02:00\"},{\"@type\":\"WebSite\",\"@id\":\"https:\\\/\\\/www.eldigitaldeasturias.com\\\/noticias\\\/#website\",\"url\":\"https:\\\/\\\/www.eldigitaldeasturias.com\\\/noticias\\\/\",\"name\":\"El Digital de Asturias - Diario de actualidad y noticias\",\"alternateName\":\"El Digital de Asturias - Diario de actualidad y noticias\",\"description\":\"Hemeroteca\",\"inLanguage\":\"es-ES\",\"publisher\":{\"@id\":\"https:\\\/\\\/www.eldigitaldeasturias.com\\\/noticias\\\/#organization\"}}]}\n\t\t<\/script>\n\t\t<!-- All in One SEO Pro -->\r\n\t\t<title>Bajan los precios del transporte a\u00e9reo regular de pasajeros - El Digital de Asturias<\/title>\n\n","aioseo_head_json":{"title":"Bajan los precios del transporte a\u00e9reo regular de pasajeros - El Digital de Asturias","description":"Los precios del transporte a\u00e9reo regular de pasajeros registraron en el segundo trimestre su menor tasa anual desde el primer trimestre de 2008 tras bajar m\u00e1s de dos puntos en relaci\u00f3n al trimestre anterior, hasta situarse en el -2,8%, seg\u00fan ha informado este viernes el Instituto Nacional de Estad\u00edstica (INE). La actividad de dep\u00f3sito y","canonical_url":"https:\/\/www.eldigitaldeasturias.com\/noticias\/bajan-los-precios-del-transporte-aereo-regular-de-pasajeros\/","robots":"max-image-preview:large","keywords":"actualidad","webmasterTools":{"google-site-verification":"UA-38556648-1","msvalidate.01":"7dfe9f3f1b24437ab69f4f2559babe99","miscellaneous":""},"schema":{"@context":"https:\/\/schema.org","@graph":[{"@type":"BlogPosting","@id":"https:\/\/www.eldigitaldeasturias.com\/noticias\/bajan-los-precios-del-transporte-aereo-regular-de-pasajeros\/#blogposting","name":"Bajan los precios del transporte a\u00e9reo regular de pasajeros - El Digital de Asturias","headline":"Bajan los precios del transporte a\u00e9reo regular de pasajeros","author":{"@id":"https:\/\/www.eldigitaldeasturias.com\/noticias\/author\/admin\/#author"},"publisher":{"@id":"https:\/\/www.eldigitaldeasturias.com\/noticias\/#organization"},"image":{"@type":"ImageObject","url":"https:\/\/www.eldigitaldeasturias.com\/noticias\/wp-content\/uploads\/2015\/08\/aeropuerto.jpg","width":800,"height":532},"datePublished":"2016-09-16T14:45:18+02:00","dateModified":"2016-09-16T14:45:18+02:00","inLanguage":"es-ES","mainEntityOfPage":{"@id":"https:\/\/www.eldigitaldeasturias.com\/noticias\/bajan-los-precios-del-transporte-aereo-regular-de-pasajeros\/#webpage"},"isPartOf":{"@id":"https:\/\/www.eldigitaldeasturias.com\/noticias\/bajan-los-precios-del-transporte-aereo-regular-de-pasajeros\/#webpage"},"articleSection":"Actualidad"},{"@type":"BreadcrumbList","@id":"https:\/\/www.eldigitaldeasturias.com\/noticias\/bajan-los-precios-del-transporte-aereo-regular-de-pasajeros\/#breadcrumblist","itemListElement":[{"@type":"ListItem","@id":"https:\/\/www.eldigitaldeasturias.com\/noticias#listItem","position":1,"name":"Home","item":"https:\/\/www.eldigitaldeasturias.com\/noticias","nextItem":{"@type":"ListItem","@id":"https:\/\/www.eldigitaldeasturias.com\/noticias\/category\/actualidad\/#listItem","name":"Actualidad"}},{"@type":"ListItem","@id":"https:\/\/www.eldigitaldeasturias.com\/noticias\/category\/actualidad\/#listItem","position":2,"name":"Actualidad","item":"https:\/\/www.eldigitaldeasturias.com\/noticias\/category\/actualidad\/","nextItem":{"@type":"ListItem","@id":"https:\/\/www.eldigitaldeasturias.com\/noticias\/bajan-los-precios-del-transporte-aereo-regular-de-pasajeros\/#listItem","name":"Bajan los precios del transporte a\u00e9reo regular de pasajeros"},"previousItem":{"@type":"ListItem","@id":"https:\/\/www.eldigitaldeasturias.com\/noticias#listItem","name":"Home"}},{"@type":"ListItem","@id":"https:\/\/www.eldigitaldeasturias.com\/noticias\/bajan-los-precios-del-transporte-aereo-regular-de-pasajeros\/#listItem","position":3,"name":"Bajan los precios del transporte a\u00e9reo regular de pasajeros","previousItem":{"@type":"ListItem","@id":"https:\/\/www.eldigitaldeasturias.com\/noticias\/category\/actualidad\/#listItem","name":"Actualidad"}}]},{"@type":"Organization","@id":"https:\/\/www.eldigitaldeasturias.com\/noticias\/#organization","name":"El Digital de Asturias","description":"Hemeroteca","url":"https:\/\/www.eldigitaldeasturias.com\/noticias\/","email":"info@eldigitaldeasturias.com","telephone":"+34652131393","logo":{"@type":"ImageObject","url":"https:\/\/www.eldigitaldeasturias.com\/noticias\/wp-content\/uploads\/2020\/12\/EDA.jpg","@id":"https:\/\/www.eldigitaldeasturias.com\/noticias\/bajan-los-precios-del-transporte-aereo-regular-de-pasajeros\/#organizationLogo","width":649,"height":297},"image":{"@id":"https:\/\/www.eldigitaldeasturias.com\/noticias\/bajan-los-precios-del-transporte-aereo-regular-de-pasajeros\/#organizationLogo"},"sameAs":["https:\/\/facebook.com\/eldigitaldeasturias","https:\/\/www.youtube.com\/channel\/UCZP-2wLEB9Rv6erhFmqVnvg"],"address":{"@id":"https:\/\/www.eldigitaldeasturias.com\/noticias\/#postaladdress","@type":"PostalAddress","streetAddress":"san antonio 4,","postalCode":"33430","addressLocality":"Cand\u00e1s","addressRegion":"Asturias","addressCountry":"ES"}},{"@type":"Person","@id":"https:\/\/www.eldigitaldeasturias.com\/noticias\/author\/admin\/#author","url":"https:\/\/www.eldigitaldeasturias.com\/noticias\/author\/admin\/","name":"El Digital de Asturias","image":{"@type":"ImageObject","@id":"https:\/\/www.eldigitaldeasturias.com\/noticias\/bajan-los-precios-del-transporte-aereo-regular-de-pasajeros\/#authorImage","url":"https:\/\/www.eldigitaldeasturias.com\/noticias\/wp-content\/litespeed\/avatar\/18677e78aa0546b92d9dbf31ec7d7668.jpg?ver=1776685526","width":96,"height":96,"caption":"El Digital de Asturias"}},{"@type":"WebPage","@id":"https:\/\/www.eldigitaldeasturias.com\/noticias\/bajan-los-precios-del-transporte-aereo-regular-de-pasajeros\/#webpage","url":"https:\/\/www.eldigitaldeasturias.com\/noticias\/bajan-los-precios-del-transporte-aereo-regular-de-pasajeros\/","name":"Bajan los precios del transporte a\u00e9reo regular de pasajeros - El Digital de Asturias","description":"Los precios del transporte a\u00e9reo regular de pasajeros registraron en el segundo trimestre su menor tasa anual desde el primer trimestre de 2008 tras bajar m\u00e1s de dos puntos en relaci\u00f3n al trimestre anterior, hasta situarse en el -2,8%, seg\u00fan ha informado este viernes el Instituto Nacional de Estad\u00edstica (INE). La actividad de dep\u00f3sito y","inLanguage":"es-ES","isPartOf":{"@id":"https:\/\/www.eldigitaldeasturias.com\/noticias\/#website"},"breadcrumb":{"@id":"https:\/\/www.eldigitaldeasturias.com\/noticias\/bajan-los-precios-del-transporte-aereo-regular-de-pasajeros\/#breadcrumblist"},"author":{"@id":"https:\/\/www.eldigitaldeasturias.com\/noticias\/author\/admin\/#author"},"creator":{"@id":"https:\/\/www.eldigitaldeasturias.com\/noticias\/author\/admin\/#author"},"image":{"@type":"ImageObject","url":"https:\/\/www.eldigitaldeasturias.com\/noticias\/wp-content\/uploads\/2015\/08\/aeropuerto.jpg","@id":"https:\/\/www.eldigitaldeasturias.com\/noticias\/bajan-los-precios-del-transporte-aereo-regular-de-pasajeros\/#mainImage","width":800,"height":532},"primaryImageOfPage":{"@id":"https:\/\/www.eldigitaldeasturias.com\/noticias\/bajan-los-precios-del-transporte-aereo-regular-de-pasajeros\/#mainImage"},"datePublished":"2016-09-16T14:45:18+02:00","dateModified":"2016-09-16T14:45:18+02:00"},{"@type":"WebSite","@id":"https:\/\/www.eldigitaldeasturias.com\/noticias\/#website","url":"https:\/\/www.eldigitaldeasturias.com\/noticias\/","name":"El Digital de Asturias - Diario de actualidad y noticias","alternateName":"El Digital de Asturias - Diario de actualidad y noticias","description":"Hemeroteca","inLanguage":"es-ES","publisher":{"@id":"https:\/\/www.eldigitaldeasturias.com\/noticias\/#organization"}}]},"og:locale":"es_ES","og:site_name":"El Digital de Asturias","og:type":"article","og:title":"Bajan los precios del transporte a\u00e9reo regular de pasajeros - El Digital de Asturias","og:description":"Los precios del transporte a\u00e9reo regular de pasajeros registraron en el segundo trimestre su menor tasa anual desde el primer trimestre de 2008 tras bajar m\u00e1s de dos puntos en relaci\u00f3n al trimestre anterior, hasta situarse en el -2,8%, seg\u00fan ha informado este viernes el Instituto Nacional de Estad\u00edstica (INE). La actividad de dep\u00f3sito y","og:url":"https:\/\/www.eldigitaldeasturias.com\/noticias\/bajan-los-precios-del-transporte-aereo-regular-de-pasajeros\/","og:image":"https:\/\/www.eldigitaldeasturias.com\/noticias\/wp-content\/uploads\/2015\/08\/aeropuerto.jpg","og:image:secure_url":"https:\/\/www.eldigitaldeasturias.com\/noticias\/wp-content\/uploads\/2015\/08\/aeropuerto.jpg","og:image:width":800,"og:image:height":532,"article:tag":["actualidad"],"article:published_time":"2016-09-16T13:45:18+00:00","article:modified_time":"2016-09-16T13:45:18+00:00","article:publisher":"https:\/\/facebook.com\/eldigitaldeasturias","twitter:card":"summary_large_image","twitter:title":"Bajan los precios del transporte a\u00e9reo regular de pasajeros - El Digital de Asturias","twitter:description":"Los precios del transporte a\u00e9reo regular de pasajeros registraron en el segundo trimestre su menor tasa anual desde el primer trimestre de 2008 tras bajar m\u00e1s de dos puntos en relaci\u00f3n al trimestre anterior, hasta situarse en el -2,8%, seg\u00fan ha informado este viernes el Instituto Nacional de Estad\u00edstica (INE). La actividad de dep\u00f3sito y","twitter:image":"https:\/\/www.eldigitaldeasturias.com\/noticias\/wp-content\/uploads\/2015\/08\/aeropuerto.jpg","twitter:label1":"Escrito por","twitter:data1":"El Digital de Asturias","twitter:label2":"Tiempo de lectura estimado","twitter:data2":"1 minuto"},"aioseo_meta_data":{"post_id":"908004","title":null,"description":null,"keywords":null,"keyphrases":null,"primary_term":null,"canonical_url":null,"og_title":null,"og_description":null,"og_object_type":"default","og_image_type":"default","og_image_url":null,"og_image_width":null,"og_image_height":null,"og_image_custom_url":null,"og_image_custom_fields":null,"og_video":null,"og_custom_url":null,"og_article_section":null,"og_article_tags":null,"twitter_use_og":false,"twitter_card":"default","twitter_image_type":"default","twitter_image_url":null,"twitter_image_custom_url":null,"twitter_image_custom_fields":null,"twitter_title":null,"twitter_description":null,"schema":{"blockGraphs":[],"customGraphs":[],"default":{"data":{"Article":[],"Course":[],"Dataset":[],"FAQPage":[],"Movie":[],"Person":[],"Product":[],"ProductReview":[],"Car":[],"Recipe":[],"Service":[],"SoftwareApplication":[],"WebPage":[]},"graphName":"","isEnabled":true},"graphs":[],"defaultGraph":"","defaultPostTypeGraph":""},"schema_type":null,"schema_type_options":null,"pillar_content":false,"robots_default":true,"robots_noindex":false,"robots_noarchive":false,"robots_nosnippet":false,"robots_nofollow":false,"robots_noimageindex":false,"robots_noodp":false,"robots_notranslate":false,"robots_max_snippet":null,"robots_max_videopreview":null,"robots_max_imagepreview":"large","priority":null,"frequency":null,"local_seo":null,"seo_analyzer_scan_date":"2025-11-30 14:32:55","breadcrumb_settings":null,"limit_modified_date":false,"open_ai":null,"ai":null,"created":"2020-12-21 14:00:26","updated":"2025-11-30 14:32:55"},"aioseo_breadcrumb":"<div class=\"aioseo-breadcrumbs\"><span class=\"aioseo-breadcrumb\">\n\t<a href=\"https:\/\/www.eldigitaldeasturias.com\/noticias\" title=\"Home\">Home<\/a>\n<\/span><span class=\"aioseo-breadcrumb-separator\">\u2013<\/span><span class=\"aioseo-breadcrumb\">\n\t<a href=\"https:\/\/www.eldigitaldeasturias.com\/noticias\/category\/actualidad\/\" title=\"Actualidad\">Actualidad<\/a>\n<\/span><span class=\"aioseo-breadcrumb-separator\">\u2013<\/span><span class=\"aioseo-breadcrumb\">\n\t<a href=\"https:\/\/www.eldigitaldeasturias.com\/noticias\/bajan-los-precios-del-transporte-aereo-regular-de-pasajeros\/\" title=\"Bajan los precios del transporte a\u00e9reo regular de pasajeros\">Bajan los precios del transporte a\u00e9reo regular de pasajeros<\/a>\n<\/span><\/div>","aioseo_breadcrumb_json":[{"label":"Home","link":"https:\/\/www.eldigitaldeasturias.com\/noticias"},{"label":"Actualidad","link":"https:\/\/www.eldigitaldeasturias.com\/noticias\/category\/actualidad\/"},{"label":"Bajan los precios del transporte a\u00e9reo regular de pasajeros","link":"https:\/\/www.eldigitaldeasturias.com\/noticias\/bajan-los-precios-del-transporte-aereo-regular-de-pasajeros\/"}],"_links":{"self":[{"href":"https:\/\/www.eldigitaldeasturias.com\/noticias\/wp-json\/wp\/v2\/posts\/908004","targetHints":{"allow":["GET"]}}],"collection":[{"href":"https:\/\/www.eldigitaldeasturias.com\/noticias\/wp-json\/wp\/v2\/posts"}],"about":[{"href":"https:\/\/www.eldigitaldeasturias.com\/noticias\/wp-json\/wp\/v2\/types\/post"}],"author":[{"embeddable":true,"href":"https:\/\/www.eldigitaldeasturias.com\/noticias\/wp-json\/wp\/v2\/users\/1"}],"replies":[{"embeddable":true,"href":"https:\/\/www.eldigitaldeasturias.com\/noticias\/wp-json\/wp\/v2\/comments?post=908004"}],"version-history":[{"count":0,"href":"https:\/\/www.eldigitaldeasturias.com\/noticias\/wp-json\/wp\/v2\/posts\/908004\/revisions"}],"wp:featuredmedia":[{"embeddable":true,"href":"https:\/\/www.eldigitaldeasturias.com\/noticias\/wp-json\/wp\/v2\/media\/799754"}],"wp:attachment":[{"href":"https:\/\/www.eldigitaldeasturias.com\/noticias\/wp-json\/wp\/v2\/media?parent=908004"}],"wp:term":[{"taxonomy":"category","embeddable":true,"href":"https:\/\/www.eldigitaldeasturias.com\/noticias\/wp-json\/wp\/v2\/categories?post=908004"},{"taxonomy":"post_tag","embeddable":true,"href":"https:\/\/www.eldigitaldeasturias.com\/noticias\/wp-json\/wp\/v2\/tags?post=908004"}],"curies":[{"name":"wp","href":"https:\/\/api.w.org\/{rel}","templated":true}]}}