{"id":908002,"date":"2016-09-16T14:37:55","date_gmt":"2016-09-16T13:37:55","guid":{"rendered":"http:\/\/www.eldigitaldeasturias.com\/noticias\/?p=908002"},"modified":"2016-09-16T14:37:55","modified_gmt":"2016-09-16T13:37:55","slug":"maestros-capacitados-replica-al-gobierno-que-destinar-un-8-de-la-facturacion-a-centros-especiales-no-es-modelico","status":"publish","type":"post","link":"https:\/\/www.eldigitaldeasturias.com\/noticias\/maestros-capacitados-replica-al-gobierno-que-destinar-un-8-de-la-facturacion-a-centros-especiales-no-es-modelico\/","title":{"rendered":"&#8216;Maestros capacitados&#8217; replica al Gobierno que destinar un 8% de la facturaci\u00f3n a centros especiales no es mod\u00e9lico"},"content":{"rendered":"<p><img loading=\"lazy\" decoding=\"async\" class=\"alignleft size-medium wp-image-801268\" src=\"https:\/\/www.eldigitaldeasturias.com\/noticias\/wp-content\/uploads\/2015\/08\/aula-360x270.jpg\" alt=\"aula\" width=\"360\" height=\"270\" srcset=\"https:\/\/www.eldigitaldeasturias.com\/noticias\/wp-content\/uploads\/2015\/08\/aula-360x270.jpg 360w, https:\/\/www.eldigitaldeasturias.com\/noticias\/wp-content\/uploads\/2015\/08\/aula-400x300.jpg 400w, https:\/\/www.eldigitaldeasturias.com\/noticias\/wp-content\/uploads\/2015\/08\/aula-768x576.jpg 768w, https:\/\/www.eldigitaldeasturias.com\/noticias\/wp-content\/uploads\/2015\/08\/aula-640x480.jpg 640w, https:\/\/www.eldigitaldeasturias.com\/noticias\/wp-content\/uploads\/2015\/08\/aula-20x15.jpg 20w, https:\/\/www.eldigitaldeasturias.com\/noticias\/wp-content\/uploads\/2015\/08\/aula.jpg 800w\" sizes=\"auto, (max-width: 360px) 100vw, 360px\" \/>La asociaci\u00f3n &#8216;Maestros capacitados&#8217;, que representa a docentes con alg\u00fan tipo de discapacidad, ha salido este viernes al paso de las manifestaciones que realiz\u00f3 en el parlamento asturiano la consejera de Servicios y Derechos Sociales, Pilar Varela, quien ensalz\u00f3 los esfuerzos del Gobierno asturiano para fomentar el empleo en el colectivo.<\/p>\n<p>\u00abEl hecho de que se reserve del 8% de la facturaci\u00f3n del Principado de Asturias a contratos con centros especiales de empleo no se puede ni se debe considerar como pionero ni mod\u00e9lico si de lo que estamos hablando y por lo que estamos luchando es la integraci\u00f3n laboral de las personas con discapacidad\u00bb, han se\u00f1alado desde la asociaic\u00f3n a trav\u00e9s de una nota de prensa.<\/p>\n<p>&#8216;Maestros discapacitados&#8217; ha explicado que precisamente la contrataci\u00f3n de productos o servicios con centros especiales de empleo est\u00e1 contemplada como una \u00abmedida alternativa\u00bb a la integraci\u00f3n laboral que, en el caso de las empresas privadas, s\u00f3lo se puede adoptar en aquellos casos en los que se ha obtenido un certificado de excepcionalidad otorgado tras haber acreditado la imposibilidad de encontrar personas con discapacidad con el perfil solicitado o en caso de que la parte contratante acredite que no puede ofrecer empleo por dificultades econ\u00f3micas.<\/p>\n<p>\u00abY ninguna de las dos situaciones se dan en la Consejer\u00eda de Educaci\u00f3n\u00bb, han a\u00f1adido, recordando que el Principado no ha elaborado una lista espec\u00edfica para los docentes interinos que tienen la condici\u00f3n de discapacitados \u00abtal y como lo exige la ley\u00bb<\/p>\n<p>&nbsp;<\/p>\n","protected":false},"excerpt":{"rendered":"<p>La asociaci\u00f3n &#8216;Maestros capacitados&#8217;, que representa a docentes con alg\u00fan tipo de discapacidad, ha salido este viernes al paso de las manifestaciones que realiz\u00f3 en el parlamento asturiano la consejera de Servicios y Derechos Sociales, Pilar Varela, quien ensalz\u00f3 los esfuerzos del Gobierno asturiano para fomentar el empleo en el colectivo. \u00abEl hecho de que [&hellip;]<\/p>\n","protected":false},"author":1,"featured_media":801268,"comment_status":"closed","ping_status":"closed","sticky":false,"template":"","format":"standard","meta":{"footnotes":""},"categories":[12],"tags":[],"class_list":["post-908002","post","type-post","status-publish","format-standard","has-post-thumbnail","hentry","category-actualidad-asturias"],"aioseo_notices":[],"aioseo_head":"\n\t\t<!-- All in One SEO Pro 4.9.6.2 - aioseo.com -->\n\t<meta name=\"description\" content=\"La asociaci\u00f3n &#039;Maestros capacitados&#039;, que representa a docentes con alg\u00fan tipo de discapacidad, ha salido este viernes al paso de las manifestaciones que realiz\u00f3 en el parlamento asturiano la consejera de Servicios y Derechos Sociales, Pilar Varela, quien ensalz\u00f3 los esfuerzos del Gobierno asturiano para fomentar el empleo en el colectivo. &quot;El hecho de que\" \/>\n\t<meta name=\"robots\" content=\"max-image-preview:large\" \/>\n\t<meta name=\"author\" content=\"El Digital de Asturias\"\/>\n\t<meta name=\"google-site-verification\" content=\"UA-38556648-1\" \/>\n\t<meta name=\"msvalidate.01\" content=\"7dfe9f3f1b24437ab69f4f2559babe99\" \/>\n\t<meta name=\"keywords\" content=\"actualidad asturias\" \/>\n\t<link rel=\"canonical\" href=\"https:\/\/www.eldigitaldeasturias.com\/noticias\/maestros-capacitados-replica-al-gobierno-que-destinar-un-8-de-la-facturacion-a-centros-especiales-no-es-modelico\/\" \/>\n\t<meta name=\"generator\" content=\"All in One SEO Pro (AIOSEO) 4.9.6.2\" \/>\n\t\t<meta property=\"og:locale\" content=\"es_ES\" \/>\n\t\t<meta property=\"og:site_name\" content=\"El Digital de Asturias\" \/>\n\t\t<meta property=\"og:type\" content=\"article\" \/>\n\t\t<meta property=\"og:title\" content=\"\u2018Maestros capacitados\u2019 replica al Gobierno que destinar un 8% de la facturaci\u00f3n a centros especiales no es mod\u00e9lico - El Digital de Asturias\" \/>\n\t\t<meta property=\"og:description\" content=\"La asociaci\u00f3n &#039;Maestros capacitados&#039;, que representa a docentes con alg\u00fan tipo de discapacidad, ha salido este viernes al paso de las manifestaciones que realiz\u00f3 en el parlamento asturiano la consejera de Servicios y Derechos Sociales, Pilar Varela, quien ensalz\u00f3 los esfuerzos del Gobierno asturiano para fomentar el empleo en el colectivo. &quot;El hecho de que\" \/>\n\t\t<meta property=\"og:url\" content=\"https:\/\/www.eldigitaldeasturias.com\/noticias\/maestros-capacitados-replica-al-gobierno-que-destinar-un-8-de-la-facturacion-a-centros-especiales-no-es-modelico\/\" \/>\n\t\t<meta property=\"og:image\" content=\"https:\/\/www.eldigitaldeasturias.com\/noticias\/wp-content\/uploads\/2015\/08\/aula.jpg\" \/>\n\t\t<meta property=\"og:image:secure_url\" content=\"https:\/\/www.eldigitaldeasturias.com\/noticias\/wp-content\/uploads\/2015\/08\/aula.jpg\" \/>\n\t\t<meta property=\"og:image:width\" content=\"800\" \/>\n\t\t<meta property=\"og:image:height\" content=\"600\" \/>\n\t\t<meta property=\"article:tag\" content=\"actualidad asturias\" \/>\n\t\t<meta property=\"article:published_time\" content=\"2016-09-16T13:37:55+00:00\" \/>\n\t\t<meta property=\"article:modified_time\" content=\"2016-09-16T13:37:55+00:00\" \/>\n\t\t<meta property=\"article:publisher\" content=\"https:\/\/facebook.com\/eldigitaldeasturias\" \/>\n\t\t<meta name=\"twitter:card\" content=\"summary_large_image\" \/>\n\t\t<meta name=\"twitter:title\" content=\"\u2018Maestros capacitados\u2019 replica al Gobierno que destinar un 8% de la facturaci\u00f3n a centros especiales no es mod\u00e9lico - El Digital de Asturias\" \/>\n\t\t<meta name=\"twitter:description\" content=\"La asociaci\u00f3n &#039;Maestros capacitados&#039;, que representa a docentes con alg\u00fan tipo de discapacidad, ha salido este viernes al paso de las manifestaciones que realiz\u00f3 en el parlamento asturiano la consejera de Servicios y Derechos Sociales, Pilar Varela, quien ensalz\u00f3 los esfuerzos del Gobierno asturiano para fomentar el empleo en el colectivo. &quot;El hecho de que\" \/>\n\t\t<meta name=\"twitter:image\" content=\"https:\/\/www.eldigitaldeasturias.com\/noticias\/wp-content\/uploads\/2015\/08\/aula.jpg\" \/>\n\t\t<meta name=\"twitter:label1\" content=\"Escrito por\" \/>\n\t\t<meta name=\"twitter:data1\" content=\"El Digital de Asturias\" \/>\n\t\t<meta name=\"twitter:label2\" content=\"Tiempo de lectura estimado\" \/>\n\t\t<meta name=\"twitter:data2\" content=\"1 minuto\" \/>\n\t\t<script type=\"application\/ld+json\" class=\"aioseo-schema\">\n\t\t\t{\"@context\":\"https:\\\/\\\/schema.org\",\"@graph\":[{\"@type\":\"BlogPosting\",\"@id\":\"https:\\\/\\\/www.eldigitaldeasturias.com\\\/noticias\\\/maestros-capacitados-replica-al-gobierno-que-destinar-un-8-de-la-facturacion-a-centros-especiales-no-es-modelico\\\/#blogposting\",\"name\":\"\\u2018Maestros capacitados\\u2019 replica al Gobierno que destinar un 8% de la facturaci\\u00f3n a centros especiales no es mod\\u00e9lico - El Digital de Asturias\",\"headline\":\"&#8216;Maestros capacitados&#8217; replica al Gobierno que destinar un 8% de la facturaci\\u00f3n a centros especiales no es mod\\u00e9lico\",\"author\":{\"@id\":\"https:\\\/\\\/www.eldigitaldeasturias.com\\\/noticias\\\/author\\\/admin\\\/#author\"},\"publisher\":{\"@id\":\"https:\\\/\\\/www.eldigitaldeasturias.com\\\/noticias\\\/#organization\"},\"image\":{\"@type\":\"ImageObject\",\"url\":\"https:\\\/\\\/www.eldigitaldeasturias.com\\\/noticias\\\/wp-content\\\/uploads\\\/2015\\\/08\\\/aula.jpg\",\"width\":800,\"height\":600},\"datePublished\":\"2016-09-16T14:37:55+02:00\",\"dateModified\":\"2016-09-16T14:37:55+02:00\",\"inLanguage\":\"es-ES\",\"mainEntityOfPage\":{\"@id\":\"https:\\\/\\\/www.eldigitaldeasturias.com\\\/noticias\\\/maestros-capacitados-replica-al-gobierno-que-destinar-un-8-de-la-facturacion-a-centros-especiales-no-es-modelico\\\/#webpage\"},\"isPartOf\":{\"@id\":\"https:\\\/\\\/www.eldigitaldeasturias.com\\\/noticias\\\/maestros-capacitados-replica-al-gobierno-que-destinar-un-8-de-la-facturacion-a-centros-especiales-no-es-modelico\\\/#webpage\"},\"articleSection\":\"Actualidad Asturias\"},{\"@type\":\"BreadcrumbList\",\"@id\":\"https:\\\/\\\/www.eldigitaldeasturias.com\\\/noticias\\\/maestros-capacitados-replica-al-gobierno-que-destinar-un-8-de-la-facturacion-a-centros-especiales-no-es-modelico\\\/#breadcrumblist\",\"itemListElement\":[{\"@type\":\"ListItem\",\"@id\":\"https:\\\/\\\/www.eldigitaldeasturias.com\\\/noticias#listItem\",\"position\":1,\"name\":\"Home\",\"item\":\"https:\\\/\\\/www.eldigitaldeasturias.com\\\/noticias\",\"nextItem\":{\"@type\":\"ListItem\",\"@id\":\"https:\\\/\\\/www.eldigitaldeasturias.com\\\/noticias\\\/category\\\/actualidad-asturias\\\/#listItem\",\"name\":\"Actualidad Asturias\"}},{\"@type\":\"ListItem\",\"@id\":\"https:\\\/\\\/www.eldigitaldeasturias.com\\\/noticias\\\/category\\\/actualidad-asturias\\\/#listItem\",\"position\":2,\"name\":\"Actualidad Asturias\",\"item\":\"https:\\\/\\\/www.eldigitaldeasturias.com\\\/noticias\\\/category\\\/actualidad-asturias\\\/\",\"nextItem\":{\"@type\":\"ListItem\",\"@id\":\"https:\\\/\\\/www.eldigitaldeasturias.com\\\/noticias\\\/maestros-capacitados-replica-al-gobierno-que-destinar-un-8-de-la-facturacion-a-centros-especiales-no-es-modelico\\\/#listItem\",\"name\":\"&#8216;Maestros capacitados&#8217; replica al Gobierno que destinar un 8% de la facturaci\\u00f3n a centros especiales no es mod\\u00e9lico\"},\"previousItem\":{\"@type\":\"ListItem\",\"@id\":\"https:\\\/\\\/www.eldigitaldeasturias.com\\\/noticias#listItem\",\"name\":\"Home\"}},{\"@type\":\"ListItem\",\"@id\":\"https:\\\/\\\/www.eldigitaldeasturias.com\\\/noticias\\\/maestros-capacitados-replica-al-gobierno-que-destinar-un-8-de-la-facturacion-a-centros-especiales-no-es-modelico\\\/#listItem\",\"position\":3,\"name\":\"&#8216;Maestros capacitados&#8217; replica al Gobierno que destinar un 8% de la facturaci\\u00f3n a centros especiales no es mod\\u00e9lico\",\"previousItem\":{\"@type\":\"ListItem\",\"@id\":\"https:\\\/\\\/www.eldigitaldeasturias.com\\\/noticias\\\/category\\\/actualidad-asturias\\\/#listItem\",\"name\":\"Actualidad Asturias\"}}]},{\"@type\":\"Organization\",\"@id\":\"https:\\\/\\\/www.eldigitaldeasturias.com\\\/noticias\\\/#organization\",\"name\":\"El Digital de Asturias\",\"description\":\"Hemeroteca\",\"url\":\"https:\\\/\\\/www.eldigitaldeasturias.com\\\/noticias\\\/\",\"email\":\"info@eldigitaldeasturias.com\",\"telephone\":\"+34652131393\",\"logo\":{\"@type\":\"ImageObject\",\"url\":\"https:\\\/\\\/www.eldigitaldeasturias.com\\\/noticias\\\/wp-content\\\/uploads\\\/2020\\\/12\\\/EDA.jpg\",\"@id\":\"https:\\\/\\\/www.eldigitaldeasturias.com\\\/noticias\\\/maestros-capacitados-replica-al-gobierno-que-destinar-un-8-de-la-facturacion-a-centros-especiales-no-es-modelico\\\/#organizationLogo\",\"width\":649,\"height\":297},\"image\":{\"@id\":\"https:\\\/\\\/www.eldigitaldeasturias.com\\\/noticias\\\/maestros-capacitados-replica-al-gobierno-que-destinar-un-8-de-la-facturacion-a-centros-especiales-no-es-modelico\\\/#organizationLogo\"},\"sameAs\":[\"https:\\\/\\\/facebook.com\\\/eldigitaldeasturias\",\"https:\\\/\\\/www.youtube.com\\\/channel\\\/UCZP-2wLEB9Rv6erhFmqVnvg\"],\"address\":{\"@id\":\"https:\\\/\\\/www.eldigitaldeasturias.com\\\/noticias\\\/#postaladdress\",\"@type\":\"PostalAddress\",\"streetAddress\":\"san antonio 4,\",\"postalCode\":\"33430\",\"addressLocality\":\"Cand\\u00e1s\",\"addressRegion\":\"Asturias\",\"addressCountry\":\"ES\"}},{\"@type\":\"Person\",\"@id\":\"https:\\\/\\\/www.eldigitaldeasturias.com\\\/noticias\\\/author\\\/admin\\\/#author\",\"url\":\"https:\\\/\\\/www.eldigitaldeasturias.com\\\/noticias\\\/author\\\/admin\\\/\",\"name\":\"El Digital de Asturias\",\"image\":{\"@type\":\"ImageObject\",\"@id\":\"https:\\\/\\\/www.eldigitaldeasturias.com\\\/noticias\\\/maestros-capacitados-replica-al-gobierno-que-destinar-un-8-de-la-facturacion-a-centros-especiales-no-es-modelico\\\/#authorImage\",\"url\":\"https:\\\/\\\/www.eldigitaldeasturias.com\\\/noticias\\\/wp-content\\\/litespeed\\\/avatar\\\/18677e78aa0546b92d9dbf31ec7d7668.jpg?ver=1776685526\",\"width\":96,\"height\":96,\"caption\":\"El Digital de Asturias\"}},{\"@type\":\"WebPage\",\"@id\":\"https:\\\/\\\/www.eldigitaldeasturias.com\\\/noticias\\\/maestros-capacitados-replica-al-gobierno-que-destinar-un-8-de-la-facturacion-a-centros-especiales-no-es-modelico\\\/#webpage\",\"url\":\"https:\\\/\\\/www.eldigitaldeasturias.com\\\/noticias\\\/maestros-capacitados-replica-al-gobierno-que-destinar-un-8-de-la-facturacion-a-centros-especiales-no-es-modelico\\\/\",\"name\":\"\\u2018Maestros capacitados\\u2019 replica al Gobierno que destinar un 8% de la facturaci\\u00f3n a centros especiales no es mod\\u00e9lico - El Digital de Asturias\",\"description\":\"La asociaci\\u00f3n 'Maestros capacitados', que representa a docentes con alg\\u00fan tipo de discapacidad, ha salido este viernes al paso de las manifestaciones que realiz\\u00f3 en el parlamento asturiano la consejera de Servicios y Derechos Sociales, Pilar Varela, quien ensalz\\u00f3 los esfuerzos del Gobierno asturiano para fomentar el empleo en el colectivo. \\\"El hecho de que\",\"inLanguage\":\"es-ES\",\"isPartOf\":{\"@id\":\"https:\\\/\\\/www.eldigitaldeasturias.com\\\/noticias\\\/#website\"},\"breadcrumb\":{\"@id\":\"https:\\\/\\\/www.eldigitaldeasturias.com\\\/noticias\\\/maestros-capacitados-replica-al-gobierno-que-destinar-un-8-de-la-facturacion-a-centros-especiales-no-es-modelico\\\/#breadcrumblist\"},\"author\":{\"@id\":\"https:\\\/\\\/www.eldigitaldeasturias.com\\\/noticias\\\/author\\\/admin\\\/#author\"},\"creator\":{\"@id\":\"https:\\\/\\\/www.eldigitaldeasturias.com\\\/noticias\\\/author\\\/admin\\\/#author\"},\"image\":{\"@type\":\"ImageObject\",\"url\":\"https:\\\/\\\/www.eldigitaldeasturias.com\\\/noticias\\\/wp-content\\\/uploads\\\/2015\\\/08\\\/aula.jpg\",\"@id\":\"https:\\\/\\\/www.eldigitaldeasturias.com\\\/noticias\\\/maestros-capacitados-replica-al-gobierno-que-destinar-un-8-de-la-facturacion-a-centros-especiales-no-es-modelico\\\/#mainImage\",\"width\":800,\"height\":600},\"primaryImageOfPage\":{\"@id\":\"https:\\\/\\\/www.eldigitaldeasturias.com\\\/noticias\\\/maestros-capacitados-replica-al-gobierno-que-destinar-un-8-de-la-facturacion-a-centros-especiales-no-es-modelico\\\/#mainImage\"},\"datePublished\":\"2016-09-16T14:37:55+02:00\",\"dateModified\":\"2016-09-16T14:37:55+02:00\"},{\"@type\":\"WebSite\",\"@id\":\"https:\\\/\\\/www.eldigitaldeasturias.com\\\/noticias\\\/#website\",\"url\":\"https:\\\/\\\/www.eldigitaldeasturias.com\\\/noticias\\\/\",\"name\":\"El Digital de Asturias - Diario de actualidad y noticias\",\"alternateName\":\"El Digital de Asturias - Diario de actualidad y noticias\",\"description\":\"Hemeroteca\",\"inLanguage\":\"es-ES\",\"publisher\":{\"@id\":\"https:\\\/\\\/www.eldigitaldeasturias.com\\\/noticias\\\/#organization\"}}]}\n\t\t<\/script>\n\t\t<!-- All in One SEO Pro -->\r\n\t\t<title>\u2018Maestros capacitados\u2019 replica al Gobierno que destinar un 8% de la facturaci\u00f3n a centros especiales no es mod\u00e9lico - El Digital de Asturias<\/title>\n\n","aioseo_head_json":{"title":"\u2018Maestros capacitados\u2019 replica al Gobierno que destinar un 8% de la facturaci\u00f3n a centros especiales no es mod\u00e9lico - El Digital de Asturias","description":"La asociaci\u00f3n 'Maestros capacitados', que representa a docentes con alg\u00fan tipo de discapacidad, ha salido este viernes al paso de las manifestaciones que realiz\u00f3 en el parlamento asturiano la consejera de Servicios y Derechos Sociales, Pilar Varela, quien ensalz\u00f3 los esfuerzos del Gobierno asturiano para fomentar el empleo en el colectivo. \"El hecho de que","canonical_url":"https:\/\/www.eldigitaldeasturias.com\/noticias\/maestros-capacitados-replica-al-gobierno-que-destinar-un-8-de-la-facturacion-a-centros-especiales-no-es-modelico\/","robots":"max-image-preview:large","keywords":"actualidad asturias","webmasterTools":{"google-site-verification":"UA-38556648-1","msvalidate.01":"7dfe9f3f1b24437ab69f4f2559babe99","miscellaneous":""},"schema":{"@context":"https:\/\/schema.org","@graph":[{"@type":"BlogPosting","@id":"https:\/\/www.eldigitaldeasturias.com\/noticias\/maestros-capacitados-replica-al-gobierno-que-destinar-un-8-de-la-facturacion-a-centros-especiales-no-es-modelico\/#blogposting","name":"\u2018Maestros capacitados\u2019 replica al Gobierno que destinar un 8% de la facturaci\u00f3n a centros especiales no es mod\u00e9lico - El Digital de Asturias","headline":"&#8216;Maestros capacitados&#8217; replica al Gobierno que destinar un 8% de la facturaci\u00f3n a centros especiales no es mod\u00e9lico","author":{"@id":"https:\/\/www.eldigitaldeasturias.com\/noticias\/author\/admin\/#author"},"publisher":{"@id":"https:\/\/www.eldigitaldeasturias.com\/noticias\/#organization"},"image":{"@type":"ImageObject","url":"https:\/\/www.eldigitaldeasturias.com\/noticias\/wp-content\/uploads\/2015\/08\/aula.jpg","width":800,"height":600},"datePublished":"2016-09-16T14:37:55+02:00","dateModified":"2016-09-16T14:37:55+02:00","inLanguage":"es-ES","mainEntityOfPage":{"@id":"https:\/\/www.eldigitaldeasturias.com\/noticias\/maestros-capacitados-replica-al-gobierno-que-destinar-un-8-de-la-facturacion-a-centros-especiales-no-es-modelico\/#webpage"},"isPartOf":{"@id":"https:\/\/www.eldigitaldeasturias.com\/noticias\/maestros-capacitados-replica-al-gobierno-que-destinar-un-8-de-la-facturacion-a-centros-especiales-no-es-modelico\/#webpage"},"articleSection":"Actualidad Asturias"},{"@type":"BreadcrumbList","@id":"https:\/\/www.eldigitaldeasturias.com\/noticias\/maestros-capacitados-replica-al-gobierno-que-destinar-un-8-de-la-facturacion-a-centros-especiales-no-es-modelico\/#breadcrumblist","itemListElement":[{"@type":"ListItem","@id":"https:\/\/www.eldigitaldeasturias.com\/noticias#listItem","position":1,"name":"Home","item":"https:\/\/www.eldigitaldeasturias.com\/noticias","nextItem":{"@type":"ListItem","@id":"https:\/\/www.eldigitaldeasturias.com\/noticias\/category\/actualidad-asturias\/#listItem","name":"Actualidad Asturias"}},{"@type":"ListItem","@id":"https:\/\/www.eldigitaldeasturias.com\/noticias\/category\/actualidad-asturias\/#listItem","position":2,"name":"Actualidad Asturias","item":"https:\/\/www.eldigitaldeasturias.com\/noticias\/category\/actualidad-asturias\/","nextItem":{"@type":"ListItem","@id":"https:\/\/www.eldigitaldeasturias.com\/noticias\/maestros-capacitados-replica-al-gobierno-que-destinar-un-8-de-la-facturacion-a-centros-especiales-no-es-modelico\/#listItem","name":"&#8216;Maestros capacitados&#8217; replica al Gobierno que destinar un 8% de la facturaci\u00f3n a centros especiales no es mod\u00e9lico"},"previousItem":{"@type":"ListItem","@id":"https:\/\/www.eldigitaldeasturias.com\/noticias#listItem","name":"Home"}},{"@type":"ListItem","@id":"https:\/\/www.eldigitaldeasturias.com\/noticias\/maestros-capacitados-replica-al-gobierno-que-destinar-un-8-de-la-facturacion-a-centros-especiales-no-es-modelico\/#listItem","position":3,"name":"&#8216;Maestros capacitados&#8217; replica al Gobierno que destinar un 8% de la facturaci\u00f3n a centros especiales no es mod\u00e9lico","previousItem":{"@type":"ListItem","@id":"https:\/\/www.eldigitaldeasturias.com\/noticias\/category\/actualidad-asturias\/#listItem","name":"Actualidad Asturias"}}]},{"@type":"Organization","@id":"https:\/\/www.eldigitaldeasturias.com\/noticias\/#organization","name":"El Digital de Asturias","description":"Hemeroteca","url":"https:\/\/www.eldigitaldeasturias.com\/noticias\/","email":"info@eldigitaldeasturias.com","telephone":"+34652131393","logo":{"@type":"ImageObject","url":"https:\/\/www.eldigitaldeasturias.com\/noticias\/wp-content\/uploads\/2020\/12\/EDA.jpg","@id":"https:\/\/www.eldigitaldeasturias.com\/noticias\/maestros-capacitados-replica-al-gobierno-que-destinar-un-8-de-la-facturacion-a-centros-especiales-no-es-modelico\/#organizationLogo","width":649,"height":297},"image":{"@id":"https:\/\/www.eldigitaldeasturias.com\/noticias\/maestros-capacitados-replica-al-gobierno-que-destinar-un-8-de-la-facturacion-a-centros-especiales-no-es-modelico\/#organizationLogo"},"sameAs":["https:\/\/facebook.com\/eldigitaldeasturias","https:\/\/www.youtube.com\/channel\/UCZP-2wLEB9Rv6erhFmqVnvg"],"address":{"@id":"https:\/\/www.eldigitaldeasturias.com\/noticias\/#postaladdress","@type":"PostalAddress","streetAddress":"san antonio 4,","postalCode":"33430","addressLocality":"Cand\u00e1s","addressRegion":"Asturias","addressCountry":"ES"}},{"@type":"Person","@id":"https:\/\/www.eldigitaldeasturias.com\/noticias\/author\/admin\/#author","url":"https:\/\/www.eldigitaldeasturias.com\/noticias\/author\/admin\/","name":"El Digital de Asturias","image":{"@type":"ImageObject","@id":"https:\/\/www.eldigitaldeasturias.com\/noticias\/maestros-capacitados-replica-al-gobierno-que-destinar-un-8-de-la-facturacion-a-centros-especiales-no-es-modelico\/#authorImage","url":"https:\/\/www.eldigitaldeasturias.com\/noticias\/wp-content\/litespeed\/avatar\/18677e78aa0546b92d9dbf31ec7d7668.jpg?ver=1776685526","width":96,"height":96,"caption":"El Digital de Asturias"}},{"@type":"WebPage","@id":"https:\/\/www.eldigitaldeasturias.com\/noticias\/maestros-capacitados-replica-al-gobierno-que-destinar-un-8-de-la-facturacion-a-centros-especiales-no-es-modelico\/#webpage","url":"https:\/\/www.eldigitaldeasturias.com\/noticias\/maestros-capacitados-replica-al-gobierno-que-destinar-un-8-de-la-facturacion-a-centros-especiales-no-es-modelico\/","name":"\u2018Maestros capacitados\u2019 replica al Gobierno que destinar un 8% de la facturaci\u00f3n a centros especiales no es mod\u00e9lico - El Digital de Asturias","description":"La asociaci\u00f3n 'Maestros capacitados', que representa a docentes con alg\u00fan tipo de discapacidad, ha salido este viernes al paso de las manifestaciones que realiz\u00f3 en el parlamento asturiano la consejera de Servicios y Derechos Sociales, Pilar Varela, quien ensalz\u00f3 los esfuerzos del Gobierno asturiano para fomentar el empleo en el colectivo. \"El hecho de que","inLanguage":"es-ES","isPartOf":{"@id":"https:\/\/www.eldigitaldeasturias.com\/noticias\/#website"},"breadcrumb":{"@id":"https:\/\/www.eldigitaldeasturias.com\/noticias\/maestros-capacitados-replica-al-gobierno-que-destinar-un-8-de-la-facturacion-a-centros-especiales-no-es-modelico\/#breadcrumblist"},"author":{"@id":"https:\/\/www.eldigitaldeasturias.com\/noticias\/author\/admin\/#author"},"creator":{"@id":"https:\/\/www.eldigitaldeasturias.com\/noticias\/author\/admin\/#author"},"image":{"@type":"ImageObject","url":"https:\/\/www.eldigitaldeasturias.com\/noticias\/wp-content\/uploads\/2015\/08\/aula.jpg","@id":"https:\/\/www.eldigitaldeasturias.com\/noticias\/maestros-capacitados-replica-al-gobierno-que-destinar-un-8-de-la-facturacion-a-centros-especiales-no-es-modelico\/#mainImage","width":800,"height":600},"primaryImageOfPage":{"@id":"https:\/\/www.eldigitaldeasturias.com\/noticias\/maestros-capacitados-replica-al-gobierno-que-destinar-un-8-de-la-facturacion-a-centros-especiales-no-es-modelico\/#mainImage"},"datePublished":"2016-09-16T14:37:55+02:00","dateModified":"2016-09-16T14:37:55+02:00"},{"@type":"WebSite","@id":"https:\/\/www.eldigitaldeasturias.com\/noticias\/#website","url":"https:\/\/www.eldigitaldeasturias.com\/noticias\/","name":"El Digital de Asturias - Diario de actualidad y noticias","alternateName":"El Digital de Asturias - Diario de actualidad y noticias","description":"Hemeroteca","inLanguage":"es-ES","publisher":{"@id":"https:\/\/www.eldigitaldeasturias.com\/noticias\/#organization"}}]},"og:locale":"es_ES","og:site_name":"El Digital de Asturias","og:type":"article","og:title":"\u2018Maestros capacitados\u2019 replica al Gobierno que destinar un 8% de la facturaci\u00f3n a centros especiales no es mod\u00e9lico - El Digital de Asturias","og:description":"La asociaci\u00f3n 'Maestros capacitados', que representa a docentes con alg\u00fan tipo de discapacidad, ha salido este viernes al paso de las manifestaciones que realiz\u00f3 en el parlamento asturiano la consejera de Servicios y Derechos Sociales, Pilar Varela, quien ensalz\u00f3 los esfuerzos del Gobierno asturiano para fomentar el empleo en el colectivo. &quot;El hecho de que","og:url":"https:\/\/www.eldigitaldeasturias.com\/noticias\/maestros-capacitados-replica-al-gobierno-que-destinar-un-8-de-la-facturacion-a-centros-especiales-no-es-modelico\/","og:image":"https:\/\/www.eldigitaldeasturias.com\/noticias\/wp-content\/uploads\/2015\/08\/aula.jpg","og:image:secure_url":"https:\/\/www.eldigitaldeasturias.com\/noticias\/wp-content\/uploads\/2015\/08\/aula.jpg","og:image:width":800,"og:image:height":600,"article:tag":["actualidad asturias"],"article:published_time":"2016-09-16T13:37:55+00:00","article:modified_time":"2016-09-16T13:37:55+00:00","article:publisher":"https:\/\/facebook.com\/eldigitaldeasturias","twitter:card":"summary_large_image","twitter:title":"\u2018Maestros capacitados\u2019 replica al Gobierno que destinar un 8% de la facturaci\u00f3n a centros especiales no es mod\u00e9lico - El Digital de Asturias","twitter:description":"La asociaci\u00f3n 'Maestros capacitados', que representa a docentes con alg\u00fan tipo de discapacidad, ha salido este viernes al paso de las manifestaciones que realiz\u00f3 en el parlamento asturiano la consejera de Servicios y Derechos Sociales, Pilar Varela, quien ensalz\u00f3 los esfuerzos del Gobierno asturiano para fomentar el empleo en el colectivo. &quot;El hecho de que","twitter:image":"https:\/\/www.eldigitaldeasturias.com\/noticias\/wp-content\/uploads\/2015\/08\/aula.jpg","twitter:label1":"Escrito por","twitter:data1":"El Digital de Asturias","twitter:label2":"Tiempo de lectura estimado","twitter:data2":"1 minuto"},"aioseo_meta_data":{"post_id":"908002","title":null,"description":null,"keywords":null,"keyphrases":null,"primary_term":null,"canonical_url":null,"og_title":null,"og_description":null,"og_object_type":"default","og_image_type":"default","og_image_url":null,"og_image_width":null,"og_image_height":null,"og_image_custom_url":null,"og_image_custom_fields":null,"og_video":null,"og_custom_url":null,"og_article_section":null,"og_article_tags":null,"twitter_use_og":false,"twitter_card":"default","twitter_image_type":"default","twitter_image_url":null,"twitter_image_custom_url":null,"twitter_image_custom_fields":null,"twitter_title":null,"twitter_description":null,"schema":{"blockGraphs":[],"customGraphs":[],"default":{"data":{"Article":[],"Course":[],"Dataset":[],"FAQPage":[],"Movie":[],"Person":[],"Product":[],"ProductReview":[],"Car":[],"Recipe":[],"Service":[],"SoftwareApplication":[],"WebPage":[]},"graphName":"","isEnabled":true},"graphs":[],"defaultGraph":"","defaultPostTypeGraph":""},"schema_type":null,"schema_type_options":null,"pillar_content":false,"robots_default":true,"robots_noindex":false,"robots_noarchive":false,"robots_nosnippet":false,"robots_nofollow":false,"robots_noimageindex":false,"robots_noodp":false,"robots_notranslate":false,"robots_max_snippet":null,"robots_max_videopreview":null,"robots_max_imagepreview":"large","priority":null,"frequency":null,"local_seo":null,"seo_analyzer_scan_date":"2025-11-30 14:32:54","breadcrumb_settings":null,"limit_modified_date":false,"open_ai":null,"ai":null,"created":"2020-12-21 14:00:26","updated":"2025-11-30 14:32:54"},"aioseo_breadcrumb":"<div class=\"aioseo-breadcrumbs\"><span class=\"aioseo-breadcrumb\">\n\t<a href=\"https:\/\/www.eldigitaldeasturias.com\/noticias\" title=\"Home\">Home<\/a>\n<\/span><span class=\"aioseo-breadcrumb-separator\">\u2013<\/span><span class=\"aioseo-breadcrumb\">\n\t<a href=\"https:\/\/www.eldigitaldeasturias.com\/noticias\/category\/actualidad-asturias\/\" title=\"Actualidad Asturias\">Actualidad Asturias<\/a>\n<\/span><span class=\"aioseo-breadcrumb-separator\">\u2013<\/span><span class=\"aioseo-breadcrumb\">\n\t<a href=\"https:\/\/www.eldigitaldeasturias.com\/noticias\/maestros-capacitados-replica-al-gobierno-que-destinar-un-8-de-la-facturacion-a-centros-especiales-no-es-modelico\/\" title=\"\u2018Maestros capacitados\u2019 replica al Gobierno que destinar un 8% de la facturaci\u00f3n a centros especiales no es mod\u00e9lico\">\u2018Maestros capacitados\u2019 replica al Gobierno que destinar un 8% de la facturaci\u00f3n a centros especiales no es mod\u00e9lico<\/a>\n<\/span><\/div>","aioseo_breadcrumb_json":[{"label":"Home","link":"https:\/\/www.eldigitaldeasturias.com\/noticias"},{"label":"Actualidad Asturias","link":"https:\/\/www.eldigitaldeasturias.com\/noticias\/category\/actualidad-asturias\/"},{"label":"&#8216;Maestros capacitados&#8217; replica al Gobierno que destinar un 8% de la facturaci\u00f3n a centros especiales no es mod\u00e9lico","link":"https:\/\/www.eldigitaldeasturias.com\/noticias\/maestros-capacitados-replica-al-gobierno-que-destinar-un-8-de-la-facturacion-a-centros-especiales-no-es-modelico\/"}],"_links":{"self":[{"href":"https:\/\/www.eldigitaldeasturias.com\/noticias\/wp-json\/wp\/v2\/posts\/908002","targetHints":{"allow":["GET"]}}],"collection":[{"href":"https:\/\/www.eldigitaldeasturias.com\/noticias\/wp-json\/wp\/v2\/posts"}],"about":[{"href":"https:\/\/www.eldigitaldeasturias.com\/noticias\/wp-json\/wp\/v2\/types\/post"}],"author":[{"embeddable":true,"href":"https:\/\/www.eldigitaldeasturias.com\/noticias\/wp-json\/wp\/v2\/users\/1"}],"replies":[{"embeddable":true,"href":"https:\/\/www.eldigitaldeasturias.com\/noticias\/wp-json\/wp\/v2\/comments?post=908002"}],"version-history":[{"count":0,"href":"https:\/\/www.eldigitaldeasturias.com\/noticias\/wp-json\/wp\/v2\/posts\/908002\/revisions"}],"wp:featuredmedia":[{"embeddable":true,"href":"https:\/\/www.eldigitaldeasturias.com\/noticias\/wp-json\/wp\/v2\/media\/801268"}],"wp:attachment":[{"href":"https:\/\/www.eldigitaldeasturias.com\/noticias\/wp-json\/wp\/v2\/media?parent=908002"}],"wp:term":[{"taxonomy":"category","embeddable":true,"href":"https:\/\/www.eldigitaldeasturias.com\/noticias\/wp-json\/wp\/v2\/categories?post=908002"},{"taxonomy":"post_tag","embeddable":true,"href":"https:\/\/www.eldigitaldeasturias.com\/noticias\/wp-json\/wp\/v2\/tags?post=908002"}],"curies":[{"name":"wp","href":"https:\/\/api.w.org\/{rel}","templated":true}]}}