{"id":907994,"date":"2016-09-16T14:14:49","date_gmt":"2016-09-16T13:14:49","guid":{"rendered":"http:\/\/www.eldigitaldeasturias.com\/noticias\/?p=907994"},"modified":"2016-09-16T14:14:49","modified_gmt":"2016-09-16T13:14:49","slug":"el-consejo-de-ministros-aprobara-una-partida-para-la-conservacion-de-las-carreteras","status":"publish","type":"post","link":"https:\/\/www.eldigitaldeasturias.com\/noticias\/el-consejo-de-ministros-aprobara-una-partida-para-la-conservacion-de-las-carreteras\/","title":{"rendered":"El Consejo de Ministros aprobar\u00e1 una partida para la conservaci\u00f3n de las carreteras"},"content":{"rendered":"<p><img loading=\"lazy\" decoding=\"async\" class=\"alignleft size-medium wp-image-907995\" src=\"https:\/\/www.eldigitaldeasturias.com\/noticias\/wp-content\/uploads\/2016\/09\/fotonoticia_20160916090808_800-360x240.jpg\" alt=\"fotonoticia_20160916090808_800\" width=\"360\" height=\"240\" srcset=\"https:\/\/www.eldigitaldeasturias.com\/noticias\/wp-content\/uploads\/2016\/09\/fotonoticia_20160916090808_800-360x240.jpg 360w, https:\/\/www.eldigitaldeasturias.com\/noticias\/wp-content\/uploads\/2016\/09\/fotonoticia_20160916090808_800-768x512.jpg 768w, https:\/\/www.eldigitaldeasturias.com\/noticias\/wp-content\/uploads\/2016\/09\/fotonoticia_20160916090808_800-650x433.jpg 650w, https:\/\/www.eldigitaldeasturias.com\/noticias\/wp-content\/uploads\/2016\/09\/fotonoticia_20160916090808_800-84x55.jpg 84w, https:\/\/www.eldigitaldeasturias.com\/noticias\/wp-content\/uploads\/2016\/09\/fotonoticia_20160916090808_800-49x32.jpg 49w, https:\/\/www.eldigitaldeasturias.com\/noticias\/wp-content\/uploads\/2016\/09\/fotonoticia_20160916090808_800.jpg 800w\" sizes=\"auto, (max-width: 360px) 100vw, 360px\" \/>El Gobierno tiene previsto aprobar durante la reuni\u00f3n de este viernes del Consejo de Ministros una partida por valor de m\u00e1s de 115 millones de euros destinada a la conservaci\u00f3n de carreteras en varias provincias espa\u00f1olas .<\/p>\n<p>La reuni\u00f3n del Consejo de Ministros de este viernes estar\u00e1 presidida por la vicepresidenta en funciones, Soraya S\u00e1enz de Santamar\u00eda, ya que el jefe del Ejecutivo, Mariano Rajoy, asiste en Bratislava (Eslovaquia) a las sesiones de trabajo de la reuni\u00f3n de jefes de Estado y de Gobierno de pa\u00edses de la Uni\u00f3n Europea.<\/p>\n<p>En concreto, esa partida de m\u00e1s de 115 millones de euros se destinar\u00e1 a obras de conservaci\u00f3n en carreteras de Alicante, Asturias, Girona, Granada, Palencia y Valladolid. La pasada semana, el Gobierno aprob\u00f3 otros 110 millones de euros para conservaci\u00f3n de carreteras en Albacete, \u00c1vila, Guadalajara, La Rioja y Teruel.<\/p>\n<p>&nbsp;<\/p>\n<p>&nbsp;<\/p>\n","protected":false},"excerpt":{"rendered":"<p>El Gobierno tiene previsto aprobar durante la reuni\u00f3n de este viernes del Consejo de Ministros una partida por valor de m\u00e1s de 115 millones de euros destinada a la conservaci\u00f3n de carreteras en varias provincias espa\u00f1olas . La reuni\u00f3n del Consejo de Ministros de este viernes estar\u00e1 presidida por la vicepresidenta en funciones, Soraya S\u00e1enz [&hellip;]<\/p>\n","protected":false},"author":1,"featured_media":907995,"comment_status":"closed","ping_status":"closed","sticky":false,"template":"","format":"standard","meta":{"footnotes":""},"categories":[1],"tags":[],"class_list":["post-907994","post","type-post","status-publish","format-standard","has-post-thumbnail","hentry","category-actualidad"],"aioseo_notices":[],"aioseo_head":"\n\t\t<!-- All in One SEO Pro 4.9.6.2 - aioseo.com -->\n\t<meta name=\"description\" content=\"El Gobierno tiene previsto aprobar durante la reuni\u00f3n de este viernes del Consejo de Ministros una partida por valor de m\u00e1s de 115 millones de euros destinada a la conservaci\u00f3n de carreteras en varias provincias espa\u00f1olas . La reuni\u00f3n del Consejo de Ministros de este viernes estar\u00e1 presidida por la vicepresidenta en funciones, Soraya S\u00e1enz\" \/>\n\t<meta name=\"robots\" content=\"max-image-preview:large\" \/>\n\t<meta name=\"author\" content=\"El Digital de Asturias\"\/>\n\t<meta name=\"google-site-verification\" content=\"UA-38556648-1\" \/>\n\t<meta name=\"msvalidate.01\" content=\"7dfe9f3f1b24437ab69f4f2559babe99\" \/>\n\t<meta name=\"keywords\" content=\"actualidad\" \/>\n\t<link rel=\"canonical\" href=\"https:\/\/www.eldigitaldeasturias.com\/noticias\/el-consejo-de-ministros-aprobara-una-partida-para-la-conservacion-de-las-carreteras\/\" \/>\n\t<meta name=\"generator\" content=\"All in One SEO Pro (AIOSEO) 4.9.6.2\" \/>\n\t\t<meta property=\"og:locale\" content=\"es_ES\" \/>\n\t\t<meta property=\"og:site_name\" content=\"El Digital de Asturias\" \/>\n\t\t<meta property=\"og:type\" content=\"article\" \/>\n\t\t<meta property=\"og:title\" content=\"El Consejo de Ministros aprobar\u00e1 una partida para la conservaci\u00f3n de las carreteras - El Digital de Asturias\" \/>\n\t\t<meta property=\"og:description\" content=\"El Gobierno tiene previsto aprobar durante la reuni\u00f3n de este viernes del Consejo de Ministros una partida por valor de m\u00e1s de 115 millones de euros destinada a la conservaci\u00f3n de carreteras en varias provincias espa\u00f1olas . La reuni\u00f3n del Consejo de Ministros de este viernes estar\u00e1 presidida por la vicepresidenta en funciones, Soraya S\u00e1enz\" \/>\n\t\t<meta property=\"og:url\" content=\"https:\/\/www.eldigitaldeasturias.com\/noticias\/el-consejo-de-ministros-aprobara-una-partida-para-la-conservacion-de-las-carreteras\/\" \/>\n\t\t<meta property=\"og:image\" content=\"https:\/\/www.eldigitaldeasturias.com\/noticias\/wp-content\/uploads\/2016\/09\/fotonoticia_20160916090808_800.jpg\" \/>\n\t\t<meta property=\"og:image:secure_url\" content=\"https:\/\/www.eldigitaldeasturias.com\/noticias\/wp-content\/uploads\/2016\/09\/fotonoticia_20160916090808_800.jpg\" \/>\n\t\t<meta property=\"og:image:width\" content=\"800\" \/>\n\t\t<meta property=\"og:image:height\" content=\"533\" \/>\n\t\t<meta property=\"article:tag\" content=\"actualidad\" \/>\n\t\t<meta property=\"article:published_time\" content=\"2016-09-16T13:14:49+00:00\" \/>\n\t\t<meta property=\"article:modified_time\" content=\"2016-09-16T13:14:49+00:00\" \/>\n\t\t<meta property=\"article:publisher\" content=\"https:\/\/facebook.com\/eldigitaldeasturias\" \/>\n\t\t<meta name=\"twitter:card\" content=\"summary_large_image\" \/>\n\t\t<meta name=\"twitter:title\" content=\"El Consejo de Ministros aprobar\u00e1 una partida para la conservaci\u00f3n de las carreteras - El Digital de Asturias\" \/>\n\t\t<meta name=\"twitter:description\" content=\"El Gobierno tiene previsto aprobar durante la reuni\u00f3n de este viernes del Consejo de Ministros una partida por valor de m\u00e1s de 115 millones de euros destinada a la conservaci\u00f3n de carreteras en varias provincias espa\u00f1olas . La reuni\u00f3n del Consejo de Ministros de este viernes estar\u00e1 presidida por la vicepresidenta en funciones, Soraya S\u00e1enz\" \/>\n\t\t<meta name=\"twitter:image\" content=\"https:\/\/www.eldigitaldeasturias.com\/noticias\/wp-content\/uploads\/2016\/09\/fotonoticia_20160916090808_800.jpg\" \/>\n\t\t<meta name=\"twitter:label1\" content=\"Escrito por\" \/>\n\t\t<meta name=\"twitter:data1\" content=\"El Digital de Asturias\" \/>\n\t\t<meta name=\"twitter:label2\" content=\"Tiempo de lectura estimado\" \/>\n\t\t<meta name=\"twitter:data2\" content=\"1 minuto\" \/>\n\t\t<script type=\"application\/ld+json\" class=\"aioseo-schema\">\n\t\t\t{\"@context\":\"https:\\\/\\\/schema.org\",\"@graph\":[{\"@type\":\"BlogPosting\",\"@id\":\"https:\\\/\\\/www.eldigitaldeasturias.com\\\/noticias\\\/el-consejo-de-ministros-aprobara-una-partida-para-la-conservacion-de-las-carreteras\\\/#blogposting\",\"name\":\"El Consejo de Ministros aprobar\\u00e1 una partida para la conservaci\\u00f3n de las carreteras - El Digital de Asturias\",\"headline\":\"El Consejo de Ministros aprobar\\u00e1 una partida para la conservaci\\u00f3n de las carreteras\",\"author\":{\"@id\":\"https:\\\/\\\/www.eldigitaldeasturias.com\\\/noticias\\\/author\\\/admin\\\/#author\"},\"publisher\":{\"@id\":\"https:\\\/\\\/www.eldigitaldeasturias.com\\\/noticias\\\/#organization\"},\"image\":{\"@type\":\"ImageObject\",\"url\":\"https:\\\/\\\/www.eldigitaldeasturias.com\\\/noticias\\\/wp-content\\\/uploads\\\/2016\\\/09\\\/fotonoticia_20160916090808_800.jpg\",\"width\":800,\"height\":533},\"datePublished\":\"2016-09-16T14:14:49+02:00\",\"dateModified\":\"2016-09-16T14:14:49+02:00\",\"inLanguage\":\"es-ES\",\"mainEntityOfPage\":{\"@id\":\"https:\\\/\\\/www.eldigitaldeasturias.com\\\/noticias\\\/el-consejo-de-ministros-aprobara-una-partida-para-la-conservacion-de-las-carreteras\\\/#webpage\"},\"isPartOf\":{\"@id\":\"https:\\\/\\\/www.eldigitaldeasturias.com\\\/noticias\\\/el-consejo-de-ministros-aprobara-una-partida-para-la-conservacion-de-las-carreteras\\\/#webpage\"},\"articleSection\":\"Actualidad\"},{\"@type\":\"BreadcrumbList\",\"@id\":\"https:\\\/\\\/www.eldigitaldeasturias.com\\\/noticias\\\/el-consejo-de-ministros-aprobara-una-partida-para-la-conservacion-de-las-carreteras\\\/#breadcrumblist\",\"itemListElement\":[{\"@type\":\"ListItem\",\"@id\":\"https:\\\/\\\/www.eldigitaldeasturias.com\\\/noticias#listItem\",\"position\":1,\"name\":\"Home\",\"item\":\"https:\\\/\\\/www.eldigitaldeasturias.com\\\/noticias\",\"nextItem\":{\"@type\":\"ListItem\",\"@id\":\"https:\\\/\\\/www.eldigitaldeasturias.com\\\/noticias\\\/category\\\/actualidad\\\/#listItem\",\"name\":\"Actualidad\"}},{\"@type\":\"ListItem\",\"@id\":\"https:\\\/\\\/www.eldigitaldeasturias.com\\\/noticias\\\/category\\\/actualidad\\\/#listItem\",\"position\":2,\"name\":\"Actualidad\",\"item\":\"https:\\\/\\\/www.eldigitaldeasturias.com\\\/noticias\\\/category\\\/actualidad\\\/\",\"nextItem\":{\"@type\":\"ListItem\",\"@id\":\"https:\\\/\\\/www.eldigitaldeasturias.com\\\/noticias\\\/el-consejo-de-ministros-aprobara-una-partida-para-la-conservacion-de-las-carreteras\\\/#listItem\",\"name\":\"El Consejo de Ministros aprobar\\u00e1 una partida para la conservaci\\u00f3n de las carreteras\"},\"previousItem\":{\"@type\":\"ListItem\",\"@id\":\"https:\\\/\\\/www.eldigitaldeasturias.com\\\/noticias#listItem\",\"name\":\"Home\"}},{\"@type\":\"ListItem\",\"@id\":\"https:\\\/\\\/www.eldigitaldeasturias.com\\\/noticias\\\/el-consejo-de-ministros-aprobara-una-partida-para-la-conservacion-de-las-carreteras\\\/#listItem\",\"position\":3,\"name\":\"El Consejo de Ministros aprobar\\u00e1 una partida para la conservaci\\u00f3n de las carreteras\",\"previousItem\":{\"@type\":\"ListItem\",\"@id\":\"https:\\\/\\\/www.eldigitaldeasturias.com\\\/noticias\\\/category\\\/actualidad\\\/#listItem\",\"name\":\"Actualidad\"}}]},{\"@type\":\"Organization\",\"@id\":\"https:\\\/\\\/www.eldigitaldeasturias.com\\\/noticias\\\/#organization\",\"name\":\"El Digital de Asturias\",\"description\":\"Hemeroteca\",\"url\":\"https:\\\/\\\/www.eldigitaldeasturias.com\\\/noticias\\\/\",\"email\":\"info@eldigitaldeasturias.com\",\"telephone\":\"+34652131393\",\"logo\":{\"@type\":\"ImageObject\",\"url\":\"https:\\\/\\\/www.eldigitaldeasturias.com\\\/noticias\\\/wp-content\\\/uploads\\\/2020\\\/12\\\/EDA.jpg\",\"@id\":\"https:\\\/\\\/www.eldigitaldeasturias.com\\\/noticias\\\/el-consejo-de-ministros-aprobara-una-partida-para-la-conservacion-de-las-carreteras\\\/#organizationLogo\",\"width\":649,\"height\":297},\"image\":{\"@id\":\"https:\\\/\\\/www.eldigitaldeasturias.com\\\/noticias\\\/el-consejo-de-ministros-aprobara-una-partida-para-la-conservacion-de-las-carreteras\\\/#organizationLogo\"},\"sameAs\":[\"https:\\\/\\\/facebook.com\\\/eldigitaldeasturias\",\"https:\\\/\\\/www.youtube.com\\\/channel\\\/UCZP-2wLEB9Rv6erhFmqVnvg\"],\"address\":{\"@id\":\"https:\\\/\\\/www.eldigitaldeasturias.com\\\/noticias\\\/#postaladdress\",\"@type\":\"PostalAddress\",\"streetAddress\":\"san antonio 4,\",\"postalCode\":\"33430\",\"addressLocality\":\"Cand\\u00e1s\",\"addressRegion\":\"Asturias\",\"addressCountry\":\"ES\"}},{\"@type\":\"Person\",\"@id\":\"https:\\\/\\\/www.eldigitaldeasturias.com\\\/noticias\\\/author\\\/admin\\\/#author\",\"url\":\"https:\\\/\\\/www.eldigitaldeasturias.com\\\/noticias\\\/author\\\/admin\\\/\",\"name\":\"El Digital de Asturias\",\"image\":{\"@type\":\"ImageObject\",\"@id\":\"https:\\\/\\\/www.eldigitaldeasturias.com\\\/noticias\\\/el-consejo-de-ministros-aprobara-una-partida-para-la-conservacion-de-las-carreteras\\\/#authorImage\",\"url\":\"https:\\\/\\\/www.eldigitaldeasturias.com\\\/noticias\\\/wp-content\\\/litespeed\\\/avatar\\\/18677e78aa0546b92d9dbf31ec7d7668.jpg?ver=1776685526\",\"width\":96,\"height\":96,\"caption\":\"El Digital de Asturias\"}},{\"@type\":\"WebPage\",\"@id\":\"https:\\\/\\\/www.eldigitaldeasturias.com\\\/noticias\\\/el-consejo-de-ministros-aprobara-una-partida-para-la-conservacion-de-las-carreteras\\\/#webpage\",\"url\":\"https:\\\/\\\/www.eldigitaldeasturias.com\\\/noticias\\\/el-consejo-de-ministros-aprobara-una-partida-para-la-conservacion-de-las-carreteras\\\/\",\"name\":\"El Consejo de Ministros aprobar\\u00e1 una partida para la conservaci\\u00f3n de las carreteras - El Digital de Asturias\",\"description\":\"El Gobierno tiene previsto aprobar durante la reuni\\u00f3n de este viernes del Consejo de Ministros una partida por valor de m\\u00e1s de 115 millones de euros destinada a la conservaci\\u00f3n de carreteras en varias provincias espa\\u00f1olas . La reuni\\u00f3n del Consejo de Ministros de este viernes estar\\u00e1 presidida por la vicepresidenta en funciones, Soraya S\\u00e1enz\",\"inLanguage\":\"es-ES\",\"isPartOf\":{\"@id\":\"https:\\\/\\\/www.eldigitaldeasturias.com\\\/noticias\\\/#website\"},\"breadcrumb\":{\"@id\":\"https:\\\/\\\/www.eldigitaldeasturias.com\\\/noticias\\\/el-consejo-de-ministros-aprobara-una-partida-para-la-conservacion-de-las-carreteras\\\/#breadcrumblist\"},\"author\":{\"@id\":\"https:\\\/\\\/www.eldigitaldeasturias.com\\\/noticias\\\/author\\\/admin\\\/#author\"},\"creator\":{\"@id\":\"https:\\\/\\\/www.eldigitaldeasturias.com\\\/noticias\\\/author\\\/admin\\\/#author\"},\"image\":{\"@type\":\"ImageObject\",\"url\":\"https:\\\/\\\/www.eldigitaldeasturias.com\\\/noticias\\\/wp-content\\\/uploads\\\/2016\\\/09\\\/fotonoticia_20160916090808_800.jpg\",\"@id\":\"https:\\\/\\\/www.eldigitaldeasturias.com\\\/noticias\\\/el-consejo-de-ministros-aprobara-una-partida-para-la-conservacion-de-las-carreteras\\\/#mainImage\",\"width\":800,\"height\":533},\"primaryImageOfPage\":{\"@id\":\"https:\\\/\\\/www.eldigitaldeasturias.com\\\/noticias\\\/el-consejo-de-ministros-aprobara-una-partida-para-la-conservacion-de-las-carreteras\\\/#mainImage\"},\"datePublished\":\"2016-09-16T14:14:49+02:00\",\"dateModified\":\"2016-09-16T14:14:49+02:00\"},{\"@type\":\"WebSite\",\"@id\":\"https:\\\/\\\/www.eldigitaldeasturias.com\\\/noticias\\\/#website\",\"url\":\"https:\\\/\\\/www.eldigitaldeasturias.com\\\/noticias\\\/\",\"name\":\"El Digital de Asturias - Diario de actualidad y noticias\",\"alternateName\":\"El Digital de Asturias - Diario de actualidad y noticias\",\"description\":\"Hemeroteca\",\"inLanguage\":\"es-ES\",\"publisher\":{\"@id\":\"https:\\\/\\\/www.eldigitaldeasturias.com\\\/noticias\\\/#organization\"}}]}\n\t\t<\/script>\n\t\t<!-- All in One SEO Pro -->\r\n\t\t<title>El Consejo de Ministros aprobar\u00e1 una partida para la conservaci\u00f3n de las carreteras - El Digital de Asturias<\/title>\n\n","aioseo_head_json":{"title":"El Consejo de Ministros aprobar\u00e1 una partida para la conservaci\u00f3n de las carreteras - El Digital de Asturias","description":"El Gobierno tiene previsto aprobar durante la reuni\u00f3n de este viernes del Consejo de Ministros una partida por valor de m\u00e1s de 115 millones de euros destinada a la conservaci\u00f3n de carreteras en varias provincias espa\u00f1olas . La reuni\u00f3n del Consejo de Ministros de este viernes estar\u00e1 presidida por la vicepresidenta en funciones, Soraya S\u00e1enz","canonical_url":"https:\/\/www.eldigitaldeasturias.com\/noticias\/el-consejo-de-ministros-aprobara-una-partida-para-la-conservacion-de-las-carreteras\/","robots":"max-image-preview:large","keywords":"actualidad","webmasterTools":{"google-site-verification":"UA-38556648-1","msvalidate.01":"7dfe9f3f1b24437ab69f4f2559babe99","miscellaneous":""},"schema":{"@context":"https:\/\/schema.org","@graph":[{"@type":"BlogPosting","@id":"https:\/\/www.eldigitaldeasturias.com\/noticias\/el-consejo-de-ministros-aprobara-una-partida-para-la-conservacion-de-las-carreteras\/#blogposting","name":"El Consejo de Ministros aprobar\u00e1 una partida para la conservaci\u00f3n de las carreteras - El Digital de Asturias","headline":"El Consejo de Ministros aprobar\u00e1 una partida para la conservaci\u00f3n de las carreteras","author":{"@id":"https:\/\/www.eldigitaldeasturias.com\/noticias\/author\/admin\/#author"},"publisher":{"@id":"https:\/\/www.eldigitaldeasturias.com\/noticias\/#organization"},"image":{"@type":"ImageObject","url":"https:\/\/www.eldigitaldeasturias.com\/noticias\/wp-content\/uploads\/2016\/09\/fotonoticia_20160916090808_800.jpg","width":800,"height":533},"datePublished":"2016-09-16T14:14:49+02:00","dateModified":"2016-09-16T14:14:49+02:00","inLanguage":"es-ES","mainEntityOfPage":{"@id":"https:\/\/www.eldigitaldeasturias.com\/noticias\/el-consejo-de-ministros-aprobara-una-partida-para-la-conservacion-de-las-carreteras\/#webpage"},"isPartOf":{"@id":"https:\/\/www.eldigitaldeasturias.com\/noticias\/el-consejo-de-ministros-aprobara-una-partida-para-la-conservacion-de-las-carreteras\/#webpage"},"articleSection":"Actualidad"},{"@type":"BreadcrumbList","@id":"https:\/\/www.eldigitaldeasturias.com\/noticias\/el-consejo-de-ministros-aprobara-una-partida-para-la-conservacion-de-las-carreteras\/#breadcrumblist","itemListElement":[{"@type":"ListItem","@id":"https:\/\/www.eldigitaldeasturias.com\/noticias#listItem","position":1,"name":"Home","item":"https:\/\/www.eldigitaldeasturias.com\/noticias","nextItem":{"@type":"ListItem","@id":"https:\/\/www.eldigitaldeasturias.com\/noticias\/category\/actualidad\/#listItem","name":"Actualidad"}},{"@type":"ListItem","@id":"https:\/\/www.eldigitaldeasturias.com\/noticias\/category\/actualidad\/#listItem","position":2,"name":"Actualidad","item":"https:\/\/www.eldigitaldeasturias.com\/noticias\/category\/actualidad\/","nextItem":{"@type":"ListItem","@id":"https:\/\/www.eldigitaldeasturias.com\/noticias\/el-consejo-de-ministros-aprobara-una-partida-para-la-conservacion-de-las-carreteras\/#listItem","name":"El Consejo de Ministros aprobar\u00e1 una partida para la conservaci\u00f3n de las carreteras"},"previousItem":{"@type":"ListItem","@id":"https:\/\/www.eldigitaldeasturias.com\/noticias#listItem","name":"Home"}},{"@type":"ListItem","@id":"https:\/\/www.eldigitaldeasturias.com\/noticias\/el-consejo-de-ministros-aprobara-una-partida-para-la-conservacion-de-las-carreteras\/#listItem","position":3,"name":"El Consejo de Ministros aprobar\u00e1 una partida para la conservaci\u00f3n de las carreteras","previousItem":{"@type":"ListItem","@id":"https:\/\/www.eldigitaldeasturias.com\/noticias\/category\/actualidad\/#listItem","name":"Actualidad"}}]},{"@type":"Organization","@id":"https:\/\/www.eldigitaldeasturias.com\/noticias\/#organization","name":"El Digital de Asturias","description":"Hemeroteca","url":"https:\/\/www.eldigitaldeasturias.com\/noticias\/","email":"info@eldigitaldeasturias.com","telephone":"+34652131393","logo":{"@type":"ImageObject","url":"https:\/\/www.eldigitaldeasturias.com\/noticias\/wp-content\/uploads\/2020\/12\/EDA.jpg","@id":"https:\/\/www.eldigitaldeasturias.com\/noticias\/el-consejo-de-ministros-aprobara-una-partida-para-la-conservacion-de-las-carreteras\/#organizationLogo","width":649,"height":297},"image":{"@id":"https:\/\/www.eldigitaldeasturias.com\/noticias\/el-consejo-de-ministros-aprobara-una-partida-para-la-conservacion-de-las-carreteras\/#organizationLogo"},"sameAs":["https:\/\/facebook.com\/eldigitaldeasturias","https:\/\/www.youtube.com\/channel\/UCZP-2wLEB9Rv6erhFmqVnvg"],"address":{"@id":"https:\/\/www.eldigitaldeasturias.com\/noticias\/#postaladdress","@type":"PostalAddress","streetAddress":"san antonio 4,","postalCode":"33430","addressLocality":"Cand\u00e1s","addressRegion":"Asturias","addressCountry":"ES"}},{"@type":"Person","@id":"https:\/\/www.eldigitaldeasturias.com\/noticias\/author\/admin\/#author","url":"https:\/\/www.eldigitaldeasturias.com\/noticias\/author\/admin\/","name":"El Digital de Asturias","image":{"@type":"ImageObject","@id":"https:\/\/www.eldigitaldeasturias.com\/noticias\/el-consejo-de-ministros-aprobara-una-partida-para-la-conservacion-de-las-carreteras\/#authorImage","url":"https:\/\/www.eldigitaldeasturias.com\/noticias\/wp-content\/litespeed\/avatar\/18677e78aa0546b92d9dbf31ec7d7668.jpg?ver=1776685526","width":96,"height":96,"caption":"El Digital de Asturias"}},{"@type":"WebPage","@id":"https:\/\/www.eldigitaldeasturias.com\/noticias\/el-consejo-de-ministros-aprobara-una-partida-para-la-conservacion-de-las-carreteras\/#webpage","url":"https:\/\/www.eldigitaldeasturias.com\/noticias\/el-consejo-de-ministros-aprobara-una-partida-para-la-conservacion-de-las-carreteras\/","name":"El Consejo de Ministros aprobar\u00e1 una partida para la conservaci\u00f3n de las carreteras - El Digital de Asturias","description":"El Gobierno tiene previsto aprobar durante la reuni\u00f3n de este viernes del Consejo de Ministros una partida por valor de m\u00e1s de 115 millones de euros destinada a la conservaci\u00f3n de carreteras en varias provincias espa\u00f1olas . La reuni\u00f3n del Consejo de Ministros de este viernes estar\u00e1 presidida por la vicepresidenta en funciones, Soraya S\u00e1enz","inLanguage":"es-ES","isPartOf":{"@id":"https:\/\/www.eldigitaldeasturias.com\/noticias\/#website"},"breadcrumb":{"@id":"https:\/\/www.eldigitaldeasturias.com\/noticias\/el-consejo-de-ministros-aprobara-una-partida-para-la-conservacion-de-las-carreteras\/#breadcrumblist"},"author":{"@id":"https:\/\/www.eldigitaldeasturias.com\/noticias\/author\/admin\/#author"},"creator":{"@id":"https:\/\/www.eldigitaldeasturias.com\/noticias\/author\/admin\/#author"},"image":{"@type":"ImageObject","url":"https:\/\/www.eldigitaldeasturias.com\/noticias\/wp-content\/uploads\/2016\/09\/fotonoticia_20160916090808_800.jpg","@id":"https:\/\/www.eldigitaldeasturias.com\/noticias\/el-consejo-de-ministros-aprobara-una-partida-para-la-conservacion-de-las-carreteras\/#mainImage","width":800,"height":533},"primaryImageOfPage":{"@id":"https:\/\/www.eldigitaldeasturias.com\/noticias\/el-consejo-de-ministros-aprobara-una-partida-para-la-conservacion-de-las-carreteras\/#mainImage"},"datePublished":"2016-09-16T14:14:49+02:00","dateModified":"2016-09-16T14:14:49+02:00"},{"@type":"WebSite","@id":"https:\/\/www.eldigitaldeasturias.com\/noticias\/#website","url":"https:\/\/www.eldigitaldeasturias.com\/noticias\/","name":"El Digital de Asturias - Diario de actualidad y noticias","alternateName":"El Digital de Asturias - Diario de actualidad y noticias","description":"Hemeroteca","inLanguage":"es-ES","publisher":{"@id":"https:\/\/www.eldigitaldeasturias.com\/noticias\/#organization"}}]},"og:locale":"es_ES","og:site_name":"El Digital de Asturias","og:type":"article","og:title":"El Consejo de Ministros aprobar\u00e1 una partida para la conservaci\u00f3n de las carreteras - El Digital de Asturias","og:description":"El Gobierno tiene previsto aprobar durante la reuni\u00f3n de este viernes del Consejo de Ministros una partida por valor de m\u00e1s de 115 millones de euros destinada a la conservaci\u00f3n de carreteras en varias provincias espa\u00f1olas . La reuni\u00f3n del Consejo de Ministros de este viernes estar\u00e1 presidida por la vicepresidenta en funciones, Soraya S\u00e1enz","og:url":"https:\/\/www.eldigitaldeasturias.com\/noticias\/el-consejo-de-ministros-aprobara-una-partida-para-la-conservacion-de-las-carreteras\/","og:image":"https:\/\/www.eldigitaldeasturias.com\/noticias\/wp-content\/uploads\/2016\/09\/fotonoticia_20160916090808_800.jpg","og:image:secure_url":"https:\/\/www.eldigitaldeasturias.com\/noticias\/wp-content\/uploads\/2016\/09\/fotonoticia_20160916090808_800.jpg","og:image:width":800,"og:image:height":533,"article:tag":["actualidad"],"article:published_time":"2016-09-16T13:14:49+00:00","article:modified_time":"2016-09-16T13:14:49+00:00","article:publisher":"https:\/\/facebook.com\/eldigitaldeasturias","twitter:card":"summary_large_image","twitter:title":"El Consejo de Ministros aprobar\u00e1 una partida para la conservaci\u00f3n de las carreteras - El Digital de Asturias","twitter:description":"El Gobierno tiene previsto aprobar durante la reuni\u00f3n de este viernes del Consejo de Ministros una partida por valor de m\u00e1s de 115 millones de euros destinada a la conservaci\u00f3n de carreteras en varias provincias espa\u00f1olas . La reuni\u00f3n del Consejo de Ministros de este viernes estar\u00e1 presidida por la vicepresidenta en funciones, Soraya S\u00e1enz","twitter:image":"https:\/\/www.eldigitaldeasturias.com\/noticias\/wp-content\/uploads\/2016\/09\/fotonoticia_20160916090808_800.jpg","twitter:label1":"Escrito por","twitter:data1":"El Digital de Asturias","twitter:label2":"Tiempo de lectura estimado","twitter:data2":"1 minuto"},"aioseo_meta_data":{"post_id":"907994","title":null,"description":null,"keywords":null,"keyphrases":null,"primary_term":null,"canonical_url":null,"og_title":null,"og_description":null,"og_object_type":"default","og_image_type":"default","og_image_url":null,"og_image_width":null,"og_image_height":null,"og_image_custom_url":null,"og_image_custom_fields":null,"og_video":null,"og_custom_url":null,"og_article_section":null,"og_article_tags":null,"twitter_use_og":false,"twitter_card":"default","twitter_image_type":"default","twitter_image_url":null,"twitter_image_custom_url":null,"twitter_image_custom_fields":null,"twitter_title":null,"twitter_description":null,"schema":{"blockGraphs":[],"customGraphs":[],"default":{"data":{"Article":[],"Course":[],"Dataset":[],"FAQPage":[],"Movie":[],"Person":[],"Product":[],"ProductReview":[],"Car":[],"Recipe":[],"Service":[],"SoftwareApplication":[],"WebPage":[]},"graphName":"","isEnabled":true},"graphs":[],"defaultGraph":"","defaultPostTypeGraph":""},"schema_type":null,"schema_type_options":null,"pillar_content":false,"robots_default":true,"robots_noindex":false,"robots_noarchive":false,"robots_nosnippet":false,"robots_nofollow":false,"robots_noimageindex":false,"robots_noodp":false,"robots_notranslate":false,"robots_max_snippet":null,"robots_max_videopreview":null,"robots_max_imagepreview":"large","priority":null,"frequency":null,"local_seo":null,"seo_analyzer_scan_date":"2025-11-30 14:29:14","breadcrumb_settings":null,"limit_modified_date":false,"open_ai":null,"ai":null,"created":"2020-12-21 14:00:26","updated":"2025-11-30 14:29:14"},"aioseo_breadcrumb":"<div class=\"aioseo-breadcrumbs\"><span class=\"aioseo-breadcrumb\">\n\t<a href=\"https:\/\/www.eldigitaldeasturias.com\/noticias\" title=\"Home\">Home<\/a>\n<\/span><span class=\"aioseo-breadcrumb-separator\">\u2013<\/span><span class=\"aioseo-breadcrumb\">\n\t<a href=\"https:\/\/www.eldigitaldeasturias.com\/noticias\/category\/actualidad\/\" title=\"Actualidad\">Actualidad<\/a>\n<\/span><span class=\"aioseo-breadcrumb-separator\">\u2013<\/span><span class=\"aioseo-breadcrumb\">\n\t<a href=\"https:\/\/www.eldigitaldeasturias.com\/noticias\/el-consejo-de-ministros-aprobara-una-partida-para-la-conservacion-de-las-carreteras\/\" title=\"El Consejo de Ministros aprobar\u00e1 una partida para la conservaci\u00f3n de las carreteras\">El Consejo de Ministros aprobar\u00e1 una partida para la conservaci\u00f3n de las carreteras<\/a>\n<\/span><\/div>","aioseo_breadcrumb_json":[{"label":"Home","link":"https:\/\/www.eldigitaldeasturias.com\/noticias"},{"label":"Actualidad","link":"https:\/\/www.eldigitaldeasturias.com\/noticias\/category\/actualidad\/"},{"label":"El Consejo de Ministros aprobar\u00e1 una partida para la conservaci\u00f3n de las carreteras","link":"https:\/\/www.eldigitaldeasturias.com\/noticias\/el-consejo-de-ministros-aprobara-una-partida-para-la-conservacion-de-las-carreteras\/"}],"_links":{"self":[{"href":"https:\/\/www.eldigitaldeasturias.com\/noticias\/wp-json\/wp\/v2\/posts\/907994","targetHints":{"allow":["GET"]}}],"collection":[{"href":"https:\/\/www.eldigitaldeasturias.com\/noticias\/wp-json\/wp\/v2\/posts"}],"about":[{"href":"https:\/\/www.eldigitaldeasturias.com\/noticias\/wp-json\/wp\/v2\/types\/post"}],"author":[{"embeddable":true,"href":"https:\/\/www.eldigitaldeasturias.com\/noticias\/wp-json\/wp\/v2\/users\/1"}],"replies":[{"embeddable":true,"href":"https:\/\/www.eldigitaldeasturias.com\/noticias\/wp-json\/wp\/v2\/comments?post=907994"}],"version-history":[{"count":0,"href":"https:\/\/www.eldigitaldeasturias.com\/noticias\/wp-json\/wp\/v2\/posts\/907994\/revisions"}],"wp:featuredmedia":[{"embeddable":true,"href":"https:\/\/www.eldigitaldeasturias.com\/noticias\/wp-json\/wp\/v2\/media\/907995"}],"wp:attachment":[{"href":"https:\/\/www.eldigitaldeasturias.com\/noticias\/wp-json\/wp\/v2\/media?parent=907994"}],"wp:term":[{"taxonomy":"category","embeddable":true,"href":"https:\/\/www.eldigitaldeasturias.com\/noticias\/wp-json\/wp\/v2\/categories?post=907994"},{"taxonomy":"post_tag","embeddable":true,"href":"https:\/\/www.eldigitaldeasturias.com\/noticias\/wp-json\/wp\/v2\/tags?post=907994"}],"curies":[{"name":"wp","href":"https:\/\/api.w.org\/{rel}","templated":true}]}}